{"id":26627,"date":"2026-04-29T16:28:59","date_gmt":"2026-04-29T16:28:59","guid":{"rendered":"https:\/\/www.centrocliniconemo.it\/blog\/?p=26627"},"modified":"2026-04-29T16:31:23","modified_gmt":"2026-04-29T16:31:23","slug":"ssc-napoli-centro-clinico-nemo-napoli","status":"publish","type":"post","link":"https:\/\/www.centrocliniconemo.it\/en\/blog\/ssc-napoli-centro-clinico-nemo-napoli\/","title":{"rendered":"SSC NAPOLI AL FIANCO DEL CENTRO CLINICO NEMO NAPOLI"},"content":{"rendered":"\n<p><strong>Una collaborazione per rafforzare il legame con la citt\u00e0 e promuovere, attraverso lo sport, una cultura della cura e della partecipazione.<\/strong><\/p>\n\n\n\n<p>Napoli, 29 aprile 2026 \u2013 Il SSC Napoli annuncia l\u2019avvio di un accordo di responsabilit\u00e0 sociale con il Centro Clinico NeMO Napoli, punto di riferimento per la presa in carico delle malattie neuromuscolari e neurodegenerative.<\/p>\n\n\n\n<p>La collaborazione nasce con l\u2019obiettivo di promuovere iniziative di sensibilizzazione e partecipazione sociale, coinvolgendo pazienti, famiglie e professionisti del Centro. Un percorso che rafforza il legame con la comunit\u00e0 e con la citt\u00e0, anche attraverso uno dei suoi simboli pi\u00f9 riconosciuti.<\/p>\n\n\n\n<p>Il Centro Clinico NeMO Napoli segue persone con patologie complesse come SLA, SMA, distrofie muscolari, miopatie, neuropatie e altre patologie neuromuscolari attraverso un modello multidisciplinare che integra competenze cliniche, assistenziali e sociali, accompagnando la persona lungo tutto il percorso di cura.<\/p>\n\n\n\n<p>In questo quadro, la collaborazione con il Club rappresenta un\u2019opportunit\u00e0 per avvicinare mondi apparentemente lontani e costruire nuove forme di partecipazione. Come sottolinea <strong>Tommaso Bianchini<\/strong>, Direttore Generale Area Business di SSC Napoli: <em>\u201cQuesta collaborazione ci permette di avvicinare la comunit\u00e0 di SSC Napoli al lavoro dei Centri Clinici NeMO e alle persone che ogni giorno ne fanno parte: pazienti, famiglie e operatori. Vogliamo contribuire a far conoscere meglio una realt\u00e0 importante del nostro territorio e sostenere, attraverso il Club, un progetto serio e vicino alle persone\u201d.<\/em><\/p>\n\n\n\n<p>Un percorso che nasce da una scelta condivisa e da una responsabilit\u00e0 comune verso la comunit\u00e0. In questo senso, <strong>Paolo Lamperti,<\/strong> Direttore Generale del Centro Clinico NeMO, evidenzia: <em>\u201cRingraziamo SSC Napoli per aver scelto di avviare questo percorso al nostro fianco. NeMO e la citt\u00e0 condividono molto pi\u00f9 della vicinanza geografica, sono parte della stessa identit\u00e0 e dello stesso tessuto sociale, che trova nella passione per lo sport e nel Napoli un simbolo capace di unire. In questo incontro tra esperienze diverse si costruisce valore reale, mettendo insieme competenze e visioni per trasformare la complessit\u00e0 in opportunit\u00e0 e generare un impatto concreto per la comunit\u00e0.\u201d<\/em><\/p>\n\n\n\n<p>L\u2019accordo prevede lo sviluppo di attivit\u00e0 condivise, capaci di avvicinare pubblici diversi a temi che riguardano la qualit\u00e0 della vita e la responsabilit\u00e0 collettiva. Lo sport diventa cos\u00ec uno strumento per generare attenzione e partecipazione attorno a esperienze di cura che ogni giorno coinvolgono pazienti e famiglie.<\/p>\n\n\n\n<p>L\u2019iniziativa si inserisce in una visione che riconosce nelle alleanze tra realt\u00e0 diverse una leva per costruire comunit\u00e0 e rendere la cura sempre pi\u00f9 accessibile e condivisa.<\/p>\n\n\n\n<figure class=\"wp-block-image size-large is-resized\"><img fetchpriority=\"high\" decoding=\"async\" width=\"1024\" height=\"768\" src=\"https:\/\/www.centrocliniconemo.it\/wp-content\/uploads\/2026\/04\/foto-napoli-nemo1-1024x768.jpg\" alt=\"\" class=\"wp-image-26630\" style=\"width:653px;height:auto\" srcset=\"https:\/\/www.centrocliniconemo.it\/wp-content\/uploads\/2026\/04\/foto-napoli-nemo1-1024x768.jpg 1024w, https:\/\/www.centrocliniconemo.it\/wp-content\/uploads\/2026\/04\/foto-napoli-nemo1-300x225.jpg 300w, https:\/\/www.centrocliniconemo.it\/wp-content\/uploads\/2026\/04\/foto-napoli-nemo1-768x576.jpg 768w, https:\/\/www.centrocliniconemo.it\/wp-content\/uploads\/2026\/04\/foto-napoli-nemo1-1536x1152.jpg 1536w, https:\/\/www.centrocliniconemo.it\/wp-content\/uploads\/2026\/04\/foto-napoli-nemo1.jpg 1600w\" sizes=\"(max-width: 1024px) 100vw, 1024px\" \/><\/figure>\n\n\n\n<p><\/p>\n","protected":false},"excerpt":{"rendered":"<p>Una collaborazione per rafforzare il legame con la citt\u00e0 e promuovere, attraverso lo sport, una cultura della cura e della partecipazione. Napoli, 29 aprile 2026 \u2013 Il SSC Napoli annuncia l\u2019avvio di un accordo di responsabilit\u00e0 sociale con il Centro Clinico NeMO Napoli, punto di riferimento per la presa in carico delle malattie neuromuscolari e [&hellip;]<\/p>\n","protected":false},"author":3,"featured_media":26628,"comment_status":"closed","ping_status":"closed","sticky":false,"template":"","format":"standard","meta":{"pgc_sgb_lightbox_settings":"","footnotes":""},"categories":[1],"tags":[30],"class_list":["post-26627","post","type-post","status-publish","format-standard","has-post-thumbnail","hentry","category-storie-di-nemo","tag-nemo-napoli"],"yoast_head":"<!-- This site is optimized with the Yoast SEO plugin v27.4 - https:\/\/yoast.com\/product\/yoast-seo-wordpress\/ -->\n<title>SSC NAPOLI AL FIANCO DEL CENTRO CLINICO NEMO NAPOLI - Centro Clinico NeMO<\/title>\n<meta name=\"description\" content=\"Al via la collaborazione tra SSC Napoli e Centro Clinico NeMO Napoli per promuovere sensibilizzazione, partecipazione e valore per la comunit\u00e0 attraverso lo sport.\" \/>\n<meta name=\"robots\" content=\"index, follow, max-snippet:-1, max-image-preview:large, max-video-preview:-1\" \/>\n<link rel=\"canonical\" href=\"https:\/\/www.centrocliniconemo.it\/en\/blog\/ssc-napoli-centro-clinico-nemo-napoli\/\" \/>\n<meta property=\"og:locale\" content=\"en_US\" \/>\n<meta property=\"og:type\" content=\"article\" \/>\n<meta property=\"og:title\" content=\"SSC NAPOLI AL FIANCO DEL CENTRO CLINICO NEMO NAPOLI - Centro Clinico NeMO\" \/>\n<meta property=\"og:description\" content=\"Al via la collaborazione tra SSC Napoli e Centro Clinico NeMO Napoli per promuovere sensibilizzazione, partecipazione e valore per la comunit\u00e0 attraverso lo sport.\" \/>\n<meta property=\"og:url\" content=\"https:\/\/www.centrocliniconemo.it\/en\/blog\/ssc-napoli-centro-clinico-nemo-napoli\/\" \/>\n<meta property=\"og:site_name\" content=\"Centro Clinico NeMO\" \/>\n<meta property=\"article:publisher\" content=\"https:\/\/www.facebook.com\/CentroNEMOItalia\" \/>\n<meta property=\"article:published_time\" content=\"2026-04-29T16:28:59+00:00\" \/>\n<meta property=\"article:modified_time\" content=\"2026-04-29T16:31:23+00:00\" \/>\n<meta property=\"og:image\" content=\"https:\/\/www.centrocliniconemo.it\/wp-content\/uploads\/2026\/04\/foto-napoli-nemo2.jpg.jpeg\" \/>\n\t<meta property=\"og:image:width\" content=\"1920\" \/>\n\t<meta property=\"og:image:height\" content=\"1080\" \/>\n\t<meta property=\"og:image:type\" content=\"image\/jpeg\" \/>\n<meta name=\"author\" content=\"Paola Tomasi\" \/>\n<meta name=\"twitter:card\" content=\"summary_large_image\" \/>\n<meta name=\"twitter:creator\" content=\"@CentroNemo\" \/>\n<meta name=\"twitter:site\" content=\"@CentroNemo\" \/>\n<meta name=\"twitter:label1\" content=\"Written by\" \/>\n\t<meta name=\"twitter:data1\" content=\"Paola Tomasi\" \/>\n\t<meta name=\"twitter:label2\" content=\"Est. reading time\" \/>\n\t<meta name=\"twitter:data2\" content=\"3 minutes\" \/>\n<script type=\"application\/ld+json\" class=\"yoast-schema-graph\">{\"@context\":\"https:\\\/\\\/schema.org\",\"@graph\":[{\"@type\":\"Article\",\"@id\":\"https:\\\/\\\/www.centrocliniconemo.it\\\/en\\\/blog\\\/ssc-napoli-centro-clinico-nemo-napoli\\\/#article\",\"isPartOf\":{\"@id\":\"https:\\\/\\\/www.centrocliniconemo.it\\\/en\\\/blog\\\/ssc-napoli-centro-clinico-nemo-napoli\\\/\"},\"author\":{\"name\":\"Paola Tomasi\",\"@id\":\"https:\\\/\\\/www.centrocliniconemo.it\\\/en\\\/#\\\/schema\\\/person\\\/23b904ba18a16bb7b114b1f59642792e\"},\"headline\":\"SSC NAPOLI AL FIANCO DEL CENTRO CLINICO NEMO NAPOLI\",\"datePublished\":\"2026-04-29T16:28:59+00:00\",\"dateModified\":\"2026-04-29T16:31:23+00:00\",\"mainEntityOfPage\":{\"@id\":\"https:\\\/\\\/www.centrocliniconemo.it\\\/en\\\/blog\\\/ssc-napoli-centro-clinico-nemo-napoli\\\/\"},\"wordCount\":414,\"publisher\":{\"@id\":\"https:\\\/\\\/www.centrocliniconemo.it\\\/en\\\/#organization\"},\"image\":{\"@id\":\"https:\\\/\\\/www.centrocliniconemo.it\\\/en\\\/blog\\\/ssc-napoli-centro-clinico-nemo-napoli\\\/#primaryimage\"},\"thumbnailUrl\":\"https:\\\/\\\/www.centrocliniconemo.it\\\/wp-content\\\/uploads\\\/2026\\\/04\\\/foto-napoli-nemo2.jpg.jpeg\",\"keywords\":[\"NeMO Napoli\"],\"articleSection\":[\"Storie di NeMO\"],\"inLanguage\":\"en-US\"},{\"@type\":\"WebPage\",\"@id\":\"https:\\\/\\\/www.centrocliniconemo.it\\\/en\\\/blog\\\/ssc-napoli-centro-clinico-nemo-napoli\\\/\",\"url\":\"https:\\\/\\\/www.centrocliniconemo.it\\\/en\\\/blog\\\/ssc-napoli-centro-clinico-nemo-napoli\\\/\",\"name\":\"SSC NAPOLI AL FIANCO DEL CENTRO CLINICO NEMO NAPOLI - Centro Clinico NeMO\",\"isPartOf\":{\"@id\":\"https:\\\/\\\/www.centrocliniconemo.it\\\/en\\\/#website\"},\"primaryImageOfPage\":{\"@id\":\"https:\\\/\\\/www.centrocliniconemo.it\\\/en\\\/blog\\\/ssc-napoli-centro-clinico-nemo-napoli\\\/#primaryimage\"},\"image\":{\"@id\":\"https:\\\/\\\/www.centrocliniconemo.it\\\/en\\\/blog\\\/ssc-napoli-centro-clinico-nemo-napoli\\\/#primaryimage\"},\"thumbnailUrl\":\"https:\\\/\\\/www.centrocliniconemo.it\\\/wp-content\\\/uploads\\\/2026\\\/04\\\/foto-napoli-nemo2.jpg.jpeg\",\"datePublished\":\"2026-04-29T16:28:59+00:00\",\"dateModified\":\"2026-04-29T16:31:23+00:00\",\"description\":\"Al via la collaborazione tra SSC Napoli e Centro Clinico NeMO Napoli per promuovere sensibilizzazione, partecipazione e valore per la comunit\u00e0 attraverso lo sport.\",\"breadcrumb\":{\"@id\":\"https:\\\/\\\/www.centrocliniconemo.it\\\/en\\\/blog\\\/ssc-napoli-centro-clinico-nemo-napoli\\\/#breadcrumb\"},\"inLanguage\":\"en-US\",\"potentialAction\":[{\"@type\":\"ReadAction\",\"target\":[\"https:\\\/\\\/www.centrocliniconemo.it\\\/en\\\/blog\\\/ssc-napoli-centro-clinico-nemo-napoli\\\/\"]}]},{\"@type\":\"ImageObject\",\"inLanguage\":\"en-US\",\"@id\":\"https:\\\/\\\/www.centrocliniconemo.it\\\/en\\\/blog\\\/ssc-napoli-centro-clinico-nemo-napoli\\\/#primaryimage\",\"url\":\"https:\\\/\\\/www.centrocliniconemo.it\\\/wp-content\\\/uploads\\\/2026\\\/04\\\/foto-napoli-nemo2.jpg.jpeg\",\"contentUrl\":\"https:\\\/\\\/www.centrocliniconemo.it\\\/wp-content\\\/uploads\\\/2026\\\/04\\\/foto-napoli-nemo2.jpg.jpeg\",\"width\":1920,\"height\":1080},{\"@type\":\"BreadcrumbList\",\"@id\":\"https:\\\/\\\/www.centrocliniconemo.it\\\/en\\\/blog\\\/ssc-napoli-centro-clinico-nemo-napoli\\\/#breadcrumb\",\"itemListElement\":[{\"@type\":\"ListItem\",\"position\":1,\"name\":\"Home\",\"item\":\"https:\\\/\\\/www.centrocliniconemo.it\\\/en\\\/\"},{\"@type\":\"ListItem\",\"position\":2,\"name\":\"SSC NAPOLI AL FIANCO DEL CENTRO CLINICO NEMO NAPOLI\"}]},{\"@type\":\"WebSite\",\"@id\":\"https:\\\/\\\/www.centrocliniconemo.it\\\/en\\\/#website\",\"url\":\"https:\\\/\\\/www.centrocliniconemo.it\\\/en\\\/\",\"name\":\"Centro Clinico NeMO\",\"description\":\"Il paziente al centro\",\"publisher\":{\"@id\":\"https:\\\/\\\/www.centrocliniconemo.it\\\/en\\\/#organization\"},\"potentialAction\":[{\"@type\":\"SearchAction\",\"target\":{\"@type\":\"EntryPoint\",\"urlTemplate\":\"https:\\\/\\\/www.centrocliniconemo.it\\\/en\\\/?s={search_term_string}\"},\"query-input\":{\"@type\":\"PropertyValueSpecification\",\"valueRequired\":true,\"valueName\":\"search_term_string\"}}],\"inLanguage\":\"en-US\"},{\"@type\":\"Organization\",\"@id\":\"https:\\\/\\\/www.centrocliniconemo.it\\\/en\\\/#organization\",\"name\":\"Centro Clinico NeMO - Fondazione Serena Onlus\",\"url\":\"https:\\\/\\\/www.centrocliniconemo.it\\\/en\\\/\",\"logo\":{\"@type\":\"ImageObject\",\"inLanguage\":\"en-US\",\"@id\":\"https:\\\/\\\/www.centrocliniconemo.it\\\/en\\\/#\\\/schema\\\/logo\\\/image\\\/\",\"url\":\"https:\\\/\\\/www.centrocliniconemo.it\\\/wp-content\\\/uploads\\\/2023\\\/03\\\/logo-nemo.svg\",\"contentUrl\":\"https:\\\/\\\/www.centrocliniconemo.it\\\/wp-content\\\/uploads\\\/2023\\\/03\\\/logo-nemo.svg\",\"width\":272,\"height\":109.142,\"caption\":\"Centro Clinico NeMO - Fondazione Serena Onlus\"},\"image\":{\"@id\":\"https:\\\/\\\/www.centrocliniconemo.it\\\/en\\\/#\\\/schema\\\/logo\\\/image\\\/\"},\"sameAs\":[\"https:\\\/\\\/www.facebook.com\\\/CentroNEMOItalia\",\"https:\\\/\\\/x.com\\\/CentroNemo\",\"https:\\\/\\\/www.linkedin.com\\\/company\\\/centrocliniconemo\\\/\",\"https:\\\/\\\/www.instagram.com\\\/centrocliniconemo\\\/\"]},{\"@type\":\"Person\",\"@id\":\"https:\\\/\\\/www.centrocliniconemo.it\\\/en\\\/#\\\/schema\\\/person\\\/23b904ba18a16bb7b114b1f59642792e\",\"name\":\"Paola Tomasi\",\"image\":{\"@type\":\"ImageObject\",\"inLanguage\":\"en-US\",\"@id\":\"https:\\\/\\\/secure.gravatar.com\\\/avatar\\\/74446384f79033bbbf711e67d0640ba1208293f1c7cd6b4abdc36fd985a8b9e4?s=96&d=mm&r=g\",\"url\":\"https:\\\/\\\/secure.gravatar.com\\\/avatar\\\/74446384f79033bbbf711e67d0640ba1208293f1c7cd6b4abdc36fd985a8b9e4?s=96&d=mm&r=g\",\"contentUrl\":\"https:\\\/\\\/secure.gravatar.com\\\/avatar\\\/74446384f79033bbbf711e67d0640ba1208293f1c7cd6b4abdc36fd985a8b9e4?s=96&d=mm&r=g\",\"caption\":\"Paola Tomasi\"}}]}<\/script>\n<!-- \/ Yoast SEO plugin. -->","yoast_head_json":{"title":"SSC NAPOLI AL FIANCO DEL CENTRO CLINICO NEMO NAPOLI - Centro Clinico NeMO","description":"Al via la collaborazione tra SSC Napoli e Centro Clinico NeMO Napoli per promuovere sensibilizzazione, partecipazione e valore per la comunit\u00e0 attraverso lo sport.","robots":{"index":"index","follow":"follow","max-snippet":"max-snippet:-1","max-image-preview":"max-image-preview:large","max-video-preview":"max-video-preview:-1"},"canonical":"https:\/\/www.centrocliniconemo.it\/en\/blog\/ssc-napoli-centro-clinico-nemo-napoli\/","og_locale":"en_US","og_type":"article","og_title":"SSC NAPOLI AL FIANCO DEL CENTRO CLINICO NEMO NAPOLI - Centro Clinico NeMO","og_description":"Al via la collaborazione tra SSC Napoli e Centro Clinico NeMO Napoli per promuovere sensibilizzazione, partecipazione e valore per la comunit\u00e0 attraverso lo sport.","og_url":"https:\/\/www.centrocliniconemo.it\/en\/blog\/ssc-napoli-centro-clinico-nemo-napoli\/","og_site_name":"Centro Clinico NeMO","article_publisher":"https:\/\/www.facebook.com\/CentroNEMOItalia","article_published_time":"2026-04-29T16:28:59+00:00","article_modified_time":"2026-04-29T16:31:23+00:00","og_image":[{"width":1920,"height":1080,"url":"https:\/\/www.centrocliniconemo.it\/wp-content\/uploads\/2026\/04\/foto-napoli-nemo2.jpg.jpeg","type":"image\/jpeg"}],"author":"Paola Tomasi","twitter_card":"summary_large_image","twitter_creator":"@CentroNemo","twitter_site":"@CentroNemo","twitter_misc":{"Written by":"Paola Tomasi","Est. reading time":"3 minutes"},"schema":{"@context":"https:\/\/schema.org","@graph":[{"@type":"Article","@id":"https:\/\/www.centrocliniconemo.it\/en\/blog\/ssc-napoli-centro-clinico-nemo-napoli\/#article","isPartOf":{"@id":"https:\/\/www.centrocliniconemo.it\/en\/blog\/ssc-napoli-centro-clinico-nemo-napoli\/"},"author":{"name":"Paola Tomasi","@id":"https:\/\/www.centrocliniconemo.it\/en\/#\/schema\/person\/23b904ba18a16bb7b114b1f59642792e"},"headline":"SSC NAPOLI AL FIANCO DEL CENTRO CLINICO NEMO NAPOLI","datePublished":"2026-04-29T16:28:59+00:00","dateModified":"2026-04-29T16:31:23+00:00","mainEntityOfPage":{"@id":"https:\/\/www.centrocliniconemo.it\/en\/blog\/ssc-napoli-centro-clinico-nemo-napoli\/"},"wordCount":414,"publisher":{"@id":"https:\/\/www.centrocliniconemo.it\/en\/#organization"},"image":{"@id":"https:\/\/www.centrocliniconemo.it\/en\/blog\/ssc-napoli-centro-clinico-nemo-napoli\/#primaryimage"},"thumbnailUrl":"https:\/\/www.centrocliniconemo.it\/wp-content\/uploads\/2026\/04\/foto-napoli-nemo2.jpg.jpeg","keywords":["NeMO Napoli"],"articleSection":["Storie di NeMO"],"inLanguage":"en-US"},{"@type":"WebPage","@id":"https:\/\/www.centrocliniconemo.it\/en\/blog\/ssc-napoli-centro-clinico-nemo-napoli\/","url":"https:\/\/www.centrocliniconemo.it\/en\/blog\/ssc-napoli-centro-clinico-nemo-napoli\/","name":"SSC NAPOLI AL FIANCO DEL CENTRO CLINICO NEMO NAPOLI - Centro Clinico NeMO","isPartOf":{"@id":"https:\/\/www.centrocliniconemo.it\/en\/#website"},"primaryImageOfPage":{"@id":"https:\/\/www.centrocliniconemo.it\/en\/blog\/ssc-napoli-centro-clinico-nemo-napoli\/#primaryimage"},"image":{"@id":"https:\/\/www.centrocliniconemo.it\/en\/blog\/ssc-napoli-centro-clinico-nemo-napoli\/#primaryimage"},"thumbnailUrl":"https:\/\/www.centrocliniconemo.it\/wp-content\/uploads\/2026\/04\/foto-napoli-nemo2.jpg.jpeg","datePublished":"2026-04-29T16:28:59+00:00","dateModified":"2026-04-29T16:31:23+00:00","description":"Al via la collaborazione tra SSC Napoli e Centro Clinico NeMO Napoli per promuovere sensibilizzazione, partecipazione e valore per la comunit\u00e0 attraverso lo sport.","breadcrumb":{"@id":"https:\/\/www.centrocliniconemo.it\/en\/blog\/ssc-napoli-centro-clinico-nemo-napoli\/#breadcrumb"},"inLanguage":"en-US","potentialAction":[{"@type":"ReadAction","target":["https:\/\/www.centrocliniconemo.it\/en\/blog\/ssc-napoli-centro-clinico-nemo-napoli\/"]}]},{"@type":"ImageObject","inLanguage":"en-US","@id":"https:\/\/www.centrocliniconemo.it\/en\/blog\/ssc-napoli-centro-clinico-nemo-napoli\/#primaryimage","url":"https:\/\/www.centrocliniconemo.it\/wp-content\/uploads\/2026\/04\/foto-napoli-nemo2.jpg.jpeg","contentUrl":"https:\/\/www.centrocliniconemo.it\/wp-content\/uploads\/2026\/04\/foto-napoli-nemo2.jpg.jpeg","width":1920,"height":1080},{"@type":"BreadcrumbList","@id":"https:\/\/www.centrocliniconemo.it\/en\/blog\/ssc-napoli-centro-clinico-nemo-napoli\/#breadcrumb","itemListElement":[{"@type":"ListItem","position":1,"name":"Home","item":"https:\/\/www.centrocliniconemo.it\/en\/"},{"@type":"ListItem","position":2,"name":"SSC NAPOLI AL FIANCO DEL CENTRO CLINICO NEMO NAPOLI"}]},{"@type":"WebSite","@id":"https:\/\/www.centrocliniconemo.it\/en\/#website","url":"https:\/\/www.centrocliniconemo.it\/en\/","name":"Centro Clinico NeMO","description":"Il paziente al centro","publisher":{"@id":"https:\/\/www.centrocliniconemo.it\/en\/#organization"},"potentialAction":[{"@type":"SearchAction","target":{"@type":"EntryPoint","urlTemplate":"https:\/\/www.centrocliniconemo.it\/en\/?s={search_term_string}"},"query-input":{"@type":"PropertyValueSpecification","valueRequired":true,"valueName":"search_term_string"}}],"inLanguage":"en-US"},{"@type":"Organization","@id":"https:\/\/www.centrocliniconemo.it\/en\/#organization","name":"Centro Clinico NeMO - Fondazione Serena Onlus","url":"https:\/\/www.centrocliniconemo.it\/en\/","logo":{"@type":"ImageObject","inLanguage":"en-US","@id":"https:\/\/www.centrocliniconemo.it\/en\/#\/schema\/logo\/image\/","url":"https:\/\/www.centrocliniconemo.it\/wp-content\/uploads\/2023\/03\/logo-nemo.svg","contentUrl":"https:\/\/www.centrocliniconemo.it\/wp-content\/uploads\/2023\/03\/logo-nemo.svg","width":272,"height":109.142,"caption":"Centro Clinico NeMO - Fondazione Serena Onlus"},"image":{"@id":"https:\/\/www.centrocliniconemo.it\/en\/#\/schema\/logo\/image\/"},"sameAs":["https:\/\/www.facebook.com\/CentroNEMOItalia","https:\/\/x.com\/CentroNemo","https:\/\/www.linkedin.com\/company\/centrocliniconemo\/","https:\/\/www.instagram.com\/centrocliniconemo\/"]},{"@type":"Person","@id":"https:\/\/www.centrocliniconemo.it\/en\/#\/schema\/person\/23b904ba18a16bb7b114b1f59642792e","name":"Paola Tomasi","image":{"@type":"ImageObject","inLanguage":"en-US","@id":"https:\/\/secure.gravatar.com\/avatar\/74446384f79033bbbf711e67d0640ba1208293f1c7cd6b4abdc36fd985a8b9e4?s=96&d=mm&r=g","url":"https:\/\/secure.gravatar.com\/avatar\/74446384f79033bbbf711e67d0640ba1208293f1c7cd6b4abdc36fd985a8b9e4?s=96&d=mm&r=g","contentUrl":"https:\/\/secure.gravatar.com\/avatar\/74446384f79033bbbf711e67d0640ba1208293f1c7cd6b4abdc36fd985a8b9e4?s=96&d=mm&r=g","caption":"Paola Tomasi"}}]}},"_links":{"self":[{"href":"https:\/\/www.centrocliniconemo.it\/en\/wp-json\/wp\/v2\/posts\/26627","targetHints":{"allow":["GET"]}}],"collection":[{"href":"https:\/\/www.centrocliniconemo.it\/en\/wp-json\/wp\/v2\/posts"}],"about":[{"href":"https:\/\/www.centrocliniconemo.it\/en\/wp-json\/wp\/v2\/types\/post"}],"author":[{"embeddable":true,"href":"https:\/\/www.centrocliniconemo.it\/en\/wp-json\/wp\/v2\/users\/3"}],"replies":[{"embeddable":true,"href":"https:\/\/www.centrocliniconemo.it\/en\/wp-json\/wp\/v2\/comments?post=26627"}],"version-history":[{"count":1,"href":"https:\/\/www.centrocliniconemo.it\/en\/wp-json\/wp\/v2\/posts\/26627\/revisions"}],"predecessor-version":[{"id":26632,"href":"https:\/\/www.centrocliniconemo.it\/en\/wp-json\/wp\/v2\/posts\/26627\/revisions\/26632"}],"wp:featuredmedia":[{"embeddable":true,"href":"https:\/\/www.centrocliniconemo.it\/en\/wp-json\/wp\/v2\/media\/26628"}],"wp:attachment":[{"href":"https:\/\/www.centrocliniconemo.it\/en\/wp-json\/wp\/v2\/media?parent=26627"}],"wp:term":[{"taxonomy":"category","embeddable":true,"href":"https:\/\/www.centrocliniconemo.it\/en\/wp-json\/wp\/v2\/categories?post=26627"},{"taxonomy":"post_tag","embeddable":true,"href":"https:\/\/www.centrocliniconemo.it\/en\/wp-json\/wp\/v2\/tags?post=26627"}],"curies":[{"name":"wp","href":"https:\/\/api.w.org\/{rel}","templated":true}]}}