{"id":26610,"date":"2026-04-29T10:52:52","date_gmt":"2026-04-29T10:52:52","guid":{"rendered":"https:\/\/www.centrocliniconemo.it\/blog\/?p=26610"},"modified":"2026-04-29T13:13:59","modified_gmt":"2026-04-29T13:13:59","slug":"modello-nemo-milano-malattie-neuromuscolari-spagna","status":"publish","type":"post","link":"https:\/\/www.centrocliniconemo.it\/en\/blog\/modello-nemo-milano-malattie-neuromuscolari-spagna\/","title":{"rendered":"IL MODELLO NEMO AL CENTRO DEL CONFRONTO TRA ITALIA E SPAGNA"},"content":{"rendered":"\n<p><strong>Una delegazione dell\u2019Hospital La Fe di Valencia in visita al Centro Clinico NeMO di Milano per approfondire il modello di presa in carico multidisciplinare delle patologie neuromuscolari.<\/strong><\/p>\n\n\n\n<p>Milano, 29 aprile 2026 \u2013 Il Centro Clinico NeMO di Milano, presso l\u2019Ospedale Niguarda, ha accolto oggi una delegazione di clinici e coordinatori dell\u2019<strong>Hospital Universitari i Polit\u00e8cnic La Fe<\/strong>, tra i principali poli europei per la neurologia e le malattie rare. L\u2019incontro ha dato forma a una giornata di formazione dedicata all\u2019approfondimento del modello NeMO, sviluppato per rendere la cura un patrimonio condiviso e accessibile, capace di rispondere ai bisogni di ogni persona senza barriere.<\/p>\n\n\n\n<p>Il programma ha offerto ai colleghi spagnoli una prospettiva completa sulla rete dei Centri Clinici NeMO, raccontata da chi l\u2019ha ideata e oggi la gestisce a livello nazionale. I Centri rappresentano un riferimento per diagnosi, trattamento e ricerca sulle malattie neuromuscolari e neurodegenerative, tra cui SLA, distrofie muscolari e atrofia muscolare spinale (SMA). Proprio sulla SMA si \u00e8 concentrato un focus specifico, con un\u2019analisi dei percorsi di presa in carico lungo tutto il ciclo di vita, dall\u2019et\u00e0 pediatrica all\u2019et\u00e0 adulta, in un\u2019ottica di continuit\u00e0 assistenziale.<\/p>\n\n\n\n<p>L\u2019esperienza si \u00e8 sviluppata lungo un percorso che interpreta l\u2019accessibilit\u00e0 alla cura non come un requisito tecnico, ma come un principio che orienta le scelte cliniche e la qualit\u00e0 delle relazioni. \u201c<em>L\u2019accesso universale alle migliori cure \u00e8 un gesto di responsabilit\u00e0 e un impegno concreto per costruire spazi in cui tutti possano sentirsi parte di una comunit\u00e0 di cura<\/em>\u201d, sottolinea il Presidente <strong>Marco Rasconi.<\/strong><\/p>\n\n\n\n<p>Durante la giornata, la delegazione ha osservato come questo approccio si traduca nel piano clinico mantenendo al centro bisogni, dignit\u00e0 e qualit\u00e0 della vita. <em>\u201cAccogliere delegazioni internazionali come quella dell\u2019Hospital La Fe significa valorizzare un modello di collaborazione che integra competenze e rafforza il ruolo dell\u2019ospedale come luogo di cura, ricerca e formazione<\/em>\u201d, ha dichiarato <strong>Alberto Zoli<\/strong>, direttore Generale dell\u2019Ospedale Niguarda.<\/p>\n\n\n\n<p>Oltre agli aspetti clinici, il confronto ha riguardato i modelli organizzativi e amministrativi che rendono sostenibile il sistema: pianificazione degli spazi, gestione delle agende cliniche e relazioni istituzionali con i grandi ospedali pubblici, come il Niguarda. Questo approccio integrato permette alla rete NeMO \u2013 che oggi conta 8 sedi nazionali e assiste circa 9.000 persone ogni anno \u2013 di garantire che circa l\u201987% dei pazienti entri in un percorso di presa in carico continuativo dopo il primo accesso.<\/p>\n\n\n\n<p>La direzione clinico-scientifica della prof.ssa Valeria Sansone, insieme alla Direzione Generale guidata da Paolo Lamperti, ha accompagnato i colleghi di Valencia in una riflessione che ha unito dati, organizzazione e prospettive future alla vocazione originaria del Centro, nato dalla spinta delle associazioni dei pazienti. \u201c<em>Solo attraverso una presa in carico interdisciplinare e uno sguardo orientato alla ricerca si possono dare risposte concrete a patologie cos\u00ec complesse<\/em>\u201d, ha sottolineato <strong>Valeria Sansone<\/strong>.<\/p>\n\n\n\n<p>Un approccio che si traduce nel lavoro quotidiano di un\u2019\u00e9quipe multidisciplinare che, nella sola sede di Milano, conta 89 professionisti specializzati. Come evidenzia <strong>Paolo Lamperti<\/strong>, \u201c<em>questi momenti mettono in relazione visione, dati e organizzazione, orientando lo sviluppo del modello<\/em>\u201d.<\/p>\n\n\n\n<p>La visita, supportata dal contributo non condizionante di Roche, conferma il ruolo del Centro Clinico NeMO come presidio di riferimento internazionale e membro delle <strong>European Reference Network (ERN)<\/strong>, ribadendo il valore dello scambio di buone pratiche e della ricerca come leve per migliorare la qualit\u00e0 della vita delle persone con malattie neuromuscolari.<\/p>\n\n\n\n<figure class=\"wp-block-gallery has-nested-images columns-default is-cropped wp-block-gallery-1 is-layout-flex wp-block-gallery-is-layout-flex\">\n<figure class=\"wp-block-image size-large\"><img fetchpriority=\"high\" decoding=\"async\" width=\"1024\" height=\"770\" data-id=\"26618\" src=\"https:\/\/www.centrocliniconemo.it\/wp-content\/uploads\/2026\/04\/gotti-zoli-lamperti-1-1024x770.jpg\" alt=\"\" class=\"wp-image-26618\" srcset=\"https:\/\/www.centrocliniconemo.it\/wp-content\/uploads\/2026\/04\/gotti-zoli-lamperti-1-1024x770.jpg 1024w, https:\/\/www.centrocliniconemo.it\/wp-content\/uploads\/2026\/04\/gotti-zoli-lamperti-1-300x226.jpg 300w, https:\/\/www.centrocliniconemo.it\/wp-content\/uploads\/2026\/04\/gotti-zoli-lamperti-1-768x578.jpg 768w, https:\/\/www.centrocliniconemo.it\/wp-content\/uploads\/2026\/04\/gotti-zoli-lamperti-1-1536x1155.jpg 1536w, https:\/\/www.centrocliniconemo.it\/wp-content\/uploads\/2026\/04\/gotti-zoli-lamperti-1-2048x1540.jpg 2048w\" sizes=\"(max-width: 1024px) 100vw, 1024px\" \/><\/figure>\n\n\n\n<figure class=\"wp-block-image size-large\"><img decoding=\"async\" width=\"1024\" height=\"771\" data-id=\"26614\" src=\"https:\/\/www.centrocliniconemo.it\/wp-content\/uploads\/2026\/04\/fontana-sansone-ferrari-lamperti-nemo-niguarda-per-delegazione-spagna-1024x771.jpg\" alt=\"\" class=\"wp-image-26614\" srcset=\"https:\/\/www.centrocliniconemo.it\/wp-content\/uploads\/2026\/04\/fontana-sansone-ferrari-lamperti-nemo-niguarda-per-delegazione-spagna-1024x771.jpg 1024w, https:\/\/www.centrocliniconemo.it\/wp-content\/uploads\/2026\/04\/fontana-sansone-ferrari-lamperti-nemo-niguarda-per-delegazione-spagna-300x226.jpg 300w, https:\/\/www.centrocliniconemo.it\/wp-content\/uploads\/2026\/04\/fontana-sansone-ferrari-lamperti-nemo-niguarda-per-delegazione-spagna-768x578.jpg 768w, https:\/\/www.centrocliniconemo.it\/wp-content\/uploads\/2026\/04\/fontana-sansone-ferrari-lamperti-nemo-niguarda-per-delegazione-spagna-1536x1157.jpg 1536w, https:\/\/www.centrocliniconemo.it\/wp-content\/uploads\/2026\/04\/fontana-sansone-ferrari-lamperti-nemo-niguarda-per-delegazione-spagna-2048x1542.jpg 2048w\" sizes=\"(max-width: 1024px) 100vw, 1024px\" \/><\/figure>\n\n\n\n<figure class=\"wp-block-image size-large\"><img decoding=\"async\" width=\"893\" height=\"593\" data-id=\"26620\" src=\"https:\/\/www.centrocliniconemo.it\/wp-content\/uploads\/2026\/04\/fontana-parla.jpg\" alt=\"\" class=\"wp-image-26620\" srcset=\"https:\/\/www.centrocliniconemo.it\/wp-content\/uploads\/2026\/04\/fontana-parla.jpg 893w, https:\/\/www.centrocliniconemo.it\/wp-content\/uploads\/2026\/04\/fontana-parla-300x199.jpg 300w, https:\/\/www.centrocliniconemo.it\/wp-content\/uploads\/2026\/04\/fontana-parla-768x510.jpg 768w\" sizes=\"(max-width: 893px) 100vw, 893px\" \/><\/figure>\n\n\n\n<figure class=\"wp-block-image size-large\"><img loading=\"lazy\" decoding=\"async\" width=\"1024\" height=\"768\" data-id=\"26624\" src=\"https:\/\/www.centrocliniconemo.it\/wp-content\/uploads\/2026\/04\/spagnoli-a-nemo-milano-1024x768.jpeg\" alt=\"\" class=\"wp-image-26624\" srcset=\"https:\/\/www.centrocliniconemo.it\/wp-content\/uploads\/2026\/04\/spagnoli-a-nemo-milano-1024x768.jpeg 1024w, https:\/\/www.centrocliniconemo.it\/wp-content\/uploads\/2026\/04\/spagnoli-a-nemo-milano-300x225.jpeg 300w, https:\/\/www.centrocliniconemo.it\/wp-content\/uploads\/2026\/04\/spagnoli-a-nemo-milano-768x576.jpeg 768w, https:\/\/www.centrocliniconemo.it\/wp-content\/uploads\/2026\/04\/spagnoli-a-nemo-milano-1536x1152.jpeg 1536w, https:\/\/www.centrocliniconemo.it\/wp-content\/uploads\/2026\/04\/spagnoli-a-nemo-milano.jpeg 2048w\" sizes=\"(max-width: 1024px) 100vw, 1024px\" \/><\/figure>\n<\/figure>\n\n\n\n<p><\/p>\n","protected":false},"excerpt":{"rendered":"<p>Una delegazione dell\u2019Hospital La Fe di Valencia in visita al Centro Clinico NeMO di Milano per approfondire il modello di presa in carico multidisciplinare delle patologie neuromuscolari. Milano, 29 aprile 2026 \u2013 Il Centro Clinico NeMO di Milano, presso l\u2019Ospedale Niguarda, ha accolto oggi una delegazione di clinici e coordinatori dell\u2019Hospital Universitari i Polit\u00e8cnic La [&hellip;]<\/p>\n","protected":false},"author":3,"featured_media":26612,"comment_status":"closed","ping_status":"closed","sticky":false,"template":"","format":"standard","meta":{"pgc_sgb_lightbox_settings":"","footnotes":""},"categories":[1],"tags":[],"class_list":["post-26610","post","type-post","status-publish","format-standard","has-post-thumbnail","hentry","category-storie-di-nemo"],"yoast_head":"<!-- This site is optimized with the Yoast SEO plugin v27.4 - https:\/\/yoast.com\/product\/yoast-seo-wordpress\/ -->\n<title>Il modello NeMO di Milano al centro del confronto con la Spagna<\/title>\n<meta name=\"description\" content=\"Il Centro Clinico NeMO di Milano accoglie una delegazione spagnola per approfondire il modello di presa in carico multidisciplinare nelle malattie neuromuscolari.\" \/>\n<meta name=\"robots\" content=\"index, follow, max-snippet:-1, max-image-preview:large, max-video-preview:-1\" \/>\n<link rel=\"canonical\" href=\"https:\/\/www.centrocliniconemo.it\/en\/blog\/modello-nemo-milano-malattie-neuromuscolari-spagna\/\" \/>\n<meta property=\"og:locale\" content=\"en_US\" \/>\n<meta property=\"og:type\" content=\"article\" \/>\n<meta property=\"og:title\" content=\"Il modello NeMO di Milano al centro del confronto con la Spagna\" \/>\n<meta property=\"og:description\" content=\"Il Centro Clinico NeMO di Milano accoglie una delegazione spagnola per approfondire il modello di presa in carico multidisciplinare nelle malattie neuromuscolari.\" \/>\n<meta property=\"og:url\" content=\"https:\/\/www.centrocliniconemo.it\/en\/blog\/modello-nemo-milano-malattie-neuromuscolari-spagna\/\" \/>\n<meta property=\"og:site_name\" content=\"Centro Clinico NeMO\" \/>\n<meta property=\"article:publisher\" content=\"https:\/\/www.facebook.com\/CentroNEMOItalia\" \/>\n<meta property=\"article:published_time\" content=\"2026-04-29T10:52:52+00:00\" \/>\n<meta property=\"article:modified_time\" content=\"2026-04-29T13:13:59+00:00\" \/>\n<meta property=\"og:image\" content=\"https:\/\/www.centrocliniconemo.it\/wp-content\/uploads\/2026\/04\/gruppo-con-zoli-scaled.jpg\" \/>\n\t<meta property=\"og:image:width\" content=\"2560\" \/>\n\t<meta property=\"og:image:height\" content=\"1729\" \/>\n\t<meta property=\"og:image:type\" content=\"image\/jpeg\" \/>\n<meta name=\"author\" content=\"Paola Tomasi\" \/>\n<meta name=\"twitter:card\" content=\"summary_large_image\" \/>\n<meta name=\"twitter:creator\" content=\"@CentroNemo\" \/>\n<meta name=\"twitter:site\" content=\"@CentroNemo\" \/>\n<meta name=\"twitter:label1\" content=\"Written by\" \/>\n\t<meta name=\"twitter:data1\" content=\"Paola Tomasi\" \/>\n\t<meta name=\"twitter:label2\" content=\"Est. reading time\" \/>\n\t<meta name=\"twitter:data2\" content=\"4 minutes\" \/>\n<script type=\"application\/ld+json\" class=\"yoast-schema-graph\">{\"@context\":\"https:\\\/\\\/schema.org\",\"@graph\":[{\"@type\":\"Article\",\"@id\":\"https:\\\/\\\/www.centrocliniconemo.it\\\/en\\\/blog\\\/modello-nemo-milano-malattie-neuromuscolari-spagna\\\/#article\",\"isPartOf\":{\"@id\":\"https:\\\/\\\/www.centrocliniconemo.it\\\/en\\\/blog\\\/modello-nemo-milano-malattie-neuromuscolari-spagna\\\/\"},\"author\":{\"name\":\"Paola Tomasi\",\"@id\":\"https:\\\/\\\/www.centrocliniconemo.it\\\/en\\\/#\\\/schema\\\/person\\\/23b904ba18a16bb7b114b1f59642792e\"},\"headline\":\"IL MODELLO NEMO AL CENTRO DEL CONFRONTO TRA ITALIA E SPAGNA\",\"datePublished\":\"2026-04-29T10:52:52+00:00\",\"dateModified\":\"2026-04-29T13:13:59+00:00\",\"mainEntityOfPage\":{\"@id\":\"https:\\\/\\\/www.centrocliniconemo.it\\\/en\\\/blog\\\/modello-nemo-milano-malattie-neuromuscolari-spagna\\\/\"},\"wordCount\":570,\"publisher\":{\"@id\":\"https:\\\/\\\/www.centrocliniconemo.it\\\/en\\\/#organization\"},\"image\":{\"@id\":\"https:\\\/\\\/www.centrocliniconemo.it\\\/en\\\/blog\\\/modello-nemo-milano-malattie-neuromuscolari-spagna\\\/#primaryimage\"},\"thumbnailUrl\":\"https:\\\/\\\/www.centrocliniconemo.it\\\/wp-content\\\/uploads\\\/2026\\\/04\\\/gruppo-con-zoli-scaled.jpg\",\"articleSection\":[\"Storie di NeMO\"],\"inLanguage\":\"en-US\"},{\"@type\":\"WebPage\",\"@id\":\"https:\\\/\\\/www.centrocliniconemo.it\\\/en\\\/blog\\\/modello-nemo-milano-malattie-neuromuscolari-spagna\\\/\",\"url\":\"https:\\\/\\\/www.centrocliniconemo.it\\\/en\\\/blog\\\/modello-nemo-milano-malattie-neuromuscolari-spagna\\\/\",\"name\":\"Il modello NeMO di Milano al centro del confronto con la Spagna\",\"isPartOf\":{\"@id\":\"https:\\\/\\\/www.centrocliniconemo.it\\\/en\\\/#website\"},\"primaryImageOfPage\":{\"@id\":\"https:\\\/\\\/www.centrocliniconemo.it\\\/en\\\/blog\\\/modello-nemo-milano-malattie-neuromuscolari-spagna\\\/#primaryimage\"},\"image\":{\"@id\":\"https:\\\/\\\/www.centrocliniconemo.it\\\/en\\\/blog\\\/modello-nemo-milano-malattie-neuromuscolari-spagna\\\/#primaryimage\"},\"thumbnailUrl\":\"https:\\\/\\\/www.centrocliniconemo.it\\\/wp-content\\\/uploads\\\/2026\\\/04\\\/gruppo-con-zoli-scaled.jpg\",\"datePublished\":\"2026-04-29T10:52:52+00:00\",\"dateModified\":\"2026-04-29T13:13:59+00:00\",\"description\":\"Il Centro Clinico NeMO di Milano accoglie una delegazione spagnola per approfondire il modello di presa in carico multidisciplinare nelle malattie neuromuscolari.\",\"breadcrumb\":{\"@id\":\"https:\\\/\\\/www.centrocliniconemo.it\\\/en\\\/blog\\\/modello-nemo-milano-malattie-neuromuscolari-spagna\\\/#breadcrumb\"},\"inLanguage\":\"en-US\",\"potentialAction\":[{\"@type\":\"ReadAction\",\"target\":[\"https:\\\/\\\/www.centrocliniconemo.it\\\/en\\\/blog\\\/modello-nemo-milano-malattie-neuromuscolari-spagna\\\/\"]}]},{\"@type\":\"ImageObject\",\"inLanguage\":\"en-US\",\"@id\":\"https:\\\/\\\/www.centrocliniconemo.it\\\/en\\\/blog\\\/modello-nemo-milano-malattie-neuromuscolari-spagna\\\/#primaryimage\",\"url\":\"https:\\\/\\\/www.centrocliniconemo.it\\\/wp-content\\\/uploads\\\/2026\\\/04\\\/gruppo-con-zoli-scaled.jpg\",\"contentUrl\":\"https:\\\/\\\/www.centrocliniconemo.it\\\/wp-content\\\/uploads\\\/2026\\\/04\\\/gruppo-con-zoli-scaled.jpg\",\"width\":2560,\"height\":1729},{\"@type\":\"BreadcrumbList\",\"@id\":\"https:\\\/\\\/www.centrocliniconemo.it\\\/en\\\/blog\\\/modello-nemo-milano-malattie-neuromuscolari-spagna\\\/#breadcrumb\",\"itemListElement\":[{\"@type\":\"ListItem\",\"position\":1,\"name\":\"Home\",\"item\":\"https:\\\/\\\/www.centrocliniconemo.it\\\/en\\\/\"},{\"@type\":\"ListItem\",\"position\":2,\"name\":\"IL MODELLO NEMO AL CENTRO DEL CONFRONTO TRA ITALIA E SPAGNA\"}]},{\"@type\":\"WebSite\",\"@id\":\"https:\\\/\\\/www.centrocliniconemo.it\\\/en\\\/#website\",\"url\":\"https:\\\/\\\/www.centrocliniconemo.it\\\/en\\\/\",\"name\":\"Centro Clinico NeMO\",\"description\":\"Il paziente al centro\",\"publisher\":{\"@id\":\"https:\\\/\\\/www.centrocliniconemo.it\\\/en\\\/#organization\"},\"potentialAction\":[{\"@type\":\"SearchAction\",\"target\":{\"@type\":\"EntryPoint\",\"urlTemplate\":\"https:\\\/\\\/www.centrocliniconemo.it\\\/en\\\/?s={search_term_string}\"},\"query-input\":{\"@type\":\"PropertyValueSpecification\",\"valueRequired\":true,\"valueName\":\"search_term_string\"}}],\"inLanguage\":\"en-US\"},{\"@type\":\"Organization\",\"@id\":\"https:\\\/\\\/www.centrocliniconemo.it\\\/en\\\/#organization\",\"name\":\"Centro Clinico NeMO - Fondazione Serena Onlus\",\"url\":\"https:\\\/\\\/www.centrocliniconemo.it\\\/en\\\/\",\"logo\":{\"@type\":\"ImageObject\",\"inLanguage\":\"en-US\",\"@id\":\"https:\\\/\\\/www.centrocliniconemo.it\\\/en\\\/#\\\/schema\\\/logo\\\/image\\\/\",\"url\":\"https:\\\/\\\/www.centrocliniconemo.it\\\/wp-content\\\/uploads\\\/2023\\\/03\\\/logo-nemo.svg\",\"contentUrl\":\"https:\\\/\\\/www.centrocliniconemo.it\\\/wp-content\\\/uploads\\\/2023\\\/03\\\/logo-nemo.svg\",\"width\":272,\"height\":109.142,\"caption\":\"Centro Clinico NeMO - Fondazione Serena Onlus\"},\"image\":{\"@id\":\"https:\\\/\\\/www.centrocliniconemo.it\\\/en\\\/#\\\/schema\\\/logo\\\/image\\\/\"},\"sameAs\":[\"https:\\\/\\\/www.facebook.com\\\/CentroNEMOItalia\",\"https:\\\/\\\/x.com\\\/CentroNemo\",\"https:\\\/\\\/www.linkedin.com\\\/company\\\/centrocliniconemo\\\/\",\"https:\\\/\\\/www.instagram.com\\\/centrocliniconemo\\\/\"]},{\"@type\":\"Person\",\"@id\":\"https:\\\/\\\/www.centrocliniconemo.it\\\/en\\\/#\\\/schema\\\/person\\\/23b904ba18a16bb7b114b1f59642792e\",\"name\":\"Paola Tomasi\",\"image\":{\"@type\":\"ImageObject\",\"inLanguage\":\"en-US\",\"@id\":\"https:\\\/\\\/secure.gravatar.com\\\/avatar\\\/74446384f79033bbbf711e67d0640ba1208293f1c7cd6b4abdc36fd985a8b9e4?s=96&d=mm&r=g\",\"url\":\"https:\\\/\\\/secure.gravatar.com\\\/avatar\\\/74446384f79033bbbf711e67d0640ba1208293f1c7cd6b4abdc36fd985a8b9e4?s=96&d=mm&r=g\",\"contentUrl\":\"https:\\\/\\\/secure.gravatar.com\\\/avatar\\\/74446384f79033bbbf711e67d0640ba1208293f1c7cd6b4abdc36fd985a8b9e4?s=96&d=mm&r=g\",\"caption\":\"Paola Tomasi\"}}]}<\/script>\n<!-- \/ Yoast SEO plugin. -->","yoast_head_json":{"title":"Il modello NeMO di Milano al centro del confronto con la Spagna","description":"Il Centro Clinico NeMO di Milano accoglie una delegazione spagnola per approfondire il modello di presa in carico multidisciplinare nelle malattie neuromuscolari.","robots":{"index":"index","follow":"follow","max-snippet":"max-snippet:-1","max-image-preview":"max-image-preview:large","max-video-preview":"max-video-preview:-1"},"canonical":"https:\/\/www.centrocliniconemo.it\/en\/blog\/modello-nemo-milano-malattie-neuromuscolari-spagna\/","og_locale":"en_US","og_type":"article","og_title":"Il modello NeMO di Milano al centro del confronto con la Spagna","og_description":"Il Centro Clinico NeMO di Milano accoglie una delegazione spagnola per approfondire il modello di presa in carico multidisciplinare nelle malattie neuromuscolari.","og_url":"https:\/\/www.centrocliniconemo.it\/en\/blog\/modello-nemo-milano-malattie-neuromuscolari-spagna\/","og_site_name":"Centro Clinico NeMO","article_publisher":"https:\/\/www.facebook.com\/CentroNEMOItalia","article_published_time":"2026-04-29T10:52:52+00:00","article_modified_time":"2026-04-29T13:13:59+00:00","og_image":[{"width":2560,"height":1729,"url":"https:\/\/www.centrocliniconemo.it\/wp-content\/uploads\/2026\/04\/gruppo-con-zoli-scaled.jpg","type":"image\/jpeg"}],"author":"Paola Tomasi","twitter_card":"summary_large_image","twitter_creator":"@CentroNemo","twitter_site":"@CentroNemo","twitter_misc":{"Written by":"Paola Tomasi","Est. reading time":"4 minutes"},"schema":{"@context":"https:\/\/schema.org","@graph":[{"@type":"Article","@id":"https:\/\/www.centrocliniconemo.it\/en\/blog\/modello-nemo-milano-malattie-neuromuscolari-spagna\/#article","isPartOf":{"@id":"https:\/\/www.centrocliniconemo.it\/en\/blog\/modello-nemo-milano-malattie-neuromuscolari-spagna\/"},"author":{"name":"Paola Tomasi","@id":"https:\/\/www.centrocliniconemo.it\/en\/#\/schema\/person\/23b904ba18a16bb7b114b1f59642792e"},"headline":"IL MODELLO NEMO AL CENTRO DEL CONFRONTO TRA ITALIA E SPAGNA","datePublished":"2026-04-29T10:52:52+00:00","dateModified":"2026-04-29T13:13:59+00:00","mainEntityOfPage":{"@id":"https:\/\/www.centrocliniconemo.it\/en\/blog\/modello-nemo-milano-malattie-neuromuscolari-spagna\/"},"wordCount":570,"publisher":{"@id":"https:\/\/www.centrocliniconemo.it\/en\/#organization"},"image":{"@id":"https:\/\/www.centrocliniconemo.it\/en\/blog\/modello-nemo-milano-malattie-neuromuscolari-spagna\/#primaryimage"},"thumbnailUrl":"https:\/\/www.centrocliniconemo.it\/wp-content\/uploads\/2026\/04\/gruppo-con-zoli-scaled.jpg","articleSection":["Storie di NeMO"],"inLanguage":"en-US"},{"@type":"WebPage","@id":"https:\/\/www.centrocliniconemo.it\/en\/blog\/modello-nemo-milano-malattie-neuromuscolari-spagna\/","url":"https:\/\/www.centrocliniconemo.it\/en\/blog\/modello-nemo-milano-malattie-neuromuscolari-spagna\/","name":"Il modello NeMO di Milano al centro del confronto con la Spagna","isPartOf":{"@id":"https:\/\/www.centrocliniconemo.it\/en\/#website"},"primaryImageOfPage":{"@id":"https:\/\/www.centrocliniconemo.it\/en\/blog\/modello-nemo-milano-malattie-neuromuscolari-spagna\/#primaryimage"},"image":{"@id":"https:\/\/www.centrocliniconemo.it\/en\/blog\/modello-nemo-milano-malattie-neuromuscolari-spagna\/#primaryimage"},"thumbnailUrl":"https:\/\/www.centrocliniconemo.it\/wp-content\/uploads\/2026\/04\/gruppo-con-zoli-scaled.jpg","datePublished":"2026-04-29T10:52:52+00:00","dateModified":"2026-04-29T13:13:59+00:00","description":"Il Centro Clinico NeMO di Milano accoglie una delegazione spagnola per approfondire il modello di presa in carico multidisciplinare nelle malattie neuromuscolari.","breadcrumb":{"@id":"https:\/\/www.centrocliniconemo.it\/en\/blog\/modello-nemo-milano-malattie-neuromuscolari-spagna\/#breadcrumb"},"inLanguage":"en-US","potentialAction":[{"@type":"ReadAction","target":["https:\/\/www.centrocliniconemo.it\/en\/blog\/modello-nemo-milano-malattie-neuromuscolari-spagna\/"]}]},{"@type":"ImageObject","inLanguage":"en-US","@id":"https:\/\/www.centrocliniconemo.it\/en\/blog\/modello-nemo-milano-malattie-neuromuscolari-spagna\/#primaryimage","url":"https:\/\/www.centrocliniconemo.it\/wp-content\/uploads\/2026\/04\/gruppo-con-zoli-scaled.jpg","contentUrl":"https:\/\/www.centrocliniconemo.it\/wp-content\/uploads\/2026\/04\/gruppo-con-zoli-scaled.jpg","width":2560,"height":1729},{"@type":"BreadcrumbList","@id":"https:\/\/www.centrocliniconemo.it\/en\/blog\/modello-nemo-milano-malattie-neuromuscolari-spagna\/#breadcrumb","itemListElement":[{"@type":"ListItem","position":1,"name":"Home","item":"https:\/\/www.centrocliniconemo.it\/en\/"},{"@type":"ListItem","position":2,"name":"IL MODELLO NEMO AL CENTRO DEL CONFRONTO TRA ITALIA E SPAGNA"}]},{"@type":"WebSite","@id":"https:\/\/www.centrocliniconemo.it\/en\/#website","url":"https:\/\/www.centrocliniconemo.it\/en\/","name":"Centro Clinico NeMO","description":"Il paziente al centro","publisher":{"@id":"https:\/\/www.centrocliniconemo.it\/en\/#organization"},"potentialAction":[{"@type":"SearchAction","target":{"@type":"EntryPoint","urlTemplate":"https:\/\/www.centrocliniconemo.it\/en\/?s={search_term_string}"},"query-input":{"@type":"PropertyValueSpecification","valueRequired":true,"valueName":"search_term_string"}}],"inLanguage":"en-US"},{"@type":"Organization","@id":"https:\/\/www.centrocliniconemo.it\/en\/#organization","name":"Centro Clinico NeMO - Fondazione Serena Onlus","url":"https:\/\/www.centrocliniconemo.it\/en\/","logo":{"@type":"ImageObject","inLanguage":"en-US","@id":"https:\/\/www.centrocliniconemo.it\/en\/#\/schema\/logo\/image\/","url":"https:\/\/www.centrocliniconemo.it\/wp-content\/uploads\/2023\/03\/logo-nemo.svg","contentUrl":"https:\/\/www.centrocliniconemo.it\/wp-content\/uploads\/2023\/03\/logo-nemo.svg","width":272,"height":109.142,"caption":"Centro Clinico NeMO - Fondazione Serena Onlus"},"image":{"@id":"https:\/\/www.centrocliniconemo.it\/en\/#\/schema\/logo\/image\/"},"sameAs":["https:\/\/www.facebook.com\/CentroNEMOItalia","https:\/\/x.com\/CentroNemo","https:\/\/www.linkedin.com\/company\/centrocliniconemo\/","https:\/\/www.instagram.com\/centrocliniconemo\/"]},{"@type":"Person","@id":"https:\/\/www.centrocliniconemo.it\/en\/#\/schema\/person\/23b904ba18a16bb7b114b1f59642792e","name":"Paola Tomasi","image":{"@type":"ImageObject","inLanguage":"en-US","@id":"https:\/\/secure.gravatar.com\/avatar\/74446384f79033bbbf711e67d0640ba1208293f1c7cd6b4abdc36fd985a8b9e4?s=96&d=mm&r=g","url":"https:\/\/secure.gravatar.com\/avatar\/74446384f79033bbbf711e67d0640ba1208293f1c7cd6b4abdc36fd985a8b9e4?s=96&d=mm&r=g","contentUrl":"https:\/\/secure.gravatar.com\/avatar\/74446384f79033bbbf711e67d0640ba1208293f1c7cd6b4abdc36fd985a8b9e4?s=96&d=mm&r=g","caption":"Paola Tomasi"}}]}},"_links":{"self":[{"href":"https:\/\/www.centrocliniconemo.it\/en\/wp-json\/wp\/v2\/posts\/26610","targetHints":{"allow":["GET"]}}],"collection":[{"href":"https:\/\/www.centrocliniconemo.it\/en\/wp-json\/wp\/v2\/posts"}],"about":[{"href":"https:\/\/www.centrocliniconemo.it\/en\/wp-json\/wp\/v2\/types\/post"}],"author":[{"embeddable":true,"href":"https:\/\/www.centrocliniconemo.it\/en\/wp-json\/wp\/v2\/users\/3"}],"replies":[{"embeddable":true,"href":"https:\/\/www.centrocliniconemo.it\/en\/wp-json\/wp\/v2\/comments?post=26610"}],"version-history":[{"count":4,"href":"https:\/\/www.centrocliniconemo.it\/en\/wp-json\/wp\/v2\/posts\/26610\/revisions"}],"predecessor-version":[{"id":26626,"href":"https:\/\/www.centrocliniconemo.it\/en\/wp-json\/wp\/v2\/posts\/26610\/revisions\/26626"}],"wp:featuredmedia":[{"embeddable":true,"href":"https:\/\/www.centrocliniconemo.it\/en\/wp-json\/wp\/v2\/media\/26612"}],"wp:attachment":[{"href":"https:\/\/www.centrocliniconemo.it\/en\/wp-json\/wp\/v2\/media?parent=26610"}],"wp:term":[{"taxonomy":"category","embeddable":true,"href":"https:\/\/www.centrocliniconemo.it\/en\/wp-json\/wp\/v2\/categories?post=26610"},{"taxonomy":"post_tag","embeddable":true,"href":"https:\/\/www.centrocliniconemo.it\/en\/wp-json\/wp\/v2\/tags?post=26610"}],"curies":[{"name":"wp","href":"https:\/\/api.w.org\/{rel}","templated":true}]}}