{"id":26477,"date":"2026-03-23T15:08:00","date_gmt":"2026-03-23T15:08:00","guid":{"rendered":"https:\/\/www.centrocliniconemo.it\/blog\/?p=26477"},"modified":"2026-03-23T16:00:51","modified_gmt":"2026-03-23T16:00:51","slug":"slart-taste-rho-sla-nemo","status":"publish","type":"post","link":"https:\/\/www.centrocliniconemo.it\/en\/blog\/slart-taste-rho-sla-nemo\/","title":{"rendered":"A Rho \u201cSLArt &amp; Taste\u201d: arte, gusto e solidariet\u00e0 per sostenere la ricerca e la cura della SLA"},"content":{"rendered":"\n<p><strong>RHO \u2013 <\/strong>Domenica 22 marzo, nella suggestiva Sala delle Volte del Centro Congressi Mantovani Furioli, all\u2019interno del Collegio dei Padri Oblati Missionari, si \u00e8 svolta <strong><em>SLArt &amp; Taste \u2013 arte, gusto e solidariet\u00e0 per la ricerca e la cura della SLA<\/em><\/strong>, una serata charity che ha unito convivialit\u00e0, arte e gastronomia con l\u2019obiettivo di sostenere il C<strong>entro Clinico NeMO di Milano<\/strong>, punto di riferimento nazionale per la presa in carico delle persone con malattie neuromuscolari, raccogliendo<strong> 8.740 euro a sostegno dei progetti di cura e ricerca sulla Sclerosi Laterale Amiotrofica.<\/strong><\/p>\n\n\n\n<p>L\u2019iniziativa, ideata dalle volontarie <strong>Cristina Alini e Barbara Marascio<\/strong>, con il patrocinio del <strong>Comune di Rho<\/strong>, \u00e8 stata realizzata dall\u2019Associazione <strong>SLAFOOD<\/strong>, grazie alla collaborazione del <strong>Centro Congressi Mantovani Furioli e dei Padri Oblati Missionari<\/strong>, con il sostegno di<strong>M&amp;C Professional.<\/strong> Il ricavato della serata \u00e8 devoluto al <a href=\"https:\/\/www.centrocliniconemo.it\/pazienti\/sedi-nemo\/nemo-milano\/\">Centro Clinico NeMO di Milano.<\/a><\/p>\n\n\n\n<figure class=\"wp-block-image size-large\"><img fetchpriority=\"high\" decoding=\"async\" width=\"1024\" height=\"676\" src=\"https:\/\/www.centrocliniconemo.it\/wp-content\/uploads\/2026\/03\/IMG-20260322-WA00602-1-1-1024x676.jpg\" alt=\"\" class=\"wp-image-26510\" srcset=\"https:\/\/www.centrocliniconemo.it\/wp-content\/uploads\/2026\/03\/IMG-20260322-WA00602-1-1-1024x676.jpg 1024w, https:\/\/www.centrocliniconemo.it\/wp-content\/uploads\/2026\/03\/IMG-20260322-WA00602-1-1-300x198.jpg 300w, https:\/\/www.centrocliniconemo.it\/wp-content\/uploads\/2026\/03\/IMG-20260322-WA00602-1-1-768x507.jpg 768w, https:\/\/www.centrocliniconemo.it\/wp-content\/uploads\/2026\/03\/IMG-20260322-WA00602-1-1-1536x1014.jpg 1536w, https:\/\/www.centrocliniconemo.it\/wp-content\/uploads\/2026\/03\/IMG-20260322-WA00602-1-1-2048x1352.jpg 2048w\" sizes=\"(max-width: 1024px) 100vw, 1024px\" \/><\/figure>\n\n\n\n<p><em>\u00abQuesta serata nasce da una scelta precisa: trasformare la difficolt\u00e0 in impegno concreto. La SLA arriva senza chiedere permesso, ma ciascuno di noi pu\u00f2 decidere di esserci, di contribuire, di sostenere chi ogni giorno combatte. Essere accanto al Centro NeMO significa questo: non lasciare sole le persone e le loro famiglie\u00bb, hanno dichiarato Cristina Alini e Barbara Marascio, ideatrici dell\u2019iniziativa.<\/em><\/p>\n\n\n\n<p>Durante la serata \u00e8 intervenuta la dott.ssa <strong>Federica Cerri<\/strong>, neurologa del Centro Clinico NeMO di Milano, che ha ricordato il valore del sostegno alla cura e alla ricerca. <em>\u00abLa SLA \u00e8 una malattia complessa che richiede competenze specialistiche e una presa in carico continua. Il supporto che arriva dal territorio \u00e8 fondamentale per garantire qualit\u00e0 di cura, assistenza e ricerca. Iniziative come questa alimentano la speranza e permettono di dare continuit\u00e0 al lavoro quotidiano che svolgiamo accanto ai pazienti e alle loro famiglie<\/em>\u00bb, ha spiegato la dott.ssa Cerri.<\/p>\n\n\n\n<p>Protagonista della serata anche l\u2019Associazione <strong>SLAFOOD<\/strong>, nata per mettere il mondo dell\u2019alta cucina al servizio della solidariet\u00e0, con la preparazione di un risotto mantecato al momento e la partecipazione di Chef Ambassador. \u00ab<em>SLAFOOD esiste per parlare di SLA e per stare accanto a chi la vive. Lo facciamo attraverso il cibo, che diventa occasione di incontro, di raccolta fondi e di sensibilizzazione. Sostenere i Centri NeMO significa sostenere luoghi fondamentali dove le persone possono affrontare il percorso della malattia con competenza, dignit\u00e0 e la migliore qualit\u00e0 di vita possibile\u00bb,<\/em> ha dichiarato <strong>Davide Rafanelli<\/strong>, Presidente SLAFOOD ODV, Consigliere nazionale di AISLA APS e membro del Consiglio di Amministrazione del Centro Clinico NeMO. Tra gli chef presenti <strong>Fabio Zanetello, Cristian Benvenuto, Elio Sironi, Fabio Tonoli<\/strong> insieme alle creazioni del Maestro Panificatore <strong>Matteo Cunsolo.<\/strong><\/p>\n\n\n\n<p>Accanto al momento conviviale, si sono alternate performance artistiche dei volontari pensate per coinvolgere il pubblico e ricordare come creativit\u00e0 e bellezza possano diventare strumenti concreti di solidariet\u00e0. <\/p>\n\n\n\n<p>L\u2019evento ha rappresentato un\u2019importante occasione di partecipazione per il territorio, confermando come la collaborazione tra volontari, associazioni e cittadini possa trasformarsi in un aiuto reale per sostenere la ricerca e l\u2019assistenza dedicate alle persone con SLA.<\/p>\n\n\n\n<figure class=\"wp-block-image size-large is-resized\"><img decoding=\"async\" width=\"724\" height=\"1024\" src=\"https:\/\/www.centrocliniconemo.it\/wp-content\/uploads\/2026\/03\/locandina-22-marzo-724x1024.png\" alt=\"\" class=\"wp-image-26480\" style=\"width:500px\" srcset=\"https:\/\/www.centrocliniconemo.it\/wp-content\/uploads\/2026\/03\/locandina-22-marzo-724x1024.png 724w, https:\/\/www.centrocliniconemo.it\/wp-content\/uploads\/2026\/03\/locandina-22-marzo-212x300.png 212w, https:\/\/www.centrocliniconemo.it\/wp-content\/uploads\/2026\/03\/locandina-22-marzo-768x1086.png 768w, https:\/\/www.centrocliniconemo.it\/wp-content\/uploads\/2026\/03\/locandina-22-marzo-1086x1536.png 1086w, https:\/\/www.centrocliniconemo.it\/wp-content\/uploads\/2026\/03\/locandina-22-marzo-1448x2048.png 1448w, https:\/\/www.centrocliniconemo.it\/wp-content\/uploads\/2026\/03\/locandina-22-marzo-scaled.png 1810w\" sizes=\"(max-width: 724px) 100vw, 724px\" \/><\/figure>\n\n\n\n<p><\/p>\n","protected":false},"excerpt":{"rendered":"<p>RHO \u2013 Domenica 22 marzo, nella suggestiva Sala delle Volte del Centro Congressi Mantovani Furioli, all\u2019interno del Collegio dei Padri Oblati Missionari, si \u00e8 svolta SLArt &amp; Taste \u2013 arte, gusto e solidariet\u00e0 per la ricerca e la cura della SLA, una serata charity che ha unito convivialit\u00e0, arte e gastronomia con l\u2019obiettivo di sostenere [&hellip;]<\/p>\n","protected":false},"author":3,"featured_media":26507,"comment_status":"closed","ping_status":"closed","sticky":false,"template":"","format":"standard","meta":{"pgc_sgb_lightbox_settings":"","footnotes":""},"categories":[17],"tags":[18],"class_list":["post-26477","post","type-post","status-publish","format-standard","has-post-thumbnail","hentry","category-iniziative-ed-eventi","tag-nemo-milano"],"yoast_head":"<!-- This site is optimized with the Yoast SEO plugin v27.4 - https:\/\/yoast.com\/product\/yoast-seo-wordpress\/ -->\n<title>SLArt &amp; Taste a Rho: evento solidale per la SLA con NeMO<\/title>\n<meta name=\"description\" content=\"SLArt &amp; Taste a Rho: evento solidale per sostenere la ricerca sulla SLA e le attivit\u00e0 del Centro Clinico NeMO. Arte, aperitivo e solidariet\u00e0 il 22 marzo.\" \/>\n<meta name=\"robots\" content=\"index, follow, max-snippet:-1, max-image-preview:large, max-video-preview:-1\" \/>\n<link rel=\"canonical\" href=\"https:\/\/www.centrocliniconemo.it\/en\/blog\/slart-taste-rho-sla-nemo\/\" \/>\n<meta property=\"og:locale\" content=\"en_US\" \/>\n<meta property=\"og:type\" content=\"article\" \/>\n<meta property=\"og:title\" content=\"SLArt &amp; Taste a Rho: evento solidale per la SLA con NeMO\" \/>\n<meta property=\"og:description\" content=\"SLArt &amp; Taste a Rho: evento solidale per sostenere la ricerca sulla SLA e le attivit\u00e0 del Centro Clinico NeMO. Arte, aperitivo e solidariet\u00e0 il 22 marzo.\" \/>\n<meta property=\"og:url\" content=\"https:\/\/www.centrocliniconemo.it\/en\/blog\/slart-taste-rho-sla-nemo\/\" \/>\n<meta property=\"og:site_name\" content=\"Centro Clinico NeMO\" \/>\n<meta property=\"article:publisher\" content=\"https:\/\/www.facebook.com\/CentroNEMOItalia\" \/>\n<meta property=\"article:published_time\" content=\"2026-03-23T15:08:00+00:00\" \/>\n<meta property=\"article:modified_time\" content=\"2026-03-23T16:00:51+00:00\" \/>\n<meta property=\"og:image\" content=\"https:\/\/www.centrocliniconemo.it\/wp-content\/uploads\/2026\/03\/1-foto-di-gruppo-slart.jpg\" \/>\n\t<meta property=\"og:image:width\" content=\"1024\" \/>\n\t<meta property=\"og:image:height\" content=\"683\" \/>\n\t<meta property=\"og:image:type\" content=\"image\/jpeg\" \/>\n<meta name=\"author\" content=\"Paola Tomasi\" \/>\n<meta name=\"twitter:card\" content=\"summary_large_image\" \/>\n<meta name=\"twitter:creator\" content=\"@CentroNemo\" \/>\n<meta name=\"twitter:site\" content=\"@CentroNemo\" \/>\n<meta name=\"twitter:label1\" content=\"Written by\" \/>\n\t<meta name=\"twitter:data1\" content=\"Paola Tomasi\" \/>\n\t<meta name=\"twitter:label2\" content=\"Est. reading time\" \/>\n\t<meta name=\"twitter:data2\" content=\"4 minutes\" \/>\n<script type=\"application\/ld+json\" class=\"yoast-schema-graph\">{\"@context\":\"https:\\\/\\\/schema.org\",\"@graph\":[{\"@type\":\"Article\",\"@id\":\"https:\\\/\\\/www.centrocliniconemo.it\\\/en\\\/blog\\\/slart-taste-rho-sla-nemo\\\/#article\",\"isPartOf\":{\"@id\":\"https:\\\/\\\/www.centrocliniconemo.it\\\/en\\\/blog\\\/slart-taste-rho-sla-nemo\\\/\"},\"author\":{\"name\":\"Paola Tomasi\",\"@id\":\"https:\\\/\\\/www.centrocliniconemo.it\\\/en\\\/#\\\/schema\\\/person\\\/23b904ba18a16bb7b114b1f59642792e\"},\"headline\":\"A Rho \u201cSLArt &amp; Taste\u201d: arte, gusto e solidariet\u00e0 per sostenere la ricerca e la cura della SLA\",\"datePublished\":\"2026-03-23T15:08:00+00:00\",\"dateModified\":\"2026-03-23T16:00:51+00:00\",\"mainEntityOfPage\":{\"@id\":\"https:\\\/\\\/www.centrocliniconemo.it\\\/en\\\/blog\\\/slart-taste-rho-sla-nemo\\\/\"},\"wordCount\":506,\"publisher\":{\"@id\":\"https:\\\/\\\/www.centrocliniconemo.it\\\/en\\\/#organization\"},\"image\":{\"@id\":\"https:\\\/\\\/www.centrocliniconemo.it\\\/en\\\/blog\\\/slart-taste-rho-sla-nemo\\\/#primaryimage\"},\"thumbnailUrl\":\"https:\\\/\\\/www.centrocliniconemo.it\\\/wp-content\\\/uploads\\\/2026\\\/03\\\/1-foto-di-gruppo-slart.jpg\",\"keywords\":[\"NeMO Milano\"],\"articleSection\":[\"Iniziative ed eventi\"],\"inLanguage\":\"en-US\"},{\"@type\":\"WebPage\",\"@id\":\"https:\\\/\\\/www.centrocliniconemo.it\\\/en\\\/blog\\\/slart-taste-rho-sla-nemo\\\/\",\"url\":\"https:\\\/\\\/www.centrocliniconemo.it\\\/en\\\/blog\\\/slart-taste-rho-sla-nemo\\\/\",\"name\":\"SLArt & Taste a Rho: evento solidale per la SLA con NeMO\",\"isPartOf\":{\"@id\":\"https:\\\/\\\/www.centrocliniconemo.it\\\/en\\\/#website\"},\"primaryImageOfPage\":{\"@id\":\"https:\\\/\\\/www.centrocliniconemo.it\\\/en\\\/blog\\\/slart-taste-rho-sla-nemo\\\/#primaryimage\"},\"image\":{\"@id\":\"https:\\\/\\\/www.centrocliniconemo.it\\\/en\\\/blog\\\/slart-taste-rho-sla-nemo\\\/#primaryimage\"},\"thumbnailUrl\":\"https:\\\/\\\/www.centrocliniconemo.it\\\/wp-content\\\/uploads\\\/2026\\\/03\\\/1-foto-di-gruppo-slart.jpg\",\"datePublished\":\"2026-03-23T15:08:00+00:00\",\"dateModified\":\"2026-03-23T16:00:51+00:00\",\"description\":\"SLArt & Taste a Rho: evento solidale per sostenere la ricerca sulla SLA e le attivit\u00e0 del Centro Clinico NeMO. Arte, aperitivo e solidariet\u00e0 il 22 marzo.\",\"breadcrumb\":{\"@id\":\"https:\\\/\\\/www.centrocliniconemo.it\\\/en\\\/blog\\\/slart-taste-rho-sla-nemo\\\/#breadcrumb\"},\"inLanguage\":\"en-US\",\"potentialAction\":[{\"@type\":\"ReadAction\",\"target\":[\"https:\\\/\\\/www.centrocliniconemo.it\\\/en\\\/blog\\\/slart-taste-rho-sla-nemo\\\/\"]}]},{\"@type\":\"ImageObject\",\"inLanguage\":\"en-US\",\"@id\":\"https:\\\/\\\/www.centrocliniconemo.it\\\/en\\\/blog\\\/slart-taste-rho-sla-nemo\\\/#primaryimage\",\"url\":\"https:\\\/\\\/www.centrocliniconemo.it\\\/wp-content\\\/uploads\\\/2026\\\/03\\\/1-foto-di-gruppo-slart.jpg\",\"contentUrl\":\"https:\\\/\\\/www.centrocliniconemo.it\\\/wp-content\\\/uploads\\\/2026\\\/03\\\/1-foto-di-gruppo-slart.jpg\",\"width\":1024,\"height\":683},{\"@type\":\"BreadcrumbList\",\"@id\":\"https:\\\/\\\/www.centrocliniconemo.it\\\/en\\\/blog\\\/slart-taste-rho-sla-nemo\\\/#breadcrumb\",\"itemListElement\":[{\"@type\":\"ListItem\",\"position\":1,\"name\":\"Home\",\"item\":\"https:\\\/\\\/www.centrocliniconemo.it\\\/en\\\/\"},{\"@type\":\"ListItem\",\"position\":2,\"name\":\"A Rho \u201cSLArt &amp; Taste\u201d: arte, gusto e solidariet\u00e0 per sostenere la ricerca e la cura della SLA\"}]},{\"@type\":\"WebSite\",\"@id\":\"https:\\\/\\\/www.centrocliniconemo.it\\\/en\\\/#website\",\"url\":\"https:\\\/\\\/www.centrocliniconemo.it\\\/en\\\/\",\"name\":\"Centro Clinico NeMO\",\"description\":\"Il paziente al centro\",\"publisher\":{\"@id\":\"https:\\\/\\\/www.centrocliniconemo.it\\\/en\\\/#organization\"},\"potentialAction\":[{\"@type\":\"SearchAction\",\"target\":{\"@type\":\"EntryPoint\",\"urlTemplate\":\"https:\\\/\\\/www.centrocliniconemo.it\\\/en\\\/?s={search_term_string}\"},\"query-input\":{\"@type\":\"PropertyValueSpecification\",\"valueRequired\":true,\"valueName\":\"search_term_string\"}}],\"inLanguage\":\"en-US\"},{\"@type\":\"Organization\",\"@id\":\"https:\\\/\\\/www.centrocliniconemo.it\\\/en\\\/#organization\",\"name\":\"Centro Clinico NeMO - Fondazione Serena Onlus\",\"url\":\"https:\\\/\\\/www.centrocliniconemo.it\\\/en\\\/\",\"logo\":{\"@type\":\"ImageObject\",\"inLanguage\":\"en-US\",\"@id\":\"https:\\\/\\\/www.centrocliniconemo.it\\\/en\\\/#\\\/schema\\\/logo\\\/image\\\/\",\"url\":\"https:\\\/\\\/www.centrocliniconemo.it\\\/wp-content\\\/uploads\\\/2023\\\/03\\\/logo-nemo.svg\",\"contentUrl\":\"https:\\\/\\\/www.centrocliniconemo.it\\\/wp-content\\\/uploads\\\/2023\\\/03\\\/logo-nemo.svg\",\"width\":272,\"height\":109.142,\"caption\":\"Centro Clinico NeMO - Fondazione Serena Onlus\"},\"image\":{\"@id\":\"https:\\\/\\\/www.centrocliniconemo.it\\\/en\\\/#\\\/schema\\\/logo\\\/image\\\/\"},\"sameAs\":[\"https:\\\/\\\/www.facebook.com\\\/CentroNEMOItalia\",\"https:\\\/\\\/x.com\\\/CentroNemo\",\"https:\\\/\\\/www.linkedin.com\\\/company\\\/centrocliniconemo\\\/\",\"https:\\\/\\\/www.instagram.com\\\/centrocliniconemo\\\/\"]},{\"@type\":\"Person\",\"@id\":\"https:\\\/\\\/www.centrocliniconemo.it\\\/en\\\/#\\\/schema\\\/person\\\/23b904ba18a16bb7b114b1f59642792e\",\"name\":\"Paola Tomasi\",\"image\":{\"@type\":\"ImageObject\",\"inLanguage\":\"en-US\",\"@id\":\"https:\\\/\\\/secure.gravatar.com\\\/avatar\\\/74446384f79033bbbf711e67d0640ba1208293f1c7cd6b4abdc36fd985a8b9e4?s=96&d=mm&r=g\",\"url\":\"https:\\\/\\\/secure.gravatar.com\\\/avatar\\\/74446384f79033bbbf711e67d0640ba1208293f1c7cd6b4abdc36fd985a8b9e4?s=96&d=mm&r=g\",\"contentUrl\":\"https:\\\/\\\/secure.gravatar.com\\\/avatar\\\/74446384f79033bbbf711e67d0640ba1208293f1c7cd6b4abdc36fd985a8b9e4?s=96&d=mm&r=g\",\"caption\":\"Paola Tomasi\"}}]}<\/script>\n<!-- \/ Yoast SEO plugin. -->","yoast_head_json":{"title":"SLArt & Taste a Rho: evento solidale per la SLA con NeMO","description":"SLArt & Taste a Rho: evento solidale per sostenere la ricerca sulla SLA e le attivit\u00e0 del Centro Clinico NeMO. Arte, aperitivo e solidariet\u00e0 il 22 marzo.","robots":{"index":"index","follow":"follow","max-snippet":"max-snippet:-1","max-image-preview":"max-image-preview:large","max-video-preview":"max-video-preview:-1"},"canonical":"https:\/\/www.centrocliniconemo.it\/en\/blog\/slart-taste-rho-sla-nemo\/","og_locale":"en_US","og_type":"article","og_title":"SLArt & Taste a Rho: evento solidale per la SLA con NeMO","og_description":"SLArt & Taste a Rho: evento solidale per sostenere la ricerca sulla SLA e le attivit\u00e0 del Centro Clinico NeMO. Arte, aperitivo e solidariet\u00e0 il 22 marzo.","og_url":"https:\/\/www.centrocliniconemo.it\/en\/blog\/slart-taste-rho-sla-nemo\/","og_site_name":"Centro Clinico NeMO","article_publisher":"https:\/\/www.facebook.com\/CentroNEMOItalia","article_published_time":"2026-03-23T15:08:00+00:00","article_modified_time":"2026-03-23T16:00:51+00:00","og_image":[{"width":1024,"height":683,"url":"https:\/\/www.centrocliniconemo.it\/wp-content\/uploads\/2026\/03\/1-foto-di-gruppo-slart.jpg","type":"image\/jpeg"}],"author":"Paola Tomasi","twitter_card":"summary_large_image","twitter_creator":"@CentroNemo","twitter_site":"@CentroNemo","twitter_misc":{"Written by":"Paola Tomasi","Est. reading time":"4 minutes"},"schema":{"@context":"https:\/\/schema.org","@graph":[{"@type":"Article","@id":"https:\/\/www.centrocliniconemo.it\/en\/blog\/slart-taste-rho-sla-nemo\/#article","isPartOf":{"@id":"https:\/\/www.centrocliniconemo.it\/en\/blog\/slart-taste-rho-sla-nemo\/"},"author":{"name":"Paola Tomasi","@id":"https:\/\/www.centrocliniconemo.it\/en\/#\/schema\/person\/23b904ba18a16bb7b114b1f59642792e"},"headline":"A Rho \u201cSLArt &amp; Taste\u201d: arte, gusto e solidariet\u00e0 per sostenere la ricerca e la cura della SLA","datePublished":"2026-03-23T15:08:00+00:00","dateModified":"2026-03-23T16:00:51+00:00","mainEntityOfPage":{"@id":"https:\/\/www.centrocliniconemo.it\/en\/blog\/slart-taste-rho-sla-nemo\/"},"wordCount":506,"publisher":{"@id":"https:\/\/www.centrocliniconemo.it\/en\/#organization"},"image":{"@id":"https:\/\/www.centrocliniconemo.it\/en\/blog\/slart-taste-rho-sla-nemo\/#primaryimage"},"thumbnailUrl":"https:\/\/www.centrocliniconemo.it\/wp-content\/uploads\/2026\/03\/1-foto-di-gruppo-slart.jpg","keywords":["NeMO Milano"],"articleSection":["Iniziative ed eventi"],"inLanguage":"en-US"},{"@type":"WebPage","@id":"https:\/\/www.centrocliniconemo.it\/en\/blog\/slart-taste-rho-sla-nemo\/","url":"https:\/\/www.centrocliniconemo.it\/en\/blog\/slart-taste-rho-sla-nemo\/","name":"SLArt & Taste a Rho: evento solidale per la SLA con NeMO","isPartOf":{"@id":"https:\/\/www.centrocliniconemo.it\/en\/#website"},"primaryImageOfPage":{"@id":"https:\/\/www.centrocliniconemo.it\/en\/blog\/slart-taste-rho-sla-nemo\/#primaryimage"},"image":{"@id":"https:\/\/www.centrocliniconemo.it\/en\/blog\/slart-taste-rho-sla-nemo\/#primaryimage"},"thumbnailUrl":"https:\/\/www.centrocliniconemo.it\/wp-content\/uploads\/2026\/03\/1-foto-di-gruppo-slart.jpg","datePublished":"2026-03-23T15:08:00+00:00","dateModified":"2026-03-23T16:00:51+00:00","description":"SLArt & Taste a Rho: evento solidale per sostenere la ricerca sulla SLA e le attivit\u00e0 del Centro Clinico NeMO. Arte, aperitivo e solidariet\u00e0 il 22 marzo.","breadcrumb":{"@id":"https:\/\/www.centrocliniconemo.it\/en\/blog\/slart-taste-rho-sla-nemo\/#breadcrumb"},"inLanguage":"en-US","potentialAction":[{"@type":"ReadAction","target":["https:\/\/www.centrocliniconemo.it\/en\/blog\/slart-taste-rho-sla-nemo\/"]}]},{"@type":"ImageObject","inLanguage":"en-US","@id":"https:\/\/www.centrocliniconemo.it\/en\/blog\/slart-taste-rho-sla-nemo\/#primaryimage","url":"https:\/\/www.centrocliniconemo.it\/wp-content\/uploads\/2026\/03\/1-foto-di-gruppo-slart.jpg","contentUrl":"https:\/\/www.centrocliniconemo.it\/wp-content\/uploads\/2026\/03\/1-foto-di-gruppo-slart.jpg","width":1024,"height":683},{"@type":"BreadcrumbList","@id":"https:\/\/www.centrocliniconemo.it\/en\/blog\/slart-taste-rho-sla-nemo\/#breadcrumb","itemListElement":[{"@type":"ListItem","position":1,"name":"Home","item":"https:\/\/www.centrocliniconemo.it\/en\/"},{"@type":"ListItem","position":2,"name":"A Rho \u201cSLArt &amp; Taste\u201d: arte, gusto e solidariet\u00e0 per sostenere la ricerca e la cura della SLA"}]},{"@type":"WebSite","@id":"https:\/\/www.centrocliniconemo.it\/en\/#website","url":"https:\/\/www.centrocliniconemo.it\/en\/","name":"Centro Clinico NeMO","description":"Il paziente al centro","publisher":{"@id":"https:\/\/www.centrocliniconemo.it\/en\/#organization"},"potentialAction":[{"@type":"SearchAction","target":{"@type":"EntryPoint","urlTemplate":"https:\/\/www.centrocliniconemo.it\/en\/?s={search_term_string}"},"query-input":{"@type":"PropertyValueSpecification","valueRequired":true,"valueName":"search_term_string"}}],"inLanguage":"en-US"},{"@type":"Organization","@id":"https:\/\/www.centrocliniconemo.it\/en\/#organization","name":"Centro Clinico NeMO - Fondazione Serena Onlus","url":"https:\/\/www.centrocliniconemo.it\/en\/","logo":{"@type":"ImageObject","inLanguage":"en-US","@id":"https:\/\/www.centrocliniconemo.it\/en\/#\/schema\/logo\/image\/","url":"https:\/\/www.centrocliniconemo.it\/wp-content\/uploads\/2023\/03\/logo-nemo.svg","contentUrl":"https:\/\/www.centrocliniconemo.it\/wp-content\/uploads\/2023\/03\/logo-nemo.svg","width":272,"height":109.142,"caption":"Centro Clinico NeMO - Fondazione Serena Onlus"},"image":{"@id":"https:\/\/www.centrocliniconemo.it\/en\/#\/schema\/logo\/image\/"},"sameAs":["https:\/\/www.facebook.com\/CentroNEMOItalia","https:\/\/x.com\/CentroNemo","https:\/\/www.linkedin.com\/company\/centrocliniconemo\/","https:\/\/www.instagram.com\/centrocliniconemo\/"]},{"@type":"Person","@id":"https:\/\/www.centrocliniconemo.it\/en\/#\/schema\/person\/23b904ba18a16bb7b114b1f59642792e","name":"Paola Tomasi","image":{"@type":"ImageObject","inLanguage":"en-US","@id":"https:\/\/secure.gravatar.com\/avatar\/74446384f79033bbbf711e67d0640ba1208293f1c7cd6b4abdc36fd985a8b9e4?s=96&d=mm&r=g","url":"https:\/\/secure.gravatar.com\/avatar\/74446384f79033bbbf711e67d0640ba1208293f1c7cd6b4abdc36fd985a8b9e4?s=96&d=mm&r=g","contentUrl":"https:\/\/secure.gravatar.com\/avatar\/74446384f79033bbbf711e67d0640ba1208293f1c7cd6b4abdc36fd985a8b9e4?s=96&d=mm&r=g","caption":"Paola Tomasi"}}]}},"_links":{"self":[{"href":"https:\/\/www.centrocliniconemo.it\/en\/wp-json\/wp\/v2\/posts\/26477","targetHints":{"allow":["GET"]}}],"collection":[{"href":"https:\/\/www.centrocliniconemo.it\/en\/wp-json\/wp\/v2\/posts"}],"about":[{"href":"https:\/\/www.centrocliniconemo.it\/en\/wp-json\/wp\/v2\/types\/post"}],"author":[{"embeddable":true,"href":"https:\/\/www.centrocliniconemo.it\/en\/wp-json\/wp\/v2\/users\/3"}],"replies":[{"embeddable":true,"href":"https:\/\/www.centrocliniconemo.it\/en\/wp-json\/wp\/v2\/comments?post=26477"}],"version-history":[{"count":5,"href":"https:\/\/www.centrocliniconemo.it\/en\/wp-json\/wp\/v2\/posts\/26477\/revisions"}],"predecessor-version":[{"id":26515,"href":"https:\/\/www.centrocliniconemo.it\/en\/wp-json\/wp\/v2\/posts\/26477\/revisions\/26515"}],"wp:featuredmedia":[{"embeddable":true,"href":"https:\/\/www.centrocliniconemo.it\/en\/wp-json\/wp\/v2\/media\/26507"}],"wp:attachment":[{"href":"https:\/\/www.centrocliniconemo.it\/en\/wp-json\/wp\/v2\/media?parent=26477"}],"wp:term":[{"taxonomy":"category","embeddable":true,"href":"https:\/\/www.centrocliniconemo.it\/en\/wp-json\/wp\/v2\/categories?post=26477"},{"taxonomy":"post_tag","embeddable":true,"href":"https:\/\/www.centrocliniconemo.it\/en\/wp-json\/wp\/v2\/tags?post=26477"}],"curies":[{"name":"wp","href":"https:\/\/api.w.org\/{rel}","templated":true}]}}