{"id":26416,"date":"2026-03-12T10:28:49","date_gmt":"2026-03-12T10:28:49","guid":{"rendered":"https:\/\/www.centrocliniconemo.it\/blog\/?p=26416"},"modified":"2026-03-12T20:28:47","modified_gmt":"2026-03-12T20:28:47","slug":"sma-talent-school-seconda-edizione","status":"publish","type":"post","link":"https:\/\/www.centrocliniconemo.it\/en\/blog\/sma-talent-school-seconda-edizione\/","title":{"rendered":"SMA Talent School: il talento oltre lo schermo. Al via la seconda edizione tra arte, crescita personale e storytelling digitale"},"content":{"rendered":"\n<p><strong><em>Milano, 12 marzo <\/em><\/strong><em>&#8211;<\/em> Dalle aule virtuali al racconto sui social: <strong>il talento delle persone con SMA (Atrofia Muscolare Spinale) torna protagonista.<\/strong> Dopo il successo del debutto, riparte la <strong>SMA Talent School<\/strong>, il percorso formativo d\u2019eccellenza nato per trasformare la voce e l&#8217;espressione artistica in strumenti concreti di autodeterminazione e inclusione. Promosso dai Centri Clinici NeMO e Famiglie SMA, insieme a Roche, il progetto si conferma come uno spazio unico di formazione e condivisione, capace di <strong>valorizzare il potenziale e l\u2019identit\u00e0 di ogni partecipante.&nbsp;<\/strong><\/p>\n\n\n\n<p>La nuova edizione nasce con l\u2019obiettivo di accompagnare i partecipanti in un percorso strutturato e progressivo, che <strong>integra formazione artistica e sviluppo personale.<\/strong> Il programma didattico si articola in due macro aree complementari: una dedicata alle discipline artistiche e tecniche, con moduli di canto \u2013 tra tecnica vocale e songwriting\u2013 e recitazione, e una focalizzata sulla crescita personale e sull\u2019espressione creativa, attraverso attivit\u00e0 di cantoterapia, comunicazione e consapevolezza della voce e del corpo. I corsi saranno guidati da <strong>professionisti del settore artistico e da esperti della rete dei Centri Clinici NeMO,<\/strong> offrendo ai partecipanti un\u2019esperienza formativa altamente qualificata e multidisciplinare.&nbsp;<\/p>\n\n\n\n<p><em>\u00abLa SMA Talent School dimostra che la cura non significa solo trattare una malattia, ma creare le condizioni perch\u00e9 ogni persona possa esprimere pienamente se stessa\u00bb<\/em>, commenta <strong>Marco Rasconi, Presidente dei Centri Clinici NeMO.<\/strong> <em>\u00ab\u00c8 questo il senso del lavoro quotidiano dei Centri NeMO, mettere al centro la persona nella sua interezza e accompagnarla a sviluppare il proprio talento, la propria voce e le proprie capacit\u00e0 di relazione. Progetti come questo, nati dalla collaborazione e dalla co-progettazione tra partner che condividono una visione, permettono di generare opportunit\u00e0 reali affinch\u00e9 ciascuno possa costruire e realizzare il proprio progetto di vita\u00bb.<\/em><\/p>\n\n\n\n<p><em>\u00abIl vero talento \u00e8 la capacit\u00e0 di esprimere ci\u00f2 che si \u00e8 e farsi ascoltare con autenticit\u00e0\u00bb: dichiara la Presidente di Famiglie SMA <\/em><strong><em>Anita Pallara<\/em><\/strong><em>. \u00abQuesto \u00e8 l\u2019aspetto cardine del progetto e per noi la parte pi\u00f9 importante. La partecipazione numerosa alla prima edizione ci ha dimostrato che vivere con una patologia rara e una disabilit\u00e0 complessa non significa rinunciare alle proprie abilit\u00e0. Siamo orgogliosi di dare voce alla nostra comunit\u00e0, collaborando con partner e amici che condividono i nostri valori di inclusione e l\u2019impegno per una societ\u00e0 che valorizzi l\u2019unicit\u00e0 di ogni individuo\u00bb.<\/em><\/p>\n\n\n\n<p>La qualit\u00e0 della proposta didattica \u00e8 affidata ad <strong>Accademia09<\/strong>, che curer\u00e0 i percorsi sotto la guida di coach e docenti qualificati come <strong>Lalla Francia <\/strong>e <strong>Pierdavide Carone<\/strong>, supervisionati da <strong>Lavinia Longhi e Cristiano Violo<\/strong>, gi\u00e0 protagonisti della prima edizione. Novit\u00e0 di quest&#8217;anno \u00e8 il potenziamento dell&#8217;area dedicata alla crescita personale, affidata alla dottoressa <strong>Simona Spinoglio<\/strong>, psicologa esperta e persona con SMA, che guider\u00e0, insieme ad un team di psicologhe esperte in malattie neuromuscolari, i moduli di cantoterapia, comunicazione e capacit\u00e0 espressive.<\/p>\n\n\n\n<p><em>\u00abCon SMA Talent School vogliamo contribuire a creare opportunit\u00e0 concrete affinch\u00e9 le persone con SMA possano esprimere pienamente il proprio talento e rafforzare la fiducia nelle proprie capacit\u00e0<\/em> \u2013 dichiara <strong>Alessandra Ghirardini di Roche<\/strong> \u2013. <em>Questo progetto rappresenta per noi molto pi\u00f9 di un percorso formativo: \u00e8 un impegno verso la comunit\u00e0 SMA, con l\u2019obiettivo di promuovere inclusione, autodeterminazione e qualit\u00e0 della vita, valorizzando ogni voce come espressione autentica della persona\u00bb.<\/em><\/p>\n\n\n\n<p><br>Il progetto si conferma anche come <strong>un\u2019importante occasione per rafforzare la comunit\u00e0 e favorire il dialogo tra i partecipanti<\/strong>, grazie a una strategia di comunicazione digitale che vedr\u00e0 studenti e coach protagonisti attivi del racconto attraverso il canale Instagram dedicato (<strong>@smatalentschool<\/strong>). Video, clip e contenuti originali accompagneranno tutte le fasi del percorso, contribuendo a sensibilizzare il pubblico e a promuovere una narrazione autentica e positiva della SMA.<\/p>\n\n\n<div class=\"pgc-sgb-cb wp-block-pgcsimplygalleryblock-slider \" data-gallery-id=\"eb815165\"style=&quot;min-height:560px&quot;><div class=\"sgb-preloader\" id=\"pr_eb815165\">\n\t<div class=\"sgb-square\" style=\"background:#d4d4d4\"><\/div>\n\t<div class=\"sgb-square\" style=\"background:#d4d4d4\"><\/div>\n\t<div class=\"sgb-square\" style=\"background:#d4d4d4\"><\/div>\n\t<div class=\"sgb-square\" style=\"background:#d4d4d4\"><\/div><\/div><div class=\"simply-gallery-amp pgc_sgb_slider \"><noscript><div class=\"sgb-gallery\"><div class=\"sgb-item\"><a href=\"https:\/\/www.centrocliniconemo.it\/blog\/sma-talent-school-seconda-edizione\/attachment\/lavinia-longhi\/\" target=\"_blank\"><img loading=\"lazy\" decoding=\"async\" alt=\"\" width=\"240\" height=\"300\" loading=\"lazy\" src=\"https:\/\/www.centrocliniconemo.it\/wp-content\/uploads\/2026\/03\/lavinia-longhi-240x300.jpg\" srcset=\"https:\/\/www.centrocliniconemo.it\/wp-content\/uploads\/2026\/03\/lavinia-longhi-240x300.jpg 240w,https:\/\/www.centrocliniconemo.it\/wp-content\/uploads\/2026\/03\/lavinia-longhi-819x1024.jpg 819w,https:\/\/www.centrocliniconemo.it\/wp-content\/uploads\/2026\/03\/lavinia-longhi.jpg 1080w\" sizes=\"auto, 250px\"\/><\/a><\/div><div class=\"sgb-item\"><a href=\"https:\/\/www.centrocliniconemo.it\/blog\/sma-talent-school-seconda-edizione\/attachment\/coach-canto-01\/\" target=\"_blank\"><img loading=\"lazy\" decoding=\"async\" alt=\"\" width=\"240\" height=\"300\" loading=\"lazy\" src=\"https:\/\/www.centrocliniconemo.it\/wp-content\/uploads\/2026\/03\/Coach-Canto-01-240x300.png\" srcset=\"https:\/\/www.centrocliniconemo.it\/wp-content\/uploads\/2026\/03\/Coach-Canto-01-240x300.png 240w,https:\/\/www.centrocliniconemo.it\/wp-content\/uploads\/2026\/03\/Coach-Canto-01-819x1024.png 819w,https:\/\/www.centrocliniconemo.it\/wp-content\/uploads\/2026\/03\/Coach-Canto-01.png 1080w\" sizes=\"auto, 250px\"\/><\/a><\/div><div class=\"sgb-item\"><a href=\"https:\/\/www.centrocliniconemo.it\/blog\/sma-talent-school-seconda-edizione\/attachment\/coach-canto-02\/\" target=\"_blank\"><img loading=\"lazy\" decoding=\"async\" alt=\"\" width=\"240\" height=\"300\" loading=\"lazy\" src=\"https:\/\/www.centrocliniconemo.it\/wp-content\/uploads\/2026\/03\/Coach-Canto-02-240x300.png\" srcset=\"https:\/\/www.centrocliniconemo.it\/wp-content\/uploads\/2026\/03\/Coach-Canto-02-240x300.png 240w,https:\/\/www.centrocliniconemo.it\/wp-content\/uploads\/2026\/03\/Coach-Canto-02-819x1024.png 819w,https:\/\/www.centrocliniconemo.it\/wp-content\/uploads\/2026\/03\/Coach-Canto-02.png 1080w\" sizes=\"auto, 250px\"\/><\/a><\/div><div class=\"sgb-item\"><a href=\"https:\/\/www.centrocliniconemo.it\/blog\/sma-talent-school-seconda-edizione\/attachment\/coach-recitazione-02\/\" target=\"_blank\"><img loading=\"lazy\" decoding=\"async\" alt=\"\" width=\"240\" height=\"300\" loading=\"lazy\" src=\"https:\/\/www.centrocliniconemo.it\/wp-content\/uploads\/2026\/03\/Coach-Recitazione-02-240x300.jpg\" srcset=\"https:\/\/www.centrocliniconemo.it\/wp-content\/uploads\/2026\/03\/Coach-Recitazione-02-240x300.jpg 240w,https:\/\/www.centrocliniconemo.it\/wp-content\/uploads\/2026\/03\/Coach-Recitazione-02-819x1024.jpg 819w,https:\/\/www.centrocliniconemo.it\/wp-content\/uploads\/2026\/03\/Coach-Recitazione-02.jpg 1080w\" sizes=\"auto, 250px\"\/><\/a><\/div><div class=\"sgb-item\"><a href=\"https:\/\/www.centrocliniconemo.it\/blog\/sma-talent-school-seconda-edizione\/attachment\/coach-crescita-personale-07\/\" target=\"_blank\"><img loading=\"lazy\" decoding=\"async\" alt=\"\" width=\"240\" height=\"300\" loading=\"lazy\" src=\"https:\/\/www.centrocliniconemo.it\/wp-content\/uploads\/2026\/03\/Coach-Crescita-Personale-07-240x300.jpg\" srcset=\"https:\/\/www.centrocliniconemo.it\/wp-content\/uploads\/2026\/03\/Coach-Crescita-Personale-07-240x300.jpg 240w,https:\/\/www.centrocliniconemo.it\/wp-content\/uploads\/2026\/03\/Coach-Crescita-Personale-07-819x1024.jpg 819w,https:\/\/www.centrocliniconemo.it\/wp-content\/uploads\/2026\/03\/Coach-Crescita-Personale-07.jpg 1080w\" sizes=\"auto, 250px\"\/><\/a><\/div><div class=\"sgb-item\"><a href=\"https:\/\/www.centrocliniconemo.it\/blog\/sma-talent-school-seconda-edizione\/attachment\/coach-crescita-personale-06\/\" target=\"_blank\"><img loading=\"lazy\" decoding=\"async\" alt=\"\" width=\"240\" height=\"300\" loading=\"lazy\" src=\"https:\/\/www.centrocliniconemo.it\/wp-content\/uploads\/2026\/03\/Coach-Crescita-Personale-06-240x300.jpg\" srcset=\"https:\/\/www.centrocliniconemo.it\/wp-content\/uploads\/2026\/03\/Coach-Crescita-Personale-06-240x300.jpg 240w,https:\/\/www.centrocliniconemo.it\/wp-content\/uploads\/2026\/03\/Coach-Crescita-Personale-06-819x1024.jpg 819w,https:\/\/www.centrocliniconemo.it\/wp-content\/uploads\/2026\/03\/Coach-Crescita-Personale-06.jpg 1080w\" sizes=\"auto, 250px\"\/><\/a><\/div><div class=\"sgb-item\"><a href=\"https:\/\/www.centrocliniconemo.it\/blog\/sma-talent-school-seconda-edizione\/attachment\/coach-crescita-personale-04\/\" target=\"_blank\"><img loading=\"lazy\" decoding=\"async\" alt=\"\" width=\"240\" height=\"300\" loading=\"lazy\" src=\"https:\/\/www.centrocliniconemo.it\/wp-content\/uploads\/2026\/03\/Coach-Crescita-Personale-04-240x300.jpg\" srcset=\"https:\/\/www.centrocliniconemo.it\/wp-content\/uploads\/2026\/03\/Coach-Crescita-Personale-04-240x300.jpg 240w,https:\/\/www.centrocliniconemo.it\/wp-content\/uploads\/2026\/03\/Coach-Crescita-Personale-04-819x1024.jpg 819w,https:\/\/www.centrocliniconemo.it\/wp-content\/uploads\/2026\/03\/Coach-Crescita-Personale-04.jpg 1080w\" sizes=\"auto, 250px\"\/><\/a><\/div><div class=\"sgb-item\"><a href=\"https:\/\/www.centrocliniconemo.it\/blog\/sma-talent-school-seconda-edizione\/attachment\/coach-crescita-personale-03\/\" target=\"_blank\"><img loading=\"lazy\" decoding=\"async\" alt=\"\" width=\"240\" height=\"300\" loading=\"lazy\" src=\"https:\/\/www.centrocliniconemo.it\/wp-content\/uploads\/2026\/03\/Coach-Crescita-Personale-03-240x300.jpg\" srcset=\"https:\/\/www.centrocliniconemo.it\/wp-content\/uploads\/2026\/03\/Coach-Crescita-Personale-03-240x300.jpg 240w,https:\/\/www.centrocliniconemo.it\/wp-content\/uploads\/2026\/03\/Coach-Crescita-Personale-03-819x1024.jpg 819w,https:\/\/www.centrocliniconemo.it\/wp-content\/uploads\/2026\/03\/Coach-Crescita-Personale-03.jpg 1080w\" sizes=\"auto, 250px\"\/><\/a><\/div><div class=\"sgb-item\"><a href=\"https:\/\/www.centrocliniconemo.it\/blog\/sma-talent-school-seconda-edizione\/attachment\/coach-crescita-personale-01\/\" target=\"_blank\"><img loading=\"lazy\" decoding=\"async\" alt=\"\" width=\"240\" height=\"300\" loading=\"lazy\" src=\"https:\/\/www.centrocliniconemo.it\/wp-content\/uploads\/2026\/03\/Coach-Crescita-Personale-01-240x300.png\" srcset=\"https:\/\/www.centrocliniconemo.it\/wp-content\/uploads\/2026\/03\/Coach-Crescita-Personale-01-240x300.png 240w,https:\/\/www.centrocliniconemo.it\/wp-content\/uploads\/2026\/03\/Coach-Crescita-Personale-01-819x1024.png 819w,https:\/\/www.centrocliniconemo.it\/wp-content\/uploads\/2026\/03\/Coach-Crescita-Personale-01.png 1080w\" sizes=\"auto, 250px\"\/><\/a><\/div><\/div><\/noscript><\/div><script type=\"application\/json\" class=\"sgb-data\">{\"sliderMaxHeight\":560,\"sliderAdminWidth\":1263,\"galleryType\":\"pgc_sgb_slider\",\"galleryId\":\"eb815165\",\"images\":[{\"id\":26443,\"title\":\"lavinia longhi\",\"url\":\"https:\/\/www.centrocliniconemo.it\/wp-content\/uploads\/2026\/03\/lavinia-longhi.jpg\",\"link\":\"https:\/\/www.centrocliniconemo.it\/blog\/sma-talent-school-seconda-edizione\/attachment\/lavinia-longhi\/\",\"alt\":\"\",\"description\":\"\",\"caption\":\"\",\"mime\":\"image\/jpeg\",\"type\":\"image\",\"width\":1080,\"height\":1350,\"sizes\":{\"thumbnail\":{\"height\":150,\"width\":150,\"url\":\"https:\/\/www.centrocliniconemo.it\/wp-content\/uploads\/2026\/03\/lavinia-longhi-150x150.jpg\",\"orientation\":\"landscape\"},\"medium\":{\"height\":300,\"width\":240,\"url\":\"https:\/\/www.centrocliniconemo.it\/wp-content\/uploads\/2026\/03\/lavinia-longhi-240x300.jpg\",\"orientation\":\"portrait\"},\"large\":{\"height\":1024,\"width\":819,\"url\":\"https:\/\/www.centrocliniconemo.it\/wp-content\/uploads\/2026\/03\/lavinia-longhi-819x1024.jpg\",\"orientation\":\"portrait\"},\"full\":{\"url\":\"https:\/\/www.centrocliniconemo.it\/wp-content\/uploads\/2026\/03\/lavinia-longhi.jpg\",\"height\":1350,\"width\":1080,\"orientation\":\"portrait\"}},\"imageMeta\":{\"aperture\":\"0\",\"credit\":\"\",\"camera\":\"\",\"caption\":\"\",\"created_timestamp\":\"0\",\"copyright\":\"\",\"focal_length\":\"0\",\"iso\":\"0\",\"shutter_speed\":\"0\",\"title\":\"\",\"orientation\":\"0\",\"keywords\":[]},\"meta\":false,\"postlink\":\"https:\/\/www.centrocliniconemo.it\/blog\/sma-talent-school-seconda-edizione\/attachment\/lavinia-longhi\/\"},{\"id\":26422,\"title\":\"Coach Canto 01\",\"url\":\"https:\/\/www.centrocliniconemo.it\/wp-content\/uploads\/2026\/03\/Coach-Canto-01.png\",\"link\":\"https:\/\/www.centrocliniconemo.it\/blog\/sma-talent-school-seconda-edizione\/attachment\/coach-canto-01\/\",\"alt\":\"\",\"description\":\"\",\"caption\":\"\",\"mime\":\"image\/png\",\"type\":\"image\",\"width\":1080,\"height\":1350,\"sizes\":{\"thumbnail\":{\"height\":150,\"width\":150,\"url\":\"https:\/\/www.centrocliniconemo.it\/wp-content\/uploads\/2026\/03\/Coach-Canto-01-150x150.png\",\"orientation\":\"landscape\"},\"medium\":{\"height\":300,\"width\":240,\"url\":\"https:\/\/www.centrocliniconemo.it\/wp-content\/uploads\/2026\/03\/Coach-Canto-01-240x300.png\",\"orientation\":\"portrait\"},\"large\":{\"height\":1024,\"width\":819,\"url\":\"https:\/\/www.centrocliniconemo.it\/wp-content\/uploads\/2026\/03\/Coach-Canto-01-819x1024.png\",\"orientation\":\"portrait\"},\"full\":{\"url\":\"https:\/\/www.centrocliniconemo.it\/wp-content\/uploads\/2026\/03\/Coach-Canto-01.png\",\"height\":1350,\"width\":1080,\"orientation\":\"portrait\"}},\"imageMeta\":{\"aperture\":\"0\",\"credit\":\"\",\"camera\":\"\",\"caption\":\"\",\"created_timestamp\":\"0\",\"copyright\":\"\",\"focal_length\":\"0\",\"iso\":\"0\",\"shutter_speed\":\"0\",\"title\":\"\",\"orientation\":\"0\",\"keywords\":[]},\"meta\":false,\"postlink\":\"https:\/\/www.centrocliniconemo.it\/blog\/sma-talent-school-seconda-edizione\/attachment\/coach-canto-01\/\"},{\"id\":26424,\"title\":\"Coach Canto 02\",\"url\":\"https:\/\/www.centrocliniconemo.it\/wp-content\/uploads\/2026\/03\/Coach-Canto-02.png\",\"link\":\"https:\/\/www.centrocliniconemo.it\/blog\/sma-talent-school-seconda-edizione\/attachment\/coach-canto-02\/\",\"alt\":\"\",\"description\":\"\",\"caption\":\"\",\"mime\":\"image\/png\",\"type\":\"image\",\"width\":1080,\"height\":1350,\"sizes\":{\"thumbnail\":{\"height\":150,\"width\":150,\"url\":\"https:\/\/www.centrocliniconemo.it\/wp-content\/uploads\/2026\/03\/Coach-Canto-02-150x150.png\",\"orientation\":\"landscape\"},\"medium\":{\"height\":300,\"width\":240,\"url\":\"https:\/\/www.centrocliniconemo.it\/wp-content\/uploads\/2026\/03\/Coach-Canto-02-240x300.png\",\"orientation\":\"portrait\"},\"large\":{\"height\":1024,\"width\":819,\"url\":\"https:\/\/www.centrocliniconemo.it\/wp-content\/uploads\/2026\/03\/Coach-Canto-02-819x1024.png\",\"orientation\":\"portrait\"},\"full\":{\"url\":\"https:\/\/www.centrocliniconemo.it\/wp-content\/uploads\/2026\/03\/Coach-Canto-02.png\",\"height\":1350,\"width\":1080,\"orientation\":\"portrait\"}},\"imageMeta\":{\"aperture\":\"0\",\"credit\":\"\",\"camera\":\"\",\"caption\":\"\",\"created_timestamp\":\"0\",\"copyright\":\"\",\"focal_length\":\"0\",\"iso\":\"0\",\"shutter_speed\":\"0\",\"title\":\"\",\"orientation\":\"0\",\"keywords\":[]},\"meta\":false,\"postlink\":\"https:\/\/www.centrocliniconemo.it\/blog\/sma-talent-school-seconda-edizione\/attachment\/coach-canto-02\/\"},{\"id\":26440,\"title\":\"Coach Recitazione 02\",\"url\":\"https:\/\/www.centrocliniconemo.it\/wp-content\/uploads\/2026\/03\/Coach-Recitazione-02.jpg\",\"link\":\"https:\/\/www.centrocliniconemo.it\/blog\/sma-talent-school-seconda-edizione\/attachment\/coach-recitazione-02\/\",\"alt\":\"\",\"description\":\"\",\"caption\":\"\",\"mime\":\"image\/jpeg\",\"type\":\"image\",\"width\":1080,\"height\":1350,\"sizes\":{\"thumbnail\":{\"height\":150,\"width\":150,\"url\":\"https:\/\/www.centrocliniconemo.it\/wp-content\/uploads\/2026\/03\/Coach-Recitazione-02-150x150.jpg\",\"orientation\":\"landscape\"},\"medium\":{\"height\":300,\"width\":240,\"url\":\"https:\/\/www.centrocliniconemo.it\/wp-content\/uploads\/2026\/03\/Coach-Recitazione-02-240x300.jpg\",\"orientation\":\"portrait\"},\"large\":{\"height\":1024,\"width\":819,\"url\":\"https:\/\/www.centrocliniconemo.it\/wp-content\/uploads\/2026\/03\/Coach-Recitazione-02-819x1024.jpg\",\"orientation\":\"portrait\"},\"full\":{\"url\":\"https:\/\/www.centrocliniconemo.it\/wp-content\/uploads\/2026\/03\/Coach-Recitazione-02.jpg\",\"height\":1350,\"width\":1080,\"orientation\":\"portrait\"}},\"imageMeta\":{\"aperture\":\"0\",\"credit\":\"\",\"camera\":\"\",\"caption\":\"\",\"created_timestamp\":\"0\",\"copyright\":\"\",\"focal_length\":\"0\",\"iso\":\"0\",\"shutter_speed\":\"0\",\"title\":\"\",\"orientation\":\"0\",\"keywords\":[]},\"meta\":false,\"postlink\":\"https:\/\/www.centrocliniconemo.it\/blog\/sma-talent-school-seconda-edizione\/attachment\/coach-recitazione-02\/\"},{\"id\":26436,\"title\":\"Coach Crescita Personale 07\",\"url\":\"https:\/\/www.centrocliniconemo.it\/wp-content\/uploads\/2026\/03\/Coach-Crescita-Personale-07.jpg\",\"link\":\"https:\/\/www.centrocliniconemo.it\/blog\/sma-talent-school-seconda-edizione\/attachment\/coach-crescita-personale-07\/\",\"alt\":\"\",\"description\":\"\",\"caption\":\"\",\"mime\":\"image\/jpeg\",\"type\":\"image\",\"width\":1080,\"height\":1350,\"sizes\":{\"thumbnail\":{\"height\":150,\"width\":150,\"url\":\"https:\/\/www.centrocliniconemo.it\/wp-content\/uploads\/2026\/03\/Coach-Crescita-Personale-07-150x150.jpg\",\"orientation\":\"landscape\"},\"medium\":{\"height\":300,\"width\":240,\"url\":\"https:\/\/www.centrocliniconemo.it\/wp-content\/uploads\/2026\/03\/Coach-Crescita-Personale-07-240x300.jpg\",\"orientation\":\"portrait\"},\"large\":{\"height\":1024,\"width\":819,\"url\":\"https:\/\/www.centrocliniconemo.it\/wp-content\/uploads\/2026\/03\/Coach-Crescita-Personale-07-819x1024.jpg\",\"orientation\":\"portrait\"},\"full\":{\"url\":\"https:\/\/www.centrocliniconemo.it\/wp-content\/uploads\/2026\/03\/Coach-Crescita-Personale-07.jpg\",\"height\":1350,\"width\":1080,\"orientation\":\"portrait\"}},\"imageMeta\":{\"aperture\":\"0\",\"credit\":\"\",\"camera\":\"\",\"caption\":\"\",\"created_timestamp\":\"0\",\"copyright\":\"\",\"focal_length\":\"0\",\"iso\":\"0\",\"shutter_speed\":\"0\",\"title\":\"\",\"orientation\":\"0\",\"keywords\":[]},\"meta\":false,\"postlink\":\"https:\/\/www.centrocliniconemo.it\/blog\/sma-talent-school-seconda-edizione\/attachment\/coach-crescita-personale-07\/\"},{\"id\":26434,\"title\":\"Coach Crescita Personale 06\",\"url\":\"https:\/\/www.centrocliniconemo.it\/wp-content\/uploads\/2026\/03\/Coach-Crescita-Personale-06.jpg\",\"link\":\"https:\/\/www.centrocliniconemo.it\/blog\/sma-talent-school-seconda-edizione\/attachment\/coach-crescita-personale-06\/\",\"alt\":\"\",\"description\":\"\",\"caption\":\"\",\"mime\":\"image\/jpeg\",\"type\":\"image\",\"width\":1080,\"height\":1350,\"sizes\":{\"thumbnail\":{\"height\":150,\"width\":150,\"url\":\"https:\/\/www.centrocliniconemo.it\/wp-content\/uploads\/2026\/03\/Coach-Crescita-Personale-06-150x150.jpg\",\"orientation\":\"landscape\"},\"medium\":{\"height\":300,\"width\":240,\"url\":\"https:\/\/www.centrocliniconemo.it\/wp-content\/uploads\/2026\/03\/Coach-Crescita-Personale-06-240x300.jpg\",\"orientation\":\"portrait\"},\"large\":{\"height\":1024,\"width\":819,\"url\":\"https:\/\/www.centrocliniconemo.it\/wp-content\/uploads\/2026\/03\/Coach-Crescita-Personale-06-819x1024.jpg\",\"orientation\":\"portrait\"},\"full\":{\"url\":\"https:\/\/www.centrocliniconemo.it\/wp-content\/uploads\/2026\/03\/Coach-Crescita-Personale-06.jpg\",\"height\":1350,\"width\":1080,\"orientation\":\"portrait\"}},\"imageMeta\":{\"aperture\":\"0\",\"credit\":\"\",\"camera\":\"\",\"caption\":\"\",\"created_timestamp\":\"0\",\"copyright\":\"\",\"focal_length\":\"0\",\"iso\":\"0\",\"shutter_speed\":\"0\",\"title\":\"\",\"orientation\":\"0\",\"keywords\":[]},\"meta\":false,\"postlink\":\"https:\/\/www.centrocliniconemo.it\/blog\/sma-talent-school-seconda-edizione\/attachment\/coach-crescita-personale-06\/\"},{\"id\":26430,\"title\":\"Coach Crescita Personale 04\",\"url\":\"https:\/\/www.centrocliniconemo.it\/wp-content\/uploads\/2026\/03\/Coach-Crescita-Personale-04.jpg\",\"link\":\"https:\/\/www.centrocliniconemo.it\/blog\/sma-talent-school-seconda-edizione\/attachment\/coach-crescita-personale-04\/\",\"alt\":\"\",\"description\":\"\",\"caption\":\"\",\"mime\":\"image\/jpeg\",\"type\":\"image\",\"width\":1080,\"height\":1350,\"sizes\":{\"thumbnail\":{\"height\":150,\"width\":150,\"url\":\"https:\/\/www.centrocliniconemo.it\/wp-content\/uploads\/2026\/03\/Coach-Crescita-Personale-04-150x150.jpg\",\"orientation\":\"landscape\"},\"medium\":{\"height\":300,\"width\":240,\"url\":\"https:\/\/www.centrocliniconemo.it\/wp-content\/uploads\/2026\/03\/Coach-Crescita-Personale-04-240x300.jpg\",\"orientation\":\"portrait\"},\"large\":{\"height\":1024,\"width\":819,\"url\":\"https:\/\/www.centrocliniconemo.it\/wp-content\/uploads\/2026\/03\/Coach-Crescita-Personale-04-819x1024.jpg\",\"orientation\":\"portrait\"},\"full\":{\"url\":\"https:\/\/www.centrocliniconemo.it\/wp-content\/uploads\/2026\/03\/Coach-Crescita-Personale-04.jpg\",\"height\":1350,\"width\":1080,\"orientation\":\"portrait\"}},\"imageMeta\":{\"aperture\":\"0\",\"credit\":\"\",\"camera\":\"\",\"caption\":\"\",\"created_timestamp\":\"0\",\"copyright\":\"\",\"focal_length\":\"0\",\"iso\":\"0\",\"shutter_speed\":\"0\",\"title\":\"\",\"orientation\":\"0\",\"keywords\":[]},\"meta\":false,\"postlink\":\"https:\/\/www.centrocliniconemo.it\/blog\/sma-talent-school-seconda-edizione\/attachment\/coach-crescita-personale-04\/\"},{\"id\":26428,\"title\":\"Coach Crescita Personale 03\",\"url\":\"https:\/\/www.centrocliniconemo.it\/wp-content\/uploads\/2026\/03\/Coach-Crescita-Personale-03.jpg\",\"link\":\"https:\/\/www.centrocliniconemo.it\/blog\/sma-talent-school-seconda-edizione\/attachment\/coach-crescita-personale-03\/\",\"alt\":\"\",\"description\":\"\",\"caption\":\"\",\"mime\":\"image\/jpeg\",\"type\":\"image\",\"width\":1080,\"height\":1350,\"sizes\":{\"thumbnail\":{\"height\":150,\"width\":150,\"url\":\"https:\/\/www.centrocliniconemo.it\/wp-content\/uploads\/2026\/03\/Coach-Crescita-Personale-03-150x150.jpg\",\"orientation\":\"landscape\"},\"medium\":{\"height\":300,\"width\":240,\"url\":\"https:\/\/www.centrocliniconemo.it\/wp-content\/uploads\/2026\/03\/Coach-Crescita-Personale-03-240x300.jpg\",\"orientation\":\"portrait\"},\"large\":{\"height\":1024,\"width\":819,\"url\":\"https:\/\/www.centrocliniconemo.it\/wp-content\/uploads\/2026\/03\/Coach-Crescita-Personale-03-819x1024.jpg\",\"orientation\":\"portrait\"},\"full\":{\"url\":\"https:\/\/www.centrocliniconemo.it\/wp-content\/uploads\/2026\/03\/Coach-Crescita-Personale-03.jpg\",\"height\":1350,\"width\":1080,\"orientation\":\"portrait\"}},\"imageMeta\":{\"aperture\":\"0\",\"credit\":\"\",\"camera\":\"\",\"caption\":\"\",\"created_timestamp\":\"0\",\"copyright\":\"\",\"focal_length\":\"0\",\"iso\":\"0\",\"shutter_speed\":\"0\",\"title\":\"\",\"orientation\":\"0\",\"keywords\":[]},\"meta\":false,\"postlink\":\"https:\/\/www.centrocliniconemo.it\/blog\/sma-talent-school-seconda-edizione\/attachment\/coach-crescita-personale-03\/\"},{\"id\":26426,\"title\":\"Coach Crescita Personale 01\",\"url\":\"https:\/\/www.centrocliniconemo.it\/wp-content\/uploads\/2026\/03\/Coach-Crescita-Personale-01.png\",\"link\":\"https:\/\/www.centrocliniconemo.it\/blog\/sma-talent-school-seconda-edizione\/attachment\/coach-crescita-personale-01\/\",\"alt\":\"\",\"description\":\"\",\"caption\":\"\",\"mime\":\"image\/png\",\"type\":\"image\",\"width\":1080,\"height\":1350,\"sizes\":{\"thumbnail\":{\"height\":150,\"width\":150,\"url\":\"https:\/\/www.centrocliniconemo.it\/wp-content\/uploads\/2026\/03\/Coach-Crescita-Personale-01-150x150.png\",\"orientation\":\"landscape\"},\"medium\":{\"height\":300,\"width\":240,\"url\":\"https:\/\/www.centrocliniconemo.it\/wp-content\/uploads\/2026\/03\/Coach-Crescita-Personale-01-240x300.png\",\"orientation\":\"portrait\"},\"large\":{\"height\":1024,\"width\":819,\"url\":\"https:\/\/www.centrocliniconemo.it\/wp-content\/uploads\/2026\/03\/Coach-Crescita-Personale-01-819x1024.png\",\"orientation\":\"portrait\"},\"full\":{\"url\":\"https:\/\/www.centrocliniconemo.it\/wp-content\/uploads\/2026\/03\/Coach-Crescita-Personale-01.png\",\"height\":1350,\"width\":1080,\"orientation\":\"portrait\"}},\"imageMeta\":{\"aperture\":\"0\",\"credit\":\"\",\"camera\":\"\",\"caption\":\"\",\"created_timestamp\":\"0\",\"copyright\":\"\",\"focal_length\":\"0\",\"iso\":\"0\",\"shutter_speed\":\"0\",\"title\":\"\",\"orientation\":\"0\",\"keywords\":[]},\"meta\":false,\"postlink\":\"https:\/\/www.centrocliniconemo.it\/blog\/sma-talent-school-seconda-edizione\/attachment\/coach-crescita-personale-01\/\"}],\"jetDynamicVisibility\":{\"jedv_enabled\":false},\"jetPopupInstance\":\"none\",\"jetPopupTriggerType\":\"none\",\"jetPopupCustomSelector\":\"\",\"jetPopupIsJetEngine\":false,\"itemsMetaDataCollection\":[]}<\/script><script>(function(){if(window.PGC_SGB && window.PGC_SGB.searcher){window.PGC_SGB.searcher.initBlocks()}})()<\/script><\/div>\n\n\n<p><\/p>\n","protected":false},"excerpt":{"rendered":"<p>Milano, 12 marzo &#8211; Dalle aule virtuali al racconto sui social: il talento delle persone con SMA (Atrofia Muscolare Spinale) torna protagonista. Dopo il successo del debutto, riparte la SMA Talent School, il percorso formativo d\u2019eccellenza nato per trasformare la voce e l&#8217;espressione artistica in strumenti concreti di autodeterminazione e inclusione. Promosso dai Centri Clinici [&hellip;]<\/p>\n","protected":false},"author":3,"featured_media":26417,"comment_status":"closed","ping_status":"closed","sticky":false,"template":"","format":"standard","meta":{"pgc_sgb_lightbox_settings":"","footnotes":""},"categories":[257,17,1],"tags":[225,19,22,107,18,30,24,25],"class_list":["post-26416","post","type-post","status-publish","format-standard","has-post-thumbnail","hentry","category-formazione","category-iniziative-ed-eventi","category-storie-di-nemo","tag-famiglie-sma","tag-nemo-ancona","tag-nemo-brescia","tag-nemo-genova","tag-nemo-milano","tag-nemo-napoli","tag-nemo-roma","tag-nemo-trento"],"yoast_head":"<!-- This site is optimized with the Yoast SEO plugin v27.4 - https:\/\/yoast.com\/product\/yoast-seo-wordpress\/ -->\n<title>SMA Talent School: al via la seconda edizione del progetto per valorizzare il talento delle persone con SMA<\/title>\n<meta name=\"description\" content=\"Riparte SMA Talent School, il percorso promosso da Centri Clinici NeMO, Famiglie SMA e Roche che valorizza talento, voce ed espressione delle persone con SMA.\" \/>\n<meta name=\"robots\" content=\"index, follow, max-snippet:-1, max-image-preview:large, max-video-preview:-1\" \/>\n<link rel=\"canonical\" href=\"https:\/\/www.centrocliniconemo.it\/en\/blog\/sma-talent-school-seconda-edizione\/\" \/>\n<meta property=\"og:locale\" content=\"en_US\" \/>\n<meta property=\"og:type\" content=\"article\" \/>\n<meta property=\"og:title\" content=\"SMA Talent School: al via la seconda edizione del progetto per valorizzare il talento delle persone con SMA\" \/>\n<meta property=\"og:description\" content=\"Riparte SMA Talent School, il percorso promosso da Centri Clinici NeMO, Famiglie SMA e Roche che valorizza talento, voce ed espressione delle persone con SMA.\" \/>\n<meta property=\"og:url\" content=\"https:\/\/www.centrocliniconemo.it\/en\/blog\/sma-talent-school-seconda-edizione\/\" \/>\n<meta property=\"og:site_name\" content=\"Centro Clinico NeMO\" \/>\n<meta property=\"article:publisher\" content=\"https:\/\/www.facebook.com\/CentroNEMOItalia\" \/>\n<meta property=\"article:published_time\" content=\"2026-03-12T10:28:49+00:00\" \/>\n<meta property=\"article:modified_time\" content=\"2026-03-12T20:28:47+00:00\" \/>\n<meta property=\"og:image\" content=\"https:\/\/www.centrocliniconemo.it\/wp-content\/uploads\/2026\/03\/SMA-Talent-School-2_IMMAGINE-WEBSITE.png\" \/>\n\t<meta property=\"og:image:width\" content=\"1600\" \/>\n\t<meta property=\"og:image:height\" content=\"900\" \/>\n\t<meta property=\"og:image:type\" content=\"image\/png\" \/>\n<meta name=\"author\" content=\"Paola Tomasi\" \/>\n<meta name=\"twitter:card\" content=\"summary_large_image\" \/>\n<meta name=\"twitter:creator\" content=\"@CentroNemo\" \/>\n<meta name=\"twitter:site\" content=\"@CentroNemo\" \/>\n<meta name=\"twitter:label1\" content=\"Written by\" \/>\n\t<meta name=\"twitter:data1\" content=\"Paola Tomasi\" \/>\n\t<meta name=\"twitter:label2\" content=\"Est. reading time\" \/>\n\t<meta name=\"twitter:data2\" content=\"6 minutes\" \/>\n<script type=\"application\/ld+json\" class=\"yoast-schema-graph\">{\"@context\":\"https:\\\/\\\/schema.org\",\"@graph\":[{\"@type\":\"Article\",\"@id\":\"https:\\\/\\\/www.centrocliniconemo.it\\\/en\\\/blog\\\/sma-talent-school-seconda-edizione\\\/#article\",\"isPartOf\":{\"@id\":\"https:\\\/\\\/www.centrocliniconemo.it\\\/en\\\/blog\\\/sma-talent-school-seconda-edizione\\\/\"},\"author\":{\"name\":\"Paola Tomasi\",\"@id\":\"https:\\\/\\\/www.centrocliniconemo.it\\\/en\\\/#\\\/schema\\\/person\\\/23b904ba18a16bb7b114b1f59642792e\"},\"headline\":\"SMA Talent School: il talento oltre lo schermo. Al via la seconda edizione tra arte, crescita personale e storytelling digitale\",\"datePublished\":\"2026-03-12T10:28:49+00:00\",\"dateModified\":\"2026-03-12T20:28:47+00:00\",\"mainEntityOfPage\":{\"@id\":\"https:\\\/\\\/www.centrocliniconemo.it\\\/en\\\/blog\\\/sma-talent-school-seconda-edizione\\\/\"},\"wordCount\":620,\"publisher\":{\"@id\":\"https:\\\/\\\/www.centrocliniconemo.it\\\/en\\\/#organization\"},\"image\":{\"@id\":\"https:\\\/\\\/www.centrocliniconemo.it\\\/en\\\/blog\\\/sma-talent-school-seconda-edizione\\\/#primaryimage\"},\"thumbnailUrl\":\"https:\\\/\\\/www.centrocliniconemo.it\\\/wp-content\\\/uploads\\\/2026\\\/03\\\/SMA-Talent-School-2_IMMAGINE-WEBSITE.png\",\"keywords\":[\"Famiglie SMA\",\"NeMO Ancona\",\"NeMO Brescia\",\"NeMo Genova\",\"NeMO Milano\",\"NeMO Napoli\",\"NeMO Roma\",\"NeMO Trento\"],\"articleSection\":[\"Formazione\",\"Iniziative ed eventi\",\"Storie di NeMO\"],\"inLanguage\":\"en-US\"},{\"@type\":\"WebPage\",\"@id\":\"https:\\\/\\\/www.centrocliniconemo.it\\\/en\\\/blog\\\/sma-talent-school-seconda-edizione\\\/\",\"url\":\"https:\\\/\\\/www.centrocliniconemo.it\\\/en\\\/blog\\\/sma-talent-school-seconda-edizione\\\/\",\"name\":\"SMA Talent School: al via la seconda edizione del progetto per valorizzare il talento delle persone con SMA\",\"isPartOf\":{\"@id\":\"https:\\\/\\\/www.centrocliniconemo.it\\\/en\\\/#website\"},\"primaryImageOfPage\":{\"@id\":\"https:\\\/\\\/www.centrocliniconemo.it\\\/en\\\/blog\\\/sma-talent-school-seconda-edizione\\\/#primaryimage\"},\"image\":{\"@id\":\"https:\\\/\\\/www.centrocliniconemo.it\\\/en\\\/blog\\\/sma-talent-school-seconda-edizione\\\/#primaryimage\"},\"thumbnailUrl\":\"https:\\\/\\\/www.centrocliniconemo.it\\\/wp-content\\\/uploads\\\/2026\\\/03\\\/SMA-Talent-School-2_IMMAGINE-WEBSITE.png\",\"datePublished\":\"2026-03-12T10:28:49+00:00\",\"dateModified\":\"2026-03-12T20:28:47+00:00\",\"description\":\"Riparte SMA Talent School, il percorso promosso da Centri Clinici NeMO, Famiglie SMA e Roche che valorizza talento, voce ed espressione delle persone con SMA.\",\"breadcrumb\":{\"@id\":\"https:\\\/\\\/www.centrocliniconemo.it\\\/en\\\/blog\\\/sma-talent-school-seconda-edizione\\\/#breadcrumb\"},\"inLanguage\":\"en-US\",\"potentialAction\":[{\"@type\":\"ReadAction\",\"target\":[\"https:\\\/\\\/www.centrocliniconemo.it\\\/en\\\/blog\\\/sma-talent-school-seconda-edizione\\\/\"]}]},{\"@type\":\"ImageObject\",\"inLanguage\":\"en-US\",\"@id\":\"https:\\\/\\\/www.centrocliniconemo.it\\\/en\\\/blog\\\/sma-talent-school-seconda-edizione\\\/#primaryimage\",\"url\":\"https:\\\/\\\/www.centrocliniconemo.it\\\/wp-content\\\/uploads\\\/2026\\\/03\\\/SMA-Talent-School-2_IMMAGINE-WEBSITE.png\",\"contentUrl\":\"https:\\\/\\\/www.centrocliniconemo.it\\\/wp-content\\\/uploads\\\/2026\\\/03\\\/SMA-Talent-School-2_IMMAGINE-WEBSITE.png\",\"width\":1600,\"height\":900,\"caption\":\"sma talent school 2\"},{\"@type\":\"BreadcrumbList\",\"@id\":\"https:\\\/\\\/www.centrocliniconemo.it\\\/en\\\/blog\\\/sma-talent-school-seconda-edizione\\\/#breadcrumb\",\"itemListElement\":[{\"@type\":\"ListItem\",\"position\":1,\"name\":\"Home\",\"item\":\"https:\\\/\\\/www.centrocliniconemo.it\\\/en\\\/\"},{\"@type\":\"ListItem\",\"position\":2,\"name\":\"SMA Talent School: il talento oltre lo schermo. Al via la seconda edizione tra arte, crescita personale e storytelling digitale\"}]},{\"@type\":\"WebSite\",\"@id\":\"https:\\\/\\\/www.centrocliniconemo.it\\\/en\\\/#website\",\"url\":\"https:\\\/\\\/www.centrocliniconemo.it\\\/en\\\/\",\"name\":\"Centro Clinico NeMO\",\"description\":\"Il paziente al centro\",\"publisher\":{\"@id\":\"https:\\\/\\\/www.centrocliniconemo.it\\\/en\\\/#organization\"},\"potentialAction\":[{\"@type\":\"SearchAction\",\"target\":{\"@type\":\"EntryPoint\",\"urlTemplate\":\"https:\\\/\\\/www.centrocliniconemo.it\\\/en\\\/?s={search_term_string}\"},\"query-input\":{\"@type\":\"PropertyValueSpecification\",\"valueRequired\":true,\"valueName\":\"search_term_string\"}}],\"inLanguage\":\"en-US\"},{\"@type\":\"Organization\",\"@id\":\"https:\\\/\\\/www.centrocliniconemo.it\\\/en\\\/#organization\",\"name\":\"Centro Clinico NeMO - Fondazione Serena Onlus\",\"url\":\"https:\\\/\\\/www.centrocliniconemo.it\\\/en\\\/\",\"logo\":{\"@type\":\"ImageObject\",\"inLanguage\":\"en-US\",\"@id\":\"https:\\\/\\\/www.centrocliniconemo.it\\\/en\\\/#\\\/schema\\\/logo\\\/image\\\/\",\"url\":\"https:\\\/\\\/www.centrocliniconemo.it\\\/wp-content\\\/uploads\\\/2023\\\/03\\\/logo-nemo.svg\",\"contentUrl\":\"https:\\\/\\\/www.centrocliniconemo.it\\\/wp-content\\\/uploads\\\/2023\\\/03\\\/logo-nemo.svg\",\"width\":272,\"height\":109.142,\"caption\":\"Centro Clinico NeMO - Fondazione Serena Onlus\"},\"image\":{\"@id\":\"https:\\\/\\\/www.centrocliniconemo.it\\\/en\\\/#\\\/schema\\\/logo\\\/image\\\/\"},\"sameAs\":[\"https:\\\/\\\/www.facebook.com\\\/CentroNEMOItalia\",\"https:\\\/\\\/x.com\\\/CentroNemo\",\"https:\\\/\\\/www.linkedin.com\\\/company\\\/centrocliniconemo\\\/\",\"https:\\\/\\\/www.instagram.com\\\/centrocliniconemo\\\/\"]},{\"@type\":\"Person\",\"@id\":\"https:\\\/\\\/www.centrocliniconemo.it\\\/en\\\/#\\\/schema\\\/person\\\/23b904ba18a16bb7b114b1f59642792e\",\"name\":\"Paola Tomasi\",\"image\":{\"@type\":\"ImageObject\",\"inLanguage\":\"en-US\",\"@id\":\"https:\\\/\\\/secure.gravatar.com\\\/avatar\\\/74446384f79033bbbf711e67d0640ba1208293f1c7cd6b4abdc36fd985a8b9e4?s=96&d=mm&r=g\",\"url\":\"https:\\\/\\\/secure.gravatar.com\\\/avatar\\\/74446384f79033bbbf711e67d0640ba1208293f1c7cd6b4abdc36fd985a8b9e4?s=96&d=mm&r=g\",\"contentUrl\":\"https:\\\/\\\/secure.gravatar.com\\\/avatar\\\/74446384f79033bbbf711e67d0640ba1208293f1c7cd6b4abdc36fd985a8b9e4?s=96&d=mm&r=g\",\"caption\":\"Paola Tomasi\"}}]}<\/script>\n<!-- \/ Yoast SEO plugin. -->","yoast_head_json":{"title":"SMA Talent School: al via la seconda edizione del progetto per valorizzare il talento delle persone con SMA","description":"Riparte SMA Talent School, il percorso promosso da Centri Clinici NeMO, Famiglie SMA e Roche che valorizza talento, voce ed espressione delle persone con SMA.","robots":{"index":"index","follow":"follow","max-snippet":"max-snippet:-1","max-image-preview":"max-image-preview:large","max-video-preview":"max-video-preview:-1"},"canonical":"https:\/\/www.centrocliniconemo.it\/en\/blog\/sma-talent-school-seconda-edizione\/","og_locale":"en_US","og_type":"article","og_title":"SMA Talent School: al via la seconda edizione del progetto per valorizzare il talento delle persone con SMA","og_description":"Riparte SMA Talent School, il percorso promosso da Centri Clinici NeMO, Famiglie SMA e Roche che valorizza talento, voce ed espressione delle persone con SMA.","og_url":"https:\/\/www.centrocliniconemo.it\/en\/blog\/sma-talent-school-seconda-edizione\/","og_site_name":"Centro Clinico NeMO","article_publisher":"https:\/\/www.facebook.com\/CentroNEMOItalia","article_published_time":"2026-03-12T10:28:49+00:00","article_modified_time":"2026-03-12T20:28:47+00:00","og_image":[{"width":1600,"height":900,"url":"https:\/\/www.centrocliniconemo.it\/wp-content\/uploads\/2026\/03\/SMA-Talent-School-2_IMMAGINE-WEBSITE.png","type":"image\/png"}],"author":"Paola Tomasi","twitter_card":"summary_large_image","twitter_creator":"@CentroNemo","twitter_site":"@CentroNemo","twitter_misc":{"Written by":"Paola Tomasi","Est. reading time":"6 minutes"},"schema":{"@context":"https:\/\/schema.org","@graph":[{"@type":"Article","@id":"https:\/\/www.centrocliniconemo.it\/en\/blog\/sma-talent-school-seconda-edizione\/#article","isPartOf":{"@id":"https:\/\/www.centrocliniconemo.it\/en\/blog\/sma-talent-school-seconda-edizione\/"},"author":{"name":"Paola Tomasi","@id":"https:\/\/www.centrocliniconemo.it\/en\/#\/schema\/person\/23b904ba18a16bb7b114b1f59642792e"},"headline":"SMA Talent School: il talento oltre lo schermo. Al via la seconda edizione tra arte, crescita personale e storytelling digitale","datePublished":"2026-03-12T10:28:49+00:00","dateModified":"2026-03-12T20:28:47+00:00","mainEntityOfPage":{"@id":"https:\/\/www.centrocliniconemo.it\/en\/blog\/sma-talent-school-seconda-edizione\/"},"wordCount":620,"publisher":{"@id":"https:\/\/www.centrocliniconemo.it\/en\/#organization"},"image":{"@id":"https:\/\/www.centrocliniconemo.it\/en\/blog\/sma-talent-school-seconda-edizione\/#primaryimage"},"thumbnailUrl":"https:\/\/www.centrocliniconemo.it\/wp-content\/uploads\/2026\/03\/SMA-Talent-School-2_IMMAGINE-WEBSITE.png","keywords":["Famiglie SMA","NeMO Ancona","NeMO Brescia","NeMo Genova","NeMO Milano","NeMO Napoli","NeMO Roma","NeMO Trento"],"articleSection":["Formazione","Iniziative ed eventi","Storie di NeMO"],"inLanguage":"en-US"},{"@type":"WebPage","@id":"https:\/\/www.centrocliniconemo.it\/en\/blog\/sma-talent-school-seconda-edizione\/","url":"https:\/\/www.centrocliniconemo.it\/en\/blog\/sma-talent-school-seconda-edizione\/","name":"SMA Talent School: al via la seconda edizione del progetto per valorizzare il talento delle persone con SMA","isPartOf":{"@id":"https:\/\/www.centrocliniconemo.it\/en\/#website"},"primaryImageOfPage":{"@id":"https:\/\/www.centrocliniconemo.it\/en\/blog\/sma-talent-school-seconda-edizione\/#primaryimage"},"image":{"@id":"https:\/\/www.centrocliniconemo.it\/en\/blog\/sma-talent-school-seconda-edizione\/#primaryimage"},"thumbnailUrl":"https:\/\/www.centrocliniconemo.it\/wp-content\/uploads\/2026\/03\/SMA-Talent-School-2_IMMAGINE-WEBSITE.png","datePublished":"2026-03-12T10:28:49+00:00","dateModified":"2026-03-12T20:28:47+00:00","description":"Riparte SMA Talent School, il percorso promosso da Centri Clinici NeMO, Famiglie SMA e Roche che valorizza talento, voce ed espressione delle persone con SMA.","breadcrumb":{"@id":"https:\/\/www.centrocliniconemo.it\/en\/blog\/sma-talent-school-seconda-edizione\/#breadcrumb"},"inLanguage":"en-US","potentialAction":[{"@type":"ReadAction","target":["https:\/\/www.centrocliniconemo.it\/en\/blog\/sma-talent-school-seconda-edizione\/"]}]},{"@type":"ImageObject","inLanguage":"en-US","@id":"https:\/\/www.centrocliniconemo.it\/en\/blog\/sma-talent-school-seconda-edizione\/#primaryimage","url":"https:\/\/www.centrocliniconemo.it\/wp-content\/uploads\/2026\/03\/SMA-Talent-School-2_IMMAGINE-WEBSITE.png","contentUrl":"https:\/\/www.centrocliniconemo.it\/wp-content\/uploads\/2026\/03\/SMA-Talent-School-2_IMMAGINE-WEBSITE.png","width":1600,"height":900,"caption":"sma talent school 2"},{"@type":"BreadcrumbList","@id":"https:\/\/www.centrocliniconemo.it\/en\/blog\/sma-talent-school-seconda-edizione\/#breadcrumb","itemListElement":[{"@type":"ListItem","position":1,"name":"Home","item":"https:\/\/www.centrocliniconemo.it\/en\/"},{"@type":"ListItem","position":2,"name":"SMA Talent School: il talento oltre lo schermo. Al via la seconda edizione tra arte, crescita personale e storytelling digitale"}]},{"@type":"WebSite","@id":"https:\/\/www.centrocliniconemo.it\/en\/#website","url":"https:\/\/www.centrocliniconemo.it\/en\/","name":"Centro Clinico NeMO","description":"Il paziente al centro","publisher":{"@id":"https:\/\/www.centrocliniconemo.it\/en\/#organization"},"potentialAction":[{"@type":"SearchAction","target":{"@type":"EntryPoint","urlTemplate":"https:\/\/www.centrocliniconemo.it\/en\/?s={search_term_string}"},"query-input":{"@type":"PropertyValueSpecification","valueRequired":true,"valueName":"search_term_string"}}],"inLanguage":"en-US"},{"@type":"Organization","@id":"https:\/\/www.centrocliniconemo.it\/en\/#organization","name":"Centro Clinico NeMO - Fondazione Serena Onlus","url":"https:\/\/www.centrocliniconemo.it\/en\/","logo":{"@type":"ImageObject","inLanguage":"en-US","@id":"https:\/\/www.centrocliniconemo.it\/en\/#\/schema\/logo\/image\/","url":"https:\/\/www.centrocliniconemo.it\/wp-content\/uploads\/2023\/03\/logo-nemo.svg","contentUrl":"https:\/\/www.centrocliniconemo.it\/wp-content\/uploads\/2023\/03\/logo-nemo.svg","width":272,"height":109.142,"caption":"Centro Clinico NeMO - Fondazione Serena Onlus"},"image":{"@id":"https:\/\/www.centrocliniconemo.it\/en\/#\/schema\/logo\/image\/"},"sameAs":["https:\/\/www.facebook.com\/CentroNEMOItalia","https:\/\/x.com\/CentroNemo","https:\/\/www.linkedin.com\/company\/centrocliniconemo\/","https:\/\/www.instagram.com\/centrocliniconemo\/"]},{"@type":"Person","@id":"https:\/\/www.centrocliniconemo.it\/en\/#\/schema\/person\/23b904ba18a16bb7b114b1f59642792e","name":"Paola Tomasi","image":{"@type":"ImageObject","inLanguage":"en-US","@id":"https:\/\/secure.gravatar.com\/avatar\/74446384f79033bbbf711e67d0640ba1208293f1c7cd6b4abdc36fd985a8b9e4?s=96&d=mm&r=g","url":"https:\/\/secure.gravatar.com\/avatar\/74446384f79033bbbf711e67d0640ba1208293f1c7cd6b4abdc36fd985a8b9e4?s=96&d=mm&r=g","contentUrl":"https:\/\/secure.gravatar.com\/avatar\/74446384f79033bbbf711e67d0640ba1208293f1c7cd6b4abdc36fd985a8b9e4?s=96&d=mm&r=g","caption":"Paola Tomasi"}}]}},"_links":{"self":[{"href":"https:\/\/www.centrocliniconemo.it\/en\/wp-json\/wp\/v2\/posts\/26416","targetHints":{"allow":["GET"]}}],"collection":[{"href":"https:\/\/www.centrocliniconemo.it\/en\/wp-json\/wp\/v2\/posts"}],"about":[{"href":"https:\/\/www.centrocliniconemo.it\/en\/wp-json\/wp\/v2\/types\/post"}],"author":[{"embeddable":true,"href":"https:\/\/www.centrocliniconemo.it\/en\/wp-json\/wp\/v2\/users\/3"}],"replies":[{"embeddable":true,"href":"https:\/\/www.centrocliniconemo.it\/en\/wp-json\/wp\/v2\/comments?post=26416"}],"version-history":[{"count":3,"href":"https:\/\/www.centrocliniconemo.it\/en\/wp-json\/wp\/v2\/posts\/26416\/revisions"}],"predecessor-version":[{"id":26446,"href":"https:\/\/www.centrocliniconemo.it\/en\/wp-json\/wp\/v2\/posts\/26416\/revisions\/26446"}],"wp:featuredmedia":[{"embeddable":true,"href":"https:\/\/www.centrocliniconemo.it\/en\/wp-json\/wp\/v2\/media\/26417"}],"wp:attachment":[{"href":"https:\/\/www.centrocliniconemo.it\/en\/wp-json\/wp\/v2\/media?parent=26416"}],"wp:term":[{"taxonomy":"category","embeddable":true,"href":"https:\/\/www.centrocliniconemo.it\/en\/wp-json\/wp\/v2\/categories?post=26416"},{"taxonomy":"post_tag","embeddable":true,"href":"https:\/\/www.centrocliniconemo.it\/en\/wp-json\/wp\/v2\/tags?post=26416"}],"curies":[{"name":"wp","href":"https:\/\/api.w.org\/{rel}","templated":true}]}}