{"id":26405,"date":"2026-03-10T14:19:19","date_gmt":"2026-03-10T14:19:19","guid":{"rendered":"https:\/\/www.centrocliniconemo.it\/blog\/?p=26405"},"modified":"2026-03-18T15:44:33","modified_gmt":"2026-03-18T15:44:33","slug":"giornata-malattie-neuromuscolari-2026-nemo-ancona-brescia-trento","status":"publish","type":"post","link":"https:\/\/www.centrocliniconemo.it\/en\/blogformazione\/giornata-malattie-neuromuscolari-2026-nemo-ancona-brescia-trento\/","title":{"rendered":"La Giornata delle Malattie Neuromuscolari: la rete NeMO presente ad Ancona, Brescia e Trento"},"content":{"rendered":"\n<p>Sabato <strong>21 marzo<\/strong> torna la <strong>IX Giornata delle Malattie Neuromuscolari (GMN)<\/strong>, iniziativa nazionale promossa da <strong>ASNP \u2013 Associazione Italiana Sistema Nervoso Periferico, AIM \u2013 Associazione Italiana di Miologia e SIN \u2013 Societ\u00e0 Italiana di Neurologia<\/strong>, che coinvolger\u00e0 contemporaneamente <strong>19 citt\u00e0 e 30 centri specialistici<\/strong> in tutta Italia.<\/p>\n\n\n\n<p>Un appuntamento che rappresenta ogni anno un importante momento di confronto tra <strong>professionisti della sanit\u00e0, ricercatori, associazioni dei pazienti e istituzioni<\/strong>, con l\u2019obiettivo di condividere lo stato dell\u2019arte su <strong>diagnosi, terapie e modelli di presa in carico<\/strong> delle malattie neuromuscolari.<\/p>\n\n\n\n<p>Anche quest\u2019anno la rete dei <strong>Centri Clinici NeMO<\/strong> sar\u00e0 protagonista con tre appuntamenti territoriali ad <strong>Ancona, Brescia e Trento<\/strong>, tre occasioni per raccontare il lavoro clinico e scientifico che ogni giorno sostiene la qualit\u00e0 di vita delle persone che convivono con queste patologie.<\/p>\n\n\n\n<hr class=\"wp-block-separator has-alpha-channel-opacity\"\/>\n\n\n\n<p><\/p>\n\n\n\n<p class=\"has-vivid-cyan-blue-color has-text-color has-link-color has-medium-font-size wp-elements-be6a7ae114db3577642ee3de3b352f80\"><u><strong>Ancona: ricerca e presa in carico al centro del confronto<\/strong><\/u><\/p>\n\n\n\n<p>Ad <strong>Ancona<\/strong> l\u2019incontro si terr\u00e0 presso l\u2019<strong>Universit\u00e0 Politecnica delle Marche \u2013 Polo Murri Aula Q (Via toronto 10, Ancona)<\/strong> e sar\u00e0 coordinato da <strong>Mauro Silvestrini<\/strong>, Preside di Facolt\u00e0 di Medicina e Chirurgia Universit\u00e0&nbsp;Politecnica&nbsp;delle Marche, Professore in Neurologia Universit\u00e0 Politecnica delle Marche e Direttore Clinica Neurologica AOU Marche, <strong>Francesco Logullo<\/strong>, Direttore UOC Neurologia dell&#8217;AST Pesaro Urbino e <strong>Michela Coccia<\/strong>, Direttore Clinico del <a href=\"https:\/\/www.centrocliniconemo.it\/pazienti\/sedi-nemo\/nemo-ancona\/\"><strong>Centro Clinico NeMO Ancona<\/strong>.<\/a><\/p>\n\n\n\n<p>La mattinata sar\u00e0 dedicata al tema del <strong>percorso della terapia nelle malattie neuromuscolari<\/strong>, con interventi di <strong>Michela Coccia<\/strong> ed <strong>Emanuele Costantini<\/strong> sulle malattie muscolari, <strong>Patrizio Cardinali<\/strong> sulle neuropatie periferiche, <strong>Francesco Logullo<\/strong> sulle malattie del motoneurone e <strong>Francesca Lupidi<\/strong> sulle patologie della giunzione neuromuscolare.<\/p>\n\n\n\n<p>Per il territorio, la GMN rappresenta un\u2019occasione per rafforzare una rete capace di prendersi cura non solo della malattia, ma della persona nel suo insieme, valorizzando anche il ruolo del Medico di Medicina Generale e del Neurologo del territorio come punti di riferimento essenziali per continuit\u00e0, accessibilit\u00e0 e umanit\u00e0 delle cure. La giornata si concluder\u00e0 con una tavola rotonda, nella quale interverranno le associazioni: <strong>Simone Giangiacomi <\/strong>per UILDM Direzione Nazionale e UILDM Ancona, <strong>Maria Antonietta Barbadori<\/strong> per AISLA Marche e <strong>Mariangela Zenobi<\/strong> per CIDP Italia.<\/p>\n\n\n\n<p>Qui programma e link per accredito fino ad esaurimento posti: <a href=\"https:\/\/www.giornatamalattieneuromuscolari.it\/ancona-registrazione\/\">https:\/\/www.giornatamalattieneuromuscolari.it\/ancona-registrazione\/<\/a><\/p>\n\n\n\n<figure class=\"wp-block-image size-large is-resized\"><img fetchpriority=\"high\" decoding=\"async\" width=\"1024\" height=\"1014\" src=\"https:\/\/www.centrocliniconemo.it\/wp-content\/uploads\/2026\/03\/image-1024x1014.png\" alt=\"\" class=\"wp-image-26461\" style=\"object-fit:cover;width:500px;height:500px\" srcset=\"https:\/\/www.centrocliniconemo.it\/wp-content\/uploads\/2026\/03\/image-1024x1014.png 1024w, https:\/\/www.centrocliniconemo.it\/wp-content\/uploads\/2026\/03\/image-300x297.png 300w, https:\/\/www.centrocliniconemo.it\/wp-content\/uploads\/2026\/03\/image-150x150.png 150w, https:\/\/www.centrocliniconemo.it\/wp-content\/uploads\/2026\/03\/image-768x761.png 768w, https:\/\/www.centrocliniconemo.it\/wp-content\/uploads\/2026\/03\/image.png 1173w\" sizes=\"(max-width: 1024px) 100vw, 1024px\" \/><\/figure>\n\n\n\n<hr class=\"wp-block-separator has-alpha-channel-opacity\"\/>\n\n\n\n<p><\/p>\n\n\n\n<p class=\"has-vivid-cyan-blue-color has-text-color has-link-color has-medium-font-size wp-elements-e7cf243a58da024e25fa9a4220996a70\"><strong><u>Brescia: uno sguardo sulla realt\u00e0 clinica del territorio<\/u><\/strong><\/p>\n\n\n\n<p>A Brescia, le malattie neuromuscolari rappresentano una sfida crescente per la sanit\u00e0 e per le famiglie, richiedendo un impegno costante nella diagnosi precoce, nella gestione multidisciplinare e nel sostegno quotidiano ai pazienti.<\/p>\n\n\n\n<p>Il convegno si volger\u00e0 presso <strong>l\u2019Aula Montini, Blocco 14 Spedali Civili di Brescia<\/strong>, sar\u00e0 coordinato da <strong>Alessandro Padovani<\/strong>, Professore ordinario di Neurologia e direttore della Clinica Neurologica dell\u2019Universit\u00e0 degli Studi di Brescia e da &nbsp;<strong>Massimiliano Filosto<\/strong>, professore associato di Neurologia e Direttore Clinico e Scientifico del <a href=\"https:\/\/www.centrocliniconemo.it\/pazienti\/sedi-nemo\/nemo-brescia\/\">Centro Clinico NeMO Brescia.<\/a><\/p>\n\n\n\n<p>Il programma offrir\u00e0 un aggiornamento sui progressi terapeutici nelle principali patologie neuromuscolari con gli interventi di <strong>Barbara Risi<\/strong> sulle malattie muscolari, <strong>Lucia Ferullo<\/strong> sulle neuropatie periferiche, <strong>Loris Poli<\/strong> sulle malattie del motoneurone e <strong>Irene Volonghi<\/strong> sulle patologie della giunzione neuromuscolare.<br>La tavola rotonda conclusiva, moderata da <strong>Massimiliano Filosto<\/strong> e dalla giornalista <strong>Liliana Golia<\/strong>, sar\u00e0 dedicata alle difficolt\u00e0 nella gestione quotidiana delle malattie rare e alle prospettive della rete assistenziale sul territorio. Interverranno per le associazioni: <strong>Cristina Picciolo<\/strong>, Parent Project<strong>, Veronica Formentini<\/strong>, Famiglie SMA e <strong>Castellini Christopher,<\/strong> UILDM.<\/p>\n\n\n\n<p>Qui programma e link per accredito fino ad esaurimento posti: <a href=\"https:\/\/www.giornatamalattieneuromuscolari.it\/brescia-registrazione\/\">https:\/\/www.giornatamalattieneuromuscolari.it\/brescia-registrazione\/<\/a><\/p>\n\n\n\n<p><\/p>\n\n\n\n<figure class=\"wp-block-image size-large is-resized\"><img decoding=\"async\" width=\"1004\" height=\"1024\" src=\"https:\/\/www.centrocliniconemo.it\/wp-content\/uploads\/2026\/03\/image-1-1004x1024.png\" alt=\"\" class=\"wp-image-26463\" style=\"object-fit:cover;width:500px;height:500px\" srcset=\"https:\/\/www.centrocliniconemo.it\/wp-content\/uploads\/2026\/03\/image-1-1004x1024.png 1004w, https:\/\/www.centrocliniconemo.it\/wp-content\/uploads\/2026\/03\/image-1-294x300.png 294w, https:\/\/www.centrocliniconemo.it\/wp-content\/uploads\/2026\/03\/image-1-768x783.png 768w, https:\/\/www.centrocliniconemo.it\/wp-content\/uploads\/2026\/03\/image-1.png 1146w\" sizes=\"(max-width: 1004px) 100vw, 1004px\" \/><\/figure>\n\n\n\n<hr class=\"wp-block-separator has-alpha-channel-opacity\"\/>\n\n\n\n<p><\/p>\n\n\n\n<p class=\"has-vivid-cyan-blue-color has-text-color has-link-color has-medium-font-size wp-elements-171c8bbbc4444c55a10be9c62c558a33\"><strong><u>Trento: la continuit\u00e0 della cura tra ospedale e territorio<\/u><\/strong><\/p>\n\n\n\n<p>A <strong>Trento<\/strong>, l\u2019incontro promosso dal Centro Clinico NeMO Trento con <strong>l&#8217;Azienda sanitaria universitaria integrata del Trentino<\/strong>, in collaborazione con l&#8217;<strong>Universit\u00e0 di Trento<\/strong> e il patrocinio della <strong>Provincia Autonoma di Trento<\/strong>, si svolger\u00e0 presso <strong>Palazzo Consolati dell\u2019Universit\u00e0 di Trento<\/strong> e sar\u00e0 coordinato da <strong>Riccardo Zuccarino<\/strong>, Direttore Clinico del <strong><a href=\"https:\/\/www.centrocliniconemo.it\/pazienti\/sedi-nemo\/nemo-trento\/\" type=\"link\" id=\"https:\/\/www.centrocliniconemo.it\/pazienti\/sedi-nemo\/nemo-trento\/\">Centro Clinico NeMO Trento<\/a><\/strong>, e <strong>Bruno Giometto<\/strong>, Professore Ordinario di Neurologia all\u2019Universit\u00e0 di Trento e direttore della Neurologia multizonale dell\u2019Azienda Sanitaria Universitaria Integrata del Trentino (ASUIT).<\/p>\n\n\n\n<p>Tra i relatori <strong>Stefano Biressi<\/strong>, Professore Associato al Dipartimento CIBIO dell\u2019Universit\u00e0 di Trento, <strong>Salvatore Stano<\/strong>, neurologo del Centro Clinico NeMO Trento<strong>,<\/strong> <strong>Raffaella Tanel<\/strong> e <strong>Silvia Casagrande<\/strong>, Neurologhe dell\u2019<strong>ASUIT<\/strong>.<\/p>\n\n\n\n<p>La giornata si concluder\u00e0 con una tavola rotonda moderata da <strong>Sonia Pruner<\/strong>, psicologa del Centro Clinico NeMO Trento e volontaria AISLA, con gli interventi di <strong>Jacopo Bonavita<\/strong>, Direttore del Dipartimento di Riabilitazione dell\u2019ASUIT, <strong>Gabriella Viero<\/strong>, ricercatrice dell\u2019Istituto di Biofisica del CNR, <strong>Manuela Basso<\/strong>, professoressa associata al Dipartimento CIBIO dell\u2019Universit\u00e0 di Trento, <strong>Antonio Morreale<\/strong>, case manager del Centro Clinico NeMO Trento, e <strong>Sirio Talmon<\/strong>, con una testimonianza sul percorso di vita dopo la sindrome di Guillain-Barr\u00e9. Interverranno per le associazioni: <strong>Fernanda De Angelis<\/strong>, Parent Project e <strong>Simone Pastorini<\/strong>, Famiglie SMA.<\/p>\n\n\n\n<p>Qui programma e link per accredito fino ad esaurimento posti: <a href=\"https:\/\/www.giornatamalattieneuromuscolari.it\/trento\/\">https:\/\/www.giornatamalattieneuromuscolari.it\/trento\/<\/a><\/p>\n\n\n\n<figure class=\"wp-block-image size-large is-resized\"><img decoding=\"async\" width=\"1015\" height=\"1024\" src=\"https:\/\/www.centrocliniconemo.it\/wp-content\/uploads\/2026\/03\/image-2-1015x1024.png\" alt=\"\" class=\"wp-image-26466\" style=\"object-fit:cover;width:500px;height:500px\" srcset=\"https:\/\/www.centrocliniconemo.it\/wp-content\/uploads\/2026\/03\/image-2-1015x1024.png 1015w, https:\/\/www.centrocliniconemo.it\/wp-content\/uploads\/2026\/03\/image-2-297x300.png 297w, https:\/\/www.centrocliniconemo.it\/wp-content\/uploads\/2026\/03\/image-2-150x150.png 150w, https:\/\/www.centrocliniconemo.it\/wp-content\/uploads\/2026\/03\/image-2-768x775.png 768w, https:\/\/www.centrocliniconemo.it\/wp-content\/uploads\/2026\/03\/image-2.png 1178w\" sizes=\"(max-width: 1015px) 100vw, 1015px\" \/><\/figure>\n\n\n\n<p>La <strong>Giornata delle Malattie Neuromuscolari<\/strong> rappresenta un\u2019importante occasione per conoscere da vicino la rete di competenze che sostiene la cura di queste patologie e per approfondire le prospettive della ricerca e delle nuove terapie.<\/p>\n\n\n\n<p><\/p>\n","protected":false},"excerpt":{"rendered":"<p>Sabato 21 marzo torna la IX Giornata delle Malattie Neuromuscolari (GMN), iniziativa nazionale promossa da ASNP \u2013 Associazione Italiana Sistema Nervoso Periferico, AIM \u2013 Associazione Italiana di Miologia e SIN \u2013 Societ\u00e0 Italiana di Neurologia, che coinvolger\u00e0 contemporaneamente 19 citt\u00e0 e 30 centri specialistici in tutta Italia. Un appuntamento che rappresenta ogni anno un importante [&hellip;]<\/p>\n","protected":false},"author":3,"featured_media":26483,"comment_status":"closed","ping_status":"closed","sticky":false,"template":"","format":"standard","meta":{"pgc_sgb_lightbox_settings":"","footnotes":""},"categories":[257,1],"tags":[19,22,25],"class_list":["post-26405","post","type-post","status-publish","format-standard","has-post-thumbnail","hentry","category-formazione","category-storie-di-nemo","tag-nemo-ancona","tag-nemo-brescia","tag-nemo-trento"],"yoast_head":"<!-- This site is optimized with the Yoast SEO plugin v27.4 - https:\/\/yoast.com\/product\/yoast-seo-wordpress\/ -->\n<title>Giornata delle Malattie Neuromuscolari eventi NeMO<\/title>\n<meta name=\"description\" content=\"Il 21 marzo torna la Giornata delle Malattie Neuromuscolari. La rete dei Centri Clinici NeMO protagonista con tre incontri ad Ancona, Brescia e Trento dedicati a ricerca, terapie e presa in carico.\" \/>\n<meta name=\"robots\" content=\"index, follow, max-snippet:-1, max-image-preview:large, max-video-preview:-1\" \/>\n<link rel=\"canonical\" href=\"https:\/\/www.centrocliniconemo.it\/en\/blogformazione\/giornata-malattie-neuromuscolari-2026-nemo-ancona-brescia-trento\/\" \/>\n<meta property=\"og:locale\" content=\"en_US\" \/>\n<meta property=\"og:type\" content=\"article\" \/>\n<meta property=\"og:title\" content=\"Giornata delle Malattie Neuromuscolari eventi NeMO\" \/>\n<meta property=\"og:description\" content=\"Il 21 marzo torna la Giornata delle Malattie Neuromuscolari. La rete dei Centri Clinici NeMO protagonista con tre incontri ad Ancona, Brescia e Trento dedicati a ricerca, terapie e presa in carico.\" \/>\n<meta property=\"og:url\" content=\"https:\/\/www.centrocliniconemo.it\/en\/blogformazione\/giornata-malattie-neuromuscolari-2026-nemo-ancona-brescia-trento\/\" \/>\n<meta property=\"og:site_name\" content=\"Centro Clinico NeMO\" \/>\n<meta property=\"article:publisher\" content=\"https:\/\/www.facebook.com\/CentroNEMOItalia\" \/>\n<meta property=\"article:published_time\" content=\"2026-03-10T14:19:19+00:00\" \/>\n<meta property=\"article:modified_time\" content=\"2026-03-18T15:44:33+00:00\" \/>\n<meta property=\"og:image\" content=\"https:\/\/www.centrocliniconemo.it\/wp-content\/uploads\/2026\/03\/SLART-TASTE-POSTER-EVENTO-2026-10.png\" \/>\n\t<meta property=\"og:image:width\" content=\"1680\" \/>\n\t<meta property=\"og:image:height\" content=\"875\" \/>\n\t<meta property=\"og:image:type\" content=\"image\/png\" \/>\n<meta name=\"author\" content=\"Paola Tomasi\" \/>\n<meta name=\"twitter:card\" content=\"summary_large_image\" \/>\n<meta name=\"twitter:creator\" content=\"@CentroNemo\" \/>\n<meta name=\"twitter:site\" content=\"@CentroNemo\" \/>\n<meta name=\"twitter:label1\" content=\"Written by\" \/>\n\t<meta name=\"twitter:data1\" content=\"Paola Tomasi\" \/>\n\t<meta name=\"twitter:label2\" content=\"Est. reading time\" \/>\n\t<meta name=\"twitter:data2\" content=\"5 minutes\" \/>\n<script type=\"application\/ld+json\" class=\"yoast-schema-graph\">{\"@context\":\"https:\\\/\\\/schema.org\",\"@graph\":[{\"@type\":\"Article\",\"@id\":\"https:\\\/\\\/www.centrocliniconemo.it\\\/en\\\/blogformazione\\\/giornata-malattie-neuromuscolari-2026-nemo-ancona-brescia-trento\\\/#article\",\"isPartOf\":{\"@id\":\"https:\\\/\\\/www.centrocliniconemo.it\\\/en\\\/blogformazione\\\/giornata-malattie-neuromuscolari-2026-nemo-ancona-brescia-trento\\\/\"},\"author\":{\"name\":\"Paola Tomasi\",\"@id\":\"https:\\\/\\\/www.centrocliniconemo.it\\\/en\\\/#\\\/schema\\\/person\\\/23b904ba18a16bb7b114b1f59642792e\"},\"headline\":\"La Giornata delle Malattie Neuromuscolari: la rete NeMO presente ad Ancona, Brescia e Trento\",\"datePublished\":\"2026-03-10T14:19:19+00:00\",\"dateModified\":\"2026-03-18T15:44:33+00:00\",\"mainEntityOfPage\":{\"@id\":\"https:\\\/\\\/www.centrocliniconemo.it\\\/en\\\/blogformazione\\\/giornata-malattie-neuromuscolari-2026-nemo-ancona-brescia-trento\\\/\"},\"wordCount\":819,\"publisher\":{\"@id\":\"https:\\\/\\\/www.centrocliniconemo.it\\\/en\\\/#organization\"},\"image\":{\"@id\":\"https:\\\/\\\/www.centrocliniconemo.it\\\/en\\\/blogformazione\\\/giornata-malattie-neuromuscolari-2026-nemo-ancona-brescia-trento\\\/#primaryimage\"},\"thumbnailUrl\":\"https:\\\/\\\/www.centrocliniconemo.it\\\/wp-content\\\/uploads\\\/2026\\\/03\\\/SLART-TASTE-POSTER-EVENTO-2026-10.png\",\"keywords\":[\"NeMO Ancona\",\"NeMO Brescia\",\"NeMO Trento\"],\"articleSection\":[\"Formazione\",\"Storie di NeMO\"],\"inLanguage\":\"en-US\"},{\"@type\":\"WebPage\",\"@id\":\"https:\\\/\\\/www.centrocliniconemo.it\\\/en\\\/blogformazione\\\/giornata-malattie-neuromuscolari-2026-nemo-ancona-brescia-trento\\\/\",\"url\":\"https:\\\/\\\/www.centrocliniconemo.it\\\/en\\\/blogformazione\\\/giornata-malattie-neuromuscolari-2026-nemo-ancona-brescia-trento\\\/\",\"name\":\"Giornata delle Malattie Neuromuscolari eventi NeMO\",\"isPartOf\":{\"@id\":\"https:\\\/\\\/www.centrocliniconemo.it\\\/en\\\/#website\"},\"primaryImageOfPage\":{\"@id\":\"https:\\\/\\\/www.centrocliniconemo.it\\\/en\\\/blogformazione\\\/giornata-malattie-neuromuscolari-2026-nemo-ancona-brescia-trento\\\/#primaryimage\"},\"image\":{\"@id\":\"https:\\\/\\\/www.centrocliniconemo.it\\\/en\\\/blogformazione\\\/giornata-malattie-neuromuscolari-2026-nemo-ancona-brescia-trento\\\/#primaryimage\"},\"thumbnailUrl\":\"https:\\\/\\\/www.centrocliniconemo.it\\\/wp-content\\\/uploads\\\/2026\\\/03\\\/SLART-TASTE-POSTER-EVENTO-2026-10.png\",\"datePublished\":\"2026-03-10T14:19:19+00:00\",\"dateModified\":\"2026-03-18T15:44:33+00:00\",\"description\":\"Il 21 marzo torna la Giornata delle Malattie Neuromuscolari. La rete dei Centri Clinici NeMO protagonista con tre incontri ad Ancona, Brescia e Trento dedicati a ricerca, terapie e presa in carico.\",\"breadcrumb\":{\"@id\":\"https:\\\/\\\/www.centrocliniconemo.it\\\/en\\\/blogformazione\\\/giornata-malattie-neuromuscolari-2026-nemo-ancona-brescia-trento\\\/#breadcrumb\"},\"inLanguage\":\"en-US\",\"potentialAction\":[{\"@type\":\"ReadAction\",\"target\":[\"https:\\\/\\\/www.centrocliniconemo.it\\\/en\\\/blogformazione\\\/giornata-malattie-neuromuscolari-2026-nemo-ancona-brescia-trento\\\/\"]}]},{\"@type\":\"ImageObject\",\"inLanguage\":\"en-US\",\"@id\":\"https:\\\/\\\/www.centrocliniconemo.it\\\/en\\\/blogformazione\\\/giornata-malattie-neuromuscolari-2026-nemo-ancona-brescia-trento\\\/#primaryimage\",\"url\":\"https:\\\/\\\/www.centrocliniconemo.it\\\/wp-content\\\/uploads\\\/2026\\\/03\\\/SLART-TASTE-POSTER-EVENTO-2026-10.png\",\"contentUrl\":\"https:\\\/\\\/www.centrocliniconemo.it\\\/wp-content\\\/uploads\\\/2026\\\/03\\\/SLART-TASTE-POSTER-EVENTO-2026-10.png\",\"width\":1680,\"height\":875},{\"@type\":\"BreadcrumbList\",\"@id\":\"https:\\\/\\\/www.centrocliniconemo.it\\\/en\\\/blogformazione\\\/giornata-malattie-neuromuscolari-2026-nemo-ancona-brescia-trento\\\/#breadcrumb\",\"itemListElement\":[{\"@type\":\"ListItem\",\"position\":1,\"name\":\"Home\",\"item\":\"https:\\\/\\\/www.centrocliniconemo.it\\\/en\\\/\"},{\"@type\":\"ListItem\",\"position\":2,\"name\":\"La Giornata delle Malattie Neuromuscolari: la rete NeMO presente ad Ancona, Brescia e Trento\"}]},{\"@type\":\"WebSite\",\"@id\":\"https:\\\/\\\/www.centrocliniconemo.it\\\/en\\\/#website\",\"url\":\"https:\\\/\\\/www.centrocliniconemo.it\\\/en\\\/\",\"name\":\"Centro Clinico NeMO\",\"description\":\"Il paziente al centro\",\"publisher\":{\"@id\":\"https:\\\/\\\/www.centrocliniconemo.it\\\/en\\\/#organization\"},\"potentialAction\":[{\"@type\":\"SearchAction\",\"target\":{\"@type\":\"EntryPoint\",\"urlTemplate\":\"https:\\\/\\\/www.centrocliniconemo.it\\\/en\\\/?s={search_term_string}\"},\"query-input\":{\"@type\":\"PropertyValueSpecification\",\"valueRequired\":true,\"valueName\":\"search_term_string\"}}],\"inLanguage\":\"en-US\"},{\"@type\":\"Organization\",\"@id\":\"https:\\\/\\\/www.centrocliniconemo.it\\\/en\\\/#organization\",\"name\":\"Centro Clinico NeMO - Fondazione Serena Onlus\",\"url\":\"https:\\\/\\\/www.centrocliniconemo.it\\\/en\\\/\",\"logo\":{\"@type\":\"ImageObject\",\"inLanguage\":\"en-US\",\"@id\":\"https:\\\/\\\/www.centrocliniconemo.it\\\/en\\\/#\\\/schema\\\/logo\\\/image\\\/\",\"url\":\"https:\\\/\\\/www.centrocliniconemo.it\\\/wp-content\\\/uploads\\\/2023\\\/03\\\/logo-nemo.svg\",\"contentUrl\":\"https:\\\/\\\/www.centrocliniconemo.it\\\/wp-content\\\/uploads\\\/2023\\\/03\\\/logo-nemo.svg\",\"width\":272,\"height\":109.142,\"caption\":\"Centro Clinico NeMO - Fondazione Serena Onlus\"},\"image\":{\"@id\":\"https:\\\/\\\/www.centrocliniconemo.it\\\/en\\\/#\\\/schema\\\/logo\\\/image\\\/\"},\"sameAs\":[\"https:\\\/\\\/www.facebook.com\\\/CentroNEMOItalia\",\"https:\\\/\\\/x.com\\\/CentroNemo\",\"https:\\\/\\\/www.linkedin.com\\\/company\\\/centrocliniconemo\\\/\",\"https:\\\/\\\/www.instagram.com\\\/centrocliniconemo\\\/\"]},{\"@type\":\"Person\",\"@id\":\"https:\\\/\\\/www.centrocliniconemo.it\\\/en\\\/#\\\/schema\\\/person\\\/23b904ba18a16bb7b114b1f59642792e\",\"name\":\"Paola Tomasi\",\"image\":{\"@type\":\"ImageObject\",\"inLanguage\":\"en-US\",\"@id\":\"https:\\\/\\\/secure.gravatar.com\\\/avatar\\\/74446384f79033bbbf711e67d0640ba1208293f1c7cd6b4abdc36fd985a8b9e4?s=96&d=mm&r=g\",\"url\":\"https:\\\/\\\/secure.gravatar.com\\\/avatar\\\/74446384f79033bbbf711e67d0640ba1208293f1c7cd6b4abdc36fd985a8b9e4?s=96&d=mm&r=g\",\"contentUrl\":\"https:\\\/\\\/secure.gravatar.com\\\/avatar\\\/74446384f79033bbbf711e67d0640ba1208293f1c7cd6b4abdc36fd985a8b9e4?s=96&d=mm&r=g\",\"caption\":\"Paola Tomasi\"}}]}<\/script>\n<!-- \/ Yoast SEO plugin. -->","yoast_head_json":{"title":"Giornata delle Malattie Neuromuscolari eventi NeMO","description":"Il 21 marzo torna la Giornata delle Malattie Neuromuscolari. La rete dei Centri Clinici NeMO protagonista con tre incontri ad Ancona, Brescia e Trento dedicati a ricerca, terapie e presa in carico.","robots":{"index":"index","follow":"follow","max-snippet":"max-snippet:-1","max-image-preview":"max-image-preview:large","max-video-preview":"max-video-preview:-1"},"canonical":"https:\/\/www.centrocliniconemo.it\/en\/blogformazione\/giornata-malattie-neuromuscolari-2026-nemo-ancona-brescia-trento\/","og_locale":"en_US","og_type":"article","og_title":"Giornata delle Malattie Neuromuscolari eventi NeMO","og_description":"Il 21 marzo torna la Giornata delle Malattie Neuromuscolari. La rete dei Centri Clinici NeMO protagonista con tre incontri ad Ancona, Brescia e Trento dedicati a ricerca, terapie e presa in carico.","og_url":"https:\/\/www.centrocliniconemo.it\/en\/blogformazione\/giornata-malattie-neuromuscolari-2026-nemo-ancona-brescia-trento\/","og_site_name":"Centro Clinico NeMO","article_publisher":"https:\/\/www.facebook.com\/CentroNEMOItalia","article_published_time":"2026-03-10T14:19:19+00:00","article_modified_time":"2026-03-18T15:44:33+00:00","og_image":[{"width":1680,"height":875,"url":"https:\/\/www.centrocliniconemo.it\/wp-content\/uploads\/2026\/03\/SLART-TASTE-POSTER-EVENTO-2026-10.png","type":"image\/png"}],"author":"Paola Tomasi","twitter_card":"summary_large_image","twitter_creator":"@CentroNemo","twitter_site":"@CentroNemo","twitter_misc":{"Written by":"Paola Tomasi","Est. reading time":"5 minutes"},"schema":{"@context":"https:\/\/schema.org","@graph":[{"@type":"Article","@id":"https:\/\/www.centrocliniconemo.it\/en\/blogformazione\/giornata-malattie-neuromuscolari-2026-nemo-ancona-brescia-trento\/#article","isPartOf":{"@id":"https:\/\/www.centrocliniconemo.it\/en\/blogformazione\/giornata-malattie-neuromuscolari-2026-nemo-ancona-brescia-trento\/"},"author":{"name":"Paola Tomasi","@id":"https:\/\/www.centrocliniconemo.it\/en\/#\/schema\/person\/23b904ba18a16bb7b114b1f59642792e"},"headline":"La Giornata delle Malattie Neuromuscolari: la rete NeMO presente ad Ancona, Brescia e Trento","datePublished":"2026-03-10T14:19:19+00:00","dateModified":"2026-03-18T15:44:33+00:00","mainEntityOfPage":{"@id":"https:\/\/www.centrocliniconemo.it\/en\/blogformazione\/giornata-malattie-neuromuscolari-2026-nemo-ancona-brescia-trento\/"},"wordCount":819,"publisher":{"@id":"https:\/\/www.centrocliniconemo.it\/en\/#organization"},"image":{"@id":"https:\/\/www.centrocliniconemo.it\/en\/blogformazione\/giornata-malattie-neuromuscolari-2026-nemo-ancona-brescia-trento\/#primaryimage"},"thumbnailUrl":"https:\/\/www.centrocliniconemo.it\/wp-content\/uploads\/2026\/03\/SLART-TASTE-POSTER-EVENTO-2026-10.png","keywords":["NeMO Ancona","NeMO Brescia","NeMO Trento"],"articleSection":["Formazione","Storie di NeMO"],"inLanguage":"en-US"},{"@type":"WebPage","@id":"https:\/\/www.centrocliniconemo.it\/en\/blogformazione\/giornata-malattie-neuromuscolari-2026-nemo-ancona-brescia-trento\/","url":"https:\/\/www.centrocliniconemo.it\/en\/blogformazione\/giornata-malattie-neuromuscolari-2026-nemo-ancona-brescia-trento\/","name":"Giornata delle Malattie Neuromuscolari eventi NeMO","isPartOf":{"@id":"https:\/\/www.centrocliniconemo.it\/en\/#website"},"primaryImageOfPage":{"@id":"https:\/\/www.centrocliniconemo.it\/en\/blogformazione\/giornata-malattie-neuromuscolari-2026-nemo-ancona-brescia-trento\/#primaryimage"},"image":{"@id":"https:\/\/www.centrocliniconemo.it\/en\/blogformazione\/giornata-malattie-neuromuscolari-2026-nemo-ancona-brescia-trento\/#primaryimage"},"thumbnailUrl":"https:\/\/www.centrocliniconemo.it\/wp-content\/uploads\/2026\/03\/SLART-TASTE-POSTER-EVENTO-2026-10.png","datePublished":"2026-03-10T14:19:19+00:00","dateModified":"2026-03-18T15:44:33+00:00","description":"Il 21 marzo torna la Giornata delle Malattie Neuromuscolari. La rete dei Centri Clinici NeMO protagonista con tre incontri ad Ancona, Brescia e Trento dedicati a ricerca, terapie e presa in carico.","breadcrumb":{"@id":"https:\/\/www.centrocliniconemo.it\/en\/blogformazione\/giornata-malattie-neuromuscolari-2026-nemo-ancona-brescia-trento\/#breadcrumb"},"inLanguage":"en-US","potentialAction":[{"@type":"ReadAction","target":["https:\/\/www.centrocliniconemo.it\/en\/blogformazione\/giornata-malattie-neuromuscolari-2026-nemo-ancona-brescia-trento\/"]}]},{"@type":"ImageObject","inLanguage":"en-US","@id":"https:\/\/www.centrocliniconemo.it\/en\/blogformazione\/giornata-malattie-neuromuscolari-2026-nemo-ancona-brescia-trento\/#primaryimage","url":"https:\/\/www.centrocliniconemo.it\/wp-content\/uploads\/2026\/03\/SLART-TASTE-POSTER-EVENTO-2026-10.png","contentUrl":"https:\/\/www.centrocliniconemo.it\/wp-content\/uploads\/2026\/03\/SLART-TASTE-POSTER-EVENTO-2026-10.png","width":1680,"height":875},{"@type":"BreadcrumbList","@id":"https:\/\/www.centrocliniconemo.it\/en\/blogformazione\/giornata-malattie-neuromuscolari-2026-nemo-ancona-brescia-trento\/#breadcrumb","itemListElement":[{"@type":"ListItem","position":1,"name":"Home","item":"https:\/\/www.centrocliniconemo.it\/en\/"},{"@type":"ListItem","position":2,"name":"La Giornata delle Malattie Neuromuscolari: la rete NeMO presente ad Ancona, Brescia e Trento"}]},{"@type":"WebSite","@id":"https:\/\/www.centrocliniconemo.it\/en\/#website","url":"https:\/\/www.centrocliniconemo.it\/en\/","name":"Centro Clinico NeMO","description":"Il paziente al centro","publisher":{"@id":"https:\/\/www.centrocliniconemo.it\/en\/#organization"},"potentialAction":[{"@type":"SearchAction","target":{"@type":"EntryPoint","urlTemplate":"https:\/\/www.centrocliniconemo.it\/en\/?s={search_term_string}"},"query-input":{"@type":"PropertyValueSpecification","valueRequired":true,"valueName":"search_term_string"}}],"inLanguage":"en-US"},{"@type":"Organization","@id":"https:\/\/www.centrocliniconemo.it\/en\/#organization","name":"Centro Clinico NeMO - Fondazione Serena Onlus","url":"https:\/\/www.centrocliniconemo.it\/en\/","logo":{"@type":"ImageObject","inLanguage":"en-US","@id":"https:\/\/www.centrocliniconemo.it\/en\/#\/schema\/logo\/image\/","url":"https:\/\/www.centrocliniconemo.it\/wp-content\/uploads\/2023\/03\/logo-nemo.svg","contentUrl":"https:\/\/www.centrocliniconemo.it\/wp-content\/uploads\/2023\/03\/logo-nemo.svg","width":272,"height":109.142,"caption":"Centro Clinico NeMO - Fondazione Serena Onlus"},"image":{"@id":"https:\/\/www.centrocliniconemo.it\/en\/#\/schema\/logo\/image\/"},"sameAs":["https:\/\/www.facebook.com\/CentroNEMOItalia","https:\/\/x.com\/CentroNemo","https:\/\/www.linkedin.com\/company\/centrocliniconemo\/","https:\/\/www.instagram.com\/centrocliniconemo\/"]},{"@type":"Person","@id":"https:\/\/www.centrocliniconemo.it\/en\/#\/schema\/person\/23b904ba18a16bb7b114b1f59642792e","name":"Paola Tomasi","image":{"@type":"ImageObject","inLanguage":"en-US","@id":"https:\/\/secure.gravatar.com\/avatar\/74446384f79033bbbf711e67d0640ba1208293f1c7cd6b4abdc36fd985a8b9e4?s=96&d=mm&r=g","url":"https:\/\/secure.gravatar.com\/avatar\/74446384f79033bbbf711e67d0640ba1208293f1c7cd6b4abdc36fd985a8b9e4?s=96&d=mm&r=g","contentUrl":"https:\/\/secure.gravatar.com\/avatar\/74446384f79033bbbf711e67d0640ba1208293f1c7cd6b4abdc36fd985a8b9e4?s=96&d=mm&r=g","caption":"Paola Tomasi"}}]}},"_links":{"self":[{"href":"https:\/\/www.centrocliniconemo.it\/en\/wp-json\/wp\/v2\/posts\/26405","targetHints":{"allow":["GET"]}}],"collection":[{"href":"https:\/\/www.centrocliniconemo.it\/en\/wp-json\/wp\/v2\/posts"}],"about":[{"href":"https:\/\/www.centrocliniconemo.it\/en\/wp-json\/wp\/v2\/types\/post"}],"author":[{"embeddable":true,"href":"https:\/\/www.centrocliniconemo.it\/en\/wp-json\/wp\/v2\/users\/3"}],"replies":[{"embeddable":true,"href":"https:\/\/www.centrocliniconemo.it\/en\/wp-json\/wp\/v2\/comments?post=26405"}],"version-history":[{"count":25,"href":"https:\/\/www.centrocliniconemo.it\/en\/wp-json\/wp\/v2\/posts\/26405\/revisions"}],"predecessor-version":[{"id":26502,"href":"https:\/\/www.centrocliniconemo.it\/en\/wp-json\/wp\/v2\/posts\/26405\/revisions\/26502"}],"wp:featuredmedia":[{"embeddable":true,"href":"https:\/\/www.centrocliniconemo.it\/en\/wp-json\/wp\/v2\/media\/26483"}],"wp:attachment":[{"href":"https:\/\/www.centrocliniconemo.it\/en\/wp-json\/wp\/v2\/media?parent=26405"}],"wp:term":[{"taxonomy":"category","embeddable":true,"href":"https:\/\/www.centrocliniconemo.it\/en\/wp-json\/wp\/v2\/categories?post=26405"},{"taxonomy":"post_tag","embeddable":true,"href":"https:\/\/www.centrocliniconemo.it\/en\/wp-json\/wp\/v2\/tags?post=26405"}],"curies":[{"name":"wp","href":"https:\/\/api.w.org\/{rel}","templated":true}]}}