{"id":26074,"date":"2026-01-23T16:19:46","date_gmt":"2026-01-23T16:19:46","guid":{"rendered":"https:\/\/www.centrocliniconemo.it\/blog\/?p=26074"},"modified":"2026-01-23T16:23:39","modified_gmt":"2026-01-23T16:23:39","slug":"distrofia-muscolare-inaugurato-a-bergamo-un-nuovo-ambulatorio","status":"publish","type":"post","link":"https:\/\/www.centrocliniconemo.it\/en\/blog\/distrofia-muscolare-inaugurato-a-bergamo-un-nuovo-ambulatorio\/","title":{"rendered":"Distrofia muscolare: inaugurato a Bergamo un nuovo ambulatorio"},"content":{"rendered":"\n<p>Bergamo, 23 gennaio \u2013 \u00c8 stato avviato all\u2019inizio di gennaio il nuovo ambulatorio rivolto ai pazienti con distrofia muscolare. <strong>Un\u2019infermiera case manager \u00e8 presente all\u2019Ospedale Papa Giovanni XXIII di Bergamo in Neurologia <\/strong>(Torre 3 piano 1\u00b0) tutti i marted\u00ec e mercoled\u00ec dalle ore 13 alle ore 18 per un supporto ai pazienti e alle famiglie sul percorso di cura, sulla gestione domiciliare e la continuit\u00e0 assistenziale. L\u2019infermiera \u00e8 reperibile nelle stesse giornate e fasce orarie anche telefonicamente al numero 035.2673830, la nuova linea diretta dedicata alle patologie neuromuscolari. <\/p>\n\n\n\n<p>L\u2019iniziativa \u00e8 promossa da <a href=\"https:\/\/bergamo.uildm.org\/\">UILDM \u2013 Sezione di Bergamo<\/a>, con il supporto dei Centri Clinici NEMO di<a href=\"https:\/\/www.centrocliniconemo.it\/pazienti\/sedi-nemo\/nemo-milano\/\"> Milano<\/a> e <a href=\"https:\/\/www.centrocliniconemo.it\/pazienti\/sedi-nemo\/nemo-brescia\/\">Brescia<\/a>, che contribuiscono per la parte di formazione del personale infermieristico dedicato.<\/p>\n\n\n\n<p>La <a href=\"https:\/\/www.asst-pg23.it\/reparti\/neurologia\">Neurologia dell\u2019ASST Papa Giovanni XXIII <\/a>assiste da anni le persone con malattie neuromuscolari, comprese le diverse forme di distrofia muscolare, con un modello di cura che mette al centro il paziente all\u2019interno di un percorso clinico e assistenziale dedicato, basati sul lavoro di team specialistici, sulla continuit\u00e0 nel tempo e sulla personalizzazione delle cure. In questo schema le figure di case manager rappresentano un riferimento stabile, in collegamento con medici, territorio, caregiver e centri clinici di riferimento. Il risultato \u00e8 un accesso alle prestazioni pi\u00f9 semplice, controlli programmati e tempestivi, una rete territoriale pi\u00f9 solida e una migliore prevenzione delle complicanze, con meno ricorsi impropri al Pronto Soccorso e ricoveri evitabili.<\/p>\n\n\n\n<p>\u201cL\u2019ambulatorio affiancher\u00e0 gli ambulatori specialistici gi\u00e0 esistenti dedicati alla distrofia muscolare, rafforzando l\u2019accoglienza, la gestione coordinata dei casi e l\u2019integrazione ospedale-territorio \u2013 spiega <strong>Alfonso Ciccone, Direttore della Neurologia dell\u2019ASST Papa Giovanni XXIII<\/strong> \u2013 L\u2019iniziativa consentir\u00e0 inoltre, in prospettiva, di sviluppare percorsi e ambulatori dedicati a specifiche patologie muscolari, tra cui la Distrofia miotonica di Steinert, la Distrofia facio-scapolo-omerale e di estendere la presa in carico ad altre forme neuromuscolari, come le Distrofie muscolari di Duchenne e di Becker\u201d.<\/p>\n\n\n\n<p><strong>Matteo Gualandris, Presidente UILDM Bergamo<\/strong>, sottolinea che \u201cdare vita a un ambulatorio come questo significa offrire la possibilit\u00e0 a tante persone residenti in provincia di Bergamo di poter essere monitorate nell\u2019evoluzione della propria salute affinch\u00e9 possano affrontare nel modo migliore le conseguenze che le patologie neuromuscolari comportano a livello sanitario, sociosanitario e sociale.\u201d<\/p>\n\n\n\n<p>\u201cQuesto ambulatorio \u00e8 una cellula viva della rete neuromuscolare \u2013 dichiara <strong>Alberto Fontana, Segretario dei Centri Clinici NeMO<\/strong> \u2013 un punto di riferimento che mette in relazione ospedale, territorio e famiglie, rafforzando la continuit\u00e0 assistenziale e la personalizzazione delle cure. In questo contesto, il contributo dei Centri Clinici NeMO, insieme ai promotori del progetto, passa dalla formazione specialistica della nuova risorsa e dalla divulgazione scientifica, come strumenti in grado di portare sul territorio l\u2019esperienza maturata in 18 anni nella presa in carico delle Distrofie Muscolari, rendendola competenza condivisa e diffusa\u201d.<\/p>\n\n\n\n<p><strong>Francesco Locati, Direttore generale dell\u2019ASST Papa Giovanni XXIII<\/strong>, conclude: \u201cRingrazio UILDM Bergamo e i Centri Clinici NeMO Brescia e NeMO Milano per questa iniziativa che ci permette di rafforzare la risposta ai bisogni di salute dei pazienti con distrofia muscolare. Un servizio che punta a mantenere un filo diretto tra pazienti e caregiver da una parte e specialisti e rete assistenziale dall\u2019altra. Il nuovo ambulatorio nasce per rafforzare questa strategia, offrendo un riferimento dedicato in pi\u00f9 a supporto delle famiglie e del territorio\u201d.<\/p>\n\n\n\n<p><\/p>\n","protected":false},"excerpt":{"rendered":"<p>Bergamo, 23 gennaio \u2013 \u00c8 stato avviato all\u2019inizio di gennaio il nuovo ambulatorio rivolto ai pazienti con distrofia muscolare. Un\u2019infermiera case manager \u00e8 presente all\u2019Ospedale Papa Giovanni XXIII di Bergamo in Neurologia (Torre 3 piano 1\u00b0) tutti i marted\u00ec e mercoled\u00ec dalle ore 13 alle ore 18 per un supporto ai pazienti e alle famiglie [&hellip;]<\/p>\n","protected":false},"author":3,"featured_media":26072,"comment_status":"closed","ping_status":"closed","sticky":false,"template":"","format":"standard","meta":{"pgc_sgb_lightbox_settings":"","footnotes":""},"categories":[1],"tags":[22,18],"class_list":["post-26074","post","type-post","status-publish","format-standard","has-post-thumbnail","hentry","category-storie-di-nemo","tag-nemo-brescia","tag-nemo-milano"],"yoast_head":"<!-- This site is optimized with the Yoast SEO plugin v27.4 - https:\/\/yoast.com\/product\/yoast-seo-wordpress\/ -->\n<title>Distrofia muscolare: inaugurato a Bergamo un nuovo ambulatorio - Centro Clinico NeMO<\/title>\n<meta name=\"description\" content=\"Il servizio nasce grazie alla collaborazione tra l\u2019Ospedale Papa Giovanni XXIII, UILDM Bergamo e i Centri Clinici NeMO di Milano e Brescia, per offrire supporto personalizzato ai pazienti e alle loro famiglie\" \/>\n<meta name=\"robots\" content=\"index, follow, max-snippet:-1, max-image-preview:large, max-video-preview:-1\" \/>\n<link rel=\"canonical\" href=\"https:\/\/www.centrocliniconemo.it\/en\/blog\/distrofia-muscolare-inaugurato-a-bergamo-un-nuovo-ambulatorio\/\" \/>\n<meta property=\"og:locale\" content=\"en_US\" \/>\n<meta property=\"og:type\" content=\"article\" \/>\n<meta property=\"og:title\" content=\"Distrofia muscolare: inaugurato a Bergamo un nuovo ambulatorio - Centro Clinico NeMO\" \/>\n<meta property=\"og:description\" content=\"Il servizio nasce grazie alla collaborazione tra l\u2019Ospedale Papa Giovanni XXIII, UILDM Bergamo e i Centri Clinici NeMO di Milano e Brescia, per offrire supporto personalizzato ai pazienti e alle loro famiglie\" \/>\n<meta property=\"og:url\" content=\"https:\/\/www.centrocliniconemo.it\/en\/blog\/distrofia-muscolare-inaugurato-a-bergamo-un-nuovo-ambulatorio\/\" \/>\n<meta property=\"og:site_name\" content=\"Centro Clinico NeMO\" \/>\n<meta property=\"article:publisher\" content=\"https:\/\/www.facebook.com\/CentroNEMOItalia\" \/>\n<meta property=\"article:published_time\" content=\"2026-01-23T16:19:46+00:00\" \/>\n<meta property=\"article:modified_time\" content=\"2026-01-23T16:23:39+00:00\" \/>\n<meta property=\"og:image\" content=\"https:\/\/www.centrocliniconemo.it\/wp-content\/uploads\/2026\/01\/PHOTO-2026-01-23-15-48-19.jpg\" \/>\n\t<meta property=\"og:image:width\" content=\"2048\" \/>\n\t<meta property=\"og:image:height\" content=\"1361\" \/>\n\t<meta property=\"og:image:type\" content=\"image\/jpeg\" \/>\n<meta name=\"author\" content=\"Paola Tomasi\" \/>\n<meta name=\"twitter:card\" content=\"summary_large_image\" \/>\n<meta name=\"twitter:creator\" content=\"@CentroNemo\" \/>\n<meta name=\"twitter:site\" content=\"@CentroNemo\" \/>\n<meta name=\"twitter:label1\" content=\"Written by\" \/>\n\t<meta name=\"twitter:data1\" content=\"Paola Tomasi\" \/>\n\t<meta name=\"twitter:label2\" content=\"Est. reading time\" \/>\n\t<meta name=\"twitter:data2\" content=\"4 minutes\" \/>\n<script type=\"application\/ld+json\" class=\"yoast-schema-graph\">{\"@context\":\"https:\\\/\\\/schema.org\",\"@graph\":[{\"@type\":\"Article\",\"@id\":\"https:\\\/\\\/www.centrocliniconemo.it\\\/en\\\/blog\\\/distrofia-muscolare-inaugurato-a-bergamo-un-nuovo-ambulatorio\\\/#article\",\"isPartOf\":{\"@id\":\"https:\\\/\\\/www.centrocliniconemo.it\\\/en\\\/blog\\\/distrofia-muscolare-inaugurato-a-bergamo-un-nuovo-ambulatorio\\\/\"},\"author\":{\"name\":\"Paola Tomasi\",\"@id\":\"https:\\\/\\\/www.centrocliniconemo.it\\\/en\\\/#\\\/schema\\\/person\\\/23b904ba18a16bb7b114b1f59642792e\"},\"headline\":\"Distrofia muscolare: inaugurato a Bergamo un nuovo ambulatorio\",\"datePublished\":\"2026-01-23T16:19:46+00:00\",\"dateModified\":\"2026-01-23T16:23:39+00:00\",\"mainEntityOfPage\":{\"@id\":\"https:\\\/\\\/www.centrocliniconemo.it\\\/en\\\/blog\\\/distrofia-muscolare-inaugurato-a-bergamo-un-nuovo-ambulatorio\\\/\"},\"wordCount\":540,\"publisher\":{\"@id\":\"https:\\\/\\\/www.centrocliniconemo.it\\\/en\\\/#organization\"},\"image\":{\"@id\":\"https:\\\/\\\/www.centrocliniconemo.it\\\/en\\\/blog\\\/distrofia-muscolare-inaugurato-a-bergamo-un-nuovo-ambulatorio\\\/#primaryimage\"},\"thumbnailUrl\":\"https:\\\/\\\/www.centrocliniconemo.it\\\/wp-content\\\/uploads\\\/2026\\\/01\\\/PHOTO-2026-01-23-15-48-19.jpg\",\"keywords\":[\"NeMO Brescia\",\"NeMO Milano\"],\"articleSection\":[\"Storie di NeMO\"],\"inLanguage\":\"en-US\"},{\"@type\":\"WebPage\",\"@id\":\"https:\\\/\\\/www.centrocliniconemo.it\\\/en\\\/blog\\\/distrofia-muscolare-inaugurato-a-bergamo-un-nuovo-ambulatorio\\\/\",\"url\":\"https:\\\/\\\/www.centrocliniconemo.it\\\/en\\\/blog\\\/distrofia-muscolare-inaugurato-a-bergamo-un-nuovo-ambulatorio\\\/\",\"name\":\"Distrofia muscolare: inaugurato a Bergamo un nuovo ambulatorio - Centro Clinico NeMO\",\"isPartOf\":{\"@id\":\"https:\\\/\\\/www.centrocliniconemo.it\\\/en\\\/#website\"},\"primaryImageOfPage\":{\"@id\":\"https:\\\/\\\/www.centrocliniconemo.it\\\/en\\\/blog\\\/distrofia-muscolare-inaugurato-a-bergamo-un-nuovo-ambulatorio\\\/#primaryimage\"},\"image\":{\"@id\":\"https:\\\/\\\/www.centrocliniconemo.it\\\/en\\\/blog\\\/distrofia-muscolare-inaugurato-a-bergamo-un-nuovo-ambulatorio\\\/#primaryimage\"},\"thumbnailUrl\":\"https:\\\/\\\/www.centrocliniconemo.it\\\/wp-content\\\/uploads\\\/2026\\\/01\\\/PHOTO-2026-01-23-15-48-19.jpg\",\"datePublished\":\"2026-01-23T16:19:46+00:00\",\"dateModified\":\"2026-01-23T16:23:39+00:00\",\"description\":\"Il servizio nasce grazie alla collaborazione tra l\u2019Ospedale Papa Giovanni XXIII, UILDM Bergamo e i Centri Clinici NeMO di Milano e Brescia, per offrire supporto personalizzato ai pazienti e alle loro famiglie\",\"breadcrumb\":{\"@id\":\"https:\\\/\\\/www.centrocliniconemo.it\\\/en\\\/blog\\\/distrofia-muscolare-inaugurato-a-bergamo-un-nuovo-ambulatorio\\\/#breadcrumb\"},\"inLanguage\":\"en-US\",\"potentialAction\":[{\"@type\":\"ReadAction\",\"target\":[\"https:\\\/\\\/www.centrocliniconemo.it\\\/en\\\/blog\\\/distrofia-muscolare-inaugurato-a-bergamo-un-nuovo-ambulatorio\\\/\"]}]},{\"@type\":\"ImageObject\",\"inLanguage\":\"en-US\",\"@id\":\"https:\\\/\\\/www.centrocliniconemo.it\\\/en\\\/blog\\\/distrofia-muscolare-inaugurato-a-bergamo-un-nuovo-ambulatorio\\\/#primaryimage\",\"url\":\"https:\\\/\\\/www.centrocliniconemo.it\\\/wp-content\\\/uploads\\\/2026\\\/01\\\/PHOTO-2026-01-23-15-48-19.jpg\",\"contentUrl\":\"https:\\\/\\\/www.centrocliniconemo.it\\\/wp-content\\\/uploads\\\/2026\\\/01\\\/PHOTO-2026-01-23-15-48-19.jpg\",\"width\":2048,\"height\":1361},{\"@type\":\"BreadcrumbList\",\"@id\":\"https:\\\/\\\/www.centrocliniconemo.it\\\/en\\\/blog\\\/distrofia-muscolare-inaugurato-a-bergamo-un-nuovo-ambulatorio\\\/#breadcrumb\",\"itemListElement\":[{\"@type\":\"ListItem\",\"position\":1,\"name\":\"Home\",\"item\":\"https:\\\/\\\/www.centrocliniconemo.it\\\/en\\\/\"},{\"@type\":\"ListItem\",\"position\":2,\"name\":\"Distrofia muscolare: inaugurato a Bergamo un nuovo ambulatorio\"}]},{\"@type\":\"WebSite\",\"@id\":\"https:\\\/\\\/www.centrocliniconemo.it\\\/en\\\/#website\",\"url\":\"https:\\\/\\\/www.centrocliniconemo.it\\\/en\\\/\",\"name\":\"Centro Clinico NeMO\",\"description\":\"Il paziente al centro\",\"publisher\":{\"@id\":\"https:\\\/\\\/www.centrocliniconemo.it\\\/en\\\/#organization\"},\"potentialAction\":[{\"@type\":\"SearchAction\",\"target\":{\"@type\":\"EntryPoint\",\"urlTemplate\":\"https:\\\/\\\/www.centrocliniconemo.it\\\/en\\\/?s={search_term_string}\"},\"query-input\":{\"@type\":\"PropertyValueSpecification\",\"valueRequired\":true,\"valueName\":\"search_term_string\"}}],\"inLanguage\":\"en-US\"},{\"@type\":\"Organization\",\"@id\":\"https:\\\/\\\/www.centrocliniconemo.it\\\/en\\\/#organization\",\"name\":\"Centro Clinico NeMO - Fondazione Serena Onlus\",\"url\":\"https:\\\/\\\/www.centrocliniconemo.it\\\/en\\\/\",\"logo\":{\"@type\":\"ImageObject\",\"inLanguage\":\"en-US\",\"@id\":\"https:\\\/\\\/www.centrocliniconemo.it\\\/en\\\/#\\\/schema\\\/logo\\\/image\\\/\",\"url\":\"https:\\\/\\\/www.centrocliniconemo.it\\\/wp-content\\\/uploads\\\/2023\\\/03\\\/logo-nemo.svg\",\"contentUrl\":\"https:\\\/\\\/www.centrocliniconemo.it\\\/wp-content\\\/uploads\\\/2023\\\/03\\\/logo-nemo.svg\",\"width\":272,\"height\":109.142,\"caption\":\"Centro Clinico NeMO - Fondazione Serena Onlus\"},\"image\":{\"@id\":\"https:\\\/\\\/www.centrocliniconemo.it\\\/en\\\/#\\\/schema\\\/logo\\\/image\\\/\"},\"sameAs\":[\"https:\\\/\\\/www.facebook.com\\\/CentroNEMOItalia\",\"https:\\\/\\\/x.com\\\/CentroNemo\",\"https:\\\/\\\/www.linkedin.com\\\/company\\\/centrocliniconemo\\\/\",\"https:\\\/\\\/www.instagram.com\\\/centrocliniconemo\\\/\"]},{\"@type\":\"Person\",\"@id\":\"https:\\\/\\\/www.centrocliniconemo.it\\\/en\\\/#\\\/schema\\\/person\\\/23b904ba18a16bb7b114b1f59642792e\",\"name\":\"Paola Tomasi\",\"image\":{\"@type\":\"ImageObject\",\"inLanguage\":\"en-US\",\"@id\":\"https:\\\/\\\/secure.gravatar.com\\\/avatar\\\/74446384f79033bbbf711e67d0640ba1208293f1c7cd6b4abdc36fd985a8b9e4?s=96&d=mm&r=g\",\"url\":\"https:\\\/\\\/secure.gravatar.com\\\/avatar\\\/74446384f79033bbbf711e67d0640ba1208293f1c7cd6b4abdc36fd985a8b9e4?s=96&d=mm&r=g\",\"contentUrl\":\"https:\\\/\\\/secure.gravatar.com\\\/avatar\\\/74446384f79033bbbf711e67d0640ba1208293f1c7cd6b4abdc36fd985a8b9e4?s=96&d=mm&r=g\",\"caption\":\"Paola Tomasi\"}}]}<\/script>\n<!-- \/ Yoast SEO plugin. -->","yoast_head_json":{"title":"Distrofia muscolare: inaugurato a Bergamo un nuovo ambulatorio - Centro Clinico NeMO","description":"Il servizio nasce grazie alla collaborazione tra l\u2019Ospedale Papa Giovanni XXIII, UILDM Bergamo e i Centri Clinici NeMO di Milano e Brescia, per offrire supporto personalizzato ai pazienti e alle loro famiglie","robots":{"index":"index","follow":"follow","max-snippet":"max-snippet:-1","max-image-preview":"max-image-preview:large","max-video-preview":"max-video-preview:-1"},"canonical":"https:\/\/www.centrocliniconemo.it\/en\/blog\/distrofia-muscolare-inaugurato-a-bergamo-un-nuovo-ambulatorio\/","og_locale":"en_US","og_type":"article","og_title":"Distrofia muscolare: inaugurato a Bergamo un nuovo ambulatorio - Centro Clinico NeMO","og_description":"Il servizio nasce grazie alla collaborazione tra l\u2019Ospedale Papa Giovanni XXIII, UILDM Bergamo e i Centri Clinici NeMO di Milano e Brescia, per offrire supporto personalizzato ai pazienti e alle loro famiglie","og_url":"https:\/\/www.centrocliniconemo.it\/en\/blog\/distrofia-muscolare-inaugurato-a-bergamo-un-nuovo-ambulatorio\/","og_site_name":"Centro Clinico NeMO","article_publisher":"https:\/\/www.facebook.com\/CentroNEMOItalia","article_published_time":"2026-01-23T16:19:46+00:00","article_modified_time":"2026-01-23T16:23:39+00:00","og_image":[{"width":2048,"height":1361,"url":"https:\/\/www.centrocliniconemo.it\/wp-content\/uploads\/2026\/01\/PHOTO-2026-01-23-15-48-19.jpg","type":"image\/jpeg"}],"author":"Paola Tomasi","twitter_card":"summary_large_image","twitter_creator":"@CentroNemo","twitter_site":"@CentroNemo","twitter_misc":{"Written by":"Paola Tomasi","Est. reading time":"4 minutes"},"schema":{"@context":"https:\/\/schema.org","@graph":[{"@type":"Article","@id":"https:\/\/www.centrocliniconemo.it\/en\/blog\/distrofia-muscolare-inaugurato-a-bergamo-un-nuovo-ambulatorio\/#article","isPartOf":{"@id":"https:\/\/www.centrocliniconemo.it\/en\/blog\/distrofia-muscolare-inaugurato-a-bergamo-un-nuovo-ambulatorio\/"},"author":{"name":"Paola Tomasi","@id":"https:\/\/www.centrocliniconemo.it\/en\/#\/schema\/person\/23b904ba18a16bb7b114b1f59642792e"},"headline":"Distrofia muscolare: inaugurato a Bergamo un nuovo ambulatorio","datePublished":"2026-01-23T16:19:46+00:00","dateModified":"2026-01-23T16:23:39+00:00","mainEntityOfPage":{"@id":"https:\/\/www.centrocliniconemo.it\/en\/blog\/distrofia-muscolare-inaugurato-a-bergamo-un-nuovo-ambulatorio\/"},"wordCount":540,"publisher":{"@id":"https:\/\/www.centrocliniconemo.it\/en\/#organization"},"image":{"@id":"https:\/\/www.centrocliniconemo.it\/en\/blog\/distrofia-muscolare-inaugurato-a-bergamo-un-nuovo-ambulatorio\/#primaryimage"},"thumbnailUrl":"https:\/\/www.centrocliniconemo.it\/wp-content\/uploads\/2026\/01\/PHOTO-2026-01-23-15-48-19.jpg","keywords":["NeMO Brescia","NeMO Milano"],"articleSection":["Storie di NeMO"],"inLanguage":"en-US"},{"@type":"WebPage","@id":"https:\/\/www.centrocliniconemo.it\/en\/blog\/distrofia-muscolare-inaugurato-a-bergamo-un-nuovo-ambulatorio\/","url":"https:\/\/www.centrocliniconemo.it\/en\/blog\/distrofia-muscolare-inaugurato-a-bergamo-un-nuovo-ambulatorio\/","name":"Distrofia muscolare: inaugurato a Bergamo un nuovo ambulatorio - Centro Clinico NeMO","isPartOf":{"@id":"https:\/\/www.centrocliniconemo.it\/en\/#website"},"primaryImageOfPage":{"@id":"https:\/\/www.centrocliniconemo.it\/en\/blog\/distrofia-muscolare-inaugurato-a-bergamo-un-nuovo-ambulatorio\/#primaryimage"},"image":{"@id":"https:\/\/www.centrocliniconemo.it\/en\/blog\/distrofia-muscolare-inaugurato-a-bergamo-un-nuovo-ambulatorio\/#primaryimage"},"thumbnailUrl":"https:\/\/www.centrocliniconemo.it\/wp-content\/uploads\/2026\/01\/PHOTO-2026-01-23-15-48-19.jpg","datePublished":"2026-01-23T16:19:46+00:00","dateModified":"2026-01-23T16:23:39+00:00","description":"Il servizio nasce grazie alla collaborazione tra l\u2019Ospedale Papa Giovanni XXIII, UILDM Bergamo e i Centri Clinici NeMO di Milano e Brescia, per offrire supporto personalizzato ai pazienti e alle loro famiglie","breadcrumb":{"@id":"https:\/\/www.centrocliniconemo.it\/en\/blog\/distrofia-muscolare-inaugurato-a-bergamo-un-nuovo-ambulatorio\/#breadcrumb"},"inLanguage":"en-US","potentialAction":[{"@type":"ReadAction","target":["https:\/\/www.centrocliniconemo.it\/en\/blog\/distrofia-muscolare-inaugurato-a-bergamo-un-nuovo-ambulatorio\/"]}]},{"@type":"ImageObject","inLanguage":"en-US","@id":"https:\/\/www.centrocliniconemo.it\/en\/blog\/distrofia-muscolare-inaugurato-a-bergamo-un-nuovo-ambulatorio\/#primaryimage","url":"https:\/\/www.centrocliniconemo.it\/wp-content\/uploads\/2026\/01\/PHOTO-2026-01-23-15-48-19.jpg","contentUrl":"https:\/\/www.centrocliniconemo.it\/wp-content\/uploads\/2026\/01\/PHOTO-2026-01-23-15-48-19.jpg","width":2048,"height":1361},{"@type":"BreadcrumbList","@id":"https:\/\/www.centrocliniconemo.it\/en\/blog\/distrofia-muscolare-inaugurato-a-bergamo-un-nuovo-ambulatorio\/#breadcrumb","itemListElement":[{"@type":"ListItem","position":1,"name":"Home","item":"https:\/\/www.centrocliniconemo.it\/en\/"},{"@type":"ListItem","position":2,"name":"Distrofia muscolare: inaugurato a Bergamo un nuovo ambulatorio"}]},{"@type":"WebSite","@id":"https:\/\/www.centrocliniconemo.it\/en\/#website","url":"https:\/\/www.centrocliniconemo.it\/en\/","name":"Centro Clinico NeMO","description":"Il paziente al centro","publisher":{"@id":"https:\/\/www.centrocliniconemo.it\/en\/#organization"},"potentialAction":[{"@type":"SearchAction","target":{"@type":"EntryPoint","urlTemplate":"https:\/\/www.centrocliniconemo.it\/en\/?s={search_term_string}"},"query-input":{"@type":"PropertyValueSpecification","valueRequired":true,"valueName":"search_term_string"}}],"inLanguage":"en-US"},{"@type":"Organization","@id":"https:\/\/www.centrocliniconemo.it\/en\/#organization","name":"Centro Clinico NeMO - Fondazione Serena Onlus","url":"https:\/\/www.centrocliniconemo.it\/en\/","logo":{"@type":"ImageObject","inLanguage":"en-US","@id":"https:\/\/www.centrocliniconemo.it\/en\/#\/schema\/logo\/image\/","url":"https:\/\/www.centrocliniconemo.it\/wp-content\/uploads\/2023\/03\/logo-nemo.svg","contentUrl":"https:\/\/www.centrocliniconemo.it\/wp-content\/uploads\/2023\/03\/logo-nemo.svg","width":272,"height":109.142,"caption":"Centro Clinico NeMO - Fondazione Serena Onlus"},"image":{"@id":"https:\/\/www.centrocliniconemo.it\/en\/#\/schema\/logo\/image\/"},"sameAs":["https:\/\/www.facebook.com\/CentroNEMOItalia","https:\/\/x.com\/CentroNemo","https:\/\/www.linkedin.com\/company\/centrocliniconemo\/","https:\/\/www.instagram.com\/centrocliniconemo\/"]},{"@type":"Person","@id":"https:\/\/www.centrocliniconemo.it\/en\/#\/schema\/person\/23b904ba18a16bb7b114b1f59642792e","name":"Paola Tomasi","image":{"@type":"ImageObject","inLanguage":"en-US","@id":"https:\/\/secure.gravatar.com\/avatar\/74446384f79033bbbf711e67d0640ba1208293f1c7cd6b4abdc36fd985a8b9e4?s=96&d=mm&r=g","url":"https:\/\/secure.gravatar.com\/avatar\/74446384f79033bbbf711e67d0640ba1208293f1c7cd6b4abdc36fd985a8b9e4?s=96&d=mm&r=g","contentUrl":"https:\/\/secure.gravatar.com\/avatar\/74446384f79033bbbf711e67d0640ba1208293f1c7cd6b4abdc36fd985a8b9e4?s=96&d=mm&r=g","caption":"Paola Tomasi"}}]}},"_links":{"self":[{"href":"https:\/\/www.centrocliniconemo.it\/en\/wp-json\/wp\/v2\/posts\/26074","targetHints":{"allow":["GET"]}}],"collection":[{"href":"https:\/\/www.centrocliniconemo.it\/en\/wp-json\/wp\/v2\/posts"}],"about":[{"href":"https:\/\/www.centrocliniconemo.it\/en\/wp-json\/wp\/v2\/types\/post"}],"author":[{"embeddable":true,"href":"https:\/\/www.centrocliniconemo.it\/en\/wp-json\/wp\/v2\/users\/3"}],"replies":[{"embeddable":true,"href":"https:\/\/www.centrocliniconemo.it\/en\/wp-json\/wp\/v2\/comments?post=26074"}],"version-history":[{"count":0,"href":"https:\/\/www.centrocliniconemo.it\/en\/wp-json\/wp\/v2\/posts\/26074\/revisions"}],"wp:featuredmedia":[{"embeddable":true,"href":"https:\/\/www.centrocliniconemo.it\/en\/wp-json\/wp\/v2\/media\/26072"}],"wp:attachment":[{"href":"https:\/\/www.centrocliniconemo.it\/en\/wp-json\/wp\/v2\/media?parent=26074"}],"wp:term":[{"taxonomy":"category","embeddable":true,"href":"https:\/\/www.centrocliniconemo.it\/en\/wp-json\/wp\/v2\/categories?post=26074"},{"taxonomy":"post_tag","embeddable":true,"href":"https:\/\/www.centrocliniconemo.it\/en\/wp-json\/wp\/v2\/tags?post=26074"}],"curies":[{"name":"wp","href":"https:\/\/api.w.org\/{rel}","templated":true}]}}