{"id":25890,"date":"2025-12-05T14:34:09","date_gmt":"2025-12-05T14:34:09","guid":{"rendered":"https:\/\/www.centrocliniconemo.it\/blog\/?p=25890"},"modified":"2025-12-05T14:34:12","modified_gmt":"2025-12-05T14:34:12","slug":"un-ponte-tra-generazioni-progetto-volontariato","status":"publish","type":"post","link":"https:\/\/www.centrocliniconemo.it\/en\/blog\/un-ponte-tra-generazioni-progetto-volontariato\/","title":{"rendered":"Un ponte tra generazioni: ecco il progetto che mette al centro il volontariato che vuole contare"},"content":{"rendered":"\n<p>5 dicembre 2025 &#8211; UILDM ha scelto la <strong>Giornata internazionale del volontariato<\/strong> per presentare il <strong>progetto \u201c<\/strong><a href=\"https:\/\/uildm.org\/progetti\/un-ponte-tra-generazioni\/\"><strong>Un ponte tra generazioni: la figura dell\u2019EPE per la valorizzazione e la promozione del volontariato<\/strong><\/a><strong>\u201d<\/strong>, con l\u2019obiettivo di promuovere un nuovo modello di volontariato inclusivo e intergenerazionale, <strong>valorizzando il ruolo e il bagaglio culturale ed esperienziale degli EPE, gli esperti per esperienza<\/strong>. Il progetto \u00e8 finanziato dal Ministero del Lavoro e delle Politiche Sociali (Avviso n. 2\/2024 per il finanziamento di iniziative e progetti di rilevanza nazionale ai sensi dell\u2019art. 72 del decreto legislativo 3 luglio 2017, n. 117 e s.m.i.- anno 2024).<\/p>\n\n\n\n<p><strong>Gli EPE sono donne e uomini che, nel corso del tempo, hanno costruito competenze in grado di far crescere sia la propria realt\u00e0 associativa sia la comunit\u00e0 nella quale vivono<\/strong>. Il progetto di UILDM \u2013 in partenariato con <a href=\"https:\/\/www.cittadinanzattiva.it\/\">Cittadinanzattiva<\/a>, <a href=\"https:\/\/fishets.it\/\">FISH Ets<\/a>, <strong>Fondazione Serena Centro Clinico NeMO<\/strong>, <a href=\"https:\/\/www.ledha.it\/\">Ledha<\/a>, le <strong>Sezioni UILDM<\/strong> <strong>di<\/strong> <a href=\"https:\/\/www.uildmge.it\/\">Genova<\/a>, <a href=\"https:\/\/monza.uildm.org\/\">Monza<\/a>, <a href=\"https:\/\/www.uildmve.org\/\">Venezia<\/a> \u2013 vuole essere il ponte che li unisce alle giovani generazioni, valorizzando i punti di forza di entrambe le parti e contrastarne il drastico calo: l\u2019ISTAT ha segnalato nel periodo 2015-2021 una perdita del 15,7%, passando da 5,52 a 4,66 milioni di volontari attivi.<\/p>\n\n\n\n<p><strong>Il progetto ha una durata di 18 mesi<\/strong>. Partito nel mese di settembre 2025, si concluder\u00e0 a febbraio 2027: le attivit\u00e0 previste si svolgeranno in 19 regioni italiane grazie al coinvolgimento delle Sezioni locali di UILDM e alla rete dei collaboratori del progetto<strong>. Verr\u00e0 presentato nel dettaglio online<\/strong>, e sar\u00e0 aperto a tutti coloro che vogliono saperne di pi\u00f9: per agevolare la pi\u00f9 ampia partecipazione possibile, l\u2019appuntamento verr\u00e0 replicato nei giorni:&nbsp;<\/p>\n\n\n\n<p>\u2022 mercoled\u00ec 4 febbraio alle 18.00 &gt; <a href=\"https:\/\/events.teams.microsoft.com\/event\/4380ff07-9d2c-427f-914c-4a85e5affbcf@9345f343-9100-4517-b52c-ab4c0a046127\">Iscriviti qui<\/a><\/p>\n\n\n\n<p>\u2022 gioved\u00ec 5 febbraio alle 16.00 &gt; <a href=\"https:\/\/events.teams.microsoft.com\/event\/2c8576b7-aa34-4b3f-b679-b50c4920ddff@9345f343-9100-4517-b52c-ab4c0a046127\">Iscriviti qui<\/a><\/p>\n\n\n\n<p>\u2022 venerd\u00ec 6 febbraio alle 12.00 &gt; <a href=\"https:\/\/events.teams.microsoft.com\/event\/6dba9a37-c1ae-4b24-bdc4-67323958e02e@9345f343-9100-4517-b52c-ab4c0a046127\">Iscriviti qui<\/a><\/p>\n\n\n\n<p>\u00ab<em>Un progetto utile, aperto, con un grande potenziale e che pu\u00f2 contare su una rete di partner consolidata ed esperta<\/em> \u2013 spiega Stefania Pedroni, presidente nazionale UILDM \u2013 <em>io stessa, senza alcune figure dell\u2019associazione, non sarei cresciuta fino ad arrivare al ruolo che ricopro con fierezza oggi. Avere alle spalle una storia di quasi 65 anni di vita associativa, fa crescere la fiducia nei propri mezzi e anche la volont\u00e0 di restituire quanto ricevuto. Spero che \u201cUn ponte tra generazioni\u201d venga colto come opportunit\u00e0 sono solo dagli enti partner, ma anche all\u2019esterno: solo insieme \u00e8 possibile costruire soluzioni efficaci<\/em>\u00bb.<\/p>\n\n\n\n<p>UN PONTE PER FORMARE, CONOSCERE, COSTRUIRE<\/p>\n\n\n\n<p><strong>Il progetto vuole garantire una crescita sia personale \u2013 quella dei volontari e delle volontarie \u2013 sia una crescita associativa, per rendere le comunit\u00e0 sempre pi\u00f9 competenti e consapevoli<\/strong>. Ecco perch\u00e9 <strong>la prima azione prevista riguarda uno studio dello stato del volontariato in Italia<\/strong>, nello specifico degli enti coinvolti: l\u2019obiettivo \u00e8 fornire un quadro chiaro e aggiornato sulla salute del volontariato, con una identificazione e descrizione approfondita degli enti coinvolti, al quale seguir\u00e0 un\u2019analisi delle leggi e delle normative italiane che lo regolano, nonch\u00e9 delle politiche pubbliche a sostegno del settore. Al termine di questo studio, verr\u00e0 prodotto e presentato un rapporto dettagliato.<\/p>\n\n\n\n<p>L\u2019impegno progettuale si concentrer\u00e0 poi sulla<strong> formazione di una ottantina di EPE<\/strong>, per i quali \u00e8 stato studiato<strong> un percorso formativo \u2013 <\/strong>che prevede anche<strong> la collaborazione di Fondazione Serena Centro Clinico NeMO nell\u2019ideazione e realizzazione di alcuni moduli formativi <\/strong>\u2013 che andr\u00e0 a <strong>rafforzare le loro capacit\u00e0 di comunicazione, ascolto attivo e mentorato<\/strong>. La restituzione di questa attivit\u00e0 prevede la creazione di una guida che potr\u00e0 essere bene comune per tutte le persone coinvolte e non solo. Per arrivare ai giovani \u2013 l\u2019obiettivo \u00e8 raggiungere almeno 200 tra ragazze e ragazzi &#8211; verranno invece organizzati dei laboratori intergenerazionali con il supporto del Gruppo Giovani nazionale \u2013 coordinati da psicologi, educatori, mentor \u2013 per facilitare il passaggio di conoscenze con gli EPE e favorire la reciproca crescita.<\/p>\n\n\n\n<p><strong>L\u2019atto finale del progetto \u00e8 rappresentato da un evento di carattere nazionale<\/strong> che verr\u00e0 strutturato come un <strong>festival dedicato al volontariato<\/strong>, per presentare i dati raccolti e rafforzare il messaggio: il volontariato \u00e8 strumento di crescita non solo all\u2019interno delle associazioni, ma anche in tutti i contesti nei quali si trova ad operare come famiglie, scuole, sanit\u00e0.<\/p>\n\n\n\n<p><strong>Fondazione Serena Centro Clinico NeMO rinnova la propria collaborazione a progetti che mettono al centro la persona nella sua interezza<\/strong>. Iniziative come questa riconoscono il <strong>valore di ogni individuo<\/strong>, sia che viva una malattia neuromuscolare sia che sia un familiare o un caregiver, <strong>e ne accompagnano il desiderio di mettersi in gioco<\/strong>, crescere e partecipare attivamente alla vita della propria comunit\u00e0. \u00c8 attraverso percorsi di questo tipo che <strong>si costruisce una societ\u00e0 pi\u00f9 inclusiva<\/strong>, capace di riconoscere e valorizzare il contributo di tutti, e che <strong>si rafforza il ruolo del volontariato<\/strong> come spazio di protagonismo, relazione e cittadinanza.<\/p>\n\n\n\n<figure class=\"wp-block-gallery has-nested-images columns-default is-cropped wp-block-gallery-1 is-layout-flex wp-block-gallery-is-layout-flex\">\n<figure class=\"wp-block-image size-large\"><img fetchpriority=\"high\" decoding=\"async\" width=\"800\" height=\"800\" data-id=\"25891\" src=\"https:\/\/www.centrocliniconemo.it\/wp-content\/uploads\/2025\/12\/WC-UN-PONTE_webinarfronte.png\" alt=\"\" class=\"wp-image-25891\" srcset=\"https:\/\/www.centrocliniconemo.it\/wp-content\/uploads\/2025\/12\/WC-UN-PONTE_webinarfronte.png 800w, https:\/\/www.centrocliniconemo.it\/wp-content\/uploads\/2025\/12\/WC-UN-PONTE_webinarfronte-300x300.png 300w, https:\/\/www.centrocliniconemo.it\/wp-content\/uploads\/2025\/12\/WC-UN-PONTE_webinarfronte-150x150.png 150w, https:\/\/www.centrocliniconemo.it\/wp-content\/uploads\/2025\/12\/WC-UN-PONTE_webinarfronte-768x768.png 768w\" sizes=\"(max-width: 800px) 100vw, 800px\" \/><\/figure>\n\n\n\n<figure class=\"wp-block-image size-large\"><img decoding=\"async\" width=\"800\" height=\"800\" data-id=\"25893\" src=\"https:\/\/www.centrocliniconemo.it\/wp-content\/uploads\/2025\/12\/UN-PONTE_webinarfronte.png\" alt=\"\" class=\"wp-image-25893\" srcset=\"https:\/\/www.centrocliniconemo.it\/wp-content\/uploads\/2025\/12\/UN-PONTE_webinarfronte.png 800w, https:\/\/www.centrocliniconemo.it\/wp-content\/uploads\/2025\/12\/UN-PONTE_webinarfronte-300x300.png 300w, https:\/\/www.centrocliniconemo.it\/wp-content\/uploads\/2025\/12\/UN-PONTE_webinarfronte-150x150.png 150w, https:\/\/www.centrocliniconemo.it\/wp-content\/uploads\/2025\/12\/UN-PONTE_webinarfronte-768x768.png 768w\" sizes=\"(max-width: 800px) 100vw, 800px\" \/><\/figure>\n<\/figure>\n","protected":false},"excerpt":{"rendered":"<p>5 dicembre 2025 &#8211; UILDM ha scelto la Giornata internazionale del volontariato per presentare il progetto \u201cUn ponte tra generazioni: la figura dell\u2019EPE per la valorizzazione e la promozione del volontariato\u201d, con l\u2019obiettivo di promuovere un nuovo modello di volontariato inclusivo e intergenerazionale, valorizzando il ruolo e il bagaglio culturale ed esperienziale degli EPE, gli [&hellip;]<\/p>\n","protected":false},"author":2,"featured_media":25895,"comment_status":"closed","ping_status":"closed","sticky":false,"template":"","format":"standard","meta":{"pgc_sgb_lightbox_settings":"","footnotes":""},"categories":[1],"tags":[],"class_list":["post-25890","post","type-post","status-publish","format-standard","has-post-thumbnail","hentry","category-storie-di-nemo"],"yoast_head":"<!-- This site is optimized with the Yoast SEO plugin v27.4 - https:\/\/yoast.com\/product\/yoast-seo-wordpress\/ -->\n<title>Un ponte tra generazioni: ecco il progetto che mette al centro il volontariato che vuole contare - Centro Clinico NeMO<\/title>\n<meta name=\"description\" content=\"In occasione della Giornata internazionale del volontariato presentato il progetto \u201cUn ponte tra generazioni: la figura dell\u2019EPE per la valorizzazione e la promozione del volontariato\u201d, un percorso in collaborazione con UILDM \u2013 Unione Italiana Lotta alla Distrofia Muscolare\" \/>\n<meta name=\"robots\" content=\"index, follow, max-snippet:-1, max-image-preview:large, max-video-preview:-1\" \/>\n<link rel=\"canonical\" href=\"https:\/\/www.centrocliniconemo.it\/en\/blog\/un-ponte-tra-generazioni-progetto-volontariato\/\" \/>\n<meta property=\"og:locale\" content=\"en_US\" \/>\n<meta property=\"og:type\" content=\"article\" \/>\n<meta property=\"og:title\" content=\"Un ponte tra generazioni: ecco il progetto che mette al centro il volontariato che vuole contare\" \/>\n<meta property=\"og:description\" content=\"In occasione della Giornata internazionale del volontariato presentato il progetto \u201cUn ponte tra generazioni: la figura dell\u2019EPE per la valorizzazione e la promozione del volontariato\u201d, un percorso in collaborazione con UILDM \u2013 Unione Italiana Lotta alla Distrofia Muscolare\" \/>\n<meta property=\"og:url\" content=\"https:\/\/www.centrocliniconemo.it\/en\/blog\/un-ponte-tra-generazioni-progetto-volontariato\/\" \/>\n<meta property=\"og:site_name\" content=\"Centro Clinico NeMO\" \/>\n<meta property=\"article:publisher\" content=\"https:\/\/www.facebook.com\/CentroNEMOItalia\" \/>\n<meta property=\"article:published_time\" content=\"2025-12-05T14:34:09+00:00\" \/>\n<meta property=\"article:modified_time\" content=\"2025-12-05T14:34:12+00:00\" \/>\n<meta property=\"og:image\" content=\"https:\/\/www.centrocliniconemo.it\/wp-content\/uploads\/2025\/12\/UN-PONTE-TRA-GENERAZIONI-EPE-UILDM-immagine.png\" \/>\n\t<meta property=\"og:image:width\" content=\"1170\" \/>\n\t<meta property=\"og:image:height\" content=\"660\" \/>\n\t<meta property=\"og:image:type\" content=\"image\/png\" \/>\n<meta name=\"author\" content=\"Luca Biondi\" \/>\n<meta name=\"twitter:card\" content=\"summary_large_image\" \/>\n<meta name=\"twitter:title\" content=\"Un ponte tra generazioni: ecco il progetto che mette al centro il volontariato che vuole contare\" \/>\n<meta name=\"twitter:description\" content=\"In occasione della Giornata internazionale del volontariato presentato il progetto \u201cUn ponte tra generazioni: la figura dell\u2019EPE per la valorizzazione e la promozione del volontariato\u201d, un percorso in collaborazione con UILDM \u2013 Unione Italiana Lotta alla Distrofia Muscolare\" \/>\n<meta name=\"twitter:image\" content=\"https:\/\/www.centrocliniconemo.it\/wp-content\/uploads\/2025\/12\/UN-PONTE-TRA-GENERAZIONI-EPE-UILDM-immagine.png\" \/>\n<meta name=\"twitter:creator\" content=\"@CentroNemo\" \/>\n<meta name=\"twitter:site\" content=\"@CentroNemo\" \/>\n<meta name=\"twitter:label1\" content=\"Written by\" \/>\n\t<meta name=\"twitter:data1\" content=\"Luca Biondi\" \/>\n\t<meta name=\"twitter:label2\" content=\"Est. reading time\" \/>\n\t<meta name=\"twitter:data2\" content=\"5 minutes\" \/>\n<script type=\"application\/ld+json\" class=\"yoast-schema-graph\">{\"@context\":\"https:\\\/\\\/schema.org\",\"@graph\":[{\"@type\":\"Article\",\"@id\":\"https:\\\/\\\/www.centrocliniconemo.it\\\/en\\\/blog\\\/un-ponte-tra-generazioni-progetto-volontariato\\\/#article\",\"isPartOf\":{\"@id\":\"https:\\\/\\\/www.centrocliniconemo.it\\\/en\\\/blog\\\/un-ponte-tra-generazioni-progetto-volontariato\\\/\"},\"author\":{\"name\":\"Luca Biondi\",\"@id\":\"https:\\\/\\\/www.centrocliniconemo.it\\\/en\\\/#\\\/schema\\\/person\\\/9331a87c0a8ee435c61f5dd498531434\"},\"headline\":\"Un ponte tra generazioni: ecco il progetto che mette al centro il volontariato che vuole contare\",\"datePublished\":\"2025-12-05T14:34:09+00:00\",\"dateModified\":\"2025-12-05T14:34:12+00:00\",\"mainEntityOfPage\":{\"@id\":\"https:\\\/\\\/www.centrocliniconemo.it\\\/en\\\/blog\\\/un-ponte-tra-generazioni-progetto-volontariato\\\/\"},\"wordCount\":774,\"publisher\":{\"@id\":\"https:\\\/\\\/www.centrocliniconemo.it\\\/en\\\/#organization\"},\"image\":{\"@id\":\"https:\\\/\\\/www.centrocliniconemo.it\\\/en\\\/blog\\\/un-ponte-tra-generazioni-progetto-volontariato\\\/#primaryimage\"},\"thumbnailUrl\":\"https:\\\/\\\/www.centrocliniconemo.it\\\/wp-content\\\/uploads\\\/2025\\\/12\\\/UN-PONTE-TRA-GENERAZIONI-EPE-UILDM-immagine.png\",\"articleSection\":[\"Storie di NeMO\"],\"inLanguage\":\"en-US\"},{\"@type\":\"WebPage\",\"@id\":\"https:\\\/\\\/www.centrocliniconemo.it\\\/en\\\/blog\\\/un-ponte-tra-generazioni-progetto-volontariato\\\/\",\"url\":\"https:\\\/\\\/www.centrocliniconemo.it\\\/en\\\/blog\\\/un-ponte-tra-generazioni-progetto-volontariato\\\/\",\"name\":\"Un ponte tra generazioni: ecco il progetto che mette al centro il volontariato che vuole contare - Centro Clinico NeMO\",\"isPartOf\":{\"@id\":\"https:\\\/\\\/www.centrocliniconemo.it\\\/en\\\/#website\"},\"primaryImageOfPage\":{\"@id\":\"https:\\\/\\\/www.centrocliniconemo.it\\\/en\\\/blog\\\/un-ponte-tra-generazioni-progetto-volontariato\\\/#primaryimage\"},\"image\":{\"@id\":\"https:\\\/\\\/www.centrocliniconemo.it\\\/en\\\/blog\\\/un-ponte-tra-generazioni-progetto-volontariato\\\/#primaryimage\"},\"thumbnailUrl\":\"https:\\\/\\\/www.centrocliniconemo.it\\\/wp-content\\\/uploads\\\/2025\\\/12\\\/UN-PONTE-TRA-GENERAZIONI-EPE-UILDM-immagine.png\",\"datePublished\":\"2025-12-05T14:34:09+00:00\",\"dateModified\":\"2025-12-05T14:34:12+00:00\",\"description\":\"In occasione della Giornata internazionale del volontariato presentato il progetto \u201cUn ponte tra generazioni: la figura dell\u2019EPE per la valorizzazione e la promozione del volontariato\u201d, un percorso in collaborazione con UILDM \u2013 Unione Italiana Lotta alla Distrofia Muscolare\",\"breadcrumb\":{\"@id\":\"https:\\\/\\\/www.centrocliniconemo.it\\\/en\\\/blog\\\/un-ponte-tra-generazioni-progetto-volontariato\\\/#breadcrumb\"},\"inLanguage\":\"en-US\",\"potentialAction\":[{\"@type\":\"ReadAction\",\"target\":[\"https:\\\/\\\/www.centrocliniconemo.it\\\/en\\\/blog\\\/un-ponte-tra-generazioni-progetto-volontariato\\\/\"]}]},{\"@type\":\"ImageObject\",\"inLanguage\":\"en-US\",\"@id\":\"https:\\\/\\\/www.centrocliniconemo.it\\\/en\\\/blog\\\/un-ponte-tra-generazioni-progetto-volontariato\\\/#primaryimage\",\"url\":\"https:\\\/\\\/www.centrocliniconemo.it\\\/wp-content\\\/uploads\\\/2025\\\/12\\\/UN-PONTE-TRA-GENERAZIONI-EPE-UILDM-immagine.png\",\"contentUrl\":\"https:\\\/\\\/www.centrocliniconemo.it\\\/wp-content\\\/uploads\\\/2025\\\/12\\\/UN-PONTE-TRA-GENERAZIONI-EPE-UILDM-immagine.png\",\"width\":1170,\"height\":660},{\"@type\":\"BreadcrumbList\",\"@id\":\"https:\\\/\\\/www.centrocliniconemo.it\\\/en\\\/blog\\\/un-ponte-tra-generazioni-progetto-volontariato\\\/#breadcrumb\",\"itemListElement\":[{\"@type\":\"ListItem\",\"position\":1,\"name\":\"Home\",\"item\":\"https:\\\/\\\/www.centrocliniconemo.it\\\/en\\\/\"},{\"@type\":\"ListItem\",\"position\":2,\"name\":\"Un ponte tra generazioni: ecco il progetto che mette al centro il volontariato che vuole contare\"}]},{\"@type\":\"WebSite\",\"@id\":\"https:\\\/\\\/www.centrocliniconemo.it\\\/en\\\/#website\",\"url\":\"https:\\\/\\\/www.centrocliniconemo.it\\\/en\\\/\",\"name\":\"Centro Clinico NeMO\",\"description\":\"Il paziente al centro\",\"publisher\":{\"@id\":\"https:\\\/\\\/www.centrocliniconemo.it\\\/en\\\/#organization\"},\"potentialAction\":[{\"@type\":\"SearchAction\",\"target\":{\"@type\":\"EntryPoint\",\"urlTemplate\":\"https:\\\/\\\/www.centrocliniconemo.it\\\/en\\\/?s={search_term_string}\"},\"query-input\":{\"@type\":\"PropertyValueSpecification\",\"valueRequired\":true,\"valueName\":\"search_term_string\"}}],\"inLanguage\":\"en-US\"},{\"@type\":\"Organization\",\"@id\":\"https:\\\/\\\/www.centrocliniconemo.it\\\/en\\\/#organization\",\"name\":\"Centro Clinico NeMO - Fondazione Serena Onlus\",\"url\":\"https:\\\/\\\/www.centrocliniconemo.it\\\/en\\\/\",\"logo\":{\"@type\":\"ImageObject\",\"inLanguage\":\"en-US\",\"@id\":\"https:\\\/\\\/www.centrocliniconemo.it\\\/en\\\/#\\\/schema\\\/logo\\\/image\\\/\",\"url\":\"https:\\\/\\\/www.centrocliniconemo.it\\\/wp-content\\\/uploads\\\/2023\\\/03\\\/logo-nemo.svg\",\"contentUrl\":\"https:\\\/\\\/www.centrocliniconemo.it\\\/wp-content\\\/uploads\\\/2023\\\/03\\\/logo-nemo.svg\",\"width\":272,\"height\":109.142,\"caption\":\"Centro Clinico NeMO - Fondazione Serena Onlus\"},\"image\":{\"@id\":\"https:\\\/\\\/www.centrocliniconemo.it\\\/en\\\/#\\\/schema\\\/logo\\\/image\\\/\"},\"sameAs\":[\"https:\\\/\\\/www.facebook.com\\\/CentroNEMOItalia\",\"https:\\\/\\\/x.com\\\/CentroNemo\",\"https:\\\/\\\/www.linkedin.com\\\/company\\\/centrocliniconemo\\\/\",\"https:\\\/\\\/www.instagram.com\\\/centrocliniconemo\\\/\"]},{\"@type\":\"Person\",\"@id\":\"https:\\\/\\\/www.centrocliniconemo.it\\\/en\\\/#\\\/schema\\\/person\\\/9331a87c0a8ee435c61f5dd498531434\",\"name\":\"Luca Biondi\",\"image\":{\"@type\":\"ImageObject\",\"inLanguage\":\"en-US\",\"@id\":\"https:\\\/\\\/secure.gravatar.com\\\/avatar\\\/0488b88829885ebcc9896de947265b69d2979e6dc4666b1e2c3d4fbf8dc73d77?s=96&d=mm&r=g\",\"url\":\"https:\\\/\\\/secure.gravatar.com\\\/avatar\\\/0488b88829885ebcc9896de947265b69d2979e6dc4666b1e2c3d4fbf8dc73d77?s=96&d=mm&r=g\",\"contentUrl\":\"https:\\\/\\\/secure.gravatar.com\\\/avatar\\\/0488b88829885ebcc9896de947265b69d2979e6dc4666b1e2c3d4fbf8dc73d77?s=96&d=mm&r=g\",\"caption\":\"Luca Biondi\"}}]}<\/script>\n<!-- \/ Yoast SEO plugin. -->","yoast_head_json":{"title":"Un ponte tra generazioni: ecco il progetto che mette al centro il volontariato che vuole contare - Centro Clinico NeMO","description":"In occasione della Giornata internazionale del volontariato presentato il progetto \u201cUn ponte tra generazioni: la figura dell\u2019EPE per la valorizzazione e la promozione del volontariato\u201d, un percorso in collaborazione con UILDM \u2013 Unione Italiana Lotta alla Distrofia Muscolare","robots":{"index":"index","follow":"follow","max-snippet":"max-snippet:-1","max-image-preview":"max-image-preview:large","max-video-preview":"max-video-preview:-1"},"canonical":"https:\/\/www.centrocliniconemo.it\/en\/blog\/un-ponte-tra-generazioni-progetto-volontariato\/","og_locale":"en_US","og_type":"article","og_title":"Un ponte tra generazioni: ecco il progetto che mette al centro il volontariato che vuole contare","og_description":"In occasione della Giornata internazionale del volontariato presentato il progetto \u201cUn ponte tra generazioni: la figura dell\u2019EPE per la valorizzazione e la promozione del volontariato\u201d, un percorso in collaborazione con UILDM \u2013 Unione Italiana Lotta alla Distrofia Muscolare","og_url":"https:\/\/www.centrocliniconemo.it\/en\/blog\/un-ponte-tra-generazioni-progetto-volontariato\/","og_site_name":"Centro Clinico NeMO","article_publisher":"https:\/\/www.facebook.com\/CentroNEMOItalia","article_published_time":"2025-12-05T14:34:09+00:00","article_modified_time":"2025-12-05T14:34:12+00:00","og_image":[{"width":1170,"height":660,"url":"https:\/\/www.centrocliniconemo.it\/wp-content\/uploads\/2025\/12\/UN-PONTE-TRA-GENERAZIONI-EPE-UILDM-immagine.png","type":"image\/png"}],"author":"Luca Biondi","twitter_card":"summary_large_image","twitter_title":"Un ponte tra generazioni: ecco il progetto che mette al centro il volontariato che vuole contare","twitter_description":"In occasione della Giornata internazionale del volontariato presentato il progetto \u201cUn ponte tra generazioni: la figura dell\u2019EPE per la valorizzazione e la promozione del volontariato\u201d, un percorso in collaborazione con UILDM \u2013 Unione Italiana Lotta alla Distrofia Muscolare","twitter_image":"https:\/\/www.centrocliniconemo.it\/wp-content\/uploads\/2025\/12\/UN-PONTE-TRA-GENERAZIONI-EPE-UILDM-immagine.png","twitter_creator":"@CentroNemo","twitter_site":"@CentroNemo","twitter_misc":{"Written by":"Luca Biondi","Est. reading time":"5 minutes"},"schema":{"@context":"https:\/\/schema.org","@graph":[{"@type":"Article","@id":"https:\/\/www.centrocliniconemo.it\/en\/blog\/un-ponte-tra-generazioni-progetto-volontariato\/#article","isPartOf":{"@id":"https:\/\/www.centrocliniconemo.it\/en\/blog\/un-ponte-tra-generazioni-progetto-volontariato\/"},"author":{"name":"Luca Biondi","@id":"https:\/\/www.centrocliniconemo.it\/en\/#\/schema\/person\/9331a87c0a8ee435c61f5dd498531434"},"headline":"Un ponte tra generazioni: ecco il progetto che mette al centro il volontariato che vuole contare","datePublished":"2025-12-05T14:34:09+00:00","dateModified":"2025-12-05T14:34:12+00:00","mainEntityOfPage":{"@id":"https:\/\/www.centrocliniconemo.it\/en\/blog\/un-ponte-tra-generazioni-progetto-volontariato\/"},"wordCount":774,"publisher":{"@id":"https:\/\/www.centrocliniconemo.it\/en\/#organization"},"image":{"@id":"https:\/\/www.centrocliniconemo.it\/en\/blog\/un-ponte-tra-generazioni-progetto-volontariato\/#primaryimage"},"thumbnailUrl":"https:\/\/www.centrocliniconemo.it\/wp-content\/uploads\/2025\/12\/UN-PONTE-TRA-GENERAZIONI-EPE-UILDM-immagine.png","articleSection":["Storie di NeMO"],"inLanguage":"en-US"},{"@type":"WebPage","@id":"https:\/\/www.centrocliniconemo.it\/en\/blog\/un-ponte-tra-generazioni-progetto-volontariato\/","url":"https:\/\/www.centrocliniconemo.it\/en\/blog\/un-ponte-tra-generazioni-progetto-volontariato\/","name":"Un ponte tra generazioni: ecco il progetto che mette al centro il volontariato che vuole contare - Centro Clinico NeMO","isPartOf":{"@id":"https:\/\/www.centrocliniconemo.it\/en\/#website"},"primaryImageOfPage":{"@id":"https:\/\/www.centrocliniconemo.it\/en\/blog\/un-ponte-tra-generazioni-progetto-volontariato\/#primaryimage"},"image":{"@id":"https:\/\/www.centrocliniconemo.it\/en\/blog\/un-ponte-tra-generazioni-progetto-volontariato\/#primaryimage"},"thumbnailUrl":"https:\/\/www.centrocliniconemo.it\/wp-content\/uploads\/2025\/12\/UN-PONTE-TRA-GENERAZIONI-EPE-UILDM-immagine.png","datePublished":"2025-12-05T14:34:09+00:00","dateModified":"2025-12-05T14:34:12+00:00","description":"In occasione della Giornata internazionale del volontariato presentato il progetto \u201cUn ponte tra generazioni: la figura dell\u2019EPE per la valorizzazione e la promozione del volontariato\u201d, un percorso in collaborazione con UILDM \u2013 Unione Italiana Lotta alla Distrofia Muscolare","breadcrumb":{"@id":"https:\/\/www.centrocliniconemo.it\/en\/blog\/un-ponte-tra-generazioni-progetto-volontariato\/#breadcrumb"},"inLanguage":"en-US","potentialAction":[{"@type":"ReadAction","target":["https:\/\/www.centrocliniconemo.it\/en\/blog\/un-ponte-tra-generazioni-progetto-volontariato\/"]}]},{"@type":"ImageObject","inLanguage":"en-US","@id":"https:\/\/www.centrocliniconemo.it\/en\/blog\/un-ponte-tra-generazioni-progetto-volontariato\/#primaryimage","url":"https:\/\/www.centrocliniconemo.it\/wp-content\/uploads\/2025\/12\/UN-PONTE-TRA-GENERAZIONI-EPE-UILDM-immagine.png","contentUrl":"https:\/\/www.centrocliniconemo.it\/wp-content\/uploads\/2025\/12\/UN-PONTE-TRA-GENERAZIONI-EPE-UILDM-immagine.png","width":1170,"height":660},{"@type":"BreadcrumbList","@id":"https:\/\/www.centrocliniconemo.it\/en\/blog\/un-ponte-tra-generazioni-progetto-volontariato\/#breadcrumb","itemListElement":[{"@type":"ListItem","position":1,"name":"Home","item":"https:\/\/www.centrocliniconemo.it\/en\/"},{"@type":"ListItem","position":2,"name":"Un ponte tra generazioni: ecco il progetto che mette al centro il volontariato che vuole contare"}]},{"@type":"WebSite","@id":"https:\/\/www.centrocliniconemo.it\/en\/#website","url":"https:\/\/www.centrocliniconemo.it\/en\/","name":"Centro Clinico NeMO","description":"Il paziente al centro","publisher":{"@id":"https:\/\/www.centrocliniconemo.it\/en\/#organization"},"potentialAction":[{"@type":"SearchAction","target":{"@type":"EntryPoint","urlTemplate":"https:\/\/www.centrocliniconemo.it\/en\/?s={search_term_string}"},"query-input":{"@type":"PropertyValueSpecification","valueRequired":true,"valueName":"search_term_string"}}],"inLanguage":"en-US"},{"@type":"Organization","@id":"https:\/\/www.centrocliniconemo.it\/en\/#organization","name":"Centro Clinico NeMO - Fondazione Serena Onlus","url":"https:\/\/www.centrocliniconemo.it\/en\/","logo":{"@type":"ImageObject","inLanguage":"en-US","@id":"https:\/\/www.centrocliniconemo.it\/en\/#\/schema\/logo\/image\/","url":"https:\/\/www.centrocliniconemo.it\/wp-content\/uploads\/2023\/03\/logo-nemo.svg","contentUrl":"https:\/\/www.centrocliniconemo.it\/wp-content\/uploads\/2023\/03\/logo-nemo.svg","width":272,"height":109.142,"caption":"Centro Clinico NeMO - Fondazione Serena Onlus"},"image":{"@id":"https:\/\/www.centrocliniconemo.it\/en\/#\/schema\/logo\/image\/"},"sameAs":["https:\/\/www.facebook.com\/CentroNEMOItalia","https:\/\/x.com\/CentroNemo","https:\/\/www.linkedin.com\/company\/centrocliniconemo\/","https:\/\/www.instagram.com\/centrocliniconemo\/"]},{"@type":"Person","@id":"https:\/\/www.centrocliniconemo.it\/en\/#\/schema\/person\/9331a87c0a8ee435c61f5dd498531434","name":"Luca Biondi","image":{"@type":"ImageObject","inLanguage":"en-US","@id":"https:\/\/secure.gravatar.com\/avatar\/0488b88829885ebcc9896de947265b69d2979e6dc4666b1e2c3d4fbf8dc73d77?s=96&d=mm&r=g","url":"https:\/\/secure.gravatar.com\/avatar\/0488b88829885ebcc9896de947265b69d2979e6dc4666b1e2c3d4fbf8dc73d77?s=96&d=mm&r=g","contentUrl":"https:\/\/secure.gravatar.com\/avatar\/0488b88829885ebcc9896de947265b69d2979e6dc4666b1e2c3d4fbf8dc73d77?s=96&d=mm&r=g","caption":"Luca Biondi"}}]}},"_links":{"self":[{"href":"https:\/\/www.centrocliniconemo.it\/en\/wp-json\/wp\/v2\/posts\/25890","targetHints":{"allow":["GET"]}}],"collection":[{"href":"https:\/\/www.centrocliniconemo.it\/en\/wp-json\/wp\/v2\/posts"}],"about":[{"href":"https:\/\/www.centrocliniconemo.it\/en\/wp-json\/wp\/v2\/types\/post"}],"author":[{"embeddable":true,"href":"https:\/\/www.centrocliniconemo.it\/en\/wp-json\/wp\/v2\/users\/2"}],"replies":[{"embeddable":true,"href":"https:\/\/www.centrocliniconemo.it\/en\/wp-json\/wp\/v2\/comments?post=25890"}],"version-history":[{"count":0,"href":"https:\/\/www.centrocliniconemo.it\/en\/wp-json\/wp\/v2\/posts\/25890\/revisions"}],"wp:featuredmedia":[{"embeddable":true,"href":"https:\/\/www.centrocliniconemo.it\/en\/wp-json\/wp\/v2\/media\/25895"}],"wp:attachment":[{"href":"https:\/\/www.centrocliniconemo.it\/en\/wp-json\/wp\/v2\/media?parent=25890"}],"wp:term":[{"taxonomy":"category","embeddable":true,"href":"https:\/\/www.centrocliniconemo.it\/en\/wp-json\/wp\/v2\/categories?post=25890"},{"taxonomy":"post_tag","embeddable":true,"href":"https:\/\/www.centrocliniconemo.it\/en\/wp-json\/wp\/v2\/tags?post=25890"}],"curies":[{"name":"wp","href":"https:\/\/api.w.org\/{rel}","templated":true}]}}