{"id":25489,"date":"2025-10-21T10:18:31","date_gmt":"2025-10-21T10:18:31","guid":{"rendered":"https:\/\/www.centrocliniconemo.it\/blog\/?p=25489"},"modified":"2025-10-21T10:50:18","modified_gmt":"2025-10-21T10:50:18","slug":"dalla-scienza-alla-societa-i-linguaggi-della-cura-avviano-un-modello-nazionale-di-comunicazione-etica-e-responsabile-nella-sla","status":"publish","type":"post","link":"https:\/\/www.centrocliniconemo.it\/en\/blog\/dalla-scienza-alla-societa-i-linguaggi-della-cura-avviano-un-modello-nazionale-di-comunicazione-etica-e-responsabile-nella-sla\/","title":{"rendered":"Dalla scienza alla societ\u00e0: i \u2018Linguaggi della Cura\u2019 avviano un modello nazionale di comunicazione etica e responsabile nella SLA"},"content":{"rendered":"\n<p><em>Milano\/Trento, 21 ottobre 2025<\/em>\u2013 Una sala gremita all\u2019ITAS Forum di Trento ha accolto sabato 18 ottobre il seminario <strong>\u201cLinguaggi della Cura: Solo lavorando assieme \u2013 tra scienza, comunicazione e verit\u00e0 condivisa\u201d<\/strong>, promosso da <a href=\"https:\/\/www.aisla.it\">AISLA<\/a>, insieme a <a href=\"https:\/\/www.google.com\/search?client=safari&amp;rls=en&amp;q=Fondazione+ARISLA&amp;ie=UTF-8&amp;oe=UTF-8\">Fondazione ARISLA<\/a> e ai <a href=\"http:\/\/centrocliniconemo.it\">Centri Clinici NeMO<\/a>, con il patrocinio della <a href=\"https:\/\/www.provincia.tn.it\/\">Provincia autonoma di Trento<\/a>, <a href=\"https:\/\/www.unitn.it\/it\">Universit\u00e0 di Trento<\/a>, <a href=\"https:\/\/www.apss.tn.it\/\">APSS<\/a>, <a href=\"https:\/\/www.fbk.eu\/it\/\">Fondazione Bruno Kessler<\/a> e <a href=\"https:\/\/www.odg.it\">Ordine Nazionale dei Giornalisti<\/a>.<\/p>\n\n\n\n<p>Dieci tappe simboliche, dieci voci e sguardi differenti hanno scandito la giornata, restituendo la complessit\u00e0 della cura e la forza della comunit\u00e0 che la sostiene, dal punto di vista scientifico, clinico, istituzionale e civile.<\/p>\n\n\n\n<p>A segnare il percorso \u00e8 stata la dichiarazione del presidente della Provincia autonoma di Trento, <strong>Maurizio Fugatti<\/strong>, che ha confermato la prosecuzione della collaborazione con il <a href=\"https:\/\/www.centrocliniconemo.it\/pazienti\/sedi-nemo\/nemo-trento\/\">Centro Clinico NeMO di Pergine Valsugana<\/a>: \u201c<em>Il valore aggiunto che NeMO ha dato e continuer\u00e0 a dare ci ha convinto della necessit\u00e0 di proseguire questo rapporto<\/em>.\u201d Quello del presidente Fugatti \u00e8 stato il riconoscimento del contributo del Centro nel costruire un modello di presa in carico integrato per le persone con Sla e malattie neuromuscolari sul territorio trentino.<\/p>\n\n\n\n<p><strong>Alberto Fontana<\/strong>, segretario nazionale dei Centri Clinici NeMO, ha sottolineato come a Trento sia nata un\u2019alleanza concreta tra privato sociale e istituzioni: \u201c<em>La malattia non \u00e8 il centro della vita, ma un momento da attraversare accompagnati e sostenuti.<\/em>\u201d<\/p>\n\n\n\n<p>L\u2019evento \u00e8 stato inaugurato dalla <strong>lectio magistralis di Marco Piazza (RAI)<\/strong>, che ha ricordato il maestro Franco Bomprezzi, simbolo di rigore e umanit\u00e0 nella comunicazione della disabilit\u00e0. Piazza ha evidenziato il potere delle parole come strumenti di cura, empatia e responsabilit\u00e0 sociale.<\/p>\n\n\n\n<p>La conduzione di <strong>Giampaolo Pedrotti<\/strong>, capo Ufficio Stampa della Provincia autonoma di Trento, ha guidato una vera maratona di pensiero e testimonianze. In sala, giornalisti, studenti, docenti universitari, familiari e volontari hanno incarnato un modello di comunit\u00e0 attiva e intergenerazionale, evocando l\u2019idea di civilt\u00e0 praticata di <strong>Carlo Borzaga<\/strong>, ricordato con commozione dalla figlia <strong>Anna Borzaga<\/strong>, volontaria AISLA Trentino: \u201c<em>L\u2019ascolto \u00e8 la prima forma di cura. L\u2019esperienza individuale diventa gesto collettivo, costruisce fiducia, senso e prossimit\u00e0. Dietro la ricerca ci sono sempre persone<\/em>.\u201d<\/p>\n\n\n\n<figure class=\"wp-block-gallery has-nested-images columns-default is-cropped wp-block-gallery-1 is-layout-flex wp-block-gallery-is-layout-flex\">\n<figure class=\"wp-block-image size-large\"><img fetchpriority=\"high\" decoding=\"async\" width=\"1024\" height=\"683\" data-id=\"25492\" src=\"https:\/\/www.centrocliniconemo.it\/wp-content\/uploads\/2025\/10\/M.Fugatti-A.Fontana-PAT-NEMO-1024x683.jpg\" alt=\"\" class=\"wp-image-25492\" srcset=\"https:\/\/www.centrocliniconemo.it\/wp-content\/uploads\/2025\/10\/M.Fugatti-A.Fontana-PAT-NEMO-1024x683.jpg 1024w, https:\/\/www.centrocliniconemo.it\/wp-content\/uploads\/2025\/10\/M.Fugatti-A.Fontana-PAT-NEMO-300x200.jpg 300w, https:\/\/www.centrocliniconemo.it\/wp-content\/uploads\/2025\/10\/M.Fugatti-A.Fontana-PAT-NEMO-768x512.jpg 768w, https:\/\/www.centrocliniconemo.it\/wp-content\/uploads\/2025\/10\/M.Fugatti-A.Fontana-PAT-NEMO-1536x1025.jpg 1536w, https:\/\/www.centrocliniconemo.it\/wp-content\/uploads\/2025\/10\/M.Fugatti-A.Fontana-PAT-NEMO.jpg 2000w\" sizes=\"(max-width: 1024px) 100vw, 1024px\" \/><\/figure>\n\n\n\n<figure class=\"wp-block-image size-large\"><img decoding=\"async\" width=\"1024\" height=\"683\" data-id=\"25490\" src=\"https:\/\/www.centrocliniconemo.it\/wp-content\/uploads\/2025\/10\/F.Valdini-A.Borzaga-AISLA-1024x683.jpg\" alt=\"\" class=\"wp-image-25490\" srcset=\"https:\/\/www.centrocliniconemo.it\/wp-content\/uploads\/2025\/10\/F.Valdini-A.Borzaga-AISLA-1024x683.jpg 1024w, https:\/\/www.centrocliniconemo.it\/wp-content\/uploads\/2025\/10\/F.Valdini-A.Borzaga-AISLA-300x200.jpg 300w, https:\/\/www.centrocliniconemo.it\/wp-content\/uploads\/2025\/10\/F.Valdini-A.Borzaga-AISLA-768x512.jpg 768w, https:\/\/www.centrocliniconemo.it\/wp-content\/uploads\/2025\/10\/F.Valdini-A.Borzaga-AISLA-1536x1025.jpg 1536w, https:\/\/www.centrocliniconemo.it\/wp-content\/uploads\/2025\/10\/F.Valdini-A.Borzaga-AISLA.jpg 2000w\" sizes=\"(max-width: 1024px) 100vw, 1024px\" \/><\/figure>\n\n\n\n<figure class=\"wp-block-image size-large\"><img decoding=\"async\" width=\"1024\" height=\"683\" data-id=\"25496\" src=\"https:\/\/www.centrocliniconemo.it\/wp-content\/uploads\/2025\/10\/S.Bastianello-R.Tanel-AISLA-NeMO-1024x683.jpg\" alt=\"\" class=\"wp-image-25496\" srcset=\"https:\/\/www.centrocliniconemo.it\/wp-content\/uploads\/2025\/10\/S.Bastianello-R.Tanel-AISLA-NeMO-1024x683.jpg 1024w, https:\/\/www.centrocliniconemo.it\/wp-content\/uploads\/2025\/10\/S.Bastianello-R.Tanel-AISLA-NeMO-300x200.jpg 300w, https:\/\/www.centrocliniconemo.it\/wp-content\/uploads\/2025\/10\/S.Bastianello-R.Tanel-AISLA-NeMO-768x512.jpg 768w, https:\/\/www.centrocliniconemo.it\/wp-content\/uploads\/2025\/10\/S.Bastianello-R.Tanel-AISLA-NeMO-1536x1025.jpg 1536w\" sizes=\"(max-width: 1024px) 100vw, 1024px\" \/><\/figure>\n<\/figure>\n\n\n\n<p>Gli interventi hanno alternato profondit\u00e0 e concretezza. <strong>Andrea Ziglio (PAT)<\/strong> ha sottolineato come le parole possano diventare cura concreta, costruendo una \u201cgrammatica della malattia\u201d che apre il dialogo tra scienza, istituzioni e comunit\u00e0, trasformando ogni informazione in comprensione e sostegno. <strong>Andrea Pacher<\/strong>, ex sindaco di Trento e vicepresidente di ITAS Mutua, ha reso la struttura disponibile con lo stesso spirito di servizio che anima ogni progetto collettivo.<\/p>\n\n\n\n<p><strong>Anna Ambrosini<\/strong>, responsabile scientifico di ARISLA, ha ricordato il ruolo della fondazione, finanziatrice principale della ricerca italiana sulla SLA: \u201c<em>Rigore per la comunit\u00e0 scientifica, chiarezza per il pubblico generalista: il nostro obiettivo \u00e8 tradurre la scienza in strumenti concreti per pazienti, caregiver e professionisti<\/em>.\u201d<\/p>\n\n\n\n<p><strong>Mario Sabatelli<\/strong>, presidente della commissione scientifica di AISLA e direttore clinico del Centro NeMO Roma adulti, ha evocato il cuore come centro spirituale della vita, simbolo di amore, responsabilit\u00e0 e cura: \u201c<em>Ogni scelta clinica, ogni gesto medico e decisione etica deve partire da qui, rendendo la medicina non solo competente, ma pienamente umana<\/em>.\u201d<\/p>\n\n\n\n<p><strong>Riccardo Zuccarino<\/strong>,direttore clinico del NeMO Trento, ha dimostrato come la tecnologia sia uno dei linguaggi sempre pi\u00f9 parte del processo di cura e strumento fondamentale per il percorso riabilitativo: \u201c<em>Il linguaggio che diventa relazione e attenzione verso l\u2019altro \u00e8 l\u2019elemento che sta cambiando il nostro operare quotidiano e la tecnologia \u00e8 uno degli strumenti di questo percorso\u201d.<\/em><\/p>\n\n\n\n<p><strong>Serena Barello<\/strong>, Delegato rettorale alla ricerca nelle scienze umane e sociali dell\u2019<a href=\"https:\/\/portale.unipv.it\/it\">Universit\u00e0 di Pavia<\/a>, ha presentato il primo \u201cblueprint\u201d sulla comunicazione etica e responsabile in ambito SLA, frutto di un percorso di ascolto e confronto tra stakeholder, pensato per supportare clinici, pazienti e caregiver nelle decisioni legate alla malattia.<\/p>\n\n\n\n<p><strong>Francesca Demichelis<\/strong>, prorettrice vicaria dell\u2019Universit\u00e0 di Trento, ha sottolineato: \u201c<em>Gli accademici hanno la responsabilit\u00e0 di creare linguaggi chiari e comprensibili, trasformando la ricerca in strumenti utili non solo per chi vive la malattia, ma per l\u2019intera societ\u00e0<\/em>.\u201d<\/p>\n\n\n\n<p><strong>Francesco Ognibene<\/strong> ha ricordato il rigore giornalistico necessario nel raccontare la malattia: \u201c<em>Non \u00e8 spettacolo. \u00c8 dare notizie vere, misurate, rispettando chi vive la condizione e chi ascolta. Illuminare senza spaventare, accompagnare senza giudicare<\/em>.\u201d<\/p>\n\n\n\n<p><strong>Sar\u00e0 presto possibile rivedere il seminario sul canale <a href=\"https:\/\/www.youtube.com\/user\/aislaonlus\">YouTube di AISLA<\/a><\/strong>, per ripercorrere una giornata che ha intrecciato pensiero, ricerca e testimonianza. Tra i protagonisti anche <strong>Francesca Pasinelli<\/strong>, che ha richiamato la necessit\u00e0 di una cittadinanza scientifica capace di unire ricerca e responsabilit\u00e0 sociale; <strong>Stefania Bastianello<\/strong> e <strong>Raffaella Tanel<\/strong>, che hanno posto al centro la comunicazione etica e decisionale, ricordando che un\u2019informazione chiara e condivisa guida scelte consapevoli sulle cure e, infine, <strong>Francesca Castano<\/strong> e <strong>Manuela Basso<\/strong>, che hanno ricordato come la comunicazione sia il primo atto di cura, perch\u00e9 <em>prendersi cura nasce dal sapere, dall\u2019ascolto e dalla responsabilit\u00e0 condivisa<\/em>.<\/p>\n\n\n\n<p>Le dieci tappe del seminario hanno restituito spaccati di ruoli e responsabilit\u00e0, dai ricercatori ai clinici, dai giornalisti ai caregiver, dai rappresentanti istituzionali ai volontari, costruendo una rete di esperienze e visioni complementari. A chiudere la giornata, <strong>Alberto Tonout<\/strong>, medaglia d\u2019oro al Campionato Europeo di Nantes 1983 e ai Giochi del Mediterraneo 1993, ha ricordato il valore del gioco di squadra, portando la voce dell\u2019amico <strong>Federico Franceschin<\/strong>, storico giocatore e allenatore di basket oggi malato di SLA e paziente del NeMO Trento: \u201c<em>Dietro ogni risultato, cos\u00ec come dietro ogni percorso di cura, c\u2019\u00e8 sempre una squadra. Nessuno vince da solo<\/em>.\u201d<\/p>\n\n\n\n<p>Alla vigilia della <strong>Giornata Mondiale dell\u2019Ascolto (21 ottobre)<\/strong>, Trento si conferma capitale nazionale della comunicazione etica nella SLA: un laboratorio in cui scienza e societ\u00e0, competenze e ascolto, teoria e pratica, si intrecciano per trasformare la parola in azione concreta di responsabilit\u00e0, prossimit\u00e0 e umanit\u00e0. Un percorso che insieme continueremo a promuovere per fare della cura non solo un sapere, ma una cultura condivisa.&nbsp;<\/p>\n","protected":false},"excerpt":{"rendered":"<p>Milano\/Trento, 21 ottobre 2025\u2013 Una sala gremita all\u2019ITAS Forum di Trento ha accolto sabato 18 ottobre il seminario \u201cLinguaggi della Cura: Solo lavorando assieme \u2013 tra scienza, comunicazione e verit\u00e0 condivisa\u201d, promosso da AISLA, insieme a Fondazione ARISLA e ai Centri Clinici NeMO, con il patrocinio della Provincia autonoma di Trento, Universit\u00e0 di Trento, APSS, [&hellip;]<\/p>\n","protected":false},"author":2,"featured_media":25494,"comment_status":"closed","ping_status":"closed","sticky":false,"template":"","format":"standard","meta":{"pgc_sgb_lightbox_settings":"","footnotes":""},"categories":[28,17],"tags":[269,268,25],"class_list":["post-25489","post","type-post","status-publish","format-standard","has-post-thumbnail","hentry","category-cura-ricerca-e-formazione","category-iniziative-ed-eventi","tag-itas-forum","tag-linguaggi-di-cura","tag-nemo-trento"],"yoast_head":"<!-- This site is optimized with the Yoast SEO plugin v27.4 - https:\/\/yoast.com\/product\/yoast-seo-wordpress\/ -->\n<title>Dalla scienza alla societ\u00e0: i \u2018Linguaggi della Cura\u2019 avviano un modello nazionale di comunicazione etica e responsabile nella SLA - Centro Clinico NeMO<\/title>\n<meta name=\"robots\" content=\"index, follow, max-snippet:-1, max-image-preview:large, max-video-preview:-1\" \/>\n<link rel=\"canonical\" href=\"https:\/\/www.centrocliniconemo.it\/en\/blog\/dalla-scienza-alla-societa-i-linguaggi-della-cura-avviano-un-modello-nazionale-di-comunicazione-etica-e-responsabile-nella-sla\/\" \/>\n<meta property=\"og:locale\" content=\"en_US\" \/>\n<meta property=\"og:type\" content=\"article\" \/>\n<meta property=\"og:title\" content=\"Dalla scienza alla societ\u00e0: i \u2018Linguaggi della Cura\u2019 avviano un modello nazionale di comunicazione etica e responsabile nella SLA\" \/>\n<meta property=\"og:description\" content=\"Milano\/Trento, 21 ottobre 2025\u2013 Una sala gremita all\u2019ITAS Forum di Trento ha accolto sabato 18 ottobre il seminario \u201cLinguaggi della Cura: Solo lavorando assieme \u2013 tra scienza, comunicazione e verit\u00e0 condivisa\u201d, promosso da AISLA, insieme a Fondazione ARISLA e ai Centri Clinici NeMO, con il patrocinio della Provincia autonoma di Trento, Universit\u00e0 di Trento, APSS, Fondazione Bruno Kessler e Ordine Nazionale dei Giornalisti.\" \/>\n<meta property=\"og:url\" content=\"https:\/\/www.centrocliniconemo.it\/en\/blog\/dalla-scienza-alla-societa-i-linguaggi-della-cura-avviano-un-modello-nazionale-di-comunicazione-etica-e-responsabile-nella-sla\/\" \/>\n<meta property=\"og:site_name\" content=\"Centro Clinico NeMO\" \/>\n<meta property=\"article:publisher\" content=\"https:\/\/www.facebook.com\/CentroNEMOItalia\" \/>\n<meta property=\"article:published_time\" content=\"2025-10-21T10:18:31+00:00\" \/>\n<meta property=\"article:modified_time\" content=\"2025-10-21T10:50:18+00:00\" \/>\n<meta property=\"og:image\" content=\"https:\/\/www.centrocliniconemo.it\/wp-content\/uploads\/2025\/10\/Workshop-tecnologia-per-la-riabilitazione-scaled.jpg\" \/>\n\t<meta property=\"og:image:width\" content=\"2560\" \/>\n\t<meta property=\"og:image:height\" content=\"1708\" \/>\n\t<meta property=\"og:image:type\" content=\"image\/jpeg\" \/>\n<meta name=\"author\" content=\"Luca Biondi\" \/>\n<meta name=\"twitter:card\" content=\"summary_large_image\" \/>\n<meta name=\"twitter:title\" content=\"Dalla scienza alla societ\u00e0: i \u2018Linguaggi della Cura\u2019 avviano un modello nazionale di comunicazione etica e responsabile nella SLA\" \/>\n<meta name=\"twitter:description\" content=\"Milano\/Trento, 21 ottobre 2025\u2013 Una sala gremita all\u2019ITAS Forum di Trento ha accolto sabato 18 ottobre il seminario \u201cLinguaggi della Cura: Solo lavorando assieme \u2013 tra scienza, comunicazione e verit\u00e0 condivisa\u201d, promosso da AISLA, insieme a Fondazione ARISLA e ai Centri Clinici NeMO, con il patrocinio della Provincia autonoma di Trento, Universit\u00e0 di Trento, APSS, Fondazione Bruno Kessler e Ordine Nazionale dei Giornalisti.\" \/>\n<meta name=\"twitter:image\" content=\"https:\/\/www.centrocliniconemo.it\/wp-content\/uploads\/2025\/10\/Workshop-tecnologia-per-la-riabilitazione-scaled.jpg\" \/>\n<meta name=\"twitter:creator\" content=\"@CentroNemo\" \/>\n<meta name=\"twitter:site\" content=\"@CentroNemo\" \/>\n<meta name=\"twitter:label1\" content=\"Written by\" \/>\n\t<meta name=\"twitter:data1\" content=\"Luca Biondi\" \/>\n\t<meta name=\"twitter:label2\" content=\"Est. reading time\" \/>\n\t<meta name=\"twitter:data2\" content=\"6 minutes\" \/>\n<script type=\"application\/ld+json\" class=\"yoast-schema-graph\">{\"@context\":\"https:\\\/\\\/schema.org\",\"@graph\":[{\"@type\":\"Article\",\"@id\":\"https:\\\/\\\/www.centrocliniconemo.it\\\/en\\\/blog\\\/dalla-scienza-alla-societa-i-linguaggi-della-cura-avviano-un-modello-nazionale-di-comunicazione-etica-e-responsabile-nella-sla\\\/#article\",\"isPartOf\":{\"@id\":\"https:\\\/\\\/www.centrocliniconemo.it\\\/en\\\/blog\\\/dalla-scienza-alla-societa-i-linguaggi-della-cura-avviano-un-modello-nazionale-di-comunicazione-etica-e-responsabile-nella-sla\\\/\"},\"author\":{\"name\":\"Luca Biondi\",\"@id\":\"https:\\\/\\\/www.centrocliniconemo.it\\\/en\\\/#\\\/schema\\\/person\\\/9331a87c0a8ee435c61f5dd498531434\"},\"headline\":\"Dalla scienza alla societ\u00e0: i \u2018Linguaggi della Cura\u2019 avviano un modello nazionale di comunicazione etica e responsabile nella SLA\",\"datePublished\":\"2025-10-21T10:18:31+00:00\",\"dateModified\":\"2025-10-21T10:50:18+00:00\",\"mainEntityOfPage\":{\"@id\":\"https:\\\/\\\/www.centrocliniconemo.it\\\/en\\\/blog\\\/dalla-scienza-alla-societa-i-linguaggi-della-cura-avviano-un-modello-nazionale-di-comunicazione-etica-e-responsabile-nella-sla\\\/\"},\"wordCount\":969,\"publisher\":{\"@id\":\"https:\\\/\\\/www.centrocliniconemo.it\\\/en\\\/#organization\"},\"image\":{\"@id\":\"https:\\\/\\\/www.centrocliniconemo.it\\\/en\\\/blog\\\/dalla-scienza-alla-societa-i-linguaggi-della-cura-avviano-un-modello-nazionale-di-comunicazione-etica-e-responsabile-nella-sla\\\/#primaryimage\"},\"thumbnailUrl\":\"https:\\\/\\\/www.centrocliniconemo.it\\\/wp-content\\\/uploads\\\/2025\\\/10\\\/Workshop-tecnologia-per-la-riabilitazione-scaled.jpg\",\"keywords\":[\"ITAS Forum\",\"Linguaggi di Cura\",\"NeMO Trento\"],\"articleSection\":[\"Cura, ricerca e formazione\",\"Iniziative ed eventi\"],\"inLanguage\":\"en-US\"},{\"@type\":\"WebPage\",\"@id\":\"https:\\\/\\\/www.centrocliniconemo.it\\\/en\\\/blog\\\/dalla-scienza-alla-societa-i-linguaggi-della-cura-avviano-un-modello-nazionale-di-comunicazione-etica-e-responsabile-nella-sla\\\/\",\"url\":\"https:\\\/\\\/www.centrocliniconemo.it\\\/en\\\/blog\\\/dalla-scienza-alla-societa-i-linguaggi-della-cura-avviano-un-modello-nazionale-di-comunicazione-etica-e-responsabile-nella-sla\\\/\",\"name\":\"Dalla scienza alla societ\u00e0: i \u2018Linguaggi della Cura\u2019 avviano un modello nazionale di comunicazione etica e responsabile nella SLA - Centro Clinico NeMO\",\"isPartOf\":{\"@id\":\"https:\\\/\\\/www.centrocliniconemo.it\\\/en\\\/#website\"},\"primaryImageOfPage\":{\"@id\":\"https:\\\/\\\/www.centrocliniconemo.it\\\/en\\\/blog\\\/dalla-scienza-alla-societa-i-linguaggi-della-cura-avviano-un-modello-nazionale-di-comunicazione-etica-e-responsabile-nella-sla\\\/#primaryimage\"},\"image\":{\"@id\":\"https:\\\/\\\/www.centrocliniconemo.it\\\/en\\\/blog\\\/dalla-scienza-alla-societa-i-linguaggi-della-cura-avviano-un-modello-nazionale-di-comunicazione-etica-e-responsabile-nella-sla\\\/#primaryimage\"},\"thumbnailUrl\":\"https:\\\/\\\/www.centrocliniconemo.it\\\/wp-content\\\/uploads\\\/2025\\\/10\\\/Workshop-tecnologia-per-la-riabilitazione-scaled.jpg\",\"datePublished\":\"2025-10-21T10:18:31+00:00\",\"dateModified\":\"2025-10-21T10:50:18+00:00\",\"breadcrumb\":{\"@id\":\"https:\\\/\\\/www.centrocliniconemo.it\\\/en\\\/blog\\\/dalla-scienza-alla-societa-i-linguaggi-della-cura-avviano-un-modello-nazionale-di-comunicazione-etica-e-responsabile-nella-sla\\\/#breadcrumb\"},\"inLanguage\":\"en-US\",\"potentialAction\":[{\"@type\":\"ReadAction\",\"target\":[\"https:\\\/\\\/www.centrocliniconemo.it\\\/en\\\/blog\\\/dalla-scienza-alla-societa-i-linguaggi-della-cura-avviano-un-modello-nazionale-di-comunicazione-etica-e-responsabile-nella-sla\\\/\"]}]},{\"@type\":\"ImageObject\",\"inLanguage\":\"en-US\",\"@id\":\"https:\\\/\\\/www.centrocliniconemo.it\\\/en\\\/blog\\\/dalla-scienza-alla-societa-i-linguaggi-della-cura-avviano-un-modello-nazionale-di-comunicazione-etica-e-responsabile-nella-sla\\\/#primaryimage\",\"url\":\"https:\\\/\\\/www.centrocliniconemo.it\\\/wp-content\\\/uploads\\\/2025\\\/10\\\/Workshop-tecnologia-per-la-riabilitazione-scaled.jpg\",\"contentUrl\":\"https:\\\/\\\/www.centrocliniconemo.it\\\/wp-content\\\/uploads\\\/2025\\\/10\\\/Workshop-tecnologia-per-la-riabilitazione-scaled.jpg\",\"width\":2560,\"height\":1708},{\"@type\":\"BreadcrumbList\",\"@id\":\"https:\\\/\\\/www.centrocliniconemo.it\\\/en\\\/blog\\\/dalla-scienza-alla-societa-i-linguaggi-della-cura-avviano-un-modello-nazionale-di-comunicazione-etica-e-responsabile-nella-sla\\\/#breadcrumb\",\"itemListElement\":[{\"@type\":\"ListItem\",\"position\":1,\"name\":\"Home\",\"item\":\"https:\\\/\\\/www.centrocliniconemo.it\\\/en\\\/\"},{\"@type\":\"ListItem\",\"position\":2,\"name\":\"Dalla scienza alla societ\u00e0: i \u2018Linguaggi della Cura\u2019 avviano un modello nazionale di comunicazione etica e responsabile nella SLA\"}]},{\"@type\":\"WebSite\",\"@id\":\"https:\\\/\\\/www.centrocliniconemo.it\\\/en\\\/#website\",\"url\":\"https:\\\/\\\/www.centrocliniconemo.it\\\/en\\\/\",\"name\":\"Centro Clinico NeMO\",\"description\":\"Il paziente al centro\",\"publisher\":{\"@id\":\"https:\\\/\\\/www.centrocliniconemo.it\\\/en\\\/#organization\"},\"potentialAction\":[{\"@type\":\"SearchAction\",\"target\":{\"@type\":\"EntryPoint\",\"urlTemplate\":\"https:\\\/\\\/www.centrocliniconemo.it\\\/en\\\/?s={search_term_string}\"},\"query-input\":{\"@type\":\"PropertyValueSpecification\",\"valueRequired\":true,\"valueName\":\"search_term_string\"}}],\"inLanguage\":\"en-US\"},{\"@type\":\"Organization\",\"@id\":\"https:\\\/\\\/www.centrocliniconemo.it\\\/en\\\/#organization\",\"name\":\"Centro Clinico NeMO - Fondazione Serena Onlus\",\"url\":\"https:\\\/\\\/www.centrocliniconemo.it\\\/en\\\/\",\"logo\":{\"@type\":\"ImageObject\",\"inLanguage\":\"en-US\",\"@id\":\"https:\\\/\\\/www.centrocliniconemo.it\\\/en\\\/#\\\/schema\\\/logo\\\/image\\\/\",\"url\":\"https:\\\/\\\/www.centrocliniconemo.it\\\/wp-content\\\/uploads\\\/2023\\\/03\\\/logo-nemo.svg\",\"contentUrl\":\"https:\\\/\\\/www.centrocliniconemo.it\\\/wp-content\\\/uploads\\\/2023\\\/03\\\/logo-nemo.svg\",\"width\":272,\"height\":109.142,\"caption\":\"Centro Clinico NeMO - Fondazione Serena Onlus\"},\"image\":{\"@id\":\"https:\\\/\\\/www.centrocliniconemo.it\\\/en\\\/#\\\/schema\\\/logo\\\/image\\\/\"},\"sameAs\":[\"https:\\\/\\\/www.facebook.com\\\/CentroNEMOItalia\",\"https:\\\/\\\/x.com\\\/CentroNemo\",\"https:\\\/\\\/www.linkedin.com\\\/company\\\/centrocliniconemo\\\/\",\"https:\\\/\\\/www.instagram.com\\\/centrocliniconemo\\\/\"]},{\"@type\":\"Person\",\"@id\":\"https:\\\/\\\/www.centrocliniconemo.it\\\/en\\\/#\\\/schema\\\/person\\\/9331a87c0a8ee435c61f5dd498531434\",\"name\":\"Luca Biondi\",\"image\":{\"@type\":\"ImageObject\",\"inLanguage\":\"en-US\",\"@id\":\"https:\\\/\\\/secure.gravatar.com\\\/avatar\\\/0488b88829885ebcc9896de947265b69d2979e6dc4666b1e2c3d4fbf8dc73d77?s=96&d=mm&r=g\",\"url\":\"https:\\\/\\\/secure.gravatar.com\\\/avatar\\\/0488b88829885ebcc9896de947265b69d2979e6dc4666b1e2c3d4fbf8dc73d77?s=96&d=mm&r=g\",\"contentUrl\":\"https:\\\/\\\/secure.gravatar.com\\\/avatar\\\/0488b88829885ebcc9896de947265b69d2979e6dc4666b1e2c3d4fbf8dc73d77?s=96&d=mm&r=g\",\"caption\":\"Luca Biondi\"}}]}<\/script>\n<!-- \/ Yoast SEO plugin. -->","yoast_head_json":{"title":"Dalla scienza alla societ\u00e0: i \u2018Linguaggi della Cura\u2019 avviano un modello nazionale di comunicazione etica e responsabile nella SLA - Centro Clinico NeMO","robots":{"index":"index","follow":"follow","max-snippet":"max-snippet:-1","max-image-preview":"max-image-preview:large","max-video-preview":"max-video-preview:-1"},"canonical":"https:\/\/www.centrocliniconemo.it\/en\/blog\/dalla-scienza-alla-societa-i-linguaggi-della-cura-avviano-un-modello-nazionale-di-comunicazione-etica-e-responsabile-nella-sla\/","og_locale":"en_US","og_type":"article","og_title":"Dalla scienza alla societ\u00e0: i \u2018Linguaggi della Cura\u2019 avviano un modello nazionale di comunicazione etica e responsabile nella SLA","og_description":"Milano\/Trento, 21 ottobre 2025\u2013 Una sala gremita all\u2019ITAS Forum di Trento ha accolto sabato 18 ottobre il seminario \u201cLinguaggi della Cura: Solo lavorando assieme \u2013 tra scienza, comunicazione e verit\u00e0 condivisa\u201d, promosso da AISLA, insieme a Fondazione ARISLA e ai Centri Clinici NeMO, con il patrocinio della Provincia autonoma di Trento, Universit\u00e0 di Trento, APSS, Fondazione Bruno Kessler e Ordine Nazionale dei Giornalisti.","og_url":"https:\/\/www.centrocliniconemo.it\/en\/blog\/dalla-scienza-alla-societa-i-linguaggi-della-cura-avviano-un-modello-nazionale-di-comunicazione-etica-e-responsabile-nella-sla\/","og_site_name":"Centro Clinico NeMO","article_publisher":"https:\/\/www.facebook.com\/CentroNEMOItalia","article_published_time":"2025-10-21T10:18:31+00:00","article_modified_time":"2025-10-21T10:50:18+00:00","og_image":[{"width":2560,"height":1708,"url":"https:\/\/www.centrocliniconemo.it\/wp-content\/uploads\/2025\/10\/Workshop-tecnologia-per-la-riabilitazione-scaled.jpg","type":"image\/jpeg"}],"author":"Luca Biondi","twitter_card":"summary_large_image","twitter_title":"Dalla scienza alla societ\u00e0: i \u2018Linguaggi della Cura\u2019 avviano un modello nazionale di comunicazione etica e responsabile nella SLA","twitter_description":"Milano\/Trento, 21 ottobre 2025\u2013 Una sala gremita all\u2019ITAS Forum di Trento ha accolto sabato 18 ottobre il seminario \u201cLinguaggi della Cura: Solo lavorando assieme \u2013 tra scienza, comunicazione e verit\u00e0 condivisa\u201d, promosso da AISLA, insieme a Fondazione ARISLA e ai Centri Clinici NeMO, con il patrocinio della Provincia autonoma di Trento, Universit\u00e0 di Trento, APSS, Fondazione Bruno Kessler e Ordine Nazionale dei Giornalisti.","twitter_image":"https:\/\/www.centrocliniconemo.it\/wp-content\/uploads\/2025\/10\/Workshop-tecnologia-per-la-riabilitazione-scaled.jpg","twitter_creator":"@CentroNemo","twitter_site":"@CentroNemo","twitter_misc":{"Written by":"Luca Biondi","Est. reading time":"6 minutes"},"schema":{"@context":"https:\/\/schema.org","@graph":[{"@type":"Article","@id":"https:\/\/www.centrocliniconemo.it\/en\/blog\/dalla-scienza-alla-societa-i-linguaggi-della-cura-avviano-un-modello-nazionale-di-comunicazione-etica-e-responsabile-nella-sla\/#article","isPartOf":{"@id":"https:\/\/www.centrocliniconemo.it\/en\/blog\/dalla-scienza-alla-societa-i-linguaggi-della-cura-avviano-un-modello-nazionale-di-comunicazione-etica-e-responsabile-nella-sla\/"},"author":{"name":"Luca Biondi","@id":"https:\/\/www.centrocliniconemo.it\/en\/#\/schema\/person\/9331a87c0a8ee435c61f5dd498531434"},"headline":"Dalla scienza alla societ\u00e0: i \u2018Linguaggi della Cura\u2019 avviano un modello nazionale di comunicazione etica e responsabile nella SLA","datePublished":"2025-10-21T10:18:31+00:00","dateModified":"2025-10-21T10:50:18+00:00","mainEntityOfPage":{"@id":"https:\/\/www.centrocliniconemo.it\/en\/blog\/dalla-scienza-alla-societa-i-linguaggi-della-cura-avviano-un-modello-nazionale-di-comunicazione-etica-e-responsabile-nella-sla\/"},"wordCount":969,"publisher":{"@id":"https:\/\/www.centrocliniconemo.it\/en\/#organization"},"image":{"@id":"https:\/\/www.centrocliniconemo.it\/en\/blog\/dalla-scienza-alla-societa-i-linguaggi-della-cura-avviano-un-modello-nazionale-di-comunicazione-etica-e-responsabile-nella-sla\/#primaryimage"},"thumbnailUrl":"https:\/\/www.centrocliniconemo.it\/wp-content\/uploads\/2025\/10\/Workshop-tecnologia-per-la-riabilitazione-scaled.jpg","keywords":["ITAS Forum","Linguaggi di Cura","NeMO Trento"],"articleSection":["Cura, ricerca e formazione","Iniziative ed eventi"],"inLanguage":"en-US"},{"@type":"WebPage","@id":"https:\/\/www.centrocliniconemo.it\/en\/blog\/dalla-scienza-alla-societa-i-linguaggi-della-cura-avviano-un-modello-nazionale-di-comunicazione-etica-e-responsabile-nella-sla\/","url":"https:\/\/www.centrocliniconemo.it\/en\/blog\/dalla-scienza-alla-societa-i-linguaggi-della-cura-avviano-un-modello-nazionale-di-comunicazione-etica-e-responsabile-nella-sla\/","name":"Dalla scienza alla societ\u00e0: i \u2018Linguaggi della Cura\u2019 avviano un modello nazionale di comunicazione etica e responsabile nella SLA - Centro Clinico NeMO","isPartOf":{"@id":"https:\/\/www.centrocliniconemo.it\/en\/#website"},"primaryImageOfPage":{"@id":"https:\/\/www.centrocliniconemo.it\/en\/blog\/dalla-scienza-alla-societa-i-linguaggi-della-cura-avviano-un-modello-nazionale-di-comunicazione-etica-e-responsabile-nella-sla\/#primaryimage"},"image":{"@id":"https:\/\/www.centrocliniconemo.it\/en\/blog\/dalla-scienza-alla-societa-i-linguaggi-della-cura-avviano-un-modello-nazionale-di-comunicazione-etica-e-responsabile-nella-sla\/#primaryimage"},"thumbnailUrl":"https:\/\/www.centrocliniconemo.it\/wp-content\/uploads\/2025\/10\/Workshop-tecnologia-per-la-riabilitazione-scaled.jpg","datePublished":"2025-10-21T10:18:31+00:00","dateModified":"2025-10-21T10:50:18+00:00","breadcrumb":{"@id":"https:\/\/www.centrocliniconemo.it\/en\/blog\/dalla-scienza-alla-societa-i-linguaggi-della-cura-avviano-un-modello-nazionale-di-comunicazione-etica-e-responsabile-nella-sla\/#breadcrumb"},"inLanguage":"en-US","potentialAction":[{"@type":"ReadAction","target":["https:\/\/www.centrocliniconemo.it\/en\/blog\/dalla-scienza-alla-societa-i-linguaggi-della-cura-avviano-un-modello-nazionale-di-comunicazione-etica-e-responsabile-nella-sla\/"]}]},{"@type":"ImageObject","inLanguage":"en-US","@id":"https:\/\/www.centrocliniconemo.it\/en\/blog\/dalla-scienza-alla-societa-i-linguaggi-della-cura-avviano-un-modello-nazionale-di-comunicazione-etica-e-responsabile-nella-sla\/#primaryimage","url":"https:\/\/www.centrocliniconemo.it\/wp-content\/uploads\/2025\/10\/Workshop-tecnologia-per-la-riabilitazione-scaled.jpg","contentUrl":"https:\/\/www.centrocliniconemo.it\/wp-content\/uploads\/2025\/10\/Workshop-tecnologia-per-la-riabilitazione-scaled.jpg","width":2560,"height":1708},{"@type":"BreadcrumbList","@id":"https:\/\/www.centrocliniconemo.it\/en\/blog\/dalla-scienza-alla-societa-i-linguaggi-della-cura-avviano-un-modello-nazionale-di-comunicazione-etica-e-responsabile-nella-sla\/#breadcrumb","itemListElement":[{"@type":"ListItem","position":1,"name":"Home","item":"https:\/\/www.centrocliniconemo.it\/en\/"},{"@type":"ListItem","position":2,"name":"Dalla scienza alla societ\u00e0: i \u2018Linguaggi della Cura\u2019 avviano un modello nazionale di comunicazione etica e responsabile nella SLA"}]},{"@type":"WebSite","@id":"https:\/\/www.centrocliniconemo.it\/en\/#website","url":"https:\/\/www.centrocliniconemo.it\/en\/","name":"Centro Clinico NeMO","description":"Il paziente al centro","publisher":{"@id":"https:\/\/www.centrocliniconemo.it\/en\/#organization"},"potentialAction":[{"@type":"SearchAction","target":{"@type":"EntryPoint","urlTemplate":"https:\/\/www.centrocliniconemo.it\/en\/?s={search_term_string}"},"query-input":{"@type":"PropertyValueSpecification","valueRequired":true,"valueName":"search_term_string"}}],"inLanguage":"en-US"},{"@type":"Organization","@id":"https:\/\/www.centrocliniconemo.it\/en\/#organization","name":"Centro Clinico NeMO - Fondazione Serena Onlus","url":"https:\/\/www.centrocliniconemo.it\/en\/","logo":{"@type":"ImageObject","inLanguage":"en-US","@id":"https:\/\/www.centrocliniconemo.it\/en\/#\/schema\/logo\/image\/","url":"https:\/\/www.centrocliniconemo.it\/wp-content\/uploads\/2023\/03\/logo-nemo.svg","contentUrl":"https:\/\/www.centrocliniconemo.it\/wp-content\/uploads\/2023\/03\/logo-nemo.svg","width":272,"height":109.142,"caption":"Centro Clinico NeMO - Fondazione Serena Onlus"},"image":{"@id":"https:\/\/www.centrocliniconemo.it\/en\/#\/schema\/logo\/image\/"},"sameAs":["https:\/\/www.facebook.com\/CentroNEMOItalia","https:\/\/x.com\/CentroNemo","https:\/\/www.linkedin.com\/company\/centrocliniconemo\/","https:\/\/www.instagram.com\/centrocliniconemo\/"]},{"@type":"Person","@id":"https:\/\/www.centrocliniconemo.it\/en\/#\/schema\/person\/9331a87c0a8ee435c61f5dd498531434","name":"Luca Biondi","image":{"@type":"ImageObject","inLanguage":"en-US","@id":"https:\/\/secure.gravatar.com\/avatar\/0488b88829885ebcc9896de947265b69d2979e6dc4666b1e2c3d4fbf8dc73d77?s=96&d=mm&r=g","url":"https:\/\/secure.gravatar.com\/avatar\/0488b88829885ebcc9896de947265b69d2979e6dc4666b1e2c3d4fbf8dc73d77?s=96&d=mm&r=g","contentUrl":"https:\/\/secure.gravatar.com\/avatar\/0488b88829885ebcc9896de947265b69d2979e6dc4666b1e2c3d4fbf8dc73d77?s=96&d=mm&r=g","caption":"Luca Biondi"}}]}},"_links":{"self":[{"href":"https:\/\/www.centrocliniconemo.it\/en\/wp-json\/wp\/v2\/posts\/25489","targetHints":{"allow":["GET"]}}],"collection":[{"href":"https:\/\/www.centrocliniconemo.it\/en\/wp-json\/wp\/v2\/posts"}],"about":[{"href":"https:\/\/www.centrocliniconemo.it\/en\/wp-json\/wp\/v2\/types\/post"}],"author":[{"embeddable":true,"href":"https:\/\/www.centrocliniconemo.it\/en\/wp-json\/wp\/v2\/users\/2"}],"replies":[{"embeddable":true,"href":"https:\/\/www.centrocliniconemo.it\/en\/wp-json\/wp\/v2\/comments?post=25489"}],"version-history":[{"count":0,"href":"https:\/\/www.centrocliniconemo.it\/en\/wp-json\/wp\/v2\/posts\/25489\/revisions"}],"wp:featuredmedia":[{"embeddable":true,"href":"https:\/\/www.centrocliniconemo.it\/en\/wp-json\/wp\/v2\/media\/25494"}],"wp:attachment":[{"href":"https:\/\/www.centrocliniconemo.it\/en\/wp-json\/wp\/v2\/media?parent=25489"}],"wp:term":[{"taxonomy":"category","embeddable":true,"href":"https:\/\/www.centrocliniconemo.it\/en\/wp-json\/wp\/v2\/categories?post=25489"},{"taxonomy":"post_tag","embeddable":true,"href":"https:\/\/www.centrocliniconemo.it\/en\/wp-json\/wp\/v2\/tags?post=25489"}],"curies":[{"name":"wp","href":"https:\/\/api.w.org\/{rel}","templated":true}]}}