{"id":25128,"date":"2025-09-12T07:37:32","date_gmt":"2025-09-12T07:37:32","guid":{"rendered":"https:\/\/www.centrocliniconemo.it\/blog\/?p=25128"},"modified":"2025-09-12T07:43:05","modified_gmt":"2025-09-12T07:43:05","slug":"convegnofamigliesma2025","status":"publish","type":"post","link":"https:\/\/www.centrocliniconemo.it\/en\/blogformazione\/convegnofamigliesma2025\/","title":{"rendered":"Dopo la rivoluzione terapeutica, la sfida culturale: NeMO al Convegno di Famiglie SMA"},"content":{"rendered":"\n<p><strong>Ravenna, 6-7 settembre 2025<\/strong> \u2013 <em>\u201cLa nostra rivoluzione \u00e8 il presente da vivere\u201d<\/em>: non solo il titolo del XXI Convegno Nazionale di Famiglie SMA, ma un vero e proprio programma di lavoro, racchiuso nelle parole della presidente <strong>Anita Pallara<\/strong>: \u201c<em>Due giorni per riportare al centro le persone, le loro storie e l\u2019unicit\u00e0 di ciascuno. [\u2026]. La SMA sta vivendo un periodo rivoluzionario dal punto di vista terapeutico, ora serve una rivoluzione culturale, che porti le persone a vivere la propria vita a pieno fin dalla diagnosi; e una rivoluzione istituzionale, che approvi lo screening a livello nazionale e la riforma sulla disabilit\u00e0\u201d.<\/em><\/p>\n\n\n\n<p>Un appuntamento che ha visto famiglie, clinici, istituzioni e aziende, insieme, per confermare la necessit\u00e0 e l\u2019urgenza di accompagnare la rivoluzione terapeutica con un cambiamento culturale in grado di garantire autonomia, inclusione e qualit\u00e0 di vita.<\/p>\n\n\n\n<p>Accesso alle terapie, aderenza alle raccomandazioni di cura, urgenza nell\u2019approvazione dello screening neonatale su base nazionale, legge delega sulla disabilit\u00e0, ruolo dei servizi territoriali; gestione multidisciplinare e transizione all\u2019et\u00e0 adulta sono tra le priorit\u00e0 del prossimo futuro e tra i temi trattati al Convegno. Segno del fermento in atto che coinvolge tutti.<\/p>\n\n\n\n<p><strong>Una rivoluzione culturale che passa, prima di tutto, dagli aspetti clinici, <\/strong>per imparare ad avere un approccio proattivo alla cura: il trattamento riabilitativo, ad esempio, deve diventare per i bambini sempre pi\u00f9 un\u2019abitudine quotidiana e personale \u201cdi fare esercizio\u201d.<\/p>\n\n\n\n<p>\u201c<em>I farmaci sono uno straordinario strumento terapeutico, che necessariamente deve essere integrato da un approccio di cura continuativo, per supportare la persona in ogni aspetto funzionale<\/em>\u201d \u2013 cos\u00ec ha sottolineato <strong>Valeria Sansone<\/strong>, Direttore clinico-scientifico del Centro NeMO di Milano &#8211; \u201c<em>Per noi clinici, la rivoluzione nell\u2019approccio alla malattia significa oggi creare le condizioni per la costruzione di progetti di vita personali e autonomi<\/em>\u201d.<\/p>\n\n\n\n<p>Dal punto di vista scientifico,<strong> Marika Pane<\/strong>, direttore clinico del Centro NeMO Roma pediatrico, ha ricordato come la ricerca, oggi pi\u00f9 che mai, sia in continuo divenire: accanto alle evidenze gi\u00e0 acquisite sull\u2019efficacia dei trattamenti, tanti sono gli studi in corso per migliorare la conoscenza sul loro impatto nel medio e lungo periodo. <strong>In questa prospettiva, la presenza attiva delle famiglie diventa parte integrante del cambiamento<\/strong>. Ed il messaggio di <strong>Roberto De Santis<\/strong>, terapista del NeMO Roma pediatrico, sull\u2019importanza di considerare \u201c<em>il tempo giusto per ogni bambino<\/em>\u201d nell\u2019affrontare anche le scelte di cura pi\u00f9 complesse, ha confermato la necessit\u00e0 di questa alleanza terapeutica.<\/p>\n\n\n\n<p><strong>Una rivoluzione che d\u00e0 vita a nuovi viaggi<\/strong>: come il progetto presentato da <strong>Elena Gotti<\/strong>, nurse coach di NeMO Milano, per la creazione di una rete nazionale degli infermieri dedicati alla SMA, che ha l\u2019obiettivo di uniformare protocolli di cura e assistenziali. O il progetto editoriale \u201c<em>Famiglie Sma in cerca di emozioni\u201d<\/em>,curato da <strong>Jacopo Casiraghi<\/strong>, psicologo di NeMO Milano e Fam. Sma, insieme alla scrittrice <strong>Elena Peduzzi<\/strong>, scritto con il puntatore oculare da giovani con SMA1. Un\u2019opera unica che coinvolge per la prima volta dal punto di vista professionale e creativo le persone con la forma pi\u00f9 grave di Sma, con una pubblicazione inclusiva per tutta la comunit\u00e0. O ancora, l\u2019esperienza di <em>SMA Talent School<\/em> raccontata da <strong>Simona Spinoglio, <\/strong>psicologa Famiglie SMA e specializzanda in psicoterapia al NeMO Milano, con l\u2019entusiasmo di <strong>Gaia Pastorini.<\/strong><\/p>\n\n\n\n<p><strong>Rivoluzione culturale che fa incontrare storie di vita<\/strong> <strong>uniche<\/strong>, fatte di resilienza, speranza e coraggio, dentro storie di malattia vissute in contesti culturali difficili. Straordinariamente toccante la testimonianza delle due giovani sorelle tunisine con SMA, oggi in Italia grazie all\u2019impegno di Famiglie Sma e prese in carico al Centro NeMO di Milano. Una testimonianza, la loro, che racconta della capacit\u00e0 di costruire una relazione generativa tra corpo, mente, cuore e anima.<\/p>\n\n\n\n<p><strong>Ma la presenza di NeMO al Convegno \u00e8 fatta anche degli operatori che hanno partecipato alle giornate, per continuare ad imparare e a condividere questo viaggio insieme alle famiglie:&nbsp;<\/strong><\/p>\n\n\n\n<p>&nbsp;\u201cHo appena iniziato la mia esperienza professionale al NeMO e queste giornate con l\u2019Associazione mi confermano che un elemento cruciale nella presa in carico del paziente pediatrico con SMA riguarda la necessit\u00e0 di un approccio globale allo sviluppo. Le competenze motorie sono strettamente interconnesse con quelle cognitive, comunicative e relazionali: solo cos\u00ec \u00e8 possibile orientare gli interventi verso obiettivi che non si limitano al recupero funzionale, ma che promuovono qualit\u00e0 di vita e adattamento al contesto\u201d. [<strong>Martina Moschetto<\/strong>, TNPEE NeMO Brescia]<\/p>\n\n\n\n<p>\u201c\u00c8 stata la mia prima volta a un evento di Famiglie SMA e mi ha colpito l\u2019attenzione alla persona. Si porta avanti con fermezza l\u2019idea che bambini e adulti con SMA debbano avere le stesse possibilit\u00e0 di chiunque, trovando le giuste strategie. Questo \u00e8 il cuore della mia professione e un forte stimolo per continuare a fare la nostra parte\u201d. [<strong>Serena Forteleoni<\/strong>, terapista occupazionale NeMO Roma adulti]<\/p>\n\n\n\n<p>&nbsp;\u201cL\u2019appuntamento annuale di Famiglie SMA \u00e8 un\u2019occasione preziosa che vivo con gratitudine. Nella quotidianit\u00e0 clinica siamo spesso concentrati sulla complessit\u00e0 delle condizioni, ma qui si respira vitalit\u00e0, coraggio e bellezza. Vedo bambini che corrono con le loro carrozzine, genitori che si sostengono, famiglie che condividono gioie e sfide. \u00c8 un\u2019esperienza che unisce e dona speranza, perch\u00e9 qui non si parla solo di malattia, ma soprattutto di vita\u201d. [<strong>Silvi Cadri<\/strong>, psicologa NeMO Ancona]<\/p>\n\n\n\n<p>Due giornate ricche di vita, dunque, che hanno aperto a nuove domande e delineato nuove sfide..sullo sfondo l\u2019allegro vociare dei bimbi, fatto di sorrisi, pastelli e palloncini colorati.<\/p>\n\n\n\n<p><em>Il Convegno ha goduto del patrocinio di AIM \u2013 Associazione Italiana di Miologia e di AMR \u2013 Alleanza Malattie Rare, con la media partnership di OMaR \u2013 Osservatorio Malattie Rare ed il contributo non condizionante di Biogen Italia, Novartis Italia, Roche Italia.<\/em><\/p>\n\n\n\n<p>\u00c8 possibile rivedere qui la diretta delle due giornate: <a href=\"https:\/\/www.youtube.com\/FamiglieSMAservizi\">https:\/\/www.youtube.com\/FamiglieSMAservizi<\/a><\/p>\n\n\n<div class=\"pgc-sgb-cb wp-block-pgcsimplygalleryblock-slider \" data-gallery-id=\"41542516\"style=&quot;min-height:400px&quot;><div class=\"sgb-preloader\" id=\"pr_41542516\">\n\t<div class=\"sgb-square\" style=\"background:#d4d4d4\"><\/div>\n\t<div class=\"sgb-square\" style=\"background:#d4d4d4\"><\/div>\n\t<div class=\"sgb-square\" style=\"background:#d4d4d4\"><\/div>\n\t<div class=\"sgb-square\" style=\"background:#d4d4d4\"><\/div><\/div><div class=\"simply-gallery-amp pgc_sgb_slider \"><noscript><div class=\"sgb-gallery\"><div class=\"sgb-item\"><a href=\"https:\/\/www.centrocliniconemo.it\/?attachment_id=25129\" target=\"_blank\"><img loading=\"lazy\" decoding=\"async\" alt=\"\" width=\"300\" height=\"200\" loading=\"lazy\" src=\"https:\/\/www.centrocliniconemo.it\/wp-content\/uploads\/2025\/09\/Foto_1-300x200.jpg\" srcset=\"https:\/\/www.centrocliniconemo.it\/wp-content\/uploads\/2025\/09\/Foto_1-300x200.jpg 300w,https:\/\/www.centrocliniconemo.it\/wp-content\/uploads\/2025\/09\/Foto_1-1024x683.jpg 1024w,https:\/\/www.centrocliniconemo.it\/wp-content\/uploads\/2025\/09\/Foto_1-scaled.jpg 2560w\" sizes=\"auto, 250px\"\/><\/a><\/div><div class=\"sgb-item\"><a href=\"https:\/\/www.centrocliniconemo.it\/?attachment_id=25131\" target=\"_blank\"><img loading=\"lazy\" decoding=\"async\" alt=\"\" width=\"300\" height=\"200\" loading=\"lazy\" src=\"https:\/\/www.centrocliniconemo.it\/wp-content\/uploads\/2025\/09\/Foto_2-300x200.jpg\" srcset=\"https:\/\/www.centrocliniconemo.it\/wp-content\/uploads\/2025\/09\/Foto_2-300x200.jpg 300w,https:\/\/www.centrocliniconemo.it\/wp-content\/uploads\/2025\/09\/Foto_2-1024x683.jpg 1024w,https:\/\/www.centrocliniconemo.it\/wp-content\/uploads\/2025\/09\/Foto_2-scaled.jpg 2560w\" sizes=\"auto, 250px\"\/><\/a><\/div><div class=\"sgb-item\"><a href=\"https:\/\/www.centrocliniconemo.it\/?attachment_id=25133\" target=\"_blank\"><img loading=\"lazy\" decoding=\"async\" alt=\"\" width=\"200\" height=\"300\" loading=\"lazy\" src=\"https:\/\/www.centrocliniconemo.it\/wp-content\/uploads\/2025\/09\/Foto_3-200x300.jpg\" srcset=\"https:\/\/www.centrocliniconemo.it\/wp-content\/uploads\/2025\/09\/Foto_3-200x300.jpg 200w,https:\/\/www.centrocliniconemo.it\/wp-content\/uploads\/2025\/09\/Foto_3-683x1024.jpg 683w,https:\/\/www.centrocliniconemo.it\/wp-content\/uploads\/2025\/09\/Foto_3-scaled.jpg 1707w\" sizes=\"auto, 250px\"\/><\/a><\/div><div class=\"sgb-item\"><a href=\"https:\/\/www.centrocliniconemo.it\/?attachment_id=25135\" target=\"_blank\"><img loading=\"lazy\" decoding=\"async\" alt=\"\" width=\"300\" height=\"200\" loading=\"lazy\" src=\"https:\/\/www.centrocliniconemo.it\/wp-content\/uploads\/2025\/09\/Foto_4-300x200.jpg\" srcset=\"https:\/\/www.centrocliniconemo.it\/wp-content\/uploads\/2025\/09\/Foto_4-300x200.jpg 300w,https:\/\/www.centrocliniconemo.it\/wp-content\/uploads\/2025\/09\/Foto_4-1024x683.jpg 1024w,https:\/\/www.centrocliniconemo.it\/wp-content\/uploads\/2025\/09\/Foto_4-scaled.jpg 2560w\" sizes=\"auto, 250px\"\/><\/a><\/div><div class=\"sgb-item\"><a href=\"https:\/\/www.centrocliniconemo.it\/?attachment_id=25137\" target=\"_blank\"><img loading=\"lazy\" decoding=\"async\" alt=\"\" width=\"300\" height=\"200\" loading=\"lazy\" src=\"https:\/\/www.centrocliniconemo.it\/wp-content\/uploads\/2025\/09\/Foto_5-300x200.jpg\" srcset=\"https:\/\/www.centrocliniconemo.it\/wp-content\/uploads\/2025\/09\/Foto_5-300x200.jpg 300w,https:\/\/www.centrocliniconemo.it\/wp-content\/uploads\/2025\/09\/Foto_5-1024x683.jpg 1024w,https:\/\/www.centrocliniconemo.it\/wp-content\/uploads\/2025\/09\/Foto_5-scaled.jpg 2560w\" sizes=\"auto, 250px\"\/><\/a><\/div><div class=\"sgb-item\"><a href=\"https:\/\/www.centrocliniconemo.it\/?attachment_id=25139\" target=\"_blank\"><img loading=\"lazy\" decoding=\"async\" alt=\"\" width=\"300\" height=\"200\" loading=\"lazy\" src=\"https:\/\/www.centrocliniconemo.it\/wp-content\/uploads\/2025\/09\/Foto_6-300x200.jpg\" srcset=\"https:\/\/www.centrocliniconemo.it\/wp-content\/uploads\/2025\/09\/Foto_6-300x200.jpg 300w,https:\/\/www.centrocliniconemo.it\/wp-content\/uploads\/2025\/09\/Foto_6-1024x683.jpg 1024w,https:\/\/www.centrocliniconemo.it\/wp-content\/uploads\/2025\/09\/Foto_6-scaled.jpg 2560w\" sizes=\"auto, 250px\"\/><\/a><\/div><div class=\"sgb-item\"><a href=\"https:\/\/www.centrocliniconemo.it\/?attachment_id=25141\" target=\"_blank\"><img loading=\"lazy\" decoding=\"async\" alt=\"\" width=\"300\" height=\"200\" loading=\"lazy\" src=\"https:\/\/www.centrocliniconemo.it\/wp-content\/uploads\/2025\/09\/Foto_7-300x200.jpg\" srcset=\"https:\/\/www.centrocliniconemo.it\/wp-content\/uploads\/2025\/09\/Foto_7-300x200.jpg 300w,https:\/\/www.centrocliniconemo.it\/wp-content\/uploads\/2025\/09\/Foto_7-1024x683.jpg 1024w,https:\/\/www.centrocliniconemo.it\/wp-content\/uploads\/2025\/09\/Foto_7-scaled.jpg 2560w\" sizes=\"auto, 250px\"\/><\/a><\/div><div class=\"sgb-item\"><a href=\"https:\/\/www.centrocliniconemo.it\/?attachment_id=25143\" target=\"_blank\"><img loading=\"lazy\" decoding=\"async\" alt=\"\" width=\"300\" height=\"200\" loading=\"lazy\" src=\"https:\/\/www.centrocliniconemo.it\/wp-content\/uploads\/2025\/09\/Foto_8-300x200.jpg\" srcset=\"https:\/\/www.centrocliniconemo.it\/wp-content\/uploads\/2025\/09\/Foto_8-300x200.jpg 300w,https:\/\/www.centrocliniconemo.it\/wp-content\/uploads\/2025\/09\/Foto_8-1024x683.jpg 1024w,https:\/\/www.centrocliniconemo.it\/wp-content\/uploads\/2025\/09\/Foto_8-scaled.jpg 2560w\" sizes=\"auto, 250px\"\/><\/a><\/div><div class=\"sgb-item\"><a href=\"https:\/\/www.centrocliniconemo.it\/?attachment_id=25145\" target=\"_blank\"><img loading=\"lazy\" decoding=\"async\" alt=\"\" width=\"300\" height=\"169\" loading=\"lazy\" src=\"https:\/\/www.centrocliniconemo.it\/wp-content\/uploads\/2025\/09\/Foto_9-300x169.jpg\" srcset=\"https:\/\/www.centrocliniconemo.it\/wp-content\/uploads\/2025\/09\/Foto_9-300x169.jpg 300w,https:\/\/www.centrocliniconemo.it\/wp-content\/uploads\/2025\/09\/Foto_9-1024x576.jpg 1024w,https:\/\/www.centrocliniconemo.it\/wp-content\/uploads\/2025\/09\/Foto_9.jpg 1600w\" sizes=\"auto, 250px\"\/><\/a><\/div><div class=\"sgb-item\"><a href=\"https:\/\/www.centrocliniconemo.it\/?attachment_id=25147\" target=\"_blank\"><img loading=\"lazy\" decoding=\"async\" alt=\"\" width=\"300\" height=\"225\" loading=\"lazy\" src=\"https:\/\/www.centrocliniconemo.it\/wp-content\/uploads\/2025\/09\/Foto_10-300x225.jpg\" srcset=\"https:\/\/www.centrocliniconemo.it\/wp-content\/uploads\/2025\/09\/Foto_10-300x225.jpg 300w,https:\/\/www.centrocliniconemo.it\/wp-content\/uploads\/2025\/09\/Foto_10-1024x768.jpg 1024w,https:\/\/www.centrocliniconemo.it\/wp-content\/uploads\/2025\/09\/Foto_10-scaled.jpg 2560w\" sizes=\"auto, 250px\"\/><\/a><\/div><div class=\"sgb-item\"><a href=\"https:\/\/www.centrocliniconemo.it\/?attachment_id=25149\" target=\"_blank\"><img loading=\"lazy\" decoding=\"async\" alt=\"\" width=\"300\" height=\"225\" loading=\"lazy\" src=\"https:\/\/www.centrocliniconemo.it\/wp-content\/uploads\/2025\/09\/Foto_11-300x225.jpg\" srcset=\"https:\/\/www.centrocliniconemo.it\/wp-content\/uploads\/2025\/09\/Foto_11-300x225.jpg 300w,https:\/\/www.centrocliniconemo.it\/wp-content\/uploads\/2025\/09\/Foto_11-1024x768.jpg 1024w,https:\/\/www.centrocliniconemo.it\/wp-content\/uploads\/2025\/09\/Foto_11-scaled.jpg 2560w\" sizes=\"auto, 250px\"\/><\/a><\/div><div class=\"sgb-item\"><a href=\"https:\/\/www.centrocliniconemo.it\/?attachment_id=25151\" target=\"_blank\"><img loading=\"lazy\" decoding=\"async\" alt=\"\" width=\"300\" height=\"225\" loading=\"lazy\" src=\"https:\/\/www.centrocliniconemo.it\/wp-content\/uploads\/2025\/09\/Foto_12-300x225.jpg\" srcset=\"https:\/\/www.centrocliniconemo.it\/wp-content\/uploads\/2025\/09\/Foto_12-300x225.jpg 300w,https:\/\/www.centrocliniconemo.it\/wp-content\/uploads\/2025\/09\/Foto_12-1024x768.jpg 1024w,https:\/\/www.centrocliniconemo.it\/wp-content\/uploads\/2025\/09\/Foto_12-scaled.jpg 2560w\" sizes=\"auto, 250px\"\/><\/a><\/div><div class=\"sgb-item\"><a href=\"https:\/\/www.centrocliniconemo.it\/?attachment_id=25153\" target=\"_blank\"><img loading=\"lazy\" decoding=\"async\" alt=\"\" width=\"300\" height=\"225\" loading=\"lazy\" src=\"https:\/\/www.centrocliniconemo.it\/wp-content\/uploads\/2025\/09\/FOTO_13-300x225.jpg\" srcset=\"https:\/\/www.centrocliniconemo.it\/wp-content\/uploads\/2025\/09\/FOTO_13-300x225.jpg 300w,https:\/\/www.centrocliniconemo.it\/wp-content\/uploads\/2025\/09\/FOTO_13-1024x768.jpg 1024w,https:\/\/www.centrocliniconemo.it\/wp-content\/uploads\/2025\/09\/FOTO_13-scaled.jpg 2560w\" sizes=\"auto, 250px\"\/><\/a><\/div><div class=\"sgb-item\"><a href=\"https:\/\/www.centrocliniconemo.it\/?attachment_id=25155\" target=\"_blank\"><img loading=\"lazy\" decoding=\"async\" alt=\"\" width=\"300\" height=\"225\" loading=\"lazy\" src=\"https:\/\/www.centrocliniconemo.it\/wp-content\/uploads\/2025\/09\/FOTO_14-300x225.jpg\" srcset=\"https:\/\/www.centrocliniconemo.it\/wp-content\/uploads\/2025\/09\/FOTO_14-300x225.jpg 300w,https:\/\/www.centrocliniconemo.it\/wp-content\/uploads\/2025\/09\/FOTO_14-1024x768.jpg 1024w,https:\/\/www.centrocliniconemo.it\/wp-content\/uploads\/2025\/09\/FOTO_14-scaled.jpg 2560w\" sizes=\"auto, 250px\"\/><\/a><\/div><\/div><\/noscript><\/div><script type=\"application\/json\" class=\"sgb-data\">{\"sliderAdminWidth\":1569,\"galleryType\":\"pgc_sgb_slider\",\"galleryId\":\"41542516\",\"images\":[{\"id\":25129,\"title\":\"Foto_1\",\"url\":\"https:\/\/www.centrocliniconemo.it\/wp-content\/uploads\/2025\/09\/Foto_1-scaled.jpg\",\"link\":\"https:\/\/www.centrocliniconemo.it\/?attachment_id=25129\",\"alt\":\"\",\"description\":\"\",\"caption\":\"\",\"mime\":\"image\/jpeg\",\"type\":\"image\",\"width\":2560,\"height\":1707,\"sizes\":{\"thumbnail\":{\"height\":150,\"width\":150,\"url\":\"https:\/\/www.centrocliniconemo.it\/wp-content\/uploads\/2025\/09\/Foto_1-150x150.jpg\",\"orientation\":\"landscape\"},\"medium\":{\"height\":200,\"width\":300,\"url\":\"https:\/\/www.centrocliniconemo.it\/wp-content\/uploads\/2025\/09\/Foto_1-300x200.jpg\",\"orientation\":\"landscape\"},\"large\":{\"height\":683,\"width\":1024,\"url\":\"https:\/\/www.centrocliniconemo.it\/wp-content\/uploads\/2025\/09\/Foto_1-1024x683.jpg\",\"orientation\":\"landscape\"},\"full\":{\"url\":\"https:\/\/www.centrocliniconemo.it\/wp-content\/uploads\/2025\/09\/Foto_1-scaled.jpg\",\"height\":1707,\"width\":2560,\"orientation\":\"landscape\"}},\"imageMeta\":{\"aperture\":\"5.6\",\"credit\":\"\",\"camera\":\"ILCE-7M3\",\"caption\":\"\",\"created_timestamp\":\"1757230163\",\"copyright\":\"\",\"focal_length\":\"94\",\"iso\":\"5000\",\"shutter_speed\":\"0.00625\",\"title\":\"\",\"orientation\":\"0\",\"keywords\":[]},\"meta\":false,\"postlink\":\"https:\/\/www.centrocliniconemo.it\/?attachment_id=25129\"},{\"id\":25131,\"title\":\"Foto_2\",\"url\":\"https:\/\/www.centrocliniconemo.it\/wp-content\/uploads\/2025\/09\/Foto_2-scaled.jpg\",\"link\":\"https:\/\/www.centrocliniconemo.it\/?attachment_id=25131\",\"alt\":\"\",\"description\":\"\",\"caption\":\"\",\"mime\":\"image\/jpeg\",\"type\":\"image\",\"width\":2560,\"height\":1707,\"sizes\":{\"thumbnail\":{\"height\":150,\"width\":150,\"url\":\"https:\/\/www.centrocliniconemo.it\/wp-content\/uploads\/2025\/09\/Foto_2-150x150.jpg\",\"orientation\":\"landscape\"},\"medium\":{\"height\":200,\"width\":300,\"url\":\"https:\/\/www.centrocliniconemo.it\/wp-content\/uploads\/2025\/09\/Foto_2-300x200.jpg\",\"orientation\":\"landscape\"},\"large\":{\"height\":683,\"width\":1024,\"url\":\"https:\/\/www.centrocliniconemo.it\/wp-content\/uploads\/2025\/09\/Foto_2-1024x683.jpg\",\"orientation\":\"landscape\"},\"full\":{\"url\":\"https:\/\/www.centrocliniconemo.it\/wp-content\/uploads\/2025\/09\/Foto_2-scaled.jpg\",\"height\":1707,\"width\":2560,\"orientation\":\"landscape\"}},\"imageMeta\":{\"aperture\":\"5.6\",\"credit\":\"\",\"camera\":\"ILCE-7M3\",\"caption\":\"\",\"created_timestamp\":\"1757230422\",\"copyright\":\"\",\"focal_length\":\"95\",\"iso\":\"5000\",\"shutter_speed\":\"0.00625\",\"title\":\"\",\"orientation\":\"0\",\"keywords\":[]},\"meta\":false,\"postlink\":\"https:\/\/www.centrocliniconemo.it\/?attachment_id=25131\"},{\"id\":25133,\"title\":\"Foto_3\",\"url\":\"https:\/\/www.centrocliniconemo.it\/wp-content\/uploads\/2025\/09\/Foto_3-scaled.jpg\",\"link\":\"https:\/\/www.centrocliniconemo.it\/?attachment_id=25133\",\"alt\":\"\",\"description\":\"\",\"caption\":\"\",\"mime\":\"image\/jpeg\",\"type\":\"image\",\"width\":1707,\"height\":2560,\"sizes\":{\"thumbnail\":{\"height\":150,\"width\":150,\"url\":\"https:\/\/www.centrocliniconemo.it\/wp-content\/uploads\/2025\/09\/Foto_3-150x150.jpg\",\"orientation\":\"landscape\"},\"medium\":{\"height\":300,\"width\":200,\"url\":\"https:\/\/www.centrocliniconemo.it\/wp-content\/uploads\/2025\/09\/Foto_3-200x300.jpg\",\"orientation\":\"portrait\"},\"large\":{\"height\":1024,\"width\":683,\"url\":\"https:\/\/www.centrocliniconemo.it\/wp-content\/uploads\/2025\/09\/Foto_3-683x1024.jpg\",\"orientation\":\"portrait\"},\"full\":{\"url\":\"https:\/\/www.centrocliniconemo.it\/wp-content\/uploads\/2025\/09\/Foto_3-scaled.jpg\",\"height\":2560,\"width\":1707,\"orientation\":\"portrait\"}},\"imageMeta\":{\"aperture\":\"5\",\"credit\":\"\",\"camera\":\"ILCE-7M3\",\"caption\":\"\",\"created_timestamp\":\"1757232253\",\"copyright\":\"\",\"focal_length\":\"47\",\"iso\":\"5000\",\"shutter_speed\":\"0.00625\",\"title\":\"\",\"orientation\":\"0\",\"keywords\":[]},\"meta\":false,\"postlink\":\"https:\/\/www.centrocliniconemo.it\/?attachment_id=25133\"},{\"id\":25135,\"title\":\"Foto_4\",\"url\":\"https:\/\/www.centrocliniconemo.it\/wp-content\/uploads\/2025\/09\/Foto_4-scaled.jpg\",\"link\":\"https:\/\/www.centrocliniconemo.it\/?attachment_id=25135\",\"alt\":\"\",\"description\":\"\",\"caption\":\"\",\"mime\":\"image\/jpeg\",\"type\":\"image\",\"width\":2560,\"height\":1707,\"sizes\":{\"thumbnail\":{\"height\":150,\"width\":150,\"url\":\"https:\/\/www.centrocliniconemo.it\/wp-content\/uploads\/2025\/09\/Foto_4-150x150.jpg\",\"orientation\":\"landscape\"},\"medium\":{\"height\":200,\"width\":300,\"url\":\"https:\/\/www.centrocliniconemo.it\/wp-content\/uploads\/2025\/09\/Foto_4-300x200.jpg\",\"orientation\":\"landscape\"},\"large\":{\"height\":683,\"width\":1024,\"url\":\"https:\/\/www.centrocliniconemo.it\/wp-content\/uploads\/2025\/09\/Foto_4-1024x683.jpg\",\"orientation\":\"landscape\"},\"full\":{\"url\":\"https:\/\/www.centrocliniconemo.it\/wp-content\/uploads\/2025\/09\/Foto_4-scaled.jpg\",\"height\":1707,\"width\":2560,\"orientation\":\"landscape\"}},\"imageMeta\":{\"aperture\":\"5\",\"credit\":\"\",\"camera\":\"ILCE-7M3\",\"caption\":\"\",\"created_timestamp\":\"1757166901\",\"copyright\":\"\",\"focal_length\":\"24\",\"iso\":\"8000\",\"shutter_speed\":\"0.008\",\"title\":\"\",\"orientation\":\"0\",\"keywords\":[]},\"meta\":false,\"postlink\":\"https:\/\/www.centrocliniconemo.it\/?attachment_id=25135\"},{\"id\":25137,\"title\":\"Foto_5\",\"url\":\"https:\/\/www.centrocliniconemo.it\/wp-content\/uploads\/2025\/09\/Foto_5-scaled.jpg\",\"link\":\"https:\/\/www.centrocliniconemo.it\/?attachment_id=25137\",\"alt\":\"\",\"description\":\"\",\"caption\":\"\",\"mime\":\"image\/jpeg\",\"type\":\"image\",\"width\":2560,\"height\":1707,\"sizes\":{\"thumbnail\":{\"height\":150,\"width\":150,\"url\":\"https:\/\/www.centrocliniconemo.it\/wp-content\/uploads\/2025\/09\/Foto_5-150x150.jpg\",\"orientation\":\"landscape\"},\"medium\":{\"height\":200,\"width\":300,\"url\":\"https:\/\/www.centrocliniconemo.it\/wp-content\/uploads\/2025\/09\/Foto_5-300x200.jpg\",\"orientation\":\"landscape\"},\"large\":{\"height\":683,\"width\":1024,\"url\":\"https:\/\/www.centrocliniconemo.it\/wp-content\/uploads\/2025\/09\/Foto_5-1024x683.jpg\",\"orientation\":\"landscape\"},\"full\":{\"url\":\"https:\/\/www.centrocliniconemo.it\/wp-content\/uploads\/2025\/09\/Foto_5-scaled.jpg\",\"height\":1707,\"width\":2560,\"orientation\":\"landscape\"}},\"imageMeta\":{\"aperture\":\"5.6\",\"credit\":\"\",\"camera\":\"ILCE-7M3\",\"caption\":\"\",\"created_timestamp\":\"1757173549\",\"copyright\":\"\",\"focal_length\":\"24\",\"iso\":\"6400\",\"shutter_speed\":\"0.00625\",\"title\":\"\",\"orientation\":\"0\",\"keywords\":[]},\"meta\":false,\"postlink\":\"https:\/\/www.centrocliniconemo.it\/?attachment_id=25137\"},{\"id\":25139,\"title\":\"Foto_6\",\"url\":\"https:\/\/www.centrocliniconemo.it\/wp-content\/uploads\/2025\/09\/Foto_6-scaled.jpg\",\"link\":\"https:\/\/www.centrocliniconemo.it\/?attachment_id=25139\",\"alt\":\"\",\"description\":\"\",\"caption\":\"\",\"mime\":\"image\/jpeg\",\"type\":\"image\",\"width\":2560,\"height\":1707,\"sizes\":{\"thumbnail\":{\"height\":150,\"width\":150,\"url\":\"https:\/\/www.centrocliniconemo.it\/wp-content\/uploads\/2025\/09\/Foto_6-150x150.jpg\",\"orientation\":\"landscape\"},\"medium\":{\"height\":200,\"width\":300,\"url\":\"https:\/\/www.centrocliniconemo.it\/wp-content\/uploads\/2025\/09\/Foto_6-300x200.jpg\",\"orientation\":\"landscape\"},\"large\":{\"height\":683,\"width\":1024,\"url\":\"https:\/\/www.centrocliniconemo.it\/wp-content\/uploads\/2025\/09\/Foto_6-1024x683.jpg\",\"orientation\":\"landscape\"},\"full\":{\"url\":\"https:\/\/www.centrocliniconemo.it\/wp-content\/uploads\/2025\/09\/Foto_6-scaled.jpg\",\"height\":1707,\"width\":2560,\"orientation\":\"landscape\"}},\"imageMeta\":{\"aperture\":\"5.6\",\"credit\":\"\",\"camera\":\"ILCE-7M3\",\"caption\":\"\",\"created_timestamp\":\"1757173717\",\"copyright\":\"\",\"focal_length\":\"24\",\"iso\":\"6400\",\"shutter_speed\":\"0.00625\",\"title\":\"\",\"orientation\":\"0\",\"keywords\":[]},\"meta\":false,\"postlink\":\"https:\/\/www.centrocliniconemo.it\/?attachment_id=25139\"},{\"id\":25141,\"title\":\"Foto_7\",\"url\":\"https:\/\/www.centrocliniconemo.it\/wp-content\/uploads\/2025\/09\/Foto_7-scaled.jpg\",\"link\":\"https:\/\/www.centrocliniconemo.it\/?attachment_id=25141\",\"alt\":\"\",\"description\":\"\",\"caption\":\"\",\"mime\":\"image\/jpeg\",\"type\":\"image\",\"width\":2560,\"height\":1707,\"sizes\":{\"thumbnail\":{\"height\":150,\"width\":150,\"url\":\"https:\/\/www.centrocliniconemo.it\/wp-content\/uploads\/2025\/09\/Foto_7-150x150.jpg\",\"orientation\":\"landscape\"},\"medium\":{\"height\":200,\"width\":300,\"url\":\"https:\/\/www.centrocliniconemo.it\/wp-content\/uploads\/2025\/09\/Foto_7-300x200.jpg\",\"orientation\":\"landscape\"},\"large\":{\"height\":683,\"width\":1024,\"url\":\"https:\/\/www.centrocliniconemo.it\/wp-content\/uploads\/2025\/09\/Foto_7-1024x683.jpg\",\"orientation\":\"landscape\"},\"full\":{\"url\":\"https:\/\/www.centrocliniconemo.it\/wp-content\/uploads\/2025\/09\/Foto_7-scaled.jpg\",\"height\":1707,\"width\":2560,\"orientation\":\"landscape\"}},\"imageMeta\":{\"aperture\":\"5.6\",\"credit\":\"\",\"camera\":\"ILCE-7M3\",\"caption\":\"\",\"created_timestamp\":\"1757170072\",\"copyright\":\"\",\"focal_length\":\"24\",\"iso\":\"6400\",\"shutter_speed\":\"0.00625\",\"title\":\"\",\"orientation\":\"0\",\"keywords\":[]},\"meta\":false,\"postlink\":\"https:\/\/www.centrocliniconemo.it\/?attachment_id=25141\"},{\"id\":25143,\"title\":\"Foto_8\",\"url\":\"https:\/\/www.centrocliniconemo.it\/wp-content\/uploads\/2025\/09\/Foto_8-scaled.jpg\",\"link\":\"https:\/\/www.centrocliniconemo.it\/?attachment_id=25143\",\"alt\":\"\",\"description\":\"\",\"caption\":\"\",\"mime\":\"image\/jpeg\",\"type\":\"image\",\"width\":2560,\"height\":1707,\"sizes\":{\"thumbnail\":{\"height\":150,\"width\":150,\"url\":\"https:\/\/www.centrocliniconemo.it\/wp-content\/uploads\/2025\/09\/Foto_8-150x150.jpg\",\"orientation\":\"landscape\"},\"medium\":{\"height\":200,\"width\":300,\"url\":\"https:\/\/www.centrocliniconemo.it\/wp-content\/uploads\/2025\/09\/Foto_8-300x200.jpg\",\"orientation\":\"landscape\"},\"large\":{\"height\":683,\"width\":1024,\"url\":\"https:\/\/www.centrocliniconemo.it\/wp-content\/uploads\/2025\/09\/Foto_8-1024x683.jpg\",\"orientation\":\"landscape\"},\"full\":{\"url\":\"https:\/\/www.centrocliniconemo.it\/wp-content\/uploads\/2025\/09\/Foto_8-scaled.jpg\",\"height\":1707,\"width\":2560,\"orientation\":\"landscape\"}},\"imageMeta\":{\"aperture\":\"5\",\"credit\":\"\",\"camera\":\"ILCE-7M3\",\"caption\":\"\",\"created_timestamp\":\"1757173320\",\"copyright\":\"\",\"focal_length\":\"34\",\"iso\":\"5000\",\"shutter_speed\":\"0.00625\",\"title\":\"\",\"orientation\":\"0\",\"keywords\":[]},\"meta\":false,\"postlink\":\"https:\/\/www.centrocliniconemo.it\/?attachment_id=25143\"},{\"id\":25145,\"title\":\"Foto_9\",\"url\":\"https:\/\/www.centrocliniconemo.it\/wp-content\/uploads\/2025\/09\/Foto_9.jpg\",\"link\":\"https:\/\/www.centrocliniconemo.it\/?attachment_id=25145\",\"alt\":\"\",\"description\":\"\",\"caption\":\"\",\"mime\":\"image\/jpeg\",\"type\":\"image\",\"width\":1600,\"height\":900,\"sizes\":{\"thumbnail\":{\"height\":150,\"width\":150,\"url\":\"https:\/\/www.centrocliniconemo.it\/wp-content\/uploads\/2025\/09\/Foto_9-150x150.jpg\",\"orientation\":\"landscape\"},\"medium\":{\"height\":169,\"width\":300,\"url\":\"https:\/\/www.centrocliniconemo.it\/wp-content\/uploads\/2025\/09\/Foto_9-300x169.jpg\",\"orientation\":\"landscape\"},\"large\":{\"height\":576,\"width\":1024,\"url\":\"https:\/\/www.centrocliniconemo.it\/wp-content\/uploads\/2025\/09\/Foto_9-1024x576.jpg\",\"orientation\":\"landscape\"},\"full\":{\"url\":\"https:\/\/www.centrocliniconemo.it\/wp-content\/uploads\/2025\/09\/Foto_9.jpg\",\"height\":900,\"width\":1600,\"orientation\":\"landscape\"}},\"imageMeta\":{\"aperture\":\"0\",\"credit\":\"\",\"camera\":\"\",\"caption\":\"\",\"created_timestamp\":\"0\",\"copyright\":\"\",\"focal_length\":\"0\",\"iso\":\"0\",\"shutter_speed\":\"0\",\"title\":\"\",\"orientation\":\"0\",\"keywords\":[]},\"meta\":false,\"postlink\":\"https:\/\/www.centrocliniconemo.it\/?attachment_id=25145\"},{\"id\":25147,\"title\":\"Foto_10\",\"url\":\"https:\/\/www.centrocliniconemo.it\/wp-content\/uploads\/2025\/09\/Foto_10-scaled.jpg\",\"link\":\"https:\/\/www.centrocliniconemo.it\/?attachment_id=25147\",\"alt\":\"\",\"description\":\"\",\"caption\":\"\",\"mime\":\"image\/jpeg\",\"type\":\"image\",\"width\":2560,\"height\":1920,\"sizes\":{\"thumbnail\":{\"height\":150,\"width\":150,\"url\":\"https:\/\/www.centrocliniconemo.it\/wp-content\/uploads\/2025\/09\/Foto_10-150x150.jpg\",\"orientation\":\"landscape\"},\"medium\":{\"height\":225,\"width\":300,\"url\":\"https:\/\/www.centrocliniconemo.it\/wp-content\/uploads\/2025\/09\/Foto_10-300x225.jpg\",\"orientation\":\"landscape\"},\"large\":{\"height\":768,\"width\":1024,\"url\":\"https:\/\/www.centrocliniconemo.it\/wp-content\/uploads\/2025\/09\/Foto_10-1024x768.jpg\",\"orientation\":\"landscape\"},\"full\":{\"url\":\"https:\/\/www.centrocliniconemo.it\/wp-content\/uploads\/2025\/09\/Foto_10-scaled.jpg\",\"height\":1920,\"width\":2560,\"orientation\":\"landscape\"}},\"imageMeta\":{\"aperture\":\"2\",\"credit\":\"\",\"camera\":\"SM-A515F\",\"caption\":\"\",\"created_timestamp\":\"1757240032\",\"copyright\":\"\",\"focal_length\":\"4.6\",\"iso\":\"320\",\"shutter_speed\":\"0.03030303030303\",\"title\":\"\",\"orientation\":\"1\",\"keywords\":[]},\"meta\":false,\"postlink\":\"https:\/\/www.centrocliniconemo.it\/?attachment_id=25147\"},{\"id\":25149,\"title\":\"Foto_11\",\"url\":\"https:\/\/www.centrocliniconemo.it\/wp-content\/uploads\/2025\/09\/Foto_11-scaled.jpg\",\"link\":\"https:\/\/www.centrocliniconemo.it\/?attachment_id=25149\",\"alt\":\"\",\"description\":\"\",\"caption\":\"\",\"mime\":\"image\/jpeg\",\"type\":\"image\",\"width\":2560,\"height\":1920,\"sizes\":{\"thumbnail\":{\"height\":150,\"width\":150,\"url\":\"https:\/\/www.centrocliniconemo.it\/wp-content\/uploads\/2025\/09\/Foto_11-150x150.jpg\",\"orientation\":\"landscape\"},\"medium\":{\"height\":225,\"width\":300,\"url\":\"https:\/\/www.centrocliniconemo.it\/wp-content\/uploads\/2025\/09\/Foto_11-300x225.jpg\",\"orientation\":\"landscape\"},\"large\":{\"height\":768,\"width\":1024,\"url\":\"https:\/\/www.centrocliniconemo.it\/wp-content\/uploads\/2025\/09\/Foto_11-1024x768.jpg\",\"orientation\":\"landscape\"},\"full\":{\"url\":\"https:\/\/www.centrocliniconemo.it\/wp-content\/uploads\/2025\/09\/Foto_11-scaled.jpg\",\"height\":1920,\"width\":2560,\"orientation\":\"landscape\"}},\"imageMeta\":{\"aperture\":\"2\",\"credit\":\"\",\"camera\":\"SM-A515F\",\"caption\":\"\",\"created_timestamp\":\"1757171809\",\"copyright\":\"\",\"focal_length\":\"4.6\",\"iso\":\"320\",\"shutter_speed\":\"0.03030303030303\",\"title\":\"\",\"orientation\":\"1\",\"keywords\":[]},\"meta\":false,\"postlink\":\"https:\/\/www.centrocliniconemo.it\/?attachment_id=25149\"},{\"id\":25151,\"title\":\"Foto_12\",\"url\":\"https:\/\/www.centrocliniconemo.it\/wp-content\/uploads\/2025\/09\/Foto_12-scaled.jpg\",\"link\":\"https:\/\/www.centrocliniconemo.it\/?attachment_id=25151\",\"alt\":\"\",\"description\":\"\",\"caption\":\"\",\"mime\":\"image\/jpeg\",\"type\":\"image\",\"width\":2560,\"height\":1920,\"sizes\":{\"thumbnail\":{\"height\":150,\"width\":150,\"url\":\"https:\/\/www.centrocliniconemo.it\/wp-content\/uploads\/2025\/09\/Foto_12-150x150.jpg\",\"orientation\":\"landscape\"},\"medium\":{\"height\":225,\"width\":300,\"url\":\"https:\/\/www.centrocliniconemo.it\/wp-content\/uploads\/2025\/09\/Foto_12-300x225.jpg\",\"orientation\":\"landscape\"},\"large\":{\"height\":768,\"width\":1024,\"url\":\"https:\/\/www.centrocliniconemo.it\/wp-content\/uploads\/2025\/09\/Foto_12-1024x768.jpg\",\"orientation\":\"landscape\"},\"full\":{\"url\":\"https:\/\/www.centrocliniconemo.it\/wp-content\/uploads\/2025\/09\/Foto_12-scaled.jpg\",\"height\":1920,\"width\":2560,\"orientation\":\"landscape\"}},\"imageMeta\":{\"aperture\":\"2\",\"credit\":\"\",\"camera\":\"SM-A515F\",\"caption\":\"\",\"created_timestamp\":\"1757243459\",\"copyright\":\"\",\"focal_length\":\"4.6\",\"iso\":\"40\",\"shutter_speed\":\"0.02\",\"title\":\"\",\"orientation\":\"1\",\"keywords\":[]},\"meta\":false,\"postlink\":\"https:\/\/www.centrocliniconemo.it\/?attachment_id=25151\"},{\"id\":25153,\"title\":\"FOTO_13\",\"url\":\"https:\/\/www.centrocliniconemo.it\/wp-content\/uploads\/2025\/09\/FOTO_13-scaled.jpg\",\"link\":\"https:\/\/www.centrocliniconemo.it\/?attachment_id=25153\",\"alt\":\"\",\"description\":\"\",\"caption\":\"\",\"mime\":\"image\/jpeg\",\"type\":\"image\",\"width\":2560,\"height\":1920,\"sizes\":{\"thumbnail\":{\"height\":150,\"width\":150,\"url\":\"https:\/\/www.centrocliniconemo.it\/wp-content\/uploads\/2025\/09\/FOTO_13-150x150.jpg\",\"orientation\":\"landscape\"},\"medium\":{\"height\":225,\"width\":300,\"url\":\"https:\/\/www.centrocliniconemo.it\/wp-content\/uploads\/2025\/09\/FOTO_13-300x225.jpg\",\"orientation\":\"landscape\"},\"large\":{\"height\":768,\"width\":1024,\"url\":\"https:\/\/www.centrocliniconemo.it\/wp-content\/uploads\/2025\/09\/FOTO_13-1024x768.jpg\",\"orientation\":\"landscape\"},\"full\":{\"url\":\"https:\/\/www.centrocliniconemo.it\/wp-content\/uploads\/2025\/09\/FOTO_13-scaled.jpg\",\"height\":1920,\"width\":2560,\"orientation\":\"landscape\"}},\"imageMeta\":{\"aperture\":\"2\",\"credit\":\"\",\"camera\":\"SM-A515F\",\"caption\":\"\",\"created_timestamp\":\"1757245989\",\"copyright\":\"\",\"focal_length\":\"4.6\",\"iso\":\"320\",\"shutter_speed\":\"0.02\",\"title\":\"\",\"orientation\":\"1\",\"keywords\":[]},\"meta\":false,\"postlink\":\"https:\/\/www.centrocliniconemo.it\/?attachment_id=25153\"},{\"id\":25155,\"title\":\"FOTO_14\",\"url\":\"https:\/\/www.centrocliniconemo.it\/wp-content\/uploads\/2025\/09\/FOTO_14-scaled.jpg\",\"link\":\"https:\/\/www.centrocliniconemo.it\/?attachment_id=25155\",\"alt\":\"\",\"description\":\"\",\"caption\":\"\",\"mime\":\"image\/jpeg\",\"type\":\"image\",\"width\":2560,\"height\":1920,\"sizes\":{\"thumbnail\":{\"height\":150,\"width\":150,\"url\":\"https:\/\/www.centrocliniconemo.it\/wp-content\/uploads\/2025\/09\/FOTO_14-150x150.jpg\",\"orientation\":\"landscape\"},\"medium\":{\"height\":225,\"width\":300,\"url\":\"https:\/\/www.centrocliniconemo.it\/wp-content\/uploads\/2025\/09\/FOTO_14-300x225.jpg\",\"orientation\":\"landscape\"},\"large\":{\"height\":768,\"width\":1024,\"url\":\"https:\/\/www.centrocliniconemo.it\/wp-content\/uploads\/2025\/09\/FOTO_14-1024x768.jpg\",\"orientation\":\"landscape\"},\"full\":{\"url\":\"https:\/\/www.centrocliniconemo.it\/wp-content\/uploads\/2025\/09\/FOTO_14-scaled.jpg\",\"height\":1920,\"width\":2560,\"orientation\":\"landscape\"}},\"imageMeta\":{\"aperture\":\"2\",\"credit\":\"\",\"camera\":\"SM-A515F\",\"caption\":\"\",\"created_timestamp\":\"1757245890\",\"copyright\":\"\",\"focal_length\":\"4.6\",\"iso\":\"400\",\"shutter_speed\":\"0.03030303030303\",\"title\":\"\",\"orientation\":\"1\",\"keywords\":[]},\"meta\":false,\"postlink\":\"https:\/\/www.centrocliniconemo.it\/?attachment_id=25155\"}],\"jetDynamicVisibility\":{\"jedv_enabled\":false},\"jetPopupInstance\":\"none\",\"jetPopupTriggerType\":\"none\",\"jetPopupCustomSelector\":\"\",\"jetPopupIsJetEngine\":false,\"itemsMetaDataCollection\":[]}<\/script><script>(function(){if(window.PGC_SGB && window.PGC_SGB.searcher){window.PGC_SGB.searcher.initBlocks()}})()<\/script><\/div>\n\n\n<p><\/p>\n","protected":false},"excerpt":{"rendered":"<p>Ravenna, 6-7 settembre 2025 \u2013 \u201cLa nostra rivoluzione \u00e8 il presente da vivere\u201d: non solo il titolo del XXI Convegno Nazionale di Famiglie SMA, ma un vero e proprio programma di lavoro, racchiuso nelle parole della presidente Anita Pallara: \u201cDue giorni per riportare al centro le persone, le loro storie e l\u2019unicit\u00e0 di ciascuno. [\u2026]. [&hellip;]<\/p>\n","protected":false},"author":3,"featured_media":25137,"comment_status":"closed","ping_status":"closed","sticky":false,"template":"","format":"standard","meta":{"pgc_sgb_lightbox_settings":"","footnotes":""},"categories":[28,257],"tags":[225,19,22,107,18,30,24,25],"class_list":["post-25128","post","type-post","status-publish","format-standard","has-post-thumbnail","hentry","category-cura-ricerca-e-formazione","category-formazione","tag-famiglie-sma","tag-nemo-ancona","tag-nemo-brescia","tag-nemo-genova","tag-nemo-milano","tag-nemo-napoli","tag-nemo-roma","tag-nemo-trento"],"yoast_head":"<!-- This site is optimized with the Yoast SEO plugin v27.4 - https:\/\/yoast.com\/product\/yoast-seo-wordpress\/ -->\n<title>NeMO al Convegno di Famiglie SMA<\/title>\n<meta name=\"description\" content=\"Convegno Nazionale di Famiglie SMA. due giorni per riportare al centro le persone, le loro storie e l\u2019unicit\u00e0 di ciascuno.\" \/>\n<meta name=\"robots\" content=\"index, follow, max-snippet:-1, max-image-preview:large, max-video-preview:-1\" \/>\n<link rel=\"canonical\" href=\"https:\/\/www.centrocliniconemo.it\/en\/blogformazione\/convegnofamigliesma2025\/\" \/>\n<meta property=\"og:locale\" content=\"en_US\" \/>\n<meta property=\"og:type\" content=\"article\" \/>\n<meta property=\"og:title\" content=\"NeMO al Convegno di Famiglie SMA\" \/>\n<meta property=\"og:description\" content=\"Convegno Nazionale di Famiglie SMA. due giorni per riportare al centro le persone, le loro storie e l\u2019unicit\u00e0 di ciascuno.\" \/>\n<meta property=\"og:url\" content=\"https:\/\/www.centrocliniconemo.it\/en\/blogformazione\/convegnofamigliesma2025\/\" \/>\n<meta property=\"og:site_name\" content=\"Centro Clinico NeMO\" \/>\n<meta property=\"article:publisher\" content=\"https:\/\/www.facebook.com\/CentroNEMOItalia\" \/>\n<meta property=\"article:published_time\" content=\"2025-09-12T07:37:32+00:00\" \/>\n<meta property=\"article:modified_time\" content=\"2025-09-12T07:43:05+00:00\" \/>\n<meta property=\"og:image\" content=\"https:\/\/www.centrocliniconemo.it\/wp-content\/uploads\/2025\/09\/Foto_5-scaled.jpg\" \/>\n\t<meta property=\"og:image:width\" content=\"2560\" \/>\n\t<meta property=\"og:image:height\" content=\"1707\" \/>\n\t<meta property=\"og:image:type\" content=\"image\/jpeg\" \/>\n<meta name=\"author\" content=\"Paola Tomasi\" \/>\n<meta name=\"twitter:card\" content=\"summary_large_image\" \/>\n<meta name=\"twitter:creator\" content=\"@CentroNemo\" \/>\n<meta name=\"twitter:site\" content=\"@CentroNemo\" \/>\n<meta name=\"twitter:label1\" content=\"Written by\" \/>\n\t<meta name=\"twitter:data1\" content=\"Paola Tomasi\" \/>\n\t<meta name=\"twitter:label2\" content=\"Est. reading time\" \/>\n\t<meta name=\"twitter:data2\" content=\"8 minutes\" \/>\n<script type=\"application\/ld+json\" class=\"yoast-schema-graph\">{\"@context\":\"https:\\\/\\\/schema.org\",\"@graph\":[{\"@type\":\"Article\",\"@id\":\"https:\\\/\\\/www.centrocliniconemo.it\\\/en\\\/blogformazione\\\/convegnofamigliesma2025\\\/#article\",\"isPartOf\":{\"@id\":\"https:\\\/\\\/www.centrocliniconemo.it\\\/en\\\/blogformazione\\\/convegnofamigliesma2025\\\/\"},\"author\":{\"name\":\"Paola Tomasi\",\"@id\":\"https:\\\/\\\/www.centrocliniconemo.it\\\/en\\\/#\\\/schema\\\/person\\\/23b904ba18a16bb7b114b1f59642792e\"},\"headline\":\"Dopo la rivoluzione terapeutica, la sfida culturale: NeMO al Convegno di Famiglie SMA\",\"datePublished\":\"2025-09-12T07:37:32+00:00\",\"dateModified\":\"2025-09-12T07:43:05+00:00\",\"mainEntityOfPage\":{\"@id\":\"https:\\\/\\\/www.centrocliniconemo.it\\\/en\\\/blogformazione\\\/convegnofamigliesma2025\\\/\"},\"wordCount\":957,\"publisher\":{\"@id\":\"https:\\\/\\\/www.centrocliniconemo.it\\\/en\\\/#organization\"},\"image\":{\"@id\":\"https:\\\/\\\/www.centrocliniconemo.it\\\/en\\\/blogformazione\\\/convegnofamigliesma2025\\\/#primaryimage\"},\"thumbnailUrl\":\"https:\\\/\\\/www.centrocliniconemo.it\\\/wp-content\\\/uploads\\\/2025\\\/09\\\/Foto_5-scaled.jpg\",\"keywords\":[\"Famiglie SMA\",\"NeMO Ancona\",\"NeMO Brescia\",\"NeMo Genova\",\"NeMO Milano\",\"NeMO Napoli\",\"NeMO Roma\",\"NeMO Trento\"],\"articleSection\":[\"Cura, ricerca e formazione\",\"Formazione\"],\"inLanguage\":\"en-US\"},{\"@type\":\"WebPage\",\"@id\":\"https:\\\/\\\/www.centrocliniconemo.it\\\/en\\\/blogformazione\\\/convegnofamigliesma2025\\\/\",\"url\":\"https:\\\/\\\/www.centrocliniconemo.it\\\/en\\\/blogformazione\\\/convegnofamigliesma2025\\\/\",\"name\":\"NeMO al Convegno di Famiglie SMA\",\"isPartOf\":{\"@id\":\"https:\\\/\\\/www.centrocliniconemo.it\\\/en\\\/#website\"},\"primaryImageOfPage\":{\"@id\":\"https:\\\/\\\/www.centrocliniconemo.it\\\/en\\\/blogformazione\\\/convegnofamigliesma2025\\\/#primaryimage\"},\"image\":{\"@id\":\"https:\\\/\\\/www.centrocliniconemo.it\\\/en\\\/blogformazione\\\/convegnofamigliesma2025\\\/#primaryimage\"},\"thumbnailUrl\":\"https:\\\/\\\/www.centrocliniconemo.it\\\/wp-content\\\/uploads\\\/2025\\\/09\\\/Foto_5-scaled.jpg\",\"datePublished\":\"2025-09-12T07:37:32+00:00\",\"dateModified\":\"2025-09-12T07:43:05+00:00\",\"description\":\"Convegno Nazionale di Famiglie SMA. due giorni per riportare al centro le persone, le loro storie e l\u2019unicit\u00e0 di ciascuno.\",\"breadcrumb\":{\"@id\":\"https:\\\/\\\/www.centrocliniconemo.it\\\/en\\\/blogformazione\\\/convegnofamigliesma2025\\\/#breadcrumb\"},\"inLanguage\":\"en-US\",\"potentialAction\":[{\"@type\":\"ReadAction\",\"target\":[\"https:\\\/\\\/www.centrocliniconemo.it\\\/en\\\/blogformazione\\\/convegnofamigliesma2025\\\/\"]}]},{\"@type\":\"ImageObject\",\"inLanguage\":\"en-US\",\"@id\":\"https:\\\/\\\/www.centrocliniconemo.it\\\/en\\\/blogformazione\\\/convegnofamigliesma2025\\\/#primaryimage\",\"url\":\"https:\\\/\\\/www.centrocliniconemo.it\\\/wp-content\\\/uploads\\\/2025\\\/09\\\/Foto_5-scaled.jpg\",\"contentUrl\":\"https:\\\/\\\/www.centrocliniconemo.it\\\/wp-content\\\/uploads\\\/2025\\\/09\\\/Foto_5-scaled.jpg\",\"width\":2560,\"height\":1707},{\"@type\":\"BreadcrumbList\",\"@id\":\"https:\\\/\\\/www.centrocliniconemo.it\\\/en\\\/blogformazione\\\/convegnofamigliesma2025\\\/#breadcrumb\",\"itemListElement\":[{\"@type\":\"ListItem\",\"position\":1,\"name\":\"Home\",\"item\":\"https:\\\/\\\/www.centrocliniconemo.it\\\/en\\\/\"},{\"@type\":\"ListItem\",\"position\":2,\"name\":\"Dopo la rivoluzione terapeutica, la sfida culturale: NeMO al Convegno di Famiglie SMA\"}]},{\"@type\":\"WebSite\",\"@id\":\"https:\\\/\\\/www.centrocliniconemo.it\\\/en\\\/#website\",\"url\":\"https:\\\/\\\/www.centrocliniconemo.it\\\/en\\\/\",\"name\":\"Centro Clinico NeMO\",\"description\":\"Il paziente al centro\",\"publisher\":{\"@id\":\"https:\\\/\\\/www.centrocliniconemo.it\\\/en\\\/#organization\"},\"potentialAction\":[{\"@type\":\"SearchAction\",\"target\":{\"@type\":\"EntryPoint\",\"urlTemplate\":\"https:\\\/\\\/www.centrocliniconemo.it\\\/en\\\/?s={search_term_string}\"},\"query-input\":{\"@type\":\"PropertyValueSpecification\",\"valueRequired\":true,\"valueName\":\"search_term_string\"}}],\"inLanguage\":\"en-US\"},{\"@type\":\"Organization\",\"@id\":\"https:\\\/\\\/www.centrocliniconemo.it\\\/en\\\/#organization\",\"name\":\"Centro Clinico NeMO - Fondazione Serena Onlus\",\"url\":\"https:\\\/\\\/www.centrocliniconemo.it\\\/en\\\/\",\"logo\":{\"@type\":\"ImageObject\",\"inLanguage\":\"en-US\",\"@id\":\"https:\\\/\\\/www.centrocliniconemo.it\\\/en\\\/#\\\/schema\\\/logo\\\/image\\\/\",\"url\":\"https:\\\/\\\/www.centrocliniconemo.it\\\/wp-content\\\/uploads\\\/2023\\\/03\\\/logo-nemo.svg\",\"contentUrl\":\"https:\\\/\\\/www.centrocliniconemo.it\\\/wp-content\\\/uploads\\\/2023\\\/03\\\/logo-nemo.svg\",\"width\":272,\"height\":109.142,\"caption\":\"Centro Clinico NeMO - Fondazione Serena Onlus\"},\"image\":{\"@id\":\"https:\\\/\\\/www.centrocliniconemo.it\\\/en\\\/#\\\/schema\\\/logo\\\/image\\\/\"},\"sameAs\":[\"https:\\\/\\\/www.facebook.com\\\/CentroNEMOItalia\",\"https:\\\/\\\/x.com\\\/CentroNemo\",\"https:\\\/\\\/www.linkedin.com\\\/company\\\/centrocliniconemo\\\/\",\"https:\\\/\\\/www.instagram.com\\\/centrocliniconemo\\\/\"]},{\"@type\":\"Person\",\"@id\":\"https:\\\/\\\/www.centrocliniconemo.it\\\/en\\\/#\\\/schema\\\/person\\\/23b904ba18a16bb7b114b1f59642792e\",\"name\":\"Paola Tomasi\",\"image\":{\"@type\":\"ImageObject\",\"inLanguage\":\"en-US\",\"@id\":\"https:\\\/\\\/secure.gravatar.com\\\/avatar\\\/74446384f79033bbbf711e67d0640ba1208293f1c7cd6b4abdc36fd985a8b9e4?s=96&d=mm&r=g\",\"url\":\"https:\\\/\\\/secure.gravatar.com\\\/avatar\\\/74446384f79033bbbf711e67d0640ba1208293f1c7cd6b4abdc36fd985a8b9e4?s=96&d=mm&r=g\",\"contentUrl\":\"https:\\\/\\\/secure.gravatar.com\\\/avatar\\\/74446384f79033bbbf711e67d0640ba1208293f1c7cd6b4abdc36fd985a8b9e4?s=96&d=mm&r=g\",\"caption\":\"Paola Tomasi\"}}]}<\/script>\n<!-- \/ Yoast SEO plugin. -->","yoast_head_json":{"title":"NeMO al Convegno di Famiglie SMA","description":"Convegno Nazionale di Famiglie SMA. due giorni per riportare al centro le persone, le loro storie e l\u2019unicit\u00e0 di ciascuno.","robots":{"index":"index","follow":"follow","max-snippet":"max-snippet:-1","max-image-preview":"max-image-preview:large","max-video-preview":"max-video-preview:-1"},"canonical":"https:\/\/www.centrocliniconemo.it\/en\/blogformazione\/convegnofamigliesma2025\/","og_locale":"en_US","og_type":"article","og_title":"NeMO al Convegno di Famiglie SMA","og_description":"Convegno Nazionale di Famiglie SMA. due giorni per riportare al centro le persone, le loro storie e l\u2019unicit\u00e0 di ciascuno.","og_url":"https:\/\/www.centrocliniconemo.it\/en\/blogformazione\/convegnofamigliesma2025\/","og_site_name":"Centro Clinico NeMO","article_publisher":"https:\/\/www.facebook.com\/CentroNEMOItalia","article_published_time":"2025-09-12T07:37:32+00:00","article_modified_time":"2025-09-12T07:43:05+00:00","og_image":[{"width":2560,"height":1707,"url":"https:\/\/www.centrocliniconemo.it\/wp-content\/uploads\/2025\/09\/Foto_5-scaled.jpg","type":"image\/jpeg"}],"author":"Paola Tomasi","twitter_card":"summary_large_image","twitter_creator":"@CentroNemo","twitter_site":"@CentroNemo","twitter_misc":{"Written by":"Paola Tomasi","Est. reading time":"8 minutes"},"schema":{"@context":"https:\/\/schema.org","@graph":[{"@type":"Article","@id":"https:\/\/www.centrocliniconemo.it\/en\/blogformazione\/convegnofamigliesma2025\/#article","isPartOf":{"@id":"https:\/\/www.centrocliniconemo.it\/en\/blogformazione\/convegnofamigliesma2025\/"},"author":{"name":"Paola Tomasi","@id":"https:\/\/www.centrocliniconemo.it\/en\/#\/schema\/person\/23b904ba18a16bb7b114b1f59642792e"},"headline":"Dopo la rivoluzione terapeutica, la sfida culturale: NeMO al Convegno di Famiglie SMA","datePublished":"2025-09-12T07:37:32+00:00","dateModified":"2025-09-12T07:43:05+00:00","mainEntityOfPage":{"@id":"https:\/\/www.centrocliniconemo.it\/en\/blogformazione\/convegnofamigliesma2025\/"},"wordCount":957,"publisher":{"@id":"https:\/\/www.centrocliniconemo.it\/en\/#organization"},"image":{"@id":"https:\/\/www.centrocliniconemo.it\/en\/blogformazione\/convegnofamigliesma2025\/#primaryimage"},"thumbnailUrl":"https:\/\/www.centrocliniconemo.it\/wp-content\/uploads\/2025\/09\/Foto_5-scaled.jpg","keywords":["Famiglie SMA","NeMO Ancona","NeMO Brescia","NeMo Genova","NeMO Milano","NeMO Napoli","NeMO Roma","NeMO Trento"],"articleSection":["Cura, ricerca e formazione","Formazione"],"inLanguage":"en-US"},{"@type":"WebPage","@id":"https:\/\/www.centrocliniconemo.it\/en\/blogformazione\/convegnofamigliesma2025\/","url":"https:\/\/www.centrocliniconemo.it\/en\/blogformazione\/convegnofamigliesma2025\/","name":"NeMO al Convegno di Famiglie SMA","isPartOf":{"@id":"https:\/\/www.centrocliniconemo.it\/en\/#website"},"primaryImageOfPage":{"@id":"https:\/\/www.centrocliniconemo.it\/en\/blogformazione\/convegnofamigliesma2025\/#primaryimage"},"image":{"@id":"https:\/\/www.centrocliniconemo.it\/en\/blogformazione\/convegnofamigliesma2025\/#primaryimage"},"thumbnailUrl":"https:\/\/www.centrocliniconemo.it\/wp-content\/uploads\/2025\/09\/Foto_5-scaled.jpg","datePublished":"2025-09-12T07:37:32+00:00","dateModified":"2025-09-12T07:43:05+00:00","description":"Convegno Nazionale di Famiglie SMA. due giorni per riportare al centro le persone, le loro storie e l\u2019unicit\u00e0 di ciascuno.","breadcrumb":{"@id":"https:\/\/www.centrocliniconemo.it\/en\/blogformazione\/convegnofamigliesma2025\/#breadcrumb"},"inLanguage":"en-US","potentialAction":[{"@type":"ReadAction","target":["https:\/\/www.centrocliniconemo.it\/en\/blogformazione\/convegnofamigliesma2025\/"]}]},{"@type":"ImageObject","inLanguage":"en-US","@id":"https:\/\/www.centrocliniconemo.it\/en\/blogformazione\/convegnofamigliesma2025\/#primaryimage","url":"https:\/\/www.centrocliniconemo.it\/wp-content\/uploads\/2025\/09\/Foto_5-scaled.jpg","contentUrl":"https:\/\/www.centrocliniconemo.it\/wp-content\/uploads\/2025\/09\/Foto_5-scaled.jpg","width":2560,"height":1707},{"@type":"BreadcrumbList","@id":"https:\/\/www.centrocliniconemo.it\/en\/blogformazione\/convegnofamigliesma2025\/#breadcrumb","itemListElement":[{"@type":"ListItem","position":1,"name":"Home","item":"https:\/\/www.centrocliniconemo.it\/en\/"},{"@type":"ListItem","position":2,"name":"Dopo la rivoluzione terapeutica, la sfida culturale: NeMO al Convegno di Famiglie SMA"}]},{"@type":"WebSite","@id":"https:\/\/www.centrocliniconemo.it\/en\/#website","url":"https:\/\/www.centrocliniconemo.it\/en\/","name":"Centro Clinico NeMO","description":"Il paziente al centro","publisher":{"@id":"https:\/\/www.centrocliniconemo.it\/en\/#organization"},"potentialAction":[{"@type":"SearchAction","target":{"@type":"EntryPoint","urlTemplate":"https:\/\/www.centrocliniconemo.it\/en\/?s={search_term_string}"},"query-input":{"@type":"PropertyValueSpecification","valueRequired":true,"valueName":"search_term_string"}}],"inLanguage":"en-US"},{"@type":"Organization","@id":"https:\/\/www.centrocliniconemo.it\/en\/#organization","name":"Centro Clinico NeMO - Fondazione Serena Onlus","url":"https:\/\/www.centrocliniconemo.it\/en\/","logo":{"@type":"ImageObject","inLanguage":"en-US","@id":"https:\/\/www.centrocliniconemo.it\/en\/#\/schema\/logo\/image\/","url":"https:\/\/www.centrocliniconemo.it\/wp-content\/uploads\/2023\/03\/logo-nemo.svg","contentUrl":"https:\/\/www.centrocliniconemo.it\/wp-content\/uploads\/2023\/03\/logo-nemo.svg","width":272,"height":109.142,"caption":"Centro Clinico NeMO - Fondazione Serena Onlus"},"image":{"@id":"https:\/\/www.centrocliniconemo.it\/en\/#\/schema\/logo\/image\/"},"sameAs":["https:\/\/www.facebook.com\/CentroNEMOItalia","https:\/\/x.com\/CentroNemo","https:\/\/www.linkedin.com\/company\/centrocliniconemo\/","https:\/\/www.instagram.com\/centrocliniconemo\/"]},{"@type":"Person","@id":"https:\/\/www.centrocliniconemo.it\/en\/#\/schema\/person\/23b904ba18a16bb7b114b1f59642792e","name":"Paola Tomasi","image":{"@type":"ImageObject","inLanguage":"en-US","@id":"https:\/\/secure.gravatar.com\/avatar\/74446384f79033bbbf711e67d0640ba1208293f1c7cd6b4abdc36fd985a8b9e4?s=96&d=mm&r=g","url":"https:\/\/secure.gravatar.com\/avatar\/74446384f79033bbbf711e67d0640ba1208293f1c7cd6b4abdc36fd985a8b9e4?s=96&d=mm&r=g","contentUrl":"https:\/\/secure.gravatar.com\/avatar\/74446384f79033bbbf711e67d0640ba1208293f1c7cd6b4abdc36fd985a8b9e4?s=96&d=mm&r=g","caption":"Paola Tomasi"}}]}},"_links":{"self":[{"href":"https:\/\/www.centrocliniconemo.it\/en\/wp-json\/wp\/v2\/posts\/25128","targetHints":{"allow":["GET"]}}],"collection":[{"href":"https:\/\/www.centrocliniconemo.it\/en\/wp-json\/wp\/v2\/posts"}],"about":[{"href":"https:\/\/www.centrocliniconemo.it\/en\/wp-json\/wp\/v2\/types\/post"}],"author":[{"embeddable":true,"href":"https:\/\/www.centrocliniconemo.it\/en\/wp-json\/wp\/v2\/users\/3"}],"replies":[{"embeddable":true,"href":"https:\/\/www.centrocliniconemo.it\/en\/wp-json\/wp\/v2\/comments?post=25128"}],"version-history":[{"count":0,"href":"https:\/\/www.centrocliniconemo.it\/en\/wp-json\/wp\/v2\/posts\/25128\/revisions"}],"wp:featuredmedia":[{"embeddable":true,"href":"https:\/\/www.centrocliniconemo.it\/en\/wp-json\/wp\/v2\/media\/25137"}],"wp:attachment":[{"href":"https:\/\/www.centrocliniconemo.it\/en\/wp-json\/wp\/v2\/media?parent=25128"}],"wp:term":[{"taxonomy":"category","embeddable":true,"href":"https:\/\/www.centrocliniconemo.it\/en\/wp-json\/wp\/v2\/categories?post=25128"},{"taxonomy":"post_tag","embeddable":true,"href":"https:\/\/www.centrocliniconemo.it\/en\/wp-json\/wp\/v2\/tags?post=25128"}],"curies":[{"name":"wp","href":"https:\/\/api.w.org\/{rel}","templated":true}]}}