{"id":25093,"date":"2025-09-10T17:25:19","date_gmt":"2025-09-10T17:25:19","guid":{"rendered":"https:\/\/www.centrocliniconemo.it\/blog\/?p=25093"},"modified":"2025-09-10T17:27:49","modified_gmt":"2025-09-10T17:27:49","slug":"venezia-bruxelles-for-sla-parlamento-europeo-centri-nemo","status":"publish","type":"post","link":"https:\/\/www.centrocliniconemo.it\/en\/blog\/venezia-bruxelles-for-sla-parlamento-europeo-centri-nemo\/","title":{"rendered":"VENEZIA \u2013 BRUXELLES FOR SLA: L\u2019ARRIVO AL PARLAMENTO EUROPEO PER SOSTENERE LA RICERCA DEI CENTRI NEMO"},"content":{"rendered":"\n<p><em>Strasburgo, 10 settembre 2025<\/em> \u2013 Settecento chilometri percorsi in meno di tre settimane, quattro Paesi attraversati e quasi 50 chilometri al giorno macinati con la sola forza delle gambe. \u00c8 l\u2019impresa straordinaria di <strong>Fabrizio Amicabile<\/strong>, ultramaratoneta bresciano, che oggi ha tagliato il traguardo della corsa <strong>\u201cVenezia \u2013 Bruxelles for SLA\u201d,<\/strong> consegnando simbolicamente il suo testimone alle istituzioni europee, con una conferenza stampa nella sede del Parlamento di Strasburgo.<\/p>\n\n\n\n<p>Correre per sostenere la ricerca scientifica sulla malattia, sensibilizzare l\u2019opinione pubblica e continuare a mantenere alta l\u2019attenzione delle Istituzioni sulla necessit\u00e0 di trovare una cura risolutiva.<\/p>\n\n\n<div class=\"pgc-sgb-cb wp-block-pgcsimplygalleryblock-slider \" data-gallery-id=\"44808478\"style=&quot;min-height:400px&quot;><div class=\"sgb-preloader\" id=\"pr_44808478\">\n\t<div class=\"sgb-square\" style=\"background:#d4d4d4\"><\/div>\n\t<div class=\"sgb-square\" style=\"background:#d4d4d4\"><\/div>\n\t<div class=\"sgb-square\" style=\"background:#d4d4d4\"><\/div>\n\t<div class=\"sgb-square\" style=\"background:#d4d4d4\"><\/div><\/div><div class=\"simply-gallery-amp pgc_sgb_slider \"><noscript><div class=\"sgb-gallery\"><div class=\"sgb-item\"><a href=\"https:\/\/www.centrocliniconemo.it\/?attachment_id=25118\" target=\"_blank\"><img loading=\"lazy\" decoding=\"async\" alt=\"\" width=\"300\" height=\"139\" loading=\"lazy\" src=\"https:\/\/www.centrocliniconemo.it\/wp-content\/uploads\/2025\/09\/tavola-rotonda-300x139.jpg\" srcset=\"https:\/\/www.centrocliniconemo.it\/wp-content\/uploads\/2025\/09\/tavola-rotonda-300x139.jpg 300w,https:\/\/www.centrocliniconemo.it\/wp-content\/uploads\/2025\/09\/tavola-rotonda-1024x474.jpg 1024w,https:\/\/www.centrocliniconemo.it\/wp-content\/uploads\/2025\/09\/tavola-rotonda.jpg 2048w\" sizes=\"auto, 250px\"\/><\/a><\/div><div class=\"sgb-item\"><a href=\"https:\/\/www.centrocliniconemo.it\/?attachment_id=25116\" target=\"_blank\"><img loading=\"lazy\" decoding=\"async\" alt=\"\" width=\"225\" height=\"300\" loading=\"lazy\" src=\"https:\/\/www.centrocliniconemo.it\/wp-content\/uploads\/2025\/09\/tavola-rotonda-3-225x300.jpg\" srcset=\"https:\/\/www.centrocliniconemo.it\/wp-content\/uploads\/2025\/09\/tavola-rotonda-3-225x300.jpg 225w,https:\/\/www.centrocliniconemo.it\/wp-content\/uploads\/2025\/09\/tavola-rotonda-3-768x1024.jpg 768w,https:\/\/www.centrocliniconemo.it\/wp-content\/uploads\/2025\/09\/tavola-rotonda-3.jpg 1536w\" sizes=\"auto, 250px\"\/><\/a><\/div><div class=\"sgb-item\"><a href=\"https:\/\/www.centrocliniconemo.it\/?attachment_id=25120\" target=\"_blank\"><img loading=\"lazy\" decoding=\"async\" alt=\"\" width=\"300\" height=\"169\" loading=\"lazy\" src=\"https:\/\/www.centrocliniconemo.it\/wp-content\/uploads\/2025\/09\/tavola-rotonda2-300x169.jpg\" srcset=\"https:\/\/www.centrocliniconemo.it\/wp-content\/uploads\/2025\/09\/tavola-rotonda2-300x169.jpg 300w,https:\/\/www.centrocliniconemo.it\/wp-content\/uploads\/2025\/09\/tavola-rotonda2-1024x576.jpg 1024w,https:\/\/www.centrocliniconemo.it\/wp-content\/uploads\/2025\/09\/tavola-rotonda2.jpg 2048w\" sizes=\"auto, 250px\"\/><\/a><\/div><div class=\"sgb-item\"><a href=\"https:\/\/www.centrocliniconemo.it\/?attachment_id=25122\" target=\"_blank\"><img loading=\"lazy\" decoding=\"async\" alt=\"\" width=\"225\" height=\"300\" loading=\"lazy\" src=\"https:\/\/www.centrocliniconemo.it\/wp-content\/uploads\/2025\/09\/Immagine-WhatsApp-2025-08-28-ore-09.40.00_2c3fc234-1-225x300.jpg\" srcset=\"https:\/\/www.centrocliniconemo.it\/wp-content\/uploads\/2025\/09\/Immagine-WhatsApp-2025-08-28-ore-09.40.00_2c3fc234-1-225x300.jpg 225w,https:\/\/www.centrocliniconemo.it\/wp-content\/uploads\/2025\/09\/Immagine-WhatsApp-2025-08-28-ore-09.40.00_2c3fc234-1-768x1024.jpg 768w,https:\/\/www.centrocliniconemo.it\/wp-content\/uploads\/2025\/09\/Immagine-WhatsApp-2025-08-28-ore-09.40.00_2c3fc234-1.jpg 1536w\" sizes=\"auto, 250px\"\/><\/a><\/div><div class=\"sgb-item\"><a href=\"https:\/\/www.centrocliniconemo.it\/?attachment_id=25124\" target=\"_blank\"><img loading=\"lazy\" decoding=\"async\" alt=\"\" width=\"300\" height=\"225\" loading=\"lazy\" src=\"https:\/\/www.centrocliniconemo.it\/wp-content\/uploads\/2025\/09\/Immagine-WhatsApp-2025-08-28-ore-09.44.27_a4c21bae-1-300x225.jpg\" srcset=\"https:\/\/www.centrocliniconemo.it\/wp-content\/uploads\/2025\/09\/Immagine-WhatsApp-2025-08-28-ore-09.44.27_a4c21bae-1-300x225.jpg 300w,https:\/\/www.centrocliniconemo.it\/wp-content\/uploads\/2025\/09\/Immagine-WhatsApp-2025-08-28-ore-09.44.27_a4c21bae-1-1024x768.jpg 1024w,https:\/\/www.centrocliniconemo.it\/wp-content\/uploads\/2025\/09\/Immagine-WhatsApp-2025-08-28-ore-09.44.27_a4c21bae-1.jpg 2048w\" sizes=\"auto, 250px\"\/><\/a><\/div><div class=\"sgb-item\"><a href=\"https:\/\/www.centrocliniconemo.it\/?attachment_id=25095\" target=\"_blank\"><img loading=\"lazy\" decoding=\"async\" alt=\"\" width=\"194\" height=\"300\" loading=\"lazy\" src=\"https:\/\/www.centrocliniconemo.it\/wp-content\/uploads\/2025\/09\/ARRIVO-09.09-bruxelles-194x300.jpg\" srcset=\"https:\/\/www.centrocliniconemo.it\/wp-content\/uploads\/2025\/09\/ARRIVO-09.09-bruxelles-194x300.jpg 194w,https:\/\/www.centrocliniconemo.it\/wp-content\/uploads\/2025\/09\/ARRIVO-09.09-bruxelles-662x1024.jpg 662w,https:\/\/www.centrocliniconemo.it\/wp-content\/uploads\/2025\/09\/ARRIVO-09.09-bruxelles.jpg 1035w\" sizes=\"auto, 250px\"\/><\/a><\/div><\/div><\/noscript><\/div><script type=\"application\/json\" class=\"sgb-data\">{\"sliderAdminWidth\":1569,\"galleryType\":\"pgc_sgb_slider\",\"galleryId\":\"44808478\",\"images\":[{\"id\":25118,\"title\":\"tavola rotonda\",\"url\":\"https:\/\/www.centrocliniconemo.it\/wp-content\/uploads\/2025\/09\/tavola-rotonda.jpg\",\"link\":\"https:\/\/www.centrocliniconemo.it\/?attachment_id=25118\",\"alt\":\"\",\"description\":\"\",\"caption\":\"\",\"mime\":\"image\/jpeg\",\"type\":\"image\",\"width\":2048,\"height\":948,\"sizes\":{\"thumbnail\":{\"height\":150,\"width\":150,\"url\":\"https:\/\/www.centrocliniconemo.it\/wp-content\/uploads\/2025\/09\/tavola-rotonda-150x150.jpg\",\"orientation\":\"landscape\"},\"medium\":{\"height\":139,\"width\":300,\"url\":\"https:\/\/www.centrocliniconemo.it\/wp-content\/uploads\/2025\/09\/tavola-rotonda-300x139.jpg\",\"orientation\":\"landscape\"},\"large\":{\"height\":474,\"width\":1024,\"url\":\"https:\/\/www.centrocliniconemo.it\/wp-content\/uploads\/2025\/09\/tavola-rotonda-1024x474.jpg\",\"orientation\":\"landscape\"},\"full\":{\"url\":\"https:\/\/www.centrocliniconemo.it\/wp-content\/uploads\/2025\/09\/tavola-rotonda.jpg\",\"height\":948,\"width\":2048,\"orientation\":\"landscape\"}},\"imageMeta\":{\"aperture\":\"0\",\"credit\":\"\",\"camera\":\"\",\"caption\":\"\",\"created_timestamp\":\"0\",\"copyright\":\"\",\"focal_length\":\"0\",\"iso\":\"0\",\"shutter_speed\":\"0\",\"title\":\"\",\"orientation\":\"0\",\"keywords\":[]},\"meta\":false,\"postlink\":\"https:\/\/www.centrocliniconemo.it\/?attachment_id=25118\"},{\"id\":25116,\"title\":\"tavola rotonda 3\",\"url\":\"https:\/\/www.centrocliniconemo.it\/wp-content\/uploads\/2025\/09\/tavola-rotonda-3.jpg\",\"link\":\"https:\/\/www.centrocliniconemo.it\/?attachment_id=25116\",\"alt\":\"\",\"description\":\"\",\"caption\":\"\",\"mime\":\"image\/jpeg\",\"type\":\"image\",\"width\":1536,\"height\":2048,\"sizes\":{\"thumbnail\":{\"height\":150,\"width\":150,\"url\":\"https:\/\/www.centrocliniconemo.it\/wp-content\/uploads\/2025\/09\/tavola-rotonda-3-150x150.jpg\",\"orientation\":\"landscape\"},\"medium\":{\"height\":300,\"width\":225,\"url\":\"https:\/\/www.centrocliniconemo.it\/wp-content\/uploads\/2025\/09\/tavola-rotonda-3-225x300.jpg\",\"orientation\":\"portrait\"},\"large\":{\"height\":1024,\"width\":768,\"url\":\"https:\/\/www.centrocliniconemo.it\/wp-content\/uploads\/2025\/09\/tavola-rotonda-3-768x1024.jpg\",\"orientation\":\"portrait\"},\"full\":{\"url\":\"https:\/\/www.centrocliniconemo.it\/wp-content\/uploads\/2025\/09\/tavola-rotonda-3.jpg\",\"height\":2048,\"width\":1536,\"orientation\":\"portrait\"}},\"imageMeta\":{\"aperture\":\"0\",\"credit\":\"\",\"camera\":\"\",\"caption\":\"\",\"created_timestamp\":\"0\",\"copyright\":\"\",\"focal_length\":\"0\",\"iso\":\"0\",\"shutter_speed\":\"0\",\"title\":\"\",\"orientation\":\"0\",\"keywords\":[]},\"meta\":false,\"postlink\":\"https:\/\/www.centrocliniconemo.it\/?attachment_id=25116\"},{\"id\":25120,\"title\":\"tavola rotonda2\",\"url\":\"https:\/\/www.centrocliniconemo.it\/wp-content\/uploads\/2025\/09\/tavola-rotonda2.jpg\",\"link\":\"https:\/\/www.centrocliniconemo.it\/?attachment_id=25120\",\"alt\":\"\",\"description\":\"\",\"caption\":\"\",\"mime\":\"image\/jpeg\",\"type\":\"image\",\"width\":2048,\"height\":1152,\"sizes\":{\"thumbnail\":{\"height\":150,\"width\":150,\"url\":\"https:\/\/www.centrocliniconemo.it\/wp-content\/uploads\/2025\/09\/tavola-rotonda2-150x150.jpg\",\"orientation\":\"landscape\"},\"medium\":{\"height\":169,\"width\":300,\"url\":\"https:\/\/www.centrocliniconemo.it\/wp-content\/uploads\/2025\/09\/tavola-rotonda2-300x169.jpg\",\"orientation\":\"landscape\"},\"large\":{\"height\":576,\"width\":1024,\"url\":\"https:\/\/www.centrocliniconemo.it\/wp-content\/uploads\/2025\/09\/tavola-rotonda2-1024x576.jpg\",\"orientation\":\"landscape\"},\"full\":{\"url\":\"https:\/\/www.centrocliniconemo.it\/wp-content\/uploads\/2025\/09\/tavola-rotonda2.jpg\",\"height\":1152,\"width\":2048,\"orientation\":\"landscape\"}},\"imageMeta\":{\"aperture\":\"0\",\"credit\":\"\",\"camera\":\"\",\"caption\":\"\",\"created_timestamp\":\"0\",\"copyright\":\"\",\"focal_length\":\"0\",\"iso\":\"0\",\"shutter_speed\":\"0\",\"title\":\"\",\"orientation\":\"0\",\"keywords\":[]},\"meta\":false,\"postlink\":\"https:\/\/www.centrocliniconemo.it\/?attachment_id=25120\"},{\"id\":25122,\"title\":\"Immagine WhatsApp 2025-08-28 ore 09.40.00_2c3fc234\",\"url\":\"https:\/\/www.centrocliniconemo.it\/wp-content\/uploads\/2025\/09\/Immagine-WhatsApp-2025-08-28-ore-09.40.00_2c3fc234-1.jpg\",\"link\":\"https:\/\/www.centrocliniconemo.it\/?attachment_id=25122\",\"alt\":\"\",\"description\":\"\",\"caption\":\"\",\"mime\":\"image\/jpeg\",\"type\":\"image\",\"width\":1536,\"height\":2048,\"sizes\":{\"thumbnail\":{\"height\":150,\"width\":150,\"url\":\"https:\/\/www.centrocliniconemo.it\/wp-content\/uploads\/2025\/09\/Immagine-WhatsApp-2025-08-28-ore-09.40.00_2c3fc234-1-150x150.jpg\",\"orientation\":\"landscape\"},\"medium\":{\"height\":300,\"width\":225,\"url\":\"https:\/\/www.centrocliniconemo.it\/wp-content\/uploads\/2025\/09\/Immagine-WhatsApp-2025-08-28-ore-09.40.00_2c3fc234-1-225x300.jpg\",\"orientation\":\"portrait\"},\"large\":{\"height\":1024,\"width\":768,\"url\":\"https:\/\/www.centrocliniconemo.it\/wp-content\/uploads\/2025\/09\/Immagine-WhatsApp-2025-08-28-ore-09.40.00_2c3fc234-1-768x1024.jpg\",\"orientation\":\"portrait\"},\"full\":{\"url\":\"https:\/\/www.centrocliniconemo.it\/wp-content\/uploads\/2025\/09\/Immagine-WhatsApp-2025-08-28-ore-09.40.00_2c3fc234-1.jpg\",\"height\":2048,\"width\":1536,\"orientation\":\"portrait\"}},\"imageMeta\":{\"aperture\":\"0\",\"credit\":\"\",\"camera\":\"\",\"caption\":\"\",\"created_timestamp\":\"0\",\"copyright\":\"\",\"focal_length\":\"0\",\"iso\":\"0\",\"shutter_speed\":\"0\",\"title\":\"\",\"orientation\":\"0\",\"keywords\":[]},\"meta\":false,\"postlink\":\"https:\/\/www.centrocliniconemo.it\/?attachment_id=25122\"},{\"id\":25124,\"title\":\"Immagine WhatsApp 2025-08-28 ore 09.44.27_a4c21bae\",\"url\":\"https:\/\/www.centrocliniconemo.it\/wp-content\/uploads\/2025\/09\/Immagine-WhatsApp-2025-08-28-ore-09.44.27_a4c21bae-1.jpg\",\"link\":\"https:\/\/www.centrocliniconemo.it\/?attachment_id=25124\",\"alt\":\"\",\"description\":\"\",\"caption\":\"\",\"mime\":\"image\/jpeg\",\"type\":\"image\",\"width\":2048,\"height\":1536,\"sizes\":{\"thumbnail\":{\"height\":150,\"width\":150,\"url\":\"https:\/\/www.centrocliniconemo.it\/wp-content\/uploads\/2025\/09\/Immagine-WhatsApp-2025-08-28-ore-09.44.27_a4c21bae-1-150x150.jpg\",\"orientation\":\"landscape\"},\"medium\":{\"height\":225,\"width\":300,\"url\":\"https:\/\/www.centrocliniconemo.it\/wp-content\/uploads\/2025\/09\/Immagine-WhatsApp-2025-08-28-ore-09.44.27_a4c21bae-1-300x225.jpg\",\"orientation\":\"landscape\"},\"large\":{\"height\":768,\"width\":1024,\"url\":\"https:\/\/www.centrocliniconemo.it\/wp-content\/uploads\/2025\/09\/Immagine-WhatsApp-2025-08-28-ore-09.44.27_a4c21bae-1-1024x768.jpg\",\"orientation\":\"landscape\"},\"full\":{\"url\":\"https:\/\/www.centrocliniconemo.it\/wp-content\/uploads\/2025\/09\/Immagine-WhatsApp-2025-08-28-ore-09.44.27_a4c21bae-1.jpg\",\"height\":1536,\"width\":2048,\"orientation\":\"landscape\"}},\"imageMeta\":{\"aperture\":\"0\",\"credit\":\"\",\"camera\":\"\",\"caption\":\"\",\"created_timestamp\":\"0\",\"copyright\":\"\",\"focal_length\":\"0\",\"iso\":\"0\",\"shutter_speed\":\"0\",\"title\":\"\",\"orientation\":\"0\",\"keywords\":[]},\"meta\":false,\"postlink\":\"https:\/\/www.centrocliniconemo.it\/?attachment_id=25124\"},{\"id\":25095,\"title\":\"ARRIVO 09.09 bruxelles\",\"url\":\"https:\/\/www.centrocliniconemo.it\/wp-content\/uploads\/2025\/09\/ARRIVO-09.09-bruxelles.jpg\",\"link\":\"https:\/\/www.centrocliniconemo.it\/?attachment_id=25095\",\"alt\":\"\",\"description\":\"\",\"caption\":\"\",\"mime\":\"image\/jpeg\",\"type\":\"image\",\"width\":1035,\"height\":1600,\"sizes\":{\"thumbnail\":{\"height\":150,\"width\":150,\"url\":\"https:\/\/www.centrocliniconemo.it\/wp-content\/uploads\/2025\/09\/ARRIVO-09.09-bruxelles-150x150.jpg\",\"orientation\":\"landscape\"},\"medium\":{\"height\":300,\"width\":194,\"url\":\"https:\/\/www.centrocliniconemo.it\/wp-content\/uploads\/2025\/09\/ARRIVO-09.09-bruxelles-194x300.jpg\",\"orientation\":\"portrait\"},\"large\":{\"height\":1024,\"width\":662,\"url\":\"https:\/\/www.centrocliniconemo.it\/wp-content\/uploads\/2025\/09\/ARRIVO-09.09-bruxelles-662x1024.jpg\",\"orientation\":\"portrait\"},\"full\":{\"url\":\"https:\/\/www.centrocliniconemo.it\/wp-content\/uploads\/2025\/09\/ARRIVO-09.09-bruxelles.jpg\",\"height\":1600,\"width\":1035,\"orientation\":\"portrait\"}},\"imageMeta\":{\"aperture\":\"0\",\"credit\":\"\",\"camera\":\"\",\"caption\":\"\",\"created_timestamp\":\"0\",\"copyright\":\"\",\"focal_length\":\"0\",\"iso\":\"0\",\"shutter_speed\":\"0\",\"title\":\"\",\"orientation\":\"0\",\"keywords\":[]},\"meta\":false,\"postlink\":\"https:\/\/www.centrocliniconemo.it\/?attachment_id=25095\"}],\"jetDynamicVisibility\":{\"jedv_enabled\":false},\"jetPopupInstance\":\"none\",\"jetPopupTriggerType\":\"none\",\"jetPopupCustomSelector\":\"\",\"jetPopupIsJetEngine\":false,\"itemsMetaDataCollection\":[]}<\/script><script>(function(){if(window.PGC_SGB && window.PGC_SGB.searcher){window.PGC_SGB.searcher.initBlocks()}})()<\/script><\/div>\n\n\n<p><strong>Un sodalizio che unisce sport e solidariet\u00e0 per il sostegno alla ricerca<\/strong><\/p>\n\n\n\n<p>La corsa \u00e8 stata fortemente voluta e patrocinata dai <strong>Lions Club<\/strong>, che hanno accompagnato Amicabile lungo tutto il percorso con una rete di accoglienza, ristori e assistenza. Dal suo club di appartenenza di <strong>Lonato del Garda,<\/strong> fino al patrocinio del <strong>multidistretto Lions e Leo 108 Italy<\/strong>, l\u2019iniziativa ha mostrato la forza della rete lionistica internazionale.<\/p>\n\n\n\n<p><a href=\"https:\/\/gofund.me\/f6f91b48\"><strong>L\u2019intero ricavato dell\u2019iniziativa<\/strong><\/a> \u2013 che continuer\u00e0 con eventi di raccolta fondi promossi dal Lions Club sul territorio bresciano &#8211; <strong>sar\u00e0 devoluto alla ricerca dei Centri Clinici NeMO<\/strong>, con particolare attenzione ai progetti di ricerca dedicati alla SLA promossi dal Centro Clinico NeMO Brescia.<\/p>\n\n\n\n<p>\u201c<em>Questa impresa ci ricorda quanto sia importante unire le forze per dare risposte concrete a chi vive la malattia ogni giorno \u2013 <\/em>sottolinea <strong>Marco Rasconi, presidente dei Centri Clinici NeMO<\/strong> <strong>intervenuto alla conferenza stampa<\/strong> &#8211; <em>Siamo profondamente grati a Fabrizio, ai Lions e a tutti i sostenitori che hanno trasformato la fatica della corsa in energia per la ricerca e la cura. Traguardi che ci permettono di continuare ad essere punto di riferimento per costruire futuro e speranza accanto alle famiglie<\/em>\u201d.<\/p>\n\n\n\n<p>Un impegno per i NeMO che si inserisce in un lungo viaggio di collaborazione: i Lions, infatti, sono da anni partner preziosi dei Centri NeMO, protagonisti \u2013 tra gli altri \u2013 del sostegno <a href=\"https:\/\/www.centrocliniconemo.it\/blog\/blog-aziende\/nemo-brescia-inaugurata-larea-ambulatori-e-ricerca-clinica\/\">della nuova area di ricerca a Brescia<\/a>, grazie al contributo dei Lions Valtrompia. O ancora, la vicinanza internazionale del movimento \u00e8 stata testimoniata con la visita nel marzo 2024 di Patti Hill, past president del Lions Clubs International.<\/p>\n\n\n\n<p><em>\u201cCome Lions Club Lonato del Garda abbiamo aderito immediatamente a questo ambizioso ma concreto progetto a favore di Nemo, certi fin da subito delle capacit\u00e0 di Fabrizio \u2013 <\/em>cos\u00ec racconta il <strong>presidente del Lions Club Lonato del Garda, Luca Delpozzo &#8211;<\/strong><em> Abbiamo iniziato a organizzare l\u2019evento gi\u00e0 da novembre 2024, con entusiasmo e spirito di servizio, perch\u00e9 \u201cservire\u201d \u00e8 da sempre la missione che ci guida come Lions. Con orgoglio abbiamo visto questo progetto crescere, diventare prima un service multidistrettuale Italiano e poi internazionale con Svizzera, Francia e Belgio. Che dire, siamo felicissimi di aiutare un centro clinico come NeMO, che \u00e8 un fiore all\u2019occhiello nel panorama italiano per la ricerca e lotta alla SLA\u201d.<\/em><\/p>\n\n\n\n<p><strong>Il traguardo a Strasburgo: un segnale per l\u2019Europa<\/strong><\/p>\n\n\n\n<p>Ad accogliere Fabrizio Amicabile oggi al Parlamento Europeo, insieme ai Centri NeMO, le istituzioni e i rappresentanti lionistici italiani, francesi e svizzeri.&nbsp;<\/p>\n\n\n\n<p>&nbsp;\u201c<em>La forza dei Centri NeMO \u00e8 la rete<\/em>. \u2013 cos\u00ec racconta <strong>Paolo Lamperti, direttore generale dei Centri NeMO nel suo intervento<\/strong> &#8211; <em>Siamo presenti in tutta Italia per garantire a ogni persona un percorso di cura multidisciplinare e accessibile. Grazie a questa iniziativa, abbiamo potuto condividere con le istituzioni europee un modello che dimostra come la collaborazione sia la chiave per affrontare sfide complesse come quelle a cui ci richiamano le malattie neuromuscolari<\/em>\u201d.<\/p>\n\n\n\n<p>Insieme all\u2019Europarlamentare On. <strong>Laura Magoni<\/strong>, tra gli interventi, quello di <strong>Rossella Vitali<\/strong>, Presidente del Consiglio dei Governatori Lions Italiani; <strong>Daniela Rossi<\/strong>, Governatore Lions distretto 108ib2; <strong>Georges Torti<\/strong> e <strong>Laurance Mercadal<\/strong>, rispettivamente presidenti dei governatori Lions di Svizzera e Francia; <strong>Luca Delpozzo<\/strong>, Presidente del Lions Club di Lonato; <strong>Max Bocchio<\/strong>, Responsabile Ufficio Stampa del Distretto Lions 108IB2; <strong>Davide Magnabosco<\/strong>, Consigliere Nazionale di ASI, Ente di Promozione Sportiva; &nbsp;<strong>Giacomo Spazzini<\/strong>, coach di Fabrizio Amicabile.<\/p>\n\n\n\n<p><strong>Il Centro NeMO Brescia<\/strong>, in sinergia con l\u2019Unit\u00e0 di Neurologia dell\u2019Universit\u00e0 degli Studi di Brescia e dell\u2019ASST Spedali Civili di Brescia diretta dal Prof. Alessandro Padovani, \u00e8 impegnato ogni giorno a sviluppare programmi di ricerca che affiancano la cura alla produzione di conoscenza scientifica, In particolare, attraverso studi di ricerca osservazionali viene resa possibile la raccolta sistematica di dati preziosi sull\u2019evoluzione della SLA e delle altre malattie neuromuscolari, indispensabili per migliorare la diagnosi, monitorare i progressi della malattia e orientare lo sviluppo di nuove strategie terapeutiche..<\/p>\n\n\n\n<p>Cos\u00ec il <strong>prof. Massimiliano Filosto<\/strong>, Direttore clinico-scientifico del Centro, ha sottolineato il valore concreto dell\u2019iniziativa: \u201c<em>I fondi raccolti con Venezia \u2013 Bruxelles for SLA ci permetteranno di accelerare lo sviluppo di progetti innovativi e di rafforzare la ricerca clinica, con l\u2019obiettivo di rendere sempre pi\u00f9 tempestiva la diagnosi, ampliare le opportunit\u00e0 terapeutiche e sostenere la qualit\u00e0 della vita delle persone con SLA. Questa corsa dimostra che il legame tra solidariet\u00e0 e scienza \u00e8 la chiave per costruire futuro<\/em>\u201d.<\/p>\n\n\n\n<p>Ed il valore di questo messaggio continua a risuonare nelle strade percorse da <strong>Fabrizio Amicabile<\/strong>: <em>\u201cQuesta corsa \u00e8 stata una nuova sfida personale e un\u2019opportunit\u00e0 per dare il mio contributo a chi ha bisogno. Il sostegno della comunit\u00e0, in particolare quella di Lonato del Garda, \u00e8 stato fondamentale per il successo di questa iniziativa e ringrazio tutti coloro che mi hanno supportato e che hanno donato in occasione dell\u2019evento. Saranno altrettanto importanti adesso tutti gli appuntamenti che avr\u00f2 di persona con i distretti Lions che ho attraversato per aumentare gli aiuti per il Centro NeMO grazie alle loro donazioni\u201d.<\/em><\/p>\n\n\n\n<p>A Fabrizio e a tutti coloro che insieme a lui si sono messi in cammino per la nostra comunit\u00e0, va il nostro grazie.<\/p>\n\n\n\n<p><\/p>\n","protected":false},"excerpt":{"rendered":"<p>Strasburgo, 10 settembre 2025 \u2013 Settecento chilometri percorsi in meno di tre settimane, quattro Paesi attraversati e quasi 50 chilometri al giorno macinati con la sola forza delle gambe. \u00c8 l\u2019impresa straordinaria di Fabrizio Amicabile, ultramaratoneta bresciano, che oggi ha tagliato il traguardo della corsa \u201cVenezia \u2013 Bruxelles for SLA\u201d, consegnando simbolicamente il suo testimone [&hellip;]<\/p>\n","protected":false},"author":3,"featured_media":25105,"comment_status":"closed","ping_status":"closed","sticky":false,"template":"","format":"standard","meta":{"pgc_sgb_lightbox_settings":"","footnotes":""},"categories":[17,1],"tags":[22],"class_list":["post-25093","post","type-post","status-publish","format-standard","has-post-thumbnail","hentry","category-iniziative-ed-eventi","category-storie-di-nemo","tag-nemo-brescia"],"yoast_head":"<!-- This site is optimized with the Yoast SEO plugin v27.4 - https:\/\/yoast.com\/product\/yoast-seo-wordpress\/ -->\n<title>VENEZIA BRUXELLES FOR SLA: l&#039;arrivo al Parlamento Europeo per sostenere la ricerca dei Centri NeMO<\/title>\n<meta name=\"description\" content=\"Strasburgo, 10 settembre 2025 \u2013 Mille chilometri, quattro Paesi attraversati, quasi 50 chilometri percorsi ogni giorno a piedi. Con la sola forza delle gambe e della sua determinazione, l\u2019ultramaratoneta Fabrizio Amicabile ha portato a termine la corsa \u201cVenezia \u2013 Bruxelles for SLA\u201d, una sfida sportiva e solidale che ha trasformato la fatica in speranza. Partito il 23 agosto da Venezia, Amicabile ha attraversato citt\u00e0, montagne e confini internazionali fino a raggiungere il Parlamento Europeo di Strasburgo, dove oggi ha consegnato idealmente il testimone alle istituzioni. Non solo un traguardo sportivo, ma un messaggio umano di sensibilizzazione portato dai promotori dell\u2019iniziativa: chiedere pi\u00f9 attenzione, pi\u00f9 ricerca e pi\u00f9 sostegno per chi convive ogni giorno con la SLA e le altre malattie neuromuscolari.\" \/>\n<meta name=\"robots\" content=\"index, follow, max-snippet:-1, max-image-preview:large, max-video-preview:-1\" \/>\n<link rel=\"canonical\" href=\"https:\/\/www.centrocliniconemo.it\/en\/blog\/venezia-bruxelles-for-sla-parlamento-europeo-centri-nemo\/\" \/>\n<meta property=\"og:locale\" content=\"en_US\" \/>\n<meta property=\"og:type\" content=\"article\" \/>\n<meta property=\"og:title\" content=\"VENEZIA BRUXELLES FOR SLA: l&#039;arrivo al Parlamento Europeo per sostenere la ricerca dei Centri NeMO\" \/>\n<meta property=\"og:description\" content=\"Strasburgo, 10 settembre 2025 \u2013 Mille chilometri, quattro Paesi attraversati, quasi 50 chilometri percorsi ogni giorno a piedi. Con la sola forza delle gambe e della sua determinazione, l\u2019ultramaratoneta Fabrizio Amicabile ha portato a termine la corsa \u201cVenezia \u2013 Bruxelles for SLA\u201d, una sfida sportiva e solidale che ha trasformato la fatica in speranza. Partito il 23 agosto da Venezia, Amicabile ha attraversato citt\u00e0, montagne e confini internazionali fino a raggiungere il Parlamento Europeo di Strasburgo, dove oggi ha consegnato idealmente il testimone alle istituzioni. Non solo un traguardo sportivo, ma un messaggio umano di sensibilizzazione portato dai promotori dell\u2019iniziativa: chiedere pi\u00f9 attenzione, pi\u00f9 ricerca e pi\u00f9 sostegno per chi convive ogni giorno con la SLA e le altre malattie neuromuscolari.\" \/>\n<meta property=\"og:url\" content=\"https:\/\/www.centrocliniconemo.it\/en\/blog\/venezia-bruxelles-for-sla-parlamento-europeo-centri-nemo\/\" \/>\n<meta property=\"og:site_name\" content=\"Centro Clinico NeMO\" \/>\n<meta property=\"article:publisher\" content=\"https:\/\/www.facebook.com\/CentroNEMOItalia\" \/>\n<meta property=\"article:published_time\" content=\"2025-09-10T17:25:19+00:00\" \/>\n<meta property=\"article:modified_time\" content=\"2025-09-10T17:27:49+00:00\" \/>\n<meta property=\"og:image\" content=\"https:\/\/www.centrocliniconemo.it\/wp-content\/uploads\/2025\/09\/Immagine-WhatsApp-2025-08-28-ore-09.39.53_548b4e59-1.jpg\" \/>\n\t<meta property=\"og:image:width\" content=\"1600\" \/>\n\t<meta property=\"og:image:height\" content=\"1200\" \/>\n\t<meta property=\"og:image:type\" content=\"image\/jpeg\" \/>\n<meta name=\"author\" content=\"Paola Tomasi\" \/>\n<meta name=\"twitter:card\" content=\"summary_large_image\" \/>\n<meta name=\"twitter:creator\" content=\"@CentroNemo\" \/>\n<meta name=\"twitter:site\" content=\"@CentroNemo\" \/>\n<meta name=\"twitter:label1\" content=\"Written by\" \/>\n\t<meta name=\"twitter:data1\" content=\"Paola Tomasi\" \/>\n\t<meta name=\"twitter:label2\" content=\"Est. reading time\" \/>\n\t<meta name=\"twitter:data2\" content=\"7 minutes\" \/>\n<script type=\"application\/ld+json\" class=\"yoast-schema-graph\">{\"@context\":\"https:\\\/\\\/schema.org\",\"@graph\":[{\"@type\":\"Article\",\"@id\":\"https:\\\/\\\/www.centrocliniconemo.it\\\/en\\\/blog\\\/venezia-bruxelles-for-sla-parlamento-europeo-centri-nemo\\\/#article\",\"isPartOf\":{\"@id\":\"https:\\\/\\\/www.centrocliniconemo.it\\\/en\\\/blog\\\/venezia-bruxelles-for-sla-parlamento-europeo-centri-nemo\\\/\"},\"author\":{\"name\":\"Paola Tomasi\",\"@id\":\"https:\\\/\\\/www.centrocliniconemo.it\\\/en\\\/#\\\/schema\\\/person\\\/23b904ba18a16bb7b114b1f59642792e\"},\"headline\":\"VENEZIA \u2013 BRUXELLES FOR SLA: L\u2019ARRIVO AL PARLAMENTO EUROPEO PER SOSTENERE LA RICERCA DEI CENTRI NEMO\",\"datePublished\":\"2025-09-10T17:25:19+00:00\",\"dateModified\":\"2025-09-10T17:27:49+00:00\",\"mainEntityOfPage\":{\"@id\":\"https:\\\/\\\/www.centrocliniconemo.it\\\/en\\\/blog\\\/venezia-bruxelles-for-sla-parlamento-europeo-centri-nemo\\\/\"},\"wordCount\":944,\"publisher\":{\"@id\":\"https:\\\/\\\/www.centrocliniconemo.it\\\/en\\\/#organization\"},\"image\":{\"@id\":\"https:\\\/\\\/www.centrocliniconemo.it\\\/en\\\/blog\\\/venezia-bruxelles-for-sla-parlamento-europeo-centri-nemo\\\/#primaryimage\"},\"thumbnailUrl\":\"https:\\\/\\\/www.centrocliniconemo.it\\\/wp-content\\\/uploads\\\/2025\\\/09\\\/Immagine-WhatsApp-2025-08-28-ore-09.39.53_548b4e59-1.jpg\",\"keywords\":[\"NeMO Brescia\"],\"articleSection\":[\"Iniziative ed eventi\",\"Storie di NeMO\"],\"inLanguage\":\"en-US\"},{\"@type\":\"WebPage\",\"@id\":\"https:\\\/\\\/www.centrocliniconemo.it\\\/en\\\/blog\\\/venezia-bruxelles-for-sla-parlamento-europeo-centri-nemo\\\/\",\"url\":\"https:\\\/\\\/www.centrocliniconemo.it\\\/en\\\/blog\\\/venezia-bruxelles-for-sla-parlamento-europeo-centri-nemo\\\/\",\"name\":\"VENEZIA BRUXELLES FOR SLA: l'arrivo al Parlamento Europeo per sostenere la ricerca dei Centri NeMO\",\"isPartOf\":{\"@id\":\"https:\\\/\\\/www.centrocliniconemo.it\\\/en\\\/#website\"},\"primaryImageOfPage\":{\"@id\":\"https:\\\/\\\/www.centrocliniconemo.it\\\/en\\\/blog\\\/venezia-bruxelles-for-sla-parlamento-europeo-centri-nemo\\\/#primaryimage\"},\"image\":{\"@id\":\"https:\\\/\\\/www.centrocliniconemo.it\\\/en\\\/blog\\\/venezia-bruxelles-for-sla-parlamento-europeo-centri-nemo\\\/#primaryimage\"},\"thumbnailUrl\":\"https:\\\/\\\/www.centrocliniconemo.it\\\/wp-content\\\/uploads\\\/2025\\\/09\\\/Immagine-WhatsApp-2025-08-28-ore-09.39.53_548b4e59-1.jpg\",\"datePublished\":\"2025-09-10T17:25:19+00:00\",\"dateModified\":\"2025-09-10T17:27:49+00:00\",\"description\":\"Strasburgo, 10 settembre 2025 \u2013 Mille chilometri, quattro Paesi attraversati, quasi 50 chilometri percorsi ogni giorno a piedi. Con la sola forza delle gambe e della sua determinazione, l\u2019ultramaratoneta Fabrizio Amicabile ha portato a termine la corsa \u201cVenezia \u2013 Bruxelles for SLA\u201d, una sfida sportiva e solidale che ha trasformato la fatica in speranza. Partito il 23 agosto da Venezia, Amicabile ha attraversato citt\u00e0, montagne e confini internazionali fino a raggiungere il Parlamento Europeo di Strasburgo, dove oggi ha consegnato idealmente il testimone alle istituzioni. Non solo un traguardo sportivo, ma un messaggio umano di sensibilizzazione portato dai promotori dell\u2019iniziativa: chiedere pi\u00f9 attenzione, pi\u00f9 ricerca e pi\u00f9 sostegno per chi convive ogni giorno con la SLA e le altre malattie neuromuscolari.\",\"breadcrumb\":{\"@id\":\"https:\\\/\\\/www.centrocliniconemo.it\\\/en\\\/blog\\\/venezia-bruxelles-for-sla-parlamento-europeo-centri-nemo\\\/#breadcrumb\"},\"inLanguage\":\"en-US\",\"potentialAction\":[{\"@type\":\"ReadAction\",\"target\":[\"https:\\\/\\\/www.centrocliniconemo.it\\\/en\\\/blog\\\/venezia-bruxelles-for-sla-parlamento-europeo-centri-nemo\\\/\"]}]},{\"@type\":\"ImageObject\",\"inLanguage\":\"en-US\",\"@id\":\"https:\\\/\\\/www.centrocliniconemo.it\\\/en\\\/blog\\\/venezia-bruxelles-for-sla-parlamento-europeo-centri-nemo\\\/#primaryimage\",\"url\":\"https:\\\/\\\/www.centrocliniconemo.it\\\/wp-content\\\/uploads\\\/2025\\\/09\\\/Immagine-WhatsApp-2025-08-28-ore-09.39.53_548b4e59-1.jpg\",\"contentUrl\":\"https:\\\/\\\/www.centrocliniconemo.it\\\/wp-content\\\/uploads\\\/2025\\\/09\\\/Immagine-WhatsApp-2025-08-28-ore-09.39.53_548b4e59-1.jpg\",\"width\":1600,\"height\":1200,\"caption\":\"ultramaratoneta e lions a brescia\"},{\"@type\":\"BreadcrumbList\",\"@id\":\"https:\\\/\\\/www.centrocliniconemo.it\\\/en\\\/blog\\\/venezia-bruxelles-for-sla-parlamento-europeo-centri-nemo\\\/#breadcrumb\",\"itemListElement\":[{\"@type\":\"ListItem\",\"position\":1,\"name\":\"Home\",\"item\":\"https:\\\/\\\/www.centrocliniconemo.it\\\/en\\\/\"},{\"@type\":\"ListItem\",\"position\":2,\"name\":\"VENEZIA \u2013 BRUXELLES FOR SLA: L\u2019ARRIVO AL PARLAMENTO EUROPEO PER SOSTENERE LA RICERCA DEI CENTRI NEMO\"}]},{\"@type\":\"WebSite\",\"@id\":\"https:\\\/\\\/www.centrocliniconemo.it\\\/en\\\/#website\",\"url\":\"https:\\\/\\\/www.centrocliniconemo.it\\\/en\\\/\",\"name\":\"Centro Clinico NeMO\",\"description\":\"Il paziente al centro\",\"publisher\":{\"@id\":\"https:\\\/\\\/www.centrocliniconemo.it\\\/en\\\/#organization\"},\"potentialAction\":[{\"@type\":\"SearchAction\",\"target\":{\"@type\":\"EntryPoint\",\"urlTemplate\":\"https:\\\/\\\/www.centrocliniconemo.it\\\/en\\\/?s={search_term_string}\"},\"query-input\":{\"@type\":\"PropertyValueSpecification\",\"valueRequired\":true,\"valueName\":\"search_term_string\"}}],\"inLanguage\":\"en-US\"},{\"@type\":\"Organization\",\"@id\":\"https:\\\/\\\/www.centrocliniconemo.it\\\/en\\\/#organization\",\"name\":\"Centro Clinico NeMO - Fondazione Serena Onlus\",\"url\":\"https:\\\/\\\/www.centrocliniconemo.it\\\/en\\\/\",\"logo\":{\"@type\":\"ImageObject\",\"inLanguage\":\"en-US\",\"@id\":\"https:\\\/\\\/www.centrocliniconemo.it\\\/en\\\/#\\\/schema\\\/logo\\\/image\\\/\",\"url\":\"https:\\\/\\\/www.centrocliniconemo.it\\\/wp-content\\\/uploads\\\/2023\\\/03\\\/logo-nemo.svg\",\"contentUrl\":\"https:\\\/\\\/www.centrocliniconemo.it\\\/wp-content\\\/uploads\\\/2023\\\/03\\\/logo-nemo.svg\",\"width\":272,\"height\":109.142,\"caption\":\"Centro Clinico NeMO - Fondazione Serena Onlus\"},\"image\":{\"@id\":\"https:\\\/\\\/www.centrocliniconemo.it\\\/en\\\/#\\\/schema\\\/logo\\\/image\\\/\"},\"sameAs\":[\"https:\\\/\\\/www.facebook.com\\\/CentroNEMOItalia\",\"https:\\\/\\\/x.com\\\/CentroNemo\",\"https:\\\/\\\/www.linkedin.com\\\/company\\\/centrocliniconemo\\\/\",\"https:\\\/\\\/www.instagram.com\\\/centrocliniconemo\\\/\"]},{\"@type\":\"Person\",\"@id\":\"https:\\\/\\\/www.centrocliniconemo.it\\\/en\\\/#\\\/schema\\\/person\\\/23b904ba18a16bb7b114b1f59642792e\",\"name\":\"Paola Tomasi\",\"image\":{\"@type\":\"ImageObject\",\"inLanguage\":\"en-US\",\"@id\":\"https:\\\/\\\/secure.gravatar.com\\\/avatar\\\/74446384f79033bbbf711e67d0640ba1208293f1c7cd6b4abdc36fd985a8b9e4?s=96&d=mm&r=g\",\"url\":\"https:\\\/\\\/secure.gravatar.com\\\/avatar\\\/74446384f79033bbbf711e67d0640ba1208293f1c7cd6b4abdc36fd985a8b9e4?s=96&d=mm&r=g\",\"contentUrl\":\"https:\\\/\\\/secure.gravatar.com\\\/avatar\\\/74446384f79033bbbf711e67d0640ba1208293f1c7cd6b4abdc36fd985a8b9e4?s=96&d=mm&r=g\",\"caption\":\"Paola Tomasi\"}}]}<\/script>\n<!-- \/ Yoast SEO plugin. -->","yoast_head_json":{"title":"VENEZIA BRUXELLES FOR SLA: l'arrivo al Parlamento Europeo per sostenere la ricerca dei Centri NeMO","description":"Strasburgo, 10 settembre 2025 \u2013 Mille chilometri, quattro Paesi attraversati, quasi 50 chilometri percorsi ogni giorno a piedi. Con la sola forza delle gambe e della sua determinazione, l\u2019ultramaratoneta Fabrizio Amicabile ha portato a termine la corsa \u201cVenezia \u2013 Bruxelles for SLA\u201d, una sfida sportiva e solidale che ha trasformato la fatica in speranza. Partito il 23 agosto da Venezia, Amicabile ha attraversato citt\u00e0, montagne e confini internazionali fino a raggiungere il Parlamento Europeo di Strasburgo, dove oggi ha consegnato idealmente il testimone alle istituzioni. Non solo un traguardo sportivo, ma un messaggio umano di sensibilizzazione portato dai promotori dell\u2019iniziativa: chiedere pi\u00f9 attenzione, pi\u00f9 ricerca e pi\u00f9 sostegno per chi convive ogni giorno con la SLA e le altre malattie neuromuscolari.","robots":{"index":"index","follow":"follow","max-snippet":"max-snippet:-1","max-image-preview":"max-image-preview:large","max-video-preview":"max-video-preview:-1"},"canonical":"https:\/\/www.centrocliniconemo.it\/en\/blog\/venezia-bruxelles-for-sla-parlamento-europeo-centri-nemo\/","og_locale":"en_US","og_type":"article","og_title":"VENEZIA BRUXELLES FOR SLA: l'arrivo al Parlamento Europeo per sostenere la ricerca dei Centri NeMO","og_description":"Strasburgo, 10 settembre 2025 \u2013 Mille chilometri, quattro Paesi attraversati, quasi 50 chilometri percorsi ogni giorno a piedi. Con la sola forza delle gambe e della sua determinazione, l\u2019ultramaratoneta Fabrizio Amicabile ha portato a termine la corsa \u201cVenezia \u2013 Bruxelles for SLA\u201d, una sfida sportiva e solidale che ha trasformato la fatica in speranza. Partito il 23 agosto da Venezia, Amicabile ha attraversato citt\u00e0, montagne e confini internazionali fino a raggiungere il Parlamento Europeo di Strasburgo, dove oggi ha consegnato idealmente il testimone alle istituzioni. Non solo un traguardo sportivo, ma un messaggio umano di sensibilizzazione portato dai promotori dell\u2019iniziativa: chiedere pi\u00f9 attenzione, pi\u00f9 ricerca e pi\u00f9 sostegno per chi convive ogni giorno con la SLA e le altre malattie neuromuscolari.","og_url":"https:\/\/www.centrocliniconemo.it\/en\/blog\/venezia-bruxelles-for-sla-parlamento-europeo-centri-nemo\/","og_site_name":"Centro Clinico NeMO","article_publisher":"https:\/\/www.facebook.com\/CentroNEMOItalia","article_published_time":"2025-09-10T17:25:19+00:00","article_modified_time":"2025-09-10T17:27:49+00:00","og_image":[{"width":1600,"height":1200,"url":"https:\/\/www.centrocliniconemo.it\/wp-content\/uploads\/2025\/09\/Immagine-WhatsApp-2025-08-28-ore-09.39.53_548b4e59-1.jpg","type":"image\/jpeg"}],"author":"Paola Tomasi","twitter_card":"summary_large_image","twitter_creator":"@CentroNemo","twitter_site":"@CentroNemo","twitter_misc":{"Written by":"Paola Tomasi","Est. reading time":"7 minutes"},"schema":{"@context":"https:\/\/schema.org","@graph":[{"@type":"Article","@id":"https:\/\/www.centrocliniconemo.it\/en\/blog\/venezia-bruxelles-for-sla-parlamento-europeo-centri-nemo\/#article","isPartOf":{"@id":"https:\/\/www.centrocliniconemo.it\/en\/blog\/venezia-bruxelles-for-sla-parlamento-europeo-centri-nemo\/"},"author":{"name":"Paola Tomasi","@id":"https:\/\/www.centrocliniconemo.it\/en\/#\/schema\/person\/23b904ba18a16bb7b114b1f59642792e"},"headline":"VENEZIA \u2013 BRUXELLES FOR SLA: L\u2019ARRIVO AL PARLAMENTO EUROPEO PER SOSTENERE LA RICERCA DEI CENTRI NEMO","datePublished":"2025-09-10T17:25:19+00:00","dateModified":"2025-09-10T17:27:49+00:00","mainEntityOfPage":{"@id":"https:\/\/www.centrocliniconemo.it\/en\/blog\/venezia-bruxelles-for-sla-parlamento-europeo-centri-nemo\/"},"wordCount":944,"publisher":{"@id":"https:\/\/www.centrocliniconemo.it\/en\/#organization"},"image":{"@id":"https:\/\/www.centrocliniconemo.it\/en\/blog\/venezia-bruxelles-for-sla-parlamento-europeo-centri-nemo\/#primaryimage"},"thumbnailUrl":"https:\/\/www.centrocliniconemo.it\/wp-content\/uploads\/2025\/09\/Immagine-WhatsApp-2025-08-28-ore-09.39.53_548b4e59-1.jpg","keywords":["NeMO Brescia"],"articleSection":["Iniziative ed eventi","Storie di NeMO"],"inLanguage":"en-US"},{"@type":"WebPage","@id":"https:\/\/www.centrocliniconemo.it\/en\/blog\/venezia-bruxelles-for-sla-parlamento-europeo-centri-nemo\/","url":"https:\/\/www.centrocliniconemo.it\/en\/blog\/venezia-bruxelles-for-sla-parlamento-europeo-centri-nemo\/","name":"VENEZIA BRUXELLES FOR SLA: l'arrivo al Parlamento Europeo per sostenere la ricerca dei Centri NeMO","isPartOf":{"@id":"https:\/\/www.centrocliniconemo.it\/en\/#website"},"primaryImageOfPage":{"@id":"https:\/\/www.centrocliniconemo.it\/en\/blog\/venezia-bruxelles-for-sla-parlamento-europeo-centri-nemo\/#primaryimage"},"image":{"@id":"https:\/\/www.centrocliniconemo.it\/en\/blog\/venezia-bruxelles-for-sla-parlamento-europeo-centri-nemo\/#primaryimage"},"thumbnailUrl":"https:\/\/www.centrocliniconemo.it\/wp-content\/uploads\/2025\/09\/Immagine-WhatsApp-2025-08-28-ore-09.39.53_548b4e59-1.jpg","datePublished":"2025-09-10T17:25:19+00:00","dateModified":"2025-09-10T17:27:49+00:00","description":"Strasburgo, 10 settembre 2025 \u2013 Mille chilometri, quattro Paesi attraversati, quasi 50 chilometri percorsi ogni giorno a piedi. Con la sola forza delle gambe e della sua determinazione, l\u2019ultramaratoneta Fabrizio Amicabile ha portato a termine la corsa \u201cVenezia \u2013 Bruxelles for SLA\u201d, una sfida sportiva e solidale che ha trasformato la fatica in speranza. Partito il 23 agosto da Venezia, Amicabile ha attraversato citt\u00e0, montagne e confini internazionali fino a raggiungere il Parlamento Europeo di Strasburgo, dove oggi ha consegnato idealmente il testimone alle istituzioni. Non solo un traguardo sportivo, ma un messaggio umano di sensibilizzazione portato dai promotori dell\u2019iniziativa: chiedere pi\u00f9 attenzione, pi\u00f9 ricerca e pi\u00f9 sostegno per chi convive ogni giorno con la SLA e le altre malattie neuromuscolari.","breadcrumb":{"@id":"https:\/\/www.centrocliniconemo.it\/en\/blog\/venezia-bruxelles-for-sla-parlamento-europeo-centri-nemo\/#breadcrumb"},"inLanguage":"en-US","potentialAction":[{"@type":"ReadAction","target":["https:\/\/www.centrocliniconemo.it\/en\/blog\/venezia-bruxelles-for-sla-parlamento-europeo-centri-nemo\/"]}]},{"@type":"ImageObject","inLanguage":"en-US","@id":"https:\/\/www.centrocliniconemo.it\/en\/blog\/venezia-bruxelles-for-sla-parlamento-europeo-centri-nemo\/#primaryimage","url":"https:\/\/www.centrocliniconemo.it\/wp-content\/uploads\/2025\/09\/Immagine-WhatsApp-2025-08-28-ore-09.39.53_548b4e59-1.jpg","contentUrl":"https:\/\/www.centrocliniconemo.it\/wp-content\/uploads\/2025\/09\/Immagine-WhatsApp-2025-08-28-ore-09.39.53_548b4e59-1.jpg","width":1600,"height":1200,"caption":"ultramaratoneta e lions a brescia"},{"@type":"BreadcrumbList","@id":"https:\/\/www.centrocliniconemo.it\/en\/blog\/venezia-bruxelles-for-sla-parlamento-europeo-centri-nemo\/#breadcrumb","itemListElement":[{"@type":"ListItem","position":1,"name":"Home","item":"https:\/\/www.centrocliniconemo.it\/en\/"},{"@type":"ListItem","position":2,"name":"VENEZIA \u2013 BRUXELLES FOR SLA: L\u2019ARRIVO AL PARLAMENTO EUROPEO PER SOSTENERE LA RICERCA DEI CENTRI NEMO"}]},{"@type":"WebSite","@id":"https:\/\/www.centrocliniconemo.it\/en\/#website","url":"https:\/\/www.centrocliniconemo.it\/en\/","name":"Centro Clinico NeMO","description":"Il paziente al centro","publisher":{"@id":"https:\/\/www.centrocliniconemo.it\/en\/#organization"},"potentialAction":[{"@type":"SearchAction","target":{"@type":"EntryPoint","urlTemplate":"https:\/\/www.centrocliniconemo.it\/en\/?s={search_term_string}"},"query-input":{"@type":"PropertyValueSpecification","valueRequired":true,"valueName":"search_term_string"}}],"inLanguage":"en-US"},{"@type":"Organization","@id":"https:\/\/www.centrocliniconemo.it\/en\/#organization","name":"Centro Clinico NeMO - Fondazione Serena Onlus","url":"https:\/\/www.centrocliniconemo.it\/en\/","logo":{"@type":"ImageObject","inLanguage":"en-US","@id":"https:\/\/www.centrocliniconemo.it\/en\/#\/schema\/logo\/image\/","url":"https:\/\/www.centrocliniconemo.it\/wp-content\/uploads\/2023\/03\/logo-nemo.svg","contentUrl":"https:\/\/www.centrocliniconemo.it\/wp-content\/uploads\/2023\/03\/logo-nemo.svg","width":272,"height":109.142,"caption":"Centro Clinico NeMO - Fondazione Serena Onlus"},"image":{"@id":"https:\/\/www.centrocliniconemo.it\/en\/#\/schema\/logo\/image\/"},"sameAs":["https:\/\/www.facebook.com\/CentroNEMOItalia","https:\/\/x.com\/CentroNemo","https:\/\/www.linkedin.com\/company\/centrocliniconemo\/","https:\/\/www.instagram.com\/centrocliniconemo\/"]},{"@type":"Person","@id":"https:\/\/www.centrocliniconemo.it\/en\/#\/schema\/person\/23b904ba18a16bb7b114b1f59642792e","name":"Paola Tomasi","image":{"@type":"ImageObject","inLanguage":"en-US","@id":"https:\/\/secure.gravatar.com\/avatar\/74446384f79033bbbf711e67d0640ba1208293f1c7cd6b4abdc36fd985a8b9e4?s=96&d=mm&r=g","url":"https:\/\/secure.gravatar.com\/avatar\/74446384f79033bbbf711e67d0640ba1208293f1c7cd6b4abdc36fd985a8b9e4?s=96&d=mm&r=g","contentUrl":"https:\/\/secure.gravatar.com\/avatar\/74446384f79033bbbf711e67d0640ba1208293f1c7cd6b4abdc36fd985a8b9e4?s=96&d=mm&r=g","caption":"Paola Tomasi"}}]}},"_links":{"self":[{"href":"https:\/\/www.centrocliniconemo.it\/en\/wp-json\/wp\/v2\/posts\/25093","targetHints":{"allow":["GET"]}}],"collection":[{"href":"https:\/\/www.centrocliniconemo.it\/en\/wp-json\/wp\/v2\/posts"}],"about":[{"href":"https:\/\/www.centrocliniconemo.it\/en\/wp-json\/wp\/v2\/types\/post"}],"author":[{"embeddable":true,"href":"https:\/\/www.centrocliniconemo.it\/en\/wp-json\/wp\/v2\/users\/3"}],"replies":[{"embeddable":true,"href":"https:\/\/www.centrocliniconemo.it\/en\/wp-json\/wp\/v2\/comments?post=25093"}],"version-history":[{"count":0,"href":"https:\/\/www.centrocliniconemo.it\/en\/wp-json\/wp\/v2\/posts\/25093\/revisions"}],"wp:featuredmedia":[{"embeddable":true,"href":"https:\/\/www.centrocliniconemo.it\/en\/wp-json\/wp\/v2\/media\/25105"}],"wp:attachment":[{"href":"https:\/\/www.centrocliniconemo.it\/en\/wp-json\/wp\/v2\/media?parent=25093"}],"wp:term":[{"taxonomy":"category","embeddable":true,"href":"https:\/\/www.centrocliniconemo.it\/en\/wp-json\/wp\/v2\/categories?post=25093"},{"taxonomy":"post_tag","embeddable":true,"href":"https:\/\/www.centrocliniconemo.it\/en\/wp-json\/wp\/v2\/tags?post=25093"}],"curies":[{"name":"wp","href":"https:\/\/api.w.org\/{rel}","templated":true}]}}