{"id":25008,"date":"2025-07-18T11:11:44","date_gmt":"2025-07-18T11:11:44","guid":{"rendered":"https:\/\/www.centrocliniconemo.it\/blog\/?p=25008"},"modified":"2025-07-18T11:11:44","modified_gmt":"2025-07-18T11:11:44","slug":"il-bici-tour-aimak-fa-tappa-al-centro-clinico-nemo-roma-al-gemelli","status":"publish","type":"post","link":"https:\/\/www.centrocliniconemo.it\/en\/blog\/il-bici-tour-aimak-fa-tappa-al-centro-clinico-nemo-roma-al-gemelli\/","title":{"rendered":"Il \u201cBici Tour\u201d AIMAK fa tappa al Centro Clinico NeMO Roma al Gemelli\u00a0"},"content":{"rendered":"\n<p><em>Roma, 16 luglio 2025<\/em> &#8211; Il \u201cBici Tour\u201d promosso da <strong><a href=\"https:\/\/aimak.it\/\">AIMAK &#8211; Associazione Italiana Malattia di Kennedy<\/a><\/strong> ha fatto tappa al <strong>Centro Clinico NeMO Roma<\/strong>, attivo da dieci anni <strong>presso la Fondazione Policlinico Universitario Agostino Gemelli IRCCS<\/strong>. Un viaggio in bicicletta lungo 1.500 km, da Torino a Bari, nato per accendere i riflettori sulla <a href=\"https:\/\/www.centrocliniconemo.it\/cura-e-ricerca\/patologie\/atrofia-muscolare-spino-bulbare\/\">atrofia muscolare bulbo spinale (SBMA), o malattia di Kennedy<\/a>, dal nome dello scienziato che nel 1968 deline\u00f2 il quadro clinico di questa patologia neuromuscolare ad esordio adulto, ma ancora oggi troppo poco conosciuta.<\/p>\n\n\n\n<p>Ad accogliere <strong>Roberto Giambra<\/strong>, amico di AIMAK e messaggero di speranza in sella alla sua bici dal 30 giugno, l\u2019\u00e9quipe clinica e assistenziale del Centro NeMO. Con loro <strong>Fabrizio Malta<\/strong>, presidente dell\u2019Associazione e paziente del NeMO Roma dal 2017, ideatore e promotore di un\u2019iniziativa pensata per raccontare cosa significa vivere con la SBMA e per riconoscere il valore del lavoro quotidiano di medici e ricercatori, impegnati nel migliorare la qualit\u00e0 della vita di chi la malattia la affronta ogni giorno.<\/p>\n\n\n\n<p><em>\u201cAbbiamo scelto il Centro Clinico NeMO per la tappa romana del nostro Bici Tour perch\u00e9 esiste un rapporto di collaborazione e fiducia tra AIMAK e questa realt\u00e0 straordinaria \u2013 <\/em>racconta <strong>Fabrizio Malta, presidente Aimak<\/strong> &#8211; <em>Il Centro di Roma \u00e8 parte di un network nazionale di centri d\u2019eccellenza che partecipano attivamente ai trial clinici, un elemento fondamentale nella ricerca di una cura per la Malattia di Kennedy. Ma ci\u00f2 che rende questo Centro davvero speciale \u00e8 il modello di presa in carico interdisciplinare: qui il paziente non \u00e8 mai solo, perch\u00e9 viene accompagnato in ogni aspetto del suo percorso, dal piano fisico a quello psicologico, familiare e relazionale. \u00c8 in luoghi come questo che la nostra missione prende forma concreta, ed \u00e8 per questo che siamo orgogliosi di far tappa proprio qui\u201d.<\/em><\/p>\n\n\n\n<p>Con il suo modello di cura multidisciplinare e specializzato nell\u2019alta complessit\u00e0 assistenziale dalle patologie neuromuscolari e neurodegenerative dell\u2019adulto, il <a href=\"https:\/\/www.centrocliniconemo.it\/pazienti\/sedi-nemo\/nemo-roma\/\">Centro NeMO Roma<\/a> presso il Policlinico Gemelli prende in carico quasi 60 pazienti con SBMA &#8211; patologia che in Italia coinvolge circa 600 persone &#8211; garantendo continuit\u00e0 di cura attraverso follow up periodici, in regime ambulatoriale e di degenza. Dal punto di vista scientifico, il NeMO \u00e8 parte della rete nazionale dei centri di riferimento per la SBMA. Insieme a Fondazione IRCCS Istituto Neurologico \u201cCarlo Besta\u201d di Milano e alla Clinica Neurologica dell\u2019Azienda Ospedaliera Universit\u00e0 di Padova, il NeMO Roma partecipa al primo registro nazionale dedicato alla malattia, con l\u2019obiettivo di studiarne la storia naturale, validare misure cliniche e preparare il terreno alla sperimentazione di nuove terapie.<\/p>\n\n\n\n<p><em>\u201cLa SBMA \u00e8 una malattia ancora troppo poco conosciuta anche tra gli stessi specialisti. I primi sintomi, come tremori, crampi, debolezza muscolare e affaticamento precoce, sono spesso sottovalutati o confusi con altre patologie neuromuscolari, portando a ritardi nella diagnosi<\/em> \u2013 spiega il <strong>prof. Mario Sabatelli, direttore clinico-scientifico del Centro NeMO Roma, professore associato di Neurologia dell\u2019Universit\u00e0 Cattolica del Sacro Cuore e membro del <a href=\"https:\/\/aimak.it\/chi-siamo\/chisiamo-sbma\/comitato-scientifico\/\">Comitato Scientifico AIMAK <\/a>&#8211; <\/strong><em>Nel tempo la malattia coinvolge anche i muscoli della deglutizione, del linguaggio e della respirazione, compromettendo in modo significativo la qualit\u00e0 di vita. Ecco perch\u00e9 \u00e8 fondamentale poter contare su un approccio clinico integrato e specialistico, capace di prendersi cura della persona nella sua globalit\u00e0. Iniziative come questa sono importantissime nel far conoscere la malattia e nel creare consapevolezza sulla necessit\u00e0 di rivolgersi ai Centri di riferimento specialistici\u201d.<\/em><\/p>\n\n\n\n<p>Un viaggio simbolico, dunque, ma con un messaggio di valore profondamente concreto: dare voce a chi ogni giorno convive con la SBMA e a chi se ne prende cura. Tappa dopo tappa, il \u201cBici Tour\u201d di AIMAK entra nei luoghi della cura per raccogliere storie, ascoltare vissuti, costruire ponti tra pazienti, comunit\u00e0 scientifica e opinione pubblica. Con il desiderio di rendere visibile ci\u00f2 che \u00e8 ancora poco visibile, portando nelle strade un messaggio di speranza concreta.<\/p>\n\n\n\n<p>Il \u201cBici Tour\u201d gode del patrocinio non oneroso di <strong><a href=\"https:\/\/www.fondazionetelethon.it\/partecipa\/associazioni-amiche\/\">Associazioni in Rete di Fondazione Telethon<\/a><\/strong> e si concluder\u00e0 a Bari il prossimo 22 luglio. Tutte le tappe del viaggio sono raccontate con video e testimonianze sul sito di AIMAK <a href=\"http:\/\/www.aimak.it\/\">www.aimak.it<\/a> e attraverso i canali social dell\u2019Associazione.<\/p>\n\n\n<div class=\"pgc-sgb-cb wp-block-pgcsimplygalleryblock-slider \" data-gallery-id=\"dec87711\"style=&quot;min-height:400px&quot;><div class=\"sgb-preloader\" id=\"pr_dec87711\">\n\t<div class=\"sgb-square\" style=\"background:#d4d4d4\"><\/div>\n\t<div class=\"sgb-square\" style=\"background:#d4d4d4\"><\/div>\n\t<div class=\"sgb-square\" style=\"background:#d4d4d4\"><\/div>\n\t<div class=\"sgb-square\" style=\"background:#d4d4d4\"><\/div><\/div><div class=\"simply-gallery-amp pgc_sgb_slider \"><noscript><div class=\"sgb-gallery\"><div class=\"sgb-item\"><a href=\"https:\/\/www.centrocliniconemo.it\/?attachment_id=25022\" target=\"_blank\"><img loading=\"lazy\" decoding=\"async\" alt=\"\" width=\"300\" height=\"225\" loading=\"lazy\" src=\"https:\/\/www.centrocliniconemo.it\/wp-content\/uploads\/2025\/07\/aimak-entrata-300x225.jpg\" srcset=\"https:\/\/www.centrocliniconemo.it\/wp-content\/uploads\/2025\/07\/aimak-entrata-300x225.jpg 300w,https:\/\/www.centrocliniconemo.it\/wp-content\/uploads\/2025\/07\/aimak-entrata-1024x768.jpg 1024w,https:\/\/www.centrocliniconemo.it\/wp-content\/uploads\/2025\/07\/aimak-entrata.jpg 2048w\" sizes=\"auto, 250px\"\/><\/a><\/div><div class=\"sgb-item\"><a href=\"https:\/\/www.centrocliniconemo.it\/?attachment_id=25018\" target=\"_blank\"><img loading=\"lazy\" decoding=\"async\" alt=\"\" width=\"225\" height=\"300\" loading=\"lazy\" src=\"https:\/\/www.centrocliniconemo.it\/wp-content\/uploads\/2025\/07\/aimak-e-prof-225x300.jpg\" srcset=\"https:\/\/www.centrocliniconemo.it\/wp-content\/uploads\/2025\/07\/aimak-e-prof-225x300.jpg 225w,https:\/\/www.centrocliniconemo.it\/wp-content\/uploads\/2025\/07\/aimak-e-prof-768x1024.jpg 768w,https:\/\/www.centrocliniconemo.it\/wp-content\/uploads\/2025\/07\/aimak-e-prof.jpg 1536w\" sizes=\"auto, 250px\"\/><\/a><\/div><div class=\"sgb-item\"><a href=\"https:\/\/www.centrocliniconemo.it\/?attachment_id=25014\" target=\"_blank\"><img loading=\"lazy\" decoding=\"async\" alt=\"\" width=\"300\" height=\"225\" loading=\"lazy\" src=\"https:\/\/www.centrocliniconemo.it\/wp-content\/uploads\/2025\/07\/aimak-e-bruna-300x225.jpg\" srcset=\"https:\/\/www.centrocliniconemo.it\/wp-content\/uploads\/2025\/07\/aimak-e-bruna-300x225.jpg 300w,https:\/\/www.centrocliniconemo.it\/wp-content\/uploads\/2025\/07\/aimak-e-bruna-1024x768.jpg 1024w,https:\/\/www.centrocliniconemo.it\/wp-content\/uploads\/2025\/07\/aimak-e-bruna.jpg 2048w\" sizes=\"auto, 250px\"\/><\/a><\/div><div class=\"sgb-item\"><a href=\"https:\/\/www.centrocliniconemo.it\/?attachment_id=25024\" target=\"_blank\"><img loading=\"lazy\" decoding=\"async\" alt=\"\" width=\"225\" height=\"300\" loading=\"lazy\" src=\"https:\/\/www.centrocliniconemo.it\/wp-content\/uploads\/2025\/07\/R.Giambra_F.-Malta_l.Isernia-Vicepres.-AIMAK-entrata-Gemelli-225x300.jpeg\" srcset=\"https:\/\/www.centrocliniconemo.it\/wp-content\/uploads\/2025\/07\/R.Giambra_F.-Malta_l.Isernia-Vicepres.-AIMAK-entrata-Gemelli-225x300.jpeg 225w,https:\/\/www.centrocliniconemo.it\/wp-content\/uploads\/2025\/07\/R.Giambra_F.-Malta_l.Isernia-Vicepres.-AIMAK-entrata-Gemelli-768x1024.jpeg 768w,https:\/\/www.centrocliniconemo.it\/wp-content\/uploads\/2025\/07\/R.Giambra_F.-Malta_l.Isernia-Vicepres.-AIMAK-entrata-Gemelli.jpeg 1536w\" sizes=\"auto, 250px\"\/><\/a><\/div><div class=\"sgb-item\"><a href=\"https:\/\/www.centrocliniconemo.it\/?attachment_id=25016\" target=\"_blank\"><img loading=\"lazy\" decoding=\"async\" alt=\"\" width=\"225\" height=\"300\" loading=\"lazy\" src=\"https:\/\/www.centrocliniconemo.it\/wp-content\/uploads\/2025\/07\/aimak-e-paziente-franco-palumbo-225x300.jpg\" srcset=\"https:\/\/www.centrocliniconemo.it\/wp-content\/uploads\/2025\/07\/aimak-e-paziente-franco-palumbo-225x300.jpg 225w,https:\/\/www.centrocliniconemo.it\/wp-content\/uploads\/2025\/07\/aimak-e-paziente-franco-palumbo-768x1024.jpg 768w,https:\/\/www.centrocliniconemo.it\/wp-content\/uploads\/2025\/07\/aimak-e-paziente-franco-palumbo.jpg 1536w\" sizes=\"auto, 250px\"\/><\/a><\/div><div class=\"sgb-item\"><a href=\"https:\/\/www.centrocliniconemo.it\/?attachment_id=25020\" target=\"_blank\"><img loading=\"lazy\" decoding=\"async\" alt=\"\" width=\"238\" height=\"300\" loading=\"lazy\" src=\"https:\/\/www.centrocliniconemo.it\/wp-content\/uploads\/2025\/07\/aimak-e-team-psico-238x300.jpg\" srcset=\"https:\/\/www.centrocliniconemo.it\/wp-content\/uploads\/2025\/07\/aimak-e-team-psico-238x300.jpg 238w,https:\/\/www.centrocliniconemo.it\/wp-content\/uploads\/2025\/07\/aimak-e-team-psico-812x1024.jpg 812w,https:\/\/www.centrocliniconemo.it\/wp-content\/uploads\/2025\/07\/aimak-e-team-psico.jpg 1623w\" sizes=\"auto, 250px\"\/><\/a><\/div><\/div><\/noscript><\/div><script type=\"application\/json\" class=\"sgb-data\">{\"sliderAdminWidth\":755,\"galleryType\":\"pgc_sgb_slider\",\"galleryId\":\"dec87711\",\"images\":[{\"id\":25022,\"title\":\"aimak entrata\",\"url\":\"https:\/\/www.centrocliniconemo.it\/wp-content\/uploads\/2025\/07\/aimak-entrata.jpg\",\"link\":\"https:\/\/www.centrocliniconemo.it\/?attachment_id=25022\",\"alt\":\"\",\"description\":\"\",\"caption\":\"\",\"mime\":\"image\/jpeg\",\"type\":\"image\",\"width\":2048,\"height\":1536,\"sizes\":{\"thumbnail\":{\"height\":150,\"width\":150,\"url\":\"https:\/\/www.centrocliniconemo.it\/wp-content\/uploads\/2025\/07\/aimak-entrata-150x150.jpg\",\"orientation\":\"landscape\"},\"medium\":{\"height\":225,\"width\":300,\"url\":\"https:\/\/www.centrocliniconemo.it\/wp-content\/uploads\/2025\/07\/aimak-entrata-300x225.jpg\",\"orientation\":\"landscape\"},\"large\":{\"height\":768,\"width\":1024,\"url\":\"https:\/\/www.centrocliniconemo.it\/wp-content\/uploads\/2025\/07\/aimak-entrata-1024x768.jpg\",\"orientation\":\"landscape\"},\"full\":{\"url\":\"https:\/\/www.centrocliniconemo.it\/wp-content\/uploads\/2025\/07\/aimak-entrata.jpg\",\"height\":1536,\"width\":2048,\"orientation\":\"landscape\"}},\"imageMeta\":{\"aperture\":\"0\",\"credit\":\"\",\"camera\":\"\",\"caption\":\"\",\"created_timestamp\":\"0\",\"copyright\":\"\",\"focal_length\":\"0\",\"iso\":\"0\",\"shutter_speed\":\"0\",\"title\":\"\",\"orientation\":\"0\",\"keywords\":[]},\"meta\":false,\"postlink\":\"https:\/\/www.centrocliniconemo.it\/?attachment_id=25022\"},{\"id\":25018,\"title\":\"aimak e prof\",\"url\":\"https:\/\/www.centrocliniconemo.it\/wp-content\/uploads\/2025\/07\/aimak-e-prof.jpg\",\"link\":\"https:\/\/www.centrocliniconemo.it\/?attachment_id=25018\",\"alt\":\"\",\"description\":\"\",\"caption\":\"\",\"mime\":\"image\/jpeg\",\"type\":\"image\",\"width\":1536,\"height\":2048,\"sizes\":{\"thumbnail\":{\"height\":150,\"width\":150,\"url\":\"https:\/\/www.centrocliniconemo.it\/wp-content\/uploads\/2025\/07\/aimak-e-prof-150x150.jpg\",\"orientation\":\"landscape\"},\"medium\":{\"height\":300,\"width\":225,\"url\":\"https:\/\/www.centrocliniconemo.it\/wp-content\/uploads\/2025\/07\/aimak-e-prof-225x300.jpg\",\"orientation\":\"portrait\"},\"large\":{\"height\":1024,\"width\":768,\"url\":\"https:\/\/www.centrocliniconemo.it\/wp-content\/uploads\/2025\/07\/aimak-e-prof-768x1024.jpg\",\"orientation\":\"portrait\"},\"full\":{\"url\":\"https:\/\/www.centrocliniconemo.it\/wp-content\/uploads\/2025\/07\/aimak-e-prof.jpg\",\"height\":2048,\"width\":1536,\"orientation\":\"portrait\"}},\"imageMeta\":{\"aperture\":\"0\",\"credit\":\"\",\"camera\":\"\",\"caption\":\"\",\"created_timestamp\":\"0\",\"copyright\":\"\",\"focal_length\":\"0\",\"iso\":\"0\",\"shutter_speed\":\"0\",\"title\":\"\",\"orientation\":\"0\",\"keywords\":[]},\"meta\":false,\"postlink\":\"https:\/\/www.centrocliniconemo.it\/?attachment_id=25018\"},{\"id\":25014,\"title\":\"aimak e bruna\",\"url\":\"https:\/\/www.centrocliniconemo.it\/wp-content\/uploads\/2025\/07\/aimak-e-bruna.jpg\",\"link\":\"https:\/\/www.centrocliniconemo.it\/?attachment_id=25014\",\"alt\":\"\",\"description\":\"\",\"caption\":\"\",\"mime\":\"image\/jpeg\",\"type\":\"image\",\"width\":2048,\"height\":1536,\"sizes\":{\"thumbnail\":{\"height\":150,\"width\":150,\"url\":\"https:\/\/www.centrocliniconemo.it\/wp-content\/uploads\/2025\/07\/aimak-e-bruna-150x150.jpg\",\"orientation\":\"landscape\"},\"medium\":{\"height\":225,\"width\":300,\"url\":\"https:\/\/www.centrocliniconemo.it\/wp-content\/uploads\/2025\/07\/aimak-e-bruna-300x225.jpg\",\"orientation\":\"landscape\"},\"large\":{\"height\":768,\"width\":1024,\"url\":\"https:\/\/www.centrocliniconemo.it\/wp-content\/uploads\/2025\/07\/aimak-e-bruna-1024x768.jpg\",\"orientation\":\"landscape\"},\"full\":{\"url\":\"https:\/\/www.centrocliniconemo.it\/wp-content\/uploads\/2025\/07\/aimak-e-bruna.jpg\",\"height\":1536,\"width\":2048,\"orientation\":\"landscape\"}},\"imageMeta\":{\"aperture\":\"0\",\"credit\":\"\",\"camera\":\"\",\"caption\":\"\",\"created_timestamp\":\"0\",\"copyright\":\"\",\"focal_length\":\"0\",\"iso\":\"0\",\"shutter_speed\":\"0\",\"title\":\"\",\"orientation\":\"0\",\"keywords\":[]},\"meta\":false,\"postlink\":\"https:\/\/www.centrocliniconemo.it\/?attachment_id=25014\"},{\"id\":25024,\"title\":\"R.Giambra_F. Malta_l.Isernia (Vicepres. AIMAK) entrata Gemelli\",\"url\":\"https:\/\/www.centrocliniconemo.it\/wp-content\/uploads\/2025\/07\/R.Giambra_F.-Malta_l.Isernia-Vicepres.-AIMAK-entrata-Gemelli.jpeg\",\"link\":\"https:\/\/www.centrocliniconemo.it\/?attachment_id=25024\",\"alt\":\"\",\"description\":\"\",\"caption\":\"\",\"mime\":\"image\/jpeg\",\"type\":\"image\",\"width\":1536,\"height\":2048,\"sizes\":{\"thumbnail\":{\"height\":150,\"width\":150,\"url\":\"https:\/\/www.centrocliniconemo.it\/wp-content\/uploads\/2025\/07\/R.Giambra_F.-Malta_l.Isernia-Vicepres.-AIMAK-entrata-Gemelli-150x150.jpeg\",\"orientation\":\"landscape\"},\"medium\":{\"height\":300,\"width\":225,\"url\":\"https:\/\/www.centrocliniconemo.it\/wp-content\/uploads\/2025\/07\/R.Giambra_F.-Malta_l.Isernia-Vicepres.-AIMAK-entrata-Gemelli-225x300.jpeg\",\"orientation\":\"portrait\"},\"large\":{\"height\":1024,\"width\":768,\"url\":\"https:\/\/www.centrocliniconemo.it\/wp-content\/uploads\/2025\/07\/R.Giambra_F.-Malta_l.Isernia-Vicepres.-AIMAK-entrata-Gemelli-768x1024.jpeg\",\"orientation\":\"portrait\"},\"full\":{\"url\":\"https:\/\/www.centrocliniconemo.it\/wp-content\/uploads\/2025\/07\/R.Giambra_F.-Malta_l.Isernia-Vicepres.-AIMAK-entrata-Gemelli.jpeg\",\"height\":2048,\"width\":1536,\"orientation\":\"portrait\"}},\"imageMeta\":{\"aperture\":\"0\",\"credit\":\"\",\"camera\":\"\",\"caption\":\"\",\"created_timestamp\":\"0\",\"copyright\":\"\",\"focal_length\":\"0\",\"iso\":\"0\",\"shutter_speed\":\"0\",\"title\":\"\",\"orientation\":\"0\",\"keywords\":[]},\"meta\":false,\"postlink\":\"https:\/\/www.centrocliniconemo.it\/?attachment_id=25024\"},{\"id\":25016,\"title\":\"aimak e paziente franco palumbo\",\"url\":\"https:\/\/www.centrocliniconemo.it\/wp-content\/uploads\/2025\/07\/aimak-e-paziente-franco-palumbo.jpg\",\"link\":\"https:\/\/www.centrocliniconemo.it\/?attachment_id=25016\",\"alt\":\"\",\"description\":\"\",\"caption\":\"\",\"mime\":\"image\/jpeg\",\"type\":\"image\",\"width\":1536,\"height\":2048,\"sizes\":{\"thumbnail\":{\"height\":150,\"width\":150,\"url\":\"https:\/\/www.centrocliniconemo.it\/wp-content\/uploads\/2025\/07\/aimak-e-paziente-franco-palumbo-150x150.jpg\",\"orientation\":\"landscape\"},\"medium\":{\"height\":300,\"width\":225,\"url\":\"https:\/\/www.centrocliniconemo.it\/wp-content\/uploads\/2025\/07\/aimak-e-paziente-franco-palumbo-225x300.jpg\",\"orientation\":\"portrait\"},\"large\":{\"height\":1024,\"width\":768,\"url\":\"https:\/\/www.centrocliniconemo.it\/wp-content\/uploads\/2025\/07\/aimak-e-paziente-franco-palumbo-768x1024.jpg\",\"orientation\":\"portrait\"},\"full\":{\"url\":\"https:\/\/www.centrocliniconemo.it\/wp-content\/uploads\/2025\/07\/aimak-e-paziente-franco-palumbo.jpg\",\"height\":2048,\"width\":1536,\"orientation\":\"portrait\"}},\"imageMeta\":{\"aperture\":\"0\",\"credit\":\"\",\"camera\":\"\",\"caption\":\"\",\"created_timestamp\":\"0\",\"copyright\":\"\",\"focal_length\":\"0\",\"iso\":\"0\",\"shutter_speed\":\"0\",\"title\":\"\",\"orientation\":\"0\",\"keywords\":[]},\"meta\":false,\"postlink\":\"https:\/\/www.centrocliniconemo.it\/?attachment_id=25016\"},{\"id\":25020,\"title\":\"aimak e team psico\",\"url\":\"https:\/\/www.centrocliniconemo.it\/wp-content\/uploads\/2025\/07\/aimak-e-team-psico.jpg\",\"link\":\"https:\/\/www.centrocliniconemo.it\/?attachment_id=25020\",\"alt\":\"\",\"description\":\"\",\"caption\":\"\",\"mime\":\"image\/jpeg\",\"type\":\"image\",\"width\":1623,\"height\":2048,\"sizes\":{\"thumbnail\":{\"height\":150,\"width\":150,\"url\":\"https:\/\/www.centrocliniconemo.it\/wp-content\/uploads\/2025\/07\/aimak-e-team-psico-150x150.jpg\",\"orientation\":\"landscape\"},\"medium\":{\"height\":300,\"width\":238,\"url\":\"https:\/\/www.centrocliniconemo.it\/wp-content\/uploads\/2025\/07\/aimak-e-team-psico-238x300.jpg\",\"orientation\":\"portrait\"},\"large\":{\"height\":1024,\"width\":812,\"url\":\"https:\/\/www.centrocliniconemo.it\/wp-content\/uploads\/2025\/07\/aimak-e-team-psico-812x1024.jpg\",\"orientation\":\"portrait\"},\"full\":{\"url\":\"https:\/\/www.centrocliniconemo.it\/wp-content\/uploads\/2025\/07\/aimak-e-team-psico.jpg\",\"height\":2048,\"width\":1623,\"orientation\":\"portrait\"}},\"imageMeta\":{\"aperture\":\"0\",\"credit\":\"\",\"camera\":\"\",\"caption\":\"\",\"created_timestamp\":\"0\",\"copyright\":\"\",\"focal_length\":\"0\",\"iso\":\"0\",\"shutter_speed\":\"0\",\"title\":\"\",\"orientation\":\"0\",\"keywords\":[]},\"meta\":false,\"postlink\":\"https:\/\/www.centrocliniconemo.it\/?attachment_id=25020\"}],\"jetDynamicVisibility\":{\"jedv_enabled\":false},\"jetPopupInstance\":\"none\",\"jetPopupTriggerType\":\"none\",\"jetPopupCustomSelector\":\"\",\"jetPopupIsJetEngine\":false,\"itemsMetaDataCollection\":[]}<\/script><script>(function(){if(window.PGC_SGB && window.PGC_SGB.searcher){window.PGC_SGB.searcher.initBlocks()}})()<\/script><\/div>","protected":false},"excerpt":{"rendered":"<p>Roma, 16 luglio 2025 &#8211; Il \u201cBici Tour\u201d promosso da AIMAK &#8211; Associazione Italiana Malattia di Kennedy ha fatto tappa al Centro Clinico NeMO Roma, attivo da dieci anni presso la Fondazione Policlinico Universitario Agostino Gemelli IRCCS. Un viaggio in bicicletta lungo 1.500 km, da Torino a Bari, nato per accendere i riflettori sulla atrofia [&hellip;]<\/p>\n","protected":false},"author":2,"featured_media":25009,"comment_status":"closed","ping_status":"closed","sticky":false,"template":"","format":"standard","meta":{"pgc_sgb_lightbox_settings":"","footnotes":""},"categories":[17,1],"tags":[266,267,24],"class_list":["post-25008","post","type-post","status-publish","format-standard","has-post-thumbnail","hentry","category-iniziative-ed-eventi","category-storie-di-nemo","tag-aimak","tag-bici-tour","tag-nemo-roma"],"yoast_head":"<!-- This site is optimized with the Yoast SEO plugin v27.4 - https:\/\/yoast.com\/product\/yoast-seo-wordpress\/ -->\n<title>Il \u201cBici Tour\u201d AIMAK fa tappa al Centro Clinico NeMO Roma al Gemelli\u00a0 - Centro Clinico NeMO<\/title>\n<meta name=\"description\" content=\"Il \u201cBici Tour\u201d promosso da AIMAK - Associazione Italiana Malattia di Kennedy ha fatto tappa al Centro Clinico NeMO Roma, attivo da dieci anni presso la Fondazione Policlinico Universitario Agostino Gemelli IRCCS. Un viaggio in bicicletta lungo 1.500 km, da Torino a Bari, nato per accendere i riflettori sulla atrofia muscolare bulbo spinale (SBMA), o malattia di Kennedy, dal nome dello scienziato che nel 1968 deline\u00f2 il quadro clinico di questa patologia neuromuscolare ad esordio adulto, ma ancora oggi troppo poco conosciuta.\" \/>\n<meta name=\"robots\" content=\"index, follow, max-snippet:-1, max-image-preview:large, max-video-preview:-1\" \/>\n<link rel=\"canonical\" href=\"https:\/\/www.centrocliniconemo.it\/en\/blog\/il-bici-tour-aimak-fa-tappa-al-centro-clinico-nemo-roma-al-gemelli\/\" \/>\n<meta property=\"og:locale\" content=\"en_US\" \/>\n<meta property=\"og:type\" content=\"article\" \/>\n<meta property=\"og:title\" content=\"Il \u201cBici Tour\u201d AIMAK fa tappa al Centro Clinico NeMO Roma al Gemelli\u00a0\" \/>\n<meta property=\"og:description\" content=\"Il \u201cBici Tour\u201d promosso da AIMAK - Associazione Italiana Malattia di Kennedy ha fatto tappa al Centro Clinico NeMO Roma, attivo da dieci anni presso la Fondazione Policlinico Universitario Agostino Gemelli IRCCS. Un viaggio in bicicletta lungo 1.500 km, da Torino a Bari, nato per accendere i riflettori sulla atrofia muscolare bulbo spinale (SBMA), o malattia di Kennedy, dal nome dello scienziato che nel 1968 deline\u00f2 il quadro clinico di questa patologia neuromuscolare ad esordio adulto, ma ancora oggi troppo poco conosciuta.\" \/>\n<meta property=\"og:url\" content=\"https:\/\/www.centrocliniconemo.it\/en\/blog\/il-bici-tour-aimak-fa-tappa-al-centro-clinico-nemo-roma-al-gemelli\/\" \/>\n<meta property=\"og:site_name\" content=\"Centro Clinico NeMO\" \/>\n<meta property=\"article:publisher\" content=\"https:\/\/www.facebook.com\/CentroNEMOItalia\" \/>\n<meta property=\"article:published_time\" content=\"2025-07-18T11:11:44+00:00\" \/>\n<meta property=\"og:image\" content=\"https:\/\/www.centrocliniconemo.it\/wp-content\/uploads\/2025\/07\/BICI-TUOR-AIMAK-al-Centro-NeMO-Roma-al-Gemelli.jpeg\" \/>\n\t<meta property=\"og:image:width\" content=\"2048\" \/>\n\t<meta property=\"og:image:height\" content=\"1536\" \/>\n\t<meta property=\"og:image:type\" content=\"image\/jpeg\" \/>\n<meta name=\"author\" content=\"Luca Biondi\" \/>\n<meta name=\"twitter:card\" content=\"summary_large_image\" \/>\n<meta name=\"twitter:title\" content=\"Il \u201cBici Tour\u201d AIMAK fa tappa al Centro Clinico NeMO Roma al Gemelli\u00a0\" \/>\n<meta name=\"twitter:description\" content=\"Il \u201cBici Tour\u201d promosso da AIMAK - Associazione Italiana Malattia di Kennedy ha fatto tappa al Centro Clinico NeMO Roma, attivo da dieci anni presso la Fondazione Policlinico Universitario Agostino Gemelli IRCCS. Un viaggio in bicicletta lungo 1.500 km, da Torino a Bari, nato per accendere i riflettori sulla atrofia muscolare bulbo spinale (SBMA), o malattia di Kennedy, dal nome dello scienziato che nel 1968 deline\u00f2 il quadro clinico di questa patologia neuromuscolare ad esordio adulto, ma ancora oggi troppo poco conosciuta.\" \/>\n<meta name=\"twitter:image\" content=\"https:\/\/www.centrocliniconemo.it\/wp-content\/uploads\/2025\/07\/BICI-TUOR-AIMAK-al-Centro-NeMO-Roma-al-Gemelli.jpeg\" \/>\n<meta name=\"twitter:creator\" content=\"@CentroNemo\" \/>\n<meta name=\"twitter:site\" content=\"@CentroNemo\" \/>\n<meta name=\"twitter:label1\" content=\"Written by\" \/>\n\t<meta name=\"twitter:data1\" content=\"Luca Biondi\" \/>\n\t<meta name=\"twitter:label2\" content=\"Est. reading time\" \/>\n\t<meta name=\"twitter:data2\" content=\"5 minutes\" \/>\n<script type=\"application\/ld+json\" class=\"yoast-schema-graph\">{\"@context\":\"https:\\\/\\\/schema.org\",\"@graph\":[{\"@type\":\"Article\",\"@id\":\"https:\\\/\\\/www.centrocliniconemo.it\\\/en\\\/blog\\\/il-bici-tour-aimak-fa-tappa-al-centro-clinico-nemo-roma-al-gemelli\\\/#article\",\"isPartOf\":{\"@id\":\"https:\\\/\\\/www.centrocliniconemo.it\\\/en\\\/blog\\\/il-bici-tour-aimak-fa-tappa-al-centro-clinico-nemo-roma-al-gemelli\\\/\"},\"author\":{\"name\":\"Luca Biondi\",\"@id\":\"https:\\\/\\\/www.centrocliniconemo.it\\\/en\\\/#\\\/schema\\\/person\\\/9331a87c0a8ee435c61f5dd498531434\"},\"headline\":\"Il \u201cBici Tour\u201d AIMAK fa tappa al Centro Clinico NeMO Roma al Gemelli\u00a0\",\"datePublished\":\"2025-07-18T11:11:44+00:00\",\"mainEntityOfPage\":{\"@id\":\"https:\\\/\\\/www.centrocliniconemo.it\\\/en\\\/blog\\\/il-bici-tour-aimak-fa-tappa-al-centro-clinico-nemo-roma-al-gemelli\\\/\"},\"wordCount\":687,\"publisher\":{\"@id\":\"https:\\\/\\\/www.centrocliniconemo.it\\\/en\\\/#organization\"},\"image\":{\"@id\":\"https:\\\/\\\/www.centrocliniconemo.it\\\/en\\\/blog\\\/il-bici-tour-aimak-fa-tappa-al-centro-clinico-nemo-roma-al-gemelli\\\/#primaryimage\"},\"thumbnailUrl\":\"https:\\\/\\\/www.centrocliniconemo.it\\\/wp-content\\\/uploads\\\/2025\\\/07\\\/BICI-TUOR-AIMAK-al-Centro-NeMO-Roma-al-Gemelli.jpeg\",\"keywords\":[\"AIMAK\",\"Bici tour\",\"NeMO Roma\"],\"articleSection\":[\"Iniziative ed eventi\",\"Storie di NeMO\"],\"inLanguage\":\"en-US\"},{\"@type\":\"WebPage\",\"@id\":\"https:\\\/\\\/www.centrocliniconemo.it\\\/en\\\/blog\\\/il-bici-tour-aimak-fa-tappa-al-centro-clinico-nemo-roma-al-gemelli\\\/\",\"url\":\"https:\\\/\\\/www.centrocliniconemo.it\\\/en\\\/blog\\\/il-bici-tour-aimak-fa-tappa-al-centro-clinico-nemo-roma-al-gemelli\\\/\",\"name\":\"Il \u201cBici Tour\u201d AIMAK fa tappa al Centro Clinico NeMO Roma al Gemelli\u00a0 - Centro Clinico NeMO\",\"isPartOf\":{\"@id\":\"https:\\\/\\\/www.centrocliniconemo.it\\\/en\\\/#website\"},\"primaryImageOfPage\":{\"@id\":\"https:\\\/\\\/www.centrocliniconemo.it\\\/en\\\/blog\\\/il-bici-tour-aimak-fa-tappa-al-centro-clinico-nemo-roma-al-gemelli\\\/#primaryimage\"},\"image\":{\"@id\":\"https:\\\/\\\/www.centrocliniconemo.it\\\/en\\\/blog\\\/il-bici-tour-aimak-fa-tappa-al-centro-clinico-nemo-roma-al-gemelli\\\/#primaryimage\"},\"thumbnailUrl\":\"https:\\\/\\\/www.centrocliniconemo.it\\\/wp-content\\\/uploads\\\/2025\\\/07\\\/BICI-TUOR-AIMAK-al-Centro-NeMO-Roma-al-Gemelli.jpeg\",\"datePublished\":\"2025-07-18T11:11:44+00:00\",\"description\":\"Il \u201cBici Tour\u201d promosso da AIMAK - Associazione Italiana Malattia di Kennedy ha fatto tappa al Centro Clinico NeMO Roma, attivo da dieci anni presso la Fondazione Policlinico Universitario Agostino Gemelli IRCCS. Un viaggio in bicicletta lungo 1.500 km, da Torino a Bari, nato per accendere i riflettori sulla atrofia muscolare bulbo spinale (SBMA), o malattia di Kennedy, dal nome dello scienziato che nel 1968 deline\u00f2 il quadro clinico di questa patologia neuromuscolare ad esordio adulto, ma ancora oggi troppo poco conosciuta.\",\"breadcrumb\":{\"@id\":\"https:\\\/\\\/www.centrocliniconemo.it\\\/en\\\/blog\\\/il-bici-tour-aimak-fa-tappa-al-centro-clinico-nemo-roma-al-gemelli\\\/#breadcrumb\"},\"inLanguage\":\"en-US\",\"potentialAction\":[{\"@type\":\"ReadAction\",\"target\":[\"https:\\\/\\\/www.centrocliniconemo.it\\\/en\\\/blog\\\/il-bici-tour-aimak-fa-tappa-al-centro-clinico-nemo-roma-al-gemelli\\\/\"]}]},{\"@type\":\"ImageObject\",\"inLanguage\":\"en-US\",\"@id\":\"https:\\\/\\\/www.centrocliniconemo.it\\\/en\\\/blog\\\/il-bici-tour-aimak-fa-tappa-al-centro-clinico-nemo-roma-al-gemelli\\\/#primaryimage\",\"url\":\"https:\\\/\\\/www.centrocliniconemo.it\\\/wp-content\\\/uploads\\\/2025\\\/07\\\/BICI-TUOR-AIMAK-al-Centro-NeMO-Roma-al-Gemelli.jpeg\",\"contentUrl\":\"https:\\\/\\\/www.centrocliniconemo.it\\\/wp-content\\\/uploads\\\/2025\\\/07\\\/BICI-TUOR-AIMAK-al-Centro-NeMO-Roma-al-Gemelli.jpeg\",\"width\":2048,\"height\":1536},{\"@type\":\"BreadcrumbList\",\"@id\":\"https:\\\/\\\/www.centrocliniconemo.it\\\/en\\\/blog\\\/il-bici-tour-aimak-fa-tappa-al-centro-clinico-nemo-roma-al-gemelli\\\/#breadcrumb\",\"itemListElement\":[{\"@type\":\"ListItem\",\"position\":1,\"name\":\"Home\",\"item\":\"https:\\\/\\\/www.centrocliniconemo.it\\\/en\\\/\"},{\"@type\":\"ListItem\",\"position\":2,\"name\":\"Il \u201cBici Tour\u201d AIMAK fa tappa al Centro Clinico NeMO Roma al Gemelli\u00a0\"}]},{\"@type\":\"WebSite\",\"@id\":\"https:\\\/\\\/www.centrocliniconemo.it\\\/en\\\/#website\",\"url\":\"https:\\\/\\\/www.centrocliniconemo.it\\\/en\\\/\",\"name\":\"Centro Clinico NeMO\",\"description\":\"Il paziente al centro\",\"publisher\":{\"@id\":\"https:\\\/\\\/www.centrocliniconemo.it\\\/en\\\/#organization\"},\"potentialAction\":[{\"@type\":\"SearchAction\",\"target\":{\"@type\":\"EntryPoint\",\"urlTemplate\":\"https:\\\/\\\/www.centrocliniconemo.it\\\/en\\\/?s={search_term_string}\"},\"query-input\":{\"@type\":\"PropertyValueSpecification\",\"valueRequired\":true,\"valueName\":\"search_term_string\"}}],\"inLanguage\":\"en-US\"},{\"@type\":\"Organization\",\"@id\":\"https:\\\/\\\/www.centrocliniconemo.it\\\/en\\\/#organization\",\"name\":\"Centro Clinico NeMO - Fondazione Serena Onlus\",\"url\":\"https:\\\/\\\/www.centrocliniconemo.it\\\/en\\\/\",\"logo\":{\"@type\":\"ImageObject\",\"inLanguage\":\"en-US\",\"@id\":\"https:\\\/\\\/www.centrocliniconemo.it\\\/en\\\/#\\\/schema\\\/logo\\\/image\\\/\",\"url\":\"https:\\\/\\\/www.centrocliniconemo.it\\\/wp-content\\\/uploads\\\/2023\\\/03\\\/logo-nemo.svg\",\"contentUrl\":\"https:\\\/\\\/www.centrocliniconemo.it\\\/wp-content\\\/uploads\\\/2023\\\/03\\\/logo-nemo.svg\",\"width\":272,\"height\":109.142,\"caption\":\"Centro Clinico NeMO - Fondazione Serena Onlus\"},\"image\":{\"@id\":\"https:\\\/\\\/www.centrocliniconemo.it\\\/en\\\/#\\\/schema\\\/logo\\\/image\\\/\"},\"sameAs\":[\"https:\\\/\\\/www.facebook.com\\\/CentroNEMOItalia\",\"https:\\\/\\\/x.com\\\/CentroNemo\",\"https:\\\/\\\/www.linkedin.com\\\/company\\\/centrocliniconemo\\\/\",\"https:\\\/\\\/www.instagram.com\\\/centrocliniconemo\\\/\"]},{\"@type\":\"Person\",\"@id\":\"https:\\\/\\\/www.centrocliniconemo.it\\\/en\\\/#\\\/schema\\\/person\\\/9331a87c0a8ee435c61f5dd498531434\",\"name\":\"Luca Biondi\",\"image\":{\"@type\":\"ImageObject\",\"inLanguage\":\"en-US\",\"@id\":\"https:\\\/\\\/secure.gravatar.com\\\/avatar\\\/0488b88829885ebcc9896de947265b69d2979e6dc4666b1e2c3d4fbf8dc73d77?s=96&d=mm&r=g\",\"url\":\"https:\\\/\\\/secure.gravatar.com\\\/avatar\\\/0488b88829885ebcc9896de947265b69d2979e6dc4666b1e2c3d4fbf8dc73d77?s=96&d=mm&r=g\",\"contentUrl\":\"https:\\\/\\\/secure.gravatar.com\\\/avatar\\\/0488b88829885ebcc9896de947265b69d2979e6dc4666b1e2c3d4fbf8dc73d77?s=96&d=mm&r=g\",\"caption\":\"Luca Biondi\"}}]}<\/script>\n<!-- \/ Yoast SEO plugin. -->","yoast_head_json":{"title":"Il \u201cBici Tour\u201d AIMAK fa tappa al Centro Clinico NeMO Roma al Gemelli\u00a0 - Centro Clinico NeMO","description":"Il \u201cBici Tour\u201d promosso da AIMAK - Associazione Italiana Malattia di Kennedy ha fatto tappa al Centro Clinico NeMO Roma, attivo da dieci anni presso la Fondazione Policlinico Universitario Agostino Gemelli IRCCS. Un viaggio in bicicletta lungo 1.500 km, da Torino a Bari, nato per accendere i riflettori sulla atrofia muscolare bulbo spinale (SBMA), o malattia di Kennedy, dal nome dello scienziato che nel 1968 deline\u00f2 il quadro clinico di questa patologia neuromuscolare ad esordio adulto, ma ancora oggi troppo poco conosciuta.","robots":{"index":"index","follow":"follow","max-snippet":"max-snippet:-1","max-image-preview":"max-image-preview:large","max-video-preview":"max-video-preview:-1"},"canonical":"https:\/\/www.centrocliniconemo.it\/en\/blog\/il-bici-tour-aimak-fa-tappa-al-centro-clinico-nemo-roma-al-gemelli\/","og_locale":"en_US","og_type":"article","og_title":"Il \u201cBici Tour\u201d AIMAK fa tappa al Centro Clinico NeMO Roma al Gemelli\u00a0","og_description":"Il \u201cBici Tour\u201d promosso da AIMAK - Associazione Italiana Malattia di Kennedy ha fatto tappa al Centro Clinico NeMO Roma, attivo da dieci anni presso la Fondazione Policlinico Universitario Agostino Gemelli IRCCS. Un viaggio in bicicletta lungo 1.500 km, da Torino a Bari, nato per accendere i riflettori sulla atrofia muscolare bulbo spinale (SBMA), o malattia di Kennedy, dal nome dello scienziato che nel 1968 deline\u00f2 il quadro clinico di questa patologia neuromuscolare ad esordio adulto, ma ancora oggi troppo poco conosciuta.","og_url":"https:\/\/www.centrocliniconemo.it\/en\/blog\/il-bici-tour-aimak-fa-tappa-al-centro-clinico-nemo-roma-al-gemelli\/","og_site_name":"Centro Clinico NeMO","article_publisher":"https:\/\/www.facebook.com\/CentroNEMOItalia","article_published_time":"2025-07-18T11:11:44+00:00","og_image":[{"width":2048,"height":1536,"url":"https:\/\/www.centrocliniconemo.it\/wp-content\/uploads\/2025\/07\/BICI-TUOR-AIMAK-al-Centro-NeMO-Roma-al-Gemelli.jpeg","type":"image\/jpeg"}],"author":"Luca Biondi","twitter_card":"summary_large_image","twitter_title":"Il \u201cBici Tour\u201d AIMAK fa tappa al Centro Clinico NeMO Roma al Gemelli\u00a0","twitter_description":"Il \u201cBici Tour\u201d promosso da AIMAK - Associazione Italiana Malattia di Kennedy ha fatto tappa al Centro Clinico NeMO Roma, attivo da dieci anni presso la Fondazione Policlinico Universitario Agostino Gemelli IRCCS. Un viaggio in bicicletta lungo 1.500 km, da Torino a Bari, nato per accendere i riflettori sulla atrofia muscolare bulbo spinale (SBMA), o malattia di Kennedy, dal nome dello scienziato che nel 1968 deline\u00f2 il quadro clinico di questa patologia neuromuscolare ad esordio adulto, ma ancora oggi troppo poco conosciuta.","twitter_image":"https:\/\/www.centrocliniconemo.it\/wp-content\/uploads\/2025\/07\/BICI-TUOR-AIMAK-al-Centro-NeMO-Roma-al-Gemelli.jpeg","twitter_creator":"@CentroNemo","twitter_site":"@CentroNemo","twitter_misc":{"Written by":"Luca Biondi","Est. reading time":"5 minutes"},"schema":{"@context":"https:\/\/schema.org","@graph":[{"@type":"Article","@id":"https:\/\/www.centrocliniconemo.it\/en\/blog\/il-bici-tour-aimak-fa-tappa-al-centro-clinico-nemo-roma-al-gemelli\/#article","isPartOf":{"@id":"https:\/\/www.centrocliniconemo.it\/en\/blog\/il-bici-tour-aimak-fa-tappa-al-centro-clinico-nemo-roma-al-gemelli\/"},"author":{"name":"Luca Biondi","@id":"https:\/\/www.centrocliniconemo.it\/en\/#\/schema\/person\/9331a87c0a8ee435c61f5dd498531434"},"headline":"Il \u201cBici Tour\u201d AIMAK fa tappa al Centro Clinico NeMO Roma al Gemelli\u00a0","datePublished":"2025-07-18T11:11:44+00:00","mainEntityOfPage":{"@id":"https:\/\/www.centrocliniconemo.it\/en\/blog\/il-bici-tour-aimak-fa-tappa-al-centro-clinico-nemo-roma-al-gemelli\/"},"wordCount":687,"publisher":{"@id":"https:\/\/www.centrocliniconemo.it\/en\/#organization"},"image":{"@id":"https:\/\/www.centrocliniconemo.it\/en\/blog\/il-bici-tour-aimak-fa-tappa-al-centro-clinico-nemo-roma-al-gemelli\/#primaryimage"},"thumbnailUrl":"https:\/\/www.centrocliniconemo.it\/wp-content\/uploads\/2025\/07\/BICI-TUOR-AIMAK-al-Centro-NeMO-Roma-al-Gemelli.jpeg","keywords":["AIMAK","Bici tour","NeMO Roma"],"articleSection":["Iniziative ed eventi","Storie di NeMO"],"inLanguage":"en-US"},{"@type":"WebPage","@id":"https:\/\/www.centrocliniconemo.it\/en\/blog\/il-bici-tour-aimak-fa-tappa-al-centro-clinico-nemo-roma-al-gemelli\/","url":"https:\/\/www.centrocliniconemo.it\/en\/blog\/il-bici-tour-aimak-fa-tappa-al-centro-clinico-nemo-roma-al-gemelli\/","name":"Il \u201cBici Tour\u201d AIMAK fa tappa al Centro Clinico NeMO Roma al Gemelli\u00a0 - Centro Clinico NeMO","isPartOf":{"@id":"https:\/\/www.centrocliniconemo.it\/en\/#website"},"primaryImageOfPage":{"@id":"https:\/\/www.centrocliniconemo.it\/en\/blog\/il-bici-tour-aimak-fa-tappa-al-centro-clinico-nemo-roma-al-gemelli\/#primaryimage"},"image":{"@id":"https:\/\/www.centrocliniconemo.it\/en\/blog\/il-bici-tour-aimak-fa-tappa-al-centro-clinico-nemo-roma-al-gemelli\/#primaryimage"},"thumbnailUrl":"https:\/\/www.centrocliniconemo.it\/wp-content\/uploads\/2025\/07\/BICI-TUOR-AIMAK-al-Centro-NeMO-Roma-al-Gemelli.jpeg","datePublished":"2025-07-18T11:11:44+00:00","description":"Il \u201cBici Tour\u201d promosso da AIMAK - Associazione Italiana Malattia di Kennedy ha fatto tappa al Centro Clinico NeMO Roma, attivo da dieci anni presso la Fondazione Policlinico Universitario Agostino Gemelli IRCCS. Un viaggio in bicicletta lungo 1.500 km, da Torino a Bari, nato per accendere i riflettori sulla atrofia muscolare bulbo spinale (SBMA), o malattia di Kennedy, dal nome dello scienziato che nel 1968 deline\u00f2 il quadro clinico di questa patologia neuromuscolare ad esordio adulto, ma ancora oggi troppo poco conosciuta.","breadcrumb":{"@id":"https:\/\/www.centrocliniconemo.it\/en\/blog\/il-bici-tour-aimak-fa-tappa-al-centro-clinico-nemo-roma-al-gemelli\/#breadcrumb"},"inLanguage":"en-US","potentialAction":[{"@type":"ReadAction","target":["https:\/\/www.centrocliniconemo.it\/en\/blog\/il-bici-tour-aimak-fa-tappa-al-centro-clinico-nemo-roma-al-gemelli\/"]}]},{"@type":"ImageObject","inLanguage":"en-US","@id":"https:\/\/www.centrocliniconemo.it\/en\/blog\/il-bici-tour-aimak-fa-tappa-al-centro-clinico-nemo-roma-al-gemelli\/#primaryimage","url":"https:\/\/www.centrocliniconemo.it\/wp-content\/uploads\/2025\/07\/BICI-TUOR-AIMAK-al-Centro-NeMO-Roma-al-Gemelli.jpeg","contentUrl":"https:\/\/www.centrocliniconemo.it\/wp-content\/uploads\/2025\/07\/BICI-TUOR-AIMAK-al-Centro-NeMO-Roma-al-Gemelli.jpeg","width":2048,"height":1536},{"@type":"BreadcrumbList","@id":"https:\/\/www.centrocliniconemo.it\/en\/blog\/il-bici-tour-aimak-fa-tappa-al-centro-clinico-nemo-roma-al-gemelli\/#breadcrumb","itemListElement":[{"@type":"ListItem","position":1,"name":"Home","item":"https:\/\/www.centrocliniconemo.it\/en\/"},{"@type":"ListItem","position":2,"name":"Il \u201cBici Tour\u201d AIMAK fa tappa al Centro Clinico NeMO Roma al Gemelli\u00a0"}]},{"@type":"WebSite","@id":"https:\/\/www.centrocliniconemo.it\/en\/#website","url":"https:\/\/www.centrocliniconemo.it\/en\/","name":"Centro Clinico NeMO","description":"Il paziente al centro","publisher":{"@id":"https:\/\/www.centrocliniconemo.it\/en\/#organization"},"potentialAction":[{"@type":"SearchAction","target":{"@type":"EntryPoint","urlTemplate":"https:\/\/www.centrocliniconemo.it\/en\/?s={search_term_string}"},"query-input":{"@type":"PropertyValueSpecification","valueRequired":true,"valueName":"search_term_string"}}],"inLanguage":"en-US"},{"@type":"Organization","@id":"https:\/\/www.centrocliniconemo.it\/en\/#organization","name":"Centro Clinico NeMO - Fondazione Serena Onlus","url":"https:\/\/www.centrocliniconemo.it\/en\/","logo":{"@type":"ImageObject","inLanguage":"en-US","@id":"https:\/\/www.centrocliniconemo.it\/en\/#\/schema\/logo\/image\/","url":"https:\/\/www.centrocliniconemo.it\/wp-content\/uploads\/2023\/03\/logo-nemo.svg","contentUrl":"https:\/\/www.centrocliniconemo.it\/wp-content\/uploads\/2023\/03\/logo-nemo.svg","width":272,"height":109.142,"caption":"Centro Clinico NeMO - Fondazione Serena Onlus"},"image":{"@id":"https:\/\/www.centrocliniconemo.it\/en\/#\/schema\/logo\/image\/"},"sameAs":["https:\/\/www.facebook.com\/CentroNEMOItalia","https:\/\/x.com\/CentroNemo","https:\/\/www.linkedin.com\/company\/centrocliniconemo\/","https:\/\/www.instagram.com\/centrocliniconemo\/"]},{"@type":"Person","@id":"https:\/\/www.centrocliniconemo.it\/en\/#\/schema\/person\/9331a87c0a8ee435c61f5dd498531434","name":"Luca Biondi","image":{"@type":"ImageObject","inLanguage":"en-US","@id":"https:\/\/secure.gravatar.com\/avatar\/0488b88829885ebcc9896de947265b69d2979e6dc4666b1e2c3d4fbf8dc73d77?s=96&d=mm&r=g","url":"https:\/\/secure.gravatar.com\/avatar\/0488b88829885ebcc9896de947265b69d2979e6dc4666b1e2c3d4fbf8dc73d77?s=96&d=mm&r=g","contentUrl":"https:\/\/secure.gravatar.com\/avatar\/0488b88829885ebcc9896de947265b69d2979e6dc4666b1e2c3d4fbf8dc73d77?s=96&d=mm&r=g","caption":"Luca Biondi"}}]}},"_links":{"self":[{"href":"https:\/\/www.centrocliniconemo.it\/en\/wp-json\/wp\/v2\/posts\/25008","targetHints":{"allow":["GET"]}}],"collection":[{"href":"https:\/\/www.centrocliniconemo.it\/en\/wp-json\/wp\/v2\/posts"}],"about":[{"href":"https:\/\/www.centrocliniconemo.it\/en\/wp-json\/wp\/v2\/types\/post"}],"author":[{"embeddable":true,"href":"https:\/\/www.centrocliniconemo.it\/en\/wp-json\/wp\/v2\/users\/2"}],"replies":[{"embeddable":true,"href":"https:\/\/www.centrocliniconemo.it\/en\/wp-json\/wp\/v2\/comments?post=25008"}],"version-history":[{"count":0,"href":"https:\/\/www.centrocliniconemo.it\/en\/wp-json\/wp\/v2\/posts\/25008\/revisions"}],"wp:featuredmedia":[{"embeddable":true,"href":"https:\/\/www.centrocliniconemo.it\/en\/wp-json\/wp\/v2\/media\/25009"}],"wp:attachment":[{"href":"https:\/\/www.centrocliniconemo.it\/en\/wp-json\/wp\/v2\/media?parent=25008"}],"wp:term":[{"taxonomy":"category","embeddable":true,"href":"https:\/\/www.centrocliniconemo.it\/en\/wp-json\/wp\/v2\/categories?post=25008"},{"taxonomy":"post_tag","embeddable":true,"href":"https:\/\/www.centrocliniconemo.it\/en\/wp-json\/wp\/v2\/tags?post=25008"}],"curies":[{"name":"wp","href":"https:\/\/api.w.org\/{rel}","templated":true}]}}