{"id":24832,"date":"2025-06-27T19:05:18","date_gmt":"2025-06-27T19:05:18","guid":{"rendered":"https:\/\/www.centrocliniconemo.it\/blog\/?p=24832"},"modified":"2025-06-27T19:14:31","modified_gmt":"2025-06-27T19:14:31","slug":"oltre-19-000-euro-raccolti-per-nemo-brescia-e-aisla-montichiari-corre-per-la-sla-in-memoria-di-guido-bonandi","status":"publish","type":"post","link":"https:\/\/www.centrocliniconemo.it\/en\/blog\/oltre-19-000-euro-raccolti-per-nemo-brescia-e-aisla-montichiari-corre-per-la-sla-in-memoria-di-guido-bonandi\/","title":{"rendered":"Oltre 19.000 euro raccolti per NeMO Brescia e AISLA: Montichiari corre per la SLA in memoria di Guido Bonandi."},"content":{"rendered":"\n<p><em>Gussago (BS), 27 giugno<\/em><strong> &#8211;<\/strong> Oltre 1.500 partecipanti, 19.300 euro raccolti e un\u2019intera comunit\u00e0 \u201cin corsa\u201d per sostenere la cura e l\u2019assistenza delle persone con SLA, nel segno della memoria. \u00c8 questo il bilancio della prima edizione di \u201cCorri a Montichiari\u201d, la gara podistica benefica e non competitiva, promossa lo scorso 25 maggio dal <strong>Rotary Club Brescia Sud Est Montichiari<\/strong>, nel ricordo di <strong>Guido Bonandi<\/strong>. <br><br>La cerimonia ufficiale di consegna delle donazioni ad <strong>AISLA Brescia<\/strong> e al <strong>Centro Clinico NeMO Brescia<\/strong> si \u00e8 tenuta oggi, 27 giugno, nel giardino della <strong>Fondazione Richiedei di Gussago<\/strong>, sede del Centro, alla presenza di istituzioni, volontari, familiari, operatori sanitari e rappresentanti del Terzo Settore. Con la collaborazione di <strong>CorrixBrescia e<\/strong> <strong>UISP<\/strong> <strong>Sport per tutti &#8211; Comitato di Brescia<\/strong>, l\u2019iniziativa \u00e8 stata un esempio concreto di partecipazione sociale. <br><br>A sottolinearlo<strong> il<\/strong> <strong>Consigliere regionale Claudia Carzeri<\/strong>, tra i primi sostenitori del progetto: <em>\u00abQuando cittadini, istituzioni e volontari camminano insieme nascono esperienze che fanno bene al territorio e costruiscono legami autentici.<\/em> <em>\u201cCorri a Montichiari\u201d ha dimostrato quanto sia forte la capacit\u00e0 di una comunit\u00e0 di essere solidale e di stringersi intorno a chi vive situazioni di fragilit\u00e0\u00bb.<\/em> <br><br>A moderare la cerimonia \u00e8 stata <strong>Alessandra Collicelli<\/strong>, <strong>presidente<\/strong> neoeletta di <strong>AISLA Brescia e Consigliere Nazionale AISLA<\/strong>, che ha anche presentato il progetto sostenuto dalle donazioni: la realizzazione di un <strong>Corso di formazione per Assistenti Familiari,<\/strong> figure qualificate in grado di offrire assistenza domiciliare competente e attenta alle persone con patologie complesse come la Sla: <em>\u00abSiamo profondamente grati a tutti coloro che hanno reso possibile questa iniziativa e alle tante persone che vi hanno aderito, con la consapevolezza di essere parte di un progetto comune. Sapere che il nostro impegno \u00e8 sostenuto dalla stessa volont\u00e0 di servizio che ha animato questa esperienza ci rende orgogliosi e ci d\u00e0 la forza per continuare ad essere al fianco delle 200 famiglie con Sla del nostro territorio\u00bb.<\/em> <br><br>Dunque, a pochi giorni dallo Sla Global Day &#8211; celebrato lo scorso 21 giugno &#8211; anche a Brescia si \u00e8 messo al centro il valore di una solidariet\u00e0 <em>\u00abCapace di generare un impatto che rimane e che porta cambiamento nella comunit\u00e0, creando relazioni umane e sociali durature, secondo lo spirito rotariano\u00bb<\/em>: queste le parole di <strong>Evasio Pasini, presidente del Rotary Club Brescia Sud Est Montichiari<\/strong>.<em> <\/em><br><br>Le donazioni andranno a sostenere anche le <strong>attivit\u00e0 di cura del NeMO Brescia<\/strong>, attraverso <strong>l\u2019acquisto di ausili per l\u2019assistenza quotidiana<\/strong> durante la degenza <strong>e di biomedicali dedicati al monitoraggio della funzione respiratoria<\/strong>. Strumenti fondamentali per custodire la fragilit\u00e0 del respiro dei pazienti con Sla e malattie neuromuscolari, come spiegato dalla <strong>dott.ssa Enrica Bertella, medico pneumologo del Centro.<\/strong> <em>\u00abQuesta iniziativa ci ricorda che non siamo soli, che esiste una comunit\u00e0 capace di prendersi cura gli uni degli altri, con coraggio e generosit\u00e0 \u2013 <\/em>ha sottolineato <strong>Marco Rasconi, presidente dei<\/strong> <strong>Centri Clinici NeMO<\/strong> &#8211; <em>Ed il nostro grazie si traduce nel continuare l\u2019impegno quotidiano per la cura delle famiglie con SLA che ogni anno si rivolgono al NeMO Brescia, con la stessa dedizione e speranza che abbiamo respirato in questa giornata<\/em>\u00bb. <br><br>Con <strong>Claudia Carzeri<\/strong>, a consegnare l\u2019assegno simbolico, <strong>Elena Albini, <\/strong>Rotary Club Brescia Sud Est Montichiari. A raccontare il valore dell\u2019esperienza e la bellezza dell\u2019iniziativa, <strong>Marina Guidi<\/strong>, referente organizzativo della corsa podistica. Il Direttore Generale di Fondazione Richiedei, <strong>Paolo Boldini<\/strong>, ha accolto gli ospiti ricordando come la cerimonia ed il progetto rappresentino pienamente lo spirito della Fondazione, \u00ab<em>Nell\u2019essere luogo che favorisce l\u2019incontro e lo sviluppo di risposte innovative di cura per le fragilit\u00e0<\/em>\u00bb<em>.<\/em> <br><br>La piantumazione dell\u2019albero di lagerstroemia in memoria di Guido Bonandi, donato da Vivai Loda, ha concluso la cerimonia, accompagnata dalle parole commosse di <strong>Iole Valotti, moglie e consigliera AISLA Brescia: <\/strong><em>\u00abGuido amava la vita con una forza contagiosa. Questo albero, con il suo profumo ed i suoi colori dirompenti, raccontano la continuit\u00e0 di questo amore ed il valore di una comunit\u00e0 che sceglie di continuare a credere nella speranza\u00bb.<\/em> <br><br>Oggi \u00e8 stata una giornata in cui la memoria ha messo radici per generare frutti di cura, solidariet\u00e0 e impegno.<\/p>\n\n\n<div class=\"pgc-sgb-cb wp-block-pgcsimplygalleryblock-slider \" data-gallery-id=\"0be58701\"style=&quot;min-height:400px&quot;><div class=\"sgb-preloader\" id=\"pr_0be58701\">\n\t<div class=\"sgb-square\" style=\"background:#d4d4d4\"><\/div>\n\t<div class=\"sgb-square\" style=\"background:#d4d4d4\"><\/div>\n\t<div class=\"sgb-square\" style=\"background:#d4d4d4\"><\/div>\n\t<div class=\"sgb-square\" style=\"background:#d4d4d4\"><\/div><\/div><div class=\"simply-gallery-amp pgc_sgb_slider \"><noscript><div class=\"sgb-gallery\"><div class=\"sgb-item\"><a href=\"https:\/\/www.centrocliniconemo.it\/?attachment_id=24850\" target=\"_blank\"><img loading=\"lazy\" decoding=\"async\" alt=\"\" width=\"300\" height=\"225\" loading=\"lazy\" src=\"https:\/\/www.centrocliniconemo.it\/wp-content\/uploads\/2025\/06\/Cerimonia-dellAlbero-della-Memoria-2-300x225.jpeg\" srcset=\"https:\/\/www.centrocliniconemo.it\/wp-content\/uploads\/2025\/06\/Cerimonia-dellAlbero-della-Memoria-2-300x225.jpeg 300w,https:\/\/www.centrocliniconemo.it\/wp-content\/uploads\/2025\/06\/Cerimonia-dellAlbero-della-Memoria-2-1024x768.jpeg 1024w,https:\/\/www.centrocliniconemo.it\/wp-content\/uploads\/2025\/06\/Cerimonia-dellAlbero-della-Memoria-2.jpeg 2040w\" sizes=\"auto, 250px\"\/><\/a><\/div><div class=\"sgb-item\"><a href=\"https:\/\/www.centrocliniconemo.it\/?attachment_id=24852\" target=\"_blank\"><img loading=\"lazy\" decoding=\"async\" alt=\"\" width=\"300\" height=\"225\" loading=\"lazy\" src=\"https:\/\/www.centrocliniconemo.it\/wp-content\/uploads\/2025\/06\/Cerimonia-di-donazione-nel-Giardino-di-Fondazione-Richiedei-2-300x225.jpeg\" srcset=\"https:\/\/www.centrocliniconemo.it\/wp-content\/uploads\/2025\/06\/Cerimonia-di-donazione-nel-Giardino-di-Fondazione-Richiedei-2-300x225.jpeg 300w,https:\/\/www.centrocliniconemo.it\/wp-content\/uploads\/2025\/06\/Cerimonia-di-donazione-nel-Giardino-di-Fondazione-Richiedei-2-1024x768.jpeg 1024w,https:\/\/www.centrocliniconemo.it\/wp-content\/uploads\/2025\/06\/Cerimonia-di-donazione-nel-Giardino-di-Fondazione-Richiedei-2.jpeg 2000w\" sizes=\"auto, 250px\"\/><\/a><\/div><div class=\"sgb-item\"><a href=\"https:\/\/www.centrocliniconemo.it\/?attachment_id=24854\" target=\"_blank\"><img loading=\"lazy\" decoding=\"async\" alt=\"\" width=\"300\" height=\"225\" loading=\"lazy\" src=\"https:\/\/www.centrocliniconemo.it\/wp-content\/uploads\/2025\/06\/da-sx-Alessandra-Collicelli-Elena-Albini-Claudia-Carzeri-Marco-Rasconi-1-300x225.jpeg\" srcset=\"https:\/\/www.centrocliniconemo.it\/wp-content\/uploads\/2025\/06\/da-sx-Alessandra-Collicelli-Elena-Albini-Claudia-Carzeri-Marco-Rasconi-1-300x225.jpeg 300w,https:\/\/www.centrocliniconemo.it\/wp-content\/uploads\/2025\/06\/da-sx-Alessandra-Collicelli-Elena-Albini-Claudia-Carzeri-Marco-Rasconi-1-1024x768.jpeg 1024w,https:\/\/www.centrocliniconemo.it\/wp-content\/uploads\/2025\/06\/da-sx-Alessandra-Collicelli-Elena-Albini-Claudia-Carzeri-Marco-Rasconi-1.jpeg 2000w\" sizes=\"auto, 250px\"\/><\/a><\/div><div class=\"sgb-item\"><a href=\"https:\/\/www.centrocliniconemo.it\/?attachment_id=24856\" target=\"_blank\"><img loading=\"lazy\" decoding=\"async\" alt=\"\" width=\"300\" height=\"225\" loading=\"lazy\" src=\"https:\/\/www.centrocliniconemo.it\/wp-content\/uploads\/2025\/06\/Il-Wall-del-Centro-Clinico-NeMO-1-300x225.jpeg\" srcset=\"https:\/\/www.centrocliniconemo.it\/wp-content\/uploads\/2025\/06\/Il-Wall-del-Centro-Clinico-NeMO-1-300x225.jpeg 300w,https:\/\/www.centrocliniconemo.it\/wp-content\/uploads\/2025\/06\/Il-Wall-del-Centro-Clinico-NeMO-1-1024x768.jpeg 1024w,https:\/\/www.centrocliniconemo.it\/wp-content\/uploads\/2025\/06\/Il-Wall-del-Centro-Clinico-NeMO-1.jpeg 1288w\" sizes=\"auto, 250px\"\/><\/a><\/div><\/div><\/noscript><\/div><script type=\"application\/json\" class=\"sgb-data\">{\"sliderAdminWidth\":1905,\"galleryType\":\"pgc_sgb_slider\",\"galleryId\":\"0be58701\",\"images\":[{\"id\":24850,\"title\":\"Cerimonia dell'Albero della Memoria\",\"url\":\"https:\/\/www.centrocliniconemo.it\/wp-content\/uploads\/2025\/06\/Cerimonia-dellAlbero-della-Memoria-2.jpeg\",\"link\":\"https:\/\/www.centrocliniconemo.it\/?attachment_id=24850\",\"alt\":\"\",\"description\":\"\",\"caption\":\"\",\"mime\":\"image\/jpeg\",\"type\":\"image\",\"width\":2040,\"height\":1530,\"sizes\":{\"thumbnail\":{\"height\":150,\"width\":150,\"url\":\"https:\/\/www.centrocliniconemo.it\/wp-content\/uploads\/2025\/06\/Cerimonia-dellAlbero-della-Memoria-2-150x150.jpeg\",\"orientation\":\"landscape\"},\"medium\":{\"height\":225,\"width\":300,\"url\":\"https:\/\/www.centrocliniconemo.it\/wp-content\/uploads\/2025\/06\/Cerimonia-dellAlbero-della-Memoria-2-300x225.jpeg\",\"orientation\":\"landscape\"},\"large\":{\"height\":768,\"width\":1024,\"url\":\"https:\/\/www.centrocliniconemo.it\/wp-content\/uploads\/2025\/06\/Cerimonia-dellAlbero-della-Memoria-2-1024x768.jpeg\",\"orientation\":\"landscape\"},\"full\":{\"url\":\"https:\/\/www.centrocliniconemo.it\/wp-content\/uploads\/2025\/06\/Cerimonia-dellAlbero-della-Memoria-2.jpeg\",\"height\":1530,\"width\":2040,\"orientation\":\"landscape\"}},\"imageMeta\":{\"aperture\":\"0\",\"credit\":\"\",\"camera\":\"\",\"caption\":\"\",\"created_timestamp\":\"0\",\"copyright\":\"\",\"focal_length\":\"0\",\"iso\":\"0\",\"shutter_speed\":\"0\",\"title\":\"\",\"orientation\":\"0\",\"keywords\":[]},\"meta\":false,\"postlink\":\"https:\/\/www.centrocliniconemo.it\/?attachment_id=24850\"},{\"id\":24852,\"title\":\"Cerimonia di donazione nel Giardino di Fondazione Richiedei\",\"url\":\"https:\/\/www.centrocliniconemo.it\/wp-content\/uploads\/2025\/06\/Cerimonia-di-donazione-nel-Giardino-di-Fondazione-Richiedei-2.jpeg\",\"link\":\"https:\/\/www.centrocliniconemo.it\/?attachment_id=24852\",\"alt\":\"\",\"description\":\"\",\"caption\":\"\",\"mime\":\"image\/jpeg\",\"type\":\"image\",\"width\":2000,\"height\":1500,\"sizes\":{\"thumbnail\":{\"height\":150,\"width\":150,\"url\":\"https:\/\/www.centrocliniconemo.it\/wp-content\/uploads\/2025\/06\/Cerimonia-di-donazione-nel-Giardino-di-Fondazione-Richiedei-2-150x150.jpeg\",\"orientation\":\"landscape\"},\"medium\":{\"height\":225,\"width\":300,\"url\":\"https:\/\/www.centrocliniconemo.it\/wp-content\/uploads\/2025\/06\/Cerimonia-di-donazione-nel-Giardino-di-Fondazione-Richiedei-2-300x225.jpeg\",\"orientation\":\"landscape\"},\"large\":{\"height\":768,\"width\":1024,\"url\":\"https:\/\/www.centrocliniconemo.it\/wp-content\/uploads\/2025\/06\/Cerimonia-di-donazione-nel-Giardino-di-Fondazione-Richiedei-2-1024x768.jpeg\",\"orientation\":\"landscape\"},\"full\":{\"url\":\"https:\/\/www.centrocliniconemo.it\/wp-content\/uploads\/2025\/06\/Cerimonia-di-donazione-nel-Giardino-di-Fondazione-Richiedei-2.jpeg\",\"height\":1500,\"width\":2000,\"orientation\":\"landscape\"}},\"imageMeta\":{\"aperture\":\"0\",\"credit\":\"\",\"camera\":\"\",\"caption\":\"\",\"created_timestamp\":\"0\",\"copyright\":\"\",\"focal_length\":\"0\",\"iso\":\"0\",\"shutter_speed\":\"0\",\"title\":\"\",\"orientation\":\"0\",\"keywords\":[]},\"meta\":false,\"postlink\":\"https:\/\/www.centrocliniconemo.it\/?attachment_id=24852\"},{\"id\":24854,\"title\":\"da sx, Alessandra Collicelli, Elena Albini, Claudia Carzeri, Marco Rasconi\",\"url\":\"https:\/\/www.centrocliniconemo.it\/wp-content\/uploads\/2025\/06\/da-sx-Alessandra-Collicelli-Elena-Albini-Claudia-Carzeri-Marco-Rasconi-1.jpeg\",\"link\":\"https:\/\/www.centrocliniconemo.it\/?attachment_id=24854\",\"alt\":\"\",\"description\":\"\",\"caption\":\"\",\"mime\":\"image\/jpeg\",\"type\":\"image\",\"width\":2000,\"height\":1500,\"sizes\":{\"thumbnail\":{\"height\":150,\"width\":150,\"url\":\"https:\/\/www.centrocliniconemo.it\/wp-content\/uploads\/2025\/06\/da-sx-Alessandra-Collicelli-Elena-Albini-Claudia-Carzeri-Marco-Rasconi-1-150x150.jpeg\",\"orientation\":\"landscape\"},\"medium\":{\"height\":225,\"width\":300,\"url\":\"https:\/\/www.centrocliniconemo.it\/wp-content\/uploads\/2025\/06\/da-sx-Alessandra-Collicelli-Elena-Albini-Claudia-Carzeri-Marco-Rasconi-1-300x225.jpeg\",\"orientation\":\"landscape\"},\"large\":{\"height\":768,\"width\":1024,\"url\":\"https:\/\/www.centrocliniconemo.it\/wp-content\/uploads\/2025\/06\/da-sx-Alessandra-Collicelli-Elena-Albini-Claudia-Carzeri-Marco-Rasconi-1-1024x768.jpeg\",\"orientation\":\"landscape\"},\"full\":{\"url\":\"https:\/\/www.centrocliniconemo.it\/wp-content\/uploads\/2025\/06\/da-sx-Alessandra-Collicelli-Elena-Albini-Claudia-Carzeri-Marco-Rasconi-1.jpeg\",\"height\":1500,\"width\":2000,\"orientation\":\"landscape\"}},\"imageMeta\":{\"aperture\":\"0\",\"credit\":\"\",\"camera\":\"\",\"caption\":\"\",\"created_timestamp\":\"0\",\"copyright\":\"\",\"focal_length\":\"0\",\"iso\":\"0\",\"shutter_speed\":\"0\",\"title\":\"\",\"orientation\":\"0\",\"keywords\":[]},\"meta\":false,\"postlink\":\"https:\/\/www.centrocliniconemo.it\/?attachment_id=24854\"},{\"id\":24856,\"title\":\"Il Wall del Centro Clinico NeMO\",\"url\":\"https:\/\/www.centrocliniconemo.it\/wp-content\/uploads\/2025\/06\/Il-Wall-del-Centro-Clinico-NeMO-1.jpeg\",\"link\":\"https:\/\/www.centrocliniconemo.it\/?attachment_id=24856\",\"alt\":\"\",\"description\":\"\",\"caption\":\"\",\"mime\":\"image\/jpeg\",\"type\":\"image\",\"width\":1288,\"height\":966,\"sizes\":{\"thumbnail\":{\"height\":150,\"width\":150,\"url\":\"https:\/\/www.centrocliniconemo.it\/wp-content\/uploads\/2025\/06\/Il-Wall-del-Centro-Clinico-NeMO-1-150x150.jpeg\",\"orientation\":\"landscape\"},\"medium\":{\"height\":225,\"width\":300,\"url\":\"https:\/\/www.centrocliniconemo.it\/wp-content\/uploads\/2025\/06\/Il-Wall-del-Centro-Clinico-NeMO-1-300x225.jpeg\",\"orientation\":\"landscape\"},\"large\":{\"height\":768,\"width\":1024,\"url\":\"https:\/\/www.centrocliniconemo.it\/wp-content\/uploads\/2025\/06\/Il-Wall-del-Centro-Clinico-NeMO-1-1024x768.jpeg\",\"orientation\":\"landscape\"},\"full\":{\"url\":\"https:\/\/www.centrocliniconemo.it\/wp-content\/uploads\/2025\/06\/Il-Wall-del-Centro-Clinico-NeMO-1.jpeg\",\"height\":966,\"width\":1288,\"orientation\":\"landscape\"}},\"imageMeta\":{\"aperture\":\"0\",\"credit\":\"\",\"camera\":\"\",\"caption\":\"\",\"created_timestamp\":\"0\",\"copyright\":\"\",\"focal_length\":\"0\",\"iso\":\"0\",\"shutter_speed\":\"0\",\"title\":\"\",\"orientation\":\"0\",\"keywords\":[]},\"meta\":false,\"postlink\":\"https:\/\/www.centrocliniconemo.it\/?attachment_id=24856\"}],\"jetDynamicVisibility\":{\"jedv_enabled\":false},\"jetPopupInstance\":\"none\",\"jetPopupTriggerType\":\"none\",\"jetPopupCustomSelector\":\"\",\"jetPopupIsJetEngine\":false,\"itemsMetaDataCollection\":[]}<\/script><script>(function(){if(window.PGC_SGB && window.PGC_SGB.searcher){window.PGC_SGB.searcher.initBlocks()}})()<\/script><\/div>\n\n\n<p><\/p>\n","protected":false},"excerpt":{"rendered":"<p>Gussago (BS), 27 giugno &#8211; Oltre 1.500 partecipanti, 19.300 euro raccolti e un\u2019intera comunit\u00e0 \u201cin corsa\u201d per sostenere la cura e l\u2019assistenza delle persone con SLA, nel segno della memoria. \u00c8 questo il bilancio della prima edizione di \u201cCorri a Montichiari\u201d, la gara podistica benefica e non competitiva, promossa lo scorso 25 maggio dal Rotary [&hellip;]<\/p>\n","protected":false},"author":3,"featured_media":24836,"comment_status":"closed","ping_status":"closed","sticky":false,"template":"","format":"standard","meta":{"pgc_sgb_lightbox_settings":"","footnotes":""},"categories":[17,1],"tags":[],"class_list":["post-24832","post","type-post","status-publish","format-standard","has-post-thumbnail","hentry","category-iniziative-ed-eventi","category-storie-di-nemo"],"yoast_head":"<!-- This site is optimized with the Yoast SEO plugin v27.4 - https:\/\/yoast.com\/product\/yoast-seo-wordpress\/ -->\n<title>Oltre 19.000 euro raccolti per NeMO Brescia e AISLA: Montichiari corre per la SLA in memoria di Guido Bonandi. - Centro Clinico NeMO<\/title>\n<meta name=\"robots\" content=\"index, follow, max-snippet:-1, max-image-preview:large, max-video-preview:-1\" \/>\n<link rel=\"canonical\" href=\"https:\/\/www.centrocliniconemo.it\/en\/blog\/oltre-19-000-euro-raccolti-per-nemo-brescia-e-aisla-montichiari-corre-per-la-sla-in-memoria-di-guido-bonandi\/\" \/>\n<meta property=\"og:locale\" content=\"en_US\" \/>\n<meta property=\"og:type\" content=\"article\" \/>\n<meta property=\"og:title\" content=\"Oltre 19.000 euro raccolti per NeMO Brescia e AISLA: Montichiari corre per la SLA in memoria di Guido Bonandi. - Centro Clinico NeMO\" \/>\n<meta property=\"og:description\" content=\"Gussago (BS), 27 giugno &#8211; Oltre 1.500 partecipanti, 19.300 euro raccolti e un\u2019intera comunit\u00e0 \u201cin corsa\u201d per sostenere la cura e l\u2019assistenza delle persone con SLA, nel segno della memoria. \u00c8 questo il bilancio della prima edizione di \u201cCorri a Montichiari\u201d, la gara podistica benefica e non competitiva, promossa lo scorso 25 maggio dal Rotary [&hellip;]\" \/>\n<meta property=\"og:url\" content=\"https:\/\/www.centrocliniconemo.it\/en\/blog\/oltre-19-000-euro-raccolti-per-nemo-brescia-e-aisla-montichiari-corre-per-la-sla-in-memoria-di-guido-bonandi\/\" \/>\n<meta property=\"og:site_name\" content=\"Centro Clinico NeMO\" \/>\n<meta property=\"article:publisher\" content=\"https:\/\/www.facebook.com\/CentroNEMOItalia\" \/>\n<meta property=\"article:published_time\" content=\"2025-06-27T19:05:18+00:00\" \/>\n<meta property=\"article:modified_time\" content=\"2025-06-27T19:14:31+00:00\" \/>\n<meta property=\"og:image\" content=\"https:\/\/www.centrocliniconemo.it\/wp-content\/uploads\/2025\/06\/copertina-e1751050013447.jpg\" \/>\n\t<meta property=\"og:image:width\" content=\"1600\" \/>\n\t<meta property=\"og:image:height\" content=\"1045\" \/>\n\t<meta property=\"og:image:type\" content=\"image\/jpeg\" \/>\n<meta name=\"author\" content=\"Paola Tomasi\" \/>\n<meta name=\"twitter:card\" content=\"summary_large_image\" \/>\n<meta name=\"twitter:creator\" content=\"@CentroNemo\" \/>\n<meta name=\"twitter:site\" content=\"@CentroNemo\" \/>\n<meta name=\"twitter:label1\" content=\"Written by\" \/>\n\t<meta name=\"twitter:data1\" content=\"Paola Tomasi\" \/>\n\t<meta name=\"twitter:label2\" content=\"Est. reading time\" \/>\n\t<meta name=\"twitter:data2\" content=\"5 minutes\" \/>\n<script type=\"application\/ld+json\" class=\"yoast-schema-graph\">{\"@context\":\"https:\\\/\\\/schema.org\",\"@graph\":[{\"@type\":\"Article\",\"@id\":\"https:\\\/\\\/www.centrocliniconemo.it\\\/en\\\/blog\\\/oltre-19-000-euro-raccolti-per-nemo-brescia-e-aisla-montichiari-corre-per-la-sla-in-memoria-di-guido-bonandi\\\/#article\",\"isPartOf\":{\"@id\":\"https:\\\/\\\/www.centrocliniconemo.it\\\/en\\\/blog\\\/oltre-19-000-euro-raccolti-per-nemo-brescia-e-aisla-montichiari-corre-per-la-sla-in-memoria-di-guido-bonandi\\\/\"},\"author\":{\"name\":\"Paola Tomasi\",\"@id\":\"https:\\\/\\\/www.centrocliniconemo.it\\\/en\\\/#\\\/schema\\\/person\\\/23b904ba18a16bb7b114b1f59642792e\"},\"headline\":\"Oltre 19.000 euro raccolti per NeMO Brescia e AISLA: Montichiari corre per la SLA in memoria di Guido Bonandi.\",\"datePublished\":\"2025-06-27T19:05:18+00:00\",\"dateModified\":\"2025-06-27T19:14:31+00:00\",\"mainEntityOfPage\":{\"@id\":\"https:\\\/\\\/www.centrocliniconemo.it\\\/en\\\/blog\\\/oltre-19-000-euro-raccolti-per-nemo-brescia-e-aisla-montichiari-corre-per-la-sla-in-memoria-di-guido-bonandi\\\/\"},\"wordCount\":685,\"publisher\":{\"@id\":\"https:\\\/\\\/www.centrocliniconemo.it\\\/en\\\/#organization\"},\"image\":{\"@id\":\"https:\\\/\\\/www.centrocliniconemo.it\\\/en\\\/blog\\\/oltre-19-000-euro-raccolti-per-nemo-brescia-e-aisla-montichiari-corre-per-la-sla-in-memoria-di-guido-bonandi\\\/#primaryimage\"},\"thumbnailUrl\":\"https:\\\/\\\/www.centrocliniconemo.it\\\/wp-content\\\/uploads\\\/2025\\\/06\\\/copertina-e1751050013447.jpg\",\"articleSection\":[\"Iniziative ed eventi\",\"Storie di NeMO\"],\"inLanguage\":\"en-US\"},{\"@type\":\"WebPage\",\"@id\":\"https:\\\/\\\/www.centrocliniconemo.it\\\/en\\\/blog\\\/oltre-19-000-euro-raccolti-per-nemo-brescia-e-aisla-montichiari-corre-per-la-sla-in-memoria-di-guido-bonandi\\\/\",\"url\":\"https:\\\/\\\/www.centrocliniconemo.it\\\/en\\\/blog\\\/oltre-19-000-euro-raccolti-per-nemo-brescia-e-aisla-montichiari-corre-per-la-sla-in-memoria-di-guido-bonandi\\\/\",\"name\":\"Oltre 19.000 euro raccolti per NeMO Brescia e AISLA: Montichiari corre per la SLA in memoria di Guido Bonandi. - Centro Clinico NeMO\",\"isPartOf\":{\"@id\":\"https:\\\/\\\/www.centrocliniconemo.it\\\/en\\\/#website\"},\"primaryImageOfPage\":{\"@id\":\"https:\\\/\\\/www.centrocliniconemo.it\\\/en\\\/blog\\\/oltre-19-000-euro-raccolti-per-nemo-brescia-e-aisla-montichiari-corre-per-la-sla-in-memoria-di-guido-bonandi\\\/#primaryimage\"},\"image\":{\"@id\":\"https:\\\/\\\/www.centrocliniconemo.it\\\/en\\\/blog\\\/oltre-19-000-euro-raccolti-per-nemo-brescia-e-aisla-montichiari-corre-per-la-sla-in-memoria-di-guido-bonandi\\\/#primaryimage\"},\"thumbnailUrl\":\"https:\\\/\\\/www.centrocliniconemo.it\\\/wp-content\\\/uploads\\\/2025\\\/06\\\/copertina-e1751050013447.jpg\",\"datePublished\":\"2025-06-27T19:05:18+00:00\",\"dateModified\":\"2025-06-27T19:14:31+00:00\",\"breadcrumb\":{\"@id\":\"https:\\\/\\\/www.centrocliniconemo.it\\\/en\\\/blog\\\/oltre-19-000-euro-raccolti-per-nemo-brescia-e-aisla-montichiari-corre-per-la-sla-in-memoria-di-guido-bonandi\\\/#breadcrumb\"},\"inLanguage\":\"en-US\",\"potentialAction\":[{\"@type\":\"ReadAction\",\"target\":[\"https:\\\/\\\/www.centrocliniconemo.it\\\/en\\\/blog\\\/oltre-19-000-euro-raccolti-per-nemo-brescia-e-aisla-montichiari-corre-per-la-sla-in-memoria-di-guido-bonandi\\\/\"]}]},{\"@type\":\"ImageObject\",\"inLanguage\":\"en-US\",\"@id\":\"https:\\\/\\\/www.centrocliniconemo.it\\\/en\\\/blog\\\/oltre-19-000-euro-raccolti-per-nemo-brescia-e-aisla-montichiari-corre-per-la-sla-in-memoria-di-guido-bonandi\\\/#primaryimage\",\"url\":\"https:\\\/\\\/www.centrocliniconemo.it\\\/wp-content\\\/uploads\\\/2025\\\/06\\\/copertina-e1751050013447.jpg\",\"contentUrl\":\"https:\\\/\\\/www.centrocliniconemo.it\\\/wp-content\\\/uploads\\\/2025\\\/06\\\/copertina-e1751050013447.jpg\",\"width\":1600,\"height\":1045},{\"@type\":\"BreadcrumbList\",\"@id\":\"https:\\\/\\\/www.centrocliniconemo.it\\\/en\\\/blog\\\/oltre-19-000-euro-raccolti-per-nemo-brescia-e-aisla-montichiari-corre-per-la-sla-in-memoria-di-guido-bonandi\\\/#breadcrumb\",\"itemListElement\":[{\"@type\":\"ListItem\",\"position\":1,\"name\":\"Home\",\"item\":\"https:\\\/\\\/www.centrocliniconemo.it\\\/en\\\/\"},{\"@type\":\"ListItem\",\"position\":2,\"name\":\"Oltre 19.000 euro raccolti per NeMO Brescia e AISLA: Montichiari corre per la SLA in memoria di Guido Bonandi.\"}]},{\"@type\":\"WebSite\",\"@id\":\"https:\\\/\\\/www.centrocliniconemo.it\\\/en\\\/#website\",\"url\":\"https:\\\/\\\/www.centrocliniconemo.it\\\/en\\\/\",\"name\":\"Centro Clinico NeMO\",\"description\":\"Il paziente al centro\",\"publisher\":{\"@id\":\"https:\\\/\\\/www.centrocliniconemo.it\\\/en\\\/#organization\"},\"potentialAction\":[{\"@type\":\"SearchAction\",\"target\":{\"@type\":\"EntryPoint\",\"urlTemplate\":\"https:\\\/\\\/www.centrocliniconemo.it\\\/en\\\/?s={search_term_string}\"},\"query-input\":{\"@type\":\"PropertyValueSpecification\",\"valueRequired\":true,\"valueName\":\"search_term_string\"}}],\"inLanguage\":\"en-US\"},{\"@type\":\"Organization\",\"@id\":\"https:\\\/\\\/www.centrocliniconemo.it\\\/en\\\/#organization\",\"name\":\"Centro Clinico NeMO - Fondazione Serena Onlus\",\"url\":\"https:\\\/\\\/www.centrocliniconemo.it\\\/en\\\/\",\"logo\":{\"@type\":\"ImageObject\",\"inLanguage\":\"en-US\",\"@id\":\"https:\\\/\\\/www.centrocliniconemo.it\\\/en\\\/#\\\/schema\\\/logo\\\/image\\\/\",\"url\":\"https:\\\/\\\/www.centrocliniconemo.it\\\/wp-content\\\/uploads\\\/2023\\\/03\\\/logo-nemo.svg\",\"contentUrl\":\"https:\\\/\\\/www.centrocliniconemo.it\\\/wp-content\\\/uploads\\\/2023\\\/03\\\/logo-nemo.svg\",\"width\":272,\"height\":109.142,\"caption\":\"Centro Clinico NeMO - Fondazione Serena Onlus\"},\"image\":{\"@id\":\"https:\\\/\\\/www.centrocliniconemo.it\\\/en\\\/#\\\/schema\\\/logo\\\/image\\\/\"},\"sameAs\":[\"https:\\\/\\\/www.facebook.com\\\/CentroNEMOItalia\",\"https:\\\/\\\/x.com\\\/CentroNemo\",\"https:\\\/\\\/www.linkedin.com\\\/company\\\/centrocliniconemo\\\/\",\"https:\\\/\\\/www.instagram.com\\\/centrocliniconemo\\\/\"]},{\"@type\":\"Person\",\"@id\":\"https:\\\/\\\/www.centrocliniconemo.it\\\/en\\\/#\\\/schema\\\/person\\\/23b904ba18a16bb7b114b1f59642792e\",\"name\":\"Paola Tomasi\",\"image\":{\"@type\":\"ImageObject\",\"inLanguage\":\"en-US\",\"@id\":\"https:\\\/\\\/secure.gravatar.com\\\/avatar\\\/74446384f79033bbbf711e67d0640ba1208293f1c7cd6b4abdc36fd985a8b9e4?s=96&d=mm&r=g\",\"url\":\"https:\\\/\\\/secure.gravatar.com\\\/avatar\\\/74446384f79033bbbf711e67d0640ba1208293f1c7cd6b4abdc36fd985a8b9e4?s=96&d=mm&r=g\",\"contentUrl\":\"https:\\\/\\\/secure.gravatar.com\\\/avatar\\\/74446384f79033bbbf711e67d0640ba1208293f1c7cd6b4abdc36fd985a8b9e4?s=96&d=mm&r=g\",\"caption\":\"Paola Tomasi\"}}]}<\/script>\n<!-- \/ Yoast SEO plugin. -->","yoast_head_json":{"title":"Oltre 19.000 euro raccolti per NeMO Brescia e AISLA: Montichiari corre per la SLA in memoria di Guido Bonandi. - Centro Clinico NeMO","robots":{"index":"index","follow":"follow","max-snippet":"max-snippet:-1","max-image-preview":"max-image-preview:large","max-video-preview":"max-video-preview:-1"},"canonical":"https:\/\/www.centrocliniconemo.it\/en\/blog\/oltre-19-000-euro-raccolti-per-nemo-brescia-e-aisla-montichiari-corre-per-la-sla-in-memoria-di-guido-bonandi\/","og_locale":"en_US","og_type":"article","og_title":"Oltre 19.000 euro raccolti per NeMO Brescia e AISLA: Montichiari corre per la SLA in memoria di Guido Bonandi. - Centro Clinico NeMO","og_description":"Gussago (BS), 27 giugno &#8211; Oltre 1.500 partecipanti, 19.300 euro raccolti e un\u2019intera comunit\u00e0 \u201cin corsa\u201d per sostenere la cura e l\u2019assistenza delle persone con SLA, nel segno della memoria. \u00c8 questo il bilancio della prima edizione di \u201cCorri a Montichiari\u201d, la gara podistica benefica e non competitiva, promossa lo scorso 25 maggio dal Rotary [&hellip;]","og_url":"https:\/\/www.centrocliniconemo.it\/en\/blog\/oltre-19-000-euro-raccolti-per-nemo-brescia-e-aisla-montichiari-corre-per-la-sla-in-memoria-di-guido-bonandi\/","og_site_name":"Centro Clinico NeMO","article_publisher":"https:\/\/www.facebook.com\/CentroNEMOItalia","article_published_time":"2025-06-27T19:05:18+00:00","article_modified_time":"2025-06-27T19:14:31+00:00","og_image":[{"width":1600,"height":1045,"url":"https:\/\/www.centrocliniconemo.it\/wp-content\/uploads\/2025\/06\/copertina-e1751050013447.jpg","type":"image\/jpeg"}],"author":"Paola Tomasi","twitter_card":"summary_large_image","twitter_creator":"@CentroNemo","twitter_site":"@CentroNemo","twitter_misc":{"Written by":"Paola Tomasi","Est. reading time":"5 minutes"},"schema":{"@context":"https:\/\/schema.org","@graph":[{"@type":"Article","@id":"https:\/\/www.centrocliniconemo.it\/en\/blog\/oltre-19-000-euro-raccolti-per-nemo-brescia-e-aisla-montichiari-corre-per-la-sla-in-memoria-di-guido-bonandi\/#article","isPartOf":{"@id":"https:\/\/www.centrocliniconemo.it\/en\/blog\/oltre-19-000-euro-raccolti-per-nemo-brescia-e-aisla-montichiari-corre-per-la-sla-in-memoria-di-guido-bonandi\/"},"author":{"name":"Paola Tomasi","@id":"https:\/\/www.centrocliniconemo.it\/en\/#\/schema\/person\/23b904ba18a16bb7b114b1f59642792e"},"headline":"Oltre 19.000 euro raccolti per NeMO Brescia e AISLA: Montichiari corre per la SLA in memoria di Guido Bonandi.","datePublished":"2025-06-27T19:05:18+00:00","dateModified":"2025-06-27T19:14:31+00:00","mainEntityOfPage":{"@id":"https:\/\/www.centrocliniconemo.it\/en\/blog\/oltre-19-000-euro-raccolti-per-nemo-brescia-e-aisla-montichiari-corre-per-la-sla-in-memoria-di-guido-bonandi\/"},"wordCount":685,"publisher":{"@id":"https:\/\/www.centrocliniconemo.it\/en\/#organization"},"image":{"@id":"https:\/\/www.centrocliniconemo.it\/en\/blog\/oltre-19-000-euro-raccolti-per-nemo-brescia-e-aisla-montichiari-corre-per-la-sla-in-memoria-di-guido-bonandi\/#primaryimage"},"thumbnailUrl":"https:\/\/www.centrocliniconemo.it\/wp-content\/uploads\/2025\/06\/copertina-e1751050013447.jpg","articleSection":["Iniziative ed eventi","Storie di NeMO"],"inLanguage":"en-US"},{"@type":"WebPage","@id":"https:\/\/www.centrocliniconemo.it\/en\/blog\/oltre-19-000-euro-raccolti-per-nemo-brescia-e-aisla-montichiari-corre-per-la-sla-in-memoria-di-guido-bonandi\/","url":"https:\/\/www.centrocliniconemo.it\/en\/blog\/oltre-19-000-euro-raccolti-per-nemo-brescia-e-aisla-montichiari-corre-per-la-sla-in-memoria-di-guido-bonandi\/","name":"Oltre 19.000 euro raccolti per NeMO Brescia e AISLA: Montichiari corre per la SLA in memoria di Guido Bonandi. - Centro Clinico NeMO","isPartOf":{"@id":"https:\/\/www.centrocliniconemo.it\/en\/#website"},"primaryImageOfPage":{"@id":"https:\/\/www.centrocliniconemo.it\/en\/blog\/oltre-19-000-euro-raccolti-per-nemo-brescia-e-aisla-montichiari-corre-per-la-sla-in-memoria-di-guido-bonandi\/#primaryimage"},"image":{"@id":"https:\/\/www.centrocliniconemo.it\/en\/blog\/oltre-19-000-euro-raccolti-per-nemo-brescia-e-aisla-montichiari-corre-per-la-sla-in-memoria-di-guido-bonandi\/#primaryimage"},"thumbnailUrl":"https:\/\/www.centrocliniconemo.it\/wp-content\/uploads\/2025\/06\/copertina-e1751050013447.jpg","datePublished":"2025-06-27T19:05:18+00:00","dateModified":"2025-06-27T19:14:31+00:00","breadcrumb":{"@id":"https:\/\/www.centrocliniconemo.it\/en\/blog\/oltre-19-000-euro-raccolti-per-nemo-brescia-e-aisla-montichiari-corre-per-la-sla-in-memoria-di-guido-bonandi\/#breadcrumb"},"inLanguage":"en-US","potentialAction":[{"@type":"ReadAction","target":["https:\/\/www.centrocliniconemo.it\/en\/blog\/oltre-19-000-euro-raccolti-per-nemo-brescia-e-aisla-montichiari-corre-per-la-sla-in-memoria-di-guido-bonandi\/"]}]},{"@type":"ImageObject","inLanguage":"en-US","@id":"https:\/\/www.centrocliniconemo.it\/en\/blog\/oltre-19-000-euro-raccolti-per-nemo-brescia-e-aisla-montichiari-corre-per-la-sla-in-memoria-di-guido-bonandi\/#primaryimage","url":"https:\/\/www.centrocliniconemo.it\/wp-content\/uploads\/2025\/06\/copertina-e1751050013447.jpg","contentUrl":"https:\/\/www.centrocliniconemo.it\/wp-content\/uploads\/2025\/06\/copertina-e1751050013447.jpg","width":1600,"height":1045},{"@type":"BreadcrumbList","@id":"https:\/\/www.centrocliniconemo.it\/en\/blog\/oltre-19-000-euro-raccolti-per-nemo-brescia-e-aisla-montichiari-corre-per-la-sla-in-memoria-di-guido-bonandi\/#breadcrumb","itemListElement":[{"@type":"ListItem","position":1,"name":"Home","item":"https:\/\/www.centrocliniconemo.it\/en\/"},{"@type":"ListItem","position":2,"name":"Oltre 19.000 euro raccolti per NeMO Brescia e AISLA: Montichiari corre per la SLA in memoria di Guido Bonandi."}]},{"@type":"WebSite","@id":"https:\/\/www.centrocliniconemo.it\/en\/#website","url":"https:\/\/www.centrocliniconemo.it\/en\/","name":"Centro Clinico NeMO","description":"Il paziente al centro","publisher":{"@id":"https:\/\/www.centrocliniconemo.it\/en\/#organization"},"potentialAction":[{"@type":"SearchAction","target":{"@type":"EntryPoint","urlTemplate":"https:\/\/www.centrocliniconemo.it\/en\/?s={search_term_string}"},"query-input":{"@type":"PropertyValueSpecification","valueRequired":true,"valueName":"search_term_string"}}],"inLanguage":"en-US"},{"@type":"Organization","@id":"https:\/\/www.centrocliniconemo.it\/en\/#organization","name":"Centro Clinico NeMO - Fondazione Serena Onlus","url":"https:\/\/www.centrocliniconemo.it\/en\/","logo":{"@type":"ImageObject","inLanguage":"en-US","@id":"https:\/\/www.centrocliniconemo.it\/en\/#\/schema\/logo\/image\/","url":"https:\/\/www.centrocliniconemo.it\/wp-content\/uploads\/2023\/03\/logo-nemo.svg","contentUrl":"https:\/\/www.centrocliniconemo.it\/wp-content\/uploads\/2023\/03\/logo-nemo.svg","width":272,"height":109.142,"caption":"Centro Clinico NeMO - Fondazione Serena Onlus"},"image":{"@id":"https:\/\/www.centrocliniconemo.it\/en\/#\/schema\/logo\/image\/"},"sameAs":["https:\/\/www.facebook.com\/CentroNEMOItalia","https:\/\/x.com\/CentroNemo","https:\/\/www.linkedin.com\/company\/centrocliniconemo\/","https:\/\/www.instagram.com\/centrocliniconemo\/"]},{"@type":"Person","@id":"https:\/\/www.centrocliniconemo.it\/en\/#\/schema\/person\/23b904ba18a16bb7b114b1f59642792e","name":"Paola Tomasi","image":{"@type":"ImageObject","inLanguage":"en-US","@id":"https:\/\/secure.gravatar.com\/avatar\/74446384f79033bbbf711e67d0640ba1208293f1c7cd6b4abdc36fd985a8b9e4?s=96&d=mm&r=g","url":"https:\/\/secure.gravatar.com\/avatar\/74446384f79033bbbf711e67d0640ba1208293f1c7cd6b4abdc36fd985a8b9e4?s=96&d=mm&r=g","contentUrl":"https:\/\/secure.gravatar.com\/avatar\/74446384f79033bbbf711e67d0640ba1208293f1c7cd6b4abdc36fd985a8b9e4?s=96&d=mm&r=g","caption":"Paola Tomasi"}}]}},"_links":{"self":[{"href":"https:\/\/www.centrocliniconemo.it\/en\/wp-json\/wp\/v2\/posts\/24832","targetHints":{"allow":["GET"]}}],"collection":[{"href":"https:\/\/www.centrocliniconemo.it\/en\/wp-json\/wp\/v2\/posts"}],"about":[{"href":"https:\/\/www.centrocliniconemo.it\/en\/wp-json\/wp\/v2\/types\/post"}],"author":[{"embeddable":true,"href":"https:\/\/www.centrocliniconemo.it\/en\/wp-json\/wp\/v2\/users\/3"}],"replies":[{"embeddable":true,"href":"https:\/\/www.centrocliniconemo.it\/en\/wp-json\/wp\/v2\/comments?post=24832"}],"version-history":[{"count":0,"href":"https:\/\/www.centrocliniconemo.it\/en\/wp-json\/wp\/v2\/posts\/24832\/revisions"}],"wp:featuredmedia":[{"embeddable":true,"href":"https:\/\/www.centrocliniconemo.it\/en\/wp-json\/wp\/v2\/media\/24836"}],"wp:attachment":[{"href":"https:\/\/www.centrocliniconemo.it\/en\/wp-json\/wp\/v2\/media?parent=24832"}],"wp:term":[{"taxonomy":"category","embeddable":true,"href":"https:\/\/www.centrocliniconemo.it\/en\/wp-json\/wp\/v2\/categories?post=24832"},{"taxonomy":"post_tag","embeddable":true,"href":"https:\/\/www.centrocliniconemo.it\/en\/wp-json\/wp\/v2\/tags?post=24832"}],"curies":[{"name":"wp","href":"https:\/\/api.w.org\/{rel}","templated":true}]}}