{"id":24739,"date":"2025-06-20T10:33:33","date_gmt":"2025-06-20T10:33:33","guid":{"rendered":"https:\/\/www.centrocliniconemo.it\/blog\/?p=24739"},"modified":"2025-06-20T10:37:53","modified_gmt":"2025-06-20T10:37:53","slug":"tuscia-in-jazz-for-sla-festival-solidarieta-ricerca","status":"publish","type":"post","link":"https:\/\/www.centrocliniconemo.it\/en\/blog\/tuscia-in-jazz-for-sla-festival-solidarieta-ricerca\/","title":{"rendered":"Tuscia in Jazz for SLA. Grandi artisti, concerti ed emozioni per sostenere la ricerca sulla SLA"},"content":{"rendered":"\n<p><em>Roma, 20 Giugno 2025 &#8211; <\/em>Nel cuore autentico della <strong>Tuscia<\/strong>, tra piazze, teatri e scorci incantati, nasce un festival dove la bellezza non \u00e8 solo paesaggio ma <strong>partecipazione<\/strong>. Dove la musica non \u00e8 solo arte, ma <strong>strumento di speranza<\/strong>. <strong><a href=\"https:\/\/www.tusciainjazzforsla.it\/\">Tuscia in Jazz for SLA<\/a><\/strong>\u202f\u00e8 molto pi\u00f9 di un evento culturale. Piuttosto un <strong>movimento corale di solidariet\u00e0<\/strong>. Che trasforma ogni nota, in una dichiarazione d\u2019amore per la vita. Ogni palco, in un impegno concreto per la ricerca. Un progetto nato da un\u2019iniziativa personale che \u00e8 stata capace di coinvolgere intere comunit\u00e0. Che ha visto artisti di fama, cittadini comuni e istituzioni, uniti nel costruire \u2013 <em>attraverso il jazz<\/em> \u2013 un futuro pi\u00f9 <strong>giusto, consapevole e inclusivo<\/strong>.\u00a0<\/p>\n\n\n\n<p>Al richiamo di <em>Italo Leali<\/em>, l\u2019anima instancabile del festival, hanno risposto in tanti. Non solo il pubblico della Tuscia, ma anche i <strong>grandi nomi del jazz italiano e internazionale<\/strong>: <em>Rita Marcotulli, Roberto Gatto, Enzo Pietropaoli, Rosario Giuliani, Dado Moroni, Fabrizio Bosso, Enrico Pieranunzi<\/em>. E non solo musicisti. A sostenere l\u2019iniziativa sono arrivati anche <em><a href=\"https:\/\/www.marcomengoni.it\/it\/\">Marco Mengoni<\/a><\/em>, legatissimo alla sua terra, l\u2019attore <em><a href=\"https:\/\/www.facebook.com\/marcomarzocca\/?locale=it_IT\">Marco Marzocca<\/a><\/em>, lo chef <em>Giorgione<\/em>, e tanti altri personaggi che hanno messo il cuore a disposizione della causa.\u00a0<\/p>\n\n\n\n<p>Il risultato? Un\u2019<strong>eco mediatica enorme<\/strong>. Una campagna di sensibilizzazione avviata insieme a <em><a href=\"https:\/\/www.tusciaweb.eu\/\">Tusciaweb<\/a><\/em>, che si \u00e8 estesa \u201ca macchia d\u2019olio\u201d, coinvolgendo <strong>30 comuni<\/strong>, istituzioni, scuole, aziende e associazioni, in uno degli esempi pi\u00f9 forti di <strong>solidariet\u00e0 civica dal basso<\/strong>\u202fdegli ultimi anni nel Lazio.\u00a0<\/p>\n\n\n\n<figure class=\"wp-block-gallery has-nested-images columns-default is-cropped wp-block-gallery-1 is-layout-flex wp-block-gallery-is-layout-flex\">\n<figure class=\"wp-block-image size-large\"><img fetchpriority=\"high\" decoding=\"async\" width=\"712\" height=\"512\" data-id=\"24770\" src=\"https:\/\/www.centrocliniconemo.it\/wp-content\/uploads\/2025\/06\/Tuscia-in-Jazz-for-SLA-NeMO-Roma-01.jpg\" alt=\"\" class=\"wp-image-24770\" srcset=\"https:\/\/www.centrocliniconemo.it\/wp-content\/uploads\/2025\/06\/Tuscia-in-Jazz-for-SLA-NeMO-Roma-01.jpg 712w, https:\/\/www.centrocliniconemo.it\/wp-content\/uploads\/2025\/06\/Tuscia-in-Jazz-for-SLA-NeMO-Roma-01-300x216.jpg 300w\" sizes=\"(max-width: 712px) 100vw, 712px\" \/><\/figure>\n\n\n\n<figure class=\"wp-block-image size-large\"><img decoding=\"async\" width=\"768\" height=\"512\" data-id=\"24772\" src=\"https:\/\/www.centrocliniconemo.it\/wp-content\/uploads\/2025\/06\/Tuscia-in-Jazz-for-SLA-NeMO-Roma-02.jpg\" alt=\"\" class=\"wp-image-24772\" srcset=\"https:\/\/www.centrocliniconemo.it\/wp-content\/uploads\/2025\/06\/Tuscia-in-Jazz-for-SLA-NeMO-Roma-02.jpg 768w, https:\/\/www.centrocliniconemo.it\/wp-content\/uploads\/2025\/06\/Tuscia-in-Jazz-for-SLA-NeMO-Roma-02-300x200.jpg 300w\" sizes=\"(max-width: 768px) 100vw, 768px\" \/><\/figure>\n\n\n\n<figure class=\"wp-block-image size-large\"><img decoding=\"async\" width=\"768\" height=\"512\" data-id=\"24774\" src=\"https:\/\/www.centrocliniconemo.it\/wp-content\/uploads\/2025\/06\/Tuscia-in-Jazz-for-SLA-NeMO-Roma-03.jpg\" alt=\"\" class=\"wp-image-24774\" srcset=\"https:\/\/www.centrocliniconemo.it\/wp-content\/uploads\/2025\/06\/Tuscia-in-Jazz-for-SLA-NeMO-Roma-03.jpg 768w, https:\/\/www.centrocliniconemo.it\/wp-content\/uploads\/2025\/06\/Tuscia-in-Jazz-for-SLA-NeMO-Roma-03-300x200.jpg 300w\" sizes=\"(max-width: 768px) 100vw, 768px\" \/><\/figure>\n<\/figure>\n\n\n\n<h2 class=\"wp-block-heading\">Il programma 2025 e il via nella Giornata Mondiale della Lotta contro la SLA <\/h2>\n\n\n\n<p>Dopo il successo delle serate invernali e primaverili \u2013 con l\u2019omaggio a <em>Pino Daniele<\/em>\u202fa Viterbo, il tributo a <em>Lucio Dalla<\/em> a Canepina e la grande partecipazione di Pasquetta a Sutri \u2013 il programma del <em>Tuscia in Jazz for SLA<\/em>\u202fcontinua con nuovi appuntamenti. Dal <strong>21 giugno<\/strong>, ad aprire le danze del fitto calendario di appuntamenti, <strong>nel pieno del Solstizio d\u2019Estate<\/strong>, si dar\u00e0 il via con il Concerto imperdibile di <strong><em>Fabrizio Bosso<\/em>\u202fe l\u2019<em>Enrico Mianulli Trio<\/em><\/strong>. Il <strong>borgo incantato di Civita di Bagnoregio<\/strong> sar\u00e0 teatro di un evento straordinario: un inno alla resilienza e un forte messaggio di speranza nella <strong>Giornata Mondiale della Lotta contro la SLA.<\/strong>\u00a0<\/p>\n\n\n\n<p>Una vera e propria impresa che vedr\u00e0 protagonista Italo Leali, il quale, sfidando il celebre ponte con il suo respiratore, dimostrer\u00e0 ancora una volta che la malattia non pu\u00f2 spegnere la voglia di vivere e di lottare.&nbsp;&nbsp;<\/p>\n\n\n\n<blockquote class=\"wp-block-quote is-layout-flow wp-block-quote-is-layout-flow\">\n<p>\u201cVoglio dimostrare a chi soffre di questa fottuta e maledetta malattia che non bisogna arrendersi mai,\u201d dichiara Italo. \u201cVoglio essere io a presentare il programma del Tuscia in Jazz for SLA Estate 2025. E testimoniare con la mia presenza quanto \u00e8 importante sostenere la ricerca contro la SLA. Civita di Bagnoregio \u00e8 legata a tanti miei ricordi. Non sar\u00e0 la SLA a impedirmi di vivere serate di musica con gli amici.\u201d\u00a0<\/p>\n<\/blockquote>\n\n\n\n<p>Biglietti disponibili (euro 10) su <a href=\"https:\/\/www.ciaotickets.com\">ciaotickets.com<\/a>.\u00a0<\/p>\n\n\n\n<h2 class=\"wp-block-heading\"><strong>I prossimi eventi. Scopri tutte le info scorrendo le locandine:<\/strong><\/h2>\n\n\n<div class=\"pgc-sgb-cb wp-block-pgcsimplygalleryblock-slider \" data-gallery-id=\"32983797\"style=&quot;min-height:400px&quot;><div class=\"sgb-preloader\" id=\"pr_32983797\">\n\t<div class=\"sgb-square\" style=\"background:#d4d4d4\"><\/div>\n\t<div class=\"sgb-square\" style=\"background:#d4d4d4\"><\/div>\n\t<div class=\"sgb-square\" style=\"background:#d4d4d4\"><\/div>\n\t<div class=\"sgb-square\" style=\"background:#d4d4d4\"><\/div><\/div><div class=\"simply-gallery-amp pgc_sgb_slider \"><noscript><div class=\"sgb-gallery\"><div class=\"sgb-item\"><a href=\"https:\/\/www.centrocliniconemo.it\/?attachment_id=24742\" target=\"_blank\"><img loading=\"lazy\" decoding=\"async\" alt=\"\" width=\"212\" height=\"300\" loading=\"lazy\" src=\"https:\/\/www.centrocliniconemo.it\/wp-content\/uploads\/2025\/06\/Tuscia-in-Jazz-for-SLA-poster-02-212x300.jpg\" srcset=\"https:\/\/www.centrocliniconemo.it\/wp-content\/uploads\/2025\/06\/Tuscia-in-Jazz-for-SLA-poster-02-212x300.jpg 212w,https:\/\/www.centrocliniconemo.it\/wp-content\/uploads\/2025\/06\/Tuscia-in-Jazz-for-SLA-poster-02.jpg 500w\" sizes=\"auto, 250px\"\/><\/a><\/div><div class=\"sgb-item\"><a href=\"https:\/\/www.centrocliniconemo.it\/?attachment_id=24754\" target=\"_blank\"><img loading=\"lazy\" decoding=\"async\" alt=\"\" width=\"212\" height=\"300\" loading=\"lazy\" src=\"https:\/\/www.centrocliniconemo.it\/wp-content\/uploads\/2025\/06\/Tuscia-in-Jazz-for-SLA-poster-08-212x300.jpeg\" srcset=\"https:\/\/www.centrocliniconemo.it\/wp-content\/uploads\/2025\/06\/Tuscia-in-Jazz-for-SLA-poster-08-212x300.jpeg 212w,https:\/\/www.centrocliniconemo.it\/wp-content\/uploads\/2025\/06\/Tuscia-in-Jazz-for-SLA-poster-08.jpeg 500w\" sizes=\"auto, 250px\"\/><\/a><\/div><div class=\"sgb-item\"><a href=\"https:\/\/www.centrocliniconemo.it\/?attachment_id=24746\" target=\"_blank\"><img loading=\"lazy\" decoding=\"async\" alt=\"\" width=\"212\" height=\"300\" loading=\"lazy\" src=\"https:\/\/www.centrocliniconemo.it\/wp-content\/uploads\/2025\/06\/Tuscia-in-Jazz-for-SLA-poster-04-212x300.jpeg\" srcset=\"https:\/\/www.centrocliniconemo.it\/wp-content\/uploads\/2025\/06\/Tuscia-in-Jazz-for-SLA-poster-04-212x300.jpeg 212w,https:\/\/www.centrocliniconemo.it\/wp-content\/uploads\/2025\/06\/Tuscia-in-Jazz-for-SLA-poster-04.jpeg 500w\" sizes=\"auto, 250px\"\/><\/a><\/div><div class=\"sgb-item\"><a href=\"https:\/\/www.centrocliniconemo.it\/?attachment_id=24760\" target=\"_blank\"><img loading=\"lazy\" decoding=\"async\" alt=\"\" width=\"212\" height=\"300\" loading=\"lazy\" src=\"https:\/\/www.centrocliniconemo.it\/wp-content\/uploads\/2025\/06\/Tuscia-in-Jazz-for-SLA-poster-11-212x300.jpeg\" srcset=\"https:\/\/www.centrocliniconemo.it\/wp-content\/uploads\/2025\/06\/Tuscia-in-Jazz-for-SLA-poster-11-212x300.jpeg 212w,https:\/\/www.centrocliniconemo.it\/wp-content\/uploads\/2025\/06\/Tuscia-in-Jazz-for-SLA-poster-11.jpeg 500w\" sizes=\"auto, 250px\"\/><\/a><\/div><div class=\"sgb-item\"><a href=\"https:\/\/www.centrocliniconemo.it\/?attachment_id=24740\" target=\"_blank\"><img loading=\"lazy\" decoding=\"async\" alt=\"\" width=\"212\" height=\"300\" loading=\"lazy\" src=\"https:\/\/www.centrocliniconemo.it\/wp-content\/uploads\/2025\/06\/Tuscia-in-Jazz-for-SLA-poster-01-212x300.jpeg\" srcset=\"https:\/\/www.centrocliniconemo.it\/wp-content\/uploads\/2025\/06\/Tuscia-in-Jazz-for-SLA-poster-01-212x300.jpeg 212w,https:\/\/www.centrocliniconemo.it\/wp-content\/uploads\/2025\/06\/Tuscia-in-Jazz-for-SLA-poster-01.jpeg 500w\" sizes=\"auto, 250px\"\/><\/a><\/div><div class=\"sgb-item\"><a href=\"https:\/\/www.centrocliniconemo.it\/?attachment_id=24748\" target=\"_blank\"><img loading=\"lazy\" decoding=\"async\" alt=\"\" width=\"209\" height=\"300\" loading=\"lazy\" src=\"https:\/\/www.centrocliniconemo.it\/wp-content\/uploads\/2025\/06\/Tuscia-in-Jazz-for-SLA-poster-05-209x300.jpeg\" srcset=\"https:\/\/www.centrocliniconemo.it\/wp-content\/uploads\/2025\/06\/Tuscia-in-Jazz-for-SLA-poster-05-209x300.jpeg 209w,https:\/\/www.centrocliniconemo.it\/wp-content\/uploads\/2025\/06\/Tuscia-in-Jazz-for-SLA-poster-05.jpeg 500w\" sizes=\"auto, 250px\"\/><\/a><\/div><div class=\"sgb-item\"><a href=\"https:\/\/www.centrocliniconemo.it\/?attachment_id=24762\" target=\"_blank\"><img loading=\"lazy\" decoding=\"async\" alt=\"\" width=\"211\" height=\"300\" loading=\"lazy\" src=\"https:\/\/www.centrocliniconemo.it\/wp-content\/uploads\/2025\/06\/Tuscia-in-Jazz-for-SLA-poster-12-211x300.jpeg\" srcset=\"https:\/\/www.centrocliniconemo.it\/wp-content\/uploads\/2025\/06\/Tuscia-in-Jazz-for-SLA-poster-12-211x300.jpeg 211w,https:\/\/www.centrocliniconemo.it\/wp-content\/uploads\/2025\/06\/Tuscia-in-Jazz-for-SLA-poster-12.jpeg 500w\" sizes=\"auto, 250px\"\/><\/a><\/div><div class=\"sgb-item\"><a href=\"https:\/\/www.centrocliniconemo.it\/?attachment_id=24764\" target=\"_blank\"><img loading=\"lazy\" decoding=\"async\" alt=\"\" width=\"212\" height=\"300\" loading=\"lazy\" src=\"https:\/\/www.centrocliniconemo.it\/wp-content\/uploads\/2025\/06\/Tuscia-in-Jazz-for-SLA-poster-13-212x300.jpeg\" srcset=\"https:\/\/www.centrocliniconemo.it\/wp-content\/uploads\/2025\/06\/Tuscia-in-Jazz-for-SLA-poster-13-212x300.jpeg 212w,https:\/\/www.centrocliniconemo.it\/wp-content\/uploads\/2025\/06\/Tuscia-in-Jazz-for-SLA-poster-13.jpeg 500w\" sizes=\"auto, 250px\"\/><\/a><\/div><div class=\"sgb-item\"><a href=\"https:\/\/www.centrocliniconemo.it\/?attachment_id=24750\" target=\"_blank\"><img loading=\"lazy\" decoding=\"async\" alt=\"\" width=\"210\" height=\"300\" loading=\"lazy\" src=\"https:\/\/www.centrocliniconemo.it\/wp-content\/uploads\/2025\/06\/Tuscia-in-Jazz-for-SLA-poster-06-210x300.jpeg\" srcset=\"https:\/\/www.centrocliniconemo.it\/wp-content\/uploads\/2025\/06\/Tuscia-in-Jazz-for-SLA-poster-06-210x300.jpeg 210w,https:\/\/www.centrocliniconemo.it\/wp-content\/uploads\/2025\/06\/Tuscia-in-Jazz-for-SLA-poster-06.jpeg 500w\" sizes=\"auto, 250px\"\/><\/a><\/div><div class=\"sgb-item\"><a href=\"https:\/\/www.centrocliniconemo.it\/?attachment_id=24752\" target=\"_blank\"><img loading=\"lazy\" decoding=\"async\" alt=\"\" width=\"210\" height=\"300\" loading=\"lazy\" src=\"https:\/\/www.centrocliniconemo.it\/wp-content\/uploads\/2025\/06\/Tuscia-in-Jazz-for-SLA-poster-07-210x300.jpeg\" srcset=\"https:\/\/www.centrocliniconemo.it\/wp-content\/uploads\/2025\/06\/Tuscia-in-Jazz-for-SLA-poster-07-210x300.jpeg 210w,https:\/\/www.centrocliniconemo.it\/wp-content\/uploads\/2025\/06\/Tuscia-in-Jazz-for-SLA-poster-07.jpeg 500w\" sizes=\"auto, 250px\"\/><\/a><\/div><div class=\"sgb-item\"><a href=\"https:\/\/www.centrocliniconemo.it\/?attachment_id=24744\" target=\"_blank\"><img loading=\"lazy\" decoding=\"async\" alt=\"\" width=\"211\" height=\"300\" loading=\"lazy\" src=\"https:\/\/www.centrocliniconemo.it\/wp-content\/uploads\/2025\/06\/Tuscia-in-Jazz-for-SLA-poster-03-211x300.jpg\" srcset=\"https:\/\/www.centrocliniconemo.it\/wp-content\/uploads\/2025\/06\/Tuscia-in-Jazz-for-SLA-poster-03-211x300.jpg 211w,https:\/\/www.centrocliniconemo.it\/wp-content\/uploads\/2025\/06\/Tuscia-in-Jazz-for-SLA-poster-03.jpg 500w\" sizes=\"auto, 250px\"\/><\/a><\/div><div class=\"sgb-item\"><a href=\"https:\/\/www.centrocliniconemo.it\/?attachment_id=24768\" target=\"_blank\"><img loading=\"lazy\" decoding=\"async\" alt=\"\" width=\"211\" height=\"300\" loading=\"lazy\" src=\"https:\/\/www.centrocliniconemo.it\/wp-content\/uploads\/2025\/06\/Tuscia-in-Jazz-for-SLA-poster-15-211x300.jpeg\" srcset=\"https:\/\/www.centrocliniconemo.it\/wp-content\/uploads\/2025\/06\/Tuscia-in-Jazz-for-SLA-poster-15-211x300.jpeg 211w,https:\/\/www.centrocliniconemo.it\/wp-content\/uploads\/2025\/06\/Tuscia-in-Jazz-for-SLA-poster-15.jpeg 500w\" sizes=\"auto, 250px\"\/><\/a><\/div><div class=\"sgb-item\"><a href=\"https:\/\/www.centrocliniconemo.it\/?attachment_id=24758\" target=\"_blank\"><img loading=\"lazy\" decoding=\"async\" alt=\"\" width=\"211\" height=\"300\" loading=\"lazy\" src=\"https:\/\/www.centrocliniconemo.it\/wp-content\/uploads\/2025\/06\/Tuscia-in-Jazz-for-SLA-poster-10-211x300.jpeg\" srcset=\"https:\/\/www.centrocliniconemo.it\/wp-content\/uploads\/2025\/06\/Tuscia-in-Jazz-for-SLA-poster-10-211x300.jpeg 211w,https:\/\/www.centrocliniconemo.it\/wp-content\/uploads\/2025\/06\/Tuscia-in-Jazz-for-SLA-poster-10.jpeg 500w\" sizes=\"auto, 250px\"\/><\/a><\/div><div class=\"sgb-item\"><a href=\"https:\/\/www.centrocliniconemo.it\/?attachment_id=24756\" target=\"_blank\"><img loading=\"lazy\" decoding=\"async\" alt=\"\" width=\"212\" height=\"300\" loading=\"lazy\" src=\"https:\/\/www.centrocliniconemo.it\/wp-content\/uploads\/2025\/06\/Tuscia-in-Jazz-for-SLA-poster-09-212x300.jpeg\" srcset=\"https:\/\/www.centrocliniconemo.it\/wp-content\/uploads\/2025\/06\/Tuscia-in-Jazz-for-SLA-poster-09-212x300.jpeg 212w,https:\/\/www.centrocliniconemo.it\/wp-content\/uploads\/2025\/06\/Tuscia-in-Jazz-for-SLA-poster-09.jpeg 500w\" sizes=\"auto, 250px\"\/><\/a><\/div><div class=\"sgb-item\"><a href=\"https:\/\/www.centrocliniconemo.it\/?attachment_id=24766\" target=\"_blank\"><img loading=\"lazy\" decoding=\"async\" alt=\"\" width=\"211\" height=\"300\" loading=\"lazy\" src=\"https:\/\/www.centrocliniconemo.it\/wp-content\/uploads\/2025\/06\/Tuscia-in-Jazz-for-SLA-poster-14-211x300.jpeg\" srcset=\"https:\/\/www.centrocliniconemo.it\/wp-content\/uploads\/2025\/06\/Tuscia-in-Jazz-for-SLA-poster-14-211x300.jpeg 211w,https:\/\/www.centrocliniconemo.it\/wp-content\/uploads\/2025\/06\/Tuscia-in-Jazz-for-SLA-poster-14.jpeg 500w\" sizes=\"auto, 250px\"\/><\/a><\/div><\/div><\/noscript><\/div><script type=\"application\/json\" class=\"sgb-data\">{\"sliderAdminWidth\":781,\"galleryType\":\"pgc_sgb_slider\",\"galleryId\":\"32983797\",\"images\":[{\"id\":24742,\"title\":\"Tuscia in Jazz for SLA - poster 02\",\"url\":\"https:\/\/www.centrocliniconemo.it\/wp-content\/uploads\/2025\/06\/Tuscia-in-Jazz-for-SLA-poster-02.jpg\",\"link\":\"https:\/\/www.centrocliniconemo.it\/?attachment_id=24742\",\"alt\":\"\",\"description\":\"\",\"caption\":\"\",\"mime\":\"image\/jpeg\",\"type\":\"image\",\"width\":500,\"height\":707,\"sizes\":{\"thumbnail\":{\"height\":150,\"width\":150,\"url\":\"https:\/\/www.centrocliniconemo.it\/wp-content\/uploads\/2025\/06\/Tuscia-in-Jazz-for-SLA-poster-02-150x150.jpg\",\"orientation\":\"landscape\"},\"medium\":{\"height\":300,\"width\":212,\"url\":\"https:\/\/www.centrocliniconemo.it\/wp-content\/uploads\/2025\/06\/Tuscia-in-Jazz-for-SLA-poster-02-212x300.jpg\",\"orientation\":\"portrait\"},\"full\":{\"url\":\"https:\/\/www.centrocliniconemo.it\/wp-content\/uploads\/2025\/06\/Tuscia-in-Jazz-for-SLA-poster-02.jpg\",\"height\":707,\"width\":500,\"orientation\":\"portrait\"}},\"imageMeta\":{\"aperture\":\"0\",\"credit\":\"\",\"camera\":\"\",\"caption\":\"\",\"created_timestamp\":\"0\",\"copyright\":\"\",\"focal_length\":\"0\",\"iso\":\"0\",\"shutter_speed\":\"0\",\"title\":\"\",\"orientation\":\"0\",\"keywords\":[]},\"meta\":false,\"postlink\":\"https:\/\/www.centrocliniconemo.it\/?attachment_id=24742\"},{\"id\":24754,\"title\":\"Tuscia in Jazz for SLA - poster 08\",\"url\":\"https:\/\/www.centrocliniconemo.it\/wp-content\/uploads\/2025\/06\/Tuscia-in-Jazz-for-SLA-poster-08.jpeg\",\"link\":\"https:\/\/www.centrocliniconemo.it\/?attachment_id=24754\",\"alt\":\"\",\"description\":\"\",\"caption\":\"\",\"mime\":\"image\/jpeg\",\"type\":\"image\",\"width\":500,\"height\":707,\"sizes\":{\"thumbnail\":{\"height\":150,\"width\":150,\"url\":\"https:\/\/www.centrocliniconemo.it\/wp-content\/uploads\/2025\/06\/Tuscia-in-Jazz-for-SLA-poster-08-150x150.jpeg\",\"orientation\":\"landscape\"},\"medium\":{\"height\":300,\"width\":212,\"url\":\"https:\/\/www.centrocliniconemo.it\/wp-content\/uploads\/2025\/06\/Tuscia-in-Jazz-for-SLA-poster-08-212x300.jpeg\",\"orientation\":\"portrait\"},\"full\":{\"url\":\"https:\/\/www.centrocliniconemo.it\/wp-content\/uploads\/2025\/06\/Tuscia-in-Jazz-for-SLA-poster-08.jpeg\",\"height\":707,\"width\":500,\"orientation\":\"portrait\"}},\"imageMeta\":{\"aperture\":\"0\",\"credit\":\"\",\"camera\":\"\",\"caption\":\"\",\"created_timestamp\":\"0\",\"copyright\":\"\",\"focal_length\":\"0\",\"iso\":\"0\",\"shutter_speed\":\"0\",\"title\":\"\",\"orientation\":\"0\",\"keywords\":[]},\"meta\":false,\"postlink\":\"https:\/\/www.centrocliniconemo.it\/?attachment_id=24754\"},{\"id\":24746,\"title\":\"Tuscia in Jazz for SLA - poster 04\",\"url\":\"https:\/\/www.centrocliniconemo.it\/wp-content\/uploads\/2025\/06\/Tuscia-in-Jazz-for-SLA-poster-04.jpeg\",\"link\":\"https:\/\/www.centrocliniconemo.it\/?attachment_id=24746\",\"alt\":\"\",\"description\":\"\",\"caption\":\"\",\"mime\":\"image\/jpeg\",\"type\":\"image\",\"width\":500,\"height\":707,\"sizes\":{\"thumbnail\":{\"height\":150,\"width\":150,\"url\":\"https:\/\/www.centrocliniconemo.it\/wp-content\/uploads\/2025\/06\/Tuscia-in-Jazz-for-SLA-poster-04-150x150.jpeg\",\"orientation\":\"landscape\"},\"medium\":{\"height\":300,\"width\":212,\"url\":\"https:\/\/www.centrocliniconemo.it\/wp-content\/uploads\/2025\/06\/Tuscia-in-Jazz-for-SLA-poster-04-212x300.jpeg\",\"orientation\":\"portrait\"},\"full\":{\"url\":\"https:\/\/www.centrocliniconemo.it\/wp-content\/uploads\/2025\/06\/Tuscia-in-Jazz-for-SLA-poster-04.jpeg\",\"height\":707,\"width\":500,\"orientation\":\"portrait\"}},\"imageMeta\":{\"aperture\":\"0\",\"credit\":\"\",\"camera\":\"\",\"caption\":\"\",\"created_timestamp\":\"0\",\"copyright\":\"\",\"focal_length\":\"0\",\"iso\":\"0\",\"shutter_speed\":\"0\",\"title\":\"\",\"orientation\":\"0\",\"keywords\":[]},\"meta\":false,\"postlink\":\"https:\/\/www.centrocliniconemo.it\/?attachment_id=24746\"},{\"id\":24760,\"title\":\"Tuscia in Jazz for SLA - poster 11\",\"url\":\"https:\/\/www.centrocliniconemo.it\/wp-content\/uploads\/2025\/06\/Tuscia-in-Jazz-for-SLA-poster-11.jpeg\",\"link\":\"https:\/\/www.centrocliniconemo.it\/?attachment_id=24760\",\"alt\":\"\",\"description\":\"\",\"caption\":\"\",\"mime\":\"image\/jpeg\",\"type\":\"image\",\"width\":500,\"height\":706,\"sizes\":{\"thumbnail\":{\"height\":150,\"width\":150,\"url\":\"https:\/\/www.centrocliniconemo.it\/wp-content\/uploads\/2025\/06\/Tuscia-in-Jazz-for-SLA-poster-11-150x150.jpeg\",\"orientation\":\"landscape\"},\"medium\":{\"height\":300,\"width\":212,\"url\":\"https:\/\/www.centrocliniconemo.it\/wp-content\/uploads\/2025\/06\/Tuscia-in-Jazz-for-SLA-poster-11-212x300.jpeg\",\"orientation\":\"portrait\"},\"full\":{\"url\":\"https:\/\/www.centrocliniconemo.it\/wp-content\/uploads\/2025\/06\/Tuscia-in-Jazz-for-SLA-poster-11.jpeg\",\"height\":706,\"width\":500,\"orientation\":\"portrait\"}},\"imageMeta\":{\"aperture\":\"0\",\"credit\":\"\",\"camera\":\"\",\"caption\":\"\",\"created_timestamp\":\"0\",\"copyright\":\"\",\"focal_length\":\"0\",\"iso\":\"0\",\"shutter_speed\":\"0\",\"title\":\"\",\"orientation\":\"0\",\"keywords\":[]},\"meta\":false,\"postlink\":\"https:\/\/www.centrocliniconemo.it\/?attachment_id=24760\"},{\"id\":24740,\"title\":\"Tuscia in Jazz for SLA - poster 01\",\"url\":\"https:\/\/www.centrocliniconemo.it\/wp-content\/uploads\/2025\/06\/Tuscia-in-Jazz-for-SLA-poster-01.jpeg\",\"link\":\"https:\/\/www.centrocliniconemo.it\/?attachment_id=24740\",\"alt\":\"\",\"description\":\"\",\"caption\":\"\",\"mime\":\"image\/jpeg\",\"type\":\"image\",\"width\":500,\"height\":707,\"sizes\":{\"thumbnail\":{\"height\":150,\"width\":150,\"url\":\"https:\/\/www.centrocliniconemo.it\/wp-content\/uploads\/2025\/06\/Tuscia-in-Jazz-for-SLA-poster-01-150x150.jpeg\",\"orientation\":\"landscape\"},\"medium\":{\"height\":300,\"width\":212,\"url\":\"https:\/\/www.centrocliniconemo.it\/wp-content\/uploads\/2025\/06\/Tuscia-in-Jazz-for-SLA-poster-01-212x300.jpeg\",\"orientation\":\"portrait\"},\"full\":{\"url\":\"https:\/\/www.centrocliniconemo.it\/wp-content\/uploads\/2025\/06\/Tuscia-in-Jazz-for-SLA-poster-01.jpeg\",\"height\":707,\"width\":500,\"orientation\":\"portrait\"}},\"imageMeta\":{\"aperture\":\"0\",\"credit\":\"\",\"camera\":\"\",\"caption\":\"\",\"created_timestamp\":\"0\",\"copyright\":\"\",\"focal_length\":\"0\",\"iso\":\"0\",\"shutter_speed\":\"0\",\"title\":\"\",\"orientation\":\"0\",\"keywords\":[]},\"meta\":false,\"postlink\":\"https:\/\/www.centrocliniconemo.it\/?attachment_id=24740\"},{\"id\":24748,\"title\":\"Tuscia in Jazz for SLA - poster 05\",\"url\":\"https:\/\/www.centrocliniconemo.it\/wp-content\/uploads\/2025\/06\/Tuscia-in-Jazz-for-SLA-poster-05.jpeg\",\"link\":\"https:\/\/www.centrocliniconemo.it\/?attachment_id=24748\",\"alt\":\"\",\"description\":\"\",\"caption\":\"\",\"mime\":\"image\/jpeg\",\"type\":\"image\",\"width\":500,\"height\":717,\"sizes\":{\"thumbnail\":{\"height\":150,\"width\":150,\"url\":\"https:\/\/www.centrocliniconemo.it\/wp-content\/uploads\/2025\/06\/Tuscia-in-Jazz-for-SLA-poster-05-150x150.jpeg\",\"orientation\":\"landscape\"},\"medium\":{\"height\":300,\"width\":209,\"url\":\"https:\/\/www.centrocliniconemo.it\/wp-content\/uploads\/2025\/06\/Tuscia-in-Jazz-for-SLA-poster-05-209x300.jpeg\",\"orientation\":\"portrait\"},\"full\":{\"url\":\"https:\/\/www.centrocliniconemo.it\/wp-content\/uploads\/2025\/06\/Tuscia-in-Jazz-for-SLA-poster-05.jpeg\",\"height\":717,\"width\":500,\"orientation\":\"portrait\"}},\"imageMeta\":{\"aperture\":\"0\",\"credit\":\"\",\"camera\":\"\",\"caption\":\"\",\"created_timestamp\":\"0\",\"copyright\":\"\",\"focal_length\":\"0\",\"iso\":\"0\",\"shutter_speed\":\"0\",\"title\":\"\",\"orientation\":\"0\",\"keywords\":[]},\"meta\":false,\"postlink\":\"https:\/\/www.centrocliniconemo.it\/?attachment_id=24748\"},{\"id\":24762,\"title\":\"Tuscia in Jazz for SLA - poster 12\",\"url\":\"https:\/\/www.centrocliniconemo.it\/wp-content\/uploads\/2025\/06\/Tuscia-in-Jazz-for-SLA-poster-12.jpeg\",\"link\":\"https:\/\/www.centrocliniconemo.it\/?attachment_id=24762\",\"alt\":\"\",\"description\":\"\",\"caption\":\"\",\"mime\":\"image\/jpeg\",\"type\":\"image\",\"width\":500,\"height\":710,\"sizes\":{\"thumbnail\":{\"height\":150,\"width\":150,\"url\":\"https:\/\/www.centrocliniconemo.it\/wp-content\/uploads\/2025\/06\/Tuscia-in-Jazz-for-SLA-poster-12-150x150.jpeg\",\"orientation\":\"landscape\"},\"medium\":{\"height\":300,\"width\":211,\"url\":\"https:\/\/www.centrocliniconemo.it\/wp-content\/uploads\/2025\/06\/Tuscia-in-Jazz-for-SLA-poster-12-211x300.jpeg\",\"orientation\":\"portrait\"},\"full\":{\"url\":\"https:\/\/www.centrocliniconemo.it\/wp-content\/uploads\/2025\/06\/Tuscia-in-Jazz-for-SLA-poster-12.jpeg\",\"height\":710,\"width\":500,\"orientation\":\"portrait\"}},\"imageMeta\":{\"aperture\":\"0\",\"credit\":\"\",\"camera\":\"\",\"caption\":\"\",\"created_timestamp\":\"0\",\"copyright\":\"\",\"focal_length\":\"0\",\"iso\":\"0\",\"shutter_speed\":\"0\",\"title\":\"\",\"orientation\":\"0\",\"keywords\":[]},\"meta\":false,\"postlink\":\"https:\/\/www.centrocliniconemo.it\/?attachment_id=24762\"},{\"id\":24764,\"title\":\"Tuscia in Jazz for SLA - poster 13\",\"url\":\"https:\/\/www.centrocliniconemo.it\/wp-content\/uploads\/2025\/06\/Tuscia-in-Jazz-for-SLA-poster-13.jpeg\",\"link\":\"https:\/\/www.centrocliniconemo.it\/?attachment_id=24764\",\"alt\":\"\",\"description\":\"\",\"caption\":\"\",\"mime\":\"image\/jpeg\",\"type\":\"image\",\"width\":500,\"height\":709,\"sizes\":{\"thumbnail\":{\"height\":150,\"width\":150,\"url\":\"https:\/\/www.centrocliniconemo.it\/wp-content\/uploads\/2025\/06\/Tuscia-in-Jazz-for-SLA-poster-13-150x150.jpeg\",\"orientation\":\"landscape\"},\"medium\":{\"height\":300,\"width\":212,\"url\":\"https:\/\/www.centrocliniconemo.it\/wp-content\/uploads\/2025\/06\/Tuscia-in-Jazz-for-SLA-poster-13-212x300.jpeg\",\"orientation\":\"portrait\"},\"full\":{\"url\":\"https:\/\/www.centrocliniconemo.it\/wp-content\/uploads\/2025\/06\/Tuscia-in-Jazz-for-SLA-poster-13.jpeg\",\"height\":709,\"width\":500,\"orientation\":\"portrait\"}},\"imageMeta\":{\"aperture\":\"0\",\"credit\":\"\",\"camera\":\"\",\"caption\":\"\",\"created_timestamp\":\"0\",\"copyright\":\"\",\"focal_length\":\"0\",\"iso\":\"0\",\"shutter_speed\":\"0\",\"title\":\"\",\"orientation\":\"0\",\"keywords\":[]},\"meta\":false,\"postlink\":\"https:\/\/www.centrocliniconemo.it\/?attachment_id=24764\"},{\"id\":24750,\"title\":\"Tuscia in Jazz for SLA - poster 06\",\"url\":\"https:\/\/www.centrocliniconemo.it\/wp-content\/uploads\/2025\/06\/Tuscia-in-Jazz-for-SLA-poster-06.jpeg\",\"link\":\"https:\/\/www.centrocliniconemo.it\/?attachment_id=24750\",\"alt\":\"\",\"description\":\"\",\"caption\":\"\",\"mime\":\"image\/jpeg\",\"type\":\"image\",\"width\":500,\"height\":714,\"sizes\":{\"thumbnail\":{\"height\":150,\"width\":150,\"url\":\"https:\/\/www.centrocliniconemo.it\/wp-content\/uploads\/2025\/06\/Tuscia-in-Jazz-for-SLA-poster-06-150x150.jpeg\",\"orientation\":\"landscape\"},\"medium\":{\"height\":300,\"width\":210,\"url\":\"https:\/\/www.centrocliniconemo.it\/wp-content\/uploads\/2025\/06\/Tuscia-in-Jazz-for-SLA-poster-06-210x300.jpeg\",\"orientation\":\"portrait\"},\"full\":{\"url\":\"https:\/\/www.centrocliniconemo.it\/wp-content\/uploads\/2025\/06\/Tuscia-in-Jazz-for-SLA-poster-06.jpeg\",\"height\":714,\"width\":500,\"orientation\":\"portrait\"}},\"imageMeta\":{\"aperture\":\"0\",\"credit\":\"\",\"camera\":\"\",\"caption\":\"\",\"created_timestamp\":\"0\",\"copyright\":\"\",\"focal_length\":\"0\",\"iso\":\"0\",\"shutter_speed\":\"0\",\"title\":\"\",\"orientation\":\"0\",\"keywords\":[]},\"meta\":false,\"postlink\":\"https:\/\/www.centrocliniconemo.it\/?attachment_id=24750\"},{\"id\":24752,\"title\":\"Tuscia in Jazz for SLA - poster 07\",\"url\":\"https:\/\/www.centrocliniconemo.it\/wp-content\/uploads\/2025\/06\/Tuscia-in-Jazz-for-SLA-poster-07.jpeg\",\"link\":\"https:\/\/www.centrocliniconemo.it\/?attachment_id=24752\",\"alt\":\"\",\"description\":\"\",\"caption\":\"\",\"mime\":\"image\/jpeg\",\"type\":\"image\",\"width\":500,\"height\":714,\"sizes\":{\"thumbnail\":{\"height\":150,\"width\":150,\"url\":\"https:\/\/www.centrocliniconemo.it\/wp-content\/uploads\/2025\/06\/Tuscia-in-Jazz-for-SLA-poster-07-150x150.jpeg\",\"orientation\":\"landscape\"},\"medium\":{\"height\":300,\"width\":210,\"url\":\"https:\/\/www.centrocliniconemo.it\/wp-content\/uploads\/2025\/06\/Tuscia-in-Jazz-for-SLA-poster-07-210x300.jpeg\",\"orientation\":\"portrait\"},\"full\":{\"url\":\"https:\/\/www.centrocliniconemo.it\/wp-content\/uploads\/2025\/06\/Tuscia-in-Jazz-for-SLA-poster-07.jpeg\",\"height\":714,\"width\":500,\"orientation\":\"portrait\"}},\"imageMeta\":{\"aperture\":\"0\",\"credit\":\"\",\"camera\":\"\",\"caption\":\"\",\"created_timestamp\":\"0\",\"copyright\":\"\",\"focal_length\":\"0\",\"iso\":\"0\",\"shutter_speed\":\"0\",\"title\":\"\",\"orientation\":\"0\",\"keywords\":[]},\"meta\":false,\"postlink\":\"https:\/\/www.centrocliniconemo.it\/?attachment_id=24752\"},{\"id\":24744,\"title\":\"Tuscia in Jazz for SLA - poster 03\",\"url\":\"https:\/\/www.centrocliniconemo.it\/wp-content\/uploads\/2025\/06\/Tuscia-in-Jazz-for-SLA-poster-03.jpg\",\"link\":\"https:\/\/www.centrocliniconemo.it\/?attachment_id=24744\",\"alt\":\"\",\"description\":\"\",\"caption\":\"\",\"mime\":\"image\/jpeg\",\"type\":\"image\",\"width\":500,\"height\":710,\"sizes\":{\"thumbnail\":{\"height\":150,\"width\":150,\"url\":\"https:\/\/www.centrocliniconemo.it\/wp-content\/uploads\/2025\/06\/Tuscia-in-Jazz-for-SLA-poster-03-150x150.jpg\",\"orientation\":\"landscape\"},\"medium\":{\"height\":300,\"width\":211,\"url\":\"https:\/\/www.centrocliniconemo.it\/wp-content\/uploads\/2025\/06\/Tuscia-in-Jazz-for-SLA-poster-03-211x300.jpg\",\"orientation\":\"portrait\"},\"full\":{\"url\":\"https:\/\/www.centrocliniconemo.it\/wp-content\/uploads\/2025\/06\/Tuscia-in-Jazz-for-SLA-poster-03.jpg\",\"height\":710,\"width\":500,\"orientation\":\"portrait\"}},\"imageMeta\":{\"aperture\":\"0\",\"credit\":\"\",\"camera\":\"\",\"caption\":\"\",\"created_timestamp\":\"1742422779\",\"copyright\":\"\",\"focal_length\":\"0\",\"iso\":\"0\",\"shutter_speed\":\"0\",\"title\":\"\",\"orientation\":\"0\",\"keywords\":[]},\"meta\":false,\"postlink\":\"https:\/\/www.centrocliniconemo.it\/?attachment_id=24744\"},{\"id\":24768,\"title\":\"Tuscia in Jazz for SLA - poster 15\",\"url\":\"https:\/\/www.centrocliniconemo.it\/wp-content\/uploads\/2025\/06\/Tuscia-in-Jazz-for-SLA-poster-15.jpeg\",\"link\":\"https:\/\/www.centrocliniconemo.it\/?attachment_id=24768\",\"alt\":\"\",\"description\":\"\",\"caption\":\"\",\"mime\":\"image\/jpeg\",\"type\":\"image\",\"width\":500,\"height\":712,\"sizes\":{\"thumbnail\":{\"height\":150,\"width\":150,\"url\":\"https:\/\/www.centrocliniconemo.it\/wp-content\/uploads\/2025\/06\/Tuscia-in-Jazz-for-SLA-poster-15-150x150.jpeg\",\"orientation\":\"landscape\"},\"medium\":{\"height\":300,\"width\":211,\"url\":\"https:\/\/www.centrocliniconemo.it\/wp-content\/uploads\/2025\/06\/Tuscia-in-Jazz-for-SLA-poster-15-211x300.jpeg\",\"orientation\":\"portrait\"},\"full\":{\"url\":\"https:\/\/www.centrocliniconemo.it\/wp-content\/uploads\/2025\/06\/Tuscia-in-Jazz-for-SLA-poster-15.jpeg\",\"height\":712,\"width\":500,\"orientation\":\"portrait\"}},\"imageMeta\":{\"aperture\":\"0\",\"credit\":\"\",\"camera\":\"\",\"caption\":\"\",\"created_timestamp\":\"0\",\"copyright\":\"\",\"focal_length\":\"0\",\"iso\":\"0\",\"shutter_speed\":\"0\",\"title\":\"\",\"orientation\":\"0\",\"keywords\":[]},\"meta\":false,\"postlink\":\"https:\/\/www.centrocliniconemo.it\/?attachment_id=24768\"},{\"id\":24758,\"title\":\"Tuscia in Jazz for SLA - poster 10\",\"url\":\"https:\/\/www.centrocliniconemo.it\/wp-content\/uploads\/2025\/06\/Tuscia-in-Jazz-for-SLA-poster-10.jpeg\",\"link\":\"https:\/\/www.centrocliniconemo.it\/?attachment_id=24758\",\"alt\":\"\",\"description\":\"\",\"caption\":\"\",\"mime\":\"image\/jpeg\",\"type\":\"image\",\"width\":500,\"height\":711,\"sizes\":{\"thumbnail\":{\"height\":150,\"width\":150,\"url\":\"https:\/\/www.centrocliniconemo.it\/wp-content\/uploads\/2025\/06\/Tuscia-in-Jazz-for-SLA-poster-10-150x150.jpeg\",\"orientation\":\"landscape\"},\"medium\":{\"height\":300,\"width\":211,\"url\":\"https:\/\/www.centrocliniconemo.it\/wp-content\/uploads\/2025\/06\/Tuscia-in-Jazz-for-SLA-poster-10-211x300.jpeg\",\"orientation\":\"portrait\"},\"full\":{\"url\":\"https:\/\/www.centrocliniconemo.it\/wp-content\/uploads\/2025\/06\/Tuscia-in-Jazz-for-SLA-poster-10.jpeg\",\"height\":711,\"width\":500,\"orientation\":\"portrait\"}},\"imageMeta\":{\"aperture\":\"0\",\"credit\":\"\",\"camera\":\"\",\"caption\":\"\",\"created_timestamp\":\"0\",\"copyright\":\"\",\"focal_length\":\"0\",\"iso\":\"0\",\"shutter_speed\":\"0\",\"title\":\"\",\"orientation\":\"0\",\"keywords\":[]},\"meta\":false,\"postlink\":\"https:\/\/www.centrocliniconemo.it\/?attachment_id=24758\"},{\"id\":24756,\"title\":\"Tuscia in Jazz for SLA - poster 09\",\"url\":\"https:\/\/www.centrocliniconemo.it\/wp-content\/uploads\/2025\/06\/Tuscia-in-Jazz-for-SLA-poster-09.jpeg\",\"link\":\"https:\/\/www.centrocliniconemo.it\/?attachment_id=24756\",\"alt\":\"\",\"description\":\"\",\"caption\":\"\",\"mime\":\"image\/jpeg\",\"type\":\"image\",\"width\":500,\"height\":708,\"sizes\":{\"thumbnail\":{\"height\":150,\"width\":150,\"url\":\"https:\/\/www.centrocliniconemo.it\/wp-content\/uploads\/2025\/06\/Tuscia-in-Jazz-for-SLA-poster-09-150x150.jpeg\",\"orientation\":\"landscape\"},\"medium\":{\"height\":300,\"width\":212,\"url\":\"https:\/\/www.centrocliniconemo.it\/wp-content\/uploads\/2025\/06\/Tuscia-in-Jazz-for-SLA-poster-09-212x300.jpeg\",\"orientation\":\"portrait\"},\"full\":{\"url\":\"https:\/\/www.centrocliniconemo.it\/wp-content\/uploads\/2025\/06\/Tuscia-in-Jazz-for-SLA-poster-09.jpeg\",\"height\":708,\"width\":500,\"orientation\":\"portrait\"}},\"imageMeta\":{\"aperture\":\"0\",\"credit\":\"\",\"camera\":\"\",\"caption\":\"\",\"created_timestamp\":\"0\",\"copyright\":\"\",\"focal_length\":\"0\",\"iso\":\"0\",\"shutter_speed\":\"0\",\"title\":\"\",\"orientation\":\"0\",\"keywords\":[]},\"meta\":false,\"postlink\":\"https:\/\/www.centrocliniconemo.it\/?attachment_id=24756\"},{\"id\":24766,\"title\":\"Tuscia in Jazz for SLA - poster 14\",\"url\":\"https:\/\/www.centrocliniconemo.it\/wp-content\/uploads\/2025\/06\/Tuscia-in-Jazz-for-SLA-poster-14.jpeg\",\"link\":\"https:\/\/www.centrocliniconemo.it\/?attachment_id=24766\",\"alt\":\"\",\"description\":\"\",\"caption\":\"\",\"mime\":\"image\/jpeg\",\"type\":\"image\",\"width\":500,\"height\":712,\"sizes\":{\"thumbnail\":{\"height\":150,\"width\":150,\"url\":\"https:\/\/www.centrocliniconemo.it\/wp-content\/uploads\/2025\/06\/Tuscia-in-Jazz-for-SLA-poster-14-150x150.jpeg\",\"orientation\":\"landscape\"},\"medium\":{\"height\":300,\"width\":211,\"url\":\"https:\/\/www.centrocliniconemo.it\/wp-content\/uploads\/2025\/06\/Tuscia-in-Jazz-for-SLA-poster-14-211x300.jpeg\",\"orientation\":\"portrait\"},\"full\":{\"url\":\"https:\/\/www.centrocliniconemo.it\/wp-content\/uploads\/2025\/06\/Tuscia-in-Jazz-for-SLA-poster-14.jpeg\",\"height\":712,\"width\":500,\"orientation\":\"portrait\"}},\"imageMeta\":{\"aperture\":\"0\",\"credit\":\"\",\"camera\":\"\",\"caption\":\"\",\"created_timestamp\":\"0\",\"copyright\":\"\",\"focal_length\":\"0\",\"iso\":\"0\",\"shutter_speed\":\"0\",\"title\":\"\",\"orientation\":\"0\",\"keywords\":[]},\"meta\":false,\"postlink\":\"https:\/\/www.centrocliniconemo.it\/?attachment_id=24766\"}],\"jetDynamicVisibility\":{\"jedv_enabled\":false},\"jetPopupInstance\":\"none\",\"jetPopupTriggerType\":\"none\",\"jetPopupCustomSelector\":\"\",\"jetPopupIsJetEngine\":false,\"itemsMetaDataCollection\":[]}<\/script><script>(function(){if(window.PGC_SGB && window.PGC_SGB.searcher){window.PGC_SGB.searcher.initBlocks()}})()<\/script><\/div>\n\n\n<h2 class=\"wp-block-heading\"><strong>La ricerca al centro: NeMO Roma e l\u2019obiettivo 2025<\/strong>&nbsp;<\/h2>\n\n\n\n<p>L\u2019edizione 2024 aveva permesso di donare <strong>15.000 euro<\/strong>\u202fal <em><a href=\"https:\/\/www.centrocliniconemo.it\/pazienti\/sedi-nemo\/nemo-roma\/\">Centro Clinico NeMO di Roma area adulti<\/a><\/em>, struttura d\u2019eccellenza per la cura della SLA e delle malattie neuromuscolari, diretta dal <em>Prof. Mario Sabatelli<\/em>\u202fe attiva presso il Policlinico Universitario A. Gemelli.\u00a0<\/p>\n\n\n\n<p>La donazione del 2025 andr\u00e0 a sostenere un <strong>progetto di cura e ricerca clinica<\/strong>\u202f(per l\u2019identificazione di <strong>biomarcatori<\/strong>\u202ftramite <strong>proteomica<\/strong>\u202fsu fibroblasti di persone affette da SLA). Lo studio mira a individuare <strong>nuovi target terapeutici<\/strong>.\u00a0<\/p>\n\n\n\n<p>Eventi di raccolta come il <strong>Natale di solidariet\u00e0<\/strong>, il concerto del <em>Cedric Shannon Rives Gospel Choir<\/em>\u202fe la partecipazione travolgente dei <em>7 Hills Gospel Singers<\/em>\u202fhanno dato vita a uno straordinario <strong>\u201ctsunami di generosit\u00e0\u201d<\/strong>\u202fche ha lasciato un segno concreto sul territorio e nel cuore delle persone.&nbsp;<\/p>\n\n\n\n<figure class=\"wp-block-gallery has-nested-images columns-default is-cropped wp-block-gallery-2 is-layout-flex wp-block-gallery-is-layout-flex\">\n<figure class=\"wp-block-image size-large\"><img loading=\"lazy\" decoding=\"async\" width=\"712\" height=\"512\" data-id=\"24782\" src=\"https:\/\/www.centrocliniconemo.it\/wp-content\/uploads\/2025\/06\/Tuscia-in-Jazz-for-SLA-NeMO-Roma-07.png\" alt=\"\" class=\"wp-image-24782\" srcset=\"https:\/\/www.centrocliniconemo.it\/wp-content\/uploads\/2025\/06\/Tuscia-in-Jazz-for-SLA-NeMO-Roma-07.png 712w, https:\/\/www.centrocliniconemo.it\/wp-content\/uploads\/2025\/06\/Tuscia-in-Jazz-for-SLA-NeMO-Roma-07-300x216.png 300w\" sizes=\"(max-width: 712px) 100vw, 712px\" \/><\/figure>\n\n\n\n<figure class=\"wp-block-image size-large\"><img loading=\"lazy\" decoding=\"async\" width=\"712\" height=\"512\" data-id=\"24784\" src=\"https:\/\/www.centrocliniconemo.it\/wp-content\/uploads\/2025\/06\/Tuscia-in-Jazz-for-SLA-NeMO-Roma-09.png\" alt=\"\" class=\"wp-image-24784\" srcset=\"https:\/\/www.centrocliniconemo.it\/wp-content\/uploads\/2025\/06\/Tuscia-in-Jazz-for-SLA-NeMO-Roma-09.png 712w, https:\/\/www.centrocliniconemo.it\/wp-content\/uploads\/2025\/06\/Tuscia-in-Jazz-for-SLA-NeMO-Roma-09-300x216.png 300w\" sizes=\"(max-width: 712px) 100vw, 712px\" \/><\/figure>\n\n\n\n<figure class=\"wp-block-image size-large\"><img loading=\"lazy\" decoding=\"async\" width=\"712\" height=\"512\" data-id=\"24786\" src=\"https:\/\/www.centrocliniconemo.it\/wp-content\/uploads\/2025\/06\/Tuscia-in-Jazz-for-SLA-NeMO-Roma-08.png\" alt=\"\" class=\"wp-image-24786\" srcset=\"https:\/\/www.centrocliniconemo.it\/wp-content\/uploads\/2025\/06\/Tuscia-in-Jazz-for-SLA-NeMO-Roma-08.png 712w, https:\/\/www.centrocliniconemo.it\/wp-content\/uploads\/2025\/06\/Tuscia-in-Jazz-for-SLA-NeMO-Roma-08-300x216.png 300w\" sizes=\"(max-width: 712px) 100vw, 712px\" \/><\/figure>\n<\/figure>\n\n\n\n<p>Questa grande ondata di impegno ha catalizzato il supporto di figure istituzionali e culturali di primo piano. Dal <strong>Presidente della Provincia di Viterbo<\/strong>, affiancato da <strong>decine di sindaci<\/strong>, alla <strong>Comunit\u00e0 Montana dei Cimini<\/strong>. Passando per il <strong>Rettore dell\u2019Universit\u00e0 della Tuscia<\/strong>\u202fe il <strong>Vescovo della Diocesi di Viterbo<\/strong>. Un coinvolgimento che ha abbracciato anche il mondo della cultura e dello spettacolo, con il sostegno degli organizzatori del <em>Tuscia Film Festival<\/em>\u202fe dell\u2019<em>Italian Film Festival Berlin<\/em>.\u00a0<\/p>\n\n\n\n<blockquote class=\"wp-block-quote is-layout-flow wp-block-quote-is-layout-flow\">\n<p><strong><em>\u201cSiamo riusciti a coinvolgere ben 30 comuni della provincia di Viterbo, ma la cosa pi\u00f9 sorprendente \u00e8 la generosit\u00e0 delle persone comuni. [\u2026] Vogliamo costruire una sensibilit\u00e0 collettiva, qualcosa che parta dal basso e duri per sempre. Vogliamo sostenere i visionari e i sognatori, coloro che danno speranza a noi malati.\u201d<\/em><\/strong>\u00a0<br>\u2013 <em>Italo Leali<\/em>\u00a0<\/p>\n<\/blockquote>\n\n\n\n<p>Colpito dalla SLA nel 2022, <em>Italo Leali<\/em>, \u202fha scelto di non arrendersi. Ma piuttosto di creare qualcosa per tutti coloro che vivono la stessa condizione. Musicista, promotore culturale, anima del jazz nella Tuscia, oggi \u00e8 anche un esempio vivente di come si possa trasformare il dolore in forza creativa. \u00c8 uno dei pi\u00f9 attivi sostenitori e donatori del <em>Centro Clinico NeMO di Roma<\/em>. Attraverso il festival che ha fondato, ha deciso di mettere la sua voce, le sue relazioni, la sua storia <strong>al servizio della ricerca e della comunit\u00e0<\/strong>. E come aggiunge con profonda semplicit\u00e0: <\/p>\n\n\n\n<blockquote class=\"wp-block-quote is-layout-flow wp-block-quote-is-layout-flow\">\n<p><strong>\u201c<em>Quando penso alla mobilitazione di cos\u00ec tante persone, dai bambini agli adulti, capisco che l\u2019amore e la solidariet\u00e0 sono le forze pi\u00f9 potenti di cui disponiamo.<\/em>\u201d\u00a0<\/strong><\/p>\n<\/blockquote>\n\n\n\n<h2 class=\"wp-block-heading\"><strong>Dove seguire aggiornamenti, novit\u00e0 e prenotazioni<\/strong>&nbsp;<\/h2>\n\n\n\n<p><em>Tuscia in Jazz for SLA<\/em>\u202f\u00e8 un viaggio musicale lungo tutto l\u2019anno. Una <strong>\u201cgoduria\u201d per gli appassionati<\/strong>, ma anche una <strong>forza che muove cuori e coscienze<\/strong>. Ogni nota \u00e8 una <strong>promessa<\/strong>. I concerti, un <strong>atto d\u2019amore<\/strong>. Ogni partecipante, un <strong>sostenitore della speranza<\/strong>.\u00a0<\/p>\n\n\n\n<p>Per restare aggiornati sul programma e prenotare i posti, \u00e8 attiva la <strong><a href=\"https:\/\/www.facebook.com\/tusciainjazz\/events\/?id=100028578056700&amp;sk=events\">pagina Facebook ufficiale di Tuscia in Jazz for SLA<\/a><\/strong>. Nella sezione <em>Eventi<\/em>\u202fvengono pubblicate tutte le informazioni aggiornate: date, orari, location e artisti.\u00a0<\/p>\n\n\n\n<p>\ud83d\udccc <strong>Contatti utili:<\/strong> <a href=\"mailto:info@tusciainjazzforsla.it\" target=\"_blank\" rel=\"noreferrer noopener\"><strong>info@tusciainjazzforsla.it<\/strong><\/a>&nbsp;<\/p>\n\n\n\n<figure class=\"wp-block-gallery has-nested-images columns-default is-cropped wp-block-gallery-3 is-layout-flex wp-block-gallery-is-layout-flex\">\n<figure class=\"wp-block-image size-large\"><img loading=\"lazy\" decoding=\"async\" width=\"712\" height=\"512\" data-id=\"24780\" src=\"https:\/\/www.centrocliniconemo.it\/wp-content\/uploads\/2025\/06\/Tuscia-in-Jazz-for-SLA-NeMO-Roma-06.jpg\" alt=\"\" class=\"wp-image-24780\" srcset=\"https:\/\/www.centrocliniconemo.it\/wp-content\/uploads\/2025\/06\/Tuscia-in-Jazz-for-SLA-NeMO-Roma-06.jpg 712w, https:\/\/www.centrocliniconemo.it\/wp-content\/uploads\/2025\/06\/Tuscia-in-Jazz-for-SLA-NeMO-Roma-06-300x216.jpg 300w\" sizes=\"(max-width: 712px) 100vw, 712px\" \/><\/figure>\n\n\n\n<figure class=\"wp-block-image size-large\"><img loading=\"lazy\" decoding=\"async\" width=\"768\" height=\"512\" data-id=\"24778\" src=\"https:\/\/www.centrocliniconemo.it\/wp-content\/uploads\/2025\/06\/Tuscia-in-Jazz-for-SLA-NeMO-Roma-05.jpg\" alt=\"\" class=\"wp-image-24778\" srcset=\"https:\/\/www.centrocliniconemo.it\/wp-content\/uploads\/2025\/06\/Tuscia-in-Jazz-for-SLA-NeMO-Roma-05.jpg 768w, https:\/\/www.centrocliniconemo.it\/wp-content\/uploads\/2025\/06\/Tuscia-in-Jazz-for-SLA-NeMO-Roma-05-300x200.jpg 300w\" sizes=\"(max-width: 768px) 100vw, 768px\" \/><\/figure>\n<\/figure>\n\n\n\n<p><\/p>\n","protected":false},"excerpt":{"rendered":"<p>Roma, 20 Giugno 2025 &#8211; Nel cuore autentico della Tuscia, tra piazze, teatri e scorci incantati, nasce un festival dove la bellezza non \u00e8 solo paesaggio ma partecipazione. Dove la musica non \u00e8 solo arte, ma strumento di speranza. Tuscia in Jazz for SLA\u202f\u00e8 molto pi\u00f9 di un evento culturale. Piuttosto un movimento corale di [&hellip;]<\/p>\n","protected":false},"author":2,"featured_media":24780,"comment_status":"closed","ping_status":"closed","sticky":false,"template":"","format":"standard","meta":{"pgc_sgb_lightbox_settings":"","footnotes":""},"categories":[17,1],"tags":[242],"class_list":["post-24739","post","type-post","status-publish","format-standard","has-post-thumbnail","hentry","category-iniziative-ed-eventi","category-storie-di-nemo","tag-tuscia-in-jazz"],"yoast_head":"<!-- This site is optimized with the Yoast SEO plugin v27.4 - https:\/\/yoast.com\/product\/yoast-seo-wordpress\/ -->\n<title>Tuscia in Jazz for SLA. Grandi artisti, concerti ed emozioni per sostenere la ricerca sulla SLA - Centro Clinico NeMO<\/title>\n<meta name=\"description\" content=\"Tuscia in Jazz for SLA: grandi concerti e solidariet\u00e0 per sostenere la ricerca sulla SLA. Si parte il 21 giugno da Civita di Bagnoregio. Scopri di pi\u00f9.\" \/>\n<meta name=\"robots\" content=\"index, follow, max-snippet:-1, max-image-preview:large, max-video-preview:-1\" \/>\n<link rel=\"canonical\" href=\"https:\/\/www.centrocliniconemo.it\/en\/blog\/tuscia-in-jazz-for-sla-festival-solidarieta-ricerca\/\" \/>\n<meta property=\"og:locale\" content=\"en_US\" \/>\n<meta property=\"og:type\" content=\"article\" \/>\n<meta property=\"og:title\" content=\"Tuscia in Jazz for SLA. Grandi artisti, concerti ed emozioni per sostenere la ricerca sulla SLA\u00a0\" \/>\n<meta property=\"og:description\" content=\"Tuscia in Jazz for SLA: grandi concerti e solidariet\u00e0 per sostenere la ricerca sulla SLA. Si parte il 21 giugno da Civita di Bagnoregio. Scopri di pi\u00f9.\" \/>\n<meta property=\"og:url\" content=\"https:\/\/www.centrocliniconemo.it\/en\/blog\/tuscia-in-jazz-for-sla-festival-solidarieta-ricerca\/\" \/>\n<meta property=\"og:site_name\" content=\"Centro Clinico NeMO\" \/>\n<meta property=\"article:publisher\" content=\"https:\/\/www.facebook.com\/CentroNEMOItalia\" \/>\n<meta property=\"article:published_time\" content=\"2025-06-20T10:33:33+00:00\" \/>\n<meta property=\"article:modified_time\" content=\"2025-06-20T10:37:53+00:00\" \/>\n<meta property=\"og:image\" content=\"https:\/\/www.centrocliniconemo.it\/wp-content\/uploads\/2025\/06\/Tuscia-in-Jazz-for-SLA-NeMO-Roma-04.jpg\" \/>\n\t<meta property=\"og:image:width\" content=\"768\" \/>\n\t<meta property=\"og:image:height\" content=\"512\" \/>\n\t<meta property=\"og:image:type\" content=\"image\/jpeg\" \/>\n<meta name=\"author\" content=\"Luca Biondi\" \/>\n<meta name=\"twitter:card\" content=\"summary_large_image\" \/>\n<meta name=\"twitter:title\" content=\"Tuscia in Jazz for SLA. Grandi artisti, concerti ed emozioni per sostenere la ricerca sulla SLA\u00a0\" \/>\n<meta name=\"twitter:description\" content=\"Tuscia in Jazz for SLA: grandi concerti e solidariet\u00e0 per sostenere la ricerca sulla SLA. Si parte il 21 giugno da Civita di Bagnoregio. Scopri di pi\u00f9.\" \/>\n<meta name=\"twitter:image\" content=\"https:\/\/www.centrocliniconemo.it\/wp-content\/uploads\/2025\/06\/Tuscia-in-Jazz-for-SLA-NeMO-Roma-04.jpg\" \/>\n<meta name=\"twitter:creator\" content=\"@CentroNemo\" \/>\n<meta name=\"twitter:site\" content=\"@CentroNemo\" \/>\n<meta name=\"twitter:label1\" content=\"Written by\" \/>\n\t<meta name=\"twitter:data1\" content=\"Luca Biondi\" \/>\n\t<meta name=\"twitter:label2\" content=\"Est. reading time\" \/>\n\t<meta name=\"twitter:data2\" content=\"10 minutes\" \/>\n<script type=\"application\/ld+json\" class=\"yoast-schema-graph\">{\"@context\":\"https:\\\/\\\/schema.org\",\"@graph\":[{\"@type\":\"Article\",\"@id\":\"https:\\\/\\\/www.centrocliniconemo.it\\\/en\\\/blog\\\/tuscia-in-jazz-for-sla-festival-solidarieta-ricerca\\\/#article\",\"isPartOf\":{\"@id\":\"https:\\\/\\\/www.centrocliniconemo.it\\\/en\\\/blog\\\/tuscia-in-jazz-for-sla-festival-solidarieta-ricerca\\\/\"},\"author\":{\"name\":\"Luca Biondi\",\"@id\":\"https:\\\/\\\/www.centrocliniconemo.it\\\/en\\\/#\\\/schema\\\/person\\\/9331a87c0a8ee435c61f5dd498531434\"},\"headline\":\"Tuscia in Jazz for SLA. Grandi artisti, concerti ed emozioni per sostenere la ricerca sulla SLA\",\"datePublished\":\"2025-06-20T10:33:33+00:00\",\"dateModified\":\"2025-06-20T10:37:53+00:00\",\"mainEntityOfPage\":{\"@id\":\"https:\\\/\\\/www.centrocliniconemo.it\\\/en\\\/blog\\\/tuscia-in-jazz-for-sla-festival-solidarieta-ricerca\\\/\"},\"wordCount\":960,\"publisher\":{\"@id\":\"https:\\\/\\\/www.centrocliniconemo.it\\\/en\\\/#organization\"},\"image\":{\"@id\":\"https:\\\/\\\/www.centrocliniconemo.it\\\/en\\\/blog\\\/tuscia-in-jazz-for-sla-festival-solidarieta-ricerca\\\/#primaryimage\"},\"thumbnailUrl\":\"https:\\\/\\\/www.centrocliniconemo.it\\\/wp-content\\\/uploads\\\/2025\\\/06\\\/Tuscia-in-Jazz-for-SLA-NeMO-Roma-06.jpg\",\"keywords\":[\"Tuscia in Jazz\"],\"articleSection\":[\"Iniziative ed eventi\",\"Storie di NeMO\"],\"inLanguage\":\"en-US\"},{\"@type\":\"WebPage\",\"@id\":\"https:\\\/\\\/www.centrocliniconemo.it\\\/en\\\/blog\\\/tuscia-in-jazz-for-sla-festival-solidarieta-ricerca\\\/\",\"url\":\"https:\\\/\\\/www.centrocliniconemo.it\\\/en\\\/blog\\\/tuscia-in-jazz-for-sla-festival-solidarieta-ricerca\\\/\",\"name\":\"Tuscia in Jazz for SLA. Grandi artisti, concerti ed emozioni per sostenere la ricerca sulla SLA - Centro Clinico NeMO\",\"isPartOf\":{\"@id\":\"https:\\\/\\\/www.centrocliniconemo.it\\\/en\\\/#website\"},\"primaryImageOfPage\":{\"@id\":\"https:\\\/\\\/www.centrocliniconemo.it\\\/en\\\/blog\\\/tuscia-in-jazz-for-sla-festival-solidarieta-ricerca\\\/#primaryimage\"},\"image\":{\"@id\":\"https:\\\/\\\/www.centrocliniconemo.it\\\/en\\\/blog\\\/tuscia-in-jazz-for-sla-festival-solidarieta-ricerca\\\/#primaryimage\"},\"thumbnailUrl\":\"https:\\\/\\\/www.centrocliniconemo.it\\\/wp-content\\\/uploads\\\/2025\\\/06\\\/Tuscia-in-Jazz-for-SLA-NeMO-Roma-06.jpg\",\"datePublished\":\"2025-06-20T10:33:33+00:00\",\"dateModified\":\"2025-06-20T10:37:53+00:00\",\"description\":\"Tuscia in Jazz for SLA: grandi concerti e solidariet\u00e0 per sostenere la ricerca sulla SLA. Si parte il 21 giugno da Civita di Bagnoregio. Scopri di pi\u00f9.\",\"breadcrumb\":{\"@id\":\"https:\\\/\\\/www.centrocliniconemo.it\\\/en\\\/blog\\\/tuscia-in-jazz-for-sla-festival-solidarieta-ricerca\\\/#breadcrumb\"},\"inLanguage\":\"en-US\",\"potentialAction\":[{\"@type\":\"ReadAction\",\"target\":[\"https:\\\/\\\/www.centrocliniconemo.it\\\/en\\\/blog\\\/tuscia-in-jazz-for-sla-festival-solidarieta-ricerca\\\/\"]}]},{\"@type\":\"ImageObject\",\"inLanguage\":\"en-US\",\"@id\":\"https:\\\/\\\/www.centrocliniconemo.it\\\/en\\\/blog\\\/tuscia-in-jazz-for-sla-festival-solidarieta-ricerca\\\/#primaryimage\",\"url\":\"https:\\\/\\\/www.centrocliniconemo.it\\\/wp-content\\\/uploads\\\/2025\\\/06\\\/Tuscia-in-Jazz-for-SLA-NeMO-Roma-06.jpg\",\"contentUrl\":\"https:\\\/\\\/www.centrocliniconemo.it\\\/wp-content\\\/uploads\\\/2025\\\/06\\\/Tuscia-in-Jazz-for-SLA-NeMO-Roma-06.jpg\",\"width\":712,\"height\":512},{\"@type\":\"BreadcrumbList\",\"@id\":\"https:\\\/\\\/www.centrocliniconemo.it\\\/en\\\/blog\\\/tuscia-in-jazz-for-sla-festival-solidarieta-ricerca\\\/#breadcrumb\",\"itemListElement\":[{\"@type\":\"ListItem\",\"position\":1,\"name\":\"Home\",\"item\":\"https:\\\/\\\/www.centrocliniconemo.it\\\/en\\\/\"},{\"@type\":\"ListItem\",\"position\":2,\"name\":\"Tuscia in Jazz for SLA. Grandi artisti, concerti ed emozioni per sostenere la ricerca sulla SLA\"}]},{\"@type\":\"WebSite\",\"@id\":\"https:\\\/\\\/www.centrocliniconemo.it\\\/en\\\/#website\",\"url\":\"https:\\\/\\\/www.centrocliniconemo.it\\\/en\\\/\",\"name\":\"Centro Clinico NeMO\",\"description\":\"Il paziente al centro\",\"publisher\":{\"@id\":\"https:\\\/\\\/www.centrocliniconemo.it\\\/en\\\/#organization\"},\"potentialAction\":[{\"@type\":\"SearchAction\",\"target\":{\"@type\":\"EntryPoint\",\"urlTemplate\":\"https:\\\/\\\/www.centrocliniconemo.it\\\/en\\\/?s={search_term_string}\"},\"query-input\":{\"@type\":\"PropertyValueSpecification\",\"valueRequired\":true,\"valueName\":\"search_term_string\"}}],\"inLanguage\":\"en-US\"},{\"@type\":\"Organization\",\"@id\":\"https:\\\/\\\/www.centrocliniconemo.it\\\/en\\\/#organization\",\"name\":\"Centro Clinico NeMO - Fondazione Serena Onlus\",\"url\":\"https:\\\/\\\/www.centrocliniconemo.it\\\/en\\\/\",\"logo\":{\"@type\":\"ImageObject\",\"inLanguage\":\"en-US\",\"@id\":\"https:\\\/\\\/www.centrocliniconemo.it\\\/en\\\/#\\\/schema\\\/logo\\\/image\\\/\",\"url\":\"https:\\\/\\\/www.centrocliniconemo.it\\\/wp-content\\\/uploads\\\/2023\\\/03\\\/logo-nemo.svg\",\"contentUrl\":\"https:\\\/\\\/www.centrocliniconemo.it\\\/wp-content\\\/uploads\\\/2023\\\/03\\\/logo-nemo.svg\",\"width\":272,\"height\":109.142,\"caption\":\"Centro Clinico NeMO - Fondazione Serena Onlus\"},\"image\":{\"@id\":\"https:\\\/\\\/www.centrocliniconemo.it\\\/en\\\/#\\\/schema\\\/logo\\\/image\\\/\"},\"sameAs\":[\"https:\\\/\\\/www.facebook.com\\\/CentroNEMOItalia\",\"https:\\\/\\\/x.com\\\/CentroNemo\",\"https:\\\/\\\/www.linkedin.com\\\/company\\\/centrocliniconemo\\\/\",\"https:\\\/\\\/www.instagram.com\\\/centrocliniconemo\\\/\"]},{\"@type\":\"Person\",\"@id\":\"https:\\\/\\\/www.centrocliniconemo.it\\\/en\\\/#\\\/schema\\\/person\\\/9331a87c0a8ee435c61f5dd498531434\",\"name\":\"Luca Biondi\",\"image\":{\"@type\":\"ImageObject\",\"inLanguage\":\"en-US\",\"@id\":\"https:\\\/\\\/secure.gravatar.com\\\/avatar\\\/0488b88829885ebcc9896de947265b69d2979e6dc4666b1e2c3d4fbf8dc73d77?s=96&d=mm&r=g\",\"url\":\"https:\\\/\\\/secure.gravatar.com\\\/avatar\\\/0488b88829885ebcc9896de947265b69d2979e6dc4666b1e2c3d4fbf8dc73d77?s=96&d=mm&r=g\",\"contentUrl\":\"https:\\\/\\\/secure.gravatar.com\\\/avatar\\\/0488b88829885ebcc9896de947265b69d2979e6dc4666b1e2c3d4fbf8dc73d77?s=96&d=mm&r=g\",\"caption\":\"Luca Biondi\"}}]}<\/script>\n<!-- \/ Yoast SEO plugin. -->","yoast_head_json":{"title":"Tuscia in Jazz for SLA. Grandi artisti, concerti ed emozioni per sostenere la ricerca sulla SLA - Centro Clinico NeMO","description":"Tuscia in Jazz for SLA: grandi concerti e solidariet\u00e0 per sostenere la ricerca sulla SLA. Si parte il 21 giugno da Civita di Bagnoregio. Scopri di pi\u00f9.","robots":{"index":"index","follow":"follow","max-snippet":"max-snippet:-1","max-image-preview":"max-image-preview:large","max-video-preview":"max-video-preview:-1"},"canonical":"https:\/\/www.centrocliniconemo.it\/en\/blog\/tuscia-in-jazz-for-sla-festival-solidarieta-ricerca\/","og_locale":"en_US","og_type":"article","og_title":"Tuscia in Jazz for SLA. Grandi artisti, concerti ed emozioni per sostenere la ricerca sulla SLA\u00a0","og_description":"Tuscia in Jazz for SLA: grandi concerti e solidariet\u00e0 per sostenere la ricerca sulla SLA. Si parte il 21 giugno da Civita di Bagnoregio. Scopri di pi\u00f9.","og_url":"https:\/\/www.centrocliniconemo.it\/en\/blog\/tuscia-in-jazz-for-sla-festival-solidarieta-ricerca\/","og_site_name":"Centro Clinico NeMO","article_publisher":"https:\/\/www.facebook.com\/CentroNEMOItalia","article_published_time":"2025-06-20T10:33:33+00:00","article_modified_time":"2025-06-20T10:37:53+00:00","og_image":[{"width":768,"height":512,"url":"https:\/\/www.centrocliniconemo.it\/wp-content\/uploads\/2025\/06\/Tuscia-in-Jazz-for-SLA-NeMO-Roma-04.jpg","type":"image\/jpeg"}],"author":"Luca Biondi","twitter_card":"summary_large_image","twitter_title":"Tuscia in Jazz for SLA. Grandi artisti, concerti ed emozioni per sostenere la ricerca sulla SLA\u00a0","twitter_description":"Tuscia in Jazz for SLA: grandi concerti e solidariet\u00e0 per sostenere la ricerca sulla SLA. Si parte il 21 giugno da Civita di Bagnoregio. Scopri di pi\u00f9.","twitter_image":"https:\/\/www.centrocliniconemo.it\/wp-content\/uploads\/2025\/06\/Tuscia-in-Jazz-for-SLA-NeMO-Roma-04.jpg","twitter_creator":"@CentroNemo","twitter_site":"@CentroNemo","twitter_misc":{"Written by":"Luca Biondi","Est. reading time":"10 minutes"},"schema":{"@context":"https:\/\/schema.org","@graph":[{"@type":"Article","@id":"https:\/\/www.centrocliniconemo.it\/en\/blog\/tuscia-in-jazz-for-sla-festival-solidarieta-ricerca\/#article","isPartOf":{"@id":"https:\/\/www.centrocliniconemo.it\/en\/blog\/tuscia-in-jazz-for-sla-festival-solidarieta-ricerca\/"},"author":{"name":"Luca Biondi","@id":"https:\/\/www.centrocliniconemo.it\/en\/#\/schema\/person\/9331a87c0a8ee435c61f5dd498531434"},"headline":"Tuscia in Jazz for SLA. Grandi artisti, concerti ed emozioni per sostenere la ricerca sulla SLA","datePublished":"2025-06-20T10:33:33+00:00","dateModified":"2025-06-20T10:37:53+00:00","mainEntityOfPage":{"@id":"https:\/\/www.centrocliniconemo.it\/en\/blog\/tuscia-in-jazz-for-sla-festival-solidarieta-ricerca\/"},"wordCount":960,"publisher":{"@id":"https:\/\/www.centrocliniconemo.it\/en\/#organization"},"image":{"@id":"https:\/\/www.centrocliniconemo.it\/en\/blog\/tuscia-in-jazz-for-sla-festival-solidarieta-ricerca\/#primaryimage"},"thumbnailUrl":"https:\/\/www.centrocliniconemo.it\/wp-content\/uploads\/2025\/06\/Tuscia-in-Jazz-for-SLA-NeMO-Roma-06.jpg","keywords":["Tuscia in Jazz"],"articleSection":["Iniziative ed eventi","Storie di NeMO"],"inLanguage":"en-US"},{"@type":"WebPage","@id":"https:\/\/www.centrocliniconemo.it\/en\/blog\/tuscia-in-jazz-for-sla-festival-solidarieta-ricerca\/","url":"https:\/\/www.centrocliniconemo.it\/en\/blog\/tuscia-in-jazz-for-sla-festival-solidarieta-ricerca\/","name":"Tuscia in Jazz for SLA. Grandi artisti, concerti ed emozioni per sostenere la ricerca sulla SLA - Centro Clinico NeMO","isPartOf":{"@id":"https:\/\/www.centrocliniconemo.it\/en\/#website"},"primaryImageOfPage":{"@id":"https:\/\/www.centrocliniconemo.it\/en\/blog\/tuscia-in-jazz-for-sla-festival-solidarieta-ricerca\/#primaryimage"},"image":{"@id":"https:\/\/www.centrocliniconemo.it\/en\/blog\/tuscia-in-jazz-for-sla-festival-solidarieta-ricerca\/#primaryimage"},"thumbnailUrl":"https:\/\/www.centrocliniconemo.it\/wp-content\/uploads\/2025\/06\/Tuscia-in-Jazz-for-SLA-NeMO-Roma-06.jpg","datePublished":"2025-06-20T10:33:33+00:00","dateModified":"2025-06-20T10:37:53+00:00","description":"Tuscia in Jazz for SLA: grandi concerti e solidariet\u00e0 per sostenere la ricerca sulla SLA. Si parte il 21 giugno da Civita di Bagnoregio. Scopri di pi\u00f9.","breadcrumb":{"@id":"https:\/\/www.centrocliniconemo.it\/en\/blog\/tuscia-in-jazz-for-sla-festival-solidarieta-ricerca\/#breadcrumb"},"inLanguage":"en-US","potentialAction":[{"@type":"ReadAction","target":["https:\/\/www.centrocliniconemo.it\/en\/blog\/tuscia-in-jazz-for-sla-festival-solidarieta-ricerca\/"]}]},{"@type":"ImageObject","inLanguage":"en-US","@id":"https:\/\/www.centrocliniconemo.it\/en\/blog\/tuscia-in-jazz-for-sla-festival-solidarieta-ricerca\/#primaryimage","url":"https:\/\/www.centrocliniconemo.it\/wp-content\/uploads\/2025\/06\/Tuscia-in-Jazz-for-SLA-NeMO-Roma-06.jpg","contentUrl":"https:\/\/www.centrocliniconemo.it\/wp-content\/uploads\/2025\/06\/Tuscia-in-Jazz-for-SLA-NeMO-Roma-06.jpg","width":712,"height":512},{"@type":"BreadcrumbList","@id":"https:\/\/www.centrocliniconemo.it\/en\/blog\/tuscia-in-jazz-for-sla-festival-solidarieta-ricerca\/#breadcrumb","itemListElement":[{"@type":"ListItem","position":1,"name":"Home","item":"https:\/\/www.centrocliniconemo.it\/en\/"},{"@type":"ListItem","position":2,"name":"Tuscia in Jazz for SLA. Grandi artisti, concerti ed emozioni per sostenere la ricerca sulla SLA"}]},{"@type":"WebSite","@id":"https:\/\/www.centrocliniconemo.it\/en\/#website","url":"https:\/\/www.centrocliniconemo.it\/en\/","name":"Centro Clinico NeMO","description":"Il paziente al centro","publisher":{"@id":"https:\/\/www.centrocliniconemo.it\/en\/#organization"},"potentialAction":[{"@type":"SearchAction","target":{"@type":"EntryPoint","urlTemplate":"https:\/\/www.centrocliniconemo.it\/en\/?s={search_term_string}"},"query-input":{"@type":"PropertyValueSpecification","valueRequired":true,"valueName":"search_term_string"}}],"inLanguage":"en-US"},{"@type":"Organization","@id":"https:\/\/www.centrocliniconemo.it\/en\/#organization","name":"Centro Clinico NeMO - Fondazione Serena Onlus","url":"https:\/\/www.centrocliniconemo.it\/en\/","logo":{"@type":"ImageObject","inLanguage":"en-US","@id":"https:\/\/www.centrocliniconemo.it\/en\/#\/schema\/logo\/image\/","url":"https:\/\/www.centrocliniconemo.it\/wp-content\/uploads\/2023\/03\/logo-nemo.svg","contentUrl":"https:\/\/www.centrocliniconemo.it\/wp-content\/uploads\/2023\/03\/logo-nemo.svg","width":272,"height":109.142,"caption":"Centro Clinico NeMO - Fondazione Serena Onlus"},"image":{"@id":"https:\/\/www.centrocliniconemo.it\/en\/#\/schema\/logo\/image\/"},"sameAs":["https:\/\/www.facebook.com\/CentroNEMOItalia","https:\/\/x.com\/CentroNemo","https:\/\/www.linkedin.com\/company\/centrocliniconemo\/","https:\/\/www.instagram.com\/centrocliniconemo\/"]},{"@type":"Person","@id":"https:\/\/www.centrocliniconemo.it\/en\/#\/schema\/person\/9331a87c0a8ee435c61f5dd498531434","name":"Luca Biondi","image":{"@type":"ImageObject","inLanguage":"en-US","@id":"https:\/\/secure.gravatar.com\/avatar\/0488b88829885ebcc9896de947265b69d2979e6dc4666b1e2c3d4fbf8dc73d77?s=96&d=mm&r=g","url":"https:\/\/secure.gravatar.com\/avatar\/0488b88829885ebcc9896de947265b69d2979e6dc4666b1e2c3d4fbf8dc73d77?s=96&d=mm&r=g","contentUrl":"https:\/\/secure.gravatar.com\/avatar\/0488b88829885ebcc9896de947265b69d2979e6dc4666b1e2c3d4fbf8dc73d77?s=96&d=mm&r=g","caption":"Luca Biondi"}}]}},"_links":{"self":[{"href":"https:\/\/www.centrocliniconemo.it\/en\/wp-json\/wp\/v2\/posts\/24739","targetHints":{"allow":["GET"]}}],"collection":[{"href":"https:\/\/www.centrocliniconemo.it\/en\/wp-json\/wp\/v2\/posts"}],"about":[{"href":"https:\/\/www.centrocliniconemo.it\/en\/wp-json\/wp\/v2\/types\/post"}],"author":[{"embeddable":true,"href":"https:\/\/www.centrocliniconemo.it\/en\/wp-json\/wp\/v2\/users\/2"}],"replies":[{"embeddable":true,"href":"https:\/\/www.centrocliniconemo.it\/en\/wp-json\/wp\/v2\/comments?post=24739"}],"version-history":[{"count":0,"href":"https:\/\/www.centrocliniconemo.it\/en\/wp-json\/wp\/v2\/posts\/24739\/revisions"}],"wp:featuredmedia":[{"embeddable":true,"href":"https:\/\/www.centrocliniconemo.it\/en\/wp-json\/wp\/v2\/media\/24780"}],"wp:attachment":[{"href":"https:\/\/www.centrocliniconemo.it\/en\/wp-json\/wp\/v2\/media?parent=24739"}],"wp:term":[{"taxonomy":"category","embeddable":true,"href":"https:\/\/www.centrocliniconemo.it\/en\/wp-json\/wp\/v2\/categories?post=24739"},{"taxonomy":"post_tag","embeddable":true,"href":"https:\/\/www.centrocliniconemo.it\/en\/wp-json\/wp\/v2\/tags?post=24739"}],"curies":[{"name":"wp","href":"https:\/\/api.w.org\/{rel}","templated":true}]}}