{"id":24629,"date":"2025-06-12T16:55:13","date_gmt":"2025-06-12T16:55:13","guid":{"rendered":"https:\/\/www.centrocliniconemo.it\/blog\/?p=24629"},"modified":"2025-06-13T08:53:25","modified_gmt":"2025-06-13T08:53:25","slug":"si-conclude-un-anno-di-emozioni-nellacademy-di-sma-talent-school-dedicata-alle-persone-con-sma-e-al-loro-talento","status":"publish","type":"post","link":"https:\/\/www.centrocliniconemo.it\/en\/blog\/si-conclude-un-anno-di-emozioni-nellacademy-di-sma-talent-school-dedicata-alle-persone-con-sma-e-al-loro-talento\/","title":{"rendered":"Si conclude un anno di emozioni nell\u2019academy di SMA Talent School, dedicata alle persone con SMA e al loro talento"},"content":{"rendered":"\n<p><strong><em>Milano, 12 giugno 2025<\/em><\/strong><em> &#8211;<\/em> \u201c<em>La voce \u00e8 un mezzo molto forte in grado di cambiare la realt\u00e0 se viene ascoltata attentamente<\/em>\u201d. Le parole di Marika, allieva della <strong><a href=\"https:\/\/www.centrocliniconemo.it\/blog\/sma-talent-school-trova-la-tua-voce-la-prima-academy-sulla-voce-per-persone-con-sma\/\">SMA Talent School<\/a><\/strong>, racchiudono tutto il senso della prima edizione di un progetto che ha messo al centro il talento, la voce e il desiderio di esprimersi delle persone con SMA. <strong>Un anno di formazione <\/strong>online, quattro corsi &#8211; <strong>canto, recitazione, public speaking e radio speaking<\/strong> &#8211; condotti da coach professionisti, con<strong> 63<\/strong> <strong>allievi dai 9 ai 63 anni.\u00a0<\/strong><\/p>\n\n\n\n<p><strong>Numeri straordinariamente importanti per una malattia genetica rara come l\u2019Atrofia Muscolare Spinale (SMA)<\/strong> &#8211; con un\u2019incidenza di circa 1 su 10mila nati vivi &#8211; che raccontano di sogni e di futuro, di una comunit\u00e0 che guarda avanti, con il desiderio di crescere, di migliorarsi e di trovare la propria strada nel mondo. Tutto questo grazie ad un progetto, nato dalla sinergia tra i <strong>Centri Clinici NeMO<\/strong>, <strong><a href=\"https:\/\/www.famigliesma.org\/\">Famiglie SMA<\/a><\/strong> e <strong><a href=\"https:\/\/www.roche.it\/\">Roche<\/a><\/strong>, che ha permesso ai partecipanti di scoprire e valorizzare le tante possibilit\u00e0 per esprimere s\u00e9 stessi e le proprie abilit\u00e0 attraverso lo strumento della voce.&nbsp;<\/p>\n\n\n\n<figure class=\"wp-block-embed is-type-video is-provider-youtube wp-block-embed-youtube wp-embed-aspect-16-9 wp-has-aspect-ratio\"><div class=\"wp-block-embed__wrapper\">\n<iframe title=\"Si conclude un anno di emozioni nell\u2019academy di SMA Talent School\" width=\"800\" height=\"450\" src=\"https:\/\/www.youtube.com\/embed\/K_L4jwhENuU?feature=oembed\" frameborder=\"0\" allow=\"accelerometer; autoplay; clipboard-write; encrypted-media; gyroscope; picture-in-picture; web-share\" referrerpolicy=\"strict-origin-when-cross-origin\" allowfullscreen><\/iframe>\n<\/div><\/figure>\n\n\n\n<p><em>\u201cSMA Talent School \u00e8 una sfida vinta per tutti noi \u2013 <\/em>racconta <strong>Anita Pallara, presidente di Famiglie SMA<\/strong> \u2013 <em>Un\u2019esperienza che ha unito generazioni diverse attorno all\u2019idea che ognuno di noi \u00e8 portatore di talenti che vanno ascoltati, riconosciuti e coltivati. Attraverso la propria voce, ciascuno ha potuto dire qualcosa di s\u00e9. Ed \u00e8 cos\u00ec che questo viaggio \u00e8 diventato molto pi\u00f9 di un laboratorio formativo, ma un messaggio importante di valore e di possibilit\u00e0 per i nostri ragazzi. Perch\u00e9 vivere con una patologia rara e complessa non significa dover rinunciare ai propri sogni e siamo orgogliosi di aver costruito questo percorso con partner che condividono con noi la visione di una societ\u00e0 inclusiva, capace di valorizzare le differenze come risorsa\u201d.<\/em><\/p>\n\n\n\n<p>Con un approccio dinamico e concreto la SMA Talent School ha visto la collaborazione della scuola di alta formazione artistica <strong>Accademia09<\/strong>, con quattro coach d\u2019eccezione: <strong>Cristiano Violo<\/strong>, Mind Coach e Mind Trainer per <em>public speaking<\/em>; <strong>Lavinia Longhi<\/strong>, attrice di fama internazionale per il corso di <em>recitazione<\/em>; il cantautore <strong>Pierdavide Carone<\/strong> per il <em>canto<\/em> e lo speaker radiofonico <strong>Matteo Campese<\/strong> per il corso dedicato agli aspiranti professionisti della <em>radio<\/em>. &nbsp;<\/p>\n\n\n\n<p>Accanto alle lezioni teoriche &#8211; dalle tecniche di uso della voce ai tempi della comunicazione radiofonica, dagli strumenti per comprendere e interpretare una canzone fino all\u2019improvvisazione e al ritmo nella recitazione &#8211; l\u2019esperienza si \u00e8 rivelata soprattutto uno spazio di scoperta personale e di sperimentazione della propria passione.<\/p>\n\n\n\n<p><strong>Un percorso di ricerca del proprio talento<\/strong>, che ha spinto ognuno a mettersi in gioco: c\u2019\u00e8 chi ha voluto affinare la propria efficacia comunicativa in ambito professionale, chi ha trovato il coraggio di parlare in pubblico superando timori e insicurezze, e chi ha colto l\u2019occasione per coltivare con l\u2019aiuto di un esperto l\u2019amore per il canto. Tante motivazioni diverse, unite da un unico desiderio: trovare la propria voce per raccontarsi.<\/p>\n\n\n\n<p><em>\u201cNell\u2019accompagnare il gruppo in questo percorso formativo ho potuto sperimentare come la SMA Talent School sia stata un\u2019occasione preziosa di cambiamento personale \u2013 <\/em>sottolinea <strong>Simona Spinoglio<\/strong>, <strong>psicologa, educatrice, cantoterapeuta e tutor del corso<\/strong> \u2013 <em>Ogni incontro ha permesso agli allievi di scoprire risorse interiori spesso inesplorate, di acquisire nuova consapevolezza e di mettersi in gioco con autenticit\u00e0. L\u2019Academy \u00e8 stata uno spazio di ascolto e confronto, in cui raccontarsi e raccontare la SMA e l\u2019esperienza della disabilit\u00e0 in modo nuovo e creativo\u201d.<\/em><\/p>\n\n\n\n<p><strong>La voce, infatti, \u00e8 diventata anche strumento di narrazione<\/strong>. Il <a href=\"https:\/\/www.instagram.com\/smatalentschool\/\">canale Instagram del progetto<\/a> ha raggiunto oltre <strong>3.000 follower<\/strong> <strong>in pochi mesi<\/strong>, diventando opportunit\u00e0 per parlare di SMA e di disabilit\u00e0 attraverso i racconti dei protagonisti.<\/p>\n\n\n\n<p>E poi le <strong>masterclass,<\/strong> con <strong>Antonio De Matteo<\/strong>, tra gli attori della serie <em>Mare Fuori<\/em>, e <strong>Marisa Passera<\/strong>, madrina nell\u2019evento di inizio corso che ha ospitato nel programma <em>Vic e Mari<\/em> su Radio Deejay alcune allieve della classe di radio speaking in qualit\u00e0 di co-conduttrici.&nbsp;<\/p>\n\n\n\n<p><strong>A supportare il percorso formativo i professionisti dei <a href=\"https:\/\/www.centrocliniconemo.it\/\">Centri NeMO<\/a><\/strong>. Terapisti, psicologici e nutrizionisti hanno risposto alle domande degli allievi &#8211; e pazienti dei Centri &#8211; orientando comportamenti e attenzioni quotidiane nel gestire le fragilit\u00e0 funzionali legate a questa malattia degenerativa, che possono avere un impatto nell\u2019espressione della voce.&nbsp;<\/p>\n\n\n\n<p><em>\u201cSupportare il percorso formativo anche dal punto di vista clinico ha significato dare continuit\u00e0 alla presa in carico al di fuori del reparto, lavorando su quel concetto di qualit\u00e0 di vita che per noi rappresenta il primo obiettivo di cura \u2013&nbsp; <\/em>afferma <strong><a href=\"https:\/\/www.centrocliniconemo.it\/pazienti\/sedi-nemo\/nemo-milano\/\">Elisa De Mattia, coordinatrice dell\u2019area riabilitativa del Centro NeMO di Milano<\/a><\/strong><em> \u2013 Questa esperienza \u00e8 stata occasione per offrire strumenti concreti che permettessero agli allievi di esprimersi al meglio, grazie ad accorgimenti mirati sulla respirazione, sulla deglutizione, sulla nutrizione e sul benessere emotivo. Questo approccio guida il nostro essere al fianco dei pazienti, soprattutto oggi, in un tempo di cambiamento della storia clinica della malattia\u201d.<\/em><\/p>\n\n\n\n<p><em>\u201cOggi la storia della malattia sta cambiando, facendo emergere nuovi bisogni spesso silenziosi &#8211; <\/em>racconta <strong>Silvi Cadri, psicologa del <a href=\"https:\/\/www.centrocliniconemo.it\/pazienti\/sedi-nemo\/nemo-ancona\/\">Centro Clinico NeMO Ancona<\/a><\/strong><em> &#8211; SMA Talent School ha saputo intercettarne uno profondo, il desiderio di raccontarsi e di trovare nella comunicazione non solo una funzione, ma uno strumento identitario e relazionale. Lavorare sulla voce significa lavorare sull\u2019autostima, sulle emozioni, sulla fiducia in s\u00e9. Ecco perch\u00e9 accompagnare i partecipanti in questo percorso di scoperta e crescita, per noi clinici \u00e8 l\u2019espressione pi\u00f9 autentica della nostra missione di cura\u201d.<\/em><\/p>\n\n\n\n<p><strong>Continuit\u00e0 tra cura e vita quotidiana che<\/strong> <strong>in<\/strong> <strong><a href=\"https:\/\/www.centrocliniconemo.it\/blog\/sma-talent-school-trova-la-tua-voce-la-prima-academy-sulla-voce-per-persone-con-sma\/\">SMA Talent School<\/a> trova sintesi nel desiderio di imparare, di porsi obiettivi ambiziosi e mettersi in relazione agli altri<\/strong>: \u201c<em>Dal primo giorno ad ora la mia voce \u00e8 cambiata un sacco. Canto con un tono le canzoni che prima trovavo difficili\u201d<\/em> (Miriam); \u201c<em>Il corso di canto mi ha aiutata a superare la timidezza\u201d <\/em>(Giulia)<em>.\u00a0<\/em><\/p>\n\n\n\n<p>\u201c<em>Con SMA Talent School abbiamo toccato con mano cosa accade quando l\u2019esperienza di cura si unisce al progetto di vita<\/em> \u2013 sostiene <strong>Marco Rasconi, presidente dei Centri Clinici NeMO<\/strong> \u2013 <em>\u00c8 di fatto l\u2019espressione di un\u2019alleanza tra chi ogni giorno vive la malattia, chi se ne prende cura e chi sceglie di investire in progetti che mettono al centro la persona. Perch\u00e9 il senso pi\u00f9 profondo del nostro lavorare insieme \u00e8 accompagnare ciascuno a sperimentare spazi dove sentirsi riconosciuto, ascoltato e libero di trovare<\/em><em> l<\/em><em>a propria voce<\/em>\u201d.&nbsp;<\/p>\n\n\n<div class=\"pgc-sgb-cb wp-block-pgcsimplygalleryblock-slider \" data-gallery-id=\"aa617474\"style=&quot;min-height:400px&quot;><div class=\"sgb-preloader\" id=\"pr_aa617474\">\n\t<div class=\"sgb-square\" style=\"background:#d4d4d4\"><\/div>\n\t<div class=\"sgb-square\" style=\"background:#d4d4d4\"><\/div>\n\t<div class=\"sgb-square\" style=\"background:#d4d4d4\"><\/div>\n\t<div class=\"sgb-square\" style=\"background:#d4d4d4\"><\/div><\/div><div class=\"simply-gallery-amp pgc_sgb_slider \"><noscript><div class=\"sgb-gallery\"><div class=\"sgb-item\"><a href=\"https:\/\/www.centrocliniconemo.it\/?attachment_id=24637\" target=\"_blank\"><img loading=\"lazy\" decoding=\"async\" alt=\"\" width=\"300\" height=\"200\" loading=\"lazy\" src=\"https:\/\/www.centrocliniconemo.it\/wp-content\/uploads\/2025\/06\/SOM_0470-1-300x200.jpg\" srcset=\"https:\/\/www.centrocliniconemo.it\/wp-content\/uploads\/2025\/06\/SOM_0470-1-300x200.jpg 300w,https:\/\/www.centrocliniconemo.it\/wp-content\/uploads\/2025\/06\/SOM_0470-1-1024x683.jpg 1024w,https:\/\/www.centrocliniconemo.it\/wp-content\/uploads\/2025\/06\/SOM_0470-1.jpg 1980w\" sizes=\"auto, 250px\"\/><\/a><\/div><div class=\"sgb-item\"><a href=\"https:\/\/www.centrocliniconemo.it\/?attachment_id=24639\" target=\"_blank\"><img loading=\"lazy\" decoding=\"async\" alt=\"\" width=\"300\" height=\"200\" loading=\"lazy\" src=\"https:\/\/www.centrocliniconemo.it\/wp-content\/uploads\/2025\/06\/SOM_0512-1-300x200.jpg\" srcset=\"https:\/\/www.centrocliniconemo.it\/wp-content\/uploads\/2025\/06\/SOM_0512-1-300x200.jpg 300w,https:\/\/www.centrocliniconemo.it\/wp-content\/uploads\/2025\/06\/SOM_0512-1-1024x683.jpg 1024w,https:\/\/www.centrocliniconemo.it\/wp-content\/uploads\/2025\/06\/SOM_0512-1.jpg 1980w\" sizes=\"auto, 250px\"\/><\/a><\/div><div class=\"sgb-item\"><a href=\"https:\/\/www.centrocliniconemo.it\/?attachment_id=24641\" target=\"_blank\"><img loading=\"lazy\" decoding=\"async\" alt=\"\" width=\"300\" height=\"200\" loading=\"lazy\" src=\"https:\/\/www.centrocliniconemo.it\/wp-content\/uploads\/2025\/06\/SOM_0684-1-300x200.jpg\" srcset=\"https:\/\/www.centrocliniconemo.it\/wp-content\/uploads\/2025\/06\/SOM_0684-1-300x200.jpg 300w,https:\/\/www.centrocliniconemo.it\/wp-content\/uploads\/2025\/06\/SOM_0684-1-1024x683.jpg 1024w,https:\/\/www.centrocliniconemo.it\/wp-content\/uploads\/2025\/06\/SOM_0684-1.jpg 1980w\" sizes=\"auto, 250px\"\/><\/a><\/div><div class=\"sgb-item\"><a href=\"https:\/\/www.centrocliniconemo.it\/?attachment_id=24643\" target=\"_blank\"><img loading=\"lazy\" decoding=\"async\" alt=\"\" width=\"300\" height=\"200\" loading=\"lazy\" src=\"https:\/\/www.centrocliniconemo.it\/wp-content\/uploads\/2025\/06\/SOM_0742-300x200.jpg\" srcset=\"https:\/\/www.centrocliniconemo.it\/wp-content\/uploads\/2025\/06\/SOM_0742-300x200.jpg 300w,https:\/\/www.centrocliniconemo.it\/wp-content\/uploads\/2025\/06\/SOM_0742-1024x683.jpg 1024w,https:\/\/www.centrocliniconemo.it\/wp-content\/uploads\/2025\/06\/SOM_0742.jpg 1980w\" sizes=\"auto, 250px\"\/><\/a><\/div><div class=\"sgb-item\"><a href=\"https:\/\/www.centrocliniconemo.it\/?attachment_id=24645\" target=\"_blank\"><img loading=\"lazy\" decoding=\"async\" alt=\"\" width=\"300\" height=\"200\" loading=\"lazy\" src=\"https:\/\/www.centrocliniconemo.it\/wp-content\/uploads\/2025\/06\/SOM_0764-300x200.jpg\" srcset=\"https:\/\/www.centrocliniconemo.it\/wp-content\/uploads\/2025\/06\/SOM_0764-300x200.jpg 300w,https:\/\/www.centrocliniconemo.it\/wp-content\/uploads\/2025\/06\/SOM_0764-1024x683.jpg 1024w,https:\/\/www.centrocliniconemo.it\/wp-content\/uploads\/2025\/06\/SOM_0764.jpg 1980w\" sizes=\"auto, 250px\"\/><\/a><\/div><div class=\"sgb-item\"><a href=\"https:\/\/www.centrocliniconemo.it\/?attachment_id=24647\" target=\"_blank\"><img loading=\"lazy\" decoding=\"async\" alt=\"\" width=\"300\" height=\"200\" loading=\"lazy\" src=\"https:\/\/www.centrocliniconemo.it\/wp-content\/uploads\/2025\/06\/SOM_0934-300x200.jpg\" srcset=\"https:\/\/www.centrocliniconemo.it\/wp-content\/uploads\/2025\/06\/SOM_0934-300x200.jpg 300w,https:\/\/www.centrocliniconemo.it\/wp-content\/uploads\/2025\/06\/SOM_0934-1024x683.jpg 1024w,https:\/\/www.centrocliniconemo.it\/wp-content\/uploads\/2025\/06\/SOM_0934.jpg 1980w\" sizes=\"auto, 250px\"\/><\/a><\/div><div class=\"sgb-item\"><a href=\"https:\/\/www.centrocliniconemo.it\/?attachment_id=24649\" target=\"_blank\"><img loading=\"lazy\" decoding=\"async\" alt=\"\" width=\"300\" height=\"200\" loading=\"lazy\" src=\"https:\/\/www.centrocliniconemo.it\/wp-content\/uploads\/2025\/06\/SOM_1279-300x200.jpg\" srcset=\"https:\/\/www.centrocliniconemo.it\/wp-content\/uploads\/2025\/06\/SOM_1279-300x200.jpg 300w,https:\/\/www.centrocliniconemo.it\/wp-content\/uploads\/2025\/06\/SOM_1279-1024x683.jpg 1024w,https:\/\/www.centrocliniconemo.it\/wp-content\/uploads\/2025\/06\/SOM_1279.jpg 1980w\" sizes=\"auto, 250px\"\/><\/a><\/div><div class=\"sgb-item\"><a href=\"https:\/\/www.centrocliniconemo.it\/?attachment_id=24651\" target=\"_blank\"><img loading=\"lazy\" decoding=\"async\" alt=\"\" width=\"300\" height=\"200\" loading=\"lazy\" src=\"https:\/\/www.centrocliniconemo.it\/wp-content\/uploads\/2025\/06\/SOM_1336-300x200.jpg\" srcset=\"https:\/\/www.centrocliniconemo.it\/wp-content\/uploads\/2025\/06\/SOM_1336-300x200.jpg 300w,https:\/\/www.centrocliniconemo.it\/wp-content\/uploads\/2025\/06\/SOM_1336-1024x683.jpg 1024w,https:\/\/www.centrocliniconemo.it\/wp-content\/uploads\/2025\/06\/SOM_1336.jpg 1980w\" sizes=\"auto, 250px\"\/><\/a><\/div><div class=\"sgb-item\"><a href=\"https:\/\/www.centrocliniconemo.it\/?attachment_id=24653\" target=\"_blank\"><img loading=\"lazy\" decoding=\"async\" alt=\"\" width=\"300\" height=\"200\" loading=\"lazy\" src=\"https:\/\/www.centrocliniconemo.it\/wp-content\/uploads\/2025\/06\/SOM_1533-300x200.jpg\" srcset=\"https:\/\/www.centrocliniconemo.it\/wp-content\/uploads\/2025\/06\/SOM_1533-300x200.jpg 300w,https:\/\/www.centrocliniconemo.it\/wp-content\/uploads\/2025\/06\/SOM_1533-1024x683.jpg 1024w,https:\/\/www.centrocliniconemo.it\/wp-content\/uploads\/2025\/06\/SOM_1533.jpg 1980w\" sizes=\"auto, 250px\"\/><\/a><\/div><div class=\"sgb-item\"><a href=\"https:\/\/www.centrocliniconemo.it\/?attachment_id=24655\" target=\"_blank\"><img loading=\"lazy\" decoding=\"async\" alt=\"\" width=\"300\" height=\"200\" loading=\"lazy\" src=\"https:\/\/www.centrocliniconemo.it\/wp-content\/uploads\/2025\/06\/SOM_1689-300x200.jpg\" srcset=\"https:\/\/www.centrocliniconemo.it\/wp-content\/uploads\/2025\/06\/SOM_1689-300x200.jpg 300w,https:\/\/www.centrocliniconemo.it\/wp-content\/uploads\/2025\/06\/SOM_1689-1024x683.jpg 1024w,https:\/\/www.centrocliniconemo.it\/wp-content\/uploads\/2025\/06\/SOM_1689.jpg 1980w\" sizes=\"auto, 250px\"\/><\/a><\/div><\/div><\/noscript><\/div><script type=\"application\/json\" class=\"sgb-data\">{\"sliderAdminWidth\":1383,\"galleryType\":\"pgc_sgb_slider\",\"galleryId\":\"aa617474\",\"images\":[{\"id\":24637,\"title\":\"SOM_0470\",\"url\":\"https:\/\/www.centrocliniconemo.it\/wp-content\/uploads\/2025\/06\/SOM_0470-1.jpg\",\"link\":\"https:\/\/www.centrocliniconemo.it\/?attachment_id=24637\",\"alt\":\"\",\"description\":\"\",\"caption\":\"\",\"mime\":\"image\/jpeg\",\"type\":\"image\",\"width\":1980,\"height\":1320,\"sizes\":{\"thumbnail\":{\"height\":150,\"width\":150,\"url\":\"https:\/\/www.centrocliniconemo.it\/wp-content\/uploads\/2025\/06\/SOM_0470-1-150x150.jpg\",\"orientation\":\"landscape\"},\"medium\":{\"height\":200,\"width\":300,\"url\":\"https:\/\/www.centrocliniconemo.it\/wp-content\/uploads\/2025\/06\/SOM_0470-1-300x200.jpg\",\"orientation\":\"landscape\"},\"large\":{\"height\":683,\"width\":1024,\"url\":\"https:\/\/www.centrocliniconemo.it\/wp-content\/uploads\/2025\/06\/SOM_0470-1-1024x683.jpg\",\"orientation\":\"landscape\"},\"full\":{\"url\":\"https:\/\/www.centrocliniconemo.it\/wp-content\/uploads\/2025\/06\/SOM_0470-1.jpg\",\"height\":1320,\"width\":1980,\"orientation\":\"landscape\"}},\"imageMeta\":{\"aperture\":\"0\",\"credit\":\"\",\"camera\":\"\",\"caption\":\"\",\"created_timestamp\":\"0\",\"copyright\":\"\",\"focal_length\":\"0\",\"iso\":\"0\",\"shutter_speed\":\"0\",\"title\":\"\",\"orientation\":\"1\",\"keywords\":[]},\"meta\":false,\"postlink\":\"https:\/\/www.centrocliniconemo.it\/?attachment_id=24637\"},{\"id\":24639,\"title\":\"SOM_0512\",\"url\":\"https:\/\/www.centrocliniconemo.it\/wp-content\/uploads\/2025\/06\/SOM_0512-1.jpg\",\"link\":\"https:\/\/www.centrocliniconemo.it\/?attachment_id=24639\",\"alt\":\"\",\"description\":\"\",\"caption\":\"\",\"mime\":\"image\/jpeg\",\"type\":\"image\",\"width\":1980,\"height\":1320,\"sizes\":{\"thumbnail\":{\"height\":150,\"width\":150,\"url\":\"https:\/\/www.centrocliniconemo.it\/wp-content\/uploads\/2025\/06\/SOM_0512-1-150x150.jpg\",\"orientation\":\"landscape\"},\"medium\":{\"height\":200,\"width\":300,\"url\":\"https:\/\/www.centrocliniconemo.it\/wp-content\/uploads\/2025\/06\/SOM_0512-1-300x200.jpg\",\"orientation\":\"landscape\"},\"large\":{\"height\":683,\"width\":1024,\"url\":\"https:\/\/www.centrocliniconemo.it\/wp-content\/uploads\/2025\/06\/SOM_0512-1-1024x683.jpg\",\"orientation\":\"landscape\"},\"full\":{\"url\":\"https:\/\/www.centrocliniconemo.it\/wp-content\/uploads\/2025\/06\/SOM_0512-1.jpg\",\"height\":1320,\"width\":1980,\"orientation\":\"landscape\"}},\"imageMeta\":{\"aperture\":\"0\",\"credit\":\"\",\"camera\":\"\",\"caption\":\"\",\"created_timestamp\":\"0\",\"copyright\":\"\",\"focal_length\":\"0\",\"iso\":\"0\",\"shutter_speed\":\"0\",\"title\":\"\",\"orientation\":\"1\",\"keywords\":[]},\"meta\":false,\"postlink\":\"https:\/\/www.centrocliniconemo.it\/?attachment_id=24639\"},{\"id\":24641,\"title\":\"SOM_0684\",\"url\":\"https:\/\/www.centrocliniconemo.it\/wp-content\/uploads\/2025\/06\/SOM_0684-1.jpg\",\"link\":\"https:\/\/www.centrocliniconemo.it\/?attachment_id=24641\",\"alt\":\"\",\"description\":\"\",\"caption\":\"\",\"mime\":\"image\/jpeg\",\"type\":\"image\",\"width\":1980,\"height\":1320,\"sizes\":{\"thumbnail\":{\"height\":150,\"width\":150,\"url\":\"https:\/\/www.centrocliniconemo.it\/wp-content\/uploads\/2025\/06\/SOM_0684-1-150x150.jpg\",\"orientation\":\"landscape\"},\"medium\":{\"height\":200,\"width\":300,\"url\":\"https:\/\/www.centrocliniconemo.it\/wp-content\/uploads\/2025\/06\/SOM_0684-1-300x200.jpg\",\"orientation\":\"landscape\"},\"large\":{\"height\":683,\"width\":1024,\"url\":\"https:\/\/www.centrocliniconemo.it\/wp-content\/uploads\/2025\/06\/SOM_0684-1-1024x683.jpg\",\"orientation\":\"landscape\"},\"full\":{\"url\":\"https:\/\/www.centrocliniconemo.it\/wp-content\/uploads\/2025\/06\/SOM_0684-1.jpg\",\"height\":1320,\"width\":1980,\"orientation\":\"landscape\"}},\"imageMeta\":{\"aperture\":\"0\",\"credit\":\"\",\"camera\":\"\",\"caption\":\"\",\"created_timestamp\":\"0\",\"copyright\":\"\",\"focal_length\":\"0\",\"iso\":\"0\",\"shutter_speed\":\"0\",\"title\":\"\",\"orientation\":\"1\",\"keywords\":[]},\"meta\":false,\"postlink\":\"https:\/\/www.centrocliniconemo.it\/?attachment_id=24641\"},{\"id\":24643,\"title\":\"SOM_0742\",\"url\":\"https:\/\/www.centrocliniconemo.it\/wp-content\/uploads\/2025\/06\/SOM_0742.jpg\",\"link\":\"https:\/\/www.centrocliniconemo.it\/?attachment_id=24643\",\"alt\":\"\",\"description\":\"\",\"caption\":\"\",\"mime\":\"image\/jpeg\",\"type\":\"image\",\"width\":1980,\"height\":1320,\"sizes\":{\"thumbnail\":{\"height\":150,\"width\":150,\"url\":\"https:\/\/www.centrocliniconemo.it\/wp-content\/uploads\/2025\/06\/SOM_0742-150x150.jpg\",\"orientation\":\"landscape\"},\"medium\":{\"height\":200,\"width\":300,\"url\":\"https:\/\/www.centrocliniconemo.it\/wp-content\/uploads\/2025\/06\/SOM_0742-300x200.jpg\",\"orientation\":\"landscape\"},\"large\":{\"height\":683,\"width\":1024,\"url\":\"https:\/\/www.centrocliniconemo.it\/wp-content\/uploads\/2025\/06\/SOM_0742-1024x683.jpg\",\"orientation\":\"landscape\"},\"full\":{\"url\":\"https:\/\/www.centrocliniconemo.it\/wp-content\/uploads\/2025\/06\/SOM_0742.jpg\",\"height\":1320,\"width\":1980,\"orientation\":\"landscape\"}},\"imageMeta\":{\"aperture\":\"0\",\"credit\":\"\",\"camera\":\"\",\"caption\":\"\",\"created_timestamp\":\"0\",\"copyright\":\"\",\"focal_length\":\"0\",\"iso\":\"0\",\"shutter_speed\":\"0\",\"title\":\"\",\"orientation\":\"1\",\"keywords\":[]},\"meta\":false,\"postlink\":\"https:\/\/www.centrocliniconemo.it\/?attachment_id=24643\"},{\"id\":24645,\"title\":\"SOM_0764\",\"url\":\"https:\/\/www.centrocliniconemo.it\/wp-content\/uploads\/2025\/06\/SOM_0764.jpg\",\"link\":\"https:\/\/www.centrocliniconemo.it\/?attachment_id=24645\",\"alt\":\"\",\"description\":\"\",\"caption\":\"\",\"mime\":\"image\/jpeg\",\"type\":\"image\",\"width\":1980,\"height\":1320,\"sizes\":{\"thumbnail\":{\"height\":150,\"width\":150,\"url\":\"https:\/\/www.centrocliniconemo.it\/wp-content\/uploads\/2025\/06\/SOM_0764-150x150.jpg\",\"orientation\":\"landscape\"},\"medium\":{\"height\":200,\"width\":300,\"url\":\"https:\/\/www.centrocliniconemo.it\/wp-content\/uploads\/2025\/06\/SOM_0764-300x200.jpg\",\"orientation\":\"landscape\"},\"large\":{\"height\":683,\"width\":1024,\"url\":\"https:\/\/www.centrocliniconemo.it\/wp-content\/uploads\/2025\/06\/SOM_0764-1024x683.jpg\",\"orientation\":\"landscape\"},\"full\":{\"url\":\"https:\/\/www.centrocliniconemo.it\/wp-content\/uploads\/2025\/06\/SOM_0764.jpg\",\"height\":1320,\"width\":1980,\"orientation\":\"landscape\"}},\"imageMeta\":{\"aperture\":\"0\",\"credit\":\"\",\"camera\":\"\",\"caption\":\"\",\"created_timestamp\":\"0\",\"copyright\":\"\",\"focal_length\":\"0\",\"iso\":\"0\",\"shutter_speed\":\"0\",\"title\":\"\",\"orientation\":\"1\",\"keywords\":[]},\"meta\":false,\"postlink\":\"https:\/\/www.centrocliniconemo.it\/?attachment_id=24645\"},{\"id\":24647,\"title\":\"SOM_0934\",\"url\":\"https:\/\/www.centrocliniconemo.it\/wp-content\/uploads\/2025\/06\/SOM_0934.jpg\",\"link\":\"https:\/\/www.centrocliniconemo.it\/?attachment_id=24647\",\"alt\":\"\",\"description\":\"\",\"caption\":\"\",\"mime\":\"image\/jpeg\",\"type\":\"image\",\"width\":1980,\"height\":1320,\"sizes\":{\"thumbnail\":{\"height\":150,\"width\":150,\"url\":\"https:\/\/www.centrocliniconemo.it\/wp-content\/uploads\/2025\/06\/SOM_0934-150x150.jpg\",\"orientation\":\"landscape\"},\"medium\":{\"height\":200,\"width\":300,\"url\":\"https:\/\/www.centrocliniconemo.it\/wp-content\/uploads\/2025\/06\/SOM_0934-300x200.jpg\",\"orientation\":\"landscape\"},\"large\":{\"height\":683,\"width\":1024,\"url\":\"https:\/\/www.centrocliniconemo.it\/wp-content\/uploads\/2025\/06\/SOM_0934-1024x683.jpg\",\"orientation\":\"landscape\"},\"full\":{\"url\":\"https:\/\/www.centrocliniconemo.it\/wp-content\/uploads\/2025\/06\/SOM_0934.jpg\",\"height\":1320,\"width\":1980,\"orientation\":\"landscape\"}},\"imageMeta\":{\"aperture\":\"0\",\"credit\":\"\",\"camera\":\"\",\"caption\":\"\",\"created_timestamp\":\"0\",\"copyright\":\"\",\"focal_length\":\"0\",\"iso\":\"0\",\"shutter_speed\":\"0\",\"title\":\"\",\"orientation\":\"1\",\"keywords\":[]},\"meta\":false,\"postlink\":\"https:\/\/www.centrocliniconemo.it\/?attachment_id=24647\"},{\"id\":24649,\"title\":\"SOM_1279\",\"url\":\"https:\/\/www.centrocliniconemo.it\/wp-content\/uploads\/2025\/06\/SOM_1279.jpg\",\"link\":\"https:\/\/www.centrocliniconemo.it\/?attachment_id=24649\",\"alt\":\"\",\"description\":\"\",\"caption\":\"\",\"mime\":\"image\/jpeg\",\"type\":\"image\",\"width\":1980,\"height\":1320,\"sizes\":{\"thumbnail\":{\"height\":150,\"width\":150,\"url\":\"https:\/\/www.centrocliniconemo.it\/wp-content\/uploads\/2025\/06\/SOM_1279-150x150.jpg\",\"orientation\":\"landscape\"},\"medium\":{\"height\":200,\"width\":300,\"url\":\"https:\/\/www.centrocliniconemo.it\/wp-content\/uploads\/2025\/06\/SOM_1279-300x200.jpg\",\"orientation\":\"landscape\"},\"large\":{\"height\":683,\"width\":1024,\"url\":\"https:\/\/www.centrocliniconemo.it\/wp-content\/uploads\/2025\/06\/SOM_1279-1024x683.jpg\",\"orientation\":\"landscape\"},\"full\":{\"url\":\"https:\/\/www.centrocliniconemo.it\/wp-content\/uploads\/2025\/06\/SOM_1279.jpg\",\"height\":1320,\"width\":1980,\"orientation\":\"landscape\"}},\"imageMeta\":{\"aperture\":\"0\",\"credit\":\"\",\"camera\":\"\",\"caption\":\"\",\"created_timestamp\":\"0\",\"copyright\":\"\",\"focal_length\":\"0\",\"iso\":\"0\",\"shutter_speed\":\"0\",\"title\":\"\",\"orientation\":\"1\",\"keywords\":[]},\"meta\":false,\"postlink\":\"https:\/\/www.centrocliniconemo.it\/?attachment_id=24649\"},{\"id\":24651,\"title\":\"SOM_1336\",\"url\":\"https:\/\/www.centrocliniconemo.it\/wp-content\/uploads\/2025\/06\/SOM_1336.jpg\",\"link\":\"https:\/\/www.centrocliniconemo.it\/?attachment_id=24651\",\"alt\":\"\",\"description\":\"\",\"caption\":\"\",\"mime\":\"image\/jpeg\",\"type\":\"image\",\"width\":1980,\"height\":1320,\"sizes\":{\"thumbnail\":{\"height\":150,\"width\":150,\"url\":\"https:\/\/www.centrocliniconemo.it\/wp-content\/uploads\/2025\/06\/SOM_1336-150x150.jpg\",\"orientation\":\"landscape\"},\"medium\":{\"height\":200,\"width\":300,\"url\":\"https:\/\/www.centrocliniconemo.it\/wp-content\/uploads\/2025\/06\/SOM_1336-300x200.jpg\",\"orientation\":\"landscape\"},\"large\":{\"height\":683,\"width\":1024,\"url\":\"https:\/\/www.centrocliniconemo.it\/wp-content\/uploads\/2025\/06\/SOM_1336-1024x683.jpg\",\"orientation\":\"landscape\"},\"full\":{\"url\":\"https:\/\/www.centrocliniconemo.it\/wp-content\/uploads\/2025\/06\/SOM_1336.jpg\",\"height\":1320,\"width\":1980,\"orientation\":\"landscape\"}},\"imageMeta\":{\"aperture\":\"0\",\"credit\":\"\",\"camera\":\"\",\"caption\":\"\",\"created_timestamp\":\"0\",\"copyright\":\"\",\"focal_length\":\"0\",\"iso\":\"0\",\"shutter_speed\":\"0\",\"title\":\"\",\"orientation\":\"1\",\"keywords\":[]},\"meta\":false,\"postlink\":\"https:\/\/www.centrocliniconemo.it\/?attachment_id=24651\"},{\"id\":24653,\"title\":\"SOM_1533\",\"url\":\"https:\/\/www.centrocliniconemo.it\/wp-content\/uploads\/2025\/06\/SOM_1533.jpg\",\"link\":\"https:\/\/www.centrocliniconemo.it\/?attachment_id=24653\",\"alt\":\"\",\"description\":\"\",\"caption\":\"\",\"mime\":\"image\/jpeg\",\"type\":\"image\",\"width\":1980,\"height\":1320,\"sizes\":{\"thumbnail\":{\"height\":150,\"width\":150,\"url\":\"https:\/\/www.centrocliniconemo.it\/wp-content\/uploads\/2025\/06\/SOM_1533-150x150.jpg\",\"orientation\":\"landscape\"},\"medium\":{\"height\":200,\"width\":300,\"url\":\"https:\/\/www.centrocliniconemo.it\/wp-content\/uploads\/2025\/06\/SOM_1533-300x200.jpg\",\"orientation\":\"landscape\"},\"large\":{\"height\":683,\"width\":1024,\"url\":\"https:\/\/www.centrocliniconemo.it\/wp-content\/uploads\/2025\/06\/SOM_1533-1024x683.jpg\",\"orientation\":\"landscape\"},\"full\":{\"url\":\"https:\/\/www.centrocliniconemo.it\/wp-content\/uploads\/2025\/06\/SOM_1533.jpg\",\"height\":1320,\"width\":1980,\"orientation\":\"landscape\"}},\"imageMeta\":{\"aperture\":\"0\",\"credit\":\"\",\"camera\":\"\",\"caption\":\"\",\"created_timestamp\":\"0\",\"copyright\":\"\",\"focal_length\":\"0\",\"iso\":\"0\",\"shutter_speed\":\"0\",\"title\":\"\",\"orientation\":\"1\",\"keywords\":[]},\"meta\":false,\"postlink\":\"https:\/\/www.centrocliniconemo.it\/?attachment_id=24653\"},{\"id\":24655,\"title\":\"SOM_1689\",\"url\":\"https:\/\/www.centrocliniconemo.it\/wp-content\/uploads\/2025\/06\/SOM_1689.jpg\",\"link\":\"https:\/\/www.centrocliniconemo.it\/?attachment_id=24655\",\"alt\":\"\",\"description\":\"\",\"caption\":\"\",\"mime\":\"image\/jpeg\",\"type\":\"image\",\"width\":1980,\"height\":1320,\"sizes\":{\"thumbnail\":{\"height\":150,\"width\":150,\"url\":\"https:\/\/www.centrocliniconemo.it\/wp-content\/uploads\/2025\/06\/SOM_1689-150x150.jpg\",\"orientation\":\"landscape\"},\"medium\":{\"height\":200,\"width\":300,\"url\":\"https:\/\/www.centrocliniconemo.it\/wp-content\/uploads\/2025\/06\/SOM_1689-300x200.jpg\",\"orientation\":\"landscape\"},\"large\":{\"height\":683,\"width\":1024,\"url\":\"https:\/\/www.centrocliniconemo.it\/wp-content\/uploads\/2025\/06\/SOM_1689-1024x683.jpg\",\"orientation\":\"landscape\"},\"full\":{\"url\":\"https:\/\/www.centrocliniconemo.it\/wp-content\/uploads\/2025\/06\/SOM_1689.jpg\",\"height\":1320,\"width\":1980,\"orientation\":\"landscape\"}},\"imageMeta\":{\"aperture\":\"0\",\"credit\":\"\",\"camera\":\"\",\"caption\":\"\",\"created_timestamp\":\"0\",\"copyright\":\"\",\"focal_length\":\"0\",\"iso\":\"0\",\"shutter_speed\":\"0\",\"title\":\"\",\"orientation\":\"1\",\"keywords\":[]},\"meta\":false,\"postlink\":\"https:\/\/www.centrocliniconemo.it\/?attachment_id=24655\"}],\"jetDynamicVisibility\":{\"jedv_enabled\":false},\"jetPopupInstance\":\"none\",\"jetPopupTriggerType\":\"none\",\"jetPopupCustomSelector\":\"\",\"jetPopupIsJetEngine\":false,\"itemsMetaDataCollection\":[]}<\/script><script>(function(){if(window.PGC_SGB && window.PGC_SGB.searcher){window.PGC_SGB.searcher.initBlocks()}})()<\/script><\/div>\n\n\n<p>Un impegno confermato dai risultati raggiunti dal gruppo in formazione, come il podcast prodotto dalla classe di radio speaking e i testi scritti e portati in scena dalla classe di recitazione, per raccontare la SMA con la voce di chi la vive, con consapevolezza, poesia e un pizzico di sana ironia.&nbsp;<\/p>\n\n\n\n<p>Di questa straordinaria avventura si \u00e8 parlato oggi durante l\u2019evento conclusivo, ospitato nella prestigiosa cornice di <a href=\"https:\/\/www.parco.center\">PARCO (Polillo ARt COntainer<strong>)<\/strong><\/a><strong>&nbsp;<\/strong>a Milano, con la partecipazione di tutti i protagonisti e la conduzione di <strong>Omar Schillaci<\/strong>, vicedirettore di <a href=\"https:\/\/tg24.sky.it\/\">Sky TG24<\/a>.<\/p>\n\n\n\n<p><em>\u201cConcludere il primo anno della SMA Talent School ci riempie di orgoglio e conferma quanto sia importante creare spazi in cui le persone con SMA possano esprimere liberamente la propria voce, il proprio talento e la propria unicit\u00e0&nbsp;\u2013 <\/em>dichiara <strong>Alessandra Ghirardini di Roche<\/strong><em> \u2013&nbsp;Abbiamo visto crescere non solo le competenze artistiche dei partecipanti, ma anche la loro consapevolezza e fiducia. Questa esperienza rappresenta per noi un ulteriore passo nel rafforzare la collaborazione con tutta la comunit\u00e0 SMA, con l\u2019obiettivo comune di promuovere inclusione, autodeterminazione e ascolto autentico. Solo cos\u00ec possiamo contribuire a costruire una societ\u00e0 in cui ogni voce ha il suo spazio e il suo valore\u201d.<\/em><\/p>\n\n\n\n<p>Nata come un progetto educativo, la SMA Talent School in questi mesi si \u00e8 rivelata un\u2019esperienza di vita, metafora di un viaggio alla ricerca di ci\u00f2 che ciascuno pu\u00f2 dare a questo mondo, insieme agli altri. Una voce alla volta, <em>per avere una vita piena di punti di bellezza nonostante le difficolt\u00e0 sempre maggiori<\/em>, come racconta la voce di Gabriele. &nbsp;<\/p>\n","protected":false},"excerpt":{"rendered":"<p>Milano, 12 giugno 2025 &#8211; \u201cLa voce \u00e8 un mezzo molto forte in grado di cambiare la realt\u00e0 se viene ascoltata attentamente\u201d. Le parole di Marika, allieva della SMA Talent School, racchiudono tutto il senso della prima edizione di un progetto che ha messo al centro il talento, la voce e il desiderio di esprimersi [&hellip;]<\/p>\n","protected":false},"author":2,"featured_media":24655,"comment_status":"closed","ping_status":"closed","sticky":false,"template":"","format":"standard","meta":{"pgc_sgb_lightbox_settings":"","footnotes":""},"categories":[17,1],"tags":[265,225,264,263],"class_list":["post-24629","post","type-post","status-publish","format-standard","has-post-thumbnail","hentry","category-iniziative-ed-eventi","category-storie-di-nemo","tag-academy","tag-famiglie-sma","tag-roche","tag-sma-talent-school"],"yoast_head":"<!-- This site is optimized with the Yoast SEO plugin v27.4 - https:\/\/yoast.com\/product\/yoast-seo-wordpress\/ -->\n<title>Si conclude un anno di emozioni nell\u2019academy di SMA Talent School, dedicata alle persone con SMA e al loro talento - Centro Clinico NeMO<\/title>\n<meta name=\"description\" content=\"Canto, recitazione, public speaking e radio speaking le quattro discipline protagoniste di un anno di formazione per oltre 60 allievi con Atrofia Muscolare Spinale. Un progetto dei Centri Clinici NeMO e Famiglie SMA insieme a Roche, con la collaborazione di Accademia09\" \/>\n<meta name=\"robots\" content=\"index, follow, max-snippet:-1, max-image-preview:large, max-video-preview:-1\" \/>\n<link rel=\"canonical\" href=\"https:\/\/www.centrocliniconemo.it\/en\/blog\/si-conclude-un-anno-di-emozioni-nellacademy-di-sma-talent-school-dedicata-alle-persone-con-sma-e-al-loro-talento\/\" \/>\n<meta property=\"og:locale\" content=\"en_US\" \/>\n<meta property=\"og:type\" content=\"article\" \/>\n<meta property=\"og:title\" content=\"Si conclude un anno di emozioni nell\u2019academy di SMA Talent School, dedicata alle persone con SMA e al loro talento\" \/>\n<meta property=\"og:description\" content=\"Canto, recitazione, public speaking e radio speaking le quattro discipline protagoniste di un anno di formazione per oltre 60 allievi con Atrofia Muscolare Spinale. Un progetto dei Centri Clinici NeMO e Famiglie SMA insieme a Roche, con la collaborazione di Accademia09\" \/>\n<meta property=\"og:url\" content=\"https:\/\/www.centrocliniconemo.it\/en\/blog\/si-conclude-un-anno-di-emozioni-nellacademy-di-sma-talent-school-dedicata-alle-persone-con-sma-e-al-loro-talento\/\" \/>\n<meta property=\"og:site_name\" content=\"Centro Clinico NeMO\" \/>\n<meta property=\"article:publisher\" content=\"https:\/\/www.facebook.com\/CentroNEMOItalia\" \/>\n<meta property=\"article:published_time\" content=\"2025-06-12T16:55:13+00:00\" \/>\n<meta property=\"article:modified_time\" content=\"2025-06-13T08:53:25+00:00\" \/>\n<meta property=\"og:image\" content=\"https:\/\/www.centrocliniconemo.it\/wp-content\/uploads\/2025\/06\/SOM_1689.jpg\" \/>\n\t<meta property=\"og:image:width\" content=\"1980\" \/>\n\t<meta property=\"og:image:height\" content=\"1320\" \/>\n\t<meta property=\"og:image:type\" content=\"image\/jpeg\" \/>\n<meta name=\"author\" content=\"Luca Biondi\" \/>\n<meta name=\"twitter:card\" content=\"summary_large_image\" \/>\n<meta name=\"twitter:title\" content=\"Si conclude un anno di emozioni nell\u2019academy di SMA Talent School, dedicata alle persone con SMA e al loro talento\" \/>\n<meta name=\"twitter:description\" content=\"Canto, recitazione, public speaking e radio speaking le quattro discipline protagoniste di un anno di formazione per oltre 60 allievi con Atrofia Muscolare Spinale. Un progetto dei Centri Clinici NeMO e Famiglie SMA insieme a Roche, con la collaborazione di Accademia09\" \/>\n<meta name=\"twitter:image\" content=\"https:\/\/www.centrocliniconemo.it\/wp-content\/uploads\/2025\/06\/SOM_1689.jpg\" \/>\n<meta name=\"twitter:creator\" content=\"@CentroNemo\" \/>\n<meta name=\"twitter:site\" content=\"@CentroNemo\" \/>\n<meta name=\"twitter:label1\" content=\"Written by\" \/>\n\t<meta name=\"twitter:data1\" content=\"Luca Biondi\" \/>\n\t<meta name=\"twitter:label2\" content=\"Est. reading time\" \/>\n\t<meta name=\"twitter:data2\" content=\"10 minutes\" \/>\n<script type=\"application\/ld+json\" class=\"yoast-schema-graph\">{\"@context\":\"https:\\\/\\\/schema.org\",\"@graph\":[{\"@type\":\"Article\",\"@id\":\"https:\\\/\\\/www.centrocliniconemo.it\\\/en\\\/blog\\\/si-conclude-un-anno-di-emozioni-nellacademy-di-sma-talent-school-dedicata-alle-persone-con-sma-e-al-loro-talento\\\/#article\",\"isPartOf\":{\"@id\":\"https:\\\/\\\/www.centrocliniconemo.it\\\/en\\\/blog\\\/si-conclude-un-anno-di-emozioni-nellacademy-di-sma-talent-school-dedicata-alle-persone-con-sma-e-al-loro-talento\\\/\"},\"author\":{\"name\":\"Luca Biondi\",\"@id\":\"https:\\\/\\\/www.centrocliniconemo.it\\\/en\\\/#\\\/schema\\\/person\\\/9331a87c0a8ee435c61f5dd498531434\"},\"headline\":\"Si conclude un anno di emozioni nell\u2019academy di SMA Talent School, dedicata alle persone con SMA e al loro talento\",\"datePublished\":\"2025-06-12T16:55:13+00:00\",\"dateModified\":\"2025-06-13T08:53:25+00:00\",\"mainEntityOfPage\":{\"@id\":\"https:\\\/\\\/www.centrocliniconemo.it\\\/en\\\/blog\\\/si-conclude-un-anno-di-emozioni-nellacademy-di-sma-talent-school-dedicata-alle-persone-con-sma-e-al-loro-talento\\\/\"},\"wordCount\":1335,\"publisher\":{\"@id\":\"https:\\\/\\\/www.centrocliniconemo.it\\\/en\\\/#organization\"},\"image\":{\"@id\":\"https:\\\/\\\/www.centrocliniconemo.it\\\/en\\\/blog\\\/si-conclude-un-anno-di-emozioni-nellacademy-di-sma-talent-school-dedicata-alle-persone-con-sma-e-al-loro-talento\\\/#primaryimage\"},\"thumbnailUrl\":\"https:\\\/\\\/www.centrocliniconemo.it\\\/wp-content\\\/uploads\\\/2025\\\/06\\\/SOM_1689.jpg\",\"keywords\":[\"Academy\",\"Famiglie SMA\",\"Roche\",\"SMA Talent School\"],\"articleSection\":[\"Iniziative ed eventi\",\"Storie di NeMO\"],\"inLanguage\":\"en-US\"},{\"@type\":\"WebPage\",\"@id\":\"https:\\\/\\\/www.centrocliniconemo.it\\\/en\\\/blog\\\/si-conclude-un-anno-di-emozioni-nellacademy-di-sma-talent-school-dedicata-alle-persone-con-sma-e-al-loro-talento\\\/\",\"url\":\"https:\\\/\\\/www.centrocliniconemo.it\\\/en\\\/blog\\\/si-conclude-un-anno-di-emozioni-nellacademy-di-sma-talent-school-dedicata-alle-persone-con-sma-e-al-loro-talento\\\/\",\"name\":\"Si conclude un anno di emozioni nell\u2019academy di SMA Talent School, dedicata alle persone con SMA e al loro talento - Centro Clinico NeMO\",\"isPartOf\":{\"@id\":\"https:\\\/\\\/www.centrocliniconemo.it\\\/en\\\/#website\"},\"primaryImageOfPage\":{\"@id\":\"https:\\\/\\\/www.centrocliniconemo.it\\\/en\\\/blog\\\/si-conclude-un-anno-di-emozioni-nellacademy-di-sma-talent-school-dedicata-alle-persone-con-sma-e-al-loro-talento\\\/#primaryimage\"},\"image\":{\"@id\":\"https:\\\/\\\/www.centrocliniconemo.it\\\/en\\\/blog\\\/si-conclude-un-anno-di-emozioni-nellacademy-di-sma-talent-school-dedicata-alle-persone-con-sma-e-al-loro-talento\\\/#primaryimage\"},\"thumbnailUrl\":\"https:\\\/\\\/www.centrocliniconemo.it\\\/wp-content\\\/uploads\\\/2025\\\/06\\\/SOM_1689.jpg\",\"datePublished\":\"2025-06-12T16:55:13+00:00\",\"dateModified\":\"2025-06-13T08:53:25+00:00\",\"description\":\"Canto, recitazione, public speaking e radio speaking le quattro discipline protagoniste di un anno di formazione per oltre 60 allievi con Atrofia Muscolare Spinale. Un progetto dei Centri Clinici NeMO e Famiglie SMA insieme a Roche, con la collaborazione di Accademia09\",\"breadcrumb\":{\"@id\":\"https:\\\/\\\/www.centrocliniconemo.it\\\/en\\\/blog\\\/si-conclude-un-anno-di-emozioni-nellacademy-di-sma-talent-school-dedicata-alle-persone-con-sma-e-al-loro-talento\\\/#breadcrumb\"},\"inLanguage\":\"en-US\",\"potentialAction\":[{\"@type\":\"ReadAction\",\"target\":[\"https:\\\/\\\/www.centrocliniconemo.it\\\/en\\\/blog\\\/si-conclude-un-anno-di-emozioni-nellacademy-di-sma-talent-school-dedicata-alle-persone-con-sma-e-al-loro-talento\\\/\"]}]},{\"@type\":\"ImageObject\",\"inLanguage\":\"en-US\",\"@id\":\"https:\\\/\\\/www.centrocliniconemo.it\\\/en\\\/blog\\\/si-conclude-un-anno-di-emozioni-nellacademy-di-sma-talent-school-dedicata-alle-persone-con-sma-e-al-loro-talento\\\/#primaryimage\",\"url\":\"https:\\\/\\\/www.centrocliniconemo.it\\\/wp-content\\\/uploads\\\/2025\\\/06\\\/SOM_1689.jpg\",\"contentUrl\":\"https:\\\/\\\/www.centrocliniconemo.it\\\/wp-content\\\/uploads\\\/2025\\\/06\\\/SOM_1689.jpg\",\"width\":1980,\"height\":1320},{\"@type\":\"BreadcrumbList\",\"@id\":\"https:\\\/\\\/www.centrocliniconemo.it\\\/en\\\/blog\\\/si-conclude-un-anno-di-emozioni-nellacademy-di-sma-talent-school-dedicata-alle-persone-con-sma-e-al-loro-talento\\\/#breadcrumb\",\"itemListElement\":[{\"@type\":\"ListItem\",\"position\":1,\"name\":\"Home\",\"item\":\"https:\\\/\\\/www.centrocliniconemo.it\\\/en\\\/\"},{\"@type\":\"ListItem\",\"position\":2,\"name\":\"Si conclude un anno di emozioni nell\u2019academy di SMA Talent School, dedicata alle persone con SMA e al loro talento\"}]},{\"@type\":\"WebSite\",\"@id\":\"https:\\\/\\\/www.centrocliniconemo.it\\\/en\\\/#website\",\"url\":\"https:\\\/\\\/www.centrocliniconemo.it\\\/en\\\/\",\"name\":\"Centro Clinico NeMO\",\"description\":\"Il paziente al centro\",\"publisher\":{\"@id\":\"https:\\\/\\\/www.centrocliniconemo.it\\\/en\\\/#organization\"},\"potentialAction\":[{\"@type\":\"SearchAction\",\"target\":{\"@type\":\"EntryPoint\",\"urlTemplate\":\"https:\\\/\\\/www.centrocliniconemo.it\\\/en\\\/?s={search_term_string}\"},\"query-input\":{\"@type\":\"PropertyValueSpecification\",\"valueRequired\":true,\"valueName\":\"search_term_string\"}}],\"inLanguage\":\"en-US\"},{\"@type\":\"Organization\",\"@id\":\"https:\\\/\\\/www.centrocliniconemo.it\\\/en\\\/#organization\",\"name\":\"Centro Clinico NeMO - Fondazione Serena Onlus\",\"url\":\"https:\\\/\\\/www.centrocliniconemo.it\\\/en\\\/\",\"logo\":{\"@type\":\"ImageObject\",\"inLanguage\":\"en-US\",\"@id\":\"https:\\\/\\\/www.centrocliniconemo.it\\\/en\\\/#\\\/schema\\\/logo\\\/image\\\/\",\"url\":\"https:\\\/\\\/www.centrocliniconemo.it\\\/wp-content\\\/uploads\\\/2023\\\/03\\\/logo-nemo.svg\",\"contentUrl\":\"https:\\\/\\\/www.centrocliniconemo.it\\\/wp-content\\\/uploads\\\/2023\\\/03\\\/logo-nemo.svg\",\"width\":272,\"height\":109.142,\"caption\":\"Centro Clinico NeMO - Fondazione Serena Onlus\"},\"image\":{\"@id\":\"https:\\\/\\\/www.centrocliniconemo.it\\\/en\\\/#\\\/schema\\\/logo\\\/image\\\/\"},\"sameAs\":[\"https:\\\/\\\/www.facebook.com\\\/CentroNEMOItalia\",\"https:\\\/\\\/x.com\\\/CentroNemo\",\"https:\\\/\\\/www.linkedin.com\\\/company\\\/centrocliniconemo\\\/\",\"https:\\\/\\\/www.instagram.com\\\/centrocliniconemo\\\/\"]},{\"@type\":\"Person\",\"@id\":\"https:\\\/\\\/www.centrocliniconemo.it\\\/en\\\/#\\\/schema\\\/person\\\/9331a87c0a8ee435c61f5dd498531434\",\"name\":\"Luca Biondi\",\"image\":{\"@type\":\"ImageObject\",\"inLanguage\":\"en-US\",\"@id\":\"https:\\\/\\\/secure.gravatar.com\\\/avatar\\\/0488b88829885ebcc9896de947265b69d2979e6dc4666b1e2c3d4fbf8dc73d77?s=96&d=mm&r=g\",\"url\":\"https:\\\/\\\/secure.gravatar.com\\\/avatar\\\/0488b88829885ebcc9896de947265b69d2979e6dc4666b1e2c3d4fbf8dc73d77?s=96&d=mm&r=g\",\"contentUrl\":\"https:\\\/\\\/secure.gravatar.com\\\/avatar\\\/0488b88829885ebcc9896de947265b69d2979e6dc4666b1e2c3d4fbf8dc73d77?s=96&d=mm&r=g\",\"caption\":\"Luca Biondi\"}}]}<\/script>\n<!-- \/ Yoast SEO plugin. -->","yoast_head_json":{"title":"Si conclude un anno di emozioni nell\u2019academy di SMA Talent School, dedicata alle persone con SMA e al loro talento - Centro Clinico NeMO","description":"Canto, recitazione, public speaking e radio speaking le quattro discipline protagoniste di un anno di formazione per oltre 60 allievi con Atrofia Muscolare Spinale. Un progetto dei Centri Clinici NeMO e Famiglie SMA insieme a Roche, con la collaborazione di Accademia09","robots":{"index":"index","follow":"follow","max-snippet":"max-snippet:-1","max-image-preview":"max-image-preview:large","max-video-preview":"max-video-preview:-1"},"canonical":"https:\/\/www.centrocliniconemo.it\/en\/blog\/si-conclude-un-anno-di-emozioni-nellacademy-di-sma-talent-school-dedicata-alle-persone-con-sma-e-al-loro-talento\/","og_locale":"en_US","og_type":"article","og_title":"Si conclude un anno di emozioni nell\u2019academy di SMA Talent School, dedicata alle persone con SMA e al loro talento","og_description":"Canto, recitazione, public speaking e radio speaking le quattro discipline protagoniste di un anno di formazione per oltre 60 allievi con Atrofia Muscolare Spinale. Un progetto dei Centri Clinici NeMO e Famiglie SMA insieme a Roche, con la collaborazione di Accademia09","og_url":"https:\/\/www.centrocliniconemo.it\/en\/blog\/si-conclude-un-anno-di-emozioni-nellacademy-di-sma-talent-school-dedicata-alle-persone-con-sma-e-al-loro-talento\/","og_site_name":"Centro Clinico NeMO","article_publisher":"https:\/\/www.facebook.com\/CentroNEMOItalia","article_published_time":"2025-06-12T16:55:13+00:00","article_modified_time":"2025-06-13T08:53:25+00:00","og_image":[{"width":1980,"height":1320,"url":"https:\/\/www.centrocliniconemo.it\/wp-content\/uploads\/2025\/06\/SOM_1689.jpg","type":"image\/jpeg"}],"author":"Luca Biondi","twitter_card":"summary_large_image","twitter_title":"Si conclude un anno di emozioni nell\u2019academy di SMA Talent School, dedicata alle persone con SMA e al loro talento","twitter_description":"Canto, recitazione, public speaking e radio speaking le quattro discipline protagoniste di un anno di formazione per oltre 60 allievi con Atrofia Muscolare Spinale. Un progetto dei Centri Clinici NeMO e Famiglie SMA insieme a Roche, con la collaborazione di Accademia09","twitter_image":"https:\/\/www.centrocliniconemo.it\/wp-content\/uploads\/2025\/06\/SOM_1689.jpg","twitter_creator":"@CentroNemo","twitter_site":"@CentroNemo","twitter_misc":{"Written by":"Luca Biondi","Est. reading time":"10 minutes"},"schema":{"@context":"https:\/\/schema.org","@graph":[{"@type":"Article","@id":"https:\/\/www.centrocliniconemo.it\/en\/blog\/si-conclude-un-anno-di-emozioni-nellacademy-di-sma-talent-school-dedicata-alle-persone-con-sma-e-al-loro-talento\/#article","isPartOf":{"@id":"https:\/\/www.centrocliniconemo.it\/en\/blog\/si-conclude-un-anno-di-emozioni-nellacademy-di-sma-talent-school-dedicata-alle-persone-con-sma-e-al-loro-talento\/"},"author":{"name":"Luca Biondi","@id":"https:\/\/www.centrocliniconemo.it\/en\/#\/schema\/person\/9331a87c0a8ee435c61f5dd498531434"},"headline":"Si conclude un anno di emozioni nell\u2019academy di SMA Talent School, dedicata alle persone con SMA e al loro talento","datePublished":"2025-06-12T16:55:13+00:00","dateModified":"2025-06-13T08:53:25+00:00","mainEntityOfPage":{"@id":"https:\/\/www.centrocliniconemo.it\/en\/blog\/si-conclude-un-anno-di-emozioni-nellacademy-di-sma-talent-school-dedicata-alle-persone-con-sma-e-al-loro-talento\/"},"wordCount":1335,"publisher":{"@id":"https:\/\/www.centrocliniconemo.it\/en\/#organization"},"image":{"@id":"https:\/\/www.centrocliniconemo.it\/en\/blog\/si-conclude-un-anno-di-emozioni-nellacademy-di-sma-talent-school-dedicata-alle-persone-con-sma-e-al-loro-talento\/#primaryimage"},"thumbnailUrl":"https:\/\/www.centrocliniconemo.it\/wp-content\/uploads\/2025\/06\/SOM_1689.jpg","keywords":["Academy","Famiglie SMA","Roche","SMA Talent School"],"articleSection":["Iniziative ed eventi","Storie di NeMO"],"inLanguage":"en-US"},{"@type":"WebPage","@id":"https:\/\/www.centrocliniconemo.it\/en\/blog\/si-conclude-un-anno-di-emozioni-nellacademy-di-sma-talent-school-dedicata-alle-persone-con-sma-e-al-loro-talento\/","url":"https:\/\/www.centrocliniconemo.it\/en\/blog\/si-conclude-un-anno-di-emozioni-nellacademy-di-sma-talent-school-dedicata-alle-persone-con-sma-e-al-loro-talento\/","name":"Si conclude un anno di emozioni nell\u2019academy di SMA Talent School, dedicata alle persone con SMA e al loro talento - Centro Clinico NeMO","isPartOf":{"@id":"https:\/\/www.centrocliniconemo.it\/en\/#website"},"primaryImageOfPage":{"@id":"https:\/\/www.centrocliniconemo.it\/en\/blog\/si-conclude-un-anno-di-emozioni-nellacademy-di-sma-talent-school-dedicata-alle-persone-con-sma-e-al-loro-talento\/#primaryimage"},"image":{"@id":"https:\/\/www.centrocliniconemo.it\/en\/blog\/si-conclude-un-anno-di-emozioni-nellacademy-di-sma-talent-school-dedicata-alle-persone-con-sma-e-al-loro-talento\/#primaryimage"},"thumbnailUrl":"https:\/\/www.centrocliniconemo.it\/wp-content\/uploads\/2025\/06\/SOM_1689.jpg","datePublished":"2025-06-12T16:55:13+00:00","dateModified":"2025-06-13T08:53:25+00:00","description":"Canto, recitazione, public speaking e radio speaking le quattro discipline protagoniste di un anno di formazione per oltre 60 allievi con Atrofia Muscolare Spinale. Un progetto dei Centri Clinici NeMO e Famiglie SMA insieme a Roche, con la collaborazione di Accademia09","breadcrumb":{"@id":"https:\/\/www.centrocliniconemo.it\/en\/blog\/si-conclude-un-anno-di-emozioni-nellacademy-di-sma-talent-school-dedicata-alle-persone-con-sma-e-al-loro-talento\/#breadcrumb"},"inLanguage":"en-US","potentialAction":[{"@type":"ReadAction","target":["https:\/\/www.centrocliniconemo.it\/en\/blog\/si-conclude-un-anno-di-emozioni-nellacademy-di-sma-talent-school-dedicata-alle-persone-con-sma-e-al-loro-talento\/"]}]},{"@type":"ImageObject","inLanguage":"en-US","@id":"https:\/\/www.centrocliniconemo.it\/en\/blog\/si-conclude-un-anno-di-emozioni-nellacademy-di-sma-talent-school-dedicata-alle-persone-con-sma-e-al-loro-talento\/#primaryimage","url":"https:\/\/www.centrocliniconemo.it\/wp-content\/uploads\/2025\/06\/SOM_1689.jpg","contentUrl":"https:\/\/www.centrocliniconemo.it\/wp-content\/uploads\/2025\/06\/SOM_1689.jpg","width":1980,"height":1320},{"@type":"BreadcrumbList","@id":"https:\/\/www.centrocliniconemo.it\/en\/blog\/si-conclude-un-anno-di-emozioni-nellacademy-di-sma-talent-school-dedicata-alle-persone-con-sma-e-al-loro-talento\/#breadcrumb","itemListElement":[{"@type":"ListItem","position":1,"name":"Home","item":"https:\/\/www.centrocliniconemo.it\/en\/"},{"@type":"ListItem","position":2,"name":"Si conclude un anno di emozioni nell\u2019academy di SMA Talent School, dedicata alle persone con SMA e al loro talento"}]},{"@type":"WebSite","@id":"https:\/\/www.centrocliniconemo.it\/en\/#website","url":"https:\/\/www.centrocliniconemo.it\/en\/","name":"Centro Clinico NeMO","description":"Il paziente al centro","publisher":{"@id":"https:\/\/www.centrocliniconemo.it\/en\/#organization"},"potentialAction":[{"@type":"SearchAction","target":{"@type":"EntryPoint","urlTemplate":"https:\/\/www.centrocliniconemo.it\/en\/?s={search_term_string}"},"query-input":{"@type":"PropertyValueSpecification","valueRequired":true,"valueName":"search_term_string"}}],"inLanguage":"en-US"},{"@type":"Organization","@id":"https:\/\/www.centrocliniconemo.it\/en\/#organization","name":"Centro Clinico NeMO - Fondazione Serena Onlus","url":"https:\/\/www.centrocliniconemo.it\/en\/","logo":{"@type":"ImageObject","inLanguage":"en-US","@id":"https:\/\/www.centrocliniconemo.it\/en\/#\/schema\/logo\/image\/","url":"https:\/\/www.centrocliniconemo.it\/wp-content\/uploads\/2023\/03\/logo-nemo.svg","contentUrl":"https:\/\/www.centrocliniconemo.it\/wp-content\/uploads\/2023\/03\/logo-nemo.svg","width":272,"height":109.142,"caption":"Centro Clinico NeMO - Fondazione Serena Onlus"},"image":{"@id":"https:\/\/www.centrocliniconemo.it\/en\/#\/schema\/logo\/image\/"},"sameAs":["https:\/\/www.facebook.com\/CentroNEMOItalia","https:\/\/x.com\/CentroNemo","https:\/\/www.linkedin.com\/company\/centrocliniconemo\/","https:\/\/www.instagram.com\/centrocliniconemo\/"]},{"@type":"Person","@id":"https:\/\/www.centrocliniconemo.it\/en\/#\/schema\/person\/9331a87c0a8ee435c61f5dd498531434","name":"Luca Biondi","image":{"@type":"ImageObject","inLanguage":"en-US","@id":"https:\/\/secure.gravatar.com\/avatar\/0488b88829885ebcc9896de947265b69d2979e6dc4666b1e2c3d4fbf8dc73d77?s=96&d=mm&r=g","url":"https:\/\/secure.gravatar.com\/avatar\/0488b88829885ebcc9896de947265b69d2979e6dc4666b1e2c3d4fbf8dc73d77?s=96&d=mm&r=g","contentUrl":"https:\/\/secure.gravatar.com\/avatar\/0488b88829885ebcc9896de947265b69d2979e6dc4666b1e2c3d4fbf8dc73d77?s=96&d=mm&r=g","caption":"Luca Biondi"}}]}},"_links":{"self":[{"href":"https:\/\/www.centrocliniconemo.it\/en\/wp-json\/wp\/v2\/posts\/24629","targetHints":{"allow":["GET"]}}],"collection":[{"href":"https:\/\/www.centrocliniconemo.it\/en\/wp-json\/wp\/v2\/posts"}],"about":[{"href":"https:\/\/www.centrocliniconemo.it\/en\/wp-json\/wp\/v2\/types\/post"}],"author":[{"embeddable":true,"href":"https:\/\/www.centrocliniconemo.it\/en\/wp-json\/wp\/v2\/users\/2"}],"replies":[{"embeddable":true,"href":"https:\/\/www.centrocliniconemo.it\/en\/wp-json\/wp\/v2\/comments?post=24629"}],"version-history":[{"count":0,"href":"https:\/\/www.centrocliniconemo.it\/en\/wp-json\/wp\/v2\/posts\/24629\/revisions"}],"wp:featuredmedia":[{"embeddable":true,"href":"https:\/\/www.centrocliniconemo.it\/en\/wp-json\/wp\/v2\/media\/24655"}],"wp:attachment":[{"href":"https:\/\/www.centrocliniconemo.it\/en\/wp-json\/wp\/v2\/media?parent=24629"}],"wp:term":[{"taxonomy":"category","embeddable":true,"href":"https:\/\/www.centrocliniconemo.it\/en\/wp-json\/wp\/v2\/categories?post=24629"},{"taxonomy":"post_tag","embeddable":true,"href":"https:\/\/www.centrocliniconemo.it\/en\/wp-json\/wp\/v2\/tags?post=24629"}],"curies":[{"name":"wp","href":"https:\/\/api.w.org\/{rel}","templated":true}]}}