{"id":24565,"date":"2025-05-30T12:49:47","date_gmt":"2025-05-30T12:49:47","guid":{"rendered":"https:\/\/www.centrocliniconemo.it\/blog\/?p=24565"},"modified":"2025-05-30T12:57:05","modified_gmt":"2025-05-30T12:57:05","slug":"diventare-grandi-affrontiamo-insieme-la-transizione","status":"publish","type":"post","link":"https:\/\/www.centrocliniconemo.it\/en\/blog\/diventare-grandi-affrontiamo-insieme-la-transizione\/","title":{"rendered":"Diventare grandi. Affrontiamo insieme la transizione"},"content":{"rendered":"\n<p>\u201cParlare di diventare grandi quando si vive una grave disabilit\u00e0 \u00e8 oggi possibile\u201d. \u00c8 questo il messaggio emerso dal convegno promosso da Fondazione Maddalena Grassi con il patrocinio dei Centri Clinici NeMO. Un tavolo di lavoro che ha visto esperti, operatori sanitari e associazioni interrogarsi su un tema tanto delicato quanto urgente: il passaggio all\u2019et\u00e0 adulta per gli adolescenti con patologie croniche complesse.&nbsp;<\/p>\n\n\n\n<p>Insieme a <strong>Elena Gotti<\/strong>, nurse coach del <a href=\"https:\/\/www.centrocliniconemo.it\/pazienti\/sedi-nemo\/nemo-milano\/\">Centro NeMO Milano<\/a>, e a <strong>Simona Spinoglio<\/strong>, psicologa di <a href=\"https:\/\/www.famigliesma.org\/\">Famiglie SMA<\/a> e psicoterapeuta specializzanda proprio al NeMO, abbiamo portato il nostro contributo al dibattito, con la consapevolezza che ogni passaggio evolutivo vada riconosciuto, accompagnato e reso sostenibile.<\/p>\n\n\n\n<p><em>\u201cA NeMO abbiamo imparato nel tempo a prenderci cura dei pi\u00f9 piccoli e con loro siamo cresciuti <\/em>&#8211; <strong>racconta Elena<\/strong> \u2013 <em>Oggi, a distanza di anni, possiamo parlare di crescita, di adolescenza, di futuro. E questo per noi \u00e8 possibile non solo grazie all\u2019avvento di nuove terapie, ma anche e soprattutto perch\u00e9 abbiamo consolidato percorsi di cura integrati che accompagnano lo sviluppo dei bambini e delle loro famiglie\u201d. <\/em><strong>Percorsi che hanno visto, nell\u2019ultimo anno, 314 bambini presi in carico solo al NeMO di Milano<\/strong>.<\/p>\n\n\n<div class=\"pgc-sgb-cb wp-block-pgcsimplygalleryblock-slider \" data-gallery-id=\"7fd34924\"style=&quot;min-height:400px&quot;><div class=\"sgb-preloader\" id=\"pr_7fd34924\">\n\t<div class=\"sgb-square\" style=\"background:#d4d4d4\"><\/div>\n\t<div class=\"sgb-square\" style=\"background:#d4d4d4\"><\/div>\n\t<div class=\"sgb-square\" style=\"background:#d4d4d4\"><\/div>\n\t<div class=\"sgb-square\" style=\"background:#d4d4d4\"><\/div><\/div><div class=\"simply-gallery-amp pgc_sgb_slider \"><noscript><div class=\"sgb-gallery\"><div class=\"sgb-item\"><a href=\"https:\/\/www.centrocliniconemo.it\/convegno-maddalena-grassi-foto-transizione\/\" target=\"_blank\"><img loading=\"lazy\" decoding=\"async\" alt=\"\" width=\"233\" height=\"300\" loading=\"lazy\" src=\"https:\/\/www.centrocliniconemo.it\/wp-content\/uploads\/2025\/05\/Convegno-Maddalena-Grassi-Foto-transizione-233x300.jpg\" srcset=\"https:\/\/www.centrocliniconemo.it\/wp-content\/uploads\/2025\/05\/Convegno-Maddalena-Grassi-Foto-transizione-233x300.jpg 233w,https:\/\/www.centrocliniconemo.it\/wp-content\/uploads\/2025\/05\/Convegno-Maddalena-Grassi-Foto-transizione.jpg 325w\" sizes=\"auto, 250px\"\/><\/a><\/div><div class=\"sgb-item\"><a href=\"https:\/\/www.centrocliniconemo.it\/convegno-maddalena-grassi-foto-transizione_4\/\" target=\"_blank\"><img loading=\"lazy\" decoding=\"async\" alt=\"\" width=\"225\" height=\"300\" loading=\"lazy\" src=\"https:\/\/www.centrocliniconemo.it\/wp-content\/uploads\/2025\/05\/Convegno-Maddalena-Grassi-Foto-transizione_4-225x300.jpeg\" srcset=\"https:\/\/www.centrocliniconemo.it\/wp-content\/uploads\/2025\/05\/Convegno-Maddalena-Grassi-Foto-transizione_4-225x300.jpeg 225w,https:\/\/www.centrocliniconemo.it\/wp-content\/uploads\/2025\/05\/Convegno-Maddalena-Grassi-Foto-transizione_4-768x1024.jpeg 768w,https:\/\/www.centrocliniconemo.it\/wp-content\/uploads\/2025\/05\/Convegno-Maddalena-Grassi-Foto-transizione_4-scaled.jpeg 1920w\" sizes=\"auto, 250px\"\/><\/a><\/div><div class=\"sgb-item\"><a href=\"https:\/\/www.centrocliniconemo.it\/convegno-maddalena-grassi-foto-transizione_3\/\" target=\"_blank\"><img loading=\"lazy\" decoding=\"async\" alt=\"\" width=\"300\" height=\"208\" loading=\"lazy\" src=\"https:\/\/www.centrocliniconemo.it\/wp-content\/uploads\/2025\/05\/Convegno-Maddalena-Grassi-Foto-transizione_3-300x208.jpeg\" srcset=\"https:\/\/www.centrocliniconemo.it\/wp-content\/uploads\/2025\/05\/Convegno-Maddalena-Grassi-Foto-transizione_3-300x208.jpeg 300w,https:\/\/www.centrocliniconemo.it\/wp-content\/uploads\/2025\/05\/Convegno-Maddalena-Grassi-Foto-transizione_3-1024x712.jpeg 1024w,https:\/\/www.centrocliniconemo.it\/wp-content\/uploads\/2025\/05\/Convegno-Maddalena-Grassi-Foto-transizione_3.jpeg 1803w\" sizes=\"auto, 250px\"\/><\/a><\/div><div class=\"sgb-item\"><a href=\"https:\/\/www.centrocliniconemo.it\/convegno-maddalena-grassi-foto-transizione_5\/\" target=\"_blank\"><img loading=\"lazy\" decoding=\"async\" alt=\"\" width=\"225\" height=\"300\" loading=\"lazy\" src=\"https:\/\/www.centrocliniconemo.it\/wp-content\/uploads\/2025\/05\/Convegno-Maddalena-Grassi-Foto-Transizione_5-225x300.jpeg\" srcset=\"https:\/\/www.centrocliniconemo.it\/wp-content\/uploads\/2025\/05\/Convegno-Maddalena-Grassi-Foto-Transizione_5-225x300.jpeg 225w,https:\/\/www.centrocliniconemo.it\/wp-content\/uploads\/2025\/05\/Convegno-Maddalena-Grassi-Foto-Transizione_5-768x1024.jpeg 768w,https:\/\/www.centrocliniconemo.it\/wp-content\/uploads\/2025\/05\/Convegno-Maddalena-Grassi-Foto-Transizione_5-scaled.jpeg 1920w\" sizes=\"auto, 250px\"\/><\/a><\/div><div class=\"sgb-item\"><a href=\"https:\/\/www.centrocliniconemo.it\/convegno-maddalena-grassi-foto-transizione_2\/\" target=\"_blank\"><img loading=\"lazy\" decoding=\"async\" alt=\"\" width=\"300\" height=\"287\" loading=\"lazy\" src=\"https:\/\/www.centrocliniconemo.it\/wp-content\/uploads\/2025\/05\/Convegno-Maddalena-Grassi-Foto-transizione_2-300x287.jpg\" srcset=\"https:\/\/www.centrocliniconemo.it\/wp-content\/uploads\/2025\/05\/Convegno-Maddalena-Grassi-Foto-transizione_2-300x287.jpg 300w,https:\/\/www.centrocliniconemo.it\/wp-content\/uploads\/2025\/05\/Convegno-Maddalena-Grassi-Foto-transizione_2.jpg 565w\" sizes=\"auto, 250px\"\/><\/a><\/div><\/div><\/noscript><\/div><script type=\"application\/json\" class=\"sgb-data\">{\"sliderAdminWidth\":772,\"galleryType\":\"pgc_sgb_slider\",\"galleryId\":\"7fd34924\",\"images\":[{\"id\":24563,\"title\":\"Convegno Maddalena Grassi - Foto transizione\",\"url\":\"https:\/\/www.centrocliniconemo.it\/wp-content\/uploads\/2025\/05\/Convegno-Maddalena-Grassi-Foto-transizione.jpg\",\"link\":\"https:\/\/www.centrocliniconemo.it\/convegno-maddalena-grassi-foto-transizione\/\",\"alt\":\"\",\"description\":\"\",\"caption\":\"\",\"mime\":\"image\/jpeg\",\"type\":\"image\",\"width\":325,\"height\":419,\"sizes\":{\"thumbnail\":{\"height\":150,\"width\":150,\"url\":\"https:\/\/www.centrocliniconemo.it\/wp-content\/uploads\/2025\/05\/Convegno-Maddalena-Grassi-Foto-transizione-150x150.jpg\",\"orientation\":\"landscape\"},\"medium\":{\"height\":300,\"width\":233,\"url\":\"https:\/\/www.centrocliniconemo.it\/wp-content\/uploads\/2025\/05\/Convegno-Maddalena-Grassi-Foto-transizione-233x300.jpg\",\"orientation\":\"portrait\"},\"full\":{\"url\":\"https:\/\/www.centrocliniconemo.it\/wp-content\/uploads\/2025\/05\/Convegno-Maddalena-Grassi-Foto-transizione.jpg\",\"height\":419,\"width\":325,\"orientation\":\"portrait\"}},\"imageMeta\":{\"aperture\":\"0\",\"credit\":\"\",\"camera\":\"\",\"caption\":\"\",\"created_timestamp\":\"0\",\"copyright\":\"\",\"focal_length\":\"0\",\"iso\":\"0\",\"shutter_speed\":\"0\",\"title\":\"\",\"orientation\":\"0\",\"keywords\":[]},\"meta\":false,\"postlink\":\"https:\/\/www.centrocliniconemo.it\/convegno-maddalena-grassi-foto-transizione\/\"},{\"id\":24559,\"title\":\"Convegno Maddalena Grassi - Foto transizione_4\",\"url\":\"https:\/\/www.centrocliniconemo.it\/wp-content\/uploads\/2025\/05\/Convegno-Maddalena-Grassi-Foto-transizione_4-scaled.jpeg\",\"link\":\"https:\/\/www.centrocliniconemo.it\/convegno-maddalena-grassi-foto-transizione_4\/\",\"alt\":\"\",\"description\":\"\",\"caption\":\"\",\"mime\":\"image\/jpeg\",\"type\":\"image\",\"width\":1920,\"height\":2560,\"sizes\":{\"thumbnail\":{\"height\":150,\"width\":150,\"url\":\"https:\/\/www.centrocliniconemo.it\/wp-content\/uploads\/2025\/05\/Convegno-Maddalena-Grassi-Foto-transizione_4-150x150.jpeg\",\"orientation\":\"landscape\"},\"medium\":{\"height\":300,\"width\":225,\"url\":\"https:\/\/www.centrocliniconemo.it\/wp-content\/uploads\/2025\/05\/Convegno-Maddalena-Grassi-Foto-transizione_4-225x300.jpeg\",\"orientation\":\"portrait\"},\"large\":{\"height\":1024,\"width\":768,\"url\":\"https:\/\/www.centrocliniconemo.it\/wp-content\/uploads\/2025\/05\/Convegno-Maddalena-Grassi-Foto-transizione_4-768x1024.jpeg\",\"orientation\":\"portrait\"},\"full\":{\"url\":\"https:\/\/www.centrocliniconemo.it\/wp-content\/uploads\/2025\/05\/Convegno-Maddalena-Grassi-Foto-transizione_4-scaled.jpeg\",\"height\":2560,\"width\":1920,\"orientation\":\"portrait\"}},\"imageMeta\":{\"aperture\":\"0\",\"credit\":\"\",\"camera\":\"\",\"caption\":\"\",\"created_timestamp\":\"0\",\"copyright\":\"\",\"focal_length\":\"0\",\"iso\":\"0\",\"shutter_speed\":\"0\",\"title\":\"\",\"orientation\":\"0\",\"keywords\":[]},\"meta\":false,\"postlink\":\"https:\/\/www.centrocliniconemo.it\/convegno-maddalena-grassi-foto-transizione_4\/\"},{\"id\":24557,\"title\":\"Convegno Maddalena Grassi - Foto transizione_3\",\"url\":\"https:\/\/www.centrocliniconemo.it\/wp-content\/uploads\/2025\/05\/Convegno-Maddalena-Grassi-Foto-transizione_3.jpeg\",\"link\":\"https:\/\/www.centrocliniconemo.it\/convegno-maddalena-grassi-foto-transizione_3\/\",\"alt\":\"\",\"description\":\"\",\"caption\":\"\",\"mime\":\"image\/jpeg\",\"type\":\"image\",\"width\":1803,\"height\":1253,\"sizes\":{\"thumbnail\":{\"height\":150,\"width\":150,\"url\":\"https:\/\/www.centrocliniconemo.it\/wp-content\/uploads\/2025\/05\/Convegno-Maddalena-Grassi-Foto-transizione_3-150x150.jpeg\",\"orientation\":\"landscape\"},\"medium\":{\"height\":208,\"width\":300,\"url\":\"https:\/\/www.centrocliniconemo.it\/wp-content\/uploads\/2025\/05\/Convegno-Maddalena-Grassi-Foto-transizione_3-300x208.jpeg\",\"orientation\":\"landscape\"},\"large\":{\"height\":712,\"width\":1024,\"url\":\"https:\/\/www.centrocliniconemo.it\/wp-content\/uploads\/2025\/05\/Convegno-Maddalena-Grassi-Foto-transizione_3-1024x712.jpeg\",\"orientation\":\"landscape\"},\"full\":{\"url\":\"https:\/\/www.centrocliniconemo.it\/wp-content\/uploads\/2025\/05\/Convegno-Maddalena-Grassi-Foto-transizione_3.jpeg\",\"height\":1253,\"width\":1803,\"orientation\":\"landscape\"}},\"imageMeta\":{\"aperture\":\"0\",\"credit\":\"\",\"camera\":\"\",\"caption\":\"\",\"created_timestamp\":\"0\",\"copyright\":\"\",\"focal_length\":\"0\",\"iso\":\"0\",\"shutter_speed\":\"0\",\"title\":\"\",\"orientation\":\"0\",\"keywords\":[]},\"meta\":false,\"postlink\":\"https:\/\/www.centrocliniconemo.it\/convegno-maddalena-grassi-foto-transizione_3\/\"},{\"id\":24561,\"title\":\"Convegno Maddalena Grassi - Foto Transizione_5\",\"url\":\"https:\/\/www.centrocliniconemo.it\/wp-content\/uploads\/2025\/05\/Convegno-Maddalena-Grassi-Foto-Transizione_5-scaled.jpeg\",\"link\":\"https:\/\/www.centrocliniconemo.it\/convegno-maddalena-grassi-foto-transizione_5\/\",\"alt\":\"\",\"description\":\"\",\"caption\":\"\",\"mime\":\"image\/jpeg\",\"type\":\"image\",\"width\":1920,\"height\":2560,\"sizes\":{\"thumbnail\":{\"height\":150,\"width\":150,\"url\":\"https:\/\/www.centrocliniconemo.it\/wp-content\/uploads\/2025\/05\/Convegno-Maddalena-Grassi-Foto-Transizione_5-150x150.jpeg\",\"orientation\":\"landscape\"},\"medium\":{\"height\":300,\"width\":225,\"url\":\"https:\/\/www.centrocliniconemo.it\/wp-content\/uploads\/2025\/05\/Convegno-Maddalena-Grassi-Foto-Transizione_5-225x300.jpeg\",\"orientation\":\"portrait\"},\"large\":{\"height\":1024,\"width\":768,\"url\":\"https:\/\/www.centrocliniconemo.it\/wp-content\/uploads\/2025\/05\/Convegno-Maddalena-Grassi-Foto-Transizione_5-768x1024.jpeg\",\"orientation\":\"portrait\"},\"full\":{\"url\":\"https:\/\/www.centrocliniconemo.it\/wp-content\/uploads\/2025\/05\/Convegno-Maddalena-Grassi-Foto-Transizione_5-scaled.jpeg\",\"height\":2560,\"width\":1920,\"orientation\":\"portrait\"}},\"imageMeta\":{\"aperture\":\"0\",\"credit\":\"\",\"camera\":\"\",\"caption\":\"\",\"created_timestamp\":\"0\",\"copyright\":\"\",\"focal_length\":\"0\",\"iso\":\"0\",\"shutter_speed\":\"0\",\"title\":\"\",\"orientation\":\"0\",\"keywords\":[]},\"meta\":false,\"postlink\":\"https:\/\/www.centrocliniconemo.it\/convegno-maddalena-grassi-foto-transizione_5\/\"},{\"id\":24555,\"title\":\"Convegno Maddalena Grassi - Foto transizione_2\",\"url\":\"https:\/\/www.centrocliniconemo.it\/wp-content\/uploads\/2025\/05\/Convegno-Maddalena-Grassi-Foto-transizione_2.jpg\",\"link\":\"https:\/\/www.centrocliniconemo.it\/convegno-maddalena-grassi-foto-transizione_2\/\",\"alt\":\"\",\"description\":\"\",\"caption\":\"\",\"mime\":\"image\/jpeg\",\"type\":\"image\",\"width\":565,\"height\":540,\"sizes\":{\"thumbnail\":{\"height\":150,\"width\":150,\"url\":\"https:\/\/www.centrocliniconemo.it\/wp-content\/uploads\/2025\/05\/Convegno-Maddalena-Grassi-Foto-transizione_2-150x150.jpg\",\"orientation\":\"landscape\"},\"medium\":{\"height\":287,\"width\":300,\"url\":\"https:\/\/www.centrocliniconemo.it\/wp-content\/uploads\/2025\/05\/Convegno-Maddalena-Grassi-Foto-transizione_2-300x287.jpg\",\"orientation\":\"landscape\"},\"full\":{\"url\":\"https:\/\/www.centrocliniconemo.it\/wp-content\/uploads\/2025\/05\/Convegno-Maddalena-Grassi-Foto-transizione_2.jpg\",\"height\":540,\"width\":565,\"orientation\":\"landscape\"}},\"imageMeta\":{\"aperture\":\"0\",\"credit\":\"\",\"camera\":\"\",\"caption\":\"\",\"created_timestamp\":\"0\",\"copyright\":\"\",\"focal_length\":\"0\",\"iso\":\"0\",\"shutter_speed\":\"0\",\"title\":\"\",\"orientation\":\"0\",\"keywords\":[]},\"meta\":false,\"postlink\":\"https:\/\/www.centrocliniconemo.it\/convegno-maddalena-grassi-foto-transizione_2\/\"}],\"jetDynamicVisibility\":{\"jedv_enabled\":false},\"jetPopupInstance\":\"none\",\"jetPopupTriggerType\":\"none\",\"jetPopupCustomSelector\":\"\",\"jetPopupIsJetEngine\":false,\"itemsMetaDataCollection\":[]}<\/script><script>(function(){if(window.PGC_SGB && window.PGC_SGB.searcher){window.PGC_SGB.searcher.initBlocks()}})()<\/script><\/div>\n\n\n<p>La transizione all\u2019et\u00e0 adulta, o <strong>medicina di transizione<\/strong>,\u00e8 definita dalla Societ\u00e0 Americana di Medicina dell\u2019Adolescenza come un \u201cprocesso pianificato e strutturato, volto a passare da un sistema di cura pediatrico a uno per adulti\u201d. Un passaggio che non \u00e8 solo sanitario, ma profondamente multidimensionaleperch\u00e9,oltre agli aspetti clinici, deve necessariamente avere uno sguardo su tutte le dimensioni importanti del diventare grandi: da quella psicologica a quella sociale ed educativa, fino ad abbracciare l\u2019intero progetto di vita della persona.<\/p>\n\n\n\n<p>In questo percorso, i reparti dei Centri NeMO, che vedono la presenza dei bambini con Sma e Distrofie Muscolari, sono pensati con le figure dedicate all\u2019et\u00e0 pediatrica &#8211; il neuropsichiatra infantile e il terapista della neuro e psicomotricit\u00e0 dell\u2019et\u00e0 evolutiva (TNPEE) &#8211; operare in modo integrato all\u2019interno dell\u2019\u00e9quipe multidisciplinare, che ha competenze specifiche per questa fascia d\u2019et\u00e0: la gestione degli aspetti respiratori ne \u00e8 un esempio.&nbsp;<\/p>\n\n\n\n<p><strong>In concreto, come si applica la medicina di transizione al Centro NeMO?<\/strong> <em>\u201cAttraverso il lavoro congiunto tra team pediatrico e team dell\u2019adulto, per la stesura e pianificazione di un piano di cura condiviso \u2013 <\/em><strong>continua Elena Gotti<\/strong> &#8211; <em>Questo strumento ci permette di percorrere insieme le tappe di sviluppo e di crescita dei ragazzi, dal punto di vista clinico, psicologico e sociale. Gli spazi privilegiati sono gli ambulatori multidisciplinari e i day hospital dedicati, riservando il ricovero solo in situazioni di acuzie, post acuzie o per coloro che necessitano di un monitoraggio continuo nel tempo\u201d. &nbsp;<\/em><\/p>\n\n\n\n<p>Uno sguardo esperto che accompagna ma che non limita la necessit\u00e0 di affrontare i cambiamenti e le situazioni nuove: <em>\u201cDiventare grandi \u2013 <\/em><strong>spiega Simona Spinoglio<\/strong><em> \u2013 significa anche vivere il cambiamento, attraversare la frustrazione e la paura dell\u2019incertezza. Come in tutti i percorsi di crescita, anche quello di cura allora implica il relazionarsi con nuove figure adulte<\/em>\u00bb. Uno spazio di relazione con nuovi operatori, dunque, che richiede fatica ma che diventa un\u2019opportunit\u00e0 per conoscersi e farsi conoscere, anche attraverso lo sguardo dell\u2019altro: <em>\u201cCambia tutto se chi ho davanti mi guarda come un bimbo, come un giovane adulto o come adulto. Quello sguardo, che si traduce attraverso il tono della voce, il tocco delle mani o il rispetto della privacy, permette anche alla persona con disabilit\u00e0 di poter vivere la transizione come un rito di passaggio. E ogni rito, lo sappiamo, porta con s\u00e9 anche una parte di fatica\u201d.&nbsp; &nbsp;<\/em><\/p>\n\n\n\n<p><strong>Ma la transizione non \u00e8 solo clinica<\/strong>. Serve un territorio che accolga e garantisca la continuit\u00e0 di questo accompagnamento, oltre il reparto. Un modello funzionale pensato per le famiglie, che andrebbe attivato gi\u00e0 tra i 12 e 16 anni, come indicano le linee guida internazionali. Anche di questo si \u00e8 discusso nei lavori del convegno e la presenza delle Associazioni che operano sul territorio milanese ha voluto raccontare la volont\u00e0 concreta di fare rete, nonostante le difficolt\u00e0. Perch\u00e9 diventare grandi, anche con una disabilit\u00e0 grave, oggi \u00e8 una possibilit\u00e0 reale. E parlarne \u00e8 una buona notizia.<\/p>\n","protected":false},"excerpt":{"rendered":"<p>\u201cParlare di diventare grandi quando si vive una grave disabilit\u00e0 \u00e8 oggi possibile\u201d. \u00c8 questo il messaggio emerso dal convegno promosso da Fondazione Maddalena Grassi con il patrocinio dei Centri Clinici NeMO. Un tavolo di lavoro che ha visto esperti, operatori sanitari e associazioni interrogarsi su un tema tanto delicato quanto urgente: il passaggio all\u2019et\u00e0 [&hellip;]<\/p>\n","protected":false},"author":2,"featured_media":24568,"comment_status":"closed","ping_status":"closed","sticky":false,"template":"","format":"standard","meta":{"pgc_sgb_lightbox_settings":"","footnotes":""},"categories":[28,1],"tags":[225,256,18],"class_list":["post-24565","post","type-post","status-publish","format-standard","has-post-thumbnail","hentry","category-cura-ricerca-e-formazione","category-storie-di-nemo","tag-famiglie-sma","tag-fondazione-maddalena-grassi","tag-nemo-milano"],"yoast_head":"<!-- This site is optimized with the Yoast SEO plugin v27.4 - https:\/\/yoast.com\/product\/yoast-seo-wordpress\/ -->\n<title>Diventare grandi. Affrontiamo insieme la transizione - Centro Clinico NeMO<\/title>\n<meta name=\"description\" content=\"\u201cParlare di diventare grandi quando si vive una grave disabilit\u00e0 \u00e8 oggi possibile\u201d. \u00c8 questo il messaggio emerso dal convegno promosso da Fondazione Maddalena Grassi con il patrocinio dei Centri Clinici NeMO. Un tavolo di lavoro che ha visto esperti, operatori sanitari e associazioni interrogarsi su un tema tanto delicato quanto urgente: il passaggio all\u2019et\u00e0 adulta per gli adolescenti con patologie croniche complesse.\u00a0\" \/>\n<meta name=\"robots\" content=\"index, follow, max-snippet:-1, max-image-preview:large, max-video-preview:-1\" \/>\n<link rel=\"canonical\" href=\"https:\/\/www.centrocliniconemo.it\/en\/blog\/diventare-grandi-affrontiamo-insieme-la-transizione\/\" \/>\n<meta property=\"og:locale\" content=\"en_US\" \/>\n<meta property=\"og:type\" content=\"article\" \/>\n<meta property=\"og:title\" content=\"Diventare grandi. Affrontiamo insieme la transizione\" \/>\n<meta property=\"og:description\" content=\"\u201cParlare di diventare grandi quando si vive una grave disabilit\u00e0 \u00e8 oggi possibile\u201d. \u00c8 questo il messaggio emerso dal convegno promosso da Fondazione Maddalena Grassi con il patrocinio dei Centri Clinici NeMO. Un tavolo di lavoro che ha visto esperti, operatori sanitari e associazioni interrogarsi su un tema tanto delicato quanto urgente: il passaggio all\u2019et\u00e0 adulta per gli adolescenti con patologie croniche complesse.\u00a0\" \/>\n<meta property=\"og:url\" content=\"https:\/\/www.centrocliniconemo.it\/en\/blog\/diventare-grandi-affrontiamo-insieme-la-transizione\/\" \/>\n<meta property=\"og:site_name\" content=\"Centro Clinico NeMO\" \/>\n<meta property=\"article:publisher\" content=\"https:\/\/www.facebook.com\/CentroNEMOItalia\" \/>\n<meta property=\"article:published_time\" content=\"2025-05-30T12:49:47+00:00\" \/>\n<meta property=\"article:modified_time\" content=\"2025-05-30T12:57:05+00:00\" \/>\n<meta property=\"og:image\" content=\"https:\/\/www.centrocliniconemo.it\/wp-content\/uploads\/2025\/05\/Convegno-Maddalena-Grassi-Foto-transizione_2-1.jpg\" \/>\n\t<meta property=\"og:image:width\" content=\"1079\" \/>\n\t<meta property=\"og:image:height\" content=\"720\" \/>\n\t<meta property=\"og:image:type\" content=\"image\/jpeg\" \/>\n<meta name=\"author\" content=\"Luca Biondi\" \/>\n<meta name=\"twitter:card\" content=\"summary_large_image\" \/>\n<meta name=\"twitter:title\" content=\"Diventare grandi. Affrontiamo insieme la transizione\" \/>\n<meta name=\"twitter:description\" content=\"\u201cParlare di diventare grandi quando si vive una grave disabilit\u00e0 \u00e8 oggi possibile\u201d. \u00c8 questo il messaggio emerso dal convegno promosso da Fondazione Maddalena Grassi con il patrocinio dei Centri Clinici NeMO. Un tavolo di lavoro che ha visto esperti, operatori sanitari e associazioni interrogarsi su un tema tanto delicato quanto urgente: il passaggio all\u2019et\u00e0 adulta per gli adolescenti con patologie croniche complesse.\u00a0\" \/>\n<meta name=\"twitter:image\" content=\"https:\/\/www.centrocliniconemo.it\/wp-content\/uploads\/2025\/05\/Convegno-Maddalena-Grassi-Foto-transizione_2-1.jpg\" \/>\n<meta name=\"twitter:creator\" content=\"@CentroNemo\" \/>\n<meta name=\"twitter:site\" content=\"@CentroNemo\" \/>\n<meta name=\"twitter:label1\" content=\"Written by\" \/>\n\t<meta name=\"twitter:data1\" content=\"Luca Biondi\" \/>\n\t<meta name=\"twitter:label2\" content=\"Est. reading time\" \/>\n\t<meta name=\"twitter:data2\" content=\"5 minutes\" \/>\n<script type=\"application\/ld+json\" class=\"yoast-schema-graph\">{\"@context\":\"https:\\\/\\\/schema.org\",\"@graph\":[{\"@type\":\"Article\",\"@id\":\"https:\\\/\\\/www.centrocliniconemo.it\\\/en\\\/blog\\\/diventare-grandi-affrontiamo-insieme-la-transizione\\\/#article\",\"isPartOf\":{\"@id\":\"https:\\\/\\\/www.centrocliniconemo.it\\\/en\\\/blog\\\/diventare-grandi-affrontiamo-insieme-la-transizione\\\/\"},\"author\":{\"name\":\"Luca Biondi\",\"@id\":\"https:\\\/\\\/www.centrocliniconemo.it\\\/en\\\/#\\\/schema\\\/person\\\/9331a87c0a8ee435c61f5dd498531434\"},\"headline\":\"Diventare grandi. Affrontiamo insieme la transizione\",\"datePublished\":\"2025-05-30T12:49:47+00:00\",\"dateModified\":\"2025-05-30T12:57:05+00:00\",\"mainEntityOfPage\":{\"@id\":\"https:\\\/\\\/www.centrocliniconemo.it\\\/en\\\/blog\\\/diventare-grandi-affrontiamo-insieme-la-transizione\\\/\"},\"wordCount\":684,\"publisher\":{\"@id\":\"https:\\\/\\\/www.centrocliniconemo.it\\\/en\\\/#organization\"},\"image\":{\"@id\":\"https:\\\/\\\/www.centrocliniconemo.it\\\/en\\\/blog\\\/diventare-grandi-affrontiamo-insieme-la-transizione\\\/#primaryimage\"},\"thumbnailUrl\":\"https:\\\/\\\/www.centrocliniconemo.it\\\/wp-content\\\/uploads\\\/2025\\\/05\\\/Convegno-Maddalena-Grassi-Foto-transizione_2-1.jpg\",\"keywords\":[\"Famiglie SMA\",\"Fondazione Maddalena Grassi\",\"NeMO Milano\"],\"articleSection\":[\"Cura, ricerca e formazione\",\"Storie di NeMO\"],\"inLanguage\":\"en-US\"},{\"@type\":\"WebPage\",\"@id\":\"https:\\\/\\\/www.centrocliniconemo.it\\\/en\\\/blog\\\/diventare-grandi-affrontiamo-insieme-la-transizione\\\/\",\"url\":\"https:\\\/\\\/www.centrocliniconemo.it\\\/en\\\/blog\\\/diventare-grandi-affrontiamo-insieme-la-transizione\\\/\",\"name\":\"Diventare grandi. Affrontiamo insieme la transizione - Centro Clinico NeMO\",\"isPartOf\":{\"@id\":\"https:\\\/\\\/www.centrocliniconemo.it\\\/en\\\/#website\"},\"primaryImageOfPage\":{\"@id\":\"https:\\\/\\\/www.centrocliniconemo.it\\\/en\\\/blog\\\/diventare-grandi-affrontiamo-insieme-la-transizione\\\/#primaryimage\"},\"image\":{\"@id\":\"https:\\\/\\\/www.centrocliniconemo.it\\\/en\\\/blog\\\/diventare-grandi-affrontiamo-insieme-la-transizione\\\/#primaryimage\"},\"thumbnailUrl\":\"https:\\\/\\\/www.centrocliniconemo.it\\\/wp-content\\\/uploads\\\/2025\\\/05\\\/Convegno-Maddalena-Grassi-Foto-transizione_2-1.jpg\",\"datePublished\":\"2025-05-30T12:49:47+00:00\",\"dateModified\":\"2025-05-30T12:57:05+00:00\",\"description\":\"\u201cParlare di diventare grandi quando si vive una grave disabilit\u00e0 \u00e8 oggi possibile\u201d. \u00c8 questo il messaggio emerso dal convegno promosso da Fondazione Maddalena Grassi con il patrocinio dei Centri Clinici NeMO. Un tavolo di lavoro che ha visto esperti, operatori sanitari e associazioni interrogarsi su un tema tanto delicato quanto urgente: il passaggio all\u2019et\u00e0 adulta per gli adolescenti con patologie croniche complesse.\u00a0\",\"breadcrumb\":{\"@id\":\"https:\\\/\\\/www.centrocliniconemo.it\\\/en\\\/blog\\\/diventare-grandi-affrontiamo-insieme-la-transizione\\\/#breadcrumb\"},\"inLanguage\":\"en-US\",\"potentialAction\":[{\"@type\":\"ReadAction\",\"target\":[\"https:\\\/\\\/www.centrocliniconemo.it\\\/en\\\/blog\\\/diventare-grandi-affrontiamo-insieme-la-transizione\\\/\"]}]},{\"@type\":\"ImageObject\",\"inLanguage\":\"en-US\",\"@id\":\"https:\\\/\\\/www.centrocliniconemo.it\\\/en\\\/blog\\\/diventare-grandi-affrontiamo-insieme-la-transizione\\\/#primaryimage\",\"url\":\"https:\\\/\\\/www.centrocliniconemo.it\\\/wp-content\\\/uploads\\\/2025\\\/05\\\/Convegno-Maddalena-Grassi-Foto-transizione_2-1.jpg\",\"contentUrl\":\"https:\\\/\\\/www.centrocliniconemo.it\\\/wp-content\\\/uploads\\\/2025\\\/05\\\/Convegno-Maddalena-Grassi-Foto-transizione_2-1.jpg\",\"width\":1079,\"height\":720},{\"@type\":\"BreadcrumbList\",\"@id\":\"https:\\\/\\\/www.centrocliniconemo.it\\\/en\\\/blog\\\/diventare-grandi-affrontiamo-insieme-la-transizione\\\/#breadcrumb\",\"itemListElement\":[{\"@type\":\"ListItem\",\"position\":1,\"name\":\"Home\",\"item\":\"https:\\\/\\\/www.centrocliniconemo.it\\\/en\\\/\"},{\"@type\":\"ListItem\",\"position\":2,\"name\":\"Diventare grandi. Affrontiamo insieme la transizione\"}]},{\"@type\":\"WebSite\",\"@id\":\"https:\\\/\\\/www.centrocliniconemo.it\\\/en\\\/#website\",\"url\":\"https:\\\/\\\/www.centrocliniconemo.it\\\/en\\\/\",\"name\":\"Centro Clinico NeMO\",\"description\":\"Il paziente al centro\",\"publisher\":{\"@id\":\"https:\\\/\\\/www.centrocliniconemo.it\\\/en\\\/#organization\"},\"potentialAction\":[{\"@type\":\"SearchAction\",\"target\":{\"@type\":\"EntryPoint\",\"urlTemplate\":\"https:\\\/\\\/www.centrocliniconemo.it\\\/en\\\/?s={search_term_string}\"},\"query-input\":{\"@type\":\"PropertyValueSpecification\",\"valueRequired\":true,\"valueName\":\"search_term_string\"}}],\"inLanguage\":\"en-US\"},{\"@type\":\"Organization\",\"@id\":\"https:\\\/\\\/www.centrocliniconemo.it\\\/en\\\/#organization\",\"name\":\"Centro Clinico NeMO - Fondazione Serena Onlus\",\"url\":\"https:\\\/\\\/www.centrocliniconemo.it\\\/en\\\/\",\"logo\":{\"@type\":\"ImageObject\",\"inLanguage\":\"en-US\",\"@id\":\"https:\\\/\\\/www.centrocliniconemo.it\\\/en\\\/#\\\/schema\\\/logo\\\/image\\\/\",\"url\":\"https:\\\/\\\/www.centrocliniconemo.it\\\/wp-content\\\/uploads\\\/2023\\\/03\\\/logo-nemo.svg\",\"contentUrl\":\"https:\\\/\\\/www.centrocliniconemo.it\\\/wp-content\\\/uploads\\\/2023\\\/03\\\/logo-nemo.svg\",\"width\":272,\"height\":109.142,\"caption\":\"Centro Clinico NeMO - Fondazione Serena Onlus\"},\"image\":{\"@id\":\"https:\\\/\\\/www.centrocliniconemo.it\\\/en\\\/#\\\/schema\\\/logo\\\/image\\\/\"},\"sameAs\":[\"https:\\\/\\\/www.facebook.com\\\/CentroNEMOItalia\",\"https:\\\/\\\/x.com\\\/CentroNemo\",\"https:\\\/\\\/www.linkedin.com\\\/company\\\/centrocliniconemo\\\/\",\"https:\\\/\\\/www.instagram.com\\\/centrocliniconemo\\\/\"]},{\"@type\":\"Person\",\"@id\":\"https:\\\/\\\/www.centrocliniconemo.it\\\/en\\\/#\\\/schema\\\/person\\\/9331a87c0a8ee435c61f5dd498531434\",\"name\":\"Luca Biondi\",\"image\":{\"@type\":\"ImageObject\",\"inLanguage\":\"en-US\",\"@id\":\"https:\\\/\\\/secure.gravatar.com\\\/avatar\\\/0488b88829885ebcc9896de947265b69d2979e6dc4666b1e2c3d4fbf8dc73d77?s=96&d=mm&r=g\",\"url\":\"https:\\\/\\\/secure.gravatar.com\\\/avatar\\\/0488b88829885ebcc9896de947265b69d2979e6dc4666b1e2c3d4fbf8dc73d77?s=96&d=mm&r=g\",\"contentUrl\":\"https:\\\/\\\/secure.gravatar.com\\\/avatar\\\/0488b88829885ebcc9896de947265b69d2979e6dc4666b1e2c3d4fbf8dc73d77?s=96&d=mm&r=g\",\"caption\":\"Luca Biondi\"}}]}<\/script>\n<!-- \/ Yoast SEO plugin. -->","yoast_head_json":{"title":"Diventare grandi. Affrontiamo insieme la transizione - Centro Clinico NeMO","description":"\u201cParlare di diventare grandi quando si vive una grave disabilit\u00e0 \u00e8 oggi possibile\u201d. \u00c8 questo il messaggio emerso dal convegno promosso da Fondazione Maddalena Grassi con il patrocinio dei Centri Clinici NeMO. Un tavolo di lavoro che ha visto esperti, operatori sanitari e associazioni interrogarsi su un tema tanto delicato quanto urgente: il passaggio all\u2019et\u00e0 adulta per gli adolescenti con patologie croniche complesse.\u00a0","robots":{"index":"index","follow":"follow","max-snippet":"max-snippet:-1","max-image-preview":"max-image-preview:large","max-video-preview":"max-video-preview:-1"},"canonical":"https:\/\/www.centrocliniconemo.it\/en\/blog\/diventare-grandi-affrontiamo-insieme-la-transizione\/","og_locale":"en_US","og_type":"article","og_title":"Diventare grandi. Affrontiamo insieme la transizione","og_description":"\u201cParlare di diventare grandi quando si vive una grave disabilit\u00e0 \u00e8 oggi possibile\u201d. \u00c8 questo il messaggio emerso dal convegno promosso da Fondazione Maddalena Grassi con il patrocinio dei Centri Clinici NeMO. Un tavolo di lavoro che ha visto esperti, operatori sanitari e associazioni interrogarsi su un tema tanto delicato quanto urgente: il passaggio all\u2019et\u00e0 adulta per gli adolescenti con patologie croniche complesse.\u00a0","og_url":"https:\/\/www.centrocliniconemo.it\/en\/blog\/diventare-grandi-affrontiamo-insieme-la-transizione\/","og_site_name":"Centro Clinico NeMO","article_publisher":"https:\/\/www.facebook.com\/CentroNEMOItalia","article_published_time":"2025-05-30T12:49:47+00:00","article_modified_time":"2025-05-30T12:57:05+00:00","og_image":[{"width":1079,"height":720,"url":"https:\/\/www.centrocliniconemo.it\/wp-content\/uploads\/2025\/05\/Convegno-Maddalena-Grassi-Foto-transizione_2-1.jpg","type":"image\/jpeg"}],"author":"Luca Biondi","twitter_card":"summary_large_image","twitter_title":"Diventare grandi. Affrontiamo insieme la transizione","twitter_description":"\u201cParlare di diventare grandi quando si vive una grave disabilit\u00e0 \u00e8 oggi possibile\u201d. \u00c8 questo il messaggio emerso dal convegno promosso da Fondazione Maddalena Grassi con il patrocinio dei Centri Clinici NeMO. Un tavolo di lavoro che ha visto esperti, operatori sanitari e associazioni interrogarsi su un tema tanto delicato quanto urgente: il passaggio all\u2019et\u00e0 adulta per gli adolescenti con patologie croniche complesse.\u00a0","twitter_image":"https:\/\/www.centrocliniconemo.it\/wp-content\/uploads\/2025\/05\/Convegno-Maddalena-Grassi-Foto-transizione_2-1.jpg","twitter_creator":"@CentroNemo","twitter_site":"@CentroNemo","twitter_misc":{"Written by":"Luca Biondi","Est. reading time":"5 minutes"},"schema":{"@context":"https:\/\/schema.org","@graph":[{"@type":"Article","@id":"https:\/\/www.centrocliniconemo.it\/en\/blog\/diventare-grandi-affrontiamo-insieme-la-transizione\/#article","isPartOf":{"@id":"https:\/\/www.centrocliniconemo.it\/en\/blog\/diventare-grandi-affrontiamo-insieme-la-transizione\/"},"author":{"name":"Luca Biondi","@id":"https:\/\/www.centrocliniconemo.it\/en\/#\/schema\/person\/9331a87c0a8ee435c61f5dd498531434"},"headline":"Diventare grandi. Affrontiamo insieme la transizione","datePublished":"2025-05-30T12:49:47+00:00","dateModified":"2025-05-30T12:57:05+00:00","mainEntityOfPage":{"@id":"https:\/\/www.centrocliniconemo.it\/en\/blog\/diventare-grandi-affrontiamo-insieme-la-transizione\/"},"wordCount":684,"publisher":{"@id":"https:\/\/www.centrocliniconemo.it\/en\/#organization"},"image":{"@id":"https:\/\/www.centrocliniconemo.it\/en\/blog\/diventare-grandi-affrontiamo-insieme-la-transizione\/#primaryimage"},"thumbnailUrl":"https:\/\/www.centrocliniconemo.it\/wp-content\/uploads\/2025\/05\/Convegno-Maddalena-Grassi-Foto-transizione_2-1.jpg","keywords":["Famiglie SMA","Fondazione Maddalena Grassi","NeMO Milano"],"articleSection":["Cura, ricerca e formazione","Storie di NeMO"],"inLanguage":"en-US"},{"@type":"WebPage","@id":"https:\/\/www.centrocliniconemo.it\/en\/blog\/diventare-grandi-affrontiamo-insieme-la-transizione\/","url":"https:\/\/www.centrocliniconemo.it\/en\/blog\/diventare-grandi-affrontiamo-insieme-la-transizione\/","name":"Diventare grandi. Affrontiamo insieme la transizione - Centro Clinico NeMO","isPartOf":{"@id":"https:\/\/www.centrocliniconemo.it\/en\/#website"},"primaryImageOfPage":{"@id":"https:\/\/www.centrocliniconemo.it\/en\/blog\/diventare-grandi-affrontiamo-insieme-la-transizione\/#primaryimage"},"image":{"@id":"https:\/\/www.centrocliniconemo.it\/en\/blog\/diventare-grandi-affrontiamo-insieme-la-transizione\/#primaryimage"},"thumbnailUrl":"https:\/\/www.centrocliniconemo.it\/wp-content\/uploads\/2025\/05\/Convegno-Maddalena-Grassi-Foto-transizione_2-1.jpg","datePublished":"2025-05-30T12:49:47+00:00","dateModified":"2025-05-30T12:57:05+00:00","description":"\u201cParlare di diventare grandi quando si vive una grave disabilit\u00e0 \u00e8 oggi possibile\u201d. \u00c8 questo il messaggio emerso dal convegno promosso da Fondazione Maddalena Grassi con il patrocinio dei Centri Clinici NeMO. Un tavolo di lavoro che ha visto esperti, operatori sanitari e associazioni interrogarsi su un tema tanto delicato quanto urgente: il passaggio all\u2019et\u00e0 adulta per gli adolescenti con patologie croniche complesse.\u00a0","breadcrumb":{"@id":"https:\/\/www.centrocliniconemo.it\/en\/blog\/diventare-grandi-affrontiamo-insieme-la-transizione\/#breadcrumb"},"inLanguage":"en-US","potentialAction":[{"@type":"ReadAction","target":["https:\/\/www.centrocliniconemo.it\/en\/blog\/diventare-grandi-affrontiamo-insieme-la-transizione\/"]}]},{"@type":"ImageObject","inLanguage":"en-US","@id":"https:\/\/www.centrocliniconemo.it\/en\/blog\/diventare-grandi-affrontiamo-insieme-la-transizione\/#primaryimage","url":"https:\/\/www.centrocliniconemo.it\/wp-content\/uploads\/2025\/05\/Convegno-Maddalena-Grassi-Foto-transizione_2-1.jpg","contentUrl":"https:\/\/www.centrocliniconemo.it\/wp-content\/uploads\/2025\/05\/Convegno-Maddalena-Grassi-Foto-transizione_2-1.jpg","width":1079,"height":720},{"@type":"BreadcrumbList","@id":"https:\/\/www.centrocliniconemo.it\/en\/blog\/diventare-grandi-affrontiamo-insieme-la-transizione\/#breadcrumb","itemListElement":[{"@type":"ListItem","position":1,"name":"Home","item":"https:\/\/www.centrocliniconemo.it\/en\/"},{"@type":"ListItem","position":2,"name":"Diventare grandi. Affrontiamo insieme la transizione"}]},{"@type":"WebSite","@id":"https:\/\/www.centrocliniconemo.it\/en\/#website","url":"https:\/\/www.centrocliniconemo.it\/en\/","name":"Centro Clinico NeMO","description":"Il paziente al centro","publisher":{"@id":"https:\/\/www.centrocliniconemo.it\/en\/#organization"},"potentialAction":[{"@type":"SearchAction","target":{"@type":"EntryPoint","urlTemplate":"https:\/\/www.centrocliniconemo.it\/en\/?s={search_term_string}"},"query-input":{"@type":"PropertyValueSpecification","valueRequired":true,"valueName":"search_term_string"}}],"inLanguage":"en-US"},{"@type":"Organization","@id":"https:\/\/www.centrocliniconemo.it\/en\/#organization","name":"Centro Clinico NeMO - Fondazione Serena Onlus","url":"https:\/\/www.centrocliniconemo.it\/en\/","logo":{"@type":"ImageObject","inLanguage":"en-US","@id":"https:\/\/www.centrocliniconemo.it\/en\/#\/schema\/logo\/image\/","url":"https:\/\/www.centrocliniconemo.it\/wp-content\/uploads\/2023\/03\/logo-nemo.svg","contentUrl":"https:\/\/www.centrocliniconemo.it\/wp-content\/uploads\/2023\/03\/logo-nemo.svg","width":272,"height":109.142,"caption":"Centro Clinico NeMO - Fondazione Serena Onlus"},"image":{"@id":"https:\/\/www.centrocliniconemo.it\/en\/#\/schema\/logo\/image\/"},"sameAs":["https:\/\/www.facebook.com\/CentroNEMOItalia","https:\/\/x.com\/CentroNemo","https:\/\/www.linkedin.com\/company\/centrocliniconemo\/","https:\/\/www.instagram.com\/centrocliniconemo\/"]},{"@type":"Person","@id":"https:\/\/www.centrocliniconemo.it\/en\/#\/schema\/person\/9331a87c0a8ee435c61f5dd498531434","name":"Luca Biondi","image":{"@type":"ImageObject","inLanguage":"en-US","@id":"https:\/\/secure.gravatar.com\/avatar\/0488b88829885ebcc9896de947265b69d2979e6dc4666b1e2c3d4fbf8dc73d77?s=96&d=mm&r=g","url":"https:\/\/secure.gravatar.com\/avatar\/0488b88829885ebcc9896de947265b69d2979e6dc4666b1e2c3d4fbf8dc73d77?s=96&d=mm&r=g","contentUrl":"https:\/\/secure.gravatar.com\/avatar\/0488b88829885ebcc9896de947265b69d2979e6dc4666b1e2c3d4fbf8dc73d77?s=96&d=mm&r=g","caption":"Luca Biondi"}}]}},"_links":{"self":[{"href":"https:\/\/www.centrocliniconemo.it\/en\/wp-json\/wp\/v2\/posts\/24565","targetHints":{"allow":["GET"]}}],"collection":[{"href":"https:\/\/www.centrocliniconemo.it\/en\/wp-json\/wp\/v2\/posts"}],"about":[{"href":"https:\/\/www.centrocliniconemo.it\/en\/wp-json\/wp\/v2\/types\/post"}],"author":[{"embeddable":true,"href":"https:\/\/www.centrocliniconemo.it\/en\/wp-json\/wp\/v2\/users\/2"}],"replies":[{"embeddable":true,"href":"https:\/\/www.centrocliniconemo.it\/en\/wp-json\/wp\/v2\/comments?post=24565"}],"version-history":[{"count":0,"href":"https:\/\/www.centrocliniconemo.it\/en\/wp-json\/wp\/v2\/posts\/24565\/revisions"}],"wp:featuredmedia":[{"embeddable":true,"href":"https:\/\/www.centrocliniconemo.it\/en\/wp-json\/wp\/v2\/media\/24568"}],"wp:attachment":[{"href":"https:\/\/www.centrocliniconemo.it\/en\/wp-json\/wp\/v2\/media?parent=24565"}],"wp:term":[{"taxonomy":"category","embeddable":true,"href":"https:\/\/www.centrocliniconemo.it\/en\/wp-json\/wp\/v2\/categories?post=24565"},{"taxonomy":"post_tag","embeddable":true,"href":"https:\/\/www.centrocliniconemo.it\/en\/wp-json\/wp\/v2\/tags?post=24565"}],"curies":[{"name":"wp","href":"https:\/\/api.w.org\/{rel}","templated":true}]}}