{"id":24508,"date":"2025-04-30T16:51:30","date_gmt":"2025-04-30T16:51:30","guid":{"rendered":"https:\/\/www.centrocliniconemo.it\/blog\/?p=24508"},"modified":"2025-04-30T16:51:33","modified_gmt":"2025-04-30T16:51:33","slug":"il-centro-nemo-roma-intitolato-alla-beata-armida-barelli","status":"publish","type":"post","link":"https:\/\/www.centrocliniconemo.it\/en\/blog\/il-centro-nemo-roma-intitolato-alla-beata-armida-barelli\/","title":{"rendered":"Il Centro NeMO Roma intitolato alla beata Armida Barelli"},"content":{"rendered":"\n<p>Roma, 30 aprile 2025 &#8211; \u00ab<em>La sua vita \u00e8 fatta di ascolto e accoglienza, testimone di un legame tra ci\u00f2 che si ascolta e ci\u00f2 che si vive\u00bb.<\/em> Con queste parole, nella prefazione alla biografia ufficiale di Armida Barelli, scomparsa a causa della SLA, <strong>Papa Francesco<\/strong> ne ha colto il significato pi\u00f9 profondo. Oggi, nel giorno in cui si ricorda la beatificazione della stessa Barelli, avvenuta il 30 aprile 2022, il <strong>Centro Clinico NeMO Roma <\/strong>al Policlinico Universitario \u201cAgostino Gemelli\u201d IRCCS \u2013 punto di riferimento nazionale per la presa in carico delle persone con malattie neuromuscolari \u2013 \u00e8 a lei dedicato.<\/p>\n\n\n\n<p>L\u2019intitolazione, fortemente voluta da AISLA (Associazione Italiana Sclerosi Laterale Amiotrofica) e nata dalla volont\u00e0 della comunit\u00e0 dei pazienti, \u00e8 promossa in collaborazione con l\u2019Istituto Giuseppe Toniolo di Studi Superiori, l\u2019Universit\u00e0 Cattolica del Sacro Cuore e il Policlinico Universitario \u201cAgostino Gemelli\u201d IRCCS, e celebrata in occasione del decimo anniversario del Centro.<\/p>\n\n\n\n<p>A sottolineare il valore dell\u2019iniziativa, la presenza dell\u2019<strong>on. Maria Teresa Bellucci<\/strong>, Viceministro del Lavoro e delle Politiche Sociali, che ha voluto essere presente in questo momento particolarmente significativo per la comunit\u00e0 dei pazienti e degli operatori. \u00ab<em>In questi giorni segnati dal lutto per la morte di Papa Francesco,<\/em> \u2013 ha dichiarato &#8211; <em>la testimonianza di Armida Barelli risuona in noi ancora pi\u00f9 forte: <\/em><strong><em>donna visionaria ma concreta, al fianco delle giovani generazioni, e promotrice di una visione antropocentrica, di difesa dei pi\u00f9 fragili e della dignit\u00e0 della vita<\/em><\/strong><em>. Principi che questa intitolazione ci vuole ricordare e che ispirano la nostra azione di governo, nella profonda consapevolezza che non pu\u00f2 esistere progresso senza innanzitutto prendersi cura delle persone\u00bb.<\/em><\/p>\n\n\n\n<figure class=\"wp-block-gallery has-nested-images columns-default is-cropped wp-block-gallery-1 is-layout-flex wp-block-gallery-is-layout-flex\">\n<figure class=\"wp-block-image size-large\"><img fetchpriority=\"high\" decoding=\"async\" width=\"1024\" height=\"683\" data-id=\"24515\" src=\"https:\/\/www.centrocliniconemo.it\/wp-content\/uploads\/2025\/04\/UTF-8Centro-Clinico-NeMo-Armida-Barelli-1-1024x683.jpg\" alt=\"\" class=\"wp-image-24515\" srcset=\"https:\/\/www.centrocliniconemo.it\/wp-content\/uploads\/2025\/04\/UTF-8Centro-Clinico-NeMo-Armida-Barelli-1-1024x683.jpg 1024w, https:\/\/www.centrocliniconemo.it\/wp-content\/uploads\/2025\/04\/UTF-8Centro-Clinico-NeMo-Armida-Barelli-1-300x200.jpg 300w, https:\/\/www.centrocliniconemo.it\/wp-content\/uploads\/2025\/04\/UTF-8Centro-Clinico-NeMo-Armida-Barelli-1-768x512.jpg 768w, https:\/\/www.centrocliniconemo.it\/wp-content\/uploads\/2025\/04\/UTF-8Centro-Clinico-NeMo-Armida-Barelli-1-1536x1024.jpg 1536w, https:\/\/www.centrocliniconemo.it\/wp-content\/uploads\/2025\/04\/UTF-8Centro-Clinico-NeMo-Armida-Barelli-1.jpg 2048w\" sizes=\"(max-width: 1024px) 100vw, 1024px\" \/><\/figure>\n\n\n\n<figure class=\"wp-block-image size-large\"><img decoding=\"async\" width=\"1024\" height=\"768\" data-id=\"24509\" src=\"https:\/\/www.centrocliniconemo.it\/wp-content\/uploads\/2025\/04\/UTF-8Sabatelli-Fontana-Bellucci-Franco-Massimelli-1024x768.jpg\" alt=\"\" class=\"wp-image-24509\" srcset=\"https:\/\/www.centrocliniconemo.it\/wp-content\/uploads\/2025\/04\/UTF-8Sabatelli-Fontana-Bellucci-Franco-Massimelli-1024x768.jpg 1024w, https:\/\/www.centrocliniconemo.it\/wp-content\/uploads\/2025\/04\/UTF-8Sabatelli-Fontana-Bellucci-Franco-Massimelli-300x225.jpg 300w, https:\/\/www.centrocliniconemo.it\/wp-content\/uploads\/2025\/04\/UTF-8Sabatelli-Fontana-Bellucci-Franco-Massimelli-768x576.jpg 768w, https:\/\/www.centrocliniconemo.it\/wp-content\/uploads\/2025\/04\/UTF-8Sabatelli-Fontana-Bellucci-Franco-Massimelli.jpg 1440w\" sizes=\"(max-width: 1024px) 100vw, 1024px\" \/><\/figure>\n<\/figure>\n\n\n\n<p>Il momento pi\u00f9 significativo della giornata \u00e8 stato lo svelamento del ritratto della beata Armida Barelli, posizionato all\u2019ingresso del reparto, diretto dal <strong>prof. Mario Sabatelli<\/strong> dal 2015. Il dipinto include una citazione potente della beata, scritta durante la sua malattia: \u00ab<strong><em>Ora non posso pi\u00f9 parlare, ma posso pensare, amare, pregare, scrivere e offrire la mia croce<\/em><\/strong><em>\u00bb,<\/em> che restituisce la profondit\u00e0 di una testimonianza che continua a parlare a chi affronta oggi la sofferenza<em>. \u00abIntitolare il nostro Centro alla beata Armida Barelli significa <\/em><strong><em>riconoscere che la medicina non si riduce alla cura della malattia, ma si esprime prima di tutto nel sollievo dalla sofferenza. \u00c8 questo il principio che, da dieci anni, guida il nostro lavoro al fianco delle persone con SLA<\/em><\/strong><em>\u00bb<\/em>, ha dichiarato il prof. Mario Sabatelli, direttore del Centro NeMO Roma.<\/p>\n\n\n\n<p>Per <strong>Daniele Franco<\/strong>, presidente della Fondazione Policlinico Gemelli IRCCS: <em>\u201cQuesta \u00e8 un\u2019iniziativa importante per il Centro NeMO e per il Policlinico Gemelli, entrambi contraddistinti da tre caratteristiche: <\/em><strong><em>assistere tutti i malati di malattie non comuni, associare cura e ricerca, prendersi cura delle persone a tutto campo, nella loro vita complessiva<\/em><\/strong><em>\u201d.<\/em><\/p>\n\n\n\n<p><em>\u201cIl Gemelli \u00e8 un Policlinico Universitario ed \u00e8 anche un IRCCS, un Istituto di Ricovero e Cura a Carattere Scientifico<\/em> \u2013 ha detto <strong>Antonio Gasbarrini,<\/strong> Preside della Facolt\u00e0 di Medicina e chirurgia dell\u2019Universit\u00e0 Cattolica &#8211; <em>dove <\/em><strong><em>la parola \u201cricovero\u201d assume un valore essenziale dal punto di vista dell\u2019assistenza e del prendersi cura delle persone malate<\/em><\/strong><em>. Armida Barelli aveva questa grande visione che univa le due grandi realt\u00e0: grazie al Centro NeMO per aver da sempre interpretato tutto questo\u201d.<\/em><\/p>\n\n\n\n<p>Un messaggio che trova piena sintonia nelle parole di <strong>Alberto Fontana<\/strong>, segretario dei Centri NeMO: \u00ab<strong><em>Questa intitolazione \u00e8 una scelta di senso, un gesto di fiducia nel valore umano della scienza, nella forza della comunit\u00e0 e nella spiritualit\u00e0 che abita anche i luoghi della cura<\/em><\/strong><em>\u00bb.<\/em><\/p>\n\n\n\n<figure class=\"wp-block-gallery has-nested-images columns-default is-cropped wp-block-gallery-2 is-layout-flex wp-block-gallery-is-layout-flex\">\n<figure class=\"wp-block-image size-large\"><img decoding=\"async\" width=\"1024\" height=\"768\" data-id=\"24525\" src=\"https:\/\/www.centrocliniconemo.it\/wp-content\/uploads\/2025\/04\/Unknown-2-2-1024x768.jpg\" alt=\"\" class=\"wp-image-24525\" srcset=\"https:\/\/www.centrocliniconemo.it\/wp-content\/uploads\/2025\/04\/Unknown-2-2-1024x768.jpg 1024w, https:\/\/www.centrocliniconemo.it\/wp-content\/uploads\/2025\/04\/Unknown-2-2-300x225.jpg 300w, https:\/\/www.centrocliniconemo.it\/wp-content\/uploads\/2025\/04\/Unknown-2-2-768x576.jpg 768w, https:\/\/www.centrocliniconemo.it\/wp-content\/uploads\/2025\/04\/Unknown-2-2-1536x1152.jpg 1536w, https:\/\/www.centrocliniconemo.it\/wp-content\/uploads\/2025\/04\/Unknown-2-2-2048x1536.jpg 2048w\" sizes=\"(max-width: 1024px) 100vw, 1024px\" \/><\/figure>\n\n\n\n<figure class=\"wp-block-image size-large\"><img loading=\"lazy\" decoding=\"async\" width=\"1024\" height=\"768\" data-id=\"24521\" src=\"https:\/\/www.centrocliniconemo.it\/wp-content\/uploads\/2025\/04\/Unknown-5-1024x768.jpg\" alt=\"\" class=\"wp-image-24521\" srcset=\"https:\/\/www.centrocliniconemo.it\/wp-content\/uploads\/2025\/04\/Unknown-5-1024x768.jpg 1024w, https:\/\/www.centrocliniconemo.it\/wp-content\/uploads\/2025\/04\/Unknown-5-300x225.jpg 300w, https:\/\/www.centrocliniconemo.it\/wp-content\/uploads\/2025\/04\/Unknown-5-768x576.jpg 768w, https:\/\/www.centrocliniconemo.it\/wp-content\/uploads\/2025\/04\/Unknown-5-1536x1152.jpg 1536w, https:\/\/www.centrocliniconemo.it\/wp-content\/uploads\/2025\/04\/Unknown-5-2048x1536.jpg 2048w\" sizes=\"(max-width: 1024px) 100vw, 1024px\" \/><\/figure>\n\n\n\n<figure class=\"wp-block-image size-large\"><img loading=\"lazy\" decoding=\"async\" width=\"1024\" height=\"768\" data-id=\"24519\" src=\"https:\/\/www.centrocliniconemo.it\/wp-content\/uploads\/2025\/04\/Unknown-6-1024x768.jpg\" alt=\"\" class=\"wp-image-24519\" srcset=\"https:\/\/www.centrocliniconemo.it\/wp-content\/uploads\/2025\/04\/Unknown-6-1024x768.jpg 1024w, https:\/\/www.centrocliniconemo.it\/wp-content\/uploads\/2025\/04\/Unknown-6-300x225.jpg 300w, https:\/\/www.centrocliniconemo.it\/wp-content\/uploads\/2025\/04\/Unknown-6-768x576.jpg 768w, https:\/\/www.centrocliniconemo.it\/wp-content\/uploads\/2025\/04\/Unknown-6-1536x1152.jpg 1536w, https:\/\/www.centrocliniconemo.it\/wp-content\/uploads\/2025\/04\/Unknown-6.jpg 2048w\" sizes=\"(max-width: 1024px) 100vw, 1024px\" \/><\/figure>\n\n\n\n<figure class=\"wp-block-image size-large\"><img loading=\"lazy\" decoding=\"async\" width=\"1024\" height=\"768\" data-id=\"24517\" src=\"https:\/\/www.centrocliniconemo.it\/wp-content\/uploads\/2025\/04\/Unknown-1024x768.jpg\" alt=\"\" class=\"wp-image-24517\" srcset=\"https:\/\/www.centrocliniconemo.it\/wp-content\/uploads\/2025\/04\/Unknown-1024x768.jpg 1024w, https:\/\/www.centrocliniconemo.it\/wp-content\/uploads\/2025\/04\/Unknown-300x225.jpg 300w, https:\/\/www.centrocliniconemo.it\/wp-content\/uploads\/2025\/04\/Unknown-768x576.jpg 768w, https:\/\/www.centrocliniconemo.it\/wp-content\/uploads\/2025\/04\/Unknown-1536x1152.jpg 1536w, https:\/\/www.centrocliniconemo.it\/wp-content\/uploads\/2025\/04\/Unknown-2048x1536.jpg 2048w\" sizes=\"(max-width: 1024px) 100vw, 1024px\" \/><\/figure>\n\n\n\n<figure class=\"wp-block-image size-large\"><img loading=\"lazy\" decoding=\"async\" width=\"1024\" height=\"683\" data-id=\"24513\" src=\"https:\/\/www.centrocliniconemo.it\/wp-content\/uploads\/2025\/04\/UTF-8Centro-Clinico-NeMo-Armida-Barelli-3-1024x683.jpg\" alt=\"\" class=\"wp-image-24513\" srcset=\"https:\/\/www.centrocliniconemo.it\/wp-content\/uploads\/2025\/04\/UTF-8Centro-Clinico-NeMo-Armida-Barelli-3-1024x683.jpg 1024w, https:\/\/www.centrocliniconemo.it\/wp-content\/uploads\/2025\/04\/UTF-8Centro-Clinico-NeMo-Armida-Barelli-3-300x200.jpg 300w, https:\/\/www.centrocliniconemo.it\/wp-content\/uploads\/2025\/04\/UTF-8Centro-Clinico-NeMo-Armida-Barelli-3-768x512.jpg 768w, https:\/\/www.centrocliniconemo.it\/wp-content\/uploads\/2025\/04\/UTF-8Centro-Clinico-NeMo-Armida-Barelli-3-1536x1024.jpg 1536w, https:\/\/www.centrocliniconemo.it\/wp-content\/uploads\/2025\/04\/UTF-8Centro-Clinico-NeMo-Armida-Barelli-3.jpg 2048w\" sizes=\"(max-width: 1024px) 100vw, 1024px\" \/><\/figure>\n<\/figure>\n\n\n\n<p><\/p>\n\n\n\n<p>La giornata \u00e8 proseguita con una celebrazione eucaristica nella cappella del Policlinico, presieduta da <strong>Mons. Claudio Giuliodori<\/strong>. Un momento di preghiera e memoria che ha saputo unire il ricordo della beata Armida Barelli a quello di Papa Francesco, in una Messa di suffragio partecipata dalla comunit\u00e0 universitaria e ospedaliera: \u201c<strong><em>La malattia della SLA colpisce profondamente le condizioni umane delle persone, ma sappiamo che la solidariet\u00e0 e la fede sono accresciute nel momento della prova<\/em><\/strong><em>: intitolare a Armida Barelli questo luogo particolare significa rafforzare la speranza\u201d.<\/em><\/p>\n\n\n\n<p>Il 20 febbraio 2021, \u00e8 stato proprio il Pontefice a riconoscere il miracolo avvenuto per intercessione della Barelli, aprendo la strada alla sua beatificazione. Nella prefazione alla biografia ufficiale, Papa Francesco l&#8217;ha definita una figura di straordinaria attualit\u00e0, tanto spirituale quanto civile, una donna capace di vivere la laicit\u00e0 come vocazione alta.<\/p>\n\n\n\n<p>Nata a Milano nel 1882, Barelli ha dedicato la sua vita alla formazione delle giovani generazioni e alla creazione di opere educative e sociali di grande valore. Al fianco di padre Agostino Gemelli, \u00e8 stata protagonista della nascita della Giovent\u00f9 Femminile dell\u2019Azione Cattolica e dell\u2019Universit\u00e0 Cattolica del Sacro Cuore, lasciando un segno indelebile nel panorama culturale e religioso italiano. Nel 1921, come amministratrice della casa editrice Vita e Pensiero, raccoglie l\u2019invito di Giuseppe Toniolo a fondare l\u2019Ateneo dei cattolici italiani, una decisione che segner\u00e0 profondamente la storia dell\u2019istruzione in Italia. Nel 1949, colpita dalla Paralisi Bulbare Progressiva, oggi nota come SLA, morir\u00e0 nel 1952. Oggi, riposa nella cappella dell\u2019Universit\u00e0 Cattolica, accanto al fondatore padre Gemelli.<\/p>\n\n\n\n<p><em>\u00ab\u00c8 una figura che ci ricorda come <\/em><strong><em>la vera innovazione sociale nasca dal coraggio di coniugare fede e intelligenza, pensiero e azione<\/em><\/strong> \u2013 ha sottolineato <strong>Giuseppe Fioroni<\/strong>, Vicepresidente Istituto Giuseppe Toniolo di Studi Superiori e della Fondazione Policlinico Universitario \u201c<em>Agostino Gemelli\u201d IRCCS \u2013. La sua testimonianza \u00e8 un\u2019eredit\u00e0 viva che continua a parlare ai giovani, alla comunit\u00e0 accademica e a chi si impegna per il bene comune. Come da sempre si impegna il centro NeMO sia nel lavoro di cura delle particolari patologie trattate sia nella costante attenzione con cui vengono seguiti tutti i pazienti\u201d.\u00bb.<\/em><\/p>\n\n\n\n<p>Figura emblematica del Novecento italiano, Armida Barelli ha saputo incarnare con coraggio e coerenza una spiritualit\u00e0 capace di farsi storia. Ci\u00f2 che colpisce della sua ricca e versatile personalit\u00e0 \u00e8 proprio \u00abla sua normalit\u00e0\u00bb, una normalit\u00e0 straordinaria, vissuta nell\u2019impegno quotidiano, nel lavoro accademico, nella cura delle relazioni e nella creazione di opere che ancora oggi rappresentano un punto di riferimento fondamentale per il nostro Paese.<\/p>\n\n\n\n<figure class=\"wp-block-image size-large\"><img loading=\"lazy\" decoding=\"async\" width=\"1024\" height=\"698\" src=\"https:\/\/www.centrocliniconemo.it\/wp-content\/uploads\/2025\/04\/Unknown-3-2-1024x698.jpg\" alt=\"\" class=\"wp-image-24523\" srcset=\"https:\/\/www.centrocliniconemo.it\/wp-content\/uploads\/2025\/04\/Unknown-3-2-1024x698.jpg 1024w, https:\/\/www.centrocliniconemo.it\/wp-content\/uploads\/2025\/04\/Unknown-3-2-300x204.jpg 300w, https:\/\/www.centrocliniconemo.it\/wp-content\/uploads\/2025\/04\/Unknown-3-2-768x523.jpg 768w, https:\/\/www.centrocliniconemo.it\/wp-content\/uploads\/2025\/04\/Unknown-3-2-1536x1046.jpg 1536w, https:\/\/www.centrocliniconemo.it\/wp-content\/uploads\/2025\/04\/Unknown-3-2-2048x1395.jpg 2048w\" sizes=\"(max-width: 1024px) 100vw, 1024px\" \/><\/figure>\n\n\n\n<p>La foto di gruppo finale \u2013 con pazienti, operatori sanitari, istituzioni e volontari \u2013 ha suggellato una giornata densa di significato<em>. \u00abDa oggi, la beata Armida Barelli \u00e8 un riferimento per le persone con SLA, per le nostre famiglie e per tutti coloro che fanno della cura un impegno quotidiano <\/em>\u2013 ha dichiarato <strong>Fulvia Massimelli<\/strong>, presidente nazionale di AISLA \u2013. <em>La sua testimonianza ci parla di una <\/em><strong><em>forza silenziosa, capace di generare senso anche nel limite. \u00c8 lo stesso spirito che anima tanti volontari della nostra comunit\u00e0: persone che, a partire dalla propria esperienza di sofferenza o malattia, scelgono ogni giorno di esserci per gli altri, trasformando la prova vissuta in un dono concreto di ascolto, presenza e solidariet\u00e0<\/em><\/strong><em>\u00bb.<\/em><\/p>\n\n\n\n<p>Oggi pi\u00f9 che mai, la comunit\u00e0 SLA \u00e8 una casa abitata dalla speranza.<\/p>\n\n\n\n<p><\/p>\n","protected":false},"excerpt":{"rendered":"<p>Roma, 30 aprile 2025 &#8211; \u00abLa sua vita \u00e8 fatta di ascolto e accoglienza, testimone di un legame tra ci\u00f2 che si ascolta e ci\u00f2 che si vive\u00bb. Con queste parole, nella prefazione alla biografia ufficiale di Armida Barelli, scomparsa a causa della SLA, Papa Francesco ne ha colto il significato pi\u00f9 profondo. Oggi, nel [&hellip;]<\/p>\n","protected":false},"author":2,"featured_media":24511,"comment_status":"closed","ping_status":"closed","sticky":false,"template":"","format":"standard","meta":{"pgc_sgb_lightbox_settings":"","footnotes":""},"categories":[17,1],"tags":[252,24],"class_list":["post-24508","post","type-post","status-publish","format-standard","has-post-thumbnail","hentry","category-iniziative-ed-eventi","category-storie-di-nemo","tag-armida-barelli","tag-nemo-roma"],"yoast_head":"<!-- This site is optimized with the Yoast SEO plugin v27.4 - https:\/\/yoast.com\/product\/yoast-seo-wordpress\/ -->\n<title>Il Centro NeMO Roma intitolato alla beata Armida Barelli - Centro Clinico NeMO<\/title>\n<meta name=\"description\" content=\"Roma, 30 aprile 2025 - \u00abLa sua vita \u00e8 fatta di ascolto e accoglienza, testimone di un legame tra ci\u00f2 che si ascolta e ci\u00f2 che si vive\u00bb. Con queste parole, nella prefazione alla biografia ufficiale di Armida Barelli, scomparsa a causa della SLA, Papa Francesco ne ha colto il significato pi\u00f9 profondo. Oggi, nel giorno in cui si ricorda la beatificazione della stessa Barelli, avvenuta il 30 aprile 2022, il Centro Clinico NeMO Roma al Policlinico Universitario \u201cAgostino Gemelli\u201d IRCCS \u2013 punto di riferimento nazionale per la presa in carico delle persone con malattie neuromuscolari \u2013 \u00e8 a lei dedicato.\" \/>\n<meta name=\"robots\" content=\"index, follow, max-snippet:-1, max-image-preview:large, max-video-preview:-1\" \/>\n<link rel=\"canonical\" href=\"https:\/\/www.centrocliniconemo.it\/en\/blog\/il-centro-nemo-roma-intitolato-alla-beata-armida-barelli\/\" \/>\n<meta property=\"og:locale\" content=\"en_US\" \/>\n<meta property=\"og:type\" content=\"article\" \/>\n<meta property=\"og:title\" content=\"Il Centro NeMO Roma intitolato alla beata Armida Barelli\" \/>\n<meta property=\"og:description\" content=\"Nel terzo anniversario della beatificazione della cofondatrice dell\u2019Universit\u00e0 Cattolica, scomparsa a causa della SLA, la cerimonia di intitolazione del Centro Clinico NeMO Adulti al Policlinico Universitario \u201cAgostino Gemelli\u201d IRCCS\" \/>\n<meta property=\"og:url\" content=\"https:\/\/www.centrocliniconemo.it\/en\/blog\/il-centro-nemo-roma-intitolato-alla-beata-armida-barelli\/\" \/>\n<meta property=\"og:site_name\" content=\"Centro Clinico NeMO\" \/>\n<meta property=\"article:publisher\" content=\"https:\/\/www.facebook.com\/CentroNEMOItalia\" \/>\n<meta property=\"article:published_time\" content=\"2025-04-30T16:51:30+00:00\" \/>\n<meta property=\"article:modified_time\" content=\"2025-04-30T16:51:33+00:00\" \/>\n<meta property=\"og:image\" content=\"https:\/\/www.centrocliniconemo.it\/wp-content\/uploads\/2025\/04\/UTF-8Centro-Clinico-NeMo-Armida-Barelli-4.jpg\" \/>\n\t<meta property=\"og:image:width\" content=\"2048\" \/>\n\t<meta property=\"og:image:height\" content=\"1365\" \/>\n\t<meta property=\"og:image:type\" content=\"image\/jpeg\" \/>\n<meta name=\"author\" content=\"Luca Biondi\" \/>\n<meta name=\"twitter:card\" content=\"summary_large_image\" \/>\n<meta name=\"twitter:title\" content=\"Il Centro NeMO Roma intitolato alla beata Armida Barelli\" \/>\n<meta name=\"twitter:description\" content=\"Nel terzo anniversario della beatificazione della cofondatrice dell\u2019Universit\u00e0 Cattolica, scomparsa a causa della SLA, la cerimonia di intitolazione del Centro Clinico NeMO Adulti al Policlinico Universitario \u201cAgostino Gemelli\u201d IRCCS\" \/>\n<meta name=\"twitter:image\" content=\"https:\/\/www.centrocliniconemo.it\/wp-content\/uploads\/2025\/04\/UTF-8Centro-Clinico-NeMo-Armida-Barelli-4.jpg\" \/>\n<meta name=\"twitter:creator\" content=\"@CentroNemo\" \/>\n<meta name=\"twitter:site\" content=\"@CentroNemo\" \/>\n<meta name=\"twitter:label1\" content=\"Written by\" \/>\n\t<meta name=\"twitter:data1\" content=\"Luca Biondi\" \/>\n\t<meta name=\"twitter:label2\" content=\"Est. reading time\" \/>\n\t<meta name=\"twitter:data2\" content=\"8 minutes\" \/>\n<script type=\"application\/ld+json\" class=\"yoast-schema-graph\">{\"@context\":\"https:\\\/\\\/schema.org\",\"@graph\":[{\"@type\":\"Article\",\"@id\":\"https:\\\/\\\/www.centrocliniconemo.it\\\/en\\\/blog\\\/il-centro-nemo-roma-intitolato-alla-beata-armida-barelli\\\/#article\",\"isPartOf\":{\"@id\":\"https:\\\/\\\/www.centrocliniconemo.it\\\/en\\\/blog\\\/il-centro-nemo-roma-intitolato-alla-beata-armida-barelli\\\/\"},\"author\":{\"name\":\"Luca Biondi\",\"@id\":\"https:\\\/\\\/www.centrocliniconemo.it\\\/en\\\/#\\\/schema\\\/person\\\/9331a87c0a8ee435c61f5dd498531434\"},\"headline\":\"Il Centro NeMO Roma intitolato alla beata Armida Barelli\",\"datePublished\":\"2025-04-30T16:51:30+00:00\",\"dateModified\":\"2025-04-30T16:51:33+00:00\",\"mainEntityOfPage\":{\"@id\":\"https:\\\/\\\/www.centrocliniconemo.it\\\/en\\\/blog\\\/il-centro-nemo-roma-intitolato-alla-beata-armida-barelli\\\/\"},\"wordCount\":1105,\"publisher\":{\"@id\":\"https:\\\/\\\/www.centrocliniconemo.it\\\/en\\\/#organization\"},\"image\":{\"@id\":\"https:\\\/\\\/www.centrocliniconemo.it\\\/en\\\/blog\\\/il-centro-nemo-roma-intitolato-alla-beata-armida-barelli\\\/#primaryimage\"},\"thumbnailUrl\":\"https:\\\/\\\/www.centrocliniconemo.it\\\/wp-content\\\/uploads\\\/2025\\\/04\\\/UTF-8Centro-Clinico-NeMo-Armida-Barelli-4.jpg\",\"keywords\":[\"Armida Barelli\",\"NeMO Roma\"],\"articleSection\":[\"Iniziative ed eventi\",\"Storie di NeMO\"],\"inLanguage\":\"en-US\"},{\"@type\":\"WebPage\",\"@id\":\"https:\\\/\\\/www.centrocliniconemo.it\\\/en\\\/blog\\\/il-centro-nemo-roma-intitolato-alla-beata-armida-barelli\\\/\",\"url\":\"https:\\\/\\\/www.centrocliniconemo.it\\\/en\\\/blog\\\/il-centro-nemo-roma-intitolato-alla-beata-armida-barelli\\\/\",\"name\":\"Il Centro NeMO Roma intitolato alla beata Armida Barelli - Centro Clinico NeMO\",\"isPartOf\":{\"@id\":\"https:\\\/\\\/www.centrocliniconemo.it\\\/en\\\/#website\"},\"primaryImageOfPage\":{\"@id\":\"https:\\\/\\\/www.centrocliniconemo.it\\\/en\\\/blog\\\/il-centro-nemo-roma-intitolato-alla-beata-armida-barelli\\\/#primaryimage\"},\"image\":{\"@id\":\"https:\\\/\\\/www.centrocliniconemo.it\\\/en\\\/blog\\\/il-centro-nemo-roma-intitolato-alla-beata-armida-barelli\\\/#primaryimage\"},\"thumbnailUrl\":\"https:\\\/\\\/www.centrocliniconemo.it\\\/wp-content\\\/uploads\\\/2025\\\/04\\\/UTF-8Centro-Clinico-NeMo-Armida-Barelli-4.jpg\",\"datePublished\":\"2025-04-30T16:51:30+00:00\",\"dateModified\":\"2025-04-30T16:51:33+00:00\",\"description\":\"Roma, 30 aprile 2025 - \u00abLa sua vita \u00e8 fatta di ascolto e accoglienza, testimone di un legame tra ci\u00f2 che si ascolta e ci\u00f2 che si vive\u00bb. Con queste parole, nella prefazione alla biografia ufficiale di Armida Barelli, scomparsa a causa della SLA, Papa Francesco ne ha colto il significato pi\u00f9 profondo. Oggi, nel giorno in cui si ricorda la beatificazione della stessa Barelli, avvenuta il 30 aprile 2022, il Centro Clinico NeMO Roma al Policlinico Universitario \u201cAgostino Gemelli\u201d IRCCS \u2013 punto di riferimento nazionale per la presa in carico delle persone con malattie neuromuscolari \u2013 \u00e8 a lei dedicato.\",\"breadcrumb\":{\"@id\":\"https:\\\/\\\/www.centrocliniconemo.it\\\/en\\\/blog\\\/il-centro-nemo-roma-intitolato-alla-beata-armida-barelli\\\/#breadcrumb\"},\"inLanguage\":\"en-US\",\"potentialAction\":[{\"@type\":\"ReadAction\",\"target\":[\"https:\\\/\\\/www.centrocliniconemo.it\\\/en\\\/blog\\\/il-centro-nemo-roma-intitolato-alla-beata-armida-barelli\\\/\"]}]},{\"@type\":\"ImageObject\",\"inLanguage\":\"en-US\",\"@id\":\"https:\\\/\\\/www.centrocliniconemo.it\\\/en\\\/blog\\\/il-centro-nemo-roma-intitolato-alla-beata-armida-barelli\\\/#primaryimage\",\"url\":\"https:\\\/\\\/www.centrocliniconemo.it\\\/wp-content\\\/uploads\\\/2025\\\/04\\\/UTF-8Centro-Clinico-NeMo-Armida-Barelli-4.jpg\",\"contentUrl\":\"https:\\\/\\\/www.centrocliniconemo.it\\\/wp-content\\\/uploads\\\/2025\\\/04\\\/UTF-8Centro-Clinico-NeMo-Armida-Barelli-4.jpg\",\"width\":2048,\"height\":1365},{\"@type\":\"BreadcrumbList\",\"@id\":\"https:\\\/\\\/www.centrocliniconemo.it\\\/en\\\/blog\\\/il-centro-nemo-roma-intitolato-alla-beata-armida-barelli\\\/#breadcrumb\",\"itemListElement\":[{\"@type\":\"ListItem\",\"position\":1,\"name\":\"Home\",\"item\":\"https:\\\/\\\/www.centrocliniconemo.it\\\/en\\\/\"},{\"@type\":\"ListItem\",\"position\":2,\"name\":\"Il Centro NeMO Roma intitolato alla beata Armida Barelli\"}]},{\"@type\":\"WebSite\",\"@id\":\"https:\\\/\\\/www.centrocliniconemo.it\\\/en\\\/#website\",\"url\":\"https:\\\/\\\/www.centrocliniconemo.it\\\/en\\\/\",\"name\":\"Centro Clinico NeMO\",\"description\":\"Il paziente al centro\",\"publisher\":{\"@id\":\"https:\\\/\\\/www.centrocliniconemo.it\\\/en\\\/#organization\"},\"potentialAction\":[{\"@type\":\"SearchAction\",\"target\":{\"@type\":\"EntryPoint\",\"urlTemplate\":\"https:\\\/\\\/www.centrocliniconemo.it\\\/en\\\/?s={search_term_string}\"},\"query-input\":{\"@type\":\"PropertyValueSpecification\",\"valueRequired\":true,\"valueName\":\"search_term_string\"}}],\"inLanguage\":\"en-US\"},{\"@type\":\"Organization\",\"@id\":\"https:\\\/\\\/www.centrocliniconemo.it\\\/en\\\/#organization\",\"name\":\"Centro Clinico NeMO - Fondazione Serena Onlus\",\"url\":\"https:\\\/\\\/www.centrocliniconemo.it\\\/en\\\/\",\"logo\":{\"@type\":\"ImageObject\",\"inLanguage\":\"en-US\",\"@id\":\"https:\\\/\\\/www.centrocliniconemo.it\\\/en\\\/#\\\/schema\\\/logo\\\/image\\\/\",\"url\":\"https:\\\/\\\/www.centrocliniconemo.it\\\/wp-content\\\/uploads\\\/2023\\\/03\\\/logo-nemo.svg\",\"contentUrl\":\"https:\\\/\\\/www.centrocliniconemo.it\\\/wp-content\\\/uploads\\\/2023\\\/03\\\/logo-nemo.svg\",\"width\":272,\"height\":109.142,\"caption\":\"Centro Clinico NeMO - Fondazione Serena Onlus\"},\"image\":{\"@id\":\"https:\\\/\\\/www.centrocliniconemo.it\\\/en\\\/#\\\/schema\\\/logo\\\/image\\\/\"},\"sameAs\":[\"https:\\\/\\\/www.facebook.com\\\/CentroNEMOItalia\",\"https:\\\/\\\/x.com\\\/CentroNemo\",\"https:\\\/\\\/www.linkedin.com\\\/company\\\/centrocliniconemo\\\/\",\"https:\\\/\\\/www.instagram.com\\\/centrocliniconemo\\\/\"]},{\"@type\":\"Person\",\"@id\":\"https:\\\/\\\/www.centrocliniconemo.it\\\/en\\\/#\\\/schema\\\/person\\\/9331a87c0a8ee435c61f5dd498531434\",\"name\":\"Luca Biondi\",\"image\":{\"@type\":\"ImageObject\",\"inLanguage\":\"en-US\",\"@id\":\"https:\\\/\\\/secure.gravatar.com\\\/avatar\\\/0488b88829885ebcc9896de947265b69d2979e6dc4666b1e2c3d4fbf8dc73d77?s=96&d=mm&r=g\",\"url\":\"https:\\\/\\\/secure.gravatar.com\\\/avatar\\\/0488b88829885ebcc9896de947265b69d2979e6dc4666b1e2c3d4fbf8dc73d77?s=96&d=mm&r=g\",\"contentUrl\":\"https:\\\/\\\/secure.gravatar.com\\\/avatar\\\/0488b88829885ebcc9896de947265b69d2979e6dc4666b1e2c3d4fbf8dc73d77?s=96&d=mm&r=g\",\"caption\":\"Luca Biondi\"}}]}<\/script>\n<!-- \/ Yoast SEO plugin. -->","yoast_head_json":{"title":"Il Centro NeMO Roma intitolato alla beata Armida Barelli - Centro Clinico NeMO","description":"Roma, 30 aprile 2025 - \u00abLa sua vita \u00e8 fatta di ascolto e accoglienza, testimone di un legame tra ci\u00f2 che si ascolta e ci\u00f2 che si vive\u00bb. Con queste parole, nella prefazione alla biografia ufficiale di Armida Barelli, scomparsa a causa della SLA, Papa Francesco ne ha colto il significato pi\u00f9 profondo. Oggi, nel giorno in cui si ricorda la beatificazione della stessa Barelli, avvenuta il 30 aprile 2022, il Centro Clinico NeMO Roma al Policlinico Universitario \u201cAgostino Gemelli\u201d IRCCS \u2013 punto di riferimento nazionale per la presa in carico delle persone con malattie neuromuscolari \u2013 \u00e8 a lei dedicato.","robots":{"index":"index","follow":"follow","max-snippet":"max-snippet:-1","max-image-preview":"max-image-preview:large","max-video-preview":"max-video-preview:-1"},"canonical":"https:\/\/www.centrocliniconemo.it\/en\/blog\/il-centro-nemo-roma-intitolato-alla-beata-armida-barelli\/","og_locale":"en_US","og_type":"article","og_title":"Il Centro NeMO Roma intitolato alla beata Armida Barelli","og_description":"Nel terzo anniversario della beatificazione della cofondatrice dell\u2019Universit\u00e0 Cattolica, scomparsa a causa della SLA, la cerimonia di intitolazione del Centro Clinico NeMO Adulti al Policlinico Universitario \u201cAgostino Gemelli\u201d IRCCS","og_url":"https:\/\/www.centrocliniconemo.it\/en\/blog\/il-centro-nemo-roma-intitolato-alla-beata-armida-barelli\/","og_site_name":"Centro Clinico NeMO","article_publisher":"https:\/\/www.facebook.com\/CentroNEMOItalia","article_published_time":"2025-04-30T16:51:30+00:00","article_modified_time":"2025-04-30T16:51:33+00:00","og_image":[{"width":2048,"height":1365,"url":"https:\/\/www.centrocliniconemo.it\/wp-content\/uploads\/2025\/04\/UTF-8Centro-Clinico-NeMo-Armida-Barelli-4.jpg","type":"image\/jpeg"}],"author":"Luca Biondi","twitter_card":"summary_large_image","twitter_title":"Il Centro NeMO Roma intitolato alla beata Armida Barelli","twitter_description":"Nel terzo anniversario della beatificazione della cofondatrice dell\u2019Universit\u00e0 Cattolica, scomparsa a causa della SLA, la cerimonia di intitolazione del Centro Clinico NeMO Adulti al Policlinico Universitario \u201cAgostino Gemelli\u201d IRCCS","twitter_image":"https:\/\/www.centrocliniconemo.it\/wp-content\/uploads\/2025\/04\/UTF-8Centro-Clinico-NeMo-Armida-Barelli-4.jpg","twitter_creator":"@CentroNemo","twitter_site":"@CentroNemo","twitter_misc":{"Written by":"Luca Biondi","Est. reading time":"8 minutes"},"schema":{"@context":"https:\/\/schema.org","@graph":[{"@type":"Article","@id":"https:\/\/www.centrocliniconemo.it\/en\/blog\/il-centro-nemo-roma-intitolato-alla-beata-armida-barelli\/#article","isPartOf":{"@id":"https:\/\/www.centrocliniconemo.it\/en\/blog\/il-centro-nemo-roma-intitolato-alla-beata-armida-barelli\/"},"author":{"name":"Luca Biondi","@id":"https:\/\/www.centrocliniconemo.it\/en\/#\/schema\/person\/9331a87c0a8ee435c61f5dd498531434"},"headline":"Il Centro NeMO Roma intitolato alla beata Armida Barelli","datePublished":"2025-04-30T16:51:30+00:00","dateModified":"2025-04-30T16:51:33+00:00","mainEntityOfPage":{"@id":"https:\/\/www.centrocliniconemo.it\/en\/blog\/il-centro-nemo-roma-intitolato-alla-beata-armida-barelli\/"},"wordCount":1105,"publisher":{"@id":"https:\/\/www.centrocliniconemo.it\/en\/#organization"},"image":{"@id":"https:\/\/www.centrocliniconemo.it\/en\/blog\/il-centro-nemo-roma-intitolato-alla-beata-armida-barelli\/#primaryimage"},"thumbnailUrl":"https:\/\/www.centrocliniconemo.it\/wp-content\/uploads\/2025\/04\/UTF-8Centro-Clinico-NeMo-Armida-Barelli-4.jpg","keywords":["Armida Barelli","NeMO Roma"],"articleSection":["Iniziative ed eventi","Storie di NeMO"],"inLanguage":"en-US"},{"@type":"WebPage","@id":"https:\/\/www.centrocliniconemo.it\/en\/blog\/il-centro-nemo-roma-intitolato-alla-beata-armida-barelli\/","url":"https:\/\/www.centrocliniconemo.it\/en\/blog\/il-centro-nemo-roma-intitolato-alla-beata-armida-barelli\/","name":"Il Centro NeMO Roma intitolato alla beata Armida Barelli - Centro Clinico NeMO","isPartOf":{"@id":"https:\/\/www.centrocliniconemo.it\/en\/#website"},"primaryImageOfPage":{"@id":"https:\/\/www.centrocliniconemo.it\/en\/blog\/il-centro-nemo-roma-intitolato-alla-beata-armida-barelli\/#primaryimage"},"image":{"@id":"https:\/\/www.centrocliniconemo.it\/en\/blog\/il-centro-nemo-roma-intitolato-alla-beata-armida-barelli\/#primaryimage"},"thumbnailUrl":"https:\/\/www.centrocliniconemo.it\/wp-content\/uploads\/2025\/04\/UTF-8Centro-Clinico-NeMo-Armida-Barelli-4.jpg","datePublished":"2025-04-30T16:51:30+00:00","dateModified":"2025-04-30T16:51:33+00:00","description":"Roma, 30 aprile 2025 - \u00abLa sua vita \u00e8 fatta di ascolto e accoglienza, testimone di un legame tra ci\u00f2 che si ascolta e ci\u00f2 che si vive\u00bb. Con queste parole, nella prefazione alla biografia ufficiale di Armida Barelli, scomparsa a causa della SLA, Papa Francesco ne ha colto il significato pi\u00f9 profondo. Oggi, nel giorno in cui si ricorda la beatificazione della stessa Barelli, avvenuta il 30 aprile 2022, il Centro Clinico NeMO Roma al Policlinico Universitario \u201cAgostino Gemelli\u201d IRCCS \u2013 punto di riferimento nazionale per la presa in carico delle persone con malattie neuromuscolari \u2013 \u00e8 a lei dedicato.","breadcrumb":{"@id":"https:\/\/www.centrocliniconemo.it\/en\/blog\/il-centro-nemo-roma-intitolato-alla-beata-armida-barelli\/#breadcrumb"},"inLanguage":"en-US","potentialAction":[{"@type":"ReadAction","target":["https:\/\/www.centrocliniconemo.it\/en\/blog\/il-centro-nemo-roma-intitolato-alla-beata-armida-barelli\/"]}]},{"@type":"ImageObject","inLanguage":"en-US","@id":"https:\/\/www.centrocliniconemo.it\/en\/blog\/il-centro-nemo-roma-intitolato-alla-beata-armida-barelli\/#primaryimage","url":"https:\/\/www.centrocliniconemo.it\/wp-content\/uploads\/2025\/04\/UTF-8Centro-Clinico-NeMo-Armida-Barelli-4.jpg","contentUrl":"https:\/\/www.centrocliniconemo.it\/wp-content\/uploads\/2025\/04\/UTF-8Centro-Clinico-NeMo-Armida-Barelli-4.jpg","width":2048,"height":1365},{"@type":"BreadcrumbList","@id":"https:\/\/www.centrocliniconemo.it\/en\/blog\/il-centro-nemo-roma-intitolato-alla-beata-armida-barelli\/#breadcrumb","itemListElement":[{"@type":"ListItem","position":1,"name":"Home","item":"https:\/\/www.centrocliniconemo.it\/en\/"},{"@type":"ListItem","position":2,"name":"Il Centro NeMO Roma intitolato alla beata Armida Barelli"}]},{"@type":"WebSite","@id":"https:\/\/www.centrocliniconemo.it\/en\/#website","url":"https:\/\/www.centrocliniconemo.it\/en\/","name":"Centro Clinico NeMO","description":"Il paziente al centro","publisher":{"@id":"https:\/\/www.centrocliniconemo.it\/en\/#organization"},"potentialAction":[{"@type":"SearchAction","target":{"@type":"EntryPoint","urlTemplate":"https:\/\/www.centrocliniconemo.it\/en\/?s={search_term_string}"},"query-input":{"@type":"PropertyValueSpecification","valueRequired":true,"valueName":"search_term_string"}}],"inLanguage":"en-US"},{"@type":"Organization","@id":"https:\/\/www.centrocliniconemo.it\/en\/#organization","name":"Centro Clinico NeMO - Fondazione Serena Onlus","url":"https:\/\/www.centrocliniconemo.it\/en\/","logo":{"@type":"ImageObject","inLanguage":"en-US","@id":"https:\/\/www.centrocliniconemo.it\/en\/#\/schema\/logo\/image\/","url":"https:\/\/www.centrocliniconemo.it\/wp-content\/uploads\/2023\/03\/logo-nemo.svg","contentUrl":"https:\/\/www.centrocliniconemo.it\/wp-content\/uploads\/2023\/03\/logo-nemo.svg","width":272,"height":109.142,"caption":"Centro Clinico NeMO - Fondazione Serena Onlus"},"image":{"@id":"https:\/\/www.centrocliniconemo.it\/en\/#\/schema\/logo\/image\/"},"sameAs":["https:\/\/www.facebook.com\/CentroNEMOItalia","https:\/\/x.com\/CentroNemo","https:\/\/www.linkedin.com\/company\/centrocliniconemo\/","https:\/\/www.instagram.com\/centrocliniconemo\/"]},{"@type":"Person","@id":"https:\/\/www.centrocliniconemo.it\/en\/#\/schema\/person\/9331a87c0a8ee435c61f5dd498531434","name":"Luca Biondi","image":{"@type":"ImageObject","inLanguage":"en-US","@id":"https:\/\/secure.gravatar.com\/avatar\/0488b88829885ebcc9896de947265b69d2979e6dc4666b1e2c3d4fbf8dc73d77?s=96&d=mm&r=g","url":"https:\/\/secure.gravatar.com\/avatar\/0488b88829885ebcc9896de947265b69d2979e6dc4666b1e2c3d4fbf8dc73d77?s=96&d=mm&r=g","contentUrl":"https:\/\/secure.gravatar.com\/avatar\/0488b88829885ebcc9896de947265b69d2979e6dc4666b1e2c3d4fbf8dc73d77?s=96&d=mm&r=g","caption":"Luca Biondi"}}]}},"_links":{"self":[{"href":"https:\/\/www.centrocliniconemo.it\/en\/wp-json\/wp\/v2\/posts\/24508","targetHints":{"allow":["GET"]}}],"collection":[{"href":"https:\/\/www.centrocliniconemo.it\/en\/wp-json\/wp\/v2\/posts"}],"about":[{"href":"https:\/\/www.centrocliniconemo.it\/en\/wp-json\/wp\/v2\/types\/post"}],"author":[{"embeddable":true,"href":"https:\/\/www.centrocliniconemo.it\/en\/wp-json\/wp\/v2\/users\/2"}],"replies":[{"embeddable":true,"href":"https:\/\/www.centrocliniconemo.it\/en\/wp-json\/wp\/v2\/comments?post=24508"}],"version-history":[{"count":0,"href":"https:\/\/www.centrocliniconemo.it\/en\/wp-json\/wp\/v2\/posts\/24508\/revisions"}],"wp:featuredmedia":[{"embeddable":true,"href":"https:\/\/www.centrocliniconemo.it\/en\/wp-json\/wp\/v2\/media\/24511"}],"wp:attachment":[{"href":"https:\/\/www.centrocliniconemo.it\/en\/wp-json\/wp\/v2\/media?parent=24508"}],"wp:term":[{"taxonomy":"category","embeddable":true,"href":"https:\/\/www.centrocliniconemo.it\/en\/wp-json\/wp\/v2\/categories?post=24508"},{"taxonomy":"post_tag","embeddable":true,"href":"https:\/\/www.centrocliniconemo.it\/en\/wp-json\/wp\/v2\/tags?post=24508"}],"curies":[{"name":"wp","href":"https:\/\/api.w.org\/{rel}","templated":true}]}}