{"id":24495,"date":"2025-04-30T10:23:06","date_gmt":"2025-04-30T10:23:06","guid":{"rendered":"https:\/\/www.centrocliniconemo.it\/blog\/?p=24495"},"modified":"2025-05-05T13:51:11","modified_gmt":"2025-05-05T13:51:11","slug":"nemo-ancona-quando-il-corpo-si-ferma-ma-non-la-cura-continua","status":"publish","type":"post","link":"https:\/\/www.centrocliniconemo.it\/en\/blog\/nemo-ancona-quando-il-corpo-si-ferma-ma-non-la-cura-continua\/","title":{"rendered":"NeMO Ancona. Quando tutto si ferma, c\u2019\u00e8 chi ti aiuta a ricominciare"},"content":{"rendered":"\n<p>Ancona, 5 maggio 2025 &#8211; Tornare a casa sulle proprie gambe, dopo otto mesi, quando fino a poco prima, si potevano muovere solo gli occhi.\u00a0\u00c8 il frutto della scienza: competenza unita a passione. Un percorso lungo, costruito giorno dopo giorno con pazienza, fiducia e tanta umanit\u00e0.<\/p>\n\n\n\n<p>\u00c8 la storia di Marco Magistrelli, 41 anni, colpito da una forma severa della sindrome di <a href=\"https:\/\/www.centrocliniconemo.it\/cura-e-ricerca\/patologie\/sindrome-di-guillain-barre\/\">Guillain-Barr\u00e9 \u2014 una malattia rara e insidiosa, che in pochi giorni pu\u00f2 togliere voce, movimento, respiro<\/a>.<\/p>\n\n\n\n<p>Il suo calvario inizia al ritorno da una vacanza: stanchezza, poi dolori, e infine la paralisi che arriva in silenzio, per diventare poi il suono dell&#8217;uragano. Il ricovero immediato diventa l\u2019unica possibilit\u00e0 in uno scenario che nello stesso tempo fatica a pensare all\u2019esistenza di qualunque possibile possibilit\u00e0. Tre settimane in rianimazione, alimentato da un sondino, assistito nei respiri, chiuso in un corpo immobile. L\u2019unico contatto con il mondo: gli occhi.<\/p>\n\n\n\n<p>\u00c8 proprio da l\u00ec che nasce una nuova prospettiva: una potenza ritrovata della vita, una possibilit\u00e0 che finalmente si apre. Dove uno sguardo solo diventa promessa di ritorno. Un inizio che prende forma lungo una strada inaspettata, poco battuta, in salita, ma pur sempre una strada, percorribile. Una via fatta di passi minimi, spesso invisibili, eppure indispensabili per ogni viaggio.<\/p>\n\n\n\n<p>Marco vive il suo viaggio lungo 8 mesi al <a href=\"https:\/\/www.centrocliniconemo.it\/pazienti\/sedi-nemo\/nemo-ancona\/\">Centro Clinico NeMO di Ancona<\/a>. Qui\u00a0il tempo si misura in progressi delicati, ma profondi. In cui la differenza \u00e8 tutta nella complementariet\u00e0 e presenza di professionisti che lavorano insieme: psicologo, fisioterapista, terapista respiratorio, logopedista e terapista occupazionale sono presenze costanti, che affiancano il paziente e la sua famiglia ogni giorno, in ogni fase. Sono un prezioso supporto a Medici, infermieri e OSS.<\/p>\n\n\n\n<figure class=\"wp-block-image size-large\"><img fetchpriority=\"high\" decoding=\"async\" width=\"1024\" height=\"590\" src=\"https:\/\/www.centrocliniconemo.it\/wp-content\/uploads\/2025\/04\/Osteopata-anconetano-paralizzato-dopo-il-Covid-salvato-a-Torrette-Marco-Magistrelli-team-1024x590.jpg\" alt=\"\" class=\"wp-image-24496\" srcset=\"https:\/\/www.centrocliniconemo.it\/wp-content\/uploads\/2025\/04\/Osteopata-anconetano-paralizzato-dopo-il-Covid-salvato-a-Torrette-Marco-Magistrelli-team-1024x590.jpg 1024w, https:\/\/www.centrocliniconemo.it\/wp-content\/uploads\/2025\/04\/Osteopata-anconetano-paralizzato-dopo-il-Covid-salvato-a-Torrette-Marco-Magistrelli-team-300x173.jpg 300w, https:\/\/www.centrocliniconemo.it\/wp-content\/uploads\/2025\/04\/Osteopata-anconetano-paralizzato-dopo-il-Covid-salvato-a-Torrette-Marco-Magistrelli-team-768x443.jpg 768w, https:\/\/www.centrocliniconemo.it\/wp-content\/uploads\/2025\/04\/Osteopata-anconetano-paralizzato-dopo-il-Covid-salvato-a-Torrette-Marco-Magistrelli-team-1536x886.jpg 1536w, https:\/\/www.centrocliniconemo.it\/wp-content\/uploads\/2025\/04\/Osteopata-anconetano-paralizzato-dopo-il-Covid-salvato-a-Torrette-Marco-Magistrelli-team.jpg 1599w\" sizes=\"(max-width: 1024px) 100vw, 1024px\" \/><\/figure>\n\n\n\n<p>Tutte queste presenze insieme in reparto appaiono come un valore scontato, ormai parte della quotidianit\u00e0 del percorso. Sono il filo rosso in quell&#8217;intreccio di competenze che si fondono con sensibilit\u00e0 e ascolto. Ed \u00e8 proprio questa presenza continua, cos\u00ec naturale da passare quasi inosservata, a fare la differenza.&nbsp;<\/p>\n\n\n\n<p>Perch\u00e9&nbsp;scontata, in realt\u00e0, non lo \u00e8 affatto. Siamo talmente abituati ad avere un ritaglio di tempo ben prefissato nei processi di cura, che non ci accorgiamo che alcuni dettagli e presenze silenziose, diventano l\u2019eccezione che fa la differenza nella vita delle persone. Perch\u00e9 quando la cura dedicata \u00e8 un costante \u201cin ogni istante\u201d, le strade possibili, si moltiplicano, si espandono, diventano di chiunque. E anche in quest\u2019ottica che con l\u2019aiuto della raccolta fondi NeMO continua ad investire risorse nel garantire alle persone&nbsp;questi dettagli che fanno la differenza in ogni viaggio.<\/p>\n\n\n\n<p>In questo contesto, il recupero di Marco, giorno dopo giorno, diventa un&nbsp;percorso&nbsp;in cui la salita \u00e8 sempre meno ripida, dove il quotidiano si riempie di respiri autonomi riconquistati, di parole ritrovate, di primi passi con un deambulatore. E dietro ogni piccolo successo, c\u2019\u00e8 sempre quell\u2019\u00e9quipe al lavoro, senza sosta, in costante ascolto, rispettando i tempi dentro al tempo di ognuno, senza mai forzare il cammino.<\/p>\n\n\n\n<p>Oggi Marco \u00e8 tornato a casa. Pu\u00f2 finalmente festeggiare il suo compleanno con la famiglia e gli amici. Sta gi\u00e0 affrontando un nuovo ciclo di fisioterapia. Il peggio \u00e8 passato, ma il cammino continua. E lui sa di non essere solo, perch\u00e9 la cura porta con s\u00e9 una promessa silenziosa: all&#8217;inizio di ogni viaggio c&#8217;\u00e8 l&#8217;impegno che nessuno sar\u00e0 mai lasciato solo.<\/p>\n\n\n<div class=\"pgc-sgb-cb wp-block-pgcsimplygalleryblock-slider \" data-gallery-id=\"89525460\"style=&quot;min-height:400px&quot;><div class=\"sgb-preloader\" id=\"pr_89525460\">\n\t<div class=\"sgb-square\" style=\"background:#d4d4d4\"><\/div>\n\t<div class=\"sgb-square\" style=\"background:#d4d4d4\"><\/div>\n\t<div class=\"sgb-square\" style=\"background:#d4d4d4\"><\/div>\n\t<div class=\"sgb-square\" style=\"background:#d4d4d4\"><\/div><\/div><div class=\"simply-gallery-amp pgc_sgb_slider \"><noscript><div class=\"sgb-gallery\"><div class=\"sgb-item\"><a href=\"https:\/\/www.centrocliniconemo.it\/?attachment_id=24498\" target=\"_blank\"><img loading=\"lazy\" decoding=\"async\" alt=\"\" width=\"300\" height=\"200\" loading=\"lazy\" src=\"https:\/\/www.centrocliniconemo.it\/wp-content\/uploads\/2025\/04\/Osteopata-anconetano-paralizzato-dopo-il-Covid-salvato-a-Torrette-Marco-Magistrelli-300x200.jpg\" srcset=\"https:\/\/www.centrocliniconemo.it\/wp-content\/uploads\/2025\/04\/Osteopata-anconetano-paralizzato-dopo-il-Covid-salvato-a-Torrette-Marco-Magistrelli-300x200.jpg 300w,https:\/\/www.centrocliniconemo.it\/wp-content\/uploads\/2025\/04\/Osteopata-anconetano-paralizzato-dopo-il-Covid-salvato-a-Torrette-Marco-Magistrelli-1024x683.jpg 1024w,https:\/\/www.centrocliniconemo.it\/wp-content\/uploads\/2025\/04\/Osteopata-anconetano-paralizzato-dopo-il-Covid-salvato-a-Torrette-Marco-Magistrelli.jpg 1280w\" sizes=\"auto, 250px\"\/><\/a><\/div><div class=\"sgb-item\"><a href=\"https:\/\/www.centrocliniconemo.it\/?attachment_id=24500\" target=\"_blank\"><img loading=\"lazy\" decoding=\"async\" alt=\"\" width=\"225\" height=\"300\" loading=\"lazy\" src=\"https:\/\/www.centrocliniconemo.it\/wp-content\/uploads\/2025\/04\/Osteopata-anconetano-paralizzato-dopo-il-Covid-salvato-a-Torrette-Marco-Magistrelli-trio-225x300.jpg\" srcset=\"https:\/\/www.centrocliniconemo.it\/wp-content\/uploads\/2025\/04\/Osteopata-anconetano-paralizzato-dopo-il-Covid-salvato-a-Torrette-Marco-Magistrelli-trio-225x300.jpg 225w,https:\/\/www.centrocliniconemo.it\/wp-content\/uploads\/2025\/04\/Osteopata-anconetano-paralizzato-dopo-il-Covid-salvato-a-Torrette-Marco-Magistrelli-trio-768x1024.jpg 768w,https:\/\/www.centrocliniconemo.it\/wp-content\/uploads\/2025\/04\/Osteopata-anconetano-paralizzato-dopo-il-Covid-salvato-a-Torrette-Marco-Magistrelli-trio.jpg 1280w\" sizes=\"auto, 250px\"\/><\/a><\/div><\/div><\/noscript><\/div><script type=\"application\/json\" class=\"sgb-data\">{\"sliderAdminWidth\":1388,\"galleryType\":\"pgc_sgb_slider\",\"galleryId\":\"89525460\",\"images\":[{\"id\":24498,\"title\":\"Osteopata anconetano paralizzato dopo il Covid salvato a Torrette Marco Magistrelli\",\"url\":\"https:\/\/www.centrocliniconemo.it\/wp-content\/uploads\/2025\/04\/Osteopata-anconetano-paralizzato-dopo-il-Covid-salvato-a-Torrette-Marco-Magistrelli.jpg\",\"link\":\"https:\/\/www.centrocliniconemo.it\/?attachment_id=24498\",\"alt\":\"\",\"description\":\"\",\"caption\":\"\",\"mime\":\"image\/jpeg\",\"type\":\"image\",\"width\":1280,\"height\":854,\"sizes\":{\"thumbnail\":{\"height\":150,\"width\":150,\"url\":\"https:\/\/www.centrocliniconemo.it\/wp-content\/uploads\/2025\/04\/Osteopata-anconetano-paralizzato-dopo-il-Covid-salvato-a-Torrette-Marco-Magistrelli-150x150.jpg\",\"orientation\":\"landscape\"},\"medium\":{\"height\":200,\"width\":300,\"url\":\"https:\/\/www.centrocliniconemo.it\/wp-content\/uploads\/2025\/04\/Osteopata-anconetano-paralizzato-dopo-il-Covid-salvato-a-Torrette-Marco-Magistrelli-300x200.jpg\",\"orientation\":\"landscape\"},\"large\":{\"height\":683,\"width\":1024,\"url\":\"https:\/\/www.centrocliniconemo.it\/wp-content\/uploads\/2025\/04\/Osteopata-anconetano-paralizzato-dopo-il-Covid-salvato-a-Torrette-Marco-Magistrelli-1024x683.jpg\",\"orientation\":\"landscape\"},\"full\":{\"url\":\"https:\/\/www.centrocliniconemo.it\/wp-content\/uploads\/2025\/04\/Osteopata-anconetano-paralizzato-dopo-il-Covid-salvato-a-Torrette-Marco-Magistrelli.jpg\",\"height\":854,\"width\":1280,\"orientation\":\"landscape\"}},\"imageMeta\":{\"aperture\":\"0\",\"credit\":\"\",\"camera\":\"\",\"caption\":\"\",\"created_timestamp\":\"0\",\"copyright\":\"\",\"focal_length\":\"0\",\"iso\":\"0\",\"shutter_speed\":\"0\",\"title\":\"\",\"orientation\":\"0\",\"keywords\":[]},\"meta\":false,\"postlink\":\"https:\/\/www.centrocliniconemo.it\/?attachment_id=24498\"},{\"id\":24500,\"title\":\"Osteopata anconetano paralizzato dopo il Covid salvato a Torrette Marco Magistrelli trio\",\"url\":\"https:\/\/www.centrocliniconemo.it\/wp-content\/uploads\/2025\/04\/Osteopata-anconetano-paralizzato-dopo-il-Covid-salvato-a-Torrette-Marco-Magistrelli-trio.jpg\",\"link\":\"https:\/\/www.centrocliniconemo.it\/?attachment_id=24500\",\"alt\":\"\",\"description\":\"\",\"caption\":\"\",\"mime\":\"image\/jpeg\",\"type\":\"image\",\"width\":1280,\"height\":1707,\"sizes\":{\"thumbnail\":{\"height\":150,\"width\":150,\"url\":\"https:\/\/www.centrocliniconemo.it\/wp-content\/uploads\/2025\/04\/Osteopata-anconetano-paralizzato-dopo-il-Covid-salvato-a-Torrette-Marco-Magistrelli-trio-150x150.jpg\",\"orientation\":\"landscape\"},\"medium\":{\"height\":300,\"width\":225,\"url\":\"https:\/\/www.centrocliniconemo.it\/wp-content\/uploads\/2025\/04\/Osteopata-anconetano-paralizzato-dopo-il-Covid-salvato-a-Torrette-Marco-Magistrelli-trio-225x300.jpg\",\"orientation\":\"portrait\"},\"large\":{\"height\":1024,\"width\":768,\"url\":\"https:\/\/www.centrocliniconemo.it\/wp-content\/uploads\/2025\/04\/Osteopata-anconetano-paralizzato-dopo-il-Covid-salvato-a-Torrette-Marco-Magistrelli-trio-768x1024.jpg\",\"orientation\":\"portrait\"},\"full\":{\"url\":\"https:\/\/www.centrocliniconemo.it\/wp-content\/uploads\/2025\/04\/Osteopata-anconetano-paralizzato-dopo-il-Covid-salvato-a-Torrette-Marco-Magistrelli-trio.jpg\",\"height\":1707,\"width\":1280,\"orientation\":\"portrait\"}},\"imageMeta\":{\"aperture\":\"0\",\"credit\":\"\",\"camera\":\"\",\"caption\":\"\",\"created_timestamp\":\"0\",\"copyright\":\"\",\"focal_length\":\"0\",\"iso\":\"0\",\"shutter_speed\":\"0\",\"title\":\"\",\"orientation\":\"1\",\"keywords\":[]},\"meta\":false,\"postlink\":\"https:\/\/www.centrocliniconemo.it\/?attachment_id=24500\"}],\"jetDynamicVisibility\":{\"jedv_enabled\":false},\"jetPopupInstance\":\"none\",\"jetPopupTriggerType\":\"none\",\"jetPopupCustomSelector\":\"\",\"jetPopupIsJetEngine\":false,\"itemsMetaDataCollection\":[]}<\/script><script>(function(){if(window.PGC_SGB && window.PGC_SGB.searcher){window.PGC_SGB.searcher.initBlocks()}})()<\/script><\/div>","protected":false},"excerpt":{"rendered":"<p>Ancona, 5 maggio 2025 &#8211; Tornare a casa sulle proprie gambe, dopo otto mesi, quando fino a poco prima, si potevano muovere solo gli occhi.\u00a0\u00c8 il frutto della scienza: competenza unita a passione. Un percorso lungo, costruito giorno dopo giorno con pazienza, fiducia e tanta umanit\u00e0. \u00c8 la storia di Marco Magistrelli, 41 anni, colpito [&hellip;]<\/p>\n","protected":false},"author":2,"featured_media":24498,"comment_status":"closed","ping_status":"closed","sticky":false,"template":"","format":"standard","meta":{"pgc_sgb_lightbox_settings":"","footnotes":""},"categories":[28,1],"tags":[250,251,19],"class_list":["post-24495","post","type-post","status-publish","format-standard","has-post-thumbnail","hentry","category-cura-ricerca-e-formazione","category-storie-di-nemo","tag-guillain-barre","tag-marco-magistrelli","tag-nemo-ancona"],"yoast_head":"<!-- This site is optimized with the Yoast SEO plugin v27.4 - https:\/\/yoast.com\/product\/yoast-seo-wordpress\/ -->\n<title>NeMO Ancona. Quando tutto si ferma, c\u2019\u00e8 chi ti aiuta a ricominciare - Centro Clinico NeMO<\/title>\n<meta name=\"description\" content=\"Ancona, 5 maggio 2025 - Tornare a casa sulle proprie gambe, dopo otto mesi, quando fino a poco prima, si potevano muovere solo gli occhi.\u00a0\u00c8 il frutto della scienza: competenza unita a passione. Un percorso lungo, costruito giorno dopo giorno con pazienza, fiducia e tanta umanit\u00e0.\u00c8 la storia di Marco Magistrelli, 41 anni, colpito da una forma severa della sindrome di Guillain-Barr\u00e9 \u2014 una malattia rara e insidiosa, che in pochi giorni pu\u00f2 togliere voce, movimento, respiro.\" \/>\n<meta name=\"robots\" content=\"index, follow, max-snippet:-1, max-image-preview:large, max-video-preview:-1\" \/>\n<link rel=\"canonical\" href=\"https:\/\/www.centrocliniconemo.it\/en\/blog\/nemo-ancona-quando-il-corpo-si-ferma-ma-non-la-cura-continua\/\" \/>\n<meta property=\"og:locale\" content=\"en_US\" \/>\n<meta property=\"og:type\" content=\"article\" \/>\n<meta property=\"og:title\" content=\"NeMO Ancona. Quando tutto si ferma, c\u2019\u00e8 chi ti aiuta a ricominciare\" \/>\n<meta property=\"og:description\" content=\"Ancona, 5 maggio 2025 - Tornare a casa sulle proprie gambe, dopo otto mesi, quando fino a poco prima, si potevano muovere solo gli occhi.\u00a0\u00c8 il frutto della scienza: competenza unita a passione. Un percorso lungo, costruito giorno dopo giorno con pazienza, fiducia e tanta umanit\u00e0.\" \/>\n<meta property=\"og:url\" content=\"https:\/\/www.centrocliniconemo.it\/en\/blog\/nemo-ancona-quando-il-corpo-si-ferma-ma-non-la-cura-continua\/\" \/>\n<meta property=\"og:site_name\" content=\"Centro Clinico NeMO\" \/>\n<meta property=\"article:publisher\" content=\"https:\/\/www.facebook.com\/CentroNEMOItalia\" \/>\n<meta property=\"article:published_time\" content=\"2025-04-30T10:23:06+00:00\" \/>\n<meta property=\"article:modified_time\" content=\"2025-05-05T13:51:11+00:00\" \/>\n<meta property=\"og:image\" content=\"https:\/\/www.centrocliniconemo.it\/wp-content\/uploads\/2025\/04\/Osteopata-anconetano-paralizzato-dopo-il-Covid-salvato-a-Torrette-Marco-Magistrelli-small.jpg\" \/>\n\t<meta property=\"og:image:width\" content=\"620\" \/>\n\t<meta property=\"og:image:height\" content=\"340\" \/>\n\t<meta property=\"og:image:type\" content=\"image\/jpeg\" \/>\n<meta name=\"author\" content=\"Luca Biondi\" \/>\n<meta name=\"twitter:card\" content=\"summary_large_image\" \/>\n<meta name=\"twitter:title\" content=\"NeMO Ancona. Quando tutto si ferma, c\u2019\u00e8 chi ti aiuta a ricominciare\" \/>\n<meta name=\"twitter:description\" content=\"Ancona, 5 maggio 2025 - Tornare a casa sulle proprie gambe, dopo otto mesi, quando fino a poco prima, si potevano muovere solo gli occhi.\u00a0\u00c8 il frutto della scienza: competenza unita a passione. Un percorso lungo, costruito giorno dopo giorno con pazienza, fiducia e tanta umanit\u00e0.\" \/>\n<meta name=\"twitter:image\" content=\"https:\/\/www.centrocliniconemo.it\/wp-content\/uploads\/2025\/04\/Osteopata-anconetano-paralizzato-dopo-il-Covid-salvato-a-Torrette-Marco-Magistrelli-small.jpg\" \/>\n<meta name=\"twitter:creator\" content=\"@CentroNemo\" \/>\n<meta name=\"twitter:site\" content=\"@CentroNemo\" \/>\n<meta name=\"twitter:label1\" content=\"Written by\" \/>\n\t<meta name=\"twitter:data1\" content=\"Luca Biondi\" \/>\n\t<meta name=\"twitter:label2\" content=\"Est. reading time\" \/>\n\t<meta name=\"twitter:data2\" content=\"4 minutes\" \/>\n<script type=\"application\/ld+json\" class=\"yoast-schema-graph\">{\"@context\":\"https:\\\/\\\/schema.org\",\"@graph\":[{\"@type\":\"Article\",\"@id\":\"https:\\\/\\\/www.centrocliniconemo.it\\\/en\\\/blog\\\/nemo-ancona-quando-il-corpo-si-ferma-ma-non-la-cura-continua\\\/#article\",\"isPartOf\":{\"@id\":\"https:\\\/\\\/www.centrocliniconemo.it\\\/en\\\/blog\\\/nemo-ancona-quando-il-corpo-si-ferma-ma-non-la-cura-continua\\\/\"},\"author\":{\"name\":\"Luca Biondi\",\"@id\":\"https:\\\/\\\/www.centrocliniconemo.it\\\/en\\\/#\\\/schema\\\/person\\\/9331a87c0a8ee435c61f5dd498531434\"},\"headline\":\"NeMO Ancona. Quando tutto si ferma, c\u2019\u00e8 chi ti aiuta a ricominciare\",\"datePublished\":\"2025-04-30T10:23:06+00:00\",\"dateModified\":\"2025-05-05T13:51:11+00:00\",\"mainEntityOfPage\":{\"@id\":\"https:\\\/\\\/www.centrocliniconemo.it\\\/en\\\/blog\\\/nemo-ancona-quando-il-corpo-si-ferma-ma-non-la-cura-continua\\\/\"},\"wordCount\":563,\"publisher\":{\"@id\":\"https:\\\/\\\/www.centrocliniconemo.it\\\/en\\\/#organization\"},\"image\":{\"@id\":\"https:\\\/\\\/www.centrocliniconemo.it\\\/en\\\/blog\\\/nemo-ancona-quando-il-corpo-si-ferma-ma-non-la-cura-continua\\\/#primaryimage\"},\"thumbnailUrl\":\"https:\\\/\\\/www.centrocliniconemo.it\\\/wp-content\\\/uploads\\\/2025\\\/04\\\/Osteopata-anconetano-paralizzato-dopo-il-Covid-salvato-a-Torrette-Marco-Magistrelli.jpg\",\"keywords\":[\"Guillain-Barr\u00e9\",\"Marco Magistrelli\",\"NeMO Ancona\"],\"articleSection\":[\"Cura, ricerca e formazione\",\"Storie di NeMO\"],\"inLanguage\":\"en-US\"},{\"@type\":\"WebPage\",\"@id\":\"https:\\\/\\\/www.centrocliniconemo.it\\\/en\\\/blog\\\/nemo-ancona-quando-il-corpo-si-ferma-ma-non-la-cura-continua\\\/\",\"url\":\"https:\\\/\\\/www.centrocliniconemo.it\\\/en\\\/blog\\\/nemo-ancona-quando-il-corpo-si-ferma-ma-non-la-cura-continua\\\/\",\"name\":\"NeMO Ancona. Quando tutto si ferma, c\u2019\u00e8 chi ti aiuta a ricominciare - Centro Clinico NeMO\",\"isPartOf\":{\"@id\":\"https:\\\/\\\/www.centrocliniconemo.it\\\/en\\\/#website\"},\"primaryImageOfPage\":{\"@id\":\"https:\\\/\\\/www.centrocliniconemo.it\\\/en\\\/blog\\\/nemo-ancona-quando-il-corpo-si-ferma-ma-non-la-cura-continua\\\/#primaryimage\"},\"image\":{\"@id\":\"https:\\\/\\\/www.centrocliniconemo.it\\\/en\\\/blog\\\/nemo-ancona-quando-il-corpo-si-ferma-ma-non-la-cura-continua\\\/#primaryimage\"},\"thumbnailUrl\":\"https:\\\/\\\/www.centrocliniconemo.it\\\/wp-content\\\/uploads\\\/2025\\\/04\\\/Osteopata-anconetano-paralizzato-dopo-il-Covid-salvato-a-Torrette-Marco-Magistrelli.jpg\",\"datePublished\":\"2025-04-30T10:23:06+00:00\",\"dateModified\":\"2025-05-05T13:51:11+00:00\",\"description\":\"Ancona, 5 maggio 2025 - Tornare a casa sulle proprie gambe, dopo otto mesi, quando fino a poco prima, si potevano muovere solo gli occhi.\u00a0\u00c8 il frutto della scienza: competenza unita a passione. Un percorso lungo, costruito giorno dopo giorno con pazienza, fiducia e tanta umanit\u00e0.\u00c8 la storia di Marco Magistrelli, 41 anni, colpito da una forma severa della sindrome di Guillain-Barr\u00e9 \u2014 una malattia rara e insidiosa, che in pochi giorni pu\u00f2 togliere voce, movimento, respiro.\",\"breadcrumb\":{\"@id\":\"https:\\\/\\\/www.centrocliniconemo.it\\\/en\\\/blog\\\/nemo-ancona-quando-il-corpo-si-ferma-ma-non-la-cura-continua\\\/#breadcrumb\"},\"inLanguage\":\"en-US\",\"potentialAction\":[{\"@type\":\"ReadAction\",\"target\":[\"https:\\\/\\\/www.centrocliniconemo.it\\\/en\\\/blog\\\/nemo-ancona-quando-il-corpo-si-ferma-ma-non-la-cura-continua\\\/\"]}]},{\"@type\":\"ImageObject\",\"inLanguage\":\"en-US\",\"@id\":\"https:\\\/\\\/www.centrocliniconemo.it\\\/en\\\/blog\\\/nemo-ancona-quando-il-corpo-si-ferma-ma-non-la-cura-continua\\\/#primaryimage\",\"url\":\"https:\\\/\\\/www.centrocliniconemo.it\\\/wp-content\\\/uploads\\\/2025\\\/04\\\/Osteopata-anconetano-paralizzato-dopo-il-Covid-salvato-a-Torrette-Marco-Magistrelli.jpg\",\"contentUrl\":\"https:\\\/\\\/www.centrocliniconemo.it\\\/wp-content\\\/uploads\\\/2025\\\/04\\\/Osteopata-anconetano-paralizzato-dopo-il-Covid-salvato-a-Torrette-Marco-Magistrelli.jpg\",\"width\":1280,\"height\":854},{\"@type\":\"BreadcrumbList\",\"@id\":\"https:\\\/\\\/www.centrocliniconemo.it\\\/en\\\/blog\\\/nemo-ancona-quando-il-corpo-si-ferma-ma-non-la-cura-continua\\\/#breadcrumb\",\"itemListElement\":[{\"@type\":\"ListItem\",\"position\":1,\"name\":\"Home\",\"item\":\"https:\\\/\\\/www.centrocliniconemo.it\\\/en\\\/\"},{\"@type\":\"ListItem\",\"position\":2,\"name\":\"NeMO Ancona. Quando tutto si ferma, c\u2019\u00e8 chi ti aiuta a ricominciare\"}]},{\"@type\":\"WebSite\",\"@id\":\"https:\\\/\\\/www.centrocliniconemo.it\\\/en\\\/#website\",\"url\":\"https:\\\/\\\/www.centrocliniconemo.it\\\/en\\\/\",\"name\":\"Centro Clinico NeMO\",\"description\":\"Il paziente al centro\",\"publisher\":{\"@id\":\"https:\\\/\\\/www.centrocliniconemo.it\\\/en\\\/#organization\"},\"potentialAction\":[{\"@type\":\"SearchAction\",\"target\":{\"@type\":\"EntryPoint\",\"urlTemplate\":\"https:\\\/\\\/www.centrocliniconemo.it\\\/en\\\/?s={search_term_string}\"},\"query-input\":{\"@type\":\"PropertyValueSpecification\",\"valueRequired\":true,\"valueName\":\"search_term_string\"}}],\"inLanguage\":\"en-US\"},{\"@type\":\"Organization\",\"@id\":\"https:\\\/\\\/www.centrocliniconemo.it\\\/en\\\/#organization\",\"name\":\"Centro Clinico NeMO - Fondazione Serena Onlus\",\"url\":\"https:\\\/\\\/www.centrocliniconemo.it\\\/en\\\/\",\"logo\":{\"@type\":\"ImageObject\",\"inLanguage\":\"en-US\",\"@id\":\"https:\\\/\\\/www.centrocliniconemo.it\\\/en\\\/#\\\/schema\\\/logo\\\/image\\\/\",\"url\":\"https:\\\/\\\/www.centrocliniconemo.it\\\/wp-content\\\/uploads\\\/2023\\\/03\\\/logo-nemo.svg\",\"contentUrl\":\"https:\\\/\\\/www.centrocliniconemo.it\\\/wp-content\\\/uploads\\\/2023\\\/03\\\/logo-nemo.svg\",\"width\":272,\"height\":109.142,\"caption\":\"Centro Clinico NeMO - Fondazione Serena Onlus\"},\"image\":{\"@id\":\"https:\\\/\\\/www.centrocliniconemo.it\\\/en\\\/#\\\/schema\\\/logo\\\/image\\\/\"},\"sameAs\":[\"https:\\\/\\\/www.facebook.com\\\/CentroNEMOItalia\",\"https:\\\/\\\/x.com\\\/CentroNemo\",\"https:\\\/\\\/www.linkedin.com\\\/company\\\/centrocliniconemo\\\/\",\"https:\\\/\\\/www.instagram.com\\\/centrocliniconemo\\\/\"]},{\"@type\":\"Person\",\"@id\":\"https:\\\/\\\/www.centrocliniconemo.it\\\/en\\\/#\\\/schema\\\/person\\\/9331a87c0a8ee435c61f5dd498531434\",\"name\":\"Luca Biondi\",\"image\":{\"@type\":\"ImageObject\",\"inLanguage\":\"en-US\",\"@id\":\"https:\\\/\\\/secure.gravatar.com\\\/avatar\\\/0488b88829885ebcc9896de947265b69d2979e6dc4666b1e2c3d4fbf8dc73d77?s=96&d=mm&r=g\",\"url\":\"https:\\\/\\\/secure.gravatar.com\\\/avatar\\\/0488b88829885ebcc9896de947265b69d2979e6dc4666b1e2c3d4fbf8dc73d77?s=96&d=mm&r=g\",\"contentUrl\":\"https:\\\/\\\/secure.gravatar.com\\\/avatar\\\/0488b88829885ebcc9896de947265b69d2979e6dc4666b1e2c3d4fbf8dc73d77?s=96&d=mm&r=g\",\"caption\":\"Luca Biondi\"}}]}<\/script>\n<!-- \/ Yoast SEO plugin. -->","yoast_head_json":{"title":"NeMO Ancona. Quando tutto si ferma, c\u2019\u00e8 chi ti aiuta a ricominciare - Centro Clinico NeMO","description":"Ancona, 5 maggio 2025 - Tornare a casa sulle proprie gambe, dopo otto mesi, quando fino a poco prima, si potevano muovere solo gli occhi.\u00a0\u00c8 il frutto della scienza: competenza unita a passione. Un percorso lungo, costruito giorno dopo giorno con pazienza, fiducia e tanta umanit\u00e0.\u00c8 la storia di Marco Magistrelli, 41 anni, colpito da una forma severa della sindrome di Guillain-Barr\u00e9 \u2014 una malattia rara e insidiosa, che in pochi giorni pu\u00f2 togliere voce, movimento, respiro.","robots":{"index":"index","follow":"follow","max-snippet":"max-snippet:-1","max-image-preview":"max-image-preview:large","max-video-preview":"max-video-preview:-1"},"canonical":"https:\/\/www.centrocliniconemo.it\/en\/blog\/nemo-ancona-quando-il-corpo-si-ferma-ma-non-la-cura-continua\/","og_locale":"en_US","og_type":"article","og_title":"NeMO Ancona. Quando tutto si ferma, c\u2019\u00e8 chi ti aiuta a ricominciare","og_description":"Ancona, 5 maggio 2025 - Tornare a casa sulle proprie gambe, dopo otto mesi, quando fino a poco prima, si potevano muovere solo gli occhi.\u00a0\u00c8 il frutto della scienza: competenza unita a passione. Un percorso lungo, costruito giorno dopo giorno con pazienza, fiducia e tanta umanit\u00e0.","og_url":"https:\/\/www.centrocliniconemo.it\/en\/blog\/nemo-ancona-quando-il-corpo-si-ferma-ma-non-la-cura-continua\/","og_site_name":"Centro Clinico NeMO","article_publisher":"https:\/\/www.facebook.com\/CentroNEMOItalia","article_published_time":"2025-04-30T10:23:06+00:00","article_modified_time":"2025-05-05T13:51:11+00:00","og_image":[{"width":620,"height":340,"url":"https:\/\/www.centrocliniconemo.it\/wp-content\/uploads\/2025\/04\/Osteopata-anconetano-paralizzato-dopo-il-Covid-salvato-a-Torrette-Marco-Magistrelli-small.jpg","type":"image\/jpeg"}],"author":"Luca Biondi","twitter_card":"summary_large_image","twitter_title":"NeMO Ancona. Quando tutto si ferma, c\u2019\u00e8 chi ti aiuta a ricominciare","twitter_description":"Ancona, 5 maggio 2025 - Tornare a casa sulle proprie gambe, dopo otto mesi, quando fino a poco prima, si potevano muovere solo gli occhi.\u00a0\u00c8 il frutto della scienza: competenza unita a passione. Un percorso lungo, costruito giorno dopo giorno con pazienza, fiducia e tanta umanit\u00e0.","twitter_image":"https:\/\/www.centrocliniconemo.it\/wp-content\/uploads\/2025\/04\/Osteopata-anconetano-paralizzato-dopo-il-Covid-salvato-a-Torrette-Marco-Magistrelli-small.jpg","twitter_creator":"@CentroNemo","twitter_site":"@CentroNemo","twitter_misc":{"Written by":"Luca Biondi","Est. reading time":"4 minutes"},"schema":{"@context":"https:\/\/schema.org","@graph":[{"@type":"Article","@id":"https:\/\/www.centrocliniconemo.it\/en\/blog\/nemo-ancona-quando-il-corpo-si-ferma-ma-non-la-cura-continua\/#article","isPartOf":{"@id":"https:\/\/www.centrocliniconemo.it\/en\/blog\/nemo-ancona-quando-il-corpo-si-ferma-ma-non-la-cura-continua\/"},"author":{"name":"Luca Biondi","@id":"https:\/\/www.centrocliniconemo.it\/en\/#\/schema\/person\/9331a87c0a8ee435c61f5dd498531434"},"headline":"NeMO Ancona. Quando tutto si ferma, c\u2019\u00e8 chi ti aiuta a ricominciare","datePublished":"2025-04-30T10:23:06+00:00","dateModified":"2025-05-05T13:51:11+00:00","mainEntityOfPage":{"@id":"https:\/\/www.centrocliniconemo.it\/en\/blog\/nemo-ancona-quando-il-corpo-si-ferma-ma-non-la-cura-continua\/"},"wordCount":563,"publisher":{"@id":"https:\/\/www.centrocliniconemo.it\/en\/#organization"},"image":{"@id":"https:\/\/www.centrocliniconemo.it\/en\/blog\/nemo-ancona-quando-il-corpo-si-ferma-ma-non-la-cura-continua\/#primaryimage"},"thumbnailUrl":"https:\/\/www.centrocliniconemo.it\/wp-content\/uploads\/2025\/04\/Osteopata-anconetano-paralizzato-dopo-il-Covid-salvato-a-Torrette-Marco-Magistrelli.jpg","keywords":["Guillain-Barr\u00e9","Marco Magistrelli","NeMO Ancona"],"articleSection":["Cura, ricerca e formazione","Storie di NeMO"],"inLanguage":"en-US"},{"@type":"WebPage","@id":"https:\/\/www.centrocliniconemo.it\/en\/blog\/nemo-ancona-quando-il-corpo-si-ferma-ma-non-la-cura-continua\/","url":"https:\/\/www.centrocliniconemo.it\/en\/blog\/nemo-ancona-quando-il-corpo-si-ferma-ma-non-la-cura-continua\/","name":"NeMO Ancona. Quando tutto si ferma, c\u2019\u00e8 chi ti aiuta a ricominciare - Centro Clinico NeMO","isPartOf":{"@id":"https:\/\/www.centrocliniconemo.it\/en\/#website"},"primaryImageOfPage":{"@id":"https:\/\/www.centrocliniconemo.it\/en\/blog\/nemo-ancona-quando-il-corpo-si-ferma-ma-non-la-cura-continua\/#primaryimage"},"image":{"@id":"https:\/\/www.centrocliniconemo.it\/en\/blog\/nemo-ancona-quando-il-corpo-si-ferma-ma-non-la-cura-continua\/#primaryimage"},"thumbnailUrl":"https:\/\/www.centrocliniconemo.it\/wp-content\/uploads\/2025\/04\/Osteopata-anconetano-paralizzato-dopo-il-Covid-salvato-a-Torrette-Marco-Magistrelli.jpg","datePublished":"2025-04-30T10:23:06+00:00","dateModified":"2025-05-05T13:51:11+00:00","description":"Ancona, 5 maggio 2025 - Tornare a casa sulle proprie gambe, dopo otto mesi, quando fino a poco prima, si potevano muovere solo gli occhi.\u00a0\u00c8 il frutto della scienza: competenza unita a passione. Un percorso lungo, costruito giorno dopo giorno con pazienza, fiducia e tanta umanit\u00e0.\u00c8 la storia di Marco Magistrelli, 41 anni, colpito da una forma severa della sindrome di Guillain-Barr\u00e9 \u2014 una malattia rara e insidiosa, che in pochi giorni pu\u00f2 togliere voce, movimento, respiro.","breadcrumb":{"@id":"https:\/\/www.centrocliniconemo.it\/en\/blog\/nemo-ancona-quando-il-corpo-si-ferma-ma-non-la-cura-continua\/#breadcrumb"},"inLanguage":"en-US","potentialAction":[{"@type":"ReadAction","target":["https:\/\/www.centrocliniconemo.it\/en\/blog\/nemo-ancona-quando-il-corpo-si-ferma-ma-non-la-cura-continua\/"]}]},{"@type":"ImageObject","inLanguage":"en-US","@id":"https:\/\/www.centrocliniconemo.it\/en\/blog\/nemo-ancona-quando-il-corpo-si-ferma-ma-non-la-cura-continua\/#primaryimage","url":"https:\/\/www.centrocliniconemo.it\/wp-content\/uploads\/2025\/04\/Osteopata-anconetano-paralizzato-dopo-il-Covid-salvato-a-Torrette-Marco-Magistrelli.jpg","contentUrl":"https:\/\/www.centrocliniconemo.it\/wp-content\/uploads\/2025\/04\/Osteopata-anconetano-paralizzato-dopo-il-Covid-salvato-a-Torrette-Marco-Magistrelli.jpg","width":1280,"height":854},{"@type":"BreadcrumbList","@id":"https:\/\/www.centrocliniconemo.it\/en\/blog\/nemo-ancona-quando-il-corpo-si-ferma-ma-non-la-cura-continua\/#breadcrumb","itemListElement":[{"@type":"ListItem","position":1,"name":"Home","item":"https:\/\/www.centrocliniconemo.it\/en\/"},{"@type":"ListItem","position":2,"name":"NeMO Ancona. Quando tutto si ferma, c\u2019\u00e8 chi ti aiuta a ricominciare"}]},{"@type":"WebSite","@id":"https:\/\/www.centrocliniconemo.it\/en\/#website","url":"https:\/\/www.centrocliniconemo.it\/en\/","name":"Centro Clinico NeMO","description":"Il paziente al centro","publisher":{"@id":"https:\/\/www.centrocliniconemo.it\/en\/#organization"},"potentialAction":[{"@type":"SearchAction","target":{"@type":"EntryPoint","urlTemplate":"https:\/\/www.centrocliniconemo.it\/en\/?s={search_term_string}"},"query-input":{"@type":"PropertyValueSpecification","valueRequired":true,"valueName":"search_term_string"}}],"inLanguage":"en-US"},{"@type":"Organization","@id":"https:\/\/www.centrocliniconemo.it\/en\/#organization","name":"Centro Clinico NeMO - Fondazione Serena Onlus","url":"https:\/\/www.centrocliniconemo.it\/en\/","logo":{"@type":"ImageObject","inLanguage":"en-US","@id":"https:\/\/www.centrocliniconemo.it\/en\/#\/schema\/logo\/image\/","url":"https:\/\/www.centrocliniconemo.it\/wp-content\/uploads\/2023\/03\/logo-nemo.svg","contentUrl":"https:\/\/www.centrocliniconemo.it\/wp-content\/uploads\/2023\/03\/logo-nemo.svg","width":272,"height":109.142,"caption":"Centro Clinico NeMO - Fondazione Serena Onlus"},"image":{"@id":"https:\/\/www.centrocliniconemo.it\/en\/#\/schema\/logo\/image\/"},"sameAs":["https:\/\/www.facebook.com\/CentroNEMOItalia","https:\/\/x.com\/CentroNemo","https:\/\/www.linkedin.com\/company\/centrocliniconemo\/","https:\/\/www.instagram.com\/centrocliniconemo\/"]},{"@type":"Person","@id":"https:\/\/www.centrocliniconemo.it\/en\/#\/schema\/person\/9331a87c0a8ee435c61f5dd498531434","name":"Luca Biondi","image":{"@type":"ImageObject","inLanguage":"en-US","@id":"https:\/\/secure.gravatar.com\/avatar\/0488b88829885ebcc9896de947265b69d2979e6dc4666b1e2c3d4fbf8dc73d77?s=96&d=mm&r=g","url":"https:\/\/secure.gravatar.com\/avatar\/0488b88829885ebcc9896de947265b69d2979e6dc4666b1e2c3d4fbf8dc73d77?s=96&d=mm&r=g","contentUrl":"https:\/\/secure.gravatar.com\/avatar\/0488b88829885ebcc9896de947265b69d2979e6dc4666b1e2c3d4fbf8dc73d77?s=96&d=mm&r=g","caption":"Luca Biondi"}}]}},"_links":{"self":[{"href":"https:\/\/www.centrocliniconemo.it\/en\/wp-json\/wp\/v2\/posts\/24495","targetHints":{"allow":["GET"]}}],"collection":[{"href":"https:\/\/www.centrocliniconemo.it\/en\/wp-json\/wp\/v2\/posts"}],"about":[{"href":"https:\/\/www.centrocliniconemo.it\/en\/wp-json\/wp\/v2\/types\/post"}],"author":[{"embeddable":true,"href":"https:\/\/www.centrocliniconemo.it\/en\/wp-json\/wp\/v2\/users\/2"}],"replies":[{"embeddable":true,"href":"https:\/\/www.centrocliniconemo.it\/en\/wp-json\/wp\/v2\/comments?post=24495"}],"version-history":[{"count":0,"href":"https:\/\/www.centrocliniconemo.it\/en\/wp-json\/wp\/v2\/posts\/24495\/revisions"}],"wp:featuredmedia":[{"embeddable":true,"href":"https:\/\/www.centrocliniconemo.it\/en\/wp-json\/wp\/v2\/media\/24498"}],"wp:attachment":[{"href":"https:\/\/www.centrocliniconemo.it\/en\/wp-json\/wp\/v2\/media?parent=24495"}],"wp:term":[{"taxonomy":"category","embeddable":true,"href":"https:\/\/www.centrocliniconemo.it\/en\/wp-json\/wp\/v2\/categories?post=24495"},{"taxonomy":"post_tag","embeddable":true,"href":"https:\/\/www.centrocliniconemo.it\/en\/wp-json\/wp\/v2\/tags?post=24495"}],"curies":[{"name":"wp","href":"https:\/\/api.w.org\/{rel}","templated":true}]}}