{"id":24485,"date":"2025-04-18T10:51:50","date_gmt":"2025-04-18T10:51:50","guid":{"rendered":"https:\/\/www.centrocliniconemo.it\/blog\/?p=24485"},"modified":"2025-04-18T10:51:53","modified_gmt":"2025-04-18T10:51:53","slug":"grazie-a-loro-affronto-la-sla-con-serenita-la-pasqua-solidale-dei-colleghi-di-gezim","status":"publish","type":"post","link":"https:\/\/www.centrocliniconemo.it\/en\/blog\/grazie-a-loro-affronto-la-sla-con-serenita-la-pasqua-solidale-dei-colleghi-di-gezim\/","title":{"rendered":"\u201cGrazie a loro affronto la SLA con serenit\u00e0\u201d. La Pasqua solidale dei colleghi di Gezim"},"content":{"rendered":"\n<p><em>Trento, 16 aprile 2025\u00a0<\/em>&#8211; Non servono parole altisonanti per raccontare questa storia. Bastano i gesti, quelli silenziosi e potenti, capaci di cambiare il corso delle cose. \u00c8 successo a Castelnuovo, in provincia di Trento, dentro i cancelli di una fabbrica di legno lamellare: la X-Lam Dolomiti Spa. Qui, i lavoratori e le lavoratrici hanno scelto di rinunciare a qualcosa di proprio per restituire tempo e dignit\u00e0 a un collega colpito dalla SLA \u2013 la sclerosi laterale amiotrofica. Hanno donato le loro ferie, i permessi, le ore accumulate. Per lui. Per la sua famiglia. Per accompagnarlo in un cammino difficile, sostenendolo non solo economicamente, ma soprattutto umanamente. Un patto silenzioso, reso possibile grazie alla disponibilit\u00e0 dell\u2019azienda e al sostegno della Feneal UIL Trentino Alto-Adige. \u00c8 la concreta applicazione di uno strumento ancora poco conosciuto ma straordinariamente potente: la \u201c<strong>banca ore solidale<\/strong>\u201d. Un modello in cui il tempo si fa dono e la solidariet\u00e0 entra nei turni di lavoro, nei badge da timbrare, nella bellezza dei rapporti umani<strong>.\u00a0<\/strong><\/p>\n\n\n\n<p><strong>Oggi Gezim si trova al Centro Clinico NeMO di Trento, dove sta affrontando un periodo di ricovero. \u00c8 lui stesso a raccontare cosa significhi, davvero, ricevere questo tipo di sostegno: \u201c<\/strong><em>Posso affrontare questo momento con serenit\u00e0 grazie alla generosit\u00e0 dei miei colleghi e dell\u2019azienda. Se sono qui, \u00e8 merito loro: mi hanno concesso il tempo necessario per concentrarmi su questo nuovo percorso che la malattia impone a me e alla mia famiglia. La SLA porta via tanto<\/em><strong>&nbsp;<\/strong><em>ma mi ha anche permesso di riscoprire il valore profondo delle relazioni umane. Non solo attraverso il supporto dell\u2019azienda, ma anche grazie agli operatori sanitari che ho incontrato al Centro NeMO: non sono semplicemente professionisti, sono persone che mettono il cuore in ogni gesto, che vanno oltre il loro ruolo con una straordinaria umanit\u00e0. Non mi sarei mai aspettato che cos\u00ec tante persone avessero un pensiero per me. Sentire il loro interesse sincero mi d\u00e0 coraggio e forza. Qui al NeMO mi sento protetto, accolto, a casa. Ogni giorno riceviamo sostegno, sempre accompagnato da un sorriso. E questo, credetemi, fa tutta la differenza del mondo\u201d<\/em><\/p>\n\n\n\n<p>Anche AISLA ha voluto esprimere pubblicamente gratitudine a tutti i protagonisti di questa vicenda con una lettera aperta: \u201c<em>Avete scelto di restare accanto, quando la malattia tende a isolare&nbsp;<\/em>\u2013 scrive la presidente Fulvia Massimelli<strong>&nbsp;<\/strong><em>\u2013 e avete dimostrato che il lavoro pu\u00f2 essere anche luogo di cura e di comunit\u00e0.<\/em>\u201d<\/p>\n\n\n\n<p>In un tempo spesso segnato dall\u2019 indifferenza, questa storia risuona come un richiamo. \u00c8 una storia che merita di essere raccontata, ricordata, forse replicata. Perch\u00e9 a volte il poco diventa molto, il male diventa amore. Anche solo per un\u2019ora del proprio tempo. E quale occasione migliore della Pasqua per raccontarla?<\/p>\n\n\n\n<figure class=\"wp-block-image size-large\"><img fetchpriority=\"high\" decoding=\"async\" width=\"939\" height=\"1024\" src=\"https:\/\/www.centrocliniconemo.it\/wp-content\/uploads\/2025\/04\/UTF-8Gezim-con-lequipe-del-Centro-Clinico-NeMO-939x1024.jpeg\" alt=\"\" class=\"wp-image-24486\" srcset=\"https:\/\/www.centrocliniconemo.it\/wp-content\/uploads\/2025\/04\/UTF-8Gezim-con-lequipe-del-Centro-Clinico-NeMO-939x1024.jpeg 939w, https:\/\/www.centrocliniconemo.it\/wp-content\/uploads\/2025\/04\/UTF-8Gezim-con-lequipe-del-Centro-Clinico-NeMO-275x300.jpeg 275w, https:\/\/www.centrocliniconemo.it\/wp-content\/uploads\/2025\/04\/UTF-8Gezim-con-lequipe-del-Centro-Clinico-NeMO-768x838.jpeg 768w, https:\/\/www.centrocliniconemo.it\/wp-content\/uploads\/2025\/04\/UTF-8Gezim-con-lequipe-del-Centro-Clinico-NeMO.jpeg 1200w\" sizes=\"(max-width: 939px) 100vw, 939px\" \/><\/figure>\n","protected":false},"excerpt":{"rendered":"<p>Trento, 16 aprile 2025\u00a0&#8211; Non servono parole altisonanti per raccontare questa storia. Bastano i gesti, quelli silenziosi e potenti, capaci di cambiare il corso delle cose. \u00c8 successo a Castelnuovo, in provincia di Trento, dentro i cancelli di una fabbrica di legno lamellare: la X-Lam Dolomiti Spa. Qui, i lavoratori e le lavoratrici hanno scelto [&hellip;]<\/p>\n","protected":false},"author":2,"featured_media":24488,"comment_status":"closed","ping_status":"closed","sticky":false,"template":"","format":"standard","meta":{"pgc_sgb_lightbox_settings":"","footnotes":""},"categories":[28,1],"tags":[200,25],"class_list":["post-24485","post","type-post","status-publish","format-standard","has-post-thumbnail","hentry","category-cura-ricerca-e-formazione","category-storie-di-nemo","tag-aisla","tag-nemo-trento"],"yoast_head":"<!-- This site is optimized with the Yoast SEO plugin v27.4 - https:\/\/yoast.com\/product\/yoast-seo-wordpress\/ -->\n<title>\u201cGrazie a loro affronto la SLA con serenit\u00e0\u201d. La Pasqua solidale dei colleghi di Gezim - Centro Clinico NeMO<\/title>\n<meta name=\"robots\" content=\"index, follow, max-snippet:-1, max-image-preview:large, max-video-preview:-1\" \/>\n<link rel=\"canonical\" href=\"https:\/\/www.centrocliniconemo.it\/en\/blog\/grazie-a-loro-affronto-la-sla-con-serenita-la-pasqua-solidale-dei-colleghi-di-gezim\/\" \/>\n<meta property=\"og:locale\" content=\"en_US\" \/>\n<meta property=\"og:type\" content=\"article\" \/>\n<meta property=\"og:title\" content=\"\u201cGrazie a loro affronto la SLA con serenit\u00e0\u201d. La Pasqua solidale dei colleghi di Gezim\" \/>\n<meta property=\"og:description\" content=\"Trento, 16 aprile 2025\u00a0- Non servono parole altisonanti per raccontare questa storia. Bastano i gesti, quelli silenziosi e potenti, capaci di cambiare il corso delle cose. \u00c8 successo a Castelnuovo, in provincia di Trento, dentro i cancelli di una fabbrica di legno lamellare: la X-Lam Dolomiti Spa. Qui, i lavoratori e le lavoratrici hanno scelto di rinunciare a qualcosa di proprio per restituire tempo e dignit\u00e0 a un collega colpito dalla SLA \u2013 la sclerosi laterale amiotrofica.\" \/>\n<meta property=\"og:url\" content=\"https:\/\/www.centrocliniconemo.it\/en\/blog\/grazie-a-loro-affronto-la-sla-con-serenita-la-pasqua-solidale-dei-colleghi-di-gezim\/\" \/>\n<meta property=\"og:site_name\" content=\"Centro Clinico NeMO\" \/>\n<meta property=\"article:publisher\" content=\"https:\/\/www.facebook.com\/CentroNEMOItalia\" \/>\n<meta property=\"article:published_time\" content=\"2025-04-18T10:51:50+00:00\" \/>\n<meta property=\"article:modified_time\" content=\"2025-04-18T10:51:53+00:00\" \/>\n<meta property=\"og:image\" content=\"https:\/\/www.centrocliniconemo.it\/wp-content\/uploads\/2025\/04\/UTF-8Gezim-con-la-sua-famiglia-al-NeMO-Trento.jpg\" \/>\n\t<meta property=\"og:image:width\" content=\"1600\" \/>\n\t<meta property=\"og:image:height\" content=\"1200\" \/>\n\t<meta property=\"og:image:type\" content=\"image\/jpeg\" \/>\n<meta name=\"author\" content=\"Luca Biondi\" \/>\n<meta name=\"twitter:card\" content=\"summary_large_image\" \/>\n<meta name=\"twitter:title\" content=\"\u201cGrazie a loro affronto la SLA con serenit\u00e0\u201d. La Pasqua solidale dei colleghi di Gezim\" \/>\n<meta name=\"twitter:description\" content=\"Trento, 16 aprile 2025\u00a0- Non servono parole altisonanti per raccontare questa storia. Bastano i gesti, quelli silenziosi e potenti, capaci di cambiare il corso delle cose. \u00c8 successo a Castelnuovo, in provincia di Trento, dentro i cancelli di una fabbrica di legno lamellare: la X-Lam Dolomiti Spa. Qui, i lavoratori e le lavoratrici hanno scelto di rinunciare a qualcosa di proprio per restituire tempo e dignit\u00e0 a un collega colpito dalla SLA \u2013 la sclerosi laterale amiotrofica.\" \/>\n<meta name=\"twitter:image\" content=\"https:\/\/www.centrocliniconemo.it\/wp-content\/uploads\/2025\/04\/UTF-8Gezim-con-la-sua-famiglia-al-NeMO-Trento.jpg\" \/>\n<meta name=\"twitter:creator\" content=\"@CentroNemo\" \/>\n<meta name=\"twitter:site\" content=\"@CentroNemo\" \/>\n<meta name=\"twitter:label1\" content=\"Written by\" \/>\n\t<meta name=\"twitter:data1\" content=\"Luca Biondi\" \/>\n\t<meta name=\"twitter:label2\" content=\"Est. reading time\" \/>\n\t<meta name=\"twitter:data2\" content=\"3 minutes\" \/>\n<script type=\"application\/ld+json\" class=\"yoast-schema-graph\">{\"@context\":\"https:\\\/\\\/schema.org\",\"@graph\":[{\"@type\":\"Article\",\"@id\":\"https:\\\/\\\/www.centrocliniconemo.it\\\/en\\\/blog\\\/grazie-a-loro-affronto-la-sla-con-serenita-la-pasqua-solidale-dei-colleghi-di-gezim\\\/#article\",\"isPartOf\":{\"@id\":\"https:\\\/\\\/www.centrocliniconemo.it\\\/en\\\/blog\\\/grazie-a-loro-affronto-la-sla-con-serenita-la-pasqua-solidale-dei-colleghi-di-gezim\\\/\"},\"author\":{\"name\":\"Luca Biondi\",\"@id\":\"https:\\\/\\\/www.centrocliniconemo.it\\\/en\\\/#\\\/schema\\\/person\\\/9331a87c0a8ee435c61f5dd498531434\"},\"headline\":\"\u201cGrazie a loro affronto la SLA con serenit\u00e0\u201d. La Pasqua solidale dei colleghi di Gezim\",\"datePublished\":\"2025-04-18T10:51:50+00:00\",\"dateModified\":\"2025-04-18T10:51:53+00:00\",\"mainEntityOfPage\":{\"@id\":\"https:\\\/\\\/www.centrocliniconemo.it\\\/en\\\/blog\\\/grazie-a-loro-affronto-la-sla-con-serenita-la-pasqua-solidale-dei-colleghi-di-gezim\\\/\"},\"wordCount\":462,\"publisher\":{\"@id\":\"https:\\\/\\\/www.centrocliniconemo.it\\\/en\\\/#organization\"},\"image\":{\"@id\":\"https:\\\/\\\/www.centrocliniconemo.it\\\/en\\\/blog\\\/grazie-a-loro-affronto-la-sla-con-serenita-la-pasqua-solidale-dei-colleghi-di-gezim\\\/#primaryimage\"},\"thumbnailUrl\":\"https:\\\/\\\/www.centrocliniconemo.it\\\/wp-content\\\/uploads\\\/2025\\\/04\\\/UTF-8Gezim-con-la-sua-famiglia-al-NeMO-Trento.jpg\",\"keywords\":[\"Aisla\",\"NeMO Trento\"],\"articleSection\":[\"Cura, ricerca e formazione\",\"Storie di NeMO\"],\"inLanguage\":\"en-US\"},{\"@type\":\"WebPage\",\"@id\":\"https:\\\/\\\/www.centrocliniconemo.it\\\/en\\\/blog\\\/grazie-a-loro-affronto-la-sla-con-serenita-la-pasqua-solidale-dei-colleghi-di-gezim\\\/\",\"url\":\"https:\\\/\\\/www.centrocliniconemo.it\\\/en\\\/blog\\\/grazie-a-loro-affronto-la-sla-con-serenita-la-pasqua-solidale-dei-colleghi-di-gezim\\\/\",\"name\":\"\u201cGrazie a loro affronto la SLA con serenit\u00e0\u201d. La Pasqua solidale dei colleghi di Gezim - Centro Clinico NeMO\",\"isPartOf\":{\"@id\":\"https:\\\/\\\/www.centrocliniconemo.it\\\/en\\\/#website\"},\"primaryImageOfPage\":{\"@id\":\"https:\\\/\\\/www.centrocliniconemo.it\\\/en\\\/blog\\\/grazie-a-loro-affronto-la-sla-con-serenita-la-pasqua-solidale-dei-colleghi-di-gezim\\\/#primaryimage\"},\"image\":{\"@id\":\"https:\\\/\\\/www.centrocliniconemo.it\\\/en\\\/blog\\\/grazie-a-loro-affronto-la-sla-con-serenita-la-pasqua-solidale-dei-colleghi-di-gezim\\\/#primaryimage\"},\"thumbnailUrl\":\"https:\\\/\\\/www.centrocliniconemo.it\\\/wp-content\\\/uploads\\\/2025\\\/04\\\/UTF-8Gezim-con-la-sua-famiglia-al-NeMO-Trento.jpg\",\"datePublished\":\"2025-04-18T10:51:50+00:00\",\"dateModified\":\"2025-04-18T10:51:53+00:00\",\"breadcrumb\":{\"@id\":\"https:\\\/\\\/www.centrocliniconemo.it\\\/en\\\/blog\\\/grazie-a-loro-affronto-la-sla-con-serenita-la-pasqua-solidale-dei-colleghi-di-gezim\\\/#breadcrumb\"},\"inLanguage\":\"en-US\",\"potentialAction\":[{\"@type\":\"ReadAction\",\"target\":[\"https:\\\/\\\/www.centrocliniconemo.it\\\/en\\\/blog\\\/grazie-a-loro-affronto-la-sla-con-serenita-la-pasqua-solidale-dei-colleghi-di-gezim\\\/\"]}]},{\"@type\":\"ImageObject\",\"inLanguage\":\"en-US\",\"@id\":\"https:\\\/\\\/www.centrocliniconemo.it\\\/en\\\/blog\\\/grazie-a-loro-affronto-la-sla-con-serenita-la-pasqua-solidale-dei-colleghi-di-gezim\\\/#primaryimage\",\"url\":\"https:\\\/\\\/www.centrocliniconemo.it\\\/wp-content\\\/uploads\\\/2025\\\/04\\\/UTF-8Gezim-con-la-sua-famiglia-al-NeMO-Trento.jpg\",\"contentUrl\":\"https:\\\/\\\/www.centrocliniconemo.it\\\/wp-content\\\/uploads\\\/2025\\\/04\\\/UTF-8Gezim-con-la-sua-famiglia-al-NeMO-Trento.jpg\",\"width\":1600,\"height\":1200},{\"@type\":\"BreadcrumbList\",\"@id\":\"https:\\\/\\\/www.centrocliniconemo.it\\\/en\\\/blog\\\/grazie-a-loro-affronto-la-sla-con-serenita-la-pasqua-solidale-dei-colleghi-di-gezim\\\/#breadcrumb\",\"itemListElement\":[{\"@type\":\"ListItem\",\"position\":1,\"name\":\"Home\",\"item\":\"https:\\\/\\\/www.centrocliniconemo.it\\\/en\\\/\"},{\"@type\":\"ListItem\",\"position\":2,\"name\":\"\u201cGrazie a loro affronto la SLA con serenit\u00e0\u201d. La Pasqua solidale dei colleghi di Gezim\"}]},{\"@type\":\"WebSite\",\"@id\":\"https:\\\/\\\/www.centrocliniconemo.it\\\/en\\\/#website\",\"url\":\"https:\\\/\\\/www.centrocliniconemo.it\\\/en\\\/\",\"name\":\"Centro Clinico NeMO\",\"description\":\"Il paziente al centro\",\"publisher\":{\"@id\":\"https:\\\/\\\/www.centrocliniconemo.it\\\/en\\\/#organization\"},\"potentialAction\":[{\"@type\":\"SearchAction\",\"target\":{\"@type\":\"EntryPoint\",\"urlTemplate\":\"https:\\\/\\\/www.centrocliniconemo.it\\\/en\\\/?s={search_term_string}\"},\"query-input\":{\"@type\":\"PropertyValueSpecification\",\"valueRequired\":true,\"valueName\":\"search_term_string\"}}],\"inLanguage\":\"en-US\"},{\"@type\":\"Organization\",\"@id\":\"https:\\\/\\\/www.centrocliniconemo.it\\\/en\\\/#organization\",\"name\":\"Centro Clinico NeMO - Fondazione Serena Onlus\",\"url\":\"https:\\\/\\\/www.centrocliniconemo.it\\\/en\\\/\",\"logo\":{\"@type\":\"ImageObject\",\"inLanguage\":\"en-US\",\"@id\":\"https:\\\/\\\/www.centrocliniconemo.it\\\/en\\\/#\\\/schema\\\/logo\\\/image\\\/\",\"url\":\"https:\\\/\\\/www.centrocliniconemo.it\\\/wp-content\\\/uploads\\\/2023\\\/03\\\/logo-nemo.svg\",\"contentUrl\":\"https:\\\/\\\/www.centrocliniconemo.it\\\/wp-content\\\/uploads\\\/2023\\\/03\\\/logo-nemo.svg\",\"width\":272,\"height\":109.142,\"caption\":\"Centro Clinico NeMO - Fondazione Serena Onlus\"},\"image\":{\"@id\":\"https:\\\/\\\/www.centrocliniconemo.it\\\/en\\\/#\\\/schema\\\/logo\\\/image\\\/\"},\"sameAs\":[\"https:\\\/\\\/www.facebook.com\\\/CentroNEMOItalia\",\"https:\\\/\\\/x.com\\\/CentroNemo\",\"https:\\\/\\\/www.linkedin.com\\\/company\\\/centrocliniconemo\\\/\",\"https:\\\/\\\/www.instagram.com\\\/centrocliniconemo\\\/\"]},{\"@type\":\"Person\",\"@id\":\"https:\\\/\\\/www.centrocliniconemo.it\\\/en\\\/#\\\/schema\\\/person\\\/9331a87c0a8ee435c61f5dd498531434\",\"name\":\"Luca Biondi\",\"image\":{\"@type\":\"ImageObject\",\"inLanguage\":\"en-US\",\"@id\":\"https:\\\/\\\/secure.gravatar.com\\\/avatar\\\/0488b88829885ebcc9896de947265b69d2979e6dc4666b1e2c3d4fbf8dc73d77?s=96&d=mm&r=g\",\"url\":\"https:\\\/\\\/secure.gravatar.com\\\/avatar\\\/0488b88829885ebcc9896de947265b69d2979e6dc4666b1e2c3d4fbf8dc73d77?s=96&d=mm&r=g\",\"contentUrl\":\"https:\\\/\\\/secure.gravatar.com\\\/avatar\\\/0488b88829885ebcc9896de947265b69d2979e6dc4666b1e2c3d4fbf8dc73d77?s=96&d=mm&r=g\",\"caption\":\"Luca Biondi\"}}]}<\/script>\n<!-- \/ Yoast SEO plugin. -->","yoast_head_json":{"title":"\u201cGrazie a loro affronto la SLA con serenit\u00e0\u201d. La Pasqua solidale dei colleghi di Gezim - Centro Clinico NeMO","robots":{"index":"index","follow":"follow","max-snippet":"max-snippet:-1","max-image-preview":"max-image-preview:large","max-video-preview":"max-video-preview:-1"},"canonical":"https:\/\/www.centrocliniconemo.it\/en\/blog\/grazie-a-loro-affronto-la-sla-con-serenita-la-pasqua-solidale-dei-colleghi-di-gezim\/","og_locale":"en_US","og_type":"article","og_title":"\u201cGrazie a loro affronto la SLA con serenit\u00e0\u201d. La Pasqua solidale dei colleghi di Gezim","og_description":"Trento, 16 aprile 2025\u00a0- Non servono parole altisonanti per raccontare questa storia. Bastano i gesti, quelli silenziosi e potenti, capaci di cambiare il corso delle cose. \u00c8 successo a Castelnuovo, in provincia di Trento, dentro i cancelli di una fabbrica di legno lamellare: la X-Lam Dolomiti Spa. Qui, i lavoratori e le lavoratrici hanno scelto di rinunciare a qualcosa di proprio per restituire tempo e dignit\u00e0 a un collega colpito dalla SLA \u2013 la sclerosi laterale amiotrofica.","og_url":"https:\/\/www.centrocliniconemo.it\/en\/blog\/grazie-a-loro-affronto-la-sla-con-serenita-la-pasqua-solidale-dei-colleghi-di-gezim\/","og_site_name":"Centro Clinico NeMO","article_publisher":"https:\/\/www.facebook.com\/CentroNEMOItalia","article_published_time":"2025-04-18T10:51:50+00:00","article_modified_time":"2025-04-18T10:51:53+00:00","og_image":[{"width":1600,"height":1200,"url":"https:\/\/www.centrocliniconemo.it\/wp-content\/uploads\/2025\/04\/UTF-8Gezim-con-la-sua-famiglia-al-NeMO-Trento.jpg","type":"image\/jpeg"}],"author":"Luca Biondi","twitter_card":"summary_large_image","twitter_title":"\u201cGrazie a loro affronto la SLA con serenit\u00e0\u201d. La Pasqua solidale dei colleghi di Gezim","twitter_description":"Trento, 16 aprile 2025\u00a0- Non servono parole altisonanti per raccontare questa storia. Bastano i gesti, quelli silenziosi e potenti, capaci di cambiare il corso delle cose. \u00c8 successo a Castelnuovo, in provincia di Trento, dentro i cancelli di una fabbrica di legno lamellare: la X-Lam Dolomiti Spa. Qui, i lavoratori e le lavoratrici hanno scelto di rinunciare a qualcosa di proprio per restituire tempo e dignit\u00e0 a un collega colpito dalla SLA \u2013 la sclerosi laterale amiotrofica.","twitter_image":"https:\/\/www.centrocliniconemo.it\/wp-content\/uploads\/2025\/04\/UTF-8Gezim-con-la-sua-famiglia-al-NeMO-Trento.jpg","twitter_creator":"@CentroNemo","twitter_site":"@CentroNemo","twitter_misc":{"Written by":"Luca Biondi","Est. reading time":"3 minutes"},"schema":{"@context":"https:\/\/schema.org","@graph":[{"@type":"Article","@id":"https:\/\/www.centrocliniconemo.it\/en\/blog\/grazie-a-loro-affronto-la-sla-con-serenita-la-pasqua-solidale-dei-colleghi-di-gezim\/#article","isPartOf":{"@id":"https:\/\/www.centrocliniconemo.it\/en\/blog\/grazie-a-loro-affronto-la-sla-con-serenita-la-pasqua-solidale-dei-colleghi-di-gezim\/"},"author":{"name":"Luca Biondi","@id":"https:\/\/www.centrocliniconemo.it\/en\/#\/schema\/person\/9331a87c0a8ee435c61f5dd498531434"},"headline":"\u201cGrazie a loro affronto la SLA con serenit\u00e0\u201d. La Pasqua solidale dei colleghi di Gezim","datePublished":"2025-04-18T10:51:50+00:00","dateModified":"2025-04-18T10:51:53+00:00","mainEntityOfPage":{"@id":"https:\/\/www.centrocliniconemo.it\/en\/blog\/grazie-a-loro-affronto-la-sla-con-serenita-la-pasqua-solidale-dei-colleghi-di-gezim\/"},"wordCount":462,"publisher":{"@id":"https:\/\/www.centrocliniconemo.it\/en\/#organization"},"image":{"@id":"https:\/\/www.centrocliniconemo.it\/en\/blog\/grazie-a-loro-affronto-la-sla-con-serenita-la-pasqua-solidale-dei-colleghi-di-gezim\/#primaryimage"},"thumbnailUrl":"https:\/\/www.centrocliniconemo.it\/wp-content\/uploads\/2025\/04\/UTF-8Gezim-con-la-sua-famiglia-al-NeMO-Trento.jpg","keywords":["Aisla","NeMO Trento"],"articleSection":["Cura, ricerca e formazione","Storie di NeMO"],"inLanguage":"en-US"},{"@type":"WebPage","@id":"https:\/\/www.centrocliniconemo.it\/en\/blog\/grazie-a-loro-affronto-la-sla-con-serenita-la-pasqua-solidale-dei-colleghi-di-gezim\/","url":"https:\/\/www.centrocliniconemo.it\/en\/blog\/grazie-a-loro-affronto-la-sla-con-serenita-la-pasqua-solidale-dei-colleghi-di-gezim\/","name":"\u201cGrazie a loro affronto la SLA con serenit\u00e0\u201d. La Pasqua solidale dei colleghi di Gezim - Centro Clinico NeMO","isPartOf":{"@id":"https:\/\/www.centrocliniconemo.it\/en\/#website"},"primaryImageOfPage":{"@id":"https:\/\/www.centrocliniconemo.it\/en\/blog\/grazie-a-loro-affronto-la-sla-con-serenita-la-pasqua-solidale-dei-colleghi-di-gezim\/#primaryimage"},"image":{"@id":"https:\/\/www.centrocliniconemo.it\/en\/blog\/grazie-a-loro-affronto-la-sla-con-serenita-la-pasqua-solidale-dei-colleghi-di-gezim\/#primaryimage"},"thumbnailUrl":"https:\/\/www.centrocliniconemo.it\/wp-content\/uploads\/2025\/04\/UTF-8Gezim-con-la-sua-famiglia-al-NeMO-Trento.jpg","datePublished":"2025-04-18T10:51:50+00:00","dateModified":"2025-04-18T10:51:53+00:00","breadcrumb":{"@id":"https:\/\/www.centrocliniconemo.it\/en\/blog\/grazie-a-loro-affronto-la-sla-con-serenita-la-pasqua-solidale-dei-colleghi-di-gezim\/#breadcrumb"},"inLanguage":"en-US","potentialAction":[{"@type":"ReadAction","target":["https:\/\/www.centrocliniconemo.it\/en\/blog\/grazie-a-loro-affronto-la-sla-con-serenita-la-pasqua-solidale-dei-colleghi-di-gezim\/"]}]},{"@type":"ImageObject","inLanguage":"en-US","@id":"https:\/\/www.centrocliniconemo.it\/en\/blog\/grazie-a-loro-affronto-la-sla-con-serenita-la-pasqua-solidale-dei-colleghi-di-gezim\/#primaryimage","url":"https:\/\/www.centrocliniconemo.it\/wp-content\/uploads\/2025\/04\/UTF-8Gezim-con-la-sua-famiglia-al-NeMO-Trento.jpg","contentUrl":"https:\/\/www.centrocliniconemo.it\/wp-content\/uploads\/2025\/04\/UTF-8Gezim-con-la-sua-famiglia-al-NeMO-Trento.jpg","width":1600,"height":1200},{"@type":"BreadcrumbList","@id":"https:\/\/www.centrocliniconemo.it\/en\/blog\/grazie-a-loro-affronto-la-sla-con-serenita-la-pasqua-solidale-dei-colleghi-di-gezim\/#breadcrumb","itemListElement":[{"@type":"ListItem","position":1,"name":"Home","item":"https:\/\/www.centrocliniconemo.it\/en\/"},{"@type":"ListItem","position":2,"name":"\u201cGrazie a loro affronto la SLA con serenit\u00e0\u201d. La Pasqua solidale dei colleghi di Gezim"}]},{"@type":"WebSite","@id":"https:\/\/www.centrocliniconemo.it\/en\/#website","url":"https:\/\/www.centrocliniconemo.it\/en\/","name":"Centro Clinico NeMO","description":"Il paziente al centro","publisher":{"@id":"https:\/\/www.centrocliniconemo.it\/en\/#organization"},"potentialAction":[{"@type":"SearchAction","target":{"@type":"EntryPoint","urlTemplate":"https:\/\/www.centrocliniconemo.it\/en\/?s={search_term_string}"},"query-input":{"@type":"PropertyValueSpecification","valueRequired":true,"valueName":"search_term_string"}}],"inLanguage":"en-US"},{"@type":"Organization","@id":"https:\/\/www.centrocliniconemo.it\/en\/#organization","name":"Centro Clinico NeMO - Fondazione Serena Onlus","url":"https:\/\/www.centrocliniconemo.it\/en\/","logo":{"@type":"ImageObject","inLanguage":"en-US","@id":"https:\/\/www.centrocliniconemo.it\/en\/#\/schema\/logo\/image\/","url":"https:\/\/www.centrocliniconemo.it\/wp-content\/uploads\/2023\/03\/logo-nemo.svg","contentUrl":"https:\/\/www.centrocliniconemo.it\/wp-content\/uploads\/2023\/03\/logo-nemo.svg","width":272,"height":109.142,"caption":"Centro Clinico NeMO - Fondazione Serena Onlus"},"image":{"@id":"https:\/\/www.centrocliniconemo.it\/en\/#\/schema\/logo\/image\/"},"sameAs":["https:\/\/www.facebook.com\/CentroNEMOItalia","https:\/\/x.com\/CentroNemo","https:\/\/www.linkedin.com\/company\/centrocliniconemo\/","https:\/\/www.instagram.com\/centrocliniconemo\/"]},{"@type":"Person","@id":"https:\/\/www.centrocliniconemo.it\/en\/#\/schema\/person\/9331a87c0a8ee435c61f5dd498531434","name":"Luca Biondi","image":{"@type":"ImageObject","inLanguage":"en-US","@id":"https:\/\/secure.gravatar.com\/avatar\/0488b88829885ebcc9896de947265b69d2979e6dc4666b1e2c3d4fbf8dc73d77?s=96&d=mm&r=g","url":"https:\/\/secure.gravatar.com\/avatar\/0488b88829885ebcc9896de947265b69d2979e6dc4666b1e2c3d4fbf8dc73d77?s=96&d=mm&r=g","contentUrl":"https:\/\/secure.gravatar.com\/avatar\/0488b88829885ebcc9896de947265b69d2979e6dc4666b1e2c3d4fbf8dc73d77?s=96&d=mm&r=g","caption":"Luca Biondi"}}]}},"_links":{"self":[{"href":"https:\/\/www.centrocliniconemo.it\/en\/wp-json\/wp\/v2\/posts\/24485","targetHints":{"allow":["GET"]}}],"collection":[{"href":"https:\/\/www.centrocliniconemo.it\/en\/wp-json\/wp\/v2\/posts"}],"about":[{"href":"https:\/\/www.centrocliniconemo.it\/en\/wp-json\/wp\/v2\/types\/post"}],"author":[{"embeddable":true,"href":"https:\/\/www.centrocliniconemo.it\/en\/wp-json\/wp\/v2\/users\/2"}],"replies":[{"embeddable":true,"href":"https:\/\/www.centrocliniconemo.it\/en\/wp-json\/wp\/v2\/comments?post=24485"}],"version-history":[{"count":0,"href":"https:\/\/www.centrocliniconemo.it\/en\/wp-json\/wp\/v2\/posts\/24485\/revisions"}],"wp:featuredmedia":[{"embeddable":true,"href":"https:\/\/www.centrocliniconemo.it\/en\/wp-json\/wp\/v2\/media\/24488"}],"wp:attachment":[{"href":"https:\/\/www.centrocliniconemo.it\/en\/wp-json\/wp\/v2\/media?parent=24485"}],"wp:term":[{"taxonomy":"category","embeddable":true,"href":"https:\/\/www.centrocliniconemo.it\/en\/wp-json\/wp\/v2\/categories?post=24485"},{"taxonomy":"post_tag","embeddable":true,"href":"https:\/\/www.centrocliniconemo.it\/en\/wp-json\/wp\/v2\/tags?post=24485"}],"curies":[{"name":"wp","href":"https:\/\/api.w.org\/{rel}","templated":true}]}}