{"id":24374,"date":"2025-03-25T16:37:43","date_gmt":"2025-03-25T16:37:43","guid":{"rendered":"https:\/\/www.centrocliniconemo.it\/blog\/?p=24374"},"modified":"2025-03-25T17:55:59","modified_gmt":"2025-03-25T17:55:59","slug":"due-slavadent-alla-sla-trionfo-di-solidarieta-comicita-e-impegno-per-la-ricerca","status":"publish","type":"post","link":"https:\/\/www.centrocliniconemo.it\/en\/blog\/due-slavadent-alla-sla-trionfo-di-solidarieta-comicita-e-impegno-per-la-ricerca\/","title":{"rendered":"Due SLAvadent alla SLA. Trionfo di solidariet\u00e0, comicit\u00e0 e impegno per la ricerca"},"content":{"rendered":"\n<p><em>Milano, 25 marzo <\/em>&#8211; Il teatro, da sempre, ha il potere di farci sognare attraverso il racconto di mondi immaginati. Quando questo accade nel cuore dell\u2019<strong><a href=\"https:\/\/www.niguardashopping.it\/\">Ospedale Niguarda di Milano<\/a><\/strong>, la magia dell\u2019arte riesce a trasformare gli spazi dedicati quotidianamente alla cura in qualcosa che va oltre lo spettacolo: un\u2019esperienza fatta di emozione, incontro e condivisione, che ci fa sentire parte di un progetto comune.<\/p>\n\n\n\n<p>Questo \u00e8 quello che \u00e8 accaduto domenica 23 marzo, sotto la volta vetrata della Galleria del Blocco Sud dell\u2019ospedale meneghino, ai <strong>400 ospiti<\/strong> che hanno partecipato alla seconda edizione di <strong>\u201c<a href=\"https:\/\/www.centrocliniconemo.it\/blog\/torna-a-milano-due-slavadent-alla-sla\/\">SLAvadent alla Sla<\/a>\u201d<\/strong> (per l&#8217;occasione ribattezzata &#8220;Due SLAvadent alla SLA&#8221;), lo spettacolo ideato e diretto da <strong>Enrico Bertolino<\/strong> a sostegno del <strong><strong><strong><a href=\"https:\/\/www.centrocliniconemo.it\/pazienti\/sedi-nemo\/nemo-milano\/\">Centro Clinico NeMO di Milano<\/a><\/strong><\/strong><\/strong>, punto di riferimento nella cura e nella ricerca sulle malattie neuromuscolari e neurodegenerative.<\/p>\n\n\n\n<figure class=\"wp-block-gallery has-nested-images columns-default is-cropped wp-block-gallery-1 is-layout-flex wp-block-gallery-is-layout-flex\">\n<figure class=\"wp-block-image size-large\"><img fetchpriority=\"high\" decoding=\"async\" width=\"1024\" height=\"684\" data-id=\"24399\" src=\"https:\/\/www.centrocliniconemo.it\/wp-content\/uploads\/2025\/03\/Due-SLAvadent-alla-SLA-Niguarda-Milano-2025-Francesco-Renga-Enrico-Bertolino-Ale-Franz-Lunanzio-Federica-Ferrari-Zelig-Jaga-Pirates-comici-Centro-Clinico-NeMO-13-1024x684.jpg\" alt=\"\" class=\"wp-image-24399\" srcset=\"https:\/\/www.centrocliniconemo.it\/wp-content\/uploads\/2025\/03\/Due-SLAvadent-alla-SLA-Niguarda-Milano-2025-Francesco-Renga-Enrico-Bertolino-Ale-Franz-Lunanzio-Federica-Ferrari-Zelig-Jaga-Pirates-comici-Centro-Clinico-NeMO-13-1024x684.jpg 1024w, https:\/\/www.centrocliniconemo.it\/wp-content\/uploads\/2025\/03\/Due-SLAvadent-alla-SLA-Niguarda-Milano-2025-Francesco-Renga-Enrico-Bertolino-Ale-Franz-Lunanzio-Federica-Ferrari-Zelig-Jaga-Pirates-comici-Centro-Clinico-NeMO-13-300x200.jpg 300w, https:\/\/www.centrocliniconemo.it\/wp-content\/uploads\/2025\/03\/Due-SLAvadent-alla-SLA-Niguarda-Milano-2025-Francesco-Renga-Enrico-Bertolino-Ale-Franz-Lunanzio-Federica-Ferrari-Zelig-Jaga-Pirates-comici-Centro-Clinico-NeMO-13-768x513.jpg 768w, https:\/\/www.centrocliniconemo.it\/wp-content\/uploads\/2025\/03\/Due-SLAvadent-alla-SLA-Niguarda-Milano-2025-Francesco-Renga-Enrico-Bertolino-Ale-Franz-Lunanzio-Federica-Ferrari-Zelig-Jaga-Pirates-comici-Centro-Clinico-NeMO-13-1536x1027.jpg 1536w, https:\/\/www.centrocliniconemo.it\/wp-content\/uploads\/2025\/03\/Due-SLAvadent-alla-SLA-Niguarda-Milano-2025-Francesco-Renga-Enrico-Bertolino-Ale-Franz-Lunanzio-Federica-Ferrari-Zelig-Jaga-Pirates-comici-Centro-Clinico-NeMO-13.jpg 1616w\" sizes=\"(max-width: 1024px) 100vw, 1024px\" \/><\/figure>\n\n\n\n<figure class=\"wp-block-image size-large\"><img decoding=\"async\" width=\"1024\" height=\"576\" data-id=\"24413\" src=\"https:\/\/www.centrocliniconemo.it\/wp-content\/uploads\/2025\/03\/Due-SLAvadent-alla-SLA-Niguarda-Milano-2025-Francesco-Renga-Enrico-Bertolino-Ale-Franz-Lunanzio-Federica-Ferrari-Zelig-Jaga-Pirates-comici-Centro-Clinico-NeMO-22-1024x576.jpg\" alt=\"\" class=\"wp-image-24413\" srcset=\"https:\/\/www.centrocliniconemo.it\/wp-content\/uploads\/2025\/03\/Due-SLAvadent-alla-SLA-Niguarda-Milano-2025-Francesco-Renga-Enrico-Bertolino-Ale-Franz-Lunanzio-Federica-Ferrari-Zelig-Jaga-Pirates-comici-Centro-Clinico-NeMO-22-1024x576.jpg 1024w, https:\/\/www.centrocliniconemo.it\/wp-content\/uploads\/2025\/03\/Due-SLAvadent-alla-SLA-Niguarda-Milano-2025-Francesco-Renga-Enrico-Bertolino-Ale-Franz-Lunanzio-Federica-Ferrari-Zelig-Jaga-Pirates-comici-Centro-Clinico-NeMO-22-300x169.jpg 300w, https:\/\/www.centrocliniconemo.it\/wp-content\/uploads\/2025\/03\/Due-SLAvadent-alla-SLA-Niguarda-Milano-2025-Francesco-Renga-Enrico-Bertolino-Ale-Franz-Lunanzio-Federica-Ferrari-Zelig-Jaga-Pirates-comici-Centro-Clinico-NeMO-22-768x432.jpg 768w, https:\/\/www.centrocliniconemo.it\/wp-content\/uploads\/2025\/03\/Due-SLAvadent-alla-SLA-Niguarda-Milano-2025-Francesco-Renga-Enrico-Bertolino-Ale-Franz-Lunanzio-Federica-Ferrari-Zelig-Jaga-Pirates-comici-Centro-Clinico-NeMO-22-1536x864.jpg 1536w, https:\/\/www.centrocliniconemo.it\/wp-content\/uploads\/2025\/03\/Due-SLAvadent-alla-SLA-Niguarda-Milano-2025-Francesco-Renga-Enrico-Bertolino-Ale-Franz-Lunanzio-Federica-Ferrari-Zelig-Jaga-Pirates-comici-Centro-Clinico-NeMO-22-2048x1152.jpg 2048w\" sizes=\"(max-width: 1024px) 100vw, 1024px\" \/><\/figure>\n<\/figure>\n\n\n\n<p>\u201c<em>Noi artisti siamo qui stasera spinti dal sano egoismo solidale, pi\u00f9 bene riceviamo dal nostro pubblico pi\u00f9 \u00e8 il bene che vogliamo restituire<\/em>. <em>\u2013 <\/em>cos\u00ec ha aperto <strong><strong><strong><a href=\"https:\/\/www.enricobertolino.it\/\">Enrico Bertolino<\/a><\/strong><\/strong><\/strong>, vero mattatore della serata, con il suo messaggio schietto, come solo sa fare la satira che racconta la vita \u2013 <em>Il tempo che abbiamo dedicato a questo evento non \u00e8 paragonabile alla determinazione degli operatori sanitari, che ogni giorno affrontano la realt\u00e0 della cura, n\u00e9 alla forza di chi vive con la SLA e che, anche nell\u2019immobilit\u00e0, riesce a muovere qualcosa di essenziale<\/em>: la speranza<em>. Serate come questa ci ricordano che non si smette mai di avere un ruolo, fosse anche solo quello di alleggerire. Perch\u00e9 far sorridere ed essere solidali, in certi momenti, \u00e8 forse il modo pi\u00f9 semplice, eppure necessario, di stare vicini davvero.<\/em> &#8211; Ed \u00e8 cos\u00ec che l\u2019arte si \u00e8 fatta ponte di solidariet\u00e0, unendo talento e impegno per dare simbolicamente \u201cdue schiaffi alla SLA\u201d e sostenere la ricerca scientifica su questa malattia neurodegenerativa grave. <em>&nbsp;<\/em><\/p>\n\n\n\n<p>Testimone della forza in movimento presente in sala <strong>Luca Leoni,<\/strong> la cui esperienza di malattia si incontra con la stessa fede calcistica di Bertolino nell\u2019Inter Club degli <em>InterNati<\/em>. Tanti gli ospiti speciali della serata, numerosi donatori e InterNati accomunati dallo stesso spirito solidale. Tra loro anche <strong><a href=\"https:\/\/francescorenga.it\/ita\/\">Francesco Renga<\/a><\/strong>, che prima dello spettacolo ha voluto conoscere da vicino la realt\u00e0 del Centro Clinico NeMO, visitandone gli spazi di cura e incontrando operatori e pazienti.<\/p>\n\n\n\n<figure class=\"wp-block-gallery has-nested-images columns-default is-cropped wp-block-gallery-2 is-layout-flex wp-block-gallery-is-layout-flex\">\n<figure class=\"wp-block-image size-large\"><img decoding=\"async\" width=\"1024\" height=\"768\" data-id=\"24419\" src=\"https:\/\/www.centrocliniconemo.it\/wp-content\/uploads\/2025\/03\/Due-SLAvadent-alla-SLA-Niguarda-Milano-2025-Francesco-Renga-Enrico-Bertolino-Ale-Franz-Lunanzio-Federica-Ferrari-Zelig-Jaga-Pirates-comici-Centro-Clinico-NeMO-17-1024x768.jpg\" alt=\"\" class=\"wp-image-24419\" srcset=\"https:\/\/www.centrocliniconemo.it\/wp-content\/uploads\/2025\/03\/Due-SLAvadent-alla-SLA-Niguarda-Milano-2025-Francesco-Renga-Enrico-Bertolino-Ale-Franz-Lunanzio-Federica-Ferrari-Zelig-Jaga-Pirates-comici-Centro-Clinico-NeMO-17-1024x768.jpg 1024w, https:\/\/www.centrocliniconemo.it\/wp-content\/uploads\/2025\/03\/Due-SLAvadent-alla-SLA-Niguarda-Milano-2025-Francesco-Renga-Enrico-Bertolino-Ale-Franz-Lunanzio-Federica-Ferrari-Zelig-Jaga-Pirates-comici-Centro-Clinico-NeMO-17-300x225.jpg 300w, https:\/\/www.centrocliniconemo.it\/wp-content\/uploads\/2025\/03\/Due-SLAvadent-alla-SLA-Niguarda-Milano-2025-Francesco-Renga-Enrico-Bertolino-Ale-Franz-Lunanzio-Federica-Ferrari-Zelig-Jaga-Pirates-comici-Centro-Clinico-NeMO-17-768x576.jpg 768w, https:\/\/www.centrocliniconemo.it\/wp-content\/uploads\/2025\/03\/Due-SLAvadent-alla-SLA-Niguarda-Milano-2025-Francesco-Renga-Enrico-Bertolino-Ale-Franz-Lunanzio-Federica-Ferrari-Zelig-Jaga-Pirates-comici-Centro-Clinico-NeMO-17-1536x1152.jpg 1536w, https:\/\/www.centrocliniconemo.it\/wp-content\/uploads\/2025\/03\/Due-SLAvadent-alla-SLA-Niguarda-Milano-2025-Francesco-Renga-Enrico-Bertolino-Ale-Franz-Lunanzio-Federica-Ferrari-Zelig-Jaga-Pirates-comici-Centro-Clinico-NeMO-17-2048x1536.jpg 2048w\" sizes=\"(max-width: 1024px) 100vw, 1024px\" \/><\/figure>\n\n\n\n<figure class=\"wp-block-image size-large\"><img loading=\"lazy\" decoding=\"async\" width=\"1024\" height=\"684\" data-id=\"24407\" src=\"https:\/\/www.centrocliniconemo.it\/wp-content\/uploads\/2025\/03\/Due-SLAvadent-alla-SLA-Niguarda-Milano-2025-Francesco-Renga-Enrico-Bertolino-Ale-Franz-Lunanzio-Federica-Ferrari-Zelig-Jaga-Pirates-comici-Centro-Clinico-NeMO-19-1024x684.jpg\" alt=\"\" class=\"wp-image-24407\" srcset=\"https:\/\/www.centrocliniconemo.it\/wp-content\/uploads\/2025\/03\/Due-SLAvadent-alla-SLA-Niguarda-Milano-2025-Francesco-Renga-Enrico-Bertolino-Ale-Franz-Lunanzio-Federica-Ferrari-Zelig-Jaga-Pirates-comici-Centro-Clinico-NeMO-19-1024x684.jpg 1024w, https:\/\/www.centrocliniconemo.it\/wp-content\/uploads\/2025\/03\/Due-SLAvadent-alla-SLA-Niguarda-Milano-2025-Francesco-Renga-Enrico-Bertolino-Ale-Franz-Lunanzio-Federica-Ferrari-Zelig-Jaga-Pirates-comici-Centro-Clinico-NeMO-19-300x200.jpg 300w, https:\/\/www.centrocliniconemo.it\/wp-content\/uploads\/2025\/03\/Due-SLAvadent-alla-SLA-Niguarda-Milano-2025-Francesco-Renga-Enrico-Bertolino-Ale-Franz-Lunanzio-Federica-Ferrari-Zelig-Jaga-Pirates-comici-Centro-Clinico-NeMO-19-768x513.jpg 768w, https:\/\/www.centrocliniconemo.it\/wp-content\/uploads\/2025\/03\/Due-SLAvadent-alla-SLA-Niguarda-Milano-2025-Francesco-Renga-Enrico-Bertolino-Ale-Franz-Lunanzio-Federica-Ferrari-Zelig-Jaga-Pirates-comici-Centro-Clinico-NeMO-19-1536x1027.jpg 1536w, https:\/\/www.centrocliniconemo.it\/wp-content\/uploads\/2025\/03\/Due-SLAvadent-alla-SLA-Niguarda-Milano-2025-Francesco-Renga-Enrico-Bertolino-Ale-Franz-Lunanzio-Federica-Ferrari-Zelig-Jaga-Pirates-comici-Centro-Clinico-NeMO-19.jpg 1616w\" sizes=\"(max-width: 1024px) 100vw, 1024px\" \/><\/figure>\n<\/figure>\n\n\n\n<p>Sul palco con Bertolino, anche quest\u2019anno <strong><strong><a href=\"http:\/\/www.alefranz.com\/\">Ale e Franz<\/a><\/strong> <\/strong>e la loro immancabile panchina; <strong><a href=\"https:\/\/www.nikolasalbanese.it\/\">Nikolas Albanese<\/a><\/strong>, illusionista e prestigiatore che unisce magia ed ironia; la comicit\u00e0 barocca e teatrale di <strong><strong><a href=\"https:\/\/www.instagram.com\/loris_fabiani\">Lunanzio<\/a><\/strong> <\/strong>e la \u201cchat delle mamme\u201d di <strong><a href=\"https:\/\/www.instagram.com\/federicaferrerocabarettista\/\">Federica Ferrero<\/a>, <\/strong>conla musica degli <strong><strong><a href=\"https:\/\/www.instagram.com\/jaga_pirates\/?hl=it\">Jaga Pirates<\/a><\/strong>.<\/strong> Artisti e amici di sempre, che hanno regalato uno show travolgente, con monologhi, sketch e musica, per ridere insieme e farsi sorprendere dal desiderio di divertirsi facendo del bene. E poi il crescendo degli applausi dal pubblico a dire che di talento ce n\u2019era tanto. Sul palco anche le note di&nbsp;<strong><a href=\"https:\/\/www.facebook.com\/tiziano.cannasaghedu\/?locale=it_IT\">Tiziano Cannas Aghedu<\/a>&nbsp;e&nbsp;<a href=\"https:\/\/www.instagram.com\/raffaelekohler\/\">Raffaele Kohler<\/a><\/strong>, che insieme alle grafiche di&nbsp;<strong>Enrico Bettella<\/strong>, hanno contribuito a regalare ulteriore divertimento e momenti indimenticabili.&nbsp;<\/p>\n\n\n\n<p>S\u00ec, perch\u00e9 l\u2019arte della comicit\u00e0 ha incontrato l\u2019eccellenza della cucina italiana, trasformando la Galleria del Niguarda in un <em>foyer del gusto<\/em>, dove gli ospiti hanno vissuto un\u2019esperienza indimenticabile. Risotto, finger food ed un trionfo di lievitati preparati da una brigata di <strong>venti Chef<\/strong> <strong>e Maestri panificatori<\/strong> di fama nazionale, volontari dell<strong>\u2019<strong><strong><a href=\"https:\/\/www.slafood.org\/\">Associazione SLAFOOD<\/a><\/strong><\/strong>.<\/strong>&nbsp;<\/p>\n\n\n\n<p>A guidarli il presidente dell\u2019Associazione, <strong>Davide Rafanelli<\/strong>, persona con Sla, consigliere nazionale AISLA e paziente del Centro NeMO, <strong>che ha raccontato<\/strong>: <em>\u201cLa presenza cos\u00ec numerosa non solo \u00e8 testimonianza di supporto per il Centro NeMO ma un meraviglioso messaggio di energia ai ricercatori e agli operatori che ogni giorno trasformano il dolore in amore. Il mio grazie va agli chef, sempre pronti a rispondere con talento e cuore, e ad AISLA, un faro per tutti noi malati e per le nostre famiglie\u201d. <\/em>Al fianco di SLAfood anche <strong><a href=\"https:\/\/www.apci.it\/\">APCI<\/a>,&nbsp;<a href=\"https:\/\/www.confcommerciomilano.it\/it\/associazioni\/categoria\/coordinamento_filiera_agroalimentare\/istituzionale\/chi_siamo\/dettaglio\/panificatori\/\">Associazione Panificatori di Milano<\/a>,&nbsp;<a href=\"https:\/\/www.richemontitaly.it\/\">Richemont Club Italia<\/a>&nbsp;e&nbsp;<a href=\"https:\/\/www.athletichef.it\/\">Athletic Chef<\/a>.<\/strong><\/p>\n\n\n\n<p><em>\u201cQuesta serata \u00e8 un incontro straordinario di bellezza, talento e solidariet\u00e0. Il nostro grazie va a tutti coloro che hanno risposto all\u2019invito dell\u2019amico Enrico Bertolino, dimostrando il desiderio di fare la differenza insieme. La presenza di oggi continuer\u00e0 domani ad essere per noi speranza ed impegno concreti, al fianco di chi vive la malattia\u201d. <\/em>Queste le parole di ringraziamento del <strong>presidente dei Centri NeMO, Marco Rasconi.<\/strong><\/p>\n\n\n\n<p>I numeri della serata raccontano il valore di questo evento: <strong>95 volontari coinvolti e una raccolta fondi di 22.000 euro<\/strong>. Contributi preziosi che dicono di voler essere parte di un progetto comune e che solo nell\u2019ultimo anno ha preso in carico <strong>600 famiglie con SLA<\/strong>, di cui <strong>90 nuovi pazienti<\/strong>; condotto <strong>10 studi di ricerca clinica <\/strong>e <strong>96 professionisti<\/strong>, impegnati a garantire un modello di assistenza multidisciplinare e specializzato.&nbsp;<\/p>\n\n\n\n<p>Un evento che ha reso l\u2019arte strumento di cura, come ha dichiarato il Direttore Socio-Sanitario dell\u2019Ospedale Niguarda, <strong>Laura Zoppini<\/strong>: \u201c<em>Questa serata \u00e8 un momento speciale, perch\u00e9 possiamo vedere gli spazi, dedicati ogni giorno ad accogliere chi ha bisogno di cura, trasformarsi in un teatro vivo di emozioni, solidariet\u00e0 e desiderio di aiutare. Questa energia e partecipazione ci riempie di orgoglio e rafforza il nostro impegno al fianco del Centro Clinico NeMO, delle associazioni dei pazienti e dei volontari\u201d.<\/em><\/p>\n\n\n\n<p>L\u2019iniziativa ha visto il <strong>patrocinio di<\/strong> <strong><strong><a href=\"https:\/\/www.aisla.it\">AISLA<\/a><\/strong><\/strong>, l\u2019Associazione nazionale punto di riferimento per l\u2019assistenza delle persone con SLA e Socio Fondatore dei Centri NeMO. &nbsp;<\/p>\n\n\n\n<p>Si \u00e8 unito il patrocinio dell\u2019Associazione <strong><strong><a href=\"https:\/\/www.wambathena.org\">Wamba<\/a><\/strong>&nbsp;<strong>e&nbsp;<a href=\"https:\/\/www.facebook.com\/WambaEts\/about\/?_rdr\">Athena ETS<\/a><\/strong>, <\/strong>da anni al fianco dei Centri Clinici NeMO ed il prezioso sostegno di<strong> <strong><a href=\"https:\/\/jesurumleoni-comunicazione.it\/\">Jesurum Leoni Comunicazione<\/a>,&nbsp;<a href=\"https:\/\/www.gierrelift.com\">Gierrelift<\/a>&nbsp;e&nbsp;<a href=\"https:\/\/www.infinity.overline.it\">Overline<\/a><\/strong>. <\/strong>Con loro supporto tecnico di: <strong>La Casa dei Sapori Banqueting, Coopservice Soc.coop.p.A., Azienda Agricola Luigi e Carlo Guidobono Cavalchini &#8220;Riso Buono&#8221;, Consorzio Tutela Aceto Balsamico Di Modena, Consorzio Latterie Virgilio, Demetra SRL, Mowi Italia srl, GeMMO<\/strong> e <strong>l\u2019Associazione Amici di Michele.<\/strong><\/p>\n\n\n\n<p>Grazie a tutti coloro che hanno reso unica la serata, lasciandosi contagiare dal desiderio di divertirsi insieme, con la consapevolezza di aver partecipato ad uno spettacolo che ha reso ciascuno un po\u2019 pi\u00f9 ricco di vita.<\/p>\n\n\n<div class=\"pgc-sgb-cb wp-block-pgcsimplygalleryblock-slider \" data-gallery-id=\"7cd69750\"style=&quot;min-height:400px&quot;><div class=\"sgb-preloader\" id=\"pr_7cd69750\">\n\t<div class=\"sgb-square\" style=\"background:#d4d4d4\"><\/div>\n\t<div class=\"sgb-square\" style=\"background:#d4d4d4\"><\/div>\n\t<div class=\"sgb-square\" style=\"background:#d4d4d4\"><\/div>\n\t<div class=\"sgb-square\" style=\"background:#d4d4d4\"><\/div><\/div><div class=\"simply-gallery-amp pgc_sgb_slider \"><noscript><div class=\"sgb-gallery\"><div class=\"sgb-item\"><a href=\"https:\/\/www.centrocliniconemo.it\/?attachment_id=24421\" target=\"_blank\"><img loading=\"lazy\" decoding=\"async\" alt=\"\" width=\"300\" height=\"225\" loading=\"lazy\" src=\"https:\/\/www.centrocliniconemo.it\/wp-content\/uploads\/2025\/03\/Due-SLAvadent-alla-SLA-Niguarda-Milano-2025-Francesco-Renga-Enrico-Bertolino-Ale-Franz-Lunanzio-Federica-Ferrari-Zelig-Jaga-Pirates-comici-Centro-Clinico-NeMO-18-300x225.jpg\" srcset=\"https:\/\/www.centrocliniconemo.it\/wp-content\/uploads\/2025\/03\/Due-SLAvadent-alla-SLA-Niguarda-Milano-2025-Francesco-Renga-Enrico-Bertolino-Ale-Franz-Lunanzio-Federica-Ferrari-Zelig-Jaga-Pirates-comici-Centro-Clinico-NeMO-18-300x225.jpg 300w,https:\/\/www.centrocliniconemo.it\/wp-content\/uploads\/2025\/03\/Due-SLAvadent-alla-SLA-Niguarda-Milano-2025-Francesco-Renga-Enrico-Bertolino-Ale-Franz-Lunanzio-Federica-Ferrari-Zelig-Jaga-Pirates-comici-Centro-Clinico-NeMO-18-1024x768.jpg 1024w,https:\/\/www.centrocliniconemo.it\/wp-content\/uploads\/2025\/03\/Due-SLAvadent-alla-SLA-Niguarda-Milano-2025-Francesco-Renga-Enrico-Bertolino-Ale-Franz-Lunanzio-Federica-Ferrari-Zelig-Jaga-Pirates-comici-Centro-Clinico-NeMO-18-scaled.jpg 2560w\" sizes=\"auto, 250px\"\/><\/a><\/div><div class=\"sgb-item\"><a href=\"https:\/\/www.centrocliniconemo.it\/?attachment_id=24405\" target=\"_blank\"><img loading=\"lazy\" decoding=\"async\" alt=\"\" width=\"300\" height=\"200\" loading=\"lazy\" src=\"https:\/\/www.centrocliniconemo.it\/wp-content\/uploads\/2025\/03\/Due-SLAvadent-alla-SLA-Niguarda-Milano-2025-Francesco-Renga-Enrico-Bertolino-Ale-Franz-Lunanzio-Federica-Ferrari-Zelig-Jaga-Pirates-comici-Centro-Clinico-NeMO-16-300x200.jpg\" srcset=\"https:\/\/www.centrocliniconemo.it\/wp-content\/uploads\/2025\/03\/Due-SLAvadent-alla-SLA-Niguarda-Milano-2025-Francesco-Renga-Enrico-Bertolino-Ale-Franz-Lunanzio-Federica-Ferrari-Zelig-Jaga-Pirates-comici-Centro-Clinico-NeMO-16-300x200.jpg 300w,https:\/\/www.centrocliniconemo.it\/wp-content\/uploads\/2025\/03\/Due-SLAvadent-alla-SLA-Niguarda-Milano-2025-Francesco-Renga-Enrico-Bertolino-Ale-Franz-Lunanzio-Federica-Ferrari-Zelig-Jaga-Pirates-comici-Centro-Clinico-NeMO-16-1024x684.jpg 1024w,https:\/\/www.centrocliniconemo.it\/wp-content\/uploads\/2025\/03\/Due-SLAvadent-alla-SLA-Niguarda-Milano-2025-Francesco-Renga-Enrico-Bertolino-Ale-Franz-Lunanzio-Federica-Ferrari-Zelig-Jaga-Pirates-comici-Centro-Clinico-NeMO-16.jpg 1616w\" sizes=\"auto, 250px\"\/><\/a><\/div><div class=\"sgb-item\"><a href=\"https:\/\/www.centrocliniconemo.it\/?attachment_id=24403\" target=\"_blank\"><img loading=\"lazy\" decoding=\"async\" alt=\"\" width=\"300\" height=\"200\" loading=\"lazy\" src=\"https:\/\/www.centrocliniconemo.it\/wp-content\/uploads\/2025\/03\/Due-SLAvadent-alla-SLA-Niguarda-Milano-2025-Francesco-Renga-Enrico-Bertolino-Ale-Franz-Lunanzio-Federica-Ferrari-Zelig-Jaga-Pirates-comici-Centro-Clinico-NeMO-15-300x200.jpg\" srcset=\"https:\/\/www.centrocliniconemo.it\/wp-content\/uploads\/2025\/03\/Due-SLAvadent-alla-SLA-Niguarda-Milano-2025-Francesco-Renga-Enrico-Bertolino-Ale-Franz-Lunanzio-Federica-Ferrari-Zelig-Jaga-Pirates-comici-Centro-Clinico-NeMO-15-300x200.jpg 300w,https:\/\/www.centrocliniconemo.it\/wp-content\/uploads\/2025\/03\/Due-SLAvadent-alla-SLA-Niguarda-Milano-2025-Francesco-Renga-Enrico-Bertolino-Ale-Franz-Lunanzio-Federica-Ferrari-Zelig-Jaga-Pirates-comici-Centro-Clinico-NeMO-15-1024x684.jpg 1024w,https:\/\/www.centrocliniconemo.it\/wp-content\/uploads\/2025\/03\/Due-SLAvadent-alla-SLA-Niguarda-Milano-2025-Francesco-Renga-Enrico-Bertolino-Ale-Franz-Lunanzio-Federica-Ferrari-Zelig-Jaga-Pirates-comici-Centro-Clinico-NeMO-15.jpg 1616w\" sizes=\"auto, 250px\"\/><\/a><\/div><div class=\"sgb-item\"><a href=\"https:\/\/www.centrocliniconemo.it\/?attachment_id=24393\" target=\"_blank\"><img loading=\"lazy\" decoding=\"async\" alt=\"\" width=\"300\" height=\"200\" loading=\"lazy\" src=\"https:\/\/www.centrocliniconemo.it\/wp-content\/uploads\/2025\/03\/Due-SLAvadent-alla-SLA-Niguarda-Milano-2025-Francesco-Renga-Enrico-Bertolino-Ale-Franz-Lunanzio-Federica-Ferrari-Zelig-Jaga-Pirates-comici-Centro-Clinico-NeMO-10-300x200.jpg\" srcset=\"https:\/\/www.centrocliniconemo.it\/wp-content\/uploads\/2025\/03\/Due-SLAvadent-alla-SLA-Niguarda-Milano-2025-Francesco-Renga-Enrico-Bertolino-Ale-Franz-Lunanzio-Federica-Ferrari-Zelig-Jaga-Pirates-comici-Centro-Clinico-NeMO-10-300x200.jpg 300w,https:\/\/www.centrocliniconemo.it\/wp-content\/uploads\/2025\/03\/Due-SLAvadent-alla-SLA-Niguarda-Milano-2025-Francesco-Renga-Enrico-Bertolino-Ale-Franz-Lunanzio-Federica-Ferrari-Zelig-Jaga-Pirates-comici-Centro-Clinico-NeMO-10-1024x684.jpg 1024w,https:\/\/www.centrocliniconemo.it\/wp-content\/uploads\/2025\/03\/Due-SLAvadent-alla-SLA-Niguarda-Milano-2025-Francesco-Renga-Enrico-Bertolino-Ale-Franz-Lunanzio-Federica-Ferrari-Zelig-Jaga-Pirates-comici-Centro-Clinico-NeMO-10.jpg 1616w\" sizes=\"auto, 250px\"\/><\/a><\/div><div class=\"sgb-item\"><a href=\"https:\/\/www.centrocliniconemo.it\/?attachment_id=24417\" target=\"_blank\"><img loading=\"lazy\" decoding=\"async\" alt=\"\" width=\"300\" height=\"169\" loading=\"lazy\" src=\"https:\/\/www.centrocliniconemo.it\/wp-content\/uploads\/2025\/03\/Due-SLAvadent-alla-SLA-Niguarda-Milano-2025-Francesco-Renga-Enrico-Bertolino-Ale-Franz-Lunanzio-Federica-Ferrari-Zelig-Jaga-Pirates-comici-Centro-Clinico-NeMO-24-300x169.jpg\" srcset=\"https:\/\/www.centrocliniconemo.it\/wp-content\/uploads\/2025\/03\/Due-SLAvadent-alla-SLA-Niguarda-Milano-2025-Francesco-Renga-Enrico-Bertolino-Ale-Franz-Lunanzio-Federica-Ferrari-Zelig-Jaga-Pirates-comici-Centro-Clinico-NeMO-24-300x169.jpg 300w,https:\/\/www.centrocliniconemo.it\/wp-content\/uploads\/2025\/03\/Due-SLAvadent-alla-SLA-Niguarda-Milano-2025-Francesco-Renga-Enrico-Bertolino-Ale-Franz-Lunanzio-Federica-Ferrari-Zelig-Jaga-Pirates-comici-Centro-Clinico-NeMO-24-1024x576.jpg 1024w,https:\/\/www.centrocliniconemo.it\/wp-content\/uploads\/2025\/03\/Due-SLAvadent-alla-SLA-Niguarda-Milano-2025-Francesco-Renga-Enrico-Bertolino-Ale-Franz-Lunanzio-Federica-Ferrari-Zelig-Jaga-Pirates-comici-Centro-Clinico-NeMO-24-scaled.jpg 2560w\" sizes=\"auto, 250px\"\/><\/a><\/div><div class=\"sgb-item\"><a href=\"https:\/\/www.centrocliniconemo.it\/?attachment_id=24415\" target=\"_blank\"><img loading=\"lazy\" decoding=\"async\" alt=\"\" width=\"300\" height=\"200\" loading=\"lazy\" src=\"https:\/\/www.centrocliniconemo.it\/wp-content\/uploads\/2025\/03\/Due-SLAvadent-alla-SLA-Niguarda-Milano-2025-Francesco-Renga-Enrico-Bertolino-Ale-Franz-Lunanzio-Federica-Ferrari-Zelig-Jaga-Pirates-comici-Centro-Clinico-NeMO-23-300x200.jpg\" srcset=\"https:\/\/www.centrocliniconemo.it\/wp-content\/uploads\/2025\/03\/Due-SLAvadent-alla-SLA-Niguarda-Milano-2025-Francesco-Renga-Enrico-Bertolino-Ale-Franz-Lunanzio-Federica-Ferrari-Zelig-Jaga-Pirates-comici-Centro-Clinico-NeMO-23-300x200.jpg 300w,https:\/\/www.centrocliniconemo.it\/wp-content\/uploads\/2025\/03\/Due-SLAvadent-alla-SLA-Niguarda-Milano-2025-Francesco-Renga-Enrico-Bertolino-Ale-Franz-Lunanzio-Federica-Ferrari-Zelig-Jaga-Pirates-comici-Centro-Clinico-NeMO-23-1024x684.jpg 1024w,https:\/\/www.centrocliniconemo.it\/wp-content\/uploads\/2025\/03\/Due-SLAvadent-alla-SLA-Niguarda-Milano-2025-Francesco-Renga-Enrico-Bertolino-Ale-Franz-Lunanzio-Federica-Ferrari-Zelig-Jaga-Pirates-comici-Centro-Clinico-NeMO-23.jpg 1616w\" sizes=\"auto, 250px\"\/><\/a><\/div><div class=\"sgb-item\"><a href=\"https:\/\/www.centrocliniconemo.it\/?attachment_id=24389\" target=\"_blank\"><img loading=\"lazy\" decoding=\"async\" alt=\"\" width=\"300\" height=\"200\" loading=\"lazy\" src=\"https:\/\/www.centrocliniconemo.it\/wp-content\/uploads\/2025\/03\/Due-SLAvadent-alla-SLA-Niguarda-Milano-2025-Francesco-Renga-Enrico-Bertolino-Ale-Franz-Lunanzio-Federica-Ferrari-Zelig-Jaga-Pirates-comici-Centro-Clinico-NeMO-02-300x200.jpg\" srcset=\"https:\/\/www.centrocliniconemo.it\/wp-content\/uploads\/2025\/03\/Due-SLAvadent-alla-SLA-Niguarda-Milano-2025-Francesco-Renga-Enrico-Bertolino-Ale-Franz-Lunanzio-Federica-Ferrari-Zelig-Jaga-Pirates-comici-Centro-Clinico-NeMO-02-300x200.jpg 300w,https:\/\/www.centrocliniconemo.it\/wp-content\/uploads\/2025\/03\/Due-SLAvadent-alla-SLA-Niguarda-Milano-2025-Francesco-Renga-Enrico-Bertolino-Ale-Franz-Lunanzio-Federica-Ferrari-Zelig-Jaga-Pirates-comici-Centro-Clinico-NeMO-02-1024x684.jpg 1024w,https:\/\/www.centrocliniconemo.it\/wp-content\/uploads\/2025\/03\/Due-SLAvadent-alla-SLA-Niguarda-Milano-2025-Francesco-Renga-Enrico-Bertolino-Ale-Franz-Lunanzio-Federica-Ferrari-Zelig-Jaga-Pirates-comici-Centro-Clinico-NeMO-02.jpg 1616w\" sizes=\"auto, 250px\"\/><\/a><\/div><div class=\"sgb-item\"><a href=\"https:\/\/www.centrocliniconemo.it\/?attachment_id=24411\" target=\"_blank\"><img loading=\"lazy\" decoding=\"async\" alt=\"\" width=\"300\" height=\"200\" loading=\"lazy\" src=\"https:\/\/www.centrocliniconemo.it\/wp-content\/uploads\/2025\/03\/Due-SLAvadent-alla-SLA-Niguarda-Milano-2025-Francesco-Renga-Enrico-Bertolino-Ale-Franz-Lunanzio-Federica-Ferrari-Zelig-Jaga-Pirates-comici-Centro-Clinico-NeMO-21-300x200.jpg\" srcset=\"https:\/\/www.centrocliniconemo.it\/wp-content\/uploads\/2025\/03\/Due-SLAvadent-alla-SLA-Niguarda-Milano-2025-Francesco-Renga-Enrico-Bertolino-Ale-Franz-Lunanzio-Federica-Ferrari-Zelig-Jaga-Pirates-comici-Centro-Clinico-NeMO-21-300x200.jpg 300w,https:\/\/www.centrocliniconemo.it\/wp-content\/uploads\/2025\/03\/Due-SLAvadent-alla-SLA-Niguarda-Milano-2025-Francesco-Renga-Enrico-Bertolino-Ale-Franz-Lunanzio-Federica-Ferrari-Zelig-Jaga-Pirates-comici-Centro-Clinico-NeMO-21-1024x684.jpg 1024w,https:\/\/www.centrocliniconemo.it\/wp-content\/uploads\/2025\/03\/Due-SLAvadent-alla-SLA-Niguarda-Milano-2025-Francesco-Renga-Enrico-Bertolino-Ale-Franz-Lunanzio-Federica-Ferrari-Zelig-Jaga-Pirates-comici-Centro-Clinico-NeMO-21.jpg 1616w\" sizes=\"auto, 250px\"\/><\/a><\/div><div class=\"sgb-item\"><a href=\"https:\/\/www.centrocliniconemo.it\/?attachment_id=24377\" target=\"_blank\"><img loading=\"lazy\" decoding=\"async\" alt=\"\" width=\"300\" height=\"200\" loading=\"lazy\" src=\"https:\/\/www.centrocliniconemo.it\/wp-content\/uploads\/2025\/03\/Due-SLAvadent-alla-SLA-Niguarda-Milano-2025-Francesco-Renga-Enrico-Bertolino-Ale-Franz-Lunanzio-Federica-Ferrari-Zelig-Jaga-Pirates-comici-Centro-Clinico-NeMO-08-300x200.jpg\" srcset=\"https:\/\/www.centrocliniconemo.it\/wp-content\/uploads\/2025\/03\/Due-SLAvadent-alla-SLA-Niguarda-Milano-2025-Francesco-Renga-Enrico-Bertolino-Ale-Franz-Lunanzio-Federica-Ferrari-Zelig-Jaga-Pirates-comici-Centro-Clinico-NeMO-08-300x200.jpg 300w,https:\/\/www.centrocliniconemo.it\/wp-content\/uploads\/2025\/03\/Due-SLAvadent-alla-SLA-Niguarda-Milano-2025-Francesco-Renga-Enrico-Bertolino-Ale-Franz-Lunanzio-Federica-Ferrari-Zelig-Jaga-Pirates-comici-Centro-Clinico-NeMO-08-1024x684.jpg 1024w,https:\/\/www.centrocliniconemo.it\/wp-content\/uploads\/2025\/03\/Due-SLAvadent-alla-SLA-Niguarda-Milano-2025-Francesco-Renga-Enrico-Bertolino-Ale-Franz-Lunanzio-Federica-Ferrari-Zelig-Jaga-Pirates-comici-Centro-Clinico-NeMO-08.jpg 1616w\" sizes=\"auto, 250px\"\/><\/a><\/div><div class=\"sgb-item\"><a href=\"https:\/\/www.centrocliniconemo.it\/?attachment_id=24409\" target=\"_blank\"><img loading=\"lazy\" decoding=\"async\" alt=\"\" width=\"300\" height=\"200\" loading=\"lazy\" src=\"https:\/\/www.centrocliniconemo.it\/wp-content\/uploads\/2025\/03\/Due-SLAvadent-alla-SLA-Niguarda-Milano-2025-Francesco-Renga-Enrico-Bertolino-Ale-Franz-Lunanzio-Federica-Ferrari-Zelig-Jaga-Pirates-comici-Centro-Clinico-NeMO-20-300x200.jpg\" srcset=\"https:\/\/www.centrocliniconemo.it\/wp-content\/uploads\/2025\/03\/Due-SLAvadent-alla-SLA-Niguarda-Milano-2025-Francesco-Renga-Enrico-Bertolino-Ale-Franz-Lunanzio-Federica-Ferrari-Zelig-Jaga-Pirates-comici-Centro-Clinico-NeMO-20-300x200.jpg 300w,https:\/\/www.centrocliniconemo.it\/wp-content\/uploads\/2025\/03\/Due-SLAvadent-alla-SLA-Niguarda-Milano-2025-Francesco-Renga-Enrico-Bertolino-Ale-Franz-Lunanzio-Federica-Ferrari-Zelig-Jaga-Pirates-comici-Centro-Clinico-NeMO-20-1024x684.jpg 1024w,https:\/\/www.centrocliniconemo.it\/wp-content\/uploads\/2025\/03\/Due-SLAvadent-alla-SLA-Niguarda-Milano-2025-Francesco-Renga-Enrico-Bertolino-Ale-Franz-Lunanzio-Federica-Ferrari-Zelig-Jaga-Pirates-comici-Centro-Clinico-NeMO-20.jpg 1616w\" sizes=\"auto, 250px\"\/><\/a><\/div><div class=\"sgb-item\"><a href=\"https:\/\/www.centrocliniconemo.it\/?attachment_id=24407\" target=\"_blank\"><img loading=\"lazy\" decoding=\"async\" alt=\"\" width=\"300\" height=\"200\" loading=\"lazy\" src=\"https:\/\/www.centrocliniconemo.it\/wp-content\/uploads\/2025\/03\/Due-SLAvadent-alla-SLA-Niguarda-Milano-2025-Francesco-Renga-Enrico-Bertolino-Ale-Franz-Lunanzio-Federica-Ferrari-Zelig-Jaga-Pirates-comici-Centro-Clinico-NeMO-19-300x200.jpg\" srcset=\"https:\/\/www.centrocliniconemo.it\/wp-content\/uploads\/2025\/03\/Due-SLAvadent-alla-SLA-Niguarda-Milano-2025-Francesco-Renga-Enrico-Bertolino-Ale-Franz-Lunanzio-Federica-Ferrari-Zelig-Jaga-Pirates-comici-Centro-Clinico-NeMO-19-300x200.jpg 300w,https:\/\/www.centrocliniconemo.it\/wp-content\/uploads\/2025\/03\/Due-SLAvadent-alla-SLA-Niguarda-Milano-2025-Francesco-Renga-Enrico-Bertolino-Ale-Franz-Lunanzio-Federica-Ferrari-Zelig-Jaga-Pirates-comici-Centro-Clinico-NeMO-19-1024x684.jpg 1024w,https:\/\/www.centrocliniconemo.it\/wp-content\/uploads\/2025\/03\/Due-SLAvadent-alla-SLA-Niguarda-Milano-2025-Francesco-Renga-Enrico-Bertolino-Ale-Franz-Lunanzio-Federica-Ferrari-Zelig-Jaga-Pirates-comici-Centro-Clinico-NeMO-19.jpg 1616w\" sizes=\"auto, 250px\"\/><\/a><\/div><div class=\"sgb-item\"><a href=\"https:\/\/www.centrocliniconemo.it\/?attachment_id=24397\" target=\"_blank\"><img loading=\"lazy\" decoding=\"async\" alt=\"\" width=\"300\" height=\"200\" loading=\"lazy\" src=\"https:\/\/www.centrocliniconemo.it\/wp-content\/uploads\/2025\/03\/Due-SLAvadent-alla-SLA-Niguarda-Milano-2025-Francesco-Renga-Enrico-Bertolino-Ale-Franz-Lunanzio-Federica-Ferrari-Zelig-Jaga-Pirates-comici-Centro-Clinico-NeMO-12-300x200.jpg\" srcset=\"https:\/\/www.centrocliniconemo.it\/wp-content\/uploads\/2025\/03\/Due-SLAvadent-alla-SLA-Niguarda-Milano-2025-Francesco-Renga-Enrico-Bertolino-Ale-Franz-Lunanzio-Federica-Ferrari-Zelig-Jaga-Pirates-comici-Centro-Clinico-NeMO-12-300x200.jpg 300w,https:\/\/www.centrocliniconemo.it\/wp-content\/uploads\/2025\/03\/Due-SLAvadent-alla-SLA-Niguarda-Milano-2025-Francesco-Renga-Enrico-Bertolino-Ale-Franz-Lunanzio-Federica-Ferrari-Zelig-Jaga-Pirates-comici-Centro-Clinico-NeMO-12-1024x684.jpg 1024w,https:\/\/www.centrocliniconemo.it\/wp-content\/uploads\/2025\/03\/Due-SLAvadent-alla-SLA-Niguarda-Milano-2025-Francesco-Renga-Enrico-Bertolino-Ale-Franz-Lunanzio-Federica-Ferrari-Zelig-Jaga-Pirates-comici-Centro-Clinico-NeMO-12.jpg 1616w\" sizes=\"auto, 250px\"\/><\/a><\/div><div class=\"sgb-item\"><a href=\"https:\/\/www.centrocliniconemo.it\/?attachment_id=24375\" target=\"_blank\"><img loading=\"lazy\" decoding=\"async\" alt=\"\" width=\"300\" height=\"226\" loading=\"lazy\" src=\"https:\/\/www.centrocliniconemo.it\/wp-content\/uploads\/2025\/03\/Due-SLAvadent-alla-SLA-Niguarda-Milano-2025-Francesco-Renga-Enrico-Bertolino-Ale-Franz-Lunanzio-Federica-Ferrari-Zelig-Jaga-Pirates-comici-Centro-Clinico-NeMO-09-300x226.jpg\" srcset=\"https:\/\/www.centrocliniconemo.it\/wp-content\/uploads\/2025\/03\/Due-SLAvadent-alla-SLA-Niguarda-Milano-2025-Francesco-Renga-Enrico-Bertolino-Ale-Franz-Lunanzio-Federica-Ferrari-Zelig-Jaga-Pirates-comici-Centro-Clinico-NeMO-09-300x226.jpg 300w,https:\/\/www.centrocliniconemo.it\/wp-content\/uploads\/2025\/03\/Due-SLAvadent-alla-SLA-Niguarda-Milano-2025-Francesco-Renga-Enrico-Bertolino-Ale-Franz-Lunanzio-Federica-Ferrari-Zelig-Jaga-Pirates-comici-Centro-Clinico-NeMO-09-1024x771.jpg 1024w,https:\/\/www.centrocliniconemo.it\/wp-content\/uploads\/2025\/03\/Due-SLAvadent-alla-SLA-Niguarda-Milano-2025-Francesco-Renga-Enrico-Bertolino-Ale-Franz-Lunanzio-Federica-Ferrari-Zelig-Jaga-Pirates-comici-Centro-Clinico-NeMO-09-scaled.jpg 2560w\" sizes=\"auto, 250px\"\/><\/a><\/div><div class=\"sgb-item\"><a href=\"https:\/\/www.centrocliniconemo.it\/?attachment_id=24387\" target=\"_blank\"><img loading=\"lazy\" decoding=\"async\" alt=\"\" width=\"300\" height=\"200\" loading=\"lazy\" src=\"https:\/\/www.centrocliniconemo.it\/wp-content\/uploads\/2025\/03\/Due-SLAvadent-alla-SLA-Niguarda-Milano-2025-Francesco-Renga-Enrico-Bertolino-Ale-Franz-Lunanzio-Federica-Ferrari-Zelig-Jaga-Pirates-comici-Centro-Clinico-NeMO-03-300x200.jpg\" srcset=\"https:\/\/www.centrocliniconemo.it\/wp-content\/uploads\/2025\/03\/Due-SLAvadent-alla-SLA-Niguarda-Milano-2025-Francesco-Renga-Enrico-Bertolino-Ale-Franz-Lunanzio-Federica-Ferrari-Zelig-Jaga-Pirates-comici-Centro-Clinico-NeMO-03-300x200.jpg 300w,https:\/\/www.centrocliniconemo.it\/wp-content\/uploads\/2025\/03\/Due-SLAvadent-alla-SLA-Niguarda-Milano-2025-Francesco-Renga-Enrico-Bertolino-Ale-Franz-Lunanzio-Federica-Ferrari-Zelig-Jaga-Pirates-comici-Centro-Clinico-NeMO-03-1024x684.jpg 1024w,https:\/\/www.centrocliniconemo.it\/wp-content\/uploads\/2025\/03\/Due-SLAvadent-alla-SLA-Niguarda-Milano-2025-Francesco-Renga-Enrico-Bertolino-Ale-Franz-Lunanzio-Federica-Ferrari-Zelig-Jaga-Pirates-comici-Centro-Clinico-NeMO-03.jpg 1616w\" sizes=\"auto, 250px\"\/><\/a><\/div><div class=\"sgb-item\"><a href=\"https:\/\/www.centrocliniconemo.it\/?attachment_id=24381\" target=\"_blank\"><img loading=\"lazy\" decoding=\"async\" alt=\"\" width=\"300\" height=\"200\" loading=\"lazy\" src=\"https:\/\/www.centrocliniconemo.it\/wp-content\/uploads\/2025\/03\/Due-SLAvadent-alla-SLA-Niguarda-Milano-2025-Francesco-Renga-Enrico-Bertolino-Ale-Franz-Lunanzio-Federica-Ferrari-Zelig-Jaga-Pirates-comici-Centro-Clinico-NeMO-06-300x200.jpg\" srcset=\"https:\/\/www.centrocliniconemo.it\/wp-content\/uploads\/2025\/03\/Due-SLAvadent-alla-SLA-Niguarda-Milano-2025-Francesco-Renga-Enrico-Bertolino-Ale-Franz-Lunanzio-Federica-Ferrari-Zelig-Jaga-Pirates-comici-Centro-Clinico-NeMO-06-300x200.jpg 300w,https:\/\/www.centrocliniconemo.it\/wp-content\/uploads\/2025\/03\/Due-SLAvadent-alla-SLA-Niguarda-Milano-2025-Francesco-Renga-Enrico-Bertolino-Ale-Franz-Lunanzio-Federica-Ferrari-Zelig-Jaga-Pirates-comici-Centro-Clinico-NeMO-06-1024x684.jpg 1024w,https:\/\/www.centrocliniconemo.it\/wp-content\/uploads\/2025\/03\/Due-SLAvadent-alla-SLA-Niguarda-Milano-2025-Francesco-Renga-Enrico-Bertolino-Ale-Franz-Lunanzio-Federica-Ferrari-Zelig-Jaga-Pirates-comici-Centro-Clinico-NeMO-06.jpg 1616w\" sizes=\"auto, 250px\"\/><\/a><\/div><div class=\"sgb-item\"><a href=\"https:\/\/www.centrocliniconemo.it\/?attachment_id=24385\" target=\"_blank\"><img loading=\"lazy\" decoding=\"async\" alt=\"\" width=\"300\" height=\"200\" loading=\"lazy\" src=\"https:\/\/www.centrocliniconemo.it\/wp-content\/uploads\/2025\/03\/Due-SLAvadent-alla-SLA-Niguarda-Milano-2025-Francesco-Renga-Enrico-Bertolino-Ale-Franz-Lunanzio-Federica-Ferrari-Zelig-Jaga-Pirates-comici-Centro-Clinico-NeMO-04-300x200.jpg\" srcset=\"https:\/\/www.centrocliniconemo.it\/wp-content\/uploads\/2025\/03\/Due-SLAvadent-alla-SLA-Niguarda-Milano-2025-Francesco-Renga-Enrico-Bertolino-Ale-Franz-Lunanzio-Federica-Ferrari-Zelig-Jaga-Pirates-comici-Centro-Clinico-NeMO-04-300x200.jpg 300w,https:\/\/www.centrocliniconemo.it\/wp-content\/uploads\/2025\/03\/Due-SLAvadent-alla-SLA-Niguarda-Milano-2025-Francesco-Renga-Enrico-Bertolino-Ale-Franz-Lunanzio-Federica-Ferrari-Zelig-Jaga-Pirates-comici-Centro-Clinico-NeMO-04-1024x684.jpg 1024w,https:\/\/www.centrocliniconemo.it\/wp-content\/uploads\/2025\/03\/Due-SLAvadent-alla-SLA-Niguarda-Milano-2025-Francesco-Renga-Enrico-Bertolino-Ale-Franz-Lunanzio-Federica-Ferrari-Zelig-Jaga-Pirates-comici-Centro-Clinico-NeMO-04.jpg 1616w\" sizes=\"auto, 250px\"\/><\/a><\/div><div class=\"sgb-item\"><a href=\"https:\/\/www.centrocliniconemo.it\/?attachment_id=24391\" target=\"_blank\"><img loading=\"lazy\" decoding=\"async\" alt=\"\" width=\"300\" height=\"200\" loading=\"lazy\" src=\"https:\/\/www.centrocliniconemo.it\/wp-content\/uploads\/2025\/03\/Due-SLAvadent-alla-SLA-Niguarda-Milano-2025-Francesco-Renga-Enrico-Bertolino-Ale-Franz-Lunanzio-Federica-Ferrari-Zelig-Jaga-Pirates-comici-Centro-Clinico-NeMO-01-300x200.jpg\" srcset=\"https:\/\/www.centrocliniconemo.it\/wp-content\/uploads\/2025\/03\/Due-SLAvadent-alla-SLA-Niguarda-Milano-2025-Francesco-Renga-Enrico-Bertolino-Ale-Franz-Lunanzio-Federica-Ferrari-Zelig-Jaga-Pirates-comici-Centro-Clinico-NeMO-01-300x200.jpg 300w,https:\/\/www.centrocliniconemo.it\/wp-content\/uploads\/2025\/03\/Due-SLAvadent-alla-SLA-Niguarda-Milano-2025-Francesco-Renga-Enrico-Bertolino-Ale-Franz-Lunanzio-Federica-Ferrari-Zelig-Jaga-Pirates-comici-Centro-Clinico-NeMO-01-1024x684.jpg 1024w,https:\/\/www.centrocliniconemo.it\/wp-content\/uploads\/2025\/03\/Due-SLAvadent-alla-SLA-Niguarda-Milano-2025-Francesco-Renga-Enrico-Bertolino-Ale-Franz-Lunanzio-Federica-Ferrari-Zelig-Jaga-Pirates-comici-Centro-Clinico-NeMO-01.jpg 1616w\" sizes=\"auto, 250px\"\/><\/a><\/div><div class=\"sgb-item\"><a href=\"https:\/\/www.centrocliniconemo.it\/?attachment_id=24401\" target=\"_blank\"><img loading=\"lazy\" decoding=\"async\" alt=\"\" width=\"300\" height=\"200\" loading=\"lazy\" src=\"https:\/\/www.centrocliniconemo.it\/wp-content\/uploads\/2025\/03\/Due-SLAvadent-alla-SLA-Niguarda-Milano-2025-Francesco-Renga-Enrico-Bertolino-Ale-Franz-Lunanzio-Federica-Ferrari-Zelig-Jaga-Pirates-comici-Centro-Clinico-NeMO-14-300x200.jpg\" srcset=\"https:\/\/www.centrocliniconemo.it\/wp-content\/uploads\/2025\/03\/Due-SLAvadent-alla-SLA-Niguarda-Milano-2025-Francesco-Renga-Enrico-Bertolino-Ale-Franz-Lunanzio-Federica-Ferrari-Zelig-Jaga-Pirates-comici-Centro-Clinico-NeMO-14-300x200.jpg 300w,https:\/\/www.centrocliniconemo.it\/wp-content\/uploads\/2025\/03\/Due-SLAvadent-alla-SLA-Niguarda-Milano-2025-Francesco-Renga-Enrico-Bertolino-Ale-Franz-Lunanzio-Federica-Ferrari-Zelig-Jaga-Pirates-comici-Centro-Clinico-NeMO-14-1024x684.jpg 1024w,https:\/\/www.centrocliniconemo.it\/wp-content\/uploads\/2025\/03\/Due-SLAvadent-alla-SLA-Niguarda-Milano-2025-Francesco-Renga-Enrico-Bertolino-Ale-Franz-Lunanzio-Federica-Ferrari-Zelig-Jaga-Pirates-comici-Centro-Clinico-NeMO-14.jpg 1616w\" sizes=\"auto, 250px\"\/><\/a><\/div><div class=\"sgb-item\"><a href=\"https:\/\/www.centrocliniconemo.it\/?attachment_id=24383\" target=\"_blank\"><img loading=\"lazy\" decoding=\"async\" alt=\"\" width=\"300\" height=\"200\" loading=\"lazy\" src=\"https:\/\/www.centrocliniconemo.it\/wp-content\/uploads\/2025\/03\/Due-SLAvadent-alla-SLA-Niguarda-Milano-2025-Francesco-Renga-Enrico-Bertolino-Ale-Franz-Lunanzio-Federica-Ferrari-Zelig-Jaga-Pirates-comici-Centro-Clinico-NeMO-05-300x200.jpg\" srcset=\"https:\/\/www.centrocliniconemo.it\/wp-content\/uploads\/2025\/03\/Due-SLAvadent-alla-SLA-Niguarda-Milano-2025-Francesco-Renga-Enrico-Bertolino-Ale-Franz-Lunanzio-Federica-Ferrari-Zelig-Jaga-Pirates-comici-Centro-Clinico-NeMO-05-300x200.jpg 300w,https:\/\/www.centrocliniconemo.it\/wp-content\/uploads\/2025\/03\/Due-SLAvadent-alla-SLA-Niguarda-Milano-2025-Francesco-Renga-Enrico-Bertolino-Ale-Franz-Lunanzio-Federica-Ferrari-Zelig-Jaga-Pirates-comici-Centro-Clinico-NeMO-05-1024x684.jpg 1024w,https:\/\/www.centrocliniconemo.it\/wp-content\/uploads\/2025\/03\/Due-SLAvadent-alla-SLA-Niguarda-Milano-2025-Francesco-Renga-Enrico-Bertolino-Ale-Franz-Lunanzio-Federica-Ferrari-Zelig-Jaga-Pirates-comici-Centro-Clinico-NeMO-05.jpg 1616w\" sizes=\"auto, 250px\"\/><\/a><\/div><div class=\"sgb-item\"><a href=\"https:\/\/www.centrocliniconemo.it\/?attachment_id=24379\" target=\"_blank\"><img loading=\"lazy\" decoding=\"async\" alt=\"\" width=\"300\" height=\"200\" loading=\"lazy\" src=\"https:\/\/www.centrocliniconemo.it\/wp-content\/uploads\/2025\/03\/Due-SLAvadent-alla-SLA-Niguarda-Milano-2025-Francesco-Renga-Enrico-Bertolino-Ale-Franz-Lunanzio-Federica-Ferrari-Zelig-Jaga-Pirates-comici-Centro-Clinico-NeMO-07-300x200.jpg\" srcset=\"https:\/\/www.centrocliniconemo.it\/wp-content\/uploads\/2025\/03\/Due-SLAvadent-alla-SLA-Niguarda-Milano-2025-Francesco-Renga-Enrico-Bertolino-Ale-Franz-Lunanzio-Federica-Ferrari-Zelig-Jaga-Pirates-comici-Centro-Clinico-NeMO-07-300x200.jpg 300w,https:\/\/www.centrocliniconemo.it\/wp-content\/uploads\/2025\/03\/Due-SLAvadent-alla-SLA-Niguarda-Milano-2025-Francesco-Renga-Enrico-Bertolino-Ale-Franz-Lunanzio-Federica-Ferrari-Zelig-Jaga-Pirates-comici-Centro-Clinico-NeMO-07-1024x684.jpg 1024w,https:\/\/www.centrocliniconemo.it\/wp-content\/uploads\/2025\/03\/Due-SLAvadent-alla-SLA-Niguarda-Milano-2025-Francesco-Renga-Enrico-Bertolino-Ale-Franz-Lunanzio-Federica-Ferrari-Zelig-Jaga-Pirates-comici-Centro-Clinico-NeMO-07.jpg 1616w\" sizes=\"auto, 250px\"\/><\/a><\/div><\/div><\/noscript><\/div><script type=\"application\/json\" class=\"sgb-data\">{\"sliderAdminWidth\":1400,\"galleryType\":\"pgc_sgb_slider\",\"galleryId\":\"7cd69750\",\"images\":[{\"id\":24421,\"title\":\"Due SLAvadent alla SLA Niguarda Milano 2025 Francesco Renga Enrico Bertolino Ale Franz Lunanzio Federica Ferrari Zelig Jaga Pirates comici Centro Clinico NeMO 18\",\"url\":\"https:\/\/www.centrocliniconemo.it\/wp-content\/uploads\/2025\/03\/Due-SLAvadent-alla-SLA-Niguarda-Milano-2025-Francesco-Renga-Enrico-Bertolino-Ale-Franz-Lunanzio-Federica-Ferrari-Zelig-Jaga-Pirates-comici-Centro-Clinico-NeMO-18-scaled.jpg\",\"link\":\"https:\/\/www.centrocliniconemo.it\/?attachment_id=24421\",\"alt\":\"\",\"description\":\"\",\"caption\":\"\",\"mime\":\"image\/jpeg\",\"type\":\"image\",\"width\":2560,\"height\":1920,\"sizes\":{\"thumbnail\":{\"height\":150,\"width\":150,\"url\":\"https:\/\/www.centrocliniconemo.it\/wp-content\/uploads\/2025\/03\/Due-SLAvadent-alla-SLA-Niguarda-Milano-2025-Francesco-Renga-Enrico-Bertolino-Ale-Franz-Lunanzio-Federica-Ferrari-Zelig-Jaga-Pirates-comici-Centro-Clinico-NeMO-18-150x150.jpg\",\"orientation\":\"landscape\"},\"medium\":{\"height\":225,\"width\":300,\"url\":\"https:\/\/www.centrocliniconemo.it\/wp-content\/uploads\/2025\/03\/Due-SLAvadent-alla-SLA-Niguarda-Milano-2025-Francesco-Renga-Enrico-Bertolino-Ale-Franz-Lunanzio-Federica-Ferrari-Zelig-Jaga-Pirates-comici-Centro-Clinico-NeMO-18-300x225.jpg\",\"orientation\":\"landscape\"},\"large\":{\"height\":768,\"width\":1024,\"url\":\"https:\/\/www.centrocliniconemo.it\/wp-content\/uploads\/2025\/03\/Due-SLAvadent-alla-SLA-Niguarda-Milano-2025-Francesco-Renga-Enrico-Bertolino-Ale-Franz-Lunanzio-Federica-Ferrari-Zelig-Jaga-Pirates-comici-Centro-Clinico-NeMO-18-1024x768.jpg\",\"orientation\":\"landscape\"},\"full\":{\"url\":\"https:\/\/www.centrocliniconemo.it\/wp-content\/uploads\/2025\/03\/Due-SLAvadent-alla-SLA-Niguarda-Milano-2025-Francesco-Renga-Enrico-Bertolino-Ale-Franz-Lunanzio-Federica-Ferrari-Zelig-Jaga-Pirates-comici-Centro-Clinico-NeMO-18-scaled.jpg\",\"height\":1920,\"width\":2560,\"orientation\":\"landscape\"}},\"imageMeta\":{\"aperture\":\"0\",\"credit\":\"\",\"camera\":\"\",\"caption\":\"\",\"created_timestamp\":\"0\",\"copyright\":\"\",\"focal_length\":\"0\",\"iso\":\"0\",\"shutter_speed\":\"0\",\"title\":\"\",\"orientation\":\"0\",\"keywords\":[]},\"meta\":false,\"postlink\":\"https:\/\/www.centrocliniconemo.it\/?attachment_id=24421\"},{\"id\":24405,\"title\":\"Due SLAvadent alla SLA Niguarda Milano 2025 Francesco Renga Enrico Bertolino Ale Franz Lunanzio Federica Ferrari Zelig Jaga Pirates comici Centro Clinico NeMO 16\",\"url\":\"https:\/\/www.centrocliniconemo.it\/wp-content\/uploads\/2025\/03\/Due-SLAvadent-alla-SLA-Niguarda-Milano-2025-Francesco-Renga-Enrico-Bertolino-Ale-Franz-Lunanzio-Federica-Ferrari-Zelig-Jaga-Pirates-comici-Centro-Clinico-NeMO-16.jpg\",\"link\":\"https:\/\/www.centrocliniconemo.it\/?attachment_id=24405\",\"alt\":\"\",\"description\":\"\",\"caption\":\"\",\"mime\":\"image\/jpeg\",\"type\":\"image\",\"width\":1616,\"height\":1080,\"sizes\":{\"thumbnail\":{\"height\":150,\"width\":150,\"url\":\"https:\/\/www.centrocliniconemo.it\/wp-content\/uploads\/2025\/03\/Due-SLAvadent-alla-SLA-Niguarda-Milano-2025-Francesco-Renga-Enrico-Bertolino-Ale-Franz-Lunanzio-Federica-Ferrari-Zelig-Jaga-Pirates-comici-Centro-Clinico-NeMO-16-150x150.jpg\",\"orientation\":\"landscape\"},\"medium\":{\"height\":200,\"width\":300,\"url\":\"https:\/\/www.centrocliniconemo.it\/wp-content\/uploads\/2025\/03\/Due-SLAvadent-alla-SLA-Niguarda-Milano-2025-Francesco-Renga-Enrico-Bertolino-Ale-Franz-Lunanzio-Federica-Ferrari-Zelig-Jaga-Pirates-comici-Centro-Clinico-NeMO-16-300x200.jpg\",\"orientation\":\"landscape\"},\"large\":{\"height\":684,\"width\":1024,\"url\":\"https:\/\/www.centrocliniconemo.it\/wp-content\/uploads\/2025\/03\/Due-SLAvadent-alla-SLA-Niguarda-Milano-2025-Francesco-Renga-Enrico-Bertolino-Ale-Franz-Lunanzio-Federica-Ferrari-Zelig-Jaga-Pirates-comici-Centro-Clinico-NeMO-16-1024x684.jpg\",\"orientation\":\"landscape\"},\"full\":{\"url\":\"https:\/\/www.centrocliniconemo.it\/wp-content\/uploads\/2025\/03\/Due-SLAvadent-alla-SLA-Niguarda-Milano-2025-Francesco-Renga-Enrico-Bertolino-Ale-Franz-Lunanzio-Federica-Ferrari-Zelig-Jaga-Pirates-comici-Centro-Clinico-NeMO-16.jpg\",\"height\":1080,\"width\":1616,\"orientation\":\"landscape\"}},\"imageMeta\":{\"aperture\":\"2.8\",\"credit\":\"\",\"camera\":\"ILCE-7M4\",\"caption\":\"\",\"created_timestamp\":\"1742770364\",\"copyright\":\"\",\"focal_length\":\"28\",\"iso\":\"2000\",\"shutter_speed\":\"0.008\",\"title\":\"\",\"orientation\":\"0\",\"keywords\":[]},\"meta\":false,\"postlink\":\"https:\/\/www.centrocliniconemo.it\/?attachment_id=24405\"},{\"id\":24403,\"title\":\"Due SLAvadent alla SLA Niguarda Milano 2025 Francesco Renga Enrico Bertolino Ale Franz Lunanzio Federica Ferrari Zelig Jaga Pirates comici Centro Clinico NeMO 15\",\"url\":\"https:\/\/www.centrocliniconemo.it\/wp-content\/uploads\/2025\/03\/Due-SLAvadent-alla-SLA-Niguarda-Milano-2025-Francesco-Renga-Enrico-Bertolino-Ale-Franz-Lunanzio-Federica-Ferrari-Zelig-Jaga-Pirates-comici-Centro-Clinico-NeMO-15.jpg\",\"link\":\"https:\/\/www.centrocliniconemo.it\/?attachment_id=24403\",\"alt\":\"\",\"description\":\"\",\"caption\":\"\",\"mime\":\"image\/jpeg\",\"type\":\"image\",\"width\":1616,\"height\":1080,\"sizes\":{\"thumbnail\":{\"height\":150,\"width\":150,\"url\":\"https:\/\/www.centrocliniconemo.it\/wp-content\/uploads\/2025\/03\/Due-SLAvadent-alla-SLA-Niguarda-Milano-2025-Francesco-Renga-Enrico-Bertolino-Ale-Franz-Lunanzio-Federica-Ferrari-Zelig-Jaga-Pirates-comici-Centro-Clinico-NeMO-15-150x150.jpg\",\"orientation\":\"landscape\"},\"medium\":{\"height\":200,\"width\":300,\"url\":\"https:\/\/www.centrocliniconemo.it\/wp-content\/uploads\/2025\/03\/Due-SLAvadent-alla-SLA-Niguarda-Milano-2025-Francesco-Renga-Enrico-Bertolino-Ale-Franz-Lunanzio-Federica-Ferrari-Zelig-Jaga-Pirates-comici-Centro-Clinico-NeMO-15-300x200.jpg\",\"orientation\":\"landscape\"},\"large\":{\"height\":684,\"width\":1024,\"url\":\"https:\/\/www.centrocliniconemo.it\/wp-content\/uploads\/2025\/03\/Due-SLAvadent-alla-SLA-Niguarda-Milano-2025-Francesco-Renga-Enrico-Bertolino-Ale-Franz-Lunanzio-Federica-Ferrari-Zelig-Jaga-Pirates-comici-Centro-Clinico-NeMO-15-1024x684.jpg\",\"orientation\":\"landscape\"},\"full\":{\"url\":\"https:\/\/www.centrocliniconemo.it\/wp-content\/uploads\/2025\/03\/Due-SLAvadent-alla-SLA-Niguarda-Milano-2025-Francesco-Renga-Enrico-Bertolino-Ale-Franz-Lunanzio-Federica-Ferrari-Zelig-Jaga-Pirates-comici-Centro-Clinico-NeMO-15.jpg\",\"height\":1080,\"width\":1616,\"orientation\":\"landscape\"}},\"imageMeta\":{\"aperture\":\"2.8\",\"credit\":\"\",\"camera\":\"ILCE-7M4\",\"caption\":\"\",\"created_timestamp\":\"1742769812\",\"copyright\":\"\",\"focal_length\":\"28\",\"iso\":\"320\",\"shutter_speed\":\"0.008\",\"title\":\"\",\"orientation\":\"1\",\"keywords\":[]},\"meta\":false,\"postlink\":\"https:\/\/www.centrocliniconemo.it\/?attachment_id=24403\"},{\"id\":24393,\"title\":\"Due SLAvadent alla SLA Niguarda Milano 2025 Francesco Renga Enrico Bertolino Ale Franz Lunanzio Federica Ferrari Zelig Jaga Pirates comici Centro Clinico NeMO 10\",\"url\":\"https:\/\/www.centrocliniconemo.it\/wp-content\/uploads\/2025\/03\/Due-SLAvadent-alla-SLA-Niguarda-Milano-2025-Francesco-Renga-Enrico-Bertolino-Ale-Franz-Lunanzio-Federica-Ferrari-Zelig-Jaga-Pirates-comici-Centro-Clinico-NeMO-10.jpg\",\"link\":\"https:\/\/www.centrocliniconemo.it\/?attachment_id=24393\",\"alt\":\"\",\"description\":\"\",\"caption\":\"\",\"mime\":\"image\/jpeg\",\"type\":\"image\",\"width\":1616,\"height\":1080,\"sizes\":{\"thumbnail\":{\"height\":150,\"width\":150,\"url\":\"https:\/\/www.centrocliniconemo.it\/wp-content\/uploads\/2025\/03\/Due-SLAvadent-alla-SLA-Niguarda-Milano-2025-Francesco-Renga-Enrico-Bertolino-Ale-Franz-Lunanzio-Federica-Ferrari-Zelig-Jaga-Pirates-comici-Centro-Clinico-NeMO-10-150x150.jpg\",\"orientation\":\"landscape\"},\"medium\":{\"height\":200,\"width\":300,\"url\":\"https:\/\/www.centrocliniconemo.it\/wp-content\/uploads\/2025\/03\/Due-SLAvadent-alla-SLA-Niguarda-Milano-2025-Francesco-Renga-Enrico-Bertolino-Ale-Franz-Lunanzio-Federica-Ferrari-Zelig-Jaga-Pirates-comici-Centro-Clinico-NeMO-10-300x200.jpg\",\"orientation\":\"landscape\"},\"large\":{\"height\":684,\"width\":1024,\"url\":\"https:\/\/www.centrocliniconemo.it\/wp-content\/uploads\/2025\/03\/Due-SLAvadent-alla-SLA-Niguarda-Milano-2025-Francesco-Renga-Enrico-Bertolino-Ale-Franz-Lunanzio-Federica-Ferrari-Zelig-Jaga-Pirates-comici-Centro-Clinico-NeMO-10-1024x684.jpg\",\"orientation\":\"landscape\"},\"full\":{\"url\":\"https:\/\/www.centrocliniconemo.it\/wp-content\/uploads\/2025\/03\/Due-SLAvadent-alla-SLA-Niguarda-Milano-2025-Francesco-Renga-Enrico-Bertolino-Ale-Franz-Lunanzio-Federica-Ferrari-Zelig-Jaga-Pirates-comici-Centro-Clinico-NeMO-10.jpg\",\"height\":1080,\"width\":1616,\"orientation\":\"landscape\"}},\"imageMeta\":{\"aperture\":\"2.8\",\"credit\":\"\",\"camera\":\"ILCE-7M4\",\"caption\":\"\",\"created_timestamp\":\"1742764299\",\"copyright\":\"\",\"focal_length\":\"75\",\"iso\":\"500\",\"shutter_speed\":\"0.016666666666667\",\"title\":\"\",\"orientation\":\"1\",\"keywords\":[]},\"meta\":false,\"postlink\":\"https:\/\/www.centrocliniconemo.it\/?attachment_id=24393\"},{\"id\":24417,\"title\":\"Due SLAvadent alla SLA Niguarda Milano 2025 Francesco Renga Enrico Bertolino Ale Franz Lunanzio Federica Ferrari Zelig Jaga Pirates comici Centro Clinico NeMO 24\",\"url\":\"https:\/\/www.centrocliniconemo.it\/wp-content\/uploads\/2025\/03\/Due-SLAvadent-alla-SLA-Niguarda-Milano-2025-Francesco-Renga-Enrico-Bertolino-Ale-Franz-Lunanzio-Federica-Ferrari-Zelig-Jaga-Pirates-comici-Centro-Clinico-NeMO-24-scaled.jpg\",\"link\":\"https:\/\/www.centrocliniconemo.it\/?attachment_id=24417\",\"alt\":\"\",\"description\":\"\",\"caption\":\"\",\"mime\":\"image\/jpeg\",\"type\":\"image\",\"width\":2560,\"height\":1440,\"sizes\":{\"thumbnail\":{\"height\":150,\"width\":150,\"url\":\"https:\/\/www.centrocliniconemo.it\/wp-content\/uploads\/2025\/03\/Due-SLAvadent-alla-SLA-Niguarda-Milano-2025-Francesco-Renga-Enrico-Bertolino-Ale-Franz-Lunanzio-Federica-Ferrari-Zelig-Jaga-Pirates-comici-Centro-Clinico-NeMO-24-150x150.jpg\",\"orientation\":\"landscape\"},\"medium\":{\"height\":169,\"width\":300,\"url\":\"https:\/\/www.centrocliniconemo.it\/wp-content\/uploads\/2025\/03\/Due-SLAvadent-alla-SLA-Niguarda-Milano-2025-Francesco-Renga-Enrico-Bertolino-Ale-Franz-Lunanzio-Federica-Ferrari-Zelig-Jaga-Pirates-comici-Centro-Clinico-NeMO-24-300x169.jpg\",\"orientation\":\"landscape\"},\"large\":{\"height\":576,\"width\":1024,\"url\":\"https:\/\/www.centrocliniconemo.it\/wp-content\/uploads\/2025\/03\/Due-SLAvadent-alla-SLA-Niguarda-Milano-2025-Francesco-Renga-Enrico-Bertolino-Ale-Franz-Lunanzio-Federica-Ferrari-Zelig-Jaga-Pirates-comici-Centro-Clinico-NeMO-24-1024x576.jpg\",\"orientation\":\"landscape\"},\"full\":{\"url\":\"https:\/\/www.centrocliniconemo.it\/wp-content\/uploads\/2025\/03\/Due-SLAvadent-alla-SLA-Niguarda-Milano-2025-Francesco-Renga-Enrico-Bertolino-Ale-Franz-Lunanzio-Federica-Ferrari-Zelig-Jaga-Pirates-comici-Centro-Clinico-NeMO-24-scaled.jpg\",\"height\":1440,\"width\":2560,\"orientation\":\"landscape\"}},\"imageMeta\":{\"aperture\":\"0\",\"credit\":\"\",\"camera\":\"\",\"caption\":\"\",\"created_timestamp\":\"0\",\"copyright\":\"\",\"focal_length\":\"0\",\"iso\":\"0\",\"shutter_speed\":\"0\",\"title\":\"\",\"orientation\":\"0\",\"keywords\":[]},\"meta\":false,\"postlink\":\"https:\/\/www.centrocliniconemo.it\/?attachment_id=24417\"},{\"id\":24415,\"title\":\"Due SLAvadent alla SLA Niguarda Milano 2025 Francesco Renga Enrico Bertolino Ale Franz Lunanzio Federica Ferrari Zelig Jaga Pirates comici Centro Clinico NeMO 23\",\"url\":\"https:\/\/www.centrocliniconemo.it\/wp-content\/uploads\/2025\/03\/Due-SLAvadent-alla-SLA-Niguarda-Milano-2025-Francesco-Renga-Enrico-Bertolino-Ale-Franz-Lunanzio-Federica-Ferrari-Zelig-Jaga-Pirates-comici-Centro-Clinico-NeMO-23.jpg\",\"link\":\"https:\/\/www.centrocliniconemo.it\/?attachment_id=24415\",\"alt\":\"\",\"description\":\"\",\"caption\":\"\",\"mime\":\"image\/jpeg\",\"type\":\"image\",\"width\":1616,\"height\":1080,\"sizes\":{\"thumbnail\":{\"height\":150,\"width\":150,\"url\":\"https:\/\/www.centrocliniconemo.it\/wp-content\/uploads\/2025\/03\/Due-SLAvadent-alla-SLA-Niguarda-Milano-2025-Francesco-Renga-Enrico-Bertolino-Ale-Franz-Lunanzio-Federica-Ferrari-Zelig-Jaga-Pirates-comici-Centro-Clinico-NeMO-23-150x150.jpg\",\"orientation\":\"landscape\"},\"medium\":{\"height\":200,\"width\":300,\"url\":\"https:\/\/www.centrocliniconemo.it\/wp-content\/uploads\/2025\/03\/Due-SLAvadent-alla-SLA-Niguarda-Milano-2025-Francesco-Renga-Enrico-Bertolino-Ale-Franz-Lunanzio-Federica-Ferrari-Zelig-Jaga-Pirates-comici-Centro-Clinico-NeMO-23-300x200.jpg\",\"orientation\":\"landscape\"},\"large\":{\"height\":684,\"width\":1024,\"url\":\"https:\/\/www.centrocliniconemo.it\/wp-content\/uploads\/2025\/03\/Due-SLAvadent-alla-SLA-Niguarda-Milano-2025-Francesco-Renga-Enrico-Bertolino-Ale-Franz-Lunanzio-Federica-Ferrari-Zelig-Jaga-Pirates-comici-Centro-Clinico-NeMO-23-1024x684.jpg\",\"orientation\":\"landscape\"},\"full\":{\"url\":\"https:\/\/www.centrocliniconemo.it\/wp-content\/uploads\/2025\/03\/Due-SLAvadent-alla-SLA-Niguarda-Milano-2025-Francesco-Renga-Enrico-Bertolino-Ale-Franz-Lunanzio-Federica-Ferrari-Zelig-Jaga-Pirates-comici-Centro-Clinico-NeMO-23.jpg\",\"height\":1080,\"width\":1616,\"orientation\":\"landscape\"}},\"imageMeta\":{\"aperture\":\"2.8\",\"credit\":\"\",\"camera\":\"ILCE-7M4\",\"caption\":\"\",\"created_timestamp\":\"1742763191\",\"copyright\":\"\",\"focal_length\":\"75\",\"iso\":\"500\",\"shutter_speed\":\"0.01\",\"title\":\"\",\"orientation\":\"1\",\"keywords\":[]},\"meta\":false,\"postlink\":\"https:\/\/www.centrocliniconemo.it\/?attachment_id=24415\"},{\"id\":24389,\"title\":\"Due SLAvadent alla SLA Niguarda Milano 2025 Francesco Renga Enrico Bertolino Ale Franz Lunanzio Federica Ferrari Zelig Jaga Pirates comici Centro Clinico NeMO 02\",\"url\":\"https:\/\/www.centrocliniconemo.it\/wp-content\/uploads\/2025\/03\/Due-SLAvadent-alla-SLA-Niguarda-Milano-2025-Francesco-Renga-Enrico-Bertolino-Ale-Franz-Lunanzio-Federica-Ferrari-Zelig-Jaga-Pirates-comici-Centro-Clinico-NeMO-02.jpg\",\"link\":\"https:\/\/www.centrocliniconemo.it\/?attachment_id=24389\",\"alt\":\"\",\"description\":\"\",\"caption\":\"\",\"mime\":\"image\/jpeg\",\"type\":\"image\",\"width\":1616,\"height\":1080,\"sizes\":{\"thumbnail\":{\"height\":150,\"width\":150,\"url\":\"https:\/\/www.centrocliniconemo.it\/wp-content\/uploads\/2025\/03\/Due-SLAvadent-alla-SLA-Niguarda-Milano-2025-Francesco-Renga-Enrico-Bertolino-Ale-Franz-Lunanzio-Federica-Ferrari-Zelig-Jaga-Pirates-comici-Centro-Clinico-NeMO-02-150x150.jpg\",\"orientation\":\"landscape\"},\"medium\":{\"height\":200,\"width\":300,\"url\":\"https:\/\/www.centrocliniconemo.it\/wp-content\/uploads\/2025\/03\/Due-SLAvadent-alla-SLA-Niguarda-Milano-2025-Francesco-Renga-Enrico-Bertolino-Ale-Franz-Lunanzio-Federica-Ferrari-Zelig-Jaga-Pirates-comici-Centro-Clinico-NeMO-02-300x200.jpg\",\"orientation\":\"landscape\"},\"large\":{\"height\":684,\"width\":1024,\"url\":\"https:\/\/www.centrocliniconemo.it\/wp-content\/uploads\/2025\/03\/Due-SLAvadent-alla-SLA-Niguarda-Milano-2025-Francesco-Renga-Enrico-Bertolino-Ale-Franz-Lunanzio-Federica-Ferrari-Zelig-Jaga-Pirates-comici-Centro-Clinico-NeMO-02-1024x684.jpg\",\"orientation\":\"landscape\"},\"full\":{\"url\":\"https:\/\/www.centrocliniconemo.it\/wp-content\/uploads\/2025\/03\/Due-SLAvadent-alla-SLA-Niguarda-Milano-2025-Francesco-Renga-Enrico-Bertolino-Ale-Franz-Lunanzio-Federica-Ferrari-Zelig-Jaga-Pirates-comici-Centro-Clinico-NeMO-02.jpg\",\"height\":1080,\"width\":1616,\"orientation\":\"landscape\"}},\"imageMeta\":{\"aperture\":\"2.8\",\"credit\":\"\",\"camera\":\"ILCE-7M4\",\"caption\":\"\",\"created_timestamp\":\"1742763775\",\"copyright\":\"\",\"focal_length\":\"75\",\"iso\":\"6400\",\"shutter_speed\":\"0.01\",\"title\":\"\",\"orientation\":\"0\",\"keywords\":[]},\"meta\":false,\"postlink\":\"https:\/\/www.centrocliniconemo.it\/?attachment_id=24389\"},{\"id\":24411,\"title\":\"Due SLAvadent alla SLA Niguarda Milano 2025 Francesco Renga Enrico Bertolino Ale Franz Lunanzio Federica Ferrari Zelig Jaga Pirates comici Centro Clinico NeMO 21\",\"url\":\"https:\/\/www.centrocliniconemo.it\/wp-content\/uploads\/2025\/03\/Due-SLAvadent-alla-SLA-Niguarda-Milano-2025-Francesco-Renga-Enrico-Bertolino-Ale-Franz-Lunanzio-Federica-Ferrari-Zelig-Jaga-Pirates-comici-Centro-Clinico-NeMO-21.jpg\",\"link\":\"https:\/\/www.centrocliniconemo.it\/?attachment_id=24411\",\"alt\":\"\",\"description\":\"\",\"caption\":\"\",\"mime\":\"image\/jpeg\",\"type\":\"image\",\"width\":1616,\"height\":1080,\"sizes\":{\"thumbnail\":{\"height\":150,\"width\":150,\"url\":\"https:\/\/www.centrocliniconemo.it\/wp-content\/uploads\/2025\/03\/Due-SLAvadent-alla-SLA-Niguarda-Milano-2025-Francesco-Renga-Enrico-Bertolino-Ale-Franz-Lunanzio-Federica-Ferrari-Zelig-Jaga-Pirates-comici-Centro-Clinico-NeMO-21-150x150.jpg\",\"orientation\":\"landscape\"},\"medium\":{\"height\":200,\"width\":300,\"url\":\"https:\/\/www.centrocliniconemo.it\/wp-content\/uploads\/2025\/03\/Due-SLAvadent-alla-SLA-Niguarda-Milano-2025-Francesco-Renga-Enrico-Bertolino-Ale-Franz-Lunanzio-Federica-Ferrari-Zelig-Jaga-Pirates-comici-Centro-Clinico-NeMO-21-300x200.jpg\",\"orientation\":\"landscape\"},\"large\":{\"height\":684,\"width\":1024,\"url\":\"https:\/\/www.centrocliniconemo.it\/wp-content\/uploads\/2025\/03\/Due-SLAvadent-alla-SLA-Niguarda-Milano-2025-Francesco-Renga-Enrico-Bertolino-Ale-Franz-Lunanzio-Federica-Ferrari-Zelig-Jaga-Pirates-comici-Centro-Clinico-NeMO-21-1024x684.jpg\",\"orientation\":\"landscape\"},\"full\":{\"url\":\"https:\/\/www.centrocliniconemo.it\/wp-content\/uploads\/2025\/03\/Due-SLAvadent-alla-SLA-Niguarda-Milano-2025-Francesco-Renga-Enrico-Bertolino-Ale-Franz-Lunanzio-Federica-Ferrari-Zelig-Jaga-Pirates-comici-Centro-Clinico-NeMO-21.jpg\",\"height\":1080,\"width\":1616,\"orientation\":\"landscape\"}},\"imageMeta\":{\"aperture\":\"2.8\",\"credit\":\"\",\"camera\":\"ILCE-7M4\",\"caption\":\"\",\"created_timestamp\":\"1742763295\",\"copyright\":\"\",\"focal_length\":\"75\",\"iso\":\"1000\",\"shutter_speed\":\"0.01\",\"title\":\"\",\"orientation\":\"1\",\"keywords\":[]},\"meta\":false,\"postlink\":\"https:\/\/www.centrocliniconemo.it\/?attachment_id=24411\"},{\"id\":24377,\"title\":\"Due SLAvadent alla SLA Niguarda Milano 2025 Francesco Renga Enrico Bertolino Ale Franz Lunanzio Federica Ferrari Zelig Jaga Pirates comici Centro Clinico NeMO 08\",\"url\":\"https:\/\/www.centrocliniconemo.it\/wp-content\/uploads\/2025\/03\/Due-SLAvadent-alla-SLA-Niguarda-Milano-2025-Francesco-Renga-Enrico-Bertolino-Ale-Franz-Lunanzio-Federica-Ferrari-Zelig-Jaga-Pirates-comici-Centro-Clinico-NeMO-08.jpg\",\"link\":\"https:\/\/www.centrocliniconemo.it\/?attachment_id=24377\",\"alt\":\"\",\"description\":\"\",\"caption\":\"\",\"mime\":\"image\/jpeg\",\"type\":\"image\",\"width\":1616,\"height\":1080,\"sizes\":{\"thumbnail\":{\"height\":150,\"width\":150,\"url\":\"https:\/\/www.centrocliniconemo.it\/wp-content\/uploads\/2025\/03\/Due-SLAvadent-alla-SLA-Niguarda-Milano-2025-Francesco-Renga-Enrico-Bertolino-Ale-Franz-Lunanzio-Federica-Ferrari-Zelig-Jaga-Pirates-comici-Centro-Clinico-NeMO-08-150x150.jpg\",\"orientation\":\"landscape\"},\"medium\":{\"height\":200,\"width\":300,\"url\":\"https:\/\/www.centrocliniconemo.it\/wp-content\/uploads\/2025\/03\/Due-SLAvadent-alla-SLA-Niguarda-Milano-2025-Francesco-Renga-Enrico-Bertolino-Ale-Franz-Lunanzio-Federica-Ferrari-Zelig-Jaga-Pirates-comici-Centro-Clinico-NeMO-08-300x200.jpg\",\"orientation\":\"landscape\"},\"large\":{\"height\":684,\"width\":1024,\"url\":\"https:\/\/www.centrocliniconemo.it\/wp-content\/uploads\/2025\/03\/Due-SLAvadent-alla-SLA-Niguarda-Milano-2025-Francesco-Renga-Enrico-Bertolino-Ale-Franz-Lunanzio-Federica-Ferrari-Zelig-Jaga-Pirates-comici-Centro-Clinico-NeMO-08-1024x684.jpg\",\"orientation\":\"landscape\"},\"full\":{\"url\":\"https:\/\/www.centrocliniconemo.it\/wp-content\/uploads\/2025\/03\/Due-SLAvadent-alla-SLA-Niguarda-Milano-2025-Francesco-Renga-Enrico-Bertolino-Ale-Franz-Lunanzio-Federica-Ferrari-Zelig-Jaga-Pirates-comici-Centro-Clinico-NeMO-08.jpg\",\"height\":1080,\"width\":1616,\"orientation\":\"landscape\"}},\"imageMeta\":{\"aperture\":\"4\",\"credit\":\"\",\"camera\":\"ILCE-7M4\",\"caption\":\"\",\"created_timestamp\":\"1742758014\",\"copyright\":\"\",\"focal_length\":\"28\",\"iso\":\"3200\",\"shutter_speed\":\"0.008\",\"title\":\"\",\"orientation\":\"0\",\"keywords\":[]},\"meta\":false,\"postlink\":\"https:\/\/www.centrocliniconemo.it\/?attachment_id=24377\"},{\"id\":24409,\"title\":\"Due SLAvadent alla SLA Niguarda Milano 2025 Francesco Renga Enrico Bertolino Ale Franz Lunanzio Federica Ferrari Zelig Jaga Pirates comici Centro Clinico NeMO 20\",\"url\":\"https:\/\/www.centrocliniconemo.it\/wp-content\/uploads\/2025\/03\/Due-SLAvadent-alla-SLA-Niguarda-Milano-2025-Francesco-Renga-Enrico-Bertolino-Ale-Franz-Lunanzio-Federica-Ferrari-Zelig-Jaga-Pirates-comici-Centro-Clinico-NeMO-20.jpg\",\"link\":\"https:\/\/www.centrocliniconemo.it\/?attachment_id=24409\",\"alt\":\"\",\"description\":\"\",\"caption\":\"\",\"mime\":\"image\/jpeg\",\"type\":\"image\",\"width\":1616,\"height\":1080,\"sizes\":{\"thumbnail\":{\"height\":150,\"width\":150,\"url\":\"https:\/\/www.centrocliniconemo.it\/wp-content\/uploads\/2025\/03\/Due-SLAvadent-alla-SLA-Niguarda-Milano-2025-Francesco-Renga-Enrico-Bertolino-Ale-Franz-Lunanzio-Federica-Ferrari-Zelig-Jaga-Pirates-comici-Centro-Clinico-NeMO-20-150x150.jpg\",\"orientation\":\"landscape\"},\"medium\":{\"height\":200,\"width\":300,\"url\":\"https:\/\/www.centrocliniconemo.it\/wp-content\/uploads\/2025\/03\/Due-SLAvadent-alla-SLA-Niguarda-Milano-2025-Francesco-Renga-Enrico-Bertolino-Ale-Franz-Lunanzio-Federica-Ferrari-Zelig-Jaga-Pirates-comici-Centro-Clinico-NeMO-20-300x200.jpg\",\"orientation\":\"landscape\"},\"large\":{\"height\":684,\"width\":1024,\"url\":\"https:\/\/www.centrocliniconemo.it\/wp-content\/uploads\/2025\/03\/Due-SLAvadent-alla-SLA-Niguarda-Milano-2025-Francesco-Renga-Enrico-Bertolino-Ale-Franz-Lunanzio-Federica-Ferrari-Zelig-Jaga-Pirates-comici-Centro-Clinico-NeMO-20-1024x684.jpg\",\"orientation\":\"landscape\"},\"full\":{\"url\":\"https:\/\/www.centrocliniconemo.it\/wp-content\/uploads\/2025\/03\/Due-SLAvadent-alla-SLA-Niguarda-Milano-2025-Francesco-Renga-Enrico-Bertolino-Ale-Franz-Lunanzio-Federica-Ferrari-Zelig-Jaga-Pirates-comici-Centro-Clinico-NeMO-20.jpg\",\"height\":1080,\"width\":1616,\"orientation\":\"landscape\"}},\"imageMeta\":{\"aperture\":\"2.8\",\"credit\":\"\",\"camera\":\"ILCE-7M4\",\"caption\":\"\",\"created_timestamp\":\"1742763455\",\"copyright\":\"\",\"focal_length\":\"28\",\"iso\":\"500\",\"shutter_speed\":\"0.01\",\"title\":\"\",\"orientation\":\"1\",\"keywords\":[]},\"meta\":false,\"postlink\":\"https:\/\/www.centrocliniconemo.it\/?attachment_id=24409\"},{\"id\":24407,\"title\":\"Due SLAvadent alla SLA Niguarda Milano 2025 Francesco Renga Enrico Bertolino Ale Franz Lunanzio Federica Ferrari Zelig Jaga Pirates comici Centro Clinico NeMO 19\",\"url\":\"https:\/\/www.centrocliniconemo.it\/wp-content\/uploads\/2025\/03\/Due-SLAvadent-alla-SLA-Niguarda-Milano-2025-Francesco-Renga-Enrico-Bertolino-Ale-Franz-Lunanzio-Federica-Ferrari-Zelig-Jaga-Pirates-comici-Centro-Clinico-NeMO-19.jpg\",\"link\":\"https:\/\/www.centrocliniconemo.it\/?attachment_id=24407\",\"alt\":\"\",\"description\":\"\",\"caption\":\"\",\"mime\":\"image\/jpeg\",\"type\":\"image\",\"width\":1616,\"height\":1080,\"sizes\":{\"thumbnail\":{\"height\":150,\"width\":150,\"url\":\"https:\/\/www.centrocliniconemo.it\/wp-content\/uploads\/2025\/03\/Due-SLAvadent-alla-SLA-Niguarda-Milano-2025-Francesco-Renga-Enrico-Bertolino-Ale-Franz-Lunanzio-Federica-Ferrari-Zelig-Jaga-Pirates-comici-Centro-Clinico-NeMO-19-150x150.jpg\",\"orientation\":\"landscape\"},\"medium\":{\"height\":200,\"width\":300,\"url\":\"https:\/\/www.centrocliniconemo.it\/wp-content\/uploads\/2025\/03\/Due-SLAvadent-alla-SLA-Niguarda-Milano-2025-Francesco-Renga-Enrico-Bertolino-Ale-Franz-Lunanzio-Federica-Ferrari-Zelig-Jaga-Pirates-comici-Centro-Clinico-NeMO-19-300x200.jpg\",\"orientation\":\"landscape\"},\"large\":{\"height\":684,\"width\":1024,\"url\":\"https:\/\/www.centrocliniconemo.it\/wp-content\/uploads\/2025\/03\/Due-SLAvadent-alla-SLA-Niguarda-Milano-2025-Francesco-Renga-Enrico-Bertolino-Ale-Franz-Lunanzio-Federica-Ferrari-Zelig-Jaga-Pirates-comici-Centro-Clinico-NeMO-19-1024x684.jpg\",\"orientation\":\"landscape\"},\"full\":{\"url\":\"https:\/\/www.centrocliniconemo.it\/wp-content\/uploads\/2025\/03\/Due-SLAvadent-alla-SLA-Niguarda-Milano-2025-Francesco-Renga-Enrico-Bertolino-Ale-Franz-Lunanzio-Federica-Ferrari-Zelig-Jaga-Pirates-comici-Centro-Clinico-NeMO-19.jpg\",\"height\":1080,\"width\":1616,\"orientation\":\"landscape\"}},\"imageMeta\":{\"aperture\":\"2.8\",\"credit\":\"\",\"camera\":\"ILCE-7M4\",\"caption\":\"\",\"created_timestamp\":\"1742764047\",\"copyright\":\"\",\"focal_length\":\"28\",\"iso\":\"800\",\"shutter_speed\":\"0.01\",\"title\":\"\",\"orientation\":\"1\",\"keywords\":[]},\"meta\":false,\"postlink\":\"https:\/\/www.centrocliniconemo.it\/?attachment_id=24407\"},{\"id\":24397,\"title\":\"Due SLAvadent alla SLA Niguarda Milano 2025 Francesco Renga Enrico Bertolino Ale Franz Lunanzio Federica Ferrari Zelig Jaga Pirates comici Centro Clinico NeMO 12\",\"url\":\"https:\/\/www.centrocliniconemo.it\/wp-content\/uploads\/2025\/03\/Due-SLAvadent-alla-SLA-Niguarda-Milano-2025-Francesco-Renga-Enrico-Bertolino-Ale-Franz-Lunanzio-Federica-Ferrari-Zelig-Jaga-Pirates-comici-Centro-Clinico-NeMO-12.jpg\",\"link\":\"https:\/\/www.centrocliniconemo.it\/?attachment_id=24397\",\"alt\":\"\",\"description\":\"\",\"caption\":\"\",\"mime\":\"image\/jpeg\",\"type\":\"image\",\"width\":1616,\"height\":1080,\"sizes\":{\"thumbnail\":{\"height\":150,\"width\":150,\"url\":\"https:\/\/www.centrocliniconemo.it\/wp-content\/uploads\/2025\/03\/Due-SLAvadent-alla-SLA-Niguarda-Milano-2025-Francesco-Renga-Enrico-Bertolino-Ale-Franz-Lunanzio-Federica-Ferrari-Zelig-Jaga-Pirates-comici-Centro-Clinico-NeMO-12-150x150.jpg\",\"orientation\":\"landscape\"},\"medium\":{\"height\":200,\"width\":300,\"url\":\"https:\/\/www.centrocliniconemo.it\/wp-content\/uploads\/2025\/03\/Due-SLAvadent-alla-SLA-Niguarda-Milano-2025-Francesco-Renga-Enrico-Bertolino-Ale-Franz-Lunanzio-Federica-Ferrari-Zelig-Jaga-Pirates-comici-Centro-Clinico-NeMO-12-300x200.jpg\",\"orientation\":\"landscape\"},\"large\":{\"height\":684,\"width\":1024,\"url\":\"https:\/\/www.centrocliniconemo.it\/wp-content\/uploads\/2025\/03\/Due-SLAvadent-alla-SLA-Niguarda-Milano-2025-Francesco-Renga-Enrico-Bertolino-Ale-Franz-Lunanzio-Federica-Ferrari-Zelig-Jaga-Pirates-comici-Centro-Clinico-NeMO-12-1024x684.jpg\",\"orientation\":\"landscape\"},\"full\":{\"url\":\"https:\/\/www.centrocliniconemo.it\/wp-content\/uploads\/2025\/03\/Due-SLAvadent-alla-SLA-Niguarda-Milano-2025-Francesco-Renga-Enrico-Bertolino-Ale-Franz-Lunanzio-Federica-Ferrari-Zelig-Jaga-Pirates-comici-Centro-Clinico-NeMO-12.jpg\",\"height\":1080,\"width\":1616,\"orientation\":\"landscape\"}},\"imageMeta\":{\"aperture\":\"2.8\",\"credit\":\"\",\"camera\":\"ILCE-7M4\",\"caption\":\"\",\"created_timestamp\":\"1742768214\",\"copyright\":\"\",\"focal_length\":\"75\",\"iso\":\"400\",\"shutter_speed\":\"0.00625\",\"title\":\"\",\"orientation\":\"1\",\"keywords\":[]},\"meta\":false,\"postlink\":\"https:\/\/www.centrocliniconemo.it\/?attachment_id=24397\"},{\"id\":24375,\"title\":\"Due SLAvadent alla SLA Niguarda Milano 2025 Francesco Renga Enrico Bertolino Ale Franz Lunanzio Federica Ferrari Zelig Jaga Pirates comici Centro Clinico NeMO 09\",\"url\":\"https:\/\/www.centrocliniconemo.it\/wp-content\/uploads\/2025\/03\/Due-SLAvadent-alla-SLA-Niguarda-Milano-2025-Francesco-Renga-Enrico-Bertolino-Ale-Franz-Lunanzio-Federica-Ferrari-Zelig-Jaga-Pirates-comici-Centro-Clinico-NeMO-09-scaled.jpg\",\"link\":\"https:\/\/www.centrocliniconemo.it\/?attachment_id=24375\",\"alt\":\"\",\"description\":\"\",\"caption\":\"\",\"mime\":\"image\/jpeg\",\"type\":\"image\",\"width\":2560,\"height\":1928,\"sizes\":{\"thumbnail\":{\"height\":150,\"width\":150,\"url\":\"https:\/\/www.centrocliniconemo.it\/wp-content\/uploads\/2025\/03\/Due-SLAvadent-alla-SLA-Niguarda-Milano-2025-Francesco-Renga-Enrico-Bertolino-Ale-Franz-Lunanzio-Federica-Ferrari-Zelig-Jaga-Pirates-comici-Centro-Clinico-NeMO-09-150x150.jpg\",\"orientation\":\"landscape\"},\"medium\":{\"height\":226,\"width\":300,\"url\":\"https:\/\/www.centrocliniconemo.it\/wp-content\/uploads\/2025\/03\/Due-SLAvadent-alla-SLA-Niguarda-Milano-2025-Francesco-Renga-Enrico-Bertolino-Ale-Franz-Lunanzio-Federica-Ferrari-Zelig-Jaga-Pirates-comici-Centro-Clinico-NeMO-09-300x226.jpg\",\"orientation\":\"landscape\"},\"large\":{\"height\":771,\"width\":1024,\"url\":\"https:\/\/www.centrocliniconemo.it\/wp-content\/uploads\/2025\/03\/Due-SLAvadent-alla-SLA-Niguarda-Milano-2025-Francesco-Renga-Enrico-Bertolino-Ale-Franz-Lunanzio-Federica-Ferrari-Zelig-Jaga-Pirates-comici-Centro-Clinico-NeMO-09-1024x771.jpg\",\"orientation\":\"landscape\"},\"full\":{\"url\":\"https:\/\/www.centrocliniconemo.it\/wp-content\/uploads\/2025\/03\/Due-SLAvadent-alla-SLA-Niguarda-Milano-2025-Francesco-Renga-Enrico-Bertolino-Ale-Franz-Lunanzio-Federica-Ferrari-Zelig-Jaga-Pirates-comici-Centro-Clinico-NeMO-09-scaled.jpg\",\"height\":1928,\"width\":2560,\"orientation\":\"landscape\"}},\"imageMeta\":{\"aperture\":\"1.85\",\"credit\":\"\",\"camera\":\"Pixel 7\",\"caption\":\"\",\"created_timestamp\":\"1742750204\",\"copyright\":\"\",\"focal_length\":\"6.81\",\"iso\":\"400\",\"shutter_speed\":\"0.018021\",\"title\":\"\",\"orientation\":\"1\",\"keywords\":[]},\"meta\":false,\"postlink\":\"https:\/\/www.centrocliniconemo.it\/?attachment_id=24375\"},{\"id\":24387,\"title\":\"Due SLAvadent alla SLA Niguarda Milano 2025 Francesco Renga Enrico Bertolino Ale Franz Lunanzio Federica Ferrari Zelig Jaga Pirates comici Centro Clinico NeMO 03\",\"url\":\"https:\/\/www.centrocliniconemo.it\/wp-content\/uploads\/2025\/03\/Due-SLAvadent-alla-SLA-Niguarda-Milano-2025-Francesco-Renga-Enrico-Bertolino-Ale-Franz-Lunanzio-Federica-Ferrari-Zelig-Jaga-Pirates-comici-Centro-Clinico-NeMO-03.jpg\",\"link\":\"https:\/\/www.centrocliniconemo.it\/?attachment_id=24387\",\"alt\":\"\",\"description\":\"\",\"caption\":\"\",\"mime\":\"image\/jpeg\",\"type\":\"image\",\"width\":1616,\"height\":1080,\"sizes\":{\"thumbnail\":{\"height\":150,\"width\":150,\"url\":\"https:\/\/www.centrocliniconemo.it\/wp-content\/uploads\/2025\/03\/Due-SLAvadent-alla-SLA-Niguarda-Milano-2025-Francesco-Renga-Enrico-Bertolino-Ale-Franz-Lunanzio-Federica-Ferrari-Zelig-Jaga-Pirates-comici-Centro-Clinico-NeMO-03-150x150.jpg\",\"orientation\":\"landscape\"},\"medium\":{\"height\":200,\"width\":300,\"url\":\"https:\/\/www.centrocliniconemo.it\/wp-content\/uploads\/2025\/03\/Due-SLAvadent-alla-SLA-Niguarda-Milano-2025-Francesco-Renga-Enrico-Bertolino-Ale-Franz-Lunanzio-Federica-Ferrari-Zelig-Jaga-Pirates-comici-Centro-Clinico-NeMO-03-300x200.jpg\",\"orientation\":\"landscape\"},\"large\":{\"height\":684,\"width\":1024,\"url\":\"https:\/\/www.centrocliniconemo.it\/wp-content\/uploads\/2025\/03\/Due-SLAvadent-alla-SLA-Niguarda-Milano-2025-Francesco-Renga-Enrico-Bertolino-Ale-Franz-Lunanzio-Federica-Ferrari-Zelig-Jaga-Pirates-comici-Centro-Clinico-NeMO-03-1024x684.jpg\",\"orientation\":\"landscape\"},\"full\":{\"url\":\"https:\/\/www.centrocliniconemo.it\/wp-content\/uploads\/2025\/03\/Due-SLAvadent-alla-SLA-Niguarda-Milano-2025-Francesco-Renga-Enrico-Bertolino-Ale-Franz-Lunanzio-Federica-Ferrari-Zelig-Jaga-Pirates-comici-Centro-Clinico-NeMO-03.jpg\",\"height\":1080,\"width\":1616,\"orientation\":\"landscape\"}},\"imageMeta\":{\"aperture\":\"2.8\",\"credit\":\"\",\"camera\":\"ILCE-7M4\",\"caption\":\"\",\"created_timestamp\":\"1742762972\",\"copyright\":\"\",\"focal_length\":\"31\",\"iso\":\"1600\",\"shutter_speed\":\"0.01\",\"title\":\"\",\"orientation\":\"1\",\"keywords\":[]},\"meta\":false,\"postlink\":\"https:\/\/www.centrocliniconemo.it\/?attachment_id=24387\"},{\"id\":24381,\"title\":\"Due SLAvadent alla SLA Niguarda Milano 2025 Francesco Renga Enrico Bertolino Ale Franz Lunanzio Federica Ferrari Zelig Jaga Pirates comici Centro Clinico NeMO 06\",\"url\":\"https:\/\/www.centrocliniconemo.it\/wp-content\/uploads\/2025\/03\/Due-SLAvadent-alla-SLA-Niguarda-Milano-2025-Francesco-Renga-Enrico-Bertolino-Ale-Franz-Lunanzio-Federica-Ferrari-Zelig-Jaga-Pirates-comici-Centro-Clinico-NeMO-06.jpg\",\"link\":\"https:\/\/www.centrocliniconemo.it\/?attachment_id=24381\",\"alt\":\"\",\"description\":\"\",\"caption\":\"\",\"mime\":\"image\/jpeg\",\"type\":\"image\",\"width\":1616,\"height\":1080,\"sizes\":{\"thumbnail\":{\"height\":150,\"width\":150,\"url\":\"https:\/\/www.centrocliniconemo.it\/wp-content\/uploads\/2025\/03\/Due-SLAvadent-alla-SLA-Niguarda-Milano-2025-Francesco-Renga-Enrico-Bertolino-Ale-Franz-Lunanzio-Federica-Ferrari-Zelig-Jaga-Pirates-comici-Centro-Clinico-NeMO-06-150x150.jpg\",\"orientation\":\"landscape\"},\"medium\":{\"height\":200,\"width\":300,\"url\":\"https:\/\/www.centrocliniconemo.it\/wp-content\/uploads\/2025\/03\/Due-SLAvadent-alla-SLA-Niguarda-Milano-2025-Francesco-Renga-Enrico-Bertolino-Ale-Franz-Lunanzio-Federica-Ferrari-Zelig-Jaga-Pirates-comici-Centro-Clinico-NeMO-06-300x200.jpg\",\"orientation\":\"landscape\"},\"large\":{\"height\":684,\"width\":1024,\"url\":\"https:\/\/www.centrocliniconemo.it\/wp-content\/uploads\/2025\/03\/Due-SLAvadent-alla-SLA-Niguarda-Milano-2025-Francesco-Renga-Enrico-Bertolino-Ale-Franz-Lunanzio-Federica-Ferrari-Zelig-Jaga-Pirates-comici-Centro-Clinico-NeMO-06-1024x684.jpg\",\"orientation\":\"landscape\"},\"full\":{\"url\":\"https:\/\/www.centrocliniconemo.it\/wp-content\/uploads\/2025\/03\/Due-SLAvadent-alla-SLA-Niguarda-Milano-2025-Francesco-Renga-Enrico-Bertolino-Ale-Franz-Lunanzio-Federica-Ferrari-Zelig-Jaga-Pirates-comici-Centro-Clinico-NeMO-06.jpg\",\"height\":1080,\"width\":1616,\"orientation\":\"landscape\"}},\"imageMeta\":{\"aperture\":\"4\",\"credit\":\"\",\"camera\":\"ILCE-7M4\",\"caption\":\"\",\"created_timestamp\":\"1742758470\",\"copyright\":\"\",\"focal_length\":\"28\",\"iso\":\"1250\",\"shutter_speed\":\"0.008\",\"title\":\"\",\"orientation\":\"0\",\"keywords\":[]},\"meta\":false,\"postlink\":\"https:\/\/www.centrocliniconemo.it\/?attachment_id=24381\"},{\"id\":24385,\"title\":\"Due SLAvadent alla SLA Niguarda Milano 2025 Francesco Renga Enrico Bertolino Ale Franz Lunanzio Federica Ferrari Zelig Jaga Pirates comici Centro Clinico NeMO 04\",\"url\":\"https:\/\/www.centrocliniconemo.it\/wp-content\/uploads\/2025\/03\/Due-SLAvadent-alla-SLA-Niguarda-Milano-2025-Francesco-Renga-Enrico-Bertolino-Ale-Franz-Lunanzio-Federica-Ferrari-Zelig-Jaga-Pirates-comici-Centro-Clinico-NeMO-04.jpg\",\"link\":\"https:\/\/www.centrocliniconemo.it\/?attachment_id=24385\",\"alt\":\"\",\"description\":\"\",\"caption\":\"\",\"mime\":\"image\/jpeg\",\"type\":\"image\",\"width\":1616,\"height\":1080,\"sizes\":{\"thumbnail\":{\"height\":150,\"width\":150,\"url\":\"https:\/\/www.centrocliniconemo.it\/wp-content\/uploads\/2025\/03\/Due-SLAvadent-alla-SLA-Niguarda-Milano-2025-Francesco-Renga-Enrico-Bertolino-Ale-Franz-Lunanzio-Federica-Ferrari-Zelig-Jaga-Pirates-comici-Centro-Clinico-NeMO-04-150x150.jpg\",\"orientation\":\"landscape\"},\"medium\":{\"height\":200,\"width\":300,\"url\":\"https:\/\/www.centrocliniconemo.it\/wp-content\/uploads\/2025\/03\/Due-SLAvadent-alla-SLA-Niguarda-Milano-2025-Francesco-Renga-Enrico-Bertolino-Ale-Franz-Lunanzio-Federica-Ferrari-Zelig-Jaga-Pirates-comici-Centro-Clinico-NeMO-04-300x200.jpg\",\"orientation\":\"landscape\"},\"large\":{\"height\":684,\"width\":1024,\"url\":\"https:\/\/www.centrocliniconemo.it\/wp-content\/uploads\/2025\/03\/Due-SLAvadent-alla-SLA-Niguarda-Milano-2025-Francesco-Renga-Enrico-Bertolino-Ale-Franz-Lunanzio-Federica-Ferrari-Zelig-Jaga-Pirates-comici-Centro-Clinico-NeMO-04-1024x684.jpg\",\"orientation\":\"landscape\"},\"full\":{\"url\":\"https:\/\/www.centrocliniconemo.it\/wp-content\/uploads\/2025\/03\/Due-SLAvadent-alla-SLA-Niguarda-Milano-2025-Francesco-Renga-Enrico-Bertolino-Ale-Franz-Lunanzio-Federica-Ferrari-Zelig-Jaga-Pirates-comici-Centro-Clinico-NeMO-04.jpg\",\"height\":1080,\"width\":1616,\"orientation\":\"landscape\"}},\"imageMeta\":{\"aperture\":\"2.8\",\"credit\":\"\",\"camera\":\"ILCE-7M4\",\"caption\":\"\",\"created_timestamp\":\"1742762933\",\"copyright\":\"\",\"focal_length\":\"75\",\"iso\":\"160\",\"shutter_speed\":\"0.01\",\"title\":\"\",\"orientation\":\"1\",\"keywords\":[]},\"meta\":false,\"postlink\":\"https:\/\/www.centrocliniconemo.it\/?attachment_id=24385\"},{\"id\":24391,\"title\":\"Due SLAvadent alla SLA Niguarda Milano 2025 Francesco Renga Enrico Bertolino Ale Franz Lunanzio Federica Ferrari Zelig Jaga Pirates comici Centro Clinico NeMO 01\",\"url\":\"https:\/\/www.centrocliniconemo.it\/wp-content\/uploads\/2025\/03\/Due-SLAvadent-alla-SLA-Niguarda-Milano-2025-Francesco-Renga-Enrico-Bertolino-Ale-Franz-Lunanzio-Federica-Ferrari-Zelig-Jaga-Pirates-comici-Centro-Clinico-NeMO-01.jpg\",\"link\":\"https:\/\/www.centrocliniconemo.it\/?attachment_id=24391\",\"alt\":\"\",\"description\":\"\",\"caption\":\"\",\"mime\":\"image\/jpeg\",\"type\":\"image\",\"width\":1616,\"height\":1080,\"sizes\":{\"thumbnail\":{\"height\":150,\"width\":150,\"url\":\"https:\/\/www.centrocliniconemo.it\/wp-content\/uploads\/2025\/03\/Due-SLAvadent-alla-SLA-Niguarda-Milano-2025-Francesco-Renga-Enrico-Bertolino-Ale-Franz-Lunanzio-Federica-Ferrari-Zelig-Jaga-Pirates-comici-Centro-Clinico-NeMO-01-150x150.jpg\",\"orientation\":\"landscape\"},\"medium\":{\"height\":200,\"width\":300,\"url\":\"https:\/\/www.centrocliniconemo.it\/wp-content\/uploads\/2025\/03\/Due-SLAvadent-alla-SLA-Niguarda-Milano-2025-Francesco-Renga-Enrico-Bertolino-Ale-Franz-Lunanzio-Federica-Ferrari-Zelig-Jaga-Pirates-comici-Centro-Clinico-NeMO-01-300x200.jpg\",\"orientation\":\"landscape\"},\"large\":{\"height\":684,\"width\":1024,\"url\":\"https:\/\/www.centrocliniconemo.it\/wp-content\/uploads\/2025\/03\/Due-SLAvadent-alla-SLA-Niguarda-Milano-2025-Francesco-Renga-Enrico-Bertolino-Ale-Franz-Lunanzio-Federica-Ferrari-Zelig-Jaga-Pirates-comici-Centro-Clinico-NeMO-01-1024x684.jpg\",\"orientation\":\"landscape\"},\"full\":{\"url\":\"https:\/\/www.centrocliniconemo.it\/wp-content\/uploads\/2025\/03\/Due-SLAvadent-alla-SLA-Niguarda-Milano-2025-Francesco-Renga-Enrico-Bertolino-Ale-Franz-Lunanzio-Federica-Ferrari-Zelig-Jaga-Pirates-comici-Centro-Clinico-NeMO-01.jpg\",\"height\":1080,\"width\":1616,\"orientation\":\"landscape\"}},\"imageMeta\":{\"aperture\":\"2.8\",\"credit\":\"\",\"camera\":\"ILCE-7M4\",\"caption\":\"\",\"created_timestamp\":\"1742764150\",\"copyright\":\"\",\"focal_length\":\"75\",\"iso\":\"500\",\"shutter_speed\":\"0.01\",\"title\":\"\",\"orientation\":\"1\",\"keywords\":[]},\"meta\":false,\"postlink\":\"https:\/\/www.centrocliniconemo.it\/?attachment_id=24391\"},{\"id\":24401,\"title\":\"Due SLAvadent alla SLA Niguarda Milano 2025 Francesco Renga Enrico Bertolino Ale Franz Lunanzio Federica Ferrari Zelig Jaga Pirates comici Centro Clinico NeMO 14\",\"url\":\"https:\/\/www.centrocliniconemo.it\/wp-content\/uploads\/2025\/03\/Due-SLAvadent-alla-SLA-Niguarda-Milano-2025-Francesco-Renga-Enrico-Bertolino-Ale-Franz-Lunanzio-Federica-Ferrari-Zelig-Jaga-Pirates-comici-Centro-Clinico-NeMO-14.jpg\",\"link\":\"https:\/\/www.centrocliniconemo.it\/?attachment_id=24401\",\"alt\":\"\",\"description\":\"\",\"caption\":\"\",\"mime\":\"image\/jpeg\",\"type\":\"image\",\"width\":1616,\"height\":1080,\"sizes\":{\"thumbnail\":{\"height\":150,\"width\":150,\"url\":\"https:\/\/www.centrocliniconemo.it\/wp-content\/uploads\/2025\/03\/Due-SLAvadent-alla-SLA-Niguarda-Milano-2025-Francesco-Renga-Enrico-Bertolino-Ale-Franz-Lunanzio-Federica-Ferrari-Zelig-Jaga-Pirates-comici-Centro-Clinico-NeMO-14-150x150.jpg\",\"orientation\":\"landscape\"},\"medium\":{\"height\":200,\"width\":300,\"url\":\"https:\/\/www.centrocliniconemo.it\/wp-content\/uploads\/2025\/03\/Due-SLAvadent-alla-SLA-Niguarda-Milano-2025-Francesco-Renga-Enrico-Bertolino-Ale-Franz-Lunanzio-Federica-Ferrari-Zelig-Jaga-Pirates-comici-Centro-Clinico-NeMO-14-300x200.jpg\",\"orientation\":\"landscape\"},\"large\":{\"height\":684,\"width\":1024,\"url\":\"https:\/\/www.centrocliniconemo.it\/wp-content\/uploads\/2025\/03\/Due-SLAvadent-alla-SLA-Niguarda-Milano-2025-Francesco-Renga-Enrico-Bertolino-Ale-Franz-Lunanzio-Federica-Ferrari-Zelig-Jaga-Pirates-comici-Centro-Clinico-NeMO-14-1024x684.jpg\",\"orientation\":\"landscape\"},\"full\":{\"url\":\"https:\/\/www.centrocliniconemo.it\/wp-content\/uploads\/2025\/03\/Due-SLAvadent-alla-SLA-Niguarda-Milano-2025-Francesco-Renga-Enrico-Bertolino-Ale-Franz-Lunanzio-Federica-Ferrari-Zelig-Jaga-Pirates-comici-Centro-Clinico-NeMO-14.jpg\",\"height\":1080,\"width\":1616,\"orientation\":\"landscape\"}},\"imageMeta\":{\"aperture\":\"2.8\",\"credit\":\"\",\"camera\":\"ILCE-7M4\",\"caption\":\"\",\"created_timestamp\":\"1742769455\",\"copyright\":\"\",\"focal_length\":\"39\",\"iso\":\"200\",\"shutter_speed\":\"0.008\",\"title\":\"\",\"orientation\":\"1\",\"keywords\":[]},\"meta\":false,\"postlink\":\"https:\/\/www.centrocliniconemo.it\/?attachment_id=24401\"},{\"id\":24383,\"title\":\"Due SLAvadent alla SLA Niguarda Milano 2025 Francesco Renga Enrico Bertolino Ale Franz Lunanzio Federica Ferrari Zelig Jaga Pirates comici Centro Clinico NeMO 05\",\"url\":\"https:\/\/www.centrocliniconemo.it\/wp-content\/uploads\/2025\/03\/Due-SLAvadent-alla-SLA-Niguarda-Milano-2025-Francesco-Renga-Enrico-Bertolino-Ale-Franz-Lunanzio-Federica-Ferrari-Zelig-Jaga-Pirates-comici-Centro-Clinico-NeMO-05.jpg\",\"link\":\"https:\/\/www.centrocliniconemo.it\/?attachment_id=24383\",\"alt\":\"\",\"description\":\"\",\"caption\":\"\",\"mime\":\"image\/jpeg\",\"type\":\"image\",\"width\":1616,\"height\":1080,\"sizes\":{\"thumbnail\":{\"height\":150,\"width\":150,\"url\":\"https:\/\/www.centrocliniconemo.it\/wp-content\/uploads\/2025\/03\/Due-SLAvadent-alla-SLA-Niguarda-Milano-2025-Francesco-Renga-Enrico-Bertolino-Ale-Franz-Lunanzio-Federica-Ferrari-Zelig-Jaga-Pirates-comici-Centro-Clinico-NeMO-05-150x150.jpg\",\"orientation\":\"landscape\"},\"medium\":{\"height\":200,\"width\":300,\"url\":\"https:\/\/www.centrocliniconemo.it\/wp-content\/uploads\/2025\/03\/Due-SLAvadent-alla-SLA-Niguarda-Milano-2025-Francesco-Renga-Enrico-Bertolino-Ale-Franz-Lunanzio-Federica-Ferrari-Zelig-Jaga-Pirates-comici-Centro-Clinico-NeMO-05-300x200.jpg\",\"orientation\":\"landscape\"},\"large\":{\"height\":684,\"width\":1024,\"url\":\"https:\/\/www.centrocliniconemo.it\/wp-content\/uploads\/2025\/03\/Due-SLAvadent-alla-SLA-Niguarda-Milano-2025-Francesco-Renga-Enrico-Bertolino-Ale-Franz-Lunanzio-Federica-Ferrari-Zelig-Jaga-Pirates-comici-Centro-Clinico-NeMO-05-1024x684.jpg\",\"orientation\":\"landscape\"},\"full\":{\"url\":\"https:\/\/www.centrocliniconemo.it\/wp-content\/uploads\/2025\/03\/Due-SLAvadent-alla-SLA-Niguarda-Milano-2025-Francesco-Renga-Enrico-Bertolino-Ale-Franz-Lunanzio-Federica-Ferrari-Zelig-Jaga-Pirates-comici-Centro-Clinico-NeMO-05.jpg\",\"height\":1080,\"width\":1616,\"orientation\":\"landscape\"}},\"imageMeta\":{\"aperture\":\"3.5\",\"credit\":\"\",\"camera\":\"ILCE-7M4\",\"caption\":\"\",\"created_timestamp\":\"1742759710\",\"copyright\":\"\",\"focal_length\":\"28\",\"iso\":\"1250\",\"shutter_speed\":\"0.008\",\"title\":\"\",\"orientation\":\"0\",\"keywords\":[]},\"meta\":false,\"postlink\":\"https:\/\/www.centrocliniconemo.it\/?attachment_id=24383\"},{\"id\":24379,\"title\":\"Due SLAvadent alla SLA Niguarda Milano 2025 Francesco Renga Enrico Bertolino Ale Franz Lunanzio Federica Ferrari Zelig Jaga Pirates comici Centro Clinico NeMO 07\",\"url\":\"https:\/\/www.centrocliniconemo.it\/wp-content\/uploads\/2025\/03\/Due-SLAvadent-alla-SLA-Niguarda-Milano-2025-Francesco-Renga-Enrico-Bertolino-Ale-Franz-Lunanzio-Federica-Ferrari-Zelig-Jaga-Pirates-comici-Centro-Clinico-NeMO-07.jpg\",\"link\":\"https:\/\/www.centrocliniconemo.it\/?attachment_id=24379\",\"alt\":\"\",\"description\":\"\",\"caption\":\"\",\"mime\":\"image\/jpeg\",\"type\":\"image\",\"width\":1616,\"height\":1080,\"sizes\":{\"thumbnail\":{\"height\":150,\"width\":150,\"url\":\"https:\/\/www.centrocliniconemo.it\/wp-content\/uploads\/2025\/03\/Due-SLAvadent-alla-SLA-Niguarda-Milano-2025-Francesco-Renga-Enrico-Bertolino-Ale-Franz-Lunanzio-Federica-Ferrari-Zelig-Jaga-Pirates-comici-Centro-Clinico-NeMO-07-150x150.jpg\",\"orientation\":\"landscape\"},\"medium\":{\"height\":200,\"width\":300,\"url\":\"https:\/\/www.centrocliniconemo.it\/wp-content\/uploads\/2025\/03\/Due-SLAvadent-alla-SLA-Niguarda-Milano-2025-Francesco-Renga-Enrico-Bertolino-Ale-Franz-Lunanzio-Federica-Ferrari-Zelig-Jaga-Pirates-comici-Centro-Clinico-NeMO-07-300x200.jpg\",\"orientation\":\"landscape\"},\"large\":{\"height\":684,\"width\":1024,\"url\":\"https:\/\/www.centrocliniconemo.it\/wp-content\/uploads\/2025\/03\/Due-SLAvadent-alla-SLA-Niguarda-Milano-2025-Francesco-Renga-Enrico-Bertolino-Ale-Franz-Lunanzio-Federica-Ferrari-Zelig-Jaga-Pirates-comici-Centro-Clinico-NeMO-07-1024x684.jpg\",\"orientation\":\"landscape\"},\"full\":{\"url\":\"https:\/\/www.centrocliniconemo.it\/wp-content\/uploads\/2025\/03\/Due-SLAvadent-alla-SLA-Niguarda-Milano-2025-Francesco-Renga-Enrico-Bertolino-Ale-Franz-Lunanzio-Federica-Ferrari-Zelig-Jaga-Pirates-comici-Centro-Clinico-NeMO-07.jpg\",\"height\":1080,\"width\":1616,\"orientation\":\"landscape\"}},\"imageMeta\":{\"aperture\":\"4\",\"credit\":\"\",\"camera\":\"ILCE-7M4\",\"caption\":\"\",\"created_timestamp\":\"1742758150\",\"copyright\":\"\",\"focal_length\":\"29\",\"iso\":\"3200\",\"shutter_speed\":\"0.008\",\"title\":\"\",\"orientation\":\"0\",\"keywords\":[]},\"meta\":false,\"postlink\":\"https:\/\/www.centrocliniconemo.it\/?attachment_id=24379\"}],\"jetDynamicVisibility\":{\"jedv_enabled\":false},\"jetPopupInstance\":\"none\",\"jetPopupTriggerType\":\"none\",\"jetPopupCustomSelector\":\"\",\"jetPopupIsJetEngine\":false,\"itemsMetaDataCollection\":[]}<\/script><script>(function(){if(window.PGC_SGB && window.PGC_SGB.searcher){window.PGC_SGB.searcher.initBlocks()}})()<\/script><\/div>","protected":false},"excerpt":{"rendered":"<p>Milano, 25 marzo &#8211; Il teatro, da sempre, ha il potere di farci sognare attraverso il racconto di mondi immaginati. Quando questo accade nel cuore dell\u2019Ospedale Niguarda di Milano, la magia dell\u2019arte riesce a trasformare gli spazi dedicati quotidianamente alla cura in qualcosa che va oltre lo spettacolo: un\u2019esperienza fatta di emozione, incontro e condivisione, [&hellip;]<\/p>\n","protected":false},"author":2,"featured_media":24403,"comment_status":"closed","ping_status":"closed","sticky":false,"template":"","format":"standard","meta":{"pgc_sgb_lightbox_settings":"","footnotes":""},"categories":[115,17,1],"tags":[18,196],"class_list":["post-24374","post","type-post","status-publish","format-standard","has-post-thumbnail","hentry","category-blog-aziende","category-iniziative-ed-eventi","category-storie-di-nemo","tag-nemo-milano","tag-slavadent"],"yoast_head":"<!-- This site is optimized with the Yoast SEO plugin v27.4 - https:\/\/yoast.com\/product\/yoast-seo-wordpress\/ -->\n<title>Due SLAvadent alla SLA. Trionfo di solidariet\u00e0, comicit\u00e0 e impegno per la ricerca - Centro Clinico NeMO<\/title>\n<meta name=\"description\" content=\"Oltre 400 ospiti hanno partecipato a \u201cDue SLAvadent alla Sla\u201d, lo spettacolo ideato e diretto da Enrico Bertolino a sostegno del NeMO di Milano, punto di riferimento nelle malattie neuromuscolari e neurodegenerative. Sul palco anche Ale e Franz, Nikolas Albanese, Lunanzio, Federica Ferrero, e gli Jaga Pirates. In prima fila anche Francesco Renga.\" \/>\n<meta name=\"robots\" content=\"index, follow, max-snippet:-1, max-image-preview:large, max-video-preview:-1\" \/>\n<link rel=\"canonical\" href=\"https:\/\/www.centrocliniconemo.it\/en\/blog\/due-slavadent-alla-sla-trionfo-di-solidarieta-comicita-e-impegno-per-la-ricerca\/\" \/>\n<meta property=\"og:locale\" content=\"en_US\" \/>\n<meta property=\"og:type\" content=\"article\" \/>\n<meta property=\"og:title\" content=\"Due SLAvadent alla SLA. Trionfo di solidariet\u00e0, comicit\u00e0 e impegno per la ricerca\" \/>\n<meta property=\"og:description\" content=\"Oltre 400 ospiti hanno partecipato a \u201cDue SLAvadent alla Sla\u201d, lo spettacolo ideato e diretto da Enrico Bertolino a sostegno del NeMO di Milano, punto di riferimento nelle malattie neuromuscolari e neurodegenerative. Sul palco anche Ale e Franz, Nikolas Albanese, Lunanzio, Federica Ferrero, e gli Jaga Pirates. In prima fila anche Francesco Renga.\" \/>\n<meta property=\"og:url\" content=\"https:\/\/www.centrocliniconemo.it\/en\/blog\/due-slavadent-alla-sla-trionfo-di-solidarieta-comicita-e-impegno-per-la-ricerca\/\" \/>\n<meta property=\"og:site_name\" content=\"Centro Clinico NeMO\" \/>\n<meta property=\"article:publisher\" content=\"https:\/\/www.facebook.com\/CentroNEMOItalia\" \/>\n<meta property=\"article:published_time\" content=\"2025-03-25T16:37:43+00:00\" \/>\n<meta property=\"article:modified_time\" content=\"2025-03-25T17:55:59+00:00\" \/>\n<meta property=\"og:image\" content=\"https:\/\/www.centrocliniconemo.it\/wp-content\/uploads\/2025\/03\/Due-SLAvadent-alla-SLA-Niguarda-Milano-2025-Francesco-Renga-Enrico-Bertolino-Ale-Franz-Lunanzio-Federica-Ferrari-Zelig-Jaga-Pirates-comici-Centro-Clinico-NeMO-15.jpg\" \/>\n\t<meta property=\"og:image:width\" content=\"1616\" \/>\n\t<meta property=\"og:image:height\" content=\"1080\" \/>\n\t<meta property=\"og:image:type\" content=\"image\/jpeg\" \/>\n<meta name=\"author\" content=\"Luca Biondi\" \/>\n<meta name=\"twitter:card\" content=\"summary_large_image\" \/>\n<meta name=\"twitter:title\" content=\"Due SLAvadent alla SLA. Trionfo di solidariet\u00e0, comicit\u00e0 e impegno per la ricerca\" \/>\n<meta name=\"twitter:description\" content=\"Oltre 400 ospiti hanno partecipato a \u201cDue SLAvadent alla Sla\u201d, lo spettacolo ideato e diretto da Enrico Bertolino a sostegno del NeMO di Milano, punto di riferimento nelle malattie neuromuscolari e neurodegenerative. Sul palco anche Ale e Franz, Nikolas Albanese, Lunanzio, Federica Ferrero, e gli Jaga Pirates. In prima fila anche Francesco Renga.\" \/>\n<meta name=\"twitter:image\" content=\"https:\/\/www.centrocliniconemo.it\/wp-content\/uploads\/2025\/03\/Due-SLAvadent-alla-SLA-Niguarda-Milano-2025-Francesco-Renga-Enrico-Bertolino-Ale-Franz-Lunanzio-Federica-Ferrari-Zelig-Jaga-Pirates-comici-Centro-Clinico-NeMO-15.jpg\" \/>\n<meta name=\"twitter:creator\" content=\"@CentroNemo\" \/>\n<meta name=\"twitter:site\" content=\"@CentroNemo\" \/>\n<meta name=\"twitter:label1\" content=\"Written by\" \/>\n\t<meta name=\"twitter:data1\" content=\"Luca Biondi\" \/>\n\t<meta name=\"twitter:label2\" content=\"Est. reading time\" \/>\n\t<meta name=\"twitter:data2\" content=\"11 minutes\" \/>\n<script type=\"application\/ld+json\" class=\"yoast-schema-graph\">{\"@context\":\"https:\\\/\\\/schema.org\",\"@graph\":[{\"@type\":\"Article\",\"@id\":\"https:\\\/\\\/www.centrocliniconemo.it\\\/en\\\/blog\\\/due-slavadent-alla-sla-trionfo-di-solidarieta-comicita-e-impegno-per-la-ricerca\\\/#article\",\"isPartOf\":{\"@id\":\"https:\\\/\\\/www.centrocliniconemo.it\\\/en\\\/blog\\\/due-slavadent-alla-sla-trionfo-di-solidarieta-comicita-e-impegno-per-la-ricerca\\\/\"},\"author\":{\"name\":\"Luca Biondi\",\"@id\":\"https:\\\/\\\/www.centrocliniconemo.it\\\/en\\\/#\\\/schema\\\/person\\\/9331a87c0a8ee435c61f5dd498531434\"},\"headline\":\"Due SLAvadent alla SLA. Trionfo di solidariet\u00e0, comicit\u00e0 e impegno per la ricerca\",\"datePublished\":\"2025-03-25T16:37:43+00:00\",\"dateModified\":\"2025-03-25T17:55:59+00:00\",\"mainEntityOfPage\":{\"@id\":\"https:\\\/\\\/www.centrocliniconemo.it\\\/en\\\/blog\\\/due-slavadent-alla-sla-trionfo-di-solidarieta-comicita-e-impegno-per-la-ricerca\\\/\"},\"wordCount\":1021,\"publisher\":{\"@id\":\"https:\\\/\\\/www.centrocliniconemo.it\\\/en\\\/#organization\"},\"image\":{\"@id\":\"https:\\\/\\\/www.centrocliniconemo.it\\\/en\\\/blog\\\/due-slavadent-alla-sla-trionfo-di-solidarieta-comicita-e-impegno-per-la-ricerca\\\/#primaryimage\"},\"thumbnailUrl\":\"https:\\\/\\\/www.centrocliniconemo.it\\\/wp-content\\\/uploads\\\/2025\\\/03\\\/Due-SLAvadent-alla-SLA-Niguarda-Milano-2025-Francesco-Renga-Enrico-Bertolino-Ale-Franz-Lunanzio-Federica-Ferrari-Zelig-Jaga-Pirates-comici-Centro-Clinico-NeMO-15.jpg\",\"keywords\":[\"NeMO Milano\",\"SLAvadent\"],\"articleSection\":[\"blog-aziende\",\"Iniziative ed eventi\",\"Storie di NeMO\"],\"inLanguage\":\"en-US\"},{\"@type\":\"WebPage\",\"@id\":\"https:\\\/\\\/www.centrocliniconemo.it\\\/en\\\/blog\\\/due-slavadent-alla-sla-trionfo-di-solidarieta-comicita-e-impegno-per-la-ricerca\\\/\",\"url\":\"https:\\\/\\\/www.centrocliniconemo.it\\\/en\\\/blog\\\/due-slavadent-alla-sla-trionfo-di-solidarieta-comicita-e-impegno-per-la-ricerca\\\/\",\"name\":\"Due SLAvadent alla SLA. Trionfo di solidariet\u00e0, comicit\u00e0 e impegno per la ricerca - Centro Clinico NeMO\",\"isPartOf\":{\"@id\":\"https:\\\/\\\/www.centrocliniconemo.it\\\/en\\\/#website\"},\"primaryImageOfPage\":{\"@id\":\"https:\\\/\\\/www.centrocliniconemo.it\\\/en\\\/blog\\\/due-slavadent-alla-sla-trionfo-di-solidarieta-comicita-e-impegno-per-la-ricerca\\\/#primaryimage\"},\"image\":{\"@id\":\"https:\\\/\\\/www.centrocliniconemo.it\\\/en\\\/blog\\\/due-slavadent-alla-sla-trionfo-di-solidarieta-comicita-e-impegno-per-la-ricerca\\\/#primaryimage\"},\"thumbnailUrl\":\"https:\\\/\\\/www.centrocliniconemo.it\\\/wp-content\\\/uploads\\\/2025\\\/03\\\/Due-SLAvadent-alla-SLA-Niguarda-Milano-2025-Francesco-Renga-Enrico-Bertolino-Ale-Franz-Lunanzio-Federica-Ferrari-Zelig-Jaga-Pirates-comici-Centro-Clinico-NeMO-15.jpg\",\"datePublished\":\"2025-03-25T16:37:43+00:00\",\"dateModified\":\"2025-03-25T17:55:59+00:00\",\"description\":\"Oltre 400 ospiti hanno partecipato a \u201cDue SLAvadent alla Sla\u201d, lo spettacolo ideato e diretto da Enrico Bertolino a sostegno del NeMO di Milano, punto di riferimento nelle malattie neuromuscolari e neurodegenerative. Sul palco anche Ale e Franz, Nikolas Albanese, Lunanzio, Federica Ferrero, e gli Jaga Pirates. In prima fila anche Francesco Renga.\",\"breadcrumb\":{\"@id\":\"https:\\\/\\\/www.centrocliniconemo.it\\\/en\\\/blog\\\/due-slavadent-alla-sla-trionfo-di-solidarieta-comicita-e-impegno-per-la-ricerca\\\/#breadcrumb\"},\"inLanguage\":\"en-US\",\"potentialAction\":[{\"@type\":\"ReadAction\",\"target\":[\"https:\\\/\\\/www.centrocliniconemo.it\\\/en\\\/blog\\\/due-slavadent-alla-sla-trionfo-di-solidarieta-comicita-e-impegno-per-la-ricerca\\\/\"]}]},{\"@type\":\"ImageObject\",\"inLanguage\":\"en-US\",\"@id\":\"https:\\\/\\\/www.centrocliniconemo.it\\\/en\\\/blog\\\/due-slavadent-alla-sla-trionfo-di-solidarieta-comicita-e-impegno-per-la-ricerca\\\/#primaryimage\",\"url\":\"https:\\\/\\\/www.centrocliniconemo.it\\\/wp-content\\\/uploads\\\/2025\\\/03\\\/Due-SLAvadent-alla-SLA-Niguarda-Milano-2025-Francesco-Renga-Enrico-Bertolino-Ale-Franz-Lunanzio-Federica-Ferrari-Zelig-Jaga-Pirates-comici-Centro-Clinico-NeMO-15.jpg\",\"contentUrl\":\"https:\\\/\\\/www.centrocliniconemo.it\\\/wp-content\\\/uploads\\\/2025\\\/03\\\/Due-SLAvadent-alla-SLA-Niguarda-Milano-2025-Francesco-Renga-Enrico-Bertolino-Ale-Franz-Lunanzio-Federica-Ferrari-Zelig-Jaga-Pirates-comici-Centro-Clinico-NeMO-15.jpg\",\"width\":1616,\"height\":1080},{\"@type\":\"BreadcrumbList\",\"@id\":\"https:\\\/\\\/www.centrocliniconemo.it\\\/en\\\/blog\\\/due-slavadent-alla-sla-trionfo-di-solidarieta-comicita-e-impegno-per-la-ricerca\\\/#breadcrumb\",\"itemListElement\":[{\"@type\":\"ListItem\",\"position\":1,\"name\":\"Home\",\"item\":\"https:\\\/\\\/www.centrocliniconemo.it\\\/en\\\/\"},{\"@type\":\"ListItem\",\"position\":2,\"name\":\"Due SLAvadent alla SLA. Trionfo di solidariet\u00e0, comicit\u00e0 e impegno per la ricerca\"}]},{\"@type\":\"WebSite\",\"@id\":\"https:\\\/\\\/www.centrocliniconemo.it\\\/en\\\/#website\",\"url\":\"https:\\\/\\\/www.centrocliniconemo.it\\\/en\\\/\",\"name\":\"Centro Clinico NeMO\",\"description\":\"Il paziente al centro\",\"publisher\":{\"@id\":\"https:\\\/\\\/www.centrocliniconemo.it\\\/en\\\/#organization\"},\"potentialAction\":[{\"@type\":\"SearchAction\",\"target\":{\"@type\":\"EntryPoint\",\"urlTemplate\":\"https:\\\/\\\/www.centrocliniconemo.it\\\/en\\\/?s={search_term_string}\"},\"query-input\":{\"@type\":\"PropertyValueSpecification\",\"valueRequired\":true,\"valueName\":\"search_term_string\"}}],\"inLanguage\":\"en-US\"},{\"@type\":\"Organization\",\"@id\":\"https:\\\/\\\/www.centrocliniconemo.it\\\/en\\\/#organization\",\"name\":\"Centro Clinico NeMO - Fondazione Serena Onlus\",\"url\":\"https:\\\/\\\/www.centrocliniconemo.it\\\/en\\\/\",\"logo\":{\"@type\":\"ImageObject\",\"inLanguage\":\"en-US\",\"@id\":\"https:\\\/\\\/www.centrocliniconemo.it\\\/en\\\/#\\\/schema\\\/logo\\\/image\\\/\",\"url\":\"https:\\\/\\\/www.centrocliniconemo.it\\\/wp-content\\\/uploads\\\/2023\\\/03\\\/logo-nemo.svg\",\"contentUrl\":\"https:\\\/\\\/www.centrocliniconemo.it\\\/wp-content\\\/uploads\\\/2023\\\/03\\\/logo-nemo.svg\",\"width\":272,\"height\":109.142,\"caption\":\"Centro Clinico NeMO - Fondazione Serena Onlus\"},\"image\":{\"@id\":\"https:\\\/\\\/www.centrocliniconemo.it\\\/en\\\/#\\\/schema\\\/logo\\\/image\\\/\"},\"sameAs\":[\"https:\\\/\\\/www.facebook.com\\\/CentroNEMOItalia\",\"https:\\\/\\\/x.com\\\/CentroNemo\",\"https:\\\/\\\/www.linkedin.com\\\/company\\\/centrocliniconemo\\\/\",\"https:\\\/\\\/www.instagram.com\\\/centrocliniconemo\\\/\"]},{\"@type\":\"Person\",\"@id\":\"https:\\\/\\\/www.centrocliniconemo.it\\\/en\\\/#\\\/schema\\\/person\\\/9331a87c0a8ee435c61f5dd498531434\",\"name\":\"Luca Biondi\",\"image\":{\"@type\":\"ImageObject\",\"inLanguage\":\"en-US\",\"@id\":\"https:\\\/\\\/secure.gravatar.com\\\/avatar\\\/0488b88829885ebcc9896de947265b69d2979e6dc4666b1e2c3d4fbf8dc73d77?s=96&d=mm&r=g\",\"url\":\"https:\\\/\\\/secure.gravatar.com\\\/avatar\\\/0488b88829885ebcc9896de947265b69d2979e6dc4666b1e2c3d4fbf8dc73d77?s=96&d=mm&r=g\",\"contentUrl\":\"https:\\\/\\\/secure.gravatar.com\\\/avatar\\\/0488b88829885ebcc9896de947265b69d2979e6dc4666b1e2c3d4fbf8dc73d77?s=96&d=mm&r=g\",\"caption\":\"Luca Biondi\"}}]}<\/script>\n<!-- \/ Yoast SEO plugin. -->","yoast_head_json":{"title":"Due SLAvadent alla SLA. Trionfo di solidariet\u00e0, comicit\u00e0 e impegno per la ricerca - Centro Clinico NeMO","description":"Oltre 400 ospiti hanno partecipato a \u201cDue SLAvadent alla Sla\u201d, lo spettacolo ideato e diretto da Enrico Bertolino a sostegno del NeMO di Milano, punto di riferimento nelle malattie neuromuscolari e neurodegenerative. Sul palco anche Ale e Franz, Nikolas Albanese, Lunanzio, Federica Ferrero, e gli Jaga Pirates. In prima fila anche Francesco Renga.","robots":{"index":"index","follow":"follow","max-snippet":"max-snippet:-1","max-image-preview":"max-image-preview:large","max-video-preview":"max-video-preview:-1"},"canonical":"https:\/\/www.centrocliniconemo.it\/en\/blog\/due-slavadent-alla-sla-trionfo-di-solidarieta-comicita-e-impegno-per-la-ricerca\/","og_locale":"en_US","og_type":"article","og_title":"Due SLAvadent alla SLA. Trionfo di solidariet\u00e0, comicit\u00e0 e impegno per la ricerca","og_description":"Oltre 400 ospiti hanno partecipato a \u201cDue SLAvadent alla Sla\u201d, lo spettacolo ideato e diretto da Enrico Bertolino a sostegno del NeMO di Milano, punto di riferimento nelle malattie neuromuscolari e neurodegenerative. Sul palco anche Ale e Franz, Nikolas Albanese, Lunanzio, Federica Ferrero, e gli Jaga Pirates. In prima fila anche Francesco Renga.","og_url":"https:\/\/www.centrocliniconemo.it\/en\/blog\/due-slavadent-alla-sla-trionfo-di-solidarieta-comicita-e-impegno-per-la-ricerca\/","og_site_name":"Centro Clinico NeMO","article_publisher":"https:\/\/www.facebook.com\/CentroNEMOItalia","article_published_time":"2025-03-25T16:37:43+00:00","article_modified_time":"2025-03-25T17:55:59+00:00","og_image":[{"width":1616,"height":1080,"url":"https:\/\/www.centrocliniconemo.it\/wp-content\/uploads\/2025\/03\/Due-SLAvadent-alla-SLA-Niguarda-Milano-2025-Francesco-Renga-Enrico-Bertolino-Ale-Franz-Lunanzio-Federica-Ferrari-Zelig-Jaga-Pirates-comici-Centro-Clinico-NeMO-15.jpg","type":"image\/jpeg"}],"author":"Luca Biondi","twitter_card":"summary_large_image","twitter_title":"Due SLAvadent alla SLA. Trionfo di solidariet\u00e0, comicit\u00e0 e impegno per la ricerca","twitter_description":"Oltre 400 ospiti hanno partecipato a \u201cDue SLAvadent alla Sla\u201d, lo spettacolo ideato e diretto da Enrico Bertolino a sostegno del NeMO di Milano, punto di riferimento nelle malattie neuromuscolari e neurodegenerative. Sul palco anche Ale e Franz, Nikolas Albanese, Lunanzio, Federica Ferrero, e gli Jaga Pirates. In prima fila anche Francesco Renga.","twitter_image":"https:\/\/www.centrocliniconemo.it\/wp-content\/uploads\/2025\/03\/Due-SLAvadent-alla-SLA-Niguarda-Milano-2025-Francesco-Renga-Enrico-Bertolino-Ale-Franz-Lunanzio-Federica-Ferrari-Zelig-Jaga-Pirates-comici-Centro-Clinico-NeMO-15.jpg","twitter_creator":"@CentroNemo","twitter_site":"@CentroNemo","twitter_misc":{"Written by":"Luca Biondi","Est. reading time":"11 minutes"},"schema":{"@context":"https:\/\/schema.org","@graph":[{"@type":"Article","@id":"https:\/\/www.centrocliniconemo.it\/en\/blog\/due-slavadent-alla-sla-trionfo-di-solidarieta-comicita-e-impegno-per-la-ricerca\/#article","isPartOf":{"@id":"https:\/\/www.centrocliniconemo.it\/en\/blog\/due-slavadent-alla-sla-trionfo-di-solidarieta-comicita-e-impegno-per-la-ricerca\/"},"author":{"name":"Luca Biondi","@id":"https:\/\/www.centrocliniconemo.it\/en\/#\/schema\/person\/9331a87c0a8ee435c61f5dd498531434"},"headline":"Due SLAvadent alla SLA. Trionfo di solidariet\u00e0, comicit\u00e0 e impegno per la ricerca","datePublished":"2025-03-25T16:37:43+00:00","dateModified":"2025-03-25T17:55:59+00:00","mainEntityOfPage":{"@id":"https:\/\/www.centrocliniconemo.it\/en\/blog\/due-slavadent-alla-sla-trionfo-di-solidarieta-comicita-e-impegno-per-la-ricerca\/"},"wordCount":1021,"publisher":{"@id":"https:\/\/www.centrocliniconemo.it\/en\/#organization"},"image":{"@id":"https:\/\/www.centrocliniconemo.it\/en\/blog\/due-slavadent-alla-sla-trionfo-di-solidarieta-comicita-e-impegno-per-la-ricerca\/#primaryimage"},"thumbnailUrl":"https:\/\/www.centrocliniconemo.it\/wp-content\/uploads\/2025\/03\/Due-SLAvadent-alla-SLA-Niguarda-Milano-2025-Francesco-Renga-Enrico-Bertolino-Ale-Franz-Lunanzio-Federica-Ferrari-Zelig-Jaga-Pirates-comici-Centro-Clinico-NeMO-15.jpg","keywords":["NeMO Milano","SLAvadent"],"articleSection":["blog-aziende","Iniziative ed eventi","Storie di NeMO"],"inLanguage":"en-US"},{"@type":"WebPage","@id":"https:\/\/www.centrocliniconemo.it\/en\/blog\/due-slavadent-alla-sla-trionfo-di-solidarieta-comicita-e-impegno-per-la-ricerca\/","url":"https:\/\/www.centrocliniconemo.it\/en\/blog\/due-slavadent-alla-sla-trionfo-di-solidarieta-comicita-e-impegno-per-la-ricerca\/","name":"Due SLAvadent alla SLA. Trionfo di solidariet\u00e0, comicit\u00e0 e impegno per la ricerca - Centro Clinico NeMO","isPartOf":{"@id":"https:\/\/www.centrocliniconemo.it\/en\/#website"},"primaryImageOfPage":{"@id":"https:\/\/www.centrocliniconemo.it\/en\/blog\/due-slavadent-alla-sla-trionfo-di-solidarieta-comicita-e-impegno-per-la-ricerca\/#primaryimage"},"image":{"@id":"https:\/\/www.centrocliniconemo.it\/en\/blog\/due-slavadent-alla-sla-trionfo-di-solidarieta-comicita-e-impegno-per-la-ricerca\/#primaryimage"},"thumbnailUrl":"https:\/\/www.centrocliniconemo.it\/wp-content\/uploads\/2025\/03\/Due-SLAvadent-alla-SLA-Niguarda-Milano-2025-Francesco-Renga-Enrico-Bertolino-Ale-Franz-Lunanzio-Federica-Ferrari-Zelig-Jaga-Pirates-comici-Centro-Clinico-NeMO-15.jpg","datePublished":"2025-03-25T16:37:43+00:00","dateModified":"2025-03-25T17:55:59+00:00","description":"Oltre 400 ospiti hanno partecipato a \u201cDue SLAvadent alla Sla\u201d, lo spettacolo ideato e diretto da Enrico Bertolino a sostegno del NeMO di Milano, punto di riferimento nelle malattie neuromuscolari e neurodegenerative. Sul palco anche Ale e Franz, Nikolas Albanese, Lunanzio, Federica Ferrero, e gli Jaga Pirates. In prima fila anche Francesco Renga.","breadcrumb":{"@id":"https:\/\/www.centrocliniconemo.it\/en\/blog\/due-slavadent-alla-sla-trionfo-di-solidarieta-comicita-e-impegno-per-la-ricerca\/#breadcrumb"},"inLanguage":"en-US","potentialAction":[{"@type":"ReadAction","target":["https:\/\/www.centrocliniconemo.it\/en\/blog\/due-slavadent-alla-sla-trionfo-di-solidarieta-comicita-e-impegno-per-la-ricerca\/"]}]},{"@type":"ImageObject","inLanguage":"en-US","@id":"https:\/\/www.centrocliniconemo.it\/en\/blog\/due-slavadent-alla-sla-trionfo-di-solidarieta-comicita-e-impegno-per-la-ricerca\/#primaryimage","url":"https:\/\/www.centrocliniconemo.it\/wp-content\/uploads\/2025\/03\/Due-SLAvadent-alla-SLA-Niguarda-Milano-2025-Francesco-Renga-Enrico-Bertolino-Ale-Franz-Lunanzio-Federica-Ferrari-Zelig-Jaga-Pirates-comici-Centro-Clinico-NeMO-15.jpg","contentUrl":"https:\/\/www.centrocliniconemo.it\/wp-content\/uploads\/2025\/03\/Due-SLAvadent-alla-SLA-Niguarda-Milano-2025-Francesco-Renga-Enrico-Bertolino-Ale-Franz-Lunanzio-Federica-Ferrari-Zelig-Jaga-Pirates-comici-Centro-Clinico-NeMO-15.jpg","width":1616,"height":1080},{"@type":"BreadcrumbList","@id":"https:\/\/www.centrocliniconemo.it\/en\/blog\/due-slavadent-alla-sla-trionfo-di-solidarieta-comicita-e-impegno-per-la-ricerca\/#breadcrumb","itemListElement":[{"@type":"ListItem","position":1,"name":"Home","item":"https:\/\/www.centrocliniconemo.it\/en\/"},{"@type":"ListItem","position":2,"name":"Due SLAvadent alla SLA. Trionfo di solidariet\u00e0, comicit\u00e0 e impegno per la ricerca"}]},{"@type":"WebSite","@id":"https:\/\/www.centrocliniconemo.it\/en\/#website","url":"https:\/\/www.centrocliniconemo.it\/en\/","name":"Centro Clinico NeMO","description":"Il paziente al centro","publisher":{"@id":"https:\/\/www.centrocliniconemo.it\/en\/#organization"},"potentialAction":[{"@type":"SearchAction","target":{"@type":"EntryPoint","urlTemplate":"https:\/\/www.centrocliniconemo.it\/en\/?s={search_term_string}"},"query-input":{"@type":"PropertyValueSpecification","valueRequired":true,"valueName":"search_term_string"}}],"inLanguage":"en-US"},{"@type":"Organization","@id":"https:\/\/www.centrocliniconemo.it\/en\/#organization","name":"Centro Clinico NeMO - Fondazione Serena Onlus","url":"https:\/\/www.centrocliniconemo.it\/en\/","logo":{"@type":"ImageObject","inLanguage":"en-US","@id":"https:\/\/www.centrocliniconemo.it\/en\/#\/schema\/logo\/image\/","url":"https:\/\/www.centrocliniconemo.it\/wp-content\/uploads\/2023\/03\/logo-nemo.svg","contentUrl":"https:\/\/www.centrocliniconemo.it\/wp-content\/uploads\/2023\/03\/logo-nemo.svg","width":272,"height":109.142,"caption":"Centro Clinico NeMO - Fondazione Serena Onlus"},"image":{"@id":"https:\/\/www.centrocliniconemo.it\/en\/#\/schema\/logo\/image\/"},"sameAs":["https:\/\/www.facebook.com\/CentroNEMOItalia","https:\/\/x.com\/CentroNemo","https:\/\/www.linkedin.com\/company\/centrocliniconemo\/","https:\/\/www.instagram.com\/centrocliniconemo\/"]},{"@type":"Person","@id":"https:\/\/www.centrocliniconemo.it\/en\/#\/schema\/person\/9331a87c0a8ee435c61f5dd498531434","name":"Luca Biondi","image":{"@type":"ImageObject","inLanguage":"en-US","@id":"https:\/\/secure.gravatar.com\/avatar\/0488b88829885ebcc9896de947265b69d2979e6dc4666b1e2c3d4fbf8dc73d77?s=96&d=mm&r=g","url":"https:\/\/secure.gravatar.com\/avatar\/0488b88829885ebcc9896de947265b69d2979e6dc4666b1e2c3d4fbf8dc73d77?s=96&d=mm&r=g","contentUrl":"https:\/\/secure.gravatar.com\/avatar\/0488b88829885ebcc9896de947265b69d2979e6dc4666b1e2c3d4fbf8dc73d77?s=96&d=mm&r=g","caption":"Luca Biondi"}}]}},"_links":{"self":[{"href":"https:\/\/www.centrocliniconemo.it\/en\/wp-json\/wp\/v2\/posts\/24374","targetHints":{"allow":["GET"]}}],"collection":[{"href":"https:\/\/www.centrocliniconemo.it\/en\/wp-json\/wp\/v2\/posts"}],"about":[{"href":"https:\/\/www.centrocliniconemo.it\/en\/wp-json\/wp\/v2\/types\/post"}],"author":[{"embeddable":true,"href":"https:\/\/www.centrocliniconemo.it\/en\/wp-json\/wp\/v2\/users\/2"}],"replies":[{"embeddable":true,"href":"https:\/\/www.centrocliniconemo.it\/en\/wp-json\/wp\/v2\/comments?post=24374"}],"version-history":[{"count":0,"href":"https:\/\/www.centrocliniconemo.it\/en\/wp-json\/wp\/v2\/posts\/24374\/revisions"}],"wp:featuredmedia":[{"embeddable":true,"href":"https:\/\/www.centrocliniconemo.it\/en\/wp-json\/wp\/v2\/media\/24403"}],"wp:attachment":[{"href":"https:\/\/www.centrocliniconemo.it\/en\/wp-json\/wp\/v2\/media?parent=24374"}],"wp:term":[{"taxonomy":"category","embeddable":true,"href":"https:\/\/www.centrocliniconemo.it\/en\/wp-json\/wp\/v2\/categories?post=24374"},{"taxonomy":"post_tag","embeddable":true,"href":"https:\/\/www.centrocliniconemo.it\/en\/wp-json\/wp\/v2\/tags?post=24374"}],"curies":[{"name":"wp","href":"https:\/\/api.w.org\/{rel}","templated":true}]}}