{"id":23921,"date":"2025-03-01T09:50:39","date_gmt":"2025-03-01T09:50:39","guid":{"rendered":"https:\/\/www.centrocliniconemo.it\/blog\/?p=23921"},"modified":"2025-03-01T09:54:25","modified_gmt":"2025-03-01T09:54:25","slug":"a-brescia-il-convegno-sugli-sviluppi-nella-gestione-delle-malattie-neurologiche-rare-per-continuare-a-vedere-oltre-la-malattia","status":"publish","type":"post","link":"https:\/\/www.centrocliniconemo.it\/en\/blog\/a-brescia-il-convegno-sugli-sviluppi-nella-gestione-delle-malattie-neurologiche-rare-per-continuare-a-vedere-oltre-la-malattia\/","title":{"rendered":"A Brescia il Convegno sugli sviluppi nella gestione delle malattie neurologiche rare: per continuare a \u201cvedere oltre\u201d la malattia."},"content":{"rendered":"\n<p><\/p>\n\n\n\n<p><em>28 febbraio 2025<\/em> &#8211; <strong>Le malattie neurologiche rare rappresentano oggi una sfida dal punto di vista clinico, scientifico e culturale<\/strong>. Questo \u00e8 il messaggio emerso durante il Convegno \u201cAdvances in Management of Neurological Disease\u201d, svoltosi a Brescia mercoled\u00ec 26 febbraio in occasione della <strong>Giornata delle Malattie Rare 2025<\/strong>. L&#8217;evento \u00e8 stato promosso dal Gruppo di Studio di Neurogenetica Clinica e delle Malattie Rare della Societ\u00e0 Italiana di Neurologia (SIN), con il coordinamento scientifico del prof. Alessandro Padovani, presidente SIN, insieme al prof. Massimiliano Filosto, direttore clinico del Centro NeMO di Brescia e coordinatore del gruppo di studio della societ\u00e0 scientifica.<\/p>\n\n\n\n<p>Esperti, istituzioni e persone con malattie neuromuscolari hanno fatto il punto su cosa significa oggi la gestione di una malattia neurologica rara, alla luce delle nuove possibilit\u00e0 diagnostiche e terapeutiche e, soprattutto, in relazione agli avanzamenti nella gestione della presa in carico. <em>\u201cPer essere efficaci abbiamo necessit\u00e0 di essere alleati e di avere una continuit\u00e0 di cura sul territorio che vede specialisti, medici di medicina generale, servizi socio-assistenziali, famiglie e associazioni insieme\u201d, <\/em><strong>queste le parole del prof. Padovani nell\u2019introduzione dei lavori.<\/strong><\/p>\n\n\n\n<p>Se \u00e8 vero, infatti, che i progressi nella ricerca ci permettono di continuare a comprendere sempre meglio i meccanismi di esordio ed evoluzione per arrivare a nuovi trattamenti di cura efficaci, la priorit\u00e0 \u00e8 quella di garantire la migliore qualit\u00e0 di vita attraverso una risposta di cura multidisciplinare, capace di porre al centro la persona e la sua famiglia, attraverso piani personalizzati di trattamento.<\/p>\n\n\n\n<p><strong>Si tratta di patologie con una prevalenza nazionale media dell\u20191,2% <\/strong>(<em>font.<\/em> <em>Rapporto Uniamo 2024<\/em>), che per la maggior parte sappiamo essere geneticamente determinate, grazie ad una capacit\u00e0 di lettura della mappa genetica che \u00e8 aumentata esponenzialmente (fino a 5milioni di varianti genetiche). La sfida \u00e8 comprendere e interpretare come queste varianti siano responsabili dell\u2019insorgenza della patologia e come queste conoscenze diventino il presupposto fondamentale per l\u2019introduzione dei nuovi approcci terapeutici.<\/p>\n\n\n\n<p><strong>Quali sono i passi da percorrere?<\/strong> Oltre agli studi genetici, \u00e8 fondamentale continuare a perfezionare gli strumenti essenziali per la progettazione e l&#8217;implementazione efficace dei trial clinici. Parliamo della creazione dei registri di malattia; della definizione delle misure di outcome, ovvero dei criteri di valutazione della malattia; dell\u2019importanza degli studi sulla storia naturale delle patologie e della definizione delle traiettorie di progressione. Strumenti e processi che si concretizzano solo con una capacit\u00e0 multidisciplinare di presa in carico e di gestione.<\/p>\n\n\n\n<p><strong>E per patologie multifattoriali come la SLA, questo approccio mirato e personalizzato \u00e8 fondamentale <\/strong>percontinuare a comprendere la complessit\u00e0 dei meccanismi di esordio e progressione della malattia. Identificare e organizzare in modo chiaro i gruppi di pazienti, infatti, sulla base della storia clinica e delle caratteristiche fenotipiche, rappresenta il prerequisito fondamentale per lo sviluppo di studi farmacologici efficaci.<\/p>\n\n\n\n<p><strong>L&#8217;aderenza agli standard di cura riconosciuti nella gestione della Distrofia Muscolare di Duchenne (DMD) ha permesso negli anni di ridefinire il percorso della malattia<\/strong>. Gli studi clinici, infatti, intervengono su differenti meccanismi di patologia, come l&#8217;integrazione della distrofina, il supporto alla massa muscolare e la riduzione della progressiva debolezza muscolare e dell&#8217;infiltrazione adiposa.<\/p>\n\n\n\n<p><strong>E quali le prospettive? <\/strong>Le terapie innovative stanno cambiando la gestione della cura, aprendo a nuovi scenari nella presa in carico. Questa &#8220;nuova era&#8221; richiede una valutazione dell&#8217;evoluzione delle caratteristiche stesse delle patologie. <strong>Se pensiamo all\u2019esempio della SMA<\/strong>, l\u2019attenzione \u00e8 posta prima di tutto alle modifiche funzionali degli aspetti motori, della nutrizione e del respiro, per la definizione di nuove raccomandazioni di cura condivise; ma anche allo sviluppo di studi clinici che vogliono individuare nuovi indicatori di misurazione, come l\u2019affaticamento o la forza muscolare. E ancora, <strong>la malattia di Pompe, <\/strong>pur essendo pi\u00f9 rara, rappresenta una buona pratica, in quanto prima tra le patologie neuromuscolari ad avere un trattamento farmacologico. E seppur oggi si aprono studi di terapia genica con diverse<\/p>\n\n\n\n<p>tipologie di vettori, rimane prioritaria la necessit\u00e0 di raccomandazioni di cura condivise che considerino la qualit\u00e0 di vita percepita e le sue aspettative, a conferma di quella che \u00e8 stata definita dal <strong>prof. Filosto<\/strong> <em>\u201cun\u2018evoluzione della domanda di cura e di salute, alla quale la gestione multidisciplinare della malattia deve sapere dare risposte alla persona\u201d<\/em>. &nbsp;&nbsp;<\/p>\n\n\n\n<p><em>\u201cQuesta capacit\u00e0 di<\/em> <em>saper vedere oltre i protocolli clinici e il dato scientifico \u00e8 ci\u00f2 che permette di porre lo sguardo sull\u2019esperienza di chi vive la malattia, fatta di paure, domande, progetti e aspettative\u201d, <\/em>\u00e8 l\u2019esortazione e l\u2019invito del <strong>Segretario dei Centri NeMO, Alberto Fontana<\/strong> che, di fatto, richiama al valore culturale della \u201cmedicina di precisione\u201d,capace di integrare l\u2019alta specializzazione e accuratezza tecnica, con una visione della persona e della sua storia di vita, attraverso un percorso terapeutico\/riabilitativo pensato \u201csu misura\u201d per ciascuno.<\/p>\n\n\n\n<p>E allora \u201c<em>L&#8217;accesso equo alle terapie diventa anche un tema di diritto sociale<\/em>, <em>che ha necessit\u00e0 di essere sostenuto da un sistema di supporto, in cui la collaborazione tra clinici, famiglie, associazioni e servizi diventa fondamentale\u201d<\/em>. &nbsp;Con questo messaggio conclude i lavori il <strong>presidente dei Centri NeMO, Marco Rasconi<\/strong>, in una giornata celebrata con il contributo di 25 tra i maggiori esperti italiani in tema di malattie neurologiche e neurodegenerative rare, accolti da una comunit\u00e0 bresciana, presente con le sue istituzioni pubbliche, sanitarie e scientifiche.<\/p>\n\n\n\n<p><a href=\"https:\/\/www.centrocliniconemo.it\/wp-content\/uploads\/2025\/03\/Programma-advances-in-management-of-rare-neurological-diseases_agg.-10.02.2025.pdf\">A questo link<\/a> il programma dei lavori.<\/p>\n\n\n\n<p>Per informazioni e richieste di approfondimenti comunicazione@centrocliniconemo.it<\/p>\n\n\n<div class=\"pgc-sgb-cb wp-block-pgcsimplygalleryblock-slider \" data-gallery-id=\"0af23291\"style=&quot;min-height:400px&quot;><div class=\"sgb-preloader\" id=\"pr_0af23291\">\n\t<div class=\"sgb-square\" style=\"background:#d4d4d4\"><\/div>\n\t<div class=\"sgb-square\" style=\"background:#d4d4d4\"><\/div>\n\t<div class=\"sgb-square\" style=\"background:#d4d4d4\"><\/div>\n\t<div class=\"sgb-square\" style=\"background:#d4d4d4\"><\/div><\/div><div class=\"simply-gallery-amp pgc_sgb_slider \"><noscript><div class=\"sgb-gallery\"><div class=\"sgb-item\"><a href=\"https:\/\/www.centrocliniconemo.it\/?attachment_id=23936\" target=\"_blank\"><img loading=\"lazy\" decoding=\"async\" alt=\"\" width=\"300\" height=\"225\" loading=\"lazy\" src=\"https:\/\/www.centrocliniconemo.it\/wp-content\/uploads\/2025\/03\/FOTO-5-1-300x225.jpeg\" srcset=\"https:\/\/www.centrocliniconemo.it\/wp-content\/uploads\/2025\/03\/FOTO-5-1-300x225.jpeg 300w,https:\/\/www.centrocliniconemo.it\/wp-content\/uploads\/2025\/03\/FOTO-5-1-1024x768.jpeg 1024w,https:\/\/www.centrocliniconemo.it\/wp-content\/uploads\/2025\/03\/FOTO-5-1.jpeg 1600w\" sizes=\"auto, 250px\"\/><\/a><\/div><div class=\"sgb-item\"><a href=\"https:\/\/www.centrocliniconemo.it\/?attachment_id=23934\" target=\"_blank\"><img loading=\"lazy\" decoding=\"async\" alt=\"\" width=\"300\" height=\"201\" loading=\"lazy\" src=\"https:\/\/www.centrocliniconemo.it\/wp-content\/uploads\/2025\/03\/WhatsApp-Image-2025-02-28-at-08.54.47-300x201.jpeg\" srcset=\"https:\/\/www.centrocliniconemo.it\/wp-content\/uploads\/2025\/03\/WhatsApp-Image-2025-02-28-at-08.54.47-300x201.jpeg 300w,https:\/\/www.centrocliniconemo.it\/wp-content\/uploads\/2025\/03\/WhatsApp-Image-2025-02-28-at-08.54.47-1024x688.jpeg 1024w,https:\/\/www.centrocliniconemo.it\/wp-content\/uploads\/2025\/03\/WhatsApp-Image-2025-02-28-at-08.54.47.jpeg 1376w\" sizes=\"auto, 250px\"\/><\/a><\/div><div class=\"sgb-item\"><a href=\"https:\/\/www.centrocliniconemo.it\/?attachment_id=23932\" target=\"_blank\"><img loading=\"lazy\" decoding=\"async\" alt=\"\" width=\"300\" height=\"225\" loading=\"lazy\" src=\"https:\/\/www.centrocliniconemo.it\/wp-content\/uploads\/2025\/03\/WhatsApp-Image-2025-02-28-at-08.45.36-300x225.jpeg\" srcset=\"https:\/\/www.centrocliniconemo.it\/wp-content\/uploads\/2025\/03\/WhatsApp-Image-2025-02-28-at-08.45.36-300x225.jpeg 300w,https:\/\/www.centrocliniconemo.it\/wp-content\/uploads\/2025\/03\/WhatsApp-Image-2025-02-28-at-08.45.36-1024x768.jpeg 1024w,https:\/\/www.centrocliniconemo.it\/wp-content\/uploads\/2025\/03\/WhatsApp-Image-2025-02-28-at-08.45.36.jpeg 1600w\" sizes=\"auto, 250px\"\/><\/a><\/div><div class=\"sgb-item\"><a href=\"https:\/\/www.centrocliniconemo.it\/?attachment_id=23928\" target=\"_blank\"><img loading=\"lazy\" decoding=\"async\" alt=\"\" width=\"235\" height=\"300\" loading=\"lazy\" src=\"https:\/\/www.centrocliniconemo.it\/wp-content\/uploads\/2025\/03\/FOTO-4-235x300.jpeg\" srcset=\"https:\/\/www.centrocliniconemo.it\/wp-content\/uploads\/2025\/03\/FOTO-4-235x300.jpeg 235w,https:\/\/www.centrocliniconemo.it\/wp-content\/uploads\/2025\/03\/FOTO-4-802x1024.jpeg 802w,https:\/\/www.centrocliniconemo.it\/wp-content\/uploads\/2025\/03\/FOTO-4.jpeg 1253w\" sizes=\"auto, 250px\"\/><\/a><\/div><div class=\"sgb-item\"><a href=\"https:\/\/www.centrocliniconemo.it\/?attachment_id=23926\" target=\"_blank\"><img loading=\"lazy\" decoding=\"async\" alt=\"\" width=\"300\" height=\"247\" loading=\"lazy\" src=\"https:\/\/www.centrocliniconemo.it\/wp-content\/uploads\/2025\/03\/FOTO-3-300x247.jpeg\" srcset=\"https:\/\/www.centrocliniconemo.it\/wp-content\/uploads\/2025\/03\/FOTO-3-300x247.jpeg 300w,https:\/\/www.centrocliniconemo.it\/wp-content\/uploads\/2025\/03\/FOTO-3.jpeg 919w\" sizes=\"auto, 250px\"\/><\/a><\/div><div class=\"sgb-item\"><a href=\"https:\/\/www.centrocliniconemo.it\/?attachment_id=23924\" target=\"_blank\"><img loading=\"lazy\" decoding=\"async\" alt=\"\" width=\"225\" height=\"300\" loading=\"lazy\" src=\"https:\/\/www.centrocliniconemo.it\/wp-content\/uploads\/2025\/03\/FOTO-2-225x300.jpeg\" srcset=\"https:\/\/www.centrocliniconemo.it\/wp-content\/uploads\/2025\/03\/FOTO-2-225x300.jpeg 225w,https:\/\/www.centrocliniconemo.it\/wp-content\/uploads\/2025\/03\/FOTO-2-768x1024.jpeg 768w,https:\/\/www.centrocliniconemo.it\/wp-content\/uploads\/2025\/03\/FOTO-2.jpeg 1200w\" sizes=\"auto, 250px\"\/><\/a><\/div><\/div><\/noscript><\/div><script type=\"application\/json\" class=\"sgb-data\">{\"sliderAdminWidth\":2260,\"galleryType\":\"pgc_sgb_slider\",\"galleryId\":\"0af23291\",\"images\":[{\"id\":23936,\"title\":\"FOTO 5\",\"url\":\"https:\/\/www.centrocliniconemo.it\/wp-content\/uploads\/2025\/03\/FOTO-5-1.jpeg\",\"link\":\"https:\/\/www.centrocliniconemo.it\/?attachment_id=23936\",\"alt\":\"\",\"description\":\"\",\"caption\":\"\",\"mime\":\"image\/jpeg\",\"type\":\"image\",\"width\":1600,\"height\":1200,\"sizes\":{\"thumbnail\":{\"height\":150,\"width\":150,\"url\":\"https:\/\/www.centrocliniconemo.it\/wp-content\/uploads\/2025\/03\/FOTO-5-1-150x150.jpeg\",\"orientation\":\"landscape\"},\"medium\":{\"height\":225,\"width\":300,\"url\":\"https:\/\/www.centrocliniconemo.it\/wp-content\/uploads\/2025\/03\/FOTO-5-1-300x225.jpeg\",\"orientation\":\"landscape\"},\"large\":{\"height\":768,\"width\":1024,\"url\":\"https:\/\/www.centrocliniconemo.it\/wp-content\/uploads\/2025\/03\/FOTO-5-1-1024x768.jpeg\",\"orientation\":\"landscape\"},\"full\":{\"url\":\"https:\/\/www.centrocliniconemo.it\/wp-content\/uploads\/2025\/03\/FOTO-5-1.jpeg\",\"height\":1200,\"width\":1600,\"orientation\":\"landscape\"}},\"imageMeta\":{\"aperture\":\"0\",\"credit\":\"\",\"camera\":\"\",\"caption\":\"\",\"created_timestamp\":\"0\",\"copyright\":\"\",\"focal_length\":\"0\",\"iso\":\"0\",\"shutter_speed\":\"0\",\"title\":\"\",\"orientation\":\"0\",\"keywords\":[]},\"meta\":false,\"postlink\":\"https:\/\/www.centrocliniconemo.it\/?attachment_id=23936\"},{\"id\":23934,\"title\":\"WhatsApp Image 2025-02-28 at 08.54.47\",\"url\":\"https:\/\/www.centrocliniconemo.it\/wp-content\/uploads\/2025\/03\/WhatsApp-Image-2025-02-28-at-08.54.47.jpeg\",\"link\":\"https:\/\/www.centrocliniconemo.it\/?attachment_id=23934\",\"alt\":\"\",\"description\":\"\",\"caption\":\"\",\"mime\":\"image\/jpeg\",\"type\":\"image\",\"width\":1376,\"height\":924,\"sizes\":{\"thumbnail\":{\"height\":150,\"width\":150,\"url\":\"https:\/\/www.centrocliniconemo.it\/wp-content\/uploads\/2025\/03\/WhatsApp-Image-2025-02-28-at-08.54.47-150x150.jpeg\",\"orientation\":\"landscape\"},\"medium\":{\"height\":201,\"width\":300,\"url\":\"https:\/\/www.centrocliniconemo.it\/wp-content\/uploads\/2025\/03\/WhatsApp-Image-2025-02-28-at-08.54.47-300x201.jpeg\",\"orientation\":\"landscape\"},\"large\":{\"height\":688,\"width\":1024,\"url\":\"https:\/\/www.centrocliniconemo.it\/wp-content\/uploads\/2025\/03\/WhatsApp-Image-2025-02-28-at-08.54.47-1024x688.jpeg\",\"orientation\":\"landscape\"},\"full\":{\"url\":\"https:\/\/www.centrocliniconemo.it\/wp-content\/uploads\/2025\/03\/WhatsApp-Image-2025-02-28-at-08.54.47.jpeg\",\"height\":924,\"width\":1376,\"orientation\":\"landscape\"}},\"imageMeta\":{\"aperture\":\"0\",\"credit\":\"\",\"camera\":\"\",\"caption\":\"\",\"created_timestamp\":\"0\",\"copyright\":\"\",\"focal_length\":\"0\",\"iso\":\"0\",\"shutter_speed\":\"0\",\"title\":\"\",\"orientation\":\"0\",\"keywords\":[]},\"meta\":false,\"postlink\":\"https:\/\/www.centrocliniconemo.it\/?attachment_id=23934\"},{\"id\":23932,\"title\":\"WhatsApp Image 2025-02-28 at 08.45.36\",\"url\":\"https:\/\/www.centrocliniconemo.it\/wp-content\/uploads\/2025\/03\/WhatsApp-Image-2025-02-28-at-08.45.36.jpeg\",\"link\":\"https:\/\/www.centrocliniconemo.it\/?attachment_id=23932\",\"alt\":\"\",\"description\":\"\",\"caption\":\"\",\"mime\":\"image\/jpeg\",\"type\":\"image\",\"width\":1600,\"height\":1200,\"sizes\":{\"thumbnail\":{\"height\":150,\"width\":150,\"url\":\"https:\/\/www.centrocliniconemo.it\/wp-content\/uploads\/2025\/03\/WhatsApp-Image-2025-02-28-at-08.45.36-150x150.jpeg\",\"orientation\":\"landscape\"},\"medium\":{\"height\":225,\"width\":300,\"url\":\"https:\/\/www.centrocliniconemo.it\/wp-content\/uploads\/2025\/03\/WhatsApp-Image-2025-02-28-at-08.45.36-300x225.jpeg\",\"orientation\":\"landscape\"},\"large\":{\"height\":768,\"width\":1024,\"url\":\"https:\/\/www.centrocliniconemo.it\/wp-content\/uploads\/2025\/03\/WhatsApp-Image-2025-02-28-at-08.45.36-1024x768.jpeg\",\"orientation\":\"landscape\"},\"full\":{\"url\":\"https:\/\/www.centrocliniconemo.it\/wp-content\/uploads\/2025\/03\/WhatsApp-Image-2025-02-28-at-08.45.36.jpeg\",\"height\":1200,\"width\":1600,\"orientation\":\"landscape\"}},\"imageMeta\":{\"aperture\":\"0\",\"credit\":\"\",\"camera\":\"\",\"caption\":\"\",\"created_timestamp\":\"0\",\"copyright\":\"\",\"focal_length\":\"0\",\"iso\":\"0\",\"shutter_speed\":\"0\",\"title\":\"\",\"orientation\":\"0\",\"keywords\":[]},\"meta\":false,\"postlink\":\"https:\/\/www.centrocliniconemo.it\/?attachment_id=23932\"},{\"id\":23928,\"title\":\"FOTO 4\",\"url\":\"https:\/\/www.centrocliniconemo.it\/wp-content\/uploads\/2025\/03\/FOTO-4.jpeg\",\"link\":\"https:\/\/www.centrocliniconemo.it\/?attachment_id=23928\",\"alt\":\"\",\"description\":\"\",\"caption\":\"\",\"mime\":\"image\/jpeg\",\"type\":\"image\",\"width\":1253,\"height\":1600,\"sizes\":{\"thumbnail\":{\"height\":150,\"width\":150,\"url\":\"https:\/\/www.centrocliniconemo.it\/wp-content\/uploads\/2025\/03\/FOTO-4-150x150.jpeg\",\"orientation\":\"landscape\"},\"medium\":{\"height\":300,\"width\":235,\"url\":\"https:\/\/www.centrocliniconemo.it\/wp-content\/uploads\/2025\/03\/FOTO-4-235x300.jpeg\",\"orientation\":\"portrait\"},\"large\":{\"height\":1024,\"width\":802,\"url\":\"https:\/\/www.centrocliniconemo.it\/wp-content\/uploads\/2025\/03\/FOTO-4-802x1024.jpeg\",\"orientation\":\"portrait\"},\"full\":{\"url\":\"https:\/\/www.centrocliniconemo.it\/wp-content\/uploads\/2025\/03\/FOTO-4.jpeg\",\"height\":1600,\"width\":1253,\"orientation\":\"portrait\"}},\"imageMeta\":{\"aperture\":\"0\",\"credit\":\"\",\"camera\":\"\",\"caption\":\"\",\"created_timestamp\":\"0\",\"copyright\":\"\",\"focal_length\":\"0\",\"iso\":\"0\",\"shutter_speed\":\"0\",\"title\":\"\",\"orientation\":\"0\",\"keywords\":[]},\"meta\":false,\"postlink\":\"https:\/\/www.centrocliniconemo.it\/?attachment_id=23928\"},{\"id\":23926,\"title\":\"FOTO 3\",\"url\":\"https:\/\/www.centrocliniconemo.it\/wp-content\/uploads\/2025\/03\/FOTO-3.jpeg\",\"link\":\"https:\/\/www.centrocliniconemo.it\/?attachment_id=23926\",\"alt\":\"\",\"description\":\"\",\"caption\":\"\",\"mime\":\"image\/jpeg\",\"type\":\"image\",\"width\":919,\"height\":757,\"sizes\":{\"thumbnail\":{\"height\":150,\"width\":150,\"url\":\"https:\/\/www.centrocliniconemo.it\/wp-content\/uploads\/2025\/03\/FOTO-3-150x150.jpeg\",\"orientation\":\"landscape\"},\"medium\":{\"height\":247,\"width\":300,\"url\":\"https:\/\/www.centrocliniconemo.it\/wp-content\/uploads\/2025\/03\/FOTO-3-300x247.jpeg\",\"orientation\":\"landscape\"},\"full\":{\"url\":\"https:\/\/www.centrocliniconemo.it\/wp-content\/uploads\/2025\/03\/FOTO-3.jpeg\",\"height\":757,\"width\":919,\"orientation\":\"landscape\"}},\"imageMeta\":{\"aperture\":\"0\",\"credit\":\"\",\"camera\":\"\",\"caption\":\"\",\"created_timestamp\":\"0\",\"copyright\":\"\",\"focal_length\":\"0\",\"iso\":\"0\",\"shutter_speed\":\"0\",\"title\":\"\",\"orientation\":\"0\",\"keywords\":[]},\"meta\":false,\"postlink\":\"https:\/\/www.centrocliniconemo.it\/?attachment_id=23926\"},{\"id\":23924,\"title\":\"FOTO 2\",\"url\":\"https:\/\/www.centrocliniconemo.it\/wp-content\/uploads\/2025\/03\/FOTO-2.jpeg\",\"link\":\"https:\/\/www.centrocliniconemo.it\/?attachment_id=23924\",\"alt\":\"\",\"description\":\"\",\"caption\":\"\",\"mime\":\"image\/jpeg\",\"type\":\"image\",\"width\":1200,\"height\":1600,\"sizes\":{\"thumbnail\":{\"height\":150,\"width\":150,\"url\":\"https:\/\/www.centrocliniconemo.it\/wp-content\/uploads\/2025\/03\/FOTO-2-150x150.jpeg\",\"orientation\":\"landscape\"},\"medium\":{\"height\":300,\"width\":225,\"url\":\"https:\/\/www.centrocliniconemo.it\/wp-content\/uploads\/2025\/03\/FOTO-2-225x300.jpeg\",\"orientation\":\"portrait\"},\"large\":{\"height\":1024,\"width\":768,\"url\":\"https:\/\/www.centrocliniconemo.it\/wp-content\/uploads\/2025\/03\/FOTO-2-768x1024.jpeg\",\"orientation\":\"portrait\"},\"full\":{\"url\":\"https:\/\/www.centrocliniconemo.it\/wp-content\/uploads\/2025\/03\/FOTO-2.jpeg\",\"height\":1600,\"width\":1200,\"orientation\":\"portrait\"}},\"imageMeta\":{\"aperture\":\"0\",\"credit\":\"\",\"camera\":\"\",\"caption\":\"\",\"created_timestamp\":\"0\",\"copyright\":\"\",\"focal_length\":\"0\",\"iso\":\"0\",\"shutter_speed\":\"0\",\"title\":\"\",\"orientation\":\"0\",\"keywords\":[]},\"meta\":false,\"postlink\":\"https:\/\/www.centrocliniconemo.it\/?attachment_id=23924\"}],\"jetDynamicVisibility\":{\"jedv_enabled\":false},\"jetPopupInstance\":\"none\",\"jetPopupTriggerType\":\"none\",\"jetPopupCustomSelector\":\"\",\"jetPopupIsJetEngine\":false,\"itemsMetaDataCollection\":[]}<\/script><script>(function(){if(window.PGC_SGB && window.PGC_SGB.searcher){window.PGC_SGB.searcher.initBlocks()}})()<\/script><\/div>\n\n\n<p><\/p>\n","protected":false},"excerpt":{"rendered":"<p>28 febbraio 2025 &#8211; Le malattie neurologiche rare rappresentano oggi una sfida dal punto di vista clinico, scientifico e culturale. Questo \u00e8 il messaggio emerso durante il Convegno \u201cAdvances in Management of Neurological Disease\u201d, svoltosi a Brescia mercoled\u00ec 26 febbraio in occasione della Giornata delle Malattie Rare 2025. L&#8217;evento \u00e8 stato promosso dal Gruppo di [&hellip;]<\/p>\n","protected":false},"author":3,"featured_media":23922,"comment_status":"closed","ping_status":"closed","sticky":false,"template":"","format":"standard","meta":{"pgc_sgb_lightbox_settings":"","footnotes":""},"categories":[28],"tags":[22],"class_list":["post-23921","post","type-post","status-publish","format-standard","has-post-thumbnail","hentry","category-cura-ricerca-e-formazione","tag-nemo-brescia"],"yoast_head":"<!-- This site is optimized with the Yoast SEO plugin v27.4 - https:\/\/yoast.com\/product\/yoast-seo-wordpress\/ -->\n<title>A Brescia il Convegno sugli sviluppi nella gestione delle malattie neurologiche rare: per continuare a \u201cvedere oltre\u201d la malattia. - Centro Clinico NeMO<\/title>\n<meta name=\"description\" content=\"Il Convegno \u201cAdvances in Management of Neurological Disease\u201d ha riunito a Brescia esperti e istituzioni per discutere le nuove frontiere nella gestione delle malattie neurologiche rare. Dalla genetica ai trial clinici, un focus sull&#039;importanza di un approccio multidisciplinare per garantire la miglior qualit\u00e0 di vita ai pazienti.\" \/>\n<meta name=\"robots\" content=\"index, follow, max-snippet:-1, max-image-preview:large, max-video-preview:-1\" \/>\n<link rel=\"canonical\" href=\"https:\/\/www.centrocliniconemo.it\/en\/blog\/a-brescia-il-convegno-sugli-sviluppi-nella-gestione-delle-malattie-neurologiche-rare-per-continuare-a-vedere-oltre-la-malattia\/\" \/>\n<meta property=\"og:locale\" content=\"en_US\" \/>\n<meta property=\"og:type\" content=\"article\" \/>\n<meta property=\"og:title\" content=\"A Brescia il Convegno sugli sviluppi nella gestione delle malattie neurologiche rare: per continuare a \u201cvedere oltre\u201d la malattia. - Centro Clinico NeMO\" \/>\n<meta property=\"og:description\" content=\"Il Convegno \u201cAdvances in Management of Neurological Disease\u201d ha riunito a Brescia esperti e istituzioni per discutere le nuove frontiere nella gestione delle malattie neurologiche rare. Dalla genetica ai trial clinici, un focus sull&#039;importanza di un approccio multidisciplinare per garantire la miglior qualit\u00e0 di vita ai pazienti.\" \/>\n<meta property=\"og:url\" content=\"https:\/\/www.centrocliniconemo.it\/en\/blog\/a-brescia-il-convegno-sugli-sviluppi-nella-gestione-delle-malattie-neurologiche-rare-per-continuare-a-vedere-oltre-la-malattia\/\" \/>\n<meta property=\"og:site_name\" content=\"Centro Clinico NeMO\" \/>\n<meta property=\"article:publisher\" content=\"https:\/\/www.facebook.com\/CentroNEMOItalia\" \/>\n<meta property=\"article:published_time\" content=\"2025-03-01T09:50:39+00:00\" \/>\n<meta property=\"article:modified_time\" content=\"2025-03-01T09:54:25+00:00\" \/>\n<meta property=\"og:image\" content=\"https:\/\/www.centrocliniconemo.it\/wp-content\/uploads\/2025\/03\/FOTO-1.jpeg\" \/>\n\t<meta property=\"og:image:width\" content=\"1600\" \/>\n\t<meta property=\"og:image:height\" content=\"1200\" \/>\n\t<meta property=\"og:image:type\" content=\"image\/jpeg\" \/>\n<meta name=\"author\" content=\"Paola Tomasi\" \/>\n<meta name=\"twitter:card\" content=\"summary_large_image\" \/>\n<meta name=\"twitter:creator\" content=\"@CentroNemo\" \/>\n<meta name=\"twitter:site\" content=\"@CentroNemo\" \/>\n<meta name=\"twitter:label1\" content=\"Written by\" \/>\n\t<meta name=\"twitter:data1\" content=\"Paola Tomasi\" \/>\n\t<meta name=\"twitter:label2\" content=\"Est. reading time\" \/>\n\t<meta name=\"twitter:data2\" content=\"6 minutes\" \/>\n<script type=\"application\/ld+json\" class=\"yoast-schema-graph\">{\"@context\":\"https:\\\/\\\/schema.org\",\"@graph\":[{\"@type\":\"Article\",\"@id\":\"https:\\\/\\\/www.centrocliniconemo.it\\\/en\\\/blog\\\/a-brescia-il-convegno-sugli-sviluppi-nella-gestione-delle-malattie-neurologiche-rare-per-continuare-a-vedere-oltre-la-malattia\\\/#article\",\"isPartOf\":{\"@id\":\"https:\\\/\\\/www.centrocliniconemo.it\\\/en\\\/blog\\\/a-brescia-il-convegno-sugli-sviluppi-nella-gestione-delle-malattie-neurologiche-rare-per-continuare-a-vedere-oltre-la-malattia\\\/\"},\"author\":{\"name\":\"Paola Tomasi\",\"@id\":\"https:\\\/\\\/www.centrocliniconemo.it\\\/en\\\/#\\\/schema\\\/person\\\/23b904ba18a16bb7b114b1f59642792e\"},\"headline\":\"A Brescia il Convegno sugli sviluppi nella gestione delle malattie neurologiche rare: per continuare a \u201cvedere oltre\u201d la malattia.\",\"datePublished\":\"2025-03-01T09:50:39+00:00\",\"dateModified\":\"2025-03-01T09:54:25+00:00\",\"mainEntityOfPage\":{\"@id\":\"https:\\\/\\\/www.centrocliniconemo.it\\\/en\\\/blog\\\/a-brescia-il-convegno-sugli-sviluppi-nella-gestione-delle-malattie-neurologiche-rare-per-continuare-a-vedere-oltre-la-malattia\\\/\"},\"wordCount\":891,\"publisher\":{\"@id\":\"https:\\\/\\\/www.centrocliniconemo.it\\\/en\\\/#organization\"},\"image\":{\"@id\":\"https:\\\/\\\/www.centrocliniconemo.it\\\/en\\\/blog\\\/a-brescia-il-convegno-sugli-sviluppi-nella-gestione-delle-malattie-neurologiche-rare-per-continuare-a-vedere-oltre-la-malattia\\\/#primaryimage\"},\"thumbnailUrl\":\"https:\\\/\\\/www.centrocliniconemo.it\\\/wp-content\\\/uploads\\\/2025\\\/03\\\/FOTO-1.jpeg\",\"keywords\":[\"NeMO Brescia\"],\"articleSection\":[\"Cura, ricerca e formazione\"],\"inLanguage\":\"en-US\"},{\"@type\":\"WebPage\",\"@id\":\"https:\\\/\\\/www.centrocliniconemo.it\\\/en\\\/blog\\\/a-brescia-il-convegno-sugli-sviluppi-nella-gestione-delle-malattie-neurologiche-rare-per-continuare-a-vedere-oltre-la-malattia\\\/\",\"url\":\"https:\\\/\\\/www.centrocliniconemo.it\\\/en\\\/blog\\\/a-brescia-il-convegno-sugli-sviluppi-nella-gestione-delle-malattie-neurologiche-rare-per-continuare-a-vedere-oltre-la-malattia\\\/\",\"name\":\"A Brescia il Convegno sugli sviluppi nella gestione delle malattie neurologiche rare: per continuare a \u201cvedere oltre\u201d la malattia. - Centro Clinico NeMO\",\"isPartOf\":{\"@id\":\"https:\\\/\\\/www.centrocliniconemo.it\\\/en\\\/#website\"},\"primaryImageOfPage\":{\"@id\":\"https:\\\/\\\/www.centrocliniconemo.it\\\/en\\\/blog\\\/a-brescia-il-convegno-sugli-sviluppi-nella-gestione-delle-malattie-neurologiche-rare-per-continuare-a-vedere-oltre-la-malattia\\\/#primaryimage\"},\"image\":{\"@id\":\"https:\\\/\\\/www.centrocliniconemo.it\\\/en\\\/blog\\\/a-brescia-il-convegno-sugli-sviluppi-nella-gestione-delle-malattie-neurologiche-rare-per-continuare-a-vedere-oltre-la-malattia\\\/#primaryimage\"},\"thumbnailUrl\":\"https:\\\/\\\/www.centrocliniconemo.it\\\/wp-content\\\/uploads\\\/2025\\\/03\\\/FOTO-1.jpeg\",\"datePublished\":\"2025-03-01T09:50:39+00:00\",\"dateModified\":\"2025-03-01T09:54:25+00:00\",\"description\":\"Il Convegno \u201cAdvances in Management of Neurological Disease\u201d ha riunito a Brescia esperti e istituzioni per discutere le nuove frontiere nella gestione delle malattie neurologiche rare. Dalla genetica ai trial clinici, un focus sull'importanza di un approccio multidisciplinare per garantire la miglior qualit\u00e0 di vita ai pazienti.\",\"breadcrumb\":{\"@id\":\"https:\\\/\\\/www.centrocliniconemo.it\\\/en\\\/blog\\\/a-brescia-il-convegno-sugli-sviluppi-nella-gestione-delle-malattie-neurologiche-rare-per-continuare-a-vedere-oltre-la-malattia\\\/#breadcrumb\"},\"inLanguage\":\"en-US\",\"potentialAction\":[{\"@type\":\"ReadAction\",\"target\":[\"https:\\\/\\\/www.centrocliniconemo.it\\\/en\\\/blog\\\/a-brescia-il-convegno-sugli-sviluppi-nella-gestione-delle-malattie-neurologiche-rare-per-continuare-a-vedere-oltre-la-malattia\\\/\"]}]},{\"@type\":\"ImageObject\",\"inLanguage\":\"en-US\",\"@id\":\"https:\\\/\\\/www.centrocliniconemo.it\\\/en\\\/blog\\\/a-brescia-il-convegno-sugli-sviluppi-nella-gestione-delle-malattie-neurologiche-rare-per-continuare-a-vedere-oltre-la-malattia\\\/#primaryimage\",\"url\":\"https:\\\/\\\/www.centrocliniconemo.it\\\/wp-content\\\/uploads\\\/2025\\\/03\\\/FOTO-1.jpeg\",\"contentUrl\":\"https:\\\/\\\/www.centrocliniconemo.it\\\/wp-content\\\/uploads\\\/2025\\\/03\\\/FOTO-1.jpeg\",\"width\":1600,\"height\":1200,\"caption\":\"convegno brescia padovani filosto 26 febbraio\"},{\"@type\":\"BreadcrumbList\",\"@id\":\"https:\\\/\\\/www.centrocliniconemo.it\\\/en\\\/blog\\\/a-brescia-il-convegno-sugli-sviluppi-nella-gestione-delle-malattie-neurologiche-rare-per-continuare-a-vedere-oltre-la-malattia\\\/#breadcrumb\",\"itemListElement\":[{\"@type\":\"ListItem\",\"position\":1,\"name\":\"Home\",\"item\":\"https:\\\/\\\/www.centrocliniconemo.it\\\/en\\\/\"},{\"@type\":\"ListItem\",\"position\":2,\"name\":\"A Brescia il Convegno sugli sviluppi nella gestione delle malattie neurologiche rare: per continuare a \u201cvedere oltre\u201d la malattia.\"}]},{\"@type\":\"WebSite\",\"@id\":\"https:\\\/\\\/www.centrocliniconemo.it\\\/en\\\/#website\",\"url\":\"https:\\\/\\\/www.centrocliniconemo.it\\\/en\\\/\",\"name\":\"Centro Clinico NeMO\",\"description\":\"Il paziente al centro\",\"publisher\":{\"@id\":\"https:\\\/\\\/www.centrocliniconemo.it\\\/en\\\/#organization\"},\"potentialAction\":[{\"@type\":\"SearchAction\",\"target\":{\"@type\":\"EntryPoint\",\"urlTemplate\":\"https:\\\/\\\/www.centrocliniconemo.it\\\/en\\\/?s={search_term_string}\"},\"query-input\":{\"@type\":\"PropertyValueSpecification\",\"valueRequired\":true,\"valueName\":\"search_term_string\"}}],\"inLanguage\":\"en-US\"},{\"@type\":\"Organization\",\"@id\":\"https:\\\/\\\/www.centrocliniconemo.it\\\/en\\\/#organization\",\"name\":\"Centro Clinico NeMO - Fondazione Serena Onlus\",\"url\":\"https:\\\/\\\/www.centrocliniconemo.it\\\/en\\\/\",\"logo\":{\"@type\":\"ImageObject\",\"inLanguage\":\"en-US\",\"@id\":\"https:\\\/\\\/www.centrocliniconemo.it\\\/en\\\/#\\\/schema\\\/logo\\\/image\\\/\",\"url\":\"https:\\\/\\\/www.centrocliniconemo.it\\\/wp-content\\\/uploads\\\/2023\\\/03\\\/logo-nemo.svg\",\"contentUrl\":\"https:\\\/\\\/www.centrocliniconemo.it\\\/wp-content\\\/uploads\\\/2023\\\/03\\\/logo-nemo.svg\",\"width\":272,\"height\":109.142,\"caption\":\"Centro Clinico NeMO - Fondazione Serena Onlus\"},\"image\":{\"@id\":\"https:\\\/\\\/www.centrocliniconemo.it\\\/en\\\/#\\\/schema\\\/logo\\\/image\\\/\"},\"sameAs\":[\"https:\\\/\\\/www.facebook.com\\\/CentroNEMOItalia\",\"https:\\\/\\\/x.com\\\/CentroNemo\",\"https:\\\/\\\/www.linkedin.com\\\/company\\\/centrocliniconemo\\\/\",\"https:\\\/\\\/www.instagram.com\\\/centrocliniconemo\\\/\"]},{\"@type\":\"Person\",\"@id\":\"https:\\\/\\\/www.centrocliniconemo.it\\\/en\\\/#\\\/schema\\\/person\\\/23b904ba18a16bb7b114b1f59642792e\",\"name\":\"Paola Tomasi\",\"image\":{\"@type\":\"ImageObject\",\"inLanguage\":\"en-US\",\"@id\":\"https:\\\/\\\/secure.gravatar.com\\\/avatar\\\/74446384f79033bbbf711e67d0640ba1208293f1c7cd6b4abdc36fd985a8b9e4?s=96&d=mm&r=g\",\"url\":\"https:\\\/\\\/secure.gravatar.com\\\/avatar\\\/74446384f79033bbbf711e67d0640ba1208293f1c7cd6b4abdc36fd985a8b9e4?s=96&d=mm&r=g\",\"contentUrl\":\"https:\\\/\\\/secure.gravatar.com\\\/avatar\\\/74446384f79033bbbf711e67d0640ba1208293f1c7cd6b4abdc36fd985a8b9e4?s=96&d=mm&r=g\",\"caption\":\"Paola Tomasi\"}}]}<\/script>\n<!-- \/ Yoast SEO plugin. -->","yoast_head_json":{"title":"A Brescia il Convegno sugli sviluppi nella gestione delle malattie neurologiche rare: per continuare a \u201cvedere oltre\u201d la malattia. - Centro Clinico NeMO","description":"Il Convegno \u201cAdvances in Management of Neurological Disease\u201d ha riunito a Brescia esperti e istituzioni per discutere le nuove frontiere nella gestione delle malattie neurologiche rare. Dalla genetica ai trial clinici, un focus sull'importanza di un approccio multidisciplinare per garantire la miglior qualit\u00e0 di vita ai pazienti.","robots":{"index":"index","follow":"follow","max-snippet":"max-snippet:-1","max-image-preview":"max-image-preview:large","max-video-preview":"max-video-preview:-1"},"canonical":"https:\/\/www.centrocliniconemo.it\/en\/blog\/a-brescia-il-convegno-sugli-sviluppi-nella-gestione-delle-malattie-neurologiche-rare-per-continuare-a-vedere-oltre-la-malattia\/","og_locale":"en_US","og_type":"article","og_title":"A Brescia il Convegno sugli sviluppi nella gestione delle malattie neurologiche rare: per continuare a \u201cvedere oltre\u201d la malattia. - Centro Clinico NeMO","og_description":"Il Convegno \u201cAdvances in Management of Neurological Disease\u201d ha riunito a Brescia esperti e istituzioni per discutere le nuove frontiere nella gestione delle malattie neurologiche rare. Dalla genetica ai trial clinici, un focus sull'importanza di un approccio multidisciplinare per garantire la miglior qualit\u00e0 di vita ai pazienti.","og_url":"https:\/\/www.centrocliniconemo.it\/en\/blog\/a-brescia-il-convegno-sugli-sviluppi-nella-gestione-delle-malattie-neurologiche-rare-per-continuare-a-vedere-oltre-la-malattia\/","og_site_name":"Centro Clinico NeMO","article_publisher":"https:\/\/www.facebook.com\/CentroNEMOItalia","article_published_time":"2025-03-01T09:50:39+00:00","article_modified_time":"2025-03-01T09:54:25+00:00","og_image":[{"width":1600,"height":1200,"url":"https:\/\/www.centrocliniconemo.it\/wp-content\/uploads\/2025\/03\/FOTO-1.jpeg","type":"image\/jpeg"}],"author":"Paola Tomasi","twitter_card":"summary_large_image","twitter_creator":"@CentroNemo","twitter_site":"@CentroNemo","twitter_misc":{"Written by":"Paola Tomasi","Est. reading time":"6 minutes"},"schema":{"@context":"https:\/\/schema.org","@graph":[{"@type":"Article","@id":"https:\/\/www.centrocliniconemo.it\/en\/blog\/a-brescia-il-convegno-sugli-sviluppi-nella-gestione-delle-malattie-neurologiche-rare-per-continuare-a-vedere-oltre-la-malattia\/#article","isPartOf":{"@id":"https:\/\/www.centrocliniconemo.it\/en\/blog\/a-brescia-il-convegno-sugli-sviluppi-nella-gestione-delle-malattie-neurologiche-rare-per-continuare-a-vedere-oltre-la-malattia\/"},"author":{"name":"Paola Tomasi","@id":"https:\/\/www.centrocliniconemo.it\/en\/#\/schema\/person\/23b904ba18a16bb7b114b1f59642792e"},"headline":"A Brescia il Convegno sugli sviluppi nella gestione delle malattie neurologiche rare: per continuare a \u201cvedere oltre\u201d la malattia.","datePublished":"2025-03-01T09:50:39+00:00","dateModified":"2025-03-01T09:54:25+00:00","mainEntityOfPage":{"@id":"https:\/\/www.centrocliniconemo.it\/en\/blog\/a-brescia-il-convegno-sugli-sviluppi-nella-gestione-delle-malattie-neurologiche-rare-per-continuare-a-vedere-oltre-la-malattia\/"},"wordCount":891,"publisher":{"@id":"https:\/\/www.centrocliniconemo.it\/en\/#organization"},"image":{"@id":"https:\/\/www.centrocliniconemo.it\/en\/blog\/a-brescia-il-convegno-sugli-sviluppi-nella-gestione-delle-malattie-neurologiche-rare-per-continuare-a-vedere-oltre-la-malattia\/#primaryimage"},"thumbnailUrl":"https:\/\/www.centrocliniconemo.it\/wp-content\/uploads\/2025\/03\/FOTO-1.jpeg","keywords":["NeMO Brescia"],"articleSection":["Cura, ricerca e formazione"],"inLanguage":"en-US"},{"@type":"WebPage","@id":"https:\/\/www.centrocliniconemo.it\/en\/blog\/a-brescia-il-convegno-sugli-sviluppi-nella-gestione-delle-malattie-neurologiche-rare-per-continuare-a-vedere-oltre-la-malattia\/","url":"https:\/\/www.centrocliniconemo.it\/en\/blog\/a-brescia-il-convegno-sugli-sviluppi-nella-gestione-delle-malattie-neurologiche-rare-per-continuare-a-vedere-oltre-la-malattia\/","name":"A Brescia il Convegno sugli sviluppi nella gestione delle malattie neurologiche rare: per continuare a \u201cvedere oltre\u201d la malattia. - Centro Clinico NeMO","isPartOf":{"@id":"https:\/\/www.centrocliniconemo.it\/en\/#website"},"primaryImageOfPage":{"@id":"https:\/\/www.centrocliniconemo.it\/en\/blog\/a-brescia-il-convegno-sugli-sviluppi-nella-gestione-delle-malattie-neurologiche-rare-per-continuare-a-vedere-oltre-la-malattia\/#primaryimage"},"image":{"@id":"https:\/\/www.centrocliniconemo.it\/en\/blog\/a-brescia-il-convegno-sugli-sviluppi-nella-gestione-delle-malattie-neurologiche-rare-per-continuare-a-vedere-oltre-la-malattia\/#primaryimage"},"thumbnailUrl":"https:\/\/www.centrocliniconemo.it\/wp-content\/uploads\/2025\/03\/FOTO-1.jpeg","datePublished":"2025-03-01T09:50:39+00:00","dateModified":"2025-03-01T09:54:25+00:00","description":"Il Convegno \u201cAdvances in Management of Neurological Disease\u201d ha riunito a Brescia esperti e istituzioni per discutere le nuove frontiere nella gestione delle malattie neurologiche rare. Dalla genetica ai trial clinici, un focus sull'importanza di un approccio multidisciplinare per garantire la miglior qualit\u00e0 di vita ai pazienti.","breadcrumb":{"@id":"https:\/\/www.centrocliniconemo.it\/en\/blog\/a-brescia-il-convegno-sugli-sviluppi-nella-gestione-delle-malattie-neurologiche-rare-per-continuare-a-vedere-oltre-la-malattia\/#breadcrumb"},"inLanguage":"en-US","potentialAction":[{"@type":"ReadAction","target":["https:\/\/www.centrocliniconemo.it\/en\/blog\/a-brescia-il-convegno-sugli-sviluppi-nella-gestione-delle-malattie-neurologiche-rare-per-continuare-a-vedere-oltre-la-malattia\/"]}]},{"@type":"ImageObject","inLanguage":"en-US","@id":"https:\/\/www.centrocliniconemo.it\/en\/blog\/a-brescia-il-convegno-sugli-sviluppi-nella-gestione-delle-malattie-neurologiche-rare-per-continuare-a-vedere-oltre-la-malattia\/#primaryimage","url":"https:\/\/www.centrocliniconemo.it\/wp-content\/uploads\/2025\/03\/FOTO-1.jpeg","contentUrl":"https:\/\/www.centrocliniconemo.it\/wp-content\/uploads\/2025\/03\/FOTO-1.jpeg","width":1600,"height":1200,"caption":"convegno brescia padovani filosto 26 febbraio"},{"@type":"BreadcrumbList","@id":"https:\/\/www.centrocliniconemo.it\/en\/blog\/a-brescia-il-convegno-sugli-sviluppi-nella-gestione-delle-malattie-neurologiche-rare-per-continuare-a-vedere-oltre-la-malattia\/#breadcrumb","itemListElement":[{"@type":"ListItem","position":1,"name":"Home","item":"https:\/\/www.centrocliniconemo.it\/en\/"},{"@type":"ListItem","position":2,"name":"A Brescia il Convegno sugli sviluppi nella gestione delle malattie neurologiche rare: per continuare a \u201cvedere oltre\u201d la malattia."}]},{"@type":"WebSite","@id":"https:\/\/www.centrocliniconemo.it\/en\/#website","url":"https:\/\/www.centrocliniconemo.it\/en\/","name":"Centro Clinico NeMO","description":"Il paziente al centro","publisher":{"@id":"https:\/\/www.centrocliniconemo.it\/en\/#organization"},"potentialAction":[{"@type":"SearchAction","target":{"@type":"EntryPoint","urlTemplate":"https:\/\/www.centrocliniconemo.it\/en\/?s={search_term_string}"},"query-input":{"@type":"PropertyValueSpecification","valueRequired":true,"valueName":"search_term_string"}}],"inLanguage":"en-US"},{"@type":"Organization","@id":"https:\/\/www.centrocliniconemo.it\/en\/#organization","name":"Centro Clinico NeMO - Fondazione Serena Onlus","url":"https:\/\/www.centrocliniconemo.it\/en\/","logo":{"@type":"ImageObject","inLanguage":"en-US","@id":"https:\/\/www.centrocliniconemo.it\/en\/#\/schema\/logo\/image\/","url":"https:\/\/www.centrocliniconemo.it\/wp-content\/uploads\/2023\/03\/logo-nemo.svg","contentUrl":"https:\/\/www.centrocliniconemo.it\/wp-content\/uploads\/2023\/03\/logo-nemo.svg","width":272,"height":109.142,"caption":"Centro Clinico NeMO - Fondazione Serena Onlus"},"image":{"@id":"https:\/\/www.centrocliniconemo.it\/en\/#\/schema\/logo\/image\/"},"sameAs":["https:\/\/www.facebook.com\/CentroNEMOItalia","https:\/\/x.com\/CentroNemo","https:\/\/www.linkedin.com\/company\/centrocliniconemo\/","https:\/\/www.instagram.com\/centrocliniconemo\/"]},{"@type":"Person","@id":"https:\/\/www.centrocliniconemo.it\/en\/#\/schema\/person\/23b904ba18a16bb7b114b1f59642792e","name":"Paola Tomasi","image":{"@type":"ImageObject","inLanguage":"en-US","@id":"https:\/\/secure.gravatar.com\/avatar\/74446384f79033bbbf711e67d0640ba1208293f1c7cd6b4abdc36fd985a8b9e4?s=96&d=mm&r=g","url":"https:\/\/secure.gravatar.com\/avatar\/74446384f79033bbbf711e67d0640ba1208293f1c7cd6b4abdc36fd985a8b9e4?s=96&d=mm&r=g","contentUrl":"https:\/\/secure.gravatar.com\/avatar\/74446384f79033bbbf711e67d0640ba1208293f1c7cd6b4abdc36fd985a8b9e4?s=96&d=mm&r=g","caption":"Paola Tomasi"}}]}},"_links":{"self":[{"href":"https:\/\/www.centrocliniconemo.it\/en\/wp-json\/wp\/v2\/posts\/23921","targetHints":{"allow":["GET"]}}],"collection":[{"href":"https:\/\/www.centrocliniconemo.it\/en\/wp-json\/wp\/v2\/posts"}],"about":[{"href":"https:\/\/www.centrocliniconemo.it\/en\/wp-json\/wp\/v2\/types\/post"}],"author":[{"embeddable":true,"href":"https:\/\/www.centrocliniconemo.it\/en\/wp-json\/wp\/v2\/users\/3"}],"replies":[{"embeddable":true,"href":"https:\/\/www.centrocliniconemo.it\/en\/wp-json\/wp\/v2\/comments?post=23921"}],"version-history":[{"count":0,"href":"https:\/\/www.centrocliniconemo.it\/en\/wp-json\/wp\/v2\/posts\/23921\/revisions"}],"wp:featuredmedia":[{"embeddable":true,"href":"https:\/\/www.centrocliniconemo.it\/en\/wp-json\/wp\/v2\/media\/23922"}],"wp:attachment":[{"href":"https:\/\/www.centrocliniconemo.it\/en\/wp-json\/wp\/v2\/media?parent=23921"}],"wp:term":[{"taxonomy":"category","embeddable":true,"href":"https:\/\/www.centrocliniconemo.it\/en\/wp-json\/wp\/v2\/categories?post=23921"},{"taxonomy":"post_tag","embeddable":true,"href":"https:\/\/www.centrocliniconemo.it\/en\/wp-json\/wp\/v2\/tags?post=23921"}],"curies":[{"name":"wp","href":"https:\/\/api.w.org\/{rel}","templated":true}]}}