{"id":23675,"date":"2025-02-19T18:51:54","date_gmt":"2025-02-19T18:51:54","guid":{"rendered":"https:\/\/www.centrocliniconemo.it\/blog\/?p=23675"},"modified":"2025-02-20T11:17:07","modified_gmt":"2025-02-20T11:17:07","slug":"linter-sostiene-la-ricerca-dei-centri-nemo","status":"publish","type":"post","link":"https:\/\/www.centrocliniconemo.it\/en\/blog\/linter-sostiene-la-ricerca-dei-centri-nemo\/","title":{"rendered":"L&#8217;Inter sostiene la ricerca dei Centri NeMO"},"content":{"rendered":"\n<p><em>Milano, 19 febbraio 2025 &#8211;<\/em> <strong>La targa dell\u2019Inter da oggi \u00e8 presente nel Clinical Research Center \u201cNanni Anselmi\u201d del <a href=\"https:\/\/www.centrocliniconemo.it\/pazienti\/sedi-nemo\/nemo-milano\/\">Centro NeMO di Milano<\/a><\/strong>, posta proprio all\u2019ingresso di quello che sar\u00e0 presto il laboratorio di raccolta e conservazione temporanea dei campioni biologici del Centro. E a celebrare questo momento \u00e8 stata la<strong> visita al Centro NeMO del <a href=\"https:\/\/it.wikipedia.org\/wiki\/Giuseppe_Marotta_(dirigente_sportivo)\">Presidente Giuseppe Marotta<\/a><\/strong>. Ad accoglierlo, il presidente dei Centri NeMO, <strong>Marco Rasconi<\/strong>, insieme a <strong>clinici<\/strong>, <strong>operatori<\/strong> e <strong>pazienti<\/strong>. <\/p>\n\n\n\n<p>Tra loro <strong>Luca Leoni<\/strong>, uno degli <strong>InterNati <\/strong>pi\u00f9 appassionati,<strong> <\/strong>che affronta la sua battaglia pi\u00f9 grande con la Sclerosi Laterale Amiotrofica presso il NeMO, accompagnato da una rappresentanza del Club, fra cui il comico <strong>Enrico Bertolino<\/strong> ed i <strong>ragazzi degli <\/strong><a href=\"https:\/\/www.inter.it\/it\/notizie\/we-are-sport-stesso-gioco-stessa-passione\"><strong>Snakes<\/strong><\/a>, i giovani atleti di <em>Powerchair Football<\/em>, il calcio su carrozzina, che scendono in campo con i colori nerazzurro, proprio come la loro squadra del cuore.<\/p>\n\n\n\n<figure class=\"wp-block-image size-large\"><img fetchpriority=\"high\" decoding=\"async\" width=\"1024\" height=\"371\" src=\"https:\/\/www.centrocliniconemo.it\/wp-content\/uploads\/2025\/02\/ritaglio-2-1024x371.jpg\" alt=\"\" class=\"wp-image-23692\" srcset=\"https:\/\/www.centrocliniconemo.it\/wp-content\/uploads\/2025\/02\/ritaglio-2-1024x371.jpg 1024w, https:\/\/www.centrocliniconemo.it\/wp-content\/uploads\/2025\/02\/ritaglio-2-300x109.jpg 300w, https:\/\/www.centrocliniconemo.it\/wp-content\/uploads\/2025\/02\/ritaglio-2-768x278.jpg 768w, https:\/\/www.centrocliniconemo.it\/wp-content\/uploads\/2025\/02\/ritaglio-2-1536x556.jpg 1536w, https:\/\/www.centrocliniconemo.it\/wp-content\/uploads\/2025\/02\/ritaglio-2-2048x742.jpg 2048w\" sizes=\"(max-width: 1024px) 100vw, 1024px\" \/><figcaption class=\"wp-element-caption\">FC Internazionale Delegation Visit NeMo Center<\/figcaption><\/figure>\n\n\n\n<p>L\u2019incontro ha una motivazione speciale. In occasione del Natale 2024, <strong>l&#8217;Inter ha scelto di coinvolgere tutta la Famiglia Nerazzurra per devolvere una somma in beneficenza al Centro NeMO<\/strong>. Grazie a questa donazione, il \u201cClinical Research Center\u201d sar\u00e0 in grado di dotarsi di nuovi strumenti all\u2019avanguardia necessari per lo sviluppo della ricerca clinica e per la quale il NeMO \u00e8 punto di riferimento a livello nazionale e internazionale.&nbsp;<\/p>\n\n\n\n<p><em>\u201cQuesti strumenti ci consentiranno di incrementare la raccolta dei campioni biologici, fondamentale per la conoscenza degli aspetti biochimici e metabolici di queste patologie\u201d, <\/em>ha spiegato la <strong><a href=\"https:\/\/youtu.be\/VBRDKYByQwk?si=_MZUuc2lVHN3uBqK\">prof.ssa Valeria Sansone, direttore clinico-scientifico del Centro<\/a><\/strong>. La priorit\u00e0 per i clinici e i ricercatori, infatti, \u00e8 quella di raccogliere e studiare il maggior numero di dati, necessari per costruire la storia naturale di queste patologie rare e complesse e per le quali si sta lavorando per arrivare ad una cura risolutiva. Solo nel 2024 nell\u2019unit\u00e0 di ricerca clinica del NeMO Milano sono stati gestiti e condotti <strong>55 studi clinici, di cui 29 interventistici con la sperimentazione di nuovi trattamenti farmacologici, 23 osservazionali e 3 programmi EAP<\/strong> <em>(Expanded Access Programs &#8211; EAP)<\/em>, ossia programmi di accesso \u201cespanso\u201d per farmaci distribuiti in uso compassionevole, previsti proprio per malattie rare e gravi. &nbsp;<\/p>\n\n\n\n<p>Una giornata speciale e carica di valore, dunque, per tutte le persone coinvolte in questo incontro ricco di emozioni. \u201c<em>Nei Centri NeMO siamo impegnati quotidianamente a lavorare con spirito di squadra e con la fiducia di poter andare oltre, sfidando quello che solo pochi anni fa sembrava impossibile per le nostre patologie. Per questo ringrazio di cuore l\u2019Inter e il presidente Marotta. Il loro sostegno concreto alla ricerca \u00e8 il pi\u00f9 bel messaggio di speranza e di fiducia per la nostra comunit\u00e0\u201d, <\/em><strong>queste le parole del presidente dei Centri NeMO, Marco Rasconi.&nbsp;<\/strong><\/p>\n\n\n\n<p>\u201c<em>Tutta la Famiglia Inter \u00e8 particolarmente orgogliosa di aver portato un contributo ad una causa cos\u00ec importante, con l&#8217;augurio che questa iniziativa possa portare speranza e progresso nella vita di tanti<\/em>\u201d, <strong>ha dichiarato il presidente Marotta a conclusione dell\u2019incontro<\/strong>.<\/p>\n\n\n\n<p>Per tutti noi questa targa rappresenta <strong>un primo passo<\/strong> concreto verso una nuova storia di cambiamento: <strong>\u00e8 l\u2019invito ad unirsi nel sostenere la ricerca e costruire insieme la speranza.&nbsp;<\/strong><\/p>\n\n\n\n<p><a href=\"https:\/\/www.centrocliniconemo.it\/sostienici\/\">Qui<\/a> le info per continuare a sostenere il progetto. <\/p>\n\n\n<div class=\"pgc-sgb-cb wp-block-pgcsimplygalleryblock-slider \" data-gallery-id=\"a2c11327\"style=&quot;min-height:400px&quot;><div class=\"sgb-preloader\" id=\"pr_a2c11327\">\n\t<div class=\"sgb-square\" style=\"background:#d4d4d4\"><\/div>\n\t<div class=\"sgb-square\" style=\"background:#d4d4d4\"><\/div>\n\t<div class=\"sgb-square\" style=\"background:#d4d4d4\"><\/div>\n\t<div class=\"sgb-square\" style=\"background:#d4d4d4\"><\/div><\/div><div class=\"simply-gallery-amp pgc_sgb_slider \"><noscript><div class=\"sgb-gallery\"><div class=\"sgb-item\"><a href=\"https:\/\/www.centrocliniconemo.it\/blog\/linter-sostiene-la-ricerca-dei-centri-nemo\/attachment\/fc-internazionale-delegation-visit-nemo-center\/\" target=\"_blank\"><img loading=\"lazy\" decoding=\"async\" alt=\"\" width=\"300\" height=\"169\" loading=\"lazy\" src=\"https:\/\/www.centrocliniconemo.it\/wp-content\/uploads\/2025\/02\/PMT3513_1ea36e46-2239-413c-a82a-b8fcbb9da8d0-300x169.jpg\" srcset=\"https:\/\/www.centrocliniconemo.it\/wp-content\/uploads\/2025\/02\/PMT3513_1ea36e46-2239-413c-a82a-b8fcbb9da8d0-300x169.jpg 300w,https:\/\/www.centrocliniconemo.it\/wp-content\/uploads\/2025\/02\/PMT3513_1ea36e46-2239-413c-a82a-b8fcbb9da8d0-1024x576.jpg 1024w,https:\/\/www.centrocliniconemo.it\/wp-content\/uploads\/2025\/02\/PMT3513_1ea36e46-2239-413c-a82a-b8fcbb9da8d0-scaled.jpg 2560w\" sizes=\"auto, 250px\"\/><\/a><div class=\"sgb-item-caption\"><em>COMO, ITALY &#8211; FEBRUARY 19: &lt;&gt; on February 19, 2025 in Como, Italy. (Photo by Pier Marco Tacca &#8211; Inter\/Inter via Getty Images)<\/em><\/div><\/div><div class=\"sgb-item\"><a href=\"https:\/\/www.centrocliniconemo.it\/blog\/linter-sostiene-la-ricerca-dei-centri-nemo\/attachment\/apmt3343\/\" target=\"_blank\"><img loading=\"lazy\" decoding=\"async\" alt=\"\" width=\"300\" height=\"200\" loading=\"lazy\" src=\"https:\/\/www.centrocliniconemo.it\/wp-content\/uploads\/2025\/02\/APMT3343-300x200.jpg\" srcset=\"https:\/\/www.centrocliniconemo.it\/wp-content\/uploads\/2025\/02\/APMT3343-300x200.jpg 300w,https:\/\/www.centrocliniconemo.it\/wp-content\/uploads\/2025\/02\/APMT3343-1024x683.jpg 1024w,https:\/\/www.centrocliniconemo.it\/wp-content\/uploads\/2025\/02\/APMT3343-scaled.jpg 2560w\" sizes=\"auto, 250px\"\/><\/a><\/div><div class=\"sgb-item\"><a href=\"https:\/\/www.centrocliniconemo.it\/blog\/linter-sostiene-la-ricerca-dei-centri-nemo\/attachment\/fc-internazionale-delegation-visit-nemo-center-11\/\" target=\"_blank\"><img loading=\"lazy\" decoding=\"async\" alt=\"\" width=\"300\" height=\"200\" loading=\"lazy\" src=\"https:\/\/www.centrocliniconemo.it\/wp-content\/uploads\/2025\/02\/PMT5607_55ae2f15-d006-474f-99b4-d748fe947f02-1-300x200.jpg\" srcset=\"https:\/\/www.centrocliniconemo.it\/wp-content\/uploads\/2025\/02\/PMT5607_55ae2f15-d006-474f-99b4-d748fe947f02-1-300x200.jpg 300w,https:\/\/www.centrocliniconemo.it\/wp-content\/uploads\/2025\/02\/PMT5607_55ae2f15-d006-474f-99b4-d748fe947f02-1-1024x683.jpg 1024w,https:\/\/www.centrocliniconemo.it\/wp-content\/uploads\/2025\/02\/PMT5607_55ae2f15-d006-474f-99b4-d748fe947f02-1-scaled.jpg 2560w\" sizes=\"auto, 250px\"\/><\/a><div class=\"sgb-item-caption\"><em>COMO, ITALY &#8211; FEBRUARY 19:  Giuseppe Marotta President of FC Internazionale and FC Internazionale delegation visit NeMo Center on February 19, 2025 in Como, Italy. (Photo by Pier Marco Tacca &#8211; Inter\/Inter via Getty Images)<\/em><\/div><\/div><div class=\"sgb-item\"><a href=\"https:\/\/www.centrocliniconemo.it\/blog\/linter-sostiene-la-ricerca-dei-centri-nemo\/attachment\/fc-internazionale-delegation-visit-nemo-center-10\/\" target=\"_blank\"><img loading=\"lazy\" decoding=\"async\" alt=\"\" width=\"300\" height=\"200\" loading=\"lazy\" src=\"https:\/\/www.centrocliniconemo.it\/wp-content\/uploads\/2025\/02\/PMT5584_95088444-bb5e-4a45-b116-4d19eaba811d-2-300x200.jpg\" srcset=\"https:\/\/www.centrocliniconemo.it\/wp-content\/uploads\/2025\/02\/PMT5584_95088444-bb5e-4a45-b116-4d19eaba811d-2-300x200.jpg 300w,https:\/\/www.centrocliniconemo.it\/wp-content\/uploads\/2025\/02\/PMT5584_95088444-bb5e-4a45-b116-4d19eaba811d-2-1024x683.jpg 1024w,https:\/\/www.centrocliniconemo.it\/wp-content\/uploads\/2025\/02\/PMT5584_95088444-bb5e-4a45-b116-4d19eaba811d-2-scaled.jpg 2560w\" sizes=\"auto, 250px\"\/><\/a><div class=\"sgb-item-caption\"><em>COMO, ITALY &#8211; FEBRUARY 19:  Giuseppe Marotta President of FC Internazionale and FC Internazionale delegation visit NeMo Center on February 19, 2025 in Como, Italy. (Photo by Pier Marco Tacca &#8211; Inter\/Inter via Getty Images)<\/em><\/div><\/div><div class=\"sgb-item\"><a href=\"https:\/\/www.centrocliniconemo.it\/blog\/linter-sostiene-la-ricerca-dei-centri-nemo\/attachment\/fc-internazionale-delegation-visit-nemo-center-2\/\" target=\"_blank\"><img loading=\"lazy\" decoding=\"async\" alt=\"targa inter\" width=\"300\" height=\"205\" loading=\"lazy\" src=\"https:\/\/www.centrocliniconemo.it\/wp-content\/uploads\/2025\/02\/Ritaglio-300x205.jpg\" srcset=\"https:\/\/www.centrocliniconemo.it\/wp-content\/uploads\/2025\/02\/Ritaglio-300x205.jpg 300w,https:\/\/www.centrocliniconemo.it\/wp-content\/uploads\/2025\/02\/Ritaglio-1024x699.jpg 1024w,https:\/\/www.centrocliniconemo.it\/wp-content\/uploads\/2025\/02\/Ritaglio-scaled.jpg 2560w\" sizes=\"auto, 250px\"\/><\/a><div class=\"sgb-item-caption\"><em>FC Internazionale Delegation Visit NeMo Center<\/em><\/div><\/div><div class=\"sgb-item\"><a href=\"https:\/\/www.centrocliniconemo.it\/blog\/linter-sostiene-la-ricerca-dei-centri-nemo\/attachment\/fc-internazionale-delegation-visit-nemo-center-18\/\" target=\"_blank\"><img loading=\"lazy\" decoding=\"async\" alt=\"\" width=\"300\" height=\"200\" loading=\"lazy\" src=\"https:\/\/www.centrocliniconemo.it\/wp-content\/uploads\/2025\/02\/ritaglio-5-300x200.jpg\" srcset=\"https:\/\/www.centrocliniconemo.it\/wp-content\/uploads\/2025\/02\/ritaglio-5-300x200.jpg 300w,https:\/\/www.centrocliniconemo.it\/wp-content\/uploads\/2025\/02\/ritaglio-5-1024x682.jpg 1024w,https:\/\/www.centrocliniconemo.it\/wp-content\/uploads\/2025\/02\/ritaglio-5.jpg 2000w\" sizes=\"auto, 250px\"\/><\/a><div class=\"sgb-item-caption\"><em>FC Internazionale Delegation Visit NeMo Center<\/em><\/div><\/div><div class=\"sgb-item\"><a href=\"https:\/\/www.centrocliniconemo.it\/blog\/linter-sostiene-la-ricerca-dei-centri-nemo\/attachment\/fc-internazionale-delegation-visit-nemo-center-8\/\" target=\"_blank\"><img loading=\"lazy\" decoding=\"async\" alt=\"\" width=\"300\" height=\"200\" loading=\"lazy\" src=\"https:\/\/www.centrocliniconemo.it\/wp-content\/uploads\/2025\/02\/PMT3532_41c1ee73-5033-4e3b-86b1-d4a4e695666b-300x200.jpg\" srcset=\"https:\/\/www.centrocliniconemo.it\/wp-content\/uploads\/2025\/02\/PMT3532_41c1ee73-5033-4e3b-86b1-d4a4e695666b-300x200.jpg 300w,https:\/\/www.centrocliniconemo.it\/wp-content\/uploads\/2025\/02\/PMT3532_41c1ee73-5033-4e3b-86b1-d4a4e695666b-1024x683.jpg 1024w,https:\/\/www.centrocliniconemo.it\/wp-content\/uploads\/2025\/02\/PMT3532_41c1ee73-5033-4e3b-86b1-d4a4e695666b-scaled.jpg 2560w\" sizes=\"auto, 250px\"\/><\/a><div class=\"sgb-item-caption\"><em>COMO, ITALY &#8211; FEBRUARY 19: &lt;&gt; on February 19, 2025 in Como, Italy. (Photo by Pier Marco Tacca &#8211; Inter\/Inter via Getty Images)<\/em><\/div><\/div><div class=\"sgb-item\"><a href=\"https:\/\/www.centrocliniconemo.it\/blog\/linter-sostiene-la-ricerca-dei-centri-nemo\/attachment\/fc-internazionale-delegation-visit-nemo-center-21\/\" target=\"_blank\"><img loading=\"lazy\" decoding=\"async\" alt=\"\" width=\"300\" height=\"200\" loading=\"lazy\" src=\"https:\/\/www.centrocliniconemo.it\/wp-content\/uploads\/2025\/02\/ritaglio-7-300x200.jpg\" srcset=\"https:\/\/www.centrocliniconemo.it\/wp-content\/uploads\/2025\/02\/ritaglio-7-300x200.jpg 300w,https:\/\/www.centrocliniconemo.it\/wp-content\/uploads\/2025\/02\/ritaglio-7-1024x682.jpg 1024w,https:\/\/www.centrocliniconemo.it\/wp-content\/uploads\/2025\/02\/ritaglio-7.jpg 2000w\" sizes=\"auto, 250px\"\/><\/a><div class=\"sgb-item-caption\"><em>COMO, ITALY &#8211; FEBRUARY 19: &lt;&gt; on February 19, 2025 in Como, Italy. (Photo by Pier Marco Tacca &#8211; Inter\/Inter via Getty Images)<\/em><\/div><\/div><div class=\"sgb-item\"><a href=\"https:\/\/www.centrocliniconemo.it\/blog\/linter-sostiene-la-ricerca-dei-centri-nemo\/attachment\/fc-internazionale-delegation-visit-nemo-center-19\/\" target=\"_blank\"><img loading=\"lazy\" decoding=\"async\" alt=\"\" width=\"300\" height=\"200\" loading=\"lazy\" src=\"https:\/\/www.centrocliniconemo.it\/wp-content\/uploads\/2025\/02\/PMT2495_eea73924-25ec-400a-9b32-95c5f1991620-300x200.jpg\" srcset=\"https:\/\/www.centrocliniconemo.it\/wp-content\/uploads\/2025\/02\/PMT2495_eea73924-25ec-400a-9b32-95c5f1991620-300x200.jpg 300w,https:\/\/www.centrocliniconemo.it\/wp-content\/uploads\/2025\/02\/PMT2495_eea73924-25ec-400a-9b32-95c5f1991620-1024x683.jpg 1024w,https:\/\/www.centrocliniconemo.it\/wp-content\/uploads\/2025\/02\/PMT2495_eea73924-25ec-400a-9b32-95c5f1991620-scaled.jpg 2560w\" sizes=\"auto, 250px\"\/><\/a><div class=\"sgb-item-caption\"><em>COMO, ITALY &#8211; FEBRUARY 19:  FC Internazionale Delegation Visit NeMo Center on February 19, 2025 in Como, Italy. (Photo by Pier Marco Tacca &#8211; Inter\/Inter via Getty Images)<\/em><\/div><\/div><\/div><\/noscript><\/div><script type=\"application\/json\" class=\"sgb-data\">{\"captions\":false,\"sliderAdminWidth\":1037,\"galleryType\":\"pgc_sgb_slider\",\"galleryId\":\"a2c11327\",\"images\":[{\"id\":23685,\"title\":\"FC Internazionale Delegation Visit NeMo Center\",\"url\":\"https:\/\/www.centrocliniconemo.it\/wp-content\/uploads\/2025\/02\/PMT3513_1ea36e46-2239-413c-a82a-b8fcbb9da8d0-scaled.jpg\",\"link\":\"https:\/\/www.centrocliniconemo.it\/blog\/linter-sostiene-la-ricerca-dei-centri-nemo\/attachment\/fc-internazionale-delegation-visit-nemo-center\/\",\"alt\":\"\",\"description\":\"\",\"caption\":\"COMO, ITALY - FEBRUARY 19: \\u0026lt;\\u0026gt; on February 19, 2025 in Como, Italy. (Photo by Pier Marco Tacca - Inter\/Inter via Getty Images)\",\"mime\":\"image\/jpeg\",\"type\":\"image\",\"width\":2560,\"height\":1440,\"sizes\":{\"thumbnail\":{\"height\":150,\"width\":150,\"url\":\"https:\/\/www.centrocliniconemo.it\/wp-content\/uploads\/2025\/02\/PMT3513_1ea36e46-2239-413c-a82a-b8fcbb9da8d0-150x150.jpg\",\"orientation\":\"landscape\"},\"medium\":{\"height\":169,\"width\":300,\"url\":\"https:\/\/www.centrocliniconemo.it\/wp-content\/uploads\/2025\/02\/PMT3513_1ea36e46-2239-413c-a82a-b8fcbb9da8d0-300x169.jpg\",\"orientation\":\"landscape\"},\"large\":{\"height\":576,\"width\":1024,\"url\":\"https:\/\/www.centrocliniconemo.it\/wp-content\/uploads\/2025\/02\/PMT3513_1ea36e46-2239-413c-a82a-b8fcbb9da8d0-1024x576.jpg\",\"orientation\":\"landscape\"},\"full\":{\"url\":\"https:\/\/www.centrocliniconemo.it\/wp-content\/uploads\/2025\/02\/PMT3513_1ea36e46-2239-413c-a82a-b8fcbb9da8d0-scaled.jpg\",\"height\":1440,\"width\":2560,\"orientation\":\"landscape\"}},\"imageMeta\":{\"aperture\":\"4\",\"credit\":\"Inter via Getty Images\",\"camera\":\"ILCE-9M2\",\"caption\":\"COMO, ITALY - FEBRUARY 19: \\u0026lt;\\u0026gt; on February 19, 2025 in Como, Italy. (Photo by Pier Marco Tacca - Inter\/Inter via Getty Images)\",\"created_timestamp\":\"1739975863\",\"copyright\":\"2025 Pier Marco Tacca - Inter\",\"focal_length\":\"24\",\"iso\":\"4000\",\"shutter_speed\":\"0.008\",\"title\":\"FC Internazionale Delegation Visit NeMo Center\",\"orientation\":\"1\",\"keywords\":[\"Sport\",\"Soccer\",\"Club Soccer\"]},\"meta\":false,\"postlink\":\"https:\/\/www.centrocliniconemo.it\/blog\/linter-sostiene-la-ricerca-dei-centri-nemo\/attachment\/fc-internazionale-delegation-visit-nemo-center\/\"},{\"id\":23705,\"title\":\"APMT3343\",\"url\":\"https:\/\/www.centrocliniconemo.it\/wp-content\/uploads\/2025\/02\/APMT3343-scaled.jpg\",\"link\":\"https:\/\/www.centrocliniconemo.it\/blog\/linter-sostiene-la-ricerca-dei-centri-nemo\/attachment\/apmt3343\/\",\"alt\":\"\",\"description\":\"\",\"caption\":\"\",\"mime\":\"image\/jpeg\",\"type\":\"image\",\"width\":2560,\"height\":1707,\"sizes\":{\"thumbnail\":{\"height\":150,\"width\":150,\"url\":\"https:\/\/www.centrocliniconemo.it\/wp-content\/uploads\/2025\/02\/APMT3343-150x150.jpg\",\"orientation\":\"landscape\"},\"medium\":{\"height\":200,\"width\":300,\"url\":\"https:\/\/www.centrocliniconemo.it\/wp-content\/uploads\/2025\/02\/APMT3343-300x200.jpg\",\"orientation\":\"landscape\"},\"large\":{\"height\":683,\"width\":1024,\"url\":\"https:\/\/www.centrocliniconemo.it\/wp-content\/uploads\/2025\/02\/APMT3343-1024x683.jpg\",\"orientation\":\"landscape\"},\"full\":{\"url\":\"https:\/\/www.centrocliniconemo.it\/wp-content\/uploads\/2025\/02\/APMT3343-scaled.jpg\",\"height\":1707,\"width\":2560,\"orientation\":\"landscape\"}},\"imageMeta\":{\"aperture\":\"4.5\",\"credit\":\"\",\"camera\":\"ILCE-9M2\",\"caption\":\"\",\"created_timestamp\":\"1739974908\",\"copyright\":\"\",\"focal_length\":\"24\",\"iso\":\"1250\",\"shutter_speed\":\"0.008\",\"title\":\"\",\"orientation\":\"1\",\"keywords\":[]},\"meta\":false,\"postlink\":\"https:\/\/www.centrocliniconemo.it\/blog\/linter-sostiene-la-ricerca-dei-centri-nemo\/attachment\/apmt3343\/\"},{\"id\":23710,\"title\":\"FC Internazionale Delegation Visit NeMo Center\",\"url\":\"https:\/\/www.centrocliniconemo.it\/wp-content\/uploads\/2025\/02\/PMT5607_55ae2f15-d006-474f-99b4-d748fe947f02-1-scaled.jpg\",\"link\":\"https:\/\/www.centrocliniconemo.it\/blog\/linter-sostiene-la-ricerca-dei-centri-nemo\/attachment\/fc-internazionale-delegation-visit-nemo-center-11\/\",\"alt\":\"\",\"description\":\"\",\"caption\":\"COMO, ITALY - FEBRUARY 19:  Giuseppe Marotta President of FC Internazionale and FC Internazionale delegation visit NeMo Center on February 19, 2025 in Como, Italy. (Photo by Pier Marco Tacca - Inter\/Inter via Getty Images)\",\"mime\":\"image\/jpeg\",\"type\":\"image\",\"width\":2560,\"height\":1707,\"sizes\":{\"thumbnail\":{\"height\":150,\"width\":150,\"url\":\"https:\/\/www.centrocliniconemo.it\/wp-content\/uploads\/2025\/02\/PMT5607_55ae2f15-d006-474f-99b4-d748fe947f02-1-150x150.jpg\",\"orientation\":\"landscape\"},\"medium\":{\"height\":200,\"width\":300,\"url\":\"https:\/\/www.centrocliniconemo.it\/wp-content\/uploads\/2025\/02\/PMT5607_55ae2f15-d006-474f-99b4-d748fe947f02-1-300x200.jpg\",\"orientation\":\"landscape\"},\"large\":{\"height\":683,\"width\":1024,\"url\":\"https:\/\/www.centrocliniconemo.it\/wp-content\/uploads\/2025\/02\/PMT5607_55ae2f15-d006-474f-99b4-d748fe947f02-1-1024x683.jpg\",\"orientation\":\"landscape\"},\"full\":{\"url\":\"https:\/\/www.centrocliniconemo.it\/wp-content\/uploads\/2025\/02\/PMT5607_55ae2f15-d006-474f-99b4-d748fe947f02-1-scaled.jpg\",\"height\":1707,\"width\":2560,\"orientation\":\"landscape\"}},\"imageMeta\":{\"aperture\":\"5\",\"credit\":\"Inter via Getty Images\",\"camera\":\"NIKON D5\",\"caption\":\"COMO, ITALY - FEBRUARY 19:  Giuseppe Marotta President of FC Internazionale and FC Internazionale delegation visit NeMo Center on February 19, 2025 in Como, Italy. (Photo by Pier Marco Tacca - Inter\/Inter via Getty Images)\",\"created_timestamp\":\"1739974777\",\"copyright\":\"2025 Pier Marco Tacca - Inter\",\"focal_length\":\"14\",\"iso\":\"1250\",\"shutter_speed\":\"0.008\",\"title\":\"FC Internazionale Delegation Visit NeMo Center\",\"orientation\":\"1\",\"keywords\":[\"Sport\",\"Soccer\",\"Club Soccer\"]},\"meta\":false,\"postlink\":\"https:\/\/www.centrocliniconemo.it\/blog\/linter-sostiene-la-ricerca-dei-centri-nemo\/attachment\/fc-internazionale-delegation-visit-nemo-center-11\/\"},{\"id\":23708,\"title\":\"FC Internazionale Delegation Visit NeMo Center\",\"url\":\"https:\/\/www.centrocliniconemo.it\/wp-content\/uploads\/2025\/02\/PMT5584_95088444-bb5e-4a45-b116-4d19eaba811d-2-scaled.jpg\",\"link\":\"https:\/\/www.centrocliniconemo.it\/blog\/linter-sostiene-la-ricerca-dei-centri-nemo\/attachment\/fc-internazionale-delegation-visit-nemo-center-10\/\",\"alt\":\"\",\"description\":\"\",\"caption\":\"COMO, ITALY - FEBRUARY 19:  Giuseppe Marotta President of FC Internazionale and FC Internazionale delegation visit NeMo Center on February 19, 2025 in Como, Italy. (Photo by Pier Marco Tacca - Inter\/Inter via Getty Images)\",\"mime\":\"image\/jpeg\",\"type\":\"image\",\"width\":2560,\"height\":1707,\"sizes\":{\"thumbnail\":{\"height\":150,\"width\":150,\"url\":\"https:\/\/www.centrocliniconemo.it\/wp-content\/uploads\/2025\/02\/PMT5584_95088444-bb5e-4a45-b116-4d19eaba811d-2-150x150.jpg\",\"orientation\":\"landscape\"},\"medium\":{\"height\":200,\"width\":300,\"url\":\"https:\/\/www.centrocliniconemo.it\/wp-content\/uploads\/2025\/02\/PMT5584_95088444-bb5e-4a45-b116-4d19eaba811d-2-300x200.jpg\",\"orientation\":\"landscape\"},\"large\":{\"height\":683,\"width\":1024,\"url\":\"https:\/\/www.centrocliniconemo.it\/wp-content\/uploads\/2025\/02\/PMT5584_95088444-bb5e-4a45-b116-4d19eaba811d-2-1024x683.jpg\",\"orientation\":\"landscape\"},\"full\":{\"url\":\"https:\/\/www.centrocliniconemo.it\/wp-content\/uploads\/2025\/02\/PMT5584_95088444-bb5e-4a45-b116-4d19eaba811d-2-scaled.jpg\",\"height\":1707,\"width\":2560,\"orientation\":\"landscape\"}},\"imageMeta\":{\"aperture\":\"5\",\"credit\":\"Inter via Getty Images\",\"camera\":\"NIKON D5\",\"caption\":\"COMO, ITALY - FEBRUARY 19:  Giuseppe Marotta President of FC Internazionale and FC Internazionale delegation visit NeMo Center on February 19, 2025 in Como, Italy. (Photo by Pier Marco Tacca - Inter\/Inter via Getty Images)\",\"created_timestamp\":\"1739972718\",\"copyright\":\"2025 Pier Marco Tacca - Inter\",\"focal_length\":\"14\",\"iso\":\"1600\",\"shutter_speed\":\"0.008\",\"title\":\"FC Internazionale Delegation Visit NeMo Center\",\"orientation\":\"1\",\"keywords\":[\"Sport\",\"Soccer\",\"Club Soccer\"]},\"meta\":false,\"postlink\":\"https:\/\/www.centrocliniconemo.it\/blog\/linter-sostiene-la-ricerca-dei-centri-nemo\/attachment\/fc-internazionale-delegation-visit-nemo-center-10\/\"},{\"id\":23688,\"title\":\"FC Internazionale Delegation Visit NeMo Center\",\"url\":\"https:\/\/www.centrocliniconemo.it\/wp-content\/uploads\/2025\/02\/Ritaglio-scaled.jpg\",\"link\":\"https:\/\/www.centrocliniconemo.it\/blog\/linter-sostiene-la-ricerca-dei-centri-nemo\/attachment\/fc-internazionale-delegation-visit-nemo-center-2\/\",\"alt\":\"targa inter\",\"description\":\"\",\"caption\":\"FC Internazionale Delegation Visit NeMo Center\",\"mime\":\"image\/jpeg\",\"type\":\"image\",\"width\":2560,\"height\":1748,\"sizes\":{\"thumbnail\":{\"height\":150,\"width\":150,\"url\":\"https:\/\/www.centrocliniconemo.it\/wp-content\/uploads\/2025\/02\/Ritaglio-150x150.jpg\",\"orientation\":\"landscape\"},\"medium\":{\"height\":205,\"width\":300,\"url\":\"https:\/\/www.centrocliniconemo.it\/wp-content\/uploads\/2025\/02\/Ritaglio-300x205.jpg\",\"orientation\":\"landscape\"},\"large\":{\"height\":699,\"width\":1024,\"url\":\"https:\/\/www.centrocliniconemo.it\/wp-content\/uploads\/2025\/02\/Ritaglio-1024x699.jpg\",\"orientation\":\"landscape\"},\"full\":{\"url\":\"https:\/\/www.centrocliniconemo.it\/wp-content\/uploads\/2025\/02\/Ritaglio-scaled.jpg\",\"height\":1748,\"width\":2560,\"orientation\":\"landscape\"}},\"imageMeta\":{\"aperture\":\"4.5\",\"credit\":\"Pier Marco Tacca - Inter\",\"camera\":\"ILCE-9M2\",\"caption\":\"FC Internazionale Delegation Visit NeMo Center\",\"created_timestamp\":\"1739978445\",\"copyright\":\"2025 Pier Marco Tacca - Inter\",\"focal_length\":\"31\",\"iso\":\"1250\",\"shutter_speed\":\"0.008\",\"title\":\"FC Internazionale Delegation Visit NeMo Center\",\"orientation\":\"0\",\"keywords\":[]},\"meta\":false,\"postlink\":\"https:\/\/www.centrocliniconemo.it\/blog\/linter-sostiene-la-ricerca-dei-centri-nemo\/attachment\/fc-internazionale-delegation-visit-nemo-center-2\/\"},{\"id\":23728,\"title\":\"FC Internazionale Delegation Visit NeMo Center\",\"url\":\"https:\/\/www.centrocliniconemo.it\/wp-content\/uploads\/2025\/02\/ritaglio-5.jpg\",\"link\":\"https:\/\/www.centrocliniconemo.it\/blog\/linter-sostiene-la-ricerca-dei-centri-nemo\/attachment\/fc-internazionale-delegation-visit-nemo-center-18\/\",\"alt\":\"\",\"description\":\"\",\"caption\":\"FC Internazionale Delegation Visit NeMo Center\",\"mime\":\"image\/jpeg\",\"type\":\"image\",\"width\":2000,\"height\":1333,\"sizes\":{\"thumbnail\":{\"height\":150,\"width\":150,\"url\":\"https:\/\/www.centrocliniconemo.it\/wp-content\/uploads\/2025\/02\/ritaglio-5-150x150.jpg\",\"orientation\":\"landscape\"},\"medium\":{\"height\":200,\"width\":300,\"url\":\"https:\/\/www.centrocliniconemo.it\/wp-content\/uploads\/2025\/02\/ritaglio-5-300x200.jpg\",\"orientation\":\"landscape\"},\"large\":{\"height\":682,\"width\":1024,\"url\":\"https:\/\/www.centrocliniconemo.it\/wp-content\/uploads\/2025\/02\/ritaglio-5-1024x682.jpg\",\"orientation\":\"landscape\"},\"full\":{\"url\":\"https:\/\/www.centrocliniconemo.it\/wp-content\/uploads\/2025\/02\/ritaglio-5.jpg\",\"height\":1333,\"width\":2000,\"orientation\":\"landscape\"}},\"imageMeta\":{\"aperture\":\"5\",\"credit\":\"Pier Marco Tacca - Inter\",\"camera\":\"ILCE-9M2\",\"caption\":\"FC Internazionale Delegation Visit NeMo Center\",\"created_timestamp\":\"1739975423\",\"copyright\":\"2025 Pier Marco Tacca - Inter\",\"focal_length\":\"24\",\"iso\":\"2000\",\"shutter_speed\":\"0.00625\",\"title\":\"FC Internazionale Delegation Visit NeMo Center\",\"orientation\":\"0\",\"keywords\":[]},\"meta\":false,\"postlink\":\"https:\/\/www.centrocliniconemo.it\/blog\/linter-sostiene-la-ricerca-dei-centri-nemo\/attachment\/fc-internazionale-delegation-visit-nemo-center-18\/\"},{\"id\":23701,\"title\":\"FC Internazionale Delegation Visit NeMo Center\",\"url\":\"https:\/\/www.centrocliniconemo.it\/wp-content\/uploads\/2025\/02\/PMT3532_41c1ee73-5033-4e3b-86b1-d4a4e695666b-scaled.jpg\",\"link\":\"https:\/\/www.centrocliniconemo.it\/blog\/linter-sostiene-la-ricerca-dei-centri-nemo\/attachment\/fc-internazionale-delegation-visit-nemo-center-8\/\",\"alt\":\"\",\"description\":\"\",\"caption\":\"COMO, ITALY - FEBRUARY 19: \\u0026lt;\\u0026gt; on February 19, 2025 in Como, Italy. (Photo by Pier Marco Tacca - Inter\/Inter via Getty Images)\",\"mime\":\"image\/jpeg\",\"type\":\"image\",\"width\":2560,\"height\":1707,\"sizes\":{\"thumbnail\":{\"height\":150,\"width\":150,\"url\":\"https:\/\/www.centrocliniconemo.it\/wp-content\/uploads\/2025\/02\/PMT3532_41c1ee73-5033-4e3b-86b1-d4a4e695666b-150x150.jpg\",\"orientation\":\"landscape\"},\"medium\":{\"height\":200,\"width\":300,\"url\":\"https:\/\/www.centrocliniconemo.it\/wp-content\/uploads\/2025\/02\/PMT3532_41c1ee73-5033-4e3b-86b1-d4a4e695666b-300x200.jpg\",\"orientation\":\"landscape\"},\"large\":{\"height\":683,\"width\":1024,\"url\":\"https:\/\/www.centrocliniconemo.it\/wp-content\/uploads\/2025\/02\/PMT3532_41c1ee73-5033-4e3b-86b1-d4a4e695666b-1024x683.jpg\",\"orientation\":\"landscape\"},\"full\":{\"url\":\"https:\/\/www.centrocliniconemo.it\/wp-content\/uploads\/2025\/02\/PMT3532_41c1ee73-5033-4e3b-86b1-d4a4e695666b-scaled.jpg\",\"height\":1707,\"width\":2560,\"orientation\":\"landscape\"}},\"imageMeta\":{\"aperture\":\"4\",\"credit\":\"Inter via Getty Images\",\"camera\":\"ILCE-9M2\",\"caption\":\"COMO, ITALY - FEBRUARY 19: \\u0026lt;\\u0026gt; on February 19, 2025 in Como, Italy. (Photo by Pier Marco Tacca - Inter\/Inter via Getty Images)\",\"created_timestamp\":\"1739975929\",\"copyright\":\"2025 Pier Marco Tacca - Inter\",\"focal_length\":\"35\",\"iso\":\"4000\",\"shutter_speed\":\"0.008\",\"title\":\"FC Internazionale Delegation Visit NeMo Center\",\"orientation\":\"1\",\"keywords\":[\"Sport\",\"Soccer\",\"Club Soccer\"]},\"meta\":false,\"postlink\":\"https:\/\/www.centrocliniconemo.it\/blog\/linter-sostiene-la-ricerca-dei-centri-nemo\/attachment\/fc-internazionale-delegation-visit-nemo-center-8\/\"},{\"id\":23736,\"title\":\"FC Internazionale Delegation Visit NeMo Center\",\"url\":\"https:\/\/www.centrocliniconemo.it\/wp-content\/uploads\/2025\/02\/ritaglio-7.jpg\",\"link\":\"https:\/\/www.centrocliniconemo.it\/blog\/linter-sostiene-la-ricerca-dei-centri-nemo\/attachment\/fc-internazionale-delegation-visit-nemo-center-21\/\",\"alt\":\"\",\"description\":\"\",\"caption\":\"COMO, ITALY - FEBRUARY 19: \\u0026lt;\\u0026gt; on February 19, 2025 in Como, Italy. (Photo by Pier Marco Tacca - Inter\/Inter via Getty Images)\",\"mime\":\"image\/jpeg\",\"type\":\"image\",\"width\":2000,\"height\":1333,\"sizes\":{\"thumbnail\":{\"height\":150,\"width\":150,\"url\":\"https:\/\/www.centrocliniconemo.it\/wp-content\/uploads\/2025\/02\/ritaglio-7-150x150.jpg\",\"orientation\":\"landscape\"},\"medium\":{\"height\":200,\"width\":300,\"url\":\"https:\/\/www.centrocliniconemo.it\/wp-content\/uploads\/2025\/02\/ritaglio-7-300x200.jpg\",\"orientation\":\"landscape\"},\"large\":{\"height\":682,\"width\":1024,\"url\":\"https:\/\/www.centrocliniconemo.it\/wp-content\/uploads\/2025\/02\/ritaglio-7-1024x682.jpg\",\"orientation\":\"landscape\"},\"full\":{\"url\":\"https:\/\/www.centrocliniconemo.it\/wp-content\/uploads\/2025\/02\/ritaglio-7.jpg\",\"height\":1333,\"width\":2000,\"orientation\":\"landscape\"}},\"imageMeta\":{\"aperture\":\"2.8\",\"credit\":\"Inter via Getty Images\",\"camera\":\"ILCE-9M2\",\"caption\":\"COMO, ITALY - FEBRUARY 19: \\u0026lt;\\u0026gt; on February 19, 2025 in Como, Italy. (Photo by Pier Marco Tacca - Inter\/Inter via Getty Images)\",\"created_timestamp\":\"1739975073\",\"copyright\":\"2025 Pier Marco Tacca - Inter\",\"focal_length\":\"24\",\"iso\":\"4000\",\"shutter_speed\":\"0.0025\",\"title\":\"FC Internazionale Delegation Visit NeMo Center\",\"orientation\":\"1\",\"keywords\":[\"Sport\",\"Soccer\",\"Club Soccer\"]},\"meta\":false,\"postlink\":\"https:\/\/www.centrocliniconemo.it\/blog\/linter-sostiene-la-ricerca-dei-centri-nemo\/attachment\/fc-internazionale-delegation-visit-nemo-center-21\/\"},{\"id\":23730,\"title\":\"FC Internazionale Delegation Visit NeMo Center\",\"url\":\"https:\/\/www.centrocliniconemo.it\/wp-content\/uploads\/2025\/02\/PMT2495_eea73924-25ec-400a-9b32-95c5f1991620-scaled.jpg\",\"link\":\"https:\/\/www.centrocliniconemo.it\/blog\/linter-sostiene-la-ricerca-dei-centri-nemo\/attachment\/fc-internazionale-delegation-visit-nemo-center-19\/\",\"alt\":\"\",\"description\":\"\",\"caption\":\"COMO, ITALY - FEBRUARY 19:  FC Internazionale Delegation Visit NeMo Center on February 19, 2025 in Como, Italy. (Photo by Pier Marco Tacca - Inter\/Inter via Getty Images)\",\"mime\":\"image\/jpeg\",\"type\":\"image\",\"width\":2560,\"height\":1707,\"sizes\":{\"thumbnail\":{\"height\":150,\"width\":150,\"url\":\"https:\/\/www.centrocliniconemo.it\/wp-content\/uploads\/2025\/02\/PMT2495_eea73924-25ec-400a-9b32-95c5f1991620-150x150.jpg\",\"orientation\":\"landscape\"},\"medium\":{\"height\":200,\"width\":300,\"url\":\"https:\/\/www.centrocliniconemo.it\/wp-content\/uploads\/2025\/02\/PMT2495_eea73924-25ec-400a-9b32-95c5f1991620-300x200.jpg\",\"orientation\":\"landscape\"},\"large\":{\"height\":683,\"width\":1024,\"url\":\"https:\/\/www.centrocliniconemo.it\/wp-content\/uploads\/2025\/02\/PMT2495_eea73924-25ec-400a-9b32-95c5f1991620-1024x683.jpg\",\"orientation\":\"landscape\"},\"full\":{\"url\":\"https:\/\/www.centrocliniconemo.it\/wp-content\/uploads\/2025\/02\/PMT2495_eea73924-25ec-400a-9b32-95c5f1991620-scaled.jpg\",\"height\":1707,\"width\":2560,\"orientation\":\"landscape\"}},\"imageMeta\":{\"aperture\":\"2.8\",\"credit\":\"Inter via Getty Images\",\"camera\":\"ILCE-9M2\",\"caption\":\"COMO, ITALY - FEBRUARY 19:  FC Internazionale Delegation Visit NeMo Center on February 19, 2025 in Como, Italy. (Photo by Pier Marco Tacca - Inter\/Inter via Getty Images)\",\"created_timestamp\":\"1739975775\",\"copyright\":\"2025 Pier Marco Tacca - Inter\",\"focal_length\":\"200\",\"iso\":\"2500\",\"shutter_speed\":\"0.00625\",\"title\":\"FC Internazionale Delegation Visit NeMo Center\",\"orientation\":\"1\",\"keywords\":[\"Sport\",\"Soccer\",\"Club Soccer\"]},\"meta\":false,\"postlink\":\"https:\/\/www.centrocliniconemo.it\/blog\/linter-sostiene-la-ricerca-dei-centri-nemo\/attachment\/fc-internazionale-delegation-visit-nemo-center-19\/\"}],\"jetDynamicVisibility\":{\"jedv_enabled\":false},\"jetPopupInstance\":\"none\",\"jetPopupTriggerType\":\"none\",\"jetPopupCustomSelector\":\"\",\"jetPopupIsJetEngine\":false,\"itemsMetaDataCollection\":[]}<\/script><script>(function(){if(window.PGC_SGB && window.PGC_SGB.searcher){window.PGC_SGB.searcher.initBlocks()}})()<\/script><\/div>","protected":false},"excerpt":{"rendered":"<p>Milano, 19 febbraio 2025 &#8211; La targa dell\u2019Inter da oggi \u00e8 presente nel Clinical Research Center \u201cNanni Anselmi\u201d del Centro NeMO di Milano, posta proprio all\u2019ingresso di quello che sar\u00e0 presto il laboratorio di raccolta e conservazione temporanea dei campioni biologici del Centro. E a celebrare questo momento \u00e8 stata la visita al Centro NeMO [&hellip;]<\/p>\n","protected":false},"author":2,"featured_media":23688,"comment_status":"closed","ping_status":"closed","sticky":false,"template":"","format":"standard","meta":{"pgc_sgb_lightbox_settings":"","footnotes":""},"categories":[17,1],"tags":[18],"class_list":["post-23675","post","type-post","status-publish","format-standard","has-post-thumbnail","hentry","category-iniziative-ed-eventi","category-storie-di-nemo","tag-nemo-milano"],"yoast_head":"<!-- This site is optimized with the Yoast SEO plugin v27.4 - https:\/\/yoast.com\/product\/yoast-seo-wordpress\/ -->\n<title>L&#039;Inter sostiene la ricerca dei Centri NeMO - Centro Clinico NeMO<\/title>\n<meta name=\"description\" content=\"Consegna simbolica della targa al Centro Clinico NeMO di Milano da parte del Presidente di Inter Giuseppe Marotta con ricercatori e pazienti\" \/>\n<meta name=\"robots\" content=\"index, follow, max-snippet:-1, max-image-preview:large, max-video-preview:-1\" \/>\n<link rel=\"canonical\" href=\"https:\/\/www.centrocliniconemo.it\/en\/blog\/linter-sostiene-la-ricerca-dei-centri-nemo\/\" \/>\n<meta property=\"og:locale\" content=\"en_US\" \/>\n<meta property=\"og:type\" content=\"article\" \/>\n<meta property=\"og:title\" content=\"L&#039;Inter sostiene la ricerca dei Centri NeMO\" \/>\n<meta property=\"og:description\" content=\"Il Presidente Giuseppe Marotta in visita al NeMO di Milano per la consegna della targa simbolo della donazione a supporto di quello che sar\u00e0 presto il laboratorio di raccolta e conservazione temporanea dei campioni biologici del Clinical Research Center\" \/>\n<meta property=\"og:url\" content=\"https:\/\/www.centrocliniconemo.it\/en\/blog\/linter-sostiene-la-ricerca-dei-centri-nemo\/\" \/>\n<meta property=\"og:site_name\" content=\"Centro Clinico NeMO\" \/>\n<meta property=\"article:publisher\" content=\"https:\/\/www.facebook.com\/CentroNEMOItalia\" \/>\n<meta property=\"article:published_time\" content=\"2025-02-19T18:51:54+00:00\" \/>\n<meta property=\"article:modified_time\" content=\"2025-02-20T11:17:07+00:00\" \/>\n<meta property=\"og:image\" content=\"https:\/\/www.centrocliniconemo.it\/wp-content\/uploads\/2025\/02\/Ritaglio-scaled.jpg\" \/>\n\t<meta property=\"og:image:width\" content=\"2560\" \/>\n\t<meta property=\"og:image:height\" content=\"1748\" \/>\n\t<meta property=\"og:image:type\" content=\"image\/jpeg\" \/>\n<meta name=\"author\" content=\"Luca Biondi\" \/>\n<meta name=\"twitter:card\" content=\"summary_large_image\" \/>\n<meta name=\"twitter:title\" content=\"L&#039;Inter sostiene la ricerca dei Centri NeMO\" \/>\n<meta name=\"twitter:description\" content=\"Il Presidente Giuseppe Marotta in visita al NeMO di Milano per la consegna della targa simbolo della donazione a supporto di quello che sar\u00e0 presto il laboratorio di raccolta e conservazione temporanea dei campioni biologici del Clinical Research Center\" \/>\n<meta name=\"twitter:image\" content=\"https:\/\/www.centrocliniconemo.it\/wp-content\/uploads\/2025\/02\/Ritaglio-scaled.jpg\" \/>\n<meta name=\"twitter:creator\" content=\"@CentroNemo\" \/>\n<meta name=\"twitter:site\" content=\"@CentroNemo\" \/>\n<meta name=\"twitter:label1\" content=\"Written by\" \/>\n\t<meta name=\"twitter:data1\" content=\"Luca Biondi\" \/>\n\t<meta name=\"twitter:label2\" content=\"Est. reading time\" \/>\n\t<meta name=\"twitter:data2\" content=\"6 minutes\" \/>\n<script type=\"application\/ld+json\" class=\"yoast-schema-graph\">{\"@context\":\"https:\\\/\\\/schema.org\",\"@graph\":[{\"@type\":\"Article\",\"@id\":\"https:\\\/\\\/www.centrocliniconemo.it\\\/en\\\/blog\\\/linter-sostiene-la-ricerca-dei-centri-nemo\\\/#article\",\"isPartOf\":{\"@id\":\"https:\\\/\\\/www.centrocliniconemo.it\\\/en\\\/blog\\\/linter-sostiene-la-ricerca-dei-centri-nemo\\\/\"},\"author\":{\"name\":\"Luca Biondi\",\"@id\":\"https:\\\/\\\/www.centrocliniconemo.it\\\/en\\\/#\\\/schema\\\/person\\\/9331a87c0a8ee435c61f5dd498531434\"},\"headline\":\"L&#8217;Inter sostiene la ricerca dei Centri NeMO\",\"datePublished\":\"2025-02-19T18:51:54+00:00\",\"dateModified\":\"2025-02-20T11:17:07+00:00\",\"mainEntityOfPage\":{\"@id\":\"https:\\\/\\\/www.centrocliniconemo.it\\\/en\\\/blog\\\/linter-sostiene-la-ricerca-dei-centri-nemo\\\/\"},\"wordCount\":696,\"publisher\":{\"@id\":\"https:\\\/\\\/www.centrocliniconemo.it\\\/en\\\/#organization\"},\"image\":{\"@id\":\"https:\\\/\\\/www.centrocliniconemo.it\\\/en\\\/blog\\\/linter-sostiene-la-ricerca-dei-centri-nemo\\\/#primaryimage\"},\"thumbnailUrl\":\"https:\\\/\\\/www.centrocliniconemo.it\\\/wp-content\\\/uploads\\\/2025\\\/02\\\/Ritaglio-scaled.jpg\",\"keywords\":[\"NeMO Milano\"],\"articleSection\":[\"Iniziative ed eventi\",\"Storie di NeMO\"],\"inLanguage\":\"en-US\"},{\"@type\":\"WebPage\",\"@id\":\"https:\\\/\\\/www.centrocliniconemo.it\\\/en\\\/blog\\\/linter-sostiene-la-ricerca-dei-centri-nemo\\\/\",\"url\":\"https:\\\/\\\/www.centrocliniconemo.it\\\/en\\\/blog\\\/linter-sostiene-la-ricerca-dei-centri-nemo\\\/\",\"name\":\"L'Inter sostiene la ricerca dei Centri NeMO - Centro Clinico NeMO\",\"isPartOf\":{\"@id\":\"https:\\\/\\\/www.centrocliniconemo.it\\\/en\\\/#website\"},\"primaryImageOfPage\":{\"@id\":\"https:\\\/\\\/www.centrocliniconemo.it\\\/en\\\/blog\\\/linter-sostiene-la-ricerca-dei-centri-nemo\\\/#primaryimage\"},\"image\":{\"@id\":\"https:\\\/\\\/www.centrocliniconemo.it\\\/en\\\/blog\\\/linter-sostiene-la-ricerca-dei-centri-nemo\\\/#primaryimage\"},\"thumbnailUrl\":\"https:\\\/\\\/www.centrocliniconemo.it\\\/wp-content\\\/uploads\\\/2025\\\/02\\\/Ritaglio-scaled.jpg\",\"datePublished\":\"2025-02-19T18:51:54+00:00\",\"dateModified\":\"2025-02-20T11:17:07+00:00\",\"description\":\"Consegna simbolica della targa al Centro Clinico NeMO di Milano da parte del Presidente di Inter Giuseppe Marotta con ricercatori e pazienti\",\"breadcrumb\":{\"@id\":\"https:\\\/\\\/www.centrocliniconemo.it\\\/en\\\/blog\\\/linter-sostiene-la-ricerca-dei-centri-nemo\\\/#breadcrumb\"},\"inLanguage\":\"en-US\",\"potentialAction\":[{\"@type\":\"ReadAction\",\"target\":[\"https:\\\/\\\/www.centrocliniconemo.it\\\/en\\\/blog\\\/linter-sostiene-la-ricerca-dei-centri-nemo\\\/\"]}]},{\"@type\":\"ImageObject\",\"inLanguage\":\"en-US\",\"@id\":\"https:\\\/\\\/www.centrocliniconemo.it\\\/en\\\/blog\\\/linter-sostiene-la-ricerca-dei-centri-nemo\\\/#primaryimage\",\"url\":\"https:\\\/\\\/www.centrocliniconemo.it\\\/wp-content\\\/uploads\\\/2025\\\/02\\\/Ritaglio-scaled.jpg\",\"contentUrl\":\"https:\\\/\\\/www.centrocliniconemo.it\\\/wp-content\\\/uploads\\\/2025\\\/02\\\/Ritaglio-scaled.jpg\",\"width\":2560,\"height\":1748,\"caption\":\"FC Internazionale Delegation Visit NeMo Center\"},{\"@type\":\"BreadcrumbList\",\"@id\":\"https:\\\/\\\/www.centrocliniconemo.it\\\/en\\\/blog\\\/linter-sostiene-la-ricerca-dei-centri-nemo\\\/#breadcrumb\",\"itemListElement\":[{\"@type\":\"ListItem\",\"position\":1,\"name\":\"Home\",\"item\":\"https:\\\/\\\/www.centrocliniconemo.it\\\/en\\\/\"},{\"@type\":\"ListItem\",\"position\":2,\"name\":\"L&#8217;Inter sostiene la ricerca dei Centri NeMO\"}]},{\"@type\":\"WebSite\",\"@id\":\"https:\\\/\\\/www.centrocliniconemo.it\\\/en\\\/#website\",\"url\":\"https:\\\/\\\/www.centrocliniconemo.it\\\/en\\\/\",\"name\":\"Centro Clinico NeMO\",\"description\":\"Il paziente al centro\",\"publisher\":{\"@id\":\"https:\\\/\\\/www.centrocliniconemo.it\\\/en\\\/#organization\"},\"potentialAction\":[{\"@type\":\"SearchAction\",\"target\":{\"@type\":\"EntryPoint\",\"urlTemplate\":\"https:\\\/\\\/www.centrocliniconemo.it\\\/en\\\/?s={search_term_string}\"},\"query-input\":{\"@type\":\"PropertyValueSpecification\",\"valueRequired\":true,\"valueName\":\"search_term_string\"}}],\"inLanguage\":\"en-US\"},{\"@type\":\"Organization\",\"@id\":\"https:\\\/\\\/www.centrocliniconemo.it\\\/en\\\/#organization\",\"name\":\"Centro Clinico NeMO - Fondazione Serena Onlus\",\"url\":\"https:\\\/\\\/www.centrocliniconemo.it\\\/en\\\/\",\"logo\":{\"@type\":\"ImageObject\",\"inLanguage\":\"en-US\",\"@id\":\"https:\\\/\\\/www.centrocliniconemo.it\\\/en\\\/#\\\/schema\\\/logo\\\/image\\\/\",\"url\":\"https:\\\/\\\/www.centrocliniconemo.it\\\/wp-content\\\/uploads\\\/2023\\\/03\\\/logo-nemo.svg\",\"contentUrl\":\"https:\\\/\\\/www.centrocliniconemo.it\\\/wp-content\\\/uploads\\\/2023\\\/03\\\/logo-nemo.svg\",\"width\":272,\"height\":109.142,\"caption\":\"Centro Clinico NeMO - Fondazione Serena Onlus\"},\"image\":{\"@id\":\"https:\\\/\\\/www.centrocliniconemo.it\\\/en\\\/#\\\/schema\\\/logo\\\/image\\\/\"},\"sameAs\":[\"https:\\\/\\\/www.facebook.com\\\/CentroNEMOItalia\",\"https:\\\/\\\/x.com\\\/CentroNemo\",\"https:\\\/\\\/www.linkedin.com\\\/company\\\/centrocliniconemo\\\/\",\"https:\\\/\\\/www.instagram.com\\\/centrocliniconemo\\\/\"]},{\"@type\":\"Person\",\"@id\":\"https:\\\/\\\/www.centrocliniconemo.it\\\/en\\\/#\\\/schema\\\/person\\\/9331a87c0a8ee435c61f5dd498531434\",\"name\":\"Luca Biondi\",\"image\":{\"@type\":\"ImageObject\",\"inLanguage\":\"en-US\",\"@id\":\"https:\\\/\\\/secure.gravatar.com\\\/avatar\\\/0488b88829885ebcc9896de947265b69d2979e6dc4666b1e2c3d4fbf8dc73d77?s=96&d=mm&r=g\",\"url\":\"https:\\\/\\\/secure.gravatar.com\\\/avatar\\\/0488b88829885ebcc9896de947265b69d2979e6dc4666b1e2c3d4fbf8dc73d77?s=96&d=mm&r=g\",\"contentUrl\":\"https:\\\/\\\/secure.gravatar.com\\\/avatar\\\/0488b88829885ebcc9896de947265b69d2979e6dc4666b1e2c3d4fbf8dc73d77?s=96&d=mm&r=g\",\"caption\":\"Luca Biondi\"}}]}<\/script>\n<!-- \/ Yoast SEO plugin. -->","yoast_head_json":{"title":"L'Inter sostiene la ricerca dei Centri NeMO - Centro Clinico NeMO","description":"Consegna simbolica della targa al Centro Clinico NeMO di Milano da parte del Presidente di Inter Giuseppe Marotta con ricercatori e pazienti","robots":{"index":"index","follow":"follow","max-snippet":"max-snippet:-1","max-image-preview":"max-image-preview:large","max-video-preview":"max-video-preview:-1"},"canonical":"https:\/\/www.centrocliniconemo.it\/en\/blog\/linter-sostiene-la-ricerca-dei-centri-nemo\/","og_locale":"en_US","og_type":"article","og_title":"L'Inter sostiene la ricerca dei Centri NeMO","og_description":"Il Presidente Giuseppe Marotta in visita al NeMO di Milano per la consegna della targa simbolo della donazione a supporto di quello che sar\u00e0 presto il laboratorio di raccolta e conservazione temporanea dei campioni biologici del Clinical Research Center","og_url":"https:\/\/www.centrocliniconemo.it\/en\/blog\/linter-sostiene-la-ricerca-dei-centri-nemo\/","og_site_name":"Centro Clinico NeMO","article_publisher":"https:\/\/www.facebook.com\/CentroNEMOItalia","article_published_time":"2025-02-19T18:51:54+00:00","article_modified_time":"2025-02-20T11:17:07+00:00","og_image":[{"width":2560,"height":1748,"url":"https:\/\/www.centrocliniconemo.it\/wp-content\/uploads\/2025\/02\/Ritaglio-scaled.jpg","type":"image\/jpeg"}],"author":"Luca Biondi","twitter_card":"summary_large_image","twitter_title":"L'Inter sostiene la ricerca dei Centri NeMO","twitter_description":"Il Presidente Giuseppe Marotta in visita al NeMO di Milano per la consegna della targa simbolo della donazione a supporto di quello che sar\u00e0 presto il laboratorio di raccolta e conservazione temporanea dei campioni biologici del Clinical Research Center","twitter_image":"https:\/\/www.centrocliniconemo.it\/wp-content\/uploads\/2025\/02\/Ritaglio-scaled.jpg","twitter_creator":"@CentroNemo","twitter_site":"@CentroNemo","twitter_misc":{"Written by":"Luca Biondi","Est. reading time":"6 minutes"},"schema":{"@context":"https:\/\/schema.org","@graph":[{"@type":"Article","@id":"https:\/\/www.centrocliniconemo.it\/en\/blog\/linter-sostiene-la-ricerca-dei-centri-nemo\/#article","isPartOf":{"@id":"https:\/\/www.centrocliniconemo.it\/en\/blog\/linter-sostiene-la-ricerca-dei-centri-nemo\/"},"author":{"name":"Luca Biondi","@id":"https:\/\/www.centrocliniconemo.it\/en\/#\/schema\/person\/9331a87c0a8ee435c61f5dd498531434"},"headline":"L&#8217;Inter sostiene la ricerca dei Centri NeMO","datePublished":"2025-02-19T18:51:54+00:00","dateModified":"2025-02-20T11:17:07+00:00","mainEntityOfPage":{"@id":"https:\/\/www.centrocliniconemo.it\/en\/blog\/linter-sostiene-la-ricerca-dei-centri-nemo\/"},"wordCount":696,"publisher":{"@id":"https:\/\/www.centrocliniconemo.it\/en\/#organization"},"image":{"@id":"https:\/\/www.centrocliniconemo.it\/en\/blog\/linter-sostiene-la-ricerca-dei-centri-nemo\/#primaryimage"},"thumbnailUrl":"https:\/\/www.centrocliniconemo.it\/wp-content\/uploads\/2025\/02\/Ritaglio-scaled.jpg","keywords":["NeMO Milano"],"articleSection":["Iniziative ed eventi","Storie di NeMO"],"inLanguage":"en-US"},{"@type":"WebPage","@id":"https:\/\/www.centrocliniconemo.it\/en\/blog\/linter-sostiene-la-ricerca-dei-centri-nemo\/","url":"https:\/\/www.centrocliniconemo.it\/en\/blog\/linter-sostiene-la-ricerca-dei-centri-nemo\/","name":"L'Inter sostiene la ricerca dei Centri NeMO - Centro Clinico NeMO","isPartOf":{"@id":"https:\/\/www.centrocliniconemo.it\/en\/#website"},"primaryImageOfPage":{"@id":"https:\/\/www.centrocliniconemo.it\/en\/blog\/linter-sostiene-la-ricerca-dei-centri-nemo\/#primaryimage"},"image":{"@id":"https:\/\/www.centrocliniconemo.it\/en\/blog\/linter-sostiene-la-ricerca-dei-centri-nemo\/#primaryimage"},"thumbnailUrl":"https:\/\/www.centrocliniconemo.it\/wp-content\/uploads\/2025\/02\/Ritaglio-scaled.jpg","datePublished":"2025-02-19T18:51:54+00:00","dateModified":"2025-02-20T11:17:07+00:00","description":"Consegna simbolica della targa al Centro Clinico NeMO di Milano da parte del Presidente di Inter Giuseppe Marotta con ricercatori e pazienti","breadcrumb":{"@id":"https:\/\/www.centrocliniconemo.it\/en\/blog\/linter-sostiene-la-ricerca-dei-centri-nemo\/#breadcrumb"},"inLanguage":"en-US","potentialAction":[{"@type":"ReadAction","target":["https:\/\/www.centrocliniconemo.it\/en\/blog\/linter-sostiene-la-ricerca-dei-centri-nemo\/"]}]},{"@type":"ImageObject","inLanguage":"en-US","@id":"https:\/\/www.centrocliniconemo.it\/en\/blog\/linter-sostiene-la-ricerca-dei-centri-nemo\/#primaryimage","url":"https:\/\/www.centrocliniconemo.it\/wp-content\/uploads\/2025\/02\/Ritaglio-scaled.jpg","contentUrl":"https:\/\/www.centrocliniconemo.it\/wp-content\/uploads\/2025\/02\/Ritaglio-scaled.jpg","width":2560,"height":1748,"caption":"FC Internazionale Delegation Visit NeMo Center"},{"@type":"BreadcrumbList","@id":"https:\/\/www.centrocliniconemo.it\/en\/blog\/linter-sostiene-la-ricerca-dei-centri-nemo\/#breadcrumb","itemListElement":[{"@type":"ListItem","position":1,"name":"Home","item":"https:\/\/www.centrocliniconemo.it\/en\/"},{"@type":"ListItem","position":2,"name":"L&#8217;Inter sostiene la ricerca dei Centri NeMO"}]},{"@type":"WebSite","@id":"https:\/\/www.centrocliniconemo.it\/en\/#website","url":"https:\/\/www.centrocliniconemo.it\/en\/","name":"Centro Clinico NeMO","description":"Il paziente al centro","publisher":{"@id":"https:\/\/www.centrocliniconemo.it\/en\/#organization"},"potentialAction":[{"@type":"SearchAction","target":{"@type":"EntryPoint","urlTemplate":"https:\/\/www.centrocliniconemo.it\/en\/?s={search_term_string}"},"query-input":{"@type":"PropertyValueSpecification","valueRequired":true,"valueName":"search_term_string"}}],"inLanguage":"en-US"},{"@type":"Organization","@id":"https:\/\/www.centrocliniconemo.it\/en\/#organization","name":"Centro Clinico NeMO - Fondazione Serena Onlus","url":"https:\/\/www.centrocliniconemo.it\/en\/","logo":{"@type":"ImageObject","inLanguage":"en-US","@id":"https:\/\/www.centrocliniconemo.it\/en\/#\/schema\/logo\/image\/","url":"https:\/\/www.centrocliniconemo.it\/wp-content\/uploads\/2023\/03\/logo-nemo.svg","contentUrl":"https:\/\/www.centrocliniconemo.it\/wp-content\/uploads\/2023\/03\/logo-nemo.svg","width":272,"height":109.142,"caption":"Centro Clinico NeMO - Fondazione Serena Onlus"},"image":{"@id":"https:\/\/www.centrocliniconemo.it\/en\/#\/schema\/logo\/image\/"},"sameAs":["https:\/\/www.facebook.com\/CentroNEMOItalia","https:\/\/x.com\/CentroNemo","https:\/\/www.linkedin.com\/company\/centrocliniconemo\/","https:\/\/www.instagram.com\/centrocliniconemo\/"]},{"@type":"Person","@id":"https:\/\/www.centrocliniconemo.it\/en\/#\/schema\/person\/9331a87c0a8ee435c61f5dd498531434","name":"Luca Biondi","image":{"@type":"ImageObject","inLanguage":"en-US","@id":"https:\/\/secure.gravatar.com\/avatar\/0488b88829885ebcc9896de947265b69d2979e6dc4666b1e2c3d4fbf8dc73d77?s=96&d=mm&r=g","url":"https:\/\/secure.gravatar.com\/avatar\/0488b88829885ebcc9896de947265b69d2979e6dc4666b1e2c3d4fbf8dc73d77?s=96&d=mm&r=g","contentUrl":"https:\/\/secure.gravatar.com\/avatar\/0488b88829885ebcc9896de947265b69d2979e6dc4666b1e2c3d4fbf8dc73d77?s=96&d=mm&r=g","caption":"Luca Biondi"}}]}},"_links":{"self":[{"href":"https:\/\/www.centrocliniconemo.it\/en\/wp-json\/wp\/v2\/posts\/23675","targetHints":{"allow":["GET"]}}],"collection":[{"href":"https:\/\/www.centrocliniconemo.it\/en\/wp-json\/wp\/v2\/posts"}],"about":[{"href":"https:\/\/www.centrocliniconemo.it\/en\/wp-json\/wp\/v2\/types\/post"}],"author":[{"embeddable":true,"href":"https:\/\/www.centrocliniconemo.it\/en\/wp-json\/wp\/v2\/users\/2"}],"replies":[{"embeddable":true,"href":"https:\/\/www.centrocliniconemo.it\/en\/wp-json\/wp\/v2\/comments?post=23675"}],"version-history":[{"count":0,"href":"https:\/\/www.centrocliniconemo.it\/en\/wp-json\/wp\/v2\/posts\/23675\/revisions"}],"wp:featuredmedia":[{"embeddable":true,"href":"https:\/\/www.centrocliniconemo.it\/en\/wp-json\/wp\/v2\/media\/23688"}],"wp:attachment":[{"href":"https:\/\/www.centrocliniconemo.it\/en\/wp-json\/wp\/v2\/media?parent=23675"}],"wp:term":[{"taxonomy":"category","embeddable":true,"href":"https:\/\/www.centrocliniconemo.it\/en\/wp-json\/wp\/v2\/categories?post=23675"},{"taxonomy":"post_tag","embeddable":true,"href":"https:\/\/www.centrocliniconemo.it\/en\/wp-json\/wp\/v2\/tags?post=23675"}],"curies":[{"name":"wp","href":"https:\/\/api.w.org\/{rel}","templated":true}]}}