{"id":23268,"date":"2025-02-04T09:47:46","date_gmt":"2025-02-04T09:47:46","guid":{"rendered":"https:\/\/www.centrocliniconemo.it\/blog\/?p=23268"},"modified":"2025-02-04T09:51:30","modified_gmt":"2025-02-04T09:51:30","slug":"aperisla-risate-solidarieta-livorno","status":"publish","type":"post","link":"https:\/\/www.centrocliniconemo.it\/en\/blog\/aperisla-risate-solidarieta-livorno\/","title":{"rendered":"AperiSLA. Risate e solidariet\u00e0 a Livorno"},"content":{"rendered":"\n<p>Livorno, 31 gennaio 2025 &#8211; La felicit\u00e0 si nasconde nelle piccole cose. In un sorriso condiviso, in un abbraccio spontaneo, in una risata che riempie una stanza. Lo hanno dimostrato le oltre 100 persone che, venerd\u00ec sera, hanno partecipato all&#8217;evento AperiSLA, un&#8217;iniziativa di solidariet\u00e0 che ha trasformato il <a href=\"http:\/\/www.labarcarola.it\">Ristorante La Barcarola di Livorno<\/a> in un luogo di calore umano e sostegno concreto.<\/p>\n\n\n\n<p>L&#8217;evento, organizzato da Francesco Lorenzini e Sara Reggiani con il supporto di Carlo e Paola Mancini e di tutto lo staff del ristorante, ha regalato una serata all&#8217;insegna della convivialit\u00e0 e dell&#8217;empatia. Il profumo del mare ha avvolto gli ospiti, mentre il clima di complicit\u00e0 ha reso ogni momento speciale.&nbsp;<\/p>\n\n\n\n<p>Ma oltre al piacere dello stare insieme, la serata aveva un obiettivo chiaro: raccogliere fondi per la ricerca e la cura della SLA. Un obiettivo ampiamente raggiunto, con una cifra che ha superato i 10.000 euro destinati ai progetti del <a href=\"https:\/\/www.centrocliniconemo.it\/pazienti\/sedi-nemo\/nemo-milano\/\">Centro Clinico NeMO di Milano<\/a>.<\/p>\n\n\n\n<p>Francesco, o &#8220;Checco&#8221; come lo chiamano gli amici, ha voluto esprimere la sua gratitudine con un discorso profondo, scritto con attenzione con il suo comunicatore e letto dalla moglie Sara: \u201cVolevo ringraziare il Centro Clinico NeMO per il prezioso e inestimabile lavoro di cura e ricerca per le malattie neuromuscolari e per avermi accolto sempre come una persona e non solo come un malato. Questo per me ha fatto la differenza e mi ha dato la forza di continuare a guardare avanti.\u201d Ha poi aggiunto: \u201cMi sono sempre considerato una persona molto fortunata. Ho vissuto una vita piena, circondato dall\u2019affetto delle persone che amo. <a href=\"https:\/\/www.centrocliniconemo.it\/cura-e-ricerca\/patologie\/sclerosi-laterale-amiotrofica\/\">Poi due anni fa \u00e8 arrivata la SLA e tutto \u00e8 cambiato<\/a>. Ma anche ora, nonostante le difficolt\u00e0, continuo a sentirmi fortunato. La vostra presenza qui ne \u00e8 la prova. La ricerca \u00e8 la nostra speranza e voglio pensare che, quando si trover\u00e0 una cura per la SLA, un piccolo merito sia anche nostro.\u201d<\/p>\n\n\n<div class=\"pgc-sgb-cb wp-block-pgcsimplygalleryblock-justified \" data-gallery-id=\"63853963\"><div class=\"sgb-preloader\" id=\"pr_63853963\">\n\t<div class=\"sgb-square\" style=\"background:#d4d4d4\"><\/div>\n\t<div class=\"sgb-square\" style=\"background:#d4d4d4\"><\/div>\n\t<div class=\"sgb-square\" style=\"background:#d4d4d4\"><\/div>\n\t<div class=\"sgb-square\" style=\"background:#d4d4d4\"><\/div><\/div><div class=\"simply-gallery-amp pgc_sgb_slider \"><noscript><div class=\"sgb-gallery\"><div class=\"sgb-item\"><a href=\"https:\/\/www.centrocliniconemo.it\/blog\/aperisla-risate-solidarieta-livorno\/attachment\/3-aperisla-livorno\/\" target=\"_blank\"><img loading=\"lazy\" decoding=\"async\" alt=\"\" width=\"300\" height=\"201\" loading=\"lazy\" src=\"https:\/\/www.centrocliniconemo.it\/wp-content\/uploads\/2025\/02\/3-APERISLA-LIVORNO-300x201.jpg\" srcset=\"https:\/\/www.centrocliniconemo.it\/wp-content\/uploads\/2025\/02\/3-APERISLA-LIVORNO-300x201.jpg 300w,https:\/\/www.centrocliniconemo.it\/wp-content\/uploads\/2025\/02\/3-APERISLA-LIVORNO-1024x684.jpg 1024w,https:\/\/www.centrocliniconemo.it\/wp-content\/uploads\/2025\/02\/3-APERISLA-LIVORNO-scaled.jpg 2560w\" sizes=\"auto, 250px\"\/><\/a><\/div><div class=\"sgb-item\"><a href=\"https:\/\/www.centrocliniconemo.it\/blog\/aperisla-risate-solidarieta-livorno\/attachment\/1-3-aperisla-livorno\/\" target=\"_blank\"><img loading=\"lazy\" decoding=\"async\" alt=\"\" width=\"300\" height=\"169\" loading=\"lazy\" src=\"https:\/\/www.centrocliniconemo.it\/wp-content\/uploads\/2025\/02\/1.3-APERISLA-LIVORNO-300x169.jpg\" srcset=\"https:\/\/www.centrocliniconemo.it\/wp-content\/uploads\/2025\/02\/1.3-APERISLA-LIVORNO-300x169.jpg 300w,https:\/\/www.centrocliniconemo.it\/wp-content\/uploads\/2025\/02\/1.3-APERISLA-LIVORNO-1024x576.jpg 1024w,https:\/\/www.centrocliniconemo.it\/wp-content\/uploads\/2025\/02\/1.3-APERISLA-LIVORNO-scaled.jpg 2560w\" sizes=\"auto, 250px\"\/><\/a><\/div><div class=\"sgb-item\"><a href=\"https:\/\/www.centrocliniconemo.it\/blog\/aperisla-risate-solidarieta-livorno\/attachment\/1-6-aperisla-livorno\/\" target=\"_blank\"><img loading=\"lazy\" decoding=\"async\" alt=\"\" width=\"225\" height=\"300\" loading=\"lazy\" src=\"https:\/\/www.centrocliniconemo.it\/wp-content\/uploads\/2025\/02\/1.6-APERISLA-LIVORNO-225x300.jpg\" srcset=\"https:\/\/www.centrocliniconemo.it\/wp-content\/uploads\/2025\/02\/1.6-APERISLA-LIVORNO-225x300.jpg 225w,https:\/\/www.centrocliniconemo.it\/wp-content\/uploads\/2025\/02\/1.6-APERISLA-LIVORNO-768x1024.jpg 768w,https:\/\/www.centrocliniconemo.it\/wp-content\/uploads\/2025\/02\/1.6-APERISLA-LIVORNO.jpg 1200w\" sizes=\"auto, 250px\"\/><\/a><\/div><div class=\"sgb-item\"><a href=\"https:\/\/www.centrocliniconemo.it\/blog\/aperisla-risate-solidarieta-livorno\/attachment\/1-5-aperisla-livorno\/\" target=\"_blank\"><img loading=\"lazy\" decoding=\"async\" alt=\"\" width=\"300\" height=\"169\" loading=\"lazy\" src=\"https:\/\/www.centrocliniconemo.it\/wp-content\/uploads\/2025\/02\/1.5-APERISLA-LIVORNO-300x169.jpg\" srcset=\"https:\/\/www.centrocliniconemo.it\/wp-content\/uploads\/2025\/02\/1.5-APERISLA-LIVORNO-300x169.jpg 300w,https:\/\/www.centrocliniconemo.it\/wp-content\/uploads\/2025\/02\/1.5-APERISLA-LIVORNO-1024x576.jpg 1024w,https:\/\/www.centrocliniconemo.it\/wp-content\/uploads\/2025\/02\/1.5-APERISLA-LIVORNO-scaled.jpg 2560w\" sizes=\"auto, 250px\"\/><\/a><\/div><div class=\"sgb-item\"><a href=\"https:\/\/www.centrocliniconemo.it\/blog\/aperisla-risate-solidarieta-livorno\/attachment\/2-aperisla-livorno\/\" target=\"_blank\"><img loading=\"lazy\" decoding=\"async\" alt=\"\" width=\"300\" height=\"192\" loading=\"lazy\" src=\"https:\/\/www.centrocliniconemo.it\/wp-content\/uploads\/2025\/02\/2-APERISLA-LIVORNO-300x192.jpg\" srcset=\"https:\/\/www.centrocliniconemo.it\/wp-content\/uploads\/2025\/02\/2-APERISLA-LIVORNO-300x192.jpg 300w,https:\/\/www.centrocliniconemo.it\/wp-content\/uploads\/2025\/02\/2-APERISLA-LIVORNO-1024x656.jpg 1024w,https:\/\/www.centrocliniconemo.it\/wp-content\/uploads\/2025\/02\/2-APERISLA-LIVORNO-scaled.jpg 2560w\" sizes=\"auto, 250px\"\/><\/a><\/div><div class=\"sgb-item\"><a href=\"https:\/\/www.centrocliniconemo.it\/blog\/aperisla-risate-solidarieta-livorno\/attachment\/1-7-aperisla-livorno\/\" target=\"_blank\"><img loading=\"lazy\" decoding=\"async\" alt=\"\" width=\"169\" height=\"300\" loading=\"lazy\" src=\"https:\/\/www.centrocliniconemo.it\/wp-content\/uploads\/2025\/02\/1.7-APERISLA-LIVORNO-169x300.jpg\" srcset=\"https:\/\/www.centrocliniconemo.it\/wp-content\/uploads\/2025\/02\/1.7-APERISLA-LIVORNO-169x300.jpg 169w,https:\/\/www.centrocliniconemo.it\/wp-content\/uploads\/2025\/02\/1.7-APERISLA-LIVORNO-576x1024.jpg 576w,https:\/\/www.centrocliniconemo.it\/wp-content\/uploads\/2025\/02\/1.7-APERISLA-LIVORNO-scaled.jpg 1440w\" sizes=\"auto, 250px\"\/><\/a><\/div><\/div><\/noscript><\/div><script type=\"application\/json\" class=\"sgb-data\">{\"lastRowFill\":true,\"collectionThumbRecomendedHeight\":150,\"collectionthumbRoundedCorners\":9,\"galleryType\":\"pgc_sgb_justified\",\"galleryId\":\"63853963\",\"images\":[{\"id\":23275,\"title\":\"3 APERISLA LIVORNO\",\"url\":\"https:\/\/www.centrocliniconemo.it\/wp-content\/uploads\/2025\/02\/3-APERISLA-LIVORNO-scaled.jpg\",\"link\":\"https:\/\/www.centrocliniconemo.it\/blog\/aperisla-risate-solidarieta-livorno\/attachment\/3-aperisla-livorno\/\",\"alt\":\"\",\"description\":\"\",\"caption\":\"\",\"mime\":\"image\/jpeg\",\"type\":\"image\",\"width\":2560,\"height\":1711,\"sizes\":{\"thumbnail\":{\"height\":150,\"width\":150,\"url\":\"https:\/\/www.centrocliniconemo.it\/wp-content\/uploads\/2025\/02\/3-APERISLA-LIVORNO-150x150.jpg\",\"orientation\":\"landscape\"},\"medium\":{\"height\":201,\"width\":300,\"url\":\"https:\/\/www.centrocliniconemo.it\/wp-content\/uploads\/2025\/02\/3-APERISLA-LIVORNO-300x201.jpg\",\"orientation\":\"landscape\"},\"large\":{\"height\":684,\"width\":1024,\"url\":\"https:\/\/www.centrocliniconemo.it\/wp-content\/uploads\/2025\/02\/3-APERISLA-LIVORNO-1024x684.jpg\",\"orientation\":\"landscape\"},\"full\":{\"url\":\"https:\/\/www.centrocliniconemo.it\/wp-content\/uploads\/2025\/02\/3-APERISLA-LIVORNO-scaled.jpg\",\"height\":1711,\"width\":2560,\"orientation\":\"landscape\"}},\"imageMeta\":{\"aperture\":\"0\",\"credit\":\"\",\"camera\":\"\",\"caption\":\"\",\"created_timestamp\":\"0\",\"copyright\":\"\",\"focal_length\":\"0\",\"iso\":\"0\",\"shutter_speed\":\"0\",\"title\":\"\",\"orientation\":\"0\",\"keywords\":[]},\"meta\":false,\"postlink\":\"https:\/\/www.centrocliniconemo.it\/blog\/aperisla-risate-solidarieta-livorno\/attachment\/3-aperisla-livorno\/\"},{\"id\":23291,\"title\":\"1.3 APERISLA LIVORNO\",\"url\":\"https:\/\/www.centrocliniconemo.it\/wp-content\/uploads\/2025\/02\/1.3-APERISLA-LIVORNO-scaled.jpg\",\"link\":\"https:\/\/www.centrocliniconemo.it\/blog\/aperisla-risate-solidarieta-livorno\/attachment\/1-3-aperisla-livorno\/\",\"alt\":\"\",\"description\":\"\",\"caption\":\"\",\"mime\":\"image\/jpeg\",\"type\":\"image\",\"width\":2560,\"height\":1440,\"sizes\":{\"thumbnail\":{\"height\":150,\"width\":150,\"url\":\"https:\/\/www.centrocliniconemo.it\/wp-content\/uploads\/2025\/02\/1.3-APERISLA-LIVORNO-150x150.jpg\",\"orientation\":\"landscape\"},\"medium\":{\"height\":169,\"width\":300,\"url\":\"https:\/\/www.centrocliniconemo.it\/wp-content\/uploads\/2025\/02\/1.3-APERISLA-LIVORNO-300x169.jpg\",\"orientation\":\"landscape\"},\"large\":{\"height\":576,\"width\":1024,\"url\":\"https:\/\/www.centrocliniconemo.it\/wp-content\/uploads\/2025\/02\/1.3-APERISLA-LIVORNO-1024x576.jpg\",\"orientation\":\"landscape\"},\"full\":{\"url\":\"https:\/\/www.centrocliniconemo.it\/wp-content\/uploads\/2025\/02\/1.3-APERISLA-LIVORNO-scaled.jpg\",\"height\":1440,\"width\":2560,\"orientation\":\"landscape\"}},\"imageMeta\":{\"aperture\":\"0\",\"credit\":\"\",\"camera\":\"\",\"caption\":\"\",\"created_timestamp\":\"0\",\"copyright\":\"\",\"focal_length\":\"0\",\"iso\":\"0\",\"shutter_speed\":\"0\",\"title\":\"\",\"orientation\":\"0\",\"keywords\":[]},\"meta\":false,\"postlink\":\"https:\/\/www.centrocliniconemo.it\/blog\/aperisla-risate-solidarieta-livorno\/attachment\/1-3-aperisla-livorno\/\"},{\"id\":23271,\"title\":\"1.6 APERISLA LIVORNO\",\"url\":\"https:\/\/www.centrocliniconemo.it\/wp-content\/uploads\/2025\/02\/1.6-APERISLA-LIVORNO.jpg\",\"link\":\"https:\/\/www.centrocliniconemo.it\/blog\/aperisla-risate-solidarieta-livorno\/attachment\/1-6-aperisla-livorno\/\",\"alt\":\"\",\"description\":\"\",\"caption\":\"\",\"mime\":\"image\/jpeg\",\"type\":\"image\",\"width\":1200,\"height\":1600,\"sizes\":{\"thumbnail\":{\"height\":150,\"width\":150,\"url\":\"https:\/\/www.centrocliniconemo.it\/wp-content\/uploads\/2025\/02\/1.6-APERISLA-LIVORNO-150x150.jpg\",\"orientation\":\"landscape\"},\"medium\":{\"height\":300,\"width\":225,\"url\":\"https:\/\/www.centrocliniconemo.it\/wp-content\/uploads\/2025\/02\/1.6-APERISLA-LIVORNO-225x300.jpg\",\"orientation\":\"portrait\"},\"large\":{\"height\":1024,\"width\":768,\"url\":\"https:\/\/www.centrocliniconemo.it\/wp-content\/uploads\/2025\/02\/1.6-APERISLA-LIVORNO-768x1024.jpg\",\"orientation\":\"portrait\"},\"full\":{\"url\":\"https:\/\/www.centrocliniconemo.it\/wp-content\/uploads\/2025\/02\/1.6-APERISLA-LIVORNO.jpg\",\"height\":1600,\"width\":1200,\"orientation\":\"portrait\"}},\"imageMeta\":{\"aperture\":\"0\",\"credit\":\"\",\"camera\":\"\",\"caption\":\"\",\"created_timestamp\":\"0\",\"copyright\":\"\",\"focal_length\":\"0\",\"iso\":\"0\",\"shutter_speed\":\"0\",\"title\":\"\",\"orientation\":\"0\",\"keywords\":[]},\"meta\":false,\"postlink\":\"https:\/\/www.centrocliniconemo.it\/blog\/aperisla-risate-solidarieta-livorno\/attachment\/1-6-aperisla-livorno\/\"},{\"id\":23281,\"title\":\"1.5 APERISLA LIVORNO\",\"url\":\"https:\/\/www.centrocliniconemo.it\/wp-content\/uploads\/2025\/02\/1.5-APERISLA-LIVORNO-scaled.jpg\",\"link\":\"https:\/\/www.centrocliniconemo.it\/blog\/aperisla-risate-solidarieta-livorno\/attachment\/1-5-aperisla-livorno\/\",\"alt\":\"\",\"description\":\"\",\"caption\":\"\",\"mime\":\"image\/jpeg\",\"type\":\"image\",\"width\":2560,\"height\":1440,\"sizes\":{\"thumbnail\":{\"height\":150,\"width\":150,\"url\":\"https:\/\/www.centrocliniconemo.it\/wp-content\/uploads\/2025\/02\/1.5-APERISLA-LIVORNO-150x150.jpg\",\"orientation\":\"landscape\"},\"medium\":{\"height\":169,\"width\":300,\"url\":\"https:\/\/www.centrocliniconemo.it\/wp-content\/uploads\/2025\/02\/1.5-APERISLA-LIVORNO-300x169.jpg\",\"orientation\":\"landscape\"},\"large\":{\"height\":576,\"width\":1024,\"url\":\"https:\/\/www.centrocliniconemo.it\/wp-content\/uploads\/2025\/02\/1.5-APERISLA-LIVORNO-1024x576.jpg\",\"orientation\":\"landscape\"},\"full\":{\"url\":\"https:\/\/www.centrocliniconemo.it\/wp-content\/uploads\/2025\/02\/1.5-APERISLA-LIVORNO-scaled.jpg\",\"height\":1440,\"width\":2560,\"orientation\":\"landscape\"}},\"imageMeta\":{\"aperture\":\"0\",\"credit\":\"\",\"camera\":\"\",\"caption\":\"\",\"created_timestamp\":\"0\",\"copyright\":\"\",\"focal_length\":\"0\",\"iso\":\"0\",\"shutter_speed\":\"0\",\"title\":\"\",\"orientation\":\"0\",\"keywords\":[]},\"meta\":false,\"postlink\":\"https:\/\/www.centrocliniconemo.it\/blog\/aperisla-risate-solidarieta-livorno\/attachment\/1-5-aperisla-livorno\/\"},{\"id\":23279,\"title\":\"2 APERISLA LIVORNO\",\"url\":\"https:\/\/www.centrocliniconemo.it\/wp-content\/uploads\/2025\/02\/2-APERISLA-LIVORNO-scaled.jpg\",\"link\":\"https:\/\/www.centrocliniconemo.it\/blog\/aperisla-risate-solidarieta-livorno\/attachment\/2-aperisla-livorno\/\",\"alt\":\"\",\"description\":\"\",\"caption\":\"\",\"mime\":\"image\/jpeg\",\"type\":\"image\",\"width\":2560,\"height\":1640,\"sizes\":{\"thumbnail\":{\"height\":150,\"width\":150,\"url\":\"https:\/\/www.centrocliniconemo.it\/wp-content\/uploads\/2025\/02\/2-APERISLA-LIVORNO-150x150.jpg\",\"orientation\":\"landscape\"},\"medium\":{\"height\":192,\"width\":300,\"url\":\"https:\/\/www.centrocliniconemo.it\/wp-content\/uploads\/2025\/02\/2-APERISLA-LIVORNO-300x192.jpg\",\"orientation\":\"landscape\"},\"large\":{\"height\":656,\"width\":1024,\"url\":\"https:\/\/www.centrocliniconemo.it\/wp-content\/uploads\/2025\/02\/2-APERISLA-LIVORNO-1024x656.jpg\",\"orientation\":\"landscape\"},\"full\":{\"url\":\"https:\/\/www.centrocliniconemo.it\/wp-content\/uploads\/2025\/02\/2-APERISLA-LIVORNO-scaled.jpg\",\"height\":1640,\"width\":2560,\"orientation\":\"landscape\"}},\"imageMeta\":{\"aperture\":\"0\",\"credit\":\"\",\"camera\":\"\",\"caption\":\"\",\"created_timestamp\":\"0\",\"copyright\":\"\",\"focal_length\":\"0\",\"iso\":\"0\",\"shutter_speed\":\"0\",\"title\":\"\",\"orientation\":\"0\",\"keywords\":[]},\"meta\":false,\"postlink\":\"https:\/\/www.centrocliniconemo.it\/blog\/aperisla-risate-solidarieta-livorno\/attachment\/2-aperisla-livorno\/\"},{\"id\":23289,\"title\":\"1.7 APERISLA LIVORNO\",\"url\":\"https:\/\/www.centrocliniconemo.it\/wp-content\/uploads\/2025\/02\/1.7-APERISLA-LIVORNO-scaled.jpg\",\"link\":\"https:\/\/www.centrocliniconemo.it\/blog\/aperisla-risate-solidarieta-livorno\/attachment\/1-7-aperisla-livorno\/\",\"alt\":\"\",\"description\":\"\",\"caption\":\"\",\"mime\":\"image\/jpeg\",\"type\":\"image\",\"width\":1440,\"height\":2560,\"sizes\":{\"thumbnail\":{\"height\":150,\"width\":150,\"url\":\"https:\/\/www.centrocliniconemo.it\/wp-content\/uploads\/2025\/02\/1.7-APERISLA-LIVORNO-150x150.jpg\",\"orientation\":\"landscape\"},\"medium\":{\"height\":300,\"width\":169,\"url\":\"https:\/\/www.centrocliniconemo.it\/wp-content\/uploads\/2025\/02\/1.7-APERISLA-LIVORNO-169x300.jpg\",\"orientation\":\"portrait\"},\"large\":{\"height\":1024,\"width\":576,\"url\":\"https:\/\/www.centrocliniconemo.it\/wp-content\/uploads\/2025\/02\/1.7-APERISLA-LIVORNO-576x1024.jpg\",\"orientation\":\"portrait\"},\"full\":{\"url\":\"https:\/\/www.centrocliniconemo.it\/wp-content\/uploads\/2025\/02\/1.7-APERISLA-LIVORNO-scaled.jpg\",\"height\":2560,\"width\":1440,\"orientation\":\"portrait\"}},\"imageMeta\":{\"aperture\":\"0\",\"credit\":\"\",\"camera\":\"\",\"caption\":\"\",\"created_timestamp\":\"0\",\"copyright\":\"\",\"focal_length\":\"0\",\"iso\":\"0\",\"shutter_speed\":\"0\",\"title\":\"\",\"orientation\":\"0\",\"keywords\":[]},\"meta\":false,\"postlink\":\"https:\/\/www.centrocliniconemo.it\/blog\/aperisla-risate-solidarieta-livorno\/attachment\/1-7-aperisla-livorno\/\"}],\"jetDynamicVisibility\":{\"jedv_enabled\":false},\"jetPopupInstance\":\"none\",\"jetPopupTriggerType\":\"none\",\"jetPopupCustomSelector\":\"\",\"jetPopupIsJetEngine\":false,\"itemsMetaDataCollection\":[]}<\/script><script>(function(){if(window.PGC_SGB && window.PGC_SGB.searcher){window.PGC_SGB.searcher.initBlocks()}})()<\/script><\/div>\n\n\n<p>Una testimonianza toccante, che ha sottolineato quanto la felicit\u00e0 non sia assenza di difficolt\u00e0, ma capacit\u00e0 di affrontarle con la forza della condivisione. Un messaggio che ha trovato eco nelle parole di <a href=\"https:\/\/www.centrocliniconemo.it\/sostienici\/\">Paola Tomasi, responsabile progetti e fundraising dei Centri Clinici NeMO<\/a>, la quale ha voluto ringraziare tutti gli ospiti presenti per l\u2019importante traguardo raggiunto. Ha sottolineato, inoltre, come l\u2019impegno quotidiano di ogni persona che crede nel potere della ricerca di migliorare la qualit\u00e0 della vita rappresenti, a sua volta, una risposta concreta di cura da parte dei Centri Clinici NeMO per le 20.000 famiglie assistite. Per concludere il discorso di Alessandro Porcelli, presidente di <a href=\"https:\/\/www.aisla.it\/sezione-aisla-toscana-nord-ovest\/\">AISLA Toscana Nord Ovest<\/a>, che ha ribadito l&#8217;importanza di eventi come questo per sensibilizzare e rafforzare la rete di supporto. \u201cEssere qui stasera significa molto, perch\u00e9 \u00e8 la dimostrazione che nessuno deve sentirsi solo. Il nostro obiettivo \u00e8 fare in modo che chiunque viva con la SLA possa sentirsi parte di una comunit\u00e0 che lo sostiene. La ricerca \u00e8 fondamentale, ma anche l\u2019affetto e la vicinanza lo sono.\u201d<\/p>\n\n\n\n<p>A regalare momenti di pura spensieratezza ci ha pensato l&#8217;<a href=\"https:\/\/www.stefanosantomauro.it\/\">attore e autore Stefano Santomauro<\/a>, con la sua inconfondibile ironia. \u201cIl compito di un comico \u00e8 quello di strappare una risata tra i problemi della vita,\u201d ha dichiarato, \u201ce quando mi \u00e8 stato chiesto di partecipare a questa serata non ho avuto dubbi. La risata \u00e8 una terapia incredibile e sapere di poter contribuire, anche solo per un\u2019ora, alla felicit\u00e0 di qualcuno \u00e8 impagabile.\u201d E lo ha fatto, con un monologo brillante che ha coinvolto il pubblico in una riflessione sulla felicit\u00e0 quotidiana, tra tisane alla malva e maglioni con le renne, centrifugati improbabili e relazioni di coppia. Perch\u00e9 ridere \u00e8 una forma di resistenza, una celebrazione della vita.<\/p>\n\n\n\n<p>Tra i presenti, anche Luca Salvetti, Sindaco di Livorno e Davide Rafanelli, presidente di <a href=\"https:\/\/www.slafood.org\">SLAFOOD<\/a> e Consigliere delegato per i Centri Clinici NeMO di <a href=\"https:\/\/www.aisla.it\">AISLA<\/a>. Tutti uniti da un unico obiettivo: trasformare la consapevolezza in azione.<\/p>\n\n\n\n<p>La serata si \u00e8 conclusa con un grande applauso e un forte abbraccio collettivo, segno di una comunit\u00e0 che sceglie di affrontare le sfide con coraggio, amore e un sorriso sempre pronto a illuminare anche le notti pi\u00f9 buie.<\/p>\n\n\n<div class=\"pgc-sgb-cb wp-block-pgcsimplygalleryblock-justified \" data-gallery-id=\"79563869\"><div class=\"sgb-preloader\" id=\"pr_79563869\">\n\t<div class=\"sgb-square\" style=\"background:#d4d4d4\"><\/div>\n\t<div class=\"sgb-square\" style=\"background:#d4d4d4\"><\/div>\n\t<div class=\"sgb-square\" style=\"background:#d4d4d4\"><\/div>\n\t<div class=\"sgb-square\" style=\"background:#d4d4d4\"><\/div><\/div><div class=\"simply-gallery-amp pgc_sgb_slider \"><noscript><div class=\"sgb-gallery\"><div class=\"sgb-item\"><a href=\"https:\/\/www.centrocliniconemo.it\/blog\/aperisla-risate-solidarieta-livorno\/attachment\/6\/\" target=\"_blank\"><img loading=\"lazy\" decoding=\"async\" alt=\"\" width=\"300\" height=\"226\" loading=\"lazy\" src=\"https:\/\/www.centrocliniconemo.it\/wp-content\/uploads\/2025\/02\/6-300x226.jpg\" srcset=\"https:\/\/www.centrocliniconemo.it\/wp-content\/uploads\/2025\/02\/6-300x226.jpg 300w,https:\/\/www.centrocliniconemo.it\/wp-content\/uploads\/2025\/02\/6-1024x771.jpg 1024w,https:\/\/www.centrocliniconemo.it\/wp-content\/uploads\/2025\/02\/6-scaled.jpg 2560w\" sizes=\"auto, 250px\"\/><\/a><\/div><div class=\"sgb-item\"><a href=\"https:\/\/www.centrocliniconemo.it\/blog\/aperisla-risate-solidarieta-livorno\/attachment\/8-2\/\" target=\"_blank\"><img loading=\"lazy\" decoding=\"async\" alt=\"\" width=\"300\" height=\"226\" loading=\"lazy\" src=\"https:\/\/www.centrocliniconemo.it\/wp-content\/uploads\/2025\/02\/8-300x226.jpg\" srcset=\"https:\/\/www.centrocliniconemo.it\/wp-content\/uploads\/2025\/02\/8-300x226.jpg 300w,https:\/\/www.centrocliniconemo.it\/wp-content\/uploads\/2025\/02\/8-1024x771.jpg 1024w,https:\/\/www.centrocliniconemo.it\/wp-content\/uploads\/2025\/02\/8-scaled.jpg 2560w\" sizes=\"auto, 250px\"\/><\/a><\/div><div class=\"sgb-item\"><a href=\"https:\/\/www.centrocliniconemo.it\/blog\/aperisla-risate-solidarieta-livorno\/attachment\/1-2-aperisla-livorno-2\/\" target=\"_blank\"><img loading=\"lazy\" decoding=\"async\" alt=\"\" width=\"300\" height=\"169\" loading=\"lazy\" src=\"https:\/\/www.centrocliniconemo.it\/wp-content\/uploads\/2025\/02\/1.2-APERISLA-LIVORNO-1-300x169.jpg\" srcset=\"https:\/\/www.centrocliniconemo.it\/wp-content\/uploads\/2025\/02\/1.2-APERISLA-LIVORNO-1-300x169.jpg 300w,https:\/\/www.centrocliniconemo.it\/wp-content\/uploads\/2025\/02\/1.2-APERISLA-LIVORNO-1-1024x576.jpg 1024w,https:\/\/www.centrocliniconemo.it\/wp-content\/uploads\/2025\/02\/1.2-APERISLA-LIVORNO-1-scaled.jpg 2560w\" sizes=\"auto, 250px\"\/><\/a><\/div><div class=\"sgb-item\"><a href=\"https:\/\/www.centrocliniconemo.it\/blog\/aperisla-risate-solidarieta-livorno\/attachment\/7\/\" target=\"_blank\"><img loading=\"lazy\" decoding=\"async\" alt=\"\" width=\"300\" height=\"226\" loading=\"lazy\" src=\"https:\/\/www.centrocliniconemo.it\/wp-content\/uploads\/2025\/02\/7-300x226.jpg\" srcset=\"https:\/\/www.centrocliniconemo.it\/wp-content\/uploads\/2025\/02\/7-300x226.jpg 300w,https:\/\/www.centrocliniconemo.it\/wp-content\/uploads\/2025\/02\/7-1024x771.jpg 1024w,https:\/\/www.centrocliniconemo.it\/wp-content\/uploads\/2025\/02\/7-scaled.jpg 2560w\" sizes=\"auto, 250px\"\/><\/a><\/div><div class=\"sgb-item\"><a href=\"https:\/\/www.centrocliniconemo.it\/blog\/aperisla-risate-solidarieta-livorno\/attachment\/5\/\" target=\"_blank\"><img loading=\"lazy\" decoding=\"async\" alt=\"\" width=\"300\" height=\"213\" loading=\"lazy\" src=\"https:\/\/www.centrocliniconemo.it\/wp-content\/uploads\/2025\/02\/5-300x213.jpg\" srcset=\"https:\/\/www.centrocliniconemo.it\/wp-content\/uploads\/2025\/02\/5-300x213.jpg 300w,https:\/\/www.centrocliniconemo.it\/wp-content\/uploads\/2025\/02\/5-1024x728.jpg 1024w,https:\/\/www.centrocliniconemo.it\/wp-content\/uploads\/2025\/02\/5-scaled.jpg 2560w\" sizes=\"auto, 250px\"\/><\/a><\/div><div class=\"sgb-item\"><a href=\"https:\/\/www.centrocliniconemo.it\/blog\/aperisla-risate-solidarieta-livorno\/attachment\/4\/\" target=\"_blank\"><img loading=\"lazy\" decoding=\"async\" alt=\"\" width=\"300\" height=\"169\" loading=\"lazy\" src=\"https:\/\/www.centrocliniconemo.it\/wp-content\/uploads\/2025\/02\/4-300x169.jpg\" srcset=\"https:\/\/www.centrocliniconemo.it\/wp-content\/uploads\/2025\/02\/4-300x169.jpg 300w,https:\/\/www.centrocliniconemo.it\/wp-content\/uploads\/2025\/02\/4-1024x576.jpg 1024w,https:\/\/www.centrocliniconemo.it\/wp-content\/uploads\/2025\/02\/4-scaled.jpg 2560w\" sizes=\"auto, 250px\"\/><\/a><\/div><div class=\"sgb-item\"><a href=\"https:\/\/www.centrocliniconemo.it\/blog\/aperisla-risate-solidarieta-livorno\/attachment\/1-5-aperisla-livorno\/\" target=\"_blank\"><img loading=\"lazy\" decoding=\"async\" alt=\"\" width=\"300\" height=\"169\" loading=\"lazy\" src=\"https:\/\/www.centrocliniconemo.it\/wp-content\/uploads\/2025\/02\/1.5-APERISLA-LIVORNO-300x169.jpg\" srcset=\"https:\/\/www.centrocliniconemo.it\/wp-content\/uploads\/2025\/02\/1.5-APERISLA-LIVORNO-300x169.jpg 300w,https:\/\/www.centrocliniconemo.it\/wp-content\/uploads\/2025\/02\/1.5-APERISLA-LIVORNO-1024x576.jpg 1024w,https:\/\/www.centrocliniconemo.it\/wp-content\/uploads\/2025\/02\/1.5-APERISLA-LIVORNO-scaled.jpg 2560w\" sizes=\"auto, 250px\"\/><\/a><\/div><div class=\"sgb-item\"><a href=\"https:\/\/www.centrocliniconemo.it\/blog\/aperisla-risate-solidarieta-livorno\/attachment\/1-4-aperisla-livorno\/\" target=\"_blank\"><img loading=\"lazy\" decoding=\"async\" alt=\"\" width=\"300\" height=\"169\" loading=\"lazy\" src=\"https:\/\/www.centrocliniconemo.it\/wp-content\/uploads\/2025\/02\/1.4-APERISLA-LIVORNO-300x169.jpg\" srcset=\"https:\/\/www.centrocliniconemo.it\/wp-content\/uploads\/2025\/02\/1.4-APERISLA-LIVORNO-300x169.jpg 300w,https:\/\/www.centrocliniconemo.it\/wp-content\/uploads\/2025\/02\/1.4-APERISLA-LIVORNO-1024x577.jpg 1024w,https:\/\/www.centrocliniconemo.it\/wp-content\/uploads\/2025\/02\/1.4-APERISLA-LIVORNO-scaled.jpg 2560w\" sizes=\"auto, 250px\"\/><\/a><\/div><\/div><\/noscript><\/div><script type=\"application\/json\" class=\"sgb-data\">{\"lastRowFill\":true,\"collectionthumbRoundedCorners\":9,\"galleryType\":\"pgc_sgb_justified\",\"galleryId\":\"79563869\",\"images\":[{\"id\":23287,\"title\":\"6\",\"url\":\"https:\/\/www.centrocliniconemo.it\/wp-content\/uploads\/2025\/02\/6-scaled.jpg\",\"link\":\"https:\/\/www.centrocliniconemo.it\/blog\/aperisla-risate-solidarieta-livorno\/attachment\/6\/\",\"alt\":\"\",\"description\":\"\",\"caption\":\"\",\"mime\":\"image\/jpeg\",\"type\":\"image\",\"width\":2560,\"height\":1928,\"sizes\":{\"thumbnail\":{\"height\":150,\"width\":150,\"url\":\"https:\/\/www.centrocliniconemo.it\/wp-content\/uploads\/2025\/02\/6-150x150.jpg\",\"orientation\":\"landscape\"},\"medium\":{\"height\":226,\"width\":300,\"url\":\"https:\/\/www.centrocliniconemo.it\/wp-content\/uploads\/2025\/02\/6-300x226.jpg\",\"orientation\":\"landscape\"},\"large\":{\"height\":771,\"width\":1024,\"url\":\"https:\/\/www.centrocliniconemo.it\/wp-content\/uploads\/2025\/02\/6-1024x771.jpg\",\"orientation\":\"landscape\"},\"full\":{\"url\":\"https:\/\/www.centrocliniconemo.it\/wp-content\/uploads\/2025\/02\/6-scaled.jpg\",\"height\":1928,\"width\":2560,\"orientation\":\"landscape\"}},\"imageMeta\":{\"aperture\":\"1.85\",\"credit\":\"\",\"camera\":\"Pixel 7\",\"caption\":\"\",\"created_timestamp\":\"1738359428\",\"copyright\":\"\",\"focal_length\":\"6.81\",\"iso\":\"219\",\"shutter_speed\":\"0.005898\",\"title\":\"\",\"orientation\":\"1\",\"keywords\":[]},\"meta\":false,\"postlink\":\"https:\/\/www.centrocliniconemo.it\/blog\/aperisla-risate-solidarieta-livorno\/attachment\/6\/\"},{\"id\":23293,\"title\":\"8\",\"url\":\"https:\/\/www.centrocliniconemo.it\/wp-content\/uploads\/2025\/02\/8-scaled.jpg\",\"link\":\"https:\/\/www.centrocliniconemo.it\/blog\/aperisla-risate-solidarieta-livorno\/attachment\/8-2\/\",\"alt\":\"\",\"description\":\"\",\"caption\":\"\",\"mime\":\"image\/jpeg\",\"type\":\"image\",\"width\":2560,\"height\":1928,\"sizes\":{\"thumbnail\":{\"height\":150,\"width\":150,\"url\":\"https:\/\/www.centrocliniconemo.it\/wp-content\/uploads\/2025\/02\/8-150x150.jpg\",\"orientation\":\"landscape\"},\"medium\":{\"height\":226,\"width\":300,\"url\":\"https:\/\/www.centrocliniconemo.it\/wp-content\/uploads\/2025\/02\/8-300x226.jpg\",\"orientation\":\"landscape\"},\"large\":{\"height\":771,\"width\":1024,\"url\":\"https:\/\/www.centrocliniconemo.it\/wp-content\/uploads\/2025\/02\/8-1024x771.jpg\",\"orientation\":\"landscape\"},\"full\":{\"url\":\"https:\/\/www.centrocliniconemo.it\/wp-content\/uploads\/2025\/02\/8-scaled.jpg\",\"height\":1928,\"width\":2560,\"orientation\":\"landscape\"}},\"imageMeta\":{\"aperture\":\"1.85\",\"credit\":\"\",\"camera\":\"Pixel 7\",\"caption\":\"\",\"created_timestamp\":\"1738361348\",\"copyright\":\"\",\"focal_length\":\"6.81\",\"iso\":\"155\",\"shutter_speed\":\"0.04\",\"title\":\"\",\"orientation\":\"1\",\"keywords\":[]},\"meta\":false,\"postlink\":\"https:\/\/www.centrocliniconemo.it\/blog\/aperisla-risate-solidarieta-livorno\/attachment\/8-2\/\"},{\"id\":23295,\"title\":\"1.2 APERISLA LIVORNO\",\"url\":\"https:\/\/www.centrocliniconemo.it\/wp-content\/uploads\/2025\/02\/1.2-APERISLA-LIVORNO-1-scaled.jpg\",\"link\":\"https:\/\/www.centrocliniconemo.it\/blog\/aperisla-risate-solidarieta-livorno\/attachment\/1-2-aperisla-livorno-2\/\",\"alt\":\"\",\"description\":\"\",\"caption\":\"\",\"mime\":\"image\/jpeg\",\"type\":\"image\",\"width\":2560,\"height\":1440,\"sizes\":{\"thumbnail\":{\"height\":150,\"width\":150,\"url\":\"https:\/\/www.centrocliniconemo.it\/wp-content\/uploads\/2025\/02\/1.2-APERISLA-LIVORNO-1-150x150.jpg\",\"orientation\":\"landscape\"},\"medium\":{\"height\":169,\"width\":300,\"url\":\"https:\/\/www.centrocliniconemo.it\/wp-content\/uploads\/2025\/02\/1.2-APERISLA-LIVORNO-1-300x169.jpg\",\"orientation\":\"landscape\"},\"large\":{\"height\":576,\"width\":1024,\"url\":\"https:\/\/www.centrocliniconemo.it\/wp-content\/uploads\/2025\/02\/1.2-APERISLA-LIVORNO-1-1024x576.jpg\",\"orientation\":\"landscape\"},\"full\":{\"url\":\"https:\/\/www.centrocliniconemo.it\/wp-content\/uploads\/2025\/02\/1.2-APERISLA-LIVORNO-1-scaled.jpg\",\"height\":1440,\"width\":2560,\"orientation\":\"landscape\"}},\"imageMeta\":{\"aperture\":\"0\",\"credit\":\"\",\"camera\":\"\",\"caption\":\"\",\"created_timestamp\":\"0\",\"copyright\":\"\",\"focal_length\":\"0\",\"iso\":\"0\",\"shutter_speed\":\"0\",\"title\":\"\",\"orientation\":\"0\",\"keywords\":[]},\"meta\":false,\"postlink\":\"https:\/\/www.centrocliniconemo.it\/blog\/aperisla-risate-solidarieta-livorno\/attachment\/1-2-aperisla-livorno-2\/\"},{\"id\":23285,\"title\":\"7\",\"url\":\"https:\/\/www.centrocliniconemo.it\/wp-content\/uploads\/2025\/02\/7-scaled.jpg\",\"link\":\"https:\/\/www.centrocliniconemo.it\/blog\/aperisla-risate-solidarieta-livorno\/attachment\/7\/\",\"alt\":\"\",\"description\":\"\",\"caption\":\"\",\"mime\":\"image\/jpeg\",\"type\":\"image\",\"width\":2560,\"height\":1928,\"sizes\":{\"thumbnail\":{\"height\":150,\"width\":150,\"url\":\"https:\/\/www.centrocliniconemo.it\/wp-content\/uploads\/2025\/02\/7-150x150.jpg\",\"orientation\":\"landscape\"},\"medium\":{\"height\":226,\"width\":300,\"url\":\"https:\/\/www.centrocliniconemo.it\/wp-content\/uploads\/2025\/02\/7-300x226.jpg\",\"orientation\":\"landscape\"},\"large\":{\"height\":771,\"width\":1024,\"url\":\"https:\/\/www.centrocliniconemo.it\/wp-content\/uploads\/2025\/02\/7-1024x771.jpg\",\"orientation\":\"landscape\"},\"full\":{\"url\":\"https:\/\/www.centrocliniconemo.it\/wp-content\/uploads\/2025\/02\/7-scaled.jpg\",\"height\":1928,\"width\":2560,\"orientation\":\"landscape\"}},\"imageMeta\":{\"aperture\":\"1.85\",\"credit\":\"\",\"camera\":\"Pixel 7\",\"caption\":\"\",\"created_timestamp\":\"1738361204\",\"copyright\":\"\",\"focal_length\":\"6.81\",\"iso\":\"326\",\"shutter_speed\":\"0.02\",\"title\":\"\",\"orientation\":\"1\",\"keywords\":[]},\"meta\":false,\"postlink\":\"https:\/\/www.centrocliniconemo.it\/blog\/aperisla-risate-solidarieta-livorno\/attachment\/7\/\"},{\"id\":23273,\"title\":\"5\",\"url\":\"https:\/\/www.centrocliniconemo.it\/wp-content\/uploads\/2025\/02\/5-scaled.jpg\",\"link\":\"https:\/\/www.centrocliniconemo.it\/blog\/aperisla-risate-solidarieta-livorno\/attachment\/5\/\",\"alt\":\"\",\"description\":\"\",\"caption\":\"\",\"mime\":\"image\/jpeg\",\"type\":\"image\",\"width\":2560,\"height\":1821,\"sizes\":{\"thumbnail\":{\"height\":150,\"width\":150,\"url\":\"https:\/\/www.centrocliniconemo.it\/wp-content\/uploads\/2025\/02\/5-150x150.jpg\",\"orientation\":\"landscape\"},\"medium\":{\"height\":213,\"width\":300,\"url\":\"https:\/\/www.centrocliniconemo.it\/wp-content\/uploads\/2025\/02\/5-300x213.jpg\",\"orientation\":\"landscape\"},\"large\":{\"height\":728,\"width\":1024,\"url\":\"https:\/\/www.centrocliniconemo.it\/wp-content\/uploads\/2025\/02\/5-1024x728.jpg\",\"orientation\":\"landscape\"},\"full\":{\"url\":\"https:\/\/www.centrocliniconemo.it\/wp-content\/uploads\/2025\/02\/5-scaled.jpg\",\"height\":1821,\"width\":2560,\"orientation\":\"landscape\"}},\"imageMeta\":{\"aperture\":\"0\",\"credit\":\"\",\"camera\":\"Pixel 7\",\"caption\":\"\",\"created_timestamp\":\"1738358437\",\"copyright\":\"\",\"focal_length\":\"0\",\"iso\":\"216\",\"shutter_speed\":\"0\",\"title\":\"\",\"orientation\":\"0\",\"keywords\":[]},\"meta\":false,\"postlink\":\"https:\/\/www.centrocliniconemo.it\/blog\/aperisla-risate-solidarieta-livorno\/attachment\/5\/\"},{\"id\":23283,\"title\":\"4\",\"url\":\"https:\/\/www.centrocliniconemo.it\/wp-content\/uploads\/2025\/02\/4-scaled.jpg\",\"link\":\"https:\/\/www.centrocliniconemo.it\/blog\/aperisla-risate-solidarieta-livorno\/attachment\/4\/\",\"alt\":\"\",\"description\":\"\",\"caption\":\"\",\"mime\":\"image\/jpeg\",\"type\":\"image\",\"width\":2560,\"height\":1440,\"sizes\":{\"thumbnail\":{\"height\":150,\"width\":150,\"url\":\"https:\/\/www.centrocliniconemo.it\/wp-content\/uploads\/2025\/02\/4-150x150.jpg\",\"orientation\":\"landscape\"},\"medium\":{\"height\":169,\"width\":300,\"url\":\"https:\/\/www.centrocliniconemo.it\/wp-content\/uploads\/2025\/02\/4-300x169.jpg\",\"orientation\":\"landscape\"},\"large\":{\"height\":576,\"width\":1024,\"url\":\"https:\/\/www.centrocliniconemo.it\/wp-content\/uploads\/2025\/02\/4-1024x576.jpg\",\"orientation\":\"landscape\"},\"full\":{\"url\":\"https:\/\/www.centrocliniconemo.it\/wp-content\/uploads\/2025\/02\/4-scaled.jpg\",\"height\":1440,\"width\":2560,\"orientation\":\"landscape\"}},\"imageMeta\":{\"aperture\":\"0\",\"credit\":\"\",\"camera\":\"\",\"caption\":\"\",\"created_timestamp\":\"0\",\"copyright\":\"\",\"focal_length\":\"0\",\"iso\":\"0\",\"shutter_speed\":\"0\",\"title\":\"\",\"orientation\":\"1\",\"keywords\":[]},\"meta\":false,\"postlink\":\"https:\/\/www.centrocliniconemo.it\/blog\/aperisla-risate-solidarieta-livorno\/attachment\/4\/\"},{\"id\":23281,\"title\":\"1.5 APERISLA LIVORNO\",\"url\":\"https:\/\/www.centrocliniconemo.it\/wp-content\/uploads\/2025\/02\/1.5-APERISLA-LIVORNO-scaled.jpg\",\"link\":\"https:\/\/www.centrocliniconemo.it\/blog\/aperisla-risate-solidarieta-livorno\/attachment\/1-5-aperisla-livorno\/\",\"alt\":\"\",\"description\":\"\",\"caption\":\"\",\"mime\":\"image\/jpeg\",\"type\":\"image\",\"width\":2560,\"height\":1440,\"sizes\":{\"thumbnail\":{\"height\":150,\"width\":150,\"url\":\"https:\/\/www.centrocliniconemo.it\/wp-content\/uploads\/2025\/02\/1.5-APERISLA-LIVORNO-150x150.jpg\",\"orientation\":\"landscape\"},\"medium\":{\"height\":169,\"width\":300,\"url\":\"https:\/\/www.centrocliniconemo.it\/wp-content\/uploads\/2025\/02\/1.5-APERISLA-LIVORNO-300x169.jpg\",\"orientation\":\"landscape\"},\"large\":{\"height\":576,\"width\":1024,\"url\":\"https:\/\/www.centrocliniconemo.it\/wp-content\/uploads\/2025\/02\/1.5-APERISLA-LIVORNO-1024x576.jpg\",\"orientation\":\"landscape\"},\"full\":{\"url\":\"https:\/\/www.centrocliniconemo.it\/wp-content\/uploads\/2025\/02\/1.5-APERISLA-LIVORNO-scaled.jpg\",\"height\":1440,\"width\":2560,\"orientation\":\"landscape\"}},\"imageMeta\":{\"aperture\":\"0\",\"credit\":\"\",\"camera\":\"\",\"caption\":\"\",\"created_timestamp\":\"0\",\"copyright\":\"\",\"focal_length\":\"0\",\"iso\":\"0\",\"shutter_speed\":\"0\",\"title\":\"\",\"orientation\":\"0\",\"keywords\":[]},\"meta\":false,\"postlink\":\"https:\/\/www.centrocliniconemo.it\/blog\/aperisla-risate-solidarieta-livorno\/attachment\/1-5-aperisla-livorno\/\"},{\"id\":23277,\"title\":\"1.4 APERISLA LIVORNO\",\"url\":\"https:\/\/www.centrocliniconemo.it\/wp-content\/uploads\/2025\/02\/1.4-APERISLA-LIVORNO-scaled.jpg\",\"link\":\"https:\/\/www.centrocliniconemo.it\/blog\/aperisla-risate-solidarieta-livorno\/attachment\/1-4-aperisla-livorno\/\",\"alt\":\"\",\"description\":\"\",\"caption\":\"\",\"mime\":\"image\/jpeg\",\"type\":\"image\",\"width\":2560,\"height\":1441,\"sizes\":{\"thumbnail\":{\"height\":150,\"width\":150,\"url\":\"https:\/\/www.centrocliniconemo.it\/wp-content\/uploads\/2025\/02\/1.4-APERISLA-LIVORNO-150x150.jpg\",\"orientation\":\"landscape\"},\"medium\":{\"height\":169,\"width\":300,\"url\":\"https:\/\/www.centrocliniconemo.it\/wp-content\/uploads\/2025\/02\/1.4-APERISLA-LIVORNO-300x169.jpg\",\"orientation\":\"landscape\"},\"large\":{\"height\":577,\"width\":1024,\"url\":\"https:\/\/www.centrocliniconemo.it\/wp-content\/uploads\/2025\/02\/1.4-APERISLA-LIVORNO-1024x577.jpg\",\"orientation\":\"landscape\"},\"full\":{\"url\":\"https:\/\/www.centrocliniconemo.it\/wp-content\/uploads\/2025\/02\/1.4-APERISLA-LIVORNO-scaled.jpg\",\"height\":1441,\"width\":2560,\"orientation\":\"landscape\"}},\"imageMeta\":{\"aperture\":\"0\",\"credit\":\"\",\"camera\":\"\",\"caption\":\"\",\"created_timestamp\":\"0\",\"copyright\":\"\",\"focal_length\":\"0\",\"iso\":\"0\",\"shutter_speed\":\"0\",\"title\":\"\",\"orientation\":\"0\",\"keywords\":[]},\"meta\":false,\"postlink\":\"https:\/\/www.centrocliniconemo.it\/blog\/aperisla-risate-solidarieta-livorno\/attachment\/1-4-aperisla-livorno\/\"}],\"jetDynamicVisibility\":{\"jedv_enabled\":false},\"jetPopupInstance\":\"none\",\"jetPopupTriggerType\":\"none\",\"jetPopupCustomSelector\":\"\",\"jetPopupIsJetEngine\":false,\"itemsMetaDataCollection\":[]}<\/script><script>(function(){if(window.PGC_SGB && window.PGC_SGB.searcher){window.PGC_SGB.searcher.initBlocks()}})()<\/script><\/div>\n\n<div class=\"pgc-sgb-cb wp-block-pgcsimplygalleryblock-masonry \" data-gallery-id=\"b3d68450\"><div class=\"sgb-preloader\" id=\"pr_b3d68450\">\n\t<div class=\"sgb-square\" style=\"background:#d4d4d4\"><\/div>\n\t<div class=\"sgb-square\" style=\"background:#d4d4d4\"><\/div>\n\t<div class=\"sgb-square\" style=\"background:#d4d4d4\"><\/div>\n\t<div class=\"sgb-square\" style=\"background:#d4d4d4\"><\/div><\/div><div class=\"simply-gallery-amp pgc_sgb_slider \"><noscript><div class=\"sgb-gallery\"><div class=\"sgb-item\"><a href=\"https:\/\/www.centrocliniconemo.it\/blog\/aperisla-risate-solidarieta-livorno\/attachment\/aperisla-poster-luca-70x100-cm-2\/\" target=\"_blank\"><img loading=\"lazy\" decoding=\"async\" alt=\"\" width=\"263\" height=\"300\" loading=\"lazy\" src=\"https:\/\/www.centrocliniconemo.it\/wp-content\/uploads\/2025\/02\/APERISLA-POSTER-LUCA-70x100-cm-1-263x300.png\" srcset=\"https:\/\/www.centrocliniconemo.it\/wp-content\/uploads\/2025\/02\/APERISLA-POSTER-LUCA-70x100-cm-1-263x300.png 263w,https:\/\/www.centrocliniconemo.it\/wp-content\/uploads\/2025\/02\/APERISLA-POSTER-LUCA-70x100-cm-1-898x1024.png 898w,https:\/\/www.centrocliniconemo.it\/wp-content\/uploads\/2025\/02\/APERISLA-POSTER-LUCA-70x100-cm-1.png 8268w\" sizes=\"auto, 250px\"\/><\/a><\/div><\/div><\/noscript><\/div><script type=\"application\/json\" class=\"sgb-data\">{\"galleryType\":\"pgc_sgb_masonry\",\"galleryId\":\"b3d68450\",\"images\":[{\"id\":23299,\"title\":\"APERISLA POSTER LUCA 70x100 cm\",\"url\":\"https:\/\/www.centrocliniconemo.it\/wp-content\/uploads\/2025\/02\/APERISLA-POSTER-LUCA-70x100-cm-1.png\",\"link\":\"https:\/\/www.centrocliniconemo.it\/blog\/aperisla-risate-solidarieta-livorno\/attachment\/aperisla-poster-luca-70x100-cm-2\/\",\"alt\":\"\",\"description\":\"\",\"caption\":\"\",\"mime\":\"image\/png\",\"type\":\"image\",\"width\":8268,\"height\":9432,\"sizes\":{\"medium\":{\"height\":300,\"width\":263,\"url\":\"https:\/\/www.centrocliniconemo.it\/wp-content\/uploads\/2025\/02\/APERISLA-POSTER-LUCA-70x100-cm-1-263x300.png\",\"orientation\":\"portrait\"},\"large\":{\"height\":1024,\"width\":898,\"url\":\"https:\/\/www.centrocliniconemo.it\/wp-content\/uploads\/2025\/02\/APERISLA-POSTER-LUCA-70x100-cm-1-898x1024.png\",\"orientation\":\"portrait\"},\"full\":{\"url\":\"https:\/\/www.centrocliniconemo.it\/wp-content\/uploads\/2025\/02\/APERISLA-POSTER-LUCA-70x100-cm-1.png\",\"height\":9432,\"width\":8268,\"orientation\":\"portrait\"}},\"imageMeta\":{\"aperture\":\"0\",\"credit\":\"\",\"camera\":\"\",\"caption\":\"\",\"created_timestamp\":\"0\",\"copyright\":\"\",\"focal_length\":\"0\",\"iso\":\"0\",\"shutter_speed\":\"0\",\"title\":\"\",\"orientation\":\"0\",\"keywords\":[]},\"meta\":false,\"postlink\":\"https:\/\/www.centrocliniconemo.it\/blog\/aperisla-risate-solidarieta-livorno\/attachment\/aperisla-poster-luca-70x100-cm-2\/\"}],\"jetDynamicVisibility\":{\"jedv_enabled\":false},\"jetPopupInstance\":\"none\",\"jetPopupTriggerType\":\"none\",\"jetPopupCustomSelector\":\"\",\"jetPopupIsJetEngine\":false,\"itemsMetaDataCollection\":[]}<\/script><script>(function(){if(window.PGC_SGB && window.PGC_SGB.searcher){window.PGC_SGB.searcher.initBlocks()}})()<\/script><\/div>","protected":false},"excerpt":{"rendered":"<p>Livorno, 31 gennaio 2025 &#8211; La felicit\u00e0 si nasconde nelle piccole cose. In un sorriso condiviso, in un abbraccio spontaneo, in una risata che riempie una stanza. Lo hanno dimostrato le oltre 100 persone che, venerd\u00ec sera, hanno partecipato all&#8217;evento AperiSLA, un&#8217;iniziativa di solidariet\u00e0 che ha trasformato il Ristorante La Barcarola di Livorno in un [&hellip;]<\/p>\n","protected":false},"author":3,"featured_media":23304,"comment_status":"closed","ping_status":"closed","sticky":false,"template":"","format":"standard","meta":{"pgc_sgb_lightbox_settings":"","footnotes":""},"categories":[17],"tags":[245,247,18],"class_list":["post-23268","post","type-post","status-publish","format-standard","has-post-thumbnail","hentry","category-iniziative-ed-eventi","tag-aperisla","tag-livorno","tag-nemo-milano"],"yoast_head":"<!-- This site is optimized with the Yoast SEO plugin v27.4 - https:\/\/yoast.com\/product\/yoast-seo-wordpress\/ -->\n<title>AperiSLA. Risate e solidariet\u00e0 a Livorno - Centro Clinico NeMO<\/title>\n<meta name=\"description\" content=\"Livorno, 31 gennaio 2025 - La felicit\u00e0 si nasconde nelle piccole cose. In un sorriso condiviso, in un abbraccio spontaneo, in una risata che riempie una stanza. Lo hanno dimostrato le oltre 100 persone che, venerd\u00ec sera, hanno partecipato all&#039;evento AperiSLA, un&#039;iniziativa di solidariet\u00e0 che ha trasformato il Ristorante La Barcarola di Livorno in un luogo di calore umano e sostegno concreto.\" \/>\n<meta name=\"robots\" content=\"index, follow, max-snippet:-1, max-image-preview:large, max-video-preview:-1\" \/>\n<link rel=\"canonical\" href=\"https:\/\/www.centrocliniconemo.it\/en\/blog\/aperisla-risate-solidarieta-livorno\/\" \/>\n<meta property=\"og:locale\" content=\"en_US\" \/>\n<meta property=\"og:type\" content=\"article\" \/>\n<meta property=\"og:title\" content=\"AperiSLA. Risate e solidariet\u00e0 a Livorno\" \/>\n<meta property=\"og:description\" content=\"Livorno, 31 gennaio 2025 - La felicit\u00e0 si nasconde nelle piccole cose. In un sorriso condiviso, in un abbraccio spontaneo, in una risata che riempie una stanza. Lo hanno dimostrato le oltre 100 persone che, venerd\u00ec sera, hanno partecipato all&#039;evento AperiSLA, un&#039;iniziativa di solidariet\u00e0 che ha trasformato il Ristorante La Barcarola di Livorno in un luogo di calore umano e sostegno concreto.\" \/>\n<meta property=\"og:url\" content=\"https:\/\/www.centrocliniconemo.it\/en\/blog\/aperisla-risate-solidarieta-livorno\/\" \/>\n<meta property=\"og:site_name\" content=\"Centro Clinico NeMO\" \/>\n<meta property=\"article:publisher\" content=\"https:\/\/www.facebook.com\/CentroNEMOItalia\" \/>\n<meta property=\"article:published_time\" content=\"2025-02-04T09:47:46+00:00\" \/>\n<meta property=\"article:modified_time\" content=\"2025-02-04T09:51:30+00:00\" \/>\n<meta property=\"og:image\" content=\"https:\/\/www.centrocliniconemo.it\/wp-content\/uploads\/2025\/02\/AperiSLA.-Risate-e-solidarieta-a-Livorno.jpeg\" \/>\n\t<meta property=\"og:image:width\" content=\"1471\" \/>\n\t<meta property=\"og:image:height\" content=\"1108\" \/>\n\t<meta property=\"og:image:type\" content=\"image\/jpeg\" \/>\n<meta name=\"author\" content=\"Paola Tomasi\" \/>\n<meta name=\"twitter:card\" content=\"summary_large_image\" \/>\n<meta name=\"twitter:title\" content=\"AperiSLA. Risate e solidariet\u00e0 a Livorno\" \/>\n<meta name=\"twitter:description\" content=\"Livorno, 31 gennaio 2025 - La felicit\u00e0 si nasconde nelle piccole cose. In un sorriso condiviso, in un abbraccio spontaneo, in una risata che riempie una stanza. Lo hanno dimostrato le oltre 100 persone che, venerd\u00ec sera, hanno partecipato all&#039;evento AperiSLA, un&#039;iniziativa di solidariet\u00e0 che ha trasformato il Ristorante La Barcarola di Livorno in un luogo di calore umano e sostegno concreto.\" \/>\n<meta name=\"twitter:image\" content=\"https:\/\/www.centrocliniconemo.it\/wp-content\/uploads\/2025\/02\/AperiSLA.-Risate-e-solidarieta-a-Livorno.jpeg\" \/>\n<meta name=\"twitter:creator\" content=\"@CentroNemo\" \/>\n<meta name=\"twitter:site\" content=\"@CentroNemo\" \/>\n<meta name=\"twitter:label1\" content=\"Written by\" \/>\n\t<meta name=\"twitter:data1\" content=\"Paola Tomasi\" \/>\n\t<meta name=\"twitter:label2\" content=\"Est. reading time\" \/>\n\t<meta name=\"twitter:data2\" content=\"7 minutes\" \/>\n<script type=\"application\/ld+json\" class=\"yoast-schema-graph\">{\"@context\":\"https:\\\/\\\/schema.org\",\"@graph\":[{\"@type\":\"Article\",\"@id\":\"https:\\\/\\\/www.centrocliniconemo.it\\\/en\\\/blog\\\/aperisla-risate-solidarieta-livorno\\\/#article\",\"isPartOf\":{\"@id\":\"https:\\\/\\\/www.centrocliniconemo.it\\\/en\\\/blog\\\/aperisla-risate-solidarieta-livorno\\\/\"},\"author\":{\"name\":\"Paola Tomasi\",\"@id\":\"https:\\\/\\\/www.centrocliniconemo.it\\\/en\\\/#\\\/schema\\\/person\\\/23b904ba18a16bb7b114b1f59642792e\"},\"headline\":\"AperiSLA. Risate e solidariet\u00e0 a Livorno\",\"datePublished\":\"2025-02-04T09:47:46+00:00\",\"dateModified\":\"2025-02-04T09:51:30+00:00\",\"mainEntityOfPage\":{\"@id\":\"https:\\\/\\\/www.centrocliniconemo.it\\\/en\\\/blog\\\/aperisla-risate-solidarieta-livorno\\\/\"},\"wordCount\":682,\"publisher\":{\"@id\":\"https:\\\/\\\/www.centrocliniconemo.it\\\/en\\\/#organization\"},\"image\":{\"@id\":\"https:\\\/\\\/www.centrocliniconemo.it\\\/en\\\/blog\\\/aperisla-risate-solidarieta-livorno\\\/#primaryimage\"},\"thumbnailUrl\":\"https:\\\/\\\/www.centrocliniconemo.it\\\/wp-content\\\/uploads\\\/2025\\\/02\\\/AperiSLA.-Risate-e-solidarieta-a-Livorno.jpeg\",\"keywords\":[\"aperisla\",\"livorno\",\"NeMO Milano\"],\"articleSection\":[\"Iniziative ed eventi\"],\"inLanguage\":\"en-US\"},{\"@type\":\"WebPage\",\"@id\":\"https:\\\/\\\/www.centrocliniconemo.it\\\/en\\\/blog\\\/aperisla-risate-solidarieta-livorno\\\/\",\"url\":\"https:\\\/\\\/www.centrocliniconemo.it\\\/en\\\/blog\\\/aperisla-risate-solidarieta-livorno\\\/\",\"name\":\"AperiSLA. Risate e solidariet\u00e0 a Livorno - Centro Clinico NeMO\",\"isPartOf\":{\"@id\":\"https:\\\/\\\/www.centrocliniconemo.it\\\/en\\\/#website\"},\"primaryImageOfPage\":{\"@id\":\"https:\\\/\\\/www.centrocliniconemo.it\\\/en\\\/blog\\\/aperisla-risate-solidarieta-livorno\\\/#primaryimage\"},\"image\":{\"@id\":\"https:\\\/\\\/www.centrocliniconemo.it\\\/en\\\/blog\\\/aperisla-risate-solidarieta-livorno\\\/#primaryimage\"},\"thumbnailUrl\":\"https:\\\/\\\/www.centrocliniconemo.it\\\/wp-content\\\/uploads\\\/2025\\\/02\\\/AperiSLA.-Risate-e-solidarieta-a-Livorno.jpeg\",\"datePublished\":\"2025-02-04T09:47:46+00:00\",\"dateModified\":\"2025-02-04T09:51:30+00:00\",\"description\":\"Livorno, 31 gennaio 2025 - La felicit\u00e0 si nasconde nelle piccole cose. In un sorriso condiviso, in un abbraccio spontaneo, in una risata che riempie una stanza. Lo hanno dimostrato le oltre 100 persone che, venerd\u00ec sera, hanno partecipato all'evento AperiSLA, un'iniziativa di solidariet\u00e0 che ha trasformato il Ristorante La Barcarola di Livorno in un luogo di calore umano e sostegno concreto.\",\"breadcrumb\":{\"@id\":\"https:\\\/\\\/www.centrocliniconemo.it\\\/en\\\/blog\\\/aperisla-risate-solidarieta-livorno\\\/#breadcrumb\"},\"inLanguage\":\"en-US\",\"potentialAction\":[{\"@type\":\"ReadAction\",\"target\":[\"https:\\\/\\\/www.centrocliniconemo.it\\\/en\\\/blog\\\/aperisla-risate-solidarieta-livorno\\\/\"]}]},{\"@type\":\"ImageObject\",\"inLanguage\":\"en-US\",\"@id\":\"https:\\\/\\\/www.centrocliniconemo.it\\\/en\\\/blog\\\/aperisla-risate-solidarieta-livorno\\\/#primaryimage\",\"url\":\"https:\\\/\\\/www.centrocliniconemo.it\\\/wp-content\\\/uploads\\\/2025\\\/02\\\/AperiSLA.-Risate-e-solidarieta-a-Livorno.jpeg\",\"contentUrl\":\"https:\\\/\\\/www.centrocliniconemo.it\\\/wp-content\\\/uploads\\\/2025\\\/02\\\/AperiSLA.-Risate-e-solidarieta-a-Livorno.jpeg\",\"width\":1471,\"height\":1108},{\"@type\":\"BreadcrumbList\",\"@id\":\"https:\\\/\\\/www.centrocliniconemo.it\\\/en\\\/blog\\\/aperisla-risate-solidarieta-livorno\\\/#breadcrumb\",\"itemListElement\":[{\"@type\":\"ListItem\",\"position\":1,\"name\":\"Home\",\"item\":\"https:\\\/\\\/www.centrocliniconemo.it\\\/en\\\/\"},{\"@type\":\"ListItem\",\"position\":2,\"name\":\"AperiSLA. Risate e solidariet\u00e0 a Livorno\"}]},{\"@type\":\"WebSite\",\"@id\":\"https:\\\/\\\/www.centrocliniconemo.it\\\/en\\\/#website\",\"url\":\"https:\\\/\\\/www.centrocliniconemo.it\\\/en\\\/\",\"name\":\"Centro Clinico NeMO\",\"description\":\"Il paziente al centro\",\"publisher\":{\"@id\":\"https:\\\/\\\/www.centrocliniconemo.it\\\/en\\\/#organization\"},\"potentialAction\":[{\"@type\":\"SearchAction\",\"target\":{\"@type\":\"EntryPoint\",\"urlTemplate\":\"https:\\\/\\\/www.centrocliniconemo.it\\\/en\\\/?s={search_term_string}\"},\"query-input\":{\"@type\":\"PropertyValueSpecification\",\"valueRequired\":true,\"valueName\":\"search_term_string\"}}],\"inLanguage\":\"en-US\"},{\"@type\":\"Organization\",\"@id\":\"https:\\\/\\\/www.centrocliniconemo.it\\\/en\\\/#organization\",\"name\":\"Centro Clinico NeMO - Fondazione Serena Onlus\",\"url\":\"https:\\\/\\\/www.centrocliniconemo.it\\\/en\\\/\",\"logo\":{\"@type\":\"ImageObject\",\"inLanguage\":\"en-US\",\"@id\":\"https:\\\/\\\/www.centrocliniconemo.it\\\/en\\\/#\\\/schema\\\/logo\\\/image\\\/\",\"url\":\"https:\\\/\\\/www.centrocliniconemo.it\\\/wp-content\\\/uploads\\\/2023\\\/03\\\/logo-nemo.svg\",\"contentUrl\":\"https:\\\/\\\/www.centrocliniconemo.it\\\/wp-content\\\/uploads\\\/2023\\\/03\\\/logo-nemo.svg\",\"width\":272,\"height\":109.142,\"caption\":\"Centro Clinico NeMO - Fondazione Serena Onlus\"},\"image\":{\"@id\":\"https:\\\/\\\/www.centrocliniconemo.it\\\/en\\\/#\\\/schema\\\/logo\\\/image\\\/\"},\"sameAs\":[\"https:\\\/\\\/www.facebook.com\\\/CentroNEMOItalia\",\"https:\\\/\\\/x.com\\\/CentroNemo\",\"https:\\\/\\\/www.linkedin.com\\\/company\\\/centrocliniconemo\\\/\",\"https:\\\/\\\/www.instagram.com\\\/centrocliniconemo\\\/\"]},{\"@type\":\"Person\",\"@id\":\"https:\\\/\\\/www.centrocliniconemo.it\\\/en\\\/#\\\/schema\\\/person\\\/23b904ba18a16bb7b114b1f59642792e\",\"name\":\"Paola Tomasi\",\"image\":{\"@type\":\"ImageObject\",\"inLanguage\":\"en-US\",\"@id\":\"https:\\\/\\\/secure.gravatar.com\\\/avatar\\\/74446384f79033bbbf711e67d0640ba1208293f1c7cd6b4abdc36fd985a8b9e4?s=96&d=mm&r=g\",\"url\":\"https:\\\/\\\/secure.gravatar.com\\\/avatar\\\/74446384f79033bbbf711e67d0640ba1208293f1c7cd6b4abdc36fd985a8b9e4?s=96&d=mm&r=g\",\"contentUrl\":\"https:\\\/\\\/secure.gravatar.com\\\/avatar\\\/74446384f79033bbbf711e67d0640ba1208293f1c7cd6b4abdc36fd985a8b9e4?s=96&d=mm&r=g\",\"caption\":\"Paola Tomasi\"}}]}<\/script>\n<!-- \/ Yoast SEO plugin. -->","yoast_head_json":{"title":"AperiSLA. Risate e solidariet\u00e0 a Livorno - Centro Clinico NeMO","description":"Livorno, 31 gennaio 2025 - La felicit\u00e0 si nasconde nelle piccole cose. In un sorriso condiviso, in un abbraccio spontaneo, in una risata che riempie una stanza. Lo hanno dimostrato le oltre 100 persone che, venerd\u00ec sera, hanno partecipato all'evento AperiSLA, un'iniziativa di solidariet\u00e0 che ha trasformato il Ristorante La Barcarola di Livorno in un luogo di calore umano e sostegno concreto.","robots":{"index":"index","follow":"follow","max-snippet":"max-snippet:-1","max-image-preview":"max-image-preview:large","max-video-preview":"max-video-preview:-1"},"canonical":"https:\/\/www.centrocliniconemo.it\/en\/blog\/aperisla-risate-solidarieta-livorno\/","og_locale":"en_US","og_type":"article","og_title":"AperiSLA. Risate e solidariet\u00e0 a Livorno","og_description":"Livorno, 31 gennaio 2025 - La felicit\u00e0 si nasconde nelle piccole cose. In un sorriso condiviso, in un abbraccio spontaneo, in una risata che riempie una stanza. Lo hanno dimostrato le oltre 100 persone che, venerd\u00ec sera, hanno partecipato all'evento AperiSLA, un'iniziativa di solidariet\u00e0 che ha trasformato il Ristorante La Barcarola di Livorno in un luogo di calore umano e sostegno concreto.","og_url":"https:\/\/www.centrocliniconemo.it\/en\/blog\/aperisla-risate-solidarieta-livorno\/","og_site_name":"Centro Clinico NeMO","article_publisher":"https:\/\/www.facebook.com\/CentroNEMOItalia","article_published_time":"2025-02-04T09:47:46+00:00","article_modified_time":"2025-02-04T09:51:30+00:00","og_image":[{"width":1471,"height":1108,"url":"https:\/\/www.centrocliniconemo.it\/wp-content\/uploads\/2025\/02\/AperiSLA.-Risate-e-solidarieta-a-Livorno.jpeg","type":"image\/jpeg"}],"author":"Paola Tomasi","twitter_card":"summary_large_image","twitter_title":"AperiSLA. Risate e solidariet\u00e0 a Livorno","twitter_description":"Livorno, 31 gennaio 2025 - La felicit\u00e0 si nasconde nelle piccole cose. In un sorriso condiviso, in un abbraccio spontaneo, in una risata che riempie una stanza. Lo hanno dimostrato le oltre 100 persone che, venerd\u00ec sera, hanno partecipato all'evento AperiSLA, un'iniziativa di solidariet\u00e0 che ha trasformato il Ristorante La Barcarola di Livorno in un luogo di calore umano e sostegno concreto.","twitter_image":"https:\/\/www.centrocliniconemo.it\/wp-content\/uploads\/2025\/02\/AperiSLA.-Risate-e-solidarieta-a-Livorno.jpeg","twitter_creator":"@CentroNemo","twitter_site":"@CentroNemo","twitter_misc":{"Written by":"Paola Tomasi","Est. reading time":"7 minutes"},"schema":{"@context":"https:\/\/schema.org","@graph":[{"@type":"Article","@id":"https:\/\/www.centrocliniconemo.it\/en\/blog\/aperisla-risate-solidarieta-livorno\/#article","isPartOf":{"@id":"https:\/\/www.centrocliniconemo.it\/en\/blog\/aperisla-risate-solidarieta-livorno\/"},"author":{"name":"Paola Tomasi","@id":"https:\/\/www.centrocliniconemo.it\/en\/#\/schema\/person\/23b904ba18a16bb7b114b1f59642792e"},"headline":"AperiSLA. Risate e solidariet\u00e0 a Livorno","datePublished":"2025-02-04T09:47:46+00:00","dateModified":"2025-02-04T09:51:30+00:00","mainEntityOfPage":{"@id":"https:\/\/www.centrocliniconemo.it\/en\/blog\/aperisla-risate-solidarieta-livorno\/"},"wordCount":682,"publisher":{"@id":"https:\/\/www.centrocliniconemo.it\/en\/#organization"},"image":{"@id":"https:\/\/www.centrocliniconemo.it\/en\/blog\/aperisla-risate-solidarieta-livorno\/#primaryimage"},"thumbnailUrl":"https:\/\/www.centrocliniconemo.it\/wp-content\/uploads\/2025\/02\/AperiSLA.-Risate-e-solidarieta-a-Livorno.jpeg","keywords":["aperisla","livorno","NeMO Milano"],"articleSection":["Iniziative ed eventi"],"inLanguage":"en-US"},{"@type":"WebPage","@id":"https:\/\/www.centrocliniconemo.it\/en\/blog\/aperisla-risate-solidarieta-livorno\/","url":"https:\/\/www.centrocliniconemo.it\/en\/blog\/aperisla-risate-solidarieta-livorno\/","name":"AperiSLA. Risate e solidariet\u00e0 a Livorno - Centro Clinico NeMO","isPartOf":{"@id":"https:\/\/www.centrocliniconemo.it\/en\/#website"},"primaryImageOfPage":{"@id":"https:\/\/www.centrocliniconemo.it\/en\/blog\/aperisla-risate-solidarieta-livorno\/#primaryimage"},"image":{"@id":"https:\/\/www.centrocliniconemo.it\/en\/blog\/aperisla-risate-solidarieta-livorno\/#primaryimage"},"thumbnailUrl":"https:\/\/www.centrocliniconemo.it\/wp-content\/uploads\/2025\/02\/AperiSLA.-Risate-e-solidarieta-a-Livorno.jpeg","datePublished":"2025-02-04T09:47:46+00:00","dateModified":"2025-02-04T09:51:30+00:00","description":"Livorno, 31 gennaio 2025 - La felicit\u00e0 si nasconde nelle piccole cose. In un sorriso condiviso, in un abbraccio spontaneo, in una risata che riempie una stanza. Lo hanno dimostrato le oltre 100 persone che, venerd\u00ec sera, hanno partecipato all'evento AperiSLA, un'iniziativa di solidariet\u00e0 che ha trasformato il Ristorante La Barcarola di Livorno in un luogo di calore umano e sostegno concreto.","breadcrumb":{"@id":"https:\/\/www.centrocliniconemo.it\/en\/blog\/aperisla-risate-solidarieta-livorno\/#breadcrumb"},"inLanguage":"en-US","potentialAction":[{"@type":"ReadAction","target":["https:\/\/www.centrocliniconemo.it\/en\/blog\/aperisla-risate-solidarieta-livorno\/"]}]},{"@type":"ImageObject","inLanguage":"en-US","@id":"https:\/\/www.centrocliniconemo.it\/en\/blog\/aperisla-risate-solidarieta-livorno\/#primaryimage","url":"https:\/\/www.centrocliniconemo.it\/wp-content\/uploads\/2025\/02\/AperiSLA.-Risate-e-solidarieta-a-Livorno.jpeg","contentUrl":"https:\/\/www.centrocliniconemo.it\/wp-content\/uploads\/2025\/02\/AperiSLA.-Risate-e-solidarieta-a-Livorno.jpeg","width":1471,"height":1108},{"@type":"BreadcrumbList","@id":"https:\/\/www.centrocliniconemo.it\/en\/blog\/aperisla-risate-solidarieta-livorno\/#breadcrumb","itemListElement":[{"@type":"ListItem","position":1,"name":"Home","item":"https:\/\/www.centrocliniconemo.it\/en\/"},{"@type":"ListItem","position":2,"name":"AperiSLA. Risate e solidariet\u00e0 a Livorno"}]},{"@type":"WebSite","@id":"https:\/\/www.centrocliniconemo.it\/en\/#website","url":"https:\/\/www.centrocliniconemo.it\/en\/","name":"Centro Clinico NeMO","description":"Il paziente al centro","publisher":{"@id":"https:\/\/www.centrocliniconemo.it\/en\/#organization"},"potentialAction":[{"@type":"SearchAction","target":{"@type":"EntryPoint","urlTemplate":"https:\/\/www.centrocliniconemo.it\/en\/?s={search_term_string}"},"query-input":{"@type":"PropertyValueSpecification","valueRequired":true,"valueName":"search_term_string"}}],"inLanguage":"en-US"},{"@type":"Organization","@id":"https:\/\/www.centrocliniconemo.it\/en\/#organization","name":"Centro Clinico NeMO - Fondazione Serena Onlus","url":"https:\/\/www.centrocliniconemo.it\/en\/","logo":{"@type":"ImageObject","inLanguage":"en-US","@id":"https:\/\/www.centrocliniconemo.it\/en\/#\/schema\/logo\/image\/","url":"https:\/\/www.centrocliniconemo.it\/wp-content\/uploads\/2023\/03\/logo-nemo.svg","contentUrl":"https:\/\/www.centrocliniconemo.it\/wp-content\/uploads\/2023\/03\/logo-nemo.svg","width":272,"height":109.142,"caption":"Centro Clinico NeMO - Fondazione Serena Onlus"},"image":{"@id":"https:\/\/www.centrocliniconemo.it\/en\/#\/schema\/logo\/image\/"},"sameAs":["https:\/\/www.facebook.com\/CentroNEMOItalia","https:\/\/x.com\/CentroNemo","https:\/\/www.linkedin.com\/company\/centrocliniconemo\/","https:\/\/www.instagram.com\/centrocliniconemo\/"]},{"@type":"Person","@id":"https:\/\/www.centrocliniconemo.it\/en\/#\/schema\/person\/23b904ba18a16bb7b114b1f59642792e","name":"Paola Tomasi","image":{"@type":"ImageObject","inLanguage":"en-US","@id":"https:\/\/secure.gravatar.com\/avatar\/74446384f79033bbbf711e67d0640ba1208293f1c7cd6b4abdc36fd985a8b9e4?s=96&d=mm&r=g","url":"https:\/\/secure.gravatar.com\/avatar\/74446384f79033bbbf711e67d0640ba1208293f1c7cd6b4abdc36fd985a8b9e4?s=96&d=mm&r=g","contentUrl":"https:\/\/secure.gravatar.com\/avatar\/74446384f79033bbbf711e67d0640ba1208293f1c7cd6b4abdc36fd985a8b9e4?s=96&d=mm&r=g","caption":"Paola Tomasi"}}]}},"_links":{"self":[{"href":"https:\/\/www.centrocliniconemo.it\/en\/wp-json\/wp\/v2\/posts\/23268","targetHints":{"allow":["GET"]}}],"collection":[{"href":"https:\/\/www.centrocliniconemo.it\/en\/wp-json\/wp\/v2\/posts"}],"about":[{"href":"https:\/\/www.centrocliniconemo.it\/en\/wp-json\/wp\/v2\/types\/post"}],"author":[{"embeddable":true,"href":"https:\/\/www.centrocliniconemo.it\/en\/wp-json\/wp\/v2\/users\/3"}],"replies":[{"embeddable":true,"href":"https:\/\/www.centrocliniconemo.it\/en\/wp-json\/wp\/v2\/comments?post=23268"}],"version-history":[{"count":0,"href":"https:\/\/www.centrocliniconemo.it\/en\/wp-json\/wp\/v2\/posts\/23268\/revisions"}],"wp:featuredmedia":[{"embeddable":true,"href":"https:\/\/www.centrocliniconemo.it\/en\/wp-json\/wp\/v2\/media\/23304"}],"wp:attachment":[{"href":"https:\/\/www.centrocliniconemo.it\/en\/wp-json\/wp\/v2\/media?parent=23268"}],"wp:term":[{"taxonomy":"category","embeddable":true,"href":"https:\/\/www.centrocliniconemo.it\/en\/wp-json\/wp\/v2\/categories?post=23268"},{"taxonomy":"post_tag","embeddable":true,"href":"https:\/\/www.centrocliniconemo.it\/en\/wp-json\/wp\/v2\/tags?post=23268"}],"curies":[{"name":"wp","href":"https:\/\/api.w.org\/{rel}","templated":true}]}}