{"id":22918,"date":"2024-12-03T17:28:15","date_gmt":"2024-12-03T17:28:15","guid":{"rendered":"https:\/\/www.centrocliniconemo.it\/blog\/?p=22918"},"modified":"2024-12-03T17:28:19","modified_gmt":"2024-12-03T17:28:19","slug":"lotta-alla-sla-con-aisla-e-centro-clinico-nemo-litalia-e-il-trentino-conquistano-il-panorama-mondiale","status":"publish","type":"post","link":"https:\/\/www.centrocliniconemo.it\/en\/blog\/lotta-alla-sla-con-aisla-e-centro-clinico-nemo-litalia-e-il-trentino-conquistano-il-panorama-mondiale\/","title":{"rendered":"Lotta alla SLA. Con AISLA e Centro Clinico NeMO, l\u2019Italia e il Trentino conquistano il panorama mondiale"},"content":{"rendered":"\n<p><em>3 dicembre 2024 &#8211; <\/em>L&#8217;Italia, e in particolare il Trentino, si \u00e8 guadagnata un importante riconoscimento da parte della pi\u00f9 grande rete mondiale di associazioni che si occupano di SLA. <strong>L&#8217;<a href=\"https:\/\/www.als-mnd.org\">International Alliance of ALS\/MND Associations<\/a><\/strong>, che conta oltre 60 membri provenienti da 40 paesi, <strong>ha nominato il<\/strong> <strong>dott. Riccardo Zuccarino<\/strong>, direttore clinico del <a href=\"https:\/\/www.centrocliniconemo.it\/pazienti\/sedi-nemo\/nemo-trento\/\">Centro NeMO Trento<\/a>, come <strong>delegato AISLA nel Board of Directors<\/strong>. <a href=\"https:\/\/www.aisla.it\/\">AISLA, l&#8217;Associazione Italiana Sclerosi Laterale Amiotrofica<\/a>, \u00e8 socio fondatore dei Centri NeMO e anche di AriSLA, la Fondazione Italiana di Ricerca per la SLA che \u00e8 stata invitata, a sua volta, nel Research Directors&#8217; Forum e che sar\u00e0 rappresentata dalla Responsabile Scientifica, dott.ssa Anna Ambrosini. Queste importanti nomine confermano il ruolo di leadership dell&#8217;Italia nella ricerca scientifica e nell&#8217;assistenza per la SLA.<\/p>\n\n\n\n<figure class=\"wp-block-image size-large\"><img fetchpriority=\"high\" decoding=\"async\" width=\"1024\" height=\"331\" src=\"https:\/\/www.centrocliniconemo.it\/wp-content\/uploads\/2024\/12\/Locandina-ALLIANCE-1024x331.png\" alt=\"\" class=\"wp-image-22919\" srcset=\"https:\/\/www.centrocliniconemo.it\/wp-content\/uploads\/2024\/12\/Locandina-ALLIANCE-1024x331.png 1024w, https:\/\/www.centrocliniconemo.it\/wp-content\/uploads\/2024\/12\/Locandina-ALLIANCE-300x97.png 300w, https:\/\/www.centrocliniconemo.it\/wp-content\/uploads\/2024\/12\/Locandina-ALLIANCE-768x248.png 768w, https:\/\/www.centrocliniconemo.it\/wp-content\/uploads\/2024\/12\/Locandina-ALLIANCE.png 1033w\" sizes=\"(max-width: 1024px) 100vw, 1024px\" \/><\/figure>\n\n\n\n<p>Il ruolo cruciale della presa in carico clinica \u00e8 al centro dell&#8217;incontro internazionale in corso a <strong>Montreal, Canada<\/strong>, che culminer\u00e0 con <strong>il prestigioso <a href=\"https:\/\/symposium.mndassociation.org\">Symposium on ALS\/MND<\/a><\/strong>, l&#8217;evento scientifico pi\u00f9 importante al mondo dedicato alla malattia. Oltre ai rappresentanti delle associazioni di pazienti, pi\u00f9 di 400 ricercatori e professionisti sanitari partecipano all\u2019appuntamento per confrontarsi sulle sfide e i progressi nella conoscenza e nella cura della SLA, con l\u2019attenzione alla complessit\u00e0 della presa in carico dei pazienti. AISLA ha scelto di portare l&#8217;esempio trentino come eccellenza del modello italiano, basato sull&#8217;ascolto e sulla creazione di percorsi personalizzati, integrati con i servizi territoriali e con la comunit\u00e0 scientifica e dei pazienti.\u00a0<\/p>\n\n\n\n<p>Con queste parole <strong>l&#8217;<\/strong><a href=\"https:\/\/www.provincia.tn.it\/Amministrazione\/Organi-politici\/Mario-Tonina\"><strong>Assessore alla Salute e Politiche Sociali della Provincia autonoma di Trento<\/strong>, <strong>Mario Tonina<\/strong><\/a>, commenta l&#8217;assegnazione: &#8220;<em>Il riconoscimento assegnato al dott. Riccardo Zuccarino, direttore clinico del Centro NeMO di Trento, \u00e8 motivo di grande soddisfazione, poich\u00e9 evidenzia il ruolo del nostro territorio come punto di riferimento internazionale nella lotta contro la SLA. Il Centro NeMO Trento rappresenta un esempio virtuoso di integrazione tra ricerca scientifica, presa in carico personalizzata e rete territoriale. Ecco, io ritengo che la nomina del dott. Zuccarino sia il risultato di un impegno corale, che coinvolge istituzioni, associazioni e comunit\u00e0. \u00c8 la dimostrazione che investire in modelli di cura centrati sulle persone e sulle famiglie non solo migliora la qualit\u00e0 della vita dei pazienti, ma ci consente di portare il nostro approccio innovativo al servizio di una sfida che \u00e8 universale. Un ringraziamento speciale va ad AISLA e a tutti i volontari che operano instancabilmente nel nostro territorio. Siamo fieri che il modello trentino venga portato come esempio al Symposium di Montreal, un evento che incarna la cooperazione globale nella lotta alla SLA<\/em>&#8220;.\u00a0<\/p>\n\n\n\n<p><strong>Dal 2021<\/strong>, il NeMO Trento \u00e8 operativo all&#8217;Ospedale &#8220;Villa Rosa&#8221; di <a href=\"https:\/\/www.comune.pergine.tn.it\/\">Pergine Valsugana<\/a>. Nel corso di questi anni, il Centro ha accolto <strong>oltre 1.500 pazienti, di cui pi\u00f9 di 800 affetti da SLA e ben il 43% provenienti da fuori Provincia<\/strong>, diventando un punto di riferimento anche per il Triveneto. A guidare il centro \u00e8 il dott. Riccardo Zuccarino, fisiatra con oltre vent\u2019anni di esperienza nella cura e nella ricerca sulle malattie neuromuscolari, con particolare focus sulla SLA. La sua visione della riabilitazione come &#8220;riabilitazione alla vita&#8221; si riflette anche nel suo ruolo di esperto presso il Centro di Ascolto AISLA<strong>. Il dott. Zuccarino <\/strong>commenta cos\u00ec la nomina: &#8220;<em>Il mio incontro con il mondo delle malattie neuromuscolari \u00e8 stato amore a prima vista sin dai tempi della specializzazione e da allora non l&#8217;ho mai abbandonato. La scelta del Centro Clinico NeMO e di AISLA rappresentano per me l&#8217;essenza della cura dei pazienti e delle loro famiglie. Nel contesto internazionale, credo che il nostro modello, basato su una vera alleanza tra pazienti, clinici, ricercatori e istituzioni, possa contribuire a rispondere in modo sempre pi\u00f9 efficace ai bisogni delle famiglie, lavorando per garantire a tutti il diritto di accesso alle cure<\/em>&#8220;.<\/p>\n\n\n<div class=\"pgc-sgb-cb wp-block-pgcsimplygalleryblock-slider \" data-gallery-id=\"b4b74759\"style=&quot;min-height:400px&quot;><div class=\"sgb-preloader\" id=\"pr_b4b74759\">\n\t<div class=\"sgb-square\" style=\"background:#d4d4d4\"><\/div>\n\t<div class=\"sgb-square\" style=\"background:#d4d4d4\"><\/div>\n\t<div class=\"sgb-square\" style=\"background:#d4d4d4\"><\/div>\n\t<div class=\"sgb-square\" style=\"background:#d4d4d4\"><\/div><\/div><div class=\"simply-gallery-amp pgc_sgb_slider \"><noscript><div class=\"sgb-gallery\"><div class=\"sgb-item\"><a href=\"https:\/\/www.centrocliniconemo.it\/?attachment_id=22923\" target=\"_blank\"><img loading=\"lazy\" decoding=\"async\" alt=\"\" width=\"256\" height=\"300\" loading=\"lazy\" src=\"https:\/\/www.centrocliniconemo.it\/wp-content\/uploads\/2024\/12\/dott.-Zuccarino-e-dott.ssa-Ambrosini_-256x300.jpg\" srcset=\"https:\/\/www.centrocliniconemo.it\/wp-content\/uploads\/2024\/12\/dott.-Zuccarino-e-dott.ssa-Ambrosini_-256x300.jpg 256w,https:\/\/www.centrocliniconemo.it\/wp-content\/uploads\/2024\/12\/dott.-Zuccarino-e-dott.ssa-Ambrosini_.jpg 746w\" sizes=\"auto, 250px\"\/><\/a><\/div><div class=\"sgb-item\"><a href=\"https:\/\/www.centrocliniconemo.it\/?attachment_id=22925\" target=\"_blank\"><img loading=\"lazy\" decoding=\"async\" alt=\"\" width=\"300\" height=\"225\" loading=\"lazy\" src=\"https:\/\/www.centrocliniconemo.it\/wp-content\/uploads\/2024\/12\/Board-of-Director-2-dicembre-2024-300x225.jpg\" srcset=\"https:\/\/www.centrocliniconemo.it\/wp-content\/uploads\/2024\/12\/Board-of-Director-2-dicembre-2024-300x225.jpg 300w,https:\/\/www.centrocliniconemo.it\/wp-content\/uploads\/2024\/12\/Board-of-Director-2-dicembre-2024-1024x768.jpg 1024w,https:\/\/www.centrocliniconemo.it\/wp-content\/uploads\/2024\/12\/Board-of-Director-2-dicembre-2024.jpg 1600w\" sizes=\"auto, 250px\"\/><\/a><\/div><div class=\"sgb-item\"><a href=\"https:\/\/www.centrocliniconemo.it\/?attachment_id=22927\" target=\"_blank\"><img loading=\"lazy\" decoding=\"async\" alt=\"\" width=\"292\" height=\"300\" loading=\"lazy\" src=\"https:\/\/www.centrocliniconemo.it\/wp-content\/uploads\/2024\/12\/AISLA-TAA.-Da-sx-Sonia-Pruner-Chiara-Malagnini-Francesca-Valdini-Alessandra-Coser-292x300.png\" srcset=\"https:\/\/www.centrocliniconemo.it\/wp-content\/uploads\/2024\/12\/AISLA-TAA.-Da-sx-Sonia-Pruner-Chiara-Malagnini-Francesca-Valdini-Alessandra-Coser-292x300.png 292w,https:\/\/www.centrocliniconemo.it\/wp-content\/uploads\/2024\/12\/AISLA-TAA.-Da-sx-Sonia-Pruner-Chiara-Malagnini-Francesca-Valdini-Alessandra-Coser.png 634w\" sizes=\"auto, 250px\"\/><\/a><\/div><div class=\"sgb-item\"><a href=\"https:\/\/www.centrocliniconemo.it\/?attachment_id=22921\" target=\"_blank\"><img loading=\"lazy\" decoding=\"async\" alt=\"\" width=\"300\" height=\"250\" loading=\"lazy\" src=\"https:\/\/www.centrocliniconemo.it\/wp-content\/uploads\/2024\/12\/Riccardo-Zuccarino-allInternational-300x250.png\" srcset=\"https:\/\/www.centrocliniconemo.it\/wp-content\/uploads\/2024\/12\/Riccardo-Zuccarino-allInternational-300x250.png 300w,https:\/\/www.centrocliniconemo.it\/wp-content\/uploads\/2024\/12\/Riccardo-Zuccarino-allInternational-1024x852.png 1024w,https:\/\/www.centrocliniconemo.it\/wp-content\/uploads\/2024\/12\/Riccardo-Zuccarino-allInternational.png 1173w\" sizes=\"auto, 250px\"\/><\/a><\/div><\/div><\/noscript><\/div><script type=\"application\/json\" class=\"sgb-data\">{\"sliderAdminWidth\":1038,\"galleryType\":\"pgc_sgb_slider\",\"galleryId\":\"b4b74759\",\"images\":[{\"id\":22923,\"title\":\"dott. Zuccarino e dott.ssa Ambrosini_\",\"url\":\"https:\/\/www.centrocliniconemo.it\/wp-content\/uploads\/2024\/12\/dott.-Zuccarino-e-dott.ssa-Ambrosini_.jpg\",\"link\":\"https:\/\/www.centrocliniconemo.it\/?attachment_id=22923\",\"alt\":\"\",\"description\":\"\",\"caption\":\"\",\"mime\":\"image\/jpeg\",\"type\":\"image\",\"width\":746,\"height\":873,\"sizes\":{\"thumbnail\":{\"height\":150,\"width\":150,\"url\":\"https:\/\/www.centrocliniconemo.it\/wp-content\/uploads\/2024\/12\/dott.-Zuccarino-e-dott.ssa-Ambrosini_-150x150.jpg\",\"orientation\":\"landscape\"},\"medium\":{\"height\":300,\"width\":256,\"url\":\"https:\/\/www.centrocliniconemo.it\/wp-content\/uploads\/2024\/12\/dott.-Zuccarino-e-dott.ssa-Ambrosini_-256x300.jpg\",\"orientation\":\"portrait\"},\"full\":{\"url\":\"https:\/\/www.centrocliniconemo.it\/wp-content\/uploads\/2024\/12\/dott.-Zuccarino-e-dott.ssa-Ambrosini_.jpg\",\"height\":873,\"width\":746,\"orientation\":\"portrait\"}},\"imageMeta\":{\"aperture\":\"0\",\"credit\":\"\",\"camera\":\"\",\"caption\":\"\",\"created_timestamp\":\"0\",\"copyright\":\"\",\"focal_length\":\"0\",\"iso\":\"0\",\"shutter_speed\":\"0\",\"title\":\"\",\"orientation\":\"1\",\"keywords\":[]},\"meta\":false,\"postlink\":\"https:\/\/www.centrocliniconemo.it\/?attachment_id=22923\"},{\"id\":22925,\"title\":\"Board of Director 2 dicembre 2024\",\"url\":\"https:\/\/www.centrocliniconemo.it\/wp-content\/uploads\/2024\/12\/Board-of-Director-2-dicembre-2024.jpg\",\"link\":\"https:\/\/www.centrocliniconemo.it\/?attachment_id=22925\",\"alt\":\"\",\"description\":\"\",\"caption\":\"\",\"mime\":\"image\/jpeg\",\"type\":\"image\",\"width\":1600,\"height\":1200,\"sizes\":{\"thumbnail\":{\"height\":150,\"width\":150,\"url\":\"https:\/\/www.centrocliniconemo.it\/wp-content\/uploads\/2024\/12\/Board-of-Director-2-dicembre-2024-150x150.jpg\",\"orientation\":\"landscape\"},\"medium\":{\"height\":225,\"width\":300,\"url\":\"https:\/\/www.centrocliniconemo.it\/wp-content\/uploads\/2024\/12\/Board-of-Director-2-dicembre-2024-300x225.jpg\",\"orientation\":\"landscape\"},\"large\":{\"height\":768,\"width\":1024,\"url\":\"https:\/\/www.centrocliniconemo.it\/wp-content\/uploads\/2024\/12\/Board-of-Director-2-dicembre-2024-1024x768.jpg\",\"orientation\":\"landscape\"},\"full\":{\"url\":\"https:\/\/www.centrocliniconemo.it\/wp-content\/uploads\/2024\/12\/Board-of-Director-2-dicembre-2024.jpg\",\"height\":1200,\"width\":1600,\"orientation\":\"landscape\"}},\"imageMeta\":{\"aperture\":\"0\",\"credit\":\"\",\"camera\":\"\",\"caption\":\"\",\"created_timestamp\":\"0\",\"copyright\":\"\",\"focal_length\":\"0\",\"iso\":\"0\",\"shutter_speed\":\"0\",\"title\":\"\",\"orientation\":\"0\",\"keywords\":[]},\"meta\":false,\"postlink\":\"https:\/\/www.centrocliniconemo.it\/?attachment_id=22925\"},{\"id\":22927,\"title\":\"AISLA TAA. Da sx, Sonia Pruner, Chiara Malagnini, Francesca Valdini, Alessandra Coser\",\"url\":\"https:\/\/www.centrocliniconemo.it\/wp-content\/uploads\/2024\/12\/AISLA-TAA.-Da-sx-Sonia-Pruner-Chiara-Malagnini-Francesca-Valdini-Alessandra-Coser.png\",\"link\":\"https:\/\/www.centrocliniconemo.it\/?attachment_id=22927\",\"alt\":\"\",\"description\":\"\",\"caption\":\"\",\"mime\":\"image\/png\",\"type\":\"image\",\"width\":634,\"height\":652,\"sizes\":{\"thumbnail\":{\"height\":150,\"width\":150,\"url\":\"https:\/\/www.centrocliniconemo.it\/wp-content\/uploads\/2024\/12\/AISLA-TAA.-Da-sx-Sonia-Pruner-Chiara-Malagnini-Francesca-Valdini-Alessandra-Coser-150x150.png\",\"orientation\":\"landscape\"},\"medium\":{\"height\":300,\"width\":292,\"url\":\"https:\/\/www.centrocliniconemo.it\/wp-content\/uploads\/2024\/12\/AISLA-TAA.-Da-sx-Sonia-Pruner-Chiara-Malagnini-Francesca-Valdini-Alessandra-Coser-292x300.png\",\"orientation\":\"portrait\"},\"full\":{\"url\":\"https:\/\/www.centrocliniconemo.it\/wp-content\/uploads\/2024\/12\/AISLA-TAA.-Da-sx-Sonia-Pruner-Chiara-Malagnini-Francesca-Valdini-Alessandra-Coser.png\",\"height\":652,\"width\":634,\"orientation\":\"portrait\"}},\"imageMeta\":{\"aperture\":\"0\",\"credit\":\"\",\"camera\":\"\",\"caption\":\"\",\"created_timestamp\":\"0\",\"copyright\":\"\",\"focal_length\":\"0\",\"iso\":\"0\",\"shutter_speed\":\"0\",\"title\":\"\",\"orientation\":\"0\",\"keywords\":[]},\"meta\":false,\"postlink\":\"https:\/\/www.centrocliniconemo.it\/?attachment_id=22927\"},{\"id\":22921,\"title\":\"Riccardo Zuccarino all'International\",\"url\":\"https:\/\/www.centrocliniconemo.it\/wp-content\/uploads\/2024\/12\/Riccardo-Zuccarino-allInternational.png\",\"link\":\"https:\/\/www.centrocliniconemo.it\/?attachment_id=22921\",\"alt\":\"\",\"description\":\"\",\"caption\":\"\",\"mime\":\"image\/png\",\"type\":\"image\",\"width\":1173,\"height\":976,\"sizes\":{\"thumbnail\":{\"height\":150,\"width\":150,\"url\":\"https:\/\/www.centrocliniconemo.it\/wp-content\/uploads\/2024\/12\/Riccardo-Zuccarino-allInternational-150x150.png\",\"orientation\":\"landscape\"},\"medium\":{\"height\":250,\"width\":300,\"url\":\"https:\/\/www.centrocliniconemo.it\/wp-content\/uploads\/2024\/12\/Riccardo-Zuccarino-allInternational-300x250.png\",\"orientation\":\"landscape\"},\"large\":{\"height\":852,\"width\":1024,\"url\":\"https:\/\/www.centrocliniconemo.it\/wp-content\/uploads\/2024\/12\/Riccardo-Zuccarino-allInternational-1024x852.png\",\"orientation\":\"landscape\"},\"full\":{\"url\":\"https:\/\/www.centrocliniconemo.it\/wp-content\/uploads\/2024\/12\/Riccardo-Zuccarino-allInternational.png\",\"height\":976,\"width\":1173,\"orientation\":\"landscape\"}},\"imageMeta\":{\"aperture\":\"0\",\"credit\":\"\",\"camera\":\"\",\"caption\":\"\",\"created_timestamp\":\"0\",\"copyright\":\"\",\"focal_length\":\"0\",\"iso\":\"0\",\"shutter_speed\":\"0\",\"title\":\"\",\"orientation\":\"0\",\"keywords\":[]},\"meta\":false,\"postlink\":\"https:\/\/www.centrocliniconemo.it\/?attachment_id=22921\"}],\"jetDynamicVisibility\":{\"jedv_enabled\":false},\"jetPopupInstance\":\"none\",\"jetPopupTriggerType\":\"none\",\"jetPopupCustomSelector\":\"\",\"jetPopupIsJetEngine\":false,\"itemsMetaDataCollection\":[]}<\/script><script>(function(){if(window.PGC_SGB && window.PGC_SGB.searcher){window.PGC_SGB.searcher.initBlocks()}})()<\/script><\/div>\n\n\n<p>Con il motto &#8220;<em>Ci muoviamo per chi non pu\u00f2 muoversi e diamo voce a chi non ne ha<\/em>&#8220;, <strong><a href=\"segreteria@aislatrentinoaltoadige.it\">i volontari di AISLA operano nel Trentino da 15 anni<\/a><\/strong>: familiari, medici e operatori che si dedicano quotidianamente all&#8217;assistenza e alla cura di coloro che affrontano la malattia. Tra le numerose iniziative, una collaborazione particolarmente <strong>significativa \u00e8 quella tra AISLA e <a href=\"https:\/\/www.sparkasse.it\">Sparkasse-Cassa di Risparmio di Bolzano<\/a><\/strong>, che ha dato il via a un&#8217;azione di beneficenza in corso nelle ultime settimane. Ogni volta che si effettua un prelievo presso gli sportelli Bancomat \u00e8 possibile donare 1 euro. I fondi raccolti saranno destinati all\u2019acquisto di un macchinario biomedicale necessario proprio al Centro NeMO Trento.\u00a0<\/p>\n\n\n\n<p>Alla vigilia della Giornata Internazionale del Volontariato, che si celebra in tutto il mondo il 5 dicembre<strong>, la referente di AISLA Trentino Aldo-Adige<\/strong>, <strong>Francesca Valdini, <\/strong>dichiara: \u201c<em>Crediamo fortemente nella forza moltiplicatrice del fare rete e di essere comunit\u00e0. Il nostro obiettivo principale \u00e8 far s\u00ec che nessuna famiglia della nostra Provincia provi quella solitudine che purtroppo accompagna spesso la malattia<\/em>\u201d. Una consapevolezza che ha connotato anche il riconoscimento da parte dell\u2019Alleanza mondiale.&nbsp; &#8220;Accogliamo c<em>on grande senso di responsabilit\u00e0 la nostra presenza nell\u2019Alleanza. &#8211; <\/em><strong>conclude Fulvia Massimelli, Presidente Nazionale AISLA<\/strong> &#8211;<em> \u00c8 la conferma che il modello italiano, fondato sull\u2019ascolto e sulla continuit\u00e0 tra cura e ricerca, rappresenta una risposta concreta alla malattia. Grazie all&#8217;esperienza del dott. Zuccarino, continueremo a portare il nostro contributo nel dibattito internazionale, consapevoli che la SLA pu\u00f2 essere affrontata e sconfitta solo attraverso la costruzione di reti e sinergie di collaborazione a livello globale<\/em>&#8220;.&nbsp;<\/p>\n","protected":false},"excerpt":{"rendered":"<p>3 dicembre 2024 &#8211; L&#8217;Italia, e in particolare il Trentino, si \u00e8 guadagnata un importante riconoscimento da parte della pi\u00f9 grande rete mondiale di associazioni che si occupano di SLA. L&#8217;International Alliance of ALS\/MND Associations, che conta oltre 60 membri provenienti da 40 paesi, ha nominato il dott. Riccardo Zuccarino, direttore clinico del Centro NeMO [&hellip;]<\/p>\n","protected":false},"author":2,"featured_media":22921,"comment_status":"closed","ping_status":"closed","sticky":false,"template":"","format":"standard","meta":{"pgc_sgb_lightbox_settings":"","footnotes":""},"categories":[28,17],"tags":[200,240,25],"class_list":["post-22918","post","type-post","status-publish","format-standard","has-post-thumbnail","hentry","category-cura-ricerca-e-formazione","category-iniziative-ed-eventi","tag-aisla","tag-international-alliance-of-als-mnd-associations","tag-nemo-trento"],"yoast_head":"<!-- This site is optimized with the Yoast SEO plugin v27.4 - https:\/\/yoast.com\/product\/yoast-seo-wordpress\/ -->\n<title>Lotta alla SLA. Con AISLA e Centro Clinico NeMO, l\u2019Italia e il Trentino conquistano il panorama mondiale - Centro Clinico NeMO<\/title>\n<meta name=\"description\" content=\"3 dicembre 2024 - L&#039;Italia, e in particolare il Trentino, si \u00e8 guadagnata un importante riconoscimento da parte della pi\u00f9 grande rete mondiale di associazioni che si occupano di SLA. L&#039;International Alliance of ALS\/MND Associations, che conta oltre 60 membri provenienti da 40 paesi, ha nominato il dott. Riccardo Zuccarino, direttore clinico del Centro NeMO Trento, come delegato AISLA nel Board of Directors.\" \/>\n<meta name=\"robots\" content=\"index, follow, max-snippet:-1, max-image-preview:large, max-video-preview:-1\" \/>\n<link rel=\"canonical\" href=\"https:\/\/www.centrocliniconemo.it\/en\/blog\/lotta-alla-sla-con-aisla-e-centro-clinico-nemo-litalia-e-il-trentino-conquistano-il-panorama-mondiale\/\" \/>\n<meta property=\"og:locale\" content=\"en_US\" \/>\n<meta property=\"og:type\" content=\"article\" \/>\n<meta property=\"og:title\" content=\"Lotta alla SLA. Con AISLA e Centro NeMO, l\u2019Italia e il Trentino conquistano il panorama mondiale\" \/>\n<meta property=\"og:description\" content=\"L&#039;Italia, e in particolare il Trentino, si \u00e8 guadagnata un importante riconoscimento da parte della pi\u00f9 grande rete mondiale di associazioni che si occupano di SLA. L&#039;International Alliance of ALS\/MND Associations, che conta oltre 60 membri provenienti da 40 paesi, ha nominato il dott. Riccardo Zuccarino, direttore clinico del Centro NeMO Trento, come delegato AISLA nel Board of Directors.\" \/>\n<meta property=\"og:url\" content=\"https:\/\/www.centrocliniconemo.it\/en\/blog\/lotta-alla-sla-con-aisla-e-centro-clinico-nemo-litalia-e-il-trentino-conquistano-il-panorama-mondiale\/\" \/>\n<meta property=\"og:site_name\" content=\"Centro Clinico NeMO\" \/>\n<meta property=\"article:publisher\" content=\"https:\/\/www.facebook.com\/CentroNEMOItalia\" \/>\n<meta property=\"article:published_time\" content=\"2024-12-03T17:28:15+00:00\" \/>\n<meta property=\"article:modified_time\" content=\"2024-12-03T17:28:19+00:00\" \/>\n<meta property=\"og:image\" content=\"https:\/\/www.centrocliniconemo.it\/wp-content\/uploads\/2024\/12\/Riccardo-Zuccarino-allInternational.png\" \/>\n\t<meta property=\"og:image:width\" content=\"1173\" \/>\n\t<meta property=\"og:image:height\" content=\"976\" \/>\n\t<meta property=\"og:image:type\" content=\"image\/png\" \/>\n<meta name=\"author\" content=\"Luca Biondi\" \/>\n<meta name=\"twitter:card\" content=\"summary_large_image\" \/>\n<meta name=\"twitter:title\" content=\"Lotta alla SLA. Con AISLA e Centro NeMO, l\u2019Italia e il Trentino conquistano il panorama mondiale\" \/>\n<meta name=\"twitter:description\" content=\"L&#039;Italia, e in particolare il Trentino, si \u00e8 guadagnata un importante riconoscimento da parte della pi\u00f9 grande rete mondiale di associazioni che si occupano di SLA. L&#039;International Alliance of ALS\/MND Associations, che conta oltre 60 membri provenienti da 40 paesi, ha nominato il dott. Riccardo Zuccarino, direttore clinico del Centro NeMO Trento, come delegato AISLA nel Board of Directors.\" \/>\n<meta name=\"twitter:image\" content=\"https:\/\/www.centrocliniconemo.it\/wp-content\/uploads\/2024\/12\/Riccardo-Zuccarino-allInternational.png\" \/>\n<meta name=\"twitter:creator\" content=\"@CentroNemo\" \/>\n<meta name=\"twitter:site\" content=\"@CentroNemo\" \/>\n<meta name=\"twitter:label1\" content=\"Written by\" \/>\n\t<meta name=\"twitter:data1\" content=\"Luca Biondi\" \/>\n\t<meta name=\"twitter:label2\" content=\"Est. reading time\" \/>\n\t<meta name=\"twitter:data2\" content=\"6 minutes\" \/>\n<script type=\"application\/ld+json\" class=\"yoast-schema-graph\">{\"@context\":\"https:\\\/\\\/schema.org\",\"@graph\":[{\"@type\":\"Article\",\"@id\":\"https:\\\/\\\/www.centrocliniconemo.it\\\/en\\\/blog\\\/lotta-alla-sla-con-aisla-e-centro-clinico-nemo-litalia-e-il-trentino-conquistano-il-panorama-mondiale\\\/#article\",\"isPartOf\":{\"@id\":\"https:\\\/\\\/www.centrocliniconemo.it\\\/en\\\/blog\\\/lotta-alla-sla-con-aisla-e-centro-clinico-nemo-litalia-e-il-trentino-conquistano-il-panorama-mondiale\\\/\"},\"author\":{\"name\":\"Luca Biondi\",\"@id\":\"https:\\\/\\\/www.centrocliniconemo.it\\\/en\\\/#\\\/schema\\\/person\\\/9331a87c0a8ee435c61f5dd498531434\"},\"headline\":\"Lotta alla SLA. Con AISLA e Centro Clinico NeMO, l\u2019Italia e il Trentino conquistano il panorama mondiale\",\"datePublished\":\"2024-12-03T17:28:15+00:00\",\"dateModified\":\"2024-12-03T17:28:19+00:00\",\"mainEntityOfPage\":{\"@id\":\"https:\\\/\\\/www.centrocliniconemo.it\\\/en\\\/blog\\\/lotta-alla-sla-con-aisla-e-centro-clinico-nemo-litalia-e-il-trentino-conquistano-il-panorama-mondiale\\\/\"},\"wordCount\":890,\"publisher\":{\"@id\":\"https:\\\/\\\/www.centrocliniconemo.it\\\/en\\\/#organization\"},\"image\":{\"@id\":\"https:\\\/\\\/www.centrocliniconemo.it\\\/en\\\/blog\\\/lotta-alla-sla-con-aisla-e-centro-clinico-nemo-litalia-e-il-trentino-conquistano-il-panorama-mondiale\\\/#primaryimage\"},\"thumbnailUrl\":\"https:\\\/\\\/www.centrocliniconemo.it\\\/wp-content\\\/uploads\\\/2024\\\/12\\\/Riccardo-Zuccarino-allInternational.png\",\"keywords\":[\"Aisla\",\"International Alliance of ALS\\\/MND Associations\",\"NeMO Trento\"],\"articleSection\":[\"Cura, ricerca e formazione\",\"Iniziative ed eventi\"],\"inLanguage\":\"en-US\"},{\"@type\":\"WebPage\",\"@id\":\"https:\\\/\\\/www.centrocliniconemo.it\\\/en\\\/blog\\\/lotta-alla-sla-con-aisla-e-centro-clinico-nemo-litalia-e-il-trentino-conquistano-il-panorama-mondiale\\\/\",\"url\":\"https:\\\/\\\/www.centrocliniconemo.it\\\/en\\\/blog\\\/lotta-alla-sla-con-aisla-e-centro-clinico-nemo-litalia-e-il-trentino-conquistano-il-panorama-mondiale\\\/\",\"name\":\"Lotta alla SLA. Con AISLA e Centro Clinico NeMO, l\u2019Italia e il Trentino conquistano il panorama mondiale - Centro Clinico NeMO\",\"isPartOf\":{\"@id\":\"https:\\\/\\\/www.centrocliniconemo.it\\\/en\\\/#website\"},\"primaryImageOfPage\":{\"@id\":\"https:\\\/\\\/www.centrocliniconemo.it\\\/en\\\/blog\\\/lotta-alla-sla-con-aisla-e-centro-clinico-nemo-litalia-e-il-trentino-conquistano-il-panorama-mondiale\\\/#primaryimage\"},\"image\":{\"@id\":\"https:\\\/\\\/www.centrocliniconemo.it\\\/en\\\/blog\\\/lotta-alla-sla-con-aisla-e-centro-clinico-nemo-litalia-e-il-trentino-conquistano-il-panorama-mondiale\\\/#primaryimage\"},\"thumbnailUrl\":\"https:\\\/\\\/www.centrocliniconemo.it\\\/wp-content\\\/uploads\\\/2024\\\/12\\\/Riccardo-Zuccarino-allInternational.png\",\"datePublished\":\"2024-12-03T17:28:15+00:00\",\"dateModified\":\"2024-12-03T17:28:19+00:00\",\"description\":\"3 dicembre 2024 - L'Italia, e in particolare il Trentino, si \u00e8 guadagnata un importante riconoscimento da parte della pi\u00f9 grande rete mondiale di associazioni che si occupano di SLA. L'International Alliance of ALS\\\/MND Associations, che conta oltre 60 membri provenienti da 40 paesi, ha nominato il dott. Riccardo Zuccarino, direttore clinico del Centro NeMO Trento, come delegato AISLA nel Board of Directors.\",\"breadcrumb\":{\"@id\":\"https:\\\/\\\/www.centrocliniconemo.it\\\/en\\\/blog\\\/lotta-alla-sla-con-aisla-e-centro-clinico-nemo-litalia-e-il-trentino-conquistano-il-panorama-mondiale\\\/#breadcrumb\"},\"inLanguage\":\"en-US\",\"potentialAction\":[{\"@type\":\"ReadAction\",\"target\":[\"https:\\\/\\\/www.centrocliniconemo.it\\\/en\\\/blog\\\/lotta-alla-sla-con-aisla-e-centro-clinico-nemo-litalia-e-il-trentino-conquistano-il-panorama-mondiale\\\/\"]}]},{\"@type\":\"ImageObject\",\"inLanguage\":\"en-US\",\"@id\":\"https:\\\/\\\/www.centrocliniconemo.it\\\/en\\\/blog\\\/lotta-alla-sla-con-aisla-e-centro-clinico-nemo-litalia-e-il-trentino-conquistano-il-panorama-mondiale\\\/#primaryimage\",\"url\":\"https:\\\/\\\/www.centrocliniconemo.it\\\/wp-content\\\/uploads\\\/2024\\\/12\\\/Riccardo-Zuccarino-allInternational.png\",\"contentUrl\":\"https:\\\/\\\/www.centrocliniconemo.it\\\/wp-content\\\/uploads\\\/2024\\\/12\\\/Riccardo-Zuccarino-allInternational.png\",\"width\":1173,\"height\":976},{\"@type\":\"BreadcrumbList\",\"@id\":\"https:\\\/\\\/www.centrocliniconemo.it\\\/en\\\/blog\\\/lotta-alla-sla-con-aisla-e-centro-clinico-nemo-litalia-e-il-trentino-conquistano-il-panorama-mondiale\\\/#breadcrumb\",\"itemListElement\":[{\"@type\":\"ListItem\",\"position\":1,\"name\":\"Home\",\"item\":\"https:\\\/\\\/www.centrocliniconemo.it\\\/en\\\/\"},{\"@type\":\"ListItem\",\"position\":2,\"name\":\"Lotta alla SLA. Con AISLA e Centro Clinico NeMO, l\u2019Italia e il Trentino conquistano il panorama mondiale\"}]},{\"@type\":\"WebSite\",\"@id\":\"https:\\\/\\\/www.centrocliniconemo.it\\\/en\\\/#website\",\"url\":\"https:\\\/\\\/www.centrocliniconemo.it\\\/en\\\/\",\"name\":\"Centro Clinico NeMO\",\"description\":\"Il paziente al centro\",\"publisher\":{\"@id\":\"https:\\\/\\\/www.centrocliniconemo.it\\\/en\\\/#organization\"},\"potentialAction\":[{\"@type\":\"SearchAction\",\"target\":{\"@type\":\"EntryPoint\",\"urlTemplate\":\"https:\\\/\\\/www.centrocliniconemo.it\\\/en\\\/?s={search_term_string}\"},\"query-input\":{\"@type\":\"PropertyValueSpecification\",\"valueRequired\":true,\"valueName\":\"search_term_string\"}}],\"inLanguage\":\"en-US\"},{\"@type\":\"Organization\",\"@id\":\"https:\\\/\\\/www.centrocliniconemo.it\\\/en\\\/#organization\",\"name\":\"Centro Clinico NeMO - Fondazione Serena Onlus\",\"url\":\"https:\\\/\\\/www.centrocliniconemo.it\\\/en\\\/\",\"logo\":{\"@type\":\"ImageObject\",\"inLanguage\":\"en-US\",\"@id\":\"https:\\\/\\\/www.centrocliniconemo.it\\\/en\\\/#\\\/schema\\\/logo\\\/image\\\/\",\"url\":\"https:\\\/\\\/www.centrocliniconemo.it\\\/wp-content\\\/uploads\\\/2023\\\/03\\\/logo-nemo.svg\",\"contentUrl\":\"https:\\\/\\\/www.centrocliniconemo.it\\\/wp-content\\\/uploads\\\/2023\\\/03\\\/logo-nemo.svg\",\"width\":272,\"height\":109.142,\"caption\":\"Centro Clinico NeMO - Fondazione Serena Onlus\"},\"image\":{\"@id\":\"https:\\\/\\\/www.centrocliniconemo.it\\\/en\\\/#\\\/schema\\\/logo\\\/image\\\/\"},\"sameAs\":[\"https:\\\/\\\/www.facebook.com\\\/CentroNEMOItalia\",\"https:\\\/\\\/x.com\\\/CentroNemo\",\"https:\\\/\\\/www.linkedin.com\\\/company\\\/centrocliniconemo\\\/\",\"https:\\\/\\\/www.instagram.com\\\/centrocliniconemo\\\/\"]},{\"@type\":\"Person\",\"@id\":\"https:\\\/\\\/www.centrocliniconemo.it\\\/en\\\/#\\\/schema\\\/person\\\/9331a87c0a8ee435c61f5dd498531434\",\"name\":\"Luca Biondi\",\"image\":{\"@type\":\"ImageObject\",\"inLanguage\":\"en-US\",\"@id\":\"https:\\\/\\\/secure.gravatar.com\\\/avatar\\\/0488b88829885ebcc9896de947265b69d2979e6dc4666b1e2c3d4fbf8dc73d77?s=96&d=mm&r=g\",\"url\":\"https:\\\/\\\/secure.gravatar.com\\\/avatar\\\/0488b88829885ebcc9896de947265b69d2979e6dc4666b1e2c3d4fbf8dc73d77?s=96&d=mm&r=g\",\"contentUrl\":\"https:\\\/\\\/secure.gravatar.com\\\/avatar\\\/0488b88829885ebcc9896de947265b69d2979e6dc4666b1e2c3d4fbf8dc73d77?s=96&d=mm&r=g\",\"caption\":\"Luca Biondi\"}}]}<\/script>\n<!-- \/ Yoast SEO plugin. -->","yoast_head_json":{"title":"Lotta alla SLA. Con AISLA e Centro Clinico NeMO, l\u2019Italia e il Trentino conquistano il panorama mondiale - Centro Clinico NeMO","description":"3 dicembre 2024 - L'Italia, e in particolare il Trentino, si \u00e8 guadagnata un importante riconoscimento da parte della pi\u00f9 grande rete mondiale di associazioni che si occupano di SLA. L'International Alliance of ALS\/MND Associations, che conta oltre 60 membri provenienti da 40 paesi, ha nominato il dott. Riccardo Zuccarino, direttore clinico del Centro NeMO Trento, come delegato AISLA nel Board of Directors.","robots":{"index":"index","follow":"follow","max-snippet":"max-snippet:-1","max-image-preview":"max-image-preview:large","max-video-preview":"max-video-preview:-1"},"canonical":"https:\/\/www.centrocliniconemo.it\/en\/blog\/lotta-alla-sla-con-aisla-e-centro-clinico-nemo-litalia-e-il-trentino-conquistano-il-panorama-mondiale\/","og_locale":"en_US","og_type":"article","og_title":"Lotta alla SLA. Con AISLA e Centro NeMO, l\u2019Italia e il Trentino conquistano il panorama mondiale","og_description":"L'Italia, e in particolare il Trentino, si \u00e8 guadagnata un importante riconoscimento da parte della pi\u00f9 grande rete mondiale di associazioni che si occupano di SLA. L'International Alliance of ALS\/MND Associations, che conta oltre 60 membri provenienti da 40 paesi, ha nominato il dott. Riccardo Zuccarino, direttore clinico del Centro NeMO Trento, come delegato AISLA nel Board of Directors.","og_url":"https:\/\/www.centrocliniconemo.it\/en\/blog\/lotta-alla-sla-con-aisla-e-centro-clinico-nemo-litalia-e-il-trentino-conquistano-il-panorama-mondiale\/","og_site_name":"Centro Clinico NeMO","article_publisher":"https:\/\/www.facebook.com\/CentroNEMOItalia","article_published_time":"2024-12-03T17:28:15+00:00","article_modified_time":"2024-12-03T17:28:19+00:00","og_image":[{"width":1173,"height":976,"url":"https:\/\/www.centrocliniconemo.it\/wp-content\/uploads\/2024\/12\/Riccardo-Zuccarino-allInternational.png","type":"image\/png"}],"author":"Luca Biondi","twitter_card":"summary_large_image","twitter_title":"Lotta alla SLA. Con AISLA e Centro NeMO, l\u2019Italia e il Trentino conquistano il panorama mondiale","twitter_description":"L'Italia, e in particolare il Trentino, si \u00e8 guadagnata un importante riconoscimento da parte della pi\u00f9 grande rete mondiale di associazioni che si occupano di SLA. L'International Alliance of ALS\/MND Associations, che conta oltre 60 membri provenienti da 40 paesi, ha nominato il dott. Riccardo Zuccarino, direttore clinico del Centro NeMO Trento, come delegato AISLA nel Board of Directors.","twitter_image":"https:\/\/www.centrocliniconemo.it\/wp-content\/uploads\/2024\/12\/Riccardo-Zuccarino-allInternational.png","twitter_creator":"@CentroNemo","twitter_site":"@CentroNemo","twitter_misc":{"Written by":"Luca Biondi","Est. reading time":"6 minutes"},"schema":{"@context":"https:\/\/schema.org","@graph":[{"@type":"Article","@id":"https:\/\/www.centrocliniconemo.it\/en\/blog\/lotta-alla-sla-con-aisla-e-centro-clinico-nemo-litalia-e-il-trentino-conquistano-il-panorama-mondiale\/#article","isPartOf":{"@id":"https:\/\/www.centrocliniconemo.it\/en\/blog\/lotta-alla-sla-con-aisla-e-centro-clinico-nemo-litalia-e-il-trentino-conquistano-il-panorama-mondiale\/"},"author":{"name":"Luca Biondi","@id":"https:\/\/www.centrocliniconemo.it\/en\/#\/schema\/person\/9331a87c0a8ee435c61f5dd498531434"},"headline":"Lotta alla SLA. Con AISLA e Centro Clinico NeMO, l\u2019Italia e il Trentino conquistano il panorama mondiale","datePublished":"2024-12-03T17:28:15+00:00","dateModified":"2024-12-03T17:28:19+00:00","mainEntityOfPage":{"@id":"https:\/\/www.centrocliniconemo.it\/en\/blog\/lotta-alla-sla-con-aisla-e-centro-clinico-nemo-litalia-e-il-trentino-conquistano-il-panorama-mondiale\/"},"wordCount":890,"publisher":{"@id":"https:\/\/www.centrocliniconemo.it\/en\/#organization"},"image":{"@id":"https:\/\/www.centrocliniconemo.it\/en\/blog\/lotta-alla-sla-con-aisla-e-centro-clinico-nemo-litalia-e-il-trentino-conquistano-il-panorama-mondiale\/#primaryimage"},"thumbnailUrl":"https:\/\/www.centrocliniconemo.it\/wp-content\/uploads\/2024\/12\/Riccardo-Zuccarino-allInternational.png","keywords":["Aisla","International Alliance of ALS\/MND Associations","NeMO Trento"],"articleSection":["Cura, ricerca e formazione","Iniziative ed eventi"],"inLanguage":"en-US"},{"@type":"WebPage","@id":"https:\/\/www.centrocliniconemo.it\/en\/blog\/lotta-alla-sla-con-aisla-e-centro-clinico-nemo-litalia-e-il-trentino-conquistano-il-panorama-mondiale\/","url":"https:\/\/www.centrocliniconemo.it\/en\/blog\/lotta-alla-sla-con-aisla-e-centro-clinico-nemo-litalia-e-il-trentino-conquistano-il-panorama-mondiale\/","name":"Lotta alla SLA. Con AISLA e Centro Clinico NeMO, l\u2019Italia e il Trentino conquistano il panorama mondiale - Centro Clinico NeMO","isPartOf":{"@id":"https:\/\/www.centrocliniconemo.it\/en\/#website"},"primaryImageOfPage":{"@id":"https:\/\/www.centrocliniconemo.it\/en\/blog\/lotta-alla-sla-con-aisla-e-centro-clinico-nemo-litalia-e-il-trentino-conquistano-il-panorama-mondiale\/#primaryimage"},"image":{"@id":"https:\/\/www.centrocliniconemo.it\/en\/blog\/lotta-alla-sla-con-aisla-e-centro-clinico-nemo-litalia-e-il-trentino-conquistano-il-panorama-mondiale\/#primaryimage"},"thumbnailUrl":"https:\/\/www.centrocliniconemo.it\/wp-content\/uploads\/2024\/12\/Riccardo-Zuccarino-allInternational.png","datePublished":"2024-12-03T17:28:15+00:00","dateModified":"2024-12-03T17:28:19+00:00","description":"3 dicembre 2024 - L'Italia, e in particolare il Trentino, si \u00e8 guadagnata un importante riconoscimento da parte della pi\u00f9 grande rete mondiale di associazioni che si occupano di SLA. L'International Alliance of ALS\/MND Associations, che conta oltre 60 membri provenienti da 40 paesi, ha nominato il dott. Riccardo Zuccarino, direttore clinico del Centro NeMO Trento, come delegato AISLA nel Board of Directors.","breadcrumb":{"@id":"https:\/\/www.centrocliniconemo.it\/en\/blog\/lotta-alla-sla-con-aisla-e-centro-clinico-nemo-litalia-e-il-trentino-conquistano-il-panorama-mondiale\/#breadcrumb"},"inLanguage":"en-US","potentialAction":[{"@type":"ReadAction","target":["https:\/\/www.centrocliniconemo.it\/en\/blog\/lotta-alla-sla-con-aisla-e-centro-clinico-nemo-litalia-e-il-trentino-conquistano-il-panorama-mondiale\/"]}]},{"@type":"ImageObject","inLanguage":"en-US","@id":"https:\/\/www.centrocliniconemo.it\/en\/blog\/lotta-alla-sla-con-aisla-e-centro-clinico-nemo-litalia-e-il-trentino-conquistano-il-panorama-mondiale\/#primaryimage","url":"https:\/\/www.centrocliniconemo.it\/wp-content\/uploads\/2024\/12\/Riccardo-Zuccarino-allInternational.png","contentUrl":"https:\/\/www.centrocliniconemo.it\/wp-content\/uploads\/2024\/12\/Riccardo-Zuccarino-allInternational.png","width":1173,"height":976},{"@type":"BreadcrumbList","@id":"https:\/\/www.centrocliniconemo.it\/en\/blog\/lotta-alla-sla-con-aisla-e-centro-clinico-nemo-litalia-e-il-trentino-conquistano-il-panorama-mondiale\/#breadcrumb","itemListElement":[{"@type":"ListItem","position":1,"name":"Home","item":"https:\/\/www.centrocliniconemo.it\/en\/"},{"@type":"ListItem","position":2,"name":"Lotta alla SLA. Con AISLA e Centro Clinico NeMO, l\u2019Italia e il Trentino conquistano il panorama mondiale"}]},{"@type":"WebSite","@id":"https:\/\/www.centrocliniconemo.it\/en\/#website","url":"https:\/\/www.centrocliniconemo.it\/en\/","name":"Centro Clinico NeMO","description":"Il paziente al centro","publisher":{"@id":"https:\/\/www.centrocliniconemo.it\/en\/#organization"},"potentialAction":[{"@type":"SearchAction","target":{"@type":"EntryPoint","urlTemplate":"https:\/\/www.centrocliniconemo.it\/en\/?s={search_term_string}"},"query-input":{"@type":"PropertyValueSpecification","valueRequired":true,"valueName":"search_term_string"}}],"inLanguage":"en-US"},{"@type":"Organization","@id":"https:\/\/www.centrocliniconemo.it\/en\/#organization","name":"Centro Clinico NeMO - Fondazione Serena Onlus","url":"https:\/\/www.centrocliniconemo.it\/en\/","logo":{"@type":"ImageObject","inLanguage":"en-US","@id":"https:\/\/www.centrocliniconemo.it\/en\/#\/schema\/logo\/image\/","url":"https:\/\/www.centrocliniconemo.it\/wp-content\/uploads\/2023\/03\/logo-nemo.svg","contentUrl":"https:\/\/www.centrocliniconemo.it\/wp-content\/uploads\/2023\/03\/logo-nemo.svg","width":272,"height":109.142,"caption":"Centro Clinico NeMO - Fondazione Serena Onlus"},"image":{"@id":"https:\/\/www.centrocliniconemo.it\/en\/#\/schema\/logo\/image\/"},"sameAs":["https:\/\/www.facebook.com\/CentroNEMOItalia","https:\/\/x.com\/CentroNemo","https:\/\/www.linkedin.com\/company\/centrocliniconemo\/","https:\/\/www.instagram.com\/centrocliniconemo\/"]},{"@type":"Person","@id":"https:\/\/www.centrocliniconemo.it\/en\/#\/schema\/person\/9331a87c0a8ee435c61f5dd498531434","name":"Luca Biondi","image":{"@type":"ImageObject","inLanguage":"en-US","@id":"https:\/\/secure.gravatar.com\/avatar\/0488b88829885ebcc9896de947265b69d2979e6dc4666b1e2c3d4fbf8dc73d77?s=96&d=mm&r=g","url":"https:\/\/secure.gravatar.com\/avatar\/0488b88829885ebcc9896de947265b69d2979e6dc4666b1e2c3d4fbf8dc73d77?s=96&d=mm&r=g","contentUrl":"https:\/\/secure.gravatar.com\/avatar\/0488b88829885ebcc9896de947265b69d2979e6dc4666b1e2c3d4fbf8dc73d77?s=96&d=mm&r=g","caption":"Luca Biondi"}}]}},"_links":{"self":[{"href":"https:\/\/www.centrocliniconemo.it\/en\/wp-json\/wp\/v2\/posts\/22918","targetHints":{"allow":["GET"]}}],"collection":[{"href":"https:\/\/www.centrocliniconemo.it\/en\/wp-json\/wp\/v2\/posts"}],"about":[{"href":"https:\/\/www.centrocliniconemo.it\/en\/wp-json\/wp\/v2\/types\/post"}],"author":[{"embeddable":true,"href":"https:\/\/www.centrocliniconemo.it\/en\/wp-json\/wp\/v2\/users\/2"}],"replies":[{"embeddable":true,"href":"https:\/\/www.centrocliniconemo.it\/en\/wp-json\/wp\/v2\/comments?post=22918"}],"version-history":[{"count":0,"href":"https:\/\/www.centrocliniconemo.it\/en\/wp-json\/wp\/v2\/posts\/22918\/revisions"}],"wp:featuredmedia":[{"embeddable":true,"href":"https:\/\/www.centrocliniconemo.it\/en\/wp-json\/wp\/v2\/media\/22921"}],"wp:attachment":[{"href":"https:\/\/www.centrocliniconemo.it\/en\/wp-json\/wp\/v2\/media?parent=22918"}],"wp:term":[{"taxonomy":"category","embeddable":true,"href":"https:\/\/www.centrocliniconemo.it\/en\/wp-json\/wp\/v2\/categories?post=22918"},{"taxonomy":"post_tag","embeddable":true,"href":"https:\/\/www.centrocliniconemo.it\/en\/wp-json\/wp\/v2\/tags?post=22918"}],"curies":[{"name":"wp","href":"https:\/\/api.w.org\/{rel}","templated":true}]}}