{"id":22442,"date":"2024-10-24T15:53:42","date_gmt":"2024-10-24T15:53:42","guid":{"rendered":"https:\/\/www.centrocliniconemo.it\/blog\/?p=22442"},"modified":"2024-10-28T11:26:16","modified_gmt":"2024-10-28T11:26:16","slug":"sla-metabolismo-e-nutrizione-esplorando-le-sinergie-tra-scienza-e-arte-culinaria","status":"publish","type":"post","link":"https:\/\/www.centrocliniconemo.it\/en\/blog\/sla-metabolismo-e-nutrizione-esplorando-le-sinergie-tra-scienza-e-arte-culinaria\/","title":{"rendered":"SLA. METABOLISMO E NUTRIZIONE. ESPLORANDO LE SINERGIE TRA SCIENZA E ARTE CULINARIA"},"content":{"rendered":"\n<p><em>24 ottobre 2024 \u2013 <\/em>Nell&#8217;incantevole scenario dell&#8217;<strong><a href=\"https:\/\/www.unisg.it\">Universit\u00e0 di Scienze Gastronomiche di Pollenzo<\/a><\/strong>, si sta svolgendo fino a domani, 25 ottobre, <strong>la prima edizione del Convegno &#8220;SLA: Metabolismo e Nutrizione. Nuove frontiere nella presa in carico&#8221;.<\/strong> L\u2019evento, promosso dall&#8217;alleanza tra <strong><a href=\"http:\/\/centrocliniconemo.it\">Centri Clinici NeMO<\/a>, <a href=\"http:\/\/aisla.it\">AISLA<\/a> e <a href=\"https:\/\/www.slafood.org\">SLAfood<\/a><\/strong>, sotto l&#8217;egida di <strong>Slow Food<\/strong>, si pone l\u2019obiettivo di ridefinire il ruolo fondamentale di un intervento nutrizionale mirato nella presa in carico delle persone con Sla, al fine di agire concretamente sul decorso di malattia e migliorare la qualit\u00e0 di vita.&nbsp;<\/p>\n\n\n\n<p><strong>In questi due giorni di formazione immersiva per operatori, studenti e caregiver, i Centri Clinici NeMO si confermano come punto di riferimento nella presa in carico della persona con Sla e nella conoscenza scientifica sulla patologia<\/strong>, grazie ad una visione lungimirante e al modello di cura multidisciplinare. Approccio che viene messo a fattor comune per continuare a rispondere sempre di pi\u00f9 e meglio ai bisogni complessi della malattia. Un parterre di oltre 20 esperti, tra cui clinici, ricercatori, terapisti e psicologi, infatti, si sta confrontando sull&#8217;importanza della nutrizione nel percorso di malattia. <strong>Spiega la dott.ssa<\/strong> <strong>Federica Cerri<\/strong>, <strong>neurologa, referente Area Sla del Centro NeMO di Milano e coordinatore scientifico del Convegno<\/strong>: \u201c<em>I nuovi obiettivi scientifici si rivolgono sempre pi\u00f9 all\u2019interazione tra metabolismo e nutrizione, sia per approfondire le cause della malattia, che per migliorare la pratica clinica. L\u2019attenzione \u00e8 verso gli standard di cura per la gestione della disfagia, i metodi di valutazione e di predizione dello stato nutrizionale, al fine di consentire lo sviluppo di piani nutrizionali \u201ccuciti\u201d sulla storia di malattia di ogni persona\u201d.&nbsp;<\/em><\/p>\n\n\n\n<p>Proprio la disfagia, tema centrale del Convegno, rappresenta una delle sfide pi\u00f9 importanti da affrontare nella presa in carico, come afferma il <strong>prof. Giorgio Calabrese, noto nutrizionista ed esperto della Commissione medico-scientifica di AISLA: <\/strong><em>\u201cLa disfagia \u00e8 un ostacolo molto importante per la nutrizione, ma anche per l&#8217;idratazione. Per questo il lavoro multidisciplinare deve produrre ricette a consistenze modificate bilanciando tutti i nutrienti necessari al fabbisogno richiesto dalla malattia, senza per\u00f2 dimenticare l\u2019importante funzione sociale e di appagamento emotivo e psicologico del cibo\u201d.<\/em><\/p>\n\n\n\n<p>Qualit\u00e0 della vita e difesa della cultura della buona tavola, oltre la malattia, a poche settimane dalla ventesima edizione di &#8220;Terra Madre, Salone del Gusto 2024&#8221;, che ha visto il Piemonte fulcro dell&#8217;incontro tra eccellenze e culture del gusto. Sul territorio piemontese si stima che siano 450 circa le persone affette da SLA con problemi di disfagia. Diventano 65.000 tenendo conto di altre patologie come Alzheimer, demenza, stroke, Parkinson e sclerosi multipla. <strong>L\u2019Assessore alla Sanit\u00e0 della Regione Piemonte Federico Riboldi, <\/strong>intervenuto al convegno, commenta: \u201c<em>Quando parliamo di nutrizione clinica per patologie invalidanti come la Sla, dobbiamo imparare a cambiare il paradigma, facendo riferimento ad un sistema di continuit\u00e0 assistenziale in cui condivisione, dialogo, multiprofessionalit\u00e0 e responsabilit\u00e0 diventino le parole chiave per l\u2019ampliamento dell\u2019accesso ai servizi al maggior numero di persone ma, al tempo stesso siano calibrati sul singolo soggetto. Lo spirito di queste giornate di Pollenzo e degli enti promotori recepisce in pieno questi valori.<\/em>\u201d<\/p>\n\n\n\n<p><strong>Al centro, dunque, la persona con Sla ed il suo desiderio di vivere appieno la vita.<\/strong> Ecco perch\u00e9 le due giornate di Pollenzo vedono scienza e pratica clinica sulla malattia, insieme ai professionisti delle scienze del gusto, dell&#8217;alimentazione e della cultura della condivisione del cibo, per una formazione esperienziale e pratica: <em>\u201cLa cucina \u00e8 un atto di amore &#8211; <\/em>aggiunge <strong>lo chef Roberto Carcangiu, presidente di <a href=\"https:\/\/www.apci.it\">APCI chef<\/a>, l\u2019Associazione Professionali dei Cuochi Italiani e vicepresidente SLAfood<\/strong> \u2013 <em>Quando la ricerca e il talento in cucina sono al servizio dell\u2019altro si esprime al meglio la nostra professionalit\u00e0 e la nostra passione. In questo percorso anche la ristorazione collettiva pu\u00f2 e deve fare molto\u201d.&nbsp;<\/em><\/p>\n\n\n\n<p>Con lui, sono presenti gli chef <strong>Cristian Benvenuto<\/strong>, <strong>Elio Sironi<\/strong>, <strong>Roberto Valbuzzi<\/strong> e <strong>Fabio Zanetello<\/strong> anche loro chiamati da <strong>Davide Rafanelli,<\/strong> <strong>presidente di SLAfood e consigliere nazionale AISLA. <\/strong>Piemontese d\u2019origine e brianzolo d\u2019adozione, dopo la diagnosi di Sla, da paziente del NeMO di Milano,&nbsp;<\/p>\n\n\n\n<p>Rafanelli sceglie di mettere al servizio della comunit\u00e0 Sla le sue competenze nel mondo del food per sostenere i progetti di presa in carico nutrizionale. <strong>\u00c8 sua l\u2019intuizione della realizzazione delle giornate di Pollenzo<\/strong>: \u201c<em>Provo sulla mia pelle cosa significa essere costretti a rinunciare ad un buon pasto mangiato insieme ai propri cari, per questo \u00e8 fondamentale che si faccia gioco di squadra per preservare il desiderio di ciascuno di godere delle gioie quotidiane della vita. \u00c8 vero, la Sla \u00e8 una \u201cladra del gusto\u201d, ma non pu\u00f2 privarci della bellezza e dell\u2019emozione di vivere il presente. Insieme possiamo iniziare un nuovo racconto della malattia e queste giornate a Pollenzo ne sono un esempio concreto\u201d.<\/em><\/p>\n\n\n\n<p>Un nuovo racconto della malattia, dunque, per formare anche i futuri professionisti delle scienze gastronomiche a comprendere i bisogni della persona con Sla e della sua famiglia. Cos\u00ec racconta <strong>la prof.ssa Maria Giovanna Onorati, delegata del Rettore e Responsabile delle politiche di antidiscriminazione, disabilit\u00e0 e inclusione sociale dell&#8217;ateneo<\/strong>: <em>\u201cL&#8217;Ateneo pollentino, nella sua visione olistica dello studio del cibo, dedica grande attenzione alla relazione tra alimentazione e salute, sia nelle attivit\u00e0 di ricerca nazionali e internazionali, che in quelle didattiche. A Pollenzo il cibo \u00e8 studiato come motore di integrazione culturale e sociale e viene concepito come fattore importante di inclusione anche in ordine a bisogni nutrizionali diversi delle persone. \u00c8 per noi importante, perci\u00f2, prendere parte ad una due giorni come questa, dove si mette in evidenza il diritto ad un cibo che dia gioia e piacere a tutti anche attraverso nuove pratiche di trasformazione degli alimenti e delle materie prime&#8221;.<\/em><\/p>\n\n\n\n<p>\u00c8 il mettere a fattore comune le reciproche esperienze e competenze il messaggio potente che emerge dalle giornate di Pollenzo, con l\u2019obiettivo di cambiare paradigmi culturali, di cura e assistenza.&nbsp;<\/p>\n\n\n\n<p><em>&#8220;L&#8217;evento di oggi ci dimostra come sia possibile tracciare nuove strade lavorando insieme. Pensiero, innovazione, scienza e formazione, infatti, sono strumenti fondamentali per affrontare la Sla&nbsp;\u2013 conclude <\/em><strong><em>Fulvia Massimelli, presidente nazionale AISLA<\/em><\/strong><em>&nbsp;\u2013 Questa \u00e8 la forza che&nbsp;unisce AISLA e i Centri NeMO, nati dalla volont\u00e0 di chi vive ogni giorno la malattia e che oggi rappresentano un modello concreto replicabile sui territori italiani\u201d.<\/em><\/p>\n\n\n\n<p>Il Convegno \u00e8 patrocinato da <strong><a href=\"https:\/\/simef.it\">SIMeF<\/a>,<\/strong> <strong><a href=\"https:\/\/portale.fnomceo.it\">FNOMCeO<\/a><\/strong>, <strong><a href=\"https:\/\/www.psy.it\">CNOP<\/a> e <\/strong><a href=\"https:\/\/www.tsrm-pstrp.org\"><strong>FNO TSRMePSTRP<\/strong> <\/a>e gode del contributo non condizionante di <strong><a href=\"https:\/\/www.zambon.com\/it\">Zambon<\/a><\/strong> e <strong><a href=\"https:\/\/www.nutrisens-medical.it\">Nutrisens<\/a><\/strong>.<\/p>\n\n\n<div class=\"pgc-sgb-cb wp-block-pgcsimplygalleryblock-slider \" data-gallery-id=\"a2287004\"style=&quot;min-height:400px&quot;><div class=\"sgb-preloader\" id=\"pr_a2287004\">\n\t<div class=\"sgb-square\" style=\"background:#d4d4d4\"><\/div>\n\t<div class=\"sgb-square\" style=\"background:#d4d4d4\"><\/div>\n\t<div class=\"sgb-square\" style=\"background:#d4d4d4\"><\/div>\n\t<div class=\"sgb-square\" style=\"background:#d4d4d4\"><\/div><\/div><div class=\"simply-gallery-amp pgc_sgb_slider \"><noscript><div class=\"sgb-gallery\"><div class=\"sgb-item\"><a href=\"https:\/\/www.centrocliniconemo.it\/blog\/sla-metabolismo-e-nutrizione-esplorando-le-sinergie-tra-scienza-e-arte-culinaria\/attachment\/pollenzo-sla-nutrizione-metabolismo-06\/\" target=\"_blank\"><img loading=\"lazy\" decoding=\"async\" alt=\"\" width=\"300\" height=\"225\" loading=\"lazy\" src=\"https:\/\/www.centrocliniconemo.it\/wp-content\/uploads\/2024\/10\/Pollenzo-sla-nutrizione-metabolismo-06-300x225.jpg\" srcset=\"https:\/\/www.centrocliniconemo.it\/wp-content\/uploads\/2024\/10\/Pollenzo-sla-nutrizione-metabolismo-06-300x225.jpg 300w,https:\/\/www.centrocliniconemo.it\/wp-content\/uploads\/2024\/10\/Pollenzo-sla-nutrizione-metabolismo-06-1024x768.jpg 1024w,https:\/\/www.centrocliniconemo.it\/wp-content\/uploads\/2024\/10\/Pollenzo-sla-nutrizione-metabolismo-06.jpg 1600w\" sizes=\"auto, 250px\"\/><\/a><\/div><div class=\"sgb-item\"><a href=\"https:\/\/www.centrocliniconemo.it\/blog\/sla-metabolismo-e-nutrizione-esplorando-le-sinergie-tra-scienza-e-arte-culinaria\/attachment\/pollenzo-sla-nutrizione-metabolismo-01\/\" target=\"_blank\"><img loading=\"lazy\" decoding=\"async\" alt=\"\" width=\"300\" height=\"200\" loading=\"lazy\" src=\"https:\/\/www.centrocliniconemo.it\/wp-content\/uploads\/2024\/10\/Pollenzo-sla-nutrizione-metabolismo-01-300x200.jpg\" srcset=\"https:\/\/www.centrocliniconemo.it\/wp-content\/uploads\/2024\/10\/Pollenzo-sla-nutrizione-metabolismo-01-300x200.jpg 300w,https:\/\/www.centrocliniconemo.it\/wp-content\/uploads\/2024\/10\/Pollenzo-sla-nutrizione-metabolismo-01-1024x683.jpg 1024w,https:\/\/www.centrocliniconemo.it\/wp-content\/uploads\/2024\/10\/Pollenzo-sla-nutrizione-metabolismo-01.jpg 1600w\" sizes=\"auto, 250px\"\/><\/a><\/div><div class=\"sgb-item\"><a href=\"https:\/\/www.centrocliniconemo.it\/saluti-iniziali_cerri-perullo-massimelli-rafanelli\/\" target=\"_blank\"><img loading=\"lazy\" decoding=\"async\" alt=\"\" width=\"225\" height=\"300\" loading=\"lazy\" src=\"https:\/\/www.centrocliniconemo.it\/wp-content\/uploads\/2024\/10\/Saluti-iniziali_Cerri-Perullo-Massimelli-Rafanelli-225x300.jpg\" srcset=\"https:\/\/www.centrocliniconemo.it\/wp-content\/uploads\/2024\/10\/Saluti-iniziali_Cerri-Perullo-Massimelli-Rafanelli-225x300.jpg 225w,https:\/\/www.centrocliniconemo.it\/wp-content\/uploads\/2024\/10\/Saluti-iniziali_Cerri-Perullo-Massimelli-Rafanelli-768x1024.jpg 768w,https:\/\/www.centrocliniconemo.it\/wp-content\/uploads\/2024\/10\/Saluti-iniziali_Cerri-Perullo-Massimelli-Rafanelli.jpg 1200w\" sizes=\"auto, 250px\"\/><\/a><\/div><div class=\"sgb-item\"><a href=\"https:\/\/www.centrocliniconemo.it\/blog\/sla-metabolismo-e-nutrizione-esplorando-le-sinergie-tra-scienza-e-arte-culinaria\/attachment\/pollenzo-sla-nutrizione-metabolismo-03\/\" target=\"_blank\"><img loading=\"lazy\" decoding=\"async\" alt=\"\" width=\"300\" height=\"293\" loading=\"lazy\" src=\"https:\/\/www.centrocliniconemo.it\/wp-content\/uploads\/2024\/10\/Pollenzo-sla-nutrizione-metabolismo-03-300x293.jpg\" srcset=\"https:\/\/www.centrocliniconemo.it\/wp-content\/uploads\/2024\/10\/Pollenzo-sla-nutrizione-metabolismo-03-300x293.jpg 300w,https:\/\/www.centrocliniconemo.it\/wp-content\/uploads\/2024\/10\/Pollenzo-sla-nutrizione-metabolismo-03.jpg 754w\" sizes=\"auto, 250px\"\/><\/a><\/div><div class=\"sgb-item\"><a href=\"https:\/\/www.centrocliniconemo.it\/saluti-iniziali-fulvia-massimelli_aisla\/\" target=\"_blank\"><img loading=\"lazy\" decoding=\"async\" alt=\"\" width=\"300\" height=\"200\" loading=\"lazy\" src=\"https:\/\/www.centrocliniconemo.it\/wp-content\/uploads\/2024\/10\/Saluti-Iniziali-Fulvia-Massimelli_AISLA-300x200.jpg\" srcset=\"https:\/\/www.centrocliniconemo.it\/wp-content\/uploads\/2024\/10\/Saluti-Iniziali-Fulvia-Massimelli_AISLA-300x200.jpg 300w,https:\/\/www.centrocliniconemo.it\/wp-content\/uploads\/2024\/10\/Saluti-Iniziali-Fulvia-Massimelli_AISLA-1024x683.jpg 1024w,https:\/\/www.centrocliniconemo.it\/wp-content\/uploads\/2024\/10\/Saluti-Iniziali-Fulvia-Massimelli_AISLA.jpg 7952w\" sizes=\"auto, 250px\"\/><\/a><\/div><div class=\"sgb-item\"><a href=\"https:\/\/www.centrocliniconemo.it\/blog\/sla-metabolismo-e-nutrizione-esplorando-le-sinergie-tra-scienza-e-arte-culinaria\/attachment\/photo-2024-10-24-17-35-35\/\" target=\"_blank\"><img loading=\"lazy\" decoding=\"async\" alt=\"\" width=\"300\" height=\"200\" loading=\"lazy\" src=\"https:\/\/www.centrocliniconemo.it\/wp-content\/uploads\/2024\/10\/PHOTO-2024-10-24-17-35-35-300x200.jpg\" srcset=\"https:\/\/www.centrocliniconemo.it\/wp-content\/uploads\/2024\/10\/PHOTO-2024-10-24-17-35-35-300x200.jpg 300w,https:\/\/www.centrocliniconemo.it\/wp-content\/uploads\/2024\/10\/PHOTO-2024-10-24-17-35-35-1024x683.jpg 1024w,https:\/\/www.centrocliniconemo.it\/wp-content\/uploads\/2024\/10\/PHOTO-2024-10-24-17-35-35.jpg 1600w\" sizes=\"auto, 250px\"\/><\/a><\/div><div class=\"sgb-item\"><a href=\"https:\/\/www.centrocliniconemo.it\/saluti-iniziali-federica-cerri-coordinatore-scientifico-convegno-1\/\" target=\"_blank\"><img loading=\"lazy\" decoding=\"async\" alt=\"\" width=\"300\" height=\"200\" loading=\"lazy\" src=\"https:\/\/www.centrocliniconemo.it\/wp-content\/uploads\/2024\/10\/Saluti-Iniziali-Federica-Cerri-Coordinatore-Scientifico-Convegno-1-300x200.jpg\" srcset=\"https:\/\/www.centrocliniconemo.it\/wp-content\/uploads\/2024\/10\/Saluti-Iniziali-Federica-Cerri-Coordinatore-Scientifico-Convegno-1-300x200.jpg 300w,https:\/\/www.centrocliniconemo.it\/wp-content\/uploads\/2024\/10\/Saluti-Iniziali-Federica-Cerri-Coordinatore-Scientifico-Convegno-1-1024x683.jpg 1024w,https:\/\/www.centrocliniconemo.it\/wp-content\/uploads\/2024\/10\/Saluti-Iniziali-Federica-Cerri-Coordinatore-Scientifico-Convegno-1-scaled.jpg 2560w\" sizes=\"auto, 250px\"\/><\/a><\/div><div class=\"sgb-item\"><a href=\"https:\/\/www.centrocliniconemo.it\/s-bastianello_d-rafanelli\/\" target=\"_blank\"><img loading=\"lazy\" decoding=\"async\" alt=\"\" width=\"300\" height=\"225\" loading=\"lazy\" src=\"https:\/\/www.centrocliniconemo.it\/wp-content\/uploads\/2024\/10\/S.-Bastianello_D.-Rafanelli-300x225.jpg\" srcset=\"https:\/\/www.centrocliniconemo.it\/wp-content\/uploads\/2024\/10\/S.-Bastianello_D.-Rafanelli-300x225.jpg 300w,https:\/\/www.centrocliniconemo.it\/wp-content\/uploads\/2024\/10\/S.-Bastianello_D.-Rafanelli-1024x768.jpg 1024w,https:\/\/www.centrocliniconemo.it\/wp-content\/uploads\/2024\/10\/S.-Bastianello_D.-Rafanelli.jpg 2000w\" sizes=\"auto, 250px\"\/><\/a><\/div><div class=\"sgb-item\"><a href=\"https:\/\/www.centrocliniconemo.it\/rettore-unisg\/\" target=\"_blank\"><img loading=\"lazy\" decoding=\"async\" alt=\"\" width=\"300\" height=\"200\" loading=\"lazy\" src=\"https:\/\/www.centrocliniconemo.it\/wp-content\/uploads\/2024\/10\/Rettore-UNISG-300x200.jpg\" srcset=\"https:\/\/www.centrocliniconemo.it\/wp-content\/uploads\/2024\/10\/Rettore-UNISG-300x200.jpg 300w,https:\/\/www.centrocliniconemo.it\/wp-content\/uploads\/2024\/10\/Rettore-UNISG-1024x683.jpg 1024w,https:\/\/www.centrocliniconemo.it\/wp-content\/uploads\/2024\/10\/Rettore-UNISG-scaled.jpg 2560w\" sizes=\"auto, 250px\"\/><\/a><\/div><div class=\"sgb-item\"><a href=\"https:\/\/www.centrocliniconemo.it\/r-carcangiu\/\" target=\"_blank\"><img loading=\"lazy\" decoding=\"async\" alt=\"\" width=\"200\" height=\"300\" loading=\"lazy\" src=\"https:\/\/www.centrocliniconemo.it\/wp-content\/uploads\/2024\/10\/R.-Carcangiu-200x300.jpg\" srcset=\"https:\/\/www.centrocliniconemo.it\/wp-content\/uploads\/2024\/10\/R.-Carcangiu-200x300.jpg 200w,https:\/\/www.centrocliniconemo.it\/wp-content\/uploads\/2024\/10\/R.-Carcangiu-683x1024.jpg 683w,https:\/\/www.centrocliniconemo.it\/wp-content\/uploads\/2024\/10\/R.-Carcangiu.jpg 7952w\" sizes=\"auto, 250px\"\/><\/a><\/div><div class=\"sgb-item\"><a href=\"https:\/\/www.centrocliniconemo.it\/plenaria_assessore-federico-riboldi-1\/\" target=\"_blank\"><img loading=\"lazy\" decoding=\"async\" alt=\"\" width=\"300\" height=\"225\" loading=\"lazy\" src=\"https:\/\/www.centrocliniconemo.it\/wp-content\/uploads\/2024\/10\/Plenaria_Assessore-Federico-Riboldi-1-300x225.jpg\" srcset=\"https:\/\/www.centrocliniconemo.it\/wp-content\/uploads\/2024\/10\/Plenaria_Assessore-Federico-Riboldi-1-300x225.jpg 300w,https:\/\/www.centrocliniconemo.it\/wp-content\/uploads\/2024\/10\/Plenaria_Assessore-Federico-Riboldi-1-1024x768.jpg 1024w,https:\/\/www.centrocliniconemo.it\/wp-content\/uploads\/2024\/10\/Plenaria_Assessore-Federico-Riboldi-1-scaled.jpg 2560w\" sizes=\"auto, 250px\"\/><\/a><\/div><div class=\"sgb-item\"><a href=\"https:\/\/www.centrocliniconemo.it\/lab-sensoriale_7\/\" target=\"_blank\"><img loading=\"lazy\" decoding=\"async\" alt=\"\" width=\"300\" height=\"200\" loading=\"lazy\" src=\"https:\/\/www.centrocliniconemo.it\/wp-content\/uploads\/2024\/10\/Lab.-Sensoriale_7-300x200.jpg\" srcset=\"https:\/\/www.centrocliniconemo.it\/wp-content\/uploads\/2024\/10\/Lab.-Sensoriale_7-300x200.jpg 300w,https:\/\/www.centrocliniconemo.it\/wp-content\/uploads\/2024\/10\/Lab.-Sensoriale_7-1024x683.jpg 1024w,https:\/\/www.centrocliniconemo.it\/wp-content\/uploads\/2024\/10\/Lab.-Sensoriale_7.jpg 7952w\" sizes=\"auto, 250px\"\/><\/a><\/div><div class=\"sgb-item\"><a href=\"https:\/\/www.centrocliniconemo.it\/m-g-onorati\/\" target=\"_blank\"><img loading=\"lazy\" decoding=\"async\" alt=\"\" width=\"200\" height=\"300\" loading=\"lazy\" src=\"https:\/\/www.centrocliniconemo.it\/wp-content\/uploads\/2024\/10\/M.G.-Onorati-200x300.jpg\" srcset=\"https:\/\/www.centrocliniconemo.it\/wp-content\/uploads\/2024\/10\/M.G.-Onorati-200x300.jpg 200w,https:\/\/www.centrocliniconemo.it\/wp-content\/uploads\/2024\/10\/M.G.-Onorati-683x1024.jpg 683w,https:\/\/www.centrocliniconemo.it\/wp-content\/uploads\/2024\/10\/M.G.-Onorati-scaled.jpg 1708w\" sizes=\"auto, 250px\"\/><\/a><\/div><div class=\"sgb-item\"><a href=\"https:\/\/www.centrocliniconemo.it\/m-ravot-licheri\/\" target=\"_blank\"><img loading=\"lazy\" decoding=\"async\" alt=\"\" width=\"300\" height=\"200\" loading=\"lazy\" src=\"https:\/\/www.centrocliniconemo.it\/wp-content\/uploads\/2024\/10\/M.-Ravot-Licheri-300x200.jpg\" srcset=\"https:\/\/www.centrocliniconemo.it\/wp-content\/uploads\/2024\/10\/M.-Ravot-Licheri-300x200.jpg 300w,https:\/\/www.centrocliniconemo.it\/wp-content\/uploads\/2024\/10\/M.-Ravot-Licheri-1024x683.jpg 1024w,https:\/\/www.centrocliniconemo.it\/wp-content\/uploads\/2024\/10\/M.-Ravot-Licheri.jpg 7952w\" sizes=\"auto, 250px\"\/><\/a><\/div><div class=\"sgb-item\"><a href=\"https:\/\/www.centrocliniconemo.it\/food-lab\/\" target=\"_blank\"><img loading=\"lazy\" decoding=\"async\" alt=\"\" width=\"300\" height=\"226\" loading=\"lazy\" src=\"https:\/\/www.centrocliniconemo.it\/wp-content\/uploads\/2024\/10\/FOOD-LAB-300x226.jpeg\" srcset=\"https:\/\/www.centrocliniconemo.it\/wp-content\/uploads\/2024\/10\/FOOD-LAB-300x226.jpeg 300w,https:\/\/www.centrocliniconemo.it\/wp-content\/uploads\/2024\/10\/FOOD-LAB-1024x771.jpeg 1024w,https:\/\/www.centrocliniconemo.it\/wp-content\/uploads\/2024\/10\/FOOD-LAB.jpeg 2040w\" sizes=\"auto, 250px\"\/><\/a><\/div><div class=\"sgb-item\"><a href=\"https:\/\/www.centrocliniconemo.it\/g-lucia\/\" target=\"_blank\"><img loading=\"lazy\" decoding=\"async\" alt=\"\" width=\"300\" height=\"200\" loading=\"lazy\" src=\"https:\/\/www.centrocliniconemo.it\/wp-content\/uploads\/2024\/10\/G.-Lucia-300x200.jpg\" srcset=\"https:\/\/www.centrocliniconemo.it\/wp-content\/uploads\/2024\/10\/G.-Lucia-300x200.jpg 300w,https:\/\/www.centrocliniconemo.it\/wp-content\/uploads\/2024\/10\/G.-Lucia-1024x683.jpg 1024w,https:\/\/www.centrocliniconemo.it\/wp-content\/uploads\/2024\/10\/G.-Lucia.jpg 7952w\" sizes=\"auto, 250px\"\/><\/a><\/div><div class=\"sgb-item\"><a href=\"https:\/\/www.centrocliniconemo.it\/j-lops\/\" target=\"_blank\"><img loading=\"lazy\" decoding=\"async\" alt=\"\" width=\"300\" height=\"200\" loading=\"lazy\" src=\"https:\/\/www.centrocliniconemo.it\/wp-content\/uploads\/2024\/10\/J.-Lops-300x200.jpg\" srcset=\"https:\/\/www.centrocliniconemo.it\/wp-content\/uploads\/2024\/10\/J.-Lops-300x200.jpg 300w,https:\/\/www.centrocliniconemo.it\/wp-content\/uploads\/2024\/10\/J.-Lops-1024x683.jpg 1024w,https:\/\/www.centrocliniconemo.it\/wp-content\/uploads\/2024\/10\/J.-Lops.jpg 7952w\" sizes=\"auto, 250px\"\/><\/a><\/div><div class=\"sgb-item\"><a href=\"https:\/\/www.centrocliniconemo.it\/lab-sensoriale_4\/\" target=\"_blank\"><img loading=\"lazy\" decoding=\"async\" alt=\"\" width=\"300\" height=\"200\" loading=\"lazy\" src=\"https:\/\/www.centrocliniconemo.it\/wp-content\/uploads\/2024\/10\/Lab-Sensoriale_4-300x200.jpg\" srcset=\"https:\/\/www.centrocliniconemo.it\/wp-content\/uploads\/2024\/10\/Lab-Sensoriale_4-300x200.jpg 300w,https:\/\/www.centrocliniconemo.it\/wp-content\/uploads\/2024\/10\/Lab-Sensoriale_4-1024x683.jpg 1024w,https:\/\/www.centrocliniconemo.it\/wp-content\/uploads\/2024\/10\/Lab-Sensoriale_4.jpg 7952w\" sizes=\"auto, 250px\"\/><\/a><\/div><div class=\"sgb-item\"><a href=\"https:\/\/www.centrocliniconemo.it\/lab-sensoriale\/\" target=\"_blank\"><img loading=\"lazy\" decoding=\"async\" alt=\"\" width=\"300\" height=\"200\" loading=\"lazy\" src=\"https:\/\/www.centrocliniconemo.it\/wp-content\/uploads\/2024\/10\/LAb-Sensoriale-300x200.jpg\" srcset=\"https:\/\/www.centrocliniconemo.it\/wp-content\/uploads\/2024\/10\/LAb-Sensoriale-300x200.jpg 300w,https:\/\/www.centrocliniconemo.it\/wp-content\/uploads\/2024\/10\/LAb-Sensoriale-1024x683.jpg 1024w,https:\/\/www.centrocliniconemo.it\/wp-content\/uploads\/2024\/10\/LAb-Sensoriale.jpg 7952w\" sizes=\"auto, 250px\"\/><\/a><\/div><div class=\"sgb-item\"><a href=\"https:\/\/www.centrocliniconemo.it\/lab-sensoriale_2\/\" target=\"_blank\"><img loading=\"lazy\" decoding=\"async\" alt=\"\" width=\"300\" height=\"200\" loading=\"lazy\" src=\"https:\/\/www.centrocliniconemo.it\/wp-content\/uploads\/2024\/10\/Lab.-Sensoriale_2-300x200.jpg\" srcset=\"https:\/\/www.centrocliniconemo.it\/wp-content\/uploads\/2024\/10\/Lab.-Sensoriale_2-300x200.jpg 300w,https:\/\/www.centrocliniconemo.it\/wp-content\/uploads\/2024\/10\/Lab.-Sensoriale_2-1024x683.jpg 1024w,https:\/\/www.centrocliniconemo.it\/wp-content\/uploads\/2024\/10\/Lab.-Sensoriale_2.jpg 7952w\" sizes=\"auto, 250px\"\/><\/a><\/div><div class=\"sgb-item\"><a href=\"https:\/\/www.centrocliniconemo.it\/lab-sensoriale_3\/\" target=\"_blank\"><img loading=\"lazy\" decoding=\"async\" alt=\"\" width=\"300\" height=\"200\" loading=\"lazy\" src=\"https:\/\/www.centrocliniconemo.it\/wp-content\/uploads\/2024\/10\/Lab.-Sensoriale_3-300x200.jpg\" srcset=\"https:\/\/www.centrocliniconemo.it\/wp-content\/uploads\/2024\/10\/Lab.-Sensoriale_3-300x200.jpg 300w,https:\/\/www.centrocliniconemo.it\/wp-content\/uploads\/2024\/10\/Lab.-Sensoriale_3-1024x683.jpg 1024w,https:\/\/www.centrocliniconemo.it\/wp-content\/uploads\/2024\/10\/Lab.-Sensoriale_3.jpg 7952w\" sizes=\"auto, 250px\"\/><\/a><\/div><div class=\"sgb-item\"><a href=\"https:\/\/www.centrocliniconemo.it\/lab-sensoriale_4-2\/\" target=\"_blank\"><img loading=\"lazy\" decoding=\"async\" alt=\"\" width=\"300\" height=\"200\" loading=\"lazy\" src=\"https:\/\/www.centrocliniconemo.it\/wp-content\/uploads\/2024\/10\/Lab.-Sensoriale_4-300x200.jpg\" srcset=\"https:\/\/www.centrocliniconemo.it\/wp-content\/uploads\/2024\/10\/Lab.-Sensoriale_4-300x200.jpg 300w,https:\/\/www.centrocliniconemo.it\/wp-content\/uploads\/2024\/10\/Lab.-Sensoriale_4-1024x683.jpg 1024w,https:\/\/www.centrocliniconemo.it\/wp-content\/uploads\/2024\/10\/Lab.-Sensoriale_4.jpg 7952w\" sizes=\"auto, 250px\"\/><\/a><\/div><div class=\"sgb-item\"><a href=\"https:\/\/www.centrocliniconemo.it\/lab-sensoriale_6\/\" target=\"_blank\"><img loading=\"lazy\" decoding=\"async\" alt=\"\" width=\"300\" height=\"200\" loading=\"lazy\" src=\"https:\/\/www.centrocliniconemo.it\/wp-content\/uploads\/2024\/10\/Lab.-Sensoriale_6-300x200.jpg\" srcset=\"https:\/\/www.centrocliniconemo.it\/wp-content\/uploads\/2024\/10\/Lab.-Sensoriale_6-300x200.jpg 300w,https:\/\/www.centrocliniconemo.it\/wp-content\/uploads\/2024\/10\/Lab.-Sensoriale_6-1024x683.jpg 1024w,https:\/\/www.centrocliniconemo.it\/wp-content\/uploads\/2024\/10\/Lab.-Sensoriale_6.jpg 7952w\" sizes=\"auto, 250px\"\/><\/a><\/div><div class=\"sgb-item\"><a href=\"https:\/\/www.centrocliniconemo.it\/food-lab_4\/\" target=\"_blank\"><img loading=\"lazy\" decoding=\"async\" alt=\"\" width=\"300\" height=\"226\" loading=\"lazy\" src=\"https:\/\/www.centrocliniconemo.it\/wp-content\/uploads\/2024\/10\/Food-Lab_4-300x226.jpeg\" srcset=\"https:\/\/www.centrocliniconemo.it\/wp-content\/uploads\/2024\/10\/Food-Lab_4-300x226.jpeg 300w,https:\/\/www.centrocliniconemo.it\/wp-content\/uploads\/2024\/10\/Food-Lab_4-1024x771.jpeg 1024w,https:\/\/www.centrocliniconemo.it\/wp-content\/uploads\/2024\/10\/Food-Lab_4.jpeg 2040w\" sizes=\"auto, 250px\"\/><\/a><\/div><div class=\"sgb-item\"><a href=\"https:\/\/www.centrocliniconemo.it\/food-lab_2\/\" target=\"_blank\"><img loading=\"lazy\" decoding=\"async\" alt=\"\" width=\"300\" height=\"200\" loading=\"lazy\" src=\"https:\/\/www.centrocliniconemo.it\/wp-content\/uploads\/2024\/10\/Food-Lab_2-300x200.jpg\" srcset=\"https:\/\/www.centrocliniconemo.it\/wp-content\/uploads\/2024\/10\/Food-Lab_2-300x200.jpg 300w,https:\/\/www.centrocliniconemo.it\/wp-content\/uploads\/2024\/10\/Food-Lab_2-1024x683.jpg 1024w,https:\/\/www.centrocliniconemo.it\/wp-content\/uploads\/2024\/10\/Food-Lab_2.jpg 7952w\" sizes=\"auto, 250px\"\/><\/a><\/div><div class=\"sgb-item\"><a href=\"https:\/\/www.centrocliniconemo.it\/f-rao\/\" target=\"_blank\"><img loading=\"lazy\" decoding=\"async\" alt=\"\" width=\"200\" height=\"300\" loading=\"lazy\" src=\"https:\/\/www.centrocliniconemo.it\/wp-content\/uploads\/2024\/10\/F.-Rao-200x300.jpg\" srcset=\"https:\/\/www.centrocliniconemo.it\/wp-content\/uploads\/2024\/10\/F.-Rao-200x300.jpg 200w,https:\/\/www.centrocliniconemo.it\/wp-content\/uploads\/2024\/10\/F.-Rao-683x1024.jpg 683w,https:\/\/www.centrocliniconemo.it\/wp-content\/uploads\/2024\/10\/F.-Rao.jpg 7952w\" sizes=\"auto, 250px\"\/><\/a><\/div><div class=\"sgb-item\"><a href=\"https:\/\/www.centrocliniconemo.it\/f-massimelli\/\" target=\"_blank\"><img loading=\"lazy\" decoding=\"async\" alt=\"\" width=\"200\" height=\"300\" loading=\"lazy\" src=\"https:\/\/www.centrocliniconemo.it\/wp-content\/uploads\/2024\/10\/F.-Massimelli-200x300.jpg\" srcset=\"https:\/\/www.centrocliniconemo.it\/wp-content\/uploads\/2024\/10\/F.-Massimelli-200x300.jpg 200w,https:\/\/www.centrocliniconemo.it\/wp-content\/uploads\/2024\/10\/F.-Massimelli-683x1024.jpg 683w,https:\/\/www.centrocliniconemo.it\/wp-content\/uploads\/2024\/10\/F.-Massimelli-scaled.jpg 1708w\" sizes=\"auto, 250px\"\/><\/a><\/div><div class=\"sgb-item\"><a href=\"https:\/\/www.centrocliniconemo.it\/e-longo\/\" target=\"_blank\"><img loading=\"lazy\" decoding=\"async\" alt=\"\" width=\"200\" height=\"300\" loading=\"lazy\" src=\"https:\/\/www.centrocliniconemo.it\/wp-content\/uploads\/2024\/10\/E.-Longo-200x300.jpg\" srcset=\"https:\/\/www.centrocliniconemo.it\/wp-content\/uploads\/2024\/10\/E.-Longo-200x300.jpg 200w,https:\/\/www.centrocliniconemo.it\/wp-content\/uploads\/2024\/10\/E.-Longo-683x1024.jpg 683w,https:\/\/www.centrocliniconemo.it\/wp-content\/uploads\/2024\/10\/E.-Longo-scaled.jpg 1708w\" sizes=\"auto, 250px\"\/><\/a><\/div><div class=\"sgb-item\"><a href=\"https:\/\/www.centrocliniconemo.it\/e-corradi\/\" target=\"_blank\"><img loading=\"lazy\" decoding=\"async\" alt=\"\" width=\"200\" height=\"300\" loading=\"lazy\" src=\"https:\/\/www.centrocliniconemo.it\/wp-content\/uploads\/2024\/10\/E.-Corradi-200x300.jpg\" srcset=\"https:\/\/www.centrocliniconemo.it\/wp-content\/uploads\/2024\/10\/E.-Corradi-200x300.jpg 200w,https:\/\/www.centrocliniconemo.it\/wp-content\/uploads\/2024\/10\/E.-Corradi-683x1024.jpg 683w,https:\/\/www.centrocliniconemo.it\/wp-content\/uploads\/2024\/10\/E.-Corradi.jpg 7952w\" sizes=\"auto, 250px\"\/><\/a><\/div><div class=\"sgb-item\"><a href=\"https:\/\/www.centrocliniconemo.it\/copia-di-pollenzo_convegno\/\" target=\"_blank\"><img loading=\"lazy\" decoding=\"async\" alt=\"\" width=\"300\" height=\"200\" loading=\"lazy\" src=\"https:\/\/www.centrocliniconemo.it\/wp-content\/uploads\/2024\/10\/Copia-di-Pollenzo_Convegno-300x200.jpg\" srcset=\"https:\/\/www.centrocliniconemo.it\/wp-content\/uploads\/2024\/10\/Copia-di-Pollenzo_Convegno-300x200.jpg 300w,https:\/\/www.centrocliniconemo.it\/wp-content\/uploads\/2024\/10\/Copia-di-Pollenzo_Convegno-1024x683.jpg 1024w,https:\/\/www.centrocliniconemo.it\/wp-content\/uploads\/2024\/10\/Copia-di-Pollenzo_Convegno.jpg 7952w\" sizes=\"auto, 250px\"\/><\/a><\/div><div class=\"sgb-item\"><a href=\"https:\/\/www.centrocliniconemo.it\/e-carraro\/\" target=\"_blank\"><img loading=\"lazy\" decoding=\"async\" alt=\"\" width=\"200\" height=\"300\" loading=\"lazy\" src=\"https:\/\/www.centrocliniconemo.it\/wp-content\/uploads\/2024\/10\/E.-Carraro-200x300.jpg\" srcset=\"https:\/\/www.centrocliniconemo.it\/wp-content\/uploads\/2024\/10\/E.-Carraro-200x300.jpg 200w,https:\/\/www.centrocliniconemo.it\/wp-content\/uploads\/2024\/10\/E.-Carraro-683x1024.jpg 683w,https:\/\/www.centrocliniconemo.it\/wp-content\/uploads\/2024\/10\/E.-Carraro.jpg 7952w\" sizes=\"auto, 250px\"\/><\/a><\/div><div class=\"sgb-item\"><a href=\"https:\/\/www.centrocliniconemo.it\/copia-di-federica-cerri\/\" target=\"_blank\"><img loading=\"lazy\" decoding=\"async\" alt=\"\" width=\"300\" height=\"225\" loading=\"lazy\" src=\"https:\/\/www.centrocliniconemo.it\/wp-content\/uploads\/2024\/10\/Copia-di-Federica-Cerri-300x225.jpg\" srcset=\"https:\/\/www.centrocliniconemo.it\/wp-content\/uploads\/2024\/10\/Copia-di-Federica-Cerri-300x225.jpg 300w,https:\/\/www.centrocliniconemo.it\/wp-content\/uploads\/2024\/10\/Copia-di-Federica-Cerri-1024x768.jpg 1024w,https:\/\/www.centrocliniconemo.it\/wp-content\/uploads\/2024\/10\/Copia-di-Federica-Cerri.jpg 1600w\" sizes=\"auto, 250px\"\/><\/a><\/div><div class=\"sgb-item\"><a href=\"https:\/\/www.centrocliniconemo.it\/chef-roberto-carcangiu\/\" target=\"_blank\"><img loading=\"lazy\" decoding=\"async\" alt=\"\" width=\"300\" height=\"162\" loading=\"lazy\" src=\"https:\/\/www.centrocliniconemo.it\/wp-content\/uploads\/2024\/10\/Chef-Roberto-Carcangiu-300x162.png\" srcset=\"https:\/\/www.centrocliniconemo.it\/wp-content\/uploads\/2024\/10\/Chef-Roberto-Carcangiu-300x162.png 300w,https:\/\/www.centrocliniconemo.it\/wp-content\/uploads\/2024\/10\/Chef-Roberto-Carcangiu-1024x555.png 1024w,https:\/\/www.centrocliniconemo.it\/wp-content\/uploads\/2024\/10\/Chef-Roberto-Carcangiu.png 1381w\" sizes=\"auto, 250px\"\/><\/a><\/div><div class=\"sgb-item\"><a href=\"https:\/\/www.centrocliniconemo.it\/chef-e-staff\/\" target=\"_blank\"><img loading=\"lazy\" decoding=\"async\" alt=\"\" width=\"300\" height=\"200\" loading=\"lazy\" src=\"https:\/\/www.centrocliniconemo.it\/wp-content\/uploads\/2024\/10\/Chef-e-staff-300x200.jpg\" srcset=\"https:\/\/www.centrocliniconemo.it\/wp-content\/uploads\/2024\/10\/Chef-e-staff-300x200.jpg 300w,https:\/\/www.centrocliniconemo.it\/wp-content\/uploads\/2024\/10\/Chef-e-staff-1024x683.jpg 1024w,https:\/\/www.centrocliniconemo.it\/wp-content\/uploads\/2024\/10\/Chef-e-staff.jpg 7952w\" sizes=\"auto, 250px\"\/><\/a><\/div><div class=\"sgb-item\"><a href=\"https:\/\/www.centrocliniconemo.it\/a-de-vecchi\/\" target=\"_blank\"><img loading=\"lazy\" decoding=\"async\" alt=\"\" width=\"300\" height=\"200\" loading=\"lazy\" src=\"https:\/\/www.centrocliniconemo.it\/wp-content\/uploads\/2024\/10\/A.-De-Vecchi-300x200.jpg\" srcset=\"https:\/\/www.centrocliniconemo.it\/wp-content\/uploads\/2024\/10\/A.-De-Vecchi-300x200.jpg 300w,https:\/\/www.centrocliniconemo.it\/wp-content\/uploads\/2024\/10\/A.-De-Vecchi-1024x683.jpg 1024w,https:\/\/www.centrocliniconemo.it\/wp-content\/uploads\/2024\/10\/A.-De-Vecchi.jpg 7952w\" sizes=\"auto, 250px\"\/><\/a><\/div><div class=\"sgb-item\"><a href=\"https:\/\/www.centrocliniconemo.it\/a-pezzana\/\" target=\"_blank\"><img loading=\"lazy\" decoding=\"async\" alt=\"\" width=\"300\" height=\"200\" loading=\"lazy\" src=\"https:\/\/www.centrocliniconemo.it\/wp-content\/uploads\/2024\/10\/A.-Pezzana-300x200.jpg\" srcset=\"https:\/\/www.centrocliniconemo.it\/wp-content\/uploads\/2024\/10\/A.-Pezzana-300x200.jpg 300w,https:\/\/www.centrocliniconemo.it\/wp-content\/uploads\/2024\/10\/A.-Pezzana-1024x683.jpg 1024w,https:\/\/www.centrocliniconemo.it\/wp-content\/uploads\/2024\/10\/A.-Pezzana.jpg 7952w\" sizes=\"auto, 250px\"\/><\/a><\/div><div class=\"sgb-item\"><a href=\"https:\/\/www.centrocliniconemo.it\/badge\/\" target=\"_blank\"><img loading=\"lazy\" decoding=\"async\" alt=\"\" width=\"300\" height=\"200\" loading=\"lazy\" src=\"https:\/\/www.centrocliniconemo.it\/wp-content\/uploads\/2024\/10\/Badge-300x200.jpg\" srcset=\"https:\/\/www.centrocliniconemo.it\/wp-content\/uploads\/2024\/10\/Badge-300x200.jpg 300w,https:\/\/www.centrocliniconemo.it\/wp-content\/uploads\/2024\/10\/Badge-1024x683.jpg 1024w,https:\/\/www.centrocliniconemo.it\/wp-content\/uploads\/2024\/10\/Badge.jpg 7952w\" sizes=\"auto, 250px\"\/><\/a><\/div><div class=\"sgb-item\"><a href=\"https:\/\/www.centrocliniconemo.it\/biroli\/\" target=\"_blank\"><img loading=\"lazy\" decoding=\"async\" alt=\"\" width=\"300\" height=\"200\" loading=\"lazy\" src=\"https:\/\/www.centrocliniconemo.it\/wp-content\/uploads\/2024\/10\/Biroli-300x200.jpg\" srcset=\"https:\/\/www.centrocliniconemo.it\/wp-content\/uploads\/2024\/10\/Biroli-300x200.jpg 300w,https:\/\/www.centrocliniconemo.it\/wp-content\/uploads\/2024\/10\/Biroli-1024x683.jpg 1024w,https:\/\/www.centrocliniconemo.it\/wp-content\/uploads\/2024\/10\/Biroli.jpg 7952w\" sizes=\"auto, 250px\"\/><\/a><\/div><div class=\"sgb-item\"><a href=\"https:\/\/www.centrocliniconemo.it\/c-cattaneo\/\" target=\"_blank\"><img loading=\"lazy\" decoding=\"async\" alt=\"\" width=\"300\" height=\"200\" loading=\"lazy\" src=\"https:\/\/www.centrocliniconemo.it\/wp-content\/uploads\/2024\/10\/C.-Cattaneo-300x200.jpg\" srcset=\"https:\/\/www.centrocliniconemo.it\/wp-content\/uploads\/2024\/10\/C.-Cattaneo-300x200.jpg 300w,https:\/\/www.centrocliniconemo.it\/wp-content\/uploads\/2024\/10\/C.-Cattaneo-1024x683.jpg 1024w,https:\/\/www.centrocliniconemo.it\/wp-content\/uploads\/2024\/10\/C.-Cattaneo.jpg 7952w\" sizes=\"auto, 250px\"\/><\/a><\/div><div class=\"sgb-item\"><a href=\"https:\/\/www.centrocliniconemo.it\/c-dalla-costa\/\" target=\"_blank\"><img loading=\"lazy\" decoding=\"async\" alt=\"\" width=\"200\" height=\"300\" loading=\"lazy\" src=\"https:\/\/www.centrocliniconemo.it\/wp-content\/uploads\/2024\/10\/C.-Dalla-Costa-200x300.jpg\" srcset=\"https:\/\/www.centrocliniconemo.it\/wp-content\/uploads\/2024\/10\/C.-Dalla-Costa-200x300.jpg 200w,https:\/\/www.centrocliniconemo.it\/wp-content\/uploads\/2024\/10\/C.-Dalla-Costa-683x1024.jpg 683w,https:\/\/www.centrocliniconemo.it\/wp-content\/uploads\/2024\/10\/C.-Dalla-Costa.jpg 7952w\" sizes=\"auto, 250px\"\/><\/a><\/div><div class=\"sgb-item\"><a href=\"https:\/\/www.centrocliniconemo.it\/blog\/sla-metabolismo-e-nutrizione-esplorando-le-sinergie-tra-scienza-e-arte-culinaria\/attachment\/pollenzo-sla-nutrizione-metabolismo-04\/\" target=\"_blank\"><img loading=\"lazy\" decoding=\"async\" alt=\"\" width=\"300\" height=\"225\" loading=\"lazy\" src=\"https:\/\/www.centrocliniconemo.it\/wp-content\/uploads\/2024\/10\/Pollenzo-sla-nutrizione-metabolismo-04-300x225.jpg\" srcset=\"https:\/\/www.centrocliniconemo.it\/wp-content\/uploads\/2024\/10\/Pollenzo-sla-nutrizione-metabolismo-04-300x225.jpg 300w,https:\/\/www.centrocliniconemo.it\/wp-content\/uploads\/2024\/10\/Pollenzo-sla-nutrizione-metabolismo-04-1024x768.jpg 1024w,https:\/\/www.centrocliniconemo.it\/wp-content\/uploads\/2024\/10\/Pollenzo-sla-nutrizione-metabolismo-04.jpg 1600w\" sizes=\"auto, 250px\"\/><\/a><\/div><\/div><\/noscript><\/div><script type=\"application\/json\" class=\"sgb-data\">{\"sliderAdminWidth\":1030,\"galleryType\":\"pgc_sgb_slider\",\"galleryId\":\"a2287004\",\"images\":[{\"id\":22453,\"title\":\"Pollenzo sla nutrizione metabolismo 06\",\"url\":\"https:\/\/www.centrocliniconemo.it\/wp-content\/uploads\/2024\/10\/Pollenzo-sla-nutrizione-metabolismo-06.jpg\",\"link\":\"https:\/\/www.centrocliniconemo.it\/blog\/sla-metabolismo-e-nutrizione-esplorando-le-sinergie-tra-scienza-e-arte-culinaria\/attachment\/pollenzo-sla-nutrizione-metabolismo-06\/\",\"alt\":\"\",\"description\":\"\",\"caption\":\"\",\"mime\":\"image\/jpeg\",\"type\":\"image\",\"width\":1600,\"height\":1200,\"sizes\":{\"thumbnail\":{\"height\":150,\"width\":150,\"url\":\"https:\/\/www.centrocliniconemo.it\/wp-content\/uploads\/2024\/10\/Pollenzo-sla-nutrizione-metabolismo-06-150x150.jpg\",\"orientation\":\"landscape\"},\"medium\":{\"height\":225,\"width\":300,\"url\":\"https:\/\/www.centrocliniconemo.it\/wp-content\/uploads\/2024\/10\/Pollenzo-sla-nutrizione-metabolismo-06-300x225.jpg\",\"orientation\":\"landscape\"},\"large\":{\"height\":768,\"width\":1024,\"url\":\"https:\/\/www.centrocliniconemo.it\/wp-content\/uploads\/2024\/10\/Pollenzo-sla-nutrizione-metabolismo-06-1024x768.jpg\",\"orientation\":\"landscape\"},\"full\":{\"url\":\"https:\/\/www.centrocliniconemo.it\/wp-content\/uploads\/2024\/10\/Pollenzo-sla-nutrizione-metabolismo-06.jpg\",\"height\":1200,\"width\":1600,\"orientation\":\"landscape\"}},\"imageMeta\":{\"aperture\":\"0\",\"credit\":\"\",\"camera\":\"\",\"caption\":\"\",\"created_timestamp\":\"0\",\"copyright\":\"\",\"focal_length\":\"0\",\"iso\":\"0\",\"shutter_speed\":\"0\",\"title\":\"\",\"orientation\":\"0\",\"keywords\":[]},\"meta\":false,\"postlink\":\"https:\/\/www.centrocliniconemo.it\/blog\/sla-metabolismo-e-nutrizione-esplorando-le-sinergie-tra-scienza-e-arte-culinaria\/attachment\/pollenzo-sla-nutrizione-metabolismo-06\/\"},{\"id\":22443,\"title\":\"Pollenzo sla nutrizione metabolismo 01\",\"url\":\"https:\/\/www.centrocliniconemo.it\/wp-content\/uploads\/2024\/10\/Pollenzo-sla-nutrizione-metabolismo-01.jpg\",\"link\":\"https:\/\/www.centrocliniconemo.it\/blog\/sla-metabolismo-e-nutrizione-esplorando-le-sinergie-tra-scienza-e-arte-culinaria\/attachment\/pollenzo-sla-nutrizione-metabolismo-01\/\",\"alt\":\"\",\"description\":\"\",\"caption\":\"\",\"mime\":\"image\/jpeg\",\"type\":\"image\",\"width\":1600,\"height\":1067,\"sizes\":{\"thumbnail\":{\"height\":150,\"width\":150,\"url\":\"https:\/\/www.centrocliniconemo.it\/wp-content\/uploads\/2024\/10\/Pollenzo-sla-nutrizione-metabolismo-01-150x150.jpg\",\"orientation\":\"landscape\"},\"medium\":{\"height\":200,\"width\":300,\"url\":\"https:\/\/www.centrocliniconemo.it\/wp-content\/uploads\/2024\/10\/Pollenzo-sla-nutrizione-metabolismo-01-300x200.jpg\",\"orientation\":\"landscape\"},\"large\":{\"height\":683,\"width\":1024,\"url\":\"https:\/\/www.centrocliniconemo.it\/wp-content\/uploads\/2024\/10\/Pollenzo-sla-nutrizione-metabolismo-01-1024x683.jpg\",\"orientation\":\"landscape\"},\"full\":{\"url\":\"https:\/\/www.centrocliniconemo.it\/wp-content\/uploads\/2024\/10\/Pollenzo-sla-nutrizione-metabolismo-01.jpg\",\"height\":1067,\"width\":1600,\"orientation\":\"landscape\"}},\"imageMeta\":{\"aperture\":\"0\",\"credit\":\"\",\"camera\":\"\",\"caption\":\"\",\"created_timestamp\":\"0\",\"copyright\":\"\",\"focal_length\":\"0\",\"iso\":\"0\",\"shutter_speed\":\"0\",\"title\":\"\",\"orientation\":\"0\",\"keywords\":[]},\"meta\":false,\"postlink\":\"https:\/\/www.centrocliniconemo.it\/blog\/sla-metabolismo-e-nutrizione-esplorando-le-sinergie-tra-scienza-e-arte-culinaria\/attachment\/pollenzo-sla-nutrizione-metabolismo-01\/\"},{\"id\":22533,\"title\":\"Saluti iniziali_Cerri, Perullo, Massimelli, Rafanelli\",\"url\":\"https:\/\/www.centrocliniconemo.it\/wp-content\/uploads\/2024\/10\/Saluti-iniziali_Cerri-Perullo-Massimelli-Rafanelli.jpg\",\"link\":\"https:\/\/www.centrocliniconemo.it\/saluti-iniziali_cerri-perullo-massimelli-rafanelli\/\",\"alt\":\"\",\"description\":\"\",\"caption\":\"\",\"mime\":\"image\/jpeg\",\"type\":\"image\",\"width\":1200,\"height\":1600,\"sizes\":{\"thumbnail\":{\"height\":150,\"width\":150,\"url\":\"https:\/\/www.centrocliniconemo.it\/wp-content\/uploads\/2024\/10\/Saluti-iniziali_Cerri-Perullo-Massimelli-Rafanelli-150x150.jpg\",\"orientation\":\"landscape\"},\"medium\":{\"height\":300,\"width\":225,\"url\":\"https:\/\/www.centrocliniconemo.it\/wp-content\/uploads\/2024\/10\/Saluti-iniziali_Cerri-Perullo-Massimelli-Rafanelli-225x300.jpg\",\"orientation\":\"portrait\"},\"large\":{\"height\":1024,\"width\":768,\"url\":\"https:\/\/www.centrocliniconemo.it\/wp-content\/uploads\/2024\/10\/Saluti-iniziali_Cerri-Perullo-Massimelli-Rafanelli-768x1024.jpg\",\"orientation\":\"portrait\"},\"full\":{\"url\":\"https:\/\/www.centrocliniconemo.it\/wp-content\/uploads\/2024\/10\/Saluti-iniziali_Cerri-Perullo-Massimelli-Rafanelli.jpg\",\"height\":1600,\"width\":1200,\"orientation\":\"portrait\"}},\"imageMeta\":{\"aperture\":\"0\",\"credit\":\"\",\"camera\":\"\",\"caption\":\"\",\"created_timestamp\":\"0\",\"copyright\":\"\",\"focal_length\":\"0\",\"iso\":\"0\",\"shutter_speed\":\"0\",\"title\":\"\",\"orientation\":\"0\",\"keywords\":[]},\"meta\":false,\"postlink\":\"https:\/\/www.centrocliniconemo.it\/saluti-iniziali_cerri-perullo-massimelli-rafanelli\/\"},{\"id\":22447,\"title\":\"Pollenzo sla nutrizione metabolismo 03\",\"url\":\"https:\/\/www.centrocliniconemo.it\/wp-content\/uploads\/2024\/10\/Pollenzo-sla-nutrizione-metabolismo-03.jpg\",\"link\":\"https:\/\/www.centrocliniconemo.it\/blog\/sla-metabolismo-e-nutrizione-esplorando-le-sinergie-tra-scienza-e-arte-culinaria\/attachment\/pollenzo-sla-nutrizione-metabolismo-03\/\",\"alt\":\"\",\"description\":\"\",\"caption\":\"\",\"mime\":\"image\/jpeg\",\"type\":\"image\",\"width\":754,\"height\":736,\"sizes\":{\"thumbnail\":{\"height\":150,\"width\":150,\"url\":\"https:\/\/www.centrocliniconemo.it\/wp-content\/uploads\/2024\/10\/Pollenzo-sla-nutrizione-metabolismo-03-150x150.jpg\",\"orientation\":\"landscape\"},\"medium\":{\"height\":293,\"width\":300,\"url\":\"https:\/\/www.centrocliniconemo.it\/wp-content\/uploads\/2024\/10\/Pollenzo-sla-nutrizione-metabolismo-03-300x293.jpg\",\"orientation\":\"landscape\"},\"full\":{\"url\":\"https:\/\/www.centrocliniconemo.it\/wp-content\/uploads\/2024\/10\/Pollenzo-sla-nutrizione-metabolismo-03.jpg\",\"height\":736,\"width\":754,\"orientation\":\"landscape\"}},\"imageMeta\":{\"aperture\":\"0\",\"credit\":\"\",\"camera\":\"\",\"caption\":\"\",\"created_timestamp\":\"0\",\"copyright\":\"\",\"focal_length\":\"0\",\"iso\":\"0\",\"shutter_speed\":\"0\",\"title\":\"\",\"orientation\":\"0\",\"keywords\":[]},\"meta\":false,\"postlink\":\"https:\/\/www.centrocliniconemo.it\/blog\/sla-metabolismo-e-nutrizione-esplorando-le-sinergie-tra-scienza-e-arte-culinaria\/attachment\/pollenzo-sla-nutrizione-metabolismo-03\/\"},{\"id\":22531,\"title\":\"Saluti Iniziali - Fulvia Massimelli_AISLA\",\"url\":\"https:\/\/www.centrocliniconemo.it\/wp-content\/uploads\/2024\/10\/Saluti-Iniziali-Fulvia-Massimelli_AISLA.jpg\",\"link\":\"https:\/\/www.centrocliniconemo.it\/saluti-iniziali-fulvia-massimelli_aisla\/\",\"alt\":\"\",\"description\":\"\",\"caption\":\"\",\"mime\":\"image\/jpeg\",\"type\":\"image\",\"width\":7952,\"height\":5304,\"sizes\":{\"thumbnail\":{\"height\":150,\"width\":150,\"url\":\"https:\/\/www.centrocliniconemo.it\/wp-content\/uploads\/2024\/10\/Saluti-Iniziali-Fulvia-Massimelli_AISLA-150x150.jpg\",\"orientation\":\"landscape\"},\"medium\":{\"height\":200,\"width\":300,\"url\":\"https:\/\/www.centrocliniconemo.it\/wp-content\/uploads\/2024\/10\/Saluti-Iniziali-Fulvia-Massimelli_AISLA-300x200.jpg\",\"orientation\":\"landscape\"},\"large\":{\"height\":683,\"width\":1024,\"url\":\"https:\/\/www.centrocliniconemo.it\/wp-content\/uploads\/2024\/10\/Saluti-Iniziali-Fulvia-Massimelli_AISLA-1024x683.jpg\",\"orientation\":\"landscape\"},\"full\":{\"url\":\"https:\/\/www.centrocliniconemo.it\/wp-content\/uploads\/2024\/10\/Saluti-Iniziali-Fulvia-Massimelli_AISLA.jpg\",\"height\":5304,\"width\":7952,\"orientation\":\"landscape\"}},\"imageMeta\":{\"aperture\":\"2.8\",\"credit\":\"\",\"camera\":\"ILCE-7RM3\",\"caption\":\"\",\"created_timestamp\":\"1732443093\",\"copyright\":\"\",\"focal_length\":\"28\",\"iso\":\"1250\",\"shutter_speed\":\"0.01\",\"title\":\"\",\"orientation\":\"1\",\"keywords\":[]},\"meta\":false,\"postlink\":\"https:\/\/www.centrocliniconemo.it\/saluti-iniziali-fulvia-massimelli_aisla\/\"},{\"id\":22457,\"title\":\"PHOTO-2024-10-24-17-35-35\",\"url\":\"https:\/\/www.centrocliniconemo.it\/wp-content\/uploads\/2024\/10\/PHOTO-2024-10-24-17-35-35.jpg\",\"link\":\"https:\/\/www.centrocliniconemo.it\/blog\/sla-metabolismo-e-nutrizione-esplorando-le-sinergie-tra-scienza-e-arte-culinaria\/attachment\/photo-2024-10-24-17-35-35\/\",\"alt\":\"\",\"description\":\"\",\"caption\":\"\",\"mime\":\"image\/jpeg\",\"type\":\"image\",\"width\":1600,\"height\":1067,\"sizes\":{\"thumbnail\":{\"height\":150,\"width\":150,\"url\":\"https:\/\/www.centrocliniconemo.it\/wp-content\/uploads\/2024\/10\/PHOTO-2024-10-24-17-35-35-150x150.jpg\",\"orientation\":\"landscape\"},\"medium\":{\"height\":200,\"width\":300,\"url\":\"https:\/\/www.centrocliniconemo.it\/wp-content\/uploads\/2024\/10\/PHOTO-2024-10-24-17-35-35-300x200.jpg\",\"orientation\":\"landscape\"},\"large\":{\"height\":683,\"width\":1024,\"url\":\"https:\/\/www.centrocliniconemo.it\/wp-content\/uploads\/2024\/10\/PHOTO-2024-10-24-17-35-35-1024x683.jpg\",\"orientation\":\"landscape\"},\"full\":{\"url\":\"https:\/\/www.centrocliniconemo.it\/wp-content\/uploads\/2024\/10\/PHOTO-2024-10-24-17-35-35.jpg\",\"height\":1067,\"width\":1600,\"orientation\":\"landscape\"}},\"imageMeta\":{\"aperture\":\"0\",\"credit\":\"\",\"camera\":\"\",\"caption\":\"\",\"created_timestamp\":\"0\",\"copyright\":\"\",\"focal_length\":\"0\",\"iso\":\"0\",\"shutter_speed\":\"0\",\"title\":\"\",\"orientation\":\"0\",\"keywords\":[]},\"meta\":false,\"postlink\":\"https:\/\/www.centrocliniconemo.it\/blog\/sla-metabolismo-e-nutrizione-esplorando-le-sinergie-tra-scienza-e-arte-culinaria\/attachment\/photo-2024-10-24-17-35-35\/\"},{\"id\":22529,\"title\":\"Saluti Iniziali - Federica Cerri Coordinatore Scientifico Convegno (1)\",\"url\":\"https:\/\/www.centrocliniconemo.it\/wp-content\/uploads\/2024\/10\/Saluti-Iniziali-Federica-Cerri-Coordinatore-Scientifico-Convegno-1-scaled.jpg\",\"link\":\"https:\/\/www.centrocliniconemo.it\/saluti-iniziali-federica-cerri-coordinatore-scientifico-convegno-1\/\",\"alt\":\"\",\"description\":\"\",\"caption\":\"\",\"mime\":\"image\/jpeg\",\"type\":\"image\",\"width\":2560,\"height\":1708,\"sizes\":{\"thumbnail\":{\"height\":150,\"width\":150,\"url\":\"https:\/\/www.centrocliniconemo.it\/wp-content\/uploads\/2024\/10\/Saluti-Iniziali-Federica-Cerri-Coordinatore-Scientifico-Convegno-1-150x150.jpg\",\"orientation\":\"landscape\"},\"medium\":{\"height\":200,\"width\":300,\"url\":\"https:\/\/www.centrocliniconemo.it\/wp-content\/uploads\/2024\/10\/Saluti-Iniziali-Federica-Cerri-Coordinatore-Scientifico-Convegno-1-300x200.jpg\",\"orientation\":\"landscape\"},\"large\":{\"height\":683,\"width\":1024,\"url\":\"https:\/\/www.centrocliniconemo.it\/wp-content\/uploads\/2024\/10\/Saluti-Iniziali-Federica-Cerri-Coordinatore-Scientifico-Convegno-1-1024x683.jpg\",\"orientation\":\"landscape\"},\"full\":{\"url\":\"https:\/\/www.centrocliniconemo.it\/wp-content\/uploads\/2024\/10\/Saluti-Iniziali-Federica-Cerri-Coordinatore-Scientifico-Convegno-1-scaled.jpg\",\"height\":1708,\"width\":2560,\"orientation\":\"landscape\"}},\"imageMeta\":{\"aperture\":\"3.5\",\"credit\":\"\",\"camera\":\"ILCE-7RM3\",\"caption\":\"\",\"created_timestamp\":\"1732441120\",\"copyright\":\"\",\"focal_length\":\"75\",\"iso\":\"1250\",\"shutter_speed\":\"0.005\",\"title\":\"\",\"orientation\":\"1\",\"keywords\":[]},\"meta\":false,\"postlink\":\"https:\/\/www.centrocliniconemo.it\/saluti-iniziali-federica-cerri-coordinatore-scientifico-convegno-1\/\"},{\"id\":22527,\"title\":\"S. Bastianello_D. Rafanelli\",\"url\":\"https:\/\/www.centrocliniconemo.it\/wp-content\/uploads\/2024\/10\/S.-Bastianello_D.-Rafanelli.jpg\",\"link\":\"https:\/\/www.centrocliniconemo.it\/s-bastianello_d-rafanelli\/\",\"alt\":\"\",\"description\":\"\",\"caption\":\"\",\"mime\":\"image\/jpeg\",\"type\":\"image\",\"width\":2000,\"height\":1500,\"sizes\":{\"thumbnail\":{\"height\":150,\"width\":150,\"url\":\"https:\/\/www.centrocliniconemo.it\/wp-content\/uploads\/2024\/10\/S.-Bastianello_D.-Rafanelli-150x150.jpg\",\"orientation\":\"landscape\"},\"medium\":{\"height\":225,\"width\":300,\"url\":\"https:\/\/www.centrocliniconemo.it\/wp-content\/uploads\/2024\/10\/S.-Bastianello_D.-Rafanelli-300x225.jpg\",\"orientation\":\"landscape\"},\"large\":{\"height\":768,\"width\":1024,\"url\":\"https:\/\/www.centrocliniconemo.it\/wp-content\/uploads\/2024\/10\/S.-Bastianello_D.-Rafanelli-1024x768.jpg\",\"orientation\":\"landscape\"},\"full\":{\"url\":\"https:\/\/www.centrocliniconemo.it\/wp-content\/uploads\/2024\/10\/S.-Bastianello_D.-Rafanelli.jpg\",\"height\":1500,\"width\":2000,\"orientation\":\"landscape\"}},\"imageMeta\":{\"aperture\":\"0\",\"credit\":\"\",\"camera\":\"\",\"caption\":\"\",\"created_timestamp\":\"0\",\"copyright\":\"\",\"focal_length\":\"0\",\"iso\":\"0\",\"shutter_speed\":\"0\",\"title\":\"\",\"orientation\":\"0\",\"keywords\":[]},\"meta\":false,\"postlink\":\"https:\/\/www.centrocliniconemo.it\/s-bastianello_d-rafanelli\/\"},{\"id\":22525,\"title\":\"Rettore UNISG\",\"url\":\"https:\/\/www.centrocliniconemo.it\/wp-content\/uploads\/2024\/10\/Rettore-UNISG-scaled.jpg\",\"link\":\"https:\/\/www.centrocliniconemo.it\/rettore-unisg\/\",\"alt\":\"\",\"description\":\"\",\"caption\":\"\",\"mime\":\"image\/jpeg\",\"type\":\"image\",\"width\":2560,\"height\":1708,\"sizes\":{\"thumbnail\":{\"height\":150,\"width\":150,\"url\":\"https:\/\/www.centrocliniconemo.it\/wp-content\/uploads\/2024\/10\/Rettore-UNISG-150x150.jpg\",\"orientation\":\"landscape\"},\"medium\":{\"height\":200,\"width\":300,\"url\":\"https:\/\/www.centrocliniconemo.it\/wp-content\/uploads\/2024\/10\/Rettore-UNISG-300x200.jpg\",\"orientation\":\"landscape\"},\"large\":{\"height\":683,\"width\":1024,\"url\":\"https:\/\/www.centrocliniconemo.it\/wp-content\/uploads\/2024\/10\/Rettore-UNISG-1024x683.jpg\",\"orientation\":\"landscape\"},\"full\":{\"url\":\"https:\/\/www.centrocliniconemo.it\/wp-content\/uploads\/2024\/10\/Rettore-UNISG-scaled.jpg\",\"height\":1708,\"width\":2560,\"orientation\":\"landscape\"}},\"imageMeta\":{\"aperture\":\"3.5\",\"credit\":\"\",\"camera\":\"ILCE-7RM3\",\"caption\":\"\",\"created_timestamp\":\"1732441180\",\"copyright\":\"\",\"focal_length\":\"75\",\"iso\":\"2000\",\"shutter_speed\":\"0.005\",\"title\":\"\",\"orientation\":\"1\",\"keywords\":[]},\"meta\":false,\"postlink\":\"https:\/\/www.centrocliniconemo.it\/rettore-unisg\/\"},{\"id\":22523,\"title\":\"R. Carcangiu\",\"url\":\"https:\/\/www.centrocliniconemo.it\/wp-content\/uploads\/2024\/10\/R.-Carcangiu.jpg\",\"link\":\"https:\/\/www.centrocliniconemo.it\/r-carcangiu\/\",\"alt\":\"\",\"description\":\"\",\"caption\":\"\",\"mime\":\"image\/jpeg\",\"type\":\"image\",\"width\":7952,\"height\":5304,\"sizes\":{\"thumbnail\":{\"height\":150,\"width\":150,\"url\":\"https:\/\/www.centrocliniconemo.it\/wp-content\/uploads\/2024\/10\/R.-Carcangiu-150x150.jpg\",\"orientation\":\"landscape\"},\"medium\":{\"height\":300,\"width\":200,\"url\":\"https:\/\/www.centrocliniconemo.it\/wp-content\/uploads\/2024\/10\/R.-Carcangiu-200x300.jpg\",\"orientation\":\"portrait\"},\"large\":{\"height\":1024,\"width\":683,\"url\":\"https:\/\/www.centrocliniconemo.it\/wp-content\/uploads\/2024\/10\/R.-Carcangiu-683x1024.jpg\",\"orientation\":\"portrait\"},\"full\":{\"url\":\"https:\/\/www.centrocliniconemo.it\/wp-content\/uploads\/2024\/10\/R.-Carcangiu.jpg\",\"height\":5304,\"width\":7952,\"orientation\":\"landscape\"}},\"imageMeta\":{\"aperture\":\"3.2\",\"credit\":\"\",\"camera\":\"ILCE-7RM3\",\"caption\":\"\",\"created_timestamp\":\"1729860359\",\"copyright\":\"\",\"focal_length\":\"32\",\"iso\":\"1250\",\"shutter_speed\":\"0.01\",\"title\":\"\",\"orientation\":\"8\",\"keywords\":[]},\"meta\":false,\"postlink\":\"https:\/\/www.centrocliniconemo.it\/r-carcangiu\/\"},{\"id\":22521,\"title\":\"Plenaria_Assessore Federico Riboldi (1)\",\"url\":\"https:\/\/www.centrocliniconemo.it\/wp-content\/uploads\/2024\/10\/Plenaria_Assessore-Federico-Riboldi-1-scaled.jpg\",\"link\":\"https:\/\/www.centrocliniconemo.it\/plenaria_assessore-federico-riboldi-1\/\",\"alt\":\"\",\"description\":\"\",\"caption\":\"\",\"mime\":\"image\/jpeg\",\"type\":\"image\",\"width\":2560,\"height\":1920,\"sizes\":{\"thumbnail\":{\"height\":150,\"width\":150,\"url\":\"https:\/\/www.centrocliniconemo.it\/wp-content\/uploads\/2024\/10\/Plenaria_Assessore-Federico-Riboldi-1-150x150.jpg\",\"orientation\":\"landscape\"},\"medium\":{\"height\":225,\"width\":300,\"url\":\"https:\/\/www.centrocliniconemo.it\/wp-content\/uploads\/2024\/10\/Plenaria_Assessore-Federico-Riboldi-1-300x225.jpg\",\"orientation\":\"landscape\"},\"large\":{\"height\":768,\"width\":1024,\"url\":\"https:\/\/www.centrocliniconemo.it\/wp-content\/uploads\/2024\/10\/Plenaria_Assessore-Federico-Riboldi-1-1024x768.jpg\",\"orientation\":\"landscape\"},\"full\":{\"url\":\"https:\/\/www.centrocliniconemo.it\/wp-content\/uploads\/2024\/10\/Plenaria_Assessore-Federico-Riboldi-1-scaled.jpg\",\"height\":1920,\"width\":2560,\"orientation\":\"landscape\"}},\"imageMeta\":{\"aperture\":\"0\",\"credit\":\"\",\"camera\":\"\",\"caption\":\"\",\"created_timestamp\":\"0\",\"copyright\":\"\",\"focal_length\":\"0\",\"iso\":\"0\",\"shutter_speed\":\"0\",\"title\":\"\",\"orientation\":\"0\",\"keywords\":[]},\"meta\":false,\"postlink\":\"https:\/\/www.centrocliniconemo.it\/plenaria_assessore-federico-riboldi-1\/\"},{\"id\":22515,\"title\":\"Lab. Sensoriale_7\",\"url\":\"https:\/\/www.centrocliniconemo.it\/wp-content\/uploads\/2024\/10\/Lab.-Sensoriale_7.jpg\",\"link\":\"https:\/\/www.centrocliniconemo.it\/lab-sensoriale_7\/\",\"alt\":\"\",\"description\":\"\",\"caption\":\"\",\"mime\":\"image\/jpeg\",\"type\":\"image\",\"width\":7952,\"height\":5304,\"sizes\":{\"thumbnail\":{\"height\":150,\"width\":150,\"url\":\"https:\/\/www.centrocliniconemo.it\/wp-content\/uploads\/2024\/10\/Lab.-Sensoriale_7-150x150.jpg\",\"orientation\":\"landscape\"},\"medium\":{\"height\":200,\"width\":300,\"url\":\"https:\/\/www.centrocliniconemo.it\/wp-content\/uploads\/2024\/10\/Lab.-Sensoriale_7-300x200.jpg\",\"orientation\":\"landscape\"},\"large\":{\"height\":683,\"width\":1024,\"url\":\"https:\/\/www.centrocliniconemo.it\/wp-content\/uploads\/2024\/10\/Lab.-Sensoriale_7-1024x683.jpg\",\"orientation\":\"landscape\"},\"full\":{\"url\":\"https:\/\/www.centrocliniconemo.it\/wp-content\/uploads\/2024\/10\/Lab.-Sensoriale_7.jpg\",\"height\":5304,\"width\":7952,\"orientation\":\"landscape\"}},\"imageMeta\":{\"aperture\":\"2.8\",\"credit\":\"\",\"camera\":\"ILCE-7RM3\",\"caption\":\"\",\"created_timestamp\":\"1729864869\",\"copyright\":\"\",\"focal_length\":\"28\",\"iso\":\"1600\",\"shutter_speed\":\"0.01\",\"title\":\"\",\"orientation\":\"1\",\"keywords\":[]},\"meta\":false,\"postlink\":\"https:\/\/www.centrocliniconemo.it\/lab-sensoriale_7\/\"},{\"id\":22519,\"title\":\"M.G. Onorati\",\"url\":\"https:\/\/www.centrocliniconemo.it\/wp-content\/uploads\/2024\/10\/M.G.-Onorati-scaled.jpg\",\"link\":\"https:\/\/www.centrocliniconemo.it\/m-g-onorati\/\",\"alt\":\"\",\"description\":\"\",\"caption\":\"\",\"mime\":\"image\/jpeg\",\"type\":\"image\",\"width\":1708,\"height\":2560,\"sizes\":{\"thumbnail\":{\"height\":150,\"width\":150,\"url\":\"https:\/\/www.centrocliniconemo.it\/wp-content\/uploads\/2024\/10\/M.G.-Onorati-150x150.jpg\",\"orientation\":\"landscape\"},\"medium\":{\"height\":300,\"width\":200,\"url\":\"https:\/\/www.centrocliniconemo.it\/wp-content\/uploads\/2024\/10\/M.G.-Onorati-200x300.jpg\",\"orientation\":\"portrait\"},\"large\":{\"height\":1024,\"width\":683,\"url\":\"https:\/\/www.centrocliniconemo.it\/wp-content\/uploads\/2024\/10\/M.G.-Onorati-683x1024.jpg\",\"orientation\":\"portrait\"},\"full\":{\"url\":\"https:\/\/www.centrocliniconemo.it\/wp-content\/uploads\/2024\/10\/M.G.-Onorati-scaled.jpg\",\"height\":2560,\"width\":1708,\"orientation\":\"portrait\"}},\"imageMeta\":{\"aperture\":\"4\",\"credit\":\"\",\"camera\":\"ILCE-7RM3\",\"caption\":\"\",\"created_timestamp\":\"1732458761\",\"copyright\":\"\",\"focal_length\":\"75\",\"iso\":\"2000\",\"shutter_speed\":\"0.01\",\"title\":\"\",\"orientation\":1,\"keywords\":[]},\"meta\":false,\"postlink\":\"https:\/\/www.centrocliniconemo.it\/m-g-onorati\/\"},{\"id\":22517,\"title\":\"M. Ravot Licheri\",\"url\":\"https:\/\/www.centrocliniconemo.it\/wp-content\/uploads\/2024\/10\/M.-Ravot-Licheri.jpg\",\"link\":\"https:\/\/www.centrocliniconemo.it\/m-ravot-licheri\/\",\"alt\":\"\",\"description\":\"\",\"caption\":\"\",\"mime\":\"image\/jpeg\",\"type\":\"image\",\"width\":7952,\"height\":5304,\"sizes\":{\"thumbnail\":{\"height\":150,\"width\":150,\"url\":\"https:\/\/www.centrocliniconemo.it\/wp-content\/uploads\/2024\/10\/M.-Ravot-Licheri-150x150.jpg\",\"orientation\":\"landscape\"},\"medium\":{\"height\":200,\"width\":300,\"url\":\"https:\/\/www.centrocliniconemo.it\/wp-content\/uploads\/2024\/10\/M.-Ravot-Licheri-300x200.jpg\",\"orientation\":\"landscape\"},\"large\":{\"height\":683,\"width\":1024,\"url\":\"https:\/\/www.centrocliniconemo.it\/wp-content\/uploads\/2024\/10\/M.-Ravot-Licheri-1024x683.jpg\",\"orientation\":\"landscape\"},\"full\":{\"url\":\"https:\/\/www.centrocliniconemo.it\/wp-content\/uploads\/2024\/10\/M.-Ravot-Licheri.jpg\",\"height\":5304,\"width\":7952,\"orientation\":\"landscape\"}},\"imageMeta\":{\"aperture\":\"2.8\",\"credit\":\"\",\"camera\":\"ILCE-7RM3\",\"caption\":\"\",\"created_timestamp\":\"1732471286\",\"copyright\":\"\",\"focal_length\":\"75\",\"iso\":\"5000\",\"shutter_speed\":\"0.008\",\"title\":\"\",\"orientation\":\"1\",\"keywords\":[]},\"meta\":false,\"postlink\":\"https:\/\/www.centrocliniconemo.it\/m-ravot-licheri\/\"},{\"id\":22495,\"title\":\"FOOD LAB\",\"url\":\"https:\/\/www.centrocliniconemo.it\/wp-content\/uploads\/2024\/10\/FOOD-LAB.jpeg\",\"link\":\"https:\/\/www.centrocliniconemo.it\/food-lab\/\",\"alt\":\"\",\"description\":\"\",\"caption\":\"\",\"mime\":\"image\/jpeg\",\"type\":\"image\",\"width\":2040,\"height\":1536,\"sizes\":{\"thumbnail\":{\"height\":150,\"width\":150,\"url\":\"https:\/\/www.centrocliniconemo.it\/wp-content\/uploads\/2024\/10\/FOOD-LAB-150x150.jpeg\",\"orientation\":\"landscape\"},\"medium\":{\"height\":226,\"width\":300,\"url\":\"https:\/\/www.centrocliniconemo.it\/wp-content\/uploads\/2024\/10\/FOOD-LAB-300x226.jpeg\",\"orientation\":\"landscape\"},\"large\":{\"height\":771,\"width\":1024,\"url\":\"https:\/\/www.centrocliniconemo.it\/wp-content\/uploads\/2024\/10\/FOOD-LAB-1024x771.jpeg\",\"orientation\":\"landscape\"},\"full\":{\"url\":\"https:\/\/www.centrocliniconemo.it\/wp-content\/uploads\/2024\/10\/FOOD-LAB.jpeg\",\"height\":1536,\"width\":2040,\"orientation\":\"landscape\"}},\"imageMeta\":{\"aperture\":\"0\",\"credit\":\"\",\"camera\":\"\",\"caption\":\"\",\"created_timestamp\":\"0\",\"copyright\":\"\",\"focal_length\":\"0\",\"iso\":\"0\",\"shutter_speed\":\"0\",\"title\":\"\",\"orientation\":\"0\",\"keywords\":[]},\"meta\":false,\"postlink\":\"https:\/\/www.centrocliniconemo.it\/food-lab\/\"},{\"id\":22497,\"title\":\"G. Lucia\",\"url\":\"https:\/\/www.centrocliniconemo.it\/wp-content\/uploads\/2024\/10\/G.-Lucia.jpg\",\"link\":\"https:\/\/www.centrocliniconemo.it\/g-lucia\/\",\"alt\":\"\",\"description\":\"\",\"caption\":\"\",\"mime\":\"image\/jpeg\",\"type\":\"image\",\"width\":7952,\"height\":5304,\"sizes\":{\"thumbnail\":{\"height\":150,\"width\":150,\"url\":\"https:\/\/www.centrocliniconemo.it\/wp-content\/uploads\/2024\/10\/G.-Lucia-150x150.jpg\",\"orientation\":\"landscape\"},\"medium\":{\"height\":200,\"width\":300,\"url\":\"https:\/\/www.centrocliniconemo.it\/wp-content\/uploads\/2024\/10\/G.-Lucia-300x200.jpg\",\"orientation\":\"landscape\"},\"large\":{\"height\":683,\"width\":1024,\"url\":\"https:\/\/www.centrocliniconemo.it\/wp-content\/uploads\/2024\/10\/G.-Lucia-1024x683.jpg\",\"orientation\":\"landscape\"},\"full\":{\"url\":\"https:\/\/www.centrocliniconemo.it\/wp-content\/uploads\/2024\/10\/G.-Lucia.jpg\",\"height\":5304,\"width\":7952,\"orientation\":\"landscape\"}},\"imageMeta\":{\"aperture\":\"2.8\",\"credit\":\"\",\"camera\":\"ILCE-7RM3\",\"caption\":\"\",\"created_timestamp\":\"1732453148\",\"copyright\":\"\",\"focal_length\":\"52\",\"iso\":\"1000\",\"shutter_speed\":\"0.005\",\"title\":\"\",\"orientation\":\"1\",\"keywords\":[]},\"meta\":false,\"postlink\":\"https:\/\/www.centrocliniconemo.it\/g-lucia\/\"},{\"id\":22499,\"title\":\"J. Lops\",\"url\":\"https:\/\/www.centrocliniconemo.it\/wp-content\/uploads\/2024\/10\/J.-Lops.jpg\",\"link\":\"https:\/\/www.centrocliniconemo.it\/j-lops\/\",\"alt\":\"\",\"description\":\"\",\"caption\":\"\",\"mime\":\"image\/jpeg\",\"type\":\"image\",\"width\":7952,\"height\":5304,\"sizes\":{\"thumbnail\":{\"height\":150,\"width\":150,\"url\":\"https:\/\/www.centrocliniconemo.it\/wp-content\/uploads\/2024\/10\/J.-Lops-150x150.jpg\",\"orientation\":\"landscape\"},\"medium\":{\"height\":200,\"width\":300,\"url\":\"https:\/\/www.centrocliniconemo.it\/wp-content\/uploads\/2024\/10\/J.-Lops-300x200.jpg\",\"orientation\":\"landscape\"},\"large\":{\"height\":683,\"width\":1024,\"url\":\"https:\/\/www.centrocliniconemo.it\/wp-content\/uploads\/2024\/10\/J.-Lops-1024x683.jpg\",\"orientation\":\"landscape\"},\"full\":{\"url\":\"https:\/\/www.centrocliniconemo.it\/wp-content\/uploads\/2024\/10\/J.-Lops.jpg\",\"height\":5304,\"width\":7952,\"orientation\":\"landscape\"}},\"imageMeta\":{\"aperture\":\"2.8\",\"credit\":\"\",\"camera\":\"ILCE-7RM3\",\"caption\":\"\",\"created_timestamp\":\"1732450922\",\"copyright\":\"\",\"focal_length\":\"50\",\"iso\":\"2000\",\"shutter_speed\":\"0.005\",\"title\":\"\",\"orientation\":\"1\",\"keywords\":[]},\"meta\":false,\"postlink\":\"https:\/\/www.centrocliniconemo.it\/j-lops\/\"},{\"id\":22501,\"title\":\"Lab Sensoriale_4\",\"url\":\"https:\/\/www.centrocliniconemo.it\/wp-content\/uploads\/2024\/10\/Lab-Sensoriale_4.jpg\",\"link\":\"https:\/\/www.centrocliniconemo.it\/lab-sensoriale_4\/\",\"alt\":\"\",\"description\":\"\",\"caption\":\"\",\"mime\":\"image\/jpeg\",\"type\":\"image\",\"width\":7952,\"height\":5304,\"sizes\":{\"thumbnail\":{\"height\":150,\"width\":150,\"url\":\"https:\/\/www.centrocliniconemo.it\/wp-content\/uploads\/2024\/10\/Lab-Sensoriale_4-150x150.jpg\",\"orientation\":\"landscape\"},\"medium\":{\"height\":200,\"width\":300,\"url\":\"https:\/\/www.centrocliniconemo.it\/wp-content\/uploads\/2024\/10\/Lab-Sensoriale_4-300x200.jpg\",\"orientation\":\"landscape\"},\"large\":{\"height\":683,\"width\":1024,\"url\":\"https:\/\/www.centrocliniconemo.it\/wp-content\/uploads\/2024\/10\/Lab-Sensoriale_4-1024x683.jpg\",\"orientation\":\"landscape\"},\"full\":{\"url\":\"https:\/\/www.centrocliniconemo.it\/wp-content\/uploads\/2024\/10\/Lab-Sensoriale_4.jpg\",\"height\":5304,\"width\":7952,\"orientation\":\"landscape\"}},\"imageMeta\":{\"aperture\":\"2.8\",\"credit\":\"\",\"camera\":\"ILCE-7RM3\",\"caption\":\"\",\"created_timestamp\":\"1729865028\",\"copyright\":\"\",\"focal_length\":\"33\",\"iso\":\"2500\",\"shutter_speed\":\"0.01\",\"title\":\"\",\"orientation\":\"1\",\"keywords\":[]},\"meta\":false,\"postlink\":\"https:\/\/www.centrocliniconemo.it\/lab-sensoriale_4\/\"},{\"id\":22503,\"title\":\"LAb Sensoriale\",\"url\":\"https:\/\/www.centrocliniconemo.it\/wp-content\/uploads\/2024\/10\/LAb-Sensoriale.jpg\",\"link\":\"https:\/\/www.centrocliniconemo.it\/lab-sensoriale\/\",\"alt\":\"\",\"description\":\"\",\"caption\":\"\",\"mime\":\"image\/jpeg\",\"type\":\"image\",\"width\":7952,\"height\":5304,\"sizes\":{\"thumbnail\":{\"height\":150,\"width\":150,\"url\":\"https:\/\/www.centrocliniconemo.it\/wp-content\/uploads\/2024\/10\/LAb-Sensoriale-150x150.jpg\",\"orientation\":\"landscape\"},\"medium\":{\"height\":200,\"width\":300,\"url\":\"https:\/\/www.centrocliniconemo.it\/wp-content\/uploads\/2024\/10\/LAb-Sensoriale-300x200.jpg\",\"orientation\":\"landscape\"},\"large\":{\"height\":683,\"width\":1024,\"url\":\"https:\/\/www.centrocliniconemo.it\/wp-content\/uploads\/2024\/10\/LAb-Sensoriale-1024x683.jpg\",\"orientation\":\"landscape\"},\"full\":{\"url\":\"https:\/\/www.centrocliniconemo.it\/wp-content\/uploads\/2024\/10\/LAb-Sensoriale.jpg\",\"height\":5304,\"width\":7952,\"orientation\":\"landscape\"}},\"imageMeta\":{\"aperture\":\"2.8\",\"credit\":\"\",\"camera\":\"ILCE-7RM3\",\"caption\":\"\",\"created_timestamp\":\"1729865652\",\"copyright\":\"\",\"focal_length\":\"33\",\"iso\":\"2500\",\"shutter_speed\":\"0.01\",\"title\":\"\",\"orientation\":\"1\",\"keywords\":[]},\"meta\":false,\"postlink\":\"https:\/\/www.centrocliniconemo.it\/lab-sensoriale\/\"},{\"id\":22505,\"title\":\"Lab. Sensoriale_2\",\"url\":\"https:\/\/www.centrocliniconemo.it\/wp-content\/uploads\/2024\/10\/Lab.-Sensoriale_2.jpg\",\"link\":\"https:\/\/www.centrocliniconemo.it\/lab-sensoriale_2\/\",\"alt\":\"\",\"description\":\"\",\"caption\":\"\",\"mime\":\"image\/jpeg\",\"type\":\"image\",\"width\":7952,\"height\":5304,\"sizes\":{\"thumbnail\":{\"height\":150,\"width\":150,\"url\":\"https:\/\/www.centrocliniconemo.it\/wp-content\/uploads\/2024\/10\/Lab.-Sensoriale_2-150x150.jpg\",\"orientation\":\"landscape\"},\"medium\":{\"height\":200,\"width\":300,\"url\":\"https:\/\/www.centrocliniconemo.it\/wp-content\/uploads\/2024\/10\/Lab.-Sensoriale_2-300x200.jpg\",\"orientation\":\"landscape\"},\"large\":{\"height\":683,\"width\":1024,\"url\":\"https:\/\/www.centrocliniconemo.it\/wp-content\/uploads\/2024\/10\/Lab.-Sensoriale_2-1024x683.jpg\",\"orientation\":\"landscape\"},\"full\":{\"url\":\"https:\/\/www.centrocliniconemo.it\/wp-content\/uploads\/2024\/10\/Lab.-Sensoriale_2.jpg\",\"height\":5304,\"width\":7952,\"orientation\":\"landscape\"}},\"imageMeta\":{\"aperture\":\"2.8\",\"credit\":\"\",\"camera\":\"ILCE-7RM3\",\"caption\":\"\",\"created_timestamp\":\"1729865644\",\"copyright\":\"\",\"focal_length\":\"58\",\"iso\":\"2500\",\"shutter_speed\":\"0.01\",\"title\":\"\",\"orientation\":\"1\",\"keywords\":[]},\"meta\":false,\"postlink\":\"https:\/\/www.centrocliniconemo.it\/lab-sensoriale_2\/\"},{\"id\":22507,\"title\":\"Lab. Sensoriale_3\",\"url\":\"https:\/\/www.centrocliniconemo.it\/wp-content\/uploads\/2024\/10\/Lab.-Sensoriale_3.jpg\",\"link\":\"https:\/\/www.centrocliniconemo.it\/lab-sensoriale_3\/\",\"alt\":\"\",\"description\":\"\",\"caption\":\"\",\"mime\":\"image\/jpeg\",\"type\":\"image\",\"width\":7952,\"height\":5304,\"sizes\":{\"thumbnail\":{\"height\":150,\"width\":150,\"url\":\"https:\/\/www.centrocliniconemo.it\/wp-content\/uploads\/2024\/10\/Lab.-Sensoriale_3-150x150.jpg\",\"orientation\":\"landscape\"},\"medium\":{\"height\":200,\"width\":300,\"url\":\"https:\/\/www.centrocliniconemo.it\/wp-content\/uploads\/2024\/10\/Lab.-Sensoriale_3-300x200.jpg\",\"orientation\":\"landscape\"},\"large\":{\"height\":683,\"width\":1024,\"url\":\"https:\/\/www.centrocliniconemo.it\/wp-content\/uploads\/2024\/10\/Lab.-Sensoriale_3-1024x683.jpg\",\"orientation\":\"landscape\"},\"full\":{\"url\":\"https:\/\/www.centrocliniconemo.it\/wp-content\/uploads\/2024\/10\/Lab.-Sensoriale_3.jpg\",\"height\":5304,\"width\":7952,\"orientation\":\"landscape\"}},\"imageMeta\":{\"aperture\":\"2.8\",\"credit\":\"\",\"camera\":\"ILCE-7RM3\",\"caption\":\"\",\"created_timestamp\":\"1729865572\",\"copyright\":\"\",\"focal_length\":\"42\",\"iso\":\"2500\",\"shutter_speed\":\"0.01\",\"title\":\"\",\"orientation\":\"1\",\"keywords\":[]},\"meta\":false,\"postlink\":\"https:\/\/www.centrocliniconemo.it\/lab-sensoriale_3\/\"},{\"id\":22509,\"title\":\"Lab. Sensoriale_4\",\"url\":\"https:\/\/www.centrocliniconemo.it\/wp-content\/uploads\/2024\/10\/Lab.-Sensoriale_4.jpg\",\"link\":\"https:\/\/www.centrocliniconemo.it\/lab-sensoriale_4-2\/\",\"alt\":\"\",\"description\":\"\",\"caption\":\"\",\"mime\":\"image\/jpeg\",\"type\":\"image\",\"width\":7952,\"height\":5304,\"sizes\":{\"thumbnail\":{\"height\":150,\"width\":150,\"url\":\"https:\/\/www.centrocliniconemo.it\/wp-content\/uploads\/2024\/10\/Lab.-Sensoriale_4-150x150.jpg\",\"orientation\":\"landscape\"},\"medium\":{\"height\":200,\"width\":300,\"url\":\"https:\/\/www.centrocliniconemo.it\/wp-content\/uploads\/2024\/10\/Lab.-Sensoriale_4-300x200.jpg\",\"orientation\":\"landscape\"},\"large\":{\"height\":683,\"width\":1024,\"url\":\"https:\/\/www.centrocliniconemo.it\/wp-content\/uploads\/2024\/10\/Lab.-Sensoriale_4-1024x683.jpg\",\"orientation\":\"landscape\"},\"full\":{\"url\":\"https:\/\/www.centrocliniconemo.it\/wp-content\/uploads\/2024\/10\/Lab.-Sensoriale_4.jpg\",\"height\":5304,\"width\":7952,\"orientation\":\"landscape\"}},\"imageMeta\":{\"aperture\":\"2.8\",\"credit\":\"\",\"camera\":\"ILCE-7RM3\",\"caption\":\"\",\"created_timestamp\":\"1729864881\",\"copyright\":\"\",\"focal_length\":\"28\",\"iso\":\"1600\",\"shutter_speed\":\"0.01\",\"title\":\"\",\"orientation\":\"1\",\"keywords\":[]},\"meta\":false,\"postlink\":\"https:\/\/www.centrocliniconemo.it\/lab-sensoriale_4-2\/\"},{\"id\":22513,\"title\":\"Lab. Sensoriale_6\",\"url\":\"https:\/\/www.centrocliniconemo.it\/wp-content\/uploads\/2024\/10\/Lab.-Sensoriale_6.jpg\",\"link\":\"https:\/\/www.centrocliniconemo.it\/lab-sensoriale_6\/\",\"alt\":\"\",\"description\":\"\",\"caption\":\"\",\"mime\":\"image\/jpeg\",\"type\":\"image\",\"width\":7952,\"height\":5304,\"sizes\":{\"thumbnail\":{\"height\":150,\"width\":150,\"url\":\"https:\/\/www.centrocliniconemo.it\/wp-content\/uploads\/2024\/10\/Lab.-Sensoriale_6-150x150.jpg\",\"orientation\":\"landscape\"},\"medium\":{\"height\":200,\"width\":300,\"url\":\"https:\/\/www.centrocliniconemo.it\/wp-content\/uploads\/2024\/10\/Lab.-Sensoriale_6-300x200.jpg\",\"orientation\":\"landscape\"},\"large\":{\"height\":683,\"width\":1024,\"url\":\"https:\/\/www.centrocliniconemo.it\/wp-content\/uploads\/2024\/10\/Lab.-Sensoriale_6-1024x683.jpg\",\"orientation\":\"landscape\"},\"full\":{\"url\":\"https:\/\/www.centrocliniconemo.it\/wp-content\/uploads\/2024\/10\/Lab.-Sensoriale_6.jpg\",\"height\":5304,\"width\":7952,\"orientation\":\"landscape\"}},\"imageMeta\":{\"aperture\":\"2.8\",\"credit\":\"\",\"camera\":\"ILCE-7RM3\",\"caption\":\"\",\"created_timestamp\":\"1729864974\",\"copyright\":\"\",\"focal_length\":\"75\",\"iso\":\"16000\",\"shutter_speed\":\"0.01\",\"title\":\"\",\"orientation\":\"1\",\"keywords\":[]},\"meta\":false,\"postlink\":\"https:\/\/www.centrocliniconemo.it\/lab-sensoriale_6\/\"},{\"id\":22493,\"title\":\"Food Lab_4\",\"url\":\"https:\/\/www.centrocliniconemo.it\/wp-content\/uploads\/2024\/10\/Food-Lab_4.jpeg\",\"link\":\"https:\/\/www.centrocliniconemo.it\/food-lab_4\/\",\"alt\":\"\",\"description\":\"\",\"caption\":\"\",\"mime\":\"image\/jpeg\",\"type\":\"image\",\"width\":2040,\"height\":1536,\"sizes\":{\"thumbnail\":{\"height\":150,\"width\":150,\"url\":\"https:\/\/www.centrocliniconemo.it\/wp-content\/uploads\/2024\/10\/Food-Lab_4-150x150.jpeg\",\"orientation\":\"landscape\"},\"medium\":{\"height\":226,\"width\":300,\"url\":\"https:\/\/www.centrocliniconemo.it\/wp-content\/uploads\/2024\/10\/Food-Lab_4-300x226.jpeg\",\"orientation\":\"landscape\"},\"large\":{\"height\":771,\"width\":1024,\"url\":\"https:\/\/www.centrocliniconemo.it\/wp-content\/uploads\/2024\/10\/Food-Lab_4-1024x771.jpeg\",\"orientation\":\"landscape\"},\"full\":{\"url\":\"https:\/\/www.centrocliniconemo.it\/wp-content\/uploads\/2024\/10\/Food-Lab_4.jpeg\",\"height\":1536,\"width\":2040,\"orientation\":\"landscape\"}},\"imageMeta\":{\"aperture\":\"0\",\"credit\":\"\",\"camera\":\"\",\"caption\":\"\",\"created_timestamp\":\"0\",\"copyright\":\"\",\"focal_length\":\"0\",\"iso\":\"0\",\"shutter_speed\":\"0\",\"title\":\"\",\"orientation\":\"0\",\"keywords\":[]},\"meta\":false,\"postlink\":\"https:\/\/www.centrocliniconemo.it\/food-lab_4\/\"},{\"id\":22491,\"title\":\"Food Lab_2\",\"url\":\"https:\/\/www.centrocliniconemo.it\/wp-content\/uploads\/2024\/10\/Food-Lab_2.jpg\",\"link\":\"https:\/\/www.centrocliniconemo.it\/food-lab_2\/\",\"alt\":\"\",\"description\":\"\",\"caption\":\"\",\"mime\":\"image\/jpeg\",\"type\":\"image\",\"width\":7952,\"height\":5304,\"sizes\":{\"thumbnail\":{\"height\":150,\"width\":150,\"url\":\"https:\/\/www.centrocliniconemo.it\/wp-content\/uploads\/2024\/10\/Food-Lab_2-150x150.jpg\",\"orientation\":\"landscape\"},\"medium\":{\"height\":200,\"width\":300,\"url\":\"https:\/\/www.centrocliniconemo.it\/wp-content\/uploads\/2024\/10\/Food-Lab_2-300x200.jpg\",\"orientation\":\"landscape\"},\"large\":{\"height\":683,\"width\":1024,\"url\":\"https:\/\/www.centrocliniconemo.it\/wp-content\/uploads\/2024\/10\/Food-Lab_2-1024x683.jpg\",\"orientation\":\"landscape\"},\"full\":{\"url\":\"https:\/\/www.centrocliniconemo.it\/wp-content\/uploads\/2024\/10\/Food-Lab_2.jpg\",\"height\":5304,\"width\":7952,\"orientation\":\"landscape\"}},\"imageMeta\":{\"aperture\":\"2.8\",\"credit\":\"\",\"camera\":\"ILCE-7RM3\",\"caption\":\"\",\"created_timestamp\":\"1729849873\",\"copyright\":\"\",\"focal_length\":\"28\",\"iso\":\"2500\",\"shutter_speed\":\"0.004\",\"title\":\"\",\"orientation\":\"1\",\"keywords\":[]},\"meta\":false,\"postlink\":\"https:\/\/www.centrocliniconemo.it\/food-lab_2\/\"},{\"id\":22489,\"title\":\"F. Rao\",\"url\":\"https:\/\/www.centrocliniconemo.it\/wp-content\/uploads\/2024\/10\/F.-Rao.jpg\",\"link\":\"https:\/\/www.centrocliniconemo.it\/f-rao\/\",\"alt\":\"\",\"description\":\"\",\"caption\":\"\",\"mime\":\"image\/jpeg\",\"type\":\"image\",\"width\":7952,\"height\":5304,\"sizes\":{\"thumbnail\":{\"height\":150,\"width\":150,\"url\":\"https:\/\/www.centrocliniconemo.it\/wp-content\/uploads\/2024\/10\/F.-Rao-150x150.jpg\",\"orientation\":\"landscape\"},\"medium\":{\"height\":300,\"width\":200,\"url\":\"https:\/\/www.centrocliniconemo.it\/wp-content\/uploads\/2024\/10\/F.-Rao-200x300.jpg\",\"orientation\":\"portrait\"},\"large\":{\"height\":1024,\"width\":683,\"url\":\"https:\/\/www.centrocliniconemo.it\/wp-content\/uploads\/2024\/10\/F.-Rao-683x1024.jpg\",\"orientation\":\"portrait\"},\"full\":{\"url\":\"https:\/\/www.centrocliniconemo.it\/wp-content\/uploads\/2024\/10\/F.-Rao.jpg\",\"height\":5304,\"width\":7952,\"orientation\":\"landscape\"}},\"imageMeta\":{\"aperture\":\"2.8\",\"credit\":\"\",\"camera\":\"ILCE-7RM3\",\"caption\":\"\",\"created_timestamp\":\"1732447815\",\"copyright\":\"\",\"focal_length\":\"69\",\"iso\":\"640\",\"shutter_speed\":\"0.01\",\"title\":\"\",\"orientation\":\"8\",\"keywords\":[]},\"meta\":false,\"postlink\":\"https:\/\/www.centrocliniconemo.it\/f-rao\/\"},{\"id\":22487,\"title\":\"F. Massimelli\",\"url\":\"https:\/\/www.centrocliniconemo.it\/wp-content\/uploads\/2024\/10\/F.-Massimelli-scaled.jpg\",\"link\":\"https:\/\/www.centrocliniconemo.it\/f-massimelli\/\",\"alt\":\"\",\"description\":\"\",\"caption\":\"\",\"mime\":\"image\/jpeg\",\"type\":\"image\",\"width\":1708,\"height\":2560,\"sizes\":{\"thumbnail\":{\"height\":150,\"width\":150,\"url\":\"https:\/\/www.centrocliniconemo.it\/wp-content\/uploads\/2024\/10\/F.-Massimelli-150x150.jpg\",\"orientation\":\"landscape\"},\"medium\":{\"height\":300,\"width\":200,\"url\":\"https:\/\/www.centrocliniconemo.it\/wp-content\/uploads\/2024\/10\/F.-Massimelli-200x300.jpg\",\"orientation\":\"portrait\"},\"large\":{\"height\":1024,\"width\":683,\"url\":\"https:\/\/www.centrocliniconemo.it\/wp-content\/uploads\/2024\/10\/F.-Massimelli-683x1024.jpg\",\"orientation\":\"portrait\"},\"full\":{\"url\":\"https:\/\/www.centrocliniconemo.it\/wp-content\/uploads\/2024\/10\/F.-Massimelli-scaled.jpg\",\"height\":2560,\"width\":1708,\"orientation\":\"portrait\"}},\"imageMeta\":{\"aperture\":\"4\",\"credit\":\"\",\"camera\":\"ILCE-7RM3\",\"caption\":\"\",\"created_timestamp\":\"1732457465\",\"copyright\":\"\",\"focal_length\":\"64\",\"iso\":\"1600\",\"shutter_speed\":\"0.01\",\"title\":\"\",\"orientation\":1,\"keywords\":[]},\"meta\":false,\"postlink\":\"https:\/\/www.centrocliniconemo.it\/f-massimelli\/\"},{\"id\":22485,\"title\":\"E. Longo\",\"url\":\"https:\/\/www.centrocliniconemo.it\/wp-content\/uploads\/2024\/10\/E.-Longo-scaled.jpg\",\"link\":\"https:\/\/www.centrocliniconemo.it\/e-longo\/\",\"alt\":\"\",\"description\":\"\",\"caption\":\"\",\"mime\":\"image\/jpeg\",\"type\":\"image\",\"width\":1708,\"height\":2560,\"sizes\":{\"thumbnail\":{\"height\":150,\"width\":150,\"url\":\"https:\/\/www.centrocliniconemo.it\/wp-content\/uploads\/2024\/10\/E.-Longo-150x150.jpg\",\"orientation\":\"landscape\"},\"medium\":{\"height\":300,\"width\":200,\"url\":\"https:\/\/www.centrocliniconemo.it\/wp-content\/uploads\/2024\/10\/E.-Longo-200x300.jpg\",\"orientation\":\"portrait\"},\"large\":{\"height\":1024,\"width\":683,\"url\":\"https:\/\/www.centrocliniconemo.it\/wp-content\/uploads\/2024\/10\/E.-Longo-683x1024.jpg\",\"orientation\":\"portrait\"},\"full\":{\"url\":\"https:\/\/www.centrocliniconemo.it\/wp-content\/uploads\/2024\/10\/E.-Longo-scaled.jpg\",\"height\":2560,\"width\":1708,\"orientation\":\"portrait\"}},\"imageMeta\":{\"aperture\":\"4\",\"credit\":\"\",\"camera\":\"ILCE-7RM3\",\"caption\":\"\",\"created_timestamp\":\"1732457919\",\"copyright\":\"\",\"focal_length\":\"75\",\"iso\":\"1600\",\"shutter_speed\":\"0.01\",\"title\":\"\",\"orientation\":1,\"keywords\":[]},\"meta\":false,\"postlink\":\"https:\/\/www.centrocliniconemo.it\/e-longo\/\"},{\"id\":22483,\"title\":\"E. Corradi\",\"url\":\"https:\/\/www.centrocliniconemo.it\/wp-content\/uploads\/2024\/10\/E.-Corradi.jpg\",\"link\":\"https:\/\/www.centrocliniconemo.it\/e-corradi\/\",\"alt\":\"\",\"description\":\"\",\"caption\":\"\",\"mime\":\"image\/jpeg\",\"type\":\"image\",\"width\":7952,\"height\":5304,\"sizes\":{\"thumbnail\":{\"height\":150,\"width\":150,\"url\":\"https:\/\/www.centrocliniconemo.it\/wp-content\/uploads\/2024\/10\/E.-Corradi-150x150.jpg\",\"orientation\":\"landscape\"},\"medium\":{\"height\":300,\"width\":200,\"url\":\"https:\/\/www.centrocliniconemo.it\/wp-content\/uploads\/2024\/10\/E.-Corradi-200x300.jpg\",\"orientation\":\"portrait\"},\"large\":{\"height\":1024,\"width\":683,\"url\":\"https:\/\/www.centrocliniconemo.it\/wp-content\/uploads\/2024\/10\/E.-Corradi-683x1024.jpg\",\"orientation\":\"portrait\"},\"full\":{\"url\":\"https:\/\/www.centrocliniconemo.it\/wp-content\/uploads\/2024\/10\/E.-Corradi.jpg\",\"height\":5304,\"width\":7952,\"orientation\":\"landscape\"}},\"imageMeta\":{\"aperture\":\"2.8\",\"credit\":\"\",\"camera\":\"ILCE-7RM3\",\"caption\":\"\",\"created_timestamp\":\"1732444691\",\"copyright\":\"\",\"focal_length\":\"75\",\"iso\":\"640\",\"shutter_speed\":\"0.01\",\"title\":\"\",\"orientation\":\"8\",\"keywords\":[]},\"meta\":false,\"postlink\":\"https:\/\/www.centrocliniconemo.it\/e-corradi\/\"},{\"id\":22479,\"title\":\"Copia di Pollenzo_Convegno\",\"url\":\"https:\/\/www.centrocliniconemo.it\/wp-content\/uploads\/2024\/10\/Copia-di-Pollenzo_Convegno.jpg\",\"link\":\"https:\/\/www.centrocliniconemo.it\/copia-di-pollenzo_convegno\/\",\"alt\":\"\",\"description\":\"\",\"caption\":\"\",\"mime\":\"image\/jpeg\",\"type\":\"image\",\"width\":7952,\"height\":5304,\"sizes\":{\"thumbnail\":{\"height\":150,\"width\":150,\"url\":\"https:\/\/www.centrocliniconemo.it\/wp-content\/uploads\/2024\/10\/Copia-di-Pollenzo_Convegno-150x150.jpg\",\"orientation\":\"landscape\"},\"medium\":{\"height\":200,\"width\":300,\"url\":\"https:\/\/www.centrocliniconemo.it\/wp-content\/uploads\/2024\/10\/Copia-di-Pollenzo_Convegno-300x200.jpg\",\"orientation\":\"landscape\"},\"large\":{\"height\":683,\"width\":1024,\"url\":\"https:\/\/www.centrocliniconemo.it\/wp-content\/uploads\/2024\/10\/Copia-di-Pollenzo_Convegno-1024x683.jpg\",\"orientation\":\"landscape\"},\"full\":{\"url\":\"https:\/\/www.centrocliniconemo.it\/wp-content\/uploads\/2024\/10\/Copia-di-Pollenzo_Convegno.jpg\",\"height\":5304,\"width\":7952,\"orientation\":\"landscape\"}},\"imageMeta\":{\"aperture\":\"3.5\",\"credit\":\"\",\"camera\":\"ILCE-7RM3\",\"caption\":\"\",\"created_timestamp\":\"1732441558\",\"copyright\":\"\",\"focal_length\":\"53\",\"iso\":\"6400\",\"shutter_speed\":\"0.005\",\"title\":\"\",\"orientation\":\"1\",\"keywords\":[]},\"meta\":false,\"postlink\":\"https:\/\/www.centrocliniconemo.it\/copia-di-pollenzo_convegno\/\"},{\"id\":22481,\"title\":\"E. Carraro\",\"url\":\"https:\/\/www.centrocliniconemo.it\/wp-content\/uploads\/2024\/10\/E.-Carraro.jpg\",\"link\":\"https:\/\/www.centrocliniconemo.it\/e-carraro\/\",\"alt\":\"\",\"description\":\"\",\"caption\":\"\",\"mime\":\"image\/jpeg\",\"type\":\"image\",\"width\":7952,\"height\":5304,\"sizes\":{\"thumbnail\":{\"height\":150,\"width\":150,\"url\":\"https:\/\/www.centrocliniconemo.it\/wp-content\/uploads\/2024\/10\/E.-Carraro-150x150.jpg\",\"orientation\":\"landscape\"},\"medium\":{\"height\":300,\"width\":200,\"url\":\"https:\/\/www.centrocliniconemo.it\/wp-content\/uploads\/2024\/10\/E.-Carraro-200x300.jpg\",\"orientation\":\"portrait\"},\"large\":{\"height\":1024,\"width\":683,\"url\":\"https:\/\/www.centrocliniconemo.it\/wp-content\/uploads\/2024\/10\/E.-Carraro-683x1024.jpg\",\"orientation\":\"portrait\"},\"full\":{\"url\":\"https:\/\/www.centrocliniconemo.it\/wp-content\/uploads\/2024\/10\/E.-Carraro.jpg\",\"height\":5304,\"width\":7952,\"orientation\":\"landscape\"}},\"imageMeta\":{\"aperture\":\"2.8\",\"credit\":\"\",\"camera\":\"ILCE-7RM3\",\"caption\":\"\",\"created_timestamp\":\"1732447224\",\"copyright\":\"\",\"focal_length\":\"68\",\"iso\":\"640\",\"shutter_speed\":\"0.01\",\"title\":\"\",\"orientation\":\"8\",\"keywords\":[]},\"meta\":false,\"postlink\":\"https:\/\/www.centrocliniconemo.it\/e-carraro\/\"},{\"id\":22477,\"title\":\"Copia di Federica Cerri\",\"url\":\"https:\/\/www.centrocliniconemo.it\/wp-content\/uploads\/2024\/10\/Copia-di-Federica-Cerri.jpg\",\"link\":\"https:\/\/www.centrocliniconemo.it\/copia-di-federica-cerri\/\",\"alt\":\"\",\"description\":\"\",\"caption\":\"\",\"mime\":\"image\/jpeg\",\"type\":\"image\",\"width\":1600,\"height\":1200,\"sizes\":{\"thumbnail\":{\"height\":150,\"width\":150,\"url\":\"https:\/\/www.centrocliniconemo.it\/wp-content\/uploads\/2024\/10\/Copia-di-Federica-Cerri-150x150.jpg\",\"orientation\":\"landscape\"},\"medium\":{\"height\":225,\"width\":300,\"url\":\"https:\/\/www.centrocliniconemo.it\/wp-content\/uploads\/2024\/10\/Copia-di-Federica-Cerri-300x225.jpg\",\"orientation\":\"landscape\"},\"large\":{\"height\":768,\"width\":1024,\"url\":\"https:\/\/www.centrocliniconemo.it\/wp-content\/uploads\/2024\/10\/Copia-di-Federica-Cerri-1024x768.jpg\",\"orientation\":\"landscape\"},\"full\":{\"url\":\"https:\/\/www.centrocliniconemo.it\/wp-content\/uploads\/2024\/10\/Copia-di-Federica-Cerri.jpg\",\"height\":1200,\"width\":1600,\"orientation\":\"landscape\"}},\"imageMeta\":{\"aperture\":\"0\",\"credit\":\"\",\"camera\":\"\",\"caption\":\"\",\"created_timestamp\":\"0\",\"copyright\":\"\",\"focal_length\":\"0\",\"iso\":\"0\",\"shutter_speed\":\"0\",\"title\":\"\",\"orientation\":\"0\",\"keywords\":[]},\"meta\":false,\"postlink\":\"https:\/\/www.centrocliniconemo.it\/copia-di-federica-cerri\/\"},{\"id\":22475,\"title\":\"Chef Roberto Carcangiu\",\"url\":\"https:\/\/www.centrocliniconemo.it\/wp-content\/uploads\/2024\/10\/Chef-Roberto-Carcangiu.png\",\"link\":\"https:\/\/www.centrocliniconemo.it\/chef-roberto-carcangiu\/\",\"alt\":\"\",\"description\":\"\",\"caption\":\"\",\"mime\":\"image\/png\",\"type\":\"image\",\"width\":1381,\"height\":748,\"sizes\":{\"thumbnail\":{\"height\":150,\"width\":150,\"url\":\"https:\/\/www.centrocliniconemo.it\/wp-content\/uploads\/2024\/10\/Chef-Roberto-Carcangiu-150x150.png\",\"orientation\":\"landscape\"},\"medium\":{\"height\":162,\"width\":300,\"url\":\"https:\/\/www.centrocliniconemo.it\/wp-content\/uploads\/2024\/10\/Chef-Roberto-Carcangiu-300x162.png\",\"orientation\":\"landscape\"},\"large\":{\"height\":555,\"width\":1024,\"url\":\"https:\/\/www.centrocliniconemo.it\/wp-content\/uploads\/2024\/10\/Chef-Roberto-Carcangiu-1024x555.png\",\"orientation\":\"landscape\"},\"full\":{\"url\":\"https:\/\/www.centrocliniconemo.it\/wp-content\/uploads\/2024\/10\/Chef-Roberto-Carcangiu.png\",\"height\":748,\"width\":1381,\"orientation\":\"landscape\"}},\"imageMeta\":{\"aperture\":\"0\",\"credit\":\"\",\"camera\":\"\",\"caption\":\"\",\"created_timestamp\":\"0\",\"copyright\":\"\",\"focal_length\":\"0\",\"iso\":\"0\",\"shutter_speed\":\"0\",\"title\":\"\",\"orientation\":\"0\",\"keywords\":[]},\"meta\":false,\"postlink\":\"https:\/\/www.centrocliniconemo.it\/chef-roberto-carcangiu\/\"},{\"id\":22473,\"title\":\"Chef e staff\",\"url\":\"https:\/\/www.centrocliniconemo.it\/wp-content\/uploads\/2024\/10\/Chef-e-staff.jpg\",\"link\":\"https:\/\/www.centrocliniconemo.it\/chef-e-staff\/\",\"alt\":\"\",\"description\":\"\",\"caption\":\"\",\"mime\":\"image\/jpeg\",\"type\":\"image\",\"width\":7952,\"height\":5304,\"sizes\":{\"thumbnail\":{\"height\":150,\"width\":150,\"url\":\"https:\/\/www.centrocliniconemo.it\/wp-content\/uploads\/2024\/10\/Chef-e-staff-150x150.jpg\",\"orientation\":\"landscape\"},\"medium\":{\"height\":200,\"width\":300,\"url\":\"https:\/\/www.centrocliniconemo.it\/wp-content\/uploads\/2024\/10\/Chef-e-staff-300x200.jpg\",\"orientation\":\"landscape\"},\"large\":{\"height\":683,\"width\":1024,\"url\":\"https:\/\/www.centrocliniconemo.it\/wp-content\/uploads\/2024\/10\/Chef-e-staff-1024x683.jpg\",\"orientation\":\"landscape\"},\"full\":{\"url\":\"https:\/\/www.centrocliniconemo.it\/wp-content\/uploads\/2024\/10\/Chef-e-staff.jpg\",\"height\":5304,\"width\":7952,\"orientation\":\"landscape\"}},\"imageMeta\":{\"aperture\":\"4\",\"credit\":\"\",\"camera\":\"ILCE-7RM3\",\"caption\":\"\",\"created_timestamp\":\"1729848440\",\"copyright\":\"\",\"focal_length\":\"29\",\"iso\":\"500\",\"shutter_speed\":\"0.002\",\"title\":\"\",\"orientation\":\"1\",\"keywords\":[]},\"meta\":false,\"postlink\":\"https:\/\/www.centrocliniconemo.it\/chef-e-staff\/\"},{\"id\":22461,\"title\":\"A. De Vecchi\",\"url\":\"https:\/\/www.centrocliniconemo.it\/wp-content\/uploads\/2024\/10\/A.-De-Vecchi.jpg\",\"link\":\"https:\/\/www.centrocliniconemo.it\/a-de-vecchi\/\",\"alt\":\"\",\"description\":\"\",\"caption\":\"\",\"mime\":\"image\/jpeg\",\"type\":\"image\",\"width\":7952,\"height\":5304,\"sizes\":{\"thumbnail\":{\"height\":150,\"width\":150,\"url\":\"https:\/\/www.centrocliniconemo.it\/wp-content\/uploads\/2024\/10\/A.-De-Vecchi-150x150.jpg\",\"orientation\":\"landscape\"},\"medium\":{\"height\":200,\"width\":300,\"url\":\"https:\/\/www.centrocliniconemo.it\/wp-content\/uploads\/2024\/10\/A.-De-Vecchi-300x200.jpg\",\"orientation\":\"landscape\"},\"large\":{\"height\":683,\"width\":1024,\"url\":\"https:\/\/www.centrocliniconemo.it\/wp-content\/uploads\/2024\/10\/A.-De-Vecchi-1024x683.jpg\",\"orientation\":\"landscape\"},\"full\":{\"url\":\"https:\/\/www.centrocliniconemo.it\/wp-content\/uploads\/2024\/10\/A.-De-Vecchi.jpg\",\"height\":5304,\"width\":7952,\"orientation\":\"landscape\"}},\"imageMeta\":{\"aperture\":\"2.8\",\"credit\":\"\",\"camera\":\"ILCE-7RM3\",\"caption\":\"\",\"created_timestamp\":\"1732461403\",\"copyright\":\"\",\"focal_length\":\"45\",\"iso\":\"1250\",\"shutter_speed\":\"0.00625\",\"title\":\"\",\"orientation\":\"1\",\"keywords\":[]},\"meta\":false,\"postlink\":\"https:\/\/www.centrocliniconemo.it\/a-de-vecchi\/\"},{\"id\":22463,\"title\":\"A. Pezzana\",\"url\":\"https:\/\/www.centrocliniconemo.it\/wp-content\/uploads\/2024\/10\/A.-Pezzana.jpg\",\"link\":\"https:\/\/www.centrocliniconemo.it\/a-pezzana\/\",\"alt\":\"\",\"description\":\"\",\"caption\":\"\",\"mime\":\"image\/jpeg\",\"type\":\"image\",\"width\":7952,\"height\":5304,\"sizes\":{\"thumbnail\":{\"height\":150,\"width\":150,\"url\":\"https:\/\/www.centrocliniconemo.it\/wp-content\/uploads\/2024\/10\/A.-Pezzana-150x150.jpg\",\"orientation\":\"landscape\"},\"medium\":{\"height\":200,\"width\":300,\"url\":\"https:\/\/www.centrocliniconemo.it\/wp-content\/uploads\/2024\/10\/A.-Pezzana-300x200.jpg\",\"orientation\":\"landscape\"},\"large\":{\"height\":683,\"width\":1024,\"url\":\"https:\/\/www.centrocliniconemo.it\/wp-content\/uploads\/2024\/10\/A.-Pezzana-1024x683.jpg\",\"orientation\":\"landscape\"},\"full\":{\"url\":\"https:\/\/www.centrocliniconemo.it\/wp-content\/uploads\/2024\/10\/A.-Pezzana.jpg\",\"height\":5304,\"width\":7952,\"orientation\":\"landscape\"}},\"imageMeta\":{\"aperture\":\"3.5\",\"credit\":\"\",\"camera\":\"ILCE-7RM3\",\"caption\":\"\",\"created_timestamp\":\"1732440992\",\"copyright\":\"\",\"focal_length\":\"44\",\"iso\":\"4000\",\"shutter_speed\":\"0.005\",\"title\":\"\",\"orientation\":\"1\",\"keywords\":[]},\"meta\":false,\"postlink\":\"https:\/\/www.centrocliniconemo.it\/a-pezzana\/\"},{\"id\":22465,\"title\":\"Badge\",\"url\":\"https:\/\/www.centrocliniconemo.it\/wp-content\/uploads\/2024\/10\/Badge.jpg\",\"link\":\"https:\/\/www.centrocliniconemo.it\/badge\/\",\"alt\":\"\",\"description\":\"\",\"caption\":\"\",\"mime\":\"image\/jpeg\",\"type\":\"image\",\"width\":7952,\"height\":5304,\"sizes\":{\"thumbnail\":{\"height\":150,\"width\":150,\"url\":\"https:\/\/www.centrocliniconemo.it\/wp-content\/uploads\/2024\/10\/Badge-150x150.jpg\",\"orientation\":\"landscape\"},\"medium\":{\"height\":200,\"width\":300,\"url\":\"https:\/\/www.centrocliniconemo.it\/wp-content\/uploads\/2024\/10\/Badge-300x200.jpg\",\"orientation\":\"landscape\"},\"large\":{\"height\":683,\"width\":1024,\"url\":\"https:\/\/www.centrocliniconemo.it\/wp-content\/uploads\/2024\/10\/Badge-1024x683.jpg\",\"orientation\":\"landscape\"},\"full\":{\"url\":\"https:\/\/www.centrocliniconemo.it\/wp-content\/uploads\/2024\/10\/Badge.jpg\",\"height\":5304,\"width\":7952,\"orientation\":\"landscape\"}},\"imageMeta\":{\"aperture\":\"2.8\",\"credit\":\"\",\"camera\":\"ILCE-7RM3\",\"caption\":\"\",\"created_timestamp\":\"1732440339\",\"copyright\":\"\",\"focal_length\":\"34\",\"iso\":\"500\",\"shutter_speed\":\"0.00625\",\"title\":\"\",\"orientation\":\"1\",\"keywords\":[]},\"meta\":false,\"postlink\":\"https:\/\/www.centrocliniconemo.it\/badge\/\"},{\"id\":22467,\"title\":\"Biroli\",\"url\":\"https:\/\/www.centrocliniconemo.it\/wp-content\/uploads\/2024\/10\/Biroli.jpg\",\"link\":\"https:\/\/www.centrocliniconemo.it\/biroli\/\",\"alt\":\"\",\"description\":\"\",\"caption\":\"\",\"mime\":\"image\/jpeg\",\"type\":\"image\",\"width\":7952,\"height\":5304,\"sizes\":{\"thumbnail\":{\"height\":150,\"width\":150,\"url\":\"https:\/\/www.centrocliniconemo.it\/wp-content\/uploads\/2024\/10\/Biroli-150x150.jpg\",\"orientation\":\"landscape\"},\"medium\":{\"height\":200,\"width\":300,\"url\":\"https:\/\/www.centrocliniconemo.it\/wp-content\/uploads\/2024\/10\/Biroli-300x200.jpg\",\"orientation\":\"landscape\"},\"large\":{\"height\":683,\"width\":1024,\"url\":\"https:\/\/www.centrocliniconemo.it\/wp-content\/uploads\/2024\/10\/Biroli-1024x683.jpg\",\"orientation\":\"landscape\"},\"full\":{\"url\":\"https:\/\/www.centrocliniconemo.it\/wp-content\/uploads\/2024\/10\/Biroli.jpg\",\"height\":5304,\"width\":7952,\"orientation\":\"landscape\"}},\"imageMeta\":{\"aperture\":\"2.8\",\"credit\":\"\",\"camera\":\"ILCE-7RM3\",\"caption\":\"\",\"created_timestamp\":\"1732469688\",\"copyright\":\"\",\"focal_length\":\"67\",\"iso\":\"5000\",\"shutter_speed\":\"0.00625\",\"title\":\"\",\"orientation\":\"1\",\"keywords\":[]},\"meta\":false,\"postlink\":\"https:\/\/www.centrocliniconemo.it\/biroli\/\"},{\"id\":22469,\"title\":\"C. Cattaneo\",\"url\":\"https:\/\/www.centrocliniconemo.it\/wp-content\/uploads\/2024\/10\/C.-Cattaneo.jpg\",\"link\":\"https:\/\/www.centrocliniconemo.it\/c-cattaneo\/\",\"alt\":\"\",\"description\":\"\",\"caption\":\"\",\"mime\":\"image\/jpeg\",\"type\":\"image\",\"width\":7952,\"height\":5304,\"sizes\":{\"thumbnail\":{\"height\":150,\"width\":150,\"url\":\"https:\/\/www.centrocliniconemo.it\/wp-content\/uploads\/2024\/10\/C.-Cattaneo-150x150.jpg\",\"orientation\":\"landscape\"},\"medium\":{\"height\":200,\"width\":300,\"url\":\"https:\/\/www.centrocliniconemo.it\/wp-content\/uploads\/2024\/10\/C.-Cattaneo-300x200.jpg\",\"orientation\":\"landscape\"},\"large\":{\"height\":683,\"width\":1024,\"url\":\"https:\/\/www.centrocliniconemo.it\/wp-content\/uploads\/2024\/10\/C.-Cattaneo-1024x683.jpg\",\"orientation\":\"landscape\"},\"full\":{\"url\":\"https:\/\/www.centrocliniconemo.it\/wp-content\/uploads\/2024\/10\/C.-Cattaneo.jpg\",\"height\":5304,\"width\":7952,\"orientation\":\"landscape\"}},\"imageMeta\":{\"aperture\":\"2.8\",\"credit\":\"\",\"camera\":\"ILCE-7RM3\",\"caption\":\"\",\"created_timestamp\":\"1732469010\",\"copyright\":\"\",\"focal_length\":\"56\",\"iso\":\"4000\",\"shutter_speed\":\"0.00625\",\"title\":\"\",\"orientation\":\"1\",\"keywords\":[]},\"meta\":false,\"postlink\":\"https:\/\/www.centrocliniconemo.it\/c-cattaneo\/\"},{\"id\":22471,\"title\":\"C. Dalla Costa\",\"url\":\"https:\/\/www.centrocliniconemo.it\/wp-content\/uploads\/2024\/10\/C.-Dalla-Costa.jpg\",\"link\":\"https:\/\/www.centrocliniconemo.it\/c-dalla-costa\/\",\"alt\":\"\",\"description\":\"\",\"caption\":\"\",\"mime\":\"image\/jpeg\",\"type\":\"image\",\"width\":7952,\"height\":5304,\"sizes\":{\"thumbnail\":{\"height\":150,\"width\":150,\"url\":\"https:\/\/www.centrocliniconemo.it\/wp-content\/uploads\/2024\/10\/C.-Dalla-Costa-150x150.jpg\",\"orientation\":\"landscape\"},\"medium\":{\"height\":300,\"width\":200,\"url\":\"https:\/\/www.centrocliniconemo.it\/wp-content\/uploads\/2024\/10\/C.-Dalla-Costa-200x300.jpg\",\"orientation\":\"portrait\"},\"large\":{\"height\":1024,\"width\":683,\"url\":\"https:\/\/www.centrocliniconemo.it\/wp-content\/uploads\/2024\/10\/C.-Dalla-Costa-683x1024.jpg\",\"orientation\":\"portrait\"},\"full\":{\"url\":\"https:\/\/www.centrocliniconemo.it\/wp-content\/uploads\/2024\/10\/C.-Dalla-Costa.jpg\",\"height\":5304,\"width\":7952,\"orientation\":\"landscape\"}},\"imageMeta\":{\"aperture\":\"2.8\",\"credit\":\"\",\"camera\":\"ILCE-7RM3\",\"caption\":\"\",\"created_timestamp\":\"1732463959\",\"copyright\":\"\",\"focal_length\":\"75\",\"iso\":\"1600\",\"shutter_speed\":\"0.00625\",\"title\":\"\",\"orientation\":\"8\",\"keywords\":[]},\"meta\":false,\"postlink\":\"https:\/\/www.centrocliniconemo.it\/c-dalla-costa\/\"},{\"id\":22449,\"title\":\"Pollenzo sla nutrizione metabolismo 04\",\"url\":\"https:\/\/www.centrocliniconemo.it\/wp-content\/uploads\/2024\/10\/Pollenzo-sla-nutrizione-metabolismo-04.jpg\",\"link\":\"https:\/\/www.centrocliniconemo.it\/blog\/sla-metabolismo-e-nutrizione-esplorando-le-sinergie-tra-scienza-e-arte-culinaria\/attachment\/pollenzo-sla-nutrizione-metabolismo-04\/\",\"alt\":\"\",\"description\":\"\",\"caption\":\"\",\"mime\":\"image\/jpeg\",\"type\":\"image\",\"width\":1600,\"height\":1200,\"sizes\":{\"thumbnail\":{\"height\":150,\"width\":150,\"url\":\"https:\/\/www.centrocliniconemo.it\/wp-content\/uploads\/2024\/10\/Pollenzo-sla-nutrizione-metabolismo-04-150x150.jpg\",\"orientation\":\"landscape\"},\"medium\":{\"height\":225,\"width\":300,\"url\":\"https:\/\/www.centrocliniconemo.it\/wp-content\/uploads\/2024\/10\/Pollenzo-sla-nutrizione-metabolismo-04-300x225.jpg\",\"orientation\":\"landscape\"},\"large\":{\"height\":768,\"width\":1024,\"url\":\"https:\/\/www.centrocliniconemo.it\/wp-content\/uploads\/2024\/10\/Pollenzo-sla-nutrizione-metabolismo-04-1024x768.jpg\",\"orientation\":\"landscape\"},\"full\":{\"url\":\"https:\/\/www.centrocliniconemo.it\/wp-content\/uploads\/2024\/10\/Pollenzo-sla-nutrizione-metabolismo-04.jpg\",\"height\":1200,\"width\":1600,\"orientation\":\"landscape\"}},\"imageMeta\":{\"aperture\":\"0\",\"credit\":\"\",\"camera\":\"\",\"caption\":\"\",\"created_timestamp\":\"0\",\"copyright\":\"\",\"focal_length\":\"0\",\"iso\":\"0\",\"shutter_speed\":\"0\",\"title\":\"\",\"orientation\":\"0\",\"keywords\":[]},\"meta\":false,\"postlink\":\"https:\/\/www.centrocliniconemo.it\/blog\/sla-metabolismo-e-nutrizione-esplorando-le-sinergie-tra-scienza-e-arte-culinaria\/attachment\/pollenzo-sla-nutrizione-metabolismo-04\/\"}],\"jetDynamicVisibility\":{\"jedv_enabled\":false},\"jetPopupInstance\":\"none\",\"jetPopupTriggerType\":\"none\",\"jetPopupCustomSelector\":\"\",\"jetPopupIsJetEngine\":false,\"itemsMetaDataCollection\":[]}<\/script><script>(function(){if(window.PGC_SGB && window.PGC_SGB.searcher){window.PGC_SGB.searcher.initBlocks()}})()<\/script><\/div>","protected":false},"excerpt":{"rendered":"<p>24 ottobre 2024 \u2013 Nell&#8217;incantevole scenario dell&#8217;Universit\u00e0 di Scienze Gastronomiche di Pollenzo, si sta svolgendo fino a domani, 25 ottobre, la prima edizione del Convegno &#8220;SLA: Metabolismo e Nutrizione. Nuove frontiere nella presa in carico&#8221;. L\u2019evento, promosso dall&#8217;alleanza tra Centri Clinici NeMO, AISLA e SLAfood, sotto l&#8217;egida di Slow Food, si pone l\u2019obiettivo di ridefinire [&hellip;]<\/p>\n","protected":false},"author":2,"featured_media":22457,"comment_status":"closed","ping_status":"closed","sticky":false,"template":"","format":"standard","meta":{"pgc_sgb_lightbox_settings":"","footnotes":""},"categories":[28,17],"tags":[236,233,232],"class_list":["post-22442","post","type-post","status-publish","format-standard","has-post-thumbnail","hentry","category-cura-ricerca-e-formazione","category-iniziative-ed-eventi","tag-metabolismo","tag-nutrizione","tag-pollenzo"],"yoast_head":"<!-- This site is optimized with the Yoast SEO plugin v27.4 - https:\/\/yoast.com\/product\/yoast-seo-wordpress\/ -->\n<title>SLA. METABOLISMO E NUTRIZIONE. ESPLORANDO LE SINERGIE TRA SCIENZA E ARTE CULINARIA - Centro Clinico NeMO<\/title>\n<meta name=\"description\" content=\"24 ottobre 2024 \u2013 Nell&#039;incantevole scenario dell&#039;Universit\u00e0 di Scienze Gastronomiche di Pollenzo, si sta svolgendo fino a domani, 25 ottobre, la prima edizione del Convegno &quot;SLA: Metabolismo e Nutrizione. Nuove frontiere nella presa in carico&quot;. L\u2019evento, promosso dall&#039;alleanza tra Centri Clinici NeMO, AISLA e SLAfood, sotto l&#039;egida di Slow Food, si pone l\u2019obiettivo di ridefinire il ruolo fondamentale di un intervento nutrizionale mirato nella presa in carico delle persone con Sla, al fine di agire concretamente sul decorso di malattia e migliorare la qualit\u00e0 di vita.\" \/>\n<meta name=\"robots\" content=\"index, follow, max-snippet:-1, max-image-preview:large, max-video-preview:-1\" \/>\n<link rel=\"canonical\" href=\"https:\/\/www.centrocliniconemo.it\/en\/blog\/sla-metabolismo-e-nutrizione-esplorando-le-sinergie-tra-scienza-e-arte-culinaria\/\" \/>\n<meta property=\"og:locale\" content=\"en_US\" \/>\n<meta property=\"og:type\" content=\"article\" \/>\n<meta property=\"og:title\" content=\"SLA. METABOLISMO E NUTRIZIONE. ESPLORANDO LE SINERGIE TRA SCIENZA E ARTE CULINARIA - Centro Clinico NeMO\" \/>\n<meta property=\"og:description\" content=\"24 ottobre 2024 \u2013 Nell&#039;incantevole scenario dell&#039;Universit\u00e0 di Scienze Gastronomiche di Pollenzo, si sta svolgendo fino a domani, 25 ottobre, la prima edizione del Convegno &quot;SLA: Metabolismo e Nutrizione. Nuove frontiere nella presa in carico&quot;. L\u2019evento, promosso dall&#039;alleanza tra Centri Clinici NeMO, AISLA e SLAfood, sotto l&#039;egida di Slow Food, si pone l\u2019obiettivo di ridefinire il ruolo fondamentale di un intervento nutrizionale mirato nella presa in carico delle persone con Sla, al fine di agire concretamente sul decorso di malattia e migliorare la qualit\u00e0 di vita.\" \/>\n<meta property=\"og:url\" content=\"https:\/\/www.centrocliniconemo.it\/en\/blog\/sla-metabolismo-e-nutrizione-esplorando-le-sinergie-tra-scienza-e-arte-culinaria\/\" \/>\n<meta property=\"og:site_name\" content=\"Centro Clinico NeMO\" \/>\n<meta property=\"article:publisher\" content=\"https:\/\/www.facebook.com\/CentroNEMOItalia\" \/>\n<meta property=\"article:published_time\" content=\"2024-10-24T15:53:42+00:00\" \/>\n<meta property=\"article:modified_time\" content=\"2024-10-28T11:26:16+00:00\" \/>\n<meta property=\"og:image\" content=\"https:\/\/www.centrocliniconemo.it\/wp-content\/uploads\/2024\/10\/PHOTO-2024-10-24-17-35-35.jpg\" \/>\n\t<meta property=\"og:image:width\" content=\"1600\" \/>\n\t<meta property=\"og:image:height\" content=\"1067\" \/>\n\t<meta property=\"og:image:type\" content=\"image\/jpeg\" \/>\n<meta name=\"author\" content=\"Luca Biondi\" \/>\n<meta name=\"twitter:card\" content=\"summary_large_image\" \/>\n<meta name=\"twitter:creator\" content=\"@CentroNemo\" \/>\n<meta name=\"twitter:site\" content=\"@CentroNemo\" \/>\n<meta name=\"twitter:label1\" content=\"Written by\" \/>\n\t<meta name=\"twitter:data1\" content=\"Luca Biondi\" \/>\n\t<meta name=\"twitter:label2\" content=\"Est. reading time\" \/>\n\t<meta name=\"twitter:data2\" content=\"14 minutes\" \/>\n<script type=\"application\/ld+json\" class=\"yoast-schema-graph\">{\"@context\":\"https:\\\/\\\/schema.org\",\"@graph\":[{\"@type\":\"Article\",\"@id\":\"https:\\\/\\\/www.centrocliniconemo.it\\\/en\\\/blog\\\/sla-metabolismo-e-nutrizione-esplorando-le-sinergie-tra-scienza-e-arte-culinaria\\\/#article\",\"isPartOf\":{\"@id\":\"https:\\\/\\\/www.centrocliniconemo.it\\\/en\\\/blog\\\/sla-metabolismo-e-nutrizione-esplorando-le-sinergie-tra-scienza-e-arte-culinaria\\\/\"},\"author\":{\"name\":\"Luca Biondi\",\"@id\":\"https:\\\/\\\/www.centrocliniconemo.it\\\/en\\\/#\\\/schema\\\/person\\\/9331a87c0a8ee435c61f5dd498531434\"},\"headline\":\"SLA. METABOLISMO E NUTRIZIONE. ESPLORANDO LE SINERGIE TRA SCIENZA E ARTE CULINARIA\",\"datePublished\":\"2024-10-24T15:53:42+00:00\",\"dateModified\":\"2024-10-28T11:26:16+00:00\",\"mainEntityOfPage\":{\"@id\":\"https:\\\/\\\/www.centrocliniconemo.it\\\/en\\\/blog\\\/sla-metabolismo-e-nutrizione-esplorando-le-sinergie-tra-scienza-e-arte-culinaria\\\/\"},\"wordCount\":1064,\"publisher\":{\"@id\":\"https:\\\/\\\/www.centrocliniconemo.it\\\/en\\\/#organization\"},\"image\":{\"@id\":\"https:\\\/\\\/www.centrocliniconemo.it\\\/en\\\/blog\\\/sla-metabolismo-e-nutrizione-esplorando-le-sinergie-tra-scienza-e-arte-culinaria\\\/#primaryimage\"},\"thumbnailUrl\":\"https:\\\/\\\/www.centrocliniconemo.it\\\/wp-content\\\/uploads\\\/2024\\\/10\\\/PHOTO-2024-10-24-17-35-35.jpg\",\"keywords\":[\"metabolismo\",\"Nutrizione\",\"Pollenzo\"],\"articleSection\":[\"Cura, ricerca e formazione\",\"Iniziative ed eventi\"],\"inLanguage\":\"en-US\"},{\"@type\":\"WebPage\",\"@id\":\"https:\\\/\\\/www.centrocliniconemo.it\\\/en\\\/blog\\\/sla-metabolismo-e-nutrizione-esplorando-le-sinergie-tra-scienza-e-arte-culinaria\\\/\",\"url\":\"https:\\\/\\\/www.centrocliniconemo.it\\\/en\\\/blog\\\/sla-metabolismo-e-nutrizione-esplorando-le-sinergie-tra-scienza-e-arte-culinaria\\\/\",\"name\":\"SLA. METABOLISMO E NUTRIZIONE. ESPLORANDO LE SINERGIE TRA SCIENZA E ARTE CULINARIA - Centro Clinico NeMO\",\"isPartOf\":{\"@id\":\"https:\\\/\\\/www.centrocliniconemo.it\\\/en\\\/#website\"},\"primaryImageOfPage\":{\"@id\":\"https:\\\/\\\/www.centrocliniconemo.it\\\/en\\\/blog\\\/sla-metabolismo-e-nutrizione-esplorando-le-sinergie-tra-scienza-e-arte-culinaria\\\/#primaryimage\"},\"image\":{\"@id\":\"https:\\\/\\\/www.centrocliniconemo.it\\\/en\\\/blog\\\/sla-metabolismo-e-nutrizione-esplorando-le-sinergie-tra-scienza-e-arte-culinaria\\\/#primaryimage\"},\"thumbnailUrl\":\"https:\\\/\\\/www.centrocliniconemo.it\\\/wp-content\\\/uploads\\\/2024\\\/10\\\/PHOTO-2024-10-24-17-35-35.jpg\",\"datePublished\":\"2024-10-24T15:53:42+00:00\",\"dateModified\":\"2024-10-28T11:26:16+00:00\",\"description\":\"24 ottobre 2024 \u2013 Nell'incantevole scenario dell'Universit\u00e0 di Scienze Gastronomiche di Pollenzo, si sta svolgendo fino a domani, 25 ottobre, la prima edizione del Convegno \\\"SLA: Metabolismo e Nutrizione. Nuove frontiere nella presa in carico\\\". L\u2019evento, promosso dall'alleanza tra Centri Clinici NeMO, AISLA e SLAfood, sotto l'egida di Slow Food, si pone l\u2019obiettivo di ridefinire il ruolo fondamentale di un intervento nutrizionale mirato nella presa in carico delle persone con Sla, al fine di agire concretamente sul decorso di malattia e migliorare la qualit\u00e0 di vita.\",\"breadcrumb\":{\"@id\":\"https:\\\/\\\/www.centrocliniconemo.it\\\/en\\\/blog\\\/sla-metabolismo-e-nutrizione-esplorando-le-sinergie-tra-scienza-e-arte-culinaria\\\/#breadcrumb\"},\"inLanguage\":\"en-US\",\"potentialAction\":[{\"@type\":\"ReadAction\",\"target\":[\"https:\\\/\\\/www.centrocliniconemo.it\\\/en\\\/blog\\\/sla-metabolismo-e-nutrizione-esplorando-le-sinergie-tra-scienza-e-arte-culinaria\\\/\"]}]},{\"@type\":\"ImageObject\",\"inLanguage\":\"en-US\",\"@id\":\"https:\\\/\\\/www.centrocliniconemo.it\\\/en\\\/blog\\\/sla-metabolismo-e-nutrizione-esplorando-le-sinergie-tra-scienza-e-arte-culinaria\\\/#primaryimage\",\"url\":\"https:\\\/\\\/www.centrocliniconemo.it\\\/wp-content\\\/uploads\\\/2024\\\/10\\\/PHOTO-2024-10-24-17-35-35.jpg\",\"contentUrl\":\"https:\\\/\\\/www.centrocliniconemo.it\\\/wp-content\\\/uploads\\\/2024\\\/10\\\/PHOTO-2024-10-24-17-35-35.jpg\",\"width\":1600,\"height\":1067},{\"@type\":\"BreadcrumbList\",\"@id\":\"https:\\\/\\\/www.centrocliniconemo.it\\\/en\\\/blog\\\/sla-metabolismo-e-nutrizione-esplorando-le-sinergie-tra-scienza-e-arte-culinaria\\\/#breadcrumb\",\"itemListElement\":[{\"@type\":\"ListItem\",\"position\":1,\"name\":\"Home\",\"item\":\"https:\\\/\\\/www.centrocliniconemo.it\\\/en\\\/\"},{\"@type\":\"ListItem\",\"position\":2,\"name\":\"SLA. METABOLISMO E NUTRIZIONE. ESPLORANDO LE SINERGIE TRA SCIENZA E ARTE CULINARIA\"}]},{\"@type\":\"WebSite\",\"@id\":\"https:\\\/\\\/www.centrocliniconemo.it\\\/en\\\/#website\",\"url\":\"https:\\\/\\\/www.centrocliniconemo.it\\\/en\\\/\",\"name\":\"Centro Clinico NeMO\",\"description\":\"Il paziente al centro\",\"publisher\":{\"@id\":\"https:\\\/\\\/www.centrocliniconemo.it\\\/en\\\/#organization\"},\"potentialAction\":[{\"@type\":\"SearchAction\",\"target\":{\"@type\":\"EntryPoint\",\"urlTemplate\":\"https:\\\/\\\/www.centrocliniconemo.it\\\/en\\\/?s={search_term_string}\"},\"query-input\":{\"@type\":\"PropertyValueSpecification\",\"valueRequired\":true,\"valueName\":\"search_term_string\"}}],\"inLanguage\":\"en-US\"},{\"@type\":\"Organization\",\"@id\":\"https:\\\/\\\/www.centrocliniconemo.it\\\/en\\\/#organization\",\"name\":\"Centro Clinico NeMO - Fondazione Serena Onlus\",\"url\":\"https:\\\/\\\/www.centrocliniconemo.it\\\/en\\\/\",\"logo\":{\"@type\":\"ImageObject\",\"inLanguage\":\"en-US\",\"@id\":\"https:\\\/\\\/www.centrocliniconemo.it\\\/en\\\/#\\\/schema\\\/logo\\\/image\\\/\",\"url\":\"https:\\\/\\\/www.centrocliniconemo.it\\\/wp-content\\\/uploads\\\/2023\\\/03\\\/logo-nemo.svg\",\"contentUrl\":\"https:\\\/\\\/www.centrocliniconemo.it\\\/wp-content\\\/uploads\\\/2023\\\/03\\\/logo-nemo.svg\",\"width\":272,\"height\":109.142,\"caption\":\"Centro Clinico NeMO - Fondazione Serena Onlus\"},\"image\":{\"@id\":\"https:\\\/\\\/www.centrocliniconemo.it\\\/en\\\/#\\\/schema\\\/logo\\\/image\\\/\"},\"sameAs\":[\"https:\\\/\\\/www.facebook.com\\\/CentroNEMOItalia\",\"https:\\\/\\\/x.com\\\/CentroNemo\",\"https:\\\/\\\/www.linkedin.com\\\/company\\\/centrocliniconemo\\\/\",\"https:\\\/\\\/www.instagram.com\\\/centrocliniconemo\\\/\"]},{\"@type\":\"Person\",\"@id\":\"https:\\\/\\\/www.centrocliniconemo.it\\\/en\\\/#\\\/schema\\\/person\\\/9331a87c0a8ee435c61f5dd498531434\",\"name\":\"Luca Biondi\",\"image\":{\"@type\":\"ImageObject\",\"inLanguage\":\"en-US\",\"@id\":\"https:\\\/\\\/secure.gravatar.com\\\/avatar\\\/0488b88829885ebcc9896de947265b69d2979e6dc4666b1e2c3d4fbf8dc73d77?s=96&d=mm&r=g\",\"url\":\"https:\\\/\\\/secure.gravatar.com\\\/avatar\\\/0488b88829885ebcc9896de947265b69d2979e6dc4666b1e2c3d4fbf8dc73d77?s=96&d=mm&r=g\",\"contentUrl\":\"https:\\\/\\\/secure.gravatar.com\\\/avatar\\\/0488b88829885ebcc9896de947265b69d2979e6dc4666b1e2c3d4fbf8dc73d77?s=96&d=mm&r=g\",\"caption\":\"Luca Biondi\"}}]}<\/script>\n<!-- \/ Yoast SEO plugin. -->","yoast_head_json":{"title":"SLA. METABOLISMO E NUTRIZIONE. ESPLORANDO LE SINERGIE TRA SCIENZA E ARTE CULINARIA - Centro Clinico NeMO","description":"24 ottobre 2024 \u2013 Nell'incantevole scenario dell'Universit\u00e0 di Scienze Gastronomiche di Pollenzo, si sta svolgendo fino a domani, 25 ottobre, la prima edizione del Convegno \"SLA: Metabolismo e Nutrizione. Nuove frontiere nella presa in carico\". L\u2019evento, promosso dall'alleanza tra Centri Clinici NeMO, AISLA e SLAfood, sotto l'egida di Slow Food, si pone l\u2019obiettivo di ridefinire il ruolo fondamentale di un intervento nutrizionale mirato nella presa in carico delle persone con Sla, al fine di agire concretamente sul decorso di malattia e migliorare la qualit\u00e0 di vita.","robots":{"index":"index","follow":"follow","max-snippet":"max-snippet:-1","max-image-preview":"max-image-preview:large","max-video-preview":"max-video-preview:-1"},"canonical":"https:\/\/www.centrocliniconemo.it\/en\/blog\/sla-metabolismo-e-nutrizione-esplorando-le-sinergie-tra-scienza-e-arte-culinaria\/","og_locale":"en_US","og_type":"article","og_title":"SLA. METABOLISMO E NUTRIZIONE. ESPLORANDO LE SINERGIE TRA SCIENZA E ARTE CULINARIA - Centro Clinico NeMO","og_description":"24 ottobre 2024 \u2013 Nell'incantevole scenario dell'Universit\u00e0 di Scienze Gastronomiche di Pollenzo, si sta svolgendo fino a domani, 25 ottobre, la prima edizione del Convegno \"SLA: Metabolismo e Nutrizione. Nuove frontiere nella presa in carico\". L\u2019evento, promosso dall'alleanza tra Centri Clinici NeMO, AISLA e SLAfood, sotto l'egida di Slow Food, si pone l\u2019obiettivo di ridefinire il ruolo fondamentale di un intervento nutrizionale mirato nella presa in carico delle persone con Sla, al fine di agire concretamente sul decorso di malattia e migliorare la qualit\u00e0 di vita.","og_url":"https:\/\/www.centrocliniconemo.it\/en\/blog\/sla-metabolismo-e-nutrizione-esplorando-le-sinergie-tra-scienza-e-arte-culinaria\/","og_site_name":"Centro Clinico NeMO","article_publisher":"https:\/\/www.facebook.com\/CentroNEMOItalia","article_published_time":"2024-10-24T15:53:42+00:00","article_modified_time":"2024-10-28T11:26:16+00:00","og_image":[{"width":1600,"height":1067,"url":"https:\/\/www.centrocliniconemo.it\/wp-content\/uploads\/2024\/10\/PHOTO-2024-10-24-17-35-35.jpg","type":"image\/jpeg"}],"author":"Luca Biondi","twitter_card":"summary_large_image","twitter_creator":"@CentroNemo","twitter_site":"@CentroNemo","twitter_misc":{"Written by":"Luca Biondi","Est. reading time":"14 minutes"},"schema":{"@context":"https:\/\/schema.org","@graph":[{"@type":"Article","@id":"https:\/\/www.centrocliniconemo.it\/en\/blog\/sla-metabolismo-e-nutrizione-esplorando-le-sinergie-tra-scienza-e-arte-culinaria\/#article","isPartOf":{"@id":"https:\/\/www.centrocliniconemo.it\/en\/blog\/sla-metabolismo-e-nutrizione-esplorando-le-sinergie-tra-scienza-e-arte-culinaria\/"},"author":{"name":"Luca Biondi","@id":"https:\/\/www.centrocliniconemo.it\/en\/#\/schema\/person\/9331a87c0a8ee435c61f5dd498531434"},"headline":"SLA. METABOLISMO E NUTRIZIONE. ESPLORANDO LE SINERGIE TRA SCIENZA E ARTE CULINARIA","datePublished":"2024-10-24T15:53:42+00:00","dateModified":"2024-10-28T11:26:16+00:00","mainEntityOfPage":{"@id":"https:\/\/www.centrocliniconemo.it\/en\/blog\/sla-metabolismo-e-nutrizione-esplorando-le-sinergie-tra-scienza-e-arte-culinaria\/"},"wordCount":1064,"publisher":{"@id":"https:\/\/www.centrocliniconemo.it\/en\/#organization"},"image":{"@id":"https:\/\/www.centrocliniconemo.it\/en\/blog\/sla-metabolismo-e-nutrizione-esplorando-le-sinergie-tra-scienza-e-arte-culinaria\/#primaryimage"},"thumbnailUrl":"https:\/\/www.centrocliniconemo.it\/wp-content\/uploads\/2024\/10\/PHOTO-2024-10-24-17-35-35.jpg","keywords":["metabolismo","Nutrizione","Pollenzo"],"articleSection":["Cura, ricerca e formazione","Iniziative ed eventi"],"inLanguage":"en-US"},{"@type":"WebPage","@id":"https:\/\/www.centrocliniconemo.it\/en\/blog\/sla-metabolismo-e-nutrizione-esplorando-le-sinergie-tra-scienza-e-arte-culinaria\/","url":"https:\/\/www.centrocliniconemo.it\/en\/blog\/sla-metabolismo-e-nutrizione-esplorando-le-sinergie-tra-scienza-e-arte-culinaria\/","name":"SLA. METABOLISMO E NUTRIZIONE. ESPLORANDO LE SINERGIE TRA SCIENZA E ARTE CULINARIA - Centro Clinico NeMO","isPartOf":{"@id":"https:\/\/www.centrocliniconemo.it\/en\/#website"},"primaryImageOfPage":{"@id":"https:\/\/www.centrocliniconemo.it\/en\/blog\/sla-metabolismo-e-nutrizione-esplorando-le-sinergie-tra-scienza-e-arte-culinaria\/#primaryimage"},"image":{"@id":"https:\/\/www.centrocliniconemo.it\/en\/blog\/sla-metabolismo-e-nutrizione-esplorando-le-sinergie-tra-scienza-e-arte-culinaria\/#primaryimage"},"thumbnailUrl":"https:\/\/www.centrocliniconemo.it\/wp-content\/uploads\/2024\/10\/PHOTO-2024-10-24-17-35-35.jpg","datePublished":"2024-10-24T15:53:42+00:00","dateModified":"2024-10-28T11:26:16+00:00","description":"24 ottobre 2024 \u2013 Nell'incantevole scenario dell'Universit\u00e0 di Scienze Gastronomiche di Pollenzo, si sta svolgendo fino a domani, 25 ottobre, la prima edizione del Convegno \"SLA: Metabolismo e Nutrizione. Nuove frontiere nella presa in carico\". L\u2019evento, promosso dall'alleanza tra Centri Clinici NeMO, AISLA e SLAfood, sotto l'egida di Slow Food, si pone l\u2019obiettivo di ridefinire il ruolo fondamentale di un intervento nutrizionale mirato nella presa in carico delle persone con Sla, al fine di agire concretamente sul decorso di malattia e migliorare la qualit\u00e0 di vita.","breadcrumb":{"@id":"https:\/\/www.centrocliniconemo.it\/en\/blog\/sla-metabolismo-e-nutrizione-esplorando-le-sinergie-tra-scienza-e-arte-culinaria\/#breadcrumb"},"inLanguage":"en-US","potentialAction":[{"@type":"ReadAction","target":["https:\/\/www.centrocliniconemo.it\/en\/blog\/sla-metabolismo-e-nutrizione-esplorando-le-sinergie-tra-scienza-e-arte-culinaria\/"]}]},{"@type":"ImageObject","inLanguage":"en-US","@id":"https:\/\/www.centrocliniconemo.it\/en\/blog\/sla-metabolismo-e-nutrizione-esplorando-le-sinergie-tra-scienza-e-arte-culinaria\/#primaryimage","url":"https:\/\/www.centrocliniconemo.it\/wp-content\/uploads\/2024\/10\/PHOTO-2024-10-24-17-35-35.jpg","contentUrl":"https:\/\/www.centrocliniconemo.it\/wp-content\/uploads\/2024\/10\/PHOTO-2024-10-24-17-35-35.jpg","width":1600,"height":1067},{"@type":"BreadcrumbList","@id":"https:\/\/www.centrocliniconemo.it\/en\/blog\/sla-metabolismo-e-nutrizione-esplorando-le-sinergie-tra-scienza-e-arte-culinaria\/#breadcrumb","itemListElement":[{"@type":"ListItem","position":1,"name":"Home","item":"https:\/\/www.centrocliniconemo.it\/en\/"},{"@type":"ListItem","position":2,"name":"SLA. METABOLISMO E NUTRIZIONE. ESPLORANDO LE SINERGIE TRA SCIENZA E ARTE CULINARIA"}]},{"@type":"WebSite","@id":"https:\/\/www.centrocliniconemo.it\/en\/#website","url":"https:\/\/www.centrocliniconemo.it\/en\/","name":"Centro Clinico NeMO","description":"Il paziente al centro","publisher":{"@id":"https:\/\/www.centrocliniconemo.it\/en\/#organization"},"potentialAction":[{"@type":"SearchAction","target":{"@type":"EntryPoint","urlTemplate":"https:\/\/www.centrocliniconemo.it\/en\/?s={search_term_string}"},"query-input":{"@type":"PropertyValueSpecification","valueRequired":true,"valueName":"search_term_string"}}],"inLanguage":"en-US"},{"@type":"Organization","@id":"https:\/\/www.centrocliniconemo.it\/en\/#organization","name":"Centro Clinico NeMO - Fondazione Serena Onlus","url":"https:\/\/www.centrocliniconemo.it\/en\/","logo":{"@type":"ImageObject","inLanguage":"en-US","@id":"https:\/\/www.centrocliniconemo.it\/en\/#\/schema\/logo\/image\/","url":"https:\/\/www.centrocliniconemo.it\/wp-content\/uploads\/2023\/03\/logo-nemo.svg","contentUrl":"https:\/\/www.centrocliniconemo.it\/wp-content\/uploads\/2023\/03\/logo-nemo.svg","width":272,"height":109.142,"caption":"Centro Clinico NeMO - Fondazione Serena Onlus"},"image":{"@id":"https:\/\/www.centrocliniconemo.it\/en\/#\/schema\/logo\/image\/"},"sameAs":["https:\/\/www.facebook.com\/CentroNEMOItalia","https:\/\/x.com\/CentroNemo","https:\/\/www.linkedin.com\/company\/centrocliniconemo\/","https:\/\/www.instagram.com\/centrocliniconemo\/"]},{"@type":"Person","@id":"https:\/\/www.centrocliniconemo.it\/en\/#\/schema\/person\/9331a87c0a8ee435c61f5dd498531434","name":"Luca Biondi","image":{"@type":"ImageObject","inLanguage":"en-US","@id":"https:\/\/secure.gravatar.com\/avatar\/0488b88829885ebcc9896de947265b69d2979e6dc4666b1e2c3d4fbf8dc73d77?s=96&d=mm&r=g","url":"https:\/\/secure.gravatar.com\/avatar\/0488b88829885ebcc9896de947265b69d2979e6dc4666b1e2c3d4fbf8dc73d77?s=96&d=mm&r=g","contentUrl":"https:\/\/secure.gravatar.com\/avatar\/0488b88829885ebcc9896de947265b69d2979e6dc4666b1e2c3d4fbf8dc73d77?s=96&d=mm&r=g","caption":"Luca Biondi"}}]}},"_links":{"self":[{"href":"https:\/\/www.centrocliniconemo.it\/en\/wp-json\/wp\/v2\/posts\/22442","targetHints":{"allow":["GET"]}}],"collection":[{"href":"https:\/\/www.centrocliniconemo.it\/en\/wp-json\/wp\/v2\/posts"}],"about":[{"href":"https:\/\/www.centrocliniconemo.it\/en\/wp-json\/wp\/v2\/types\/post"}],"author":[{"embeddable":true,"href":"https:\/\/www.centrocliniconemo.it\/en\/wp-json\/wp\/v2\/users\/2"}],"replies":[{"embeddable":true,"href":"https:\/\/www.centrocliniconemo.it\/en\/wp-json\/wp\/v2\/comments?post=22442"}],"version-history":[{"count":0,"href":"https:\/\/www.centrocliniconemo.it\/en\/wp-json\/wp\/v2\/posts\/22442\/revisions"}],"wp:featuredmedia":[{"embeddable":true,"href":"https:\/\/www.centrocliniconemo.it\/en\/wp-json\/wp\/v2\/media\/22457"}],"wp:attachment":[{"href":"https:\/\/www.centrocliniconemo.it\/en\/wp-json\/wp\/v2\/media?parent=22442"}],"wp:term":[{"taxonomy":"category","embeddable":true,"href":"https:\/\/www.centrocliniconemo.it\/en\/wp-json\/wp\/v2\/categories?post=22442"},{"taxonomy":"post_tag","embeddable":true,"href":"https:\/\/www.centrocliniconemo.it\/en\/wp-json\/wp\/v2\/tags?post=22442"}],"curies":[{"name":"wp","href":"https:\/\/api.w.org\/{rel}","templated":true}]}}