{"id":22375,"date":"2024-10-15T08:01:26","date_gmt":"2024-10-15T08:01:26","guid":{"rendered":"https:\/\/www.centrocliniconemo.it\/blog\/?p=22375"},"modified":"2024-10-15T09:40:34","modified_gmt":"2024-10-15T09:40:34","slug":"uniti-per-linclusione-aisla-uildm-famiglie-sma-e-centri-nemo-al-prime-g7-disabilita-italia","status":"publish","type":"post","link":"https:\/\/www.centrocliniconemo.it\/en\/blog\/uniti-per-linclusione-aisla-uildm-famiglie-sma-e-centri-nemo-al-prime-g7-disabilita-italia\/","title":{"rendered":"UNITI PER L\u2019INCLUSIONE: AISLA, UILDM, FAMIGLIE SMA e CENTRI NeMO AL PRIME G7 DISABILIT\u00c1 ITALIA"},"content":{"rendered":"\n<p><em>Assisi, 14 ottobre \u2013 <\/em>L&#8217;alleanza tra AISLA, UILDM, Famiglie SMA e Centri Clinici NeMO, in occasione del G7 sulla Inclusione &amp; Disabilit\u00e0, rappresenta un esempio di &#8220;Progetto Inclusivo&#8221;, dimostrando la forza dell&#8217;unione e della coesione. Per la prima volta, infatti, i ministri delle sette pi\u00f9 grandi economie mondiali si riuniranno in Italia per discutere delle politiche a favore delle persone con disabilit\u00e0, ponendo l&#8217;inclusione come priorit\u00e0 all&#8217;agenda di tutti i Paesi.<\/p>\n\n\n\n<p>&nbsp;I temi centrali di questa importante discussione, che ha preso il via oggi ad Assisi, saranno l&#8217;accessibilit\u00e0 universale, la prevenzione e la gestione delle emergenze, la vita indipendente e l&#8217;inclusione, nonch\u00e9 il diritto di tutti alla piena partecipazione alla vita civile, sociale e politica. Inoltre, l&#8217;intelligenza artificiale, lo sport e i servizi per tutti saranno ulteriori argomenti sul tavolo dei lavori.<\/p>\n\n\n\n<p>&nbsp;Sulla Strada di San Francesco, AISLA, UILDM, Famiglie SMA e Centri Clinici NeMO si sono uniti in un grande stand sulle malattie neuromuscolari, promuovendo il diritto alla salute e la piena partecipazione alla vita civile, sociale e politica, come stabilito dalla Convenzione Onu. Domani, in vista del G7, verr\u00e0 presentata la tanto attesa &#8220;Carta di Solfagnano&#8221;, che prende il nome dal piccolo borgo umbro in cui si terr\u00e0 l&#8217;incontro. L&#8217;obiettivo principale \u00e8 abbattere le barriere architettoniche e culturali per creare una societ\u00e0 pi\u00f9 inclusiva.<\/p>\n\n\n\n<p>&nbsp;Oggi, pi\u00f9 che mai, \u00e8 fondamentale impegnarsi nella progettazione e gestione di spazi fisici, culturali e sociali, rispettando le normative e i principi di solidariet\u00e0 e responsabilit\u00e0. Negli anni, in Italia, in Europa e nel mondo, sono stati fatti progressi significativi. In particolare, l&#8217;Organizzazione Mondiale della Sanit\u00e0 nel 2001 e la Convenzione Onu sui diritti delle persone con disabilit\u00e0 approvata dalle Nazioni Unite nel 2006 e ratificata dall&#8217;Italia nel febbraio 2009, hanno sottolineato l&#8217;importanza di superare gli ostacoli di qualsiasi tipo che impediscono la realizzazione dei diritti umani.<\/p>\n\n\n\n<p>&nbsp;AISLA, l&#8217;Associazione Italiana Sclerosi Laterale Amiotrofica, fa parte dell&#8217;Osservatorio Nazionale con particolare attenzione al &#8220;Progetto di Vita&#8221;. Questo piano personalizzato, previsto dalla legge n. 328\/00 e ulteriormente sviluppato dal D.L. n.62 del 3 maggio 2024, garantisce che la persona con disabilit\u00e0 sia protagonista del proprio percorso di vita, contribuendo a definirne i contenuti e apportando modifiche e integrazioni in base ai propri desideri, aspettative e scelte.<\/p>\n\n\n\n<p>UILDM, l&#8217;Unione Italiana Lotta alla Distrofia Muscolare, riconosce il principio dell&#8217;autodeterminazione come fondamentale per soddisfare i bisogni delle persone con disabilit\u00e0. La Vita Indipendente mira a supportare le persone con disabilit\u00e0, mettendole al centro del progetto e fornendo gli strumenti necessari per esprimere ci\u00f2 che vogliono essere e fare. Ed in questo percorso di autonomia, la tecnologia diventa strumento prezioso.<\/p>\n\n\n\n<p>In tema di salute, Famiglie SMA sottolinea l&#8217;importanza del test genetico nello screening neonatale per individuare la malattia. La ricerca, infatti, ha reso disponibili tre trattamenti farmacologici, grazie ai quali \u00e8 possibile intervenire precocemente, cambiando cos\u00ec la storia naturale dell\u2019atrofia muscolare spinale (SMA).<\/p>\n\n\n\n<p>I Centri Clinici NeMO, espressione della comunit\u00e0 dei pazienti neuromuscolari, sono un esempio di presa in carico e competenza degli operatori, che si impegnano a valorizzare, sostenere e dare speranza a ogni individuo, affinch\u00e9 non si senta mai solo, non solo come paziente, ma come persona. Creati per garantire a tutti l&#8217;accesso alle cure, I Centri Clinici NeMO segue un progetto di cura che mette al centro i bisogni della persona con patologie neuromuscolari e neurodegenerative, cos\u00ec come delle loro famiglie.<\/p>\n\n\n\n<p>Lo stand di oggi \u00e8 espressione di come solo attraverso l&#8217;alleanza tra pazienti, caregiver, medici, ricercatori e Istituzioni sia possibile una societ\u00e0 realmente inclusiva, unendo le risorse a partire dall&#8217;esperienza concreta di chi vive la disabilit\u00e0.<\/p>\n\n\n\n<p><\/p>\n\n\n<div class=\"pgc-sgb-cb wp-block-pgcsimplygalleryblock-grid \" data-gallery-id=\"9ee74721\"><div class=\"sgb-preloader\" id=\"pr_9ee74721\">\n\t<div class=\"sgb-square\" style=\"background:#d4d4d4\"><\/div>\n\t<div class=\"sgb-square\" style=\"background:#d4d4d4\"><\/div>\n\t<div class=\"sgb-square\" style=\"background:#d4d4d4\"><\/div>\n\t<div class=\"sgb-square\" style=\"background:#d4d4d4\"><\/div><\/div><div class=\"simply-gallery-amp pgc_sgb_slider \"><noscript><div class=\"sgb-gallery\"><div class=\"sgb-item\"><a href=\"https:\/\/www.centrocliniconemo.it\/blog\/uniti-per-linclusione-aisla-uildm-famiglie-sma-e-centri-nemo-al-prime-g7-disabilita-italia\/attachment\/foto_30-3\/\" target=\"_blank\"><img loading=\"lazy\" decoding=\"async\" alt=\"\" width=\"300\" height=\"225\" loading=\"lazy\" src=\"https:\/\/www.centrocliniconemo.it\/wp-content\/uploads\/2024\/10\/Foto_30-2-300x225.jpeg\" srcset=\"https:\/\/www.centrocliniconemo.it\/wp-content\/uploads\/2024\/10\/Foto_30-2-300x225.jpeg 300w,https:\/\/www.centrocliniconemo.it\/wp-content\/uploads\/2024\/10\/Foto_30-2-1024x768.jpeg 1024w,https:\/\/www.centrocliniconemo.it\/wp-content\/uploads\/2024\/10\/Foto_30-2.jpeg 1600w\" sizes=\"auto, 250px\"\/><\/a><\/div><div class=\"sgb-item\"><a href=\"https:\/\/www.centrocliniconemo.it\/blog\/uniti-per-linclusione-aisla-uildm-famiglie-sma-e-centri-nemo-al-prime-g7-disabilita-italia\/attachment\/foto_51-3\/\" target=\"_blank\"><img loading=\"lazy\" decoding=\"async\" alt=\"\" width=\"300\" height=\"282\" loading=\"lazy\" src=\"https:\/\/www.centrocliniconemo.it\/wp-content\/uploads\/2024\/10\/Foto_51-2-300x282.jpeg\" srcset=\"https:\/\/www.centrocliniconemo.it\/wp-content\/uploads\/2024\/10\/Foto_51-2-300x282.jpeg 300w,https:\/\/www.centrocliniconemo.it\/wp-content\/uploads\/2024\/10\/Foto_51-2-1024x962.jpeg 1024w,https:\/\/www.centrocliniconemo.it\/wp-content\/uploads\/2024\/10\/Foto_51-2.jpeg 1277w\" sizes=\"auto, 250px\"\/><\/a><\/div><div class=\"sgb-item\"><a href=\"https:\/\/www.centrocliniconemo.it\/blog\/uniti-per-linclusione-aisla-uildm-famiglie-sma-e-centri-nemo-al-prime-g7-disabilita-italia\/attachment\/foto_48-3\/\" target=\"_blank\"><img loading=\"lazy\" decoding=\"async\" alt=\"\" width=\"225\" height=\"300\" loading=\"lazy\" src=\"https:\/\/www.centrocliniconemo.it\/wp-content\/uploads\/2024\/10\/Foto_48-2-225x300.jpeg\" srcset=\"https:\/\/www.centrocliniconemo.it\/wp-content\/uploads\/2024\/10\/Foto_48-2-225x300.jpeg 225w,https:\/\/www.centrocliniconemo.it\/wp-content\/uploads\/2024\/10\/Foto_48-2-768x1024.jpeg 768w,https:\/\/www.centrocliniconemo.it\/wp-content\/uploads\/2024\/10\/Foto_48-2.jpeg 1200w\" sizes=\"auto, 250px\"\/><\/a><\/div><div class=\"sgb-item\"><a href=\"https:\/\/www.centrocliniconemo.it\/blog\/uniti-per-linclusione-aisla-uildm-famiglie-sma-e-centri-nemo-al-prime-g7-disabilita-italia\/attachment\/6ede4764-5e01-44f3-9109-0a5ef935765c\/\" target=\"_blank\"><img loading=\"lazy\" decoding=\"async\" alt=\"\" width=\"241\" height=\"300\" loading=\"lazy\" src=\"https:\/\/www.centrocliniconemo.it\/wp-content\/uploads\/2024\/10\/6ede4764-5e01-44f3-9109-0a5ef935765c-241x300.jpg\" srcset=\"https:\/\/www.centrocliniconemo.it\/wp-content\/uploads\/2024\/10\/6ede4764-5e01-44f3-9109-0a5ef935765c-241x300.jpg 241w,https:\/\/www.centrocliniconemo.it\/wp-content\/uploads\/2024\/10\/6ede4764-5e01-44f3-9109-0a5ef935765c-822x1024.jpg 822w,https:\/\/www.centrocliniconemo.it\/wp-content\/uploads\/2024\/10\/6ede4764-5e01-44f3-9109-0a5ef935765c.jpg 1285w\" sizes=\"auto, 250px\"\/><\/a><\/div><div class=\"sgb-item\"><a href=\"https:\/\/www.centrocliniconemo.it\/blog\/uniti-per-linclusione-aisla-uildm-famiglie-sma-e-centri-nemo-al-prime-g7-disabilita-italia\/attachment\/foto_13-3\/\" target=\"_blank\"><img loading=\"lazy\" decoding=\"async\" alt=\"\" width=\"300\" height=\"226\" loading=\"lazy\" src=\"https:\/\/www.centrocliniconemo.it\/wp-content\/uploads\/2024\/10\/Foto_13-2-300x226.jpeg\" srcset=\"https:\/\/www.centrocliniconemo.it\/wp-content\/uploads\/2024\/10\/Foto_13-2-300x226.jpeg 300w,https:\/\/www.centrocliniconemo.it\/wp-content\/uploads\/2024\/10\/Foto_13-2-1024x771.jpeg 1024w,https:\/\/www.centrocliniconemo.it\/wp-content\/uploads\/2024\/10\/Foto_13-2.jpeg 2040w\" sizes=\"auto, 250px\"\/><\/a><\/div><div class=\"sgb-item\"><a href=\"https:\/\/www.centrocliniconemo.it\/blog\/uniti-per-linclusione-aisla-uildm-famiglie-sma-e-centri-nemo-al-prime-g7-disabilita-italia\/attachment\/foto_45-3\/\" target=\"_blank\"><img loading=\"lazy\" decoding=\"async\" alt=\"\" width=\"225\" height=\"300\" loading=\"lazy\" src=\"https:\/\/www.centrocliniconemo.it\/wp-content\/uploads\/2024\/10\/foto_45-2-225x300.jpeg\" srcset=\"https:\/\/www.centrocliniconemo.it\/wp-content\/uploads\/2024\/10\/foto_45-2-225x300.jpeg 225w,https:\/\/www.centrocliniconemo.it\/wp-content\/uploads\/2024\/10\/foto_45-2-768x1024.jpeg 768w,https:\/\/www.centrocliniconemo.it\/wp-content\/uploads\/2024\/10\/foto_45-2.jpeg 1200w\" sizes=\"auto, 250px\"\/><\/a><\/div><div class=\"sgb-item\"><a href=\"https:\/\/www.centrocliniconemo.it\/blog\/uniti-per-linclusione-aisla-uildm-famiglie-sma-e-centri-nemo-al-prime-g7-disabilita-italia\/attachment\/foto_52-2\/\" target=\"_blank\"><img loading=\"lazy\" decoding=\"async\" alt=\"\" width=\"225\" height=\"300\" loading=\"lazy\" src=\"https:\/\/www.centrocliniconemo.it\/wp-content\/uploads\/2024\/10\/Foto_52-1-225x300.jpeg\" srcset=\"https:\/\/www.centrocliniconemo.it\/wp-content\/uploads\/2024\/10\/Foto_52-1-225x300.jpeg 225w,https:\/\/www.centrocliniconemo.it\/wp-content\/uploads\/2024\/10\/Foto_52-1-768x1024.jpeg 768w,https:\/\/www.centrocliniconemo.it\/wp-content\/uploads\/2024\/10\/Foto_52-1.jpeg 1200w\" sizes=\"auto, 250px\"\/><\/a><\/div><div class=\"sgb-item\"><a href=\"https:\/\/www.centrocliniconemo.it\/blog\/uniti-per-linclusione-aisla-uildm-famiglie-sma-e-centri-nemo-al-prime-g7-disabilita-italia\/attachment\/foto_4-5\/\" target=\"_blank\"><img loading=\"lazy\" decoding=\"async\" alt=\"\" width=\"300\" height=\"226\" loading=\"lazy\" src=\"https:\/\/www.centrocliniconemo.it\/wp-content\/uploads\/2024\/10\/Foto_4-2-300x226.jpeg\" srcset=\"https:\/\/www.centrocliniconemo.it\/wp-content\/uploads\/2024\/10\/Foto_4-2-300x226.jpeg 300w,https:\/\/www.centrocliniconemo.it\/wp-content\/uploads\/2024\/10\/Foto_4-2-1024x771.jpeg 1024w,https:\/\/www.centrocliniconemo.it\/wp-content\/uploads\/2024\/10\/Foto_4-2.jpeg 1600w\" sizes=\"auto, 250px\"\/><\/a><\/div><\/div><\/noscript><\/div><script type=\"application\/json\" class=\"sgb-data\">{\"collectionColumns\":4,\"galleryType\":\"pgc_sgb_grid\",\"galleryId\":\"9ee74721\",\"images\":[{\"id\":22425,\"title\":\"Foto_30\",\"url\":\"https:\/\/www.centrocliniconemo.it\/wp-content\/uploads\/2024\/10\/Foto_30-2.jpeg\",\"link\":\"https:\/\/www.centrocliniconemo.it\/blog\/uniti-per-linclusione-aisla-uildm-famiglie-sma-e-centri-nemo-al-prime-g7-disabilita-italia\/attachment\/foto_30-3\/\",\"alt\":\"\",\"description\":\"\",\"caption\":\"\",\"mime\":\"image\/jpeg\",\"type\":\"image\",\"width\":1600,\"height\":1200,\"sizes\":{\"thumbnail\":{\"height\":150,\"width\":150,\"url\":\"https:\/\/www.centrocliniconemo.it\/wp-content\/uploads\/2024\/10\/Foto_30-2-150x150.jpeg\",\"orientation\":\"landscape\"},\"medium\":{\"height\":225,\"width\":300,\"url\":\"https:\/\/www.centrocliniconemo.it\/wp-content\/uploads\/2024\/10\/Foto_30-2-300x225.jpeg\",\"orientation\":\"landscape\"},\"large\":{\"height\":768,\"width\":1024,\"url\":\"https:\/\/www.centrocliniconemo.it\/wp-content\/uploads\/2024\/10\/Foto_30-2-1024x768.jpeg\",\"orientation\":\"landscape\"},\"full\":{\"url\":\"https:\/\/www.centrocliniconemo.it\/wp-content\/uploads\/2024\/10\/Foto_30-2.jpeg\",\"height\":1200,\"width\":1600,\"orientation\":\"landscape\"}},\"imageMeta\":{\"aperture\":\"0\",\"credit\":\"\",\"camera\":\"\",\"caption\":\"\",\"created_timestamp\":\"0\",\"copyright\":\"\",\"focal_length\":\"0\",\"iso\":\"0\",\"shutter_speed\":\"0\",\"title\":\"\",\"orientation\":\"0\",\"keywords\":[]},\"meta\":false,\"postlink\":\"https:\/\/www.centrocliniconemo.it\/blog\/uniti-per-linclusione-aisla-uildm-famiglie-sma-e-centri-nemo-al-prime-g7-disabilita-italia\/attachment\/foto_30-3\/\"},{\"id\":22415,\"title\":\"Foto_51\",\"url\":\"https:\/\/www.centrocliniconemo.it\/wp-content\/uploads\/2024\/10\/Foto_51-2.jpeg\",\"link\":\"https:\/\/www.centrocliniconemo.it\/blog\/uniti-per-linclusione-aisla-uildm-famiglie-sma-e-centri-nemo-al-prime-g7-disabilita-italia\/attachment\/foto_51-3\/\",\"alt\":\"\",\"description\":\"\",\"caption\":\"\",\"mime\":\"image\/jpeg\",\"type\":\"image\",\"width\":1277,\"height\":1200,\"sizes\":{\"thumbnail\":{\"height\":150,\"width\":150,\"url\":\"https:\/\/www.centrocliniconemo.it\/wp-content\/uploads\/2024\/10\/Foto_51-2-150x150.jpeg\",\"orientation\":\"landscape\"},\"medium\":{\"height\":282,\"width\":300,\"url\":\"https:\/\/www.centrocliniconemo.it\/wp-content\/uploads\/2024\/10\/Foto_51-2-300x282.jpeg\",\"orientation\":\"landscape\"},\"large\":{\"height\":962,\"width\":1024,\"url\":\"https:\/\/www.centrocliniconemo.it\/wp-content\/uploads\/2024\/10\/Foto_51-2-1024x962.jpeg\",\"orientation\":\"landscape\"},\"full\":{\"url\":\"https:\/\/www.centrocliniconemo.it\/wp-content\/uploads\/2024\/10\/Foto_51-2.jpeg\",\"height\":1200,\"width\":1277,\"orientation\":\"landscape\"}},\"imageMeta\":{\"aperture\":\"0\",\"credit\":\"\",\"camera\":\"\",\"caption\":\"\",\"created_timestamp\":\"0\",\"copyright\":\"\",\"focal_length\":\"0\",\"iso\":\"0\",\"shutter_speed\":\"0\",\"title\":\"\",\"orientation\":\"0\",\"keywords\":[]},\"meta\":false,\"postlink\":\"https:\/\/www.centrocliniconemo.it\/blog\/uniti-per-linclusione-aisla-uildm-famiglie-sma-e-centri-nemo-al-prime-g7-disabilita-italia\/attachment\/foto_51-3\/\"},{\"id\":22429,\"title\":\"Foto_48\",\"url\":\"https:\/\/www.centrocliniconemo.it\/wp-content\/uploads\/2024\/10\/Foto_48-2.jpeg\",\"link\":\"https:\/\/www.centrocliniconemo.it\/blog\/uniti-per-linclusione-aisla-uildm-famiglie-sma-e-centri-nemo-al-prime-g7-disabilita-italia\/attachment\/foto_48-3\/\",\"alt\":\"\",\"description\":\"\",\"caption\":\"\",\"mime\":\"image\/jpeg\",\"type\":\"image\",\"width\":1200,\"height\":1600,\"sizes\":{\"thumbnail\":{\"height\":150,\"width\":150,\"url\":\"https:\/\/www.centrocliniconemo.it\/wp-content\/uploads\/2024\/10\/Foto_48-2-150x150.jpeg\",\"orientation\":\"landscape\"},\"medium\":{\"height\":300,\"width\":225,\"url\":\"https:\/\/www.centrocliniconemo.it\/wp-content\/uploads\/2024\/10\/Foto_48-2-225x300.jpeg\",\"orientation\":\"portrait\"},\"large\":{\"height\":1024,\"width\":768,\"url\":\"https:\/\/www.centrocliniconemo.it\/wp-content\/uploads\/2024\/10\/Foto_48-2-768x1024.jpeg\",\"orientation\":\"portrait\"},\"full\":{\"url\":\"https:\/\/www.centrocliniconemo.it\/wp-content\/uploads\/2024\/10\/Foto_48-2.jpeg\",\"height\":1600,\"width\":1200,\"orientation\":\"portrait\"}},\"imageMeta\":{\"aperture\":\"0\",\"credit\":\"\",\"camera\":\"\",\"caption\":\"\",\"created_timestamp\":\"0\",\"copyright\":\"\",\"focal_length\":\"0\",\"iso\":\"0\",\"shutter_speed\":\"0\",\"title\":\"\",\"orientation\":\"0\",\"keywords\":[]},\"meta\":false,\"postlink\":\"https:\/\/www.centrocliniconemo.it\/blog\/uniti-per-linclusione-aisla-uildm-famiglie-sma-e-centri-nemo-al-prime-g7-disabilita-italia\/attachment\/foto_48-3\/\"},{\"id\":22395,\"title\":\"6ede4764-5e01-44f3-9109-0a5ef935765c\",\"url\":\"https:\/\/www.centrocliniconemo.it\/wp-content\/uploads\/2024\/10\/6ede4764-5e01-44f3-9109-0a5ef935765c.jpg\",\"link\":\"https:\/\/www.centrocliniconemo.it\/blog\/uniti-per-linclusione-aisla-uildm-famiglie-sma-e-centri-nemo-al-prime-g7-disabilita-italia\/attachment\/6ede4764-5e01-44f3-9109-0a5ef935765c\/\",\"alt\":\"\",\"description\":\"\",\"caption\":\"\",\"mime\":\"image\/jpeg\",\"type\":\"image\",\"width\":1285,\"height\":1600,\"sizes\":{\"thumbnail\":{\"height\":150,\"width\":150,\"url\":\"https:\/\/www.centrocliniconemo.it\/wp-content\/uploads\/2024\/10\/6ede4764-5e01-44f3-9109-0a5ef935765c-150x150.jpg\",\"orientation\":\"landscape\"},\"medium\":{\"height\":300,\"width\":241,\"url\":\"https:\/\/www.centrocliniconemo.it\/wp-content\/uploads\/2024\/10\/6ede4764-5e01-44f3-9109-0a5ef935765c-241x300.jpg\",\"orientation\":\"portrait\"},\"large\":{\"height\":1024,\"width\":822,\"url\":\"https:\/\/www.centrocliniconemo.it\/wp-content\/uploads\/2024\/10\/6ede4764-5e01-44f3-9109-0a5ef935765c-822x1024.jpg\",\"orientation\":\"portrait\"},\"full\":{\"url\":\"https:\/\/www.centrocliniconemo.it\/wp-content\/uploads\/2024\/10\/6ede4764-5e01-44f3-9109-0a5ef935765c.jpg\",\"height\":1600,\"width\":1285,\"orientation\":\"portrait\"}},\"imageMeta\":{\"aperture\":\"0\",\"credit\":\"\",\"camera\":\"\",\"caption\":\"\",\"created_timestamp\":\"0\",\"copyright\":\"\",\"focal_length\":\"0\",\"iso\":\"0\",\"shutter_speed\":\"0\",\"title\":\"\",\"orientation\":\"0\",\"keywords\":[]},\"meta\":false,\"postlink\":\"https:\/\/www.centrocliniconemo.it\/blog\/uniti-per-linclusione-aisla-uildm-famiglie-sma-e-centri-nemo-al-prime-g7-disabilita-italia\/attachment\/6ede4764-5e01-44f3-9109-0a5ef935765c\/\"},{\"id\":22423,\"title\":\"Foto_13\",\"url\":\"https:\/\/www.centrocliniconemo.it\/wp-content\/uploads\/2024\/10\/Foto_13-2.jpeg\",\"link\":\"https:\/\/www.centrocliniconemo.it\/blog\/uniti-per-linclusione-aisla-uildm-famiglie-sma-e-centri-nemo-al-prime-g7-disabilita-italia\/attachment\/foto_13-3\/\",\"alt\":\"\",\"description\":\"\",\"caption\":\"\",\"mime\":\"image\/jpeg\",\"type\":\"image\",\"width\":2040,\"height\":1536,\"sizes\":{\"thumbnail\":{\"height\":150,\"width\":150,\"url\":\"https:\/\/www.centrocliniconemo.it\/wp-content\/uploads\/2024\/10\/Foto_13-2-150x150.jpeg\",\"orientation\":\"landscape\"},\"medium\":{\"height\":226,\"width\":300,\"url\":\"https:\/\/www.centrocliniconemo.it\/wp-content\/uploads\/2024\/10\/Foto_13-2-300x226.jpeg\",\"orientation\":\"landscape\"},\"large\":{\"height\":771,\"width\":1024,\"url\":\"https:\/\/www.centrocliniconemo.it\/wp-content\/uploads\/2024\/10\/Foto_13-2-1024x771.jpeg\",\"orientation\":\"landscape\"},\"full\":{\"url\":\"https:\/\/www.centrocliniconemo.it\/wp-content\/uploads\/2024\/10\/Foto_13-2.jpeg\",\"height\":1536,\"width\":2040,\"orientation\":\"landscape\"}},\"imageMeta\":{\"aperture\":\"0\",\"credit\":\"\",\"camera\":\"\",\"caption\":\"\",\"created_timestamp\":\"0\",\"copyright\":\"\",\"focal_length\":\"0\",\"iso\":\"0\",\"shutter_speed\":\"0\",\"title\":\"\",\"orientation\":\"0\",\"keywords\":[]},\"meta\":false,\"postlink\":\"https:\/\/www.centrocliniconemo.it\/blog\/uniti-per-linclusione-aisla-uildm-famiglie-sma-e-centri-nemo-al-prime-g7-disabilita-italia\/attachment\/foto_13-3\/\"},{\"id\":22427,\"title\":\"foto_45\",\"url\":\"https:\/\/www.centrocliniconemo.it\/wp-content\/uploads\/2024\/10\/foto_45-2.jpeg\",\"link\":\"https:\/\/www.centrocliniconemo.it\/blog\/uniti-per-linclusione-aisla-uildm-famiglie-sma-e-centri-nemo-al-prime-g7-disabilita-italia\/attachment\/foto_45-3\/\",\"alt\":\"\",\"description\":\"\",\"caption\":\"\",\"mime\":\"image\/jpeg\",\"type\":\"image\",\"width\":1200,\"height\":1600,\"sizes\":{\"thumbnail\":{\"height\":150,\"width\":150,\"url\":\"https:\/\/www.centrocliniconemo.it\/wp-content\/uploads\/2024\/10\/foto_45-2-150x150.jpeg\",\"orientation\":\"landscape\"},\"medium\":{\"height\":300,\"width\":225,\"url\":\"https:\/\/www.centrocliniconemo.it\/wp-content\/uploads\/2024\/10\/foto_45-2-225x300.jpeg\",\"orientation\":\"portrait\"},\"large\":{\"height\":1024,\"width\":768,\"url\":\"https:\/\/www.centrocliniconemo.it\/wp-content\/uploads\/2024\/10\/foto_45-2-768x1024.jpeg\",\"orientation\":\"portrait\"},\"full\":{\"url\":\"https:\/\/www.centrocliniconemo.it\/wp-content\/uploads\/2024\/10\/foto_45-2.jpeg\",\"height\":1600,\"width\":1200,\"orientation\":\"portrait\"}},\"imageMeta\":{\"aperture\":\"0\",\"credit\":\"\",\"camera\":\"\",\"caption\":\"\",\"created_timestamp\":\"0\",\"copyright\":\"\",\"focal_length\":\"0\",\"iso\":\"0\",\"shutter_speed\":\"0\",\"title\":\"\",\"orientation\":\"0\",\"keywords\":[]},\"meta\":false,\"postlink\":\"https:\/\/www.centrocliniconemo.it\/blog\/uniti-per-linclusione-aisla-uildm-famiglie-sma-e-centri-nemo-al-prime-g7-disabilita-italia\/attachment\/foto_45-3\/\"},{\"id\":22413,\"title\":\"Foto_52\",\"url\":\"https:\/\/www.centrocliniconemo.it\/wp-content\/uploads\/2024\/10\/Foto_52-1.jpeg\",\"link\":\"https:\/\/www.centrocliniconemo.it\/blog\/uniti-per-linclusione-aisla-uildm-famiglie-sma-e-centri-nemo-al-prime-g7-disabilita-italia\/attachment\/foto_52-2\/\",\"alt\":\"\",\"description\":\"\",\"caption\":\"\",\"mime\":\"image\/jpeg\",\"type\":\"image\",\"width\":1200,\"height\":1600,\"sizes\":{\"thumbnail\":{\"height\":150,\"width\":150,\"url\":\"https:\/\/www.centrocliniconemo.it\/wp-content\/uploads\/2024\/10\/Foto_52-1-150x150.jpeg\",\"orientation\":\"landscape\"},\"medium\":{\"height\":300,\"width\":225,\"url\":\"https:\/\/www.centrocliniconemo.it\/wp-content\/uploads\/2024\/10\/Foto_52-1-225x300.jpeg\",\"orientation\":\"portrait\"},\"large\":{\"height\":1024,\"width\":768,\"url\":\"https:\/\/www.centrocliniconemo.it\/wp-content\/uploads\/2024\/10\/Foto_52-1-768x1024.jpeg\",\"orientation\":\"portrait\"},\"full\":{\"url\":\"https:\/\/www.centrocliniconemo.it\/wp-content\/uploads\/2024\/10\/Foto_52-1.jpeg\",\"height\":1600,\"width\":1200,\"orientation\":\"portrait\"}},\"imageMeta\":{\"aperture\":\"0\",\"credit\":\"\",\"camera\":\"\",\"caption\":\"\",\"created_timestamp\":\"0\",\"copyright\":\"\",\"focal_length\":\"0\",\"iso\":\"0\",\"shutter_speed\":\"0\",\"title\":\"\",\"orientation\":\"0\",\"keywords\":[]},\"meta\":false,\"postlink\":\"https:\/\/www.centrocliniconemo.it\/blog\/uniti-per-linclusione-aisla-uildm-famiglie-sma-e-centri-nemo-al-prime-g7-disabilita-italia\/attachment\/foto_52-2\/\"},{\"id\":22421,\"title\":\"Foto_4\",\"url\":\"https:\/\/www.centrocliniconemo.it\/wp-content\/uploads\/2024\/10\/Foto_4-2.jpeg\",\"link\":\"https:\/\/www.centrocliniconemo.it\/blog\/uniti-per-linclusione-aisla-uildm-famiglie-sma-e-centri-nemo-al-prime-g7-disabilita-italia\/attachment\/foto_4-5\/\",\"alt\":\"\",\"description\":\"\",\"caption\":\"\",\"mime\":\"image\/jpeg\",\"type\":\"image\",\"width\":1600,\"height\":1204,\"sizes\":{\"thumbnail\":{\"height\":150,\"width\":150,\"url\":\"https:\/\/www.centrocliniconemo.it\/wp-content\/uploads\/2024\/10\/Foto_4-2-150x150.jpeg\",\"orientation\":\"landscape\"},\"medium\":{\"height\":226,\"width\":300,\"url\":\"https:\/\/www.centrocliniconemo.it\/wp-content\/uploads\/2024\/10\/Foto_4-2-300x226.jpeg\",\"orientation\":\"landscape\"},\"large\":{\"height\":771,\"width\":1024,\"url\":\"https:\/\/www.centrocliniconemo.it\/wp-content\/uploads\/2024\/10\/Foto_4-2-1024x771.jpeg\",\"orientation\":\"landscape\"},\"full\":{\"url\":\"https:\/\/www.centrocliniconemo.it\/wp-content\/uploads\/2024\/10\/Foto_4-2.jpeg\",\"height\":1204,\"width\":1600,\"orientation\":\"landscape\"}},\"imageMeta\":{\"aperture\":\"0\",\"credit\":\"\",\"camera\":\"\",\"caption\":\"\",\"created_timestamp\":\"0\",\"copyright\":\"\",\"focal_length\":\"0\",\"iso\":\"0\",\"shutter_speed\":\"0\",\"title\":\"\",\"orientation\":\"0\",\"keywords\":[]},\"meta\":false,\"postlink\":\"https:\/\/www.centrocliniconemo.it\/blog\/uniti-per-linclusione-aisla-uildm-famiglie-sma-e-centri-nemo-al-prime-g7-disabilita-italia\/attachment\/foto_4-5\/\"}],\"jetDynamicVisibility\":{\"jedv_enabled\":false},\"jetPopupInstance\":\"none\",\"jetPopupTriggerType\":\"none\",\"jetPopupCustomSelector\":\"\",\"jetPopupIsJetEngine\":false,\"itemsMetaDataCollection\":[]}<\/script><script>(function(){if(window.PGC_SGB && window.PGC_SGB.searcher){window.PGC_SGB.searcher.initBlocks()}})()<\/script><\/div>","protected":false},"excerpt":{"rendered":"<p>Assisi, 14 ottobre \u2013 L&#8217;alleanza tra AISLA, UILDM, Famiglie SMA e Centri Clinici NeMO, in occasione del G7 sulla Inclusione &amp; Disabilit\u00e0, rappresenta un esempio di &#8220;Progetto Inclusivo&#8221;, dimostrando la forza dell&#8217;unione e della coesione. Per la prima volta, infatti, i ministri delle sette pi\u00f9 grandi economie mondiali si riuniranno in Italia per discutere delle [&hellip;]<\/p>\n","protected":false},"author":3,"featured_media":22376,"comment_status":"closed","ping_status":"closed","sticky":false,"template":"","format":"standard","meta":{"pgc_sgb_lightbox_settings":"","footnotes":""},"categories":[17],"tags":[200,225,19,107,18,30,24,25],"class_list":["post-22375","post","type-post","status-publish","format-standard","has-post-thumbnail","hentry","category-iniziative-ed-eventi","tag-aisla","tag-famiglie-sma","tag-nemo-ancona","tag-nemo-genova","tag-nemo-milano","tag-nemo-napoli","tag-nemo-roma","tag-nemo-trento"],"yoast_head":"<!-- This site is optimized with the Yoast SEO plugin v27.4 - https:\/\/yoast.com\/product\/yoast-seo-wordpress\/ -->\n<title>UNITI PER L\u2019INCLUSIONE: AISLA, UILDM, FAMIGLIE SMA e CENTRI NeMO AL PRIME G7 DISABILIT\u00c1 ITALIA - Centro Clinico NeMO<\/title>\n<meta name=\"robots\" content=\"index, follow, max-snippet:-1, max-image-preview:large, max-video-preview:-1\" \/>\n<link rel=\"canonical\" href=\"https:\/\/www.centrocliniconemo.it\/en\/blog\/uniti-per-linclusione-aisla-uildm-famiglie-sma-e-centri-nemo-al-prime-g7-disabilita-italia\/\" \/>\n<meta property=\"og:locale\" content=\"en_US\" \/>\n<meta property=\"og:type\" content=\"article\" \/>\n<meta property=\"og:title\" content=\"UNITI PER L\u2019INCLUSIONE: AISLA, UILDM, FAMIGLIE SMA e CENTRI NeMO AL PRIME G7 DISABILIT\u00c1 ITALIA - Centro Clinico NeMO\" \/>\n<meta property=\"og:description\" content=\"Assisi, 14 ottobre \u2013 L&#8217;alleanza tra AISLA, UILDM, Famiglie SMA e Centri Clinici NeMO, in occasione del G7 sulla Inclusione &amp; Disabilit\u00e0, rappresenta un esempio di &#8220;Progetto Inclusivo&#8221;, dimostrando la forza dell&#8217;unione e della coesione. Per la prima volta, infatti, i ministri delle sette pi\u00f9 grandi economie mondiali si riuniranno in Italia per discutere delle [&hellip;]\" \/>\n<meta property=\"og:url\" content=\"https:\/\/www.centrocliniconemo.it\/en\/blog\/uniti-per-linclusione-aisla-uildm-famiglie-sma-e-centri-nemo-al-prime-g7-disabilita-italia\/\" \/>\n<meta property=\"og:site_name\" content=\"Centro Clinico NeMO\" \/>\n<meta property=\"article:publisher\" content=\"https:\/\/www.facebook.com\/CentroNEMOItalia\" \/>\n<meta property=\"article:published_time\" content=\"2024-10-15T08:01:26+00:00\" \/>\n<meta property=\"article:modified_time\" content=\"2024-10-15T09:40:34+00:00\" \/>\n<meta property=\"og:image\" content=\"https:\/\/www.centrocliniconemo.it\/wp-content\/uploads\/2024\/10\/Foto_1.jpeg\" \/>\n\t<meta property=\"og:image:width\" content=\"1247\" \/>\n\t<meta property=\"og:image:height\" content=\"999\" \/>\n\t<meta property=\"og:image:type\" content=\"image\/jpeg\" \/>\n<meta name=\"author\" content=\"Paola Tomasi\" \/>\n<meta name=\"twitter:card\" content=\"summary_large_image\" \/>\n<meta name=\"twitter:creator\" content=\"@CentroNemo\" \/>\n<meta name=\"twitter:site\" content=\"@CentroNemo\" \/>\n<meta name=\"twitter:label1\" content=\"Written by\" \/>\n\t<meta name=\"twitter:data1\" content=\"Paola Tomasi\" \/>\n\t<meta name=\"twitter:label2\" content=\"Est. reading time\" \/>\n\t<meta name=\"twitter:data2\" content=\"5 minutes\" \/>\n<script type=\"application\/ld+json\" class=\"yoast-schema-graph\">{\"@context\":\"https:\\\/\\\/schema.org\",\"@graph\":[{\"@type\":\"Article\",\"@id\":\"https:\\\/\\\/www.centrocliniconemo.it\\\/en\\\/blog\\\/uniti-per-linclusione-aisla-uildm-famiglie-sma-e-centri-nemo-al-prime-g7-disabilita-italia\\\/#article\",\"isPartOf\":{\"@id\":\"https:\\\/\\\/www.centrocliniconemo.it\\\/en\\\/blog\\\/uniti-per-linclusione-aisla-uildm-famiglie-sma-e-centri-nemo-al-prime-g7-disabilita-italia\\\/\"},\"author\":{\"name\":\"Paola Tomasi\",\"@id\":\"https:\\\/\\\/www.centrocliniconemo.it\\\/en\\\/#\\\/schema\\\/person\\\/23b904ba18a16bb7b114b1f59642792e\"},\"headline\":\"UNITI PER L\u2019INCLUSIONE: AISLA, UILDM, FAMIGLIE SMA e CENTRI NeMO AL PRIME G7 DISABILIT\u00c1 ITALIA\",\"datePublished\":\"2024-10-15T08:01:26+00:00\",\"dateModified\":\"2024-10-15T09:40:34+00:00\",\"mainEntityOfPage\":{\"@id\":\"https:\\\/\\\/www.centrocliniconemo.it\\\/en\\\/blog\\\/uniti-per-linclusione-aisla-uildm-famiglie-sma-e-centri-nemo-al-prime-g7-disabilita-italia\\\/\"},\"wordCount\":620,\"publisher\":{\"@id\":\"https:\\\/\\\/www.centrocliniconemo.it\\\/en\\\/#organization\"},\"image\":{\"@id\":\"https:\\\/\\\/www.centrocliniconemo.it\\\/en\\\/blog\\\/uniti-per-linclusione-aisla-uildm-famiglie-sma-e-centri-nemo-al-prime-g7-disabilita-italia\\\/#primaryimage\"},\"thumbnailUrl\":\"https:\\\/\\\/www.centrocliniconemo.it\\\/wp-content\\\/uploads\\\/2024\\\/10\\\/Foto_1.jpeg\",\"keywords\":[\"Aisla\",\"Famiglie SMA\",\"NeMO Ancona\",\"NeMo Genova\",\"NeMO Milano\",\"NeMO Napoli\",\"NeMO Roma\",\"NeMO Trento\"],\"articleSection\":[\"Iniziative ed eventi\"],\"inLanguage\":\"en-US\"},{\"@type\":\"WebPage\",\"@id\":\"https:\\\/\\\/www.centrocliniconemo.it\\\/en\\\/blog\\\/uniti-per-linclusione-aisla-uildm-famiglie-sma-e-centri-nemo-al-prime-g7-disabilita-italia\\\/\",\"url\":\"https:\\\/\\\/www.centrocliniconemo.it\\\/en\\\/blog\\\/uniti-per-linclusione-aisla-uildm-famiglie-sma-e-centri-nemo-al-prime-g7-disabilita-italia\\\/\",\"name\":\"UNITI PER L\u2019INCLUSIONE: AISLA, UILDM, FAMIGLIE SMA e CENTRI NeMO AL PRIME G7 DISABILIT\u00c1 ITALIA - Centro Clinico NeMO\",\"isPartOf\":{\"@id\":\"https:\\\/\\\/www.centrocliniconemo.it\\\/en\\\/#website\"},\"primaryImageOfPage\":{\"@id\":\"https:\\\/\\\/www.centrocliniconemo.it\\\/en\\\/blog\\\/uniti-per-linclusione-aisla-uildm-famiglie-sma-e-centri-nemo-al-prime-g7-disabilita-italia\\\/#primaryimage\"},\"image\":{\"@id\":\"https:\\\/\\\/www.centrocliniconemo.it\\\/en\\\/blog\\\/uniti-per-linclusione-aisla-uildm-famiglie-sma-e-centri-nemo-al-prime-g7-disabilita-italia\\\/#primaryimage\"},\"thumbnailUrl\":\"https:\\\/\\\/www.centrocliniconemo.it\\\/wp-content\\\/uploads\\\/2024\\\/10\\\/Foto_1.jpeg\",\"datePublished\":\"2024-10-15T08:01:26+00:00\",\"dateModified\":\"2024-10-15T09:40:34+00:00\",\"breadcrumb\":{\"@id\":\"https:\\\/\\\/www.centrocliniconemo.it\\\/en\\\/blog\\\/uniti-per-linclusione-aisla-uildm-famiglie-sma-e-centri-nemo-al-prime-g7-disabilita-italia\\\/#breadcrumb\"},\"inLanguage\":\"en-US\",\"potentialAction\":[{\"@type\":\"ReadAction\",\"target\":[\"https:\\\/\\\/www.centrocliniconemo.it\\\/en\\\/blog\\\/uniti-per-linclusione-aisla-uildm-famiglie-sma-e-centri-nemo-al-prime-g7-disabilita-italia\\\/\"]}]},{\"@type\":\"ImageObject\",\"inLanguage\":\"en-US\",\"@id\":\"https:\\\/\\\/www.centrocliniconemo.it\\\/en\\\/blog\\\/uniti-per-linclusione-aisla-uildm-famiglie-sma-e-centri-nemo-al-prime-g7-disabilita-italia\\\/#primaryimage\",\"url\":\"https:\\\/\\\/www.centrocliniconemo.it\\\/wp-content\\\/uploads\\\/2024\\\/10\\\/Foto_1.jpeg\",\"contentUrl\":\"https:\\\/\\\/www.centrocliniconemo.it\\\/wp-content\\\/uploads\\\/2024\\\/10\\\/Foto_1.jpeg\",\"width\":1247,\"height\":999,\"caption\":\"Presidente Rasconi Centri Clinici NeMO e Associazioni pazienti al G7 assisi\"},{\"@type\":\"BreadcrumbList\",\"@id\":\"https:\\\/\\\/www.centrocliniconemo.it\\\/en\\\/blog\\\/uniti-per-linclusione-aisla-uildm-famiglie-sma-e-centri-nemo-al-prime-g7-disabilita-italia\\\/#breadcrumb\",\"itemListElement\":[{\"@type\":\"ListItem\",\"position\":1,\"name\":\"Home\",\"item\":\"https:\\\/\\\/www.centrocliniconemo.it\\\/en\\\/\"},{\"@type\":\"ListItem\",\"position\":2,\"name\":\"UNITI PER L\u2019INCLUSIONE: AISLA, UILDM, FAMIGLIE SMA e CENTRI NeMO AL PRIME G7 DISABILIT\u00c1 ITALIA\"}]},{\"@type\":\"WebSite\",\"@id\":\"https:\\\/\\\/www.centrocliniconemo.it\\\/en\\\/#website\",\"url\":\"https:\\\/\\\/www.centrocliniconemo.it\\\/en\\\/\",\"name\":\"Centro Clinico NeMO\",\"description\":\"Il paziente al centro\",\"publisher\":{\"@id\":\"https:\\\/\\\/www.centrocliniconemo.it\\\/en\\\/#organization\"},\"potentialAction\":[{\"@type\":\"SearchAction\",\"target\":{\"@type\":\"EntryPoint\",\"urlTemplate\":\"https:\\\/\\\/www.centrocliniconemo.it\\\/en\\\/?s={search_term_string}\"},\"query-input\":{\"@type\":\"PropertyValueSpecification\",\"valueRequired\":true,\"valueName\":\"search_term_string\"}}],\"inLanguage\":\"en-US\"},{\"@type\":\"Organization\",\"@id\":\"https:\\\/\\\/www.centrocliniconemo.it\\\/en\\\/#organization\",\"name\":\"Centro Clinico NeMO - Fondazione Serena Onlus\",\"url\":\"https:\\\/\\\/www.centrocliniconemo.it\\\/en\\\/\",\"logo\":{\"@type\":\"ImageObject\",\"inLanguage\":\"en-US\",\"@id\":\"https:\\\/\\\/www.centrocliniconemo.it\\\/en\\\/#\\\/schema\\\/logo\\\/image\\\/\",\"url\":\"https:\\\/\\\/www.centrocliniconemo.it\\\/wp-content\\\/uploads\\\/2023\\\/03\\\/logo-nemo.svg\",\"contentUrl\":\"https:\\\/\\\/www.centrocliniconemo.it\\\/wp-content\\\/uploads\\\/2023\\\/03\\\/logo-nemo.svg\",\"width\":272,\"height\":109.142,\"caption\":\"Centro Clinico NeMO - Fondazione Serena Onlus\"},\"image\":{\"@id\":\"https:\\\/\\\/www.centrocliniconemo.it\\\/en\\\/#\\\/schema\\\/logo\\\/image\\\/\"},\"sameAs\":[\"https:\\\/\\\/www.facebook.com\\\/CentroNEMOItalia\",\"https:\\\/\\\/x.com\\\/CentroNemo\",\"https:\\\/\\\/www.linkedin.com\\\/company\\\/centrocliniconemo\\\/\",\"https:\\\/\\\/www.instagram.com\\\/centrocliniconemo\\\/\"]},{\"@type\":\"Person\",\"@id\":\"https:\\\/\\\/www.centrocliniconemo.it\\\/en\\\/#\\\/schema\\\/person\\\/23b904ba18a16bb7b114b1f59642792e\",\"name\":\"Paola Tomasi\",\"image\":{\"@type\":\"ImageObject\",\"inLanguage\":\"en-US\",\"@id\":\"https:\\\/\\\/secure.gravatar.com\\\/avatar\\\/74446384f79033bbbf711e67d0640ba1208293f1c7cd6b4abdc36fd985a8b9e4?s=96&d=mm&r=g\",\"url\":\"https:\\\/\\\/secure.gravatar.com\\\/avatar\\\/74446384f79033bbbf711e67d0640ba1208293f1c7cd6b4abdc36fd985a8b9e4?s=96&d=mm&r=g\",\"contentUrl\":\"https:\\\/\\\/secure.gravatar.com\\\/avatar\\\/74446384f79033bbbf711e67d0640ba1208293f1c7cd6b4abdc36fd985a8b9e4?s=96&d=mm&r=g\",\"caption\":\"Paola Tomasi\"}}]}<\/script>\n<!-- \/ Yoast SEO plugin. -->","yoast_head_json":{"title":"UNITI PER L\u2019INCLUSIONE: AISLA, UILDM, FAMIGLIE SMA e CENTRI NeMO AL PRIME G7 DISABILIT\u00c1 ITALIA - Centro Clinico NeMO","robots":{"index":"index","follow":"follow","max-snippet":"max-snippet:-1","max-image-preview":"max-image-preview:large","max-video-preview":"max-video-preview:-1"},"canonical":"https:\/\/www.centrocliniconemo.it\/en\/blog\/uniti-per-linclusione-aisla-uildm-famiglie-sma-e-centri-nemo-al-prime-g7-disabilita-italia\/","og_locale":"en_US","og_type":"article","og_title":"UNITI PER L\u2019INCLUSIONE: AISLA, UILDM, FAMIGLIE SMA e CENTRI NeMO AL PRIME G7 DISABILIT\u00c1 ITALIA - Centro Clinico NeMO","og_description":"Assisi, 14 ottobre \u2013 L&#8217;alleanza tra AISLA, UILDM, Famiglie SMA e Centri Clinici NeMO, in occasione del G7 sulla Inclusione &amp; Disabilit\u00e0, rappresenta un esempio di &#8220;Progetto Inclusivo&#8221;, dimostrando la forza dell&#8217;unione e della coesione. Per la prima volta, infatti, i ministri delle sette pi\u00f9 grandi economie mondiali si riuniranno in Italia per discutere delle [&hellip;]","og_url":"https:\/\/www.centrocliniconemo.it\/en\/blog\/uniti-per-linclusione-aisla-uildm-famiglie-sma-e-centri-nemo-al-prime-g7-disabilita-italia\/","og_site_name":"Centro Clinico NeMO","article_publisher":"https:\/\/www.facebook.com\/CentroNEMOItalia","article_published_time":"2024-10-15T08:01:26+00:00","article_modified_time":"2024-10-15T09:40:34+00:00","og_image":[{"width":1247,"height":999,"url":"https:\/\/www.centrocliniconemo.it\/wp-content\/uploads\/2024\/10\/Foto_1.jpeg","type":"image\/jpeg"}],"author":"Paola Tomasi","twitter_card":"summary_large_image","twitter_creator":"@CentroNemo","twitter_site":"@CentroNemo","twitter_misc":{"Written by":"Paola Tomasi","Est. reading time":"5 minutes"},"schema":{"@context":"https:\/\/schema.org","@graph":[{"@type":"Article","@id":"https:\/\/www.centrocliniconemo.it\/en\/blog\/uniti-per-linclusione-aisla-uildm-famiglie-sma-e-centri-nemo-al-prime-g7-disabilita-italia\/#article","isPartOf":{"@id":"https:\/\/www.centrocliniconemo.it\/en\/blog\/uniti-per-linclusione-aisla-uildm-famiglie-sma-e-centri-nemo-al-prime-g7-disabilita-italia\/"},"author":{"name":"Paola Tomasi","@id":"https:\/\/www.centrocliniconemo.it\/en\/#\/schema\/person\/23b904ba18a16bb7b114b1f59642792e"},"headline":"UNITI PER L\u2019INCLUSIONE: AISLA, UILDM, FAMIGLIE SMA e CENTRI NeMO AL PRIME G7 DISABILIT\u00c1 ITALIA","datePublished":"2024-10-15T08:01:26+00:00","dateModified":"2024-10-15T09:40:34+00:00","mainEntityOfPage":{"@id":"https:\/\/www.centrocliniconemo.it\/en\/blog\/uniti-per-linclusione-aisla-uildm-famiglie-sma-e-centri-nemo-al-prime-g7-disabilita-italia\/"},"wordCount":620,"publisher":{"@id":"https:\/\/www.centrocliniconemo.it\/en\/#organization"},"image":{"@id":"https:\/\/www.centrocliniconemo.it\/en\/blog\/uniti-per-linclusione-aisla-uildm-famiglie-sma-e-centri-nemo-al-prime-g7-disabilita-italia\/#primaryimage"},"thumbnailUrl":"https:\/\/www.centrocliniconemo.it\/wp-content\/uploads\/2024\/10\/Foto_1.jpeg","keywords":["Aisla","Famiglie SMA","NeMO Ancona","NeMo Genova","NeMO Milano","NeMO Napoli","NeMO Roma","NeMO Trento"],"articleSection":["Iniziative ed eventi"],"inLanguage":"en-US"},{"@type":"WebPage","@id":"https:\/\/www.centrocliniconemo.it\/en\/blog\/uniti-per-linclusione-aisla-uildm-famiglie-sma-e-centri-nemo-al-prime-g7-disabilita-italia\/","url":"https:\/\/www.centrocliniconemo.it\/en\/blog\/uniti-per-linclusione-aisla-uildm-famiglie-sma-e-centri-nemo-al-prime-g7-disabilita-italia\/","name":"UNITI PER L\u2019INCLUSIONE: AISLA, UILDM, FAMIGLIE SMA e CENTRI NeMO AL PRIME G7 DISABILIT\u00c1 ITALIA - Centro Clinico NeMO","isPartOf":{"@id":"https:\/\/www.centrocliniconemo.it\/en\/#website"},"primaryImageOfPage":{"@id":"https:\/\/www.centrocliniconemo.it\/en\/blog\/uniti-per-linclusione-aisla-uildm-famiglie-sma-e-centri-nemo-al-prime-g7-disabilita-italia\/#primaryimage"},"image":{"@id":"https:\/\/www.centrocliniconemo.it\/en\/blog\/uniti-per-linclusione-aisla-uildm-famiglie-sma-e-centri-nemo-al-prime-g7-disabilita-italia\/#primaryimage"},"thumbnailUrl":"https:\/\/www.centrocliniconemo.it\/wp-content\/uploads\/2024\/10\/Foto_1.jpeg","datePublished":"2024-10-15T08:01:26+00:00","dateModified":"2024-10-15T09:40:34+00:00","breadcrumb":{"@id":"https:\/\/www.centrocliniconemo.it\/en\/blog\/uniti-per-linclusione-aisla-uildm-famiglie-sma-e-centri-nemo-al-prime-g7-disabilita-italia\/#breadcrumb"},"inLanguage":"en-US","potentialAction":[{"@type":"ReadAction","target":["https:\/\/www.centrocliniconemo.it\/en\/blog\/uniti-per-linclusione-aisla-uildm-famiglie-sma-e-centri-nemo-al-prime-g7-disabilita-italia\/"]}]},{"@type":"ImageObject","inLanguage":"en-US","@id":"https:\/\/www.centrocliniconemo.it\/en\/blog\/uniti-per-linclusione-aisla-uildm-famiglie-sma-e-centri-nemo-al-prime-g7-disabilita-italia\/#primaryimage","url":"https:\/\/www.centrocliniconemo.it\/wp-content\/uploads\/2024\/10\/Foto_1.jpeg","contentUrl":"https:\/\/www.centrocliniconemo.it\/wp-content\/uploads\/2024\/10\/Foto_1.jpeg","width":1247,"height":999,"caption":"Presidente Rasconi Centri Clinici NeMO e Associazioni pazienti al G7 assisi"},{"@type":"BreadcrumbList","@id":"https:\/\/www.centrocliniconemo.it\/en\/blog\/uniti-per-linclusione-aisla-uildm-famiglie-sma-e-centri-nemo-al-prime-g7-disabilita-italia\/#breadcrumb","itemListElement":[{"@type":"ListItem","position":1,"name":"Home","item":"https:\/\/www.centrocliniconemo.it\/en\/"},{"@type":"ListItem","position":2,"name":"UNITI PER L\u2019INCLUSIONE: AISLA, UILDM, FAMIGLIE SMA e CENTRI NeMO AL PRIME G7 DISABILIT\u00c1 ITALIA"}]},{"@type":"WebSite","@id":"https:\/\/www.centrocliniconemo.it\/en\/#website","url":"https:\/\/www.centrocliniconemo.it\/en\/","name":"Centro Clinico NeMO","description":"Il paziente al centro","publisher":{"@id":"https:\/\/www.centrocliniconemo.it\/en\/#organization"},"potentialAction":[{"@type":"SearchAction","target":{"@type":"EntryPoint","urlTemplate":"https:\/\/www.centrocliniconemo.it\/en\/?s={search_term_string}"},"query-input":{"@type":"PropertyValueSpecification","valueRequired":true,"valueName":"search_term_string"}}],"inLanguage":"en-US"},{"@type":"Organization","@id":"https:\/\/www.centrocliniconemo.it\/en\/#organization","name":"Centro Clinico NeMO - Fondazione Serena Onlus","url":"https:\/\/www.centrocliniconemo.it\/en\/","logo":{"@type":"ImageObject","inLanguage":"en-US","@id":"https:\/\/www.centrocliniconemo.it\/en\/#\/schema\/logo\/image\/","url":"https:\/\/www.centrocliniconemo.it\/wp-content\/uploads\/2023\/03\/logo-nemo.svg","contentUrl":"https:\/\/www.centrocliniconemo.it\/wp-content\/uploads\/2023\/03\/logo-nemo.svg","width":272,"height":109.142,"caption":"Centro Clinico NeMO - Fondazione Serena Onlus"},"image":{"@id":"https:\/\/www.centrocliniconemo.it\/en\/#\/schema\/logo\/image\/"},"sameAs":["https:\/\/www.facebook.com\/CentroNEMOItalia","https:\/\/x.com\/CentroNemo","https:\/\/www.linkedin.com\/company\/centrocliniconemo\/","https:\/\/www.instagram.com\/centrocliniconemo\/"]},{"@type":"Person","@id":"https:\/\/www.centrocliniconemo.it\/en\/#\/schema\/person\/23b904ba18a16bb7b114b1f59642792e","name":"Paola Tomasi","image":{"@type":"ImageObject","inLanguage":"en-US","@id":"https:\/\/secure.gravatar.com\/avatar\/74446384f79033bbbf711e67d0640ba1208293f1c7cd6b4abdc36fd985a8b9e4?s=96&d=mm&r=g","url":"https:\/\/secure.gravatar.com\/avatar\/74446384f79033bbbf711e67d0640ba1208293f1c7cd6b4abdc36fd985a8b9e4?s=96&d=mm&r=g","contentUrl":"https:\/\/secure.gravatar.com\/avatar\/74446384f79033bbbf711e67d0640ba1208293f1c7cd6b4abdc36fd985a8b9e4?s=96&d=mm&r=g","caption":"Paola Tomasi"}}]}},"_links":{"self":[{"href":"https:\/\/www.centrocliniconemo.it\/en\/wp-json\/wp\/v2\/posts\/22375","targetHints":{"allow":["GET"]}}],"collection":[{"href":"https:\/\/www.centrocliniconemo.it\/en\/wp-json\/wp\/v2\/posts"}],"about":[{"href":"https:\/\/www.centrocliniconemo.it\/en\/wp-json\/wp\/v2\/types\/post"}],"author":[{"embeddable":true,"href":"https:\/\/www.centrocliniconemo.it\/en\/wp-json\/wp\/v2\/users\/3"}],"replies":[{"embeddable":true,"href":"https:\/\/www.centrocliniconemo.it\/en\/wp-json\/wp\/v2\/comments?post=22375"}],"version-history":[{"count":0,"href":"https:\/\/www.centrocliniconemo.it\/en\/wp-json\/wp\/v2\/posts\/22375\/revisions"}],"wp:featuredmedia":[{"embeddable":true,"href":"https:\/\/www.centrocliniconemo.it\/en\/wp-json\/wp\/v2\/media\/22376"}],"wp:attachment":[{"href":"https:\/\/www.centrocliniconemo.it\/en\/wp-json\/wp\/v2\/media?parent=22375"}],"wp:term":[{"taxonomy":"category","embeddable":true,"href":"https:\/\/www.centrocliniconemo.it\/en\/wp-json\/wp\/v2\/categories?post=22375"},{"taxonomy":"post_tag","embeddable":true,"href":"https:\/\/www.centrocliniconemo.it\/en\/wp-json\/wp\/v2\/tags?post=22375"}],"curies":[{"name":"wp","href":"https:\/\/api.w.org\/{rel}","templated":true}]}}