{"id":22337,"date":"2024-10-02T15:49:01","date_gmt":"2024-10-02T15:49:01","guid":{"rendered":"https:\/\/www.centrocliniconemo.it\/blog\/?p=22337"},"modified":"2024-10-02T16:00:22","modified_gmt":"2024-10-02T16:00:22","slug":"sma-talent-school-trova-la-tua-voce-la-prima-academy-sulla-voce-per-persone-con-sma","status":"publish","type":"post","link":"https:\/\/www.centrocliniconemo.it\/en\/blog\/sma-talent-school-trova-la-tua-voce-la-prima-academy-sulla-voce-per-persone-con-sma\/","title":{"rendered":"SMA Talent School. Trova la tua Voce! La prima academy sulla voce per persone con SMA\u00a0"},"content":{"rendered":"\n<p><em>2 ottobre 2024 <\/em>\u2013 Come esprimere il proprio talento attraverso la voce? Per scoprirlo e approfondire questa arte nelle sue diverse forme \u00e8 tempo di tornare sui banchi di scuola.&nbsp;<\/p>\n\n\n\n<p>Non una scuola qualunque, ma <strong>SMA TALENT School<\/strong>, un progetto di formazione online pensato per valorizzare e far scoprire le tante possibilit\u00e0 di utilizzo delle abilit\u00e0 vocali per chi vive con la SMA (atrofia muscolare spinale) e presentato oggi a Milano nel teatro di Accademia09, la scuola di alta formazione artistica, partner didattico dell\u2019iniziativa. <strong>A moderare l\u2019evento<\/strong>,<strong> <\/strong>l\u2019inconfondibile voce radiofonica di<strong> Marisa Passera.<\/strong><\/p>\n\n\n\n<p>Il progetto \u00e8 sviluppato dai <strong>Centri Clinici NeMO, <\/strong>il network nazionale dei centri esperti per la cura e la ricerca sulle patologie neuromuscolari e da <strong>Famiglie SMA<\/strong>, l\u2019Associazione nazionale di riferimento per questa patologia<strong>, insieme a Roche<\/strong>. Un percorso che offre a 67 partecipanti, con un\u2019et\u00e0 compresa tra i 9 e i 63 anni, la possibilit\u00e0 di seguire un <strong>programma formativo della durata di 9 mesi<\/strong> nella disciplina che pi\u00f9 preferiscono tra <strong>canto, recitazione, public speaking<\/strong> e <strong>radio speaking<\/strong>. L\u2019obiettivo \u00e8 duplice: sperimentarsi nella scoperta di nuove possibilit\u00e0 per esprimere se stessi e potenziare nel contempo le proprie abilit\u00e0 vocali e respiratorie.<\/p>\n\n\n\n<figure class=\"wp-block-image aligncenter size-large\"><img fetchpriority=\"high\" decoding=\"async\" width=\"1024\" height=\"576\" src=\"https:\/\/www.centrocliniconemo.it\/wp-content\/uploads\/2024\/09\/SMA-Talent-School-1024x576.png\" alt=\"\" class=\"wp-image-22353\" srcset=\"https:\/\/www.centrocliniconemo.it\/wp-content\/uploads\/2024\/09\/SMA-Talent-School-1024x576.png 1024w, https:\/\/www.centrocliniconemo.it\/wp-content\/uploads\/2024\/09\/SMA-Talent-School-300x169.png 300w, https:\/\/www.centrocliniconemo.it\/wp-content\/uploads\/2024\/09\/SMA-Talent-School-768x432.png 768w, https:\/\/www.centrocliniconemo.it\/wp-content\/uploads\/2024\/09\/SMA-Talent-School-1536x864.png 1536w, https:\/\/www.centrocliniconemo.it\/wp-content\/uploads\/2024\/09\/SMA-Talent-School.png 1920w\" sizes=\"(max-width: 1024px) 100vw, 1024px\" \/><\/figure>\n\n\n\n<p><em>\u201cIl vero talento non \u00e8 solo abilit\u00e0 tecnica, ma \u00e8 la capacit\u00e0 di esprimere ci\u00f2 che si \u00e8, di farsi ascoltare e di trasmettere qualcosa di autentico &#8211; <\/em>dichiara <strong>Anita Pallara<\/strong>, <strong>presidente di Famiglie SMA<\/strong>, che continua &#8211; <em>La partecipazione cos\u00ec numerosa al progetto ci dimostra che vivere con una patologia rara e una disabilit\u00e0 complessa non significa rinunciare a coltivare i propri talenti. La SMA Talent School non \u00e8 solo un\u2019esperienza formativa, \u00e8 uno spazio dove ognuno pu\u00f2 mostrare ci\u00f2 che ha da offrire al mondo, mettendo in gioco le proprie passioni e il proprio desiderio di entrare in relazione con gli altri. Siamo orgogliosi di dare voce alla nostra comunit\u00e0, insieme a partner che condividono la medesima visione di inclusione e di una societ\u00e0 capace di dare valore alle specificit\u00e0 di ciascuno&#8221;<\/em>.<\/p>\n\n\n\n<p>Un progetto, dunque, per raccontare la ricerca di s\u00e9 e del proprio posto nel mondo, sperimentando strade nuove attraverso l\u2019arte e le tecniche dell\u2019uso della voce; ma anche una sfida nel continuare a fare cultura di inclusione centrata sul valore della persona.<\/p>\n\n\n\n<p><em>&#8220;Mettere al centro la persona e la sua qualit\u00e0 della vita nel percorso di cura significa assumersi la responsabilit\u00e0 di guardare non solo alla patologia, ma anche a ci\u00f2 che rende la quotidianit\u00e0 di ciascuno piena e significativa &#8211; <\/em>Continua <strong>Marco Rasconi, presidente dei Centri Clinici NeMO <\/strong>&#8211; <em>&nbsp;Nei Centri NeMO ci impegniamo quotidianamente ad offrire una cura che vada oltre la risposta clinica, includendo il supporto emotivo e sociale della persona e della sua famiglia. E con il progetto SMA Talent School, vogliamo dare alle persone con SMA l\u2019opportunit\u00e0 di esplorare e coltivare il proprio talento vocale, lavorando insieme anche per migliorare le capacit\u00e0 respiratorie e di espressione. Questo percorso \u00e8 l\u2019esempio concreto di come il valore della presa in carico si intrecci con il desiderio di costruire il proprio progetto di vita\u201d.<\/em><\/p>\n\n\n\n<p>Le lezioni mensili, in partenza il 7 ottobre, saranno condotte da quattro coach professionisti di Accademia09: <strong>Cristiano Violo<\/strong>, Mind Coach e Mind Trainer sar\u00e0 riferimento per il corso di Public Speaking; il corso di recitazione sar\u00e0 affidato a <strong>Lavinia Longhi<\/strong>, attrice di fama internazionale; il cantautore <strong>Pierdavide Carone<\/strong> condurr\u00e0 la classe di canto e il corso di Radio Speaking avr\u00e0 come coach lo speaker radiofonico <strong>Matteo Campese<\/strong>. Alla guida, il Direttore Didattico dell\u2019Accademia,<strong> Federico Bertozzi<\/strong>.&nbsp;<\/p>\n\n\n\n<p>Ma il progetto non si ferma alla sola formazione artistica: durante il percorso, i partecipanti saranno supportati da <strong>Simona Spinoglio<\/strong>, psicologa, educatrice, peer counsellor e cantoterapeuta, <strong>Paola Tomasi e Nicoletta Madia<\/strong>, esperte in comunicazione sociale e sanitaria dei Centri Clinici NeMO. Un team professionale al fianco di ogni allievo per&nbsp; garantire un contesto di apprendimento sicuro e stimolante.&nbsp;<\/p>\n\n\n\n<p>Fondamentale, inoltre, sar\u00e0 il valore formativo dei<strong> clinici e degli operatori dei Centri NeMO, <\/strong>con la realizzazione di video tutorial e diari attraverso i quali approfondire i temi specifici della respirazione, della comunicazione e della cura di s\u00e9. Indicazioni, suggerimenti e raccomandazioni utili per permettere agli allievi di vivere al meglio il percorso, come spiega <strong>Emilio Albamonte, neuropsichiatra infantile del Centro Clinico NeMO di Milano<\/strong>:<\/p>\n\n\n\n<p><em>&#8220;Proteggere e preservare la funzionalit\u00e0 respiratoria, migliorare la capacit\u00e0 comunicativa e prendersi cura degli aspetti emotivi e sociali significa supportare nel tempo ed in modo efficace il percorso clinico della malattia, ma anche attivare quelle condizioni che permettono di garantire qualit\u00e0 di vita in tutte le sue dimensioni. Per i bambini che oggi vivono una storia della malattia in grande cambiamento, lavorare sullo sviluppo delle loro risorse non pu\u00f2 che portare energia positiva per il percorso di crescita\u201d.<\/em><\/p>\n\n\n\n<p>La SMA infatti &#8211; patologia genetica rara e complessa &#8211; in questi anni sta vivendo una vera e propria rivoluzione terapeutica, come sottolinea <strong>Katia Patanella, medico neurologo del Centro Clinico NeMO Roma, area adulti<\/strong>:<strong> <\/strong><em>\u201cIn un contesto cos\u00ec articolato, come quello in cui oggi stiamo vivendo per la SMA, risulta ancora pi\u00f9 importante una presa in carico multidisciplinare che ponga attenzione ai tanti aspetti che influenzano la qualit\u00e0 di vita. La SMA Talent School, in questo senso, rappresenta un alleato prezioso che affianca al percorso clinico un approccio sistemico, per valorizzare la persona nella sua totalit\u00e0. Credo che questi siano i passi concreti per un cambiamento nel percorso di cura e di vita\u201d.<\/em>&nbsp;<\/p>\n\n\n\n<p><strong>SMA TALENT School <\/strong>non \u00e8 solo una piattaforma di apprendimento, \u00e8 anche un progetto che vuole sensibilizzare sull\u2019Atrofia Muscolare Spinale (SMA), che in Italia colpisce ogni anno un bambino su 10.000 e porta alla progressiva perdita delle capacit\u00e0 motorie. Un canale Instagram dedicato (<a href=\"https:\/\/www.instagram.com\/smatalentschool\">https:\/\/www.instagram.com\/smatalentschool<\/a>) dar\u00e0 voce ai protagonisti di questa avventura, con il racconto delle emozioni, delle aspettative e con la testimonianza delle esperienze vissute.&nbsp;<\/p>\n\n\n\n<p>\u201c<em>Ascoltare le esigenze delle persone con SMA e di chi gli sta accanto \u00e8 per noi fondamentale e proprio da qui nasce la collaborazione, ormai consolidata negli anni, con Famiglie SMA e i Centri Clinici NeMO<\/em> &#8211;<strong> afferma Benedetta Nicastro, Communications Head di Roche <\/strong>&#8211; <em>Per questo siamo molto felici di essere parte del progetto SMA Talent School, che vuole essere una possibilit\u00e0 per le persone che convivono con SMA di esplorare il proprio talento, sviluppando al contempo le proprie potenzialit\u00e0 vocali all\u2019interno di una dimensione artistica e valorizzando la propria unicit\u00e0. Sostenere iniziative come questa ci consente di essere partner attivi nel percorso di vita dei partecipanti, supportandoli a 360\u00b0 e promuovendo cos\u00ec una cultura dell\u2019inclusione in cui ogni voce viene ascoltata e valorizzata<\/em>\u201d.&nbsp;La prima campanella della SMA Talent School \u00e8 pronta a suonare per dare avvio a quella che sar\u00e0 una bellissima sfida per allievi e coach. Tante aspettative, mille curiosit\u00e0, grande eccitazione hanno creato la magia oggi nel teatro di Accademia09. Per tutti la medesima consapevolezza: <em>la voce non ha confini, la voce non ha limiti, la voce corre veloce.<\/em><em>&nbsp;<\/em><\/p>\n\n\n<div class=\"pgc-sgb-cb wp-block-pgcsimplygalleryblock-slider \" data-gallery-id=\"4fc94244\"style=&quot;min-height:400px&quot;><div class=\"sgb-preloader\" id=\"pr_4fc94244\">\n\t<div class=\"sgb-square\" style=\"background:#d4d4d4\"><\/div>\n\t<div class=\"sgb-square\" style=\"background:#d4d4d4\"><\/div>\n\t<div class=\"sgb-square\" style=\"background:#d4d4d4\"><\/div>\n\t<div class=\"sgb-square\" style=\"background:#d4d4d4\"><\/div><\/div><div class=\"simply-gallery-amp pgc_sgb_slider \"><noscript><div class=\"sgb-gallery\"><div class=\"sgb-item\"><a href=\"https:\/\/www.centrocliniconemo.it\/wp-content\/uploads\/2024\/10\/katia-scaled.jpg\"><img loading=\"lazy\" decoding=\"async\" alt=\"\" width=\"226\" height=\"300\" loading=\"lazy\" src=\"https:\/\/www.centrocliniconemo.it\/wp-content\/uploads\/2024\/10\/katia-226x300.jpg\" srcset=\"https:\/\/www.centrocliniconemo.it\/wp-content\/uploads\/2024\/10\/katia-226x300.jpg 226w,https:\/\/www.centrocliniconemo.it\/wp-content\/uploads\/2024\/10\/katia-771x1024.jpg 771w,https:\/\/www.centrocliniconemo.it\/wp-content\/uploads\/2024\/10\/katia-scaled.jpg 1928w\" sizes=\"auto, 250px\"\/><\/a><\/div><div class=\"sgb-item\"><a href=\"https:\/\/www.centrocliniconemo.it\/wp-content\/uploads\/2024\/09\/Simona-e-Federico_1-scaled.jpg\"><img loading=\"lazy\" decoding=\"async\" alt=\"\" width=\"226\" height=\"300\" loading=\"lazy\" src=\"https:\/\/www.centrocliniconemo.it\/wp-content\/uploads\/2024\/09\/Simona-e-Federico_1-226x300.jpg\" srcset=\"https:\/\/www.centrocliniconemo.it\/wp-content\/uploads\/2024\/09\/Simona-e-Federico_1-226x300.jpg 226w,https:\/\/www.centrocliniconemo.it\/wp-content\/uploads\/2024\/09\/Simona-e-Federico_1-771x1024.jpg 771w,https:\/\/www.centrocliniconemo.it\/wp-content\/uploads\/2024\/09\/Simona-e-Federico_1-scaled.jpg 1928w\" sizes=\"auto, 250px\"\/><\/a><\/div><div class=\"sgb-item\"><a href=\"https:\/\/www.centrocliniconemo.it\/wp-content\/uploads\/2024\/09\/Simona-e-Federico_2-scaled.jpg\"><img loading=\"lazy\" decoding=\"async\" alt=\"\" width=\"300\" height=\"226\" loading=\"lazy\" src=\"https:\/\/www.centrocliniconemo.it\/wp-content\/uploads\/2024\/09\/Simona-e-Federico_2-300x226.jpg\" srcset=\"https:\/\/www.centrocliniconemo.it\/wp-content\/uploads\/2024\/09\/Simona-e-Federico_2-300x226.jpg 300w,https:\/\/www.centrocliniconemo.it\/wp-content\/uploads\/2024\/09\/Simona-e-Federico_2-1024x771.jpg 1024w,https:\/\/www.centrocliniconemo.it\/wp-content\/uploads\/2024\/09\/Simona-e-Federico_2-scaled.jpg 2560w\" sizes=\"auto, 250px\"\/><\/a><\/div><div class=\"sgb-item\"><a href=\"https:\/\/www.centrocliniconemo.it\/wp-content\/uploads\/2024\/09\/01_Conferenza-Gruppo.jpg\"><img loading=\"lazy\" decoding=\"async\" alt=\"\" width=\"300\" height=\"200\" loading=\"lazy\" src=\"https:\/\/www.centrocliniconemo.it\/wp-content\/uploads\/2024\/09\/01_Conferenza-Gruppo-300x200.jpg\" srcset=\"https:\/\/www.centrocliniconemo.it\/wp-content\/uploads\/2024\/09\/01_Conferenza-Gruppo-300x200.jpg 300w,https:\/\/www.centrocliniconemo.it\/wp-content\/uploads\/2024\/09\/01_Conferenza-Gruppo-1024x682.jpg 1024w,https:\/\/www.centrocliniconemo.it\/wp-content\/uploads\/2024\/09\/01_Conferenza-Gruppo.jpg 2000w\" sizes=\"auto, 250px\"\/><\/a><\/div><div class=\"sgb-item\"><a href=\"https:\/\/www.centrocliniconemo.it\/wp-content\/uploads\/2024\/09\/04_Foto-Gruppo.jpg\"><img loading=\"lazy\" decoding=\"async\" alt=\"\" width=\"300\" height=\"200\" loading=\"lazy\" src=\"https:\/\/www.centrocliniconemo.it\/wp-content\/uploads\/2024\/09\/04_Foto-Gruppo-300x200.jpg\" srcset=\"https:\/\/www.centrocliniconemo.it\/wp-content\/uploads\/2024\/09\/04_Foto-Gruppo-300x200.jpg 300w,https:\/\/www.centrocliniconemo.it\/wp-content\/uploads\/2024\/09\/04_Foto-Gruppo-1024x682.jpg 1024w,https:\/\/www.centrocliniconemo.it\/wp-content\/uploads\/2024\/09\/04_Foto-Gruppo.jpg 2000w\" sizes=\"auto, 250px\"\/><\/a><\/div><div class=\"sgb-item\"><a href=\"https:\/\/www.centrocliniconemo.it\/wp-content\/uploads\/2024\/09\/foto-di-gruppo.jpeg\"><img loading=\"lazy\" decoding=\"async\" alt=\"\" width=\"300\" height=\"225\" loading=\"lazy\" src=\"https:\/\/www.centrocliniconemo.it\/wp-content\/uploads\/2024\/09\/foto-di-gruppo-300x225.jpeg\" srcset=\"https:\/\/www.centrocliniconemo.it\/wp-content\/uploads\/2024\/09\/foto-di-gruppo-300x225.jpeg 300w,https:\/\/www.centrocliniconemo.it\/wp-content\/uploads\/2024\/09\/foto-di-gruppo-1024x768.jpeg 1024w,https:\/\/www.centrocliniconemo.it\/wp-content\/uploads\/2024\/09\/foto-di-gruppo.jpeg 2048w\" sizes=\"auto, 250px\"\/><\/a><\/div><div class=\"sgb-item\"><a href=\"https:\/\/www.centrocliniconemo.it\/wp-content\/uploads\/2024\/09\/05_Foto-palco.jpg\"><img loading=\"lazy\" decoding=\"async\" alt=\"\" width=\"300\" height=\"200\" loading=\"lazy\" src=\"https:\/\/www.centrocliniconemo.it\/wp-content\/uploads\/2024\/09\/05_Foto-palco-300x200.jpg\" srcset=\"https:\/\/www.centrocliniconemo.it\/wp-content\/uploads\/2024\/09\/05_Foto-palco-300x200.jpg 300w,https:\/\/www.centrocliniconemo.it\/wp-content\/uploads\/2024\/09\/05_Foto-palco-1024x682.jpg 1024w,https:\/\/www.centrocliniconemo.it\/wp-content\/uploads\/2024\/09\/05_Foto-palco.jpg 2000w\" sizes=\"auto, 250px\"\/><\/a><\/div><\/div><\/noscript><\/div><script type=\"application\/json\" class=\"sgb-data\">{\"sliderAdminWidth\":1817,\"galleryType\":\"pgc_sgb_slider\",\"galleryId\":\"4fc94244\",\"images\":[{\"id\":22357,\"title\":\"katia\",\"url\":\"https:\/\/www.centrocliniconemo.it\/wp-content\/uploads\/2024\/10\/katia-scaled.jpg\",\"link\":\"https:\/\/www.centrocliniconemo.it\/blog\/sma-talent-school-trova-la-tua-voce-la-prima-academy-sulla-voce-per-persone-con-sma\/attachment\/katia\/\",\"alt\":\"\",\"description\":\"\",\"caption\":\"\",\"mime\":\"image\/jpeg\",\"type\":\"image\",\"width\":1928,\"height\":2560,\"sizes\":{\"thumbnail\":{\"height\":150,\"width\":150,\"url\":\"https:\/\/www.centrocliniconemo.it\/wp-content\/uploads\/2024\/10\/katia-150x150.jpg\",\"orientation\":\"landscape\"},\"medium\":{\"height\":300,\"width\":226,\"url\":\"https:\/\/www.centrocliniconemo.it\/wp-content\/uploads\/2024\/10\/katia-226x300.jpg\",\"orientation\":\"portrait\"},\"large\":{\"height\":1024,\"width\":771,\"url\":\"https:\/\/www.centrocliniconemo.it\/wp-content\/uploads\/2024\/10\/katia-771x1024.jpg\",\"orientation\":\"portrait\"},\"full\":{\"url\":\"https:\/\/www.centrocliniconemo.it\/wp-content\/uploads\/2024\/10\/katia-scaled.jpg\",\"height\":2560,\"width\":1928,\"orientation\":\"portrait\"}},\"imageMeta\":{\"aperture\":\"1.85\",\"credit\":\"\",\"camera\":\"Pixel 7\",\"caption\":\"\",\"created_timestamp\":\"1727867529\",\"copyright\":\"\",\"focal_length\":\"6.81\",\"iso\":\"127\",\"shutter_speed\":\"0.04167\",\"title\":\"\",\"orientation\":\"1\",\"keywords\":[]},\"meta\":false},{\"id\":22341,\"title\":\"Simona e Federico_1\",\"url\":\"https:\/\/www.centrocliniconemo.it\/wp-content\/uploads\/2024\/09\/Simona-e-Federico_1-scaled.jpg\",\"link\":\"https:\/\/www.centrocliniconemo.it\/blog\/sma-talent-school-trova-la-tua-voce-la-prima-academy-sulla-voce-per-persone-con-sma\/attachment\/simona-e-federico_1\/\",\"alt\":\"\",\"description\":\"\",\"caption\":\"\",\"mime\":\"image\/jpeg\",\"type\":\"image\",\"width\":1928,\"height\":2560,\"sizes\":{\"thumbnail\":{\"height\":150,\"width\":150,\"url\":\"https:\/\/www.centrocliniconemo.it\/wp-content\/uploads\/2024\/09\/Simona-e-Federico_1-150x150.jpg\",\"orientation\":\"landscape\"},\"medium\":{\"height\":300,\"width\":226,\"url\":\"https:\/\/www.centrocliniconemo.it\/wp-content\/uploads\/2024\/09\/Simona-e-Federico_1-226x300.jpg\",\"orientation\":\"portrait\"},\"large\":{\"height\":1024,\"width\":771,\"url\":\"https:\/\/www.centrocliniconemo.it\/wp-content\/uploads\/2024\/09\/Simona-e-Federico_1-771x1024.jpg\",\"orientation\":\"portrait\"},\"full\":{\"url\":\"https:\/\/www.centrocliniconemo.it\/wp-content\/uploads\/2024\/09\/Simona-e-Federico_1-scaled.jpg\",\"height\":2560,\"width\":1928,\"orientation\":\"portrait\"}},\"imageMeta\":{\"aperture\":\"1.85\",\"credit\":\"\",\"camera\":\"Pixel 7\",\"caption\":\"\",\"created_timestamp\":\"1727866537\",\"copyright\":\"\",\"focal_length\":\"6.81\",\"iso\":\"209\",\"shutter_speed\":\"0.04167\",\"title\":\"\",\"orientation\":\"1\",\"keywords\":[]},\"meta\":false},{\"id\":22343,\"title\":\"Simona e Federico_2\",\"url\":\"https:\/\/www.centrocliniconemo.it\/wp-content\/uploads\/2024\/09\/Simona-e-Federico_2-scaled.jpg\",\"link\":\"https:\/\/www.centrocliniconemo.it\/blog\/sma-talent-school-trova-la-tua-voce-la-prima-academy-sulla-voce-per-persone-con-sma\/attachment\/simona-e-federico_2\/\",\"alt\":\"\",\"description\":\"\",\"caption\":\"\",\"mime\":\"image\/jpeg\",\"type\":\"image\",\"width\":2560,\"height\":1928,\"sizes\":{\"thumbnail\":{\"height\":150,\"width\":150,\"url\":\"https:\/\/www.centrocliniconemo.it\/wp-content\/uploads\/2024\/09\/Simona-e-Federico_2-150x150.jpg\",\"orientation\":\"landscape\"},\"medium\":{\"height\":226,\"width\":300,\"url\":\"https:\/\/www.centrocliniconemo.it\/wp-content\/uploads\/2024\/09\/Simona-e-Federico_2-300x226.jpg\",\"orientation\":\"landscape\"},\"large\":{\"height\":771,\"width\":1024,\"url\":\"https:\/\/www.centrocliniconemo.it\/wp-content\/uploads\/2024\/09\/Simona-e-Federico_2-1024x771.jpg\",\"orientation\":\"landscape\"},\"full\":{\"url\":\"https:\/\/www.centrocliniconemo.it\/wp-content\/uploads\/2024\/09\/Simona-e-Federico_2-scaled.jpg\",\"height\":1928,\"width\":2560,\"orientation\":\"landscape\"}},\"imageMeta\":{\"aperture\":\"2.2\",\"credit\":\"\",\"camera\":\"Pixel 7\",\"caption\":\"\",\"created_timestamp\":\"1727866517\",\"copyright\":\"\",\"focal_length\":\"2.35\",\"iso\":\"153\",\"shutter_speed\":\"0.041666\",\"title\":\"\",\"orientation\":\"1\",\"keywords\":[]},\"meta\":false},{\"id\":22345,\"title\":\"01_Conferenza Gruppo\",\"url\":\"https:\/\/www.centrocliniconemo.it\/wp-content\/uploads\/2024\/09\/01_Conferenza-Gruppo.jpg\",\"link\":\"https:\/\/www.centrocliniconemo.it\/blog\/sma-talent-school-trova-la-tua-voce-la-prima-academy-sulla-voce-per-persone-con-sma\/attachment\/01_conferenza-gruppo\/\",\"alt\":\"\",\"description\":\"\",\"caption\":\"\",\"mime\":\"image\/jpeg\",\"type\":\"image\",\"width\":2000,\"height\":1333,\"sizes\":{\"thumbnail\":{\"height\":150,\"width\":150,\"url\":\"https:\/\/www.centrocliniconemo.it\/wp-content\/uploads\/2024\/09\/01_Conferenza-Gruppo-150x150.jpg\",\"orientation\":\"landscape\"},\"medium\":{\"height\":200,\"width\":300,\"url\":\"https:\/\/www.centrocliniconemo.it\/wp-content\/uploads\/2024\/09\/01_Conferenza-Gruppo-300x200.jpg\",\"orientation\":\"landscape\"},\"large\":{\"height\":682,\"width\":1024,\"url\":\"https:\/\/www.centrocliniconemo.it\/wp-content\/uploads\/2024\/09\/01_Conferenza-Gruppo-1024x682.jpg\",\"orientation\":\"landscape\"},\"full\":{\"url\":\"https:\/\/www.centrocliniconemo.it\/wp-content\/uploads\/2024\/09\/01_Conferenza-Gruppo.jpg\",\"height\":1333,\"width\":2000,\"orientation\":\"landscape\"}},\"imageMeta\":{\"aperture\":\"0\",\"credit\":\"Matteo Deiana\",\"camera\":\"\",\"caption\":\"\",\"created_timestamp\":\"1727868042\",\"copyright\":\"2024 - Matteo Deiana - Studio RAW - info@spazioraw.it\",\"focal_length\":\"0\",\"iso\":\"0\",\"shutter_speed\":\"0\",\"title\":\"\",\"orientation\":\"0\",\"keywords\":[]},\"meta\":false},{\"id\":22347,\"title\":\"04_Foto Gruppo\",\"url\":\"https:\/\/www.centrocliniconemo.it\/wp-content\/uploads\/2024\/09\/04_Foto-Gruppo.jpg\",\"link\":\"https:\/\/www.centrocliniconemo.it\/blog\/sma-talent-school-trova-la-tua-voce-la-prima-academy-sulla-voce-per-persone-con-sma\/attachment\/04_foto-gruppo\/\",\"alt\":\"\",\"description\":\"\",\"caption\":\"\",\"mime\":\"image\/jpeg\",\"type\":\"image\",\"width\":2000,\"height\":1333,\"sizes\":{\"thumbnail\":{\"height\":150,\"width\":150,\"url\":\"https:\/\/www.centrocliniconemo.it\/wp-content\/uploads\/2024\/09\/04_Foto-Gruppo-150x150.jpg\",\"orientation\":\"landscape\"},\"medium\":{\"height\":200,\"width\":300,\"url\":\"https:\/\/www.centrocliniconemo.it\/wp-content\/uploads\/2024\/09\/04_Foto-Gruppo-300x200.jpg\",\"orientation\":\"landscape\"},\"large\":{\"height\":682,\"width\":1024,\"url\":\"https:\/\/www.centrocliniconemo.it\/wp-content\/uploads\/2024\/09\/04_Foto-Gruppo-1024x682.jpg\",\"orientation\":\"landscape\"},\"full\":{\"url\":\"https:\/\/www.centrocliniconemo.it\/wp-content\/uploads\/2024\/09\/04_Foto-Gruppo.jpg\",\"height\":1333,\"width\":2000,\"orientation\":\"landscape\"}},\"imageMeta\":{\"aperture\":\"0\",\"credit\":\"Matteo Deiana\",\"camera\":\"\",\"caption\":\"\",\"created_timestamp\":\"1727861706\",\"copyright\":\"2024 - Matteo Deiana - Studio RAW - info@spazioraw.it\",\"focal_length\":\"0\",\"iso\":\"0\",\"shutter_speed\":\"0\",\"title\":\"\",\"orientation\":\"0\",\"keywords\":[]},\"meta\":false},{\"id\":22351,\"title\":\"foto di gruppo\",\"url\":\"https:\/\/www.centrocliniconemo.it\/wp-content\/uploads\/2024\/09\/foto-di-gruppo.jpeg\",\"link\":\"https:\/\/www.centrocliniconemo.it\/blog\/sma-talent-school-trova-la-tua-voce-la-prima-academy-sulla-voce-per-persone-con-sma\/attachment\/foto-di-gruppo\/\",\"alt\":\"\",\"description\":\"\",\"caption\":\"\",\"mime\":\"image\/jpeg\",\"type\":\"image\",\"width\":2048,\"height\":1536,\"sizes\":{\"thumbnail\":{\"height\":150,\"width\":150,\"url\":\"https:\/\/www.centrocliniconemo.it\/wp-content\/uploads\/2024\/09\/foto-di-gruppo-150x150.jpeg\",\"orientation\":\"landscape\"},\"medium\":{\"height\":225,\"width\":300,\"url\":\"https:\/\/www.centrocliniconemo.it\/wp-content\/uploads\/2024\/09\/foto-di-gruppo-300x225.jpeg\",\"orientation\":\"landscape\"},\"large\":{\"height\":768,\"width\":1024,\"url\":\"https:\/\/www.centrocliniconemo.it\/wp-content\/uploads\/2024\/09\/foto-di-gruppo-1024x768.jpeg\",\"orientation\":\"landscape\"},\"full\":{\"url\":\"https:\/\/www.centrocliniconemo.it\/wp-content\/uploads\/2024\/09\/foto-di-gruppo.jpeg\",\"height\":1536,\"width\":2048,\"orientation\":\"landscape\"}},\"imageMeta\":{\"aperture\":\"0\",\"credit\":\"\",\"camera\":\"\",\"caption\":\"\",\"created_timestamp\":\"0\",\"copyright\":\"\",\"focal_length\":\"0\",\"iso\":\"0\",\"shutter_speed\":\"0\",\"title\":\"\",\"orientation\":\"0\",\"keywords\":[]},\"meta\":false},{\"id\":22349,\"title\":\"05_Foto palco\",\"url\":\"https:\/\/www.centrocliniconemo.it\/wp-content\/uploads\/2024\/09\/05_Foto-palco.jpg\",\"link\":\"https:\/\/www.centrocliniconemo.it\/blog\/sma-talent-school-trova-la-tua-voce-la-prima-academy-sulla-voce-per-persone-con-sma\/attachment\/05_foto-palco\/\",\"alt\":\"\",\"description\":\"\",\"caption\":\"\",\"mime\":\"image\/jpeg\",\"type\":\"image\",\"width\":2000,\"height\":1333,\"sizes\":{\"thumbnail\":{\"height\":150,\"width\":150,\"url\":\"https:\/\/www.centrocliniconemo.it\/wp-content\/uploads\/2024\/09\/05_Foto-palco-150x150.jpg\",\"orientation\":\"landscape\"},\"medium\":{\"height\":200,\"width\":300,\"url\":\"https:\/\/www.centrocliniconemo.it\/wp-content\/uploads\/2024\/09\/05_Foto-palco-300x200.jpg\",\"orientation\":\"landscape\"},\"large\":{\"height\":682,\"width\":1024,\"url\":\"https:\/\/www.centrocliniconemo.it\/wp-content\/uploads\/2024\/09\/05_Foto-palco-1024x682.jpg\",\"orientation\":\"landscape\"},\"full\":{\"url\":\"https:\/\/www.centrocliniconemo.it\/wp-content\/uploads\/2024\/09\/05_Foto-palco.jpg\",\"height\":1333,\"width\":2000,\"orientation\":\"landscape\"}},\"imageMeta\":{\"aperture\":\"0\",\"credit\":\"Matteo Deiana\",\"camera\":\"\",\"caption\":\"\",\"created_timestamp\":\"1727860720\",\"copyright\":\"2024 - Matteo Deiana - Studio RAW - info@spazioraw.it\",\"focal_length\":\"0\",\"iso\":\"0\",\"shutter_speed\":\"0\",\"title\":\"\",\"orientation\":\"0\",\"keywords\":[]},\"meta\":false}],\"jetDynamicVisibility\":{\"jedv_enabled\":false},\"jetPopupInstance\":\"none\",\"jetPopupTriggerType\":\"none\",\"jetPopupCustomSelector\":\"\",\"jetPopupIsJetEngine\":false,\"itemsMetaDataCollection\":[]}<\/script><script>(function(){if(window.PGC_SGB && window.PGC_SGB.searcher){window.PGC_SGB.searcher.initBlocks()}})()<\/script><\/div>\n\n\n<p><\/p>\n","protected":false},"excerpt":{"rendered":"<p>2 ottobre 2024 \u2013 Come esprimere il proprio talento attraverso la voce? Per scoprirlo e approfondire questa arte nelle sue diverse forme \u00e8 tempo di tornare sui banchi di scuola.&nbsp; Non una scuola qualunque, ma SMA TALENT School, un progetto di formazione online pensato per valorizzare e far scoprire le tante possibilit\u00e0 di utilizzo delle [&hellip;]<\/p>\n","protected":false},"author":2,"featured_media":22347,"comment_status":"closed","ping_status":"closed","sticky":false,"template":"","format":"standard","meta":{"pgc_sgb_lightbox_settings":"","footnotes":""},"categories":[28,17],"tags":[225,19,22,107,18,30,24,25],"class_list":["post-22337","post","type-post","status-publish","format-standard","has-post-thumbnail","hentry","category-cura-ricerca-e-formazione","category-iniziative-ed-eventi","tag-famiglie-sma","tag-nemo-ancona","tag-nemo-brescia","tag-nemo-genova","tag-nemo-milano","tag-nemo-napoli","tag-nemo-roma","tag-nemo-trento"],"yoast_head":"<!-- This site is optimized with the Yoast SEO plugin v27.4 - https:\/\/yoast.com\/product\/yoast-seo-wordpress\/ -->\n<title>SMA Talent School. Trova la tua Voce! La prima academy sulla voce per persone con SMA\u00a0 - Centro Clinico NeMO<\/title>\n<meta name=\"description\" content=\"Il progetto \u00e8 sviluppato dai Centri Clinici NeMO, il network nazionale dei centri esperti per la cura e la ricerca sulle patologie neuromuscolari e da Famiglie SMA, l\u2019Associazione nazionale di riferimento per questa patologia, insieme a Roche. Un percorso che offre a 67 partecipanti, con un\u2019et\u00e0 compresa tra i 9 e i 63 anni, la possibilit\u00e0 di seguire un programma formativo della durata di 9 mesi nella disciplina che pi\u00f9 preferiscono tra canto, recitazione, public speaking e radio speaking. L\u2019obiettivo \u00e8 duplice: sperimentarsi nella scoperta di nuove possibilit\u00e0 per esprimere se stessi e potenziare nel contempo le proprie abilit\u00e0 vocali e respiratorie.\" \/>\n<meta name=\"robots\" content=\"index, follow, max-snippet:-1, max-image-preview:large, max-video-preview:-1\" \/>\n<link rel=\"canonical\" href=\"https:\/\/www.centrocliniconemo.it\/en\/blog\/sma-talent-school-trova-la-tua-voce-la-prima-academy-sulla-voce-per-persone-con-sma\/\" \/>\n<meta property=\"og:locale\" content=\"en_US\" \/>\n<meta property=\"og:type\" content=\"article\" \/>\n<meta property=\"og:title\" content=\"SMA Talent School. Trova la tua Voce! La prima academy sulla voce per persone con SMA\u00a0\" \/>\n<meta property=\"og:description\" content=\"Il progetto \u00e8 sviluppato dai Centri Clinici NeMO, il network nazionale dei centri esperti per la cura e la ricerca sulle patologie neuromuscolari e da Famiglie SMA, l\u2019Associazione nazionale di riferimento per questa patologia, insieme a Roche. Un percorso che offre a 67 partecipanti, con un\u2019et\u00e0 compresa tra i 9 e i 63 anni, la possibilit\u00e0 di seguire un programma formativo della durata di 9 mesi nella disciplina che pi\u00f9 preferiscono tra canto, recitazione, public speaking e radio speaking. L\u2019obiettivo \u00e8 duplice: sperimentarsi nella scoperta di nuove possibilit\u00e0 per esprimere se stessi e potenziare nel contempo le proprie abilit\u00e0 vocali e respiratorie.\" \/>\n<meta property=\"og:url\" content=\"https:\/\/www.centrocliniconemo.it\/en\/blog\/sma-talent-school-trova-la-tua-voce-la-prima-academy-sulla-voce-per-persone-con-sma\/\" \/>\n<meta property=\"og:site_name\" content=\"Centro Clinico NeMO\" \/>\n<meta property=\"article:publisher\" content=\"https:\/\/www.facebook.com\/CentroNEMOItalia\" \/>\n<meta property=\"article:published_time\" content=\"2024-10-02T15:49:01+00:00\" \/>\n<meta property=\"article:modified_time\" content=\"2024-10-02T16:00:22+00:00\" \/>\n<meta property=\"og:image\" content=\"https:\/\/www.centrocliniconemo.it\/wp-content\/uploads\/2024\/09\/04_Foto-Gruppo.jpg\" \/>\n\t<meta property=\"og:image:width\" content=\"2000\" \/>\n\t<meta property=\"og:image:height\" content=\"1333\" \/>\n\t<meta property=\"og:image:type\" content=\"image\/jpeg\" \/>\n<meta name=\"author\" content=\"Luca Biondi\" \/>\n<meta name=\"twitter:card\" content=\"summary_large_image\" \/>\n<meta name=\"twitter:title\" content=\"SMA Talent School. Trova la tua Voce! La prima academy sulla voce per persone con SMA\u00a0\" \/>\n<meta name=\"twitter:description\" content=\"Il progetto \u00e8 sviluppato dai Centri Clinici NeMO, il network nazionale dei centri esperti per la cura e la ricerca sulle patologie neuromuscolari e da Famiglie SMA, l\u2019Associazione nazionale di riferimento per questa patologia, insieme a Roche. Un percorso che offre a 67 partecipanti, con un\u2019et\u00e0 compresa tra i 9 e i 63 anni, la possibilit\u00e0 di seguire un programma formativo della durata di 9 mesi nella disciplina che pi\u00f9 preferiscono tra canto, recitazione, public speaking e radio speaking. L\u2019obiettivo \u00e8 duplice: sperimentarsi nella scoperta di nuove possibilit\u00e0 per esprimere se stessi e potenziare nel contempo le proprie abilit\u00e0 vocali e respiratorie.\" \/>\n<meta name=\"twitter:creator\" content=\"@CentroNemo\" \/>\n<meta name=\"twitter:site\" content=\"@CentroNemo\" \/>\n<meta name=\"twitter:label1\" content=\"Written by\" \/>\n\t<meta name=\"twitter:data1\" content=\"Luca Biondi\" \/>\n\t<meta name=\"twitter:label2\" content=\"Est. reading time\" \/>\n\t<meta name=\"twitter:data2\" content=\"8 minutes\" \/>\n<script type=\"application\/ld+json\" class=\"yoast-schema-graph\">{\"@context\":\"https:\\\/\\\/schema.org\",\"@graph\":[{\"@type\":\"Article\",\"@id\":\"https:\\\/\\\/www.centrocliniconemo.it\\\/en\\\/blog\\\/sma-talent-school-trova-la-tua-voce-la-prima-academy-sulla-voce-per-persone-con-sma\\\/#article\",\"isPartOf\":{\"@id\":\"https:\\\/\\\/www.centrocliniconemo.it\\\/en\\\/blog\\\/sma-talent-school-trova-la-tua-voce-la-prima-academy-sulla-voce-per-persone-con-sma\\\/\"},\"author\":{\"name\":\"Luca Biondi\",\"@id\":\"https:\\\/\\\/www.centrocliniconemo.it\\\/en\\\/#\\\/schema\\\/person\\\/9331a87c0a8ee435c61f5dd498531434\"},\"headline\":\"SMA Talent School. Trova la tua Voce! La prima academy sulla voce per persone con SMA\u00a0\",\"datePublished\":\"2024-10-02T15:49:01+00:00\",\"dateModified\":\"2024-10-02T16:00:22+00:00\",\"mainEntityOfPage\":{\"@id\":\"https:\\\/\\\/www.centrocliniconemo.it\\\/en\\\/blog\\\/sma-talent-school-trova-la-tua-voce-la-prima-academy-sulla-voce-per-persone-con-sma\\\/\"},\"wordCount\":1164,\"publisher\":{\"@id\":\"https:\\\/\\\/www.centrocliniconemo.it\\\/en\\\/#organization\"},\"image\":{\"@id\":\"https:\\\/\\\/www.centrocliniconemo.it\\\/en\\\/blog\\\/sma-talent-school-trova-la-tua-voce-la-prima-academy-sulla-voce-per-persone-con-sma\\\/#primaryimage\"},\"thumbnailUrl\":\"https:\\\/\\\/www.centrocliniconemo.it\\\/wp-content\\\/uploads\\\/2024\\\/09\\\/04_Foto-Gruppo.jpg\",\"keywords\":[\"Famiglie SMA\",\"NeMO Ancona\",\"NeMO Brescia\",\"NeMo Genova\",\"NeMO Milano\",\"NeMO Napoli\",\"NeMO Roma\",\"NeMO Trento\"],\"articleSection\":[\"Cura, ricerca e formazione\",\"Iniziative ed eventi\"],\"inLanguage\":\"en-US\"},{\"@type\":\"WebPage\",\"@id\":\"https:\\\/\\\/www.centrocliniconemo.it\\\/en\\\/blog\\\/sma-talent-school-trova-la-tua-voce-la-prima-academy-sulla-voce-per-persone-con-sma\\\/\",\"url\":\"https:\\\/\\\/www.centrocliniconemo.it\\\/en\\\/blog\\\/sma-talent-school-trova-la-tua-voce-la-prima-academy-sulla-voce-per-persone-con-sma\\\/\",\"name\":\"SMA Talent School. Trova la tua Voce! La prima academy sulla voce per persone con SMA\u00a0 - Centro Clinico NeMO\",\"isPartOf\":{\"@id\":\"https:\\\/\\\/www.centrocliniconemo.it\\\/en\\\/#website\"},\"primaryImageOfPage\":{\"@id\":\"https:\\\/\\\/www.centrocliniconemo.it\\\/en\\\/blog\\\/sma-talent-school-trova-la-tua-voce-la-prima-academy-sulla-voce-per-persone-con-sma\\\/#primaryimage\"},\"image\":{\"@id\":\"https:\\\/\\\/www.centrocliniconemo.it\\\/en\\\/blog\\\/sma-talent-school-trova-la-tua-voce-la-prima-academy-sulla-voce-per-persone-con-sma\\\/#primaryimage\"},\"thumbnailUrl\":\"https:\\\/\\\/www.centrocliniconemo.it\\\/wp-content\\\/uploads\\\/2024\\\/09\\\/04_Foto-Gruppo.jpg\",\"datePublished\":\"2024-10-02T15:49:01+00:00\",\"dateModified\":\"2024-10-02T16:00:22+00:00\",\"description\":\"Il progetto \u00e8 sviluppato dai Centri Clinici NeMO, il network nazionale dei centri esperti per la cura e la ricerca sulle patologie neuromuscolari e da Famiglie SMA, l\u2019Associazione nazionale di riferimento per questa patologia, insieme a Roche. Un percorso che offre a 67 partecipanti, con un\u2019et\u00e0 compresa tra i 9 e i 63 anni, la possibilit\u00e0 di seguire un programma formativo della durata di 9 mesi nella disciplina che pi\u00f9 preferiscono tra canto, recitazione, public speaking e radio speaking. L\u2019obiettivo \u00e8 duplice: sperimentarsi nella scoperta di nuove possibilit\u00e0 per esprimere se stessi e potenziare nel contempo le proprie abilit\u00e0 vocali e respiratorie.\",\"breadcrumb\":{\"@id\":\"https:\\\/\\\/www.centrocliniconemo.it\\\/en\\\/blog\\\/sma-talent-school-trova-la-tua-voce-la-prima-academy-sulla-voce-per-persone-con-sma\\\/#breadcrumb\"},\"inLanguage\":\"en-US\",\"potentialAction\":[{\"@type\":\"ReadAction\",\"target\":[\"https:\\\/\\\/www.centrocliniconemo.it\\\/en\\\/blog\\\/sma-talent-school-trova-la-tua-voce-la-prima-academy-sulla-voce-per-persone-con-sma\\\/\"]}]},{\"@type\":\"ImageObject\",\"inLanguage\":\"en-US\",\"@id\":\"https:\\\/\\\/www.centrocliniconemo.it\\\/en\\\/blog\\\/sma-talent-school-trova-la-tua-voce-la-prima-academy-sulla-voce-per-persone-con-sma\\\/#primaryimage\",\"url\":\"https:\\\/\\\/www.centrocliniconemo.it\\\/wp-content\\\/uploads\\\/2024\\\/09\\\/04_Foto-Gruppo.jpg\",\"contentUrl\":\"https:\\\/\\\/www.centrocliniconemo.it\\\/wp-content\\\/uploads\\\/2024\\\/09\\\/04_Foto-Gruppo.jpg\",\"width\":2000,\"height\":1333},{\"@type\":\"BreadcrumbList\",\"@id\":\"https:\\\/\\\/www.centrocliniconemo.it\\\/en\\\/blog\\\/sma-talent-school-trova-la-tua-voce-la-prima-academy-sulla-voce-per-persone-con-sma\\\/#breadcrumb\",\"itemListElement\":[{\"@type\":\"ListItem\",\"position\":1,\"name\":\"Home\",\"item\":\"https:\\\/\\\/www.centrocliniconemo.it\\\/en\\\/\"},{\"@type\":\"ListItem\",\"position\":2,\"name\":\"SMA Talent School. Trova la tua Voce! La prima academy sulla voce per persone con SMA\u00a0\"}]},{\"@type\":\"WebSite\",\"@id\":\"https:\\\/\\\/www.centrocliniconemo.it\\\/en\\\/#website\",\"url\":\"https:\\\/\\\/www.centrocliniconemo.it\\\/en\\\/\",\"name\":\"Centro Clinico NeMO\",\"description\":\"Il paziente al centro\",\"publisher\":{\"@id\":\"https:\\\/\\\/www.centrocliniconemo.it\\\/en\\\/#organization\"},\"potentialAction\":[{\"@type\":\"SearchAction\",\"target\":{\"@type\":\"EntryPoint\",\"urlTemplate\":\"https:\\\/\\\/www.centrocliniconemo.it\\\/en\\\/?s={search_term_string}\"},\"query-input\":{\"@type\":\"PropertyValueSpecification\",\"valueRequired\":true,\"valueName\":\"search_term_string\"}}],\"inLanguage\":\"en-US\"},{\"@type\":\"Organization\",\"@id\":\"https:\\\/\\\/www.centrocliniconemo.it\\\/en\\\/#organization\",\"name\":\"Centro Clinico NeMO - Fondazione Serena Onlus\",\"url\":\"https:\\\/\\\/www.centrocliniconemo.it\\\/en\\\/\",\"logo\":{\"@type\":\"ImageObject\",\"inLanguage\":\"en-US\",\"@id\":\"https:\\\/\\\/www.centrocliniconemo.it\\\/en\\\/#\\\/schema\\\/logo\\\/image\\\/\",\"url\":\"https:\\\/\\\/www.centrocliniconemo.it\\\/wp-content\\\/uploads\\\/2023\\\/03\\\/logo-nemo.svg\",\"contentUrl\":\"https:\\\/\\\/www.centrocliniconemo.it\\\/wp-content\\\/uploads\\\/2023\\\/03\\\/logo-nemo.svg\",\"width\":272,\"height\":109.142,\"caption\":\"Centro Clinico NeMO - Fondazione Serena Onlus\"},\"image\":{\"@id\":\"https:\\\/\\\/www.centrocliniconemo.it\\\/en\\\/#\\\/schema\\\/logo\\\/image\\\/\"},\"sameAs\":[\"https:\\\/\\\/www.facebook.com\\\/CentroNEMOItalia\",\"https:\\\/\\\/x.com\\\/CentroNemo\",\"https:\\\/\\\/www.linkedin.com\\\/company\\\/centrocliniconemo\\\/\",\"https:\\\/\\\/www.instagram.com\\\/centrocliniconemo\\\/\"]},{\"@type\":\"Person\",\"@id\":\"https:\\\/\\\/www.centrocliniconemo.it\\\/en\\\/#\\\/schema\\\/person\\\/9331a87c0a8ee435c61f5dd498531434\",\"name\":\"Luca Biondi\",\"image\":{\"@type\":\"ImageObject\",\"inLanguage\":\"en-US\",\"@id\":\"https:\\\/\\\/secure.gravatar.com\\\/avatar\\\/0488b88829885ebcc9896de947265b69d2979e6dc4666b1e2c3d4fbf8dc73d77?s=96&d=mm&r=g\",\"url\":\"https:\\\/\\\/secure.gravatar.com\\\/avatar\\\/0488b88829885ebcc9896de947265b69d2979e6dc4666b1e2c3d4fbf8dc73d77?s=96&d=mm&r=g\",\"contentUrl\":\"https:\\\/\\\/secure.gravatar.com\\\/avatar\\\/0488b88829885ebcc9896de947265b69d2979e6dc4666b1e2c3d4fbf8dc73d77?s=96&d=mm&r=g\",\"caption\":\"Luca Biondi\"}}]}<\/script>\n<!-- \/ Yoast SEO plugin. -->","yoast_head_json":{"title":"SMA Talent School. Trova la tua Voce! La prima academy sulla voce per persone con SMA\u00a0 - Centro Clinico NeMO","description":"Il progetto \u00e8 sviluppato dai Centri Clinici NeMO, il network nazionale dei centri esperti per la cura e la ricerca sulle patologie neuromuscolari e da Famiglie SMA, l\u2019Associazione nazionale di riferimento per questa patologia, insieme a Roche. Un percorso che offre a 67 partecipanti, con un\u2019et\u00e0 compresa tra i 9 e i 63 anni, la possibilit\u00e0 di seguire un programma formativo della durata di 9 mesi nella disciplina che pi\u00f9 preferiscono tra canto, recitazione, public speaking e radio speaking. L\u2019obiettivo \u00e8 duplice: sperimentarsi nella scoperta di nuove possibilit\u00e0 per esprimere se stessi e potenziare nel contempo le proprie abilit\u00e0 vocali e respiratorie.","robots":{"index":"index","follow":"follow","max-snippet":"max-snippet:-1","max-image-preview":"max-image-preview:large","max-video-preview":"max-video-preview:-1"},"canonical":"https:\/\/www.centrocliniconemo.it\/en\/blog\/sma-talent-school-trova-la-tua-voce-la-prima-academy-sulla-voce-per-persone-con-sma\/","og_locale":"en_US","og_type":"article","og_title":"SMA Talent School. Trova la tua Voce! La prima academy sulla voce per persone con SMA\u00a0","og_description":"Il progetto \u00e8 sviluppato dai Centri Clinici NeMO, il network nazionale dei centri esperti per la cura e la ricerca sulle patologie neuromuscolari e da Famiglie SMA, l\u2019Associazione nazionale di riferimento per questa patologia, insieme a Roche. Un percorso che offre a 67 partecipanti, con un\u2019et\u00e0 compresa tra i 9 e i 63 anni, la possibilit\u00e0 di seguire un programma formativo della durata di 9 mesi nella disciplina che pi\u00f9 preferiscono tra canto, recitazione, public speaking e radio speaking. L\u2019obiettivo \u00e8 duplice: sperimentarsi nella scoperta di nuove possibilit\u00e0 per esprimere se stessi e potenziare nel contempo le proprie abilit\u00e0 vocali e respiratorie.","og_url":"https:\/\/www.centrocliniconemo.it\/en\/blog\/sma-talent-school-trova-la-tua-voce-la-prima-academy-sulla-voce-per-persone-con-sma\/","og_site_name":"Centro Clinico NeMO","article_publisher":"https:\/\/www.facebook.com\/CentroNEMOItalia","article_published_time":"2024-10-02T15:49:01+00:00","article_modified_time":"2024-10-02T16:00:22+00:00","og_image":[{"width":2000,"height":1333,"url":"https:\/\/www.centrocliniconemo.it\/wp-content\/uploads\/2024\/09\/04_Foto-Gruppo.jpg","type":"image\/jpeg"}],"author":"Luca Biondi","twitter_card":"summary_large_image","twitter_title":"SMA Talent School. Trova la tua Voce! La prima academy sulla voce per persone con SMA\u00a0","twitter_description":"Il progetto \u00e8 sviluppato dai Centri Clinici NeMO, il network nazionale dei centri esperti per la cura e la ricerca sulle patologie neuromuscolari e da Famiglie SMA, l\u2019Associazione nazionale di riferimento per questa patologia, insieme a Roche. Un percorso che offre a 67 partecipanti, con un\u2019et\u00e0 compresa tra i 9 e i 63 anni, la possibilit\u00e0 di seguire un programma formativo della durata di 9 mesi nella disciplina che pi\u00f9 preferiscono tra canto, recitazione, public speaking e radio speaking. L\u2019obiettivo \u00e8 duplice: sperimentarsi nella scoperta di nuove possibilit\u00e0 per esprimere se stessi e potenziare nel contempo le proprie abilit\u00e0 vocali e respiratorie.","twitter_creator":"@CentroNemo","twitter_site":"@CentroNemo","twitter_misc":{"Written by":"Luca Biondi","Est. reading time":"8 minutes"},"schema":{"@context":"https:\/\/schema.org","@graph":[{"@type":"Article","@id":"https:\/\/www.centrocliniconemo.it\/en\/blog\/sma-talent-school-trova-la-tua-voce-la-prima-academy-sulla-voce-per-persone-con-sma\/#article","isPartOf":{"@id":"https:\/\/www.centrocliniconemo.it\/en\/blog\/sma-talent-school-trova-la-tua-voce-la-prima-academy-sulla-voce-per-persone-con-sma\/"},"author":{"name":"Luca Biondi","@id":"https:\/\/www.centrocliniconemo.it\/en\/#\/schema\/person\/9331a87c0a8ee435c61f5dd498531434"},"headline":"SMA Talent School. Trova la tua Voce! La prima academy sulla voce per persone con SMA\u00a0","datePublished":"2024-10-02T15:49:01+00:00","dateModified":"2024-10-02T16:00:22+00:00","mainEntityOfPage":{"@id":"https:\/\/www.centrocliniconemo.it\/en\/blog\/sma-talent-school-trova-la-tua-voce-la-prima-academy-sulla-voce-per-persone-con-sma\/"},"wordCount":1164,"publisher":{"@id":"https:\/\/www.centrocliniconemo.it\/en\/#organization"},"image":{"@id":"https:\/\/www.centrocliniconemo.it\/en\/blog\/sma-talent-school-trova-la-tua-voce-la-prima-academy-sulla-voce-per-persone-con-sma\/#primaryimage"},"thumbnailUrl":"https:\/\/www.centrocliniconemo.it\/wp-content\/uploads\/2024\/09\/04_Foto-Gruppo.jpg","keywords":["Famiglie SMA","NeMO Ancona","NeMO Brescia","NeMo Genova","NeMO Milano","NeMO Napoli","NeMO Roma","NeMO Trento"],"articleSection":["Cura, ricerca e formazione","Iniziative ed eventi"],"inLanguage":"en-US"},{"@type":"WebPage","@id":"https:\/\/www.centrocliniconemo.it\/en\/blog\/sma-talent-school-trova-la-tua-voce-la-prima-academy-sulla-voce-per-persone-con-sma\/","url":"https:\/\/www.centrocliniconemo.it\/en\/blog\/sma-talent-school-trova-la-tua-voce-la-prima-academy-sulla-voce-per-persone-con-sma\/","name":"SMA Talent School. Trova la tua Voce! La prima academy sulla voce per persone con SMA\u00a0 - Centro Clinico NeMO","isPartOf":{"@id":"https:\/\/www.centrocliniconemo.it\/en\/#website"},"primaryImageOfPage":{"@id":"https:\/\/www.centrocliniconemo.it\/en\/blog\/sma-talent-school-trova-la-tua-voce-la-prima-academy-sulla-voce-per-persone-con-sma\/#primaryimage"},"image":{"@id":"https:\/\/www.centrocliniconemo.it\/en\/blog\/sma-talent-school-trova-la-tua-voce-la-prima-academy-sulla-voce-per-persone-con-sma\/#primaryimage"},"thumbnailUrl":"https:\/\/www.centrocliniconemo.it\/wp-content\/uploads\/2024\/09\/04_Foto-Gruppo.jpg","datePublished":"2024-10-02T15:49:01+00:00","dateModified":"2024-10-02T16:00:22+00:00","description":"Il progetto \u00e8 sviluppato dai Centri Clinici NeMO, il network nazionale dei centri esperti per la cura e la ricerca sulle patologie neuromuscolari e da Famiglie SMA, l\u2019Associazione nazionale di riferimento per questa patologia, insieme a Roche. Un percorso che offre a 67 partecipanti, con un\u2019et\u00e0 compresa tra i 9 e i 63 anni, la possibilit\u00e0 di seguire un programma formativo della durata di 9 mesi nella disciplina che pi\u00f9 preferiscono tra canto, recitazione, public speaking e radio speaking. L\u2019obiettivo \u00e8 duplice: sperimentarsi nella scoperta di nuove possibilit\u00e0 per esprimere se stessi e potenziare nel contempo le proprie abilit\u00e0 vocali e respiratorie.","breadcrumb":{"@id":"https:\/\/www.centrocliniconemo.it\/en\/blog\/sma-talent-school-trova-la-tua-voce-la-prima-academy-sulla-voce-per-persone-con-sma\/#breadcrumb"},"inLanguage":"en-US","potentialAction":[{"@type":"ReadAction","target":["https:\/\/www.centrocliniconemo.it\/en\/blog\/sma-talent-school-trova-la-tua-voce-la-prima-academy-sulla-voce-per-persone-con-sma\/"]}]},{"@type":"ImageObject","inLanguage":"en-US","@id":"https:\/\/www.centrocliniconemo.it\/en\/blog\/sma-talent-school-trova-la-tua-voce-la-prima-academy-sulla-voce-per-persone-con-sma\/#primaryimage","url":"https:\/\/www.centrocliniconemo.it\/wp-content\/uploads\/2024\/09\/04_Foto-Gruppo.jpg","contentUrl":"https:\/\/www.centrocliniconemo.it\/wp-content\/uploads\/2024\/09\/04_Foto-Gruppo.jpg","width":2000,"height":1333},{"@type":"BreadcrumbList","@id":"https:\/\/www.centrocliniconemo.it\/en\/blog\/sma-talent-school-trova-la-tua-voce-la-prima-academy-sulla-voce-per-persone-con-sma\/#breadcrumb","itemListElement":[{"@type":"ListItem","position":1,"name":"Home","item":"https:\/\/www.centrocliniconemo.it\/en\/"},{"@type":"ListItem","position":2,"name":"SMA Talent School. Trova la tua Voce! La prima academy sulla voce per persone con SMA\u00a0"}]},{"@type":"WebSite","@id":"https:\/\/www.centrocliniconemo.it\/en\/#website","url":"https:\/\/www.centrocliniconemo.it\/en\/","name":"Centro Clinico NeMO","description":"Il paziente al centro","publisher":{"@id":"https:\/\/www.centrocliniconemo.it\/en\/#organization"},"potentialAction":[{"@type":"SearchAction","target":{"@type":"EntryPoint","urlTemplate":"https:\/\/www.centrocliniconemo.it\/en\/?s={search_term_string}"},"query-input":{"@type":"PropertyValueSpecification","valueRequired":true,"valueName":"search_term_string"}}],"inLanguage":"en-US"},{"@type":"Organization","@id":"https:\/\/www.centrocliniconemo.it\/en\/#organization","name":"Centro Clinico NeMO - Fondazione Serena Onlus","url":"https:\/\/www.centrocliniconemo.it\/en\/","logo":{"@type":"ImageObject","inLanguage":"en-US","@id":"https:\/\/www.centrocliniconemo.it\/en\/#\/schema\/logo\/image\/","url":"https:\/\/www.centrocliniconemo.it\/wp-content\/uploads\/2023\/03\/logo-nemo.svg","contentUrl":"https:\/\/www.centrocliniconemo.it\/wp-content\/uploads\/2023\/03\/logo-nemo.svg","width":272,"height":109.142,"caption":"Centro Clinico NeMO - Fondazione Serena Onlus"},"image":{"@id":"https:\/\/www.centrocliniconemo.it\/en\/#\/schema\/logo\/image\/"},"sameAs":["https:\/\/www.facebook.com\/CentroNEMOItalia","https:\/\/x.com\/CentroNemo","https:\/\/www.linkedin.com\/company\/centrocliniconemo\/","https:\/\/www.instagram.com\/centrocliniconemo\/"]},{"@type":"Person","@id":"https:\/\/www.centrocliniconemo.it\/en\/#\/schema\/person\/9331a87c0a8ee435c61f5dd498531434","name":"Luca Biondi","image":{"@type":"ImageObject","inLanguage":"en-US","@id":"https:\/\/secure.gravatar.com\/avatar\/0488b88829885ebcc9896de947265b69d2979e6dc4666b1e2c3d4fbf8dc73d77?s=96&d=mm&r=g","url":"https:\/\/secure.gravatar.com\/avatar\/0488b88829885ebcc9896de947265b69d2979e6dc4666b1e2c3d4fbf8dc73d77?s=96&d=mm&r=g","contentUrl":"https:\/\/secure.gravatar.com\/avatar\/0488b88829885ebcc9896de947265b69d2979e6dc4666b1e2c3d4fbf8dc73d77?s=96&d=mm&r=g","caption":"Luca Biondi"}}]}},"_links":{"self":[{"href":"https:\/\/www.centrocliniconemo.it\/en\/wp-json\/wp\/v2\/posts\/22337","targetHints":{"allow":["GET"]}}],"collection":[{"href":"https:\/\/www.centrocliniconemo.it\/en\/wp-json\/wp\/v2\/posts"}],"about":[{"href":"https:\/\/www.centrocliniconemo.it\/en\/wp-json\/wp\/v2\/types\/post"}],"author":[{"embeddable":true,"href":"https:\/\/www.centrocliniconemo.it\/en\/wp-json\/wp\/v2\/users\/2"}],"replies":[{"embeddable":true,"href":"https:\/\/www.centrocliniconemo.it\/en\/wp-json\/wp\/v2\/comments?post=22337"}],"version-history":[{"count":0,"href":"https:\/\/www.centrocliniconemo.it\/en\/wp-json\/wp\/v2\/posts\/22337\/revisions"}],"wp:featuredmedia":[{"embeddable":true,"href":"https:\/\/www.centrocliniconemo.it\/en\/wp-json\/wp\/v2\/media\/22347"}],"wp:attachment":[{"href":"https:\/\/www.centrocliniconemo.it\/en\/wp-json\/wp\/v2\/media?parent=22337"}],"wp:term":[{"taxonomy":"category","embeddable":true,"href":"https:\/\/www.centrocliniconemo.it\/en\/wp-json\/wp\/v2\/categories?post=22337"},{"taxonomy":"post_tag","embeddable":true,"href":"https:\/\/www.centrocliniconemo.it\/en\/wp-json\/wp\/v2\/tags?post=22337"}],"curies":[{"name":"wp","href":"https:\/\/api.w.org\/{rel}","templated":true}]}}