{"id":22177,"date":"2024-09-04T08:36:58","date_gmt":"2024-09-04T08:36:58","guid":{"rendered":"https:\/\/www.centrocliniconemo.it\/blog\/?p=22177"},"modified":"2024-09-04T09:51:16","modified_gmt":"2024-09-04T09:51:16","slug":"futuro-sma-intervista-anita-pallara","status":"publish","type":"post","link":"https:\/\/www.centrocliniconemo.it\/en\/blog\/futuro-sma-intervista-anita-pallara\/","title":{"rendered":"Futuro e SMA. Intervista ad Anita Pallara"},"content":{"rendered":"\n<p>Si \u00e8 concluso il Convegno nazionale di Famiglie SMA APS ETS, l\u2019appuntamento annuale dell\u2019Associazione che vede insieme famiglie ed esperti \u201cfare il punto\u201d sui risultati raggiunti e sui nuovi obiettivi a cui tendere. Questa edizione, la prima dopo il Covid che ha riunito tutti per tre giorni interi in presenza, \u00e8 stata un\u2019esperienza intensa e ricca di novit\u00e0. Un viaggio fatto delle voci di tutti coloro che vivono la SMA oggi. Ed \u00e8 con la voce del presidente di Famiglie SMA, Anita Pallara, che lo ripercorriamo insieme.<\/p>\n\n\n\n<p><strong>Presidente, mai come quest\u2019anno il tema delle nuove sfide \u00e8 stato posto al centro. Ce ne parla?<\/strong><\/p>\n\n\n\n<p><strong>&nbsp;<\/strong><em>\u00c8 vero. In questi giorni abbiamo messo al centro i bisogni, i desideri e le aspettative dei bambini, dei ragazzi, ma anche degli adulti che vivono la SMA, confrontandoci con quella che oggi definiamo una nuova storia della malattia e che pone in primo piano il tema della qualit\u00e0 di vita nella sua dimensione pi\u00f9 ampia possibile. Di fatto, le nuove terapie farmacologiche stanno avendo un impatto concreto ed importante su molti aspetti del quotidiano che, solo pochi anni fa, non rappresentavano una priorit\u00e0 per la nostra comunit\u00e0. Mi riferisco in particolare al tema dei progetti di vita indipendente, pensiamo all\u2019universit\u00e0, al mondo del lavoro, alla scelta di vita famigliare. La sfida oggi \u00e8 proprio quella di riuscire a rispondere in maniera franca e concreta a questi bisogni espressi dalle nuove generazioni che vivono quella che io definisco una nuova SMA, \u201cridisegnata\u201d dai trattamenti farmacologici. &nbsp;<\/em><\/p>\n\n\n\n<p><strong>E dal punto di vista clinico, quali sfide ci attendono?<\/strong><\/p>\n\n\n\n<p><em>L\u2019importanza dell\u2019aderenza agli standard di cura \u00e8 il messaggio ribadito all\u2019unisono dagli esperti. \u00c8 vero che le nuove terapie hanno portato ad un cambiamento, ma la presa in carico corretta rimane e continuer\u00e0 ad essere sempre di pi\u00f9 la risposta al bisogno di garantire una buona qualit\u00e0 a tutte le dimensioni funzionali della persona: dal respiro, al movimento, al corretto uso degli ausili, alla nutrizione, alla logopedia. Per esempio, la prevenzione e la cura degli aspetti odontoiatrici, di cui ha parlato la prof.ssa Sansone, \u00e8 parte di questo percorso, perch\u00e9 \u00e8 una necessit\u00e0 nuova di porre attenzione alla quotidianit\u00e0 dei gesti di cura. Educare, infatti, fin da piccoli all\u2019igiene dei denti diventa fondamentale per non incorrere a problematiche importanti e di difficile gestione dal punto di vista clinico in futuro.<\/em><\/p>\n\n\n\n<p><strong>E la riabilitazione che ruolo ha?<\/strong><\/p>\n\n\n\n<p><em>Anche qui si gioca una grande partita. Se da un lato il cambiamento portato dalle nuove terapie non permette ancora di definire linee guida che siano adottabili da tutti; dall\u2019altro, oggi la ricerca sta arrivando ad una tale accuratezza nello studio del bisogno e delle caratteristiche di ogni persona, che la sfida diventa la possibilit\u00e0 di strutturare un progetto riabilitativo totalmente personalizzato sui dettagli di ciascuno. Per dirlo con le parole del prof. Mercuri, oggi possiamo pensare ad un percorso riabilitativo \u201csartoriale\u201d, cio\u00e8, fatto su misura.&nbsp; E allora la sfida diventa la necessit\u00e0 di far conoscere sempre di pi\u00f9 e meglio le caratteristiche della nuova SMA, nonch\u00e9 formare gli operatori sui territori, per garantire percorsi riabilitativi corretti.<\/em><\/p>\n\n\n\n<p><strong>Parliamo di ricerca. Quali sono le prospettive nel prossimo futuro?<\/strong><\/p>\n\n\n\n<p><em>Tutte le terapie farmacologiche hanno dimostrando in questi anni sicurezza ed efficacia e la bellissima sfida colta dai clinici e ricercatori, insieme alle aziende farmaceutiche, \u00e8 la possibilit\u00e0 di migliorare questi trattamenti: parliamo ad esempio di nuovi metodi di somministrazione o, ancora, di comprendere in futuro come supportare le terapie esistenti con ulteriori approcci di cura a supporto e integrativi, cio\u00e8 che vadano a lavorare su altri distretti funzionali che permettano di amplificare l\u2019impatto positivo dei trattamenti farmacologici oggi esistenti.&nbsp;<\/em><\/p>\n\n\n\n<p><strong>Ed in questo viaggio, presidente, che ruolo hanno i Centri Clinici NeMO?<\/strong><\/p>\n\n\n\n<p><em>Beh, senza la nascita e lo sviluppo dei Centri NeMO noi sappiamo che non avremmo potuto oggi parlare di nuove terapie per la SMA, di nuovi standard di cura o di studi clinici. Quella che chiamiamo oggi rivoluzione terapeutica, che ha portato un cambiamento epocale nella malattia, nasce all\u2019interno del Centro NeMO, dalla professionalit\u00e0 dei clinici e dei ricercatori, capaci di tenere alta l\u2019asticella sugli obiettivi di ricerca e sugli standard di cura. Se i nostri bambini oggi possono beneficiare delle nuove terapie in una condizione psico-fisica ottimale \u00e8 grazie ad una presa in carico adeguata, che crea le condizioni perch\u00e9 queste terapie possano agire nel modo pi\u00f9 efficace possibile. E in vista delle nuove sfide terapeutiche che, di fatto, avranno un impatto concreto sulla qualit\u00e0 di vita, lavorare sugli standard di cura nella presa in carico sappiamo che diventa ancora pi\u00f9 importante. Anche per questo i Centri NeMO sono per tutti noi un punto di riferimento certo.<\/em><\/p>\n\n\n\n<figure class=\"wp-block-image size-large\"><img fetchpriority=\"high\" decoding=\"async\" width=\"1024\" height=\"576\" src=\"https:\/\/www.centrocliniconemo.it\/wp-content\/uploads\/2024\/09\/AI-Anita-Pallara-intervista-Famiglie-SMA-02-1024x576.png\" alt=\"\" class=\"wp-image-22181\" srcset=\"https:\/\/www.centrocliniconemo.it\/wp-content\/uploads\/2024\/09\/AI-Anita-Pallara-intervista-Famiglie-SMA-02-1024x576.png 1024w, https:\/\/www.centrocliniconemo.it\/wp-content\/uploads\/2024\/09\/AI-Anita-Pallara-intervista-Famiglie-SMA-02-300x169.png 300w, https:\/\/www.centrocliniconemo.it\/wp-content\/uploads\/2024\/09\/AI-Anita-Pallara-intervista-Famiglie-SMA-02-768x432.png 768w, https:\/\/www.centrocliniconemo.it\/wp-content\/uploads\/2024\/09\/AI-Anita-Pallara-intervista-Famiglie-SMA-02-1536x864.png 1536w, https:\/\/www.centrocliniconemo.it\/wp-content\/uploads\/2024\/09\/AI-Anita-Pallara-intervista-Famiglie-SMA-02.png 1920w\" sizes=\"(max-width: 1024px) 100vw, 1024px\" \/><\/figure>\n\n\n\n<p><strong>Continuiamo a parlare di qualit\u00e0 di vita. In questi giorni sono stati presentati anche nuovi progetti, soprattutto per i pi\u00f9 piccoli.&nbsp;<\/strong><\/p>\n\n\n\n<p><em>S\u00ec nuovi progetti per nuove opportunit\u00e0 di mettersi in gioco e conoscere se stessi. Ma soprattutto nuovi progetti per una comunit\u00e0 che sta diventando sempre pi\u00f9 grande. Penso ad esempio al progetto di scrittura creativa dedicato ai bimbi SMA1: fino ad un paio di anni fa non era pensabile per una popolazione cos\u00ec fragile; oggi i nostri ragazzi stanno producendo dei contenuti cos\u00ec belli che diventeranno presto un libro pubblicabile. E ancora, se il respiro e la voce erano considerati un limite, oggi la sfida diventa poterli fare diventare strumenti per scoprire i propri talenti. &nbsp;<\/em><\/p>\n\n\n\n<p><em>Ecco io vivo il convegno di Famiglie SMA da pi\u00f9 di vent\u2019anni e il cambiamento che abbiamo attraversato nella storia della malattia l\u2019ho potuto \u201cascoltare\u201d nei rumori che in questi anni hanno riempito la sala. Per molto tempo \u00e8 stato il suono costante dei ventilatori e degli aspiratori, che in qualche modo trovavo persino rassicurante. Negli anni si \u00e8 unito il rumore delle carrozzine che sfrecciavano qua e l\u00e0. Quest\u2019anno per\u00f2 mi sono resa conto che c\u2019era una vivace confusione, fatta di vocine e risate. Ecco, il mio augurio \u00e8 che nei prossimi Convegni ci siano risate e voci sempre pi\u00f9 forti e sicure a riempire la nostra sala.&nbsp; &nbsp;<\/em><\/p>\n\n\n\n<p><strong>Grazie Anita, e noi ne siamo certi.&nbsp;<\/strong><\/p>\n","protected":false},"excerpt":{"rendered":"<p>Si \u00e8 concluso il Convegno nazionale di Famiglie SMA APS ETS, l\u2019appuntamento annuale dell\u2019Associazione che vede insieme famiglie ed esperti \u201cfare il punto\u201d sui risultati raggiunti e sui nuovi obiettivi a cui tendere. Questa edizione, la prima dopo il Covid che ha riunito tutti per tre giorni interi in presenza, \u00e8 stata un\u2019esperienza intensa e [&hellip;]<\/p>\n","protected":false},"author":2,"featured_media":22179,"comment_status":"closed","ping_status":"closed","sticky":false,"template":"","format":"standard","meta":{"pgc_sgb_lightbox_settings":"","footnotes":""},"categories":[17],"tags":[227,226,225,228],"class_list":["post-22177","post","type-post","status-publish","format-standard","has-post-thumbnail","hentry","category-iniziative-ed-eventi","tag-a-i","tag-anita-pallara","tag-famiglie-sma","tag-intelligenza-artificiale"],"yoast_head":"<!-- This site is optimized with the Yoast SEO plugin v27.4 - https:\/\/yoast.com\/product\/yoast-seo-wordpress\/ -->\n<title>Futuro e SMA. Intervista ad Anita Pallara - Centro Clinico NeMO<\/title>\n<meta name=\"description\" content=\"Si \u00e8 concluso il Convegno nazionale di Famiglie SMA APS ETS, l\u2019appuntamento annuale dell\u2019Associazione che vede insieme famiglie ed esperti \u201cfare il punto\u201d sui risultati raggiunti e sui nuovi obiettivi a cui tendere. Questa edizione, la prima dopo il Covid che ha riunito tutti per tre giorni interi in presenza, \u00e8 stata un\u2019esperienza intensa e ricca di novit\u00e0. Un viaggio fatto delle voci di tutti coloro che vivono la SMA oggi. Ed \u00e8 con la voce del presidente di Famiglie SMA, Anita Pallara, che lo ripercorriamo insieme.\" \/>\n<meta name=\"robots\" content=\"index, follow, max-snippet:-1, max-image-preview:large, max-video-preview:-1\" \/>\n<link rel=\"canonical\" href=\"https:\/\/www.centrocliniconemo.it\/en\/blog\/futuro-sma-intervista-anita-pallara\/\" \/>\n<meta property=\"og:locale\" content=\"en_US\" \/>\n<meta property=\"og:type\" content=\"article\" \/>\n<meta property=\"og:title\" content=\"Futuro e SMA. Intervista ad Anita Pallara\" \/>\n<meta property=\"og:description\" content=\"Si \u00e8 concluso il Convegno nazionale di Famiglie SMA APS ETS, l\u2019appuntamento annuale dell\u2019Associazione che vede insieme famiglie ed esperti \u201cfare il punto\u201d sui risultati raggiunti e sui nuovi obiettivi a cui tendere. Questa edizione, la prima dopo il Covid che ha riunito tutti per tre giorni interi in presenza, \u00e8 stata un\u2019esperienza intensa e ricca di novit\u00e0. Un viaggio fatto delle voci di tutti coloro che vivono la SMA oggi. Ed \u00e8 con la voce del presidente di Famiglie SMA, Anita Pallara, che lo ripercorriamo insieme.\" \/>\n<meta property=\"og:url\" content=\"https:\/\/www.centrocliniconemo.it\/en\/blog\/futuro-sma-intervista-anita-pallara\/\" \/>\n<meta property=\"og:site_name\" content=\"Centro Clinico NeMO\" \/>\n<meta property=\"article:publisher\" content=\"https:\/\/www.facebook.com\/CentroNEMOItalia\" \/>\n<meta property=\"article:published_time\" content=\"2024-09-04T08:36:58+00:00\" \/>\n<meta property=\"article:modified_time\" content=\"2024-09-04T09:51:16+00:00\" \/>\n<meta property=\"og:image\" content=\"https:\/\/www.centrocliniconemo.it\/wp-content\/uploads\/2024\/09\/AI-Anita-Pallara-intervista-Famiglie-SMA-01.png\" \/>\n\t<meta property=\"og:image:width\" content=\"1920\" \/>\n\t<meta property=\"og:image:height\" content=\"1080\" \/>\n\t<meta property=\"og:image:type\" content=\"image\/png\" \/>\n<meta name=\"author\" content=\"Luca Biondi\" \/>\n<meta name=\"twitter:card\" content=\"summary_large_image\" \/>\n<meta name=\"twitter:title\" content=\"Futuro e SMA. Intervista ad Anita Pallara\" \/>\n<meta name=\"twitter:description\" content=\"Si \u00e8 concluso il Convegno nazionale di Famiglie SMA APS ETS, l\u2019appuntamento annuale dell\u2019Associazione che vede insieme famiglie ed esperti \u201cfare il punto\u201d sui risultati raggiunti e sui nuovi obiettivi a cui tendere. Questa edizione, la prima dopo il Covid che ha riunito tutti per tre giorni interi in presenza, \u00e8 stata un\u2019esperienza intensa e ricca di novit\u00e0. Un viaggio fatto delle voci di tutti coloro che vivono la SMA oggi. Ed \u00e8 con la voce del presidente di Famiglie SMA, Anita Pallara, che lo ripercorriamo insieme.\" \/>\n<meta name=\"twitter:image\" content=\"https:\/\/www.centrocliniconemo.it\/wp-content\/uploads\/2024\/09\/AI-Anita-Pallara-intervista-Famiglie-SMA-01.png\" \/>\n<meta name=\"twitter:creator\" content=\"@CentroNemo\" \/>\n<meta name=\"twitter:site\" content=\"@CentroNemo\" \/>\n<meta name=\"twitter:label1\" content=\"Written by\" \/>\n\t<meta name=\"twitter:data1\" content=\"Luca Biondi\" \/>\n\t<meta name=\"twitter:label2\" content=\"Est. reading time\" \/>\n\t<meta name=\"twitter:data2\" content=\"6 minutes\" \/>\n<script type=\"application\/ld+json\" class=\"yoast-schema-graph\">{\"@context\":\"https:\\\/\\\/schema.org\",\"@graph\":[{\"@type\":\"Article\",\"@id\":\"https:\\\/\\\/www.centrocliniconemo.it\\\/en\\\/blog\\\/futuro-sma-intervista-anita-pallara\\\/#article\",\"isPartOf\":{\"@id\":\"https:\\\/\\\/www.centrocliniconemo.it\\\/en\\\/blog\\\/futuro-sma-intervista-anita-pallara\\\/\"},\"author\":{\"name\":\"Luca Biondi\",\"@id\":\"https:\\\/\\\/www.centrocliniconemo.it\\\/en\\\/#\\\/schema\\\/person\\\/9331a87c0a8ee435c61f5dd498531434\"},\"headline\":\"Futuro e SMA. Intervista ad Anita Pallara\",\"datePublished\":\"2024-09-04T08:36:58+00:00\",\"dateModified\":\"2024-09-04T09:51:16+00:00\",\"mainEntityOfPage\":{\"@id\":\"https:\\\/\\\/www.centrocliniconemo.it\\\/en\\\/blog\\\/futuro-sma-intervista-anita-pallara\\\/\"},\"wordCount\":1023,\"publisher\":{\"@id\":\"https:\\\/\\\/www.centrocliniconemo.it\\\/en\\\/#organization\"},\"image\":{\"@id\":\"https:\\\/\\\/www.centrocliniconemo.it\\\/en\\\/blog\\\/futuro-sma-intervista-anita-pallara\\\/#primaryimage\"},\"thumbnailUrl\":\"https:\\\/\\\/www.centrocliniconemo.it\\\/wp-content\\\/uploads\\\/2024\\\/09\\\/AI-Anita-Pallara-intervista-Famiglie-SMA-01.png\",\"keywords\":[\"A.I.\",\"Anita Pallara\",\"Famiglie SMA\",\"Intelligenza Artificiale\"],\"articleSection\":[\"Iniziative ed eventi\"],\"inLanguage\":\"en-US\"},{\"@type\":\"WebPage\",\"@id\":\"https:\\\/\\\/www.centrocliniconemo.it\\\/en\\\/blog\\\/futuro-sma-intervista-anita-pallara\\\/\",\"url\":\"https:\\\/\\\/www.centrocliniconemo.it\\\/en\\\/blog\\\/futuro-sma-intervista-anita-pallara\\\/\",\"name\":\"Futuro e SMA. Intervista ad Anita Pallara - Centro Clinico NeMO\",\"isPartOf\":{\"@id\":\"https:\\\/\\\/www.centrocliniconemo.it\\\/en\\\/#website\"},\"primaryImageOfPage\":{\"@id\":\"https:\\\/\\\/www.centrocliniconemo.it\\\/en\\\/blog\\\/futuro-sma-intervista-anita-pallara\\\/#primaryimage\"},\"image\":{\"@id\":\"https:\\\/\\\/www.centrocliniconemo.it\\\/en\\\/blog\\\/futuro-sma-intervista-anita-pallara\\\/#primaryimage\"},\"thumbnailUrl\":\"https:\\\/\\\/www.centrocliniconemo.it\\\/wp-content\\\/uploads\\\/2024\\\/09\\\/AI-Anita-Pallara-intervista-Famiglie-SMA-01.png\",\"datePublished\":\"2024-09-04T08:36:58+00:00\",\"dateModified\":\"2024-09-04T09:51:16+00:00\",\"description\":\"Si \u00e8 concluso il Convegno nazionale di Famiglie SMA APS ETS, l\u2019appuntamento annuale dell\u2019Associazione che vede insieme famiglie ed esperti \u201cfare il punto\u201d sui risultati raggiunti e sui nuovi obiettivi a cui tendere. Questa edizione, la prima dopo il Covid che ha riunito tutti per tre giorni interi in presenza, \u00e8 stata un\u2019esperienza intensa e ricca di novit\u00e0. Un viaggio fatto delle voci di tutti coloro che vivono la SMA oggi. Ed \u00e8 con la voce del presidente di Famiglie SMA, Anita Pallara, che lo ripercorriamo insieme.\",\"breadcrumb\":{\"@id\":\"https:\\\/\\\/www.centrocliniconemo.it\\\/en\\\/blog\\\/futuro-sma-intervista-anita-pallara\\\/#breadcrumb\"},\"inLanguage\":\"en-US\",\"potentialAction\":[{\"@type\":\"ReadAction\",\"target\":[\"https:\\\/\\\/www.centrocliniconemo.it\\\/en\\\/blog\\\/futuro-sma-intervista-anita-pallara\\\/\"]}]},{\"@type\":\"ImageObject\",\"inLanguage\":\"en-US\",\"@id\":\"https:\\\/\\\/www.centrocliniconemo.it\\\/en\\\/blog\\\/futuro-sma-intervista-anita-pallara\\\/#primaryimage\",\"url\":\"https:\\\/\\\/www.centrocliniconemo.it\\\/wp-content\\\/uploads\\\/2024\\\/09\\\/AI-Anita-Pallara-intervista-Famiglie-SMA-01.png\",\"contentUrl\":\"https:\\\/\\\/www.centrocliniconemo.it\\\/wp-content\\\/uploads\\\/2024\\\/09\\\/AI-Anita-Pallara-intervista-Famiglie-SMA-01.png\",\"width\":1920,\"height\":1080},{\"@type\":\"BreadcrumbList\",\"@id\":\"https:\\\/\\\/www.centrocliniconemo.it\\\/en\\\/blog\\\/futuro-sma-intervista-anita-pallara\\\/#breadcrumb\",\"itemListElement\":[{\"@type\":\"ListItem\",\"position\":1,\"name\":\"Home\",\"item\":\"https:\\\/\\\/www.centrocliniconemo.it\\\/en\\\/\"},{\"@type\":\"ListItem\",\"position\":2,\"name\":\"Futuro e SMA. Intervista ad Anita Pallara\"}]},{\"@type\":\"WebSite\",\"@id\":\"https:\\\/\\\/www.centrocliniconemo.it\\\/en\\\/#website\",\"url\":\"https:\\\/\\\/www.centrocliniconemo.it\\\/en\\\/\",\"name\":\"Centro Clinico NeMO\",\"description\":\"Il paziente al centro\",\"publisher\":{\"@id\":\"https:\\\/\\\/www.centrocliniconemo.it\\\/en\\\/#organization\"},\"potentialAction\":[{\"@type\":\"SearchAction\",\"target\":{\"@type\":\"EntryPoint\",\"urlTemplate\":\"https:\\\/\\\/www.centrocliniconemo.it\\\/en\\\/?s={search_term_string}\"},\"query-input\":{\"@type\":\"PropertyValueSpecification\",\"valueRequired\":true,\"valueName\":\"search_term_string\"}}],\"inLanguage\":\"en-US\"},{\"@type\":\"Organization\",\"@id\":\"https:\\\/\\\/www.centrocliniconemo.it\\\/en\\\/#organization\",\"name\":\"Centro Clinico NeMO - Fondazione Serena Onlus\",\"url\":\"https:\\\/\\\/www.centrocliniconemo.it\\\/en\\\/\",\"logo\":{\"@type\":\"ImageObject\",\"inLanguage\":\"en-US\",\"@id\":\"https:\\\/\\\/www.centrocliniconemo.it\\\/en\\\/#\\\/schema\\\/logo\\\/image\\\/\",\"url\":\"https:\\\/\\\/www.centrocliniconemo.it\\\/wp-content\\\/uploads\\\/2023\\\/03\\\/logo-nemo.svg\",\"contentUrl\":\"https:\\\/\\\/www.centrocliniconemo.it\\\/wp-content\\\/uploads\\\/2023\\\/03\\\/logo-nemo.svg\",\"width\":272,\"height\":109.142,\"caption\":\"Centro Clinico NeMO - Fondazione Serena Onlus\"},\"image\":{\"@id\":\"https:\\\/\\\/www.centrocliniconemo.it\\\/en\\\/#\\\/schema\\\/logo\\\/image\\\/\"},\"sameAs\":[\"https:\\\/\\\/www.facebook.com\\\/CentroNEMOItalia\",\"https:\\\/\\\/x.com\\\/CentroNemo\",\"https:\\\/\\\/www.linkedin.com\\\/company\\\/centrocliniconemo\\\/\",\"https:\\\/\\\/www.instagram.com\\\/centrocliniconemo\\\/\"]},{\"@type\":\"Person\",\"@id\":\"https:\\\/\\\/www.centrocliniconemo.it\\\/en\\\/#\\\/schema\\\/person\\\/9331a87c0a8ee435c61f5dd498531434\",\"name\":\"Luca Biondi\",\"image\":{\"@type\":\"ImageObject\",\"inLanguage\":\"en-US\",\"@id\":\"https:\\\/\\\/secure.gravatar.com\\\/avatar\\\/0488b88829885ebcc9896de947265b69d2979e6dc4666b1e2c3d4fbf8dc73d77?s=96&d=mm&r=g\",\"url\":\"https:\\\/\\\/secure.gravatar.com\\\/avatar\\\/0488b88829885ebcc9896de947265b69d2979e6dc4666b1e2c3d4fbf8dc73d77?s=96&d=mm&r=g\",\"contentUrl\":\"https:\\\/\\\/secure.gravatar.com\\\/avatar\\\/0488b88829885ebcc9896de947265b69d2979e6dc4666b1e2c3d4fbf8dc73d77?s=96&d=mm&r=g\",\"caption\":\"Luca Biondi\"}}]}<\/script>\n<!-- \/ Yoast SEO plugin. -->","yoast_head_json":{"title":"Futuro e SMA. Intervista ad Anita Pallara - Centro Clinico NeMO","description":"Si \u00e8 concluso il Convegno nazionale di Famiglie SMA APS ETS, l\u2019appuntamento annuale dell\u2019Associazione che vede insieme famiglie ed esperti \u201cfare il punto\u201d sui risultati raggiunti e sui nuovi obiettivi a cui tendere. Questa edizione, la prima dopo il Covid che ha riunito tutti per tre giorni interi in presenza, \u00e8 stata un\u2019esperienza intensa e ricca di novit\u00e0. Un viaggio fatto delle voci di tutti coloro che vivono la SMA oggi. Ed \u00e8 con la voce del presidente di Famiglie SMA, Anita Pallara, che lo ripercorriamo insieme.","robots":{"index":"index","follow":"follow","max-snippet":"max-snippet:-1","max-image-preview":"max-image-preview:large","max-video-preview":"max-video-preview:-1"},"canonical":"https:\/\/www.centrocliniconemo.it\/en\/blog\/futuro-sma-intervista-anita-pallara\/","og_locale":"en_US","og_type":"article","og_title":"Futuro e SMA. Intervista ad Anita Pallara","og_description":"Si \u00e8 concluso il Convegno nazionale di Famiglie SMA APS ETS, l\u2019appuntamento annuale dell\u2019Associazione che vede insieme famiglie ed esperti \u201cfare il punto\u201d sui risultati raggiunti e sui nuovi obiettivi a cui tendere. Questa edizione, la prima dopo il Covid che ha riunito tutti per tre giorni interi in presenza, \u00e8 stata un\u2019esperienza intensa e ricca di novit\u00e0. Un viaggio fatto delle voci di tutti coloro che vivono la SMA oggi. Ed \u00e8 con la voce del presidente di Famiglie SMA, Anita Pallara, che lo ripercorriamo insieme.","og_url":"https:\/\/www.centrocliniconemo.it\/en\/blog\/futuro-sma-intervista-anita-pallara\/","og_site_name":"Centro Clinico NeMO","article_publisher":"https:\/\/www.facebook.com\/CentroNEMOItalia","article_published_time":"2024-09-04T08:36:58+00:00","article_modified_time":"2024-09-04T09:51:16+00:00","og_image":[{"width":1920,"height":1080,"url":"https:\/\/www.centrocliniconemo.it\/wp-content\/uploads\/2024\/09\/AI-Anita-Pallara-intervista-Famiglie-SMA-01.png","type":"image\/png"}],"author":"Luca Biondi","twitter_card":"summary_large_image","twitter_title":"Futuro e SMA. Intervista ad Anita Pallara","twitter_description":"Si \u00e8 concluso il Convegno nazionale di Famiglie SMA APS ETS, l\u2019appuntamento annuale dell\u2019Associazione che vede insieme famiglie ed esperti \u201cfare il punto\u201d sui risultati raggiunti e sui nuovi obiettivi a cui tendere. Questa edizione, la prima dopo il Covid che ha riunito tutti per tre giorni interi in presenza, \u00e8 stata un\u2019esperienza intensa e ricca di novit\u00e0. Un viaggio fatto delle voci di tutti coloro che vivono la SMA oggi. Ed \u00e8 con la voce del presidente di Famiglie SMA, Anita Pallara, che lo ripercorriamo insieme.","twitter_image":"https:\/\/www.centrocliniconemo.it\/wp-content\/uploads\/2024\/09\/AI-Anita-Pallara-intervista-Famiglie-SMA-01.png","twitter_creator":"@CentroNemo","twitter_site":"@CentroNemo","twitter_misc":{"Written by":"Luca Biondi","Est. reading time":"6 minutes"},"schema":{"@context":"https:\/\/schema.org","@graph":[{"@type":"Article","@id":"https:\/\/www.centrocliniconemo.it\/en\/blog\/futuro-sma-intervista-anita-pallara\/#article","isPartOf":{"@id":"https:\/\/www.centrocliniconemo.it\/en\/blog\/futuro-sma-intervista-anita-pallara\/"},"author":{"name":"Luca Biondi","@id":"https:\/\/www.centrocliniconemo.it\/en\/#\/schema\/person\/9331a87c0a8ee435c61f5dd498531434"},"headline":"Futuro e SMA. Intervista ad Anita Pallara","datePublished":"2024-09-04T08:36:58+00:00","dateModified":"2024-09-04T09:51:16+00:00","mainEntityOfPage":{"@id":"https:\/\/www.centrocliniconemo.it\/en\/blog\/futuro-sma-intervista-anita-pallara\/"},"wordCount":1023,"publisher":{"@id":"https:\/\/www.centrocliniconemo.it\/en\/#organization"},"image":{"@id":"https:\/\/www.centrocliniconemo.it\/en\/blog\/futuro-sma-intervista-anita-pallara\/#primaryimage"},"thumbnailUrl":"https:\/\/www.centrocliniconemo.it\/wp-content\/uploads\/2024\/09\/AI-Anita-Pallara-intervista-Famiglie-SMA-01.png","keywords":["A.I.","Anita Pallara","Famiglie SMA","Intelligenza Artificiale"],"articleSection":["Iniziative ed eventi"],"inLanguage":"en-US"},{"@type":"WebPage","@id":"https:\/\/www.centrocliniconemo.it\/en\/blog\/futuro-sma-intervista-anita-pallara\/","url":"https:\/\/www.centrocliniconemo.it\/en\/blog\/futuro-sma-intervista-anita-pallara\/","name":"Futuro e SMA. Intervista ad Anita Pallara - Centro Clinico NeMO","isPartOf":{"@id":"https:\/\/www.centrocliniconemo.it\/en\/#website"},"primaryImageOfPage":{"@id":"https:\/\/www.centrocliniconemo.it\/en\/blog\/futuro-sma-intervista-anita-pallara\/#primaryimage"},"image":{"@id":"https:\/\/www.centrocliniconemo.it\/en\/blog\/futuro-sma-intervista-anita-pallara\/#primaryimage"},"thumbnailUrl":"https:\/\/www.centrocliniconemo.it\/wp-content\/uploads\/2024\/09\/AI-Anita-Pallara-intervista-Famiglie-SMA-01.png","datePublished":"2024-09-04T08:36:58+00:00","dateModified":"2024-09-04T09:51:16+00:00","description":"Si \u00e8 concluso il Convegno nazionale di Famiglie SMA APS ETS, l\u2019appuntamento annuale dell\u2019Associazione che vede insieme famiglie ed esperti \u201cfare il punto\u201d sui risultati raggiunti e sui nuovi obiettivi a cui tendere. Questa edizione, la prima dopo il Covid che ha riunito tutti per tre giorni interi in presenza, \u00e8 stata un\u2019esperienza intensa e ricca di novit\u00e0. Un viaggio fatto delle voci di tutti coloro che vivono la SMA oggi. Ed \u00e8 con la voce del presidente di Famiglie SMA, Anita Pallara, che lo ripercorriamo insieme.","breadcrumb":{"@id":"https:\/\/www.centrocliniconemo.it\/en\/blog\/futuro-sma-intervista-anita-pallara\/#breadcrumb"},"inLanguage":"en-US","potentialAction":[{"@type":"ReadAction","target":["https:\/\/www.centrocliniconemo.it\/en\/blog\/futuro-sma-intervista-anita-pallara\/"]}]},{"@type":"ImageObject","inLanguage":"en-US","@id":"https:\/\/www.centrocliniconemo.it\/en\/blog\/futuro-sma-intervista-anita-pallara\/#primaryimage","url":"https:\/\/www.centrocliniconemo.it\/wp-content\/uploads\/2024\/09\/AI-Anita-Pallara-intervista-Famiglie-SMA-01.png","contentUrl":"https:\/\/www.centrocliniconemo.it\/wp-content\/uploads\/2024\/09\/AI-Anita-Pallara-intervista-Famiglie-SMA-01.png","width":1920,"height":1080},{"@type":"BreadcrumbList","@id":"https:\/\/www.centrocliniconemo.it\/en\/blog\/futuro-sma-intervista-anita-pallara\/#breadcrumb","itemListElement":[{"@type":"ListItem","position":1,"name":"Home","item":"https:\/\/www.centrocliniconemo.it\/en\/"},{"@type":"ListItem","position":2,"name":"Futuro e SMA. Intervista ad Anita Pallara"}]},{"@type":"WebSite","@id":"https:\/\/www.centrocliniconemo.it\/en\/#website","url":"https:\/\/www.centrocliniconemo.it\/en\/","name":"Centro Clinico NeMO","description":"Il paziente al centro","publisher":{"@id":"https:\/\/www.centrocliniconemo.it\/en\/#organization"},"potentialAction":[{"@type":"SearchAction","target":{"@type":"EntryPoint","urlTemplate":"https:\/\/www.centrocliniconemo.it\/en\/?s={search_term_string}"},"query-input":{"@type":"PropertyValueSpecification","valueRequired":true,"valueName":"search_term_string"}}],"inLanguage":"en-US"},{"@type":"Organization","@id":"https:\/\/www.centrocliniconemo.it\/en\/#organization","name":"Centro Clinico NeMO - Fondazione Serena Onlus","url":"https:\/\/www.centrocliniconemo.it\/en\/","logo":{"@type":"ImageObject","inLanguage":"en-US","@id":"https:\/\/www.centrocliniconemo.it\/en\/#\/schema\/logo\/image\/","url":"https:\/\/www.centrocliniconemo.it\/wp-content\/uploads\/2023\/03\/logo-nemo.svg","contentUrl":"https:\/\/www.centrocliniconemo.it\/wp-content\/uploads\/2023\/03\/logo-nemo.svg","width":272,"height":109.142,"caption":"Centro Clinico NeMO - Fondazione Serena Onlus"},"image":{"@id":"https:\/\/www.centrocliniconemo.it\/en\/#\/schema\/logo\/image\/"},"sameAs":["https:\/\/www.facebook.com\/CentroNEMOItalia","https:\/\/x.com\/CentroNemo","https:\/\/www.linkedin.com\/company\/centrocliniconemo\/","https:\/\/www.instagram.com\/centrocliniconemo\/"]},{"@type":"Person","@id":"https:\/\/www.centrocliniconemo.it\/en\/#\/schema\/person\/9331a87c0a8ee435c61f5dd498531434","name":"Luca Biondi","image":{"@type":"ImageObject","inLanguage":"en-US","@id":"https:\/\/secure.gravatar.com\/avatar\/0488b88829885ebcc9896de947265b69d2979e6dc4666b1e2c3d4fbf8dc73d77?s=96&d=mm&r=g","url":"https:\/\/secure.gravatar.com\/avatar\/0488b88829885ebcc9896de947265b69d2979e6dc4666b1e2c3d4fbf8dc73d77?s=96&d=mm&r=g","contentUrl":"https:\/\/secure.gravatar.com\/avatar\/0488b88829885ebcc9896de947265b69d2979e6dc4666b1e2c3d4fbf8dc73d77?s=96&d=mm&r=g","caption":"Luca Biondi"}}]}},"_links":{"self":[{"href":"https:\/\/www.centrocliniconemo.it\/en\/wp-json\/wp\/v2\/posts\/22177","targetHints":{"allow":["GET"]}}],"collection":[{"href":"https:\/\/www.centrocliniconemo.it\/en\/wp-json\/wp\/v2\/posts"}],"about":[{"href":"https:\/\/www.centrocliniconemo.it\/en\/wp-json\/wp\/v2\/types\/post"}],"author":[{"embeddable":true,"href":"https:\/\/www.centrocliniconemo.it\/en\/wp-json\/wp\/v2\/users\/2"}],"replies":[{"embeddable":true,"href":"https:\/\/www.centrocliniconemo.it\/en\/wp-json\/wp\/v2\/comments?post=22177"}],"version-history":[{"count":0,"href":"https:\/\/www.centrocliniconemo.it\/en\/wp-json\/wp\/v2\/posts\/22177\/revisions"}],"wp:featuredmedia":[{"embeddable":true,"href":"https:\/\/www.centrocliniconemo.it\/en\/wp-json\/wp\/v2\/media\/22179"}],"wp:attachment":[{"href":"https:\/\/www.centrocliniconemo.it\/en\/wp-json\/wp\/v2\/media?parent=22177"}],"wp:term":[{"taxonomy":"category","embeddable":true,"href":"https:\/\/www.centrocliniconemo.it\/en\/wp-json\/wp\/v2\/categories?post=22177"},{"taxonomy":"post_tag","embeddable":true,"href":"https:\/\/www.centrocliniconemo.it\/en\/wp-json\/wp\/v2\/tags?post=22177"}],"curies":[{"name":"wp","href":"https:\/\/api.w.org\/{rel}","templated":true}]}}