{"id":21502,"date":"2024-03-26T17:35:18","date_gmt":"2024-03-26T17:35:18","guid":{"rendered":"https:\/\/www.centrocliniconemo.it\/blog\/?p=21502"},"modified":"2024-03-26T17:35:23","modified_gmt":"2024-03-26T17:35:23","slug":"i-centri-nemo-presenti-alla-giornata-malattie-neuromuscolari-2024","status":"publish","type":"post","link":"https:\/\/www.centrocliniconemo.it\/en\/blog\/i-centri-nemo-presenti-alla-giornata-malattie-neuromuscolari-2024\/","title":{"rendered":"I Centri NeMO presenti alla Giornata Malattie Neuromuscolari 2024"},"content":{"rendered":"\n<p>26 Marzo 2024 &#8211; Anche quest\u2019anno i Centri NeMO aderiscono all\u2019iniziativa, con la presenza dei professionisti nei seminari di divulgazione che si terranno in 19 citt\u00e0 italiane. Con loro, le sedi territoriali delle Associazioni dei pazienti, insieme alle consulte per le malattie neuromuscolari.<\/p>\n\n\n\n<p>Tra le citt\u00e0 coinvolte, Ancona, Brescia e Trento vedranno le sedi NeMO coordinatori sul territorio, insieme alle Istituzioni di riferimento.<\/p>\n\n\n\n<figure class=\"wp-block-image size-full\"><img fetchpriority=\"high\" decoding=\"async\" width=\"914\" height=\"322\" src=\"https:\/\/www.centrocliniconemo.it\/wp-content\/uploads\/2024\/03\/GMN20BANNER20SITO204.webp\" alt=\"\" class=\"wp-image-21509\" srcset=\"https:\/\/www.centrocliniconemo.it\/wp-content\/uploads\/2024\/03\/GMN20BANNER20SITO204.webp 914w, https:\/\/www.centrocliniconemo.it\/wp-content\/uploads\/2024\/03\/GMN20BANNER20SITO204-300x106.webp 300w, https:\/\/www.centrocliniconemo.it\/wp-content\/uploads\/2024\/03\/GMN20BANNER20SITO204-768x271.webp 768w\" sizes=\"(max-width: 914px) 100vw, 914px\" \/><\/figure>\n\n\n\n<p><strong>Ad Ancona<\/strong>, con il Centro NeMO, insieme ad AOU Ospedali Riuniti, Universit\u00e0 Politecnica delle Marche, e le Aziende territoriali delle Marche si affronteranno in particolare gli aggiornamenti in tema di diagnosi, gestione e approfondimento delle terapie farmacologiche su Distrofie Muscolari, Polineuropatie genetiche acquisite e le altre Patologie del Sistema Nervoso Periferico. La Tavola Rotonda con clinici, istituzioni e comunit\u00e0 dei pazienti affronter\u00e0 in particolare il tema della presa in carico delle malattie neuromuscolari sul territorio marchigiano, oggi e nel futuro. &nbsp;<\/p>\n\n\n\n<p>A questo link il programma dettagliato: <a href=\"https:\/\/www.giornatamalattieneuromuscolari.it\/ancona2024\">https:\/\/www.giornatamalattieneuromuscolari.it\/ancona2024<\/a><\/p>\n\n\n\n<p><strong>A Brescia<\/strong>, il Centro NeMO, insieme ad ASST Spedali Civili e Universit\u00e0 degli Studi di Brescia, affronter\u00e0 gli aggiornamenti in tema di prevenzione e nuove terapie per le Distrofie Muscolari e SMA, Miopatie metaboliche, Sla, Miastenia e Neuropatie genetiche e infiammatorie. Il seminario si concluder\u00e0 con la Tavola Rotonda con la comunit\u00e0 dei pazienti sul tema: \u201cCome uniformare approcci diagnostici e terapeutici a livello nazionale: l\u2019uso delle nuove tecnologie ci pu\u00f2 facilitare?&#8221;<\/p>\n\n\n\n<p>A questo link il programma dettagliato: <a href=\"https:\/\/www.giornatamalattieneuromuscolari.it\/brescia2024\">https:\/\/www.giornatamalattieneuromuscolari.it\/brescia2024<\/a><\/p>\n\n\n\n<p><strong>A Trento<\/strong>, il Centro NeMO, insieme all\u2019Azienda Provinciale per i Servizi Sanitari e all\u2019Universit\u00e0 degli Studi di Trento proporr\u00e0 il focus sulla presa in carico pediatrica, con lo screening neonatale ed il nuovo PDTA, a cui si unir\u00e0 l\u2019approfondimento scientifico con la ricerca traslazionale su neuropatie immunomediate e genetiche, distrofie muscolari, miopatie metaboliche, SMA, Sla e miastenia. La continuit\u00e0 della presa in carico riabilitativa e dell\u2019assistenza sar\u00e0 approfondita con il punto di vista della figura del fisioterapista e dell\u2019infermiere. Anche per Trento la mattinata si chiuder\u00e0 con la Tavola Rotonda insieme alla comunit\u00e0 dei pazienti, nella quale si approfondir\u00e0 il valore della tecnologia, divertendoci al Mirko Park, il parco giochi virtuale nato nel ricordo di Mirko Toller.<\/p>\n\n\n\n<p>A questo link il programma dettagliato; <a href=\"https:\/\/www.giornatamalattieneuromuscolari.it\/trento2024\">https:\/\/www.giornatamalattieneuromuscolari.it\/trento2024<\/a><\/p>\n\n\n\n<p>Tante, dunque, le possibilit\u00e0 di partecipare alla giornata e sul sito ufficiale dell\u2019iniziativa si potr\u00e0 trovare la citt\u00e0 pi\u00f9 vicina a cui iscriversi: <a href=\"https:\/\/www.giornatamalattieneuromuscolari.it\/sedi-2024\">https:\/\/www.giornatamalattieneuromuscolari.it\/sedi-2024<\/a><\/p>\n\n\n\n<p>L\u2019iniziativa \u00e8 promossa da <a href=\"https:\/\/www.asnp.net\/\">Associazione Italiana Sistema Nervoso Periferico<\/a> e <a href=\"https:\/\/www.miologia.org\/\">Associazione Italiana Miologia<\/a>, con il patrocinio di <a href=\"https:\/\/portale.fnomceo.it\/\">FNOMCeO<\/a>, <a href=\"https:\/\/www.simg.it\/\">SIMG<\/a>, <a href=\"https:\/\/www.neuro.it\/web\/eventi\/NEURO\/soci.cfm\">SIN<\/a>\u00a0<\/p>\n\n\n\n<figure class=\"wp-block-gallery has-nested-images columns-default is-cropped wp-block-gallery-1 is-layout-flex wp-block-gallery-is-layout-flex\">\n<figure data-wp-context=\"{&quot;imageId&quot;:&quot;69f4bc4272c03&quot;}\" data-wp-interactive=\"core\/image\" data-wp-key=\"69f4bc4272c03\" class=\"wp-block-image size-large wp-lightbox-container\"><img decoding=\"async\" width=\"1024\" height=\"1024\" data-wp-class--hide=\"state.isContentHidden\" data-wp-class--show=\"state.isContentVisible\" data-wp-init=\"callbacks.setButtonStyles\" data-wp-on--click=\"actions.showLightbox\" data-wp-on--load=\"callbacks.setButtonStyles\" data-wp-on-window--resize=\"callbacks.setButtonStyles\" data-id=\"21503\" src=\"https:\/\/www.centrocliniconemo.it\/wp-content\/uploads\/2024\/03\/2024_Savethedate-1024x1024.png\" alt=\"\" class=\"wp-image-21503\" srcset=\"https:\/\/www.centrocliniconemo.it\/wp-content\/uploads\/2024\/03\/2024_Savethedate-1024x1024.png 1024w, https:\/\/www.centrocliniconemo.it\/wp-content\/uploads\/2024\/03\/2024_Savethedate-300x300.png 300w, https:\/\/www.centrocliniconemo.it\/wp-content\/uploads\/2024\/03\/2024_Savethedate-150x150.png 150w, https:\/\/www.centrocliniconemo.it\/wp-content\/uploads\/2024\/03\/2024_Savethedate-768x768.png 768w, https:\/\/www.centrocliniconemo.it\/wp-content\/uploads\/2024\/03\/2024_Savethedate.png 1080w\" sizes=\"(max-width: 1024px) 100vw, 1024px\" \/><button\n\t\t\tclass=\"lightbox-trigger\"\n\t\t\ttype=\"button\"\n\t\t\taria-haspopup=\"dialog\"\n\t\t\taria-label=\"Enlarge\"\n\t\t\tdata-wp-init=\"callbacks.initTriggerButton\"\n\t\t\tdata-wp-on--click=\"actions.showLightbox\"\n\t\t\tdata-wp-style--right=\"state.imageButtonRight\"\n\t\t\tdata-wp-style--top=\"state.imageButtonTop\"\n\t\t>\n\t\t\t<svg xmlns=\"http:\/\/www.w3.org\/2000\/svg\" width=\"12\" height=\"12\" fill=\"none\" viewBox=\"0 0 12 12\">\n\t\t\t\t<path fill=\"#fff\" d=\"M2 0a2 2 0 0 0-2 2v2h1.5V2a.5.5 0 0 1 .5-.5h2V0H2Zm2 10.5H2a.5.5 0 0 1-.5-.5V8H0v2a2 2 0 0 0 2 2h2v-1.5ZM8 12v-1.5h2a.5.5 0 0 0 .5-.5V8H12v2a2 2 0 0 1-2 2H8Zm2-12a2 2 0 0 1 2 2v2h-1.5V2a.5.5 0 0 0-.5-.5H8V0h2Z\" \/>\n\t\t\t<\/svg>\n\t\t<\/button><\/figure>\n\n\n\n<figure data-wp-context=\"{&quot;imageId&quot;:&quot;69f4bc4273b6d&quot;}\" data-wp-interactive=\"core\/image\" data-wp-key=\"69f4bc4273b6d\" class=\"wp-block-image size-large wp-lightbox-container\"><img decoding=\"async\" width=\"432\" height=\"503\" data-wp-class--hide=\"state.isContentHidden\" data-wp-class--show=\"state.isContentVisible\" data-wp-init=\"callbacks.setButtonStyles\" data-wp-on--click=\"actions.showLightbox\" data-wp-on--load=\"callbacks.setButtonStyles\" data-wp-on-window--resize=\"callbacks.setButtonStyles\" data-id=\"21507\" src=\"https:\/\/www.centrocliniconemo.it\/wp-content\/uploads\/2024\/03\/TRIESTE202.webp\" alt=\"\" class=\"wp-image-21507\" srcset=\"https:\/\/www.centrocliniconemo.it\/wp-content\/uploads\/2024\/03\/TRIESTE202.webp 432w, https:\/\/www.centrocliniconemo.it\/wp-content\/uploads\/2024\/03\/TRIESTE202-258x300.webp 258w\" sizes=\"(max-width: 432px) 100vw, 432px\" \/><button\n\t\t\tclass=\"lightbox-trigger\"\n\t\t\ttype=\"button\"\n\t\t\taria-haspopup=\"dialog\"\n\t\t\taria-label=\"Enlarge\"\n\t\t\tdata-wp-init=\"callbacks.initTriggerButton\"\n\t\t\tdata-wp-on--click=\"actions.showLightbox\"\n\t\t\tdata-wp-style--right=\"state.imageButtonRight\"\n\t\t\tdata-wp-style--top=\"state.imageButtonTop\"\n\t\t>\n\t\t\t<svg xmlns=\"http:\/\/www.w3.org\/2000\/svg\" width=\"12\" height=\"12\" fill=\"none\" viewBox=\"0 0 12 12\">\n\t\t\t\t<path fill=\"#fff\" d=\"M2 0a2 2 0 0 0-2 2v2h1.5V2a.5.5 0 0 1 .5-.5h2V0H2Zm2 10.5H2a.5.5 0 0 1-.5-.5V8H0v2a2 2 0 0 0 2 2h2v-1.5ZM8 12v-1.5h2a.5.5 0 0 0 .5-.5V8H12v2a2 2 0 0 1-2 2H8Zm2-12a2 2 0 0 1 2 2v2h-1.5V2a.5.5 0 0 0-.5-.5H8V0h2Z\" \/>\n\t\t\t<\/svg>\n\t\t<\/button><\/figure>\n<\/figure>\n","protected":false},"excerpt":{"rendered":"<p>26 Marzo 2024 &#8211; Anche quest\u2019anno i Centri NeMO aderiscono all\u2019iniziativa, con la presenza dei professionisti nei seminari di divulgazione che si terranno in 19 citt\u00e0 italiane. Con loro, le sedi territoriali delle Associazioni dei pazienti, insieme alle consulte per le malattie neuromuscolari. Tra le citt\u00e0 coinvolte, Ancona, Brescia e Trento vedranno le sedi NeMO [&hellip;]<\/p>\n","protected":false},"author":2,"featured_media":21505,"comment_status":"closed","ping_status":"closed","sticky":false,"template":"","format":"standard","meta":{"pgc_sgb_lightbox_settings":"","footnotes":""},"categories":[17],"tags":[214,19,22,25],"class_list":["post-21502","post","type-post","status-publish","format-standard","has-post-thumbnail","hentry","category-iniziative-ed-eventi","tag-gmn2024","tag-nemo-ancona","tag-nemo-brescia","tag-nemo-trento"],"yoast_head":"<!-- This site is optimized with the Yoast SEO plugin v27.4 - https:\/\/yoast.com\/product\/yoast-seo-wordpress\/ -->\n<title>I Centri NeMO presenti alla Giornata Malattie Neuromuscolari 2024 - Centro Clinico NeMO<\/title>\n<meta name=\"description\" content=\"L\u2019appuntamento per la settima edizione della Giornata Malattie Neuromuscolari \u00e8 per sabato 13 Aprile dalle ore 8.30 alle 13.30. Anche quest\u2019anno i Centri NeMO aderiscono all\u2019iniziativa, con la presenza dei professionisti nei seminari di divulgazione che si terranno in 19 citt\u00e0 italiane. Con loro, le sedi territoriali delle Associazioni dei pazienti, insieme alle consulte per le malattie neuromuscolari.\" \/>\n<meta name=\"robots\" content=\"index, follow, max-snippet:-1, max-image-preview:large, max-video-preview:-1\" \/>\n<link rel=\"canonical\" href=\"https:\/\/www.centrocliniconemo.it\/en\/blog\/i-centri-nemo-presenti-alla-giornata-malattie-neuromuscolari-2024\/\" \/>\n<meta property=\"og:locale\" content=\"en_US\" \/>\n<meta property=\"og:type\" content=\"article\" \/>\n<meta property=\"og:title\" content=\"I Centri NeMO presenti alla Giornata Malattie Neuromuscolari 2024\" \/>\n<meta property=\"og:description\" content=\"L\u2019appuntamento per la settima edizione della Giornata Malattie Neuromuscolari \u00e8 per sabato 13 Aprile dalle ore 8.30 alle 13.30. Anche quest\u2019anno i Centri NeMO aderiscono all\u2019iniziativa, con la presenza dei professionisti nei seminari di divulgazione che si terranno in 19 citt\u00e0 italiane. Con loro, le sedi territoriali delle Associazioni dei pazienti, insieme alle consulte per le malattie neuromuscolari.\" \/>\n<meta property=\"og:url\" content=\"https:\/\/www.centrocliniconemo.it\/en\/blog\/i-centri-nemo-presenti-alla-giornata-malattie-neuromuscolari-2024\/\" \/>\n<meta property=\"og:site_name\" content=\"Centro Clinico NeMO\" \/>\n<meta property=\"article:publisher\" content=\"https:\/\/www.facebook.com\/CentroNEMOItalia\" \/>\n<meta property=\"article:published_time\" content=\"2024-03-26T17:35:18+00:00\" \/>\n<meta property=\"article:modified_time\" content=\"2024-03-26T17:35:23+00:00\" \/>\n<meta property=\"og:image\" content=\"https:\/\/www.centrocliniconemo.it\/wp-content\/uploads\/2024\/03\/2024_Savethedate.png\" \/>\n\t<meta property=\"og:image:width\" content=\"1080\" \/>\n\t<meta property=\"og:image:height\" content=\"1080\" \/>\n\t<meta property=\"og:image:type\" content=\"image\/png\" \/>\n<meta name=\"author\" content=\"Luca Biondi\" \/>\n<meta name=\"twitter:card\" content=\"summary_large_image\" \/>\n<meta name=\"twitter:title\" content=\"I Centri NeMO presenti alla Giornata Malattie Neuromuscolari 2024\" \/>\n<meta name=\"twitter:description\" content=\"L\u2019appuntamento per la settima edizione della Giornata Malattie Neuromuscolari \u00e8 per sabato 13 Aprile dalle ore 8.30 alle 13.30. Anche quest\u2019anno i Centri NeMO aderiscono all\u2019iniziativa, con la presenza dei professionisti nei seminari di divulgazione che si terranno in 19 citt\u00e0 italiane. Con loro, le sedi territoriali delle Associazioni dei pazienti, insieme alle consulte per le malattie neuromuscolari.\" \/>\n<meta name=\"twitter:image\" content=\"https:\/\/www.centrocliniconemo.it\/wp-content\/uploads\/2024\/03\/2024_Savethedate.png\" \/>\n<meta name=\"twitter:creator\" content=\"@CentroNemo\" \/>\n<meta name=\"twitter:site\" content=\"@CentroNemo\" \/>\n<meta name=\"twitter:label1\" content=\"Written by\" \/>\n\t<meta name=\"twitter:data1\" content=\"Luca Biondi\" \/>\n\t<meta name=\"twitter:label2\" content=\"Est. reading time\" \/>\n\t<meta name=\"twitter:data2\" content=\"3 minutes\" \/>\n<script type=\"application\/ld+json\" class=\"yoast-schema-graph\">{\"@context\":\"https:\\\/\\\/schema.org\",\"@graph\":[{\"@type\":\"Article\",\"@id\":\"https:\\\/\\\/www.centrocliniconemo.it\\\/en\\\/blog\\\/i-centri-nemo-presenti-alla-giornata-malattie-neuromuscolari-2024\\\/#article\",\"isPartOf\":{\"@id\":\"https:\\\/\\\/www.centrocliniconemo.it\\\/en\\\/blog\\\/i-centri-nemo-presenti-alla-giornata-malattie-neuromuscolari-2024\\\/\"},\"author\":{\"name\":\"Luca Biondi\",\"@id\":\"https:\\\/\\\/www.centrocliniconemo.it\\\/en\\\/#\\\/schema\\\/person\\\/9331a87c0a8ee435c61f5dd498531434\"},\"headline\":\"I Centri NeMO presenti alla Giornata Malattie Neuromuscolari 2024\",\"datePublished\":\"2024-03-26T17:35:18+00:00\",\"dateModified\":\"2024-03-26T17:35:23+00:00\",\"mainEntityOfPage\":{\"@id\":\"https:\\\/\\\/www.centrocliniconemo.it\\\/en\\\/blog\\\/i-centri-nemo-presenti-alla-giornata-malattie-neuromuscolari-2024\\\/\"},\"wordCount\":428,\"publisher\":{\"@id\":\"https:\\\/\\\/www.centrocliniconemo.it\\\/en\\\/#organization\"},\"image\":{\"@id\":\"https:\\\/\\\/www.centrocliniconemo.it\\\/en\\\/blog\\\/i-centri-nemo-presenti-alla-giornata-malattie-neuromuscolari-2024\\\/#primaryimage\"},\"thumbnailUrl\":\"https:\\\/\\\/www.centrocliniconemo.it\\\/wp-content\\\/uploads\\\/2024\\\/03\\\/515c2410e09149e89d8d70b84beaba0a.jpg.webp\",\"keywords\":[\"GMN2024\",\"NeMO Ancona\",\"NeMO Brescia\",\"NeMO Trento\"],\"articleSection\":[\"Iniziative ed eventi\"],\"inLanguage\":\"en-US\"},{\"@type\":\"WebPage\",\"@id\":\"https:\\\/\\\/www.centrocliniconemo.it\\\/en\\\/blog\\\/i-centri-nemo-presenti-alla-giornata-malattie-neuromuscolari-2024\\\/\",\"url\":\"https:\\\/\\\/www.centrocliniconemo.it\\\/en\\\/blog\\\/i-centri-nemo-presenti-alla-giornata-malattie-neuromuscolari-2024\\\/\",\"name\":\"I Centri NeMO presenti alla Giornata Malattie Neuromuscolari 2024 - Centro Clinico NeMO\",\"isPartOf\":{\"@id\":\"https:\\\/\\\/www.centrocliniconemo.it\\\/en\\\/#website\"},\"primaryImageOfPage\":{\"@id\":\"https:\\\/\\\/www.centrocliniconemo.it\\\/en\\\/blog\\\/i-centri-nemo-presenti-alla-giornata-malattie-neuromuscolari-2024\\\/#primaryimage\"},\"image\":{\"@id\":\"https:\\\/\\\/www.centrocliniconemo.it\\\/en\\\/blog\\\/i-centri-nemo-presenti-alla-giornata-malattie-neuromuscolari-2024\\\/#primaryimage\"},\"thumbnailUrl\":\"https:\\\/\\\/www.centrocliniconemo.it\\\/wp-content\\\/uploads\\\/2024\\\/03\\\/515c2410e09149e89d8d70b84beaba0a.jpg.webp\",\"datePublished\":\"2024-03-26T17:35:18+00:00\",\"dateModified\":\"2024-03-26T17:35:23+00:00\",\"description\":\"L\u2019appuntamento per la settima edizione della Giornata Malattie Neuromuscolari \u00e8 per sabato 13 Aprile dalle ore 8.30 alle 13.30. Anche quest\u2019anno i Centri NeMO aderiscono all\u2019iniziativa, con la presenza dei professionisti nei seminari di divulgazione che si terranno in 19 citt\u00e0 italiane. Con loro, le sedi territoriali delle Associazioni dei pazienti, insieme alle consulte per le malattie neuromuscolari.\",\"breadcrumb\":{\"@id\":\"https:\\\/\\\/www.centrocliniconemo.it\\\/en\\\/blog\\\/i-centri-nemo-presenti-alla-giornata-malattie-neuromuscolari-2024\\\/#breadcrumb\"},\"inLanguage\":\"en-US\",\"potentialAction\":[{\"@type\":\"ReadAction\",\"target\":[\"https:\\\/\\\/www.centrocliniconemo.it\\\/en\\\/blog\\\/i-centri-nemo-presenti-alla-giornata-malattie-neuromuscolari-2024\\\/\"]}]},{\"@type\":\"ImageObject\",\"inLanguage\":\"en-US\",\"@id\":\"https:\\\/\\\/www.centrocliniconemo.it\\\/en\\\/blog\\\/i-centri-nemo-presenti-alla-giornata-malattie-neuromuscolari-2024\\\/#primaryimage\",\"url\":\"https:\\\/\\\/www.centrocliniconemo.it\\\/wp-content\\\/uploads\\\/2024\\\/03\\\/515c2410e09149e89d8d70b84beaba0a.jpg.webp\",\"contentUrl\":\"https:\\\/\\\/www.centrocliniconemo.it\\\/wp-content\\\/uploads\\\/2024\\\/03\\\/515c2410e09149e89d8d70b84beaba0a.jpg.webp\",\"width\":628,\"height\":206},{\"@type\":\"BreadcrumbList\",\"@id\":\"https:\\\/\\\/www.centrocliniconemo.it\\\/en\\\/blog\\\/i-centri-nemo-presenti-alla-giornata-malattie-neuromuscolari-2024\\\/#breadcrumb\",\"itemListElement\":[{\"@type\":\"ListItem\",\"position\":1,\"name\":\"Home\",\"item\":\"https:\\\/\\\/www.centrocliniconemo.it\\\/en\\\/\"},{\"@type\":\"ListItem\",\"position\":2,\"name\":\"I Centri NeMO presenti alla Giornata Malattie Neuromuscolari 2024\"}]},{\"@type\":\"WebSite\",\"@id\":\"https:\\\/\\\/www.centrocliniconemo.it\\\/en\\\/#website\",\"url\":\"https:\\\/\\\/www.centrocliniconemo.it\\\/en\\\/\",\"name\":\"Centro Clinico NeMO\",\"description\":\"Il paziente al centro\",\"publisher\":{\"@id\":\"https:\\\/\\\/www.centrocliniconemo.it\\\/en\\\/#organization\"},\"potentialAction\":[{\"@type\":\"SearchAction\",\"target\":{\"@type\":\"EntryPoint\",\"urlTemplate\":\"https:\\\/\\\/www.centrocliniconemo.it\\\/en\\\/?s={search_term_string}\"},\"query-input\":{\"@type\":\"PropertyValueSpecification\",\"valueRequired\":true,\"valueName\":\"search_term_string\"}}],\"inLanguage\":\"en-US\"},{\"@type\":\"Organization\",\"@id\":\"https:\\\/\\\/www.centrocliniconemo.it\\\/en\\\/#organization\",\"name\":\"Centro Clinico NeMO - Fondazione Serena Onlus\",\"url\":\"https:\\\/\\\/www.centrocliniconemo.it\\\/en\\\/\",\"logo\":{\"@type\":\"ImageObject\",\"inLanguage\":\"en-US\",\"@id\":\"https:\\\/\\\/www.centrocliniconemo.it\\\/en\\\/#\\\/schema\\\/logo\\\/image\\\/\",\"url\":\"https:\\\/\\\/www.centrocliniconemo.it\\\/wp-content\\\/uploads\\\/2023\\\/03\\\/logo-nemo.svg\",\"contentUrl\":\"https:\\\/\\\/www.centrocliniconemo.it\\\/wp-content\\\/uploads\\\/2023\\\/03\\\/logo-nemo.svg\",\"width\":272,\"height\":109.142,\"caption\":\"Centro Clinico NeMO - Fondazione Serena Onlus\"},\"image\":{\"@id\":\"https:\\\/\\\/www.centrocliniconemo.it\\\/en\\\/#\\\/schema\\\/logo\\\/image\\\/\"},\"sameAs\":[\"https:\\\/\\\/www.facebook.com\\\/CentroNEMOItalia\",\"https:\\\/\\\/x.com\\\/CentroNemo\",\"https:\\\/\\\/www.linkedin.com\\\/company\\\/centrocliniconemo\\\/\",\"https:\\\/\\\/www.instagram.com\\\/centrocliniconemo\\\/\"]},{\"@type\":\"Person\",\"@id\":\"https:\\\/\\\/www.centrocliniconemo.it\\\/en\\\/#\\\/schema\\\/person\\\/9331a87c0a8ee435c61f5dd498531434\",\"name\":\"Luca Biondi\",\"image\":{\"@type\":\"ImageObject\",\"inLanguage\":\"en-US\",\"@id\":\"https:\\\/\\\/secure.gravatar.com\\\/avatar\\\/0488b88829885ebcc9896de947265b69d2979e6dc4666b1e2c3d4fbf8dc73d77?s=96&d=mm&r=g\",\"url\":\"https:\\\/\\\/secure.gravatar.com\\\/avatar\\\/0488b88829885ebcc9896de947265b69d2979e6dc4666b1e2c3d4fbf8dc73d77?s=96&d=mm&r=g\",\"contentUrl\":\"https:\\\/\\\/secure.gravatar.com\\\/avatar\\\/0488b88829885ebcc9896de947265b69d2979e6dc4666b1e2c3d4fbf8dc73d77?s=96&d=mm&r=g\",\"caption\":\"Luca Biondi\"}}]}<\/script>\n<!-- \/ Yoast SEO plugin. -->","yoast_head_json":{"title":"I Centri NeMO presenti alla Giornata Malattie Neuromuscolari 2024 - Centro Clinico NeMO","description":"L\u2019appuntamento per la settima edizione della Giornata Malattie Neuromuscolari \u00e8 per sabato 13 Aprile dalle ore 8.30 alle 13.30. Anche quest\u2019anno i Centri NeMO aderiscono all\u2019iniziativa, con la presenza dei professionisti nei seminari di divulgazione che si terranno in 19 citt\u00e0 italiane. Con loro, le sedi territoriali delle Associazioni dei pazienti, insieme alle consulte per le malattie neuromuscolari.","robots":{"index":"index","follow":"follow","max-snippet":"max-snippet:-1","max-image-preview":"max-image-preview:large","max-video-preview":"max-video-preview:-1"},"canonical":"https:\/\/www.centrocliniconemo.it\/en\/blog\/i-centri-nemo-presenti-alla-giornata-malattie-neuromuscolari-2024\/","og_locale":"en_US","og_type":"article","og_title":"I Centri NeMO presenti alla Giornata Malattie Neuromuscolari 2024","og_description":"L\u2019appuntamento per la settima edizione della Giornata Malattie Neuromuscolari \u00e8 per sabato 13 Aprile dalle ore 8.30 alle 13.30. Anche quest\u2019anno i Centri NeMO aderiscono all\u2019iniziativa, con la presenza dei professionisti nei seminari di divulgazione che si terranno in 19 citt\u00e0 italiane. Con loro, le sedi territoriali delle Associazioni dei pazienti, insieme alle consulte per le malattie neuromuscolari.","og_url":"https:\/\/www.centrocliniconemo.it\/en\/blog\/i-centri-nemo-presenti-alla-giornata-malattie-neuromuscolari-2024\/","og_site_name":"Centro Clinico NeMO","article_publisher":"https:\/\/www.facebook.com\/CentroNEMOItalia","article_published_time":"2024-03-26T17:35:18+00:00","article_modified_time":"2024-03-26T17:35:23+00:00","og_image":[{"width":1080,"height":1080,"url":"https:\/\/www.centrocliniconemo.it\/wp-content\/uploads\/2024\/03\/2024_Savethedate.png","type":"image\/png"}],"author":"Luca Biondi","twitter_card":"summary_large_image","twitter_title":"I Centri NeMO presenti alla Giornata Malattie Neuromuscolari 2024","twitter_description":"L\u2019appuntamento per la settima edizione della Giornata Malattie Neuromuscolari \u00e8 per sabato 13 Aprile dalle ore 8.30 alle 13.30. Anche quest\u2019anno i Centri NeMO aderiscono all\u2019iniziativa, con la presenza dei professionisti nei seminari di divulgazione che si terranno in 19 citt\u00e0 italiane. Con loro, le sedi territoriali delle Associazioni dei pazienti, insieme alle consulte per le malattie neuromuscolari.","twitter_image":"https:\/\/www.centrocliniconemo.it\/wp-content\/uploads\/2024\/03\/2024_Savethedate.png","twitter_creator":"@CentroNemo","twitter_site":"@CentroNemo","twitter_misc":{"Written by":"Luca Biondi","Est. reading time":"3 minutes"},"schema":{"@context":"https:\/\/schema.org","@graph":[{"@type":"Article","@id":"https:\/\/www.centrocliniconemo.it\/en\/blog\/i-centri-nemo-presenti-alla-giornata-malattie-neuromuscolari-2024\/#article","isPartOf":{"@id":"https:\/\/www.centrocliniconemo.it\/en\/blog\/i-centri-nemo-presenti-alla-giornata-malattie-neuromuscolari-2024\/"},"author":{"name":"Luca Biondi","@id":"https:\/\/www.centrocliniconemo.it\/en\/#\/schema\/person\/9331a87c0a8ee435c61f5dd498531434"},"headline":"I Centri NeMO presenti alla Giornata Malattie Neuromuscolari 2024","datePublished":"2024-03-26T17:35:18+00:00","dateModified":"2024-03-26T17:35:23+00:00","mainEntityOfPage":{"@id":"https:\/\/www.centrocliniconemo.it\/en\/blog\/i-centri-nemo-presenti-alla-giornata-malattie-neuromuscolari-2024\/"},"wordCount":428,"publisher":{"@id":"https:\/\/www.centrocliniconemo.it\/en\/#organization"},"image":{"@id":"https:\/\/www.centrocliniconemo.it\/en\/blog\/i-centri-nemo-presenti-alla-giornata-malattie-neuromuscolari-2024\/#primaryimage"},"thumbnailUrl":"https:\/\/www.centrocliniconemo.it\/wp-content\/uploads\/2024\/03\/515c2410e09149e89d8d70b84beaba0a.jpg.webp","keywords":["GMN2024","NeMO Ancona","NeMO Brescia","NeMO Trento"],"articleSection":["Iniziative ed eventi"],"inLanguage":"en-US"},{"@type":"WebPage","@id":"https:\/\/www.centrocliniconemo.it\/en\/blog\/i-centri-nemo-presenti-alla-giornata-malattie-neuromuscolari-2024\/","url":"https:\/\/www.centrocliniconemo.it\/en\/blog\/i-centri-nemo-presenti-alla-giornata-malattie-neuromuscolari-2024\/","name":"I Centri NeMO presenti alla Giornata Malattie Neuromuscolari 2024 - Centro Clinico NeMO","isPartOf":{"@id":"https:\/\/www.centrocliniconemo.it\/en\/#website"},"primaryImageOfPage":{"@id":"https:\/\/www.centrocliniconemo.it\/en\/blog\/i-centri-nemo-presenti-alla-giornata-malattie-neuromuscolari-2024\/#primaryimage"},"image":{"@id":"https:\/\/www.centrocliniconemo.it\/en\/blog\/i-centri-nemo-presenti-alla-giornata-malattie-neuromuscolari-2024\/#primaryimage"},"thumbnailUrl":"https:\/\/www.centrocliniconemo.it\/wp-content\/uploads\/2024\/03\/515c2410e09149e89d8d70b84beaba0a.jpg.webp","datePublished":"2024-03-26T17:35:18+00:00","dateModified":"2024-03-26T17:35:23+00:00","description":"L\u2019appuntamento per la settima edizione della Giornata Malattie Neuromuscolari \u00e8 per sabato 13 Aprile dalle ore 8.30 alle 13.30. Anche quest\u2019anno i Centri NeMO aderiscono all\u2019iniziativa, con la presenza dei professionisti nei seminari di divulgazione che si terranno in 19 citt\u00e0 italiane. Con loro, le sedi territoriali delle Associazioni dei pazienti, insieme alle consulte per le malattie neuromuscolari.","breadcrumb":{"@id":"https:\/\/www.centrocliniconemo.it\/en\/blog\/i-centri-nemo-presenti-alla-giornata-malattie-neuromuscolari-2024\/#breadcrumb"},"inLanguage":"en-US","potentialAction":[{"@type":"ReadAction","target":["https:\/\/www.centrocliniconemo.it\/en\/blog\/i-centri-nemo-presenti-alla-giornata-malattie-neuromuscolari-2024\/"]}]},{"@type":"ImageObject","inLanguage":"en-US","@id":"https:\/\/www.centrocliniconemo.it\/en\/blog\/i-centri-nemo-presenti-alla-giornata-malattie-neuromuscolari-2024\/#primaryimage","url":"https:\/\/www.centrocliniconemo.it\/wp-content\/uploads\/2024\/03\/515c2410e09149e89d8d70b84beaba0a.jpg.webp","contentUrl":"https:\/\/www.centrocliniconemo.it\/wp-content\/uploads\/2024\/03\/515c2410e09149e89d8d70b84beaba0a.jpg.webp","width":628,"height":206},{"@type":"BreadcrumbList","@id":"https:\/\/www.centrocliniconemo.it\/en\/blog\/i-centri-nemo-presenti-alla-giornata-malattie-neuromuscolari-2024\/#breadcrumb","itemListElement":[{"@type":"ListItem","position":1,"name":"Home","item":"https:\/\/www.centrocliniconemo.it\/en\/"},{"@type":"ListItem","position":2,"name":"I Centri NeMO presenti alla Giornata Malattie Neuromuscolari 2024"}]},{"@type":"WebSite","@id":"https:\/\/www.centrocliniconemo.it\/en\/#website","url":"https:\/\/www.centrocliniconemo.it\/en\/","name":"Centro Clinico NeMO","description":"Il paziente al centro","publisher":{"@id":"https:\/\/www.centrocliniconemo.it\/en\/#organization"},"potentialAction":[{"@type":"SearchAction","target":{"@type":"EntryPoint","urlTemplate":"https:\/\/www.centrocliniconemo.it\/en\/?s={search_term_string}"},"query-input":{"@type":"PropertyValueSpecification","valueRequired":true,"valueName":"search_term_string"}}],"inLanguage":"en-US"},{"@type":"Organization","@id":"https:\/\/www.centrocliniconemo.it\/en\/#organization","name":"Centro Clinico NeMO - Fondazione Serena Onlus","url":"https:\/\/www.centrocliniconemo.it\/en\/","logo":{"@type":"ImageObject","inLanguage":"en-US","@id":"https:\/\/www.centrocliniconemo.it\/en\/#\/schema\/logo\/image\/","url":"https:\/\/www.centrocliniconemo.it\/wp-content\/uploads\/2023\/03\/logo-nemo.svg","contentUrl":"https:\/\/www.centrocliniconemo.it\/wp-content\/uploads\/2023\/03\/logo-nemo.svg","width":272,"height":109.142,"caption":"Centro Clinico NeMO - Fondazione Serena Onlus"},"image":{"@id":"https:\/\/www.centrocliniconemo.it\/en\/#\/schema\/logo\/image\/"},"sameAs":["https:\/\/www.facebook.com\/CentroNEMOItalia","https:\/\/x.com\/CentroNemo","https:\/\/www.linkedin.com\/company\/centrocliniconemo\/","https:\/\/www.instagram.com\/centrocliniconemo\/"]},{"@type":"Person","@id":"https:\/\/www.centrocliniconemo.it\/en\/#\/schema\/person\/9331a87c0a8ee435c61f5dd498531434","name":"Luca Biondi","image":{"@type":"ImageObject","inLanguage":"en-US","@id":"https:\/\/secure.gravatar.com\/avatar\/0488b88829885ebcc9896de947265b69d2979e6dc4666b1e2c3d4fbf8dc73d77?s=96&d=mm&r=g","url":"https:\/\/secure.gravatar.com\/avatar\/0488b88829885ebcc9896de947265b69d2979e6dc4666b1e2c3d4fbf8dc73d77?s=96&d=mm&r=g","contentUrl":"https:\/\/secure.gravatar.com\/avatar\/0488b88829885ebcc9896de947265b69d2979e6dc4666b1e2c3d4fbf8dc73d77?s=96&d=mm&r=g","caption":"Luca Biondi"}}]}},"_links":{"self":[{"href":"https:\/\/www.centrocliniconemo.it\/en\/wp-json\/wp\/v2\/posts\/21502","targetHints":{"allow":["GET"]}}],"collection":[{"href":"https:\/\/www.centrocliniconemo.it\/en\/wp-json\/wp\/v2\/posts"}],"about":[{"href":"https:\/\/www.centrocliniconemo.it\/en\/wp-json\/wp\/v2\/types\/post"}],"author":[{"embeddable":true,"href":"https:\/\/www.centrocliniconemo.it\/en\/wp-json\/wp\/v2\/users\/2"}],"replies":[{"embeddable":true,"href":"https:\/\/www.centrocliniconemo.it\/en\/wp-json\/wp\/v2\/comments?post=21502"}],"version-history":[{"count":0,"href":"https:\/\/www.centrocliniconemo.it\/en\/wp-json\/wp\/v2\/posts\/21502\/revisions"}],"wp:featuredmedia":[{"embeddable":true,"href":"https:\/\/www.centrocliniconemo.it\/en\/wp-json\/wp\/v2\/media\/21505"}],"wp:attachment":[{"href":"https:\/\/www.centrocliniconemo.it\/en\/wp-json\/wp\/v2\/media?parent=21502"}],"wp:term":[{"taxonomy":"category","embeddable":true,"href":"https:\/\/www.centrocliniconemo.it\/en\/wp-json\/wp\/v2\/categories?post=21502"},{"taxonomy":"post_tag","embeddable":true,"href":"https:\/\/www.centrocliniconemo.it\/en\/wp-json\/wp\/v2\/tags?post=21502"}],"curies":[{"name":"wp","href":"https:\/\/api.w.org\/{rel}","templated":true}]}}