{"id":21358,"date":"2024-02-23T17:25:11","date_gmt":"2024-02-23T17:25:11","guid":{"rendered":"https:\/\/www.centrocliniconemo.it\/blog\/?p=21358"},"modified":"2024-02-23T17:25:13","modified_gmt":"2024-02-23T17:25:13","slug":"sla-il-chmp-di-ema-raccomanda-il-tofersen-e-aisla-chiede-laccesso-ai-test-genetici-e-di-ridurre-i-tempi-di-attesa-per-il-trattamento","status":"publish","type":"post","link":"https:\/\/www.centrocliniconemo.it\/en\/blog\/sla-il-chmp-di-ema-raccomanda-il-tofersen-e-aisla-chiede-laccesso-ai-test-genetici-e-di-ridurre-i-tempi-di-attesa-per-il-trattamento\/","title":{"rendered":"SLA: il CHMP di EMA raccomanda il Tofersen e AISLA chiede l&#8217;accesso ai test genetici e di ridurre i tempi di attesa per il trattamento"},"content":{"rendered":"\n<p><em>Milano, 23 febbraio 2024 <\/em>\u2013 Accolto da un minuto di applauso della Comunit\u00e0 scientifica, alla vigilia della Giornata Mondiale delle Malattie Rare arriva un\u2019importante notizia per lotta contro la <a href=\"https:\/\/www.centrocliniconemo.it\/cura-e-ricerca\/patologie\/sclerosi-laterale-amiotrofica\/\">Sclerosi Laterale Amiotrofica (SLA)<\/a>.\u00a0 <a href=\"https:\/\/www.centrocliniconemo.it\/blog\/ricerca-sla-al-centro-nemo-la-formazione-sui-trials-clinici\/\">Tofersen<\/a>, un farmaco innovativo che contrasta la progressione della malattia, ha ottenuto il parere favorevole del Comitato per l\u2019uso umano dei medicinali (<a href=\"https:\/\/www.aifa.gov.it\/en\/-\/comitato-per-i-medicinali-per-uso-umano-chmp-dell-ema-highlights-del-meeting-di-ottob-3\">CHMP<\/a>) della European Medicin Agency (<a href=\"https:\/\/www.ema.europa.eu\/en\/homepage\">EMA<\/a>). Ora \u00e8 necessario attendere l\u2019approvazione finale di EMA e poi di <a href=\"https:\/\/www.aifa.gov.it\/en\/home\">AIFA<\/a>. Fortunamente, grazie all\u2019uso compassionevole concesso dalla casa farmaceutica Biogen, promosso da <a href=\"https:\/\/www.aisla.it\/\">AISLA<\/a>, gi\u00e0 da due anni i pazienti italiani hanno accesso a questo farmaco. <strong>Purtroppo, nel nostro Paese si rilevano forti disuguaglianze nell&#8217;accesso alle terapie, cos\u00ec come molti sono i pazienti non ancora consapevoli della loro condizione genetica<\/strong>.\u00a0<\/p>\n\n\n\n<p>Questa notizia rappresenta una svolta nella storia della SLA e segna un cambiamento di prospettiva terapeutica. Nel mese di aprile 2022, il farmaco <a href=\"https:\/\/www.centrocliniconemo.it\/blog\/ricerca-sla-al-centro-nemo-la-formazione-sui-trials-clinici\/\">Tofersen<\/a> ha ricevuto l&#8217;approvazione della Food and Drug Administration (FDA) come nuova opzione terapeutica per le persone affette da SLA con la mutazione nel gene SOD1, una forma rara che coinvolge solo circa il 2-3% dei pazienti, ovvero circa 120-150 persone in Italia. <strong>Fino ad ora, solo poco pi\u00f9 della met\u00e0 di queste persone sono state trattate con Tofersen<\/strong>.<\/p>\n\n\n\n<p>&#8220;<em>Questo segna un nuovo capitolo nella storia della SLA. Tuttavia, non \u00e8 sufficiente.\u201d <\/em>&#8211; <strong>dichiara Fulvia Massimelli presidente nazionale di <a href=\"https:\/\/www.aisla.it\/\">AISLA (Associazione Italiana Sclerosi Laterale Amiotrofica)<\/a><\/strong>, che continua: &#8211; \u201c<em>Rivolgo il nostro appello alle Istituzioni e Autorit\u00e0 sanitarie e regolatorie perch\u00e9 si adoperino al fine di promuovere una collaborazione pi\u00f9 stretta tra i laboratori di genetica e i centri specializzati in modo da ridurre i tempi di attesa per i test genetici. \u00c8 fondamentale che ogni paziente abbia la possibilit\u00e0 di conoscere la propria mutazione genetica e poter accedere tempestivamente al trattamento. \u201c<\/em><\/p>\n\n\n\n<figure class=\"wp-block-gallery has-nested-images columns-default is-cropped wp-block-gallery-1 is-layout-flex wp-block-gallery-is-layout-flex\">\n<figure class=\"wp-block-image size-large\"><img fetchpriority=\"high\" decoding=\"async\" width=\"980\" height=\"980\" data-id=\"21361\" src=\"https:\/\/www.centrocliniconemo.it\/wp-content\/uploads\/2024\/02\/Sabatelli-Mario-1.jpg\" alt=\"\" class=\"wp-image-21361\" srcset=\"https:\/\/www.centrocliniconemo.it\/wp-content\/uploads\/2024\/02\/Sabatelli-Mario-1.jpg 980w, https:\/\/www.centrocliniconemo.it\/wp-content\/uploads\/2024\/02\/Sabatelli-Mario-1-300x300.jpg 300w, https:\/\/www.centrocliniconemo.it\/wp-content\/uploads\/2024\/02\/Sabatelli-Mario-1-150x150.jpg 150w, https:\/\/www.centrocliniconemo.it\/wp-content\/uploads\/2024\/02\/Sabatelli-Mario-1-768x768.jpg 768w\" sizes=\"(max-width: 980px) 100vw, 980px\" \/><\/figure>\n\n\n\n<figure class=\"wp-block-image size-large\"><img decoding=\"async\" width=\"980\" height=\"980\" data-id=\"21363\" src=\"https:\/\/www.centrocliniconemo.it\/wp-content\/uploads\/2024\/02\/AISLA-Fulvia-Massimelli-Presidente-jpg.jpg\" alt=\"\" class=\"wp-image-21363\" srcset=\"https:\/\/www.centrocliniconemo.it\/wp-content\/uploads\/2024\/02\/AISLA-Fulvia-Massimelli-Presidente-jpg.jpg 980w, https:\/\/www.centrocliniconemo.it\/wp-content\/uploads\/2024\/02\/AISLA-Fulvia-Massimelli-Presidente-jpg-300x300.jpg 300w, https:\/\/www.centrocliniconemo.it\/wp-content\/uploads\/2024\/02\/AISLA-Fulvia-Massimelli-Presidente-jpg-150x150.jpg 150w, https:\/\/www.centrocliniconemo.it\/wp-content\/uploads\/2024\/02\/AISLA-Fulvia-Massimelli-Presidente-jpg-768x768.jpg 768w\" sizes=\"(max-width: 980px) 100vw, 980px\" \/><\/figure>\n<\/figure>\n\n\n\n<p><strong>Ci sono disuguaglianze nell&#8217;accesso e i lunghi tempi di attesa per i risultati dei test genetici rappresentano un ulteriore ostacolo all&#8217;efficacia del trattamento<\/strong> (4-10 mesi per la diagnosi; 1-3 mesi per il risultato genetico; 2 mesi per ottenere il farmaco). \u00c8 importante sottolineare che il test genetico rientra nelle competenze del <a href=\"https:\/\/www.salute.gov.it\/portale\/lea\/homeLea.jsp\">Servizio Sanitario Nazionale (SSN)<\/a> ed \u00e8 gratuito per i pazienti. La diagnosi genetica in Italia \u00e8 limitata a pochi centri specializzati e non vi \u00e8 un&#8217;omogeneit\u00e0 nella copertura territoriale. Mancano linee guida nazionali per standardizzare i metodi di analisi genetica e i tempi di consegna dei risultati.<\/p>\n\n\n\n<p>&#8220;<em>\u00c8 importante considerare che gli studi scientifici dimostrano che l&#8217;efficacia di Tofersen nel trattamento delle persone con la mutazione SOD1 \u00e8 maggiore se somministrato tempestivamente<\/em>&#8220;, afferma il <strong>Prof. Mario Sabatelli, direttore clinico dell\u2019area adulti del <a href=\"https:\/\/www.centrocliniconemo.it\/pazienti\/sedi-nemo\/nemo-roma\/\">Centro NeMO di Roma<\/a> e presidente della Commissione Medico Scientifica di AISLA<\/strong>, che continua: \u201c<em>E\u2019 fondamentale individuare tempestivamente la mutazione SOD-1, ma la ricerca di altre mutazioni di altri geni come C9ORF72, FUS e TARDBP, \u00e8 altrettanto importante perch\u00e9 sono in corso studi promettenti<\/em>.\u201d\u00a0<\/p>\n\n\n\n<p><strong><a href=\"https:\/\/bit.ly\/3OVAPhs\">AISLA ha avviato un&#8217;indagine per valutare l&#8217;accessibilit\u00e0 ai test genetici<\/a><\/strong>.\u00a0 L\u2019appello accorato di AISLA \u00e8 rivolto a tutte le persone che hanno ricevuto la diagnosi di Sla, invitandole a richiedere ai centri di riferimento il proprio test genetico. Oggi pi\u00f9 che mai, con l&#8217;approvazione di Tofersen, \u00e8 fondamentale accedere alle terapie nel minor tempo possibile per salvaguardare la salute, migliorare la qualit\u00e0 vita e combattere la progressione della SLA.<\/p>\n\n\n\n<figure class=\"wp-block-image size-large\"><img decoding=\"async\" width=\"1024\" height=\"576\" src=\"https:\/\/www.centrocliniconemo.it\/wp-content\/uploads\/2024\/02\/Indagine-AISLA-1024x576.jpg\" alt=\"\" class=\"wp-image-21365\" srcset=\"https:\/\/www.centrocliniconemo.it\/wp-content\/uploads\/2024\/02\/Indagine-AISLA-1024x576.jpg 1024w, https:\/\/www.centrocliniconemo.it\/wp-content\/uploads\/2024\/02\/Indagine-AISLA-300x169.jpg 300w, https:\/\/www.centrocliniconemo.it\/wp-content\/uploads\/2024\/02\/Indagine-AISLA-768x432.jpg 768w, https:\/\/www.centrocliniconemo.it\/wp-content\/uploads\/2024\/02\/Indagine-AISLA-1536x864.jpg 1536w, https:\/\/www.centrocliniconemo.it\/wp-content\/uploads\/2024\/02\/Indagine-AISLA.jpg 1920w\" sizes=\"(max-width: 1024px) 100vw, 1024px\" \/><\/figure>\n","protected":false},"excerpt":{"rendered":"<p>Milano, 23 febbraio 2024 \u2013 Accolto da un minuto di applauso della Comunit\u00e0 scientifica, alla vigilia della Giornata Mondiale delle Malattie Rare arriva un\u2019importante notizia per lotta contro la Sclerosi Laterale Amiotrofica (SLA).\u00a0 Tofersen, un farmaco innovativo che contrasta la progressione della malattia, ha ottenuto il parere favorevole del Comitato per l\u2019uso umano dei medicinali [&hellip;]<\/p>\n","protected":false},"author":2,"featured_media":21359,"comment_status":"closed","ping_status":"closed","sticky":false,"template":"","format":"standard","meta":{"pgc_sgb_lightbox_settings":"","footnotes":""},"categories":[28],"tags":[200,24],"class_list":["post-21358","post","type-post","status-publish","format-standard","has-post-thumbnail","hentry","category-cura-ricerca-e-formazione","tag-aisla","tag-nemo-roma"],"yoast_head":"<!-- This site is optimized with the Yoast SEO plugin v27.4 - https:\/\/yoast.com\/product\/yoast-seo-wordpress\/ -->\n<title>SLA: il CHMP di EMA raccomanda il Tofersen e AISLA chiede l&#039;accesso ai test genetici e di ridurre i tempi di attesa per il trattamento - Centro Clinico NeMO<\/title>\n<meta name=\"description\" content=\"Tofersen, un farmaco innovativo che contrasta la progressione della malattia, ha ottenuto il parere favorevole del Comitato per l\u2019uso umano dei medicinali (CHMP) della European Medicin Agency (EMA). Una svolta nella storia della SLA che segna un cambiamento di prospettiva terapeutica\" \/>\n<meta name=\"robots\" content=\"index, follow, max-snippet:-1, max-image-preview:large, max-video-preview:-1\" \/>\n<link rel=\"canonical\" href=\"https:\/\/www.centrocliniconemo.it\/en\/blog\/sla-il-chmp-di-ema-raccomanda-il-tofersen-e-aisla-chiede-laccesso-ai-test-genetici-e-di-ridurre-i-tempi-di-attesa-per-il-trattamento\/\" \/>\n<meta property=\"og:locale\" content=\"en_US\" \/>\n<meta property=\"og:type\" content=\"article\" \/>\n<meta property=\"og:title\" content=\"SLA: il CHMP di EMA raccomanda il Tofersen e AISLA chiede l&#039;accesso ai test genetici e di ridurre i tempi di attesa per il trattamento\" \/>\n<meta property=\"og:description\" content=\"Tofersen, un farmaco innovativo che contrasta la progressione della malattia, ha ottenuto il parere favorevole del Comitato per l\u2019uso umano dei medicinali (CHMP) della European Medicin Agency (EMA). Una svolta nella storia della SLA che segna un cambiamento di prospettiva terapeutica\" \/>\n<meta property=\"og:url\" content=\"https:\/\/www.centrocliniconemo.it\/en\/blog\/sla-il-chmp-di-ema-raccomanda-il-tofersen-e-aisla-chiede-laccesso-ai-test-genetici-e-di-ridurre-i-tempi-di-attesa-per-il-trattamento\/\" \/>\n<meta property=\"og:site_name\" content=\"Centro Clinico NeMO\" \/>\n<meta property=\"article:publisher\" content=\"https:\/\/www.facebook.com\/CentroNEMOItalia\" \/>\n<meta property=\"article:published_time\" content=\"2024-02-23T17:25:11+00:00\" \/>\n<meta property=\"article:modified_time\" content=\"2024-02-23T17:25:13+00:00\" \/>\n<meta property=\"og:image\" content=\"https:\/\/www.centrocliniconemo.it\/wp-content\/uploads\/2024\/02\/Indagine-AISLA.jpg\" \/>\n\t<meta property=\"og:image:width\" content=\"1920\" \/>\n\t<meta property=\"og:image:height\" content=\"1080\" \/>\n\t<meta property=\"og:image:type\" content=\"image\/jpeg\" \/>\n<meta name=\"author\" content=\"Luca Biondi\" \/>\n<meta name=\"twitter:card\" content=\"summary_large_image\" \/>\n<meta name=\"twitter:title\" content=\"SLA: il CHMP di EMA raccomanda il Tofersen e AISLA chiede l&#039;accesso ai test genetici e di ridurre i tempi di attesa per il trattamento\" \/>\n<meta name=\"twitter:description\" content=\"Tofersen, un farmaco innovativo che contrasta la progressione della malattia, ha ottenuto il parere favorevole del Comitato per l\u2019uso umano dei medicinali (CHMP) della European Medicin Agency (EMA). Una svolta nella storia della SLA che segna un cambiamento di prospettiva terapeutica\" \/>\n<meta name=\"twitter:image\" content=\"https:\/\/www.centrocliniconemo.it\/wp-content\/uploads\/2024\/02\/Indagine-AISLA.jpg\" \/>\n<meta name=\"twitter:creator\" content=\"@CentroNemo\" \/>\n<meta name=\"twitter:site\" content=\"@CentroNemo\" \/>\n<meta name=\"twitter:label1\" content=\"Written by\" \/>\n\t<meta name=\"twitter:data1\" content=\"Luca Biondi\" \/>\n\t<meta name=\"twitter:label2\" content=\"Est. reading time\" \/>\n\t<meta name=\"twitter:data2\" content=\"4 minutes\" \/>\n<script type=\"application\/ld+json\" class=\"yoast-schema-graph\">{\"@context\":\"https:\\\/\\\/schema.org\",\"@graph\":[{\"@type\":\"Article\",\"@id\":\"https:\\\/\\\/www.centrocliniconemo.it\\\/en\\\/blog\\\/sla-il-chmp-di-ema-raccomanda-il-tofersen-e-aisla-chiede-laccesso-ai-test-genetici-e-di-ridurre-i-tempi-di-attesa-per-il-trattamento\\\/#article\",\"isPartOf\":{\"@id\":\"https:\\\/\\\/www.centrocliniconemo.it\\\/en\\\/blog\\\/sla-il-chmp-di-ema-raccomanda-il-tofersen-e-aisla-chiede-laccesso-ai-test-genetici-e-di-ridurre-i-tempi-di-attesa-per-il-trattamento\\\/\"},\"author\":{\"name\":\"Luca Biondi\",\"@id\":\"https:\\\/\\\/www.centrocliniconemo.it\\\/en\\\/#\\\/schema\\\/person\\\/9331a87c0a8ee435c61f5dd498531434\"},\"headline\":\"SLA: il CHMP di EMA raccomanda il Tofersen e AISLA chiede l&#8217;accesso ai test genetici e di ridurre i tempi di attesa per il trattamento\",\"datePublished\":\"2024-02-23T17:25:11+00:00\",\"dateModified\":\"2024-02-23T17:25:13+00:00\",\"mainEntityOfPage\":{\"@id\":\"https:\\\/\\\/www.centrocliniconemo.it\\\/en\\\/blog\\\/sla-il-chmp-di-ema-raccomanda-il-tofersen-e-aisla-chiede-laccesso-ai-test-genetici-e-di-ridurre-i-tempi-di-attesa-per-il-trattamento\\\/\"},\"wordCount\":566,\"publisher\":{\"@id\":\"https:\\\/\\\/www.centrocliniconemo.it\\\/en\\\/#organization\"},\"image\":{\"@id\":\"https:\\\/\\\/www.centrocliniconemo.it\\\/en\\\/blog\\\/sla-il-chmp-di-ema-raccomanda-il-tofersen-e-aisla-chiede-laccesso-ai-test-genetici-e-di-ridurre-i-tempi-di-attesa-per-il-trattamento\\\/#primaryimage\"},\"thumbnailUrl\":\"https:\\\/\\\/www.centrocliniconemo.it\\\/wp-content\\\/uploads\\\/2024\\\/02\\\/Indagine-AISLA-copia.jpg\",\"keywords\":[\"Aisla\",\"NeMO Roma\"],\"articleSection\":[\"Cura, ricerca e formazione\"],\"inLanguage\":\"en-US\"},{\"@type\":\"WebPage\",\"@id\":\"https:\\\/\\\/www.centrocliniconemo.it\\\/en\\\/blog\\\/sla-il-chmp-di-ema-raccomanda-il-tofersen-e-aisla-chiede-laccesso-ai-test-genetici-e-di-ridurre-i-tempi-di-attesa-per-il-trattamento\\\/\",\"url\":\"https:\\\/\\\/www.centrocliniconemo.it\\\/en\\\/blog\\\/sla-il-chmp-di-ema-raccomanda-il-tofersen-e-aisla-chiede-laccesso-ai-test-genetici-e-di-ridurre-i-tempi-di-attesa-per-il-trattamento\\\/\",\"name\":\"SLA: il CHMP di EMA raccomanda il Tofersen e AISLA chiede l'accesso ai test genetici e di ridurre i tempi di attesa per il trattamento - Centro Clinico NeMO\",\"isPartOf\":{\"@id\":\"https:\\\/\\\/www.centrocliniconemo.it\\\/en\\\/#website\"},\"primaryImageOfPage\":{\"@id\":\"https:\\\/\\\/www.centrocliniconemo.it\\\/en\\\/blog\\\/sla-il-chmp-di-ema-raccomanda-il-tofersen-e-aisla-chiede-laccesso-ai-test-genetici-e-di-ridurre-i-tempi-di-attesa-per-il-trattamento\\\/#primaryimage\"},\"image\":{\"@id\":\"https:\\\/\\\/www.centrocliniconemo.it\\\/en\\\/blog\\\/sla-il-chmp-di-ema-raccomanda-il-tofersen-e-aisla-chiede-laccesso-ai-test-genetici-e-di-ridurre-i-tempi-di-attesa-per-il-trattamento\\\/#primaryimage\"},\"thumbnailUrl\":\"https:\\\/\\\/www.centrocliniconemo.it\\\/wp-content\\\/uploads\\\/2024\\\/02\\\/Indagine-AISLA-copia.jpg\",\"datePublished\":\"2024-02-23T17:25:11+00:00\",\"dateModified\":\"2024-02-23T17:25:13+00:00\",\"description\":\"Tofersen, un farmaco innovativo che contrasta la progressione della malattia, ha ottenuto il parere favorevole del Comitato per l\u2019uso umano dei medicinali (CHMP) della European Medicin Agency (EMA). Una svolta nella storia della SLA che segna un cambiamento di prospettiva terapeutica\",\"breadcrumb\":{\"@id\":\"https:\\\/\\\/www.centrocliniconemo.it\\\/en\\\/blog\\\/sla-il-chmp-di-ema-raccomanda-il-tofersen-e-aisla-chiede-laccesso-ai-test-genetici-e-di-ridurre-i-tempi-di-attesa-per-il-trattamento\\\/#breadcrumb\"},\"inLanguage\":\"en-US\",\"potentialAction\":[{\"@type\":\"ReadAction\",\"target\":[\"https:\\\/\\\/www.centrocliniconemo.it\\\/en\\\/blog\\\/sla-il-chmp-di-ema-raccomanda-il-tofersen-e-aisla-chiede-laccesso-ai-test-genetici-e-di-ridurre-i-tempi-di-attesa-per-il-trattamento\\\/\"]}]},{\"@type\":\"ImageObject\",\"inLanguage\":\"en-US\",\"@id\":\"https:\\\/\\\/www.centrocliniconemo.it\\\/en\\\/blog\\\/sla-il-chmp-di-ema-raccomanda-il-tofersen-e-aisla-chiede-laccesso-ai-test-genetici-e-di-ridurre-i-tempi-di-attesa-per-il-trattamento\\\/#primaryimage\",\"url\":\"https:\\\/\\\/www.centrocliniconemo.it\\\/wp-content\\\/uploads\\\/2024\\\/02\\\/Indagine-AISLA-copia.jpg\",\"contentUrl\":\"https:\\\/\\\/www.centrocliniconemo.it\\\/wp-content\\\/uploads\\\/2024\\\/02\\\/Indagine-AISLA-copia.jpg\",\"width\":1920,\"height\":1080},{\"@type\":\"BreadcrumbList\",\"@id\":\"https:\\\/\\\/www.centrocliniconemo.it\\\/en\\\/blog\\\/sla-il-chmp-di-ema-raccomanda-il-tofersen-e-aisla-chiede-laccesso-ai-test-genetici-e-di-ridurre-i-tempi-di-attesa-per-il-trattamento\\\/#breadcrumb\",\"itemListElement\":[{\"@type\":\"ListItem\",\"position\":1,\"name\":\"Home\",\"item\":\"https:\\\/\\\/www.centrocliniconemo.it\\\/en\\\/\"},{\"@type\":\"ListItem\",\"position\":2,\"name\":\"SLA: il CHMP di EMA raccomanda il Tofersen e AISLA chiede l&#8217;accesso ai test genetici e di ridurre i tempi di attesa per il trattamento\"}]},{\"@type\":\"WebSite\",\"@id\":\"https:\\\/\\\/www.centrocliniconemo.it\\\/en\\\/#website\",\"url\":\"https:\\\/\\\/www.centrocliniconemo.it\\\/en\\\/\",\"name\":\"Centro Clinico NeMO\",\"description\":\"Il paziente al centro\",\"publisher\":{\"@id\":\"https:\\\/\\\/www.centrocliniconemo.it\\\/en\\\/#organization\"},\"potentialAction\":[{\"@type\":\"SearchAction\",\"target\":{\"@type\":\"EntryPoint\",\"urlTemplate\":\"https:\\\/\\\/www.centrocliniconemo.it\\\/en\\\/?s={search_term_string}\"},\"query-input\":{\"@type\":\"PropertyValueSpecification\",\"valueRequired\":true,\"valueName\":\"search_term_string\"}}],\"inLanguage\":\"en-US\"},{\"@type\":\"Organization\",\"@id\":\"https:\\\/\\\/www.centrocliniconemo.it\\\/en\\\/#organization\",\"name\":\"Centro Clinico NeMO - Fondazione Serena Onlus\",\"url\":\"https:\\\/\\\/www.centrocliniconemo.it\\\/en\\\/\",\"logo\":{\"@type\":\"ImageObject\",\"inLanguage\":\"en-US\",\"@id\":\"https:\\\/\\\/www.centrocliniconemo.it\\\/en\\\/#\\\/schema\\\/logo\\\/image\\\/\",\"url\":\"https:\\\/\\\/www.centrocliniconemo.it\\\/wp-content\\\/uploads\\\/2023\\\/03\\\/logo-nemo.svg\",\"contentUrl\":\"https:\\\/\\\/www.centrocliniconemo.it\\\/wp-content\\\/uploads\\\/2023\\\/03\\\/logo-nemo.svg\",\"width\":272,\"height\":109.142,\"caption\":\"Centro Clinico NeMO - Fondazione Serena Onlus\"},\"image\":{\"@id\":\"https:\\\/\\\/www.centrocliniconemo.it\\\/en\\\/#\\\/schema\\\/logo\\\/image\\\/\"},\"sameAs\":[\"https:\\\/\\\/www.facebook.com\\\/CentroNEMOItalia\",\"https:\\\/\\\/x.com\\\/CentroNemo\",\"https:\\\/\\\/www.linkedin.com\\\/company\\\/centrocliniconemo\\\/\",\"https:\\\/\\\/www.instagram.com\\\/centrocliniconemo\\\/\"]},{\"@type\":\"Person\",\"@id\":\"https:\\\/\\\/www.centrocliniconemo.it\\\/en\\\/#\\\/schema\\\/person\\\/9331a87c0a8ee435c61f5dd498531434\",\"name\":\"Luca Biondi\",\"image\":{\"@type\":\"ImageObject\",\"inLanguage\":\"en-US\",\"@id\":\"https:\\\/\\\/secure.gravatar.com\\\/avatar\\\/0488b88829885ebcc9896de947265b69d2979e6dc4666b1e2c3d4fbf8dc73d77?s=96&d=mm&r=g\",\"url\":\"https:\\\/\\\/secure.gravatar.com\\\/avatar\\\/0488b88829885ebcc9896de947265b69d2979e6dc4666b1e2c3d4fbf8dc73d77?s=96&d=mm&r=g\",\"contentUrl\":\"https:\\\/\\\/secure.gravatar.com\\\/avatar\\\/0488b88829885ebcc9896de947265b69d2979e6dc4666b1e2c3d4fbf8dc73d77?s=96&d=mm&r=g\",\"caption\":\"Luca Biondi\"}}]}<\/script>\n<!-- \/ Yoast SEO plugin. -->","yoast_head_json":{"title":"SLA: il CHMP di EMA raccomanda il Tofersen e AISLA chiede l'accesso ai test genetici e di ridurre i tempi di attesa per il trattamento - Centro Clinico NeMO","description":"Tofersen, un farmaco innovativo che contrasta la progressione della malattia, ha ottenuto il parere favorevole del Comitato per l\u2019uso umano dei medicinali (CHMP) della European Medicin Agency (EMA). Una svolta nella storia della SLA che segna un cambiamento di prospettiva terapeutica","robots":{"index":"index","follow":"follow","max-snippet":"max-snippet:-1","max-image-preview":"max-image-preview:large","max-video-preview":"max-video-preview:-1"},"canonical":"https:\/\/www.centrocliniconemo.it\/en\/blog\/sla-il-chmp-di-ema-raccomanda-il-tofersen-e-aisla-chiede-laccesso-ai-test-genetici-e-di-ridurre-i-tempi-di-attesa-per-il-trattamento\/","og_locale":"en_US","og_type":"article","og_title":"SLA: il CHMP di EMA raccomanda il Tofersen e AISLA chiede l'accesso ai test genetici e di ridurre i tempi di attesa per il trattamento","og_description":"Tofersen, un farmaco innovativo che contrasta la progressione della malattia, ha ottenuto il parere favorevole del Comitato per l\u2019uso umano dei medicinali (CHMP) della European Medicin Agency (EMA). Una svolta nella storia della SLA che segna un cambiamento di prospettiva terapeutica","og_url":"https:\/\/www.centrocliniconemo.it\/en\/blog\/sla-il-chmp-di-ema-raccomanda-il-tofersen-e-aisla-chiede-laccesso-ai-test-genetici-e-di-ridurre-i-tempi-di-attesa-per-il-trattamento\/","og_site_name":"Centro Clinico NeMO","article_publisher":"https:\/\/www.facebook.com\/CentroNEMOItalia","article_published_time":"2024-02-23T17:25:11+00:00","article_modified_time":"2024-02-23T17:25:13+00:00","og_image":[{"width":1920,"height":1080,"url":"https:\/\/www.centrocliniconemo.it\/wp-content\/uploads\/2024\/02\/Indagine-AISLA.jpg","type":"image\/jpeg"}],"author":"Luca Biondi","twitter_card":"summary_large_image","twitter_title":"SLA: il CHMP di EMA raccomanda il Tofersen e AISLA chiede l'accesso ai test genetici e di ridurre i tempi di attesa per il trattamento","twitter_description":"Tofersen, un farmaco innovativo che contrasta la progressione della malattia, ha ottenuto il parere favorevole del Comitato per l\u2019uso umano dei medicinali (CHMP) della European Medicin Agency (EMA). Una svolta nella storia della SLA che segna un cambiamento di prospettiva terapeutica","twitter_image":"https:\/\/www.centrocliniconemo.it\/wp-content\/uploads\/2024\/02\/Indagine-AISLA.jpg","twitter_creator":"@CentroNemo","twitter_site":"@CentroNemo","twitter_misc":{"Written by":"Luca Biondi","Est. reading time":"4 minutes"},"schema":{"@context":"https:\/\/schema.org","@graph":[{"@type":"Article","@id":"https:\/\/www.centrocliniconemo.it\/en\/blog\/sla-il-chmp-di-ema-raccomanda-il-tofersen-e-aisla-chiede-laccesso-ai-test-genetici-e-di-ridurre-i-tempi-di-attesa-per-il-trattamento\/#article","isPartOf":{"@id":"https:\/\/www.centrocliniconemo.it\/en\/blog\/sla-il-chmp-di-ema-raccomanda-il-tofersen-e-aisla-chiede-laccesso-ai-test-genetici-e-di-ridurre-i-tempi-di-attesa-per-il-trattamento\/"},"author":{"name":"Luca Biondi","@id":"https:\/\/www.centrocliniconemo.it\/en\/#\/schema\/person\/9331a87c0a8ee435c61f5dd498531434"},"headline":"SLA: il CHMP di EMA raccomanda il Tofersen e AISLA chiede l&#8217;accesso ai test genetici e di ridurre i tempi di attesa per il trattamento","datePublished":"2024-02-23T17:25:11+00:00","dateModified":"2024-02-23T17:25:13+00:00","mainEntityOfPage":{"@id":"https:\/\/www.centrocliniconemo.it\/en\/blog\/sla-il-chmp-di-ema-raccomanda-il-tofersen-e-aisla-chiede-laccesso-ai-test-genetici-e-di-ridurre-i-tempi-di-attesa-per-il-trattamento\/"},"wordCount":566,"publisher":{"@id":"https:\/\/www.centrocliniconemo.it\/en\/#organization"},"image":{"@id":"https:\/\/www.centrocliniconemo.it\/en\/blog\/sla-il-chmp-di-ema-raccomanda-il-tofersen-e-aisla-chiede-laccesso-ai-test-genetici-e-di-ridurre-i-tempi-di-attesa-per-il-trattamento\/#primaryimage"},"thumbnailUrl":"https:\/\/www.centrocliniconemo.it\/wp-content\/uploads\/2024\/02\/Indagine-AISLA-copia.jpg","keywords":["Aisla","NeMO Roma"],"articleSection":["Cura, ricerca e formazione"],"inLanguage":"en-US"},{"@type":"WebPage","@id":"https:\/\/www.centrocliniconemo.it\/en\/blog\/sla-il-chmp-di-ema-raccomanda-il-tofersen-e-aisla-chiede-laccesso-ai-test-genetici-e-di-ridurre-i-tempi-di-attesa-per-il-trattamento\/","url":"https:\/\/www.centrocliniconemo.it\/en\/blog\/sla-il-chmp-di-ema-raccomanda-il-tofersen-e-aisla-chiede-laccesso-ai-test-genetici-e-di-ridurre-i-tempi-di-attesa-per-il-trattamento\/","name":"SLA: il CHMP di EMA raccomanda il Tofersen e AISLA chiede l'accesso ai test genetici e di ridurre i tempi di attesa per il trattamento - Centro Clinico NeMO","isPartOf":{"@id":"https:\/\/www.centrocliniconemo.it\/en\/#website"},"primaryImageOfPage":{"@id":"https:\/\/www.centrocliniconemo.it\/en\/blog\/sla-il-chmp-di-ema-raccomanda-il-tofersen-e-aisla-chiede-laccesso-ai-test-genetici-e-di-ridurre-i-tempi-di-attesa-per-il-trattamento\/#primaryimage"},"image":{"@id":"https:\/\/www.centrocliniconemo.it\/en\/blog\/sla-il-chmp-di-ema-raccomanda-il-tofersen-e-aisla-chiede-laccesso-ai-test-genetici-e-di-ridurre-i-tempi-di-attesa-per-il-trattamento\/#primaryimage"},"thumbnailUrl":"https:\/\/www.centrocliniconemo.it\/wp-content\/uploads\/2024\/02\/Indagine-AISLA-copia.jpg","datePublished":"2024-02-23T17:25:11+00:00","dateModified":"2024-02-23T17:25:13+00:00","description":"Tofersen, un farmaco innovativo che contrasta la progressione della malattia, ha ottenuto il parere favorevole del Comitato per l\u2019uso umano dei medicinali (CHMP) della European Medicin Agency (EMA). Una svolta nella storia della SLA che segna un cambiamento di prospettiva terapeutica","breadcrumb":{"@id":"https:\/\/www.centrocliniconemo.it\/en\/blog\/sla-il-chmp-di-ema-raccomanda-il-tofersen-e-aisla-chiede-laccesso-ai-test-genetici-e-di-ridurre-i-tempi-di-attesa-per-il-trattamento\/#breadcrumb"},"inLanguage":"en-US","potentialAction":[{"@type":"ReadAction","target":["https:\/\/www.centrocliniconemo.it\/en\/blog\/sla-il-chmp-di-ema-raccomanda-il-tofersen-e-aisla-chiede-laccesso-ai-test-genetici-e-di-ridurre-i-tempi-di-attesa-per-il-trattamento\/"]}]},{"@type":"ImageObject","inLanguage":"en-US","@id":"https:\/\/www.centrocliniconemo.it\/en\/blog\/sla-il-chmp-di-ema-raccomanda-il-tofersen-e-aisla-chiede-laccesso-ai-test-genetici-e-di-ridurre-i-tempi-di-attesa-per-il-trattamento\/#primaryimage","url":"https:\/\/www.centrocliniconemo.it\/wp-content\/uploads\/2024\/02\/Indagine-AISLA-copia.jpg","contentUrl":"https:\/\/www.centrocliniconemo.it\/wp-content\/uploads\/2024\/02\/Indagine-AISLA-copia.jpg","width":1920,"height":1080},{"@type":"BreadcrumbList","@id":"https:\/\/www.centrocliniconemo.it\/en\/blog\/sla-il-chmp-di-ema-raccomanda-il-tofersen-e-aisla-chiede-laccesso-ai-test-genetici-e-di-ridurre-i-tempi-di-attesa-per-il-trattamento\/#breadcrumb","itemListElement":[{"@type":"ListItem","position":1,"name":"Home","item":"https:\/\/www.centrocliniconemo.it\/en\/"},{"@type":"ListItem","position":2,"name":"SLA: il CHMP di EMA raccomanda il Tofersen e AISLA chiede l&#8217;accesso ai test genetici e di ridurre i tempi di attesa per il trattamento"}]},{"@type":"WebSite","@id":"https:\/\/www.centrocliniconemo.it\/en\/#website","url":"https:\/\/www.centrocliniconemo.it\/en\/","name":"Centro Clinico NeMO","description":"Il paziente al centro","publisher":{"@id":"https:\/\/www.centrocliniconemo.it\/en\/#organization"},"potentialAction":[{"@type":"SearchAction","target":{"@type":"EntryPoint","urlTemplate":"https:\/\/www.centrocliniconemo.it\/en\/?s={search_term_string}"},"query-input":{"@type":"PropertyValueSpecification","valueRequired":true,"valueName":"search_term_string"}}],"inLanguage":"en-US"},{"@type":"Organization","@id":"https:\/\/www.centrocliniconemo.it\/en\/#organization","name":"Centro Clinico NeMO - Fondazione Serena Onlus","url":"https:\/\/www.centrocliniconemo.it\/en\/","logo":{"@type":"ImageObject","inLanguage":"en-US","@id":"https:\/\/www.centrocliniconemo.it\/en\/#\/schema\/logo\/image\/","url":"https:\/\/www.centrocliniconemo.it\/wp-content\/uploads\/2023\/03\/logo-nemo.svg","contentUrl":"https:\/\/www.centrocliniconemo.it\/wp-content\/uploads\/2023\/03\/logo-nemo.svg","width":272,"height":109.142,"caption":"Centro Clinico NeMO - Fondazione Serena Onlus"},"image":{"@id":"https:\/\/www.centrocliniconemo.it\/en\/#\/schema\/logo\/image\/"},"sameAs":["https:\/\/www.facebook.com\/CentroNEMOItalia","https:\/\/x.com\/CentroNemo","https:\/\/www.linkedin.com\/company\/centrocliniconemo\/","https:\/\/www.instagram.com\/centrocliniconemo\/"]},{"@type":"Person","@id":"https:\/\/www.centrocliniconemo.it\/en\/#\/schema\/person\/9331a87c0a8ee435c61f5dd498531434","name":"Luca Biondi","image":{"@type":"ImageObject","inLanguage":"en-US","@id":"https:\/\/secure.gravatar.com\/avatar\/0488b88829885ebcc9896de947265b69d2979e6dc4666b1e2c3d4fbf8dc73d77?s=96&d=mm&r=g","url":"https:\/\/secure.gravatar.com\/avatar\/0488b88829885ebcc9896de947265b69d2979e6dc4666b1e2c3d4fbf8dc73d77?s=96&d=mm&r=g","contentUrl":"https:\/\/secure.gravatar.com\/avatar\/0488b88829885ebcc9896de947265b69d2979e6dc4666b1e2c3d4fbf8dc73d77?s=96&d=mm&r=g","caption":"Luca Biondi"}}]}},"_links":{"self":[{"href":"https:\/\/www.centrocliniconemo.it\/en\/wp-json\/wp\/v2\/posts\/21358","targetHints":{"allow":["GET"]}}],"collection":[{"href":"https:\/\/www.centrocliniconemo.it\/en\/wp-json\/wp\/v2\/posts"}],"about":[{"href":"https:\/\/www.centrocliniconemo.it\/en\/wp-json\/wp\/v2\/types\/post"}],"author":[{"embeddable":true,"href":"https:\/\/www.centrocliniconemo.it\/en\/wp-json\/wp\/v2\/users\/2"}],"replies":[{"embeddable":true,"href":"https:\/\/www.centrocliniconemo.it\/en\/wp-json\/wp\/v2\/comments?post=21358"}],"version-history":[{"count":0,"href":"https:\/\/www.centrocliniconemo.it\/en\/wp-json\/wp\/v2\/posts\/21358\/revisions"}],"wp:featuredmedia":[{"embeddable":true,"href":"https:\/\/www.centrocliniconemo.it\/en\/wp-json\/wp\/v2\/media\/21359"}],"wp:attachment":[{"href":"https:\/\/www.centrocliniconemo.it\/en\/wp-json\/wp\/v2\/media?parent=21358"}],"wp:term":[{"taxonomy":"category","embeddable":true,"href":"https:\/\/www.centrocliniconemo.it\/en\/wp-json\/wp\/v2\/categories?post=21358"},{"taxonomy":"post_tag","embeddable":true,"href":"https:\/\/www.centrocliniconemo.it\/en\/wp-json\/wp\/v2\/tags?post=21358"}],"curies":[{"name":"wp","href":"https:\/\/api.w.org\/{rel}","templated":true}]}}