{"id":20592,"date":"2023-12-12T17:40:34","date_gmt":"2023-12-12T17:40:34","guid":{"rendered":"https:\/\/www.centrocliniconemo.it\/blog\/?p=20592"},"modified":"2023-12-14T11:36:51","modified_gmt":"2023-12-14T11:36:51","slug":"my-name-is-luca-ballata-per-vialli","status":"publish","type":"post","link":"https:\/\/www.centrocliniconemo.it\/en\/blog\/my-name-is-luca-ballata-per-vialli\/","title":{"rendered":"My name is Luca. Ballata per Vialli"},"content":{"rendered":"\n<p>Genova, 11 dicembre 2023 \u2013 \u00c8 in programma per luned\u00ec <strong>8 gennaio<\/strong> alle ore 21.00 al <strong><a href=\"https:\/\/operacarlofelicegenova.it\/\">Teatro Carlo Felice di Genova<\/a><\/strong> la serata benefica <strong>\u201cMy name is Luca. Ballata per Vialli\u201d <\/strong>fortemente voluta dalla <strong><a href=\"https:\/\/www.fondazionevialliemauro.org\/\">Fondazione Vialli e Mauro<\/a><\/strong> per celebrare <strong>Gianluca Vialli<\/strong>, a un anno dalla sua morte. L\u2019evento, organizzato con il patrocinio e il sostegno della <strong><a href=\"https:\/\/www.regione.liguria.it\/\">Regione Liguria<\/a><\/strong>, nasce per essere l\u2019ennesimo abbraccio della citt\u00e0 di Genova al suo campione, che sar\u00e0 il protagonista di appassionanti testimonianze e coinvolgenti momenti di intrattenimento. Il format e la produzione dello spettacolo sono a cura di <strong><a href=\"https:\/\/elastica.eu\/2023\/12\/11\/my-name-is-luca-ballata-per-vialli\/\">Elastica<\/a><\/strong>.<\/p>\n\n\n\n<p>A condurre la serata <strong>Ilaria D\u2019Amico<\/strong> e <strong>Tommaso Labate<\/strong>, che daranno ritmo alle tante voci del racconto, rievocando in maniera suggestiva le tre grandi direttrici della vita di Gianluca: il <strong>calcio<\/strong>, la <strong>musica<\/strong>, e le <strong>relazioni umane<\/strong>. Il tutto nel segno di quello che \u00e8 stato forse il suo principale \u201ctalento\u201d negli ultimi vent\u2019anni: un\u2019intensa <strong>attivit\u00e0 di<\/strong> <strong>raccolta fondi <\/strong>per la ricerca sulla SLA e il cancro. Ripercorreremo insieme i momenti topici della carriera sportiva, con la <strong>Sampdoria dello Scudetto \u201890-\u201991<\/strong>, con alcuni protagonisti della Juventus che nel 1996 conquist\u00f2 la sua ultima <a href=\"https:\/\/it.uefa.com\/uefachampionsleague\/\">Champions League<\/a> guidata proprio da capitan Vialli, con l\u2019azzurro della Nazionale raccontati da <strong>Giorgio Chiellini<\/strong>, <strong>Gianluigi Buffon<\/strong> e dalla mitologica voce di <strong>Bruno Pizzul<\/strong>. Protagonisti il calcio e i suoi cantori migliori, da <a href=\"https:\/\/www.sky.it\">Sky<\/a> <strong>Paolo Cond\u00f2<\/strong> e <strong>Giorgio Porr\u00e0<\/strong>,accompagnati anche da un punto di vista insolito e prezioso come la voce di <strong>Pierluigi Collina<\/strong>, ma anche la musica con <strong>Dario Brunori<\/strong>, <strong>Lodo Guenzi<\/strong> e i virtuosismi del maestro <strong>Mario Brunello<\/strong>. La <strong>Ballo Band<\/strong> &#8211; direttamente dal programma <a href=\"https:\/\/www.raiplay.it\/programmi\/splendidacornice\"><em>Splendida Cornice<\/em> di Rai 3<\/a> &#8211; sar\u00e0 la colonna sonora vivente della serata e le parole di \u201cMy name is Luca\u201d diventeranno vive con le interpretazioni e i monologhi di <strong>Marco D\u2019Amore<\/strong>, <strong>Valerio Aprea<\/strong> e <strong>Paolo Nori<\/strong>.<\/p>\n\n\n\n<p><em>\u201cCon questo evento puntiamo a porre l\u2019accento sull\u2019aspetto solidaristico che ha contraddistinto gli ultimi vent\u2019anni della vita di Gianluca. Abbiamo dato vita alla Fondazione Vialli e Mauro nel 2003 per mettere la nostra popolarit\u00e0 e il nostro impegno al servizio della ricerca, sulla SLA e sul cancro. Allora ci ponemmo il dubbio: ma cosa c\u2019entrano due calciatori con la ricerca scientifica? E ci siamo risposti che era la cosa giusta da fare per i nostri figli e per un paese civile. Con questa iniziativa abbiamo l&#8217;ambizione di dare il via a una nuova tradizione e crediamo che possa diventare la prima di tante a cui penseremo per la festa di Gianluca\u201d<\/em> &#8211; commenta <strong>Massimo Mauro<\/strong>, <strong>Presidente della Fondazione Vialli e Mauro per la Ricerca e lo Sport onlus.<\/strong><\/p>\n\n\n<div class=\"pgc-sgb-cb wp-block-pgcsimplygalleryblock-slider \" data-gallery-id=\"e9751107\"style=&quot;min-height:400px&quot;><div class=\"sgb-preloader\" id=\"pr_e9751107\">\n\t<div class=\"sgb-square\" style=\"background:#d4d4d4\"><\/div>\n\t<div class=\"sgb-square\" style=\"background:#d4d4d4\"><\/div>\n\t<div class=\"sgb-square\" style=\"background:#d4d4d4\"><\/div>\n\t<div class=\"sgb-square\" style=\"background:#d4d4d4\"><\/div><\/div><div class=\"simply-gallery-amp pgc_sgb_slider \"><noscript><div class=\"sgb-gallery\"><div class=\"sgb-item\"><a href=\"https:\/\/www.centrocliniconemo.it\/?attachment_id=20595\" target=\"_blank\"><img loading=\"lazy\" decoding=\"async\" alt=\"\" width=\"300\" height=\"225\" loading=\"lazy\" src=\"https:\/\/www.centrocliniconemo.it\/wp-content\/uploads\/2023\/12\/conferenza-FVM-2-300x225.jpeg\" srcset=\"https:\/\/www.centrocliniconemo.it\/wp-content\/uploads\/2023\/12\/conferenza-FVM-2-300x225.jpeg 300w,https:\/\/www.centrocliniconemo.it\/wp-content\/uploads\/2023\/12\/conferenza-FVM-2-1024x768.jpeg 1024w,https:\/\/www.centrocliniconemo.it\/wp-content\/uploads\/2023\/12\/conferenza-FVM-2.jpeg 1600w\" sizes=\"auto, 250px\"\/><\/a><\/div><div class=\"sgb-item\"><a href=\"https:\/\/www.centrocliniconemo.it\/?attachment_id=20597\" target=\"_blank\"><img loading=\"lazy\" decoding=\"async\" alt=\"\" width=\"300\" height=\"225\" loading=\"lazy\" src=\"https:\/\/www.centrocliniconemo.it\/wp-content\/uploads\/2023\/12\/conferenza-FVM-3-300x225.jpeg\" srcset=\"https:\/\/www.centrocliniconemo.it\/wp-content\/uploads\/2023\/12\/conferenza-FVM-3-300x225.jpeg 300w,https:\/\/www.centrocliniconemo.it\/wp-content\/uploads\/2023\/12\/conferenza-FVM-3-1024x768.jpeg 1024w,https:\/\/www.centrocliniconemo.it\/wp-content\/uploads\/2023\/12\/conferenza-FVM-3.jpeg 1600w\" sizes=\"auto, 250px\"\/><\/a><\/div><div class=\"sgb-item\"><a href=\"https:\/\/www.centrocliniconemo.it\/?attachment_id=20599\" target=\"_blank\"><img loading=\"lazy\" decoding=\"async\" alt=\"\" width=\"225\" height=\"300\" loading=\"lazy\" src=\"https:\/\/www.centrocliniconemo.it\/wp-content\/uploads\/2023\/12\/FVM-Foto-di-gruppo_2-225x300.jpg\" srcset=\"https:\/\/www.centrocliniconemo.it\/wp-content\/uploads\/2023\/12\/FVM-Foto-di-gruppo_2-225x300.jpg 225w,https:\/\/www.centrocliniconemo.it\/wp-content\/uploads\/2023\/12\/FVM-Foto-di-gruppo_2-768x1024.jpg 768w,https:\/\/www.centrocliniconemo.it\/wp-content\/uploads\/2023\/12\/FVM-Foto-di-gruppo_2-scaled.jpg 1920w\" sizes=\"auto, 250px\"\/><\/a><\/div><\/div><\/noscript><\/div><script type=\"application\/json\" class=\"sgb-data\">{\"sliderAdminWidth\":1551,\"galleryType\":\"pgc_sgb_slider\",\"galleryId\":\"e9751107\",\"images\":[{\"id\":20595,\"title\":\"conferenza FVM (2)\",\"url\":\"https:\/\/www.centrocliniconemo.it\/wp-content\/uploads\/2023\/12\/conferenza-FVM-2.jpeg\",\"link\":\"https:\/\/www.centrocliniconemo.it\/?attachment_id=20595\",\"alt\":\"\",\"description\":\"\",\"caption\":\"\",\"mime\":\"image\/jpeg\",\"type\":\"image\",\"width\":1600,\"height\":1200,\"sizes\":{\"thumbnail\":{\"height\":150,\"width\":150,\"url\":\"https:\/\/www.centrocliniconemo.it\/wp-content\/uploads\/2023\/12\/conferenza-FVM-2-150x150.jpeg\",\"orientation\":\"landscape\"},\"medium\":{\"height\":225,\"width\":300,\"url\":\"https:\/\/www.centrocliniconemo.it\/wp-content\/uploads\/2023\/12\/conferenza-FVM-2-300x225.jpeg\",\"orientation\":\"landscape\"},\"large\":{\"height\":768,\"width\":1024,\"url\":\"https:\/\/www.centrocliniconemo.it\/wp-content\/uploads\/2023\/12\/conferenza-FVM-2-1024x768.jpeg\",\"orientation\":\"landscape\"},\"full\":{\"url\":\"https:\/\/www.centrocliniconemo.it\/wp-content\/uploads\/2023\/12\/conferenza-FVM-2.jpeg\",\"height\":1200,\"width\":1600,\"orientation\":\"landscape\"}},\"imageMeta\":{\"aperture\":\"0\",\"credit\":\"\",\"camera\":\"\",\"caption\":\"\",\"created_timestamp\":\"0\",\"copyright\":\"\",\"focal_length\":\"0\",\"iso\":\"0\",\"shutter_speed\":\"0\",\"title\":\"\",\"orientation\":\"0\",\"keywords\":[]},\"meta\":false,\"postlink\":\"https:\/\/www.centrocliniconemo.it\/?attachment_id=20595\"},{\"id\":20597,\"title\":\"conferenza FVM (3)\",\"url\":\"https:\/\/www.centrocliniconemo.it\/wp-content\/uploads\/2023\/12\/conferenza-FVM-3.jpeg\",\"link\":\"https:\/\/www.centrocliniconemo.it\/?attachment_id=20597\",\"alt\":\"\",\"description\":\"\",\"caption\":\"\",\"mime\":\"image\/jpeg\",\"type\":\"image\",\"width\":1600,\"height\":1200,\"sizes\":{\"thumbnail\":{\"height\":150,\"width\":150,\"url\":\"https:\/\/www.centrocliniconemo.it\/wp-content\/uploads\/2023\/12\/conferenza-FVM-3-150x150.jpeg\",\"orientation\":\"landscape\"},\"medium\":{\"height\":225,\"width\":300,\"url\":\"https:\/\/www.centrocliniconemo.it\/wp-content\/uploads\/2023\/12\/conferenza-FVM-3-300x225.jpeg\",\"orientation\":\"landscape\"},\"large\":{\"height\":768,\"width\":1024,\"url\":\"https:\/\/www.centrocliniconemo.it\/wp-content\/uploads\/2023\/12\/conferenza-FVM-3-1024x768.jpeg\",\"orientation\":\"landscape\"},\"full\":{\"url\":\"https:\/\/www.centrocliniconemo.it\/wp-content\/uploads\/2023\/12\/conferenza-FVM-3.jpeg\",\"height\":1200,\"width\":1600,\"orientation\":\"landscape\"}},\"imageMeta\":{\"aperture\":\"0\",\"credit\":\"\",\"camera\":\"\",\"caption\":\"\",\"created_timestamp\":\"0\",\"copyright\":\"\",\"focal_length\":\"0\",\"iso\":\"0\",\"shutter_speed\":\"0\",\"title\":\"\",\"orientation\":\"0\",\"keywords\":[]},\"meta\":false,\"postlink\":\"https:\/\/www.centrocliniconemo.it\/?attachment_id=20597\"},{\"id\":20599,\"title\":\"FVM Foto di gruppo_2\",\"url\":\"https:\/\/www.centrocliniconemo.it\/wp-content\/uploads\/2023\/12\/FVM-Foto-di-gruppo_2-scaled.jpg\",\"link\":\"https:\/\/www.centrocliniconemo.it\/?attachment_id=20599\",\"alt\":\"\",\"description\":\"\",\"caption\":\"\",\"mime\":\"image\/jpeg\",\"type\":\"image\",\"width\":1920,\"height\":2560,\"sizes\":{\"thumbnail\":{\"height\":150,\"width\":150,\"url\":\"https:\/\/www.centrocliniconemo.it\/wp-content\/uploads\/2023\/12\/FVM-Foto-di-gruppo_2-150x150.jpg\",\"orientation\":\"landscape\"},\"medium\":{\"height\":300,\"width\":225,\"url\":\"https:\/\/www.centrocliniconemo.it\/wp-content\/uploads\/2023\/12\/FVM-Foto-di-gruppo_2-225x300.jpg\",\"orientation\":\"portrait\"},\"large\":{\"height\":1024,\"width\":768,\"url\":\"https:\/\/www.centrocliniconemo.it\/wp-content\/uploads\/2023\/12\/FVM-Foto-di-gruppo_2-768x1024.jpg\",\"orientation\":\"portrait\"},\"full\":{\"url\":\"https:\/\/www.centrocliniconemo.it\/wp-content\/uploads\/2023\/12\/FVM-Foto-di-gruppo_2-scaled.jpg\",\"height\":2560,\"width\":1920,\"orientation\":\"portrait\"}},\"imageMeta\":{\"aperture\":\"2\",\"credit\":\"\",\"camera\":\"SM-A515F\",\"caption\":\"\",\"created_timestamp\":\"1702310521\",\"copyright\":\"\",\"focal_length\":\"4.6\",\"iso\":\"160\",\"shutter_speed\":\"0.02\",\"title\":\"\",\"orientation\":1,\"keywords\":[]},\"meta\":false,\"postlink\":\"https:\/\/www.centrocliniconemo.it\/?attachment_id=20599\"}],\"jetDynamicVisibility\":{\"jedv_enabled\":false},\"jetPopupInstance\":\"none\",\"jetPopupTriggerType\":\"none\",\"jetPopupCustomSelector\":\"\",\"jetPopupIsJetEngine\":false,\"itemsMetaDataCollection\":[]}<\/script><script>(function(){if(window.PGC_SGB && window.PGC_SGB.searcher){window.PGC_SGB.searcher.initBlocks()}})()<\/script><\/div>\n\n\n<p>Il ricavato della serata sar\u00e0 devoluto dalla Fondazione Vialli e Mauro a sostegno del progetto <em>\u201c<a href=\"https:\/\/www.centrocliniconemo.it\/cura-e-ricerca\/studi-clinici\/momals-monitoraggio-e-analisi-multi-omica-della-sla\/\">MOMALS: monitoraggio e analisi multi-omica della SLA<\/a>\u201d<\/em>, dei <strong>Centri Clinici NeMO di Milano e Arenzano (GE)<\/strong> che mira a dare una forte <em>accelerazione nel percorso di ricerca e comprensione delle basi molecolari e di progressione della SLA nel tempo. \u201cQuesto studio di ricerca clinica \u00e8 espressione del modello di cura dei nostri Centri, che vede nell\u2019approccio multidisciplinare la possibilit\u00e0 di affrontare con efficacia i bisogni di cura complessi e specifici di ogni paziente. E per una malattia neurodegenerativa grave come la Sla, l\u2019approccio di ricerca non pu\u00f2 che essere integrato, dove la ricerca di base e la tecnologia si integrano con l\u2019esperienza di presa in carico clinica, capace di valorizzare la storia di malattia della persona\u201d<\/em> &#8211; dichiara <strong>Valeria Sansone, Direttore medico-scientifico <a href=\"http:\/\/centrocliniconemo.it\">Centro Clinico NeMO Milano<\/a>.<\/strong><\/p>\n\n\n\n<p>Il <strong>Presidente della Regione Liguria Giovanni Toti<\/strong> commenta cos\u00ec l\u2019iniziativa: <em>\u201cSiamo felici e orgogliosi che Genova possa ospitare uno spettacolo, unico evento ufficiale in Italia, in ricordo del campione Gianluca Vialli: il volto sorridente della Sampdoria dello scudetto, ma anche un uomo che ha saputo rappresentare il grande calcio italiano, prima indossando la maglia azzurra e poi, dopo il ritiro dal campo, con il suo ruolo nel management della Nazionale. Ma Vialli era molto di pi\u00f9: un uomo che si \u00e8 sempre impegnato a sostenere le persone in difficolt\u00e0 di fronte alle sfide della vita. Regione Liguria, grazie a questo evento, sosterr\u00e0 i progetti benefici per cui Vialli si era impegnato tramite la sua fondazione, in particolare quello per la ricerca sulla SLA. Siamo certi che la Liguria sapr\u00e0 rispondere con entusiasmo e generosit\u00e0 a sostegno di questa importante iniziativa\u201d.<\/em><\/p>\n\n\n\n<p>\u00c8 possibile <strong>acquistare i biglietti<\/strong> per assistere allo spettacolo <strong>\u201cMy name is Luca. Ballata per Vialli\u201d<\/strong> presso la biglietteria del <strong>Teatro Carlo Felice<\/strong> e sulla piattaforma <strong><a href=\"https:\/\/www.vivaticket.com\/it\/ticket\/my-name-is-luca-ballata-per-vialli\/226561\">Vivaticket<\/a><\/strong>, nella pagina dedicata.<\/p>\n","protected":false},"excerpt":{"rendered":"<p>Genova, 11 dicembre 2023 \u2013 \u00c8 in programma per luned\u00ec 8 gennaio alle ore 21.00 al Teatro Carlo Felice di Genova la serata benefica \u201cMy name is Luca. Ballata per Vialli\u201d fortemente voluta dalla Fondazione Vialli e Mauro per celebrare Gianluca Vialli, a un anno dalla sua morte. L\u2019evento, organizzato con il patrocinio e il [&hellip;]<\/p>\n","protected":false},"author":2,"featured_media":20593,"comment_status":"closed","ping_status":"closed","sticky":false,"template":"","format":"standard","meta":{"pgc_sgb_lightbox_settings":"","footnotes":""},"categories":[17],"tags":[107,18],"class_list":["post-20592","post","type-post","status-publish","format-standard","has-post-thumbnail","hentry","category-iniziative-ed-eventi","tag-nemo-genova","tag-nemo-milano"],"yoast_head":"<!-- This site is optimized with the Yoast SEO plugin v27.4 - https:\/\/yoast.com\/product\/yoast-seo-wordpress\/ -->\n<title>My name is Luca. Ballata per Vialli - Centro Clinico NeMO<\/title>\n<meta name=\"robots\" content=\"index, follow, max-snippet:-1, max-image-preview:large, max-video-preview:-1\" \/>\n<link rel=\"canonical\" href=\"https:\/\/www.centrocliniconemo.it\/en\/blog\/my-name-is-luca-ballata-per-vialli\/\" \/>\n<meta property=\"og:locale\" content=\"en_US\" \/>\n<meta property=\"og:type\" content=\"article\" \/>\n<meta property=\"og:title\" content=\"My name is Luca. Ballata per Vialli\" \/>\n<meta property=\"og:description\" content=\"Un evento benefico unico e speciale, ideato e promosso dalla Fondazione Vialli e Mauro,nel primo anniversario dalla scomparsa di Gianluca Vialli.Ilaria D\u2019Amico e Tommaso Labate condurranno il pubblico in un emozionante viaggio in compagnia di tanti amici del mondo della musica, della cultura e dello sport.\" \/>\n<meta property=\"og:url\" content=\"https:\/\/www.centrocliniconemo.it\/en\/blog\/my-name-is-luca-ballata-per-vialli\/\" \/>\n<meta property=\"og:site_name\" content=\"Centro Clinico NeMO\" \/>\n<meta property=\"article:publisher\" content=\"https:\/\/www.facebook.com\/CentroNEMOItalia\" \/>\n<meta property=\"article:published_time\" content=\"2023-12-12T17:40:34+00:00\" \/>\n<meta property=\"article:modified_time\" content=\"2023-12-14T11:36:51+00:00\" \/>\n<meta property=\"og:image\" content=\"https:\/\/www.centrocliniconemo.it\/wp-content\/uploads\/2023\/12\/conferenza-FVM-1.jpeg\" \/>\n\t<meta property=\"og:image:width\" content=\"1600\" \/>\n\t<meta property=\"og:image:height\" content=\"1200\" \/>\n\t<meta property=\"og:image:type\" content=\"image\/jpeg\" \/>\n<meta name=\"author\" content=\"Luca Biondi\" \/>\n<meta name=\"twitter:card\" content=\"summary_large_image\" \/>\n<meta name=\"twitter:title\" content=\"My name is Luca. Ballata per Vialli\" \/>\n<meta name=\"twitter:description\" content=\"Un evento benefico unico e speciale, ideato e promosso dalla Fondazione Vialli e Mauro,nel primo anniversario dalla scomparsa di Gianluca Vialli.Ilaria D\u2019Amico e Tommaso Labate condurranno il pubblico in un emozionante viaggio in compagnia di tanti amici del mondo della musica, della cultura e dello sport.\" \/>\n<meta name=\"twitter:image\" content=\"https:\/\/www.centrocliniconemo.it\/wp-content\/uploads\/2023\/12\/conferenza-FVM-1.jpeg\" \/>\n<meta name=\"twitter:creator\" content=\"@CentroNemo\" \/>\n<meta name=\"twitter:site\" content=\"@CentroNemo\" \/>\n<meta name=\"twitter:label1\" content=\"Written by\" \/>\n\t<meta name=\"twitter:data1\" content=\"Luca Biondi\" \/>\n\t<meta name=\"twitter:label2\" content=\"Est. reading time\" \/>\n\t<meta name=\"twitter:data2\" content=\"5 minutes\" \/>\n<script type=\"application\/ld+json\" class=\"yoast-schema-graph\">{\"@context\":\"https:\\\/\\\/schema.org\",\"@graph\":[{\"@type\":\"Article\",\"@id\":\"https:\\\/\\\/www.centrocliniconemo.it\\\/en\\\/blog\\\/my-name-is-luca-ballata-per-vialli\\\/#article\",\"isPartOf\":{\"@id\":\"https:\\\/\\\/www.centrocliniconemo.it\\\/en\\\/blog\\\/my-name-is-luca-ballata-per-vialli\\\/\"},\"author\":{\"name\":\"Luca Biondi\",\"@id\":\"https:\\\/\\\/www.centrocliniconemo.it\\\/en\\\/#\\\/schema\\\/person\\\/9331a87c0a8ee435c61f5dd498531434\"},\"headline\":\"My name is Luca. Ballata per Vialli\",\"datePublished\":\"2023-12-12T17:40:34+00:00\",\"dateModified\":\"2023-12-14T11:36:51+00:00\",\"mainEntityOfPage\":{\"@id\":\"https:\\\/\\\/www.centrocliniconemo.it\\\/en\\\/blog\\\/my-name-is-luca-ballata-per-vialli\\\/\"},\"wordCount\":752,\"publisher\":{\"@id\":\"https:\\\/\\\/www.centrocliniconemo.it\\\/en\\\/#organization\"},\"image\":{\"@id\":\"https:\\\/\\\/www.centrocliniconemo.it\\\/en\\\/blog\\\/my-name-is-luca-ballata-per-vialli\\\/#primaryimage\"},\"thumbnailUrl\":\"https:\\\/\\\/www.centrocliniconemo.it\\\/wp-content\\\/uploads\\\/2023\\\/12\\\/conferenza-FVM-1.jpeg\",\"keywords\":[\"NeMo Genova\",\"NeMO Milano\"],\"articleSection\":[\"Iniziative ed eventi\"],\"inLanguage\":\"en-US\"},{\"@type\":\"WebPage\",\"@id\":\"https:\\\/\\\/www.centrocliniconemo.it\\\/en\\\/blog\\\/my-name-is-luca-ballata-per-vialli\\\/\",\"url\":\"https:\\\/\\\/www.centrocliniconemo.it\\\/en\\\/blog\\\/my-name-is-luca-ballata-per-vialli\\\/\",\"name\":\"My name is Luca. Ballata per Vialli - Centro Clinico NeMO\",\"isPartOf\":{\"@id\":\"https:\\\/\\\/www.centrocliniconemo.it\\\/en\\\/#website\"},\"primaryImageOfPage\":{\"@id\":\"https:\\\/\\\/www.centrocliniconemo.it\\\/en\\\/blog\\\/my-name-is-luca-ballata-per-vialli\\\/#primaryimage\"},\"image\":{\"@id\":\"https:\\\/\\\/www.centrocliniconemo.it\\\/en\\\/blog\\\/my-name-is-luca-ballata-per-vialli\\\/#primaryimage\"},\"thumbnailUrl\":\"https:\\\/\\\/www.centrocliniconemo.it\\\/wp-content\\\/uploads\\\/2023\\\/12\\\/conferenza-FVM-1.jpeg\",\"datePublished\":\"2023-12-12T17:40:34+00:00\",\"dateModified\":\"2023-12-14T11:36:51+00:00\",\"breadcrumb\":{\"@id\":\"https:\\\/\\\/www.centrocliniconemo.it\\\/en\\\/blog\\\/my-name-is-luca-ballata-per-vialli\\\/#breadcrumb\"},\"inLanguage\":\"en-US\",\"potentialAction\":[{\"@type\":\"ReadAction\",\"target\":[\"https:\\\/\\\/www.centrocliniconemo.it\\\/en\\\/blog\\\/my-name-is-luca-ballata-per-vialli\\\/\"]}]},{\"@type\":\"ImageObject\",\"inLanguage\":\"en-US\",\"@id\":\"https:\\\/\\\/www.centrocliniconemo.it\\\/en\\\/blog\\\/my-name-is-luca-ballata-per-vialli\\\/#primaryimage\",\"url\":\"https:\\\/\\\/www.centrocliniconemo.it\\\/wp-content\\\/uploads\\\/2023\\\/12\\\/conferenza-FVM-1.jpeg\",\"contentUrl\":\"https:\\\/\\\/www.centrocliniconemo.it\\\/wp-content\\\/uploads\\\/2023\\\/12\\\/conferenza-FVM-1.jpeg\",\"width\":1600,\"height\":1200},{\"@type\":\"BreadcrumbList\",\"@id\":\"https:\\\/\\\/www.centrocliniconemo.it\\\/en\\\/blog\\\/my-name-is-luca-ballata-per-vialli\\\/#breadcrumb\",\"itemListElement\":[{\"@type\":\"ListItem\",\"position\":1,\"name\":\"Home\",\"item\":\"https:\\\/\\\/www.centrocliniconemo.it\\\/en\\\/\"},{\"@type\":\"ListItem\",\"position\":2,\"name\":\"My name is Luca. Ballata per Vialli\"}]},{\"@type\":\"WebSite\",\"@id\":\"https:\\\/\\\/www.centrocliniconemo.it\\\/en\\\/#website\",\"url\":\"https:\\\/\\\/www.centrocliniconemo.it\\\/en\\\/\",\"name\":\"Centro Clinico NeMO\",\"description\":\"Il paziente al centro\",\"publisher\":{\"@id\":\"https:\\\/\\\/www.centrocliniconemo.it\\\/en\\\/#organization\"},\"potentialAction\":[{\"@type\":\"SearchAction\",\"target\":{\"@type\":\"EntryPoint\",\"urlTemplate\":\"https:\\\/\\\/www.centrocliniconemo.it\\\/en\\\/?s={search_term_string}\"},\"query-input\":{\"@type\":\"PropertyValueSpecification\",\"valueRequired\":true,\"valueName\":\"search_term_string\"}}],\"inLanguage\":\"en-US\"},{\"@type\":\"Organization\",\"@id\":\"https:\\\/\\\/www.centrocliniconemo.it\\\/en\\\/#organization\",\"name\":\"Centro Clinico NeMO - Fondazione Serena Onlus\",\"url\":\"https:\\\/\\\/www.centrocliniconemo.it\\\/en\\\/\",\"logo\":{\"@type\":\"ImageObject\",\"inLanguage\":\"en-US\",\"@id\":\"https:\\\/\\\/www.centrocliniconemo.it\\\/en\\\/#\\\/schema\\\/logo\\\/image\\\/\",\"url\":\"https:\\\/\\\/www.centrocliniconemo.it\\\/wp-content\\\/uploads\\\/2023\\\/03\\\/logo-nemo.svg\",\"contentUrl\":\"https:\\\/\\\/www.centrocliniconemo.it\\\/wp-content\\\/uploads\\\/2023\\\/03\\\/logo-nemo.svg\",\"width\":272,\"height\":109.142,\"caption\":\"Centro Clinico NeMO - Fondazione Serena Onlus\"},\"image\":{\"@id\":\"https:\\\/\\\/www.centrocliniconemo.it\\\/en\\\/#\\\/schema\\\/logo\\\/image\\\/\"},\"sameAs\":[\"https:\\\/\\\/www.facebook.com\\\/CentroNEMOItalia\",\"https:\\\/\\\/x.com\\\/CentroNemo\",\"https:\\\/\\\/www.linkedin.com\\\/company\\\/centrocliniconemo\\\/\",\"https:\\\/\\\/www.instagram.com\\\/centrocliniconemo\\\/\"]},{\"@type\":\"Person\",\"@id\":\"https:\\\/\\\/www.centrocliniconemo.it\\\/en\\\/#\\\/schema\\\/person\\\/9331a87c0a8ee435c61f5dd498531434\",\"name\":\"Luca Biondi\",\"image\":{\"@type\":\"ImageObject\",\"inLanguage\":\"en-US\",\"@id\":\"https:\\\/\\\/secure.gravatar.com\\\/avatar\\\/0488b88829885ebcc9896de947265b69d2979e6dc4666b1e2c3d4fbf8dc73d77?s=96&d=mm&r=g\",\"url\":\"https:\\\/\\\/secure.gravatar.com\\\/avatar\\\/0488b88829885ebcc9896de947265b69d2979e6dc4666b1e2c3d4fbf8dc73d77?s=96&d=mm&r=g\",\"contentUrl\":\"https:\\\/\\\/secure.gravatar.com\\\/avatar\\\/0488b88829885ebcc9896de947265b69d2979e6dc4666b1e2c3d4fbf8dc73d77?s=96&d=mm&r=g\",\"caption\":\"Luca Biondi\"}}]}<\/script>\n<!-- \/ Yoast SEO plugin. -->","yoast_head_json":{"title":"My name is Luca. Ballata per Vialli - Centro Clinico NeMO","robots":{"index":"index","follow":"follow","max-snippet":"max-snippet:-1","max-image-preview":"max-image-preview:large","max-video-preview":"max-video-preview:-1"},"canonical":"https:\/\/www.centrocliniconemo.it\/en\/blog\/my-name-is-luca-ballata-per-vialli\/","og_locale":"en_US","og_type":"article","og_title":"My name is Luca. Ballata per Vialli","og_description":"Un evento benefico unico e speciale, ideato e promosso dalla Fondazione Vialli e Mauro,nel primo anniversario dalla scomparsa di Gianluca Vialli.Ilaria D\u2019Amico e Tommaso Labate condurranno il pubblico in un emozionante viaggio in compagnia di tanti amici del mondo della musica, della cultura e dello sport.","og_url":"https:\/\/www.centrocliniconemo.it\/en\/blog\/my-name-is-luca-ballata-per-vialli\/","og_site_name":"Centro Clinico NeMO","article_publisher":"https:\/\/www.facebook.com\/CentroNEMOItalia","article_published_time":"2023-12-12T17:40:34+00:00","article_modified_time":"2023-12-14T11:36:51+00:00","og_image":[{"width":1600,"height":1200,"url":"https:\/\/www.centrocliniconemo.it\/wp-content\/uploads\/2023\/12\/conferenza-FVM-1.jpeg","type":"image\/jpeg"}],"author":"Luca Biondi","twitter_card":"summary_large_image","twitter_title":"My name is Luca. Ballata per Vialli","twitter_description":"Un evento benefico unico e speciale, ideato e promosso dalla Fondazione Vialli e Mauro,nel primo anniversario dalla scomparsa di Gianluca Vialli.Ilaria D\u2019Amico e Tommaso Labate condurranno il pubblico in un emozionante viaggio in compagnia di tanti amici del mondo della musica, della cultura e dello sport.","twitter_image":"https:\/\/www.centrocliniconemo.it\/wp-content\/uploads\/2023\/12\/conferenza-FVM-1.jpeg","twitter_creator":"@CentroNemo","twitter_site":"@CentroNemo","twitter_misc":{"Written by":"Luca Biondi","Est. reading time":"5 minutes"},"schema":{"@context":"https:\/\/schema.org","@graph":[{"@type":"Article","@id":"https:\/\/www.centrocliniconemo.it\/en\/blog\/my-name-is-luca-ballata-per-vialli\/#article","isPartOf":{"@id":"https:\/\/www.centrocliniconemo.it\/en\/blog\/my-name-is-luca-ballata-per-vialli\/"},"author":{"name":"Luca Biondi","@id":"https:\/\/www.centrocliniconemo.it\/en\/#\/schema\/person\/9331a87c0a8ee435c61f5dd498531434"},"headline":"My name is Luca. Ballata per Vialli","datePublished":"2023-12-12T17:40:34+00:00","dateModified":"2023-12-14T11:36:51+00:00","mainEntityOfPage":{"@id":"https:\/\/www.centrocliniconemo.it\/en\/blog\/my-name-is-luca-ballata-per-vialli\/"},"wordCount":752,"publisher":{"@id":"https:\/\/www.centrocliniconemo.it\/en\/#organization"},"image":{"@id":"https:\/\/www.centrocliniconemo.it\/en\/blog\/my-name-is-luca-ballata-per-vialli\/#primaryimage"},"thumbnailUrl":"https:\/\/www.centrocliniconemo.it\/wp-content\/uploads\/2023\/12\/conferenza-FVM-1.jpeg","keywords":["NeMo Genova","NeMO Milano"],"articleSection":["Iniziative ed eventi"],"inLanguage":"en-US"},{"@type":"WebPage","@id":"https:\/\/www.centrocliniconemo.it\/en\/blog\/my-name-is-luca-ballata-per-vialli\/","url":"https:\/\/www.centrocliniconemo.it\/en\/blog\/my-name-is-luca-ballata-per-vialli\/","name":"My name is Luca. Ballata per Vialli - Centro Clinico NeMO","isPartOf":{"@id":"https:\/\/www.centrocliniconemo.it\/en\/#website"},"primaryImageOfPage":{"@id":"https:\/\/www.centrocliniconemo.it\/en\/blog\/my-name-is-luca-ballata-per-vialli\/#primaryimage"},"image":{"@id":"https:\/\/www.centrocliniconemo.it\/en\/blog\/my-name-is-luca-ballata-per-vialli\/#primaryimage"},"thumbnailUrl":"https:\/\/www.centrocliniconemo.it\/wp-content\/uploads\/2023\/12\/conferenza-FVM-1.jpeg","datePublished":"2023-12-12T17:40:34+00:00","dateModified":"2023-12-14T11:36:51+00:00","breadcrumb":{"@id":"https:\/\/www.centrocliniconemo.it\/en\/blog\/my-name-is-luca-ballata-per-vialli\/#breadcrumb"},"inLanguage":"en-US","potentialAction":[{"@type":"ReadAction","target":["https:\/\/www.centrocliniconemo.it\/en\/blog\/my-name-is-luca-ballata-per-vialli\/"]}]},{"@type":"ImageObject","inLanguage":"en-US","@id":"https:\/\/www.centrocliniconemo.it\/en\/blog\/my-name-is-luca-ballata-per-vialli\/#primaryimage","url":"https:\/\/www.centrocliniconemo.it\/wp-content\/uploads\/2023\/12\/conferenza-FVM-1.jpeg","contentUrl":"https:\/\/www.centrocliniconemo.it\/wp-content\/uploads\/2023\/12\/conferenza-FVM-1.jpeg","width":1600,"height":1200},{"@type":"BreadcrumbList","@id":"https:\/\/www.centrocliniconemo.it\/en\/blog\/my-name-is-luca-ballata-per-vialli\/#breadcrumb","itemListElement":[{"@type":"ListItem","position":1,"name":"Home","item":"https:\/\/www.centrocliniconemo.it\/en\/"},{"@type":"ListItem","position":2,"name":"My name is Luca. Ballata per Vialli"}]},{"@type":"WebSite","@id":"https:\/\/www.centrocliniconemo.it\/en\/#website","url":"https:\/\/www.centrocliniconemo.it\/en\/","name":"Centro Clinico NeMO","description":"Il paziente al centro","publisher":{"@id":"https:\/\/www.centrocliniconemo.it\/en\/#organization"},"potentialAction":[{"@type":"SearchAction","target":{"@type":"EntryPoint","urlTemplate":"https:\/\/www.centrocliniconemo.it\/en\/?s={search_term_string}"},"query-input":{"@type":"PropertyValueSpecification","valueRequired":true,"valueName":"search_term_string"}}],"inLanguage":"en-US"},{"@type":"Organization","@id":"https:\/\/www.centrocliniconemo.it\/en\/#organization","name":"Centro Clinico NeMO - Fondazione Serena Onlus","url":"https:\/\/www.centrocliniconemo.it\/en\/","logo":{"@type":"ImageObject","inLanguage":"en-US","@id":"https:\/\/www.centrocliniconemo.it\/en\/#\/schema\/logo\/image\/","url":"https:\/\/www.centrocliniconemo.it\/wp-content\/uploads\/2023\/03\/logo-nemo.svg","contentUrl":"https:\/\/www.centrocliniconemo.it\/wp-content\/uploads\/2023\/03\/logo-nemo.svg","width":272,"height":109.142,"caption":"Centro Clinico NeMO - Fondazione Serena Onlus"},"image":{"@id":"https:\/\/www.centrocliniconemo.it\/en\/#\/schema\/logo\/image\/"},"sameAs":["https:\/\/www.facebook.com\/CentroNEMOItalia","https:\/\/x.com\/CentroNemo","https:\/\/www.linkedin.com\/company\/centrocliniconemo\/","https:\/\/www.instagram.com\/centrocliniconemo\/"]},{"@type":"Person","@id":"https:\/\/www.centrocliniconemo.it\/en\/#\/schema\/person\/9331a87c0a8ee435c61f5dd498531434","name":"Luca Biondi","image":{"@type":"ImageObject","inLanguage":"en-US","@id":"https:\/\/secure.gravatar.com\/avatar\/0488b88829885ebcc9896de947265b69d2979e6dc4666b1e2c3d4fbf8dc73d77?s=96&d=mm&r=g","url":"https:\/\/secure.gravatar.com\/avatar\/0488b88829885ebcc9896de947265b69d2979e6dc4666b1e2c3d4fbf8dc73d77?s=96&d=mm&r=g","contentUrl":"https:\/\/secure.gravatar.com\/avatar\/0488b88829885ebcc9896de947265b69d2979e6dc4666b1e2c3d4fbf8dc73d77?s=96&d=mm&r=g","caption":"Luca Biondi"}}]}},"_links":{"self":[{"href":"https:\/\/www.centrocliniconemo.it\/en\/wp-json\/wp\/v2\/posts\/20592","targetHints":{"allow":["GET"]}}],"collection":[{"href":"https:\/\/www.centrocliniconemo.it\/en\/wp-json\/wp\/v2\/posts"}],"about":[{"href":"https:\/\/www.centrocliniconemo.it\/en\/wp-json\/wp\/v2\/types\/post"}],"author":[{"embeddable":true,"href":"https:\/\/www.centrocliniconemo.it\/en\/wp-json\/wp\/v2\/users\/2"}],"replies":[{"embeddable":true,"href":"https:\/\/www.centrocliniconemo.it\/en\/wp-json\/wp\/v2\/comments?post=20592"}],"version-history":[{"count":0,"href":"https:\/\/www.centrocliniconemo.it\/en\/wp-json\/wp\/v2\/posts\/20592\/revisions"}],"wp:featuredmedia":[{"embeddable":true,"href":"https:\/\/www.centrocliniconemo.it\/en\/wp-json\/wp\/v2\/media\/20593"}],"wp:attachment":[{"href":"https:\/\/www.centrocliniconemo.it\/en\/wp-json\/wp\/v2\/media?parent=20592"}],"wp:term":[{"taxonomy":"category","embeddable":true,"href":"https:\/\/www.centrocliniconemo.it\/en\/wp-json\/wp\/v2\/categories?post=20592"},{"taxonomy":"post_tag","embeddable":true,"href":"https:\/\/www.centrocliniconemo.it\/en\/wp-json\/wp\/v2\/tags?post=20592"}],"curies":[{"name":"wp","href":"https:\/\/api.w.org\/{rel}","templated":true}]}}