{"id":20523,"date":"2023-11-29T16:39:58","date_gmt":"2023-11-29T16:39:58","guid":{"rendered":"https:\/\/www.centrocliniconemo.it\/blog\/?p=20523"},"modified":"2023-12-12T08:45:34","modified_gmt":"2023-12-12T08:45:34","slug":"smagliante-ada-un-viaggio-lungo-3-anni-tra-i-banchi-di-scuola-per-educare-allinclusione-sociale-e-al-valore-dellunicita-della-persona","status":"publish","type":"post","link":"https:\/\/www.centrocliniconemo.it\/en\/blog\/smagliante-ada-un-viaggio-lungo-3-anni-tra-i-banchi-di-scuola-per-educare-allinclusione-sociale-e-al-valore-dellunicita-della-persona\/","title":{"rendered":"SMAgliante ADA: un viaggio lungo 3 anni tra i banchi di scuola per educare all&#8217;inclusione sociale e al valore dell&#8217;unicit\u00e0 della persona"},"content":{"rendered":"\n<p><strong><em>Milano, 29 novembre 2023 <\/em><\/strong>\u2013 Con un tour nelle scuole elementari e medie di Veneto, Lombardia e Toscana si conclude il percorso tra i banchi di scuola della campagna educazionale \u201c<a href=\"http:\/\/www.lasmaglianteada.it\">La SMAgliante Ada<\/a>\u201d, che in questi tre anni ha visto Ada, la cagnolina protagonista delle avventure della trilogia di fumetti, raccontare ai coetanei di tutta Italia l\u2019esperienza quotidiana del vivere con la <a href=\"https:\/\/www.centrocliniconemo.it\/cura-e-ricerca\/patologie\/atrofia-muscolare-spinale\/\">SMA, l\u2019atrofia muscolare spinale<\/a>. \u00a0<\/p>\n\n\n\n<p><strong>Oltre 350 i bambini<\/strong> degli ultimi anni della scuola primaria e dei primi anni della scuola secondaria di primo grado coinvolti in un percorso educativo che ha affrontato i temi della disabilit\u00e0 e dell\u2019inclusione sociale, attraverso il linguaggio inedito del fumetto. Tante le iniziative messe in campo: dai <strong>workshop<\/strong>, ai <strong>contest nazionali<\/strong> dedicati ai temi del bullismo e dello sport, fino all\u2019esperienza<strong> di Wheelchairs Football, <\/strong>il calcio giocato su sedia a rotelle, che questa estate ha visto i ragazzi con SMA sfidarsi in un minitorneo di calcio ospitato da <a href=\"https:\/\/www.juventus.com\/it\">F.C. Juventus<\/a> presso la scuola internazionale <a href=\"https:\/\/worldinternationalschool.com\">Wins &#8211; World international school di Torino<\/a>.<\/p>\n\n\n\n<figure class=\"wp-block-image size-full is-resized\"><img fetchpriority=\"high\" decoding=\"async\" width=\"2042\" height=\"1149\" src=\"https:\/\/www.centrocliniconemo.it\/wp-content\/uploads\/2023\/11\/Ada_Laboratorio-didattico_4-edited-1.png\" alt=\"\" class=\"wp-image-20560\" style=\"width:1450px;height:auto\" srcset=\"https:\/\/www.centrocliniconemo.it\/wp-content\/uploads\/2023\/11\/Ada_Laboratorio-didattico_4-edited-1.png 2042w, https:\/\/www.centrocliniconemo.it\/wp-content\/uploads\/2023\/11\/Ada_Laboratorio-didattico_4-edited-1-300x169.png 300w, https:\/\/www.centrocliniconemo.it\/wp-content\/uploads\/2023\/11\/Ada_Laboratorio-didattico_4-edited-1-1024x576.png 1024w, https:\/\/www.centrocliniconemo.it\/wp-content\/uploads\/2023\/11\/Ada_Laboratorio-didattico_4-edited-1-768x432.png 768w, https:\/\/www.centrocliniconemo.it\/wp-content\/uploads\/2023\/11\/Ada_Laboratorio-didattico_4-edited-1-1536x864.png 1536w\" sizes=\"(max-width: 2042px) 100vw, 2042px\" \/><\/figure>\n\n\n\n<p><em>\u201cCon Ada abbiamo avuto la possibilit\u00e0 di essere al fianco di tanti bambini e insegnanti facendo sperimentare loro una visione positiva della disabilit\u00e0 \u2013 <\/em>afferma <strong>Anita Pallara<\/strong>, Presidente <a href=\"https:\/\/www.famigliesma.org\">Famiglie SMA<\/a>, che continua<em> \u2013 Parlare di atrofia muscolare spinale richiede la capacit\u00e0 di trasferire con delicatezza e competenza cosa significa vivere con questa patologia neuromuscolare. Ed \u00e8 proprio grazie al linguaggio universale del fumetto che abbiamo potuto affrontare temi importanti che riguardano la vita di ciascuno di noi, con l\u2019entusiasmo e la schiettezza di chi ha tanta voglia di conoscere il mondo, come Ada e i suoi amici. Un viaggio entusiasmante!\u201d\u00a0<\/em><\/p>\n\n\n\n<p>Temi complessi, affrontati unendo competenze multidisciplinari di psicologi, educatori, clinici e ricercatori, al fianco di un team creativo, capaci di tradurre in modo semplice e innovativo anche l\u2019importanza della ricerca scientifica e di una presa in carico mirata per garantire ad ogni bambino e bambina la possibilit\u00e0 di vivere appieno i suoi progetti di vita, insieme ai coetanei.<\/p>\n\n\n\n<p><em>\u201cSiamo particolarmente grati e affezionati a questo progetto \u2013 <\/em>dichiara <strong>Alberto Fontana<\/strong>, <strong>Presidente dei Centri Clinici NeMO<\/strong>, che continua \u2013 <em>Ada ha permesso di portare fuori dai nostri reparti clinici il valore della conoscenza scientifica, fondamentale per entrare in relazione con l\u2019altro e riconoscerlo nelle sue risorse e nei suoi limiti. Formare i ragazzi a comprendere cosa significa vivere con una malattia neuromuscolare vuol dire educare ad andare oltre la paura di ci\u00f2 che non si conosce e contribuire a rendere una generazione pi\u00f9 forte, capace di accogliere l\u2019altro senza pregiudizio\u201d.<\/em><\/p>\n\n\n\n<p>Grazie a questa apertura, le domande semplici e profonde legate alla vita con la <a href=\"https:\/\/www.centrocliniconemo.it\/cura-e-ricerca\/patologie\/atrofia-muscolare-spinale\/\">SMA<\/a>, ai suoi risvolti emotivi, sociali e quotidiani, allo sport, ai viaggi e alle passioni, fino agli aspetti pi\u00f9 clinici e scientifici, hanno trovato accoglienza e risposte nei laboratori didattici da parte di chi convive con la patologia: \u201c<em>\u00c8 brutto vivere con la SMA? Sei mai stata presa in giro per la carrozzina? Ci sono delle cure per guarire?\u201d<\/em> Domande che, grazie al fumetto e al confronto, hanno colto l\u2019interesse dei ragazzi sulla realt\u00e0, per conoscerla di pi\u00f9, per farsi incuriosire e per destrutturare pregiudizi o credenze.\u00a0<\/p>\n\n\n\n<figure class=\"wp-block-gallery has-nested-images columns-default is-cropped wp-block-gallery-1 is-layout-flex wp-block-gallery-is-layout-flex\">\n<figure class=\"wp-block-image size-large\"><img decoding=\"async\" width=\"1024\" height=\"575\" data-id=\"20552\" src=\"https:\/\/www.centrocliniconemo.it\/wp-content\/uploads\/2023\/11\/Ada_Laboratorio-didattico_13-min-1024x575.png\" alt=\"\" class=\"wp-image-20552\" srcset=\"https:\/\/www.centrocliniconemo.it\/wp-content\/uploads\/2023\/11\/Ada_Laboratorio-didattico_13-min-1024x575.png 1024w, https:\/\/www.centrocliniconemo.it\/wp-content\/uploads\/2023\/11\/Ada_Laboratorio-didattico_13-min-300x169.png 300w, https:\/\/www.centrocliniconemo.it\/wp-content\/uploads\/2023\/11\/Ada_Laboratorio-didattico_13-min-768x431.png 768w, https:\/\/www.centrocliniconemo.it\/wp-content\/uploads\/2023\/11\/Ada_Laboratorio-didattico_13-min-1536x863.png 1536w, https:\/\/www.centrocliniconemo.it\/wp-content\/uploads\/2023\/11\/Ada_Laboratorio-didattico_13-min-2048x1151.png 2048w\" sizes=\"(max-width: 1024px) 100vw, 1024px\" \/><\/figure>\n\n\n\n<figure class=\"wp-block-image size-large\"><img decoding=\"async\" width=\"1024\" height=\"576\" data-id=\"20550\" src=\"https:\/\/www.centrocliniconemo.it\/wp-content\/uploads\/2023\/11\/Ada_Laboratorio-didattico_12-min-1024x576.png\" alt=\"\" class=\"wp-image-20550\" srcset=\"https:\/\/www.centrocliniconemo.it\/wp-content\/uploads\/2023\/11\/Ada_Laboratorio-didattico_12-min-1024x576.png 1024w, https:\/\/www.centrocliniconemo.it\/wp-content\/uploads\/2023\/11\/Ada_Laboratorio-didattico_12-min-300x169.png 300w, https:\/\/www.centrocliniconemo.it\/wp-content\/uploads\/2023\/11\/Ada_Laboratorio-didattico_12-min-768x432.png 768w, https:\/\/www.centrocliniconemo.it\/wp-content\/uploads\/2023\/11\/Ada_Laboratorio-didattico_12-min-1536x863.png 1536w, https:\/\/www.centrocliniconemo.it\/wp-content\/uploads\/2023\/11\/Ada_Laboratorio-didattico_12-min-2048x1151.png 2048w\" sizes=\"(max-width: 1024px) 100vw, 1024px\" \/><\/figure>\n\n\n\n<figure class=\"wp-block-image size-large\"><img loading=\"lazy\" decoding=\"async\" width=\"1024\" height=\"577\" data-id=\"20542\" src=\"https:\/\/www.centrocliniconemo.it\/wp-content\/uploads\/2023\/11\/Ada_Laboratorio-didattico_18-1024x577.png\" alt=\"\" class=\"wp-image-20542\" srcset=\"https:\/\/www.centrocliniconemo.it\/wp-content\/uploads\/2023\/11\/Ada_Laboratorio-didattico_18-1024x577.png 1024w, https:\/\/www.centrocliniconemo.it\/wp-content\/uploads\/2023\/11\/Ada_Laboratorio-didattico_18-300x169.png 300w, https:\/\/www.centrocliniconemo.it\/wp-content\/uploads\/2023\/11\/Ada_Laboratorio-didattico_18-768x433.png 768w, https:\/\/www.centrocliniconemo.it\/wp-content\/uploads\/2023\/11\/Ada_Laboratorio-didattico_18-1536x866.png 1536w, https:\/\/www.centrocliniconemo.it\/wp-content\/uploads\/2023\/11\/Ada_Laboratorio-didattico_18-2048x1155.png 2048w\" sizes=\"(max-width: 1024px) 100vw, 1024px\" \/><\/figure>\n\n\n\n<figure class=\"wp-block-image size-large\"><img loading=\"lazy\" decoding=\"async\" width=\"1024\" height=\"576\" data-id=\"20540\" src=\"https:\/\/www.centrocliniconemo.it\/wp-content\/uploads\/2023\/11\/Ada_Laboratorio-didattico_17-1024x576.png\" alt=\"\" class=\"wp-image-20540\" srcset=\"https:\/\/www.centrocliniconemo.it\/wp-content\/uploads\/2023\/11\/Ada_Laboratorio-didattico_17-1024x576.png 1024w, https:\/\/www.centrocliniconemo.it\/wp-content\/uploads\/2023\/11\/Ada_Laboratorio-didattico_17-300x169.png 300w, https:\/\/www.centrocliniconemo.it\/wp-content\/uploads\/2023\/11\/Ada_Laboratorio-didattico_17-768x432.png 768w, https:\/\/www.centrocliniconemo.it\/wp-content\/uploads\/2023\/11\/Ada_Laboratorio-didattico_17-1536x863.png 1536w, https:\/\/www.centrocliniconemo.it\/wp-content\/uploads\/2023\/11\/Ada_Laboratorio-didattico_17-2048x1151.png 2048w\" sizes=\"(max-width: 1024px) 100vw, 1024px\" \/><\/figure>\n\n\n\n<figure class=\"wp-block-image size-large\"><img loading=\"lazy\" decoding=\"async\" width=\"1024\" height=\"575\" data-id=\"20538\" src=\"https:\/\/www.centrocliniconemo.it\/wp-content\/uploads\/2023\/11\/Ada_Laboratorio-didattico_14-1024x575.png\" alt=\"\" class=\"wp-image-20538\" srcset=\"https:\/\/www.centrocliniconemo.it\/wp-content\/uploads\/2023\/11\/Ada_Laboratorio-didattico_14-1024x575.png 1024w, https:\/\/www.centrocliniconemo.it\/wp-content\/uploads\/2023\/11\/Ada_Laboratorio-didattico_14-300x169.png 300w, https:\/\/www.centrocliniconemo.it\/wp-content\/uploads\/2023\/11\/Ada_Laboratorio-didattico_14-768x432.png 768w, https:\/\/www.centrocliniconemo.it\/wp-content\/uploads\/2023\/11\/Ada_Laboratorio-didattico_14-1536x863.png 1536w, https:\/\/www.centrocliniconemo.it\/wp-content\/uploads\/2023\/11\/Ada_Laboratorio-didattico_14-2048x1151.png 2048w\" sizes=\"(max-width: 1024px) 100vw, 1024px\" \/><\/figure>\n\n\n\n<figure class=\"wp-block-image size-large\"><img loading=\"lazy\" decoding=\"async\" width=\"1024\" height=\"576\" data-id=\"20536\" src=\"https:\/\/www.centrocliniconemo.it\/wp-content\/uploads\/2023\/11\/Ada_Laboratorio-didattico_11-1024x576.png\" alt=\"\" class=\"wp-image-20536\" srcset=\"https:\/\/www.centrocliniconemo.it\/wp-content\/uploads\/2023\/11\/Ada_Laboratorio-didattico_11-1024x576.png 1024w, https:\/\/www.centrocliniconemo.it\/wp-content\/uploads\/2023\/11\/Ada_Laboratorio-didattico_11-300x169.png 300w, https:\/\/www.centrocliniconemo.it\/wp-content\/uploads\/2023\/11\/Ada_Laboratorio-didattico_11-768x432.png 768w, https:\/\/www.centrocliniconemo.it\/wp-content\/uploads\/2023\/11\/Ada_Laboratorio-didattico_11-1536x864.png 1536w, https:\/\/www.centrocliniconemo.it\/wp-content\/uploads\/2023\/11\/Ada_Laboratorio-didattico_11-2048x1152.png 2048w\" sizes=\"(max-width: 1024px) 100vw, 1024px\" \/><\/figure>\n<\/figure>\n\n\n\n<p><em>\u201cAda ha aperto ai ragazzi la possibilit\u00e0 di conoscere attivamente e in modo divertente il profondo significato dell\u2019unicit\u00e0 \u2013 <\/em>commenta <strong>Simona Spinoglio<\/strong>, <strong>educatrice e psicologa dell\u2019<a href=\"https:\/\/www.famigliesma.org\">Associazione Famiglie SMA<\/a><\/strong> \u2013 <em>Lo ha fatto prima raccontandosi attraverso la propria vita e poi stimolandoli nel far emergere le loro particolarit\u00e0. La narrazione si \u00e8 sviluppata includendo la SMA tra le caratteristiche pi\u00f9 evidenti e immediate della protagonista, ma non per questo l\u2019unica ad essere importante. Rendendo la malattia nominabile e narrabile anche con leggerezza e includendo la disabilit\u00e0 tra le possibili particolarit\u00e0 di cui si pu\u00f2 essere testimoni, siamo riusciti a creare con i ragazzi un dialogo aperto al confronto, all\u2019approfondimento e all\u2019esplorazione.\u201d<\/em><\/p>\n\n\n\n<p><strong>Tre anni che raccontano un affascinante percorso di crescita<\/strong>: dalla scuola elementare alla conoscenza di nuovi amici nella scuola media; dalla paura di non essere accolti, alla scoperta delle risorse personali, al valore dell\u2019amicizia e dei sogni per il futuro, fino al desiderio di indipendenza e autodeterminazione tipico dell\u2019adolescenza. Passaggi di crescita<strong> che la trilogia di fumetti sulle avventure di Ada ha accompagnato e che si traducono nei numeri del progetto<\/strong>.&nbsp;<\/p>\n\n\n\n<p><strong>Oltre 16 mila copie dei tre volumi a fumetti distribuiti gratuitamente<\/strong> <strong>nelle scuole italiane<\/strong> e <strong>la traduzione del primo volume in 12 lingue<\/strong> (inglese, francese, tedesco, spagnolo, polacco, macedone, arabo, cinese, taiwanese, russo, serbo e ungherese), a cui si uniscono <strong>3 importanti riconoscimenti<\/strong>: il <a href=\"https:\/\/www.premiomalattierare.it\">Premio OMaR<\/a> per la comunicazione sulle malattie e i tumori rari; il <a href=\"https:\/\/www.lsea.it\">Life Science Excellence Awards<\/a> come miglior progetto di comunicazione dell\u2019anno; il <a href=\"https:\/\/www.ceoforlifeawards.com\/it\/it\/awards-2023\/\">CEO for Life Awards<\/a>, premio assegnato per aver stabilito nuovi standard di eccellenza volti a un futuro migliore e pi\u00f9 sostenibile.<\/p>\n\n\n\n<p>La campagna educazionale \u201cLa SMAgliante Ada\u201d \u00e8 nata nel 2020 dalla visione e dall\u2019impegno dell\u2019Associazione Famiglie SMA, dei Centri Clinici NeMO &#8211; specializzati nella cura e nella ricerca sulle malattie neuromuscolari &#8211; in collaborazione con <a href=\"https:\/\/nemolab.it\">NEMOLAB<\/a>, il primo hub dedicato esclusivamente alla ricerca tecnologica su queste patologie, con il contributo educazionale non condizionato di Roche Italia. Una sinergia che ha avuto l\u2019obiettivo di educare al valore della disabilit\u00e0 come risorsa, all\u2019inclusione come opportunit\u00e0 e alla conoscenza scientifica per comprendere gli altri e sperimentare cosa significhi costruire una societ\u00e0 inclusiva.<\/p>\n\n\n\n<p><em>\u201cRoche \u00e8 orgogliosa di essere a fianco di Famiglie SMA e dei Centri Clinici NeMO in questa lunga avventura con \u201cLa SMAgliante Ada\u201d \u2013\u00a0<\/em>ha commentato\u00a0<strong>Amelia Parente,\u00a0Rare Disease, Governament Affairs &amp; Transormation Head di <a href=\"https:\/\/www.roche.it\">Roche Italia<\/a><\/strong><em>\u00a0\u2013 Da tre anni Ada accompagna bambini e ragazzi delle scuole elementari e medie, gli insegnanti e le loro famiglie e tutti noi nel comprendere il valore dell\u2019inclusione sociale attraverso il linguaggio del fumetto, ancora una volta al centro del laboratorio didattico svolto nelle tre scuole che ha messo insieme disabilit\u00e0 e sport e da cui \u00e8 chiaramente emersa l\u2019attitudine dei pi\u00f9 piccoli ad esprimersi liberamente e con leggerezza, dimostrando che per loro la normalit\u00e0 \u00e8 un concetto relativo. Ringrazio, a nome di Roche, i partner e le scuole che hanno ospitato il laboratorio, e soprattutto \u201cLa SMAgliante Ada\u201d per rappresentare il linguaggio del cambiamento che vogliamo veder avvenire nel mondo\u201d.<\/em><\/p>\n\n\n\n<p>Tutti le scuole interessate ad adottare i volumi possono scaricare la trilogia a fumetti in versione digitale su <a href=\"http:\/\/www.lasmaglianteada.it\">www.lasmaglianteada.it<\/a>. Non solo, in vista del periodo natalizio, da oggi fino al 10 dicembre sar\u00e0 possibile richiedere i volumi cartacei scrivendo a <a href=\"mailto:info@lasmaglianteada.it\">info@lasmaglianteada.it<\/a><\/p>\n\n\n\n<figure class=\"wp-block-image size-full\"><img loading=\"lazy\" decoding=\"async\" width=\"2650\" height=\"1488\" src=\"https:\/\/www.centrocliniconemo.it\/wp-content\/uploads\/2023\/11\/Ada_Laboratorio-didattico_3.png\" alt=\"\" class=\"wp-image-20528\" srcset=\"https:\/\/www.centrocliniconemo.it\/wp-content\/uploads\/2023\/11\/Ada_Laboratorio-didattico_3.png 2650w, https:\/\/www.centrocliniconemo.it\/wp-content\/uploads\/2023\/11\/Ada_Laboratorio-didattico_3-300x168.png 300w, https:\/\/www.centrocliniconemo.it\/wp-content\/uploads\/2023\/11\/Ada_Laboratorio-didattico_3-1024x575.png 1024w, https:\/\/www.centrocliniconemo.it\/wp-content\/uploads\/2023\/11\/Ada_Laboratorio-didattico_3-768x431.png 768w, https:\/\/www.centrocliniconemo.it\/wp-content\/uploads\/2023\/11\/Ada_Laboratorio-didattico_3-1536x862.png 1536w, https:\/\/www.centrocliniconemo.it\/wp-content\/uploads\/2023\/11\/Ada_Laboratorio-didattico_3-2048x1150.png 2048w\" sizes=\"(max-width: 2650px) 100vw, 2650px\" \/><\/figure>\n","protected":false},"excerpt":{"rendered":"<p>Milano, 29 novembre 2023 \u2013 Con un tour nelle scuole elementari e medie di Veneto, Lombardia e Toscana si conclude il percorso tra i banchi di scuola della campagna educazionale \u201cLa SMAgliante Ada\u201d, che in questi tre anni ha visto Ada, la cagnolina protagonista delle avventure della trilogia di fumetti, raccontare ai coetanei di tutta [&hellip;]<\/p>\n","protected":false},"author":2,"featured_media":20548,"comment_status":"closed","ping_status":"closed","sticky":false,"template":"","format":"standard","meta":{"pgc_sgb_lightbox_settings":"","footnotes":""},"categories":[28,17,1],"tags":[19,22,107,18,30,24,25,117],"class_list":["post-20523","post","type-post","status-publish","format-standard","has-post-thumbnail","hentry","category-cura-ricerca-e-formazione","category-iniziative-ed-eventi","category-storie-di-nemo","tag-nemo-ancona","tag-nemo-brescia","tag-nemo-genova","tag-nemo-milano","tag-nemo-napoli","tag-nemo-roma","tag-nemo-trento","tag-nemolab"],"yoast_head":"<!-- This site is optimized with the Yoast SEO plugin v27.4 - https:\/\/yoast.com\/product\/yoast-seo-wordpress\/ -->\n<title>SMAgliante ADA: un viaggio lungo 3 anni tra i banchi di scuola per educare all&#039;inclusione sociale e al valore dell&#039;unicit\u00e0 della persona - Centro Clinico NeMO<\/title>\n<meta name=\"robots\" content=\"index, follow, max-snippet:-1, max-image-preview:large, max-video-preview:-1\" \/>\n<link rel=\"canonical\" href=\"https:\/\/www.centrocliniconemo.it\/en\/blog\/smagliante-ada-un-viaggio-lungo-3-anni-tra-i-banchi-di-scuola-per-educare-allinclusione-sociale-e-al-valore-dellunicita-della-persona\/\" \/>\n<meta property=\"og:locale\" content=\"en_US\" \/>\n<meta property=\"og:type\" content=\"article\" \/>\n<meta property=\"og:title\" content=\"SMAgliante ADA: 3 anni nelle scuole per educare all&#039;inclusione e al valore di ognuno di noi\" \/>\n<meta property=\"og:description\" content=\"Milano, 29 novembre 2023 \u2013 Con un tour nelle scuole elementari e medie di Veneto, Lombardia e Toscana si conclude il percorso tra i banchi di scuola della campagna educazionale \u201cLa SMAgliante Ada\u201d, che in questi tre anni ha visto Ada, la cagnolina protagonista delle avventure della trilogia di fumetti, raccontare ai coetanei di tutta Italia l\u2019esperienza quotidiana del vivere con la SMA, l\u2019atrofia muscolare spinale. \u00a0\" \/>\n<meta property=\"og:url\" content=\"https:\/\/www.centrocliniconemo.it\/en\/blog\/smagliante-ada-un-viaggio-lungo-3-anni-tra-i-banchi-di-scuola-per-educare-allinclusione-sociale-e-al-valore-dellunicita-della-persona\/\" \/>\n<meta property=\"og:site_name\" content=\"Centro Clinico NeMO\" \/>\n<meta property=\"article:publisher\" content=\"https:\/\/www.facebook.com\/CentroNEMOItalia\" \/>\n<meta property=\"article:published_time\" content=\"2023-11-29T16:39:58+00:00\" \/>\n<meta property=\"article:modified_time\" content=\"2023-12-12T08:45:34+00:00\" \/>\n<meta property=\"og:image\" content=\"https:\/\/www.centrocliniconemo.it\/wp-content\/uploads\/2023\/11\/Ada_Laboratorio-didattico_16-min.png\" \/>\n\t<meta property=\"og:image:width\" content=\"2654\" \/>\n\t<meta property=\"og:image:height\" content=\"1496\" \/>\n\t<meta property=\"og:image:type\" content=\"image\/png\" \/>\n<meta name=\"author\" content=\"Luca Biondi\" \/>\n<meta name=\"twitter:card\" content=\"summary_large_image\" \/>\n<meta name=\"twitter:title\" content=\"SMAgliante ADA: 3 anni nelle scuole per educare all&#039;inclusione e al valore di ognuno di noi\" \/>\n<meta name=\"twitter:description\" content=\"Milano, 29 novembre 2023 \u2013 Con un tour nelle scuole elementari e medie di Veneto, Lombardia e Toscana si conclude il percorso tra i banchi di scuola della campagna educazionale \u201cLa SMAgliante Ada\u201d, che in questi tre anni ha visto Ada, la cagnolina protagonista delle avventure della trilogia di fumetti, raccontare ai coetanei di tutta Italia l\u2019esperienza quotidiana del vivere con la SMA, l\u2019atrofia muscolare spinale.\" \/>\n<meta name=\"twitter:image\" content=\"https:\/\/www.centrocliniconemo.it\/wp-content\/uploads\/2023\/11\/Ada_Laboratorio-didattico_16-min.png\" \/>\n<meta name=\"twitter:creator\" content=\"@CentroNemo\" \/>\n<meta name=\"twitter:site\" content=\"@CentroNemo\" \/>\n<meta name=\"twitter:label1\" content=\"Written by\" \/>\n\t<meta name=\"twitter:data1\" content=\"Luca Biondi\" \/>\n\t<meta name=\"twitter:label2\" content=\"Est. reading time\" \/>\n\t<meta name=\"twitter:data2\" content=\"8 minutes\" \/>\n<script type=\"application\/ld+json\" class=\"yoast-schema-graph\">{\"@context\":\"https:\\\/\\\/schema.org\",\"@graph\":[{\"@type\":\"Article\",\"@id\":\"https:\\\/\\\/www.centrocliniconemo.it\\\/en\\\/blog\\\/smagliante-ada-un-viaggio-lungo-3-anni-tra-i-banchi-di-scuola-per-educare-allinclusione-sociale-e-al-valore-dellunicita-della-persona\\\/#article\",\"isPartOf\":{\"@id\":\"https:\\\/\\\/www.centrocliniconemo.it\\\/en\\\/blog\\\/smagliante-ada-un-viaggio-lungo-3-anni-tra-i-banchi-di-scuola-per-educare-allinclusione-sociale-e-al-valore-dellunicita-della-persona\\\/\"},\"author\":{\"name\":\"Luca Biondi\",\"@id\":\"https:\\\/\\\/www.centrocliniconemo.it\\\/en\\\/#\\\/schema\\\/person\\\/9331a87c0a8ee435c61f5dd498531434\"},\"headline\":\"SMAgliante ADA: un viaggio lungo 3 anni tra i banchi di scuola per educare all&#8217;inclusione sociale e al valore dell&#8217;unicit\u00e0 della persona\",\"datePublished\":\"2023-11-29T16:39:58+00:00\",\"dateModified\":\"2023-12-12T08:45:34+00:00\",\"mainEntityOfPage\":{\"@id\":\"https:\\\/\\\/www.centrocliniconemo.it\\\/en\\\/blog\\\/smagliante-ada-un-viaggio-lungo-3-anni-tra-i-banchi-di-scuola-per-educare-allinclusione-sociale-e-al-valore-dellunicita-della-persona\\\/\"},\"wordCount\":1094,\"publisher\":{\"@id\":\"https:\\\/\\\/www.centrocliniconemo.it\\\/en\\\/#organization\"},\"image\":{\"@id\":\"https:\\\/\\\/www.centrocliniconemo.it\\\/en\\\/blog\\\/smagliante-ada-un-viaggio-lungo-3-anni-tra-i-banchi-di-scuola-per-educare-allinclusione-sociale-e-al-valore-dellunicita-della-persona\\\/#primaryimage\"},\"thumbnailUrl\":\"https:\\\/\\\/www.centrocliniconemo.it\\\/wp-content\\\/uploads\\\/2023\\\/11\\\/Ada_Laboratorio-didattico_5-min.png\",\"keywords\":[\"NeMO Ancona\",\"NeMO Brescia\",\"NeMo Genova\",\"NeMO Milano\",\"NeMO Napoli\",\"NeMO Roma\",\"NeMO Trento\",\"NEMOLAB\"],\"articleSection\":[\"Cura, ricerca e formazione\",\"Iniziative ed eventi\",\"Storie di NeMO\"],\"inLanguage\":\"en-US\"},{\"@type\":\"WebPage\",\"@id\":\"https:\\\/\\\/www.centrocliniconemo.it\\\/en\\\/blog\\\/smagliante-ada-un-viaggio-lungo-3-anni-tra-i-banchi-di-scuola-per-educare-allinclusione-sociale-e-al-valore-dellunicita-della-persona\\\/\",\"url\":\"https:\\\/\\\/www.centrocliniconemo.it\\\/en\\\/blog\\\/smagliante-ada-un-viaggio-lungo-3-anni-tra-i-banchi-di-scuola-per-educare-allinclusione-sociale-e-al-valore-dellunicita-della-persona\\\/\",\"name\":\"SMAgliante ADA: un viaggio lungo 3 anni tra i banchi di scuola per educare all'inclusione sociale e al valore dell'unicit\u00e0 della persona - Centro Clinico NeMO\",\"isPartOf\":{\"@id\":\"https:\\\/\\\/www.centrocliniconemo.it\\\/en\\\/#website\"},\"primaryImageOfPage\":{\"@id\":\"https:\\\/\\\/www.centrocliniconemo.it\\\/en\\\/blog\\\/smagliante-ada-un-viaggio-lungo-3-anni-tra-i-banchi-di-scuola-per-educare-allinclusione-sociale-e-al-valore-dellunicita-della-persona\\\/#primaryimage\"},\"image\":{\"@id\":\"https:\\\/\\\/www.centrocliniconemo.it\\\/en\\\/blog\\\/smagliante-ada-un-viaggio-lungo-3-anni-tra-i-banchi-di-scuola-per-educare-allinclusione-sociale-e-al-valore-dellunicita-della-persona\\\/#primaryimage\"},\"thumbnailUrl\":\"https:\\\/\\\/www.centrocliniconemo.it\\\/wp-content\\\/uploads\\\/2023\\\/11\\\/Ada_Laboratorio-didattico_5-min.png\",\"datePublished\":\"2023-11-29T16:39:58+00:00\",\"dateModified\":\"2023-12-12T08:45:34+00:00\",\"breadcrumb\":{\"@id\":\"https:\\\/\\\/www.centrocliniconemo.it\\\/en\\\/blog\\\/smagliante-ada-un-viaggio-lungo-3-anni-tra-i-banchi-di-scuola-per-educare-allinclusione-sociale-e-al-valore-dellunicita-della-persona\\\/#breadcrumb\"},\"inLanguage\":\"en-US\",\"potentialAction\":[{\"@type\":\"ReadAction\",\"target\":[\"https:\\\/\\\/www.centrocliniconemo.it\\\/en\\\/blog\\\/smagliante-ada-un-viaggio-lungo-3-anni-tra-i-banchi-di-scuola-per-educare-allinclusione-sociale-e-al-valore-dellunicita-della-persona\\\/\"]}]},{\"@type\":\"ImageObject\",\"inLanguage\":\"en-US\",\"@id\":\"https:\\\/\\\/www.centrocliniconemo.it\\\/en\\\/blog\\\/smagliante-ada-un-viaggio-lungo-3-anni-tra-i-banchi-di-scuola-per-educare-allinclusione-sociale-e-al-valore-dellunicita-della-persona\\\/#primaryimage\",\"url\":\"https:\\\/\\\/www.centrocliniconemo.it\\\/wp-content\\\/uploads\\\/2023\\\/11\\\/Ada_Laboratorio-didattico_5-min.png\",\"contentUrl\":\"https:\\\/\\\/www.centrocliniconemo.it\\\/wp-content\\\/uploads\\\/2023\\\/11\\\/Ada_Laboratorio-didattico_5-min.png\",\"width\":2656,\"height\":1492},{\"@type\":\"BreadcrumbList\",\"@id\":\"https:\\\/\\\/www.centrocliniconemo.it\\\/en\\\/blog\\\/smagliante-ada-un-viaggio-lungo-3-anni-tra-i-banchi-di-scuola-per-educare-allinclusione-sociale-e-al-valore-dellunicita-della-persona\\\/#breadcrumb\",\"itemListElement\":[{\"@type\":\"ListItem\",\"position\":1,\"name\":\"Home\",\"item\":\"https:\\\/\\\/www.centrocliniconemo.it\\\/en\\\/\"},{\"@type\":\"ListItem\",\"position\":2,\"name\":\"SMAgliante ADA: un viaggio lungo 3 anni tra i banchi di scuola per educare all&#8217;inclusione sociale e al valore dell&#8217;unicit\u00e0 della persona\"}]},{\"@type\":\"WebSite\",\"@id\":\"https:\\\/\\\/www.centrocliniconemo.it\\\/en\\\/#website\",\"url\":\"https:\\\/\\\/www.centrocliniconemo.it\\\/en\\\/\",\"name\":\"Centro Clinico NeMO\",\"description\":\"Il paziente al centro\",\"publisher\":{\"@id\":\"https:\\\/\\\/www.centrocliniconemo.it\\\/en\\\/#organization\"},\"potentialAction\":[{\"@type\":\"SearchAction\",\"target\":{\"@type\":\"EntryPoint\",\"urlTemplate\":\"https:\\\/\\\/www.centrocliniconemo.it\\\/en\\\/?s={search_term_string}\"},\"query-input\":{\"@type\":\"PropertyValueSpecification\",\"valueRequired\":true,\"valueName\":\"search_term_string\"}}],\"inLanguage\":\"en-US\"},{\"@type\":\"Organization\",\"@id\":\"https:\\\/\\\/www.centrocliniconemo.it\\\/en\\\/#organization\",\"name\":\"Centro Clinico NeMO - Fondazione Serena Onlus\",\"url\":\"https:\\\/\\\/www.centrocliniconemo.it\\\/en\\\/\",\"logo\":{\"@type\":\"ImageObject\",\"inLanguage\":\"en-US\",\"@id\":\"https:\\\/\\\/www.centrocliniconemo.it\\\/en\\\/#\\\/schema\\\/logo\\\/image\\\/\",\"url\":\"https:\\\/\\\/www.centrocliniconemo.it\\\/wp-content\\\/uploads\\\/2023\\\/03\\\/logo-nemo.svg\",\"contentUrl\":\"https:\\\/\\\/www.centrocliniconemo.it\\\/wp-content\\\/uploads\\\/2023\\\/03\\\/logo-nemo.svg\",\"width\":272,\"height\":109.142,\"caption\":\"Centro Clinico NeMO - Fondazione Serena Onlus\"},\"image\":{\"@id\":\"https:\\\/\\\/www.centrocliniconemo.it\\\/en\\\/#\\\/schema\\\/logo\\\/image\\\/\"},\"sameAs\":[\"https:\\\/\\\/www.facebook.com\\\/CentroNEMOItalia\",\"https:\\\/\\\/x.com\\\/CentroNemo\",\"https:\\\/\\\/www.linkedin.com\\\/company\\\/centrocliniconemo\\\/\",\"https:\\\/\\\/www.instagram.com\\\/centrocliniconemo\\\/\"]},{\"@type\":\"Person\",\"@id\":\"https:\\\/\\\/www.centrocliniconemo.it\\\/en\\\/#\\\/schema\\\/person\\\/9331a87c0a8ee435c61f5dd498531434\",\"name\":\"Luca Biondi\",\"image\":{\"@type\":\"ImageObject\",\"inLanguage\":\"en-US\",\"@id\":\"https:\\\/\\\/secure.gravatar.com\\\/avatar\\\/0488b88829885ebcc9896de947265b69d2979e6dc4666b1e2c3d4fbf8dc73d77?s=96&d=mm&r=g\",\"url\":\"https:\\\/\\\/secure.gravatar.com\\\/avatar\\\/0488b88829885ebcc9896de947265b69d2979e6dc4666b1e2c3d4fbf8dc73d77?s=96&d=mm&r=g\",\"contentUrl\":\"https:\\\/\\\/secure.gravatar.com\\\/avatar\\\/0488b88829885ebcc9896de947265b69d2979e6dc4666b1e2c3d4fbf8dc73d77?s=96&d=mm&r=g\",\"caption\":\"Luca Biondi\"}}]}<\/script>\n<!-- \/ Yoast SEO plugin. -->","yoast_head_json":{"title":"SMAgliante ADA: un viaggio lungo 3 anni tra i banchi di scuola per educare all'inclusione sociale e al valore dell'unicit\u00e0 della persona - Centro Clinico NeMO","robots":{"index":"index","follow":"follow","max-snippet":"max-snippet:-1","max-image-preview":"max-image-preview:large","max-video-preview":"max-video-preview:-1"},"canonical":"https:\/\/www.centrocliniconemo.it\/en\/blog\/smagliante-ada-un-viaggio-lungo-3-anni-tra-i-banchi-di-scuola-per-educare-allinclusione-sociale-e-al-valore-dellunicita-della-persona\/","og_locale":"en_US","og_type":"article","og_title":"SMAgliante ADA: 3 anni nelle scuole per educare all'inclusione e al valore di ognuno di noi","og_description":"Milano, 29 novembre 2023 \u2013 Con un tour nelle scuole elementari e medie di Veneto, Lombardia e Toscana si conclude il percorso tra i banchi di scuola della campagna educazionale \u201cLa SMAgliante Ada\u201d, che in questi tre anni ha visto Ada, la cagnolina protagonista delle avventure della trilogia di fumetti, raccontare ai coetanei di tutta Italia l\u2019esperienza quotidiana del vivere con la SMA, l\u2019atrofia muscolare spinale. \u00a0","og_url":"https:\/\/www.centrocliniconemo.it\/en\/blog\/smagliante-ada-un-viaggio-lungo-3-anni-tra-i-banchi-di-scuola-per-educare-allinclusione-sociale-e-al-valore-dellunicita-della-persona\/","og_site_name":"Centro Clinico NeMO","article_publisher":"https:\/\/www.facebook.com\/CentroNEMOItalia","article_published_time":"2023-11-29T16:39:58+00:00","article_modified_time":"2023-12-12T08:45:34+00:00","og_image":[{"width":2654,"height":1496,"url":"https:\/\/www.centrocliniconemo.it\/wp-content\/uploads\/2023\/11\/Ada_Laboratorio-didattico_16-min.png","type":"image\/png"}],"author":"Luca Biondi","twitter_card":"summary_large_image","twitter_title":"SMAgliante ADA: 3 anni nelle scuole per educare all'inclusione e al valore di ognuno di noi","twitter_description":"Milano, 29 novembre 2023 \u2013 Con un tour nelle scuole elementari e medie di Veneto, Lombardia e Toscana si conclude il percorso tra i banchi di scuola della campagna educazionale \u201cLa SMAgliante Ada\u201d, che in questi tre anni ha visto Ada, la cagnolina protagonista delle avventure della trilogia di fumetti, raccontare ai coetanei di tutta Italia l\u2019esperienza quotidiana del vivere con la SMA, l\u2019atrofia muscolare spinale.","twitter_image":"https:\/\/www.centrocliniconemo.it\/wp-content\/uploads\/2023\/11\/Ada_Laboratorio-didattico_16-min.png","twitter_creator":"@CentroNemo","twitter_site":"@CentroNemo","twitter_misc":{"Written by":"Luca Biondi","Est. reading time":"8 minutes"},"schema":{"@context":"https:\/\/schema.org","@graph":[{"@type":"Article","@id":"https:\/\/www.centrocliniconemo.it\/en\/blog\/smagliante-ada-un-viaggio-lungo-3-anni-tra-i-banchi-di-scuola-per-educare-allinclusione-sociale-e-al-valore-dellunicita-della-persona\/#article","isPartOf":{"@id":"https:\/\/www.centrocliniconemo.it\/en\/blog\/smagliante-ada-un-viaggio-lungo-3-anni-tra-i-banchi-di-scuola-per-educare-allinclusione-sociale-e-al-valore-dellunicita-della-persona\/"},"author":{"name":"Luca Biondi","@id":"https:\/\/www.centrocliniconemo.it\/en\/#\/schema\/person\/9331a87c0a8ee435c61f5dd498531434"},"headline":"SMAgliante ADA: un viaggio lungo 3 anni tra i banchi di scuola per educare all&#8217;inclusione sociale e al valore dell&#8217;unicit\u00e0 della persona","datePublished":"2023-11-29T16:39:58+00:00","dateModified":"2023-12-12T08:45:34+00:00","mainEntityOfPage":{"@id":"https:\/\/www.centrocliniconemo.it\/en\/blog\/smagliante-ada-un-viaggio-lungo-3-anni-tra-i-banchi-di-scuola-per-educare-allinclusione-sociale-e-al-valore-dellunicita-della-persona\/"},"wordCount":1094,"publisher":{"@id":"https:\/\/www.centrocliniconemo.it\/en\/#organization"},"image":{"@id":"https:\/\/www.centrocliniconemo.it\/en\/blog\/smagliante-ada-un-viaggio-lungo-3-anni-tra-i-banchi-di-scuola-per-educare-allinclusione-sociale-e-al-valore-dellunicita-della-persona\/#primaryimage"},"thumbnailUrl":"https:\/\/www.centrocliniconemo.it\/wp-content\/uploads\/2023\/11\/Ada_Laboratorio-didattico_5-min.png","keywords":["NeMO Ancona","NeMO Brescia","NeMo Genova","NeMO Milano","NeMO Napoli","NeMO Roma","NeMO Trento","NEMOLAB"],"articleSection":["Cura, ricerca e formazione","Iniziative ed eventi","Storie di NeMO"],"inLanguage":"en-US"},{"@type":"WebPage","@id":"https:\/\/www.centrocliniconemo.it\/en\/blog\/smagliante-ada-un-viaggio-lungo-3-anni-tra-i-banchi-di-scuola-per-educare-allinclusione-sociale-e-al-valore-dellunicita-della-persona\/","url":"https:\/\/www.centrocliniconemo.it\/en\/blog\/smagliante-ada-un-viaggio-lungo-3-anni-tra-i-banchi-di-scuola-per-educare-allinclusione-sociale-e-al-valore-dellunicita-della-persona\/","name":"SMAgliante ADA: un viaggio lungo 3 anni tra i banchi di scuola per educare all'inclusione sociale e al valore dell'unicit\u00e0 della persona - Centro Clinico NeMO","isPartOf":{"@id":"https:\/\/www.centrocliniconemo.it\/en\/#website"},"primaryImageOfPage":{"@id":"https:\/\/www.centrocliniconemo.it\/en\/blog\/smagliante-ada-un-viaggio-lungo-3-anni-tra-i-banchi-di-scuola-per-educare-allinclusione-sociale-e-al-valore-dellunicita-della-persona\/#primaryimage"},"image":{"@id":"https:\/\/www.centrocliniconemo.it\/en\/blog\/smagliante-ada-un-viaggio-lungo-3-anni-tra-i-banchi-di-scuola-per-educare-allinclusione-sociale-e-al-valore-dellunicita-della-persona\/#primaryimage"},"thumbnailUrl":"https:\/\/www.centrocliniconemo.it\/wp-content\/uploads\/2023\/11\/Ada_Laboratorio-didattico_5-min.png","datePublished":"2023-11-29T16:39:58+00:00","dateModified":"2023-12-12T08:45:34+00:00","breadcrumb":{"@id":"https:\/\/www.centrocliniconemo.it\/en\/blog\/smagliante-ada-un-viaggio-lungo-3-anni-tra-i-banchi-di-scuola-per-educare-allinclusione-sociale-e-al-valore-dellunicita-della-persona\/#breadcrumb"},"inLanguage":"en-US","potentialAction":[{"@type":"ReadAction","target":["https:\/\/www.centrocliniconemo.it\/en\/blog\/smagliante-ada-un-viaggio-lungo-3-anni-tra-i-banchi-di-scuola-per-educare-allinclusione-sociale-e-al-valore-dellunicita-della-persona\/"]}]},{"@type":"ImageObject","inLanguage":"en-US","@id":"https:\/\/www.centrocliniconemo.it\/en\/blog\/smagliante-ada-un-viaggio-lungo-3-anni-tra-i-banchi-di-scuola-per-educare-allinclusione-sociale-e-al-valore-dellunicita-della-persona\/#primaryimage","url":"https:\/\/www.centrocliniconemo.it\/wp-content\/uploads\/2023\/11\/Ada_Laboratorio-didattico_5-min.png","contentUrl":"https:\/\/www.centrocliniconemo.it\/wp-content\/uploads\/2023\/11\/Ada_Laboratorio-didattico_5-min.png","width":2656,"height":1492},{"@type":"BreadcrumbList","@id":"https:\/\/www.centrocliniconemo.it\/en\/blog\/smagliante-ada-un-viaggio-lungo-3-anni-tra-i-banchi-di-scuola-per-educare-allinclusione-sociale-e-al-valore-dellunicita-della-persona\/#breadcrumb","itemListElement":[{"@type":"ListItem","position":1,"name":"Home","item":"https:\/\/www.centrocliniconemo.it\/en\/"},{"@type":"ListItem","position":2,"name":"SMAgliante ADA: un viaggio lungo 3 anni tra i banchi di scuola per educare all&#8217;inclusione sociale e al valore dell&#8217;unicit\u00e0 della persona"}]},{"@type":"WebSite","@id":"https:\/\/www.centrocliniconemo.it\/en\/#website","url":"https:\/\/www.centrocliniconemo.it\/en\/","name":"Centro Clinico NeMO","description":"Il paziente al centro","publisher":{"@id":"https:\/\/www.centrocliniconemo.it\/en\/#organization"},"potentialAction":[{"@type":"SearchAction","target":{"@type":"EntryPoint","urlTemplate":"https:\/\/www.centrocliniconemo.it\/en\/?s={search_term_string}"},"query-input":{"@type":"PropertyValueSpecification","valueRequired":true,"valueName":"search_term_string"}}],"inLanguage":"en-US"},{"@type":"Organization","@id":"https:\/\/www.centrocliniconemo.it\/en\/#organization","name":"Centro Clinico NeMO - Fondazione Serena Onlus","url":"https:\/\/www.centrocliniconemo.it\/en\/","logo":{"@type":"ImageObject","inLanguage":"en-US","@id":"https:\/\/www.centrocliniconemo.it\/en\/#\/schema\/logo\/image\/","url":"https:\/\/www.centrocliniconemo.it\/wp-content\/uploads\/2023\/03\/logo-nemo.svg","contentUrl":"https:\/\/www.centrocliniconemo.it\/wp-content\/uploads\/2023\/03\/logo-nemo.svg","width":272,"height":109.142,"caption":"Centro Clinico NeMO - Fondazione Serena Onlus"},"image":{"@id":"https:\/\/www.centrocliniconemo.it\/en\/#\/schema\/logo\/image\/"},"sameAs":["https:\/\/www.facebook.com\/CentroNEMOItalia","https:\/\/x.com\/CentroNemo","https:\/\/www.linkedin.com\/company\/centrocliniconemo\/","https:\/\/www.instagram.com\/centrocliniconemo\/"]},{"@type":"Person","@id":"https:\/\/www.centrocliniconemo.it\/en\/#\/schema\/person\/9331a87c0a8ee435c61f5dd498531434","name":"Luca Biondi","image":{"@type":"ImageObject","inLanguage":"en-US","@id":"https:\/\/secure.gravatar.com\/avatar\/0488b88829885ebcc9896de947265b69d2979e6dc4666b1e2c3d4fbf8dc73d77?s=96&d=mm&r=g","url":"https:\/\/secure.gravatar.com\/avatar\/0488b88829885ebcc9896de947265b69d2979e6dc4666b1e2c3d4fbf8dc73d77?s=96&d=mm&r=g","contentUrl":"https:\/\/secure.gravatar.com\/avatar\/0488b88829885ebcc9896de947265b69d2979e6dc4666b1e2c3d4fbf8dc73d77?s=96&d=mm&r=g","caption":"Luca Biondi"}}]}},"_links":{"self":[{"href":"https:\/\/www.centrocliniconemo.it\/en\/wp-json\/wp\/v2\/posts\/20523","targetHints":{"allow":["GET"]}}],"collection":[{"href":"https:\/\/www.centrocliniconemo.it\/en\/wp-json\/wp\/v2\/posts"}],"about":[{"href":"https:\/\/www.centrocliniconemo.it\/en\/wp-json\/wp\/v2\/types\/post"}],"author":[{"embeddable":true,"href":"https:\/\/www.centrocliniconemo.it\/en\/wp-json\/wp\/v2\/users\/2"}],"replies":[{"embeddable":true,"href":"https:\/\/www.centrocliniconemo.it\/en\/wp-json\/wp\/v2\/comments?post=20523"}],"version-history":[{"count":0,"href":"https:\/\/www.centrocliniconemo.it\/en\/wp-json\/wp\/v2\/posts\/20523\/revisions"}],"wp:featuredmedia":[{"embeddable":true,"href":"https:\/\/www.centrocliniconemo.it\/en\/wp-json\/wp\/v2\/media\/20548"}],"wp:attachment":[{"href":"https:\/\/www.centrocliniconemo.it\/en\/wp-json\/wp\/v2\/media?parent=20523"}],"wp:term":[{"taxonomy":"category","embeddable":true,"href":"https:\/\/www.centrocliniconemo.it\/en\/wp-json\/wp\/v2\/categories?post=20523"},{"taxonomy":"post_tag","embeddable":true,"href":"https:\/\/www.centrocliniconemo.it\/en\/wp-json\/wp\/v2\/tags?post=20523"}],"curies":[{"name":"wp","href":"https:\/\/api.w.org\/{rel}","templated":true}]}}