{"id":13704,"date":"2023-06-30T13:03:52","date_gmt":"2023-06-30T13:03:52","guid":{"rendered":"https:\/\/www.centrocliniconemo.it\/blog\/malattie-rare-intervento-cataratta-sla"},"modified":"2023-07-19T16:36:44","modified_gmt":"2023-07-19T16:36:44","slug":"malattie-rare-intervento-cataratta-sla","status":"publish","type":"post","link":"https:\/\/www.centrocliniconemo.it\/en\/blog\/malattie-rare-intervento-cataratta-sla\/","title":{"rendered":"Malattie Rare: In Italia effettuato con successo l\u2019intervento di cataratta su una persona con SLA"},"content":{"rendered":"\n<p class=\"has-text-align-justify\"><em>Milano, 30 giugno 2023<\/em> \u2013 <strong>Quello di Attilio Fornoni \u00e8<\/strong> <strong>un traguardo straordinario che cambier\u00e0 la storia della capacit\u00e0 di cura della malattia, per garantire sempre di pi\u00f9 una migliore qualit\u00e0 di vita<\/strong>. Il puntamento oculare \u00e8 l\u2019ultimo movimento che permette alle persone con Sla, nelle fasi pi\u00f9 avanzate della malattia, di comunicare. La compromissione dell\u2019occhio chiuderebbe ogni possibilit\u00e0 di relazionarsi con i propri cari e con il mondo esterno. <strong>Un lavoro di tre \u00e9quipe che si sono alleate &#8211; <\/strong>quella multidisciplinare esperta sulle patologie neuromuscolari dei <strong>Centri Clinici NeMO<\/strong>, quella dell\u2019innovazione tecnologica avanzata di <strong>NEMO Lab<\/strong> e quella specialistica della <a href=\"https:\/\/www.sacrafamiglia.org\" class=\"ek-link\"><strong>Fondazione Sacra Famiglia<\/strong> di Cesano Boscone<\/a> &#8211; <strong>ha portato a termine con successo un intervento di cataratta, ripristinando una visione nitida, fondamentale quando la malattia impone di comunicare attraverso gli occhi<\/strong>.&nbsp;<\/p>\n\n\n\n<p class=\"has-text-align-justify\">Se oggi, infatti, il trattamento di rimozione della cataratta rappresenta l\u2019intervento chirurgico oculare pi\u00f9 diffuso \u2013 si tratta di circa l\u201987% degli interventi agli occhi \u2013 <strong>quello<\/strong> <strong>compiuto al signor Fornoni, che dal 2009 convive con la Sclerosi Laterale Amiotrofica, \u00e8 raro e di straordinaria importanza<\/strong>.<\/p>\n\n\n\n<figure class=\"wp-block-image size-full\"><img decoding=\"async\" src=\"https:\/\/www.centrocliniconemo.it\/wp-content\/uploads\/2023\/07\/Da-sx_F.-Cozza_D.-Mazzacane_Luca-Munari-direttore-sanitario-NEMOLab_la-moglie-e-il-figlio-del-sig.-Fornoni-e1688130154246.jpg\" alt=\" class=\" class=\"wp-image-5676\"\/><\/figure>\n\n\n\n<p class=\"has-text-align-justify\"><em>Per una patologia complessa come la Sla, che ha un impatto importante sulla vita della persona e sul suo sistema di relazioni, il percorso di presa in carico deve porsi come priorit\u00e0 l\u2019attenzione a quei dettagli del vivere quotidiano che ne garantiscono la dignit\u00e0 &#8211; <\/em>dichiara <strong>Alberto Fontana, presidente dei <a href=\"http:\/\/centrocliniconemo.it\" class=\"ek-link\">Centri Clinici NeMO<\/a><\/strong>, che continua \u2013 <em>Ecco perch\u00e9 preservare la salute visiva significa prima di tutto rispondere al desiderio primario di continuare a costruire relazioni sociali, permettendo di utilizzare al meglio i sistemi di comunicazione aumentativa alternativa.&nbsp; &nbsp; &nbsp;<\/em><\/p>\n\n\n\n<p class=\"has-text-align-justify\">La presa in carico visiva, infatti, dovrebbe essere parte integrante della presa in carico multidisciplinare per patologie complesse come la Sla. <strong>Dal 2016, al Centro Clinico NeMO di Milano \u00e8 attivo il servizio optometrico coordinato dalla dott.ssa Federica Cozza e oggi, grazie alla collaborazione con il dott. Danilo Mazzacane, medico oculista, anche laboratorio di ricerca e cura di <a href=\"http:\/\/nemolab.it\" class=\"ek-link\">NEMO Lab,<\/a> <\/strong>l\u2019hub di ricerca tecnologica nato nel 2021 nel solco dell\u2019esperienza sulle patologie neuromuscolare del network NeMO.<\/p>\n\n\n\n<p class=\"has-text-align-justify\"><strong>In questi anni sono 958 le valutazioni effettuate dal servizio, di cui oltre 750 per persone con SLA<\/strong>. La presa in carico della funzione visiva avviene dalla diagnosi per tutto il percorso di malattia: valutazioni e follow up periodici; adattamento dei protocolli e degli strumenti di valutazione oftalmica in funzione di chi vive una disabilit\u00e0 motoria grave e che in altro modo non potrebbe accedervi; ricerca scientifica, sono la cifra che definiscono l\u2019esperienza dei Centri NeMO e NEMO Lab per la cura del sistema visivo.<\/p>\n\n\n\n<figure class=\"wp-block-image size-full\"><img decoding=\"async\" src=\"https:\/\/www.centrocliniconemo.it\/wp-content\/uploads\/2023\/07\/M.Gio_D.Mazzacane_F.-Norcia_F.-Cozza_-e1688130199218.jpg\" alt=\" class=\" class=\"wp-image-5675\"\/><\/figure>\n\n\n\n<p class=\"has-text-align-justify\"><em>\u201cIl monitoraggio visivo del signor Fornoni, come avviene con tutti i pazienti, ha permesso di valutare con lui come gli occhiali non dessero pi\u00f9 alcun beneficio \u2013 <\/em>spiega <strong>Danilo Mazzacane, medico oculista consulente di NEMO Lab e della <a href=\"https:\/\/www.ambrosianacdc.it\" class=\"ek-link\">Casa di Cura Ambrosiana<\/a> &#8211;<\/strong><em> La scarsa acutezza visiva richiedeva, infatti, la necessit\u00e0 di ingrandire molto i caratteri sullo schermo del suo comunicatore, rendendo ancora pi\u00f9 difficoltose le interazioni sociali. L\u2019intervento di cataratta gli consentir\u00e0 di avere una visione pi\u00f9 nitida, riprendendo quindi un utilizzo efficace del comunicatore. Siamo felici perch\u00e9 il successo dell\u2019intervento migliorer\u00e0 di fatto la sua qualit\u00e0 di vita\u201d.<\/em><\/p>\n\n\n\n<p class=\"has-text-align-justify\"><strong>Dalla diagnosi tempestiva all\u2019intervento, dunque, grazie alla sinergia con la Casa di Cura Ambrosiana della Fondazione Sacra Famiglia<\/strong>, la cui vocazione per la cura quotidiana della fragilit\u00e0 ha offerto l\u2019ambiente pi\u00f9 adatto per questo tipo di prestazioni, volte a dare un nuovo valore alla qualit\u00e0 di vita quotidiana.&nbsp;<\/p>\n\n\n\n<p class=\"has-text-align-justify\"><em>Il riuscito modello di intervento segnala la peculiarit\u00e0 dell\u2019assistenza specialistica e della competenza specifica nel trattamento delle persone con diversi gradi di disabilit\u00e0. &#8211; <\/em>sottolinea <strong>la Presidente della<\/strong> <strong>Casa di Cura Ambrosiana della Fondazione Sacra Famiglia, Mariapia Garavaglia, <\/strong>che continua &#8211;<em> Non \u00e8 in dubbio l\u2019eccellenza di altre aziende ospedaliere della citt\u00e0 ma \u00e8 un fatto che la nostra struttura sa accogliere e curare in maniera adeguata le persone che presentano qualche fragilit\u00e0. L\u2019episodio segnalato dimostra che Casa di Cura Ambrosiana, con l&#8217;esperienza acquisita nel tempo a servizio anche degli ospiti di Fondazione Sacra Famiglia,&nbsp;si propone per essere con la sua capacit\u00e0 organizzativa ed il suo personale quell\u2019\u00abOspedale delle disabilit\u00e0\u00bb di cui il SSN ha bisogno\u201d.<\/em><\/p>\n\n\n\n<p class=\"has-text-align-justify\">Nel mese in cui si \u00e8 celebrato in tutto il mondo lo Sla Global Day, la <strong>presidente nazionale <a href=\"http:\/\/aisla.it\" class=\"ek-link\">AISLA<\/a>, Fulvia Massimelli, <\/strong>commenta: \u201c<em>Un risultato importante<\/em> <em>che sottolinea ancora una volta quanto sia determinante il processo di condivisione delle competenze scientifiche, cliniche e specialistiche. La Sla mortifica il nostro corpo, rendendolo immobile. Una condizione estrema che impone il bisogno di preservare i nostri occhi, unico strumento che ci permette di continuare a comunicare. Laddove non \u00e8 ancora possibile guarire, dunque, la storia del signor Fornoni ci racconta quanto sia essenziale saper prendersi cura, a tutela e garanzia della nostra qualit\u00e0 di vita\u201d.<\/em><\/p>\n\n\n\n<p class=\"has-text-align-justify\">L\u2019eccezionalit\u00e0 dell\u2019intervento, infatti, effettuato dalla <strong>dott.ssa Felicita Norcia<\/strong> dell\u2019\u00e9quipe di chirurgia oftalmica della Casa di Cura, coordinata dal <strong>dott. Mario Gi\u00f2<\/strong>, \u00e8 data proprio dalla complessit\u00e0 dei bisogni clinici di una persona con Sla, che ha richiesto un percorso assistito di un team multiprofessionale dei tre Centri: <strong>optometrista,<\/strong> <strong>oculista<\/strong>, <strong>neurologo<\/strong>, <strong>pneumologo<\/strong> e <strong>anestesista<\/strong> hanno lavorato in sinergia per monitorare l\u2019intero processo. Al loro fianco, la moglie di Attilio Fornoni, la signora Elvira, ed il figlio, Eliano Fornoni, caregiver esperto che ha accompagnato il padre anche durante l\u2019intervento, per trasferire all\u2019\u00e9quipe clinica ogni sua necessit\u00e0.<\/p>\n\n\n\n<p class=\"has-text-align-justify\">Una storia di successo e di speranza, dunque, che racconta l\u2019efficacia di quell\u2019alleanza capace di generare nuove opportunit\u00e0 di cura, con competenza e passione, per dare valore alla qualit\u00e0 di vita.&nbsp;<\/p>\n\n\n\n<figure class=\"wp-block-image size-full\"><img decoding=\"async\" src=\"https:\/\/www.centrocliniconemo.it\/wp-content\/uploads\/2023\/07\/Da-sx_D.-Mazzacane_F.-Cozza_Massimo-Croci_pneumologo-Centro-NeMO-Milano_Valeria-Sansone-direttore-clinico-scientifico-Centro-NeMO-Milano-e1688130306313.jpg\" alt=\" class=\" class=\"wp-image-5677\"\/><\/figure>\n","protected":false},"excerpt":{"rendered":"<p>Milano, 30 giugno 2023 \u2013 Quello di Attilio Fornoni \u00e8 un traguardo straordinario che cambier\u00e0 la storia della capacit\u00e0 di cura della malattia, per garantire sempre di pi\u00f9 una migliore qualit\u00e0 di vita. Il puntamento oculare \u00e8 l\u2019ultimo movimento che permette alle persone con Sla, nelle fasi pi\u00f9 avanzate della malattia, di comunicare. La compromissione [&hellip;]<\/p>\n","protected":false},"author":2,"featured_media":10687,"comment_status":"closed","ping_status":"closed","sticky":false,"template":"","format":"standard","meta":{"pgc_sgb_lightbox_settings":"","footnotes":""},"categories":[28,1],"tags":[18],"class_list":["post-13704","post","type-post","status-publish","format-standard","has-post-thumbnail","hentry","category-cura-ricerca-e-formazione","category-storie-di-nemo","tag-nemo-milano"],"yoast_head":"<!-- This site is optimized with the Yoast SEO plugin v27.4 - https:\/\/yoast.com\/product\/yoast-seo-wordpress\/ -->\n<title>Malattie Rare: In Italia effettuato con successo l\u2019intervento di cataratta su una persona con SLA - Centro Clinico NeMO<\/title>\n<meta name=\"robots\" content=\"index, follow, max-snippet:-1, max-image-preview:large, max-video-preview:-1\" \/>\n<link rel=\"canonical\" href=\"https:\/\/www.centrocliniconemo.it\/en\/blog\/malattie-rare-intervento-cataratta-sla\/\" \/>\n<meta property=\"og:locale\" content=\"en_US\" \/>\n<meta property=\"og:type\" content=\"article\" \/>\n<meta property=\"og:title\" content=\"Malattie Rare: In Italia effettuato con successo l\u2019intervento di cataratta su una persona con SLA - Centro Clinico NeMO\" \/>\n<meta property=\"og:description\" content=\"Milano, 30 giugno 2023 \u2013 Quello di Attilio Fornoni \u00e8 un traguardo straordinario che cambier\u00e0 la storia della capacit\u00e0 di cura della malattia, per garantire sempre di pi\u00f9 una migliore qualit\u00e0 di vita. Il puntamento oculare \u00e8 l\u2019ultimo movimento che permette alle persone con Sla, nelle fasi pi\u00f9 avanzate della malattia, di comunicare. La compromissione [&hellip;]\" \/>\n<meta property=\"og:url\" content=\"https:\/\/www.centrocliniconemo.it\/en\/blog\/malattie-rare-intervento-cataratta-sla\/\" \/>\n<meta property=\"og:site_name\" content=\"Centro Clinico NeMO\" \/>\n<meta property=\"article:publisher\" content=\"https:\/\/www.facebook.com\/CentroNEMOItalia\" \/>\n<meta property=\"article:published_time\" content=\"2023-06-30T13:03:52+00:00\" \/>\n<meta property=\"article:modified_time\" content=\"2023-07-19T16:36:44+00:00\" \/>\n<meta property=\"og:image\" content=\"https:\/\/www.centrocliniconemo.it\/wp-content\/uploads\/2023\/07\/Da-sx_D.-Mazzacane_F.-Cozza_Massimo-Croci_pneumologo-Centro-NeMO-Milano_Valeria-Sansone-direttore-clinico-scientifico-Centro-NeMO-Milano-copia.jpg\" \/>\n\t<meta property=\"og:image:width\" content=\"1500\" \/>\n\t<meta property=\"og:image:height\" content=\"1170\" \/>\n\t<meta property=\"og:image:type\" content=\"image\/jpeg\" \/>\n<meta name=\"author\" content=\"Luca Biondi\" \/>\n<meta name=\"twitter:card\" content=\"summary_large_image\" \/>\n<meta name=\"twitter:creator\" content=\"@CentroNemo\" \/>\n<meta name=\"twitter:site\" content=\"@CentroNemo\" \/>\n<meta name=\"twitter:label1\" content=\"Written by\" \/>\n\t<meta name=\"twitter:data1\" content=\"Luca Biondi\" \/>\n\t<meta name=\"twitter:label2\" content=\"Est. reading time\" \/>\n\t<meta name=\"twitter:data2\" content=\"6 minutes\" \/>\n<script type=\"application\/ld+json\" class=\"yoast-schema-graph\">{\"@context\":\"https:\\\/\\\/schema.org\",\"@graph\":[{\"@type\":\"Article\",\"@id\":\"https:\\\/\\\/www.centrocliniconemo.it\\\/en\\\/blog\\\/malattie-rare-intervento-cataratta-sla\\\/#article\",\"isPartOf\":{\"@id\":\"https:\\\/\\\/www.centrocliniconemo.it\\\/en\\\/blog\\\/malattie-rare-intervento-cataratta-sla\\\/\"},\"author\":{\"name\":\"Luca Biondi\",\"@id\":\"https:\\\/\\\/www.centrocliniconemo.it\\\/en\\\/#\\\/schema\\\/person\\\/9331a87c0a8ee435c61f5dd498531434\"},\"headline\":\"Malattie Rare: In Italia effettuato con successo l\u2019intervento di cataratta su una persona con SLA\",\"datePublished\":\"2023-06-30T13:03:52+00:00\",\"dateModified\":\"2023-07-19T16:36:44+00:00\",\"mainEntityOfPage\":{\"@id\":\"https:\\\/\\\/www.centrocliniconemo.it\\\/en\\\/blog\\\/malattie-rare-intervento-cataratta-sla\\\/\"},\"wordCount\":946,\"publisher\":{\"@id\":\"https:\\\/\\\/www.centrocliniconemo.it\\\/en\\\/#organization\"},\"image\":{\"@id\":\"https:\\\/\\\/www.centrocliniconemo.it\\\/en\\\/blog\\\/malattie-rare-intervento-cataratta-sla\\\/#primaryimage\"},\"thumbnailUrl\":\"https:\\\/\\\/www.centrocliniconemo.it\\\/wp-content\\\/uploads\\\/2023\\\/07\\\/Da-sx_D.-Mazzacane_F.-Cozza_Massimo-Croci_pneumologo-Centro-NeMO-Milano_Valeria-Sansone-direttore-clinico-scientifico-Centro-NeMO-Milano-copia.jpg\",\"keywords\":[\"NeMO Milano\"],\"articleSection\":[\"Cura, ricerca e formazione\",\"Storie di NeMO\"],\"inLanguage\":\"en-US\"},{\"@type\":\"WebPage\",\"@id\":\"https:\\\/\\\/www.centrocliniconemo.it\\\/en\\\/blog\\\/malattie-rare-intervento-cataratta-sla\\\/\",\"url\":\"https:\\\/\\\/www.centrocliniconemo.it\\\/en\\\/blog\\\/malattie-rare-intervento-cataratta-sla\\\/\",\"name\":\"Malattie Rare: In Italia effettuato con successo l\u2019intervento di cataratta su una persona con SLA - Centro Clinico NeMO\",\"isPartOf\":{\"@id\":\"https:\\\/\\\/www.centrocliniconemo.it\\\/en\\\/#website\"},\"primaryImageOfPage\":{\"@id\":\"https:\\\/\\\/www.centrocliniconemo.it\\\/en\\\/blog\\\/malattie-rare-intervento-cataratta-sla\\\/#primaryimage\"},\"image\":{\"@id\":\"https:\\\/\\\/www.centrocliniconemo.it\\\/en\\\/blog\\\/malattie-rare-intervento-cataratta-sla\\\/#primaryimage\"},\"thumbnailUrl\":\"https:\\\/\\\/www.centrocliniconemo.it\\\/wp-content\\\/uploads\\\/2023\\\/07\\\/Da-sx_D.-Mazzacane_F.-Cozza_Massimo-Croci_pneumologo-Centro-NeMO-Milano_Valeria-Sansone-direttore-clinico-scientifico-Centro-NeMO-Milano-copia.jpg\",\"datePublished\":\"2023-06-30T13:03:52+00:00\",\"dateModified\":\"2023-07-19T16:36:44+00:00\",\"breadcrumb\":{\"@id\":\"https:\\\/\\\/www.centrocliniconemo.it\\\/en\\\/blog\\\/malattie-rare-intervento-cataratta-sla\\\/#breadcrumb\"},\"inLanguage\":\"en-US\",\"potentialAction\":[{\"@type\":\"ReadAction\",\"target\":[\"https:\\\/\\\/www.centrocliniconemo.it\\\/en\\\/blog\\\/malattie-rare-intervento-cataratta-sla\\\/\"]}]},{\"@type\":\"ImageObject\",\"inLanguage\":\"en-US\",\"@id\":\"https:\\\/\\\/www.centrocliniconemo.it\\\/en\\\/blog\\\/malattie-rare-intervento-cataratta-sla\\\/#primaryimage\",\"url\":\"https:\\\/\\\/www.centrocliniconemo.it\\\/wp-content\\\/uploads\\\/2023\\\/07\\\/Da-sx_D.-Mazzacane_F.-Cozza_Massimo-Croci_pneumologo-Centro-NeMO-Milano_Valeria-Sansone-direttore-clinico-scientifico-Centro-NeMO-Milano-copia.jpg\",\"contentUrl\":\"https:\\\/\\\/www.centrocliniconemo.it\\\/wp-content\\\/uploads\\\/2023\\\/07\\\/Da-sx_D.-Mazzacane_F.-Cozza_Massimo-Croci_pneumologo-Centro-NeMO-Milano_Valeria-Sansone-direttore-clinico-scientifico-Centro-NeMO-Milano-copia.jpg\",\"width\":1500,\"height\":1170},{\"@type\":\"BreadcrumbList\",\"@id\":\"https:\\\/\\\/www.centrocliniconemo.it\\\/en\\\/blog\\\/malattie-rare-intervento-cataratta-sla\\\/#breadcrumb\",\"itemListElement\":[{\"@type\":\"ListItem\",\"position\":1,\"name\":\"Home\",\"item\":\"https:\\\/\\\/www.centrocliniconemo.it\\\/en\\\/\"},{\"@type\":\"ListItem\",\"position\":2,\"name\":\"Malattie Rare: In Italia effettuato con successo l\u2019intervento di cataratta su una persona con SLA\"}]},{\"@type\":\"WebSite\",\"@id\":\"https:\\\/\\\/www.centrocliniconemo.it\\\/en\\\/#website\",\"url\":\"https:\\\/\\\/www.centrocliniconemo.it\\\/en\\\/\",\"name\":\"Centro Clinico NeMO\",\"description\":\"Il paziente al centro\",\"publisher\":{\"@id\":\"https:\\\/\\\/www.centrocliniconemo.it\\\/en\\\/#organization\"},\"potentialAction\":[{\"@type\":\"SearchAction\",\"target\":{\"@type\":\"EntryPoint\",\"urlTemplate\":\"https:\\\/\\\/www.centrocliniconemo.it\\\/en\\\/?s={search_term_string}\"},\"query-input\":{\"@type\":\"PropertyValueSpecification\",\"valueRequired\":true,\"valueName\":\"search_term_string\"}}],\"inLanguage\":\"en-US\"},{\"@type\":\"Organization\",\"@id\":\"https:\\\/\\\/www.centrocliniconemo.it\\\/en\\\/#organization\",\"name\":\"Centro Clinico NeMO - Fondazione Serena Onlus\",\"url\":\"https:\\\/\\\/www.centrocliniconemo.it\\\/en\\\/\",\"logo\":{\"@type\":\"ImageObject\",\"inLanguage\":\"en-US\",\"@id\":\"https:\\\/\\\/www.centrocliniconemo.it\\\/en\\\/#\\\/schema\\\/logo\\\/image\\\/\",\"url\":\"https:\\\/\\\/www.centrocliniconemo.it\\\/wp-content\\\/uploads\\\/2023\\\/03\\\/logo-nemo.svg\",\"contentUrl\":\"https:\\\/\\\/www.centrocliniconemo.it\\\/wp-content\\\/uploads\\\/2023\\\/03\\\/logo-nemo.svg\",\"width\":272,\"height\":109.142,\"caption\":\"Centro Clinico NeMO - Fondazione Serena Onlus\"},\"image\":{\"@id\":\"https:\\\/\\\/www.centrocliniconemo.it\\\/en\\\/#\\\/schema\\\/logo\\\/image\\\/\"},\"sameAs\":[\"https:\\\/\\\/www.facebook.com\\\/CentroNEMOItalia\",\"https:\\\/\\\/x.com\\\/CentroNemo\",\"https:\\\/\\\/www.linkedin.com\\\/company\\\/centrocliniconemo\\\/\",\"https:\\\/\\\/www.instagram.com\\\/centrocliniconemo\\\/\"]},{\"@type\":\"Person\",\"@id\":\"https:\\\/\\\/www.centrocliniconemo.it\\\/en\\\/#\\\/schema\\\/person\\\/9331a87c0a8ee435c61f5dd498531434\",\"name\":\"Luca Biondi\",\"image\":{\"@type\":\"ImageObject\",\"inLanguage\":\"en-US\",\"@id\":\"https:\\\/\\\/secure.gravatar.com\\\/avatar\\\/0488b88829885ebcc9896de947265b69d2979e6dc4666b1e2c3d4fbf8dc73d77?s=96&d=mm&r=g\",\"url\":\"https:\\\/\\\/secure.gravatar.com\\\/avatar\\\/0488b88829885ebcc9896de947265b69d2979e6dc4666b1e2c3d4fbf8dc73d77?s=96&d=mm&r=g\",\"contentUrl\":\"https:\\\/\\\/secure.gravatar.com\\\/avatar\\\/0488b88829885ebcc9896de947265b69d2979e6dc4666b1e2c3d4fbf8dc73d77?s=96&d=mm&r=g\",\"caption\":\"Luca Biondi\"}}]}<\/script>\n<!-- \/ Yoast SEO plugin. -->","yoast_head_json":{"title":"Malattie Rare: In Italia effettuato con successo l\u2019intervento di cataratta su una persona con SLA - Centro Clinico NeMO","robots":{"index":"index","follow":"follow","max-snippet":"max-snippet:-1","max-image-preview":"max-image-preview:large","max-video-preview":"max-video-preview:-1"},"canonical":"https:\/\/www.centrocliniconemo.it\/en\/blog\/malattie-rare-intervento-cataratta-sla\/","og_locale":"en_US","og_type":"article","og_title":"Malattie Rare: In Italia effettuato con successo l\u2019intervento di cataratta su una persona con SLA - Centro Clinico NeMO","og_description":"Milano, 30 giugno 2023 \u2013 Quello di Attilio Fornoni \u00e8 un traguardo straordinario che cambier\u00e0 la storia della capacit\u00e0 di cura della malattia, per garantire sempre di pi\u00f9 una migliore qualit\u00e0 di vita. Il puntamento oculare \u00e8 l\u2019ultimo movimento che permette alle persone con Sla, nelle fasi pi\u00f9 avanzate della malattia, di comunicare. La compromissione [&hellip;]","og_url":"https:\/\/www.centrocliniconemo.it\/en\/blog\/malattie-rare-intervento-cataratta-sla\/","og_site_name":"Centro Clinico NeMO","article_publisher":"https:\/\/www.facebook.com\/CentroNEMOItalia","article_published_time":"2023-06-30T13:03:52+00:00","article_modified_time":"2023-07-19T16:36:44+00:00","og_image":[{"width":1500,"height":1170,"url":"https:\/\/www.centrocliniconemo.it\/wp-content\/uploads\/2023\/07\/Da-sx_D.-Mazzacane_F.-Cozza_Massimo-Croci_pneumologo-Centro-NeMO-Milano_Valeria-Sansone-direttore-clinico-scientifico-Centro-NeMO-Milano-copia.jpg","type":"image\/jpeg"}],"author":"Luca Biondi","twitter_card":"summary_large_image","twitter_creator":"@CentroNemo","twitter_site":"@CentroNemo","twitter_misc":{"Written by":"Luca Biondi","Est. reading time":"6 minutes"},"schema":{"@context":"https:\/\/schema.org","@graph":[{"@type":"Article","@id":"https:\/\/www.centrocliniconemo.it\/en\/blog\/malattie-rare-intervento-cataratta-sla\/#article","isPartOf":{"@id":"https:\/\/www.centrocliniconemo.it\/en\/blog\/malattie-rare-intervento-cataratta-sla\/"},"author":{"name":"Luca Biondi","@id":"https:\/\/www.centrocliniconemo.it\/en\/#\/schema\/person\/9331a87c0a8ee435c61f5dd498531434"},"headline":"Malattie Rare: In Italia effettuato con successo l\u2019intervento di cataratta su una persona con SLA","datePublished":"2023-06-30T13:03:52+00:00","dateModified":"2023-07-19T16:36:44+00:00","mainEntityOfPage":{"@id":"https:\/\/www.centrocliniconemo.it\/en\/blog\/malattie-rare-intervento-cataratta-sla\/"},"wordCount":946,"publisher":{"@id":"https:\/\/www.centrocliniconemo.it\/en\/#organization"},"image":{"@id":"https:\/\/www.centrocliniconemo.it\/en\/blog\/malattie-rare-intervento-cataratta-sla\/#primaryimage"},"thumbnailUrl":"https:\/\/www.centrocliniconemo.it\/wp-content\/uploads\/2023\/07\/Da-sx_D.-Mazzacane_F.-Cozza_Massimo-Croci_pneumologo-Centro-NeMO-Milano_Valeria-Sansone-direttore-clinico-scientifico-Centro-NeMO-Milano-copia.jpg","keywords":["NeMO Milano"],"articleSection":["Cura, ricerca e formazione","Storie di NeMO"],"inLanguage":"en-US"},{"@type":"WebPage","@id":"https:\/\/www.centrocliniconemo.it\/en\/blog\/malattie-rare-intervento-cataratta-sla\/","url":"https:\/\/www.centrocliniconemo.it\/en\/blog\/malattie-rare-intervento-cataratta-sla\/","name":"Malattie Rare: In Italia effettuato con successo l\u2019intervento di cataratta su una persona con SLA - Centro Clinico NeMO","isPartOf":{"@id":"https:\/\/www.centrocliniconemo.it\/en\/#website"},"primaryImageOfPage":{"@id":"https:\/\/www.centrocliniconemo.it\/en\/blog\/malattie-rare-intervento-cataratta-sla\/#primaryimage"},"image":{"@id":"https:\/\/www.centrocliniconemo.it\/en\/blog\/malattie-rare-intervento-cataratta-sla\/#primaryimage"},"thumbnailUrl":"https:\/\/www.centrocliniconemo.it\/wp-content\/uploads\/2023\/07\/Da-sx_D.-Mazzacane_F.-Cozza_Massimo-Croci_pneumologo-Centro-NeMO-Milano_Valeria-Sansone-direttore-clinico-scientifico-Centro-NeMO-Milano-copia.jpg","datePublished":"2023-06-30T13:03:52+00:00","dateModified":"2023-07-19T16:36:44+00:00","breadcrumb":{"@id":"https:\/\/www.centrocliniconemo.it\/en\/blog\/malattie-rare-intervento-cataratta-sla\/#breadcrumb"},"inLanguage":"en-US","potentialAction":[{"@type":"ReadAction","target":["https:\/\/www.centrocliniconemo.it\/en\/blog\/malattie-rare-intervento-cataratta-sla\/"]}]},{"@type":"ImageObject","inLanguage":"en-US","@id":"https:\/\/www.centrocliniconemo.it\/en\/blog\/malattie-rare-intervento-cataratta-sla\/#primaryimage","url":"https:\/\/www.centrocliniconemo.it\/wp-content\/uploads\/2023\/07\/Da-sx_D.-Mazzacane_F.-Cozza_Massimo-Croci_pneumologo-Centro-NeMO-Milano_Valeria-Sansone-direttore-clinico-scientifico-Centro-NeMO-Milano-copia.jpg","contentUrl":"https:\/\/www.centrocliniconemo.it\/wp-content\/uploads\/2023\/07\/Da-sx_D.-Mazzacane_F.-Cozza_Massimo-Croci_pneumologo-Centro-NeMO-Milano_Valeria-Sansone-direttore-clinico-scientifico-Centro-NeMO-Milano-copia.jpg","width":1500,"height":1170},{"@type":"BreadcrumbList","@id":"https:\/\/www.centrocliniconemo.it\/en\/blog\/malattie-rare-intervento-cataratta-sla\/#breadcrumb","itemListElement":[{"@type":"ListItem","position":1,"name":"Home","item":"https:\/\/www.centrocliniconemo.it\/en\/"},{"@type":"ListItem","position":2,"name":"Malattie Rare: In Italia effettuato con successo l\u2019intervento di cataratta su una persona con SLA"}]},{"@type":"WebSite","@id":"https:\/\/www.centrocliniconemo.it\/en\/#website","url":"https:\/\/www.centrocliniconemo.it\/en\/","name":"Centro Clinico NeMO","description":"Il paziente al centro","publisher":{"@id":"https:\/\/www.centrocliniconemo.it\/en\/#organization"},"potentialAction":[{"@type":"SearchAction","target":{"@type":"EntryPoint","urlTemplate":"https:\/\/www.centrocliniconemo.it\/en\/?s={search_term_string}"},"query-input":{"@type":"PropertyValueSpecification","valueRequired":true,"valueName":"search_term_string"}}],"inLanguage":"en-US"},{"@type":"Organization","@id":"https:\/\/www.centrocliniconemo.it\/en\/#organization","name":"Centro Clinico NeMO - Fondazione Serena Onlus","url":"https:\/\/www.centrocliniconemo.it\/en\/","logo":{"@type":"ImageObject","inLanguage":"en-US","@id":"https:\/\/www.centrocliniconemo.it\/en\/#\/schema\/logo\/image\/","url":"https:\/\/www.centrocliniconemo.it\/wp-content\/uploads\/2023\/03\/logo-nemo.svg","contentUrl":"https:\/\/www.centrocliniconemo.it\/wp-content\/uploads\/2023\/03\/logo-nemo.svg","width":272,"height":109.142,"caption":"Centro Clinico NeMO - Fondazione Serena Onlus"},"image":{"@id":"https:\/\/www.centrocliniconemo.it\/en\/#\/schema\/logo\/image\/"},"sameAs":["https:\/\/www.facebook.com\/CentroNEMOItalia","https:\/\/x.com\/CentroNemo","https:\/\/www.linkedin.com\/company\/centrocliniconemo\/","https:\/\/www.instagram.com\/centrocliniconemo\/"]},{"@type":"Person","@id":"https:\/\/www.centrocliniconemo.it\/en\/#\/schema\/person\/9331a87c0a8ee435c61f5dd498531434","name":"Luca Biondi","image":{"@type":"ImageObject","inLanguage":"en-US","@id":"https:\/\/secure.gravatar.com\/avatar\/0488b88829885ebcc9896de947265b69d2979e6dc4666b1e2c3d4fbf8dc73d77?s=96&d=mm&r=g","url":"https:\/\/secure.gravatar.com\/avatar\/0488b88829885ebcc9896de947265b69d2979e6dc4666b1e2c3d4fbf8dc73d77?s=96&d=mm&r=g","contentUrl":"https:\/\/secure.gravatar.com\/avatar\/0488b88829885ebcc9896de947265b69d2979e6dc4666b1e2c3d4fbf8dc73d77?s=96&d=mm&r=g","caption":"Luca Biondi"}}]}},"_links":{"self":[{"href":"https:\/\/www.centrocliniconemo.it\/en\/wp-json\/wp\/v2\/posts\/13704","targetHints":{"allow":["GET"]}}],"collection":[{"href":"https:\/\/www.centrocliniconemo.it\/en\/wp-json\/wp\/v2\/posts"}],"about":[{"href":"https:\/\/www.centrocliniconemo.it\/en\/wp-json\/wp\/v2\/types\/post"}],"author":[{"embeddable":true,"href":"https:\/\/www.centrocliniconemo.it\/en\/wp-json\/wp\/v2\/users\/2"}],"replies":[{"embeddable":true,"href":"https:\/\/www.centrocliniconemo.it\/en\/wp-json\/wp\/v2\/comments?post=13704"}],"version-history":[{"count":0,"href":"https:\/\/www.centrocliniconemo.it\/en\/wp-json\/wp\/v2\/posts\/13704\/revisions"}],"wp:featuredmedia":[{"embeddable":true,"href":"https:\/\/www.centrocliniconemo.it\/en\/wp-json\/wp\/v2\/media\/10687"}],"wp:attachment":[{"href":"https:\/\/www.centrocliniconemo.it\/en\/wp-json\/wp\/v2\/media?parent=13704"}],"wp:term":[{"taxonomy":"category","embeddable":true,"href":"https:\/\/www.centrocliniconemo.it\/en\/wp-json\/wp\/v2\/categories?post=13704"},{"taxonomy":"post_tag","embeddable":true,"href":"https:\/\/www.centrocliniconemo.it\/en\/wp-json\/wp\/v2\/tags?post=13704"}],"curies":[{"name":"wp","href":"https:\/\/api.w.org\/{rel}","templated":true}]}}