{"id":13700,"date":"2023-06-13T14:02:08","date_gmt":"2023-06-13T14:02:08","guid":{"rendered":"https:\/\/www.centrocliniconemo.it\/blog\/malattie-neuromuscolari-il-centro-nemo-napoli-riparte-in-barca-a-vela"},"modified":"2023-07-22T17:07:18","modified_gmt":"2023-07-22T17:07:18","slug":"malattie-neuromuscolari-il-centro-nemo-napoli-riparte-in-barca-a-vela","status":"publish","type":"post","link":"https:\/\/www.centrocliniconemo.it\/en\/blog\/malattie-neuromuscolari-il-centro-nemo-napoli-riparte-in-barca-a-vela\/","title":{"rendered":"Malattie neuromuscolari: il Centro Nemo Napoli riparte in barca a vela"},"content":{"rendered":"\n<p><em>Napoli, 13 giugno 2023<\/em> \u2013 \u201c<em>Molla gli ormeggi, esci dal porto sicuro e lascia che il vento gonfi le tue vele<\/em>\u201d. Con il messaggio di Mark Twain, il romanziere che sapeva raccontare la bellezza dell\u2019avventura, <strong>ha preso il largo oggi la seconda edizione di \u201c<a href=\"https:\/\/www.centrocliniconemo.it\/blog\/anima-libera-progetto-vela-nemo-napoli\/\" class=\"ek-link\">Anima Libera<\/a>\u201d, il percorso in barca a vela che affianca la presa in carico psicologica e riabilitativa delle persone con SLA, SMA e distrofie muscolari<\/strong>, attraverso una modalit\u00e0 esperienziale che ha come <strong>protagonista la cura di s\u00e9 e del proprio desiderio di libert\u00e0<\/strong>, facendosi trasportare dalle onde del mare e del vento, in piena sicurezza.<\/p>\n\n\n\n<p class=\"has-text-align-justify\"><strong>Promosso dal <a href=\"https:\/\/www.centrocliniconemo.it\/nemo-napoli\/\" class=\"ek-link\">Centro Clinico NeMO Napoli<\/a><\/strong>, il progetto \u00e8 attivato insieme <strong>all\u2019<a href=\"https:\/\/www.ospedalideicolli.it\/ospedale\/monaldi\/\" class=\"ek-link\">Azienda Ospedaliera dei Colli \u2013 Ospedale Monaldi<\/a><\/strong>, dove il NeMO \u00e8 presente dal 2020, ed in collaborazione con <strong>il Club Nautico della Vela<\/strong> della citt\u00e0 e <strong>NeMO Lab<\/strong>. Una seconda edizione del percorso, quella presentata oggi, richiamata dai risultati molto positivi rilevati dal monitoraggio clinico e psicologico dei pazienti che hanno partecipato all\u2019esperienza pilota dello scorso anno.&nbsp;<\/p>\n\n\n\n<figure class=\"wp-block-image size-full\"><img decoding=\"async\" src=\"https:\/\/www.centrocliniconemo.it\/wp-content\/uploads\/2023\/07\/ANIMA-LIBERA-2023-NeMO-Napoli-01-scaled-1.jpg\" alt=\" class=\" class=\"wp-image-5587\"\/><\/figure>\n\n\n\n<p class=\"has-text-align-justify\"><em>\u201cLe rilevazioni dei vissuti di benessere e dei parametri respiratori e cardiologici ci dicono che il progetto ha avuto un impatto positivo sulla qualit\u00e0 di vita dei pazienti che vi hanno preso parte nella prima edizione. <\/em>\u2013 spiega <strong>Giuseppe Limongelli, direttore scientifico del Centro NeMO Napoli, <\/strong>che continua &#8211; <em>Siamo felici, dunque, che si possa ripartire, dando la possibilit\u00e0 a pi\u00f9 persone di partecipare al percorso e permettendoci, altres\u00ec, di continuare a fare ricerca per validare nel tempo un modello di trattamento in barca a vela, che supporti la presa in carico delle persone con malattie neuromuscolari\u201d.<\/em><\/p>\n\n\n\n<p class=\"has-text-align-justify\">L\u2019analisi dimostra, infatti, un significativo miglioramento della percezione e dei vissuti della qualit\u00e0 di vita, espressi dai partecipanti. Ciascuno di loro manifesta la gioia di essersi sentito protagonista di un\u2019avventura nella quale la malattia non rappresenta un limite. Lo studio preliminare, inoltre, rileva una riduzione dei punteggi medi di autovalutazione e valutazione dell\u2019ansia, nei test psicologici somministrati prima e dopo le uscite in mare. A ci\u00f2 su unisce la positiva risposta clinica dei parametri funzionali, che vedono un aumento della saturazione arteriosa periferica e una riduzione della frequenza cardiaca dopo l\u2019uscita in mare. Sono proprio questi i primi incoraggianti risultati che portano ad aprire questa seconda edizione su un numero pi\u00f9 ampio di pazienti.&nbsp;<\/p>\n\n\n\n<figure class=\"wp-block-image size-full\"><img decoding=\"async\" src=\"https:\/\/www.centrocliniconemo.it\/wp-content\/uploads\/2023\/07\/ANIMA-LIBERA-2023-NeMO-Napoli-07.jpg\" alt=\" class=\" class=\"wp-image-5593\"\/><\/figure>\n\n\n\n<p class=\"has-text-align-justify\"><em>\u201cPromuoviamo, in sinergia con il Centro Clinico NeMO Napoli, attivo presso l\u2019ospedale Monaldi, un modello che punta su protocolli terapeutici multidisciplinari e che cura le patologie neuromuscolari non solo con i farmaci, ma con una presa in carico globale che valorizza gli aspetti psicologici e riabilitativi &#8211; <\/em>dichiara <strong>Anna Iervolino<\/strong>, direttore generale <strong>dell\u2019<a href=\"https:\/\/www.ospedalideicolli.it\" class=\"ek-link\">Azienda Ospedaliera dei Colli<\/a><\/strong>, che continua<em> &#8211; I risultati incoraggianti registrati nel corso della prima edizione del progetto \u201cAnima Libera\u201d sono la dimostrazione dell\u2019efficacia di questo approccio\u201d<\/em>.<em>&nbsp;<\/em><\/p>\n\n\n\n<p class=\"has-text-align-justify\">Promuovere l\u2019interazione; migliorare l\u2019umore e l\u2019uso dei sensi; far sperimentare l\u2019esperienza dell\u2019immaginazione e affrontare la gestione dell\u2019ansia, dunque, sono tra i principali obiettivi scientifici del progetto, nato dall\u2019intuizione di Simona Tozza, responsabile del servizio di psicologia del NeMO Napoli. Per il 2023 il progetto prevede un percorso di <strong>dieci uscite in barca a vela,<\/strong> che avr\u00e0 un\u2019altura di circa 14 metri e sar\u00e0 attrezzata per il trasporto in sicurezza di persone con disabilit\u00e0 motoria ed il <strong>coinvolgimento di<\/strong> <strong>80 persone<\/strong>, individuate secondo indicatori clinici che permettano di affrontare il mare aperto, che desiderano mettersi in gioco in una nuova sfida per se stessi e insieme agli altri.&nbsp;<\/p>\n\n\n\n<p class=\"has-text-align-justify\"><em>\u201cAnima Libera\u201d raccoglie la missione dei Centri NeMO e rende concreta quella continuit\u00e0 di cura sulla quale si fonda il nostro modello \u2013 <\/em>dichiara <strong>Stefano Regondi<\/strong>, <strong>direttore generale Centri Clinici NeMO e <a href=\"https:\/\/nemolab.it\" class=\"ek-link\">NEMO Lab<\/a><\/strong>, che continua \u2013 <em>Non possiamo che ringraziare le istituzioni e gli enti di questo meraviglioso territorio, grazie ai quali il progetto pu\u00f2 continuare il suo percorso nel dare risposte sempre nuove ai bisogni complessi di cura di una comunit\u00e0 che da sempre \u00e8 al nostro fianco. Ed il mare, che \u00e8 il cuore del NeMO Napoli, non poteva non essere protagonista del nostro operare\u201d.<\/em><\/p>\n\n\n\n<figure class=\"wp-block-image size-full\"><img decoding=\"async\" src=\"https:\/\/www.centrocliniconemo.it\/wp-content\/uploads\/2023\/07\/ANIMA-LIBERA-2023-NeMO-Napoli-03-scaled-1.jpg\" alt=\" class=\" class=\"wp-image-5589\"\/><\/figure>\n\n\n\n<p class=\"has-text-align-justify\">Una comunit\u00e0, quella delle persone con patologie neuromuscolari, che quindici anni fa ha pensato alla realizzazione del primo Centro NeMO a Milano, per quel desiderio di vita che va oltre il sopravvivere alla malattia e che oggi continua ad essere al fianco del progetto: <strong><a href=\"https:\/\/www.aisla.it\" class=\"ek-link\">AISLA Onlus<\/a>,<\/strong> <strong><a href=\"https:\/\/www.famigliesma.org\" class=\"ek-link\">Famiglie SMA<\/a> e <a href=\"https:\/\/www.uildm.org\" class=\"ek-link\">UILDM<\/a>, <\/strong>le Associazioni nazionali dei pazienti e Soci NeMO, <strong>sono gli enti patrocinanti di \u201cAnima Libera\u201d, insieme al Centro Coordinamento malattie rare di <a href=\"https:\/\/www.regione.campania.it\" class=\"ek-link\">Regione Campania<\/a>.&nbsp;<\/strong><\/p>\n\n\n\n<p class=\"has-text-align-justify\"><strong>Ma la novit\u00e0 straordinaria di questa seconda edizione \u00e8<\/strong> <strong>l\u2019apertura dell\u2019esperienza anche ai bambini<\/strong> con SMA e distrofie muscolari, per i quali il progetto vede il patrocinio dell\u2019<a href=\"https:\/\/www.santobonopausilipon.it\" class=\"ek-link\">Azienda Ospedaliera Santobono &#8211; Pausilipon<\/a>.<\/p>\n\n\n\n<p class=\"has-text-align-justify\"><em>\u201cCondividere emozioni, sorrisi e gioie con i nostri bimbi e i loro famigliari non ha prezzo \u2013 <\/em>spiega <strong>Antonio Varone<\/strong>, <strong>Direttore dell\u2019UOC Neurologia e Neuroriabilitazione dell\u2019Azienda Ospedaliera Santobono &#8211; Pausilipon<\/strong>, che continua &#8211; <em>Il progetto \u201cAnima libera\u201d ci proietta in un modo nuovo di vivere la malattia, esprimendo lo stesso desiderio di riscrivere la storia di queste patologie che stiamo vivendo in questo momento dal punto di vista scientifico. La barca a vela \u00e8 per tutti noi la speranza di immaginare nuove prospettive di vita\u201d<\/em>. <em>&nbsp;<\/em><\/p>\n\n\n\n<figure class=\"wp-block-image size-full\"><img decoding=\"async\" src=\"https:\/\/www.centrocliniconemo.it\/wp-content\/uploads\/2023\/07\/ANIMA-LIBERA-2023-NeMO-Napoli-08.jpg\" alt=\" class=\" class=\"wp-image-5594\"\/><\/figure>\n\n\n\n<p class=\"has-text-align-justify\">Leggerezza e vitalit\u00e0 che solo le onde del mare possono dare, pur in piena sicurezza. Anche per questa edizione gli <strong>istruttori della <a href=\"https:\/\/www.federvela.it\" class=\"ek-link\">Federazione Italiana Vela<\/a><\/strong> saranno <strong>al fianco del team clinico nelle uscite in barca a vela<\/strong>. Gli obiettivi scientifici, sociali e culturali del progetto, infatti, hanno coinvolto da subito <strong>il <a href=\"http:\/\/www.clubnauticodellavela.it\" class=\"ek-link\">Club Nautico della Vela di Napoli<\/a>: <\/strong>oltre 100 anni di attivit\u00e0 per far avvicinare alla bellezza e alla sfida di navigare, ciascuno con le proprie risorse, con la consapevolezza che per raggiungere la meta in barca a vela, la forza fisica deve lasciare lo spazio all&#8217;intelligenza e alla capacit\u00e0 di conoscere e valorizzare le forze della natura.<\/p>\n\n\n\n<p class=\"has-text-align-justify\">Non solo, il progetto continua a tessere i nodi di una rete che si consolida nel tempo: anche quest\u2019anno hanno rinnovato il loro contributo incondizionato alle finalit\u00e0 del percorso <strong><a href=\"https:\/\/www.roche.it\" class=\"ek-link\">ROCHE ITALIA<\/a>, <a href=\"https:\/\/www.ptcbio.com\" class=\"ek-link\">PTC Therapeutics<\/a>, <a href=\"https:\/\/www.biogenitalia.it\/\" class=\"ek-link\">Biogen<\/a>, <a href=\"https:\/\/it.vitalaire.com\" class=\"ek-link\">VitalAire Italia<\/a> e <a href=\"https:\/\/ortopediaruggiero.it\" class=\"ek-link\">Ortopedia Ruggiero<\/a>, <\/strong>ai quali si uniscono <strong><a href=\"https:\/\/www.novartis.com\/it-it\/\" class=\"ek-link\">Novartis<\/a><\/strong> e <strong><a href=\"https:\/\/www.medicair.it\" class=\"ek-link\">Medicair<\/a>.<\/strong><\/p>\n\n\n\n<p class=\"has-text-align-justify\">Da oggi, fino al mese di novembre, si potr\u00e0 vedere dal molo di Napoli la barca di \u201cAnima Libera\u201d spiegare le vele per raccontare di nuove possibilit\u00e0, come testimonia <strong>Ciro Cordella<\/strong>, paziente del Centro NeMO e tra i partecipanti della prima edizione del percorso: <em>\u201cE <\/em>\u2019<em>possibile ed \u00e8 meraviglioso farsi trasportare dalle onde del mare, come degli esploratori che rincorrono i loro sogni\u201d<\/em>.<em>&nbsp;&nbsp;<\/em><\/p>\n\n\n\n<p class=\"has-text-align-justify\">Per informazioni e dettagli sul progetto <a href=\"mailto:infonemonapoli@centrocliniconemo.it\" class=\"ek-link\">infonemonapoli@centrocliniconemo.it<\/a><\/p>\n","protected":false},"excerpt":{"rendered":"<p>Napoli, 13 giugno 2023 \u2013 \u201cMolla gli ormeggi, esci dal porto sicuro e lascia che il vento gonfi le tue vele\u201d. Con il messaggio di Mark Twain, il romanziere che sapeva raccontare la bellezza dell\u2019avventura, ha preso il largo oggi la seconda edizione di \u201cAnima Libera\u201d, il percorso in barca a vela che affianca la [&hellip;]<\/p>\n","protected":false},"author":2,"featured_media":10669,"comment_status":"closed","ping_status":"closed","sticky":false,"template":"","format":"standard","meta":{"pgc_sgb_lightbox_settings":"","footnotes":""},"categories":[17],"tags":[30],"class_list":["post-13700","post","type-post","status-publish","format-standard","has-post-thumbnail","hentry","category-iniziative-ed-eventi","tag-nemo-napoli"],"yoast_head":"<!-- This site is optimized with the Yoast SEO plugin v27.4 - https:\/\/yoast.com\/product\/yoast-seo-wordpress\/ -->\n<title>Malattie neuromuscolari: il Centro Nemo Napoli riparte in barca a vela - Centro Clinico NeMO<\/title>\n<meta name=\"robots\" content=\"index, follow, max-snippet:-1, max-image-preview:large, max-video-preview:-1\" \/>\n<link rel=\"canonical\" href=\"https:\/\/www.centrocliniconemo.it\/en\/blog\/malattie-neuromuscolari-il-centro-nemo-napoli-riparte-in-barca-a-vela\/\" \/>\n<meta property=\"og:locale\" content=\"en_US\" \/>\n<meta property=\"og:type\" content=\"article\" \/>\n<meta property=\"og:title\" content=\"Malattie neuromuscolari: il Centro Nemo Napoli riparte in barca a vela - Centro Clinico NeMO\" \/>\n<meta property=\"og:description\" content=\"Napoli, 13 giugno 2023 \u2013 \u201cMolla gli ormeggi, esci dal porto sicuro e lascia che il vento gonfi le tue vele\u201d. Con il messaggio di Mark Twain, il romanziere che sapeva raccontare la bellezza dell\u2019avventura, ha preso il largo oggi la seconda edizione di \u201cAnima Libera\u201d, il percorso in barca a vela che affianca la [&hellip;]\" \/>\n<meta property=\"og:url\" content=\"https:\/\/www.centrocliniconemo.it\/en\/blog\/malattie-neuromuscolari-il-centro-nemo-napoli-riparte-in-barca-a-vela\/\" \/>\n<meta property=\"og:site_name\" content=\"Centro Clinico NeMO\" \/>\n<meta property=\"article:publisher\" content=\"https:\/\/www.facebook.com\/CentroNEMOItalia\" \/>\n<meta property=\"article:published_time\" content=\"2023-06-13T14:02:08+00:00\" \/>\n<meta property=\"article:modified_time\" content=\"2023-07-22T17:07:18+00:00\" \/>\n<meta property=\"og:image\" content=\"https:\/\/www.centrocliniconemo.it\/wp-content\/uploads\/2023\/07\/ANIMA-LIBERA-2023-NeMO-Napoli-05-scaled-1.jpg\" \/>\n\t<meta property=\"og:image:width\" content=\"2560\" \/>\n\t<meta property=\"og:image:height\" content=\"1707\" \/>\n\t<meta property=\"og:image:type\" content=\"image\/jpeg\" \/>\n<meta name=\"author\" content=\"Luca Biondi\" \/>\n<meta name=\"twitter:card\" content=\"summary_large_image\" \/>\n<meta name=\"twitter:creator\" content=\"@CentroNemo\" \/>\n<meta name=\"twitter:site\" content=\"@CentroNemo\" \/>\n<meta name=\"twitter:label1\" content=\"Written by\" \/>\n\t<meta name=\"twitter:data1\" content=\"Luca Biondi\" \/>\n\t<meta name=\"twitter:label2\" content=\"Est. reading time\" \/>\n\t<meta name=\"twitter:data2\" content=\"7 minutes\" \/>\n<script type=\"application\/ld+json\" class=\"yoast-schema-graph\">{\"@context\":\"https:\\\/\\\/schema.org\",\"@graph\":[{\"@type\":\"Article\",\"@id\":\"https:\\\/\\\/www.centrocliniconemo.it\\\/en\\\/blog\\\/malattie-neuromuscolari-il-centro-nemo-napoli-riparte-in-barca-a-vela\\\/#article\",\"isPartOf\":{\"@id\":\"https:\\\/\\\/www.centrocliniconemo.it\\\/en\\\/blog\\\/malattie-neuromuscolari-il-centro-nemo-napoli-riparte-in-barca-a-vela\\\/\"},\"author\":{\"name\":\"Luca Biondi\",\"@id\":\"https:\\\/\\\/www.centrocliniconemo.it\\\/en\\\/#\\\/schema\\\/person\\\/9331a87c0a8ee435c61f5dd498531434\"},\"headline\":\"Malattie neuromuscolari: il Centro Nemo Napoli riparte in barca a vela\",\"datePublished\":\"2023-06-13T14:02:08+00:00\",\"dateModified\":\"2023-07-22T17:07:18+00:00\",\"mainEntityOfPage\":{\"@id\":\"https:\\\/\\\/www.centrocliniconemo.it\\\/en\\\/blog\\\/malattie-neuromuscolari-il-centro-nemo-napoli-riparte-in-barca-a-vela\\\/\"},\"wordCount\":1103,\"publisher\":{\"@id\":\"https:\\\/\\\/www.centrocliniconemo.it\\\/en\\\/#organization\"},\"image\":{\"@id\":\"https:\\\/\\\/www.centrocliniconemo.it\\\/en\\\/blog\\\/malattie-neuromuscolari-il-centro-nemo-napoli-riparte-in-barca-a-vela\\\/#primaryimage\"},\"thumbnailUrl\":\"https:\\\/\\\/www.centrocliniconemo.it\\\/wp-content\\\/uploads\\\/2023\\\/07\\\/ANIMA-LIBERA-2023-NeMO-Napoli-05-scaled-1.jpg\",\"keywords\":[\"NeMO Napoli\"],\"articleSection\":[\"Iniziative ed eventi\"],\"inLanguage\":\"en-US\"},{\"@type\":\"WebPage\",\"@id\":\"https:\\\/\\\/www.centrocliniconemo.it\\\/en\\\/blog\\\/malattie-neuromuscolari-il-centro-nemo-napoli-riparte-in-barca-a-vela\\\/\",\"url\":\"https:\\\/\\\/www.centrocliniconemo.it\\\/en\\\/blog\\\/malattie-neuromuscolari-il-centro-nemo-napoli-riparte-in-barca-a-vela\\\/\",\"name\":\"Malattie neuromuscolari: il Centro Nemo Napoli riparte in barca a vela - Centro Clinico NeMO\",\"isPartOf\":{\"@id\":\"https:\\\/\\\/www.centrocliniconemo.it\\\/en\\\/#website\"},\"primaryImageOfPage\":{\"@id\":\"https:\\\/\\\/www.centrocliniconemo.it\\\/en\\\/blog\\\/malattie-neuromuscolari-il-centro-nemo-napoli-riparte-in-barca-a-vela\\\/#primaryimage\"},\"image\":{\"@id\":\"https:\\\/\\\/www.centrocliniconemo.it\\\/en\\\/blog\\\/malattie-neuromuscolari-il-centro-nemo-napoli-riparte-in-barca-a-vela\\\/#primaryimage\"},\"thumbnailUrl\":\"https:\\\/\\\/www.centrocliniconemo.it\\\/wp-content\\\/uploads\\\/2023\\\/07\\\/ANIMA-LIBERA-2023-NeMO-Napoli-05-scaled-1.jpg\",\"datePublished\":\"2023-06-13T14:02:08+00:00\",\"dateModified\":\"2023-07-22T17:07:18+00:00\",\"breadcrumb\":{\"@id\":\"https:\\\/\\\/www.centrocliniconemo.it\\\/en\\\/blog\\\/malattie-neuromuscolari-il-centro-nemo-napoli-riparte-in-barca-a-vela\\\/#breadcrumb\"},\"inLanguage\":\"en-US\",\"potentialAction\":[{\"@type\":\"ReadAction\",\"target\":[\"https:\\\/\\\/www.centrocliniconemo.it\\\/en\\\/blog\\\/malattie-neuromuscolari-il-centro-nemo-napoli-riparte-in-barca-a-vela\\\/\"]}]},{\"@type\":\"ImageObject\",\"inLanguage\":\"en-US\",\"@id\":\"https:\\\/\\\/www.centrocliniconemo.it\\\/en\\\/blog\\\/malattie-neuromuscolari-il-centro-nemo-napoli-riparte-in-barca-a-vela\\\/#primaryimage\",\"url\":\"https:\\\/\\\/www.centrocliniconemo.it\\\/wp-content\\\/uploads\\\/2023\\\/07\\\/ANIMA-LIBERA-2023-NeMO-Napoli-05-scaled-1.jpg\",\"contentUrl\":\"https:\\\/\\\/www.centrocliniconemo.it\\\/wp-content\\\/uploads\\\/2023\\\/07\\\/ANIMA-LIBERA-2023-NeMO-Napoli-05-scaled-1.jpg\",\"width\":2560,\"height\":1707},{\"@type\":\"BreadcrumbList\",\"@id\":\"https:\\\/\\\/www.centrocliniconemo.it\\\/en\\\/blog\\\/malattie-neuromuscolari-il-centro-nemo-napoli-riparte-in-barca-a-vela\\\/#breadcrumb\",\"itemListElement\":[{\"@type\":\"ListItem\",\"position\":1,\"name\":\"Home\",\"item\":\"https:\\\/\\\/www.centrocliniconemo.it\\\/en\\\/\"},{\"@type\":\"ListItem\",\"position\":2,\"name\":\"Malattie neuromuscolari: il Centro Nemo Napoli riparte in barca a vela\"}]},{\"@type\":\"WebSite\",\"@id\":\"https:\\\/\\\/www.centrocliniconemo.it\\\/en\\\/#website\",\"url\":\"https:\\\/\\\/www.centrocliniconemo.it\\\/en\\\/\",\"name\":\"Centro Clinico NeMO\",\"description\":\"Il paziente al centro\",\"publisher\":{\"@id\":\"https:\\\/\\\/www.centrocliniconemo.it\\\/en\\\/#organization\"},\"potentialAction\":[{\"@type\":\"SearchAction\",\"target\":{\"@type\":\"EntryPoint\",\"urlTemplate\":\"https:\\\/\\\/www.centrocliniconemo.it\\\/en\\\/?s={search_term_string}\"},\"query-input\":{\"@type\":\"PropertyValueSpecification\",\"valueRequired\":true,\"valueName\":\"search_term_string\"}}],\"inLanguage\":\"en-US\"},{\"@type\":\"Organization\",\"@id\":\"https:\\\/\\\/www.centrocliniconemo.it\\\/en\\\/#organization\",\"name\":\"Centro Clinico NeMO - Fondazione Serena Onlus\",\"url\":\"https:\\\/\\\/www.centrocliniconemo.it\\\/en\\\/\",\"logo\":{\"@type\":\"ImageObject\",\"inLanguage\":\"en-US\",\"@id\":\"https:\\\/\\\/www.centrocliniconemo.it\\\/en\\\/#\\\/schema\\\/logo\\\/image\\\/\",\"url\":\"https:\\\/\\\/www.centrocliniconemo.it\\\/wp-content\\\/uploads\\\/2023\\\/03\\\/logo-nemo.svg\",\"contentUrl\":\"https:\\\/\\\/www.centrocliniconemo.it\\\/wp-content\\\/uploads\\\/2023\\\/03\\\/logo-nemo.svg\",\"width\":272,\"height\":109.142,\"caption\":\"Centro Clinico NeMO - Fondazione Serena Onlus\"},\"image\":{\"@id\":\"https:\\\/\\\/www.centrocliniconemo.it\\\/en\\\/#\\\/schema\\\/logo\\\/image\\\/\"},\"sameAs\":[\"https:\\\/\\\/www.facebook.com\\\/CentroNEMOItalia\",\"https:\\\/\\\/x.com\\\/CentroNemo\",\"https:\\\/\\\/www.linkedin.com\\\/company\\\/centrocliniconemo\\\/\",\"https:\\\/\\\/www.instagram.com\\\/centrocliniconemo\\\/\"]},{\"@type\":\"Person\",\"@id\":\"https:\\\/\\\/www.centrocliniconemo.it\\\/en\\\/#\\\/schema\\\/person\\\/9331a87c0a8ee435c61f5dd498531434\",\"name\":\"Luca Biondi\",\"image\":{\"@type\":\"ImageObject\",\"inLanguage\":\"en-US\",\"@id\":\"https:\\\/\\\/secure.gravatar.com\\\/avatar\\\/0488b88829885ebcc9896de947265b69d2979e6dc4666b1e2c3d4fbf8dc73d77?s=96&d=mm&r=g\",\"url\":\"https:\\\/\\\/secure.gravatar.com\\\/avatar\\\/0488b88829885ebcc9896de947265b69d2979e6dc4666b1e2c3d4fbf8dc73d77?s=96&d=mm&r=g\",\"contentUrl\":\"https:\\\/\\\/secure.gravatar.com\\\/avatar\\\/0488b88829885ebcc9896de947265b69d2979e6dc4666b1e2c3d4fbf8dc73d77?s=96&d=mm&r=g\",\"caption\":\"Luca Biondi\"}}]}<\/script>\n<!-- \/ Yoast SEO plugin. -->","yoast_head_json":{"title":"Malattie neuromuscolari: il Centro Nemo Napoli riparte in barca a vela - Centro Clinico NeMO","robots":{"index":"index","follow":"follow","max-snippet":"max-snippet:-1","max-image-preview":"max-image-preview:large","max-video-preview":"max-video-preview:-1"},"canonical":"https:\/\/www.centrocliniconemo.it\/en\/blog\/malattie-neuromuscolari-il-centro-nemo-napoli-riparte-in-barca-a-vela\/","og_locale":"en_US","og_type":"article","og_title":"Malattie neuromuscolari: il Centro Nemo Napoli riparte in barca a vela - Centro Clinico NeMO","og_description":"Napoli, 13 giugno 2023 \u2013 \u201cMolla gli ormeggi, esci dal porto sicuro e lascia che il vento gonfi le tue vele\u201d. Con il messaggio di Mark Twain, il romanziere che sapeva raccontare la bellezza dell\u2019avventura, ha preso il largo oggi la seconda edizione di \u201cAnima Libera\u201d, il percorso in barca a vela che affianca la [&hellip;]","og_url":"https:\/\/www.centrocliniconemo.it\/en\/blog\/malattie-neuromuscolari-il-centro-nemo-napoli-riparte-in-barca-a-vela\/","og_site_name":"Centro Clinico NeMO","article_publisher":"https:\/\/www.facebook.com\/CentroNEMOItalia","article_published_time":"2023-06-13T14:02:08+00:00","article_modified_time":"2023-07-22T17:07:18+00:00","og_image":[{"width":2560,"height":1707,"url":"https:\/\/www.centrocliniconemo.it\/wp-content\/uploads\/2023\/07\/ANIMA-LIBERA-2023-NeMO-Napoli-05-scaled-1.jpg","type":"image\/jpeg"}],"author":"Luca Biondi","twitter_card":"summary_large_image","twitter_creator":"@CentroNemo","twitter_site":"@CentroNemo","twitter_misc":{"Written by":"Luca Biondi","Est. reading time":"7 minutes"},"schema":{"@context":"https:\/\/schema.org","@graph":[{"@type":"Article","@id":"https:\/\/www.centrocliniconemo.it\/en\/blog\/malattie-neuromuscolari-il-centro-nemo-napoli-riparte-in-barca-a-vela\/#article","isPartOf":{"@id":"https:\/\/www.centrocliniconemo.it\/en\/blog\/malattie-neuromuscolari-il-centro-nemo-napoli-riparte-in-barca-a-vela\/"},"author":{"name":"Luca Biondi","@id":"https:\/\/www.centrocliniconemo.it\/en\/#\/schema\/person\/9331a87c0a8ee435c61f5dd498531434"},"headline":"Malattie neuromuscolari: il Centro Nemo Napoli riparte in barca a vela","datePublished":"2023-06-13T14:02:08+00:00","dateModified":"2023-07-22T17:07:18+00:00","mainEntityOfPage":{"@id":"https:\/\/www.centrocliniconemo.it\/en\/blog\/malattie-neuromuscolari-il-centro-nemo-napoli-riparte-in-barca-a-vela\/"},"wordCount":1103,"publisher":{"@id":"https:\/\/www.centrocliniconemo.it\/en\/#organization"},"image":{"@id":"https:\/\/www.centrocliniconemo.it\/en\/blog\/malattie-neuromuscolari-il-centro-nemo-napoli-riparte-in-barca-a-vela\/#primaryimage"},"thumbnailUrl":"https:\/\/www.centrocliniconemo.it\/wp-content\/uploads\/2023\/07\/ANIMA-LIBERA-2023-NeMO-Napoli-05-scaled-1.jpg","keywords":["NeMO Napoli"],"articleSection":["Iniziative ed eventi"],"inLanguage":"en-US"},{"@type":"WebPage","@id":"https:\/\/www.centrocliniconemo.it\/en\/blog\/malattie-neuromuscolari-il-centro-nemo-napoli-riparte-in-barca-a-vela\/","url":"https:\/\/www.centrocliniconemo.it\/en\/blog\/malattie-neuromuscolari-il-centro-nemo-napoli-riparte-in-barca-a-vela\/","name":"Malattie neuromuscolari: il Centro Nemo Napoli riparte in barca a vela - Centro Clinico NeMO","isPartOf":{"@id":"https:\/\/www.centrocliniconemo.it\/en\/#website"},"primaryImageOfPage":{"@id":"https:\/\/www.centrocliniconemo.it\/en\/blog\/malattie-neuromuscolari-il-centro-nemo-napoli-riparte-in-barca-a-vela\/#primaryimage"},"image":{"@id":"https:\/\/www.centrocliniconemo.it\/en\/blog\/malattie-neuromuscolari-il-centro-nemo-napoli-riparte-in-barca-a-vela\/#primaryimage"},"thumbnailUrl":"https:\/\/www.centrocliniconemo.it\/wp-content\/uploads\/2023\/07\/ANIMA-LIBERA-2023-NeMO-Napoli-05-scaled-1.jpg","datePublished":"2023-06-13T14:02:08+00:00","dateModified":"2023-07-22T17:07:18+00:00","breadcrumb":{"@id":"https:\/\/www.centrocliniconemo.it\/en\/blog\/malattie-neuromuscolari-il-centro-nemo-napoli-riparte-in-barca-a-vela\/#breadcrumb"},"inLanguage":"en-US","potentialAction":[{"@type":"ReadAction","target":["https:\/\/www.centrocliniconemo.it\/en\/blog\/malattie-neuromuscolari-il-centro-nemo-napoli-riparte-in-barca-a-vela\/"]}]},{"@type":"ImageObject","inLanguage":"en-US","@id":"https:\/\/www.centrocliniconemo.it\/en\/blog\/malattie-neuromuscolari-il-centro-nemo-napoli-riparte-in-barca-a-vela\/#primaryimage","url":"https:\/\/www.centrocliniconemo.it\/wp-content\/uploads\/2023\/07\/ANIMA-LIBERA-2023-NeMO-Napoli-05-scaled-1.jpg","contentUrl":"https:\/\/www.centrocliniconemo.it\/wp-content\/uploads\/2023\/07\/ANIMA-LIBERA-2023-NeMO-Napoli-05-scaled-1.jpg","width":2560,"height":1707},{"@type":"BreadcrumbList","@id":"https:\/\/www.centrocliniconemo.it\/en\/blog\/malattie-neuromuscolari-il-centro-nemo-napoli-riparte-in-barca-a-vela\/#breadcrumb","itemListElement":[{"@type":"ListItem","position":1,"name":"Home","item":"https:\/\/www.centrocliniconemo.it\/en\/"},{"@type":"ListItem","position":2,"name":"Malattie neuromuscolari: il Centro Nemo Napoli riparte in barca a vela"}]},{"@type":"WebSite","@id":"https:\/\/www.centrocliniconemo.it\/en\/#website","url":"https:\/\/www.centrocliniconemo.it\/en\/","name":"Centro Clinico NeMO","description":"Il paziente al centro","publisher":{"@id":"https:\/\/www.centrocliniconemo.it\/en\/#organization"},"potentialAction":[{"@type":"SearchAction","target":{"@type":"EntryPoint","urlTemplate":"https:\/\/www.centrocliniconemo.it\/en\/?s={search_term_string}"},"query-input":{"@type":"PropertyValueSpecification","valueRequired":true,"valueName":"search_term_string"}}],"inLanguage":"en-US"},{"@type":"Organization","@id":"https:\/\/www.centrocliniconemo.it\/en\/#organization","name":"Centro Clinico NeMO - Fondazione Serena Onlus","url":"https:\/\/www.centrocliniconemo.it\/en\/","logo":{"@type":"ImageObject","inLanguage":"en-US","@id":"https:\/\/www.centrocliniconemo.it\/en\/#\/schema\/logo\/image\/","url":"https:\/\/www.centrocliniconemo.it\/wp-content\/uploads\/2023\/03\/logo-nemo.svg","contentUrl":"https:\/\/www.centrocliniconemo.it\/wp-content\/uploads\/2023\/03\/logo-nemo.svg","width":272,"height":109.142,"caption":"Centro Clinico NeMO - Fondazione Serena Onlus"},"image":{"@id":"https:\/\/www.centrocliniconemo.it\/en\/#\/schema\/logo\/image\/"},"sameAs":["https:\/\/www.facebook.com\/CentroNEMOItalia","https:\/\/x.com\/CentroNemo","https:\/\/www.linkedin.com\/company\/centrocliniconemo\/","https:\/\/www.instagram.com\/centrocliniconemo\/"]},{"@type":"Person","@id":"https:\/\/www.centrocliniconemo.it\/en\/#\/schema\/person\/9331a87c0a8ee435c61f5dd498531434","name":"Luca Biondi","image":{"@type":"ImageObject","inLanguage":"en-US","@id":"https:\/\/secure.gravatar.com\/avatar\/0488b88829885ebcc9896de947265b69d2979e6dc4666b1e2c3d4fbf8dc73d77?s=96&d=mm&r=g","url":"https:\/\/secure.gravatar.com\/avatar\/0488b88829885ebcc9896de947265b69d2979e6dc4666b1e2c3d4fbf8dc73d77?s=96&d=mm&r=g","contentUrl":"https:\/\/secure.gravatar.com\/avatar\/0488b88829885ebcc9896de947265b69d2979e6dc4666b1e2c3d4fbf8dc73d77?s=96&d=mm&r=g","caption":"Luca Biondi"}}]}},"_links":{"self":[{"href":"https:\/\/www.centrocliniconemo.it\/en\/wp-json\/wp\/v2\/posts\/13700","targetHints":{"allow":["GET"]}}],"collection":[{"href":"https:\/\/www.centrocliniconemo.it\/en\/wp-json\/wp\/v2\/posts"}],"about":[{"href":"https:\/\/www.centrocliniconemo.it\/en\/wp-json\/wp\/v2\/types\/post"}],"author":[{"embeddable":true,"href":"https:\/\/www.centrocliniconemo.it\/en\/wp-json\/wp\/v2\/users\/2"}],"replies":[{"embeddable":true,"href":"https:\/\/www.centrocliniconemo.it\/en\/wp-json\/wp\/v2\/comments?post=13700"}],"version-history":[{"count":0,"href":"https:\/\/www.centrocliniconemo.it\/en\/wp-json\/wp\/v2\/posts\/13700\/revisions"}],"wp:featuredmedia":[{"embeddable":true,"href":"https:\/\/www.centrocliniconemo.it\/en\/wp-json\/wp\/v2\/media\/10669"}],"wp:attachment":[{"href":"https:\/\/www.centrocliniconemo.it\/en\/wp-json\/wp\/v2\/media?parent=13700"}],"wp:term":[{"taxonomy":"category","embeddable":true,"href":"https:\/\/www.centrocliniconemo.it\/en\/wp-json\/wp\/v2\/categories?post=13700"},{"taxonomy":"post_tag","embeddable":true,"href":"https:\/\/www.centrocliniconemo.it\/en\/wp-json\/wp\/v2\/tags?post=13700"}],"curies":[{"name":"wp","href":"https:\/\/api.w.org\/{rel}","templated":true}]}}