{"id":13522,"date":"2018-06-18T09:54:07","date_gmt":"2018-06-18T09:54:07","guid":{"rendered":"https:\/\/www.centrocliniconemo.it\/blog\/icoloridinemo-cosa-accade-quando-il-colore-entra-nella-tua-vita"},"modified":"2023-07-19T12:16:51","modified_gmt":"2023-07-19T12:16:51","slug":"icoloridinemo-cosa-accade-quando-il-colore-entra-nella-tua-vita","status":"publish","type":"post","link":"https:\/\/www.centrocliniconemo.it\/en\/blog\/icoloridinemo-cosa-accade-quando-il-colore-entra-nella-tua-vita\/","title":{"rendered":"#Icoloridinemo: Cosa Accade Quando Il Colore Entra Nella Tua Vita?"},"content":{"rendered":"<p>Il Centro Clinico NeMO celebra lo SLA GLOBAL DAY, la giornata mondiale di sensibilizzazione sulla SLA che ogni anno si celebra il 21 giugno. E lo fa dedicandola alle donne e a tutte le loro sfumature. Donne che vivono la SLA in prima persona e donne che la condividono quotidianamente con il proprio caro.<\/p>\n<p><!--more--><\/p>\n<p><strong>Sabato 23 giugno, dalle ore 15.00, il Centro Clinico NeMO<\/strong> apre le porte a queste donne, offrendo loro un momento di condivisione ed esperienza creativa, aiutate dalla musica e dal colore. Lo scopo della giornata sar\u00e0 quello di donare ad ogni partecipante un momento per s\u00e9, fatto di attenzione, leggerezza e coccole. Un attimo insieme in cui poter fare emergere i colori e le sfumature della propria femminilit\u00e0.<\/p>\n<p><strong>NeMO<\/strong> vuole abbattere i confini proprio sul concetto di femminilit\u00e0, che pu\u00f2 andare oltre la malattia, oltre la crisi, oltre le difficolt\u00e0. Prendersi cura di s\u00e9 \u00e8 anche questo: continuare ad amare e a dare attenzione al proprio&nbsp; corpo nell\u2019esperienza della malattia.<\/p>\n<p>&nbsp;<\/p>\n<p style=\"text-align: center;\">{{cta(&#8216;f2bfa3c9-0ac9-47b7-a90d-71d222a0f972&#8217;)}}<\/p>\n<p style=\"text-align: center;\">&nbsp;<\/p>\n<p><strong>\u201c<a href=\"http:\/\/icoloridinemo.it\/\" rel=\"nofollow noopener\" target=\"_blank\">I COLORI DI NEMO<\/a>\u201d<\/strong> \u00e8 il primo incontro di un progetto che NeMO proporr\u00e0 alle donne che vivono il mondo delle patologie neuromuscolari, grazie all\u2019aiuto dell\u2019azienda <a href=\"https:\/\/wemakeup.it\/\" rel=\"nofollow noopener\" target=\"_blank\">We Make-up<\/a>.<\/p>\n<p>Insieme si esplorer\u00e0 il mondo sconfinato della bellezza e dell\u2019immagine di s\u00e9, e di come queste dimensioni incidano sul benessere globale della persona e sulla qualit\u00e0 della vita. E il tutto avverr\u00e0 rispondendo alla domanda: \u201cCosa accade quando il colore entra nella tua vita?\u201d<\/p>\n<p>Per sapere di pi\u00f9 sul progetto <a href=\"https:\/\/iosononemo.centrocliniconemo.it\/progetto\/icoloridinemo-un-progetto-per-prendersi-cura-di-se\/\" rel=\"noopener\" target=\"_blank\">clicca qui<\/a>.<\/p>\n<p><strong>23 giugno 2018 &#8211; I COLORI DI NEMO: \u201cCOSA ACCADE QUANDO IL COLORE ENTRA NELLA TUA VITA?\u201d: APPUNTAMENTO AL CENTRO CLINICO NEMO DI MILANO, PRESSO L\u2019OSPEDALE NIGUARDA, P.ZZA OSPEDALE MAGGIORE 3, MILANO. <\/strong><\/p>\n<p><strong>PER ADESIONE E INFORMAZIONI RIVOLGERSI A SIMONA SPINOGLIO, COUNSELOR DEL CENTRO CLINICO NEMO DI MILANO E COORDINATRICE DEL PROGETTO: <a href=\"mailto:simona.spinoglio@centrocliniconemo.it\">simona.spinoglio@centrocliniconemo.it<\/a> <\/strong><\/p>\n<p style=\"text-align: center;\"><strong>{{cta(&#8216;f2bfa3c9-0ac9-47b7-a90d-71d222a0f972&#8217;)}}<\/strong><\/p>\n<p style=\"text-align: center;\">&nbsp;<\/p>\n<p style=\"text-align: center;\"><strong><img decoding=\"async\" src=\"https:\/\/www.centrocliniconemo.it\/wp-content\/uploads\/2023\/07\/Sharon-Parodi-SMA-SLA-wemakeup-icoloridinemo-we-make-up-rossetto-ever-centro-clinico-nemo-milano-instagram.png\" alt=\"Sharon Parodi SMA SLA wemakeup #icoloridinemo we make up rossetto ever centro clinico nemo milano instagram\" style=\"width: 1080px;\" width=\"1080\"><br \/><\/strong><\/p>\n<p style=\"text-align: center;\">&nbsp;<\/p>\n","protected":false},"excerpt":{"rendered":"<p>Donare un momento per s\u00e9, di attenzione, leggerezza e coccole, per fare emergere i colori e le sfumature della propria femminilit\u00e0. NeMO abbatte i confini del concetto di femminilit\u00e0, che va oltre la malattia, la crisi, le difficolt\u00e0. Prendersi cura di s\u00e9 \u00e8 amare il proprio corpo nella malattia.<\/p>\n","protected":false},"author":2,"featured_media":12169,"comment_status":"closed","ping_status":"closed","sticky":false,"template":"","format":"standard","meta":{"pgc_sgb_lightbox_settings":"","footnotes":""},"categories":[28,17],"tags":[],"class_list":["post-13522","post","type-post","status-publish","format-standard","has-post-thumbnail","hentry","category-cura-ricerca-e-formazione","category-iniziative-ed-eventi"],"yoast_head":"<!-- This site is optimized with the Yoast SEO plugin v27.4 - https:\/\/yoast.com\/product\/yoast-seo-wordpress\/ -->\n<title>#Icoloridinemo: Cosa Accade Quando Il Colore Entra Nella Tua Vita? - Centro Clinico NeMO<\/title>\n<meta name=\"robots\" content=\"index, follow, max-snippet:-1, max-image-preview:large, max-video-preview:-1\" \/>\n<link rel=\"canonical\" href=\"https:\/\/www.centrocliniconemo.it\/en\/blog\/icoloridinemo-cosa-accade-quando-il-colore-entra-nella-tua-vita\/\" \/>\n<meta property=\"og:locale\" content=\"en_US\" \/>\n<meta property=\"og:type\" content=\"article\" \/>\n<meta property=\"og:title\" content=\"#Icoloridinemo: Cosa Accade Quando Il Colore Entra Nella Tua Vita? - Centro Clinico NeMO\" \/>\n<meta property=\"og:description\" content=\"Donare un momento per s\u00e9, di attenzione, leggerezza e coccole, per fare emergere i colori e le sfumature della propria femminilit\u00e0. NeMO abbatte i confini del concetto di femminilit\u00e0, che va oltre la malattia, la crisi, le difficolt\u00e0. Prendersi cura di s\u00e9 \u00e8 amare il proprio corpo nella malattia.\" \/>\n<meta property=\"og:url\" content=\"https:\/\/www.centrocliniconemo.it\/en\/blog\/icoloridinemo-cosa-accade-quando-il-colore-entra-nella-tua-vita\/\" \/>\n<meta property=\"og:site_name\" content=\"Centro Clinico NeMO\" \/>\n<meta property=\"article:publisher\" content=\"https:\/\/www.facebook.com\/CentroNEMOItalia\" \/>\n<meta property=\"article:published_time\" content=\"2018-06-18T09:54:07+00:00\" \/>\n<meta property=\"article:modified_time\" content=\"2023-07-19T12:16:51+00:00\" \/>\n<meta property=\"og:image\" content=\"https:\/\/www.centrocliniconemo.it\/wp-content\/uploads\/2023\/07\/icoloridinemo-iosononemo-wemakeup-sla-sma-ever-rossetto-slaglobalday-labbra-rosa-cosmetici-make-up-centro-clinico-nemo-listing-bocche-lips.png\" \/>\n\t<meta property=\"og:image:width\" content=\"470\" \/>\n\t<meta property=\"og:image:height\" content=\"246\" \/>\n\t<meta property=\"og:image:type\" content=\"image\/png\" \/>\n<meta name=\"author\" content=\"Luca Biondi\" \/>\n<meta name=\"twitter:card\" content=\"summary_large_image\" \/>\n<meta name=\"twitter:creator\" content=\"@CentroNemo\" \/>\n<meta name=\"twitter:site\" content=\"@CentroNemo\" \/>\n<meta name=\"twitter:label1\" content=\"Written by\" \/>\n\t<meta name=\"twitter:data1\" content=\"Luca Biondi\" \/>\n\t<meta name=\"twitter:label2\" content=\"Est. reading time\" \/>\n\t<meta name=\"twitter:data2\" content=\"2 minutes\" \/>\n<script type=\"application\/ld+json\" class=\"yoast-schema-graph\">{\"@context\":\"https:\\\/\\\/schema.org\",\"@graph\":[{\"@type\":\"Article\",\"@id\":\"https:\\\/\\\/www.centrocliniconemo.it\\\/en\\\/blog\\\/icoloridinemo-cosa-accade-quando-il-colore-entra-nella-tua-vita\\\/#article\",\"isPartOf\":{\"@id\":\"https:\\\/\\\/www.centrocliniconemo.it\\\/en\\\/blog\\\/icoloridinemo-cosa-accade-quando-il-colore-entra-nella-tua-vita\\\/\"},\"author\":{\"name\":\"Luca Biondi\",\"@id\":\"https:\\\/\\\/www.centrocliniconemo.it\\\/en\\\/#\\\/schema\\\/person\\\/9331a87c0a8ee435c61f5dd498531434\"},\"headline\":\"#Icoloridinemo: Cosa Accade Quando Il Colore Entra Nella Tua Vita?\",\"datePublished\":\"2018-06-18T09:54:07+00:00\",\"dateModified\":\"2023-07-19T12:16:51+00:00\",\"mainEntityOfPage\":{\"@id\":\"https:\\\/\\\/www.centrocliniconemo.it\\\/en\\\/blog\\\/icoloridinemo-cosa-accade-quando-il-colore-entra-nella-tua-vita\\\/\"},\"wordCount\":338,\"publisher\":{\"@id\":\"https:\\\/\\\/www.centrocliniconemo.it\\\/en\\\/#organization\"},\"image\":{\"@id\":\"https:\\\/\\\/www.centrocliniconemo.it\\\/en\\\/blog\\\/icoloridinemo-cosa-accade-quando-il-colore-entra-nella-tua-vita\\\/#primaryimage\"},\"thumbnailUrl\":\"https:\\\/\\\/www.centrocliniconemo.it\\\/wp-content\\\/uploads\\\/2023\\\/07\\\/icoloridinemo-iosononemo-wemakeup-sla-sma-ever-rossetto-slaglobalday-labbra-rosa-cosmetici-make-up-centro-clinico-nemo-listing-bocche-lips.png\",\"articleSection\":[\"Cura, ricerca e formazione\",\"Iniziative ed eventi\"],\"inLanguage\":\"en-US\"},{\"@type\":\"WebPage\",\"@id\":\"https:\\\/\\\/www.centrocliniconemo.it\\\/en\\\/blog\\\/icoloridinemo-cosa-accade-quando-il-colore-entra-nella-tua-vita\\\/\",\"url\":\"https:\\\/\\\/www.centrocliniconemo.it\\\/en\\\/blog\\\/icoloridinemo-cosa-accade-quando-il-colore-entra-nella-tua-vita\\\/\",\"name\":\"#Icoloridinemo: Cosa Accade Quando Il Colore Entra Nella Tua Vita? - Centro Clinico NeMO\",\"isPartOf\":{\"@id\":\"https:\\\/\\\/www.centrocliniconemo.it\\\/en\\\/#website\"},\"primaryImageOfPage\":{\"@id\":\"https:\\\/\\\/www.centrocliniconemo.it\\\/en\\\/blog\\\/icoloridinemo-cosa-accade-quando-il-colore-entra-nella-tua-vita\\\/#primaryimage\"},\"image\":{\"@id\":\"https:\\\/\\\/www.centrocliniconemo.it\\\/en\\\/blog\\\/icoloridinemo-cosa-accade-quando-il-colore-entra-nella-tua-vita\\\/#primaryimage\"},\"thumbnailUrl\":\"https:\\\/\\\/www.centrocliniconemo.it\\\/wp-content\\\/uploads\\\/2023\\\/07\\\/icoloridinemo-iosononemo-wemakeup-sla-sma-ever-rossetto-slaglobalday-labbra-rosa-cosmetici-make-up-centro-clinico-nemo-listing-bocche-lips.png\",\"datePublished\":\"2018-06-18T09:54:07+00:00\",\"dateModified\":\"2023-07-19T12:16:51+00:00\",\"breadcrumb\":{\"@id\":\"https:\\\/\\\/www.centrocliniconemo.it\\\/en\\\/blog\\\/icoloridinemo-cosa-accade-quando-il-colore-entra-nella-tua-vita\\\/#breadcrumb\"},\"inLanguage\":\"en-US\",\"potentialAction\":[{\"@type\":\"ReadAction\",\"target\":[\"https:\\\/\\\/www.centrocliniconemo.it\\\/en\\\/blog\\\/icoloridinemo-cosa-accade-quando-il-colore-entra-nella-tua-vita\\\/\"]}]},{\"@type\":\"ImageObject\",\"inLanguage\":\"en-US\",\"@id\":\"https:\\\/\\\/www.centrocliniconemo.it\\\/en\\\/blog\\\/icoloridinemo-cosa-accade-quando-il-colore-entra-nella-tua-vita\\\/#primaryimage\",\"url\":\"https:\\\/\\\/www.centrocliniconemo.it\\\/wp-content\\\/uploads\\\/2023\\\/07\\\/icoloridinemo-iosononemo-wemakeup-sla-sma-ever-rossetto-slaglobalday-labbra-rosa-cosmetici-make-up-centro-clinico-nemo-listing-bocche-lips.png\",\"contentUrl\":\"https:\\\/\\\/www.centrocliniconemo.it\\\/wp-content\\\/uploads\\\/2023\\\/07\\\/icoloridinemo-iosononemo-wemakeup-sla-sma-ever-rossetto-slaglobalday-labbra-rosa-cosmetici-make-up-centro-clinico-nemo-listing-bocche-lips.png\",\"width\":470,\"height\":246},{\"@type\":\"BreadcrumbList\",\"@id\":\"https:\\\/\\\/www.centrocliniconemo.it\\\/en\\\/blog\\\/icoloridinemo-cosa-accade-quando-il-colore-entra-nella-tua-vita\\\/#breadcrumb\",\"itemListElement\":[{\"@type\":\"ListItem\",\"position\":1,\"name\":\"Home\",\"item\":\"https:\\\/\\\/www.centrocliniconemo.it\\\/en\\\/\"},{\"@type\":\"ListItem\",\"position\":2,\"name\":\"#Icoloridinemo: Cosa Accade Quando Il Colore Entra Nella Tua Vita?\"}]},{\"@type\":\"WebSite\",\"@id\":\"https:\\\/\\\/www.centrocliniconemo.it\\\/en\\\/#website\",\"url\":\"https:\\\/\\\/www.centrocliniconemo.it\\\/en\\\/\",\"name\":\"Centro Clinico NeMO\",\"description\":\"Il paziente al centro\",\"publisher\":{\"@id\":\"https:\\\/\\\/www.centrocliniconemo.it\\\/en\\\/#organization\"},\"potentialAction\":[{\"@type\":\"SearchAction\",\"target\":{\"@type\":\"EntryPoint\",\"urlTemplate\":\"https:\\\/\\\/www.centrocliniconemo.it\\\/en\\\/?s={search_term_string}\"},\"query-input\":{\"@type\":\"PropertyValueSpecification\",\"valueRequired\":true,\"valueName\":\"search_term_string\"}}],\"inLanguage\":\"en-US\"},{\"@type\":\"Organization\",\"@id\":\"https:\\\/\\\/www.centrocliniconemo.it\\\/en\\\/#organization\",\"name\":\"Centro Clinico NeMO - Fondazione Serena Onlus\",\"url\":\"https:\\\/\\\/www.centrocliniconemo.it\\\/en\\\/\",\"logo\":{\"@type\":\"ImageObject\",\"inLanguage\":\"en-US\",\"@id\":\"https:\\\/\\\/www.centrocliniconemo.it\\\/en\\\/#\\\/schema\\\/logo\\\/image\\\/\",\"url\":\"https:\\\/\\\/www.centrocliniconemo.it\\\/wp-content\\\/uploads\\\/2023\\\/03\\\/logo-nemo.svg\",\"contentUrl\":\"https:\\\/\\\/www.centrocliniconemo.it\\\/wp-content\\\/uploads\\\/2023\\\/03\\\/logo-nemo.svg\",\"width\":272,\"height\":109.142,\"caption\":\"Centro Clinico NeMO - Fondazione Serena Onlus\"},\"image\":{\"@id\":\"https:\\\/\\\/www.centrocliniconemo.it\\\/en\\\/#\\\/schema\\\/logo\\\/image\\\/\"},\"sameAs\":[\"https:\\\/\\\/www.facebook.com\\\/CentroNEMOItalia\",\"https:\\\/\\\/x.com\\\/CentroNemo\",\"https:\\\/\\\/www.linkedin.com\\\/company\\\/centrocliniconemo\\\/\",\"https:\\\/\\\/www.instagram.com\\\/centrocliniconemo\\\/\"]},{\"@type\":\"Person\",\"@id\":\"https:\\\/\\\/www.centrocliniconemo.it\\\/en\\\/#\\\/schema\\\/person\\\/9331a87c0a8ee435c61f5dd498531434\",\"name\":\"Luca Biondi\",\"image\":{\"@type\":\"ImageObject\",\"inLanguage\":\"en-US\",\"@id\":\"https:\\\/\\\/secure.gravatar.com\\\/avatar\\\/0488b88829885ebcc9896de947265b69d2979e6dc4666b1e2c3d4fbf8dc73d77?s=96&d=mm&r=g\",\"url\":\"https:\\\/\\\/secure.gravatar.com\\\/avatar\\\/0488b88829885ebcc9896de947265b69d2979e6dc4666b1e2c3d4fbf8dc73d77?s=96&d=mm&r=g\",\"contentUrl\":\"https:\\\/\\\/secure.gravatar.com\\\/avatar\\\/0488b88829885ebcc9896de947265b69d2979e6dc4666b1e2c3d4fbf8dc73d77?s=96&d=mm&r=g\",\"caption\":\"Luca Biondi\"}}]}<\/script>\n<!-- \/ Yoast SEO plugin. -->","yoast_head_json":{"title":"#Icoloridinemo: Cosa Accade Quando Il Colore Entra Nella Tua Vita? - Centro Clinico NeMO","robots":{"index":"index","follow":"follow","max-snippet":"max-snippet:-1","max-image-preview":"max-image-preview:large","max-video-preview":"max-video-preview:-1"},"canonical":"https:\/\/www.centrocliniconemo.it\/en\/blog\/icoloridinemo-cosa-accade-quando-il-colore-entra-nella-tua-vita\/","og_locale":"en_US","og_type":"article","og_title":"#Icoloridinemo: Cosa Accade Quando Il Colore Entra Nella Tua Vita? - Centro Clinico NeMO","og_description":"Donare un momento per s\u00e9, di attenzione, leggerezza e coccole, per fare emergere i colori e le sfumature della propria femminilit\u00e0. NeMO abbatte i confini del concetto di femminilit\u00e0, che va oltre la malattia, la crisi, le difficolt\u00e0. Prendersi cura di s\u00e9 \u00e8 amare il proprio corpo nella malattia.","og_url":"https:\/\/www.centrocliniconemo.it\/en\/blog\/icoloridinemo-cosa-accade-quando-il-colore-entra-nella-tua-vita\/","og_site_name":"Centro Clinico NeMO","article_publisher":"https:\/\/www.facebook.com\/CentroNEMOItalia","article_published_time":"2018-06-18T09:54:07+00:00","article_modified_time":"2023-07-19T12:16:51+00:00","og_image":[{"width":470,"height":246,"url":"https:\/\/www.centrocliniconemo.it\/wp-content\/uploads\/2023\/07\/icoloridinemo-iosononemo-wemakeup-sla-sma-ever-rossetto-slaglobalday-labbra-rosa-cosmetici-make-up-centro-clinico-nemo-listing-bocche-lips.png","type":"image\/png"}],"author":"Luca Biondi","twitter_card":"summary_large_image","twitter_creator":"@CentroNemo","twitter_site":"@CentroNemo","twitter_misc":{"Written by":"Luca Biondi","Est. reading time":"2 minutes"},"schema":{"@context":"https:\/\/schema.org","@graph":[{"@type":"Article","@id":"https:\/\/www.centrocliniconemo.it\/en\/blog\/icoloridinemo-cosa-accade-quando-il-colore-entra-nella-tua-vita\/#article","isPartOf":{"@id":"https:\/\/www.centrocliniconemo.it\/en\/blog\/icoloridinemo-cosa-accade-quando-il-colore-entra-nella-tua-vita\/"},"author":{"name":"Luca Biondi","@id":"https:\/\/www.centrocliniconemo.it\/en\/#\/schema\/person\/9331a87c0a8ee435c61f5dd498531434"},"headline":"#Icoloridinemo: Cosa Accade Quando Il Colore Entra Nella Tua Vita?","datePublished":"2018-06-18T09:54:07+00:00","dateModified":"2023-07-19T12:16:51+00:00","mainEntityOfPage":{"@id":"https:\/\/www.centrocliniconemo.it\/en\/blog\/icoloridinemo-cosa-accade-quando-il-colore-entra-nella-tua-vita\/"},"wordCount":338,"publisher":{"@id":"https:\/\/www.centrocliniconemo.it\/en\/#organization"},"image":{"@id":"https:\/\/www.centrocliniconemo.it\/en\/blog\/icoloridinemo-cosa-accade-quando-il-colore-entra-nella-tua-vita\/#primaryimage"},"thumbnailUrl":"https:\/\/www.centrocliniconemo.it\/wp-content\/uploads\/2023\/07\/icoloridinemo-iosononemo-wemakeup-sla-sma-ever-rossetto-slaglobalday-labbra-rosa-cosmetici-make-up-centro-clinico-nemo-listing-bocche-lips.png","articleSection":["Cura, ricerca e formazione","Iniziative ed eventi"],"inLanguage":"en-US"},{"@type":"WebPage","@id":"https:\/\/www.centrocliniconemo.it\/en\/blog\/icoloridinemo-cosa-accade-quando-il-colore-entra-nella-tua-vita\/","url":"https:\/\/www.centrocliniconemo.it\/en\/blog\/icoloridinemo-cosa-accade-quando-il-colore-entra-nella-tua-vita\/","name":"#Icoloridinemo: Cosa Accade Quando Il Colore Entra Nella Tua Vita? - Centro Clinico NeMO","isPartOf":{"@id":"https:\/\/www.centrocliniconemo.it\/en\/#website"},"primaryImageOfPage":{"@id":"https:\/\/www.centrocliniconemo.it\/en\/blog\/icoloridinemo-cosa-accade-quando-il-colore-entra-nella-tua-vita\/#primaryimage"},"image":{"@id":"https:\/\/www.centrocliniconemo.it\/en\/blog\/icoloridinemo-cosa-accade-quando-il-colore-entra-nella-tua-vita\/#primaryimage"},"thumbnailUrl":"https:\/\/www.centrocliniconemo.it\/wp-content\/uploads\/2023\/07\/icoloridinemo-iosononemo-wemakeup-sla-sma-ever-rossetto-slaglobalday-labbra-rosa-cosmetici-make-up-centro-clinico-nemo-listing-bocche-lips.png","datePublished":"2018-06-18T09:54:07+00:00","dateModified":"2023-07-19T12:16:51+00:00","breadcrumb":{"@id":"https:\/\/www.centrocliniconemo.it\/en\/blog\/icoloridinemo-cosa-accade-quando-il-colore-entra-nella-tua-vita\/#breadcrumb"},"inLanguage":"en-US","potentialAction":[{"@type":"ReadAction","target":["https:\/\/www.centrocliniconemo.it\/en\/blog\/icoloridinemo-cosa-accade-quando-il-colore-entra-nella-tua-vita\/"]}]},{"@type":"ImageObject","inLanguage":"en-US","@id":"https:\/\/www.centrocliniconemo.it\/en\/blog\/icoloridinemo-cosa-accade-quando-il-colore-entra-nella-tua-vita\/#primaryimage","url":"https:\/\/www.centrocliniconemo.it\/wp-content\/uploads\/2023\/07\/icoloridinemo-iosononemo-wemakeup-sla-sma-ever-rossetto-slaglobalday-labbra-rosa-cosmetici-make-up-centro-clinico-nemo-listing-bocche-lips.png","contentUrl":"https:\/\/www.centrocliniconemo.it\/wp-content\/uploads\/2023\/07\/icoloridinemo-iosononemo-wemakeup-sla-sma-ever-rossetto-slaglobalday-labbra-rosa-cosmetici-make-up-centro-clinico-nemo-listing-bocche-lips.png","width":470,"height":246},{"@type":"BreadcrumbList","@id":"https:\/\/www.centrocliniconemo.it\/en\/blog\/icoloridinemo-cosa-accade-quando-il-colore-entra-nella-tua-vita\/#breadcrumb","itemListElement":[{"@type":"ListItem","position":1,"name":"Home","item":"https:\/\/www.centrocliniconemo.it\/en\/"},{"@type":"ListItem","position":2,"name":"#Icoloridinemo: Cosa Accade Quando Il Colore Entra Nella Tua Vita?"}]},{"@type":"WebSite","@id":"https:\/\/www.centrocliniconemo.it\/en\/#website","url":"https:\/\/www.centrocliniconemo.it\/en\/","name":"Centro Clinico NeMO","description":"Il paziente al centro","publisher":{"@id":"https:\/\/www.centrocliniconemo.it\/en\/#organization"},"potentialAction":[{"@type":"SearchAction","target":{"@type":"EntryPoint","urlTemplate":"https:\/\/www.centrocliniconemo.it\/en\/?s={search_term_string}"},"query-input":{"@type":"PropertyValueSpecification","valueRequired":true,"valueName":"search_term_string"}}],"inLanguage":"en-US"},{"@type":"Organization","@id":"https:\/\/www.centrocliniconemo.it\/en\/#organization","name":"Centro Clinico NeMO - Fondazione Serena Onlus","url":"https:\/\/www.centrocliniconemo.it\/en\/","logo":{"@type":"ImageObject","inLanguage":"en-US","@id":"https:\/\/www.centrocliniconemo.it\/en\/#\/schema\/logo\/image\/","url":"https:\/\/www.centrocliniconemo.it\/wp-content\/uploads\/2023\/03\/logo-nemo.svg","contentUrl":"https:\/\/www.centrocliniconemo.it\/wp-content\/uploads\/2023\/03\/logo-nemo.svg","width":272,"height":109.142,"caption":"Centro Clinico NeMO - Fondazione Serena Onlus"},"image":{"@id":"https:\/\/www.centrocliniconemo.it\/en\/#\/schema\/logo\/image\/"},"sameAs":["https:\/\/www.facebook.com\/CentroNEMOItalia","https:\/\/x.com\/CentroNemo","https:\/\/www.linkedin.com\/company\/centrocliniconemo\/","https:\/\/www.instagram.com\/centrocliniconemo\/"]},{"@type":"Person","@id":"https:\/\/www.centrocliniconemo.it\/en\/#\/schema\/person\/9331a87c0a8ee435c61f5dd498531434","name":"Luca Biondi","image":{"@type":"ImageObject","inLanguage":"en-US","@id":"https:\/\/secure.gravatar.com\/avatar\/0488b88829885ebcc9896de947265b69d2979e6dc4666b1e2c3d4fbf8dc73d77?s=96&d=mm&r=g","url":"https:\/\/secure.gravatar.com\/avatar\/0488b88829885ebcc9896de947265b69d2979e6dc4666b1e2c3d4fbf8dc73d77?s=96&d=mm&r=g","contentUrl":"https:\/\/secure.gravatar.com\/avatar\/0488b88829885ebcc9896de947265b69d2979e6dc4666b1e2c3d4fbf8dc73d77?s=96&d=mm&r=g","caption":"Luca Biondi"}}]}},"_links":{"self":[{"href":"https:\/\/www.centrocliniconemo.it\/en\/wp-json\/wp\/v2\/posts\/13522","targetHints":{"allow":["GET"]}}],"collection":[{"href":"https:\/\/www.centrocliniconemo.it\/en\/wp-json\/wp\/v2\/posts"}],"about":[{"href":"https:\/\/www.centrocliniconemo.it\/en\/wp-json\/wp\/v2\/types\/post"}],"author":[{"embeddable":true,"href":"https:\/\/www.centrocliniconemo.it\/en\/wp-json\/wp\/v2\/users\/2"}],"replies":[{"embeddable":true,"href":"https:\/\/www.centrocliniconemo.it\/en\/wp-json\/wp\/v2\/comments?post=13522"}],"version-history":[{"count":0,"href":"https:\/\/www.centrocliniconemo.it\/en\/wp-json\/wp\/v2\/posts\/13522\/revisions"}],"wp:featuredmedia":[{"embeddable":true,"href":"https:\/\/www.centrocliniconemo.it\/en\/wp-json\/wp\/v2\/media\/12169"}],"wp:attachment":[{"href":"https:\/\/www.centrocliniconemo.it\/en\/wp-json\/wp\/v2\/media?parent=13522"}],"wp:term":[{"taxonomy":"category","embeddable":true,"href":"https:\/\/www.centrocliniconemo.it\/en\/wp-json\/wp\/v2\/categories?post=13522"},{"taxonomy":"post_tag","embeddable":true,"href":"https:\/\/www.centrocliniconemo.it\/en\/wp-json\/wp\/v2\/tags?post=13522"}],"curies":[{"name":"wp","href":"https:\/\/api.w.org\/{rel}","templated":true}]}}