{"id":13520,"date":"2018-06-20T20:00:00","date_gmt":"2018-06-20T20:00:00","guid":{"rendered":"https:\/\/www.centrocliniconemo.it\/blog\/sla-global-day-icoloridinemo-wemakeup"},"modified":"2023-07-19T12:16:51","modified_gmt":"2023-07-19T12:16:51","slug":"sla-global-day-icoloridinemo-wemakeup","status":"publish","type":"post","link":"https:\/\/www.centrocliniconemo.it\/en\/blog\/sla-global-day-icoloridinemo-wemakeup\/","title":{"rendered":"Nel Giorno Dello Sla Global Day, Al Via Il Progetto #Icoloridinemo"},"content":{"rendered":"<h3><strong>\u201cCOSA ACCADE QUANDO IL COLORE ENTRA NELLA TUA VITA?\u201d<\/strong><\/h3>\n<p><strong>Anche il Centro Clinico NeMO festeggia lo <a href=\"http:\/\/www.aisla.it\/tag\/global-day\/\" rel=\"nofollow noopener\" target=\"_blank\">SLA GLOBAL DAY<\/a>, la giornata mondiale di sensibilizzazione sulla SLA che ogni anno si celebra il 21 giugno<\/strong> &#8211; giorno del solstizio d\u2019estate &#8211; e promossa dall\u2019International Alliance of ALS\/MND Associations, la Federazione Internazionale delle Associazioni che si occupano di SLA e delle altre malattie del motoneurone, di cui AISLA Onlus \u00e8 l\u2019unico membro italiano.<\/p>\n<p><!--more--><\/p>\n<p><strong><img decoding=\"async\" src=\"https:\/\/www.centrocliniconemo.it\/wp-content\/uploads\/2023\/07\/Global-Day-SLA.jpg\" alt=\"Global-Day-SLA\" style=\"width: 385px; float: left; margin: 0px 10px 10px 0px;\" width=\"385\">#ALSMNDWhitoutBorders \u00e8 il tema che l\u2019International Alliance propone anche quest\u2019anno<\/strong>, <strong>per sottolineare l\u2019importanza di superare i confini, di andare oltre le barriere e di lavorare insieme per garantire alle persone con SLA e alle loro famiglie la migliore qualit\u00e0 di vita possibile<\/strong>.<\/p>\n<p>Tante le iniziative di sensibilizzazione in tutto il mondo e per l\u2019occasione anche NeMO partecipa alla giornata mettendo in primo piano il valore della cura di S\u00e9, anche nell\u2019esperienza della malattia.<\/p>\n<p><strong>NeMO dedica lo SLA Global Day alle donne e a tutte le loro sfumature: donne che vivono la SLA in prima persona e donne che la condividono quotidianamente con il proprio caro.<\/strong><\/p>\n<p><strong><a href=\"https:\/\/www.facebook.com\/events\/372383009938550\/\" rel=\"noopener\" target=\"_blank\">Sabato 23 giugno, dalle ore 15.00<\/a>, il Centro Clinico NeMO<\/strong> apre le porte a tutte queste donne donne, con il progetto <a href=\"https:\/\/iosononemo.centrocliniconemo.it\/progetto\/icoloridinemo-un-progetto-per-prendersi-cura-di-se\/\" rel=\"noopener\" target=\"_blank\"><strong>I COLORI DI NEMO<\/strong><\/a>, per condividere un\u2019esperienza creativa, grazie alla musica e al colore. Scopo della giornata sar\u00e0 quello di donare ad ogni donna che vi parteciper\u00e0 un momento per s\u00e9 di attenzione, di leggerezza e di coccole, in cui poter fare emergere i colori e le sfumature della propria femminilit\u00e0.<\/p>\n<h3 style=\"text-align: center;\"><strong>{{cta(&#8216;ee9a16cc-d24c-424d-9651-f741f6aba3b7&#8217;)}}<\/strong><\/h3>\n<h3><strong>Il messaggio della giornata <\/strong><\/h3>\n<p>Superare i confini e le barriere attraverso la valorizzazione del concetto di femminilit\u00e0, che va oltre il limite fisico, oltre la crisi, oltre le difficolt\u00e0. Prendersi cura di s\u00e9 \u00e8 anche questo: <strong>continuare ad amare e dare attenzione a se stesse e al proprio corpo, pur vivendo l\u2019esperienza della malattia<\/strong>. <\/p>\n<h3><strong>Il programma<\/strong> <strong>della giornata<\/strong><\/h3>\n<p>Dopo un momento introduttivo, che permetter\u00e0 alle donne del gruppo di conoscersi, una Psicologa del Centro Clinico NeMO condurr\u00e0 le partecipanti in una riflessione condivisa sui concetti di immagine corporea, percezione del s\u00e9 e cura del corpo.<\/p>\n<p>Mantenere e coltivare una relazione positiva con il proprio corpo e vivere con esso momenti piacevoli legati alle attivit\u00e0 quotidiane di cura di s\u00e9, pu\u00f2 incrementare notevolmente la propria autostima e pu\u00f2 contribuire al miglioramento della qualit\u00e0 della vita, aiutando a far fronte ai problemi legati anche alla patologia e ai suoi sintomi.<\/p>\n<p>Le partecipanti saranno poi accompagnate dalla Counselor del Centro NeMO in un\u2019esperienza di incontro con il colore. La musica far\u00e0 da sfondo a questo laboratorio. Ogni donna potr\u00e0 giocare e sperimentarsi con i colori, sceglierne una o pi\u00f9 tonalit\u00e0, indossarli e osservare cosa accade, per mettersi in ascolto delle proprie emozioni e condividerle con il gruppo.&nbsp;<\/p>\n<p><a href=\"https:\/\/iosononemo.centrocliniconemo.it\/donazione\/\" rel=\"noopener\" target=\"_blank\"><img decoding=\"async\" src=\"https:\/\/www.centrocliniconemo.it\/wp-content\/uploads\/2023\/07\/icoloridinemo-iosononemo-wemakeup-sla-sma-ever-rossetto-slaglobalday-labbra-rosa-cosmetici-make-up-centro-clinico-nemo-listing-bocche-lips-labbra-naomis-simona-spinoglio-life-colors.png\" alt=\"icoloridinemo iosononemo wemakeup sla sma ever rossetto slaglobalday labbra rosa cosmetici make-up centro clinico nemo listing bocche lips labbra naomis simona spinoglio life colors\" style=\"width: 1920px; margin: 0px 10px 10px 0px;\" width=\"1920\"><\/a><\/p>\n<p><strong>\u201c<a href=\"http:\/\/icoloridinemo.it\/\" rel=\"noopener\" target=\"_blank\">I COLORI DI NEMO<\/a>\u201d<\/strong> \u00e8 il primo incontro di un progetto che NeMO propone alle donne che vivono il mondo delle patologie neuromuscolari, grazie al sostegno dell\u2019azienda <a href=\"https:\/\/wemakeup.it\/\" rel=\"nofollow noopener\" target=\"_blank\">We Make-up<\/a>, startup innovativa italiana nata da una storia di 50 anni nella cosmetica. Insieme si esplorer\u00e0 il mondo sconfinato della bellezza e dell\u2019immagine di s\u00e9 e di come queste dimensioni incidano sul benessere globale della persona e sulla qualit\u00e0 della vita.<\/p>\n<p>In ogni incontro, donne di et\u00e0 diverse risponderanno alla domanda \u201cCosa accade quando il colore entra nella tua vita?\u201d, ma questo solo dopo aver creato, grazie al prezioso aiuto degli esperti di We Make-up, il proprio colore di rossetto ed essersi fatte truccare da una make-up artist. Colore, bellezza, leggerezza e condivisione saranno protagonisti dei pomeriggi, contribuendo a creare momenti di qualit\u00e0 in cui si prover\u00e0 a far scivolare la malattia sullo sfondo, mettendo in primo piano se stesse e la propria femminilit\u00e0.<\/p>\n<p><strong>Le date dei prossimi incontri<\/strong>:<\/p>\n<ul>\n<li>21 luglio \u201cIl colore ci cambia\u201d<\/li>\n<li>4 agosto \u201cIl colore ci diverte\u201d<\/li>\n<li>15 settembre \u201cIl colore ci distingue\u201d<\/li>\n<li>6 ottobre \u201cIl colore ci rilassa\u201d<\/li>\n<li>20 ottobre \u201cIl colore ci fa crescere\u201d<\/li>\n<li>17 novembre \u201cIl colore ci coccola\u201d<\/li>\n<\/ul>\n<p>Chi fosse interessato e volesse partecipare pu\u00f2 rivolgersi a Simona Spinoglio, Counselor del Centro Clinico NeMO di Milano, scrivendo a <strong><a href=\"mailto:simona.spinoglio@centrocliniconemo.it\">simona.spinoglio@centrocliniconemo.it<\/a> <\/strong><\/p>\n<p style=\"text-align: center;\"><strong>{{cta(&#8216;f2bfa3c9-0ac9-47b7-a90d-71d222a0f972&#8217;)}}<\/strong><\/p>\n<p style=\"text-align: center;\">&nbsp;<\/p>\n","protected":false},"excerpt":{"rendered":"<p>Per lo SLA Global Day 2018, ecco &#8220;I Colori Di NeMO&#8221;: un momento per s\u00e9, di attenzione, leggerezza, coccole, per abbattere i confini del concetto di femminilit\u00e0, oltre la malattia. Un prendersi cura di s\u00e9 per amare il proprio corpo nella malattia. Un progetto intenso come i suoi colori.<\/p>\n","protected":false},"author":2,"featured_media":12165,"comment_status":"closed","ping_status":"closed","sticky":false,"template":"","format":"standard","meta":{"pgc_sgb_lightbox_settings":"","footnotes":""},"categories":[28,17],"tags":[],"class_list":["post-13520","post","type-post","status-publish","format-standard","has-post-thumbnail","hentry","category-cura-ricerca-e-formazione","category-iniziative-ed-eventi"],"yoast_head":"<!-- This site is optimized with the Yoast SEO plugin v27.4 - https:\/\/yoast.com\/product\/yoast-seo-wordpress\/ -->\n<title>Nel Giorno Dello Sla Global Day, Al Via Il Progetto #Icoloridinemo - Centro Clinico NeMO<\/title>\n<meta name=\"robots\" content=\"index, follow, max-snippet:-1, max-image-preview:large, max-video-preview:-1\" \/>\n<link rel=\"canonical\" href=\"https:\/\/www.centrocliniconemo.it\/en\/blog\/sla-global-day-icoloridinemo-wemakeup\/\" \/>\n<meta property=\"og:locale\" content=\"en_US\" \/>\n<meta property=\"og:type\" content=\"article\" \/>\n<meta property=\"og:title\" content=\"Nel Giorno Dello Sla Global Day, Al Via Il Progetto #Icoloridinemo - Centro Clinico NeMO\" \/>\n<meta property=\"og:description\" content=\"Per lo SLA Global Day 2018, ecco &quot;I Colori Di NeMO&quot;: un momento per s\u00e9, di attenzione, leggerezza, coccole, per abbattere i confini del concetto di femminilit\u00e0, oltre la malattia. Un prendersi cura di s\u00e9 per amare il proprio corpo nella malattia. Un progetto intenso come i suoi colori.\" \/>\n<meta property=\"og:url\" content=\"https:\/\/www.centrocliniconemo.it\/en\/blog\/sla-global-day-icoloridinemo-wemakeup\/\" \/>\n<meta property=\"og:site_name\" content=\"Centro Clinico NeMO\" \/>\n<meta property=\"article:publisher\" content=\"https:\/\/www.facebook.com\/CentroNEMOItalia\" \/>\n<meta property=\"article:published_time\" content=\"2018-06-20T20:00:00+00:00\" \/>\n<meta property=\"article:modified_time\" content=\"2023-07-19T12:16:51+00:00\" \/>\n<meta property=\"og:image\" content=\"https:\/\/www.centrocliniconemo.it\/wp-content\/uploads\/2023\/07\/icoloridinemo-iosononemo-wemakeup-sla-sma-ever-rossetto-slaglobalday-labbra-rosa-cosmetici-make-up-centro-clinico-nemo-listing-bocche-lips-labbra-naomis-simona-spinoglio-listing.png\" \/>\n\t<meta property=\"og:image:width\" content=\"470\" \/>\n\t<meta property=\"og:image:height\" content=\"246\" \/>\n\t<meta property=\"og:image:type\" content=\"image\/png\" \/>\n<meta name=\"author\" content=\"Luca Biondi\" \/>\n<meta name=\"twitter:card\" content=\"summary_large_image\" \/>\n<meta name=\"twitter:creator\" content=\"@CentroNemo\" \/>\n<meta name=\"twitter:site\" content=\"@CentroNemo\" \/>\n<meta name=\"twitter:label1\" content=\"Written by\" \/>\n\t<meta name=\"twitter:data1\" content=\"Luca Biondi\" \/>\n\t<meta name=\"twitter:label2\" content=\"Est. reading time\" \/>\n\t<meta name=\"twitter:data2\" content=\"3 minutes\" \/>\n<script type=\"application\/ld+json\" class=\"yoast-schema-graph\">{\"@context\":\"https:\\\/\\\/schema.org\",\"@graph\":[{\"@type\":\"Article\",\"@id\":\"https:\\\/\\\/www.centrocliniconemo.it\\\/en\\\/blog\\\/sla-global-day-icoloridinemo-wemakeup\\\/#article\",\"isPartOf\":{\"@id\":\"https:\\\/\\\/www.centrocliniconemo.it\\\/en\\\/blog\\\/sla-global-day-icoloridinemo-wemakeup\\\/\"},\"author\":{\"name\":\"Luca Biondi\",\"@id\":\"https:\\\/\\\/www.centrocliniconemo.it\\\/en\\\/#\\\/schema\\\/person\\\/9331a87c0a8ee435c61f5dd498531434\"},\"headline\":\"Nel Giorno Dello Sla Global Day, Al Via Il Progetto #Icoloridinemo\",\"datePublished\":\"2018-06-20T20:00:00+00:00\",\"dateModified\":\"2023-07-19T12:16:51+00:00\",\"mainEntityOfPage\":{\"@id\":\"https:\\\/\\\/www.centrocliniconemo.it\\\/en\\\/blog\\\/sla-global-day-icoloridinemo-wemakeup\\\/\"},\"wordCount\":706,\"publisher\":{\"@id\":\"https:\\\/\\\/www.centrocliniconemo.it\\\/en\\\/#organization\"},\"image\":{\"@id\":\"https:\\\/\\\/www.centrocliniconemo.it\\\/en\\\/blog\\\/sla-global-day-icoloridinemo-wemakeup\\\/#primaryimage\"},\"thumbnailUrl\":\"https:\\\/\\\/www.centrocliniconemo.it\\\/wp-content\\\/uploads\\\/2023\\\/07\\\/icoloridinemo-iosononemo-wemakeup-sla-sma-ever-rossetto-slaglobalday-labbra-rosa-cosmetici-make-up-centro-clinico-nemo-listing-bocche-lips-labbra-naomis-simona-spinoglio-listing.png\",\"articleSection\":[\"Cura, ricerca e formazione\",\"Iniziative ed eventi\"],\"inLanguage\":\"en-US\"},{\"@type\":\"WebPage\",\"@id\":\"https:\\\/\\\/www.centrocliniconemo.it\\\/en\\\/blog\\\/sla-global-day-icoloridinemo-wemakeup\\\/\",\"url\":\"https:\\\/\\\/www.centrocliniconemo.it\\\/en\\\/blog\\\/sla-global-day-icoloridinemo-wemakeup\\\/\",\"name\":\"Nel Giorno Dello Sla Global Day, Al Via Il Progetto #Icoloridinemo - Centro Clinico NeMO\",\"isPartOf\":{\"@id\":\"https:\\\/\\\/www.centrocliniconemo.it\\\/en\\\/#website\"},\"primaryImageOfPage\":{\"@id\":\"https:\\\/\\\/www.centrocliniconemo.it\\\/en\\\/blog\\\/sla-global-day-icoloridinemo-wemakeup\\\/#primaryimage\"},\"image\":{\"@id\":\"https:\\\/\\\/www.centrocliniconemo.it\\\/en\\\/blog\\\/sla-global-day-icoloridinemo-wemakeup\\\/#primaryimage\"},\"thumbnailUrl\":\"https:\\\/\\\/www.centrocliniconemo.it\\\/wp-content\\\/uploads\\\/2023\\\/07\\\/icoloridinemo-iosononemo-wemakeup-sla-sma-ever-rossetto-slaglobalday-labbra-rosa-cosmetici-make-up-centro-clinico-nemo-listing-bocche-lips-labbra-naomis-simona-spinoglio-listing.png\",\"datePublished\":\"2018-06-20T20:00:00+00:00\",\"dateModified\":\"2023-07-19T12:16:51+00:00\",\"breadcrumb\":{\"@id\":\"https:\\\/\\\/www.centrocliniconemo.it\\\/en\\\/blog\\\/sla-global-day-icoloridinemo-wemakeup\\\/#breadcrumb\"},\"inLanguage\":\"en-US\",\"potentialAction\":[{\"@type\":\"ReadAction\",\"target\":[\"https:\\\/\\\/www.centrocliniconemo.it\\\/en\\\/blog\\\/sla-global-day-icoloridinemo-wemakeup\\\/\"]}]},{\"@type\":\"ImageObject\",\"inLanguage\":\"en-US\",\"@id\":\"https:\\\/\\\/www.centrocliniconemo.it\\\/en\\\/blog\\\/sla-global-day-icoloridinemo-wemakeup\\\/#primaryimage\",\"url\":\"https:\\\/\\\/www.centrocliniconemo.it\\\/wp-content\\\/uploads\\\/2023\\\/07\\\/icoloridinemo-iosononemo-wemakeup-sla-sma-ever-rossetto-slaglobalday-labbra-rosa-cosmetici-make-up-centro-clinico-nemo-listing-bocche-lips-labbra-naomis-simona-spinoglio-listing.png\",\"contentUrl\":\"https:\\\/\\\/www.centrocliniconemo.it\\\/wp-content\\\/uploads\\\/2023\\\/07\\\/icoloridinemo-iosononemo-wemakeup-sla-sma-ever-rossetto-slaglobalday-labbra-rosa-cosmetici-make-up-centro-clinico-nemo-listing-bocche-lips-labbra-naomis-simona-spinoglio-listing.png\",\"width\":470,\"height\":246},{\"@type\":\"BreadcrumbList\",\"@id\":\"https:\\\/\\\/www.centrocliniconemo.it\\\/en\\\/blog\\\/sla-global-day-icoloridinemo-wemakeup\\\/#breadcrumb\",\"itemListElement\":[{\"@type\":\"ListItem\",\"position\":1,\"name\":\"Home\",\"item\":\"https:\\\/\\\/www.centrocliniconemo.it\\\/en\\\/\"},{\"@type\":\"ListItem\",\"position\":2,\"name\":\"Nel Giorno Dello Sla Global Day, Al Via Il Progetto #Icoloridinemo\"}]},{\"@type\":\"WebSite\",\"@id\":\"https:\\\/\\\/www.centrocliniconemo.it\\\/en\\\/#website\",\"url\":\"https:\\\/\\\/www.centrocliniconemo.it\\\/en\\\/\",\"name\":\"Centro Clinico NeMO\",\"description\":\"Il paziente al centro\",\"publisher\":{\"@id\":\"https:\\\/\\\/www.centrocliniconemo.it\\\/en\\\/#organization\"},\"potentialAction\":[{\"@type\":\"SearchAction\",\"target\":{\"@type\":\"EntryPoint\",\"urlTemplate\":\"https:\\\/\\\/www.centrocliniconemo.it\\\/en\\\/?s={search_term_string}\"},\"query-input\":{\"@type\":\"PropertyValueSpecification\",\"valueRequired\":true,\"valueName\":\"search_term_string\"}}],\"inLanguage\":\"en-US\"},{\"@type\":\"Organization\",\"@id\":\"https:\\\/\\\/www.centrocliniconemo.it\\\/en\\\/#organization\",\"name\":\"Centro Clinico NeMO - Fondazione Serena Onlus\",\"url\":\"https:\\\/\\\/www.centrocliniconemo.it\\\/en\\\/\",\"logo\":{\"@type\":\"ImageObject\",\"inLanguage\":\"en-US\",\"@id\":\"https:\\\/\\\/www.centrocliniconemo.it\\\/en\\\/#\\\/schema\\\/logo\\\/image\\\/\",\"url\":\"https:\\\/\\\/www.centrocliniconemo.it\\\/wp-content\\\/uploads\\\/2023\\\/03\\\/logo-nemo.svg\",\"contentUrl\":\"https:\\\/\\\/www.centrocliniconemo.it\\\/wp-content\\\/uploads\\\/2023\\\/03\\\/logo-nemo.svg\",\"width\":272,\"height\":109.142,\"caption\":\"Centro Clinico NeMO - Fondazione Serena Onlus\"},\"image\":{\"@id\":\"https:\\\/\\\/www.centrocliniconemo.it\\\/en\\\/#\\\/schema\\\/logo\\\/image\\\/\"},\"sameAs\":[\"https:\\\/\\\/www.facebook.com\\\/CentroNEMOItalia\",\"https:\\\/\\\/x.com\\\/CentroNemo\",\"https:\\\/\\\/www.linkedin.com\\\/company\\\/centrocliniconemo\\\/\",\"https:\\\/\\\/www.instagram.com\\\/centrocliniconemo\\\/\"]},{\"@type\":\"Person\",\"@id\":\"https:\\\/\\\/www.centrocliniconemo.it\\\/en\\\/#\\\/schema\\\/person\\\/9331a87c0a8ee435c61f5dd498531434\",\"name\":\"Luca Biondi\",\"image\":{\"@type\":\"ImageObject\",\"inLanguage\":\"en-US\",\"@id\":\"https:\\\/\\\/secure.gravatar.com\\\/avatar\\\/0488b88829885ebcc9896de947265b69d2979e6dc4666b1e2c3d4fbf8dc73d77?s=96&d=mm&r=g\",\"url\":\"https:\\\/\\\/secure.gravatar.com\\\/avatar\\\/0488b88829885ebcc9896de947265b69d2979e6dc4666b1e2c3d4fbf8dc73d77?s=96&d=mm&r=g\",\"contentUrl\":\"https:\\\/\\\/secure.gravatar.com\\\/avatar\\\/0488b88829885ebcc9896de947265b69d2979e6dc4666b1e2c3d4fbf8dc73d77?s=96&d=mm&r=g\",\"caption\":\"Luca Biondi\"}}]}<\/script>\n<!-- \/ Yoast SEO plugin. -->","yoast_head_json":{"title":"Nel Giorno Dello Sla Global Day, Al Via Il Progetto #Icoloridinemo - Centro Clinico NeMO","robots":{"index":"index","follow":"follow","max-snippet":"max-snippet:-1","max-image-preview":"max-image-preview:large","max-video-preview":"max-video-preview:-1"},"canonical":"https:\/\/www.centrocliniconemo.it\/en\/blog\/sla-global-day-icoloridinemo-wemakeup\/","og_locale":"en_US","og_type":"article","og_title":"Nel Giorno Dello Sla Global Day, Al Via Il Progetto #Icoloridinemo - Centro Clinico NeMO","og_description":"Per lo SLA Global Day 2018, ecco \"I Colori Di NeMO\": un momento per s\u00e9, di attenzione, leggerezza, coccole, per abbattere i confini del concetto di femminilit\u00e0, oltre la malattia. Un prendersi cura di s\u00e9 per amare il proprio corpo nella malattia. Un progetto intenso come i suoi colori.","og_url":"https:\/\/www.centrocliniconemo.it\/en\/blog\/sla-global-day-icoloridinemo-wemakeup\/","og_site_name":"Centro Clinico NeMO","article_publisher":"https:\/\/www.facebook.com\/CentroNEMOItalia","article_published_time":"2018-06-20T20:00:00+00:00","article_modified_time":"2023-07-19T12:16:51+00:00","og_image":[{"width":470,"height":246,"url":"https:\/\/www.centrocliniconemo.it\/wp-content\/uploads\/2023\/07\/icoloridinemo-iosononemo-wemakeup-sla-sma-ever-rossetto-slaglobalday-labbra-rosa-cosmetici-make-up-centro-clinico-nemo-listing-bocche-lips-labbra-naomis-simona-spinoglio-listing.png","type":"image\/png"}],"author":"Luca Biondi","twitter_card":"summary_large_image","twitter_creator":"@CentroNemo","twitter_site":"@CentroNemo","twitter_misc":{"Written by":"Luca Biondi","Est. reading time":"3 minutes"},"schema":{"@context":"https:\/\/schema.org","@graph":[{"@type":"Article","@id":"https:\/\/www.centrocliniconemo.it\/en\/blog\/sla-global-day-icoloridinemo-wemakeup\/#article","isPartOf":{"@id":"https:\/\/www.centrocliniconemo.it\/en\/blog\/sla-global-day-icoloridinemo-wemakeup\/"},"author":{"name":"Luca Biondi","@id":"https:\/\/www.centrocliniconemo.it\/en\/#\/schema\/person\/9331a87c0a8ee435c61f5dd498531434"},"headline":"Nel Giorno Dello Sla Global Day, Al Via Il Progetto #Icoloridinemo","datePublished":"2018-06-20T20:00:00+00:00","dateModified":"2023-07-19T12:16:51+00:00","mainEntityOfPage":{"@id":"https:\/\/www.centrocliniconemo.it\/en\/blog\/sla-global-day-icoloridinemo-wemakeup\/"},"wordCount":706,"publisher":{"@id":"https:\/\/www.centrocliniconemo.it\/en\/#organization"},"image":{"@id":"https:\/\/www.centrocliniconemo.it\/en\/blog\/sla-global-day-icoloridinemo-wemakeup\/#primaryimage"},"thumbnailUrl":"https:\/\/www.centrocliniconemo.it\/wp-content\/uploads\/2023\/07\/icoloridinemo-iosononemo-wemakeup-sla-sma-ever-rossetto-slaglobalday-labbra-rosa-cosmetici-make-up-centro-clinico-nemo-listing-bocche-lips-labbra-naomis-simona-spinoglio-listing.png","articleSection":["Cura, ricerca e formazione","Iniziative ed eventi"],"inLanguage":"en-US"},{"@type":"WebPage","@id":"https:\/\/www.centrocliniconemo.it\/en\/blog\/sla-global-day-icoloridinemo-wemakeup\/","url":"https:\/\/www.centrocliniconemo.it\/en\/blog\/sla-global-day-icoloridinemo-wemakeup\/","name":"Nel Giorno Dello Sla Global Day, Al Via Il Progetto #Icoloridinemo - Centro Clinico NeMO","isPartOf":{"@id":"https:\/\/www.centrocliniconemo.it\/en\/#website"},"primaryImageOfPage":{"@id":"https:\/\/www.centrocliniconemo.it\/en\/blog\/sla-global-day-icoloridinemo-wemakeup\/#primaryimage"},"image":{"@id":"https:\/\/www.centrocliniconemo.it\/en\/blog\/sla-global-day-icoloridinemo-wemakeup\/#primaryimage"},"thumbnailUrl":"https:\/\/www.centrocliniconemo.it\/wp-content\/uploads\/2023\/07\/icoloridinemo-iosononemo-wemakeup-sla-sma-ever-rossetto-slaglobalday-labbra-rosa-cosmetici-make-up-centro-clinico-nemo-listing-bocche-lips-labbra-naomis-simona-spinoglio-listing.png","datePublished":"2018-06-20T20:00:00+00:00","dateModified":"2023-07-19T12:16:51+00:00","breadcrumb":{"@id":"https:\/\/www.centrocliniconemo.it\/en\/blog\/sla-global-day-icoloridinemo-wemakeup\/#breadcrumb"},"inLanguage":"en-US","potentialAction":[{"@type":"ReadAction","target":["https:\/\/www.centrocliniconemo.it\/en\/blog\/sla-global-day-icoloridinemo-wemakeup\/"]}]},{"@type":"ImageObject","inLanguage":"en-US","@id":"https:\/\/www.centrocliniconemo.it\/en\/blog\/sla-global-day-icoloridinemo-wemakeup\/#primaryimage","url":"https:\/\/www.centrocliniconemo.it\/wp-content\/uploads\/2023\/07\/icoloridinemo-iosononemo-wemakeup-sla-sma-ever-rossetto-slaglobalday-labbra-rosa-cosmetici-make-up-centro-clinico-nemo-listing-bocche-lips-labbra-naomis-simona-spinoglio-listing.png","contentUrl":"https:\/\/www.centrocliniconemo.it\/wp-content\/uploads\/2023\/07\/icoloridinemo-iosononemo-wemakeup-sla-sma-ever-rossetto-slaglobalday-labbra-rosa-cosmetici-make-up-centro-clinico-nemo-listing-bocche-lips-labbra-naomis-simona-spinoglio-listing.png","width":470,"height":246},{"@type":"BreadcrumbList","@id":"https:\/\/www.centrocliniconemo.it\/en\/blog\/sla-global-day-icoloridinemo-wemakeup\/#breadcrumb","itemListElement":[{"@type":"ListItem","position":1,"name":"Home","item":"https:\/\/www.centrocliniconemo.it\/en\/"},{"@type":"ListItem","position":2,"name":"Nel Giorno Dello Sla Global Day, Al Via Il Progetto #Icoloridinemo"}]},{"@type":"WebSite","@id":"https:\/\/www.centrocliniconemo.it\/en\/#website","url":"https:\/\/www.centrocliniconemo.it\/en\/","name":"Centro Clinico NeMO","description":"Il paziente al centro","publisher":{"@id":"https:\/\/www.centrocliniconemo.it\/en\/#organization"},"potentialAction":[{"@type":"SearchAction","target":{"@type":"EntryPoint","urlTemplate":"https:\/\/www.centrocliniconemo.it\/en\/?s={search_term_string}"},"query-input":{"@type":"PropertyValueSpecification","valueRequired":true,"valueName":"search_term_string"}}],"inLanguage":"en-US"},{"@type":"Organization","@id":"https:\/\/www.centrocliniconemo.it\/en\/#organization","name":"Centro Clinico NeMO - Fondazione Serena Onlus","url":"https:\/\/www.centrocliniconemo.it\/en\/","logo":{"@type":"ImageObject","inLanguage":"en-US","@id":"https:\/\/www.centrocliniconemo.it\/en\/#\/schema\/logo\/image\/","url":"https:\/\/www.centrocliniconemo.it\/wp-content\/uploads\/2023\/03\/logo-nemo.svg","contentUrl":"https:\/\/www.centrocliniconemo.it\/wp-content\/uploads\/2023\/03\/logo-nemo.svg","width":272,"height":109.142,"caption":"Centro Clinico NeMO - Fondazione Serena Onlus"},"image":{"@id":"https:\/\/www.centrocliniconemo.it\/en\/#\/schema\/logo\/image\/"},"sameAs":["https:\/\/www.facebook.com\/CentroNEMOItalia","https:\/\/x.com\/CentroNemo","https:\/\/www.linkedin.com\/company\/centrocliniconemo\/","https:\/\/www.instagram.com\/centrocliniconemo\/"]},{"@type":"Person","@id":"https:\/\/www.centrocliniconemo.it\/en\/#\/schema\/person\/9331a87c0a8ee435c61f5dd498531434","name":"Luca Biondi","image":{"@type":"ImageObject","inLanguage":"en-US","@id":"https:\/\/secure.gravatar.com\/avatar\/0488b88829885ebcc9896de947265b69d2979e6dc4666b1e2c3d4fbf8dc73d77?s=96&d=mm&r=g","url":"https:\/\/secure.gravatar.com\/avatar\/0488b88829885ebcc9896de947265b69d2979e6dc4666b1e2c3d4fbf8dc73d77?s=96&d=mm&r=g","contentUrl":"https:\/\/secure.gravatar.com\/avatar\/0488b88829885ebcc9896de947265b69d2979e6dc4666b1e2c3d4fbf8dc73d77?s=96&d=mm&r=g","caption":"Luca Biondi"}}]}},"_links":{"self":[{"href":"https:\/\/www.centrocliniconemo.it\/en\/wp-json\/wp\/v2\/posts\/13520","targetHints":{"allow":["GET"]}}],"collection":[{"href":"https:\/\/www.centrocliniconemo.it\/en\/wp-json\/wp\/v2\/posts"}],"about":[{"href":"https:\/\/www.centrocliniconemo.it\/en\/wp-json\/wp\/v2\/types\/post"}],"author":[{"embeddable":true,"href":"https:\/\/www.centrocliniconemo.it\/en\/wp-json\/wp\/v2\/users\/2"}],"replies":[{"embeddable":true,"href":"https:\/\/www.centrocliniconemo.it\/en\/wp-json\/wp\/v2\/comments?post=13520"}],"version-history":[{"count":0,"href":"https:\/\/www.centrocliniconemo.it\/en\/wp-json\/wp\/v2\/posts\/13520\/revisions"}],"wp:featuredmedia":[{"embeddable":true,"href":"https:\/\/www.centrocliniconemo.it\/en\/wp-json\/wp\/v2\/media\/12165"}],"wp:attachment":[{"href":"https:\/\/www.centrocliniconemo.it\/en\/wp-json\/wp\/v2\/media?parent=13520"}],"wp:term":[{"taxonomy":"category","embeddable":true,"href":"https:\/\/www.centrocliniconemo.it\/en\/wp-json\/wp\/v2\/categories?post=13520"},{"taxonomy":"post_tag","embeddable":true,"href":"https:\/\/www.centrocliniconemo.it\/en\/wp-json\/wp\/v2\/tags?post=13520"}],"curies":[{"name":"wp","href":"https:\/\/api.w.org\/{rel}","templated":true}]}}