{"id":13516,"date":"2018-06-26T03:00:00","date_gmt":"2018-06-26T03:00:00","guid":{"rendered":"https:\/\/www.centrocliniconemo.it\/blog\/con-il-cuore-nel-piatto-2018-la-cena-per-il-nemo-roma"},"modified":"2023-07-19T11:35:34","modified_gmt":"2023-07-19T11:35:34","slug":"con-il-cuore-nel-piatto-2018-la-cena-per-il-nemo-roma","status":"publish","type":"post","link":"https:\/\/www.centrocliniconemo.it\/en\/blog\/con-il-cuore-nel-piatto-2018-la-cena-per-il-nemo-roma\/","title":{"rendered":"Con Il Cuore Nel Piatto 2018: La Cena Per Il Nemo Roma"},"content":{"rendered":"<h3>Gioved\u00ec 12 luglio alle ore 20, a Magliano Sabina nel Ristorante degli Angeli, l\u2019associazione di cuochi <em>Con il Cuore nel Piatto<\/em> dar\u00e0 vita ad una serata di beneficenza all&#8217;insegna del gusto.<\/h3>\n<p>Chef, pizzaioli, caseari, gelatai, pasticceri e artigiani del food saranno insieme per una sera con l&#8217;obiettivo di raccogliere fondi per i pazienti del Centro Clinico NeMO Roma.<\/p>\n<p><!--more--><\/p>\n<p>Per il quinto anno consecutivo, tutti i cuochi partecipanti, gli sponsor delle aziende amiche e l&#8217;intera macchina organizzativa ripeteranno la magia di una serata dove tutti metteranno il cuore e la loro arte, con anima, corpo ed entusiasmo per una buona riuscita della serata. Il progetto che di volta in volta viene premiato, ha sempre una grossa valenza sociale: aiutare chi ne ha bisogno, che siano i bambini dell&#8217;ospedale pediatrico <em>Bambin Ges\u00f9 di Roma<\/em>, i genitori dei bimbi nati prematuri, della cui assistenza si occupa la <em>Genitin Onlus<\/em>, o delle persone meno abbienti che attraverso la ristrutturazione di un laboratorio di pertinenza della <em>Caritas<\/em> ora hanno la possibilit\u00e0 di frequentare dei corsi di cucina.<\/p>\n<p>Il Cuore nel piatto per il secondo anno consecutivo accompagna l\u2019attivit\u00e0 del Centro Clinico Nemo Roma.<\/p>\n<p>La scorsa edizione ha contribuito all\u2019acquisto di un ecografo, necessario al Centro.<\/p>\n<p><img decoding=\"async\" src=\"https:\/\/www.centrocliniconemo.it\/wp-content\/uploads\/2023\/07\/Con-il-cuore-nel-piatto-cena-benefica-roma-centro-clinico-nemo-magliano-sabina-cuochi-chef-cucina-food-1.png\" alt=\"Con il cuore nel piatto cena benefica roma centro clinico nemo magliano sabina cuochi chef cucina food 1\" style=\"width: 384px; float: left; margin: 0px 10px 10px 0px;\" width=\"384\">La serata sar\u00e0 una grande festa dove, lungo i giardini del relais, si snoder\u00e0 un precorso di degustazione di cibi e vini di eccellenza che verr\u00e0 accompagnato dal tappeto musicale del <strong>dj Ivan Cap.<\/strong><\/p>\n<p>In una pausa della serata, un piccolo salotto musicale si colorer\u00e0 con le note del maestro <a href=\"http:\/\/www.odierna.net\/PER_cv.htm\" rel=\"nofollow noopener\" target=\"_blank\"><strong>Pericle Odierna<\/strong><\/a> che eseguir\u00e0 al pianoforte alcuni brani delle sue colonne sonore: Il Leone di Vetro, La Settima Onda, Bruno e Gina e Una Notte ancora.&nbsp;<\/p>\n<p>L&#8217;attore <a href=\"http:\/\/www.corrado-oddi.it\/Curriculum.html\" rel=\"nofollow noopener\" target=\"_blank\"><strong>Corrado Oddi<\/strong><\/a> spazier\u00e0 sapientemente tra Belli e Trilussa.<\/p>\n<p>Un ulteriore evento nell\u2019evento vedr\u00e0 la partecipazione della pittrice enoica <a href=\"https:\/\/vimeo.com\/115015903\" rel=\"nofollow noopener\" target=\"_blank\"><strong>Arianna Greco<\/strong><\/a> che dar\u00e0 una dimostrazione di pittura con il vino.<\/p>\n<p>L\u2019arte enoica \u00e8 l\u2019arte di dipingere utilizzando il vino, ottenendo, cos\u00ec, su supporto telato, sfumature cromatiche che vanno dal rosso porpora al rosso aranciato, dal giallo dorato al giallo ambrato, dal rosa tenue al color mattone.<\/p>\n<p>Il filo rosso dell\u2019arte prosegue grazie al progetto di <a href=\"https:\/\/www.slurpdesign.it\" rel=\"nofollow noopener\" target=\"_blank\"><strong>SLURP<\/strong><\/a> dove 9 opere dei loro artisti verranno esposte e messe all\u2019asta nel corso della serata ed il cui ricavato sar\u00e0 devoluto al NeMO Roma.<\/p>\n<p><img decoding=\"async\" src=\"https:\/\/www.centrocliniconemo.it\/wp-content\/uploads\/2023\/07\/Con-Il-Cuore-Nel-Piatto.png\" alt=\"Con Il Cuore Nel Piatto\" style=\"width: 300px; float: right; margin: 0px 10px 10px 0px;\" width=\"300\">La carta vincente ed il cuore dell\u2019iniziativa sono gli chef che insieme ai pasticceri, gelatai, caseari panettieri ed artigiani del food dedicheranno la loro arte alla buona riuscita della serata. Sono moltissimi i nomi di chi ha confermato la propria presenza, molti dei quali hanno partecipato fin dalla prima edizione e si posso definire i veri pilastri di <strong>Con il Cuore nel Piatto<\/strong>.<\/p>\n<p><strong>Ospite d&#8217;Onore Velia De Santis<\/strong><\/p>\n<p>Tutti gli aggiornamenti li trovate sulla <a href=\"https:\/\/www.facebook.com\/conilcuorenelpiatto\/\" rel=\"noopener\" target=\"_blank\">pagina Ufficiale<\/a><\/p>\n<p><em>Con il cuore nel piatto | Magliano Sabina | Ristorante degli Angeli, Localit\u00e0 Madonna degli Angeli (RI) | il 12 luglio, dalle 20.00 | www.conilcuorenelpiatto.it<\/em><\/p>\n<p><strong><em>Modalit\u00e0 di prenotazione:<\/em><\/strong><\/p>\n<p><em>Occorre effettuare un <strong>bonifico di minimo 60 euro<\/strong> all&#8217;IBAN <\/em>IT14L0200873670000104314974 <em>destinato all&#8217;Associazione Culturale Con il Cuore nel Piatto. <\/em><\/p>\n<p><em>Nella casuale indicare: nome, cognome e un recapito telefonico di chi prenota specificando per quante persone si intende prenotare. Per attivare la prenotazione occorre inviare la ricevuta del bonifico all&#8217;indirizzo: <\/em><a href=\"mailto:conilcuorenelpiatto@gmail.com\"><em>conilcuorenelpiatto2018@gmail.com<\/em><\/a><em>.<\/em><\/p>\n<p><a href=\"https:\/\/www.facebook.com\/conilcuorenelpiatto\/\" rel=\"nofollow noopener\" target=\"_blank\">CON IL CUORE NEL PIATTO<\/a> \u00e8 una associazione di cuochi laziali fortemente voluta dalla chef Laura Marciani titolare del Relais Ristorante Agli Angeli e presidente dell\u2019associazione. Le colonne portanti della associazione sono <strong>Davide del Duca<\/strong>, <strong>Roberto Campitelli, Marco Claroni e Michele Papagno<\/strong><strong>.<\/strong><\/p>\n","protected":false},"excerpt":{"rendered":"<p>Gioved\u00ec 12 luglio a Magliano Sabina l\u2019associazione di cuochi Con il Cuore nel Piatto dar\u00e0 vita ad una cena di beneficenza all&#8217;insegna del gusto. Chef, pizzaioli, caseari, gelatai, pasticceri e artigiani del food saranno insieme per una serata di raccolta fondi per i pazienti del Centro NeMO Roma.<\/p>\n","protected":false},"author":2,"featured_media":12157,"comment_status":"closed","ping_status":"closed","sticky":false,"template":"","format":"standard","meta":{"pgc_sgb_lightbox_settings":"","footnotes":""},"categories":[17],"tags":[],"class_list":["post-13516","post","type-post","status-publish","format-standard","has-post-thumbnail","hentry","category-iniziative-ed-eventi"],"yoast_head":"<!-- This site is optimized with the Yoast SEO plugin v27.4 - https:\/\/yoast.com\/product\/yoast-seo-wordpress\/ -->\n<title>Con Il Cuore Nel Piatto 2018: La Cena Per Il Nemo Roma - Centro Clinico NeMO<\/title>\n<meta name=\"robots\" content=\"index, follow, max-snippet:-1, max-image-preview:large, max-video-preview:-1\" \/>\n<link rel=\"canonical\" href=\"https:\/\/www.centrocliniconemo.it\/en\/blog\/con-il-cuore-nel-piatto-2018-la-cena-per-il-nemo-roma\/\" \/>\n<meta property=\"og:locale\" content=\"en_US\" \/>\n<meta property=\"og:type\" content=\"article\" \/>\n<meta property=\"og:title\" content=\"Con Il Cuore Nel Piatto 2018: La Cena Per Il Nemo Roma - Centro Clinico NeMO\" \/>\n<meta property=\"og:description\" content=\"Gioved\u00ec 12 luglio a Magliano Sabina l\u2019associazione di cuochi Con il Cuore nel Piatto dar\u00e0 vita ad una cena di beneficenza all&#039;insegna del gusto. Chef, pizzaioli, caseari, gelatai, pasticceri e artigiani del food saranno insieme per una serata di raccolta fondi per i pazienti del Centro NeMO Roma.\" \/>\n<meta property=\"og:url\" content=\"https:\/\/www.centrocliniconemo.it\/en\/blog\/con-il-cuore-nel-piatto-2018-la-cena-per-il-nemo-roma\/\" \/>\n<meta property=\"og:site_name\" content=\"Centro Clinico NeMO\" \/>\n<meta property=\"article:publisher\" content=\"https:\/\/www.facebook.com\/CentroNEMOItalia\" \/>\n<meta property=\"article:published_time\" content=\"2018-06-26T03:00:00+00:00\" \/>\n<meta property=\"article:modified_time\" content=\"2023-07-19T11:35:34+00:00\" \/>\n<meta property=\"og:image\" content=\"https:\/\/www.centrocliniconemo.it\/wp-content\/uploads\/2023\/07\/470x246-LISTING.png\" \/>\n\t<meta property=\"og:image:width\" content=\"470\" \/>\n\t<meta property=\"og:image:height\" content=\"246\" \/>\n\t<meta property=\"og:image:type\" content=\"image\/png\" \/>\n<meta name=\"author\" content=\"Luca Biondi\" \/>\n<meta name=\"twitter:card\" content=\"summary_large_image\" \/>\n<meta name=\"twitter:creator\" content=\"@CentroNemo\" \/>\n<meta name=\"twitter:site\" content=\"@CentroNemo\" \/>\n<meta name=\"twitter:label1\" content=\"Written by\" \/>\n\t<meta name=\"twitter:data1\" content=\"Luca Biondi\" \/>\n\t<meta name=\"twitter:label2\" content=\"Est. reading time\" \/>\n\t<meta name=\"twitter:data2\" content=\"3 minutes\" \/>\n<script type=\"application\/ld+json\" class=\"yoast-schema-graph\">{\"@context\":\"https:\\\/\\\/schema.org\",\"@graph\":[{\"@type\":\"Article\",\"@id\":\"https:\\\/\\\/www.centrocliniconemo.it\\\/en\\\/blog\\\/con-il-cuore-nel-piatto-2018-la-cena-per-il-nemo-roma\\\/#article\",\"isPartOf\":{\"@id\":\"https:\\\/\\\/www.centrocliniconemo.it\\\/en\\\/blog\\\/con-il-cuore-nel-piatto-2018-la-cena-per-il-nemo-roma\\\/\"},\"author\":{\"name\":\"Luca Biondi\",\"@id\":\"https:\\\/\\\/www.centrocliniconemo.it\\\/en\\\/#\\\/schema\\\/person\\\/9331a87c0a8ee435c61f5dd498531434\"},\"headline\":\"Con Il Cuore Nel Piatto 2018: La Cena Per Il Nemo Roma\",\"datePublished\":\"2018-06-26T03:00:00+00:00\",\"dateModified\":\"2023-07-19T11:35:34+00:00\",\"mainEntityOfPage\":{\"@id\":\"https:\\\/\\\/www.centrocliniconemo.it\\\/en\\\/blog\\\/con-il-cuore-nel-piatto-2018-la-cena-per-il-nemo-roma\\\/\"},\"wordCount\":595,\"publisher\":{\"@id\":\"https:\\\/\\\/www.centrocliniconemo.it\\\/en\\\/#organization\"},\"image\":{\"@id\":\"https:\\\/\\\/www.centrocliniconemo.it\\\/en\\\/blog\\\/con-il-cuore-nel-piatto-2018-la-cena-per-il-nemo-roma\\\/#primaryimage\"},\"thumbnailUrl\":\"https:\\\/\\\/www.centrocliniconemo.it\\\/wp-content\\\/uploads\\\/2023\\\/07\\\/470x246-LISTING.png\",\"articleSection\":[\"Iniziative ed eventi\"],\"inLanguage\":\"en-US\"},{\"@type\":\"WebPage\",\"@id\":\"https:\\\/\\\/www.centrocliniconemo.it\\\/en\\\/blog\\\/con-il-cuore-nel-piatto-2018-la-cena-per-il-nemo-roma\\\/\",\"url\":\"https:\\\/\\\/www.centrocliniconemo.it\\\/en\\\/blog\\\/con-il-cuore-nel-piatto-2018-la-cena-per-il-nemo-roma\\\/\",\"name\":\"Con Il Cuore Nel Piatto 2018: La Cena Per Il Nemo Roma - Centro Clinico NeMO\",\"isPartOf\":{\"@id\":\"https:\\\/\\\/www.centrocliniconemo.it\\\/en\\\/#website\"},\"primaryImageOfPage\":{\"@id\":\"https:\\\/\\\/www.centrocliniconemo.it\\\/en\\\/blog\\\/con-il-cuore-nel-piatto-2018-la-cena-per-il-nemo-roma\\\/#primaryimage\"},\"image\":{\"@id\":\"https:\\\/\\\/www.centrocliniconemo.it\\\/en\\\/blog\\\/con-il-cuore-nel-piatto-2018-la-cena-per-il-nemo-roma\\\/#primaryimage\"},\"thumbnailUrl\":\"https:\\\/\\\/www.centrocliniconemo.it\\\/wp-content\\\/uploads\\\/2023\\\/07\\\/470x246-LISTING.png\",\"datePublished\":\"2018-06-26T03:00:00+00:00\",\"dateModified\":\"2023-07-19T11:35:34+00:00\",\"breadcrumb\":{\"@id\":\"https:\\\/\\\/www.centrocliniconemo.it\\\/en\\\/blog\\\/con-il-cuore-nel-piatto-2018-la-cena-per-il-nemo-roma\\\/#breadcrumb\"},\"inLanguage\":\"en-US\",\"potentialAction\":[{\"@type\":\"ReadAction\",\"target\":[\"https:\\\/\\\/www.centrocliniconemo.it\\\/en\\\/blog\\\/con-il-cuore-nel-piatto-2018-la-cena-per-il-nemo-roma\\\/\"]}]},{\"@type\":\"ImageObject\",\"inLanguage\":\"en-US\",\"@id\":\"https:\\\/\\\/www.centrocliniconemo.it\\\/en\\\/blog\\\/con-il-cuore-nel-piatto-2018-la-cena-per-il-nemo-roma\\\/#primaryimage\",\"url\":\"https:\\\/\\\/www.centrocliniconemo.it\\\/wp-content\\\/uploads\\\/2023\\\/07\\\/470x246-LISTING.png\",\"contentUrl\":\"https:\\\/\\\/www.centrocliniconemo.it\\\/wp-content\\\/uploads\\\/2023\\\/07\\\/470x246-LISTING.png\",\"width\":470,\"height\":246},{\"@type\":\"BreadcrumbList\",\"@id\":\"https:\\\/\\\/www.centrocliniconemo.it\\\/en\\\/blog\\\/con-il-cuore-nel-piatto-2018-la-cena-per-il-nemo-roma\\\/#breadcrumb\",\"itemListElement\":[{\"@type\":\"ListItem\",\"position\":1,\"name\":\"Home\",\"item\":\"https:\\\/\\\/www.centrocliniconemo.it\\\/en\\\/\"},{\"@type\":\"ListItem\",\"position\":2,\"name\":\"Con Il Cuore Nel Piatto 2018: La Cena Per Il Nemo Roma\"}]},{\"@type\":\"WebSite\",\"@id\":\"https:\\\/\\\/www.centrocliniconemo.it\\\/en\\\/#website\",\"url\":\"https:\\\/\\\/www.centrocliniconemo.it\\\/en\\\/\",\"name\":\"Centro Clinico NeMO\",\"description\":\"Il paziente al centro\",\"publisher\":{\"@id\":\"https:\\\/\\\/www.centrocliniconemo.it\\\/en\\\/#organization\"},\"potentialAction\":[{\"@type\":\"SearchAction\",\"target\":{\"@type\":\"EntryPoint\",\"urlTemplate\":\"https:\\\/\\\/www.centrocliniconemo.it\\\/en\\\/?s={search_term_string}\"},\"query-input\":{\"@type\":\"PropertyValueSpecification\",\"valueRequired\":true,\"valueName\":\"search_term_string\"}}],\"inLanguage\":\"en-US\"},{\"@type\":\"Organization\",\"@id\":\"https:\\\/\\\/www.centrocliniconemo.it\\\/en\\\/#organization\",\"name\":\"Centro Clinico NeMO - Fondazione Serena Onlus\",\"url\":\"https:\\\/\\\/www.centrocliniconemo.it\\\/en\\\/\",\"logo\":{\"@type\":\"ImageObject\",\"inLanguage\":\"en-US\",\"@id\":\"https:\\\/\\\/www.centrocliniconemo.it\\\/en\\\/#\\\/schema\\\/logo\\\/image\\\/\",\"url\":\"https:\\\/\\\/www.centrocliniconemo.it\\\/wp-content\\\/uploads\\\/2023\\\/03\\\/logo-nemo.svg\",\"contentUrl\":\"https:\\\/\\\/www.centrocliniconemo.it\\\/wp-content\\\/uploads\\\/2023\\\/03\\\/logo-nemo.svg\",\"width\":272,\"height\":109.142,\"caption\":\"Centro Clinico NeMO - Fondazione Serena Onlus\"},\"image\":{\"@id\":\"https:\\\/\\\/www.centrocliniconemo.it\\\/en\\\/#\\\/schema\\\/logo\\\/image\\\/\"},\"sameAs\":[\"https:\\\/\\\/www.facebook.com\\\/CentroNEMOItalia\",\"https:\\\/\\\/x.com\\\/CentroNemo\",\"https:\\\/\\\/www.linkedin.com\\\/company\\\/centrocliniconemo\\\/\",\"https:\\\/\\\/www.instagram.com\\\/centrocliniconemo\\\/\"]},{\"@type\":\"Person\",\"@id\":\"https:\\\/\\\/www.centrocliniconemo.it\\\/en\\\/#\\\/schema\\\/person\\\/9331a87c0a8ee435c61f5dd498531434\",\"name\":\"Luca Biondi\",\"image\":{\"@type\":\"ImageObject\",\"inLanguage\":\"en-US\",\"@id\":\"https:\\\/\\\/secure.gravatar.com\\\/avatar\\\/0488b88829885ebcc9896de947265b69d2979e6dc4666b1e2c3d4fbf8dc73d77?s=96&d=mm&r=g\",\"url\":\"https:\\\/\\\/secure.gravatar.com\\\/avatar\\\/0488b88829885ebcc9896de947265b69d2979e6dc4666b1e2c3d4fbf8dc73d77?s=96&d=mm&r=g\",\"contentUrl\":\"https:\\\/\\\/secure.gravatar.com\\\/avatar\\\/0488b88829885ebcc9896de947265b69d2979e6dc4666b1e2c3d4fbf8dc73d77?s=96&d=mm&r=g\",\"caption\":\"Luca Biondi\"}}]}<\/script>\n<!-- \/ Yoast SEO plugin. -->","yoast_head_json":{"title":"Con Il Cuore Nel Piatto 2018: La Cena Per Il Nemo Roma - Centro Clinico NeMO","robots":{"index":"index","follow":"follow","max-snippet":"max-snippet:-1","max-image-preview":"max-image-preview:large","max-video-preview":"max-video-preview:-1"},"canonical":"https:\/\/www.centrocliniconemo.it\/en\/blog\/con-il-cuore-nel-piatto-2018-la-cena-per-il-nemo-roma\/","og_locale":"en_US","og_type":"article","og_title":"Con Il Cuore Nel Piatto 2018: La Cena Per Il Nemo Roma - Centro Clinico NeMO","og_description":"Gioved\u00ec 12 luglio a Magliano Sabina l\u2019associazione di cuochi Con il Cuore nel Piatto dar\u00e0 vita ad una cena di beneficenza all'insegna del gusto. Chef, pizzaioli, caseari, gelatai, pasticceri e artigiani del food saranno insieme per una serata di raccolta fondi per i pazienti del Centro NeMO Roma.","og_url":"https:\/\/www.centrocliniconemo.it\/en\/blog\/con-il-cuore-nel-piatto-2018-la-cena-per-il-nemo-roma\/","og_site_name":"Centro Clinico NeMO","article_publisher":"https:\/\/www.facebook.com\/CentroNEMOItalia","article_published_time":"2018-06-26T03:00:00+00:00","article_modified_time":"2023-07-19T11:35:34+00:00","og_image":[{"width":470,"height":246,"url":"https:\/\/www.centrocliniconemo.it\/wp-content\/uploads\/2023\/07\/470x246-LISTING.png","type":"image\/png"}],"author":"Luca Biondi","twitter_card":"summary_large_image","twitter_creator":"@CentroNemo","twitter_site":"@CentroNemo","twitter_misc":{"Written by":"Luca Biondi","Est. reading time":"3 minutes"},"schema":{"@context":"https:\/\/schema.org","@graph":[{"@type":"Article","@id":"https:\/\/www.centrocliniconemo.it\/en\/blog\/con-il-cuore-nel-piatto-2018-la-cena-per-il-nemo-roma\/#article","isPartOf":{"@id":"https:\/\/www.centrocliniconemo.it\/en\/blog\/con-il-cuore-nel-piatto-2018-la-cena-per-il-nemo-roma\/"},"author":{"name":"Luca Biondi","@id":"https:\/\/www.centrocliniconemo.it\/en\/#\/schema\/person\/9331a87c0a8ee435c61f5dd498531434"},"headline":"Con Il Cuore Nel Piatto 2018: La Cena Per Il Nemo Roma","datePublished":"2018-06-26T03:00:00+00:00","dateModified":"2023-07-19T11:35:34+00:00","mainEntityOfPage":{"@id":"https:\/\/www.centrocliniconemo.it\/en\/blog\/con-il-cuore-nel-piatto-2018-la-cena-per-il-nemo-roma\/"},"wordCount":595,"publisher":{"@id":"https:\/\/www.centrocliniconemo.it\/en\/#organization"},"image":{"@id":"https:\/\/www.centrocliniconemo.it\/en\/blog\/con-il-cuore-nel-piatto-2018-la-cena-per-il-nemo-roma\/#primaryimage"},"thumbnailUrl":"https:\/\/www.centrocliniconemo.it\/wp-content\/uploads\/2023\/07\/470x246-LISTING.png","articleSection":["Iniziative ed eventi"],"inLanguage":"en-US"},{"@type":"WebPage","@id":"https:\/\/www.centrocliniconemo.it\/en\/blog\/con-il-cuore-nel-piatto-2018-la-cena-per-il-nemo-roma\/","url":"https:\/\/www.centrocliniconemo.it\/en\/blog\/con-il-cuore-nel-piatto-2018-la-cena-per-il-nemo-roma\/","name":"Con Il Cuore Nel Piatto 2018: La Cena Per Il Nemo Roma - Centro Clinico NeMO","isPartOf":{"@id":"https:\/\/www.centrocliniconemo.it\/en\/#website"},"primaryImageOfPage":{"@id":"https:\/\/www.centrocliniconemo.it\/en\/blog\/con-il-cuore-nel-piatto-2018-la-cena-per-il-nemo-roma\/#primaryimage"},"image":{"@id":"https:\/\/www.centrocliniconemo.it\/en\/blog\/con-il-cuore-nel-piatto-2018-la-cena-per-il-nemo-roma\/#primaryimage"},"thumbnailUrl":"https:\/\/www.centrocliniconemo.it\/wp-content\/uploads\/2023\/07\/470x246-LISTING.png","datePublished":"2018-06-26T03:00:00+00:00","dateModified":"2023-07-19T11:35:34+00:00","breadcrumb":{"@id":"https:\/\/www.centrocliniconemo.it\/en\/blog\/con-il-cuore-nel-piatto-2018-la-cena-per-il-nemo-roma\/#breadcrumb"},"inLanguage":"en-US","potentialAction":[{"@type":"ReadAction","target":["https:\/\/www.centrocliniconemo.it\/en\/blog\/con-il-cuore-nel-piatto-2018-la-cena-per-il-nemo-roma\/"]}]},{"@type":"ImageObject","inLanguage":"en-US","@id":"https:\/\/www.centrocliniconemo.it\/en\/blog\/con-il-cuore-nel-piatto-2018-la-cena-per-il-nemo-roma\/#primaryimage","url":"https:\/\/www.centrocliniconemo.it\/wp-content\/uploads\/2023\/07\/470x246-LISTING.png","contentUrl":"https:\/\/www.centrocliniconemo.it\/wp-content\/uploads\/2023\/07\/470x246-LISTING.png","width":470,"height":246},{"@type":"BreadcrumbList","@id":"https:\/\/www.centrocliniconemo.it\/en\/blog\/con-il-cuore-nel-piatto-2018-la-cena-per-il-nemo-roma\/#breadcrumb","itemListElement":[{"@type":"ListItem","position":1,"name":"Home","item":"https:\/\/www.centrocliniconemo.it\/en\/"},{"@type":"ListItem","position":2,"name":"Con Il Cuore Nel Piatto 2018: La Cena Per Il Nemo Roma"}]},{"@type":"WebSite","@id":"https:\/\/www.centrocliniconemo.it\/en\/#website","url":"https:\/\/www.centrocliniconemo.it\/en\/","name":"Centro Clinico NeMO","description":"Il paziente al centro","publisher":{"@id":"https:\/\/www.centrocliniconemo.it\/en\/#organization"},"potentialAction":[{"@type":"SearchAction","target":{"@type":"EntryPoint","urlTemplate":"https:\/\/www.centrocliniconemo.it\/en\/?s={search_term_string}"},"query-input":{"@type":"PropertyValueSpecification","valueRequired":true,"valueName":"search_term_string"}}],"inLanguage":"en-US"},{"@type":"Organization","@id":"https:\/\/www.centrocliniconemo.it\/en\/#organization","name":"Centro Clinico NeMO - Fondazione Serena Onlus","url":"https:\/\/www.centrocliniconemo.it\/en\/","logo":{"@type":"ImageObject","inLanguage":"en-US","@id":"https:\/\/www.centrocliniconemo.it\/en\/#\/schema\/logo\/image\/","url":"https:\/\/www.centrocliniconemo.it\/wp-content\/uploads\/2023\/03\/logo-nemo.svg","contentUrl":"https:\/\/www.centrocliniconemo.it\/wp-content\/uploads\/2023\/03\/logo-nemo.svg","width":272,"height":109.142,"caption":"Centro Clinico NeMO - Fondazione Serena Onlus"},"image":{"@id":"https:\/\/www.centrocliniconemo.it\/en\/#\/schema\/logo\/image\/"},"sameAs":["https:\/\/www.facebook.com\/CentroNEMOItalia","https:\/\/x.com\/CentroNemo","https:\/\/www.linkedin.com\/company\/centrocliniconemo\/","https:\/\/www.instagram.com\/centrocliniconemo\/"]},{"@type":"Person","@id":"https:\/\/www.centrocliniconemo.it\/en\/#\/schema\/person\/9331a87c0a8ee435c61f5dd498531434","name":"Luca Biondi","image":{"@type":"ImageObject","inLanguage":"en-US","@id":"https:\/\/secure.gravatar.com\/avatar\/0488b88829885ebcc9896de947265b69d2979e6dc4666b1e2c3d4fbf8dc73d77?s=96&d=mm&r=g","url":"https:\/\/secure.gravatar.com\/avatar\/0488b88829885ebcc9896de947265b69d2979e6dc4666b1e2c3d4fbf8dc73d77?s=96&d=mm&r=g","contentUrl":"https:\/\/secure.gravatar.com\/avatar\/0488b88829885ebcc9896de947265b69d2979e6dc4666b1e2c3d4fbf8dc73d77?s=96&d=mm&r=g","caption":"Luca Biondi"}}]}},"_links":{"self":[{"href":"https:\/\/www.centrocliniconemo.it\/en\/wp-json\/wp\/v2\/posts\/13516","targetHints":{"allow":["GET"]}}],"collection":[{"href":"https:\/\/www.centrocliniconemo.it\/en\/wp-json\/wp\/v2\/posts"}],"about":[{"href":"https:\/\/www.centrocliniconemo.it\/en\/wp-json\/wp\/v2\/types\/post"}],"author":[{"embeddable":true,"href":"https:\/\/www.centrocliniconemo.it\/en\/wp-json\/wp\/v2\/users\/2"}],"replies":[{"embeddable":true,"href":"https:\/\/www.centrocliniconemo.it\/en\/wp-json\/wp\/v2\/comments?post=13516"}],"version-history":[{"count":0,"href":"https:\/\/www.centrocliniconemo.it\/en\/wp-json\/wp\/v2\/posts\/13516\/revisions"}],"wp:featuredmedia":[{"embeddable":true,"href":"https:\/\/www.centrocliniconemo.it\/en\/wp-json\/wp\/v2\/media\/12157"}],"wp:attachment":[{"href":"https:\/\/www.centrocliniconemo.it\/en\/wp-json\/wp\/v2\/media?parent=13516"}],"wp:term":[{"taxonomy":"category","embeddable":true,"href":"https:\/\/www.centrocliniconemo.it\/en\/wp-json\/wp\/v2\/categories?post=13516"},{"taxonomy":"post_tag","embeddable":true,"href":"https:\/\/www.centrocliniconemo.it\/en\/wp-json\/wp\/v2\/tags?post=13516"}],"curies":[{"name":"wp","href":"https:\/\/api.w.org\/{rel}","templated":true}]}}