{"id":13506,"date":"2018-07-23T07:57:15","date_gmt":"2018-07-23T07:57:15","guid":{"rendered":"https:\/\/www.centrocliniconemo.it\/blog\/i-bambini-stupiscono-perche-non-hanno-mai-paura-elena-carraro-si-racconta"},"modified":"2023-07-19T12:16:49","modified_gmt":"2023-07-19T12:16:49","slug":"i-bambini-stupiscono-perche-non-hanno-mai-paura-elena-carraro-si-racconta","status":"publish","type":"post","link":"https:\/\/www.centrocliniconemo.it\/en\/blog\/i-bambini-stupiscono-perche-non-hanno-mai-paura-elena-carraro-si-racconta\/","title":{"rendered":"&#8220;I Bambini Stupiscono Perch\u00e8 Non Hanno Mai Paura&#8221;: Elena Carraro Si Racconta"},"content":{"rendered":"<h3>La Dottoressa Elena Carraro, specializzata in Medicina Fisica e Riabilitazione all\u2019universit\u00e0&nbsp;degli studi di Padova, \u00e8 Fisiatra del NeMO Milano.<\/h3>\n<p>Racconta di essersi data da fare sempre per aiutare gli altri, ma nessuno si aspettava che diventasse un medico, ad eccezione del suo Pediatra, fortemente convinto che un giorno sarebbero stati colleghi.<\/p>\n<p><!--more--><\/p>\n<p><img decoding=\"async\" src=\"https:\/\/www.centrocliniconemo.it\/wp-content\/uploads\/2023\/07\/Elena-Carraro-Centro-Clinico-NeMO-Milano-malatidivita-iosonoNeMO-5x1000-sla-sma-no-cf.png\" alt=\"Elena Carraro Centro Clinico NeMO Milano #malatidivita #iosonoNeMO 5x1000 sla sma no cf\" style=\"width: 467px; margin: 0px 20px 10px 0px; float: left;\" width=\"467\">La scelta di fare medicina \u00e8 stata influenzata da esperienze personali, vissute durante un viaggio studio in Irlanda all&#8217;et\u00e0 di 17 anni. Da sempre amante dello sport (nuoto e sci in particolare), ha visto nella specializzazione di Medicina Fisica e Riabilitazione la possibilit\u00e0 di unire tutte le sue passioni: l&#8217;esercizio fisico-muscolare mescolato alla medicina appunto, come possibilit\u00e0 di recupero di un ruolo sociale per una persona con difficolt\u00e0.<\/p>\n<p>A Padova la Scuola di&nbsp;Specialit\u00e0 prevedeva prevalentemente la formazione in campo di&nbsp;riabilitazione ortopedica, mentre il suo interesse nel campo neurologico, l\u2019ha portata a chiedere al direttore di scuola di Specialit\u00e0 di poter frequentare presso l\u2019Unit\u00e0 spinale e in Unit\u00e0 Gravi&nbsp;Cerebrolesioni Acquisite. Non potendo per\u00f2 terminare la specialit\u00e0&nbsp;senza formarsi in ambito pediatrico, ha poi ottenuto di andare in Unit\u00e0 Gravi Disabilit\u00e0 dell&#8217;Et\u00e0 Evolutiva, dove si \u00e8 innamorata di quei piccoli pazienti cos\u00ec tanto, da lavorare in quel reparto dalla fine della specialit\u00e0 fino a fine 2016. &nbsp;Infine \u00e8 approdata a NeMO nel maggio 2017, proprio per continuare il lavoro in ambito di riabilitazione neurologica e anche pediatrica.<\/p>\n<p>{{cta(&#8216;0bda9e19-c8d4-4c7f-906a-75a642a4af39&#8242;,&#8217;justifycenter&#8217;)}}<\/p>\n<p><strong>Cosa significa lavorare con pazienti con malattie neuromuscolari a NeMO?<\/strong><\/p>\n<blockquote>\n<p>\u201cSignifica per me accompagnare i pazienti e i familiari in un percorso di consapevolezza e di lotta, in patologie che sappiamo essere degenerative, ma per le quali al giorno d&#8217;oggi e nel prossimo futuro la ricerca potrebbe fare la differenza. Lavorare a NeMO d\u00e0 la possibilit\u00e0 di lavorare in \u00e9quipe,&nbsp;confrontandosi quotidianamente&nbsp;con colleghi medici di diverse specialit\u00e0, con terapisti e riabilitatori di diversa formazione. In questo modo offriamo ai pazienti una vera presa in carico globale, per fornire loro e ai loro familiari l&#8217;accoglienza e il supporto fondamentali nel percorso di patologie che li vede coinvolti appieno.\u201d<\/p>\n<\/blockquote>\n<p><strong>Ma nello specifico, in cosa consiste il tuo lavoro?&nbsp;<\/strong><\/p>\n<blockquote>\n<p>\u201cIl lavoro del medico Fisiatra\/riabilitatore \u00e8 quello di mantenere una discreta o buona qualit\u00e0 di vita dei pazienti. Ci\u00f2 significa individuare le abilit\u00e0 residue, anche minime e apparentemente non utili,&nbsp;di ciascun paziente, potenziandole al fine di mantenere il massimo dell&#8217;autonomia possibile nella quotidianit\u00e0. Ci\u00f2 avviene grazie ad un progetto riabilitativo che vede fondamentale la collaborazione e il lavoro di \u00e9quipe di diversi operatori (fisioterapisti, terapisti occupazionali, psicologi, logopedisti). Inoltre \u00e8 importante l\u2019individuazione di diverse tecnologie che sempre pi\u00f9 negli ultimi anni permettono di implementare e talora sopperire alle funzioni ed abilit\u00e0\/attivit\u00e0 che la patologia si porta via con s\u00e9\u201d.<\/p>\n<\/blockquote>\n<p>La dottoressa Carraro si definisce \u201cun&#8217;infaticabile entusiasta&#8221;, perch\u00e8 crede che si possano sempre trovare delle soluzioni per andare avanti e per migliorare, nonostante quello che la patologia pu\u00f2 togliere. Elena ci dice di aver avuto la fortuna di poter scegliere e fare un lavoro che ama: \u201cHo imparato dalla&nbsp; vita e dallo sport&nbsp;che per raggiungere dei risultati e delle soddisfazioni si deve faticare e&nbsp;non ci si deve arrendere, si deve sorridere sempre anche nelle difficolt\u00e0!\u201d<\/p>\n<p><strong>Cosa ti colpisce ed affascina della quotidianit\u00e0 a NeMO?<\/strong><\/p>\n<blockquote><p>\u201cChi mi stupisce sempre di pi\u00f9 sono i bambini, che con la loro ingenuit\u00e0 non hanno timore a provare tutto ci\u00f2 che viene proposto. Sono entusiasti appena li siedi su una carrozzina e gi\u00e0 sanno guidarla senza spiegarglielo, a soli due anni! Se poi dai loro una carrozzina elettronica, che guidano anche solo con un dito, sono pronti a proporti una gara di velocit\u00e0 con un sorriso enorme per i corridoi del Nemo o magari anche a darti un passaggio!\u201d<\/p><\/blockquote>\n<p>{{cta(&#8216;b7b241c8-dc5f-4647-9942-f08f1ffe7a03&#8242;,&#8217;justifycenter&#8217;)}}<\/p>\n","protected":false},"excerpt":{"rendered":"<p>\u201cChi mi stupisce sempre di pi\u00f9 sono i bambini, che con la loro ingenuit\u00e0 non hanno timore a provare tutto ci\u00f2 che viene proposto. Sono entusiasti appena li siedi su una carrozzina e gi\u00e0 sanno guidarla senza spiegarglielo, a soli due anni! Se poi dai loro una carrozzina elettronica&#8230;&#8221;<\/p>\n","protected":false},"author":2,"featured_media":12136,"comment_status":"closed","ping_status":"closed","sticky":false,"template":"","format":"standard","meta":{"pgc_sgb_lightbox_settings":"","footnotes":""},"categories":[28,1],"tags":[],"class_list":["post-13506","post","type-post","status-publish","format-standard","has-post-thumbnail","hentry","category-cura-ricerca-e-formazione","category-storie-di-nemo"],"yoast_head":"<!-- This site is optimized with the Yoast SEO plugin v27.4 - https:\/\/yoast.com\/product\/yoast-seo-wordpress\/ -->\n<title>&quot;I Bambini Stupiscono Perch\u00e8 Non Hanno Mai Paura&quot;: Elena Carraro Si Racconta - Centro Clinico NeMO<\/title>\n<meta name=\"robots\" content=\"index, follow, max-snippet:-1, max-image-preview:large, max-video-preview:-1\" \/>\n<link rel=\"canonical\" href=\"https:\/\/www.centrocliniconemo.it\/en\/blog\/i-bambini-stupiscono-perche-non-hanno-mai-paura-elena-carraro-si-racconta\/\" \/>\n<meta property=\"og:locale\" content=\"en_US\" \/>\n<meta property=\"og:type\" content=\"article\" \/>\n<meta property=\"og:title\" content=\"&quot;I Bambini Stupiscono Perch\u00e8 Non Hanno Mai Paura&quot;: Elena Carraro Si Racconta - Centro Clinico NeMO\" \/>\n<meta property=\"og:description\" content=\"\u201cChi mi stupisce sempre di pi\u00f9 sono i bambini, che con la loro ingenuit\u00e0 non hanno timore a provare tutto ci\u00f2 che viene proposto. Sono entusiasti appena li siedi su una carrozzina e gi\u00e0 sanno guidarla senza spiegarglielo, a soli due anni! Se poi dai loro una carrozzina elettronica...&quot;\" \/>\n<meta property=\"og:url\" content=\"https:\/\/www.centrocliniconemo.it\/en\/blog\/i-bambini-stupiscono-perche-non-hanno-mai-paura-elena-carraro-si-racconta\/\" \/>\n<meta property=\"og:site_name\" content=\"Centro Clinico NeMO\" \/>\n<meta property=\"article:publisher\" content=\"https:\/\/www.facebook.com\/CentroNEMOItalia\" \/>\n<meta property=\"article:published_time\" content=\"2018-07-23T07:57:15+00:00\" \/>\n<meta property=\"article:modified_time\" content=\"2023-07-19T12:16:49+00:00\" \/>\n<meta property=\"og:image\" content=\"https:\/\/www.centrocliniconemo.it\/wp-content\/uploads\/2023\/07\/Elena-Carraro-Centro-Clinico-NeMO-Milano-malatidivita-iosonoNeMO-5x1000-sla-sma-listing.png\" \/>\n\t<meta property=\"og:image:width\" content=\"676\" \/>\n\t<meta property=\"og:image:height\" content=\"498\" \/>\n\t<meta property=\"og:image:type\" content=\"image\/png\" \/>\n<meta name=\"author\" content=\"Luca Biondi\" \/>\n<meta name=\"twitter:card\" content=\"summary_large_image\" \/>\n<meta name=\"twitter:creator\" content=\"@CentroNemo\" \/>\n<meta name=\"twitter:site\" content=\"@CentroNemo\" \/>\n<meta name=\"twitter:label1\" content=\"Written by\" \/>\n\t<meta name=\"twitter:data1\" content=\"Luca Biondi\" \/>\n\t<meta name=\"twitter:label2\" content=\"Est. reading time\" \/>\n\t<meta name=\"twitter:data2\" content=\"3 minutes\" \/>\n<script type=\"application\/ld+json\" class=\"yoast-schema-graph\">{\"@context\":\"https:\\\/\\\/schema.org\",\"@graph\":[{\"@type\":\"Article\",\"@id\":\"https:\\\/\\\/www.centrocliniconemo.it\\\/en\\\/blog\\\/i-bambini-stupiscono-perche-non-hanno-mai-paura-elena-carraro-si-racconta\\\/#article\",\"isPartOf\":{\"@id\":\"https:\\\/\\\/www.centrocliniconemo.it\\\/en\\\/blog\\\/i-bambini-stupiscono-perche-non-hanno-mai-paura-elena-carraro-si-racconta\\\/\"},\"author\":{\"name\":\"Luca Biondi\",\"@id\":\"https:\\\/\\\/www.centrocliniconemo.it\\\/en\\\/#\\\/schema\\\/person\\\/9331a87c0a8ee435c61f5dd498531434\"},\"headline\":\"&#8220;I Bambini Stupiscono Perch\u00e8 Non Hanno Mai Paura&#8221;: Elena Carraro Si Racconta\",\"datePublished\":\"2018-07-23T07:57:15+00:00\",\"dateModified\":\"2023-07-19T12:16:49+00:00\",\"mainEntityOfPage\":{\"@id\":\"https:\\\/\\\/www.centrocliniconemo.it\\\/en\\\/blog\\\/i-bambini-stupiscono-perche-non-hanno-mai-paura-elena-carraro-si-racconta\\\/\"},\"wordCount\":667,\"publisher\":{\"@id\":\"https:\\\/\\\/www.centrocliniconemo.it\\\/en\\\/#organization\"},\"image\":{\"@id\":\"https:\\\/\\\/www.centrocliniconemo.it\\\/en\\\/blog\\\/i-bambini-stupiscono-perche-non-hanno-mai-paura-elena-carraro-si-racconta\\\/#primaryimage\"},\"thumbnailUrl\":\"https:\\\/\\\/www.centrocliniconemo.it\\\/wp-content\\\/uploads\\\/2023\\\/07\\\/Elena-Carraro-Centro-Clinico-NeMO-Milano-malatidivita-iosonoNeMO-5x1000-sla-sma-listing.png\",\"articleSection\":[\"Cura, ricerca e formazione\",\"Storie di NeMO\"],\"inLanguage\":\"en-US\"},{\"@type\":\"WebPage\",\"@id\":\"https:\\\/\\\/www.centrocliniconemo.it\\\/en\\\/blog\\\/i-bambini-stupiscono-perche-non-hanno-mai-paura-elena-carraro-si-racconta\\\/\",\"url\":\"https:\\\/\\\/www.centrocliniconemo.it\\\/en\\\/blog\\\/i-bambini-stupiscono-perche-non-hanno-mai-paura-elena-carraro-si-racconta\\\/\",\"name\":\"\\\"I Bambini Stupiscono Perch\u00e8 Non Hanno Mai Paura\\\": Elena Carraro Si Racconta - Centro Clinico NeMO\",\"isPartOf\":{\"@id\":\"https:\\\/\\\/www.centrocliniconemo.it\\\/en\\\/#website\"},\"primaryImageOfPage\":{\"@id\":\"https:\\\/\\\/www.centrocliniconemo.it\\\/en\\\/blog\\\/i-bambini-stupiscono-perche-non-hanno-mai-paura-elena-carraro-si-racconta\\\/#primaryimage\"},\"image\":{\"@id\":\"https:\\\/\\\/www.centrocliniconemo.it\\\/en\\\/blog\\\/i-bambini-stupiscono-perche-non-hanno-mai-paura-elena-carraro-si-racconta\\\/#primaryimage\"},\"thumbnailUrl\":\"https:\\\/\\\/www.centrocliniconemo.it\\\/wp-content\\\/uploads\\\/2023\\\/07\\\/Elena-Carraro-Centro-Clinico-NeMO-Milano-malatidivita-iosonoNeMO-5x1000-sla-sma-listing.png\",\"datePublished\":\"2018-07-23T07:57:15+00:00\",\"dateModified\":\"2023-07-19T12:16:49+00:00\",\"breadcrumb\":{\"@id\":\"https:\\\/\\\/www.centrocliniconemo.it\\\/en\\\/blog\\\/i-bambini-stupiscono-perche-non-hanno-mai-paura-elena-carraro-si-racconta\\\/#breadcrumb\"},\"inLanguage\":\"en-US\",\"potentialAction\":[{\"@type\":\"ReadAction\",\"target\":[\"https:\\\/\\\/www.centrocliniconemo.it\\\/en\\\/blog\\\/i-bambini-stupiscono-perche-non-hanno-mai-paura-elena-carraro-si-racconta\\\/\"]}]},{\"@type\":\"ImageObject\",\"inLanguage\":\"en-US\",\"@id\":\"https:\\\/\\\/www.centrocliniconemo.it\\\/en\\\/blog\\\/i-bambini-stupiscono-perche-non-hanno-mai-paura-elena-carraro-si-racconta\\\/#primaryimage\",\"url\":\"https:\\\/\\\/www.centrocliniconemo.it\\\/wp-content\\\/uploads\\\/2023\\\/07\\\/Elena-Carraro-Centro-Clinico-NeMO-Milano-malatidivita-iosonoNeMO-5x1000-sla-sma-listing.png\",\"contentUrl\":\"https:\\\/\\\/www.centrocliniconemo.it\\\/wp-content\\\/uploads\\\/2023\\\/07\\\/Elena-Carraro-Centro-Clinico-NeMO-Milano-malatidivita-iosonoNeMO-5x1000-sla-sma-listing.png\",\"width\":676,\"height\":498},{\"@type\":\"BreadcrumbList\",\"@id\":\"https:\\\/\\\/www.centrocliniconemo.it\\\/en\\\/blog\\\/i-bambini-stupiscono-perche-non-hanno-mai-paura-elena-carraro-si-racconta\\\/#breadcrumb\",\"itemListElement\":[{\"@type\":\"ListItem\",\"position\":1,\"name\":\"Home\",\"item\":\"https:\\\/\\\/www.centrocliniconemo.it\\\/en\\\/\"},{\"@type\":\"ListItem\",\"position\":2,\"name\":\"&#8220;I Bambini Stupiscono Perch\u00e8 Non Hanno Mai Paura&#8221;: Elena Carraro Si Racconta\"}]},{\"@type\":\"WebSite\",\"@id\":\"https:\\\/\\\/www.centrocliniconemo.it\\\/en\\\/#website\",\"url\":\"https:\\\/\\\/www.centrocliniconemo.it\\\/en\\\/\",\"name\":\"Centro Clinico NeMO\",\"description\":\"Il paziente al centro\",\"publisher\":{\"@id\":\"https:\\\/\\\/www.centrocliniconemo.it\\\/en\\\/#organization\"},\"potentialAction\":[{\"@type\":\"SearchAction\",\"target\":{\"@type\":\"EntryPoint\",\"urlTemplate\":\"https:\\\/\\\/www.centrocliniconemo.it\\\/en\\\/?s={search_term_string}\"},\"query-input\":{\"@type\":\"PropertyValueSpecification\",\"valueRequired\":true,\"valueName\":\"search_term_string\"}}],\"inLanguage\":\"en-US\"},{\"@type\":\"Organization\",\"@id\":\"https:\\\/\\\/www.centrocliniconemo.it\\\/en\\\/#organization\",\"name\":\"Centro Clinico NeMO - Fondazione Serena Onlus\",\"url\":\"https:\\\/\\\/www.centrocliniconemo.it\\\/en\\\/\",\"logo\":{\"@type\":\"ImageObject\",\"inLanguage\":\"en-US\",\"@id\":\"https:\\\/\\\/www.centrocliniconemo.it\\\/en\\\/#\\\/schema\\\/logo\\\/image\\\/\",\"url\":\"https:\\\/\\\/www.centrocliniconemo.it\\\/wp-content\\\/uploads\\\/2023\\\/03\\\/logo-nemo.svg\",\"contentUrl\":\"https:\\\/\\\/www.centrocliniconemo.it\\\/wp-content\\\/uploads\\\/2023\\\/03\\\/logo-nemo.svg\",\"width\":272,\"height\":109.142,\"caption\":\"Centro Clinico NeMO - Fondazione Serena Onlus\"},\"image\":{\"@id\":\"https:\\\/\\\/www.centrocliniconemo.it\\\/en\\\/#\\\/schema\\\/logo\\\/image\\\/\"},\"sameAs\":[\"https:\\\/\\\/www.facebook.com\\\/CentroNEMOItalia\",\"https:\\\/\\\/x.com\\\/CentroNemo\",\"https:\\\/\\\/www.linkedin.com\\\/company\\\/centrocliniconemo\\\/\",\"https:\\\/\\\/www.instagram.com\\\/centrocliniconemo\\\/\"]},{\"@type\":\"Person\",\"@id\":\"https:\\\/\\\/www.centrocliniconemo.it\\\/en\\\/#\\\/schema\\\/person\\\/9331a87c0a8ee435c61f5dd498531434\",\"name\":\"Luca Biondi\",\"image\":{\"@type\":\"ImageObject\",\"inLanguage\":\"en-US\",\"@id\":\"https:\\\/\\\/secure.gravatar.com\\\/avatar\\\/0488b88829885ebcc9896de947265b69d2979e6dc4666b1e2c3d4fbf8dc73d77?s=96&d=mm&r=g\",\"url\":\"https:\\\/\\\/secure.gravatar.com\\\/avatar\\\/0488b88829885ebcc9896de947265b69d2979e6dc4666b1e2c3d4fbf8dc73d77?s=96&d=mm&r=g\",\"contentUrl\":\"https:\\\/\\\/secure.gravatar.com\\\/avatar\\\/0488b88829885ebcc9896de947265b69d2979e6dc4666b1e2c3d4fbf8dc73d77?s=96&d=mm&r=g\",\"caption\":\"Luca Biondi\"}}]}<\/script>\n<!-- \/ Yoast SEO plugin. -->","yoast_head_json":{"title":"\"I Bambini Stupiscono Perch\u00e8 Non Hanno Mai Paura\": Elena Carraro Si Racconta - Centro Clinico NeMO","robots":{"index":"index","follow":"follow","max-snippet":"max-snippet:-1","max-image-preview":"max-image-preview:large","max-video-preview":"max-video-preview:-1"},"canonical":"https:\/\/www.centrocliniconemo.it\/en\/blog\/i-bambini-stupiscono-perche-non-hanno-mai-paura-elena-carraro-si-racconta\/","og_locale":"en_US","og_type":"article","og_title":"\"I Bambini Stupiscono Perch\u00e8 Non Hanno Mai Paura\": Elena Carraro Si Racconta - Centro Clinico NeMO","og_description":"\u201cChi mi stupisce sempre di pi\u00f9 sono i bambini, che con la loro ingenuit\u00e0 non hanno timore a provare tutto ci\u00f2 che viene proposto. Sono entusiasti appena li siedi su una carrozzina e gi\u00e0 sanno guidarla senza spiegarglielo, a soli due anni! Se poi dai loro una carrozzina elettronica...\"","og_url":"https:\/\/www.centrocliniconemo.it\/en\/blog\/i-bambini-stupiscono-perche-non-hanno-mai-paura-elena-carraro-si-racconta\/","og_site_name":"Centro Clinico NeMO","article_publisher":"https:\/\/www.facebook.com\/CentroNEMOItalia","article_published_time":"2018-07-23T07:57:15+00:00","article_modified_time":"2023-07-19T12:16:49+00:00","og_image":[{"width":676,"height":498,"url":"https:\/\/www.centrocliniconemo.it\/wp-content\/uploads\/2023\/07\/Elena-Carraro-Centro-Clinico-NeMO-Milano-malatidivita-iosonoNeMO-5x1000-sla-sma-listing.png","type":"image\/png"}],"author":"Luca Biondi","twitter_card":"summary_large_image","twitter_creator":"@CentroNemo","twitter_site":"@CentroNemo","twitter_misc":{"Written by":"Luca Biondi","Est. reading time":"3 minutes"},"schema":{"@context":"https:\/\/schema.org","@graph":[{"@type":"Article","@id":"https:\/\/www.centrocliniconemo.it\/en\/blog\/i-bambini-stupiscono-perche-non-hanno-mai-paura-elena-carraro-si-racconta\/#article","isPartOf":{"@id":"https:\/\/www.centrocliniconemo.it\/en\/blog\/i-bambini-stupiscono-perche-non-hanno-mai-paura-elena-carraro-si-racconta\/"},"author":{"name":"Luca Biondi","@id":"https:\/\/www.centrocliniconemo.it\/en\/#\/schema\/person\/9331a87c0a8ee435c61f5dd498531434"},"headline":"&#8220;I Bambini Stupiscono Perch\u00e8 Non Hanno Mai Paura&#8221;: Elena Carraro Si Racconta","datePublished":"2018-07-23T07:57:15+00:00","dateModified":"2023-07-19T12:16:49+00:00","mainEntityOfPage":{"@id":"https:\/\/www.centrocliniconemo.it\/en\/blog\/i-bambini-stupiscono-perche-non-hanno-mai-paura-elena-carraro-si-racconta\/"},"wordCount":667,"publisher":{"@id":"https:\/\/www.centrocliniconemo.it\/en\/#organization"},"image":{"@id":"https:\/\/www.centrocliniconemo.it\/en\/blog\/i-bambini-stupiscono-perche-non-hanno-mai-paura-elena-carraro-si-racconta\/#primaryimage"},"thumbnailUrl":"https:\/\/www.centrocliniconemo.it\/wp-content\/uploads\/2023\/07\/Elena-Carraro-Centro-Clinico-NeMO-Milano-malatidivita-iosonoNeMO-5x1000-sla-sma-listing.png","articleSection":["Cura, ricerca e formazione","Storie di NeMO"],"inLanguage":"en-US"},{"@type":"WebPage","@id":"https:\/\/www.centrocliniconemo.it\/en\/blog\/i-bambini-stupiscono-perche-non-hanno-mai-paura-elena-carraro-si-racconta\/","url":"https:\/\/www.centrocliniconemo.it\/en\/blog\/i-bambini-stupiscono-perche-non-hanno-mai-paura-elena-carraro-si-racconta\/","name":"\"I Bambini Stupiscono Perch\u00e8 Non Hanno Mai Paura\": Elena Carraro Si Racconta - Centro Clinico NeMO","isPartOf":{"@id":"https:\/\/www.centrocliniconemo.it\/en\/#website"},"primaryImageOfPage":{"@id":"https:\/\/www.centrocliniconemo.it\/en\/blog\/i-bambini-stupiscono-perche-non-hanno-mai-paura-elena-carraro-si-racconta\/#primaryimage"},"image":{"@id":"https:\/\/www.centrocliniconemo.it\/en\/blog\/i-bambini-stupiscono-perche-non-hanno-mai-paura-elena-carraro-si-racconta\/#primaryimage"},"thumbnailUrl":"https:\/\/www.centrocliniconemo.it\/wp-content\/uploads\/2023\/07\/Elena-Carraro-Centro-Clinico-NeMO-Milano-malatidivita-iosonoNeMO-5x1000-sla-sma-listing.png","datePublished":"2018-07-23T07:57:15+00:00","dateModified":"2023-07-19T12:16:49+00:00","breadcrumb":{"@id":"https:\/\/www.centrocliniconemo.it\/en\/blog\/i-bambini-stupiscono-perche-non-hanno-mai-paura-elena-carraro-si-racconta\/#breadcrumb"},"inLanguage":"en-US","potentialAction":[{"@type":"ReadAction","target":["https:\/\/www.centrocliniconemo.it\/en\/blog\/i-bambini-stupiscono-perche-non-hanno-mai-paura-elena-carraro-si-racconta\/"]}]},{"@type":"ImageObject","inLanguage":"en-US","@id":"https:\/\/www.centrocliniconemo.it\/en\/blog\/i-bambini-stupiscono-perche-non-hanno-mai-paura-elena-carraro-si-racconta\/#primaryimage","url":"https:\/\/www.centrocliniconemo.it\/wp-content\/uploads\/2023\/07\/Elena-Carraro-Centro-Clinico-NeMO-Milano-malatidivita-iosonoNeMO-5x1000-sla-sma-listing.png","contentUrl":"https:\/\/www.centrocliniconemo.it\/wp-content\/uploads\/2023\/07\/Elena-Carraro-Centro-Clinico-NeMO-Milano-malatidivita-iosonoNeMO-5x1000-sla-sma-listing.png","width":676,"height":498},{"@type":"BreadcrumbList","@id":"https:\/\/www.centrocliniconemo.it\/en\/blog\/i-bambini-stupiscono-perche-non-hanno-mai-paura-elena-carraro-si-racconta\/#breadcrumb","itemListElement":[{"@type":"ListItem","position":1,"name":"Home","item":"https:\/\/www.centrocliniconemo.it\/en\/"},{"@type":"ListItem","position":2,"name":"&#8220;I Bambini Stupiscono Perch\u00e8 Non Hanno Mai Paura&#8221;: Elena Carraro Si Racconta"}]},{"@type":"WebSite","@id":"https:\/\/www.centrocliniconemo.it\/en\/#website","url":"https:\/\/www.centrocliniconemo.it\/en\/","name":"Centro Clinico NeMO","description":"Il paziente al centro","publisher":{"@id":"https:\/\/www.centrocliniconemo.it\/en\/#organization"},"potentialAction":[{"@type":"SearchAction","target":{"@type":"EntryPoint","urlTemplate":"https:\/\/www.centrocliniconemo.it\/en\/?s={search_term_string}"},"query-input":{"@type":"PropertyValueSpecification","valueRequired":true,"valueName":"search_term_string"}}],"inLanguage":"en-US"},{"@type":"Organization","@id":"https:\/\/www.centrocliniconemo.it\/en\/#organization","name":"Centro Clinico NeMO - Fondazione Serena Onlus","url":"https:\/\/www.centrocliniconemo.it\/en\/","logo":{"@type":"ImageObject","inLanguage":"en-US","@id":"https:\/\/www.centrocliniconemo.it\/en\/#\/schema\/logo\/image\/","url":"https:\/\/www.centrocliniconemo.it\/wp-content\/uploads\/2023\/03\/logo-nemo.svg","contentUrl":"https:\/\/www.centrocliniconemo.it\/wp-content\/uploads\/2023\/03\/logo-nemo.svg","width":272,"height":109.142,"caption":"Centro Clinico NeMO - Fondazione Serena Onlus"},"image":{"@id":"https:\/\/www.centrocliniconemo.it\/en\/#\/schema\/logo\/image\/"},"sameAs":["https:\/\/www.facebook.com\/CentroNEMOItalia","https:\/\/x.com\/CentroNemo","https:\/\/www.linkedin.com\/company\/centrocliniconemo\/","https:\/\/www.instagram.com\/centrocliniconemo\/"]},{"@type":"Person","@id":"https:\/\/www.centrocliniconemo.it\/en\/#\/schema\/person\/9331a87c0a8ee435c61f5dd498531434","name":"Luca Biondi","image":{"@type":"ImageObject","inLanguage":"en-US","@id":"https:\/\/secure.gravatar.com\/avatar\/0488b88829885ebcc9896de947265b69d2979e6dc4666b1e2c3d4fbf8dc73d77?s=96&d=mm&r=g","url":"https:\/\/secure.gravatar.com\/avatar\/0488b88829885ebcc9896de947265b69d2979e6dc4666b1e2c3d4fbf8dc73d77?s=96&d=mm&r=g","contentUrl":"https:\/\/secure.gravatar.com\/avatar\/0488b88829885ebcc9896de947265b69d2979e6dc4666b1e2c3d4fbf8dc73d77?s=96&d=mm&r=g","caption":"Luca Biondi"}}]}},"_links":{"self":[{"href":"https:\/\/www.centrocliniconemo.it\/en\/wp-json\/wp\/v2\/posts\/13506","targetHints":{"allow":["GET"]}}],"collection":[{"href":"https:\/\/www.centrocliniconemo.it\/en\/wp-json\/wp\/v2\/posts"}],"about":[{"href":"https:\/\/www.centrocliniconemo.it\/en\/wp-json\/wp\/v2\/types\/post"}],"author":[{"embeddable":true,"href":"https:\/\/www.centrocliniconemo.it\/en\/wp-json\/wp\/v2\/users\/2"}],"replies":[{"embeddable":true,"href":"https:\/\/www.centrocliniconemo.it\/en\/wp-json\/wp\/v2\/comments?post=13506"}],"version-history":[{"count":0,"href":"https:\/\/www.centrocliniconemo.it\/en\/wp-json\/wp\/v2\/posts\/13506\/revisions"}],"wp:featuredmedia":[{"embeddable":true,"href":"https:\/\/www.centrocliniconemo.it\/en\/wp-json\/wp\/v2\/media\/12136"}],"wp:attachment":[{"href":"https:\/\/www.centrocliniconemo.it\/en\/wp-json\/wp\/v2\/media?parent=13506"}],"wp:term":[{"taxonomy":"category","embeddable":true,"href":"https:\/\/www.centrocliniconemo.it\/en\/wp-json\/wp\/v2\/categories?post=13506"},{"taxonomy":"post_tag","embeddable":true,"href":"https:\/\/www.centrocliniconemo.it\/en\/wp-json\/wp\/v2\/tags?post=13506"}],"curies":[{"name":"wp","href":"https:\/\/api.w.org\/{rel}","templated":true}]}}