{"id":13490,"date":"2018-09-05T08:05:56","date_gmt":"2018-09-05T08:05:56","guid":{"rendered":"https:\/\/www.centrocliniconemo.it\/blog\/un-palloncino-rosso-impegno-e-speranza-per-la-giornata-mondiale-sulla-duchenne"},"modified":"2023-07-19T11:35:27","modified_gmt":"2023-07-19T11:35:27","slug":"un-palloncino-rosso-impegno-e-speranza-per-la-giornata-mondiale-sulla-duchenne","status":"publish","type":"post","link":"https:\/\/www.centrocliniconemo.it\/en\/blog\/un-palloncino-rosso-impegno-e-speranza-per-la-giornata-mondiale-sulla-duchenne\/","title":{"rendered":"Un Palloncino Rosso: Impegno E Speranza Per La Giornata Mondiale Sulla Duchenne"},"content":{"rendered":"<h5>Un palloncino rosso promuove in tutto il mondo la quinta edizione della <em>Giornata Mondiale di Sensibilizzazione sulla Distrofia Muscolare di Duchenne (DMD)<\/em>; un semplice palloncino rosso, per dichiarare in modo lieve, ma al tempo stesso significativo, grazie alla forza dirompente del suo colore, che dobbiamo avere dentro del fuoco per continuare a lottare ostinatamente per affrontare, e, un giorno, magari sconfiggere, questa ostinata malattia.<\/h5>\n<p><!--more--><\/p>\n<p>Il prossimo 7 settembre, 42 Nazioni ed oltre 90 organizzazioni che contano centinaia di migliaia di persone, saranno presenti con la loro testimonianza, per informare l\u2019opinione pubblica e i governi, del lavoro fondamentale che viene realizzato dagli operatori sanitari, dalle famiglie e dai malati, per continuare a vivere pur in presenza di una patologia, come la DMD, che mina profondamente l\u2019autonomia e la salute di tante persone. E\u2019, infatti, la forma pi\u00f9 grave delle distrofie muscolari, che si manifesta gi\u00e0 in tenera et\u00e0 e che accompagna inesorabilmente una degenerazione progressiva dei muscoli, fino alla perdita complessiva dell\u2019autonomia.<\/p>\n<p>Il sostegno dei Centri Clinici NeMO alla manifestazione \u00e8 la traccia evidente che, data la gravit\u00e0 della malattia, \u00e8 fondamentale sostenere il processo di cura in modo mirato e specialistico, che deve coinvolgere molteplici aree funzionali: dal movimento, al respiro, alla nutrizione, agli aspetti cardiaci, fino all\u2019attenzione verso il benessere psicologico e di socializzazione.<\/p>\n<p>{{cta(&#8216;075671c0-c45f-4c48-9751-59a02af3446f&#8217;,&#8217;justifycenter&#8217;)}}<\/p>\n<p>Una corretta presa in carico, che nasce dalla consapevolezza che ogni persona ha dei bisogni e delle aspettative determinate, \u00e8 il punto di partenza per elaborare un progetto di cura che possa garantire la migliore qualit\u00e0 di vita possibile. Oggi non possiamo dire di aver sconfitto la DMD, ma certamente abbiamo migliorato le aspettative di vita e attenuato la stretta morsa del progredire della malattia. Per continuare su questa strada \u00e8 importante tenere alta l\u2019attenzione sui processi di cura, sui finanziamenti alla ricerca e sul coinvolgimento della societ\u00e0 civile in questa lotta alla malattia.<\/p>\n<p>Il tema della Giornata mondiale sulla Distrofia di Duchenne &#8211; \u201cGli standard di cura\u201d &#8211; trasferisce ai Centri Clinici NeMO un ruolo centrale, impegnati, sin dalle origini, a garantire ad ogni paziente una risposta professionale ed adeguata alle loro aspettative: solo nell\u2019ultimo anno abbiamo incontrato oltre 1140 nuovi pazienti con malattia neuromuscolare, di cui ben il 21% in et\u00e0 giovanile.<img decoding=\"async\" src=\"https:\/\/www.centrocliniconemo.it\/wp-content\/uploads\/2023\/07\/Palloncino-rosso-duchenne-centro-clinico-nemo-iosononemo.it-alberto-fontana-listing.png\" alt=\"Palloncino rosso duchenne centro clinico nemo iosononemo.it alberto fontana listing\" style=\"width: 462px; margin: 10px; float: right;\" width=\"462\"> Nonostante la debolezza che la malattia impone, la forza di persone straordinarie che lottano ogni giorno con i limiti fisici imposti dalla malattia, \u00e8 un appassionante segnale di quanto la vita \u00e8 pi\u00f9 forte di ogni difficolt\u00e0. Da queste persone impariamo molte cose, e, oggi, per loro, abbiamo il dovere morale di continuare ad investire le nostre risorse per continuare a migliorare gli approcci clinico \u2013 assistenziali. Su questi temi NeMO porter\u00e0 il suo contributo, in qualit\u00e0 di Centro Clinico europeo presente ad Amsterdam al <em>Duchenne Care Congress<\/em>, il prossimo 7 settembre.<\/p>\n<p>Vogliamo ringraziare la \u201cWorld Duchenne Organization\u201d, promotrice internazionale di questa Giornata dal 2014 e \u201cParent Project Italia\u201d che ogni anno coordina l\u2019iniziativa per il nostro Paese.<\/p>\n<p>Il calore del palloncino rosso di NeMO sar\u00e0 al fianco dei pazienti, per consolidare il nostro legame di cura, che si fonde con la speranza che la ricerca scientifica possa un giorno regalarci un nuovo futuro.<\/p>\n<p>Buona giornata mondiale DMD<\/p>\n<p><em>Alberto Fontana<\/em><\/p>\n<p><em>Presidente Centro Clinico NeMO<\/em><\/p>\n<p><em>{{cta(&#8216;7cd5e07d-0f19-44c7-89fd-52ce49aa2d91&#8242;,&#8217;justifycenter&#8217;)}}<\/em><\/p>\n","protected":false},"excerpt":{"rendered":"<p>Un palloncino rosso promuove in tutto il mondo la quinta edizione della Giornata Mondiale di Sensibilizzazione sulla Distrofia Muscolare di Duchenne (DMD); un semplice palloncino rosso, per dichiarare in modo lieve, ma al tempo stesso significativo, grazie alla forza dirompente del suo colore, che dobbiamo avere dentro del fuoco per continuare a lottare ostinatamente per affrontare, e, un giorno, magari sconfiggere, questa ostinata malattia.<\/p>\n","protected":false},"author":2,"featured_media":12103,"comment_status":"closed","ping_status":"closed","sticky":false,"template":"","format":"standard","meta":{"pgc_sgb_lightbox_settings":"","footnotes":""},"categories":[17],"tags":[],"class_list":["post-13490","post","type-post","status-publish","format-standard","has-post-thumbnail","hentry","category-iniziative-ed-eventi"],"yoast_head":"<!-- This site is optimized with the Yoast SEO plugin v27.4 - https:\/\/yoast.com\/product\/yoast-seo-wordpress\/ -->\n<title>Un Palloncino Rosso: Impegno E Speranza Per La Giornata Mondiale Sulla Duchenne - Centro Clinico NeMO<\/title>\n<meta name=\"robots\" content=\"index, follow, max-snippet:-1, max-image-preview:large, max-video-preview:-1\" \/>\n<link rel=\"canonical\" href=\"https:\/\/www.centrocliniconemo.it\/en\/blog\/un-palloncino-rosso-impegno-e-speranza-per-la-giornata-mondiale-sulla-duchenne\/\" \/>\n<meta property=\"og:locale\" content=\"en_US\" \/>\n<meta property=\"og:type\" content=\"article\" \/>\n<meta property=\"og:title\" content=\"Un Palloncino Rosso: Impegno E Speranza Per La Giornata Mondiale Sulla Duchenne - Centro Clinico NeMO\" \/>\n<meta property=\"og:description\" content=\"Un palloncino rosso promuove in tutto il mondo la quinta edizione della Giornata Mondiale di Sensibilizzazione sulla Distrofia Muscolare di Duchenne (DMD); un semplice palloncino rosso, per dichiarare in modo lieve, ma al tempo stesso significativo, grazie alla forza dirompente del suo colore, che dobbiamo avere dentro del fuoco per continuare a lottare ostinatamente per affrontare, e, un giorno, magari sconfiggere, questa ostinata malattia.\" \/>\n<meta property=\"og:url\" content=\"https:\/\/www.centrocliniconemo.it\/en\/blog\/un-palloncino-rosso-impegno-e-speranza-per-la-giornata-mondiale-sulla-duchenne\/\" \/>\n<meta property=\"og:site_name\" content=\"Centro Clinico NeMO\" \/>\n<meta property=\"article:publisher\" content=\"https:\/\/www.facebook.com\/CentroNEMOItalia\" \/>\n<meta property=\"article:published_time\" content=\"2018-09-05T08:05:56+00:00\" \/>\n<meta property=\"article:modified_time\" content=\"2023-07-19T11:35:27+00:00\" \/>\n<meta property=\"og:image\" content=\"https:\/\/www.centrocliniconemo.it\/wp-content\/uploads\/2023\/07\/Palloncino-rosso-duchenne-centro-clinico-nemo-iosononemo.it-alberto-fontana-listing.png\" \/>\n\t<meta property=\"og:image:width\" content=\"440\" \/>\n\t<meta property=\"og:image:height\" content=\"280\" \/>\n\t<meta property=\"og:image:type\" content=\"image\/png\" \/>\n<meta name=\"author\" content=\"Luca Biondi\" \/>\n<meta name=\"twitter:card\" content=\"summary_large_image\" \/>\n<meta name=\"twitter:creator\" content=\"@CentroNemo\" \/>\n<meta name=\"twitter:site\" content=\"@CentroNemo\" \/>\n<meta name=\"twitter:label1\" content=\"Written by\" \/>\n\t<meta name=\"twitter:data1\" content=\"Luca Biondi\" \/>\n\t<meta name=\"twitter:label2\" content=\"Est. reading time\" \/>\n\t<meta name=\"twitter:data2\" content=\"3 minutes\" \/>\n<script type=\"application\/ld+json\" class=\"yoast-schema-graph\">{\"@context\":\"https:\\\/\\\/schema.org\",\"@graph\":[{\"@type\":\"Article\",\"@id\":\"https:\\\/\\\/www.centrocliniconemo.it\\\/en\\\/blog\\\/un-palloncino-rosso-impegno-e-speranza-per-la-giornata-mondiale-sulla-duchenne\\\/#article\",\"isPartOf\":{\"@id\":\"https:\\\/\\\/www.centrocliniconemo.it\\\/en\\\/blog\\\/un-palloncino-rosso-impegno-e-speranza-per-la-giornata-mondiale-sulla-duchenne\\\/\"},\"author\":{\"name\":\"Luca Biondi\",\"@id\":\"https:\\\/\\\/www.centrocliniconemo.it\\\/en\\\/#\\\/schema\\\/person\\\/9331a87c0a8ee435c61f5dd498531434\"},\"headline\":\"Un Palloncino Rosso: Impegno E Speranza Per La Giornata Mondiale Sulla Duchenne\",\"datePublished\":\"2018-09-05T08:05:56+00:00\",\"dateModified\":\"2023-07-19T11:35:27+00:00\",\"mainEntityOfPage\":{\"@id\":\"https:\\\/\\\/www.centrocliniconemo.it\\\/en\\\/blog\\\/un-palloncino-rosso-impegno-e-speranza-per-la-giornata-mondiale-sulla-duchenne\\\/\"},\"wordCount\":562,\"publisher\":{\"@id\":\"https:\\\/\\\/www.centrocliniconemo.it\\\/en\\\/#organization\"},\"image\":{\"@id\":\"https:\\\/\\\/www.centrocliniconemo.it\\\/en\\\/blog\\\/un-palloncino-rosso-impegno-e-speranza-per-la-giornata-mondiale-sulla-duchenne\\\/#primaryimage\"},\"thumbnailUrl\":\"https:\\\/\\\/www.centrocliniconemo.it\\\/wp-content\\\/uploads\\\/2023\\\/07\\\/Palloncino-rosso-duchenne-centro-clinico-nemo-iosononemo.it-alberto-fontana-listing.png\",\"articleSection\":[\"Iniziative ed eventi\"],\"inLanguage\":\"en-US\"},{\"@type\":\"WebPage\",\"@id\":\"https:\\\/\\\/www.centrocliniconemo.it\\\/en\\\/blog\\\/un-palloncino-rosso-impegno-e-speranza-per-la-giornata-mondiale-sulla-duchenne\\\/\",\"url\":\"https:\\\/\\\/www.centrocliniconemo.it\\\/en\\\/blog\\\/un-palloncino-rosso-impegno-e-speranza-per-la-giornata-mondiale-sulla-duchenne\\\/\",\"name\":\"Un Palloncino Rosso: Impegno E Speranza Per La Giornata Mondiale Sulla Duchenne - Centro Clinico NeMO\",\"isPartOf\":{\"@id\":\"https:\\\/\\\/www.centrocliniconemo.it\\\/en\\\/#website\"},\"primaryImageOfPage\":{\"@id\":\"https:\\\/\\\/www.centrocliniconemo.it\\\/en\\\/blog\\\/un-palloncino-rosso-impegno-e-speranza-per-la-giornata-mondiale-sulla-duchenne\\\/#primaryimage\"},\"image\":{\"@id\":\"https:\\\/\\\/www.centrocliniconemo.it\\\/en\\\/blog\\\/un-palloncino-rosso-impegno-e-speranza-per-la-giornata-mondiale-sulla-duchenne\\\/#primaryimage\"},\"thumbnailUrl\":\"https:\\\/\\\/www.centrocliniconemo.it\\\/wp-content\\\/uploads\\\/2023\\\/07\\\/Palloncino-rosso-duchenne-centro-clinico-nemo-iosononemo.it-alberto-fontana-listing.png\",\"datePublished\":\"2018-09-05T08:05:56+00:00\",\"dateModified\":\"2023-07-19T11:35:27+00:00\",\"breadcrumb\":{\"@id\":\"https:\\\/\\\/www.centrocliniconemo.it\\\/en\\\/blog\\\/un-palloncino-rosso-impegno-e-speranza-per-la-giornata-mondiale-sulla-duchenne\\\/#breadcrumb\"},\"inLanguage\":\"en-US\",\"potentialAction\":[{\"@type\":\"ReadAction\",\"target\":[\"https:\\\/\\\/www.centrocliniconemo.it\\\/en\\\/blog\\\/un-palloncino-rosso-impegno-e-speranza-per-la-giornata-mondiale-sulla-duchenne\\\/\"]}]},{\"@type\":\"ImageObject\",\"inLanguage\":\"en-US\",\"@id\":\"https:\\\/\\\/www.centrocliniconemo.it\\\/en\\\/blog\\\/un-palloncino-rosso-impegno-e-speranza-per-la-giornata-mondiale-sulla-duchenne\\\/#primaryimage\",\"url\":\"https:\\\/\\\/www.centrocliniconemo.it\\\/wp-content\\\/uploads\\\/2023\\\/07\\\/Palloncino-rosso-duchenne-centro-clinico-nemo-iosononemo.it-alberto-fontana-listing.png\",\"contentUrl\":\"https:\\\/\\\/www.centrocliniconemo.it\\\/wp-content\\\/uploads\\\/2023\\\/07\\\/Palloncino-rosso-duchenne-centro-clinico-nemo-iosononemo.it-alberto-fontana-listing.png\",\"width\":440,\"height\":280},{\"@type\":\"BreadcrumbList\",\"@id\":\"https:\\\/\\\/www.centrocliniconemo.it\\\/en\\\/blog\\\/un-palloncino-rosso-impegno-e-speranza-per-la-giornata-mondiale-sulla-duchenne\\\/#breadcrumb\",\"itemListElement\":[{\"@type\":\"ListItem\",\"position\":1,\"name\":\"Home\",\"item\":\"https:\\\/\\\/www.centrocliniconemo.it\\\/en\\\/\"},{\"@type\":\"ListItem\",\"position\":2,\"name\":\"Un Palloncino Rosso: Impegno E Speranza Per La Giornata Mondiale Sulla Duchenne\"}]},{\"@type\":\"WebSite\",\"@id\":\"https:\\\/\\\/www.centrocliniconemo.it\\\/en\\\/#website\",\"url\":\"https:\\\/\\\/www.centrocliniconemo.it\\\/en\\\/\",\"name\":\"Centro Clinico NeMO\",\"description\":\"Il paziente al centro\",\"publisher\":{\"@id\":\"https:\\\/\\\/www.centrocliniconemo.it\\\/en\\\/#organization\"},\"potentialAction\":[{\"@type\":\"SearchAction\",\"target\":{\"@type\":\"EntryPoint\",\"urlTemplate\":\"https:\\\/\\\/www.centrocliniconemo.it\\\/en\\\/?s={search_term_string}\"},\"query-input\":{\"@type\":\"PropertyValueSpecification\",\"valueRequired\":true,\"valueName\":\"search_term_string\"}}],\"inLanguage\":\"en-US\"},{\"@type\":\"Organization\",\"@id\":\"https:\\\/\\\/www.centrocliniconemo.it\\\/en\\\/#organization\",\"name\":\"Centro Clinico NeMO - Fondazione Serena Onlus\",\"url\":\"https:\\\/\\\/www.centrocliniconemo.it\\\/en\\\/\",\"logo\":{\"@type\":\"ImageObject\",\"inLanguage\":\"en-US\",\"@id\":\"https:\\\/\\\/www.centrocliniconemo.it\\\/en\\\/#\\\/schema\\\/logo\\\/image\\\/\",\"url\":\"https:\\\/\\\/www.centrocliniconemo.it\\\/wp-content\\\/uploads\\\/2023\\\/03\\\/logo-nemo.svg\",\"contentUrl\":\"https:\\\/\\\/www.centrocliniconemo.it\\\/wp-content\\\/uploads\\\/2023\\\/03\\\/logo-nemo.svg\",\"width\":272,\"height\":109.142,\"caption\":\"Centro Clinico NeMO - Fondazione Serena Onlus\"},\"image\":{\"@id\":\"https:\\\/\\\/www.centrocliniconemo.it\\\/en\\\/#\\\/schema\\\/logo\\\/image\\\/\"},\"sameAs\":[\"https:\\\/\\\/www.facebook.com\\\/CentroNEMOItalia\",\"https:\\\/\\\/x.com\\\/CentroNemo\",\"https:\\\/\\\/www.linkedin.com\\\/company\\\/centrocliniconemo\\\/\",\"https:\\\/\\\/www.instagram.com\\\/centrocliniconemo\\\/\"]},{\"@type\":\"Person\",\"@id\":\"https:\\\/\\\/www.centrocliniconemo.it\\\/en\\\/#\\\/schema\\\/person\\\/9331a87c0a8ee435c61f5dd498531434\",\"name\":\"Luca Biondi\",\"image\":{\"@type\":\"ImageObject\",\"inLanguage\":\"en-US\",\"@id\":\"https:\\\/\\\/secure.gravatar.com\\\/avatar\\\/0488b88829885ebcc9896de947265b69d2979e6dc4666b1e2c3d4fbf8dc73d77?s=96&d=mm&r=g\",\"url\":\"https:\\\/\\\/secure.gravatar.com\\\/avatar\\\/0488b88829885ebcc9896de947265b69d2979e6dc4666b1e2c3d4fbf8dc73d77?s=96&d=mm&r=g\",\"contentUrl\":\"https:\\\/\\\/secure.gravatar.com\\\/avatar\\\/0488b88829885ebcc9896de947265b69d2979e6dc4666b1e2c3d4fbf8dc73d77?s=96&d=mm&r=g\",\"caption\":\"Luca Biondi\"}}]}<\/script>\n<!-- \/ Yoast SEO plugin. -->","yoast_head_json":{"title":"Un Palloncino Rosso: Impegno E Speranza Per La Giornata Mondiale Sulla Duchenne - Centro Clinico NeMO","robots":{"index":"index","follow":"follow","max-snippet":"max-snippet:-1","max-image-preview":"max-image-preview:large","max-video-preview":"max-video-preview:-1"},"canonical":"https:\/\/www.centrocliniconemo.it\/en\/blog\/un-palloncino-rosso-impegno-e-speranza-per-la-giornata-mondiale-sulla-duchenne\/","og_locale":"en_US","og_type":"article","og_title":"Un Palloncino Rosso: Impegno E Speranza Per La Giornata Mondiale Sulla Duchenne - Centro Clinico NeMO","og_description":"Un palloncino rosso promuove in tutto il mondo la quinta edizione della Giornata Mondiale di Sensibilizzazione sulla Distrofia Muscolare di Duchenne (DMD); un semplice palloncino rosso, per dichiarare in modo lieve, ma al tempo stesso significativo, grazie alla forza dirompente del suo colore, che dobbiamo avere dentro del fuoco per continuare a lottare ostinatamente per affrontare, e, un giorno, magari sconfiggere, questa ostinata malattia.","og_url":"https:\/\/www.centrocliniconemo.it\/en\/blog\/un-palloncino-rosso-impegno-e-speranza-per-la-giornata-mondiale-sulla-duchenne\/","og_site_name":"Centro Clinico NeMO","article_publisher":"https:\/\/www.facebook.com\/CentroNEMOItalia","article_published_time":"2018-09-05T08:05:56+00:00","article_modified_time":"2023-07-19T11:35:27+00:00","og_image":[{"width":440,"height":280,"url":"https:\/\/www.centrocliniconemo.it\/wp-content\/uploads\/2023\/07\/Palloncino-rosso-duchenne-centro-clinico-nemo-iosononemo.it-alberto-fontana-listing.png","type":"image\/png"}],"author":"Luca Biondi","twitter_card":"summary_large_image","twitter_creator":"@CentroNemo","twitter_site":"@CentroNemo","twitter_misc":{"Written by":"Luca Biondi","Est. reading time":"3 minutes"},"schema":{"@context":"https:\/\/schema.org","@graph":[{"@type":"Article","@id":"https:\/\/www.centrocliniconemo.it\/en\/blog\/un-palloncino-rosso-impegno-e-speranza-per-la-giornata-mondiale-sulla-duchenne\/#article","isPartOf":{"@id":"https:\/\/www.centrocliniconemo.it\/en\/blog\/un-palloncino-rosso-impegno-e-speranza-per-la-giornata-mondiale-sulla-duchenne\/"},"author":{"name":"Luca Biondi","@id":"https:\/\/www.centrocliniconemo.it\/en\/#\/schema\/person\/9331a87c0a8ee435c61f5dd498531434"},"headline":"Un Palloncino Rosso: Impegno E Speranza Per La Giornata Mondiale Sulla Duchenne","datePublished":"2018-09-05T08:05:56+00:00","dateModified":"2023-07-19T11:35:27+00:00","mainEntityOfPage":{"@id":"https:\/\/www.centrocliniconemo.it\/en\/blog\/un-palloncino-rosso-impegno-e-speranza-per-la-giornata-mondiale-sulla-duchenne\/"},"wordCount":562,"publisher":{"@id":"https:\/\/www.centrocliniconemo.it\/en\/#organization"},"image":{"@id":"https:\/\/www.centrocliniconemo.it\/en\/blog\/un-palloncino-rosso-impegno-e-speranza-per-la-giornata-mondiale-sulla-duchenne\/#primaryimage"},"thumbnailUrl":"https:\/\/www.centrocliniconemo.it\/wp-content\/uploads\/2023\/07\/Palloncino-rosso-duchenne-centro-clinico-nemo-iosononemo.it-alberto-fontana-listing.png","articleSection":["Iniziative ed eventi"],"inLanguage":"en-US"},{"@type":"WebPage","@id":"https:\/\/www.centrocliniconemo.it\/en\/blog\/un-palloncino-rosso-impegno-e-speranza-per-la-giornata-mondiale-sulla-duchenne\/","url":"https:\/\/www.centrocliniconemo.it\/en\/blog\/un-palloncino-rosso-impegno-e-speranza-per-la-giornata-mondiale-sulla-duchenne\/","name":"Un Palloncino Rosso: Impegno E Speranza Per La Giornata Mondiale Sulla Duchenne - Centro Clinico NeMO","isPartOf":{"@id":"https:\/\/www.centrocliniconemo.it\/en\/#website"},"primaryImageOfPage":{"@id":"https:\/\/www.centrocliniconemo.it\/en\/blog\/un-palloncino-rosso-impegno-e-speranza-per-la-giornata-mondiale-sulla-duchenne\/#primaryimage"},"image":{"@id":"https:\/\/www.centrocliniconemo.it\/en\/blog\/un-palloncino-rosso-impegno-e-speranza-per-la-giornata-mondiale-sulla-duchenne\/#primaryimage"},"thumbnailUrl":"https:\/\/www.centrocliniconemo.it\/wp-content\/uploads\/2023\/07\/Palloncino-rosso-duchenne-centro-clinico-nemo-iosononemo.it-alberto-fontana-listing.png","datePublished":"2018-09-05T08:05:56+00:00","dateModified":"2023-07-19T11:35:27+00:00","breadcrumb":{"@id":"https:\/\/www.centrocliniconemo.it\/en\/blog\/un-palloncino-rosso-impegno-e-speranza-per-la-giornata-mondiale-sulla-duchenne\/#breadcrumb"},"inLanguage":"en-US","potentialAction":[{"@type":"ReadAction","target":["https:\/\/www.centrocliniconemo.it\/en\/blog\/un-palloncino-rosso-impegno-e-speranza-per-la-giornata-mondiale-sulla-duchenne\/"]}]},{"@type":"ImageObject","inLanguage":"en-US","@id":"https:\/\/www.centrocliniconemo.it\/en\/blog\/un-palloncino-rosso-impegno-e-speranza-per-la-giornata-mondiale-sulla-duchenne\/#primaryimage","url":"https:\/\/www.centrocliniconemo.it\/wp-content\/uploads\/2023\/07\/Palloncino-rosso-duchenne-centro-clinico-nemo-iosononemo.it-alberto-fontana-listing.png","contentUrl":"https:\/\/www.centrocliniconemo.it\/wp-content\/uploads\/2023\/07\/Palloncino-rosso-duchenne-centro-clinico-nemo-iosononemo.it-alberto-fontana-listing.png","width":440,"height":280},{"@type":"BreadcrumbList","@id":"https:\/\/www.centrocliniconemo.it\/en\/blog\/un-palloncino-rosso-impegno-e-speranza-per-la-giornata-mondiale-sulla-duchenne\/#breadcrumb","itemListElement":[{"@type":"ListItem","position":1,"name":"Home","item":"https:\/\/www.centrocliniconemo.it\/en\/"},{"@type":"ListItem","position":2,"name":"Un Palloncino Rosso: Impegno E Speranza Per La Giornata Mondiale Sulla Duchenne"}]},{"@type":"WebSite","@id":"https:\/\/www.centrocliniconemo.it\/en\/#website","url":"https:\/\/www.centrocliniconemo.it\/en\/","name":"Centro Clinico NeMO","description":"Il paziente al centro","publisher":{"@id":"https:\/\/www.centrocliniconemo.it\/en\/#organization"},"potentialAction":[{"@type":"SearchAction","target":{"@type":"EntryPoint","urlTemplate":"https:\/\/www.centrocliniconemo.it\/en\/?s={search_term_string}"},"query-input":{"@type":"PropertyValueSpecification","valueRequired":true,"valueName":"search_term_string"}}],"inLanguage":"en-US"},{"@type":"Organization","@id":"https:\/\/www.centrocliniconemo.it\/en\/#organization","name":"Centro Clinico NeMO - Fondazione Serena Onlus","url":"https:\/\/www.centrocliniconemo.it\/en\/","logo":{"@type":"ImageObject","inLanguage":"en-US","@id":"https:\/\/www.centrocliniconemo.it\/en\/#\/schema\/logo\/image\/","url":"https:\/\/www.centrocliniconemo.it\/wp-content\/uploads\/2023\/03\/logo-nemo.svg","contentUrl":"https:\/\/www.centrocliniconemo.it\/wp-content\/uploads\/2023\/03\/logo-nemo.svg","width":272,"height":109.142,"caption":"Centro Clinico NeMO - Fondazione Serena Onlus"},"image":{"@id":"https:\/\/www.centrocliniconemo.it\/en\/#\/schema\/logo\/image\/"},"sameAs":["https:\/\/www.facebook.com\/CentroNEMOItalia","https:\/\/x.com\/CentroNemo","https:\/\/www.linkedin.com\/company\/centrocliniconemo\/","https:\/\/www.instagram.com\/centrocliniconemo\/"]},{"@type":"Person","@id":"https:\/\/www.centrocliniconemo.it\/en\/#\/schema\/person\/9331a87c0a8ee435c61f5dd498531434","name":"Luca Biondi","image":{"@type":"ImageObject","inLanguage":"en-US","@id":"https:\/\/secure.gravatar.com\/avatar\/0488b88829885ebcc9896de947265b69d2979e6dc4666b1e2c3d4fbf8dc73d77?s=96&d=mm&r=g","url":"https:\/\/secure.gravatar.com\/avatar\/0488b88829885ebcc9896de947265b69d2979e6dc4666b1e2c3d4fbf8dc73d77?s=96&d=mm&r=g","contentUrl":"https:\/\/secure.gravatar.com\/avatar\/0488b88829885ebcc9896de947265b69d2979e6dc4666b1e2c3d4fbf8dc73d77?s=96&d=mm&r=g","caption":"Luca Biondi"}}]}},"_links":{"self":[{"href":"https:\/\/www.centrocliniconemo.it\/en\/wp-json\/wp\/v2\/posts\/13490","targetHints":{"allow":["GET"]}}],"collection":[{"href":"https:\/\/www.centrocliniconemo.it\/en\/wp-json\/wp\/v2\/posts"}],"about":[{"href":"https:\/\/www.centrocliniconemo.it\/en\/wp-json\/wp\/v2\/types\/post"}],"author":[{"embeddable":true,"href":"https:\/\/www.centrocliniconemo.it\/en\/wp-json\/wp\/v2\/users\/2"}],"replies":[{"embeddable":true,"href":"https:\/\/www.centrocliniconemo.it\/en\/wp-json\/wp\/v2\/comments?post=13490"}],"version-history":[{"count":0,"href":"https:\/\/www.centrocliniconemo.it\/en\/wp-json\/wp\/v2\/posts\/13490\/revisions"}],"wp:featuredmedia":[{"embeddable":true,"href":"https:\/\/www.centrocliniconemo.it\/en\/wp-json\/wp\/v2\/media\/12103"}],"wp:attachment":[{"href":"https:\/\/www.centrocliniconemo.it\/en\/wp-json\/wp\/v2\/media?parent=13490"}],"wp:term":[{"taxonomy":"category","embeddable":true,"href":"https:\/\/www.centrocliniconemo.it\/en\/wp-json\/wp\/v2\/categories?post=13490"},{"taxonomy":"post_tag","embeddable":true,"href":"https:\/\/www.centrocliniconemo.it\/en\/wp-json\/wp\/v2\/tags?post=13490"}],"curies":[{"name":"wp","href":"https:\/\/api.w.org\/{rel}","templated":true}]}}