{"id":13409,"date":"2019-10-29T10:12:12","date_gmt":"2019-10-29T10:12:12","guid":{"rendered":"https:\/\/www.centrocliniconemo.it\/blog\/progetto-nemo-napoli"},"modified":"2023-07-19T11:34:51","modified_gmt":"2023-07-19T11:34:51","slug":"progetto-nemo-napoli","status":"publish","type":"post","link":"https:\/\/www.centrocliniconemo.it\/en\/blog\/progetto-nemo-napoli\/","title":{"rendered":"Avvio Dei Lavori Del Nemo Napoli"},"content":{"rendered":"<h6 style=\"text-align: justify;\"><em>La Regione Campania, l\u2019Azienda Ospedaliera Specialistica dei Colli di Napoli e il Centro Clinico NeMO danno il via ai lavori di ristrutturazione dell\u2019area dell\u2019Ospedale Vincenzo Monaldi dedicata alla realizzazione del quinto Centro Clinico NeMO d\u2019Italia<\/em><\/h6>\n<p style=\"text-align: justify;\"><strong><img decoding=\"async\" src=\"https:\/\/www.centrocliniconemo.it\/wp-content\/uploads\/2023\/07\/WhatsApp-Image-2019-10-29-at-10.53.22.jpeg\" alt=\"WhatsApp Image 2019-10-29 at 10.53.22\" style=\"width: 300px; float: left; margin: 10px 20px 10px 0px;\" width=\"300\">Napoli, 29 ottobre 2019 \u2013<\/strong> Il presidente della Regione Campania, Vincenzo De Luca, insieme al presidente del Centro Clinico NeMO, Alberto Fontana e al direttore generale dell\u2019Azienda Ospedaliera dei Colli, Maurizio di Mauro, ha dato avvio oggi ai lavori di ristrutturazione dell\u2019area dell\u2019Ospedale Vincenzo Monaldi che ospiter\u00e0 la quinta sede del Centro Clinico NeMO, un centro di eccellenza <strong>ad alta specializzazione, <\/strong>gi\u00e0 presente a Milano, Roma, Messina e Arenzano, per le <strong>malattie neuromuscolari<\/strong>, patologie fortemente invalidanti <strong>come la Sclerosi Laterale Amiotrofica (SLA), le distrofie muscolari e l\u2019Atrofia Muscolare Spinale (SMA)<\/strong>.<\/p>\n<p><!--more--><\/p>\n<p style=\"text-align: justify;\">Il nuovo Centro si prender\u00e0 cura di pazienti adulti e pediatrici, per un totale di circa <strong>2000 persone all&#8217;anno<\/strong> che convivono con questo tipo di patologie, provenienti dal territorio campano e dalle Regioni del sud Italia vicine, che potranno evitare cos\u00ec gravosi viaggi per accedere alle strutture sanitarie.<\/p>\n<p style=\"text-align: justify;\"><img decoding=\"async\" src=\"https:\/\/www.centrocliniconemo.it\/wp-content\/uploads\/2023\/07\/WhatsApp-Image-2019-10-29-at-10.27.28.jpeg\" alt=\"WhatsApp Image 2019-10-29 at 10.27.28\" style=\"width: 300px; float: left; margin: 10px 20px 10px 0px;\" width=\"300\">Il Centro Clinico NeMO Napoli occuper\u00e0 un\u2019area di circa 1.100 mq e vedr\u00e0 il paziente e la sua famiglia al centro di un percorso di presa in carico, dal momento del ricovero, fino al suo rientro a casa, caratteristica del modello clinico-assistenziale dei Centri NeMO. Il Centro Clinico NeMO Napoli sar\u00e0 dotato di 23 posti letto per la&nbsp; degenza ordinaria, di cui 6 per l\u2019accoglienza di pazienti in et\u00e0 pediatrica, ai quali si aggiungono 3 posti per le attivit\u00e0 di Day Hospital.&nbsp; Grande attenzione verr\u00e0 data alla cura degli spazi, realizzando un ambiente che favorir\u00e0 l\u2019accoglienza e aiuter\u00e0 a vivere l\u2019esperienza del ricovero in modo positivo, aiutando ad affrontare le difficolt\u00e0 della degenza: ne sono un esempio i balconi delle finestre dedicati all\u2019ortoterapia, che coniuga in tal modo il valore dell\u2019accoglienza e gli aspetti riabilitativi nel dedicarsi alla cura delle piante e dei fiori. Un secondo esempio \u00e8 la previsione di uno spazio nido per l\u2019accoglienza dei pi\u00f9 piccoli.<\/p>\n<p style=\"text-align: justify;\">La struttura avr\u00e0 diversi regimi di intervento: ricoveri, servizi ambulatoriali ad alta specializzazione e Day Hospital, sar\u00e0 caratterizzato dalla presenza di un team multidisciplinare di specialisti ed esperti nella presa in carico delle patologie neuromuscolari.<\/p>\n<p style=\"text-align: justify;\">Il Centro NeMO Napoli si caratterizza per un nucleo centrale di tipo fisico-riabilitativo, a cui afferiscono principalmente le specialit\u00e0 neurologiche, pneumologiche e cardiologiche.&nbsp;<\/p>\n<p style=\"text-align: justify;\">\u201cLa giornata di oggi \u00e8 un passo importante\u201d dichiara <strong>Maurizio di Mauro<\/strong>, direttore generale dell\u2019Azienda Ospedaliera dei Colli. \u201cIn pochi mesi il quinto Centro Clinico NeMO sar\u00e0 operativo e potremo garantire assistenza multidisciplinare e qualificata a tanti pazienti affetti da malattie neuromuscolari anche grazie alla sinergia con centri di ricerca presenti in Italia e all\u2019estero. Il nostro obiettivo \u00e8 quello di promuovere il modello clinico-assistenziale NeMO e di diventare un punto di riferimento per tutto il territorio campano\u201d.<\/p>\n<p style=\"text-align: justify;\"><img decoding=\"async\" src=\"https:\/\/www.centrocliniconemo.it\/wp-content\/uploads\/2023\/07\/NeMONapoli-29.10.2019-Twitter2.png\"><\/p>\n<p style=\"text-align: justify;\">Sottolinea <strong>Alberto Fontana<\/strong>, presidente del Centro Clinico NeMO: \u201c\u00c8 una grande emozione vedere avviati i lavori di ristrutturazione che porteranno alla realizzazione della quinta sede del Centro Clinico NeMO. Una nuova tappa, quella di oggi, che racconta il percorso d\u2019alleanza tra la comunit\u00e0 dei pazienti e il territorio, con le sue istituzioni. Una festa bellissima, che ci fa dire come il Centro NeMO, anche a Napoli, sar\u00e0 una casa che accoglier\u00e0 il bisogno di cura di ogni persona con malattia neuromuscolare\u201d.&nbsp;&nbsp;&nbsp;&nbsp;<\/p>\n<p style=\"text-align: justify;\"><img decoding=\"async\" src=\"https:\/\/www.centrocliniconemo.it\/wp-content\/uploads\/2023\/07\/blob-1.png\" alt=\"blob-1\" style=\"width: 1024px;\" width=\"1024\"><\/p>\n<p style=\"text-align: justify;\">I lavori si concluderanno nella primavera del 2020 e l\u2019attivazione del Centro \u00e8 prevista dopo l\u2019estate.<\/p>\n<p style=\"text-align: justify;\">Gli spazi messi a disposizione dall\u2019Azienda Ospedaliera Specialistica dei Colli all\u2019interno dell\u2019Ospedale Vincenzo Monaldi saranno ristrutturati interamente da Fondazione Serena Onlus, ente gestore del Centro Clinico NeMO, grazie al supporto delle associazioni di pazienti, di enti e aziende del settore che vorranno far parte di questo grande progetto.<\/p>\n<p style=\"text-align: justify;\"><strong><img decoding=\"async\" src=\"https:\/\/www.centrocliniconemo.it\/wp-content\/uploads\/2023\/07\/WhatsApp-Image-2019-10-29-at-10.37.291.jpeg\" alt=\"WhatsApp Image 2019-10-29 at 10.37.29(1)\" style=\"width: 300px; float: right; margin: 10px 0px 10px 20px;\" width=\"300\">Il Centro Clinico NeMO&nbsp;<\/strong>(NeuroMuscular Omnicentre) \u00e8 un centro clinico ad alta specializzazione, pensato per rispondere in&nbsp;modo specifico alle necessit\u00e0 di chi \u00e8 affetto da malattie neuromuscolari come la Sclerosi Laterale Amiotrofica (SLA), le distrofie&nbsp;muscolari e l\u2019Atrofia Muscolare Spinale (SMA), patologie che interessano attualmente circa 40.000 persone in tutto il Paese.&nbsp;Il Centro rappresenta un modello unico di sanit\u00e0 in Italia, che pone al centro la persona con malattia neuromuscolare e la sua&nbsp;famiglia, sviluppando una presa in carico d&#8217;eccellenza e una ricerca clinica avanzata.&nbsp;Il Centro Clinico NeMO ha seguito nel 2018 oltre 3.800 persone, erogato oltre 7.790 prestazioni e dispone di 68 posti letto&nbsp;dedicati al ricovero e 10 posti letto per i servizi di Day Hospital. Oggi conta quattro sedi sul territorio nazionale: Milano, Arenzano&nbsp;(Genova), Messina e Roma.<\/p>\n","protected":false},"excerpt":{"rendered":"<p>La Regione Campania, l\u2019Azienda Ospedaliera Specialistica dei Colli di Napoli e il Centro Clinico NeMO danno il via ai lavori di ristrutturazione dell\u2019area dell\u2019Ospedale Vincenzo Monaldi dedicata alla realizzazione del quinto Centro Clinico NeMO d\u2019Italia<\/p>\n","protected":false},"author":2,"featured_media":11910,"comment_status":"closed","ping_status":"closed","sticky":false,"template":"","format":"standard","meta":{"pgc_sgb_lightbox_settings":"","footnotes":""},"categories":[17,1],"tags":[],"class_list":["post-13409","post","type-post","status-publish","format-standard","has-post-thumbnail","hentry","category-iniziative-ed-eventi","category-storie-di-nemo"],"yoast_head":"<!-- This site is optimized with the Yoast SEO plugin v27.4 - https:\/\/yoast.com\/product\/yoast-seo-wordpress\/ -->\n<title>Avvio Dei Lavori Del Nemo Napoli - Centro Clinico NeMO<\/title>\n<meta name=\"robots\" content=\"index, follow, max-snippet:-1, max-image-preview:large, max-video-preview:-1\" \/>\n<link rel=\"canonical\" href=\"https:\/\/www.centrocliniconemo.it\/en\/blog\/progetto-nemo-napoli\/\" \/>\n<meta property=\"og:locale\" content=\"en_US\" \/>\n<meta property=\"og:type\" content=\"article\" \/>\n<meta property=\"og:title\" content=\"Avvio Dei Lavori Del Nemo Napoli - Centro Clinico NeMO\" \/>\n<meta property=\"og:description\" content=\"La Regione Campania, l\u2019Azienda Ospedaliera Specialistica dei Colli di Napoli e il Centro Clinico NeMO danno il via ai lavori di ristrutturazione dell\u2019area dell\u2019Ospedale Vincenzo Monaldi dedicata alla realizzazione del quinto Centro Clinico NeMO d\u2019Italia\" \/>\n<meta property=\"og:url\" content=\"https:\/\/www.centrocliniconemo.it\/en\/blog\/progetto-nemo-napoli\/\" \/>\n<meta property=\"og:site_name\" content=\"Centro Clinico NeMO\" \/>\n<meta property=\"article:publisher\" content=\"https:\/\/www.facebook.com\/CentroNEMOItalia\" \/>\n<meta property=\"article:published_time\" content=\"2019-10-29T10:12:12+00:00\" \/>\n<meta property=\"article:modified_time\" content=\"2023-07-19T11:34:51+00:00\" \/>\n<meta property=\"og:image\" content=\"https:\/\/www.centrocliniconemo.it\/wp-content\/uploads\/2023\/07\/WhatsApp-Image-2019-10-29-at-10.27.28.jpeg\" \/>\n\t<meta property=\"og:image:width\" content=\"1600\" \/>\n\t<meta property=\"og:image:height\" content=\"1200\" \/>\n\t<meta property=\"og:image:type\" content=\"image\/jpeg\" \/>\n<meta name=\"author\" content=\"Luca Biondi\" \/>\n<meta name=\"twitter:card\" content=\"summary_large_image\" \/>\n<meta name=\"twitter:creator\" content=\"@CentroNemo\" \/>\n<meta name=\"twitter:site\" content=\"@CentroNemo\" \/>\n<meta name=\"twitter:label1\" content=\"Written by\" \/>\n\t<meta name=\"twitter:data1\" content=\"Luca Biondi\" \/>\n\t<meta name=\"twitter:label2\" content=\"Est. reading time\" \/>\n\t<meta name=\"twitter:data2\" content=\"4 minutes\" \/>\n<script type=\"application\/ld+json\" class=\"yoast-schema-graph\">{\"@context\":\"https:\\\/\\\/schema.org\",\"@graph\":[{\"@type\":\"Article\",\"@id\":\"https:\\\/\\\/www.centrocliniconemo.it\\\/en\\\/blog\\\/progetto-nemo-napoli\\\/#article\",\"isPartOf\":{\"@id\":\"https:\\\/\\\/www.centrocliniconemo.it\\\/en\\\/blog\\\/progetto-nemo-napoli\\\/\"},\"author\":{\"name\":\"Luca Biondi\",\"@id\":\"https:\\\/\\\/www.centrocliniconemo.it\\\/en\\\/#\\\/schema\\\/person\\\/9331a87c0a8ee435c61f5dd498531434\"},\"headline\":\"Avvio Dei Lavori Del Nemo Napoli\",\"datePublished\":\"2019-10-29T10:12:12+00:00\",\"dateModified\":\"2023-07-19T11:34:51+00:00\",\"mainEntityOfPage\":{\"@id\":\"https:\\\/\\\/www.centrocliniconemo.it\\\/en\\\/blog\\\/progetto-nemo-napoli\\\/\"},\"wordCount\":772,\"publisher\":{\"@id\":\"https:\\\/\\\/www.centrocliniconemo.it\\\/en\\\/#organization\"},\"image\":{\"@id\":\"https:\\\/\\\/www.centrocliniconemo.it\\\/en\\\/blog\\\/progetto-nemo-napoli\\\/#primaryimage\"},\"thumbnailUrl\":\"https:\\\/\\\/www.centrocliniconemo.it\\\/wp-content\\\/uploads\\\/2023\\\/07\\\/WhatsApp-Image-2019-10-29-at-10.27.28.jpeg\",\"articleSection\":[\"Iniziative ed eventi\",\"Storie di NeMO\"],\"inLanguage\":\"en-US\"},{\"@type\":\"WebPage\",\"@id\":\"https:\\\/\\\/www.centrocliniconemo.it\\\/en\\\/blog\\\/progetto-nemo-napoli\\\/\",\"url\":\"https:\\\/\\\/www.centrocliniconemo.it\\\/en\\\/blog\\\/progetto-nemo-napoli\\\/\",\"name\":\"Avvio Dei Lavori Del Nemo Napoli - Centro Clinico NeMO\",\"isPartOf\":{\"@id\":\"https:\\\/\\\/www.centrocliniconemo.it\\\/en\\\/#website\"},\"primaryImageOfPage\":{\"@id\":\"https:\\\/\\\/www.centrocliniconemo.it\\\/en\\\/blog\\\/progetto-nemo-napoli\\\/#primaryimage\"},\"image\":{\"@id\":\"https:\\\/\\\/www.centrocliniconemo.it\\\/en\\\/blog\\\/progetto-nemo-napoli\\\/#primaryimage\"},\"thumbnailUrl\":\"https:\\\/\\\/www.centrocliniconemo.it\\\/wp-content\\\/uploads\\\/2023\\\/07\\\/WhatsApp-Image-2019-10-29-at-10.27.28.jpeg\",\"datePublished\":\"2019-10-29T10:12:12+00:00\",\"dateModified\":\"2023-07-19T11:34:51+00:00\",\"breadcrumb\":{\"@id\":\"https:\\\/\\\/www.centrocliniconemo.it\\\/en\\\/blog\\\/progetto-nemo-napoli\\\/#breadcrumb\"},\"inLanguage\":\"en-US\",\"potentialAction\":[{\"@type\":\"ReadAction\",\"target\":[\"https:\\\/\\\/www.centrocliniconemo.it\\\/en\\\/blog\\\/progetto-nemo-napoli\\\/\"]}]},{\"@type\":\"ImageObject\",\"inLanguage\":\"en-US\",\"@id\":\"https:\\\/\\\/www.centrocliniconemo.it\\\/en\\\/blog\\\/progetto-nemo-napoli\\\/#primaryimage\",\"url\":\"https:\\\/\\\/www.centrocliniconemo.it\\\/wp-content\\\/uploads\\\/2023\\\/07\\\/WhatsApp-Image-2019-10-29-at-10.27.28.jpeg\",\"contentUrl\":\"https:\\\/\\\/www.centrocliniconemo.it\\\/wp-content\\\/uploads\\\/2023\\\/07\\\/WhatsApp-Image-2019-10-29-at-10.27.28.jpeg\",\"width\":1600,\"height\":1200},{\"@type\":\"BreadcrumbList\",\"@id\":\"https:\\\/\\\/www.centrocliniconemo.it\\\/en\\\/blog\\\/progetto-nemo-napoli\\\/#breadcrumb\",\"itemListElement\":[{\"@type\":\"ListItem\",\"position\":1,\"name\":\"Home\",\"item\":\"https:\\\/\\\/www.centrocliniconemo.it\\\/en\\\/\"},{\"@type\":\"ListItem\",\"position\":2,\"name\":\"Avvio Dei Lavori Del Nemo Napoli\"}]},{\"@type\":\"WebSite\",\"@id\":\"https:\\\/\\\/www.centrocliniconemo.it\\\/en\\\/#website\",\"url\":\"https:\\\/\\\/www.centrocliniconemo.it\\\/en\\\/\",\"name\":\"Centro Clinico NeMO\",\"description\":\"Il paziente al centro\",\"publisher\":{\"@id\":\"https:\\\/\\\/www.centrocliniconemo.it\\\/en\\\/#organization\"},\"potentialAction\":[{\"@type\":\"SearchAction\",\"target\":{\"@type\":\"EntryPoint\",\"urlTemplate\":\"https:\\\/\\\/www.centrocliniconemo.it\\\/en\\\/?s={search_term_string}\"},\"query-input\":{\"@type\":\"PropertyValueSpecification\",\"valueRequired\":true,\"valueName\":\"search_term_string\"}}],\"inLanguage\":\"en-US\"},{\"@type\":\"Organization\",\"@id\":\"https:\\\/\\\/www.centrocliniconemo.it\\\/en\\\/#organization\",\"name\":\"Centro Clinico NeMO - Fondazione Serena Onlus\",\"url\":\"https:\\\/\\\/www.centrocliniconemo.it\\\/en\\\/\",\"logo\":{\"@type\":\"ImageObject\",\"inLanguage\":\"en-US\",\"@id\":\"https:\\\/\\\/www.centrocliniconemo.it\\\/en\\\/#\\\/schema\\\/logo\\\/image\\\/\",\"url\":\"https:\\\/\\\/www.centrocliniconemo.it\\\/wp-content\\\/uploads\\\/2023\\\/03\\\/logo-nemo.svg\",\"contentUrl\":\"https:\\\/\\\/www.centrocliniconemo.it\\\/wp-content\\\/uploads\\\/2023\\\/03\\\/logo-nemo.svg\",\"width\":272,\"height\":109.142,\"caption\":\"Centro Clinico NeMO - Fondazione Serena Onlus\"},\"image\":{\"@id\":\"https:\\\/\\\/www.centrocliniconemo.it\\\/en\\\/#\\\/schema\\\/logo\\\/image\\\/\"},\"sameAs\":[\"https:\\\/\\\/www.facebook.com\\\/CentroNEMOItalia\",\"https:\\\/\\\/x.com\\\/CentroNemo\",\"https:\\\/\\\/www.linkedin.com\\\/company\\\/centrocliniconemo\\\/\",\"https:\\\/\\\/www.instagram.com\\\/centrocliniconemo\\\/\"]},{\"@type\":\"Person\",\"@id\":\"https:\\\/\\\/www.centrocliniconemo.it\\\/en\\\/#\\\/schema\\\/person\\\/9331a87c0a8ee435c61f5dd498531434\",\"name\":\"Luca Biondi\",\"image\":{\"@type\":\"ImageObject\",\"inLanguage\":\"en-US\",\"@id\":\"https:\\\/\\\/secure.gravatar.com\\\/avatar\\\/0488b88829885ebcc9896de947265b69d2979e6dc4666b1e2c3d4fbf8dc73d77?s=96&d=mm&r=g\",\"url\":\"https:\\\/\\\/secure.gravatar.com\\\/avatar\\\/0488b88829885ebcc9896de947265b69d2979e6dc4666b1e2c3d4fbf8dc73d77?s=96&d=mm&r=g\",\"contentUrl\":\"https:\\\/\\\/secure.gravatar.com\\\/avatar\\\/0488b88829885ebcc9896de947265b69d2979e6dc4666b1e2c3d4fbf8dc73d77?s=96&d=mm&r=g\",\"caption\":\"Luca Biondi\"}}]}<\/script>\n<!-- \/ Yoast SEO plugin. -->","yoast_head_json":{"title":"Avvio Dei Lavori Del Nemo Napoli - Centro Clinico NeMO","robots":{"index":"index","follow":"follow","max-snippet":"max-snippet:-1","max-image-preview":"max-image-preview:large","max-video-preview":"max-video-preview:-1"},"canonical":"https:\/\/www.centrocliniconemo.it\/en\/blog\/progetto-nemo-napoli\/","og_locale":"en_US","og_type":"article","og_title":"Avvio Dei Lavori Del Nemo Napoli - Centro Clinico NeMO","og_description":"La Regione Campania, l\u2019Azienda Ospedaliera Specialistica dei Colli di Napoli e il Centro Clinico NeMO danno il via ai lavori di ristrutturazione dell\u2019area dell\u2019Ospedale Vincenzo Monaldi dedicata alla realizzazione del quinto Centro Clinico NeMO d\u2019Italia","og_url":"https:\/\/www.centrocliniconemo.it\/en\/blog\/progetto-nemo-napoli\/","og_site_name":"Centro Clinico NeMO","article_publisher":"https:\/\/www.facebook.com\/CentroNEMOItalia","article_published_time":"2019-10-29T10:12:12+00:00","article_modified_time":"2023-07-19T11:34:51+00:00","og_image":[{"width":1600,"height":1200,"url":"https:\/\/www.centrocliniconemo.it\/wp-content\/uploads\/2023\/07\/WhatsApp-Image-2019-10-29-at-10.27.28.jpeg","type":"image\/jpeg"}],"author":"Luca Biondi","twitter_card":"summary_large_image","twitter_creator":"@CentroNemo","twitter_site":"@CentroNemo","twitter_misc":{"Written by":"Luca Biondi","Est. reading time":"4 minutes"},"schema":{"@context":"https:\/\/schema.org","@graph":[{"@type":"Article","@id":"https:\/\/www.centrocliniconemo.it\/en\/blog\/progetto-nemo-napoli\/#article","isPartOf":{"@id":"https:\/\/www.centrocliniconemo.it\/en\/blog\/progetto-nemo-napoli\/"},"author":{"name":"Luca Biondi","@id":"https:\/\/www.centrocliniconemo.it\/en\/#\/schema\/person\/9331a87c0a8ee435c61f5dd498531434"},"headline":"Avvio Dei Lavori Del Nemo Napoli","datePublished":"2019-10-29T10:12:12+00:00","dateModified":"2023-07-19T11:34:51+00:00","mainEntityOfPage":{"@id":"https:\/\/www.centrocliniconemo.it\/en\/blog\/progetto-nemo-napoli\/"},"wordCount":772,"publisher":{"@id":"https:\/\/www.centrocliniconemo.it\/en\/#organization"},"image":{"@id":"https:\/\/www.centrocliniconemo.it\/en\/blog\/progetto-nemo-napoli\/#primaryimage"},"thumbnailUrl":"https:\/\/www.centrocliniconemo.it\/wp-content\/uploads\/2023\/07\/WhatsApp-Image-2019-10-29-at-10.27.28.jpeg","articleSection":["Iniziative ed eventi","Storie di NeMO"],"inLanguage":"en-US"},{"@type":"WebPage","@id":"https:\/\/www.centrocliniconemo.it\/en\/blog\/progetto-nemo-napoli\/","url":"https:\/\/www.centrocliniconemo.it\/en\/blog\/progetto-nemo-napoli\/","name":"Avvio Dei Lavori Del Nemo Napoli - Centro Clinico NeMO","isPartOf":{"@id":"https:\/\/www.centrocliniconemo.it\/en\/#website"},"primaryImageOfPage":{"@id":"https:\/\/www.centrocliniconemo.it\/en\/blog\/progetto-nemo-napoli\/#primaryimage"},"image":{"@id":"https:\/\/www.centrocliniconemo.it\/en\/blog\/progetto-nemo-napoli\/#primaryimage"},"thumbnailUrl":"https:\/\/www.centrocliniconemo.it\/wp-content\/uploads\/2023\/07\/WhatsApp-Image-2019-10-29-at-10.27.28.jpeg","datePublished":"2019-10-29T10:12:12+00:00","dateModified":"2023-07-19T11:34:51+00:00","breadcrumb":{"@id":"https:\/\/www.centrocliniconemo.it\/en\/blog\/progetto-nemo-napoli\/#breadcrumb"},"inLanguage":"en-US","potentialAction":[{"@type":"ReadAction","target":["https:\/\/www.centrocliniconemo.it\/en\/blog\/progetto-nemo-napoli\/"]}]},{"@type":"ImageObject","inLanguage":"en-US","@id":"https:\/\/www.centrocliniconemo.it\/en\/blog\/progetto-nemo-napoli\/#primaryimage","url":"https:\/\/www.centrocliniconemo.it\/wp-content\/uploads\/2023\/07\/WhatsApp-Image-2019-10-29-at-10.27.28.jpeg","contentUrl":"https:\/\/www.centrocliniconemo.it\/wp-content\/uploads\/2023\/07\/WhatsApp-Image-2019-10-29-at-10.27.28.jpeg","width":1600,"height":1200},{"@type":"BreadcrumbList","@id":"https:\/\/www.centrocliniconemo.it\/en\/blog\/progetto-nemo-napoli\/#breadcrumb","itemListElement":[{"@type":"ListItem","position":1,"name":"Home","item":"https:\/\/www.centrocliniconemo.it\/en\/"},{"@type":"ListItem","position":2,"name":"Avvio Dei Lavori Del Nemo Napoli"}]},{"@type":"WebSite","@id":"https:\/\/www.centrocliniconemo.it\/en\/#website","url":"https:\/\/www.centrocliniconemo.it\/en\/","name":"Centro Clinico NeMO","description":"Il paziente al centro","publisher":{"@id":"https:\/\/www.centrocliniconemo.it\/en\/#organization"},"potentialAction":[{"@type":"SearchAction","target":{"@type":"EntryPoint","urlTemplate":"https:\/\/www.centrocliniconemo.it\/en\/?s={search_term_string}"},"query-input":{"@type":"PropertyValueSpecification","valueRequired":true,"valueName":"search_term_string"}}],"inLanguage":"en-US"},{"@type":"Organization","@id":"https:\/\/www.centrocliniconemo.it\/en\/#organization","name":"Centro Clinico NeMO - Fondazione Serena Onlus","url":"https:\/\/www.centrocliniconemo.it\/en\/","logo":{"@type":"ImageObject","inLanguage":"en-US","@id":"https:\/\/www.centrocliniconemo.it\/en\/#\/schema\/logo\/image\/","url":"https:\/\/www.centrocliniconemo.it\/wp-content\/uploads\/2023\/03\/logo-nemo.svg","contentUrl":"https:\/\/www.centrocliniconemo.it\/wp-content\/uploads\/2023\/03\/logo-nemo.svg","width":272,"height":109.142,"caption":"Centro Clinico NeMO - Fondazione Serena Onlus"},"image":{"@id":"https:\/\/www.centrocliniconemo.it\/en\/#\/schema\/logo\/image\/"},"sameAs":["https:\/\/www.facebook.com\/CentroNEMOItalia","https:\/\/x.com\/CentroNemo","https:\/\/www.linkedin.com\/company\/centrocliniconemo\/","https:\/\/www.instagram.com\/centrocliniconemo\/"]},{"@type":"Person","@id":"https:\/\/www.centrocliniconemo.it\/en\/#\/schema\/person\/9331a87c0a8ee435c61f5dd498531434","name":"Luca Biondi","image":{"@type":"ImageObject","inLanguage":"en-US","@id":"https:\/\/secure.gravatar.com\/avatar\/0488b88829885ebcc9896de947265b69d2979e6dc4666b1e2c3d4fbf8dc73d77?s=96&d=mm&r=g","url":"https:\/\/secure.gravatar.com\/avatar\/0488b88829885ebcc9896de947265b69d2979e6dc4666b1e2c3d4fbf8dc73d77?s=96&d=mm&r=g","contentUrl":"https:\/\/secure.gravatar.com\/avatar\/0488b88829885ebcc9896de947265b69d2979e6dc4666b1e2c3d4fbf8dc73d77?s=96&d=mm&r=g","caption":"Luca Biondi"}}]}},"_links":{"self":[{"href":"https:\/\/www.centrocliniconemo.it\/en\/wp-json\/wp\/v2\/posts\/13409","targetHints":{"allow":["GET"]}}],"collection":[{"href":"https:\/\/www.centrocliniconemo.it\/en\/wp-json\/wp\/v2\/posts"}],"about":[{"href":"https:\/\/www.centrocliniconemo.it\/en\/wp-json\/wp\/v2\/types\/post"}],"author":[{"embeddable":true,"href":"https:\/\/www.centrocliniconemo.it\/en\/wp-json\/wp\/v2\/users\/2"}],"replies":[{"embeddable":true,"href":"https:\/\/www.centrocliniconemo.it\/en\/wp-json\/wp\/v2\/comments?post=13409"}],"version-history":[{"count":0,"href":"https:\/\/www.centrocliniconemo.it\/en\/wp-json\/wp\/v2\/posts\/13409\/revisions"}],"wp:featuredmedia":[{"embeddable":true,"href":"https:\/\/www.centrocliniconemo.it\/en\/wp-json\/wp\/v2\/media\/11910"}],"wp:attachment":[{"href":"https:\/\/www.centrocliniconemo.it\/en\/wp-json\/wp\/v2\/media?parent=13409"}],"wp:term":[{"taxonomy":"category","embeddable":true,"href":"https:\/\/www.centrocliniconemo.it\/en\/wp-json\/wp\/v2\/categories?post=13409"},{"taxonomy":"post_tag","embeddable":true,"href":"https:\/\/www.centrocliniconemo.it\/en\/wp-json\/wp\/v2\/tags?post=13409"}],"curies":[{"name":"wp","href":"https:\/\/api.w.org\/{rel}","templated":true}]}}