{"id":13343,"date":"2020-10-06T08:00:40","date_gmt":"2020-10-06T08:00:40","guid":{"rendered":"https:\/\/www.centrocliniconemo.it\/blog\/nemo-brescia-ricoveri-ambulatori"},"modified":"2023-07-19T12:16:42","modified_gmt":"2023-07-19T12:16:42","slug":"nemo-brescia-ricoveri-ambulatori","status":"publish","type":"post","link":"https:\/\/www.centrocliniconemo.it\/en\/blog\/nemo-brescia-ricoveri-ambulatori\/","title":{"rendered":"Al Nemo Brescia I Primi Ricoveri. E Al Via Anche Gli Ambulatori"},"content":{"rendered":"<h6 style=\"text-align: justify;\"><span style=\"font-weight: bold;\"><em>Una settimana fa, una comunit\u00e0 in festa si \u00e8 stretta intorno al Centro Clinico NeMO Brescia per salutare l\u2019avvio del progetto: un giardino in musica, colori e sorrisi ha celebrato la bellezza di una speranza che \u00e8 diventata concreta.&nbsp; Da questa settimana al Centro Clinico NeMO Brescia iniziano le attivit\u00e0 di presa in carico: con i primi 5 pazienti in degenza ordinaria e le attivit\u00e0 ambulatoriali, anche NeMO Brescia diventa una casa abitata da bambini e adulti con malattie neuromuscolari e dalle loro famiglie.<\/em><\/span><\/h6>\n<p style=\"text-align: justify;\">Situato presso la Fondazione &#8220;Ospedale e Casa di Riposo Nobile Paolo Richiedei&#8221; di Gussago a Brescia, la sesta sede dei Centri Clinici NeMO dispone di <strong>oltre 1.500 metri quadri<\/strong> di superficie e <strong>16<\/strong> <strong>posti letto, <\/strong>per accogliere circa 800 bambini e adulti del territorio bresciano e delle province limitrofe (Bergamo, Cremona, Mantova, Verona).<\/p>\n<p><!--more--><\/p>\n<p style=\"text-align: justify;\"><img decoding=\"async\" src=\"https:\/\/www.centrocliniconemo.it\/wp-content\/uploads\/2023\/07\/NeMO-Brescia-26-at-11.07.22.jpg\" alt=\"NeMO Brescia-26 at 11.07.22\" style=\"width: 1024px;\" width=\"1024\"><\/p>\n<h3 style=\"text-align: justify;\"><strong>La struttura del Centro<\/strong><\/h3>\n<p style=\"text-align: justify;\">Il NeMO Brescia \u00e8 dotato di:<\/p>\n<ul style=\"text-align: justify;\">\n<li>4 letti pediatrici<\/li>\n<li>8 letti per adulti<\/li>\n<li>4 letti per alta complessit\u00e0 assistenziale<\/li>\n<li>2 letti per degenze Day Hospital riabilitativo <span>&nbsp;<\/span><\/li>\n<li>2 posti dedicati alla Macroattivit\u00e0 Ambulatoriale Complessa<\/li>\n<li>Ambulatori specialistici e servizi diagnostici<span>&nbsp;<\/span><\/li>\n<li>3 Palestre per la riabilitazione<span>&nbsp;<\/span><\/li>\n<\/ul>\n<p><span><img decoding=\"async\" src=\"https:\/\/www.centrocliniconemo.it\/wp-content\/uploads\/2023\/07\/NemO-Brescia-12.jpg\" alt=\"NemO Brescia 12\" style=\"width: 640px;\" width=\"640\"><\/span><\/p>\n<h3 style=\"text-align: justify;\"><strong>I servizi offerti dal Centro<span>&nbsp;<\/span><\/strong><\/h3>\n<ul style=\"text-align: justify;\">\n<li>Attivit\u00e0 clinica di diagnosi (incluse biopsie muscolari, di cute e di grasso periombelicale), cura e presa in carico in regime di ricovero ordinario, Macroattivit\u00e0 Ambulatoriale Complessa, Day Hospital e ambulatori specialistici<\/li>\n<li>Supporto psicologico<\/li>\n<li>Sportello informativo<span>&nbsp;<\/span><\/li>\n<li>Attivit\u00e0 di ricerca clinica<span>&nbsp;<\/span><\/li>\n<li>Attivit\u00e0 di formazione e didattica<\/li>\n<\/ul>\n<p style=\"text-align: justify;\">Tutti i servizi sono convenzionati con il sistema sanitario nazionale, senza alcun onere a carico dei pazienti.<\/p>\n<h3 style=\"text-align: justify;\"><strong>Le aree del Centro<span>&nbsp;<\/span><\/strong><\/h3>\n<p style=\"text-align: justify;\"><strong>Degenza ordinaria<\/strong><\/p>\n<p style=\"text-align: justify;\">Area con camere ampie e singole, dotate di tutti i servizi, predisposte per l\u2019assistenza continua del familiare o del caregiver.<span>&nbsp; <\/span>Poich\u00e9 le esigenze dell\u2019et\u00e0 evolutiva richiedono una diversa collocazione fisica all\u2019interno della struttura, una diversa gestione e figure professionali specifiche, l\u2019area pediatrica offre camere dedicate e a misura di bambino.<span>&nbsp;<\/span><\/p>\n<p style=\"text-align: justify;\">L\u2019area per l\u2019alta complessit\u00e0 assistenziale \u00e8 un\u2019area di degenza dove l\u2018\u00e9quipe medico-sanitaria specializzata segue il paziente in fasi specifiche e complesse del percorso di malattia. <span>&nbsp;<\/span><\/p>\n<p style=\"text-align: justify;\"><strong>Area diurna<\/strong><\/p>\n<p style=\"text-align: justify;\">Presso l\u2019area Macroattivit\u00e0 Ambulatoriale Complessa vengono svolte specifiche manovre diagnostiche e terapeutiche oltre che interventi riabilitativi di bassa, media ed alta complessit\u00e0.<\/p>\n<p style=\"text-align: justify;\">Presso l\u2019area Day Hospital, una volta definita la diagnosi e valutato il percorso clinico-terapeutico,<span>&nbsp; <\/span>si svolge attivit\u00e0 riabilitativa neuromotoria che include procedure atte a quantificare il livello e il grado di disabilit\u00e0 motoria e a valutare la necessit\u00e0 di ausili utili a migliorare le performances, la qualit\u00e0 della vita e il grado di autonomia del paziente.<\/p>\n<p style=\"text-align: justify;\"><strong>Palestre<\/strong><\/p>\n<p style=\"text-align: justify;\">Dotate di moderni ausili, le palestre sono presenti sia in area degenza che in area diurna.<\/p>\n<p style=\"text-align: justify;\"><img decoding=\"async\" src=\"https:\/\/www.centrocliniconemo.it\/wp-content\/uploads\/2023\/07\/NeMO-Brescia-26-at-10.47.54.jpg\" alt=\"NeMO Brescia-26 at 10.47.54\" style=\"width: 1024px;\" width=\"1024\"><\/p>\n<p style=\"text-align: justify;\"><strong>Area terapia occupazionale&nbsp;<\/strong><\/p>\n<p style=\"text-align: justify;\">Si tratta di un approccio che studia e sviluppa soluzioni compensative alle limitazioni fisiche con particolare riguardo alle attivit\u00e0 della vita quotidiana (scolastiche, lavorative, del tempo libero e sociali) allo scopo di migliorare la qualit\u00e0 di vita dell\u2019individuo sviluppandone la capacit\u00e0 di agire e l&#8217;autodeterminazione.<\/p>\n<p style=\"text-align: justify;\"><strong>Il personale<\/strong><\/p>\n<p style=\"text-align: justify;\">Il Centro Clinico NeMO \u00e8 dotato di un team polispecialistico con competenze in ambito diagnostico e di presa in carico dei pazienti e include specialisti in neurologia, neurologia pediatrica, pneumologia, fisiatria e anestesia. Lo staff comprende anche altre figure professionali quali psicologi, fisioterapisti motori e respiratori, terapisti occupazionali e della neuro- e psicomotricit\u00e0 dell&#8217;et\u00e0 evolutiva, infermieri tra cui una nurse coach (il cui compito \u00e8 di formare il caregiver nell\u2019attivit\u00e0 quotidiana di presa in carico e seguire il paziente dal ricovero fino al suo rientro a casa, anche attraverso l\u2019attivazione dei servizi di assistenza territoriale) e operatori socio-sanitari.<span>&nbsp;<\/span><\/p>\n<p style=\"text-align: justify;\">&nbsp;<\/p>\n<p style=\"text-align: justify; line-height: 1;\"><strong>PER TUTTE LE INFORMAZINI SUI SERVIZI DI CURA:<\/strong><\/p>\n<p style=\"text-align: justify; line-height: 1;\">Centro Clinico NeMO Brescia c\/o Fondazione Richiedei<span>&nbsp;<\/span><\/p>\n<p style=\"text-align: justify; line-height: 1;\">Via Richiedei 16, 25064 Gussago | Brescia<\/p>\n<p style=\"text-align: justify; line-height: 1;\"><span><a href=\"mailto:infonemobrescia@centrocliniconemobrescia.it\">infonemobrescia@centrocliniconemobrescia.it<\/a><\/span><\/p>\n<p style=\"text-align: justify; line-height: 1;\">Tel: 030\/6729100<\/p>\n<p style=\"text-align: justify; line-height: 1;\">&nbsp;<\/p>\n<p style=\"line-height: 1;\"><img decoding=\"async\" src=\"https:\/\/www.centrocliniconemo.it\/wp-content\/uploads\/2023\/07\/NeMO-Brescia-26-at-10.50.39.jpg\" alt=\"NeMO Brescia-26 at 10.50.39\" style=\"width: 300px; float: left; margin: 0px 20px 10px 0px;\" width=\"300\"><em>Il <strong>Centro Clinico NeMO Brescia<\/strong> nasce in seguito all&#8217;incarico ricevuto nel Dicembre 2019 da Fondazione Serena (ente gestore dei Centri Clinici NeMO) da parte dell&#8217;Agenzia di Tutela della Salute (ATS) di Brescia.&nbsp;<\/em><\/p>\n<p style=\"text-align: justify;\"><em>Il Centro, a direzione universitaria, \u00e8 convenzionato con l\u2019Universit\u00e0 degli Studi di Brescia e ha tra i suoi obiettivi quello di valorizzare il \u201cknow how\u201d nell\u2019ambito delle malattie neuromuscolari al fine di porlo al servizio della comunit\u00e0 medico-scientifica in termini di formazione, attivit\u00e0 didattica e ricerca clinica.<\/em><\/p>\n<p style=\"text-align: justify;\"><em>La convenzione con l&#8217;Azienda Socio Sanitaria Territoriale (ASST) \u201cSpedali Civili\u201d di Brescia e la stretta interrelazione tra i due enti rappresentano elementi&nbsp; importanti che assicurano standard elevati nell\u2019attivit\u00e0 clinica dalla diagnosi, alla terapia, alla presa in carico del paziente.<\/em><\/p>\n","protected":false},"excerpt":{"rendered":"<p>Al Centro Clinico NeMO Brescia iniziano le attivit\u00e0 di presa in carico: con i primi 5 pazienti in degenza ordinaria e le attivit\u00e0 ambulatoriali, anche NeMO Brescia diventa una casa abitata da bambini e adulti con malattie neuromuscolari e dalle loro famiglie.<\/p>\n","protected":false},"author":2,"featured_media":11655,"comment_status":"closed","ping_status":"closed","sticky":false,"template":"","format":"standard","meta":{"pgc_sgb_lightbox_settings":"","footnotes":""},"categories":[28,1],"tags":[],"class_list":["post-13343","post","type-post","status-publish","format-standard","has-post-thumbnail","hentry","category-cura-ricerca-e-formazione","category-storie-di-nemo"],"yoast_head":"<!-- This site is optimized with the Yoast SEO plugin v27.4 - https:\/\/yoast.com\/product\/yoast-seo-wordpress\/ -->\n<title>Al Nemo Brescia I Primi Ricoveri. E Al Via Anche Gli Ambulatori - Centro Clinico NeMO<\/title>\n<meta name=\"robots\" content=\"index, follow, max-snippet:-1, max-image-preview:large, max-video-preview:-1\" \/>\n<link rel=\"canonical\" href=\"https:\/\/www.centrocliniconemo.it\/en\/blog\/nemo-brescia-ricoveri-ambulatori\/\" \/>\n<meta property=\"og:locale\" content=\"en_US\" \/>\n<meta property=\"og:type\" content=\"article\" \/>\n<meta property=\"og:title\" content=\"Al Nemo Brescia I Primi Ricoveri. E Al Via Anche Gli Ambulatori - Centro Clinico NeMO\" \/>\n<meta property=\"og:description\" content=\"Al Centro Clinico NeMO Brescia iniziano le attivit\u00e0 di presa in carico: con i primi 5 pazienti in degenza ordinaria e le attivit\u00e0 ambulatoriali, anche NeMO Brescia diventa una casa abitata da bambini e adulti con malattie neuromuscolari e dalle loro famiglie.\" \/>\n<meta property=\"og:url\" content=\"https:\/\/www.centrocliniconemo.it\/en\/blog\/nemo-brescia-ricoveri-ambulatori\/\" \/>\n<meta property=\"og:site_name\" content=\"Centro Clinico NeMO\" \/>\n<meta property=\"article:publisher\" content=\"https:\/\/www.facebook.com\/CentroNEMOItalia\" \/>\n<meta property=\"article:published_time\" content=\"2020-10-06T08:00:40+00:00\" \/>\n<meta property=\"article:modified_time\" content=\"2023-07-19T12:16:42+00:00\" \/>\n<meta property=\"og:image\" content=\"https:\/\/www.centrocliniconemo.it\/wp-content\/uploads\/2023\/07\/NemO-Brescia-12.jpg\" \/>\n\t<meta property=\"og:image:width\" content=\"640\" \/>\n\t<meta property=\"og:image:height\" content=\"640\" \/>\n\t<meta property=\"og:image:type\" content=\"image\/jpeg\" \/>\n<meta name=\"author\" content=\"Luca Biondi\" \/>\n<meta name=\"twitter:card\" content=\"summary_large_image\" \/>\n<meta name=\"twitter:creator\" content=\"@CentroNemo\" \/>\n<meta name=\"twitter:site\" content=\"@CentroNemo\" \/>\n<meta name=\"twitter:label1\" content=\"Written by\" \/>\n\t<meta name=\"twitter:data1\" content=\"Luca Biondi\" \/>\n\t<meta name=\"twitter:label2\" content=\"Est. reading time\" \/>\n\t<meta name=\"twitter:data2\" content=\"4 minutes\" \/>\n<script type=\"application\/ld+json\" class=\"yoast-schema-graph\">{\"@context\":\"https:\\\/\\\/schema.org\",\"@graph\":[{\"@type\":\"Article\",\"@id\":\"https:\\\/\\\/www.centrocliniconemo.it\\\/en\\\/blog\\\/nemo-brescia-ricoveri-ambulatori\\\/#article\",\"isPartOf\":{\"@id\":\"https:\\\/\\\/www.centrocliniconemo.it\\\/en\\\/blog\\\/nemo-brescia-ricoveri-ambulatori\\\/\"},\"author\":{\"name\":\"Luca Biondi\",\"@id\":\"https:\\\/\\\/www.centrocliniconemo.it\\\/en\\\/#\\\/schema\\\/person\\\/9331a87c0a8ee435c61f5dd498531434\"},\"headline\":\"Al Nemo Brescia I Primi Ricoveri. E Al Via Anche Gli Ambulatori\",\"datePublished\":\"2020-10-06T08:00:40+00:00\",\"dateModified\":\"2023-07-19T12:16:42+00:00\",\"mainEntityOfPage\":{\"@id\":\"https:\\\/\\\/www.centrocliniconemo.it\\\/en\\\/blog\\\/nemo-brescia-ricoveri-ambulatori\\\/\"},\"wordCount\":753,\"publisher\":{\"@id\":\"https:\\\/\\\/www.centrocliniconemo.it\\\/en\\\/#organization\"},\"image\":{\"@id\":\"https:\\\/\\\/www.centrocliniconemo.it\\\/en\\\/blog\\\/nemo-brescia-ricoveri-ambulatori\\\/#primaryimage\"},\"thumbnailUrl\":\"https:\\\/\\\/www.centrocliniconemo.it\\\/wp-content\\\/uploads\\\/2023\\\/07\\\/NemO-Brescia-12.jpg\",\"articleSection\":[\"Cura, ricerca e formazione\",\"Storie di NeMO\"],\"inLanguage\":\"en-US\"},{\"@type\":\"WebPage\",\"@id\":\"https:\\\/\\\/www.centrocliniconemo.it\\\/en\\\/blog\\\/nemo-brescia-ricoveri-ambulatori\\\/\",\"url\":\"https:\\\/\\\/www.centrocliniconemo.it\\\/en\\\/blog\\\/nemo-brescia-ricoveri-ambulatori\\\/\",\"name\":\"Al Nemo Brescia I Primi Ricoveri. E Al Via Anche Gli Ambulatori - Centro Clinico NeMO\",\"isPartOf\":{\"@id\":\"https:\\\/\\\/www.centrocliniconemo.it\\\/en\\\/#website\"},\"primaryImageOfPage\":{\"@id\":\"https:\\\/\\\/www.centrocliniconemo.it\\\/en\\\/blog\\\/nemo-brescia-ricoveri-ambulatori\\\/#primaryimage\"},\"image\":{\"@id\":\"https:\\\/\\\/www.centrocliniconemo.it\\\/en\\\/blog\\\/nemo-brescia-ricoveri-ambulatori\\\/#primaryimage\"},\"thumbnailUrl\":\"https:\\\/\\\/www.centrocliniconemo.it\\\/wp-content\\\/uploads\\\/2023\\\/07\\\/NemO-Brescia-12.jpg\",\"datePublished\":\"2020-10-06T08:00:40+00:00\",\"dateModified\":\"2023-07-19T12:16:42+00:00\",\"breadcrumb\":{\"@id\":\"https:\\\/\\\/www.centrocliniconemo.it\\\/en\\\/blog\\\/nemo-brescia-ricoveri-ambulatori\\\/#breadcrumb\"},\"inLanguage\":\"en-US\",\"potentialAction\":[{\"@type\":\"ReadAction\",\"target\":[\"https:\\\/\\\/www.centrocliniconemo.it\\\/en\\\/blog\\\/nemo-brescia-ricoveri-ambulatori\\\/\"]}]},{\"@type\":\"ImageObject\",\"inLanguage\":\"en-US\",\"@id\":\"https:\\\/\\\/www.centrocliniconemo.it\\\/en\\\/blog\\\/nemo-brescia-ricoveri-ambulatori\\\/#primaryimage\",\"url\":\"https:\\\/\\\/www.centrocliniconemo.it\\\/wp-content\\\/uploads\\\/2023\\\/07\\\/NemO-Brescia-12.jpg\",\"contentUrl\":\"https:\\\/\\\/www.centrocliniconemo.it\\\/wp-content\\\/uploads\\\/2023\\\/07\\\/NemO-Brescia-12.jpg\",\"width\":640,\"height\":640},{\"@type\":\"BreadcrumbList\",\"@id\":\"https:\\\/\\\/www.centrocliniconemo.it\\\/en\\\/blog\\\/nemo-brescia-ricoveri-ambulatori\\\/#breadcrumb\",\"itemListElement\":[{\"@type\":\"ListItem\",\"position\":1,\"name\":\"Home\",\"item\":\"https:\\\/\\\/www.centrocliniconemo.it\\\/en\\\/\"},{\"@type\":\"ListItem\",\"position\":2,\"name\":\"Al Nemo Brescia I Primi Ricoveri. E Al Via Anche Gli Ambulatori\"}]},{\"@type\":\"WebSite\",\"@id\":\"https:\\\/\\\/www.centrocliniconemo.it\\\/en\\\/#website\",\"url\":\"https:\\\/\\\/www.centrocliniconemo.it\\\/en\\\/\",\"name\":\"Centro Clinico NeMO\",\"description\":\"Il paziente al centro\",\"publisher\":{\"@id\":\"https:\\\/\\\/www.centrocliniconemo.it\\\/en\\\/#organization\"},\"potentialAction\":[{\"@type\":\"SearchAction\",\"target\":{\"@type\":\"EntryPoint\",\"urlTemplate\":\"https:\\\/\\\/www.centrocliniconemo.it\\\/en\\\/?s={search_term_string}\"},\"query-input\":{\"@type\":\"PropertyValueSpecification\",\"valueRequired\":true,\"valueName\":\"search_term_string\"}}],\"inLanguage\":\"en-US\"},{\"@type\":\"Organization\",\"@id\":\"https:\\\/\\\/www.centrocliniconemo.it\\\/en\\\/#organization\",\"name\":\"Centro Clinico NeMO - Fondazione Serena Onlus\",\"url\":\"https:\\\/\\\/www.centrocliniconemo.it\\\/en\\\/\",\"logo\":{\"@type\":\"ImageObject\",\"inLanguage\":\"en-US\",\"@id\":\"https:\\\/\\\/www.centrocliniconemo.it\\\/en\\\/#\\\/schema\\\/logo\\\/image\\\/\",\"url\":\"https:\\\/\\\/www.centrocliniconemo.it\\\/wp-content\\\/uploads\\\/2023\\\/03\\\/logo-nemo.svg\",\"contentUrl\":\"https:\\\/\\\/www.centrocliniconemo.it\\\/wp-content\\\/uploads\\\/2023\\\/03\\\/logo-nemo.svg\",\"width\":272,\"height\":109.142,\"caption\":\"Centro Clinico NeMO - Fondazione Serena Onlus\"},\"image\":{\"@id\":\"https:\\\/\\\/www.centrocliniconemo.it\\\/en\\\/#\\\/schema\\\/logo\\\/image\\\/\"},\"sameAs\":[\"https:\\\/\\\/www.facebook.com\\\/CentroNEMOItalia\",\"https:\\\/\\\/x.com\\\/CentroNemo\",\"https:\\\/\\\/www.linkedin.com\\\/company\\\/centrocliniconemo\\\/\",\"https:\\\/\\\/www.instagram.com\\\/centrocliniconemo\\\/\"]},{\"@type\":\"Person\",\"@id\":\"https:\\\/\\\/www.centrocliniconemo.it\\\/en\\\/#\\\/schema\\\/person\\\/9331a87c0a8ee435c61f5dd498531434\",\"name\":\"Luca Biondi\",\"image\":{\"@type\":\"ImageObject\",\"inLanguage\":\"en-US\",\"@id\":\"https:\\\/\\\/secure.gravatar.com\\\/avatar\\\/0488b88829885ebcc9896de947265b69d2979e6dc4666b1e2c3d4fbf8dc73d77?s=96&d=mm&r=g\",\"url\":\"https:\\\/\\\/secure.gravatar.com\\\/avatar\\\/0488b88829885ebcc9896de947265b69d2979e6dc4666b1e2c3d4fbf8dc73d77?s=96&d=mm&r=g\",\"contentUrl\":\"https:\\\/\\\/secure.gravatar.com\\\/avatar\\\/0488b88829885ebcc9896de947265b69d2979e6dc4666b1e2c3d4fbf8dc73d77?s=96&d=mm&r=g\",\"caption\":\"Luca Biondi\"}}]}<\/script>\n<!-- \/ Yoast SEO plugin. -->","yoast_head_json":{"title":"Al Nemo Brescia I Primi Ricoveri. E Al Via Anche Gli Ambulatori - Centro Clinico NeMO","robots":{"index":"index","follow":"follow","max-snippet":"max-snippet:-1","max-image-preview":"max-image-preview:large","max-video-preview":"max-video-preview:-1"},"canonical":"https:\/\/www.centrocliniconemo.it\/en\/blog\/nemo-brescia-ricoveri-ambulatori\/","og_locale":"en_US","og_type":"article","og_title":"Al Nemo Brescia I Primi Ricoveri. E Al Via Anche Gli Ambulatori - Centro Clinico NeMO","og_description":"Al Centro Clinico NeMO Brescia iniziano le attivit\u00e0 di presa in carico: con i primi 5 pazienti in degenza ordinaria e le attivit\u00e0 ambulatoriali, anche NeMO Brescia diventa una casa abitata da bambini e adulti con malattie neuromuscolari e dalle loro famiglie.","og_url":"https:\/\/www.centrocliniconemo.it\/en\/blog\/nemo-brescia-ricoveri-ambulatori\/","og_site_name":"Centro Clinico NeMO","article_publisher":"https:\/\/www.facebook.com\/CentroNEMOItalia","article_published_time":"2020-10-06T08:00:40+00:00","article_modified_time":"2023-07-19T12:16:42+00:00","og_image":[{"width":640,"height":640,"url":"https:\/\/www.centrocliniconemo.it\/wp-content\/uploads\/2023\/07\/NemO-Brescia-12.jpg","type":"image\/jpeg"}],"author":"Luca Biondi","twitter_card":"summary_large_image","twitter_creator":"@CentroNemo","twitter_site":"@CentroNemo","twitter_misc":{"Written by":"Luca Biondi","Est. reading time":"4 minutes"},"schema":{"@context":"https:\/\/schema.org","@graph":[{"@type":"Article","@id":"https:\/\/www.centrocliniconemo.it\/en\/blog\/nemo-brescia-ricoveri-ambulatori\/#article","isPartOf":{"@id":"https:\/\/www.centrocliniconemo.it\/en\/blog\/nemo-brescia-ricoveri-ambulatori\/"},"author":{"name":"Luca Biondi","@id":"https:\/\/www.centrocliniconemo.it\/en\/#\/schema\/person\/9331a87c0a8ee435c61f5dd498531434"},"headline":"Al Nemo Brescia I Primi Ricoveri. E Al Via Anche Gli Ambulatori","datePublished":"2020-10-06T08:00:40+00:00","dateModified":"2023-07-19T12:16:42+00:00","mainEntityOfPage":{"@id":"https:\/\/www.centrocliniconemo.it\/en\/blog\/nemo-brescia-ricoveri-ambulatori\/"},"wordCount":753,"publisher":{"@id":"https:\/\/www.centrocliniconemo.it\/en\/#organization"},"image":{"@id":"https:\/\/www.centrocliniconemo.it\/en\/blog\/nemo-brescia-ricoveri-ambulatori\/#primaryimage"},"thumbnailUrl":"https:\/\/www.centrocliniconemo.it\/wp-content\/uploads\/2023\/07\/NemO-Brescia-12.jpg","articleSection":["Cura, ricerca e formazione","Storie di NeMO"],"inLanguage":"en-US"},{"@type":"WebPage","@id":"https:\/\/www.centrocliniconemo.it\/en\/blog\/nemo-brescia-ricoveri-ambulatori\/","url":"https:\/\/www.centrocliniconemo.it\/en\/blog\/nemo-brescia-ricoveri-ambulatori\/","name":"Al Nemo Brescia I Primi Ricoveri. E Al Via Anche Gli Ambulatori - Centro Clinico NeMO","isPartOf":{"@id":"https:\/\/www.centrocliniconemo.it\/en\/#website"},"primaryImageOfPage":{"@id":"https:\/\/www.centrocliniconemo.it\/en\/blog\/nemo-brescia-ricoveri-ambulatori\/#primaryimage"},"image":{"@id":"https:\/\/www.centrocliniconemo.it\/en\/blog\/nemo-brescia-ricoveri-ambulatori\/#primaryimage"},"thumbnailUrl":"https:\/\/www.centrocliniconemo.it\/wp-content\/uploads\/2023\/07\/NemO-Brescia-12.jpg","datePublished":"2020-10-06T08:00:40+00:00","dateModified":"2023-07-19T12:16:42+00:00","breadcrumb":{"@id":"https:\/\/www.centrocliniconemo.it\/en\/blog\/nemo-brescia-ricoveri-ambulatori\/#breadcrumb"},"inLanguage":"en-US","potentialAction":[{"@type":"ReadAction","target":["https:\/\/www.centrocliniconemo.it\/en\/blog\/nemo-brescia-ricoveri-ambulatori\/"]}]},{"@type":"ImageObject","inLanguage":"en-US","@id":"https:\/\/www.centrocliniconemo.it\/en\/blog\/nemo-brescia-ricoveri-ambulatori\/#primaryimage","url":"https:\/\/www.centrocliniconemo.it\/wp-content\/uploads\/2023\/07\/NemO-Brescia-12.jpg","contentUrl":"https:\/\/www.centrocliniconemo.it\/wp-content\/uploads\/2023\/07\/NemO-Brescia-12.jpg","width":640,"height":640},{"@type":"BreadcrumbList","@id":"https:\/\/www.centrocliniconemo.it\/en\/blog\/nemo-brescia-ricoveri-ambulatori\/#breadcrumb","itemListElement":[{"@type":"ListItem","position":1,"name":"Home","item":"https:\/\/www.centrocliniconemo.it\/en\/"},{"@type":"ListItem","position":2,"name":"Al Nemo Brescia I Primi Ricoveri. E Al Via Anche Gli Ambulatori"}]},{"@type":"WebSite","@id":"https:\/\/www.centrocliniconemo.it\/en\/#website","url":"https:\/\/www.centrocliniconemo.it\/en\/","name":"Centro Clinico NeMO","description":"Il paziente al centro","publisher":{"@id":"https:\/\/www.centrocliniconemo.it\/en\/#organization"},"potentialAction":[{"@type":"SearchAction","target":{"@type":"EntryPoint","urlTemplate":"https:\/\/www.centrocliniconemo.it\/en\/?s={search_term_string}"},"query-input":{"@type":"PropertyValueSpecification","valueRequired":true,"valueName":"search_term_string"}}],"inLanguage":"en-US"},{"@type":"Organization","@id":"https:\/\/www.centrocliniconemo.it\/en\/#organization","name":"Centro Clinico NeMO - Fondazione Serena Onlus","url":"https:\/\/www.centrocliniconemo.it\/en\/","logo":{"@type":"ImageObject","inLanguage":"en-US","@id":"https:\/\/www.centrocliniconemo.it\/en\/#\/schema\/logo\/image\/","url":"https:\/\/www.centrocliniconemo.it\/wp-content\/uploads\/2023\/03\/logo-nemo.svg","contentUrl":"https:\/\/www.centrocliniconemo.it\/wp-content\/uploads\/2023\/03\/logo-nemo.svg","width":272,"height":109.142,"caption":"Centro Clinico NeMO - Fondazione Serena Onlus"},"image":{"@id":"https:\/\/www.centrocliniconemo.it\/en\/#\/schema\/logo\/image\/"},"sameAs":["https:\/\/www.facebook.com\/CentroNEMOItalia","https:\/\/x.com\/CentroNemo","https:\/\/www.linkedin.com\/company\/centrocliniconemo\/","https:\/\/www.instagram.com\/centrocliniconemo\/"]},{"@type":"Person","@id":"https:\/\/www.centrocliniconemo.it\/en\/#\/schema\/person\/9331a87c0a8ee435c61f5dd498531434","name":"Luca Biondi","image":{"@type":"ImageObject","inLanguage":"en-US","@id":"https:\/\/secure.gravatar.com\/avatar\/0488b88829885ebcc9896de947265b69d2979e6dc4666b1e2c3d4fbf8dc73d77?s=96&d=mm&r=g","url":"https:\/\/secure.gravatar.com\/avatar\/0488b88829885ebcc9896de947265b69d2979e6dc4666b1e2c3d4fbf8dc73d77?s=96&d=mm&r=g","contentUrl":"https:\/\/secure.gravatar.com\/avatar\/0488b88829885ebcc9896de947265b69d2979e6dc4666b1e2c3d4fbf8dc73d77?s=96&d=mm&r=g","caption":"Luca Biondi"}}]}},"_links":{"self":[{"href":"https:\/\/www.centrocliniconemo.it\/en\/wp-json\/wp\/v2\/posts\/13343","targetHints":{"allow":["GET"]}}],"collection":[{"href":"https:\/\/www.centrocliniconemo.it\/en\/wp-json\/wp\/v2\/posts"}],"about":[{"href":"https:\/\/www.centrocliniconemo.it\/en\/wp-json\/wp\/v2\/types\/post"}],"author":[{"embeddable":true,"href":"https:\/\/www.centrocliniconemo.it\/en\/wp-json\/wp\/v2\/users\/2"}],"replies":[{"embeddable":true,"href":"https:\/\/www.centrocliniconemo.it\/en\/wp-json\/wp\/v2\/comments?post=13343"}],"version-history":[{"count":0,"href":"https:\/\/www.centrocliniconemo.it\/en\/wp-json\/wp\/v2\/posts\/13343\/revisions"}],"wp:featuredmedia":[{"embeddable":true,"href":"https:\/\/www.centrocliniconemo.it\/en\/wp-json\/wp\/v2\/media\/11655"}],"wp:attachment":[{"href":"https:\/\/www.centrocliniconemo.it\/en\/wp-json\/wp\/v2\/media?parent=13343"}],"wp:term":[{"taxonomy":"category","embeddable":true,"href":"https:\/\/www.centrocliniconemo.it\/en\/wp-json\/wp\/v2\/categories?post=13343"},{"taxonomy":"post_tag","embeddable":true,"href":"https:\/\/www.centrocliniconemo.it\/en\/wp-json\/wp\/v2\/tags?post=13343"}],"curies":[{"name":"wp","href":"https:\/\/api.w.org\/{rel}","templated":true}]}}