{"id":13333,"date":"2020-11-10T13:06:36","date_gmt":"2020-11-10T13:06:36","guid":{"rendered":"https:\/\/www.centrocliniconemo.it\/blog\/nemo-napoli-vita"},"modified":"2023-07-19T11:33:46","modified_gmt":"2023-07-19T11:33:46","slug":"nemo-napoli-vita","status":"publish","type":"post","link":"https:\/\/www.centrocliniconemo.it\/en\/blog\/nemo-napoli-vita\/","title":{"rendered":"Napoli, Apre Il Quinto Centro Clinico Nemo"},"content":{"rendered":"<h4 style=\"text-align: justify;\">\u00ab<em>Luoghi come NeMO non possono interrompere l\u2019attivit\u00e0 di presa in carico. Le malattie neuromuscolari non si fermano davanti al Coronavirus<\/em>\u00bb, dice Alberto Fontana, del Centro Clinico NeMO. \u00ab<em>Con l\u2019apertura di una sede a Napoli le persone non saranno costrette a spostarsi per curarsi<\/em>\u00bb. Il centro si prender\u00e0 cura ogni anno di quasi 2mila bambini e adulti senza alcun onere a carico dei pazienti e delle loro famiglie.<\/h4>\n<div>\n<div>\n<p style=\"text-align: justify;\">\u00abOggi \u00e8 una di quelle giornate in cui i segni di speranza si rendono concreti\u00bb, dice <strong>Alberto Fontana, presidente di tutte le sedi del <a href=\"https:\/\/centrocliniconemo.it\/\" target=\"_blank\" rel=\"noopener\">Centro Clinico NeMO<\/a><\/strong>. \u00abAbbiamo iniziato oggi le attivit\u00e0 di cura anche a Napoli, pronti ad accogliere i bisogni del territorio. Questa nuova sfida \u00e8 il messaggio di tutti coloro che hanno scelto di andare avanti, insieme. \u00c8 il segno di una comunit\u00e0 che con coraggio continua a mantenere lo sguardo verso il futuro\u00bb.<\/p>\n<p style=\"text-align: justify;\"><img decoding=\"async\" src=\"https:\/\/www.centrocliniconemo.it\/wp-content\/uploads\/2023\/07\/NeMO-NAPOLI-Novembre-2020-7M308439-scaled-1.jpg\" alt=\"NeMO NAPOLI Novembre 2020 #7M308439\" width=\"5878\" style=\"width: 5878px;\"><\/p>\n<p style=\"text-align: justify;\">I lavori del centro clinico a Napoli, gli altri si trovano a Milano, Roma, Messina, Arenzano (Genova) e Brescia, sono stati completati lo scorso luglio. Situato presso l\u2019Azienda Ospedaliera Specialistica dei Colli &#8211; Ospedale Monaldi, i<strong>l centro si prender\u00e0 cura ogni anno di quasi 2mila bambini e adulti con malattia neuromuscolare senza alcun onere a carico dei pazienti e delle loro famiglie. <\/strong><\/p>\n<p style=\"text-align: justify;\">Il Centro Clinico NeMO (NeuroMuscular Omnicenter) \u00e8 un <strong>centro clinico ad alta specializzazione, pensato per rispondere in modo specifico alle necessit\u00e0 di chi \u00e8 affetto da malattie neuromuscolari<\/strong> come la Sclerosi Laterale Amiotrofica (SLA), le distrofie muscolari e l\u2019Atrofia Muscolare Spinale (SMA). Si tratta di patologie altamente invalidanti con un grave impatto sociale, caratterizzate da lunghi e complessi percorsi di cura e assistenziali, per le quali, purtroppo, al momento non c\u2019\u00e8 possibilit\u00e0 di guarigione. Queste malattie interessano attualmente circa 40.000 persone in tutto il Paese.<\/p>\n<p>{{cta(&#8216;cf594698-5cac-4af2-b90d-9a331d84c91e&#8217;,&#8217;justifycenter&#8217;)}}<\/p>\n<p style=\"text-align: justify;\">La sede di Napoli \u00e8 frutto dell\u2019accordo di sperimentazione gestionale pubblico-privato tra Fondazione Serena (ente gestore dei Centri Clinici NeMO), <a href=\"http:\/\/www.regione.campania.it\" rel=\"noopener\" target=\"_blank\">Regione Campania<\/a> e <a href=\"http:\/\/www.ospedalideicolli.it\" rel=\"noopener\" target=\"_blank\">Azienda Ospedaliera Specialistica dei Colli<\/a>, firmato a febbraio 2019.<\/p>\n<\/div>\n<div style=\"text-align: justify;\">\n<div><img decoding=\"async\" src=\"https:\/\/www.centrocliniconemo.it\/wp-content\/uploads\/2023\/07\/alberto-fontana-novembre-2020.jpg\" alt=\"alberto fontana novembre 2020\" width=\"300\" style=\"width: 300px; float: left; margin: 0px 20px 10px 0px;\"><\/p>\n<p>\u00abAprire una nuova sede di NeMo a Napoli e in un momento cos\u00ec delicato per tutti significa tante cose\u00bb, spiega Fontana. \u00abPrima di tutto mettere insieme una grande competenza sulle malattie neuromuscolari all\u2019interno di una presa in carico completa e multidisciplinare\u00bb.<\/p>\n<\/div>\n<\/div>\n<div data-main-eref=\"photo:1562526e-7a6b-40c9-bcb9-8d93628c7368\" style=\"text-align: justify;\">\n<div>\n<div>\n<div>\n<div><!--more--><\/p>\n<p>\u00abSignifica\u00bb, aggiunge, \u00abdire alle persone di questa comunit\u00e0 che adesso esiste un luogo a loro dedicato e non devono pi\u00f9 spostarsi in altre regioni per curarsi.<\/p>\n<p>Ma NeMo \u00e8 anche un luogo rivolto alla ricerca scientifica. Luoghi come il nostro, luoghi come NeMO non possono interrompere l\u2019attivit\u00e0 di presa in carico. Le nostre malattie progressive non si fermano davanti al Coronavirus. Dobbiamo avere dei luoghi protetti per essere sempre in grado di dare risposte tempestive\u00bb.<\/p>\n<p>Il Centro \u00e8 dotato di 23 camere di degenza &#8211; di cui 6 per i pazienti in et\u00e0 pediatrica \u2013 con possibilit\u00e0 di ricovero sia in acuto che ai fini riabilitativi, 3 camere per i Day Hospital, 1 sala medica, 3 ambulatori specialistici, 1 sala per l\u2019accoglienza, 1 palestra, 2 aree relax, 1 sala colloqui e 1 spazio riunioni.<\/p>\n<\/div>\n<\/div>\n<\/div>\n<\/div>\n<\/div>\n<div style=\"text-align: justify;\">\n<div>\n<p>L\u2019approccio di cura del <a href=\"https:\/\/www.facebook.com\/CentroNEMONapoli\" rel=\"noopener\" target=\"_blank\">NeMO Napoli<\/a> \u00e8 quello che caratterizza da sempre la rete dei Centri Clinici NeMO e che vede <strong>il paziente e la sua famiglia al centro di un percorso di presa in carico, dal momento del ricovero, fino al suo rientro a casa.<\/strong> Grazie alla presenza in organico di un team multidisciplinare di professionisti, anche il NeMO Napoli sar\u00e0 in grado di rispondere a tutte le esigenze di cura delle persone con malattia neuromuscolare.<\/p>\n<p>In particolare, la presa in carico presso il Centro sar\u00e0 caratterizzata da un approccio di cura omniservice, con una valorizzazione delle specialit\u00e0 pneumologiche e cardiologiche, integrando in questo modo l\u2019esperienza specifica maturata dall\u2019Ospedale Vincenzo Monaldi. Anche al Centro Clinico NeMO Napoli le prestazioni sanitarie sono effettuate nell\u2019ambito e per conto del Servizio Sanitario Nazionale (SSN), senza oneri a carico del paziente.<\/p>\n<\/div>\n<\/div>\n<div>\n<p style=\"text-align: justify;\"><strong>La ristrutturazione dei 1.100 metri quadri, iniziata a fine ottobre 2019, rende evidente l\u2019attenzione verso l\u2019umanizzazione degli spazi ospedalieri,<\/strong> con l\u2019obiettivo di far vivere in modo sereno l\u2019esperienza del ricovero e supportare le difficolt\u00e0 del periodo della degenza. Ne sono un esempio gli ampi balconi delle camere, dedicati all\u2019ortoterapia e la scelta di porre al centro del reparto \u201cun\u2019area bimbi\u201d dedicata all\u2019accoglienza dei pi\u00f9 piccoli.<\/p>\n<p style=\"text-align: justify;\">I lavori di ristrutturazione degli spazi sono stati supportati dal Centro Clinico NeMO, con un impegno di circa 2 milioni di euro, sostenuti in parte da alcuni dei suoi soci &#8211; UILDM, Fondazione Telethon, AISLA, Famiglie SMA &#8211; e hanno ricevuto il sostegno di Fondazione CON IL SUD e Fondazione Peppino Vismara.<\/p>\n<p style=\"text-align: justify;\">Fonte:&nbsp;<a href=\"http:\/\/www.vita.it\" rel=\"noopener\" target=\"_blank\"><img decoding=\"async\" src=\"https:\/\/www.centrocliniconemo.it\/wp-content\/uploads\/2023\/07\/vita-logo.png\" alt=\"vita logo\" width=\"95\" style=\"width: 95px;\"><\/a><\/p>\n<\/div>\n<\/div>\n<p>&nbsp;<\/p>\n","protected":false},"excerpt":{"rendered":"<p>\u00abNeMO non pu\u00f2 bloccarsi: le malattie neuromuscolari non si fermano davanti al Covid-19\u00bb, dice Fontana. \u00abCon l\u2019apertura di NeMO Napoli, le persone non dovranno spostarsi per curarsi\u00bb. Il centro si prender\u00e0 cura di 2000 pazienti ogni anno, senza oneri a loro carico.<\/p>\n","protected":false},"author":2,"featured_media":11708,"comment_status":"closed","ping_status":"closed","sticky":false,"template":"","format":"standard","meta":{"pgc_sgb_lightbox_settings":"","footnotes":""},"categories":[17,1],"tags":[],"class_list":["post-13333","post","type-post","status-publish","format-standard","has-post-thumbnail","hentry","category-iniziative-ed-eventi","category-storie-di-nemo"],"yoast_head":"<!-- This site is optimized with the Yoast SEO plugin v27.4 - https:\/\/yoast.com\/product\/yoast-seo-wordpress\/ -->\n<title>Napoli, Apre Il Quinto Centro Clinico Nemo - Centro Clinico NeMO<\/title>\n<meta name=\"robots\" content=\"index, follow, max-snippet:-1, max-image-preview:large, max-video-preview:-1\" \/>\n<link rel=\"canonical\" href=\"https:\/\/www.centrocliniconemo.it\/en\/blog\/nemo-napoli-vita\/\" \/>\n<meta property=\"og:locale\" content=\"en_US\" \/>\n<meta property=\"og:type\" content=\"article\" \/>\n<meta property=\"og:title\" content=\"Napoli, Apre Il Quinto Centro Clinico Nemo - Centro Clinico NeMO\" \/>\n<meta property=\"og:description\" content=\"\u00abNeMO non pu\u00f2 bloccarsi: le malattie neuromuscolari non si fermano davanti al Covid-19\u00bb, dice Fontana. \u00abCon l\u2019apertura di NeMO Napoli, le persone non dovranno spostarsi per curarsi\u00bb. Il centro si prender\u00e0 cura di 2000 pazienti ogni anno, senza oneri a loro carico.\" \/>\n<meta property=\"og:url\" content=\"https:\/\/www.centrocliniconemo.it\/en\/blog\/nemo-napoli-vita\/\" \/>\n<meta property=\"og:site_name\" content=\"Centro Clinico NeMO\" \/>\n<meta property=\"article:publisher\" content=\"https:\/\/www.facebook.com\/CentroNEMOItalia\" \/>\n<meta property=\"article:published_time\" content=\"2020-11-10T13:06:36+00:00\" \/>\n<meta property=\"article:modified_time\" content=\"2023-07-19T11:33:46+00:00\" \/>\n<meta property=\"og:image\" content=\"https:\/\/www.centrocliniconemo.it\/wp-content\/uploads\/2023\/07\/Alberto-Fontana-NeMO-Napoli-graphic.png\" \/>\n\t<meta property=\"og:image:width\" content=\"1920\" \/>\n\t<meta property=\"og:image:height\" content=\"1080\" \/>\n\t<meta property=\"og:image:type\" content=\"image\/png\" \/>\n<meta name=\"author\" content=\"Luca Biondi\" \/>\n<meta name=\"twitter:card\" content=\"summary_large_image\" \/>\n<meta name=\"twitter:creator\" content=\"@CentroNemo\" \/>\n<meta name=\"twitter:site\" content=\"@CentroNemo\" \/>\n<meta name=\"twitter:label1\" content=\"Written by\" \/>\n\t<meta name=\"twitter:data1\" content=\"Luca Biondi\" \/>\n\t<meta name=\"twitter:label2\" content=\"Est. reading time\" \/>\n\t<meta name=\"twitter:data2\" content=\"4 minutes\" \/>\n<script type=\"application\/ld+json\" class=\"yoast-schema-graph\">{\"@context\":\"https:\\\/\\\/schema.org\",\"@graph\":[{\"@type\":\"Article\",\"@id\":\"https:\\\/\\\/www.centrocliniconemo.it\\\/en\\\/blog\\\/nemo-napoli-vita\\\/#article\",\"isPartOf\":{\"@id\":\"https:\\\/\\\/www.centrocliniconemo.it\\\/en\\\/blog\\\/nemo-napoli-vita\\\/\"},\"author\":{\"name\":\"Luca Biondi\",\"@id\":\"https:\\\/\\\/www.centrocliniconemo.it\\\/en\\\/#\\\/schema\\\/person\\\/9331a87c0a8ee435c61f5dd498531434\"},\"headline\":\"Napoli, Apre Il Quinto Centro Clinico Nemo\",\"datePublished\":\"2020-11-10T13:06:36+00:00\",\"dateModified\":\"2023-07-19T11:33:46+00:00\",\"mainEntityOfPage\":{\"@id\":\"https:\\\/\\\/www.centrocliniconemo.it\\\/en\\\/blog\\\/nemo-napoli-vita\\\/\"},\"wordCount\":769,\"publisher\":{\"@id\":\"https:\\\/\\\/www.centrocliniconemo.it\\\/en\\\/#organization\"},\"image\":{\"@id\":\"https:\\\/\\\/www.centrocliniconemo.it\\\/en\\\/blog\\\/nemo-napoli-vita\\\/#primaryimage\"},\"thumbnailUrl\":\"https:\\\/\\\/www.centrocliniconemo.it\\\/wp-content\\\/uploads\\\/2023\\\/07\\\/Alberto-Fontana-NeMO-Napoli-graphic.png\",\"articleSection\":[\"Iniziative ed eventi\",\"Storie di NeMO\"],\"inLanguage\":\"en-US\"},{\"@type\":\"WebPage\",\"@id\":\"https:\\\/\\\/www.centrocliniconemo.it\\\/en\\\/blog\\\/nemo-napoli-vita\\\/\",\"url\":\"https:\\\/\\\/www.centrocliniconemo.it\\\/en\\\/blog\\\/nemo-napoli-vita\\\/\",\"name\":\"Napoli, Apre Il Quinto Centro Clinico Nemo - Centro Clinico NeMO\",\"isPartOf\":{\"@id\":\"https:\\\/\\\/www.centrocliniconemo.it\\\/en\\\/#website\"},\"primaryImageOfPage\":{\"@id\":\"https:\\\/\\\/www.centrocliniconemo.it\\\/en\\\/blog\\\/nemo-napoli-vita\\\/#primaryimage\"},\"image\":{\"@id\":\"https:\\\/\\\/www.centrocliniconemo.it\\\/en\\\/blog\\\/nemo-napoli-vita\\\/#primaryimage\"},\"thumbnailUrl\":\"https:\\\/\\\/www.centrocliniconemo.it\\\/wp-content\\\/uploads\\\/2023\\\/07\\\/Alberto-Fontana-NeMO-Napoli-graphic.png\",\"datePublished\":\"2020-11-10T13:06:36+00:00\",\"dateModified\":\"2023-07-19T11:33:46+00:00\",\"breadcrumb\":{\"@id\":\"https:\\\/\\\/www.centrocliniconemo.it\\\/en\\\/blog\\\/nemo-napoli-vita\\\/#breadcrumb\"},\"inLanguage\":\"en-US\",\"potentialAction\":[{\"@type\":\"ReadAction\",\"target\":[\"https:\\\/\\\/www.centrocliniconemo.it\\\/en\\\/blog\\\/nemo-napoli-vita\\\/\"]}]},{\"@type\":\"ImageObject\",\"inLanguage\":\"en-US\",\"@id\":\"https:\\\/\\\/www.centrocliniconemo.it\\\/en\\\/blog\\\/nemo-napoli-vita\\\/#primaryimage\",\"url\":\"https:\\\/\\\/www.centrocliniconemo.it\\\/wp-content\\\/uploads\\\/2023\\\/07\\\/Alberto-Fontana-NeMO-Napoli-graphic.png\",\"contentUrl\":\"https:\\\/\\\/www.centrocliniconemo.it\\\/wp-content\\\/uploads\\\/2023\\\/07\\\/Alberto-Fontana-NeMO-Napoli-graphic.png\",\"width\":1920,\"height\":1080},{\"@type\":\"BreadcrumbList\",\"@id\":\"https:\\\/\\\/www.centrocliniconemo.it\\\/en\\\/blog\\\/nemo-napoli-vita\\\/#breadcrumb\",\"itemListElement\":[{\"@type\":\"ListItem\",\"position\":1,\"name\":\"Home\",\"item\":\"https:\\\/\\\/www.centrocliniconemo.it\\\/en\\\/\"},{\"@type\":\"ListItem\",\"position\":2,\"name\":\"Napoli, Apre Il Quinto Centro Clinico Nemo\"}]},{\"@type\":\"WebSite\",\"@id\":\"https:\\\/\\\/www.centrocliniconemo.it\\\/en\\\/#website\",\"url\":\"https:\\\/\\\/www.centrocliniconemo.it\\\/en\\\/\",\"name\":\"Centro Clinico NeMO\",\"description\":\"Il paziente al centro\",\"publisher\":{\"@id\":\"https:\\\/\\\/www.centrocliniconemo.it\\\/en\\\/#organization\"},\"potentialAction\":[{\"@type\":\"SearchAction\",\"target\":{\"@type\":\"EntryPoint\",\"urlTemplate\":\"https:\\\/\\\/www.centrocliniconemo.it\\\/en\\\/?s={search_term_string}\"},\"query-input\":{\"@type\":\"PropertyValueSpecification\",\"valueRequired\":true,\"valueName\":\"search_term_string\"}}],\"inLanguage\":\"en-US\"},{\"@type\":\"Organization\",\"@id\":\"https:\\\/\\\/www.centrocliniconemo.it\\\/en\\\/#organization\",\"name\":\"Centro Clinico NeMO - Fondazione Serena Onlus\",\"url\":\"https:\\\/\\\/www.centrocliniconemo.it\\\/en\\\/\",\"logo\":{\"@type\":\"ImageObject\",\"inLanguage\":\"en-US\",\"@id\":\"https:\\\/\\\/www.centrocliniconemo.it\\\/en\\\/#\\\/schema\\\/logo\\\/image\\\/\",\"url\":\"https:\\\/\\\/www.centrocliniconemo.it\\\/wp-content\\\/uploads\\\/2023\\\/03\\\/logo-nemo.svg\",\"contentUrl\":\"https:\\\/\\\/www.centrocliniconemo.it\\\/wp-content\\\/uploads\\\/2023\\\/03\\\/logo-nemo.svg\",\"width\":272,\"height\":109.142,\"caption\":\"Centro Clinico NeMO - Fondazione Serena Onlus\"},\"image\":{\"@id\":\"https:\\\/\\\/www.centrocliniconemo.it\\\/en\\\/#\\\/schema\\\/logo\\\/image\\\/\"},\"sameAs\":[\"https:\\\/\\\/www.facebook.com\\\/CentroNEMOItalia\",\"https:\\\/\\\/x.com\\\/CentroNemo\",\"https:\\\/\\\/www.linkedin.com\\\/company\\\/centrocliniconemo\\\/\",\"https:\\\/\\\/www.instagram.com\\\/centrocliniconemo\\\/\"]},{\"@type\":\"Person\",\"@id\":\"https:\\\/\\\/www.centrocliniconemo.it\\\/en\\\/#\\\/schema\\\/person\\\/9331a87c0a8ee435c61f5dd498531434\",\"name\":\"Luca Biondi\",\"image\":{\"@type\":\"ImageObject\",\"inLanguage\":\"en-US\",\"@id\":\"https:\\\/\\\/secure.gravatar.com\\\/avatar\\\/0488b88829885ebcc9896de947265b69d2979e6dc4666b1e2c3d4fbf8dc73d77?s=96&d=mm&r=g\",\"url\":\"https:\\\/\\\/secure.gravatar.com\\\/avatar\\\/0488b88829885ebcc9896de947265b69d2979e6dc4666b1e2c3d4fbf8dc73d77?s=96&d=mm&r=g\",\"contentUrl\":\"https:\\\/\\\/secure.gravatar.com\\\/avatar\\\/0488b88829885ebcc9896de947265b69d2979e6dc4666b1e2c3d4fbf8dc73d77?s=96&d=mm&r=g\",\"caption\":\"Luca Biondi\"}}]}<\/script>\n<!-- \/ Yoast SEO plugin. -->","yoast_head_json":{"title":"Napoli, Apre Il Quinto Centro Clinico Nemo - Centro Clinico NeMO","robots":{"index":"index","follow":"follow","max-snippet":"max-snippet:-1","max-image-preview":"max-image-preview:large","max-video-preview":"max-video-preview:-1"},"canonical":"https:\/\/www.centrocliniconemo.it\/en\/blog\/nemo-napoli-vita\/","og_locale":"en_US","og_type":"article","og_title":"Napoli, Apre Il Quinto Centro Clinico Nemo - Centro Clinico NeMO","og_description":"\u00abNeMO non pu\u00f2 bloccarsi: le malattie neuromuscolari non si fermano davanti al Covid-19\u00bb, dice Fontana. \u00abCon l\u2019apertura di NeMO Napoli, le persone non dovranno spostarsi per curarsi\u00bb. Il centro si prender\u00e0 cura di 2000 pazienti ogni anno, senza oneri a loro carico.","og_url":"https:\/\/www.centrocliniconemo.it\/en\/blog\/nemo-napoli-vita\/","og_site_name":"Centro Clinico NeMO","article_publisher":"https:\/\/www.facebook.com\/CentroNEMOItalia","article_published_time":"2020-11-10T13:06:36+00:00","article_modified_time":"2023-07-19T11:33:46+00:00","og_image":[{"width":1920,"height":1080,"url":"https:\/\/www.centrocliniconemo.it\/wp-content\/uploads\/2023\/07\/Alberto-Fontana-NeMO-Napoli-graphic.png","type":"image\/png"}],"author":"Luca Biondi","twitter_card":"summary_large_image","twitter_creator":"@CentroNemo","twitter_site":"@CentroNemo","twitter_misc":{"Written by":"Luca Biondi","Est. reading time":"4 minutes"},"schema":{"@context":"https:\/\/schema.org","@graph":[{"@type":"Article","@id":"https:\/\/www.centrocliniconemo.it\/en\/blog\/nemo-napoli-vita\/#article","isPartOf":{"@id":"https:\/\/www.centrocliniconemo.it\/en\/blog\/nemo-napoli-vita\/"},"author":{"name":"Luca Biondi","@id":"https:\/\/www.centrocliniconemo.it\/en\/#\/schema\/person\/9331a87c0a8ee435c61f5dd498531434"},"headline":"Napoli, Apre Il Quinto Centro Clinico Nemo","datePublished":"2020-11-10T13:06:36+00:00","dateModified":"2023-07-19T11:33:46+00:00","mainEntityOfPage":{"@id":"https:\/\/www.centrocliniconemo.it\/en\/blog\/nemo-napoli-vita\/"},"wordCount":769,"publisher":{"@id":"https:\/\/www.centrocliniconemo.it\/en\/#organization"},"image":{"@id":"https:\/\/www.centrocliniconemo.it\/en\/blog\/nemo-napoli-vita\/#primaryimage"},"thumbnailUrl":"https:\/\/www.centrocliniconemo.it\/wp-content\/uploads\/2023\/07\/Alberto-Fontana-NeMO-Napoli-graphic.png","articleSection":["Iniziative ed eventi","Storie di NeMO"],"inLanguage":"en-US"},{"@type":"WebPage","@id":"https:\/\/www.centrocliniconemo.it\/en\/blog\/nemo-napoli-vita\/","url":"https:\/\/www.centrocliniconemo.it\/en\/blog\/nemo-napoli-vita\/","name":"Napoli, Apre Il Quinto Centro Clinico Nemo - Centro Clinico NeMO","isPartOf":{"@id":"https:\/\/www.centrocliniconemo.it\/en\/#website"},"primaryImageOfPage":{"@id":"https:\/\/www.centrocliniconemo.it\/en\/blog\/nemo-napoli-vita\/#primaryimage"},"image":{"@id":"https:\/\/www.centrocliniconemo.it\/en\/blog\/nemo-napoli-vita\/#primaryimage"},"thumbnailUrl":"https:\/\/www.centrocliniconemo.it\/wp-content\/uploads\/2023\/07\/Alberto-Fontana-NeMO-Napoli-graphic.png","datePublished":"2020-11-10T13:06:36+00:00","dateModified":"2023-07-19T11:33:46+00:00","breadcrumb":{"@id":"https:\/\/www.centrocliniconemo.it\/en\/blog\/nemo-napoli-vita\/#breadcrumb"},"inLanguage":"en-US","potentialAction":[{"@type":"ReadAction","target":["https:\/\/www.centrocliniconemo.it\/en\/blog\/nemo-napoli-vita\/"]}]},{"@type":"ImageObject","inLanguage":"en-US","@id":"https:\/\/www.centrocliniconemo.it\/en\/blog\/nemo-napoli-vita\/#primaryimage","url":"https:\/\/www.centrocliniconemo.it\/wp-content\/uploads\/2023\/07\/Alberto-Fontana-NeMO-Napoli-graphic.png","contentUrl":"https:\/\/www.centrocliniconemo.it\/wp-content\/uploads\/2023\/07\/Alberto-Fontana-NeMO-Napoli-graphic.png","width":1920,"height":1080},{"@type":"BreadcrumbList","@id":"https:\/\/www.centrocliniconemo.it\/en\/blog\/nemo-napoli-vita\/#breadcrumb","itemListElement":[{"@type":"ListItem","position":1,"name":"Home","item":"https:\/\/www.centrocliniconemo.it\/en\/"},{"@type":"ListItem","position":2,"name":"Napoli, Apre Il Quinto Centro Clinico Nemo"}]},{"@type":"WebSite","@id":"https:\/\/www.centrocliniconemo.it\/en\/#website","url":"https:\/\/www.centrocliniconemo.it\/en\/","name":"Centro Clinico NeMO","description":"Il paziente al centro","publisher":{"@id":"https:\/\/www.centrocliniconemo.it\/en\/#organization"},"potentialAction":[{"@type":"SearchAction","target":{"@type":"EntryPoint","urlTemplate":"https:\/\/www.centrocliniconemo.it\/en\/?s={search_term_string}"},"query-input":{"@type":"PropertyValueSpecification","valueRequired":true,"valueName":"search_term_string"}}],"inLanguage":"en-US"},{"@type":"Organization","@id":"https:\/\/www.centrocliniconemo.it\/en\/#organization","name":"Centro Clinico NeMO - Fondazione Serena Onlus","url":"https:\/\/www.centrocliniconemo.it\/en\/","logo":{"@type":"ImageObject","inLanguage":"en-US","@id":"https:\/\/www.centrocliniconemo.it\/en\/#\/schema\/logo\/image\/","url":"https:\/\/www.centrocliniconemo.it\/wp-content\/uploads\/2023\/03\/logo-nemo.svg","contentUrl":"https:\/\/www.centrocliniconemo.it\/wp-content\/uploads\/2023\/03\/logo-nemo.svg","width":272,"height":109.142,"caption":"Centro Clinico NeMO - Fondazione Serena Onlus"},"image":{"@id":"https:\/\/www.centrocliniconemo.it\/en\/#\/schema\/logo\/image\/"},"sameAs":["https:\/\/www.facebook.com\/CentroNEMOItalia","https:\/\/x.com\/CentroNemo","https:\/\/www.linkedin.com\/company\/centrocliniconemo\/","https:\/\/www.instagram.com\/centrocliniconemo\/"]},{"@type":"Person","@id":"https:\/\/www.centrocliniconemo.it\/en\/#\/schema\/person\/9331a87c0a8ee435c61f5dd498531434","name":"Luca Biondi","image":{"@type":"ImageObject","inLanguage":"en-US","@id":"https:\/\/secure.gravatar.com\/avatar\/0488b88829885ebcc9896de947265b69d2979e6dc4666b1e2c3d4fbf8dc73d77?s=96&d=mm&r=g","url":"https:\/\/secure.gravatar.com\/avatar\/0488b88829885ebcc9896de947265b69d2979e6dc4666b1e2c3d4fbf8dc73d77?s=96&d=mm&r=g","contentUrl":"https:\/\/secure.gravatar.com\/avatar\/0488b88829885ebcc9896de947265b69d2979e6dc4666b1e2c3d4fbf8dc73d77?s=96&d=mm&r=g","caption":"Luca Biondi"}}]}},"_links":{"self":[{"href":"https:\/\/www.centrocliniconemo.it\/en\/wp-json\/wp\/v2\/posts\/13333","targetHints":{"allow":["GET"]}}],"collection":[{"href":"https:\/\/www.centrocliniconemo.it\/en\/wp-json\/wp\/v2\/posts"}],"about":[{"href":"https:\/\/www.centrocliniconemo.it\/en\/wp-json\/wp\/v2\/types\/post"}],"author":[{"embeddable":true,"href":"https:\/\/www.centrocliniconemo.it\/en\/wp-json\/wp\/v2\/users\/2"}],"replies":[{"embeddable":true,"href":"https:\/\/www.centrocliniconemo.it\/en\/wp-json\/wp\/v2\/comments?post=13333"}],"version-history":[{"count":0,"href":"https:\/\/www.centrocliniconemo.it\/en\/wp-json\/wp\/v2\/posts\/13333\/revisions"}],"wp:featuredmedia":[{"embeddable":true,"href":"https:\/\/www.centrocliniconemo.it\/en\/wp-json\/wp\/v2\/media\/11708"}],"wp:attachment":[{"href":"https:\/\/www.centrocliniconemo.it\/en\/wp-json\/wp\/v2\/media?parent=13333"}],"wp:term":[{"taxonomy":"category","embeddable":true,"href":"https:\/\/www.centrocliniconemo.it\/en\/wp-json\/wp\/v2\/categories?post=13333"},{"taxonomy":"post_tag","embeddable":true,"href":"https:\/\/www.centrocliniconemo.it\/en\/wp-json\/wp\/v2\/tags?post=13333"}],"curies":[{"name":"wp","href":"https:\/\/api.w.org\/{rel}","templated":true}]}}