{"id":13325,"date":"2020-11-16T20:49:51","date_gmt":"2020-11-16T20:49:51","guid":{"rendered":"https:\/\/www.centrocliniconemo.it\/blog\/ricerca-trovato-punto-debole-sma"},"modified":"2023-07-19T12:16:41","modified_gmt":"2023-07-19T12:16:41","slug":"ricerca-trovato-punto-debole-sma","status":"publish","type":"post","link":"https:\/\/www.centrocliniconemo.it\/en\/blog\/ricerca-trovato-punto-debole-sma\/","title":{"rendered":"La Ricerca Ha Trovato Un Altro Punto Debole Nella Sma"},"content":{"rendered":"<h4 style=\"text-align: justify;\"><em>Continua la ricerca sull\u2019Atrofia Muscolare Spinale (#SMA): dobbiamo conoscere tutti i suoi meccanismi per arrivare a trattamenti di cura sempre pi\u00f9 efficaci.<\/em><\/h4>\n<p style=\"text-align: justify;\">L\u2019Atrofia Muscolare Spinale (#SMA) \u00e8 una malattia genetica dei nervi motori, che provocano debolezza muscolare e atrofia. I nervi motori sono formati da fasci di fibre nervose, che originano da alcune cellule del midollo spinale e che trasmettono ai muscoli il comando di movimento: i motoneuroni. Ecco perch\u00e9 la patologia colpisce i muscoli di tutto il corpo.<\/p>\n<p><!--more--><\/p>\n<p style=\"text-align: justify;\"><strong>La SMA \u00e8 una malattia rara che si manifesta in circa 8 bambini nati su 100.000<\/strong> e che colpisce circa 1 individuo su 6.000-10.000 in tutto il mondo.<\/p>\n<p style=\"text-align: justify;\"><img decoding=\"async\" src=\"https:\/\/www.centrocliniconemo.it\/wp-content\/uploads\/2023\/07\/bambino-bambina-bambini-sma-01.png\" alt=\"bambino bambina bambini sma #01\" width=\"1920\" style=\"width: 1920px;\"><\/p>\n<p style=\"text-align: justify;\">La SMA \u00e8 causata del gene SMN1, che riduce i livelli della proteina chiamata SMN (Survival Motor Neuron), provocando in questo modo, fin dai primi mesi di vita, difetti nei motoneuroni, portando alla progressiva atrofia muscolare.<\/p>\n<p style=\"text-align: justify;\">E\u2019 molto importante comprendere fino in fondo il funzionamento di SMN perch\u00e9 queste conoscenze permettono di sviluppare pi\u00f9 opzioni terapeutiche efficaci per tutti i pazienti, come \u00e8 avvenuto con l\u2019approvazione dei primi due nuovi trattamenti di cura.<\/p>\n<p style=\"text-align: justify;\">Uno studio europeo finanziato da <a href=\"http:\/\/www.telethon.it\" rel=\"noopener\" target=\"_blank\">Fondazione Telethon<\/a>, insieme a Fondazione Telethon (Francia), <a href=\"http:\/\/www.provincia.tn.it\" rel=\"noopener\">Provincia Autonoma di Trento<\/a> e <a href=\"https:\/\/www.fondazionecaritro.it\" rel=\"noopener\" target=\"_blank\">Caritro<\/a>, aggiunge <span style=\"font-weight: bold;\">nuovi tasselli alla conoscenza<\/span> del preciso funzionamento di SMN. Lo studio si concentra sul capire le conseguenze della mancanza di questa proteina, ponendo attenzione sulla poco studiata connessione tra SMN e ribosomi, il \u201cmacchinario cellulare\u201d che consente la produzione delle proteine nelle cellule. I primi risultati del lavoro sono stati pubblicati sulla prestigiosa rivista scientifica <a href=\"https:\/\/www.nature.com\/ncb\/\" rel=\"noopener\" target=\"_blank\">Nature Cell Biology<\/a>.<\/p>\n<p style=\"text-align: justify;\"><img decoding=\"async\" src=\"https:\/\/www.centrocliniconemo.it\/wp-content\/uploads\/2023\/07\/bambino-bambina-bambini-sma-02.png\" alt=\"bambino bambina bambini sma #02\" width=\"1920\" style=\"width: 1920px;\"><\/p>\n<p style=\"text-align: justify;\">Gabriella Viero del Consiglio Nazionale delle Ricerche &#8211; <a href=\"http:\/\/www.igb.cnr.it\" rel=\"noopener\" target=\"_blank\">CNR, Istituto di genetica e biofisica &#8220;Adriano Buzzati Traverso&#8221; (IGB)<\/a>, coordinatrice dello studio e co-autrice del lavoro pubblicato, spiega:<\/p>\n<p style=\"text-align: justify;\"><em><strong>\u201cOra abbiamo scoperto come la mancanza di tale proteina &#8220;blocchi&#8221; il normale processo di formazione delle proteine. Indispensabile per un corretto sviluppo dell&#8217;organismo. Aver individuato una precisa connessione tra la proteina SMN e l&#8217;attivit\u00e0 dei ribosomi getta nuova luce sul meccanismo molecolare che caratterizza questa malattia, aprendo la strada alla progettazione di nuove tempie mirate\u201d.<\/strong><\/em><\/p>\n<p style=\"text-align: justify;\">Costo progetto: 378.455\u20ac | Durata: 2019-2022<\/p>\n<p style=\"text-align: justify;\">Il lavoro silenzioso della ricerca \u00e8 fatto di menti e cuori che ogni giorno sono impegnati nel fare luce sulla conoscenza delle patologie per le quali sono necessarie nuovi trattamenti di cura.&nbsp;<\/p>\n<p style=\"text-align: justify;\">&nbsp;<\/p>\n","protected":false},"excerpt":{"rendered":"<p>Continua la ricerca sull\u2019Atrofia Muscolare Spinale (SMA): dobbiamo conoscere tutti i suoi meccanismi per arrivare a trattamenti di cura sempre pi\u00f9 efficaci<\/p>\n","protected":false},"author":2,"featured_media":11724,"comment_status":"closed","ping_status":"closed","sticky":false,"template":"","format":"standard","meta":{"pgc_sgb_lightbox_settings":"","footnotes":""},"categories":[28],"tags":[],"class_list":["post-13325","post","type-post","status-publish","format-standard","has-post-thumbnail","hentry","category-cura-ricerca-e-formazione"],"yoast_head":"<!-- This site is optimized with the Yoast SEO plugin v27.4 - https:\/\/yoast.com\/product\/yoast-seo-wordpress\/ -->\n<title>La Ricerca Ha Trovato Un Altro Punto Debole Nella Sma - Centro Clinico NeMO<\/title>\n<meta name=\"robots\" content=\"index, follow, max-snippet:-1, max-image-preview:large, max-video-preview:-1\" \/>\n<link rel=\"canonical\" href=\"https:\/\/www.centrocliniconemo.it\/en\/blog\/ricerca-trovato-punto-debole-sma\/\" \/>\n<meta property=\"og:locale\" content=\"en_US\" \/>\n<meta property=\"og:type\" content=\"article\" \/>\n<meta property=\"og:title\" content=\"La Ricerca Ha Trovato Un Altro Punto Debole Nella Sma - Centro Clinico NeMO\" \/>\n<meta property=\"og:description\" content=\"Continua la ricerca sull\u2019Atrofia Muscolare Spinale (SMA): dobbiamo conoscere tutti i suoi meccanismi per arrivare a trattamenti di cura sempre pi\u00f9 efficaci\" \/>\n<meta property=\"og:url\" content=\"https:\/\/www.centrocliniconemo.it\/en\/blog\/ricerca-trovato-punto-debole-sma\/\" \/>\n<meta property=\"og:site_name\" content=\"Centro Clinico NeMO\" \/>\n<meta property=\"article:publisher\" content=\"https:\/\/www.facebook.com\/CentroNEMOItalia\" \/>\n<meta property=\"article:published_time\" content=\"2020-11-16T20:49:51+00:00\" \/>\n<meta property=\"article:modified_time\" content=\"2023-07-19T12:16:41+00:00\" \/>\n<meta property=\"og:image\" content=\"https:\/\/www.centrocliniconemo.it\/wp-content\/uploads\/2023\/07\/bambino-bambina-bambini-sma-03.png\" \/>\n\t<meta property=\"og:image:width\" content=\"1920\" \/>\n\t<meta property=\"og:image:height\" content=\"1080\" \/>\n\t<meta property=\"og:image:type\" content=\"image\/png\" \/>\n<meta name=\"author\" content=\"Luca Biondi\" \/>\n<meta name=\"twitter:card\" content=\"summary_large_image\" \/>\n<meta name=\"twitter:creator\" content=\"@CentroNemo\" \/>\n<meta name=\"twitter:site\" content=\"@CentroNemo\" \/>\n<meta name=\"twitter:label1\" content=\"Written by\" \/>\n\t<meta name=\"twitter:data1\" content=\"Luca Biondi\" \/>\n\t<meta name=\"twitter:label2\" content=\"Est. reading time\" \/>\n\t<meta name=\"twitter:data2\" content=\"2 minutes\" \/>\n<script type=\"application\/ld+json\" class=\"yoast-schema-graph\">{\"@context\":\"https:\\\/\\\/schema.org\",\"@graph\":[{\"@type\":\"Article\",\"@id\":\"https:\\\/\\\/www.centrocliniconemo.it\\\/en\\\/blog\\\/ricerca-trovato-punto-debole-sma\\\/#article\",\"isPartOf\":{\"@id\":\"https:\\\/\\\/www.centrocliniconemo.it\\\/en\\\/blog\\\/ricerca-trovato-punto-debole-sma\\\/\"},\"author\":{\"name\":\"Luca Biondi\",\"@id\":\"https:\\\/\\\/www.centrocliniconemo.it\\\/en\\\/#\\\/schema\\\/person\\\/9331a87c0a8ee435c61f5dd498531434\"},\"headline\":\"La Ricerca Ha Trovato Un Altro Punto Debole Nella Sma\",\"datePublished\":\"2020-11-16T20:49:51+00:00\",\"dateModified\":\"2023-07-19T12:16:41+00:00\",\"mainEntityOfPage\":{\"@id\":\"https:\\\/\\\/www.centrocliniconemo.it\\\/en\\\/blog\\\/ricerca-trovato-punto-debole-sma\\\/\"},\"wordCount\":384,\"publisher\":{\"@id\":\"https:\\\/\\\/www.centrocliniconemo.it\\\/en\\\/#organization\"},\"image\":{\"@id\":\"https:\\\/\\\/www.centrocliniconemo.it\\\/en\\\/blog\\\/ricerca-trovato-punto-debole-sma\\\/#primaryimage\"},\"thumbnailUrl\":\"https:\\\/\\\/www.centrocliniconemo.it\\\/wp-content\\\/uploads\\\/2023\\\/07\\\/bambino-bambina-bambini-sma-03.png\",\"articleSection\":[\"Cura, ricerca e formazione\"],\"inLanguage\":\"en-US\"},{\"@type\":\"WebPage\",\"@id\":\"https:\\\/\\\/www.centrocliniconemo.it\\\/en\\\/blog\\\/ricerca-trovato-punto-debole-sma\\\/\",\"url\":\"https:\\\/\\\/www.centrocliniconemo.it\\\/en\\\/blog\\\/ricerca-trovato-punto-debole-sma\\\/\",\"name\":\"La Ricerca Ha Trovato Un Altro Punto Debole Nella Sma - Centro Clinico NeMO\",\"isPartOf\":{\"@id\":\"https:\\\/\\\/www.centrocliniconemo.it\\\/en\\\/#website\"},\"primaryImageOfPage\":{\"@id\":\"https:\\\/\\\/www.centrocliniconemo.it\\\/en\\\/blog\\\/ricerca-trovato-punto-debole-sma\\\/#primaryimage\"},\"image\":{\"@id\":\"https:\\\/\\\/www.centrocliniconemo.it\\\/en\\\/blog\\\/ricerca-trovato-punto-debole-sma\\\/#primaryimage\"},\"thumbnailUrl\":\"https:\\\/\\\/www.centrocliniconemo.it\\\/wp-content\\\/uploads\\\/2023\\\/07\\\/bambino-bambina-bambini-sma-03.png\",\"datePublished\":\"2020-11-16T20:49:51+00:00\",\"dateModified\":\"2023-07-19T12:16:41+00:00\",\"breadcrumb\":{\"@id\":\"https:\\\/\\\/www.centrocliniconemo.it\\\/en\\\/blog\\\/ricerca-trovato-punto-debole-sma\\\/#breadcrumb\"},\"inLanguage\":\"en-US\",\"potentialAction\":[{\"@type\":\"ReadAction\",\"target\":[\"https:\\\/\\\/www.centrocliniconemo.it\\\/en\\\/blog\\\/ricerca-trovato-punto-debole-sma\\\/\"]}]},{\"@type\":\"ImageObject\",\"inLanguage\":\"en-US\",\"@id\":\"https:\\\/\\\/www.centrocliniconemo.it\\\/en\\\/blog\\\/ricerca-trovato-punto-debole-sma\\\/#primaryimage\",\"url\":\"https:\\\/\\\/www.centrocliniconemo.it\\\/wp-content\\\/uploads\\\/2023\\\/07\\\/bambino-bambina-bambini-sma-03.png\",\"contentUrl\":\"https:\\\/\\\/www.centrocliniconemo.it\\\/wp-content\\\/uploads\\\/2023\\\/07\\\/bambino-bambina-bambini-sma-03.png\",\"width\":1920,\"height\":1080},{\"@type\":\"BreadcrumbList\",\"@id\":\"https:\\\/\\\/www.centrocliniconemo.it\\\/en\\\/blog\\\/ricerca-trovato-punto-debole-sma\\\/#breadcrumb\",\"itemListElement\":[{\"@type\":\"ListItem\",\"position\":1,\"name\":\"Home\",\"item\":\"https:\\\/\\\/www.centrocliniconemo.it\\\/en\\\/\"},{\"@type\":\"ListItem\",\"position\":2,\"name\":\"La Ricerca Ha Trovato Un Altro Punto Debole Nella Sma\"}]},{\"@type\":\"WebSite\",\"@id\":\"https:\\\/\\\/www.centrocliniconemo.it\\\/en\\\/#website\",\"url\":\"https:\\\/\\\/www.centrocliniconemo.it\\\/en\\\/\",\"name\":\"Centro Clinico NeMO\",\"description\":\"Il paziente al centro\",\"publisher\":{\"@id\":\"https:\\\/\\\/www.centrocliniconemo.it\\\/en\\\/#organization\"},\"potentialAction\":[{\"@type\":\"SearchAction\",\"target\":{\"@type\":\"EntryPoint\",\"urlTemplate\":\"https:\\\/\\\/www.centrocliniconemo.it\\\/en\\\/?s={search_term_string}\"},\"query-input\":{\"@type\":\"PropertyValueSpecification\",\"valueRequired\":true,\"valueName\":\"search_term_string\"}}],\"inLanguage\":\"en-US\"},{\"@type\":\"Organization\",\"@id\":\"https:\\\/\\\/www.centrocliniconemo.it\\\/en\\\/#organization\",\"name\":\"Centro Clinico NeMO - Fondazione Serena Onlus\",\"url\":\"https:\\\/\\\/www.centrocliniconemo.it\\\/en\\\/\",\"logo\":{\"@type\":\"ImageObject\",\"inLanguage\":\"en-US\",\"@id\":\"https:\\\/\\\/www.centrocliniconemo.it\\\/en\\\/#\\\/schema\\\/logo\\\/image\\\/\",\"url\":\"https:\\\/\\\/www.centrocliniconemo.it\\\/wp-content\\\/uploads\\\/2023\\\/03\\\/logo-nemo.svg\",\"contentUrl\":\"https:\\\/\\\/www.centrocliniconemo.it\\\/wp-content\\\/uploads\\\/2023\\\/03\\\/logo-nemo.svg\",\"width\":272,\"height\":109.142,\"caption\":\"Centro Clinico NeMO - Fondazione Serena Onlus\"},\"image\":{\"@id\":\"https:\\\/\\\/www.centrocliniconemo.it\\\/en\\\/#\\\/schema\\\/logo\\\/image\\\/\"},\"sameAs\":[\"https:\\\/\\\/www.facebook.com\\\/CentroNEMOItalia\",\"https:\\\/\\\/x.com\\\/CentroNemo\",\"https:\\\/\\\/www.linkedin.com\\\/company\\\/centrocliniconemo\\\/\",\"https:\\\/\\\/www.instagram.com\\\/centrocliniconemo\\\/\"]},{\"@type\":\"Person\",\"@id\":\"https:\\\/\\\/www.centrocliniconemo.it\\\/en\\\/#\\\/schema\\\/person\\\/9331a87c0a8ee435c61f5dd498531434\",\"name\":\"Luca Biondi\",\"image\":{\"@type\":\"ImageObject\",\"inLanguage\":\"en-US\",\"@id\":\"https:\\\/\\\/secure.gravatar.com\\\/avatar\\\/0488b88829885ebcc9896de947265b69d2979e6dc4666b1e2c3d4fbf8dc73d77?s=96&d=mm&r=g\",\"url\":\"https:\\\/\\\/secure.gravatar.com\\\/avatar\\\/0488b88829885ebcc9896de947265b69d2979e6dc4666b1e2c3d4fbf8dc73d77?s=96&d=mm&r=g\",\"contentUrl\":\"https:\\\/\\\/secure.gravatar.com\\\/avatar\\\/0488b88829885ebcc9896de947265b69d2979e6dc4666b1e2c3d4fbf8dc73d77?s=96&d=mm&r=g\",\"caption\":\"Luca Biondi\"}}]}<\/script>\n<!-- \/ Yoast SEO plugin. -->","yoast_head_json":{"title":"La Ricerca Ha Trovato Un Altro Punto Debole Nella Sma - Centro Clinico NeMO","robots":{"index":"index","follow":"follow","max-snippet":"max-snippet:-1","max-image-preview":"max-image-preview:large","max-video-preview":"max-video-preview:-1"},"canonical":"https:\/\/www.centrocliniconemo.it\/en\/blog\/ricerca-trovato-punto-debole-sma\/","og_locale":"en_US","og_type":"article","og_title":"La Ricerca Ha Trovato Un Altro Punto Debole Nella Sma - Centro Clinico NeMO","og_description":"Continua la ricerca sull\u2019Atrofia Muscolare Spinale (SMA): dobbiamo conoscere tutti i suoi meccanismi per arrivare a trattamenti di cura sempre pi\u00f9 efficaci","og_url":"https:\/\/www.centrocliniconemo.it\/en\/blog\/ricerca-trovato-punto-debole-sma\/","og_site_name":"Centro Clinico NeMO","article_publisher":"https:\/\/www.facebook.com\/CentroNEMOItalia","article_published_time":"2020-11-16T20:49:51+00:00","article_modified_time":"2023-07-19T12:16:41+00:00","og_image":[{"width":1920,"height":1080,"url":"https:\/\/www.centrocliniconemo.it\/wp-content\/uploads\/2023\/07\/bambino-bambina-bambini-sma-03.png","type":"image\/png"}],"author":"Luca Biondi","twitter_card":"summary_large_image","twitter_creator":"@CentroNemo","twitter_site":"@CentroNemo","twitter_misc":{"Written by":"Luca Biondi","Est. reading time":"2 minutes"},"schema":{"@context":"https:\/\/schema.org","@graph":[{"@type":"Article","@id":"https:\/\/www.centrocliniconemo.it\/en\/blog\/ricerca-trovato-punto-debole-sma\/#article","isPartOf":{"@id":"https:\/\/www.centrocliniconemo.it\/en\/blog\/ricerca-trovato-punto-debole-sma\/"},"author":{"name":"Luca Biondi","@id":"https:\/\/www.centrocliniconemo.it\/en\/#\/schema\/person\/9331a87c0a8ee435c61f5dd498531434"},"headline":"La Ricerca Ha Trovato Un Altro Punto Debole Nella Sma","datePublished":"2020-11-16T20:49:51+00:00","dateModified":"2023-07-19T12:16:41+00:00","mainEntityOfPage":{"@id":"https:\/\/www.centrocliniconemo.it\/en\/blog\/ricerca-trovato-punto-debole-sma\/"},"wordCount":384,"publisher":{"@id":"https:\/\/www.centrocliniconemo.it\/en\/#organization"},"image":{"@id":"https:\/\/www.centrocliniconemo.it\/en\/blog\/ricerca-trovato-punto-debole-sma\/#primaryimage"},"thumbnailUrl":"https:\/\/www.centrocliniconemo.it\/wp-content\/uploads\/2023\/07\/bambino-bambina-bambini-sma-03.png","articleSection":["Cura, ricerca e formazione"],"inLanguage":"en-US"},{"@type":"WebPage","@id":"https:\/\/www.centrocliniconemo.it\/en\/blog\/ricerca-trovato-punto-debole-sma\/","url":"https:\/\/www.centrocliniconemo.it\/en\/blog\/ricerca-trovato-punto-debole-sma\/","name":"La Ricerca Ha Trovato Un Altro Punto Debole Nella Sma - Centro Clinico NeMO","isPartOf":{"@id":"https:\/\/www.centrocliniconemo.it\/en\/#website"},"primaryImageOfPage":{"@id":"https:\/\/www.centrocliniconemo.it\/en\/blog\/ricerca-trovato-punto-debole-sma\/#primaryimage"},"image":{"@id":"https:\/\/www.centrocliniconemo.it\/en\/blog\/ricerca-trovato-punto-debole-sma\/#primaryimage"},"thumbnailUrl":"https:\/\/www.centrocliniconemo.it\/wp-content\/uploads\/2023\/07\/bambino-bambina-bambini-sma-03.png","datePublished":"2020-11-16T20:49:51+00:00","dateModified":"2023-07-19T12:16:41+00:00","breadcrumb":{"@id":"https:\/\/www.centrocliniconemo.it\/en\/blog\/ricerca-trovato-punto-debole-sma\/#breadcrumb"},"inLanguage":"en-US","potentialAction":[{"@type":"ReadAction","target":["https:\/\/www.centrocliniconemo.it\/en\/blog\/ricerca-trovato-punto-debole-sma\/"]}]},{"@type":"ImageObject","inLanguage":"en-US","@id":"https:\/\/www.centrocliniconemo.it\/en\/blog\/ricerca-trovato-punto-debole-sma\/#primaryimage","url":"https:\/\/www.centrocliniconemo.it\/wp-content\/uploads\/2023\/07\/bambino-bambina-bambini-sma-03.png","contentUrl":"https:\/\/www.centrocliniconemo.it\/wp-content\/uploads\/2023\/07\/bambino-bambina-bambini-sma-03.png","width":1920,"height":1080},{"@type":"BreadcrumbList","@id":"https:\/\/www.centrocliniconemo.it\/en\/blog\/ricerca-trovato-punto-debole-sma\/#breadcrumb","itemListElement":[{"@type":"ListItem","position":1,"name":"Home","item":"https:\/\/www.centrocliniconemo.it\/en\/"},{"@type":"ListItem","position":2,"name":"La Ricerca Ha Trovato Un Altro Punto Debole Nella Sma"}]},{"@type":"WebSite","@id":"https:\/\/www.centrocliniconemo.it\/en\/#website","url":"https:\/\/www.centrocliniconemo.it\/en\/","name":"Centro Clinico NeMO","description":"Il paziente al centro","publisher":{"@id":"https:\/\/www.centrocliniconemo.it\/en\/#organization"},"potentialAction":[{"@type":"SearchAction","target":{"@type":"EntryPoint","urlTemplate":"https:\/\/www.centrocliniconemo.it\/en\/?s={search_term_string}"},"query-input":{"@type":"PropertyValueSpecification","valueRequired":true,"valueName":"search_term_string"}}],"inLanguage":"en-US"},{"@type":"Organization","@id":"https:\/\/www.centrocliniconemo.it\/en\/#organization","name":"Centro Clinico NeMO - Fondazione Serena Onlus","url":"https:\/\/www.centrocliniconemo.it\/en\/","logo":{"@type":"ImageObject","inLanguage":"en-US","@id":"https:\/\/www.centrocliniconemo.it\/en\/#\/schema\/logo\/image\/","url":"https:\/\/www.centrocliniconemo.it\/wp-content\/uploads\/2023\/03\/logo-nemo.svg","contentUrl":"https:\/\/www.centrocliniconemo.it\/wp-content\/uploads\/2023\/03\/logo-nemo.svg","width":272,"height":109.142,"caption":"Centro Clinico NeMO - Fondazione Serena Onlus"},"image":{"@id":"https:\/\/www.centrocliniconemo.it\/en\/#\/schema\/logo\/image\/"},"sameAs":["https:\/\/www.facebook.com\/CentroNEMOItalia","https:\/\/x.com\/CentroNemo","https:\/\/www.linkedin.com\/company\/centrocliniconemo\/","https:\/\/www.instagram.com\/centrocliniconemo\/"]},{"@type":"Person","@id":"https:\/\/www.centrocliniconemo.it\/en\/#\/schema\/person\/9331a87c0a8ee435c61f5dd498531434","name":"Luca Biondi","image":{"@type":"ImageObject","inLanguage":"en-US","@id":"https:\/\/secure.gravatar.com\/avatar\/0488b88829885ebcc9896de947265b69d2979e6dc4666b1e2c3d4fbf8dc73d77?s=96&d=mm&r=g","url":"https:\/\/secure.gravatar.com\/avatar\/0488b88829885ebcc9896de947265b69d2979e6dc4666b1e2c3d4fbf8dc73d77?s=96&d=mm&r=g","contentUrl":"https:\/\/secure.gravatar.com\/avatar\/0488b88829885ebcc9896de947265b69d2979e6dc4666b1e2c3d4fbf8dc73d77?s=96&d=mm&r=g","caption":"Luca Biondi"}}]}},"_links":{"self":[{"href":"https:\/\/www.centrocliniconemo.it\/en\/wp-json\/wp\/v2\/posts\/13325","targetHints":{"allow":["GET"]}}],"collection":[{"href":"https:\/\/www.centrocliniconemo.it\/en\/wp-json\/wp\/v2\/posts"}],"about":[{"href":"https:\/\/www.centrocliniconemo.it\/en\/wp-json\/wp\/v2\/types\/post"}],"author":[{"embeddable":true,"href":"https:\/\/www.centrocliniconemo.it\/en\/wp-json\/wp\/v2\/users\/2"}],"replies":[{"embeddable":true,"href":"https:\/\/www.centrocliniconemo.it\/en\/wp-json\/wp\/v2\/comments?post=13325"}],"version-history":[{"count":0,"href":"https:\/\/www.centrocliniconemo.it\/en\/wp-json\/wp\/v2\/posts\/13325\/revisions"}],"wp:featuredmedia":[{"embeddable":true,"href":"https:\/\/www.centrocliniconemo.it\/en\/wp-json\/wp\/v2\/media\/11724"}],"wp:attachment":[{"href":"https:\/\/www.centrocliniconemo.it\/en\/wp-json\/wp\/v2\/media?parent=13325"}],"wp:term":[{"taxonomy":"category","embeddable":true,"href":"https:\/\/www.centrocliniconemo.it\/en\/wp-json\/wp\/v2\/categories?post=13325"},{"taxonomy":"post_tag","embeddable":true,"href":"https:\/\/www.centrocliniconemo.it\/en\/wp-json\/wp\/v2\/tags?post=13325"}],"curies":[{"name":"wp","href":"https:\/\/api.w.org\/{rel}","templated":true}]}}