{"id":13319,"date":"2020-12-03T08:36:25","date_gmt":"2020-12-03T08:36:25","guid":{"rendered":"https:\/\/www.centrocliniconemo.it\/blog\/giornata-della-disabilita-fontana"},"modified":"2023-07-19T11:33:44","modified_gmt":"2023-07-19T11:33:44","slug":"giornata-della-disabilita-fontana","status":"publish","type":"post","link":"https:\/\/www.centrocliniconemo.it\/en\/blog\/giornata-della-disabilita-fontana\/","title":{"rendered":"Giornata Della Disabilita&#8217;. Fontana: &#8220;Fare Della Fragilita&#8217; Una Risorsa Per Tutti&#8221;"},"content":{"rendered":"<h4 style=\"text-align: justify;\"><em><strong>3 dicembre 2020, Giornata internazionale della disabilit\u00e0: \u201cRicostruire meglio: verso un mondo post Covid -19 inclusivo della disabilit\u00e0, accessibile e sostenibile\u201d.<\/strong><\/em><\/h4>\n<p style=\"text-align: justify;\">La nostra comunit\u00e0 di persone con malattia neuromuscolare, insieme, oggi celebra la 39\u00b0 Giornata della disabilit\u00e0, per raccontare la libert\u00e0 e l\u2019impegno di essere risorsa, in una societ\u00e0 che, oggi pi\u00f9 che mai, si scopre fragile, costretta ad affrontare un nuovo modo di vivere il sociale.<\/p>\n<p><!--more--><\/p>\n<p style=\"text-align: justify;\">Una comunit\u00e0 di persone con SLA, SMA e distrofie muscolari che ha imparato a fare della fragilit\u00e0 la propria forza, facendo i conti ogni giorno con la sfida del limite imposto dalla malattia e che oggi, insieme, continua a lottare per affermare di poter contribuire a dare risposte nuove, che possano generare cambiamento.<\/p>\n<p style=\"text-align: justify;\">S\u00ec, perch\u00e9 in un tempo in cui tutti ci troviamo a porci le domande di senso del nostro essere societ\u00e0, questa Giornata diventa opportunit\u00e0 per raccontare che \u00e8 possibile ripensare a nuovi modelli culturali di convivenza e sviluppo, grazie ai quali \u201cnessuno possa essere lasciato indietro\u201d, come cita l\u2019Agenda 2030.<\/p>\n<p><img decoding=\"async\" src=\"https:\/\/www.centrocliniconemo.it\/wp-content\/uploads\/2023\/07\/Giornata-Internazionale-delle-persone-con-disabilita.jpg\" alt=\"Giornata-Internazionale-delle-persone-con-disabilit\u00e0\" width=\"501\" style=\"width: 501px; display: block; margin-left: auto; margin-right: auto;\"><\/p>\n<p style=\"text-align: justify;\">Con oltre 3.734 consulti clinici e interventi a distanza, 600 ambulatori in chiamata e videochat di supporto psicologico, 934 chiamate al servizio di nurse coaching, 3.153 chiamate al <a href=\"https:\/\/aisla.it\/il-centro-di-ascolto\/\" rel=\"noopener\" target=\"_blank\">Centro di Ascolto AISLA<\/a>, 759 famiglie con SLA supportate, 145 casi presi in carico dal numero verde di Famiglie SMA e 57 punti di incontro UILDM, <a href=\"https:\/\/aisla.it\/\" rel=\"noopener\" target=\"_blank\">AISLA<\/a> ha fatto immediatamente fronte comune con i <a href=\"http:\/\/centrocliniconemo.it\" rel=\"noopener\" target=\"_blank\">Centri Clinici NeMO<\/a>, <a href=\"https:\/\/www.uildm.org\" rel=\"noopener\" target=\"_blank\">UILDM<\/a> e <a href=\"http:\/\/famigliesma.org\" rel=\"noopener\" target=\"_blank\">Famiglie SMA<\/a> per proteggere le famiglie e rafforzato ulteriormente l\u2019impegno di presa in carico delle persone con malattie neuromuscolari anche \u201ca distanza\u201d.<\/p>\n<p style=\"text-align: justify;\">Questi sono i numeri della prima fase della pandemia, che ci ha isolati nelle nostre case senza la possibilit\u00e0 di essere adeguatamente seguiti secondo un piano di interventi sanitari puntuali (fisioterapia, servizi infermieristici,\u2026) e con visite specialistiche periodiche.<\/p>\n<p style=\"text-align: justify;\">E allora, di fronte all\u2019emergenza, i nodi di una rete di solidariet\u00e0 tessuta sui territori diventano fondamentali per non lasciare nessuno nella paura, dando continuit\u00e0 all\u2019assistenza quotidiana, anche a distanza, o mantenendo viva la relazione, nel creare percorsi di formazione e sostegno. E in risposta alla complessit\u00e0 del bisogno di cura, la stessa rete mette in campo un modello di presa in carico per l\u2019alta complessit\u00e0 assistenziale, fondato sulla continuit\u00e0 tra centro clinico e assistenza al domicilio, che vede nell\u2019alleanza tra medici, associazioni, istituzioni e famiglia il valore che pone al centro la persona e i suoi bisogni.<\/p>\n<p style=\"text-align: justify;\">Progetti e buone pratiche che raccontano come, insieme, diventa possibile costruire una cultura dell\u2019inclusione, a partire dalla creazione delle condizioni sociali e ambientali che permettono a ciascuno di esprimere il proprio valore.<\/p>\n<p style=\"text-align: justify;\">&nbsp;<\/p>\n<p style=\"text-align: justify;\">\u201c<em><strong>Una giornata per provare a leggere con chiavi di lettura nuove il momento storico che stiamo attraversando e vincere la sfida di ripensare ad un mondo possibile. Per un futuro prossimo in cui si&nbsp;parler\u00e0 di reciprocit\u00e0, di limite, di sostenibilit\u00e0 e accessibilit\u00e0 significher\u00e0 riconoscere valori con i quali la societ\u00e0 sta imparando a fare i conti, ma che da sempre appartengono a chi vive l\u2019esperienza di una disabilit\u00e0. Oggi abbiamo l\u2019opportunit\u00e0 di scegliere che tipo di societ\u00e0 vogliamo essere, un\u2019occasione preziosa per costruire una comunit\u00e0 sociale che pu\u00f2 fare della propria fragilit\u00e0 una risorsa per tutti<\/strong><\/em>\u201d, dichiara Alberto Fontana, presidente dei Centri Clinici NeMO.<\/p>\n<p style=\"text-align: justify;\"><img decoding=\"async\" src=\"https:\/\/www.centrocliniconemo.it\/wp-content\/uploads\/2023\/07\/Alberto-Fontana-NeMO-Napoli-graphic.png\" alt=\"Alberto Fontana NeMO Napoli graphic\" width=\"1920\" style=\"width: 1920px;\"><\/p>\n<p style=\"text-align: justify;\">Un messaggio si impone forte in questa Giornata: a prescindere dalle nostre abilit\u00e0 o possibilit\u00e0, abbiamo compreso quanto abbiamo bisogno dell\u2019altro, di stare insieme e di considerarci interdipendenti l\u2019uno dall\u2019altro. Ed \u00e8 il riconoscimento di questo sostegno reciproco che ci permette di pensare a poter costruire insieme quel \u201cbene comune\u201d, che \u00e8 illimitato, inclusivo, portatore di uguaglianza e solidariet\u00e0.<\/p>\n","protected":false},"excerpt":{"rendered":"<p>3 dicembre 2020, Giornata internazionale della disabilit\u00e0: \u201cRicostruire meglio: verso un mondo post Covid -19 inclusivo della disabilit\u00e0, accessibile e sostenibile\u201d.<\/p>\n","protected":false},"author":2,"featured_media":11710,"comment_status":"closed","ping_status":"closed","sticky":false,"template":"","format":"standard","meta":{"pgc_sgb_lightbox_settings":"","footnotes":""},"categories":[17],"tags":[],"class_list":["post-13319","post","type-post","status-publish","format-standard","has-post-thumbnail","hentry","category-iniziative-ed-eventi"],"yoast_head":"<!-- This site is optimized with the Yoast SEO plugin v27.4 - https:\/\/yoast.com\/product\/yoast-seo-wordpress\/ -->\n<title>Giornata Della Disabilita&#039;. Fontana: &quot;Fare Della Fragilita&#039; Una Risorsa Per Tutti&quot; - Centro Clinico NeMO<\/title>\n<meta name=\"robots\" content=\"index, follow, max-snippet:-1, max-image-preview:large, max-video-preview:-1\" \/>\n<link rel=\"canonical\" href=\"https:\/\/www.centrocliniconemo.it\/en\/blog\/giornata-della-disabilita-fontana\/\" \/>\n<meta property=\"og:locale\" content=\"en_US\" \/>\n<meta property=\"og:type\" content=\"article\" \/>\n<meta property=\"og:title\" content=\"Giornata Della Disabilita&#039;. Fontana: &quot;Fare Della Fragilita&#039; Una Risorsa Per Tutti&quot; - Centro Clinico NeMO\" \/>\n<meta property=\"og:description\" content=\"3 dicembre 2020, Giornata internazionale della disabilit\u00e0: \u201cRicostruire meglio: verso un mondo post Covid -19 inclusivo della disabilit\u00e0, accessibile e sostenibile\u201d.\" \/>\n<meta property=\"og:url\" content=\"https:\/\/www.centrocliniconemo.it\/en\/blog\/giornata-della-disabilita-fontana\/\" \/>\n<meta property=\"og:site_name\" content=\"Centro Clinico NeMO\" \/>\n<meta property=\"article:publisher\" content=\"https:\/\/www.facebook.com\/CentroNEMOItalia\" \/>\n<meta property=\"article:published_time\" content=\"2020-12-03T08:36:25+00:00\" \/>\n<meta property=\"article:modified_time\" content=\"2023-07-19T11:33:44+00:00\" \/>\n<meta property=\"og:image\" content=\"https:\/\/www.centrocliniconemo.it\/wp-content\/uploads\/2023\/07\/Fontana-giornale-disabilita.png\" \/>\n\t<meta property=\"og:image:width\" content=\"1920\" \/>\n\t<meta property=\"og:image:height\" content=\"1080\" \/>\n\t<meta property=\"og:image:type\" content=\"image\/png\" \/>\n<meta name=\"author\" content=\"Luca Biondi\" \/>\n<meta name=\"twitter:card\" content=\"summary_large_image\" \/>\n<meta name=\"twitter:creator\" content=\"@CentroNemo\" \/>\n<meta name=\"twitter:site\" content=\"@CentroNemo\" \/>\n<meta name=\"twitter:label1\" content=\"Written by\" \/>\n\t<meta name=\"twitter:data1\" content=\"Luca Biondi\" \/>\n\t<meta name=\"twitter:label2\" content=\"Est. reading time\" \/>\n\t<meta name=\"twitter:data2\" content=\"3 minutes\" \/>\n<script type=\"application\/ld+json\" class=\"yoast-schema-graph\">{\"@context\":\"https:\\\/\\\/schema.org\",\"@graph\":[{\"@type\":\"Article\",\"@id\":\"https:\\\/\\\/www.centrocliniconemo.it\\\/en\\\/blog\\\/giornata-della-disabilita-fontana\\\/#article\",\"isPartOf\":{\"@id\":\"https:\\\/\\\/www.centrocliniconemo.it\\\/en\\\/blog\\\/giornata-della-disabilita-fontana\\\/\"},\"author\":{\"name\":\"Luca Biondi\",\"@id\":\"https:\\\/\\\/www.centrocliniconemo.it\\\/en\\\/#\\\/schema\\\/person\\\/9331a87c0a8ee435c61f5dd498531434\"},\"headline\":\"Giornata Della Disabilita&#8217;. Fontana: &#8220;Fare Della Fragilita&#8217; Una Risorsa Per Tutti&#8221;\",\"datePublished\":\"2020-12-03T08:36:25+00:00\",\"dateModified\":\"2023-07-19T11:33:44+00:00\",\"mainEntityOfPage\":{\"@id\":\"https:\\\/\\\/www.centrocliniconemo.it\\\/en\\\/blog\\\/giornata-della-disabilita-fontana\\\/\"},\"wordCount\":604,\"publisher\":{\"@id\":\"https:\\\/\\\/www.centrocliniconemo.it\\\/en\\\/#organization\"},\"image\":{\"@id\":\"https:\\\/\\\/www.centrocliniconemo.it\\\/en\\\/blog\\\/giornata-della-disabilita-fontana\\\/#primaryimage\"},\"thumbnailUrl\":\"https:\\\/\\\/www.centrocliniconemo.it\\\/wp-content\\\/uploads\\\/2023\\\/07\\\/Fontana-giornale-disabilita.png\",\"articleSection\":[\"Iniziative ed eventi\"],\"inLanguage\":\"en-US\"},{\"@type\":\"WebPage\",\"@id\":\"https:\\\/\\\/www.centrocliniconemo.it\\\/en\\\/blog\\\/giornata-della-disabilita-fontana\\\/\",\"url\":\"https:\\\/\\\/www.centrocliniconemo.it\\\/en\\\/blog\\\/giornata-della-disabilita-fontana\\\/\",\"name\":\"Giornata Della Disabilita'. Fontana: \\\"Fare Della Fragilita' Una Risorsa Per Tutti\\\" - Centro Clinico NeMO\",\"isPartOf\":{\"@id\":\"https:\\\/\\\/www.centrocliniconemo.it\\\/en\\\/#website\"},\"primaryImageOfPage\":{\"@id\":\"https:\\\/\\\/www.centrocliniconemo.it\\\/en\\\/blog\\\/giornata-della-disabilita-fontana\\\/#primaryimage\"},\"image\":{\"@id\":\"https:\\\/\\\/www.centrocliniconemo.it\\\/en\\\/blog\\\/giornata-della-disabilita-fontana\\\/#primaryimage\"},\"thumbnailUrl\":\"https:\\\/\\\/www.centrocliniconemo.it\\\/wp-content\\\/uploads\\\/2023\\\/07\\\/Fontana-giornale-disabilita.png\",\"datePublished\":\"2020-12-03T08:36:25+00:00\",\"dateModified\":\"2023-07-19T11:33:44+00:00\",\"breadcrumb\":{\"@id\":\"https:\\\/\\\/www.centrocliniconemo.it\\\/en\\\/blog\\\/giornata-della-disabilita-fontana\\\/#breadcrumb\"},\"inLanguage\":\"en-US\",\"potentialAction\":[{\"@type\":\"ReadAction\",\"target\":[\"https:\\\/\\\/www.centrocliniconemo.it\\\/en\\\/blog\\\/giornata-della-disabilita-fontana\\\/\"]}]},{\"@type\":\"ImageObject\",\"inLanguage\":\"en-US\",\"@id\":\"https:\\\/\\\/www.centrocliniconemo.it\\\/en\\\/blog\\\/giornata-della-disabilita-fontana\\\/#primaryimage\",\"url\":\"https:\\\/\\\/www.centrocliniconemo.it\\\/wp-content\\\/uploads\\\/2023\\\/07\\\/Fontana-giornale-disabilita.png\",\"contentUrl\":\"https:\\\/\\\/www.centrocliniconemo.it\\\/wp-content\\\/uploads\\\/2023\\\/07\\\/Fontana-giornale-disabilita.png\",\"width\":1920,\"height\":1080},{\"@type\":\"BreadcrumbList\",\"@id\":\"https:\\\/\\\/www.centrocliniconemo.it\\\/en\\\/blog\\\/giornata-della-disabilita-fontana\\\/#breadcrumb\",\"itemListElement\":[{\"@type\":\"ListItem\",\"position\":1,\"name\":\"Home\",\"item\":\"https:\\\/\\\/www.centrocliniconemo.it\\\/en\\\/\"},{\"@type\":\"ListItem\",\"position\":2,\"name\":\"Giornata Della Disabilita&#8217;. Fontana: &#8220;Fare Della Fragilita&#8217; Una Risorsa Per Tutti&#8221;\"}]},{\"@type\":\"WebSite\",\"@id\":\"https:\\\/\\\/www.centrocliniconemo.it\\\/en\\\/#website\",\"url\":\"https:\\\/\\\/www.centrocliniconemo.it\\\/en\\\/\",\"name\":\"Centro Clinico NeMO\",\"description\":\"Il paziente al centro\",\"publisher\":{\"@id\":\"https:\\\/\\\/www.centrocliniconemo.it\\\/en\\\/#organization\"},\"potentialAction\":[{\"@type\":\"SearchAction\",\"target\":{\"@type\":\"EntryPoint\",\"urlTemplate\":\"https:\\\/\\\/www.centrocliniconemo.it\\\/en\\\/?s={search_term_string}\"},\"query-input\":{\"@type\":\"PropertyValueSpecification\",\"valueRequired\":true,\"valueName\":\"search_term_string\"}}],\"inLanguage\":\"en-US\"},{\"@type\":\"Organization\",\"@id\":\"https:\\\/\\\/www.centrocliniconemo.it\\\/en\\\/#organization\",\"name\":\"Centro Clinico NeMO - Fondazione Serena Onlus\",\"url\":\"https:\\\/\\\/www.centrocliniconemo.it\\\/en\\\/\",\"logo\":{\"@type\":\"ImageObject\",\"inLanguage\":\"en-US\",\"@id\":\"https:\\\/\\\/www.centrocliniconemo.it\\\/en\\\/#\\\/schema\\\/logo\\\/image\\\/\",\"url\":\"https:\\\/\\\/www.centrocliniconemo.it\\\/wp-content\\\/uploads\\\/2023\\\/03\\\/logo-nemo.svg\",\"contentUrl\":\"https:\\\/\\\/www.centrocliniconemo.it\\\/wp-content\\\/uploads\\\/2023\\\/03\\\/logo-nemo.svg\",\"width\":272,\"height\":109.142,\"caption\":\"Centro Clinico NeMO - Fondazione Serena Onlus\"},\"image\":{\"@id\":\"https:\\\/\\\/www.centrocliniconemo.it\\\/en\\\/#\\\/schema\\\/logo\\\/image\\\/\"},\"sameAs\":[\"https:\\\/\\\/www.facebook.com\\\/CentroNEMOItalia\",\"https:\\\/\\\/x.com\\\/CentroNemo\",\"https:\\\/\\\/www.linkedin.com\\\/company\\\/centrocliniconemo\\\/\",\"https:\\\/\\\/www.instagram.com\\\/centrocliniconemo\\\/\"]},{\"@type\":\"Person\",\"@id\":\"https:\\\/\\\/www.centrocliniconemo.it\\\/en\\\/#\\\/schema\\\/person\\\/9331a87c0a8ee435c61f5dd498531434\",\"name\":\"Luca Biondi\",\"image\":{\"@type\":\"ImageObject\",\"inLanguage\":\"en-US\",\"@id\":\"https:\\\/\\\/secure.gravatar.com\\\/avatar\\\/0488b88829885ebcc9896de947265b69d2979e6dc4666b1e2c3d4fbf8dc73d77?s=96&d=mm&r=g\",\"url\":\"https:\\\/\\\/secure.gravatar.com\\\/avatar\\\/0488b88829885ebcc9896de947265b69d2979e6dc4666b1e2c3d4fbf8dc73d77?s=96&d=mm&r=g\",\"contentUrl\":\"https:\\\/\\\/secure.gravatar.com\\\/avatar\\\/0488b88829885ebcc9896de947265b69d2979e6dc4666b1e2c3d4fbf8dc73d77?s=96&d=mm&r=g\",\"caption\":\"Luca Biondi\"}}]}<\/script>\n<!-- \/ Yoast SEO plugin. -->","yoast_head_json":{"title":"Giornata Della Disabilita'. Fontana: \"Fare Della Fragilita' Una Risorsa Per Tutti\" - Centro Clinico NeMO","robots":{"index":"index","follow":"follow","max-snippet":"max-snippet:-1","max-image-preview":"max-image-preview:large","max-video-preview":"max-video-preview:-1"},"canonical":"https:\/\/www.centrocliniconemo.it\/en\/blog\/giornata-della-disabilita-fontana\/","og_locale":"en_US","og_type":"article","og_title":"Giornata Della Disabilita'. Fontana: \"Fare Della Fragilita' Una Risorsa Per Tutti\" - Centro Clinico NeMO","og_description":"3 dicembre 2020, Giornata internazionale della disabilit\u00e0: \u201cRicostruire meglio: verso un mondo post Covid -19 inclusivo della disabilit\u00e0, accessibile e sostenibile\u201d.","og_url":"https:\/\/www.centrocliniconemo.it\/en\/blog\/giornata-della-disabilita-fontana\/","og_site_name":"Centro Clinico NeMO","article_publisher":"https:\/\/www.facebook.com\/CentroNEMOItalia","article_published_time":"2020-12-03T08:36:25+00:00","article_modified_time":"2023-07-19T11:33:44+00:00","og_image":[{"width":1920,"height":1080,"url":"https:\/\/www.centrocliniconemo.it\/wp-content\/uploads\/2023\/07\/Fontana-giornale-disabilita.png","type":"image\/png"}],"author":"Luca Biondi","twitter_card":"summary_large_image","twitter_creator":"@CentroNemo","twitter_site":"@CentroNemo","twitter_misc":{"Written by":"Luca Biondi","Est. reading time":"3 minutes"},"schema":{"@context":"https:\/\/schema.org","@graph":[{"@type":"Article","@id":"https:\/\/www.centrocliniconemo.it\/en\/blog\/giornata-della-disabilita-fontana\/#article","isPartOf":{"@id":"https:\/\/www.centrocliniconemo.it\/en\/blog\/giornata-della-disabilita-fontana\/"},"author":{"name":"Luca Biondi","@id":"https:\/\/www.centrocliniconemo.it\/en\/#\/schema\/person\/9331a87c0a8ee435c61f5dd498531434"},"headline":"Giornata Della Disabilita&#8217;. Fontana: &#8220;Fare Della Fragilita&#8217; Una Risorsa Per Tutti&#8221;","datePublished":"2020-12-03T08:36:25+00:00","dateModified":"2023-07-19T11:33:44+00:00","mainEntityOfPage":{"@id":"https:\/\/www.centrocliniconemo.it\/en\/blog\/giornata-della-disabilita-fontana\/"},"wordCount":604,"publisher":{"@id":"https:\/\/www.centrocliniconemo.it\/en\/#organization"},"image":{"@id":"https:\/\/www.centrocliniconemo.it\/en\/blog\/giornata-della-disabilita-fontana\/#primaryimage"},"thumbnailUrl":"https:\/\/www.centrocliniconemo.it\/wp-content\/uploads\/2023\/07\/Fontana-giornale-disabilita.png","articleSection":["Iniziative ed eventi"],"inLanguage":"en-US"},{"@type":"WebPage","@id":"https:\/\/www.centrocliniconemo.it\/en\/blog\/giornata-della-disabilita-fontana\/","url":"https:\/\/www.centrocliniconemo.it\/en\/blog\/giornata-della-disabilita-fontana\/","name":"Giornata Della Disabilita'. Fontana: \"Fare Della Fragilita' Una Risorsa Per Tutti\" - Centro Clinico NeMO","isPartOf":{"@id":"https:\/\/www.centrocliniconemo.it\/en\/#website"},"primaryImageOfPage":{"@id":"https:\/\/www.centrocliniconemo.it\/en\/blog\/giornata-della-disabilita-fontana\/#primaryimage"},"image":{"@id":"https:\/\/www.centrocliniconemo.it\/en\/blog\/giornata-della-disabilita-fontana\/#primaryimage"},"thumbnailUrl":"https:\/\/www.centrocliniconemo.it\/wp-content\/uploads\/2023\/07\/Fontana-giornale-disabilita.png","datePublished":"2020-12-03T08:36:25+00:00","dateModified":"2023-07-19T11:33:44+00:00","breadcrumb":{"@id":"https:\/\/www.centrocliniconemo.it\/en\/blog\/giornata-della-disabilita-fontana\/#breadcrumb"},"inLanguage":"en-US","potentialAction":[{"@type":"ReadAction","target":["https:\/\/www.centrocliniconemo.it\/en\/blog\/giornata-della-disabilita-fontana\/"]}]},{"@type":"ImageObject","inLanguage":"en-US","@id":"https:\/\/www.centrocliniconemo.it\/en\/blog\/giornata-della-disabilita-fontana\/#primaryimage","url":"https:\/\/www.centrocliniconemo.it\/wp-content\/uploads\/2023\/07\/Fontana-giornale-disabilita.png","contentUrl":"https:\/\/www.centrocliniconemo.it\/wp-content\/uploads\/2023\/07\/Fontana-giornale-disabilita.png","width":1920,"height":1080},{"@type":"BreadcrumbList","@id":"https:\/\/www.centrocliniconemo.it\/en\/blog\/giornata-della-disabilita-fontana\/#breadcrumb","itemListElement":[{"@type":"ListItem","position":1,"name":"Home","item":"https:\/\/www.centrocliniconemo.it\/en\/"},{"@type":"ListItem","position":2,"name":"Giornata Della Disabilita&#8217;. Fontana: &#8220;Fare Della Fragilita&#8217; Una Risorsa Per Tutti&#8221;"}]},{"@type":"WebSite","@id":"https:\/\/www.centrocliniconemo.it\/en\/#website","url":"https:\/\/www.centrocliniconemo.it\/en\/","name":"Centro Clinico NeMO","description":"Il paziente al centro","publisher":{"@id":"https:\/\/www.centrocliniconemo.it\/en\/#organization"},"potentialAction":[{"@type":"SearchAction","target":{"@type":"EntryPoint","urlTemplate":"https:\/\/www.centrocliniconemo.it\/en\/?s={search_term_string}"},"query-input":{"@type":"PropertyValueSpecification","valueRequired":true,"valueName":"search_term_string"}}],"inLanguage":"en-US"},{"@type":"Organization","@id":"https:\/\/www.centrocliniconemo.it\/en\/#organization","name":"Centro Clinico NeMO - Fondazione Serena Onlus","url":"https:\/\/www.centrocliniconemo.it\/en\/","logo":{"@type":"ImageObject","inLanguage":"en-US","@id":"https:\/\/www.centrocliniconemo.it\/en\/#\/schema\/logo\/image\/","url":"https:\/\/www.centrocliniconemo.it\/wp-content\/uploads\/2023\/03\/logo-nemo.svg","contentUrl":"https:\/\/www.centrocliniconemo.it\/wp-content\/uploads\/2023\/03\/logo-nemo.svg","width":272,"height":109.142,"caption":"Centro Clinico NeMO - Fondazione Serena Onlus"},"image":{"@id":"https:\/\/www.centrocliniconemo.it\/en\/#\/schema\/logo\/image\/"},"sameAs":["https:\/\/www.facebook.com\/CentroNEMOItalia","https:\/\/x.com\/CentroNemo","https:\/\/www.linkedin.com\/company\/centrocliniconemo\/","https:\/\/www.instagram.com\/centrocliniconemo\/"]},{"@type":"Person","@id":"https:\/\/www.centrocliniconemo.it\/en\/#\/schema\/person\/9331a87c0a8ee435c61f5dd498531434","name":"Luca Biondi","image":{"@type":"ImageObject","inLanguage":"en-US","@id":"https:\/\/secure.gravatar.com\/avatar\/0488b88829885ebcc9896de947265b69d2979e6dc4666b1e2c3d4fbf8dc73d77?s=96&d=mm&r=g","url":"https:\/\/secure.gravatar.com\/avatar\/0488b88829885ebcc9896de947265b69d2979e6dc4666b1e2c3d4fbf8dc73d77?s=96&d=mm&r=g","contentUrl":"https:\/\/secure.gravatar.com\/avatar\/0488b88829885ebcc9896de947265b69d2979e6dc4666b1e2c3d4fbf8dc73d77?s=96&d=mm&r=g","caption":"Luca Biondi"}}]}},"_links":{"self":[{"href":"https:\/\/www.centrocliniconemo.it\/en\/wp-json\/wp\/v2\/posts\/13319","targetHints":{"allow":["GET"]}}],"collection":[{"href":"https:\/\/www.centrocliniconemo.it\/en\/wp-json\/wp\/v2\/posts"}],"about":[{"href":"https:\/\/www.centrocliniconemo.it\/en\/wp-json\/wp\/v2\/types\/post"}],"author":[{"embeddable":true,"href":"https:\/\/www.centrocliniconemo.it\/en\/wp-json\/wp\/v2\/users\/2"}],"replies":[{"embeddable":true,"href":"https:\/\/www.centrocliniconemo.it\/en\/wp-json\/wp\/v2\/comments?post=13319"}],"version-history":[{"count":0,"href":"https:\/\/www.centrocliniconemo.it\/en\/wp-json\/wp\/v2\/posts\/13319\/revisions"}],"wp:featuredmedia":[{"embeddable":true,"href":"https:\/\/www.centrocliniconemo.it\/en\/wp-json\/wp\/v2\/media\/11710"}],"wp:attachment":[{"href":"https:\/\/www.centrocliniconemo.it\/en\/wp-json\/wp\/v2\/media?parent=13319"}],"wp:term":[{"taxonomy":"category","embeddable":true,"href":"https:\/\/www.centrocliniconemo.it\/en\/wp-json\/wp\/v2\/categories?post=13319"},{"taxonomy":"post_tag","embeddable":true,"href":"https:\/\/www.centrocliniconemo.it\/en\/wp-json\/wp\/v2\/tags?post=13319"}],"curies":[{"name":"wp","href":"https:\/\/api.w.org\/{rel}","templated":true}]}}