{"id":13260,"date":"2021-03-18T07:34:00","date_gmt":"2021-03-18T07:34:00","guid":{"rendered":"https:\/\/www.centrocliniconemo.it\/blog\/al-via-la-campagna-il-gusto-della-vita-per-nemo"},"modified":"2023-07-19T12:16:37","modified_gmt":"2023-07-19T12:16:37","slug":"al-via-la-campagna-il-gusto-della-vita-per-nemo","status":"publish","type":"post","link":"https:\/\/www.centrocliniconemo.it\/en\/blog\/al-via-la-campagna-il-gusto-della-vita-per-nemo\/","title":{"rendered":"Al Via La Campagna &#8220;Il Gusto Della Vita&#8221; Per Nemo"},"content":{"rendered":"<h5 style=\"text-align: justify;\"><span style=\"color: #005f98;\"><em>Al via la campagna solidale di <a href=\"https:\/\/www.veroitaliantraditionalfood.com\/prodotto\/donazione-al-progetto-il-gusto-della-vita\/\" rel=\"noopener\" target=\"_blank\">VERO Italian Traditional Food a sostegno del progetto \u201cIl Gusto della Vita\u201d<\/a> dei Centri Clinici Nemo per affiancare bambini e adulti con malattie neuromuscolari e loro familiari in tutti gli aspetti legati alla nutrizione e alla corretta alimentazione.&nbsp;<\/em><\/span><\/h5>\n<p style=\"text-align: justify;\"><span><img decoding=\"async\" src=\"https:\/\/www.centrocliniconemo.it\/wp-content\/uploads\/2023\/07\/campagna-il-gusto-della-vita-vero-italian-food-centro-clinico-nemo-stoconnemo-solidale-cibo-alimentazione-disfagia-sla-sma-distrofie-sostieni-02.png\" alt=\"campagna il gusto della vita vero italian food centro clinico nemo stoconnemo solidale cibo alimentazione disfagia sla sma distrofie sostieni #02\" width=\"2460\" loading=\"lazy\" style=\"width: 2460px;\"><\/span><\/p>\n<p><!--more--><\/p>\n<p style=\"text-align: justify;\"><span><strong>18 marzo 2021<\/strong> \u2013 La primavera \u00e8 il modo in cui la natura ci dice \u201cfacciamo festa!\u201d. Profumi, sensi che si risvegliano e la voglia di un periodo pasquale in famiglia e con gli amici. \u00c8 il momento per eccellenza in cui celebrare la vita nella sua delicatezza e unicit\u00e0.<\/span><\/p>\n<p style=\"text-align: justify;\">VERO, la startup che promuove e commercializza i prodotti riconosciuti come P.A.T. \u2013 Prodotti Agroalimentari Tradizionali, ha scelto di sostenere il progetto \u201cIl Gusto della Vita\u201d dei Centri Clinici NeMO, per dare un messaggio di speranza:<span>&nbsp;<\/span><\/p>\n<p style=\"text-align: justify;\"><strong><i>Si pu\u00f2 assaporare e vivere la vita con gusto, nonostante le difficolt\u00e0 che essa ci pone davanti.<\/i><\/strong><\/p>\n<p style=\"text-align: justify;\"><strong><i>{{cta(&#8216;2104d715-067f-451a-b20f-7f985daab432&#8242;,&#8217;justifycenter&#8217;)}}<\/i><\/strong><\/p>\n<p style=\"text-align: justify;\">Il <strong>piacere dello stare a tavola \u00e8 un\u2019esperienza fondamentale<\/strong> per ciascuno di noi. E\u2019 riconosciuto infatti come la condivisione del buon cibo racchiuda importanti significati legati alla convivialit\u00e0 e alla relazione. Purtroppo, chi convive con una <strong>malattia neurodegenerativa e neuromuscolare <\/strong>come la SLA, la SMA e le Distrofie Muscolari \u2013 oltre 40.000 persone in tutta Italia &#8211; molto spesso si trova ad essere privato di questo piacere a causa dei problemi di <strong>disfagia<\/strong>, ossia la difficolt\u00e0 ad ingerire cibi e bevande quando i muscoli della faringe e dell\u2019esofago non sono forti&nbsp;a sufficienza per garantire una corretta masticazione e una sincronia di deglutizione. Il momento del pasto, dunque, \u00e8 spesso vissuto con grande fatica e pu\u00f2 rappresentare un rischio per la sicurezza e la vita stessa della persona.<\/p>\n<p style=\"text-align: justify;\"><strong>Per questo, i Centri Clinici Nemo si prendono cura anche del momento del pasto<\/strong>: un team di professionisti altamente specializzati guida il paziente e il suo nucleo famigliare ad un nuovo approccio e visione del cibo, della preparazione dei pasti e del momento conviviale. Un percorso in grado di far assaporare ogni attimo di vita, far riacquistare sicurezza ed educare ad una corretta alimentazione, senza perdere mai la gioia di scoprire un nuovo gusto ogni giorno.<\/p>\n<p style=\"text-align: justify;\"><a href=\"https:\/\/www.veroitaliantraditionalfood.com\/shop\/\" rel=\"noopener\" target=\"_blank\"><img decoding=\"async\" src=\"https:\/\/www.centrocliniconemo.it\/wp-content\/uploads\/2023\/07\/campagna-il-gusto-della-vita-vero-italian-food-centro-clinico-nemo-stoconnemo-solidale-cibo-alimentazione-disfagia-sla-sma-distrofie-sostieni-04-scaled-1.jpeg\" alt=\"campagna il gusto della vita vero italian food centro clinico nemo stoconnemo solidale cibo alimentazione disfagia sla sma distrofie sostieni #04\" width=\"760\" loading=\"lazy\" style=\"width: 760px;\"><\/a><\/p>\n<p style=\"text-align: justify;\"><strong>Con \u201c<a href=\"https:\/\/www.veroitaliantraditionalfood.com\/prodotto\/donazione-al-progetto-il-gusto-della-vita\/\" rel=\"noopener\" target=\"_blank\">Il<\/a><\/strong> <strong><a href=\"https:\/\/www.veroitaliantraditionalfood.com\/prodotto\/donazione-al-progetto-il-gusto-della-vita\/\" rel=\"noopener\" target=\"_blank\" id=\"__hsNewLink\">Gusto della Vita<\/a>\u201d<\/strong> \u00e8 possibile sostenere il lavoro di cura degli operatori dei Centri Clinici NeMO di Milano, Roma, Genova, Napoli, Brescia e Trento dedicati agli aspetti nutrizionali: un progetto per donare concretamente pi\u00f9 tempo di cura alle figure del logopedista, del nutrizionista e dello psicologo e garantire cos\u00ec il miglioramento della qualit\u00e0 di vita di oltre 6000 famiglie.<\/p>\n<p style=\"text-align: justify;\"><strong>Dal 18 marzo i clienti di VERO ITALIAN TRADITIONAL FOOD che acquisteranno su e-commerce <\/strong><a href=\"https:\/\/www.veroitaliantraditionalfood.com\/shop\/\" rel=\"noopener\" target=\"_blank\">VERO ITALIAN TRADITIONAL FOOD &#8211; SHOP<\/a><strong> e sceglieranno di inserire il codice sconto \u201c<\/strong><span><strong>NEMO20<\/strong><\/span><strong>\u201d potranno avere uno speciale sconto <\/strong><span><strong>sul carrello e devolvere una percentuale della propria spesa <\/strong><\/span><span><strong>ai Centri Clinici Nemo<\/strong><\/span><strong>.<span>&nbsp;<\/span><\/strong><\/p>\n<p style=\"text-align: justify;\"><a href=\"https:\/\/www.veroitaliantraditionalfood.com\/shop\/\" rel=\"noopener\" target=\"_blank\"><img decoding=\"async\" src=\"https:\/\/www.centrocliniconemo.it\/wp-content\/uploads\/2023\/07\/campagna-il-gusto-della-vita-vero-italian-food-centro-clinico-nemo-stoconnemo-solidale-cibo-alimentazione-disfagia-sla-sma-distrofie-sostieni-CODICE-SCONTO-DISCOUNT-CODE-03.png\" alt=\"campagna il gusto della vita vero italian food centro clinico nemo stoconnemo solidale cibo alimentazione disfagia sla sma distrofie sostieni CODICE SCONTO DISCOUNT CODE #03\" width=\"3240\" loading=\"lazy\" style=\"caret-color: #000000; color: #000000; width: 3240px;\"><\/a><\/p>\n<p style=\"text-align: justify;\">Non solo, ogni cliente avr\u00e0 la possibilit\u00e0 di <strong>aggiungere una donazione a fine carrello<\/strong> proprio per dare ancora pi\u00f9 gusto all\u2019iniziativa solidale.<span>&nbsp;<\/span><\/p>\n<p style=\"text-align: justify;\"><span><strong><i>{{cta(&#8216;3eddf394-80ee-4cd3-b46d-54ba87aed9dd&#8217;,&#8217;justifycenter&#8217;)}}<\/i><\/strong><\/span><\/p>\n<p style=\"text-align: justify;\"><span><img decoding=\"async\" src=\"https:\/\/www.centrocliniconemo.it\/wp-content\/uploads\/2023\/07\/campagna-il-gusto-della-vita-vero-italian-food-centro-clinico-nemo-stoconnemo-solidale-cibo-alimentazione-disfagia-sla-sma-distrofie-sostieni-05.png\" alt=\"campagna il gusto della vita vero italian food centro clinico nemo stoconnemo solidale cibo alimentazione disfagia sla sma distrofie sostieni #05\" width=\"3240\" loading=\"lazy\" style=\"width: 3240px;\"><\/span><\/p>\n","protected":false},"excerpt":{"rendered":"<p>Al via la campagna solidale di VERO Italian Traditional Food a sostegno del progetto \u201cIl Gusto della Vita\u201d dei Centri Clinici Nemo per affiancare bambini e adulti con malattie neuromuscolari e loro familiari in tutti gli aspetti legati alla nutrizione e alla corretta alimentazione.\u00a0<\/p>\n","protected":false},"author":2,"featured_media":11589,"comment_status":"closed","ping_status":"closed","sticky":false,"template":"","format":"standard","meta":{"pgc_sgb_lightbox_settings":"","footnotes":""},"categories":[28],"tags":[],"class_list":["post-13260","post","type-post","status-publish","format-standard","has-post-thumbnail","hentry","category-cura-ricerca-e-formazione"],"yoast_head":"<!-- This site is optimized with the Yoast SEO plugin v27.4 - https:\/\/yoast.com\/product\/yoast-seo-wordpress\/ -->\n<title>Al Via La Campagna &quot;Il Gusto Della Vita&quot; Per Nemo - Centro Clinico NeMO<\/title>\n<meta name=\"robots\" content=\"index, follow, max-snippet:-1, max-image-preview:large, max-video-preview:-1\" \/>\n<link rel=\"canonical\" href=\"https:\/\/www.centrocliniconemo.it\/en\/blog\/al-via-la-campagna-il-gusto-della-vita-per-nemo\/\" \/>\n<meta property=\"og:locale\" content=\"en_US\" \/>\n<meta property=\"og:type\" content=\"article\" \/>\n<meta property=\"og:title\" content=\"Al Via La Campagna &quot;Il Gusto Della Vita&quot; Per Nemo - Centro Clinico NeMO\" \/>\n<meta property=\"og:description\" content=\"Al via la campagna solidale di VERO Italian Traditional Food a sostegno del progetto \u201cIl Gusto della Vita\u201d dei Centri Clinici Nemo per affiancare bambini e adulti con malattie neuromuscolari e loro familiari in tutti gli aspetti legati alla nutrizione e alla corretta alimentazione.\u00a0\" \/>\n<meta property=\"og:url\" content=\"https:\/\/www.centrocliniconemo.it\/en\/blog\/al-via-la-campagna-il-gusto-della-vita-per-nemo\/\" \/>\n<meta property=\"og:site_name\" content=\"Centro Clinico NeMO\" \/>\n<meta property=\"article:publisher\" content=\"https:\/\/www.facebook.com\/CentroNEMOItalia\" \/>\n<meta property=\"article:published_time\" content=\"2021-03-18T07:34:00+00:00\" \/>\n<meta property=\"article:modified_time\" content=\"2023-07-19T12:16:37+00:00\" \/>\n<meta property=\"og:image\" content=\"https:\/\/www.centrocliniconemo.it\/wp-content\/uploads\/2023\/07\/campagna-il-gusto-della-vita-vero-italian-food-centro-clinico-nemo-stoconnemo-solidale-cibo-alimentazione-disfagia-sla-sma-distrofie-sostieni-1024x576.png\" \/>\n\t<meta property=\"og:image:width\" content=\"1024\" \/>\n\t<meta property=\"og:image:height\" content=\"576\" \/>\n\t<meta property=\"og:image:type\" content=\"image\/png\" \/>\n<meta name=\"author\" content=\"Luca Biondi\" \/>\n<meta name=\"twitter:card\" content=\"summary_large_image\" \/>\n<meta name=\"twitter:creator\" content=\"@CentroNemo\" \/>\n<meta name=\"twitter:site\" content=\"@CentroNemo\" \/>\n<meta name=\"twitter:label1\" content=\"Written by\" \/>\n\t<meta name=\"twitter:data1\" content=\"Luca Biondi\" \/>\n\t<meta name=\"twitter:label2\" content=\"Est. reading time\" \/>\n\t<meta name=\"twitter:data2\" content=\"3 minutes\" \/>\n<script type=\"application\/ld+json\" class=\"yoast-schema-graph\">{\"@context\":\"https:\\\/\\\/schema.org\",\"@graph\":[{\"@type\":\"Article\",\"@id\":\"https:\\\/\\\/www.centrocliniconemo.it\\\/en\\\/blog\\\/al-via-la-campagna-il-gusto-della-vita-per-nemo\\\/#article\",\"isPartOf\":{\"@id\":\"https:\\\/\\\/www.centrocliniconemo.it\\\/en\\\/blog\\\/al-via-la-campagna-il-gusto-della-vita-per-nemo\\\/\"},\"author\":{\"name\":\"Luca Biondi\",\"@id\":\"https:\\\/\\\/www.centrocliniconemo.it\\\/en\\\/#\\\/schema\\\/person\\\/9331a87c0a8ee435c61f5dd498531434\"},\"headline\":\"Al Via La Campagna &#8220;Il Gusto Della Vita&#8221; Per Nemo\",\"datePublished\":\"2021-03-18T07:34:00+00:00\",\"dateModified\":\"2023-07-19T12:16:37+00:00\",\"mainEntityOfPage\":{\"@id\":\"https:\\\/\\\/www.centrocliniconemo.it\\\/en\\\/blog\\\/al-via-la-campagna-il-gusto-della-vita-per-nemo\\\/\"},\"wordCount\":507,\"publisher\":{\"@id\":\"https:\\\/\\\/www.centrocliniconemo.it\\\/en\\\/#organization\"},\"image\":{\"@id\":\"https:\\\/\\\/www.centrocliniconemo.it\\\/en\\\/blog\\\/al-via-la-campagna-il-gusto-della-vita-per-nemo\\\/#primaryimage\"},\"thumbnailUrl\":\"https:\\\/\\\/www.centrocliniconemo.it\\\/wp-content\\\/uploads\\\/2023\\\/07\\\/campagna-il-gusto-della-vita-vero-italian-food-centro-clinico-nemo-stoconnemo-solidale-cibo-alimentazione-disfagia-sla-sma-distrofie-sostieni.png\",\"articleSection\":[\"Cura, ricerca e formazione\"],\"inLanguage\":\"en-US\"},{\"@type\":\"WebPage\",\"@id\":\"https:\\\/\\\/www.centrocliniconemo.it\\\/en\\\/blog\\\/al-via-la-campagna-il-gusto-della-vita-per-nemo\\\/\",\"url\":\"https:\\\/\\\/www.centrocliniconemo.it\\\/en\\\/blog\\\/al-via-la-campagna-il-gusto-della-vita-per-nemo\\\/\",\"name\":\"Al Via La Campagna \\\"Il Gusto Della Vita\\\" Per Nemo - Centro Clinico NeMO\",\"isPartOf\":{\"@id\":\"https:\\\/\\\/www.centrocliniconemo.it\\\/en\\\/#website\"},\"primaryImageOfPage\":{\"@id\":\"https:\\\/\\\/www.centrocliniconemo.it\\\/en\\\/blog\\\/al-via-la-campagna-il-gusto-della-vita-per-nemo\\\/#primaryimage\"},\"image\":{\"@id\":\"https:\\\/\\\/www.centrocliniconemo.it\\\/en\\\/blog\\\/al-via-la-campagna-il-gusto-della-vita-per-nemo\\\/#primaryimage\"},\"thumbnailUrl\":\"https:\\\/\\\/www.centrocliniconemo.it\\\/wp-content\\\/uploads\\\/2023\\\/07\\\/campagna-il-gusto-della-vita-vero-italian-food-centro-clinico-nemo-stoconnemo-solidale-cibo-alimentazione-disfagia-sla-sma-distrofie-sostieni.png\",\"datePublished\":\"2021-03-18T07:34:00+00:00\",\"dateModified\":\"2023-07-19T12:16:37+00:00\",\"breadcrumb\":{\"@id\":\"https:\\\/\\\/www.centrocliniconemo.it\\\/en\\\/blog\\\/al-via-la-campagna-il-gusto-della-vita-per-nemo\\\/#breadcrumb\"},\"inLanguage\":\"en-US\",\"potentialAction\":[{\"@type\":\"ReadAction\",\"target\":[\"https:\\\/\\\/www.centrocliniconemo.it\\\/en\\\/blog\\\/al-via-la-campagna-il-gusto-della-vita-per-nemo\\\/\"]}]},{\"@type\":\"ImageObject\",\"inLanguage\":\"en-US\",\"@id\":\"https:\\\/\\\/www.centrocliniconemo.it\\\/en\\\/blog\\\/al-via-la-campagna-il-gusto-della-vita-per-nemo\\\/#primaryimage\",\"url\":\"https:\\\/\\\/www.centrocliniconemo.it\\\/wp-content\\\/uploads\\\/2023\\\/07\\\/campagna-il-gusto-della-vita-vero-italian-food-centro-clinico-nemo-stoconnemo-solidale-cibo-alimentazione-disfagia-sla-sma-distrofie-sostieni.png\",\"contentUrl\":\"https:\\\/\\\/www.centrocliniconemo.it\\\/wp-content\\\/uploads\\\/2023\\\/07\\\/campagna-il-gusto-della-vita-vero-italian-food-centro-clinico-nemo-stoconnemo-solidale-cibo-alimentazione-disfagia-sla-sma-distrofie-sostieni.png\",\"width\":1920,\"height\":1080},{\"@type\":\"BreadcrumbList\",\"@id\":\"https:\\\/\\\/www.centrocliniconemo.it\\\/en\\\/blog\\\/al-via-la-campagna-il-gusto-della-vita-per-nemo\\\/#breadcrumb\",\"itemListElement\":[{\"@type\":\"ListItem\",\"position\":1,\"name\":\"Home\",\"item\":\"https:\\\/\\\/www.centrocliniconemo.it\\\/en\\\/\"},{\"@type\":\"ListItem\",\"position\":2,\"name\":\"Al Via La Campagna &#8220;Il Gusto Della Vita&#8221; Per Nemo\"}]},{\"@type\":\"WebSite\",\"@id\":\"https:\\\/\\\/www.centrocliniconemo.it\\\/en\\\/#website\",\"url\":\"https:\\\/\\\/www.centrocliniconemo.it\\\/en\\\/\",\"name\":\"Centro Clinico NeMO\",\"description\":\"Il paziente al centro\",\"publisher\":{\"@id\":\"https:\\\/\\\/www.centrocliniconemo.it\\\/en\\\/#organization\"},\"potentialAction\":[{\"@type\":\"SearchAction\",\"target\":{\"@type\":\"EntryPoint\",\"urlTemplate\":\"https:\\\/\\\/www.centrocliniconemo.it\\\/en\\\/?s={search_term_string}\"},\"query-input\":{\"@type\":\"PropertyValueSpecification\",\"valueRequired\":true,\"valueName\":\"search_term_string\"}}],\"inLanguage\":\"en-US\"},{\"@type\":\"Organization\",\"@id\":\"https:\\\/\\\/www.centrocliniconemo.it\\\/en\\\/#organization\",\"name\":\"Centro Clinico NeMO - Fondazione Serena Onlus\",\"url\":\"https:\\\/\\\/www.centrocliniconemo.it\\\/en\\\/\",\"logo\":{\"@type\":\"ImageObject\",\"inLanguage\":\"en-US\",\"@id\":\"https:\\\/\\\/www.centrocliniconemo.it\\\/en\\\/#\\\/schema\\\/logo\\\/image\\\/\",\"url\":\"https:\\\/\\\/www.centrocliniconemo.it\\\/wp-content\\\/uploads\\\/2023\\\/03\\\/logo-nemo.svg\",\"contentUrl\":\"https:\\\/\\\/www.centrocliniconemo.it\\\/wp-content\\\/uploads\\\/2023\\\/03\\\/logo-nemo.svg\",\"width\":272,\"height\":109.142,\"caption\":\"Centro Clinico NeMO - Fondazione Serena Onlus\"},\"image\":{\"@id\":\"https:\\\/\\\/www.centrocliniconemo.it\\\/en\\\/#\\\/schema\\\/logo\\\/image\\\/\"},\"sameAs\":[\"https:\\\/\\\/www.facebook.com\\\/CentroNEMOItalia\",\"https:\\\/\\\/x.com\\\/CentroNemo\",\"https:\\\/\\\/www.linkedin.com\\\/company\\\/centrocliniconemo\\\/\",\"https:\\\/\\\/www.instagram.com\\\/centrocliniconemo\\\/\"]},{\"@type\":\"Person\",\"@id\":\"https:\\\/\\\/www.centrocliniconemo.it\\\/en\\\/#\\\/schema\\\/person\\\/9331a87c0a8ee435c61f5dd498531434\",\"name\":\"Luca Biondi\",\"image\":{\"@type\":\"ImageObject\",\"inLanguage\":\"en-US\",\"@id\":\"https:\\\/\\\/secure.gravatar.com\\\/avatar\\\/0488b88829885ebcc9896de947265b69d2979e6dc4666b1e2c3d4fbf8dc73d77?s=96&d=mm&r=g\",\"url\":\"https:\\\/\\\/secure.gravatar.com\\\/avatar\\\/0488b88829885ebcc9896de947265b69d2979e6dc4666b1e2c3d4fbf8dc73d77?s=96&d=mm&r=g\",\"contentUrl\":\"https:\\\/\\\/secure.gravatar.com\\\/avatar\\\/0488b88829885ebcc9896de947265b69d2979e6dc4666b1e2c3d4fbf8dc73d77?s=96&d=mm&r=g\",\"caption\":\"Luca Biondi\"}}]}<\/script>\n<!-- \/ Yoast SEO plugin. -->","yoast_head_json":{"title":"Al Via La Campagna \"Il Gusto Della Vita\" Per Nemo - Centro Clinico NeMO","robots":{"index":"index","follow":"follow","max-snippet":"max-snippet:-1","max-image-preview":"max-image-preview:large","max-video-preview":"max-video-preview:-1"},"canonical":"https:\/\/www.centrocliniconemo.it\/en\/blog\/al-via-la-campagna-il-gusto-della-vita-per-nemo\/","og_locale":"en_US","og_type":"article","og_title":"Al Via La Campagna \"Il Gusto Della Vita\" Per Nemo - Centro Clinico NeMO","og_description":"Al via la campagna solidale di VERO Italian Traditional Food a sostegno del progetto \u201cIl Gusto della Vita\u201d dei Centri Clinici Nemo per affiancare bambini e adulti con malattie neuromuscolari e loro familiari in tutti gli aspetti legati alla nutrizione e alla corretta alimentazione.\u00a0","og_url":"https:\/\/www.centrocliniconemo.it\/en\/blog\/al-via-la-campagna-il-gusto-della-vita-per-nemo\/","og_site_name":"Centro Clinico NeMO","article_publisher":"https:\/\/www.facebook.com\/CentroNEMOItalia","article_published_time":"2021-03-18T07:34:00+00:00","article_modified_time":"2023-07-19T12:16:37+00:00","og_image":[{"width":1024,"height":576,"url":"https:\/\/www.centrocliniconemo.it\/wp-content\/uploads\/2023\/07\/campagna-il-gusto-della-vita-vero-italian-food-centro-clinico-nemo-stoconnemo-solidale-cibo-alimentazione-disfagia-sla-sma-distrofie-sostieni-1024x576.png","type":"image\/png"}],"author":"Luca Biondi","twitter_card":"summary_large_image","twitter_creator":"@CentroNemo","twitter_site":"@CentroNemo","twitter_misc":{"Written by":"Luca Biondi","Est. reading time":"3 minutes"},"schema":{"@context":"https:\/\/schema.org","@graph":[{"@type":"Article","@id":"https:\/\/www.centrocliniconemo.it\/en\/blog\/al-via-la-campagna-il-gusto-della-vita-per-nemo\/#article","isPartOf":{"@id":"https:\/\/www.centrocliniconemo.it\/en\/blog\/al-via-la-campagna-il-gusto-della-vita-per-nemo\/"},"author":{"name":"Luca Biondi","@id":"https:\/\/www.centrocliniconemo.it\/en\/#\/schema\/person\/9331a87c0a8ee435c61f5dd498531434"},"headline":"Al Via La Campagna &#8220;Il Gusto Della Vita&#8221; Per Nemo","datePublished":"2021-03-18T07:34:00+00:00","dateModified":"2023-07-19T12:16:37+00:00","mainEntityOfPage":{"@id":"https:\/\/www.centrocliniconemo.it\/en\/blog\/al-via-la-campagna-il-gusto-della-vita-per-nemo\/"},"wordCount":507,"publisher":{"@id":"https:\/\/www.centrocliniconemo.it\/en\/#organization"},"image":{"@id":"https:\/\/www.centrocliniconemo.it\/en\/blog\/al-via-la-campagna-il-gusto-della-vita-per-nemo\/#primaryimage"},"thumbnailUrl":"https:\/\/www.centrocliniconemo.it\/wp-content\/uploads\/2023\/07\/campagna-il-gusto-della-vita-vero-italian-food-centro-clinico-nemo-stoconnemo-solidale-cibo-alimentazione-disfagia-sla-sma-distrofie-sostieni.png","articleSection":["Cura, ricerca e formazione"],"inLanguage":"en-US"},{"@type":"WebPage","@id":"https:\/\/www.centrocliniconemo.it\/en\/blog\/al-via-la-campagna-il-gusto-della-vita-per-nemo\/","url":"https:\/\/www.centrocliniconemo.it\/en\/blog\/al-via-la-campagna-il-gusto-della-vita-per-nemo\/","name":"Al Via La Campagna \"Il Gusto Della Vita\" Per Nemo - Centro Clinico NeMO","isPartOf":{"@id":"https:\/\/www.centrocliniconemo.it\/en\/#website"},"primaryImageOfPage":{"@id":"https:\/\/www.centrocliniconemo.it\/en\/blog\/al-via-la-campagna-il-gusto-della-vita-per-nemo\/#primaryimage"},"image":{"@id":"https:\/\/www.centrocliniconemo.it\/en\/blog\/al-via-la-campagna-il-gusto-della-vita-per-nemo\/#primaryimage"},"thumbnailUrl":"https:\/\/www.centrocliniconemo.it\/wp-content\/uploads\/2023\/07\/campagna-il-gusto-della-vita-vero-italian-food-centro-clinico-nemo-stoconnemo-solidale-cibo-alimentazione-disfagia-sla-sma-distrofie-sostieni.png","datePublished":"2021-03-18T07:34:00+00:00","dateModified":"2023-07-19T12:16:37+00:00","breadcrumb":{"@id":"https:\/\/www.centrocliniconemo.it\/en\/blog\/al-via-la-campagna-il-gusto-della-vita-per-nemo\/#breadcrumb"},"inLanguage":"en-US","potentialAction":[{"@type":"ReadAction","target":["https:\/\/www.centrocliniconemo.it\/en\/blog\/al-via-la-campagna-il-gusto-della-vita-per-nemo\/"]}]},{"@type":"ImageObject","inLanguage":"en-US","@id":"https:\/\/www.centrocliniconemo.it\/en\/blog\/al-via-la-campagna-il-gusto-della-vita-per-nemo\/#primaryimage","url":"https:\/\/www.centrocliniconemo.it\/wp-content\/uploads\/2023\/07\/campagna-il-gusto-della-vita-vero-italian-food-centro-clinico-nemo-stoconnemo-solidale-cibo-alimentazione-disfagia-sla-sma-distrofie-sostieni.png","contentUrl":"https:\/\/www.centrocliniconemo.it\/wp-content\/uploads\/2023\/07\/campagna-il-gusto-della-vita-vero-italian-food-centro-clinico-nemo-stoconnemo-solidale-cibo-alimentazione-disfagia-sla-sma-distrofie-sostieni.png","width":1920,"height":1080},{"@type":"BreadcrumbList","@id":"https:\/\/www.centrocliniconemo.it\/en\/blog\/al-via-la-campagna-il-gusto-della-vita-per-nemo\/#breadcrumb","itemListElement":[{"@type":"ListItem","position":1,"name":"Home","item":"https:\/\/www.centrocliniconemo.it\/en\/"},{"@type":"ListItem","position":2,"name":"Al Via La Campagna &#8220;Il Gusto Della Vita&#8221; Per Nemo"}]},{"@type":"WebSite","@id":"https:\/\/www.centrocliniconemo.it\/en\/#website","url":"https:\/\/www.centrocliniconemo.it\/en\/","name":"Centro Clinico NeMO","description":"Il paziente al centro","publisher":{"@id":"https:\/\/www.centrocliniconemo.it\/en\/#organization"},"potentialAction":[{"@type":"SearchAction","target":{"@type":"EntryPoint","urlTemplate":"https:\/\/www.centrocliniconemo.it\/en\/?s={search_term_string}"},"query-input":{"@type":"PropertyValueSpecification","valueRequired":true,"valueName":"search_term_string"}}],"inLanguage":"en-US"},{"@type":"Organization","@id":"https:\/\/www.centrocliniconemo.it\/en\/#organization","name":"Centro Clinico NeMO - Fondazione Serena Onlus","url":"https:\/\/www.centrocliniconemo.it\/en\/","logo":{"@type":"ImageObject","inLanguage":"en-US","@id":"https:\/\/www.centrocliniconemo.it\/en\/#\/schema\/logo\/image\/","url":"https:\/\/www.centrocliniconemo.it\/wp-content\/uploads\/2023\/03\/logo-nemo.svg","contentUrl":"https:\/\/www.centrocliniconemo.it\/wp-content\/uploads\/2023\/03\/logo-nemo.svg","width":272,"height":109.142,"caption":"Centro Clinico NeMO - Fondazione Serena Onlus"},"image":{"@id":"https:\/\/www.centrocliniconemo.it\/en\/#\/schema\/logo\/image\/"},"sameAs":["https:\/\/www.facebook.com\/CentroNEMOItalia","https:\/\/x.com\/CentroNemo","https:\/\/www.linkedin.com\/company\/centrocliniconemo\/","https:\/\/www.instagram.com\/centrocliniconemo\/"]},{"@type":"Person","@id":"https:\/\/www.centrocliniconemo.it\/en\/#\/schema\/person\/9331a87c0a8ee435c61f5dd498531434","name":"Luca Biondi","image":{"@type":"ImageObject","inLanguage":"en-US","@id":"https:\/\/secure.gravatar.com\/avatar\/0488b88829885ebcc9896de947265b69d2979e6dc4666b1e2c3d4fbf8dc73d77?s=96&d=mm&r=g","url":"https:\/\/secure.gravatar.com\/avatar\/0488b88829885ebcc9896de947265b69d2979e6dc4666b1e2c3d4fbf8dc73d77?s=96&d=mm&r=g","contentUrl":"https:\/\/secure.gravatar.com\/avatar\/0488b88829885ebcc9896de947265b69d2979e6dc4666b1e2c3d4fbf8dc73d77?s=96&d=mm&r=g","caption":"Luca Biondi"}}]}},"_links":{"self":[{"href":"https:\/\/www.centrocliniconemo.it\/en\/wp-json\/wp\/v2\/posts\/13260","targetHints":{"allow":["GET"]}}],"collection":[{"href":"https:\/\/www.centrocliniconemo.it\/en\/wp-json\/wp\/v2\/posts"}],"about":[{"href":"https:\/\/www.centrocliniconemo.it\/en\/wp-json\/wp\/v2\/types\/post"}],"author":[{"embeddable":true,"href":"https:\/\/www.centrocliniconemo.it\/en\/wp-json\/wp\/v2\/users\/2"}],"replies":[{"embeddable":true,"href":"https:\/\/www.centrocliniconemo.it\/en\/wp-json\/wp\/v2\/comments?post=13260"}],"version-history":[{"count":0,"href":"https:\/\/www.centrocliniconemo.it\/en\/wp-json\/wp\/v2\/posts\/13260\/revisions"}],"wp:featuredmedia":[{"embeddable":true,"href":"https:\/\/www.centrocliniconemo.it\/en\/wp-json\/wp\/v2\/media\/11589"}],"wp:attachment":[{"href":"https:\/\/www.centrocliniconemo.it\/en\/wp-json\/wp\/v2\/media?parent=13260"}],"wp:term":[{"taxonomy":"category","embeddable":true,"href":"https:\/\/www.centrocliniconemo.it\/en\/wp-json\/wp\/v2\/categories?post=13260"},{"taxonomy":"post_tag","embeddable":true,"href":"https:\/\/www.centrocliniconemo.it\/en\/wp-json\/wp\/v2\/tags?post=13260"}],"curies":[{"name":"wp","href":"https:\/\/api.w.org\/{rel}","templated":true}]}}