{"id":13244,"date":"2021-05-08T07:24:27","date_gmt":"2021-05-08T07:24:27","guid":{"rendered":"https:\/\/www.centrocliniconemo.it\/blog\/centri-nemo-festa-della-mamma-2021-9-maggio"},"modified":"2023-07-19T12:16:36","modified_gmt":"2023-07-19T12:16:36","slug":"centri-nemo-festa-della-mamma-2021-9-maggio","status":"publish","type":"post","link":"https:\/\/www.centrocliniconemo.it\/en\/blog\/centri-nemo-festa-della-mamma-2021-9-maggio\/","title":{"rendered":"I Centri Nemo Celebrano La Festa Della Mamma: Dove La Vita Inizia E L&#8217;Amore Non Finisce Mai"},"content":{"rendered":"<p style=\"font-weight: bold; text-align: justify;\">I Centri Clinici NeMO celebrano la Festa della mamma: dove la vita inizia e l\u2019amore non finisce mai.&nbsp;Giovani mamme con patologia neuromuscolare si raccontano.&nbsp;<\/p>\n<p><!--more--><\/p>\n<p style=\"text-align: justify;\"><i>9 maggio 2021 &#8211; <\/i>ll desiderio di maternit\u00e0 irrompe nella vita della donna in modo intenso, naturale, spontaneo, intriso di emozioni<strong>. Sono 11 le giovani donne con <a href=\"https:\/\/centrocliniconemo.it\/patologie\/atrofia-muscolare-spinale-sma\/\" rel=\"noopener\" target=\"_blank\">SMA<\/a> e <a href=\"https:\/\/centrocliniconemo.it\/patologie\/distrofie-muscolari\/\" rel=\"noopener\" target=\"_blank\">Distrofie<\/a> che in questi 13 anni sono diventate mamme, assistite dal team di esperti dei Centri Clinici NeMO<\/strong>, un esempio, il loro, di tenacia e amore per la vita.<span>&nbsp;<\/span><\/p>\n<p style=\"text-align: justify;\"><span>Per una donna che nasce con una patologia neuromuscolare<\/span>, intraprendere un progetto di maternit\u00e0 significa iniziare un percorso di nuova consapevolezza, sapendo non solo di dover porre attenzione alla molteplicit\u00e0 dei bisogni clinici e funzionali dovuti ad una patologia complessa, ma anche di dover affrontare l\u2019elaborazione di una nuova immagine di s\u00e9, legata al cambiamento di vita. Per questo il coordinamento tra i diversi professionisti diventa fondamentale per affrontare la gravidanza in modo sereno, nell\u2019accogliere e rispondere alle esigenze diversificate di ogni futura mamma.<\/p>\n<p style=\"text-align: justify;\">\u201c<i>Prenderci cura delle donne con una patologia neuromuscolare<\/i> &#8211; dichiara <strong>Alberto Fontana presidente dei Centri Clinici NeMO<\/strong> \u2013 <i>significa per noi creare le condizioni perch\u00e9 ciascuna di loro possa realizzare il suo progetto di vita. Accompagnarle nel percorso della maternit\u00e0 \u00e8 una risposta concreta a quel desiderio di voler attraversare la malattia per vivere appieno la propria esistenza come una possibilit\u00e0. Ed \u00e8 grazie a questo che il prodigio di ogni vita, con le sue luci e le sue ombre, vale la pena raccontarlo, sempre\u201d.<\/i><\/p>\n<p style=\"text-align: justify;\">Il team multidisciplinare dei Centri NeMO &#8211; dal neurologo al fisiatra, dallo pneumologo al nutrizionista, dal terapista allo psicologo \u2013 agisce in modo coordinato con il ginecologo per accompagnare l\u2019esperienza della maternit\u00e0 in tutti i suoi aspetti. A partire dalla consulenza genetica, con i futuri genitori che stanno iniziando a pianificare una maternit\u00e0, la presa in carico continua nel far conoscere cosa significhi affrontare la gravidanza, il parto e il primo anno di vita del bimbo. Durante i nove mesi, inoltre, si pone particolare attenzione alla capacit\u00e0 respiratoria della futura mamma, ma anche all\u2019esigenza di adattare gli ausili per gestire al meglio la quotidianit\u00e0 durante la gravidanza, ai controlli neurologi periodici, agli aspetti nutrizionali, fino alla fisioterapia mirata che non deve mancare. <span>&nbsp;<\/span><\/p>\n<p style=\"text-align: justify;\">\u201c<i>Partiamo dal desiderio di maternit\u00e0 dei futuri genitori<\/i> \u2013 spiega <strong>Alice Zanolini, medico neurologo del <a href=\"https:\/\/www.facebook.com\/CentroNEMOMilano\" rel=\"noopener\" target=\"_blank\">Centro Clinico NeMO di Milano<\/a><\/strong> &#8211; <i>e insieme iniziamo il percorso di presa in carico personalizzato. In questi anni lo sviluppo degli approcci di cura ci permette di seguire in modo sempre pi\u00f9 mirato le giovani donne durante la gravidanza e, ci\u00f2 che consiglio sempre loro, \u00e8 condividere da subito con il proprio medico di riferimento \u2013 che sia il neurologo o il ginecologo &#8211; la decisione di voler intraprendere questo percorso. In questo modo \u00e8 possibile pianificare una presa in carico multidisciplinare concertata con tutti gli specialisti e garantire cos\u00ec una gestione serena della gravidanza stessa, per la futura mamma e per la sua famiglia<\/i>.\u201d<\/p>\n<p style=\"text-align: justify;\">E\u2019 con questo spirito che oggi i Centri NeMO celebrano la festa della mamma, festa, perch\u00e9 se \u00e8 vero che ogni mamma \u00e8 capace di dare inizio alla vita, dall\u2019altra \u00e8 anche forse l\u2019unico momento in cui ci \u00e8 consentito pronunciare la parola \u201cmai\u201d, quello di un amore, appunto, che non finir\u00e0 mai. Le storie che abitano i Centri NeMO tutti i giorni sono, di fatto, un vero e proprio inno alla vita. Di fronte a malattie schiette e ingombranti come quelle neuromuscolari si pu\u00f2 solo scegliere se disperarsi o se trasformare quel momento che sembra insuperabile in energia, per testimoniare che si pu\u00f2 e si deve conquistare la bellezza della vita.<span>&nbsp;<\/span><\/p>\n<h3 style=\"text-align: justify;\"><span style=\"color: #005f98;\"><strong>Le testimonianze delle donne diventate mamme al Centro Clinico NeMO sono un esempio di speranza.<\/strong><\/span><\/h3>\n<p style=\"font-size: 10px;\">&nbsp;<\/p>\n<div data-hs-responsive-table=\"true\" style=\"overflow-x: auto; max-width: 100%; width: 100%; margin-left: auto; margin-right: auto;\">\n<table border=\"1\" cellpadding=\"4\" style=\"width: 100%; border-color: #ffffff; border-style: solid; border-collapse: collapse; table-layout: fixed; height: 136px;\">\n<tbody>\n<tr style=\"height: 34px;\">\n<td style=\"width: 50%; height: 34px; background-color: #005f98;\"><img decoding=\"async\" src=\"https:\/\/www.centrocliniconemo.it\/wp-content\/uploads\/2023\/07\/Sonia-Veres.jpeg\" alt=\"Sonia Veres\" width=\"262\" loading=\"lazy\" style=\"width: 262px; margin-left: auto; margin-right: auto; display: block;\"><\/td>\n<td style=\"width: 50%; height: 34px; background-color: #005f98;\">\n<p style=\"text-align: justify;\"><span style=\"color: #ffff04;\"><strong>Sonia Veres, mamma di Leila: \u00abInsieme alla SMA sono diventata mamma<\/strong>\u00bb<\/span><\/p>\n<p style=\"text-align: justify;\"><span style=\"color: #ffffff;\"><i>Il mio nome \u00e8 Sonia e vivo da 39 anni con una strana compagna di vita, la SMA 3, una patologia genetica che non mi permette di essere autosufficiente. Il percorso di accettazione e conoscenza tra me e l\u2019Atrofia Muscolare \u00e8 stato complesso, ma ora ci sopportiamo a vicenda. Insieme siamo persino riuscite a raggiungere un grande traguardo: essere mamma di Leila, una fantastica bimba di tre anni e mezzo. Pap\u00e0 Francesco e il Centro Clinico NeMO sono stati i primi a saperlo e ad accompagnarci in questa avventura, non facile ma meravigliosa. Ora io e Leila viviamo ogni giorno un&#8217;avventura diversa, Leila mi aiuta, mi alza il braccio se cade, mi aggiusta il busto se vado in avanti. La SMA sorride e cos\u00ec abbiamo trovato un nostro equilibrio, non sempre tuttavia \u00e8 facile. Ci sono momenti in cui io e la mia patologia litighiamo, poi guardo il sorriso di Leila e tutto torna ad essere pi\u00f9 semplice<\/i>.<\/span><\/p>\n<\/td>\n<\/tr>\n<tr style=\"height: 34px;\">\n<td style=\"width: 50%; height: 34px; background-color: #005f98;\">\n<p style=\"text-align: justify;\"><span style=\"color: #ffff04;\"><strong>Francesca Penno, mamma di Ibrahima Mauro: \u00abMio figlio \u00e8 la mia miglior medicina<\/strong>\u00bb<\/span><\/p>\n<p style=\"text-align: justify;\"><span style=\"color: #ffffff;\"><i>Il 17 gennaio 2020 con la nascita di Ibrahima si \u00e8 aperto un nuovo capitolo della mia vita. Essere mamma \u00e8 un insieme di emozioni e nuove scoperte, giorno dopo giorno. E\u2019 crescere insieme e sperimentarsi in tutto ci\u00f2 che per Ibrahima \u00e8 nuovo e che per me \u00e8 nuovo da affrontare insieme a lui. Con lui \u00e8 nata anche una nuova Francesca, una mamma. Sono consapevole delle difficolt\u00e0 che la SMA comporti, so di aver bisogno dell\u2019aiuto degli altri, ma in questo percorso non sono sola e insieme alla mia famiglia troviamo ogni giorno soluzioni, talvolta anche creative. Non mi sento coraggiosa, mi sento solo una donna che ha deciso di portare avanti una gravidanza e mio figlio \u00e8 la mia miglior medicina. Nonostante la mia gravidanza non sia stata semplice, riaffronterei altre mille volte tutti i momenti critici che ho vissuto. I suoi occhioni, le sue guance paffutelle, i suoi sorrisi sono linfa vitale per me<\/i>.&nbsp;<\/span><\/p>\n<\/td>\n<td style=\"width: 50%; height: 34px; background-color: #005f98;\"><img decoding=\"async\" src=\"https:\/\/www.centrocliniconemo.it\/wp-content\/uploads\/2023\/07\/Francesca-Penno.jpg\" alt=\"Francesca Penno\" width=\"348\" loading=\"lazy\" style=\"width: 348px; margin-left: auto; margin-right: auto; display: block;\"><\/td>\n<\/tr>\n<tr style=\"height: 34px;\">\n<td style=\"width: 50%; height: 34px; background-color: #005f98;\"><img decoding=\"async\" src=\"https:\/\/www.centrocliniconemo.it\/wp-content\/uploads\/2023\/07\/Concetta-Sternativo.jpeg\" alt=\"Concetta Sternativo\" width=\"348\" loading=\"lazy\" style=\"width: 348px; margin-left: auto; margin-right: auto; display: block;\"><\/td>\n<td style=\"width: 50%; height: 34px; background-color: #005f98;\">\n<p style=\"text-align: justify;\"><span style=\"color: #ffff04;\"><strong>Concetta Sternativo, mamma di Angelo e Christian: \u201cSono felice, perch\u00e9 intorno a me ci sono i miei bambini\u201d<\/strong>.&nbsp;<\/span><\/p>\n<p style=\"text-align: justify;\"><span style=\"color: #ffffff;\"><i>Ho 39 anni. Quando ho scoperto di essere affetta da distrofia muscolare nel 2008 mi \u00e8 crollato il mondo addosso e, tra le mie paure, quella pi\u00f9 grande era quella di non poter diventare un giorno mamma. Dopo 2 anni dalla diagnosi \u00e8 arrivata la notizia che mi ha cambiato letteralmente la vita: ho scoperto di aspettare un bimbo e insieme a questa scoperta le paure di non potercela fare. A distanza di 11 anni, oggi ho due bellissimi bambini, Angelo e Christian, che mi riempiono la vita ogni giorno. Io mi divido tra casa e lavoro, a volte con grande fatica, perch\u00e9 i miei muscoli non reggono, ma sono felice, perch\u00e9 intorno a me ci sono loro, insieme al loro pap\u00e0. Tre piccoli e grandi uomini capaci anche di coccolarmi. Da quando ci sono Angelo e Christian le mie paure sono svanite e la mia vita \u00e8 completa, ecco perch\u00e9 vorrei dire alle mamme di non arrendersi mai, perch\u00e9 oggi credo che ciascuna di noi sia forte abbastanza per poter affrontare i problemi che la vita inevitabilmente presenta. &nbsp; &nbsp;<\/i><\/span><\/p>\n<\/td>\n<\/tr>\n<tr style=\"height: 34px;\">\n<td style=\"width: 50%; height: 34px; background-color: #005f98;\">\n<p style=\"text-align: justify;\"><span style=\"color: #ffff04;\"><strong>Thalia Ines Orihuela Carbajal, mamma di Ethan Jael Damas Arredondo: \u201cEthan, il mio piccolo grande amore\u201d<\/strong><\/span><\/p>\n<p style=\"text-align: justify;\"><span style=\"color: #ffffff;\"><i>Lo scorso 23 ottobre \u00e8 nato Ethan e la mia vita \u00e8 cambiata. Non avrei mai pensato di diventare mamma a 23 anni, ma aspettare il mio piccolo \u00e8 stato il periodo pi\u00f9 bello della mia vita. Ethan mi ha resa una persona pi\u00f9 matura e pi\u00f9 sicura di me stessa, anche dovendo fare i conti con la malattia di cui sono affetta, la Distrofia Miotonica di Steinert di tipo 1. Ogni giorno imparo cose nuove e quando guardo negli occhi il mio bimbo sento di potercela fare. In questo percorso non sono sola e so che posso contare anche sui medici e gli operatori che mi hanno aiutata a far nascere il mio bambino: avere loro al mio fianco sempre, mi ha aiutata e mi aiuta ad essere la persona e la mamma che sono. E quando vedo che Ethan adora giocare con tutti e per tutti ha un sorriso, non posso che continuare ad essere fiduciosa e felice di questa meraviglia della vita.&nbsp; &nbsp;<\/i><\/span><\/p>\n<\/td>\n<td style=\"width: 50%; height: 34px; background-color: #005f98;\"><img decoding=\"async\" src=\"https:\/\/www.centrocliniconemo.it\/wp-content\/uploads\/2023\/07\/Thalia-Ines-Orihuela-Carbajal.jpg\" alt=\"Thalia Ines Orihuela Carbajal\" width=\"311\" loading=\"lazy\" style=\"width: 311px; margin-left: auto; margin-right: auto; display: block;\"><\/td>\n<\/tr>\n<\/tbody>\n<\/table>\n<p>{{cta(&#8216;589b6d6d-3ee0-4ab8-95c0-356471dea2a7&#8242;,&#8217;justifycenter&#8217;)}}<\/p>\n<\/div>\n","protected":false},"excerpt":{"rendered":"<p>ll desiderio di maternit\u00e0 irrompe nella vita della donna in modo intenso, naturale, spontaneo, intriso di emozioni. Sono 11 le giovani donne con SMA e Distrofie che in questi 13 anni sono diventate mamme, assistite dal team di esperti dei Centri Clinici NeMO, un esempio, il loro, di tenacia e amore per la vita.\u00a0<\/p>\n","protected":false},"author":2,"featured_media":11552,"comment_status":"closed","ping_status":"closed","sticky":false,"template":"","format":"standard","meta":{"pgc_sgb_lightbox_settings":"","footnotes":""},"categories":[28],"tags":[],"class_list":["post-13244","post","type-post","status-publish","format-standard","has-post-thumbnail","hentry","category-cura-ricerca-e-formazione"],"yoast_head":"<!-- This site is optimized with the Yoast SEO plugin v27.4 - https:\/\/yoast.com\/product\/yoast-seo-wordpress\/ -->\n<title>I Centri Nemo Celebrano La Festa Della Mamma: Dove La Vita Inizia E L&#039;Amore Non Finisce Mai - Centro Clinico NeMO<\/title>\n<meta name=\"robots\" content=\"index, follow, max-snippet:-1, max-image-preview:large, max-video-preview:-1\" \/>\n<link rel=\"canonical\" href=\"https:\/\/www.centrocliniconemo.it\/en\/blog\/centri-nemo-festa-della-mamma-2021-9-maggio\/\" \/>\n<meta property=\"og:locale\" content=\"en_US\" \/>\n<meta property=\"og:type\" content=\"article\" \/>\n<meta property=\"og:title\" content=\"I Centri Nemo Celebrano La Festa Della Mamma: Dove La Vita Inizia E L&#039;Amore Non Finisce Mai - Centro Clinico NeMO\" \/>\n<meta property=\"og:description\" content=\"ll desiderio di maternit\u00e0 irrompe nella vita della donna in modo intenso, naturale, spontaneo, intriso di emozioni. Sono 11 le giovani donne con SMA e Distrofie che in questi 13 anni sono diventate mamme, assistite dal team di esperti dei Centri Clinici NeMO, un esempio, il loro, di tenacia e amore per la vita.\u00a0\" \/>\n<meta property=\"og:url\" content=\"https:\/\/www.centrocliniconemo.it\/en\/blog\/centri-nemo-festa-della-mamma-2021-9-maggio\/\" \/>\n<meta property=\"og:site_name\" content=\"Centro Clinico NeMO\" \/>\n<meta property=\"article:publisher\" content=\"https:\/\/www.facebook.com\/CentroNEMOItalia\" \/>\n<meta property=\"article:published_time\" content=\"2021-05-08T07:24:27+00:00\" \/>\n<meta property=\"article:modified_time\" content=\"2023-07-19T12:16:36+00:00\" \/>\n<meta property=\"og:image\" content=\"https:\/\/www.centrocliniconemo.it\/wp-content\/uploads\/2023\/07\/FESTA-DELLA-MAMMA-1024x576.png\" \/>\n\t<meta property=\"og:image:width\" content=\"1024\" \/>\n\t<meta property=\"og:image:height\" content=\"576\" \/>\n\t<meta property=\"og:image:type\" content=\"image\/png\" \/>\n<meta name=\"author\" content=\"Luca Biondi\" \/>\n<meta name=\"twitter:card\" content=\"summary_large_image\" \/>\n<meta name=\"twitter:creator\" content=\"@CentroNemo\" \/>\n<meta name=\"twitter:site\" content=\"@CentroNemo\" \/>\n<meta name=\"twitter:label1\" content=\"Written by\" \/>\n\t<meta name=\"twitter:data1\" content=\"Luca Biondi\" \/>\n\t<meta name=\"twitter:label2\" content=\"Est. reading time\" \/>\n\t<meta name=\"twitter:data2\" content=\"7 minutes\" \/>\n<script type=\"application\/ld+json\" class=\"yoast-schema-graph\">{\"@context\":\"https:\\\/\\\/schema.org\",\"@graph\":[{\"@type\":\"Article\",\"@id\":\"https:\\\/\\\/www.centrocliniconemo.it\\\/en\\\/blog\\\/centri-nemo-festa-della-mamma-2021-9-maggio\\\/#article\",\"isPartOf\":{\"@id\":\"https:\\\/\\\/www.centrocliniconemo.it\\\/en\\\/blog\\\/centri-nemo-festa-della-mamma-2021-9-maggio\\\/\"},\"author\":{\"name\":\"Luca Biondi\",\"@id\":\"https:\\\/\\\/www.centrocliniconemo.it\\\/en\\\/#\\\/schema\\\/person\\\/9331a87c0a8ee435c61f5dd498531434\"},\"headline\":\"I Centri Nemo Celebrano La Festa Della Mamma: Dove La Vita Inizia E L&#8217;Amore Non Finisce Mai\",\"datePublished\":\"2021-05-08T07:24:27+00:00\",\"dateModified\":\"2023-07-19T12:16:36+00:00\",\"mainEntityOfPage\":{\"@id\":\"https:\\\/\\\/www.centrocliniconemo.it\\\/en\\\/blog\\\/centri-nemo-festa-della-mamma-2021-9-maggio\\\/\"},\"wordCount\":1350,\"publisher\":{\"@id\":\"https:\\\/\\\/www.centrocliniconemo.it\\\/en\\\/#organization\"},\"image\":{\"@id\":\"https:\\\/\\\/www.centrocliniconemo.it\\\/en\\\/blog\\\/centri-nemo-festa-della-mamma-2021-9-maggio\\\/#primaryimage\"},\"thumbnailUrl\":\"https:\\\/\\\/www.centrocliniconemo.it\\\/wp-content\\\/uploads\\\/2023\\\/07\\\/FESTA-DELLA-MAMMA.png\",\"articleSection\":[\"Cura, ricerca e formazione\"],\"inLanguage\":\"en-US\"},{\"@type\":\"WebPage\",\"@id\":\"https:\\\/\\\/www.centrocliniconemo.it\\\/en\\\/blog\\\/centri-nemo-festa-della-mamma-2021-9-maggio\\\/\",\"url\":\"https:\\\/\\\/www.centrocliniconemo.it\\\/en\\\/blog\\\/centri-nemo-festa-della-mamma-2021-9-maggio\\\/\",\"name\":\"I Centri Nemo Celebrano La Festa Della Mamma: Dove La Vita Inizia E L'Amore Non Finisce Mai - Centro Clinico NeMO\",\"isPartOf\":{\"@id\":\"https:\\\/\\\/www.centrocliniconemo.it\\\/en\\\/#website\"},\"primaryImageOfPage\":{\"@id\":\"https:\\\/\\\/www.centrocliniconemo.it\\\/en\\\/blog\\\/centri-nemo-festa-della-mamma-2021-9-maggio\\\/#primaryimage\"},\"image\":{\"@id\":\"https:\\\/\\\/www.centrocliniconemo.it\\\/en\\\/blog\\\/centri-nemo-festa-della-mamma-2021-9-maggio\\\/#primaryimage\"},\"thumbnailUrl\":\"https:\\\/\\\/www.centrocliniconemo.it\\\/wp-content\\\/uploads\\\/2023\\\/07\\\/FESTA-DELLA-MAMMA.png\",\"datePublished\":\"2021-05-08T07:24:27+00:00\",\"dateModified\":\"2023-07-19T12:16:36+00:00\",\"breadcrumb\":{\"@id\":\"https:\\\/\\\/www.centrocliniconemo.it\\\/en\\\/blog\\\/centri-nemo-festa-della-mamma-2021-9-maggio\\\/#breadcrumb\"},\"inLanguage\":\"en-US\",\"potentialAction\":[{\"@type\":\"ReadAction\",\"target\":[\"https:\\\/\\\/www.centrocliniconemo.it\\\/en\\\/blog\\\/centri-nemo-festa-della-mamma-2021-9-maggio\\\/\"]}]},{\"@type\":\"ImageObject\",\"inLanguage\":\"en-US\",\"@id\":\"https:\\\/\\\/www.centrocliniconemo.it\\\/en\\\/blog\\\/centri-nemo-festa-della-mamma-2021-9-maggio\\\/#primaryimage\",\"url\":\"https:\\\/\\\/www.centrocliniconemo.it\\\/wp-content\\\/uploads\\\/2023\\\/07\\\/FESTA-DELLA-MAMMA.png\",\"contentUrl\":\"https:\\\/\\\/www.centrocliniconemo.it\\\/wp-content\\\/uploads\\\/2023\\\/07\\\/FESTA-DELLA-MAMMA.png\",\"width\":1920,\"height\":1080},{\"@type\":\"BreadcrumbList\",\"@id\":\"https:\\\/\\\/www.centrocliniconemo.it\\\/en\\\/blog\\\/centri-nemo-festa-della-mamma-2021-9-maggio\\\/#breadcrumb\",\"itemListElement\":[{\"@type\":\"ListItem\",\"position\":1,\"name\":\"Home\",\"item\":\"https:\\\/\\\/www.centrocliniconemo.it\\\/en\\\/\"},{\"@type\":\"ListItem\",\"position\":2,\"name\":\"I Centri Nemo Celebrano La Festa Della Mamma: Dove La Vita Inizia E L&#8217;Amore Non Finisce Mai\"}]},{\"@type\":\"WebSite\",\"@id\":\"https:\\\/\\\/www.centrocliniconemo.it\\\/en\\\/#website\",\"url\":\"https:\\\/\\\/www.centrocliniconemo.it\\\/en\\\/\",\"name\":\"Centro Clinico NeMO\",\"description\":\"Il paziente al centro\",\"publisher\":{\"@id\":\"https:\\\/\\\/www.centrocliniconemo.it\\\/en\\\/#organization\"},\"potentialAction\":[{\"@type\":\"SearchAction\",\"target\":{\"@type\":\"EntryPoint\",\"urlTemplate\":\"https:\\\/\\\/www.centrocliniconemo.it\\\/en\\\/?s={search_term_string}\"},\"query-input\":{\"@type\":\"PropertyValueSpecification\",\"valueRequired\":true,\"valueName\":\"search_term_string\"}}],\"inLanguage\":\"en-US\"},{\"@type\":\"Organization\",\"@id\":\"https:\\\/\\\/www.centrocliniconemo.it\\\/en\\\/#organization\",\"name\":\"Centro Clinico NeMO - Fondazione Serena Onlus\",\"url\":\"https:\\\/\\\/www.centrocliniconemo.it\\\/en\\\/\",\"logo\":{\"@type\":\"ImageObject\",\"inLanguage\":\"en-US\",\"@id\":\"https:\\\/\\\/www.centrocliniconemo.it\\\/en\\\/#\\\/schema\\\/logo\\\/image\\\/\",\"url\":\"https:\\\/\\\/www.centrocliniconemo.it\\\/wp-content\\\/uploads\\\/2023\\\/03\\\/logo-nemo.svg\",\"contentUrl\":\"https:\\\/\\\/www.centrocliniconemo.it\\\/wp-content\\\/uploads\\\/2023\\\/03\\\/logo-nemo.svg\",\"width\":272,\"height\":109.142,\"caption\":\"Centro Clinico NeMO - Fondazione Serena Onlus\"},\"image\":{\"@id\":\"https:\\\/\\\/www.centrocliniconemo.it\\\/en\\\/#\\\/schema\\\/logo\\\/image\\\/\"},\"sameAs\":[\"https:\\\/\\\/www.facebook.com\\\/CentroNEMOItalia\",\"https:\\\/\\\/x.com\\\/CentroNemo\",\"https:\\\/\\\/www.linkedin.com\\\/company\\\/centrocliniconemo\\\/\",\"https:\\\/\\\/www.instagram.com\\\/centrocliniconemo\\\/\"]},{\"@type\":\"Person\",\"@id\":\"https:\\\/\\\/www.centrocliniconemo.it\\\/en\\\/#\\\/schema\\\/person\\\/9331a87c0a8ee435c61f5dd498531434\",\"name\":\"Luca Biondi\",\"image\":{\"@type\":\"ImageObject\",\"inLanguage\":\"en-US\",\"@id\":\"https:\\\/\\\/secure.gravatar.com\\\/avatar\\\/0488b88829885ebcc9896de947265b69d2979e6dc4666b1e2c3d4fbf8dc73d77?s=96&d=mm&r=g\",\"url\":\"https:\\\/\\\/secure.gravatar.com\\\/avatar\\\/0488b88829885ebcc9896de947265b69d2979e6dc4666b1e2c3d4fbf8dc73d77?s=96&d=mm&r=g\",\"contentUrl\":\"https:\\\/\\\/secure.gravatar.com\\\/avatar\\\/0488b88829885ebcc9896de947265b69d2979e6dc4666b1e2c3d4fbf8dc73d77?s=96&d=mm&r=g\",\"caption\":\"Luca Biondi\"}}]}<\/script>\n<!-- \/ Yoast SEO plugin. -->","yoast_head_json":{"title":"I Centri Nemo Celebrano La Festa Della Mamma: Dove La Vita Inizia E L'Amore Non Finisce Mai - Centro Clinico NeMO","robots":{"index":"index","follow":"follow","max-snippet":"max-snippet:-1","max-image-preview":"max-image-preview:large","max-video-preview":"max-video-preview:-1"},"canonical":"https:\/\/www.centrocliniconemo.it\/en\/blog\/centri-nemo-festa-della-mamma-2021-9-maggio\/","og_locale":"en_US","og_type":"article","og_title":"I Centri Nemo Celebrano La Festa Della Mamma: Dove La Vita Inizia E L'Amore Non Finisce Mai - Centro Clinico NeMO","og_description":"ll desiderio di maternit\u00e0 irrompe nella vita della donna in modo intenso, naturale, spontaneo, intriso di emozioni. Sono 11 le giovani donne con SMA e Distrofie che in questi 13 anni sono diventate mamme, assistite dal team di esperti dei Centri Clinici NeMO, un esempio, il loro, di tenacia e amore per la vita.\u00a0","og_url":"https:\/\/www.centrocliniconemo.it\/en\/blog\/centri-nemo-festa-della-mamma-2021-9-maggio\/","og_site_name":"Centro Clinico NeMO","article_publisher":"https:\/\/www.facebook.com\/CentroNEMOItalia","article_published_time":"2021-05-08T07:24:27+00:00","article_modified_time":"2023-07-19T12:16:36+00:00","og_image":[{"width":1024,"height":576,"url":"https:\/\/www.centrocliniconemo.it\/wp-content\/uploads\/2023\/07\/FESTA-DELLA-MAMMA-1024x576.png","type":"image\/png"}],"author":"Luca Biondi","twitter_card":"summary_large_image","twitter_creator":"@CentroNemo","twitter_site":"@CentroNemo","twitter_misc":{"Written by":"Luca Biondi","Est. reading time":"7 minutes"},"schema":{"@context":"https:\/\/schema.org","@graph":[{"@type":"Article","@id":"https:\/\/www.centrocliniconemo.it\/en\/blog\/centri-nemo-festa-della-mamma-2021-9-maggio\/#article","isPartOf":{"@id":"https:\/\/www.centrocliniconemo.it\/en\/blog\/centri-nemo-festa-della-mamma-2021-9-maggio\/"},"author":{"name":"Luca Biondi","@id":"https:\/\/www.centrocliniconemo.it\/en\/#\/schema\/person\/9331a87c0a8ee435c61f5dd498531434"},"headline":"I Centri Nemo Celebrano La Festa Della Mamma: Dove La Vita Inizia E L&#8217;Amore Non Finisce Mai","datePublished":"2021-05-08T07:24:27+00:00","dateModified":"2023-07-19T12:16:36+00:00","mainEntityOfPage":{"@id":"https:\/\/www.centrocliniconemo.it\/en\/blog\/centri-nemo-festa-della-mamma-2021-9-maggio\/"},"wordCount":1350,"publisher":{"@id":"https:\/\/www.centrocliniconemo.it\/en\/#organization"},"image":{"@id":"https:\/\/www.centrocliniconemo.it\/en\/blog\/centri-nemo-festa-della-mamma-2021-9-maggio\/#primaryimage"},"thumbnailUrl":"https:\/\/www.centrocliniconemo.it\/wp-content\/uploads\/2023\/07\/FESTA-DELLA-MAMMA.png","articleSection":["Cura, ricerca e formazione"],"inLanguage":"en-US"},{"@type":"WebPage","@id":"https:\/\/www.centrocliniconemo.it\/en\/blog\/centri-nemo-festa-della-mamma-2021-9-maggio\/","url":"https:\/\/www.centrocliniconemo.it\/en\/blog\/centri-nemo-festa-della-mamma-2021-9-maggio\/","name":"I Centri Nemo Celebrano La Festa Della Mamma: Dove La Vita Inizia E L'Amore Non Finisce Mai - Centro Clinico NeMO","isPartOf":{"@id":"https:\/\/www.centrocliniconemo.it\/en\/#website"},"primaryImageOfPage":{"@id":"https:\/\/www.centrocliniconemo.it\/en\/blog\/centri-nemo-festa-della-mamma-2021-9-maggio\/#primaryimage"},"image":{"@id":"https:\/\/www.centrocliniconemo.it\/en\/blog\/centri-nemo-festa-della-mamma-2021-9-maggio\/#primaryimage"},"thumbnailUrl":"https:\/\/www.centrocliniconemo.it\/wp-content\/uploads\/2023\/07\/FESTA-DELLA-MAMMA.png","datePublished":"2021-05-08T07:24:27+00:00","dateModified":"2023-07-19T12:16:36+00:00","breadcrumb":{"@id":"https:\/\/www.centrocliniconemo.it\/en\/blog\/centri-nemo-festa-della-mamma-2021-9-maggio\/#breadcrumb"},"inLanguage":"en-US","potentialAction":[{"@type":"ReadAction","target":["https:\/\/www.centrocliniconemo.it\/en\/blog\/centri-nemo-festa-della-mamma-2021-9-maggio\/"]}]},{"@type":"ImageObject","inLanguage":"en-US","@id":"https:\/\/www.centrocliniconemo.it\/en\/blog\/centri-nemo-festa-della-mamma-2021-9-maggio\/#primaryimage","url":"https:\/\/www.centrocliniconemo.it\/wp-content\/uploads\/2023\/07\/FESTA-DELLA-MAMMA.png","contentUrl":"https:\/\/www.centrocliniconemo.it\/wp-content\/uploads\/2023\/07\/FESTA-DELLA-MAMMA.png","width":1920,"height":1080},{"@type":"BreadcrumbList","@id":"https:\/\/www.centrocliniconemo.it\/en\/blog\/centri-nemo-festa-della-mamma-2021-9-maggio\/#breadcrumb","itemListElement":[{"@type":"ListItem","position":1,"name":"Home","item":"https:\/\/www.centrocliniconemo.it\/en\/"},{"@type":"ListItem","position":2,"name":"I Centri Nemo Celebrano La Festa Della Mamma: Dove La Vita Inizia E L&#8217;Amore Non Finisce Mai"}]},{"@type":"WebSite","@id":"https:\/\/www.centrocliniconemo.it\/en\/#website","url":"https:\/\/www.centrocliniconemo.it\/en\/","name":"Centro Clinico NeMO","description":"Il paziente al centro","publisher":{"@id":"https:\/\/www.centrocliniconemo.it\/en\/#organization"},"potentialAction":[{"@type":"SearchAction","target":{"@type":"EntryPoint","urlTemplate":"https:\/\/www.centrocliniconemo.it\/en\/?s={search_term_string}"},"query-input":{"@type":"PropertyValueSpecification","valueRequired":true,"valueName":"search_term_string"}}],"inLanguage":"en-US"},{"@type":"Organization","@id":"https:\/\/www.centrocliniconemo.it\/en\/#organization","name":"Centro Clinico NeMO - Fondazione Serena Onlus","url":"https:\/\/www.centrocliniconemo.it\/en\/","logo":{"@type":"ImageObject","inLanguage":"en-US","@id":"https:\/\/www.centrocliniconemo.it\/en\/#\/schema\/logo\/image\/","url":"https:\/\/www.centrocliniconemo.it\/wp-content\/uploads\/2023\/03\/logo-nemo.svg","contentUrl":"https:\/\/www.centrocliniconemo.it\/wp-content\/uploads\/2023\/03\/logo-nemo.svg","width":272,"height":109.142,"caption":"Centro Clinico NeMO - Fondazione Serena Onlus"},"image":{"@id":"https:\/\/www.centrocliniconemo.it\/en\/#\/schema\/logo\/image\/"},"sameAs":["https:\/\/www.facebook.com\/CentroNEMOItalia","https:\/\/x.com\/CentroNemo","https:\/\/www.linkedin.com\/company\/centrocliniconemo\/","https:\/\/www.instagram.com\/centrocliniconemo\/"]},{"@type":"Person","@id":"https:\/\/www.centrocliniconemo.it\/en\/#\/schema\/person\/9331a87c0a8ee435c61f5dd498531434","name":"Luca Biondi","image":{"@type":"ImageObject","inLanguage":"en-US","@id":"https:\/\/secure.gravatar.com\/avatar\/0488b88829885ebcc9896de947265b69d2979e6dc4666b1e2c3d4fbf8dc73d77?s=96&d=mm&r=g","url":"https:\/\/secure.gravatar.com\/avatar\/0488b88829885ebcc9896de947265b69d2979e6dc4666b1e2c3d4fbf8dc73d77?s=96&d=mm&r=g","contentUrl":"https:\/\/secure.gravatar.com\/avatar\/0488b88829885ebcc9896de947265b69d2979e6dc4666b1e2c3d4fbf8dc73d77?s=96&d=mm&r=g","caption":"Luca Biondi"}}]}},"_links":{"self":[{"href":"https:\/\/www.centrocliniconemo.it\/en\/wp-json\/wp\/v2\/posts\/13244","targetHints":{"allow":["GET"]}}],"collection":[{"href":"https:\/\/www.centrocliniconemo.it\/en\/wp-json\/wp\/v2\/posts"}],"about":[{"href":"https:\/\/www.centrocliniconemo.it\/en\/wp-json\/wp\/v2\/types\/post"}],"author":[{"embeddable":true,"href":"https:\/\/www.centrocliniconemo.it\/en\/wp-json\/wp\/v2\/users\/2"}],"replies":[{"embeddable":true,"href":"https:\/\/www.centrocliniconemo.it\/en\/wp-json\/wp\/v2\/comments?post=13244"}],"version-history":[{"count":0,"href":"https:\/\/www.centrocliniconemo.it\/en\/wp-json\/wp\/v2\/posts\/13244\/revisions"}],"wp:featuredmedia":[{"embeddable":true,"href":"https:\/\/www.centrocliniconemo.it\/en\/wp-json\/wp\/v2\/media\/11552"}],"wp:attachment":[{"href":"https:\/\/www.centrocliniconemo.it\/en\/wp-json\/wp\/v2\/media?parent=13244"}],"wp:term":[{"taxonomy":"category","embeddable":true,"href":"https:\/\/www.centrocliniconemo.it\/en\/wp-json\/wp\/v2\/categories?post=13244"},{"taxonomy":"post_tag","embeddable":true,"href":"https:\/\/www.centrocliniconemo.it\/en\/wp-json\/wp\/v2\/tags?post=13244"}],"curies":[{"name":"wp","href":"https:\/\/api.w.org\/{rel}","templated":true}]}}