{"id":13214,"date":"2021-06-18T13:20:50","date_gmt":"2021-06-18T13:20:50","guid":{"rendered":"https:\/\/www.centrocliniconemo.it\/blog\/bergamo-global-day-aisla-e-i-diritti-fondamentali-della-comunita-sla"},"modified":"2023-07-19T11:33:24","modified_gmt":"2023-07-19T11:33:24","slug":"bergamo-global-day-aisla-e-i-diritti-fondamentali-della-comunita-sla","status":"publish","type":"post","link":"https:\/\/www.centrocliniconemo.it\/en\/blog\/bergamo-global-day-aisla-e-i-diritti-fondamentali-della-comunita-sla\/","title":{"rendered":"Bergamo: Global Day, Aisla E I Diritti Fondamentali Della Comunit\u00e0 Sla"},"content":{"rendered":"<h4 style=\"line-height: 1; font-size: 24px; text-align: justify;\"><span style=\"color: #005f98;\"><em><strong>A BERGAMO UN CONVEGNO SCIENTIFICO PER I 24 ANNI DI ATTIVIT\u00c0 SUL TERRITORIO.&nbsp;<\/strong>In occasione della Giornata Mondiale sulla SLA l\u2019Alleanza internazionale promuove il manifesto per la tutela dei diritti degli ammalati e dei caregiver famigliari.&nbsp;<\/em><\/span><\/h4>\n<p style=\"text-align: justify;\"><em>Bergamo, 18 giugno 2021<\/em><strong> \u2013 <\/strong>Si \u00e8 svolto oggi, presso il Centro congressi Papa Giovanni XXIII di Bergamo, il convegno \u201cCure e ricerca per la SLA\u201d promosso dalla sezione locale di AISLA che, da 24 anni, porta avanti con determinazione la propria attivit\u00e0 sul territorio. <a href=\"https:\/\/aisla.it\/global-day\/\" rel=\"noopener\" target=\"_blank\">I diritti delle persone con SLA e dei caregiver famigliari sono il punto d\u2019attenzione del <strong>Global Day 2021<\/strong><\/a>.<\/p>\n<p><!--more--><img decoding=\"async\" src=\"https:\/\/www.centrocliniconemo.it\/wp-content\/uploads\/2023\/07\/WhatsApp-Image-2021-06-18-at-16.31.38.jpeg\" alt=\"WhatsApp Image 2021-06-18 at 16.31.38\" width=\"2000\" loading=\"lazy\" style=\"width: 2000px;\"><\/p>\n<p style=\"text-align: justify;\">Diritti fondamentali, scritti e condivisi in tutto il mondo dall\u2019Alleanza delle associazioni rappresentative della comunit\u00e0 internazionale dei pazienti, che vede <a href=\"http:\/\/AISLA.IT\" rel=\"noopener\" target=\"_blank\"><strong>AISLA &#8211; Associazione Italiana Sclerosi Laterale Amiotrofica<\/strong><\/a> quale unico membro italiano.<\/p>\n<p style=\"text-align: justify;\">La&nbsp;<strong>Giornata Mondiale sulla SLA<\/strong>&nbsp;\u00e8 promossa dall\u2019<em>International&nbsp;Alliance of ALS\/MND Associations<\/em> e si celebra ogni anno il&nbsp;<strong>21 giugno<\/strong>, proprio nel giorno del solstizio d\u2019estate, da sempre sinonimo di luce, rinascita e cambiamento. La scelta della data \u00e8 tutt\u2019altro che casuale, perch\u00e9 vuole esprimere la speranza in un punto di svolta per ci\u00f2 che riguarda la ricerca delle cause, dei trattamenti e delle cure efficaci per sconfiggere finalmente la SLA.<strong>&nbsp;<\/strong>Il<strong> fiordaliso, <\/strong>fiore bellissimo nella sua rarit\u00e0, ne \u00e8 il simbolo.<\/p>\n<p style=\"text-align: justify;\">Il motto della giornata #ALSMNDwithoutborders riassume il concetto che la malattia non pu\u00f2 e non deve rappresentare una barriera. <em>\u201cPer ricordarci che solo la paura pu\u00f2 renderci prigionieri e che la malattia non pu\u00f2 fermare la nostra speranza &#8211; <\/em>ha dichiarato la presidente nazionale di AISLA, <strong>Fulvia Massimelli <\/strong>&#8211;<em> incontri come quelli di oggi devono stimolare la comunit\u00e0 dei ricercatori, dei clinici, degli operatori sanitari, socio-sanitari e dei volontari affinch\u00e9 la nostra gente non si senta mai sola e, soprattutto, non smetta di credere nell\u2019arrivo di una cura.<\/em> <em>A causa dell\u2019emergenza sanitaria chiunque, non solo chi vive la nostra malattia, ha compreso quanto sia fondamentale il ruolo della scienza, della ricerca, delle competenze e della clinica. Lo scorso marzo abbiamo iniziato la nostra resistenza proprio da Bergamo, ed \u00e8 da qui che oggi ripartiamo. Forti del coraggio che questa citt\u00e0 ha insegnato a tutto il Paese, ricominciamo insieme celebrando la Giornata Mondiale della lotta alla SLA.\u201d<\/em><\/p>\n<p style=\"text-align: justify;\">Tra i presenti uno straordinario medico bergamasco di adozione e che, proprio con questa consapevolezza, ha agito in tutta la sua carriera professionale prendendosi cura della comunit\u00e0 SLA. Il neurologo dott. <strong>Virginio Bonito <\/strong>\u00e8 stato insignito della benemerenza riconosciuta da AISLA, quale simbolo di sincera e profonda gratitudine per la sua competenza, dedizione, abnegazione e amore.<\/p>\n<p><img decoding=\"async\" src=\"https:\/\/lh5.googleusercontent.com\/L1GnVM1n37bnT5Bf8pMk82qkJjwG4KhkSu_qr5Kd8Znds30eDettZIBh2ucGU56JH0TkbfkEe0hjH5redmoTtiMEbNHLrnhX0pDnTtLBu4nWYTGV7u2zKuCqnp8rIzttUtYlvcI\" width=\"741\" style=\"caret-color: #000000; color: #000000; width: 741px; margin-left: auto; margin-right: auto; display: block;\"><\/p>\n<p style=\"text-align: justify;\">\u201c<em>Mi commuove ripercorrere quanto fatto in questi 24 anni da volontaria<\/em> &#8211; dichiara <strong>Anna Di Landro<\/strong>, referente di AISLA Bergamo, che prosegue &#8211; \u201c<em>Penso ai tanti malati e familiari che ho incontrato e ai quali avrei voluto offrire risposte diverse rispetto alla possibilit\u00e0 di guarire o fermare la malattia. Il senso di impotenza e di dolore, a volte sembrava essere pi\u00f9 forte di me. Eppure sono ancora qui e con la convinzione di andare avanti. Lo devo a mia mamma che, nonostante la SLA l\u2019abbia portata via molto tempo fa, continua a darmi coraggio. Oggi, con rinnovato orgoglio, sono felice di far parte di questa famiglia di persone che aiutano persone\u201d.<\/em><\/p>\n<p style=\"text-align: justify;\">All\u2019incontro, moderato dalla giornalista <strong>Susanna Pesenti<\/strong>, \u00e8 intervenuto <strong>Alberto Fontana<\/strong>, presidente dei <a href=\"http:\/\/CENTROCLINICONEMO.IT\" rel=\"noopener\" target=\"_blank\">Centri Clinici NeMO<\/a> e tesoriere nazionale di AISLA, che ha voluto richiamare la responsabilit\u00e0 del Terzo Settore. Il volontariato, in particolare, si \u00e8 rivelato un vero e proprio pilastro del nostro Paese. \u00c8 stato capace, soprattutto in questo periodo pandemico, di proseguire nel suo servizio gratuito, prossimo e sussidiario. I volontari insomma, secondo Fontana, hanno dimostrato, grazie alle competenze e sensibilit\u00e0 che li caratterizzano, di essere una risorsa verso la quale tutti noi abbiamo un debito di riconoscenza. Il Terzo settore viene riconosciuto sempre di pi\u00f9 come il \u201cfilo conduttore\u201d solido tra i bisogni sociali di tutti i cittadini &#8211; a prescindere dalle proprie abilit\u00e0 o disabilit\u00e0 \u2013 e la possibilit\u00e0 di dare risposte concrete, grazie alla capacit\u00e0 intrinseca di unire e creare una rete tra tutti coloro che, a vario titolo, operano sui territori.&nbsp;<\/p>\n<p style=\"text-align: justify;\">I lavori sono proseguiti con gli interventi degli esperti nella presa in carico clinica e assistenziale. Insieme al <strong>dott. Bonito<\/strong> \u00e8 intervenuto <strong>Mariano Marchesi<\/strong>, medico anestesista rianimatore presso gli Ospedali Riuniti di Bergamo &#8211; Azienda Ospedaliera Papa Giovanni XXIII: insieme hanno trasferito la loro esperienza di clinici al fianco della comunit\u00e0 dei pazienti SLA del territorio. A seguire, il tema della continuit\u00e0 di cura, quale condizione fondamentale e necessaria per chi vive una malattia del motoneurone, \u00e8 stato affrontato da <strong>Marcella Vedovello, <\/strong>medico neurologo e <strong>Caterina Conti<\/strong>, medico pneumologo, entrambe in servizio al Papa Giovanni XXIII. Il focus sull\u2019alleanza tra medico e paziente ed il ruolo attivo della persona che vive la malattia nel determinare le proprie scelte di cura \u00e8 stato affrontato da <strong>Stefania Bastianello<\/strong>, responsabile tecnico di AISLA&nbsp;&nbsp;<\/p>\n<p style=\"text-align: justify;\"><img decoding=\"async\" src=\"https:\/\/www.centrocliniconemo.it\/wp-content\/uploads\/2023\/07\/WhatsApp-Image-2021-06-18-at-16.36.02.jpeg\" alt=\"WhatsApp Image 2021-06-18 at 16.36.02\" width=\"371\" loading=\"lazy\" style=\"width: 371px; float: left; margin: 0px 20px 2px 0px;\">A chiudere il tavolo dei lavori con una <em>lecture<\/em> sul ruolo della ricerca per la cura delle malattie del motoneurone \u00e8 <a href=\"\/blog\/mfilosto-racconto-sfida-nemo-brescia\" rel=\"noopener\" target=\"_blank\"><strong>Massimiliano Filosto<\/strong><\/a>, direttore clinico del <a href=\"\/blog\/nemo-brescia-ricoveri-ambulatori\" rel=\"noopener\" target=\"_blank\">Centro NeMo Brescia<\/a> e professore dell\u2019Universit\u00e0 degli Studi di Brescia. Ad introdurre il tema, <strong>Maria Sessa<\/strong>, direttore della Neurologia del Papa Giovanni. Hanno portato il loro saluto l\u2019<strong>on. Elena Carnevali<\/strong>, componente per la XII Commissione Affari Sociali alla Camera dei Deputati e il direttore generale ATS Bergamo, <strong>Massimo Giupponi.<\/strong><\/p>\n<p style=\"text-align: justify;\">Una giornata che ha permesso di affrontare a tutto tondo la complessit\u00e0 di cosa significa vivere con <strong>la SLA, una malattia talmente invalidante da stravolgere la vita non solo della persona malata, ma dell\u2019intero nucleo famigliare<\/strong>. Ecco perch\u00e9 l\u2019introduzione del manifesto dedicato ai diritti dei caregiver sposa la battaglia che da anni AISLA sta promuovendo per vedere riconosciuto il valore sociale di questa figura. Si tratta di migliaia di persone che, amorevolmente, si prendono cura del proprio caro assumendosi una responsabilit\u00e0 spossante; fatta di notti senza sonno; sacrificio della propria professionalit\u00e0; isolamento sociale e usura del reddito. Non solo, l\u2019emergenza sanitaria ha ulteriormente isolato le famiglie costrette a convivere con la malattia, rendendo ancora pi\u00f9 complicate anche le semplici azioni quotidiane.&nbsp;<\/p>\n<p style=\"text-align: justify;\">Ecco perch\u00e9, partendo dal messaggio del manifesto internazionale, <strong>AISLA ha lanciato l\u2019iniziativa di raccolta fondi <\/strong>su Facebook <strong>per sostenere la possibilit\u00e0 di vivere l\u2019estate al meglio anche per chi convive con la malattia<\/strong> (lidi attrezzati per la balneazione assistita; trasporto; etc.). Nella consapevolezza che<strong> solo unendo le forze si possono abbattere le barriere architettoniche e culturali<\/strong>, l\u2019Associazione vuole continuare a mantenere viva l\u2019attenzione sul valore della qualit\u00e0 della vita per le persone con SLA e per i loro famigliari. <strong>Per contribuire a raggiungere l\u2019obiettivo:<\/strong> <a href=\"http:\/\/bit.ly\/donaGD2021\" style=\"color: #0000ff;\"><span>http:\/\/bit.ly\/donaGD2021<\/span><\/a><\/p>\n<p style=\"text-align: justify;\"><strong>La cerimonia ufficiale di apertura<\/strong> del Global Day 2021 <strong>sar\u00e0 trasmessa in diretta Facebook<\/strong> da Piombino, <strong>domenica 20 giugno<\/strong> <strong>a partire dalle 9.45<\/strong>. Tutti possono partecipare alla campagna di sensibilizzazione, l\u2019invito \u00e8 quello di indossare qualcosa di blu, quale segno di riconoscimento della lotta alla SLA. L\u2019elenco delle iniziative \u00e8 disponibile alla pagina <span style=\"color: #0000ff;\"><a href=\"https:\/\/aisla.it\/global-day\/\">https:\/\/aisla.it\/global-day\/<\/a><a href=\"https:\/\/aisla.it\/global-day\/\"><\/a><\/span><\/p>\n<p style=\"text-align: justify;\"><span style=\"color: #0000ff;\"><img decoding=\"async\" src=\"https:\/\/www.centrocliniconemo.it\/wp-content\/uploads\/2023\/07\/sla-global-day-bergamo.png\" alt=\"sla global day bergamo\" width=\"1920\" loading=\"lazy\" style=\"width: 1920px;\"><\/span><\/p>\n<p>&nbsp;<\/p>\n","protected":false},"excerpt":{"rendered":"<p>A BERGAMO UN CONVEGNO SCIENTIFICO PER I 24 ANNI DI ATTIVIT\u00c0 SUL TERRITORIO.\u00a0In occasione della Giornata Mondiale sulla SLA l\u2019Alleanza internazionale promuove il manifesto per la tutela dei diritti degli ammalati e dei caregiver famigliari.\u00a0<\/p>\n","protected":false},"author":2,"featured_media":11478,"comment_status":"closed","ping_status":"closed","sticky":false,"template":"","format":"standard","meta":{"pgc_sgb_lightbox_settings":"","footnotes":""},"categories":[17],"tags":[],"class_list":["post-13214","post","type-post","status-publish","format-standard","has-post-thumbnail","hentry","category-iniziative-ed-eventi"],"yoast_head":"<!-- This site is optimized with the Yoast SEO plugin v27.4 - https:\/\/yoast.com\/product\/yoast-seo-wordpress\/ -->\n<title>Bergamo: Global Day, Aisla E I Diritti Fondamentali Della Comunit\u00e0 Sla - Centro Clinico NeMO<\/title>\n<meta name=\"robots\" content=\"index, follow, max-snippet:-1, max-image-preview:large, max-video-preview:-1\" \/>\n<link rel=\"canonical\" href=\"https:\/\/www.centrocliniconemo.it\/en\/blog\/bergamo-global-day-aisla-e-i-diritti-fondamentali-della-comunita-sla\/\" \/>\n<meta property=\"og:locale\" content=\"en_US\" \/>\n<meta property=\"og:type\" content=\"article\" \/>\n<meta property=\"og:title\" content=\"Bergamo: Global Day, Aisla E I Diritti Fondamentali Della Comunit\u00e0 Sla - Centro Clinico NeMO\" \/>\n<meta property=\"og:description\" content=\"A BERGAMO UN CONVEGNO SCIENTIFICO PER I 24 ANNI DI ATTIVIT\u00c0 SUL TERRITORIO.\u00a0In occasione della Giornata Mondiale sulla SLA l\u2019Alleanza internazionale promuove il manifesto per la tutela dei diritti degli ammalati e dei caregiver famigliari.\u00a0\" \/>\n<meta property=\"og:url\" content=\"https:\/\/www.centrocliniconemo.it\/en\/blog\/bergamo-global-day-aisla-e-i-diritti-fondamentali-della-comunita-sla\/\" \/>\n<meta property=\"og:site_name\" content=\"Centro Clinico NeMO\" \/>\n<meta property=\"article:publisher\" content=\"https:\/\/www.facebook.com\/CentroNEMOItalia\" \/>\n<meta property=\"article:published_time\" content=\"2021-06-18T13:20:50+00:00\" \/>\n<meta property=\"article:modified_time\" content=\"2023-07-19T11:33:24+00:00\" \/>\n<meta property=\"og:image\" content=\"https:\/\/www.centrocliniconemo.it\/wp-content\/uploads\/2023\/07\/WhatsApp-Image-2021-06-18-at-16.31.38.jpeg\" \/>\n\t<meta property=\"og:image:width\" content=\"2000\" \/>\n\t<meta property=\"og:image:height\" content=\"900\" \/>\n\t<meta property=\"og:image:type\" content=\"image\/jpeg\" \/>\n<meta name=\"author\" content=\"Luca Biondi\" \/>\n<meta name=\"twitter:card\" content=\"summary_large_image\" \/>\n<meta name=\"twitter:creator\" content=\"@CentroNemo\" \/>\n<meta name=\"twitter:site\" content=\"@CentroNemo\" \/>\n<meta name=\"twitter:label1\" content=\"Written by\" \/>\n\t<meta name=\"twitter:data1\" content=\"Luca Biondi\" \/>\n\t<meta name=\"twitter:label2\" content=\"Est. reading time\" \/>\n\t<meta name=\"twitter:data2\" content=\"6 minutes\" \/>\n<script type=\"application\/ld+json\" class=\"yoast-schema-graph\">{\"@context\":\"https:\\\/\\\/schema.org\",\"@graph\":[{\"@type\":\"Article\",\"@id\":\"https:\\\/\\\/www.centrocliniconemo.it\\\/en\\\/blog\\\/bergamo-global-day-aisla-e-i-diritti-fondamentali-della-comunita-sla\\\/#article\",\"isPartOf\":{\"@id\":\"https:\\\/\\\/www.centrocliniconemo.it\\\/en\\\/blog\\\/bergamo-global-day-aisla-e-i-diritti-fondamentali-della-comunita-sla\\\/\"},\"author\":{\"name\":\"Luca Biondi\",\"@id\":\"https:\\\/\\\/www.centrocliniconemo.it\\\/en\\\/#\\\/schema\\\/person\\\/9331a87c0a8ee435c61f5dd498531434\"},\"headline\":\"Bergamo: Global Day, Aisla E I Diritti Fondamentali Della Comunit\u00e0 Sla\",\"datePublished\":\"2021-06-18T13:20:50+00:00\",\"dateModified\":\"2023-07-19T11:33:24+00:00\",\"mainEntityOfPage\":{\"@id\":\"https:\\\/\\\/www.centrocliniconemo.it\\\/en\\\/blog\\\/bergamo-global-day-aisla-e-i-diritti-fondamentali-della-comunita-sla\\\/\"},\"wordCount\":1173,\"publisher\":{\"@id\":\"https:\\\/\\\/www.centrocliniconemo.it\\\/en\\\/#organization\"},\"image\":{\"@id\":\"https:\\\/\\\/www.centrocliniconemo.it\\\/en\\\/blog\\\/bergamo-global-day-aisla-e-i-diritti-fondamentali-della-comunita-sla\\\/#primaryimage\"},\"thumbnailUrl\":\"https:\\\/\\\/www.centrocliniconemo.it\\\/wp-content\\\/uploads\\\/2023\\\/07\\\/WhatsApp-Image-2021-06-18-at-16.31.38.jpeg\",\"articleSection\":[\"Iniziative ed eventi\"],\"inLanguage\":\"en-US\"},{\"@type\":\"WebPage\",\"@id\":\"https:\\\/\\\/www.centrocliniconemo.it\\\/en\\\/blog\\\/bergamo-global-day-aisla-e-i-diritti-fondamentali-della-comunita-sla\\\/\",\"url\":\"https:\\\/\\\/www.centrocliniconemo.it\\\/en\\\/blog\\\/bergamo-global-day-aisla-e-i-diritti-fondamentali-della-comunita-sla\\\/\",\"name\":\"Bergamo: Global Day, Aisla E I Diritti Fondamentali Della Comunit\u00e0 Sla - Centro Clinico NeMO\",\"isPartOf\":{\"@id\":\"https:\\\/\\\/www.centrocliniconemo.it\\\/en\\\/#website\"},\"primaryImageOfPage\":{\"@id\":\"https:\\\/\\\/www.centrocliniconemo.it\\\/en\\\/blog\\\/bergamo-global-day-aisla-e-i-diritti-fondamentali-della-comunita-sla\\\/#primaryimage\"},\"image\":{\"@id\":\"https:\\\/\\\/www.centrocliniconemo.it\\\/en\\\/blog\\\/bergamo-global-day-aisla-e-i-diritti-fondamentali-della-comunita-sla\\\/#primaryimage\"},\"thumbnailUrl\":\"https:\\\/\\\/www.centrocliniconemo.it\\\/wp-content\\\/uploads\\\/2023\\\/07\\\/WhatsApp-Image-2021-06-18-at-16.31.38.jpeg\",\"datePublished\":\"2021-06-18T13:20:50+00:00\",\"dateModified\":\"2023-07-19T11:33:24+00:00\",\"breadcrumb\":{\"@id\":\"https:\\\/\\\/www.centrocliniconemo.it\\\/en\\\/blog\\\/bergamo-global-day-aisla-e-i-diritti-fondamentali-della-comunita-sla\\\/#breadcrumb\"},\"inLanguage\":\"en-US\",\"potentialAction\":[{\"@type\":\"ReadAction\",\"target\":[\"https:\\\/\\\/www.centrocliniconemo.it\\\/en\\\/blog\\\/bergamo-global-day-aisla-e-i-diritti-fondamentali-della-comunita-sla\\\/\"]}]},{\"@type\":\"ImageObject\",\"inLanguage\":\"en-US\",\"@id\":\"https:\\\/\\\/www.centrocliniconemo.it\\\/en\\\/blog\\\/bergamo-global-day-aisla-e-i-diritti-fondamentali-della-comunita-sla\\\/#primaryimage\",\"url\":\"https:\\\/\\\/www.centrocliniconemo.it\\\/wp-content\\\/uploads\\\/2023\\\/07\\\/WhatsApp-Image-2021-06-18-at-16.31.38.jpeg\",\"contentUrl\":\"https:\\\/\\\/www.centrocliniconemo.it\\\/wp-content\\\/uploads\\\/2023\\\/07\\\/WhatsApp-Image-2021-06-18-at-16.31.38.jpeg\",\"width\":2000,\"height\":900},{\"@type\":\"BreadcrumbList\",\"@id\":\"https:\\\/\\\/www.centrocliniconemo.it\\\/en\\\/blog\\\/bergamo-global-day-aisla-e-i-diritti-fondamentali-della-comunita-sla\\\/#breadcrumb\",\"itemListElement\":[{\"@type\":\"ListItem\",\"position\":1,\"name\":\"Home\",\"item\":\"https:\\\/\\\/www.centrocliniconemo.it\\\/en\\\/\"},{\"@type\":\"ListItem\",\"position\":2,\"name\":\"Bergamo: Global Day, Aisla E I Diritti Fondamentali Della Comunit\u00e0 Sla\"}]},{\"@type\":\"WebSite\",\"@id\":\"https:\\\/\\\/www.centrocliniconemo.it\\\/en\\\/#website\",\"url\":\"https:\\\/\\\/www.centrocliniconemo.it\\\/en\\\/\",\"name\":\"Centro Clinico NeMO\",\"description\":\"Il paziente al centro\",\"publisher\":{\"@id\":\"https:\\\/\\\/www.centrocliniconemo.it\\\/en\\\/#organization\"},\"potentialAction\":[{\"@type\":\"SearchAction\",\"target\":{\"@type\":\"EntryPoint\",\"urlTemplate\":\"https:\\\/\\\/www.centrocliniconemo.it\\\/en\\\/?s={search_term_string}\"},\"query-input\":{\"@type\":\"PropertyValueSpecification\",\"valueRequired\":true,\"valueName\":\"search_term_string\"}}],\"inLanguage\":\"en-US\"},{\"@type\":\"Organization\",\"@id\":\"https:\\\/\\\/www.centrocliniconemo.it\\\/en\\\/#organization\",\"name\":\"Centro Clinico NeMO - Fondazione Serena Onlus\",\"url\":\"https:\\\/\\\/www.centrocliniconemo.it\\\/en\\\/\",\"logo\":{\"@type\":\"ImageObject\",\"inLanguage\":\"en-US\",\"@id\":\"https:\\\/\\\/www.centrocliniconemo.it\\\/en\\\/#\\\/schema\\\/logo\\\/image\\\/\",\"url\":\"https:\\\/\\\/www.centrocliniconemo.it\\\/wp-content\\\/uploads\\\/2023\\\/03\\\/logo-nemo.svg\",\"contentUrl\":\"https:\\\/\\\/www.centrocliniconemo.it\\\/wp-content\\\/uploads\\\/2023\\\/03\\\/logo-nemo.svg\",\"width\":272,\"height\":109.142,\"caption\":\"Centro Clinico NeMO - Fondazione Serena Onlus\"},\"image\":{\"@id\":\"https:\\\/\\\/www.centrocliniconemo.it\\\/en\\\/#\\\/schema\\\/logo\\\/image\\\/\"},\"sameAs\":[\"https:\\\/\\\/www.facebook.com\\\/CentroNEMOItalia\",\"https:\\\/\\\/x.com\\\/CentroNemo\",\"https:\\\/\\\/www.linkedin.com\\\/company\\\/centrocliniconemo\\\/\",\"https:\\\/\\\/www.instagram.com\\\/centrocliniconemo\\\/\"]},{\"@type\":\"Person\",\"@id\":\"https:\\\/\\\/www.centrocliniconemo.it\\\/en\\\/#\\\/schema\\\/person\\\/9331a87c0a8ee435c61f5dd498531434\",\"name\":\"Luca Biondi\",\"image\":{\"@type\":\"ImageObject\",\"inLanguage\":\"en-US\",\"@id\":\"https:\\\/\\\/secure.gravatar.com\\\/avatar\\\/0488b88829885ebcc9896de947265b69d2979e6dc4666b1e2c3d4fbf8dc73d77?s=96&d=mm&r=g\",\"url\":\"https:\\\/\\\/secure.gravatar.com\\\/avatar\\\/0488b88829885ebcc9896de947265b69d2979e6dc4666b1e2c3d4fbf8dc73d77?s=96&d=mm&r=g\",\"contentUrl\":\"https:\\\/\\\/secure.gravatar.com\\\/avatar\\\/0488b88829885ebcc9896de947265b69d2979e6dc4666b1e2c3d4fbf8dc73d77?s=96&d=mm&r=g\",\"caption\":\"Luca Biondi\"}}]}<\/script>\n<!-- \/ Yoast SEO plugin. -->","yoast_head_json":{"title":"Bergamo: Global Day, Aisla E I Diritti Fondamentali Della Comunit\u00e0 Sla - Centro Clinico NeMO","robots":{"index":"index","follow":"follow","max-snippet":"max-snippet:-1","max-image-preview":"max-image-preview:large","max-video-preview":"max-video-preview:-1"},"canonical":"https:\/\/www.centrocliniconemo.it\/en\/blog\/bergamo-global-day-aisla-e-i-diritti-fondamentali-della-comunita-sla\/","og_locale":"en_US","og_type":"article","og_title":"Bergamo: Global Day, Aisla E I Diritti Fondamentali Della Comunit\u00e0 Sla - Centro Clinico NeMO","og_description":"A BERGAMO UN CONVEGNO SCIENTIFICO PER I 24 ANNI DI ATTIVIT\u00c0 SUL TERRITORIO.\u00a0In occasione della Giornata Mondiale sulla SLA l\u2019Alleanza internazionale promuove il manifesto per la tutela dei diritti degli ammalati e dei caregiver famigliari.\u00a0","og_url":"https:\/\/www.centrocliniconemo.it\/en\/blog\/bergamo-global-day-aisla-e-i-diritti-fondamentali-della-comunita-sla\/","og_site_name":"Centro Clinico NeMO","article_publisher":"https:\/\/www.facebook.com\/CentroNEMOItalia","article_published_time":"2021-06-18T13:20:50+00:00","article_modified_time":"2023-07-19T11:33:24+00:00","og_image":[{"width":2000,"height":900,"url":"https:\/\/www.centrocliniconemo.it\/wp-content\/uploads\/2023\/07\/WhatsApp-Image-2021-06-18-at-16.31.38.jpeg","type":"image\/jpeg"}],"author":"Luca Biondi","twitter_card":"summary_large_image","twitter_creator":"@CentroNemo","twitter_site":"@CentroNemo","twitter_misc":{"Written by":"Luca Biondi","Est. reading time":"6 minutes"},"schema":{"@context":"https:\/\/schema.org","@graph":[{"@type":"Article","@id":"https:\/\/www.centrocliniconemo.it\/en\/blog\/bergamo-global-day-aisla-e-i-diritti-fondamentali-della-comunita-sla\/#article","isPartOf":{"@id":"https:\/\/www.centrocliniconemo.it\/en\/blog\/bergamo-global-day-aisla-e-i-diritti-fondamentali-della-comunita-sla\/"},"author":{"name":"Luca Biondi","@id":"https:\/\/www.centrocliniconemo.it\/en\/#\/schema\/person\/9331a87c0a8ee435c61f5dd498531434"},"headline":"Bergamo: Global Day, Aisla E I Diritti Fondamentali Della Comunit\u00e0 Sla","datePublished":"2021-06-18T13:20:50+00:00","dateModified":"2023-07-19T11:33:24+00:00","mainEntityOfPage":{"@id":"https:\/\/www.centrocliniconemo.it\/en\/blog\/bergamo-global-day-aisla-e-i-diritti-fondamentali-della-comunita-sla\/"},"wordCount":1173,"publisher":{"@id":"https:\/\/www.centrocliniconemo.it\/en\/#organization"},"image":{"@id":"https:\/\/www.centrocliniconemo.it\/en\/blog\/bergamo-global-day-aisla-e-i-diritti-fondamentali-della-comunita-sla\/#primaryimage"},"thumbnailUrl":"https:\/\/www.centrocliniconemo.it\/wp-content\/uploads\/2023\/07\/WhatsApp-Image-2021-06-18-at-16.31.38.jpeg","articleSection":["Iniziative ed eventi"],"inLanguage":"en-US"},{"@type":"WebPage","@id":"https:\/\/www.centrocliniconemo.it\/en\/blog\/bergamo-global-day-aisla-e-i-diritti-fondamentali-della-comunita-sla\/","url":"https:\/\/www.centrocliniconemo.it\/en\/blog\/bergamo-global-day-aisla-e-i-diritti-fondamentali-della-comunita-sla\/","name":"Bergamo: Global Day, Aisla E I Diritti Fondamentali Della Comunit\u00e0 Sla - Centro Clinico NeMO","isPartOf":{"@id":"https:\/\/www.centrocliniconemo.it\/en\/#website"},"primaryImageOfPage":{"@id":"https:\/\/www.centrocliniconemo.it\/en\/blog\/bergamo-global-day-aisla-e-i-diritti-fondamentali-della-comunita-sla\/#primaryimage"},"image":{"@id":"https:\/\/www.centrocliniconemo.it\/en\/blog\/bergamo-global-day-aisla-e-i-diritti-fondamentali-della-comunita-sla\/#primaryimage"},"thumbnailUrl":"https:\/\/www.centrocliniconemo.it\/wp-content\/uploads\/2023\/07\/WhatsApp-Image-2021-06-18-at-16.31.38.jpeg","datePublished":"2021-06-18T13:20:50+00:00","dateModified":"2023-07-19T11:33:24+00:00","breadcrumb":{"@id":"https:\/\/www.centrocliniconemo.it\/en\/blog\/bergamo-global-day-aisla-e-i-diritti-fondamentali-della-comunita-sla\/#breadcrumb"},"inLanguage":"en-US","potentialAction":[{"@type":"ReadAction","target":["https:\/\/www.centrocliniconemo.it\/en\/blog\/bergamo-global-day-aisla-e-i-diritti-fondamentali-della-comunita-sla\/"]}]},{"@type":"ImageObject","inLanguage":"en-US","@id":"https:\/\/www.centrocliniconemo.it\/en\/blog\/bergamo-global-day-aisla-e-i-diritti-fondamentali-della-comunita-sla\/#primaryimage","url":"https:\/\/www.centrocliniconemo.it\/wp-content\/uploads\/2023\/07\/WhatsApp-Image-2021-06-18-at-16.31.38.jpeg","contentUrl":"https:\/\/www.centrocliniconemo.it\/wp-content\/uploads\/2023\/07\/WhatsApp-Image-2021-06-18-at-16.31.38.jpeg","width":2000,"height":900},{"@type":"BreadcrumbList","@id":"https:\/\/www.centrocliniconemo.it\/en\/blog\/bergamo-global-day-aisla-e-i-diritti-fondamentali-della-comunita-sla\/#breadcrumb","itemListElement":[{"@type":"ListItem","position":1,"name":"Home","item":"https:\/\/www.centrocliniconemo.it\/en\/"},{"@type":"ListItem","position":2,"name":"Bergamo: Global Day, Aisla E I Diritti Fondamentali Della Comunit\u00e0 Sla"}]},{"@type":"WebSite","@id":"https:\/\/www.centrocliniconemo.it\/en\/#website","url":"https:\/\/www.centrocliniconemo.it\/en\/","name":"Centro Clinico NeMO","description":"Il paziente al centro","publisher":{"@id":"https:\/\/www.centrocliniconemo.it\/en\/#organization"},"potentialAction":[{"@type":"SearchAction","target":{"@type":"EntryPoint","urlTemplate":"https:\/\/www.centrocliniconemo.it\/en\/?s={search_term_string}"},"query-input":{"@type":"PropertyValueSpecification","valueRequired":true,"valueName":"search_term_string"}}],"inLanguage":"en-US"},{"@type":"Organization","@id":"https:\/\/www.centrocliniconemo.it\/en\/#organization","name":"Centro Clinico NeMO - Fondazione Serena Onlus","url":"https:\/\/www.centrocliniconemo.it\/en\/","logo":{"@type":"ImageObject","inLanguage":"en-US","@id":"https:\/\/www.centrocliniconemo.it\/en\/#\/schema\/logo\/image\/","url":"https:\/\/www.centrocliniconemo.it\/wp-content\/uploads\/2023\/03\/logo-nemo.svg","contentUrl":"https:\/\/www.centrocliniconemo.it\/wp-content\/uploads\/2023\/03\/logo-nemo.svg","width":272,"height":109.142,"caption":"Centro Clinico NeMO - Fondazione Serena Onlus"},"image":{"@id":"https:\/\/www.centrocliniconemo.it\/en\/#\/schema\/logo\/image\/"},"sameAs":["https:\/\/www.facebook.com\/CentroNEMOItalia","https:\/\/x.com\/CentroNemo","https:\/\/www.linkedin.com\/company\/centrocliniconemo\/","https:\/\/www.instagram.com\/centrocliniconemo\/"]},{"@type":"Person","@id":"https:\/\/www.centrocliniconemo.it\/en\/#\/schema\/person\/9331a87c0a8ee435c61f5dd498531434","name":"Luca Biondi","image":{"@type":"ImageObject","inLanguage":"en-US","@id":"https:\/\/secure.gravatar.com\/avatar\/0488b88829885ebcc9896de947265b69d2979e6dc4666b1e2c3d4fbf8dc73d77?s=96&d=mm&r=g","url":"https:\/\/secure.gravatar.com\/avatar\/0488b88829885ebcc9896de947265b69d2979e6dc4666b1e2c3d4fbf8dc73d77?s=96&d=mm&r=g","contentUrl":"https:\/\/secure.gravatar.com\/avatar\/0488b88829885ebcc9896de947265b69d2979e6dc4666b1e2c3d4fbf8dc73d77?s=96&d=mm&r=g","caption":"Luca Biondi"}}]}},"_links":{"self":[{"href":"https:\/\/www.centrocliniconemo.it\/en\/wp-json\/wp\/v2\/posts\/13214","targetHints":{"allow":["GET"]}}],"collection":[{"href":"https:\/\/www.centrocliniconemo.it\/en\/wp-json\/wp\/v2\/posts"}],"about":[{"href":"https:\/\/www.centrocliniconemo.it\/en\/wp-json\/wp\/v2\/types\/post"}],"author":[{"embeddable":true,"href":"https:\/\/www.centrocliniconemo.it\/en\/wp-json\/wp\/v2\/users\/2"}],"replies":[{"embeddable":true,"href":"https:\/\/www.centrocliniconemo.it\/en\/wp-json\/wp\/v2\/comments?post=13214"}],"version-history":[{"count":0,"href":"https:\/\/www.centrocliniconemo.it\/en\/wp-json\/wp\/v2\/posts\/13214\/revisions"}],"wp:featuredmedia":[{"embeddable":true,"href":"https:\/\/www.centrocliniconemo.it\/en\/wp-json\/wp\/v2\/media\/11478"}],"wp:attachment":[{"href":"https:\/\/www.centrocliniconemo.it\/en\/wp-json\/wp\/v2\/media?parent=13214"}],"wp:term":[{"taxonomy":"category","embeddable":true,"href":"https:\/\/www.centrocliniconemo.it\/en\/wp-json\/wp\/v2\/categories?post=13214"},{"taxonomy":"post_tag","embeddable":true,"href":"https:\/\/www.centrocliniconemo.it\/en\/wp-json\/wp\/v2\/tags?post=13214"}],"curies":[{"name":"wp","href":"https:\/\/api.w.org\/{rel}","templated":true}]}}