{"id":13140,"date":"2021-12-03T09:26:05","date_gmt":"2021-12-03T09:26:05","guid":{"rendered":"https:\/\/www.centrocliniconemo.it\/blog\/malattie-rare-vincitori-premio-omar-smagliante-ada"},"modified":"2023-07-19T11:33:08","modified_gmt":"2023-07-19T11:33:08","slug":"malattie-rare-vincitori-premio-omar-smagliante-ada","status":"publish","type":"post","link":"https:\/\/www.centrocliniconemo.it\/en\/blog\/malattie-rare-vincitori-premio-omar-smagliante-ada\/","title":{"rendered":"Premio Omar: La Smagliante Ada Di Famiglie Sma E Nemo Tra I Vincitori"},"content":{"rendered":"<h5 style=\"text-align: justify;\"><em><strong>Malattie rare: premiati i vincitori della VIII edizione del Premio OMaR.&nbsp;<\/strong>Con la pandemia cambia il focus della comunicazione, dalla spiegazione dei meccanismi patologici si passa a parti di vita: studio, lavoro, amore, famiglia. Sempre meno \u201cmalati rari\u201d e, finalmente, sempre pi\u00f9 \u201cpersone\u201d con il diritto e la possibilit\u00e0 di una vita piena.&nbsp;I vincitori di quest\u2019anno sono <strong>Carola Pulvirenti <\/strong>de \u201cIl Bugiardino\u201d, <strong>Angelica Giambelluca <\/strong>di \u201cPolicy and Procurement in Healthcare\u201d, le agenzie <strong>Digital Solutions <\/strong>e<strong> Libr\u00ec-Progetti Educativi<\/strong>, le Associazioni <strong>AFaDOC <\/strong>e<a href=\"http:\/\/lasmaglianteada.it\" rel=\"noopener\" target=\"_blank\"><strong> Famiglie SMA<\/strong> insieme ai <strong>Centri clinici NeMO<span style=\"color: #000000;\">.<\/span><\/strong><\/a><\/em><\/h5>\n<p><em><strong>{{cta(&#8216;ce644169-da3d-4c34-97e3-d31025eb84e7&#8242;,&#8217;justifycenter&#8217;)}}<\/strong><\/em><\/p>\n<p><!--more--><\/p>\n<p style=\"text-align: justify;\"><strong>Roma, 2 Dicembre 2021<\/strong> \u2013 Sono 6 i vincitori della VIII edizione del <a href=\"https:\/\/www.premiomalattierare.it\/\"><span><strong>Premio OMaR<\/strong><\/span><\/a><strong> per la comunicazione su malattie e tumori rari, per un totale di circa 20.000 euro di riconoscimenti distribuiti a giornalisti, comunicatori, associazioni e societ\u00e0 scientifiche <\/strong>che nel 2020 si sono distinti per la qualit\u00e0 dell\u2019informazione prodotta attraverso servizi giornalistici, campagne, mostre, fumetti o altri mezzi di divulgazione. Questi, dunque, i numeri che hanno contraddistinto la premiazione che si \u00e8 svolta oggi pomeriggio all\u2019Auditorium dell\u2019Ara Pacis e che da l\u00ec \u00e8 rimbalzata sul web grazie a una seguitissima diretta streaming su <a href=\"https:\/\/www.osservatoriomalattierare.it\/\"><span>Osservatorio Malattie Rare<\/span><\/a>, testata giornalistica che ha raggiunto quotidianamente <strong>circa 20.000 utenti unici<\/strong> e con i relativi <strong>social<\/strong> <strong>seguiti da pi\u00f9 di 37.000 persone<\/strong>. Il riconoscimento che<strong> Osservatorio Malattie Rare organizza fin dal 2012 in collaborazione con <a href=\"https:\/\/www.orpha.net\/consor4.01\/www\/cgi-bin\/?lng=IT\" rel=\"noopener\" target=\"_blank\">Orphanet Italia<\/a>, <a href=\"https:\/\/www.telethon.it\" rel=\"noopener\">Fondazione Telethon<\/a>, il Centro Nazionale Malattie Rare dell\u2019Istituto Superiore di Sanit\u00e0, quest\u2019anno si \u00e8 arricchito di due nuovi partner: il CNAMC &#8211; Coordinamento nazionale delle Associazioni dei Malati Cronici di Cittadinanzattiva e SIMeN &#8211; Societ\u00e0 Italiana di Medicina Narrativa<\/strong>, che hanno preso parte ai lavori della Giuria insieme ai rappresentanti dei <strong>partner<\/strong>, ossia<span>&nbsp; <\/span><strong>Ability Channel, FERPI &#8211; Federazione Relazioni Pubbliche Italiana e Festival cinematografico \u201cUno Sguardo Raro\u201d<\/strong>.<\/p>\n<p style=\"text-align: justify;\"><img decoding=\"async\" src=\"https:\/\/www.centrocliniconemo.it\/wp-content\/uploads\/2023\/07\/lasmaglianteada-smagliante-ada-famiglie-sma-centro-nemo-omar-malattie-rare-fumetto-comics-WhatsApp-Image-2021-12-02-at-18.51.29.jpeg\" alt=\"lasmaglianteada smagliante ada famiglie sma centro nemo omar malattie rare fumetto comics WhatsApp Image 2021-12-02 at 18.51.29\" width=\"1600\" loading=\"lazy\" style=\"width: 1600px;\"><\/p>\n<p style=\"text-align: justify;\">\u201cQuest\u2019anno abbiamo visto un forte cambiamento di tematiche e linguaggi \u2013 ha spiegato <strong>Ilaria Ciancaleoni Bartoli, Direttore di Osservatorio Malattie Rare, <\/strong>introducendo la cerimonia \u2013 Se nel passato c\u2019era una forte tendenza a spiegare i meccanismi patologici di una malattia dal 2020, invece, l\u2019attenzione \u00e8 stata pi\u00f9 spesso rivolta al divulgare messaggi relativi alla qualit\u00e0 della vita e ai temi dell\u2019inclusione, spostando l\u2019attenzione sulla possibilit\u00e0 di vivere con soddisfazione lo studio, il lavoro, la famiglia, lo sport, l\u2019amore e il gioco. E poich\u00e9 questi messaggi sono diretti ad un pubblico ampio, e mirano a cambiare il modo di relazionarsi con chi ha una malattia rara, sono cambiati anche i linguaggi: meno didascalici, pi\u00f9 adeguati anche a un pubblico di giovani e giovanissimi. Volendo dare una spiegazione si pu\u00f2 ipotizzare che tutto il mondo delle malattie rare ha fatto un grande passo avanti culturale: il bisogno di far conoscere le singole patologie \u00e8 in parte soddisfatto, o in ogni caso si ritiene che non sia l\u2019unica cosa importante: si passa ad accendere una luce sul diritto e la possibilit\u00e0 di una vita piena. Forse anche \u2018grazie\u2019 alle privazioni vissute da tutti durante la pandemia si \u00e8 compreso che avere una fragilit\u00e0 nell\u2019ambito della salute non riassume tutta la vita\u201d.<span>&nbsp;<\/span><\/p>\n<p style=\"text-align: justify;\">I riconoscimenti assegnati sono <strong>uno per ognuna delle cinque categorie di concorso <\/strong>\u2013 Premio giornalistico categoria stampa e web, Premio giornalistico categoria audio-video, Premio per la migliore campagna di comunicazione \u201cCategoria professionisti\u201d, Premio per la migliore campagna di comunicazione \u201cCategoria non professionisti\u201d, Premio per la migliore divulgazione attraverso foto, fumetti, illustrazioni e installazioni artistiche \u2013 pi\u00f9 un <strong>Premio della Giuria<\/strong>.<\/p>\n<p style=\"text-align: justify;\"><img decoding=\"async\" src=\"https:\/\/www.centrocliniconemo.it\/wp-content\/uploads\/2023\/07\/lasmaglianteada-smagliante-ada-famiglie-sma-centro-nemo-omar-malattie-rare-fumetto-comics-WhatsApp-Image-2021-12-02-at-18.40.43.jpeg\" alt=\"lasmaglianteada smagliante ada famiglie sma centro nemo omar malattie rare fumetto comics WhatsApp Image 2021-12-02 at 18.40.43\" width=\"760\" loading=\"lazy\" style=\"width: 760px;\"><\/p>\n<p style=\"text-align: justify;\">Le <strong>tematiche affrontate <\/strong>spaziano dal racconto della vita con diverse malattie rare \u2013 come la <strong>sindrome di Crigler-Najjar, la fibrosi cistica, la SMA (atrofia muscolare spinale) e il nanismo ipofisario<\/strong> \u2013 fino ad approfondimenti sulle <strong>terapie innovative e avanzate<\/strong> e a campagne di sensibilizzazione trasversali alle patologie rivolte ai ragazzi delle scuole.<span>&nbsp;<\/span><\/p>\n<p style=\"text-align: justify;\"><span><strong><i>I vincitori della VIII edizione del Premio OMaR<\/i><\/strong><\/span><\/p>\n<p style=\"text-align: justify;\"><strong>Carola Pulvirenti, articolo pubblicato su <i>Il Bugiardino<\/i>, \u201cNotte di luna piena\u201d<\/strong> (Premio giornalistico categoria stampa e web): per il linguaggio utilizzato nel fare informazione e la capacit\u00e0 di catturare l\u2019attenzione del lettore; per la visione poetica con cui viene affrontata la malattia rara; per il rigore con cui \u00e8 stata raccontata la vita quotidiana di una persona affetta dalla sindrome di Crigler-Najjar.<\/p>\n<p style=\"text-align: justify;\"><strong>Angelica Giambelluca, servizio su <i>Policy and Procurement in Healthcare<\/i>, \u201cTerapie innovative: potenziale di cura e sostenibilit\u00e0 in Italia\u201d<\/strong> (Premio giornalistico categoria audio-video): per il livello di approfondimento, il rigore scientifico e lo stile divulgativo utilizzato nell\u2019accompagnare il lettore su un tema complesso ad elevato impatto sulla storia naturale delle persone affette dalle malattie e dai tumori rari; per la sintesi efficace ed obiettiva, che spazia dalle terapie geniche, cellulari e di editing genomico ai protocolli di immunoterapia, evidenziando le problematicit\u00e0 e le straordinarie opportunit\u00e0 delle terapie innovative.<\/p>\n<p style=\"text-align: justify;\"><strong>Digital Solution Srl, campagna di comunicazione, \u201cVite salate\u201d<\/strong> (Premio per la migliore campagna di comunicazione \u201cCategoria Professionisti\u201d): per avere contribuito a dare un nuovo volto alla fibrosi cistica, una delle malattie rare pi\u00f9 comuni; per avere scardinato la visione di una malattia che minerebbe le attese di vita e offrirebbe limitate prospettive per le persone affette; per la concreta e positiva immagine che trasmette, basata non pi\u00f9 su rinunce ai progetti di vita, ma sulla loro completa realizzazione pur in presenza della malattia; per l\u2019ottima qualit\u00e0 del progetto; per l\u2019efficiente declinazione sui vari canali, per la forza divulgativa.<\/p>\n<p style=\"text-align: justify;\"><img decoding=\"async\" src=\"https:\/\/www.centrocliniconemo.it\/wp-content\/uploads\/2023\/07\/lasmaglianteada-smagliante-ada-famiglie-sma-centro-nemo-omar-malattie-rare-fumetto-comics-WhatsApp-Image-2021-12-02-at-18.42.43.jpeg\" alt=\"lasmaglianteada smagliante ada famiglie sma centro nemo omar malattie rare fumetto comics WhatsApp Image 2021-12-02 at 18.42.43\" width=\"1600\" loading=\"lazy\" style=\"width: 1600px;\"><\/p>\n<p style=\"text-align: justify;\"><strong>AFaDOC, campagna di comunicazione, \u201cProgetto Bonsai\u201d <\/strong>(Premio per la migliore campagna di comunicazione \u201cCategoria non professionisti\u201d): per l\u2019efficace semplicit\u00e0 con cui viene trattato il nanismo ipofisario, trasmettendo un messaggio positivo e di supporto, applicabile a tutte le malattie che riguardano la crescita e la statura; per la capacit\u00e0 narrativa che genera emozioni; per la strategia comunicativa capace di tradursi in una divulgazione efficace e di qualit\u00e0.<\/p>\n<p style=\"text-align: justify;\"><strong><a href=\"http:\/\/centrocliniconemo.it\" rel=\"noopener\" target=\"_blank\">Centri Clinici NeMO<\/a> e <a href=\"http:\/\/famigliesma.org\" rel=\"noopener\">Famiglie SMA<\/a>, fumetto, \u201c<a href=\"http:\/\/lasmaglianteada.it\" rel=\"noopener\" target=\"_blank\">Le avventure della SMAgliante Ada<\/a>\u201d<\/strong> (Premio per la migliore divulgazione attraverso foto, fumetti, illustrazioni e installazioni artistiche): per la comunicazione efficace, diretta e innovativa che ha utilizzato colori ed illustrazioni d\u2019impatto, rivolte ai bambini dell\u2019et\u00e0 scolare, ai quali raccontano la vita quotidiana, le sfide e le avventure, di una cagnolina affetta da SMA e veicolano il messaggio positivo dell\u2019inclusione che va oltre la malattia.<\/p>\n<p style=\"text-align: justify;\">{{cta(&#8216;ce644169-da3d-4c34-97e3-d31025eb84e7&#8242;,&#8217;justifycenter&#8217;)}}<\/p>\n<p style=\"text-align: justify;\"><strong>Libr\u00ec-Progetti Educativi, \u201cPi\u00f9 unici che rari &#8211; Storie dei ragazzi della III C\u201d <\/strong>(Premio della Giuria): per l\u2019impatto del progetto che ha raggiunto 1.105 istituti scolastici, 63.900 alunni e le loro famiglie, impegnando diversi canali di divulgazione e formazione; per gli argomenti trattati, che muovendo dal concetto di malattia rara e di rarit\u00e0 hanno consentito di apprezzare a pieno i singoli valori di ogni persona; per il messaggio positivo e di inclusione, in quanto il sentirsi diverso accumuna tutti i ragazzi.<\/p>\n<p style=\"text-align: justify;\">Il Premio OMaR 2021, <strong>Medaglia del Presidente della Repubblica<\/strong>, ha ottenuto il <strong>patrocinio di Associazione Nazionale della Stampa Online (ANSO), Centro di Documentazione Giornalistica, Consiglio Nazionale delle Ricerche (CNR), Federazione Europea delle Associazioni di Pazienti (EURORDIS), Federazione Italiana Editori Giornali (FIEG), Federazione Nazionale Stampa Italiana (FNSI),<\/strong><span> <\/span><strong>Ordine dei Giornalisti (ODG), Unione Stampa Periodica Italiana (USPI) e Web Health Information Network (WHIN).<\/strong><\/p>\n<p style=\"text-align: justify;\">Il riconoscimento \u00e8 stato <strong>realizzato con il contributo non condizionato di Alexion, Amicus Therapeutics, Amryt Pharma, APR-Applied Pharma Research, Biogen Italia, Celgene-Bristol Myers Squibb Company, Chiesi Global Rare Diseases, GW Pharmaceuticals, Incyte, Novartis, Novo Nordisk, Pfizer, Piam, PTC Therapeutics, Roche, Sanofi Genzyme e Takeda.<span>&nbsp;<\/span><\/strong><\/p>\n<p style=\"text-align: justify; font-weight: normal;\"><em>Fonte:&nbsp;UFFICIO STAMPA OSSERVATORIO MALATTIE RARE (OMaR)&nbsp;<\/em><\/p>\n<p style=\"text-align: justify;\"><strong><span><img decoding=\"async\" src=\"https:\/\/www.centrocliniconemo.it\/wp-content\/uploads\/2023\/07\/lasmaglianteada-smagliante-ada-famiglie-sma-centro-nemo-omar-malattie-rare-fumetto-comics-WhatsApp-Image-2021-12-02-at-19.03.08.jpeg\" alt=\"lasmaglianteada smagliante ada famiglie sma centro nemo omar malattie rare fumetto comics WhatsApp Image 2021-12-02 at 19.03.08\" width=\"2000\" loading=\"lazy\" style=\"width: 2000px;\"><\/span><\/strong><\/p>\n<p style=\"text-align: justify;\"><strong><span>{{cta(&#8216;3ac9eccc-99cd-41f6-8d79-5174d64b284d&#8217;,&#8217;justifycenter&#8217;)}}<\/span><\/strong><\/p>\n","protected":false},"excerpt":{"rendered":"<p>Premiati i vincitori della VIII edizione del Premio OMaR.\u00a0Focus della comunicazione su studio, lavoro, amore, famiglia. Tra i vincitori Famiglie SMA con i Centri NeMO.<\/p>\n","protected":false},"author":2,"featured_media":11149,"comment_status":"closed","ping_status":"closed","sticky":false,"template":"","format":"standard","meta":{"pgc_sgb_lightbox_settings":"","footnotes":""},"categories":[17],"tags":[18],"class_list":["post-13140","post","type-post","status-publish","format-standard","has-post-thumbnail","hentry","category-iniziative-ed-eventi","tag-nemo-milano"],"yoast_head":"<!-- This site is optimized with the Yoast SEO plugin v27.4 - https:\/\/yoast.com\/product\/yoast-seo-wordpress\/ -->\n<title>Premio Omar: La Smagliante Ada Di Famiglie Sma E Nemo Tra I Vincitori - Centro Clinico NeMO<\/title>\n<meta name=\"robots\" content=\"index, follow, max-snippet:-1, max-image-preview:large, max-video-preview:-1\" \/>\n<link rel=\"canonical\" href=\"https:\/\/www.centrocliniconemo.it\/en\/blog\/malattie-rare-vincitori-premio-omar-smagliante-ada\/\" \/>\n<meta property=\"og:locale\" content=\"en_US\" \/>\n<meta property=\"og:type\" content=\"article\" \/>\n<meta property=\"og:title\" content=\"Premio Omar: La Smagliante Ada Di Famiglie Sma E Nemo Tra I Vincitori - Centro Clinico NeMO\" \/>\n<meta property=\"og:description\" content=\"Premiati i vincitori della VIII edizione del Premio OMaR.\u00a0Focus della comunicazione su studio, lavoro, amore, famiglia. Tra i vincitori Famiglie SMA con i Centri NeMO.\" \/>\n<meta property=\"og:url\" content=\"https:\/\/www.centrocliniconemo.it\/en\/blog\/malattie-rare-vincitori-premio-omar-smagliante-ada\/\" \/>\n<meta property=\"og:site_name\" content=\"Centro Clinico NeMO\" \/>\n<meta property=\"article:publisher\" content=\"https:\/\/www.facebook.com\/CentroNEMOItalia\" \/>\n<meta property=\"article:published_time\" content=\"2021-12-03T09:26:05+00:00\" \/>\n<meta property=\"article:modified_time\" content=\"2023-07-19T11:33:08+00:00\" \/>\n<meta property=\"og:image\" content=\"https:\/\/www.centrocliniconemo.it\/wp-content\/uploads\/2023\/07\/lasmaglianteada-smagliante-ada-famiglie-sma-centro-nemo-omar-malattie-rare-fumetto-comics-WhatsApp-Image-2021-12-02-at-18.42.43.jpeg\" \/>\n\t<meta property=\"og:image:width\" content=\"1600\" \/>\n\t<meta property=\"og:image:height\" content=\"720\" \/>\n\t<meta property=\"og:image:type\" content=\"image\/jpeg\" \/>\n<meta name=\"author\" content=\"Luca Biondi\" \/>\n<meta name=\"twitter:card\" content=\"summary_large_image\" \/>\n<meta name=\"twitter:creator\" content=\"@CentroNemo\" \/>\n<meta name=\"twitter:site\" content=\"@CentroNemo\" \/>\n<meta name=\"twitter:label1\" content=\"Written by\" \/>\n\t<meta name=\"twitter:data1\" content=\"Luca Biondi\" \/>\n\t<meta name=\"twitter:label2\" content=\"Est. reading time\" \/>\n\t<meta name=\"twitter:data2\" content=\"6 minutes\" \/>\n<script type=\"application\/ld+json\" class=\"yoast-schema-graph\">{\"@context\":\"https:\\\/\\\/schema.org\",\"@graph\":[{\"@type\":\"Article\",\"@id\":\"https:\\\/\\\/www.centrocliniconemo.it\\\/en\\\/blog\\\/malattie-rare-vincitori-premio-omar-smagliante-ada\\\/#article\",\"isPartOf\":{\"@id\":\"https:\\\/\\\/www.centrocliniconemo.it\\\/en\\\/blog\\\/malattie-rare-vincitori-premio-omar-smagliante-ada\\\/\"},\"author\":{\"name\":\"Luca Biondi\",\"@id\":\"https:\\\/\\\/www.centrocliniconemo.it\\\/en\\\/#\\\/schema\\\/person\\\/9331a87c0a8ee435c61f5dd498531434\"},\"headline\":\"Premio Omar: La Smagliante Ada Di Famiglie Sma E Nemo Tra I Vincitori\",\"datePublished\":\"2021-12-03T09:26:05+00:00\",\"dateModified\":\"2023-07-19T11:33:08+00:00\",\"mainEntityOfPage\":{\"@id\":\"https:\\\/\\\/www.centrocliniconemo.it\\\/en\\\/blog\\\/malattie-rare-vincitori-premio-omar-smagliante-ada\\\/\"},\"wordCount\":1248,\"publisher\":{\"@id\":\"https:\\\/\\\/www.centrocliniconemo.it\\\/en\\\/#organization\"},\"image\":{\"@id\":\"https:\\\/\\\/www.centrocliniconemo.it\\\/en\\\/blog\\\/malattie-rare-vincitori-premio-omar-smagliante-ada\\\/#primaryimage\"},\"thumbnailUrl\":\"https:\\\/\\\/www.centrocliniconemo.it\\\/wp-content\\\/uploads\\\/2023\\\/07\\\/lasmaglianteada-smagliante-ada-famiglie-sma-centro-nemo-omar-malattie-rare-fumetto-comics-WhatsApp-Image-2021-12-02-at-18.42.43.jpeg\",\"keywords\":[\"NeMO Milano\"],\"articleSection\":[\"Iniziative ed eventi\"],\"inLanguage\":\"en-US\"},{\"@type\":\"WebPage\",\"@id\":\"https:\\\/\\\/www.centrocliniconemo.it\\\/en\\\/blog\\\/malattie-rare-vincitori-premio-omar-smagliante-ada\\\/\",\"url\":\"https:\\\/\\\/www.centrocliniconemo.it\\\/en\\\/blog\\\/malattie-rare-vincitori-premio-omar-smagliante-ada\\\/\",\"name\":\"Premio Omar: La Smagliante Ada Di Famiglie Sma E Nemo Tra I Vincitori - Centro Clinico NeMO\",\"isPartOf\":{\"@id\":\"https:\\\/\\\/www.centrocliniconemo.it\\\/en\\\/#website\"},\"primaryImageOfPage\":{\"@id\":\"https:\\\/\\\/www.centrocliniconemo.it\\\/en\\\/blog\\\/malattie-rare-vincitori-premio-omar-smagliante-ada\\\/#primaryimage\"},\"image\":{\"@id\":\"https:\\\/\\\/www.centrocliniconemo.it\\\/en\\\/blog\\\/malattie-rare-vincitori-premio-omar-smagliante-ada\\\/#primaryimage\"},\"thumbnailUrl\":\"https:\\\/\\\/www.centrocliniconemo.it\\\/wp-content\\\/uploads\\\/2023\\\/07\\\/lasmaglianteada-smagliante-ada-famiglie-sma-centro-nemo-omar-malattie-rare-fumetto-comics-WhatsApp-Image-2021-12-02-at-18.42.43.jpeg\",\"datePublished\":\"2021-12-03T09:26:05+00:00\",\"dateModified\":\"2023-07-19T11:33:08+00:00\",\"breadcrumb\":{\"@id\":\"https:\\\/\\\/www.centrocliniconemo.it\\\/en\\\/blog\\\/malattie-rare-vincitori-premio-omar-smagliante-ada\\\/#breadcrumb\"},\"inLanguage\":\"en-US\",\"potentialAction\":[{\"@type\":\"ReadAction\",\"target\":[\"https:\\\/\\\/www.centrocliniconemo.it\\\/en\\\/blog\\\/malattie-rare-vincitori-premio-omar-smagliante-ada\\\/\"]}]},{\"@type\":\"ImageObject\",\"inLanguage\":\"en-US\",\"@id\":\"https:\\\/\\\/www.centrocliniconemo.it\\\/en\\\/blog\\\/malattie-rare-vincitori-premio-omar-smagliante-ada\\\/#primaryimage\",\"url\":\"https:\\\/\\\/www.centrocliniconemo.it\\\/wp-content\\\/uploads\\\/2023\\\/07\\\/lasmaglianteada-smagliante-ada-famiglie-sma-centro-nemo-omar-malattie-rare-fumetto-comics-WhatsApp-Image-2021-12-02-at-18.42.43.jpeg\",\"contentUrl\":\"https:\\\/\\\/www.centrocliniconemo.it\\\/wp-content\\\/uploads\\\/2023\\\/07\\\/lasmaglianteada-smagliante-ada-famiglie-sma-centro-nemo-omar-malattie-rare-fumetto-comics-WhatsApp-Image-2021-12-02-at-18.42.43.jpeg\",\"width\":1600,\"height\":720},{\"@type\":\"BreadcrumbList\",\"@id\":\"https:\\\/\\\/www.centrocliniconemo.it\\\/en\\\/blog\\\/malattie-rare-vincitori-premio-omar-smagliante-ada\\\/#breadcrumb\",\"itemListElement\":[{\"@type\":\"ListItem\",\"position\":1,\"name\":\"Home\",\"item\":\"https:\\\/\\\/www.centrocliniconemo.it\\\/en\\\/\"},{\"@type\":\"ListItem\",\"position\":2,\"name\":\"Premio Omar: La Smagliante Ada Di Famiglie Sma E Nemo Tra I Vincitori\"}]},{\"@type\":\"WebSite\",\"@id\":\"https:\\\/\\\/www.centrocliniconemo.it\\\/en\\\/#website\",\"url\":\"https:\\\/\\\/www.centrocliniconemo.it\\\/en\\\/\",\"name\":\"Centro Clinico NeMO\",\"description\":\"Il paziente al centro\",\"publisher\":{\"@id\":\"https:\\\/\\\/www.centrocliniconemo.it\\\/en\\\/#organization\"},\"potentialAction\":[{\"@type\":\"SearchAction\",\"target\":{\"@type\":\"EntryPoint\",\"urlTemplate\":\"https:\\\/\\\/www.centrocliniconemo.it\\\/en\\\/?s={search_term_string}\"},\"query-input\":{\"@type\":\"PropertyValueSpecification\",\"valueRequired\":true,\"valueName\":\"search_term_string\"}}],\"inLanguage\":\"en-US\"},{\"@type\":\"Organization\",\"@id\":\"https:\\\/\\\/www.centrocliniconemo.it\\\/en\\\/#organization\",\"name\":\"Centro Clinico NeMO - Fondazione Serena Onlus\",\"url\":\"https:\\\/\\\/www.centrocliniconemo.it\\\/en\\\/\",\"logo\":{\"@type\":\"ImageObject\",\"inLanguage\":\"en-US\",\"@id\":\"https:\\\/\\\/www.centrocliniconemo.it\\\/en\\\/#\\\/schema\\\/logo\\\/image\\\/\",\"url\":\"https:\\\/\\\/www.centrocliniconemo.it\\\/wp-content\\\/uploads\\\/2023\\\/03\\\/logo-nemo.svg\",\"contentUrl\":\"https:\\\/\\\/www.centrocliniconemo.it\\\/wp-content\\\/uploads\\\/2023\\\/03\\\/logo-nemo.svg\",\"width\":272,\"height\":109.142,\"caption\":\"Centro Clinico NeMO - Fondazione Serena Onlus\"},\"image\":{\"@id\":\"https:\\\/\\\/www.centrocliniconemo.it\\\/en\\\/#\\\/schema\\\/logo\\\/image\\\/\"},\"sameAs\":[\"https:\\\/\\\/www.facebook.com\\\/CentroNEMOItalia\",\"https:\\\/\\\/x.com\\\/CentroNemo\",\"https:\\\/\\\/www.linkedin.com\\\/company\\\/centrocliniconemo\\\/\",\"https:\\\/\\\/www.instagram.com\\\/centrocliniconemo\\\/\"]},{\"@type\":\"Person\",\"@id\":\"https:\\\/\\\/www.centrocliniconemo.it\\\/en\\\/#\\\/schema\\\/person\\\/9331a87c0a8ee435c61f5dd498531434\",\"name\":\"Luca Biondi\",\"image\":{\"@type\":\"ImageObject\",\"inLanguage\":\"en-US\",\"@id\":\"https:\\\/\\\/secure.gravatar.com\\\/avatar\\\/0488b88829885ebcc9896de947265b69d2979e6dc4666b1e2c3d4fbf8dc73d77?s=96&d=mm&r=g\",\"url\":\"https:\\\/\\\/secure.gravatar.com\\\/avatar\\\/0488b88829885ebcc9896de947265b69d2979e6dc4666b1e2c3d4fbf8dc73d77?s=96&d=mm&r=g\",\"contentUrl\":\"https:\\\/\\\/secure.gravatar.com\\\/avatar\\\/0488b88829885ebcc9896de947265b69d2979e6dc4666b1e2c3d4fbf8dc73d77?s=96&d=mm&r=g\",\"caption\":\"Luca Biondi\"}}]}<\/script>\n<!-- \/ Yoast SEO plugin. -->","yoast_head_json":{"title":"Premio Omar: La Smagliante Ada Di Famiglie Sma E Nemo Tra I Vincitori - Centro Clinico NeMO","robots":{"index":"index","follow":"follow","max-snippet":"max-snippet:-1","max-image-preview":"max-image-preview:large","max-video-preview":"max-video-preview:-1"},"canonical":"https:\/\/www.centrocliniconemo.it\/en\/blog\/malattie-rare-vincitori-premio-omar-smagliante-ada\/","og_locale":"en_US","og_type":"article","og_title":"Premio Omar: La Smagliante Ada Di Famiglie Sma E Nemo Tra I Vincitori - Centro Clinico NeMO","og_description":"Premiati i vincitori della VIII edizione del Premio OMaR.\u00a0Focus della comunicazione su studio, lavoro, amore, famiglia. Tra i vincitori Famiglie SMA con i Centri NeMO.","og_url":"https:\/\/www.centrocliniconemo.it\/en\/blog\/malattie-rare-vincitori-premio-omar-smagliante-ada\/","og_site_name":"Centro Clinico NeMO","article_publisher":"https:\/\/www.facebook.com\/CentroNEMOItalia","article_published_time":"2021-12-03T09:26:05+00:00","article_modified_time":"2023-07-19T11:33:08+00:00","og_image":[{"width":1600,"height":720,"url":"https:\/\/www.centrocliniconemo.it\/wp-content\/uploads\/2023\/07\/lasmaglianteada-smagliante-ada-famiglie-sma-centro-nemo-omar-malattie-rare-fumetto-comics-WhatsApp-Image-2021-12-02-at-18.42.43.jpeg","type":"image\/jpeg"}],"author":"Luca Biondi","twitter_card":"summary_large_image","twitter_creator":"@CentroNemo","twitter_site":"@CentroNemo","twitter_misc":{"Written by":"Luca Biondi","Est. reading time":"6 minutes"},"schema":{"@context":"https:\/\/schema.org","@graph":[{"@type":"Article","@id":"https:\/\/www.centrocliniconemo.it\/en\/blog\/malattie-rare-vincitori-premio-omar-smagliante-ada\/#article","isPartOf":{"@id":"https:\/\/www.centrocliniconemo.it\/en\/blog\/malattie-rare-vincitori-premio-omar-smagliante-ada\/"},"author":{"name":"Luca Biondi","@id":"https:\/\/www.centrocliniconemo.it\/en\/#\/schema\/person\/9331a87c0a8ee435c61f5dd498531434"},"headline":"Premio Omar: La Smagliante Ada Di Famiglie Sma E Nemo Tra I Vincitori","datePublished":"2021-12-03T09:26:05+00:00","dateModified":"2023-07-19T11:33:08+00:00","mainEntityOfPage":{"@id":"https:\/\/www.centrocliniconemo.it\/en\/blog\/malattie-rare-vincitori-premio-omar-smagliante-ada\/"},"wordCount":1248,"publisher":{"@id":"https:\/\/www.centrocliniconemo.it\/en\/#organization"},"image":{"@id":"https:\/\/www.centrocliniconemo.it\/en\/blog\/malattie-rare-vincitori-premio-omar-smagliante-ada\/#primaryimage"},"thumbnailUrl":"https:\/\/www.centrocliniconemo.it\/wp-content\/uploads\/2023\/07\/lasmaglianteada-smagliante-ada-famiglie-sma-centro-nemo-omar-malattie-rare-fumetto-comics-WhatsApp-Image-2021-12-02-at-18.42.43.jpeg","keywords":["NeMO Milano"],"articleSection":["Iniziative ed eventi"],"inLanguage":"en-US"},{"@type":"WebPage","@id":"https:\/\/www.centrocliniconemo.it\/en\/blog\/malattie-rare-vincitori-premio-omar-smagliante-ada\/","url":"https:\/\/www.centrocliniconemo.it\/en\/blog\/malattie-rare-vincitori-premio-omar-smagliante-ada\/","name":"Premio Omar: La Smagliante Ada Di Famiglie Sma E Nemo Tra I Vincitori - Centro Clinico NeMO","isPartOf":{"@id":"https:\/\/www.centrocliniconemo.it\/en\/#website"},"primaryImageOfPage":{"@id":"https:\/\/www.centrocliniconemo.it\/en\/blog\/malattie-rare-vincitori-premio-omar-smagliante-ada\/#primaryimage"},"image":{"@id":"https:\/\/www.centrocliniconemo.it\/en\/blog\/malattie-rare-vincitori-premio-omar-smagliante-ada\/#primaryimage"},"thumbnailUrl":"https:\/\/www.centrocliniconemo.it\/wp-content\/uploads\/2023\/07\/lasmaglianteada-smagliante-ada-famiglie-sma-centro-nemo-omar-malattie-rare-fumetto-comics-WhatsApp-Image-2021-12-02-at-18.42.43.jpeg","datePublished":"2021-12-03T09:26:05+00:00","dateModified":"2023-07-19T11:33:08+00:00","breadcrumb":{"@id":"https:\/\/www.centrocliniconemo.it\/en\/blog\/malattie-rare-vincitori-premio-omar-smagliante-ada\/#breadcrumb"},"inLanguage":"en-US","potentialAction":[{"@type":"ReadAction","target":["https:\/\/www.centrocliniconemo.it\/en\/blog\/malattie-rare-vincitori-premio-omar-smagliante-ada\/"]}]},{"@type":"ImageObject","inLanguage":"en-US","@id":"https:\/\/www.centrocliniconemo.it\/en\/blog\/malattie-rare-vincitori-premio-omar-smagliante-ada\/#primaryimage","url":"https:\/\/www.centrocliniconemo.it\/wp-content\/uploads\/2023\/07\/lasmaglianteada-smagliante-ada-famiglie-sma-centro-nemo-omar-malattie-rare-fumetto-comics-WhatsApp-Image-2021-12-02-at-18.42.43.jpeg","contentUrl":"https:\/\/www.centrocliniconemo.it\/wp-content\/uploads\/2023\/07\/lasmaglianteada-smagliante-ada-famiglie-sma-centro-nemo-omar-malattie-rare-fumetto-comics-WhatsApp-Image-2021-12-02-at-18.42.43.jpeg","width":1600,"height":720},{"@type":"BreadcrumbList","@id":"https:\/\/www.centrocliniconemo.it\/en\/blog\/malattie-rare-vincitori-premio-omar-smagliante-ada\/#breadcrumb","itemListElement":[{"@type":"ListItem","position":1,"name":"Home","item":"https:\/\/www.centrocliniconemo.it\/en\/"},{"@type":"ListItem","position":2,"name":"Premio Omar: La Smagliante Ada Di Famiglie Sma E Nemo Tra I Vincitori"}]},{"@type":"WebSite","@id":"https:\/\/www.centrocliniconemo.it\/en\/#website","url":"https:\/\/www.centrocliniconemo.it\/en\/","name":"Centro Clinico NeMO","description":"Il paziente al centro","publisher":{"@id":"https:\/\/www.centrocliniconemo.it\/en\/#organization"},"potentialAction":[{"@type":"SearchAction","target":{"@type":"EntryPoint","urlTemplate":"https:\/\/www.centrocliniconemo.it\/en\/?s={search_term_string}"},"query-input":{"@type":"PropertyValueSpecification","valueRequired":true,"valueName":"search_term_string"}}],"inLanguage":"en-US"},{"@type":"Organization","@id":"https:\/\/www.centrocliniconemo.it\/en\/#organization","name":"Centro Clinico NeMO - Fondazione Serena Onlus","url":"https:\/\/www.centrocliniconemo.it\/en\/","logo":{"@type":"ImageObject","inLanguage":"en-US","@id":"https:\/\/www.centrocliniconemo.it\/en\/#\/schema\/logo\/image\/","url":"https:\/\/www.centrocliniconemo.it\/wp-content\/uploads\/2023\/03\/logo-nemo.svg","contentUrl":"https:\/\/www.centrocliniconemo.it\/wp-content\/uploads\/2023\/03\/logo-nemo.svg","width":272,"height":109.142,"caption":"Centro Clinico NeMO - Fondazione Serena Onlus"},"image":{"@id":"https:\/\/www.centrocliniconemo.it\/en\/#\/schema\/logo\/image\/"},"sameAs":["https:\/\/www.facebook.com\/CentroNEMOItalia","https:\/\/x.com\/CentroNemo","https:\/\/www.linkedin.com\/company\/centrocliniconemo\/","https:\/\/www.instagram.com\/centrocliniconemo\/"]},{"@type":"Person","@id":"https:\/\/www.centrocliniconemo.it\/en\/#\/schema\/person\/9331a87c0a8ee435c61f5dd498531434","name":"Luca Biondi","image":{"@type":"ImageObject","inLanguage":"en-US","@id":"https:\/\/secure.gravatar.com\/avatar\/0488b88829885ebcc9896de947265b69d2979e6dc4666b1e2c3d4fbf8dc73d77?s=96&d=mm&r=g","url":"https:\/\/secure.gravatar.com\/avatar\/0488b88829885ebcc9896de947265b69d2979e6dc4666b1e2c3d4fbf8dc73d77?s=96&d=mm&r=g","contentUrl":"https:\/\/secure.gravatar.com\/avatar\/0488b88829885ebcc9896de947265b69d2979e6dc4666b1e2c3d4fbf8dc73d77?s=96&d=mm&r=g","caption":"Luca Biondi"}}]}},"_links":{"self":[{"href":"https:\/\/www.centrocliniconemo.it\/en\/wp-json\/wp\/v2\/posts\/13140","targetHints":{"allow":["GET"]}}],"collection":[{"href":"https:\/\/www.centrocliniconemo.it\/en\/wp-json\/wp\/v2\/posts"}],"about":[{"href":"https:\/\/www.centrocliniconemo.it\/en\/wp-json\/wp\/v2\/types\/post"}],"author":[{"embeddable":true,"href":"https:\/\/www.centrocliniconemo.it\/en\/wp-json\/wp\/v2\/users\/2"}],"replies":[{"embeddable":true,"href":"https:\/\/www.centrocliniconemo.it\/en\/wp-json\/wp\/v2\/comments?post=13140"}],"version-history":[{"count":0,"href":"https:\/\/www.centrocliniconemo.it\/en\/wp-json\/wp\/v2\/posts\/13140\/revisions"}],"wp:featuredmedia":[{"embeddable":true,"href":"https:\/\/www.centrocliniconemo.it\/en\/wp-json\/wp\/v2\/media\/11149"}],"wp:attachment":[{"href":"https:\/\/www.centrocliniconemo.it\/en\/wp-json\/wp\/v2\/media?parent=13140"}],"wp:term":[{"taxonomy":"category","embeddable":true,"href":"https:\/\/www.centrocliniconemo.it\/en\/wp-json\/wp\/v2\/categories?post=13140"},{"taxonomy":"post_tag","embeddable":true,"href":"https:\/\/www.centrocliniconemo.it\/en\/wp-json\/wp\/v2\/tags?post=13140"}],"curies":[{"name":"wp","href":"https:\/\/api.w.org\/{rel}","templated":true}]}}