{"id":13122,"date":"2022-01-19T09:33:40","date_gmt":"2022-01-19T09:33:40","guid":{"rendered":"https:\/\/www.centrocliniconemo.it\/blog\/uildm-siblings-fratelli-sorelle-disabilita-webinar"},"modified":"2023-07-19T11:33:04","modified_gmt":"2023-07-19T11:33:04","slug":"uildm-siblings-fratelli-sorelle-disabilita-webinar","status":"publish","type":"post","link":"https:\/\/www.centrocliniconemo.it\/en\/blog\/uildm-siblings-fratelli-sorelle-disabilita-webinar\/","title":{"rendered":"Uildm: Supportare I Siblings, Fratelli E Sorelle Di Persone Con Disabilit\u00e0"},"content":{"rendered":"<h4 style=\"text-align: justify;\"><i><a href=\"https:\/\/www.uildm.org\/\" rel=\"noopener\" target=\"_blank\">UILDM &#8211; Unione italiana Lotta alla Distrofia Muscolare<\/a> sabato 22 gennaio dalle 9 alle 13 propone l\u2019evento online \u201c<span style=\"color: #660000;\">Supportare i siblings, fratelli e sorelle di persone con disabilit\u00e0<\/span>\u201d, dedicato agli psicologi per la pratica clinica, ai soci UILDM e alle famiglie.<\/i><\/h4>\n<p style=\"text-align: justify;\"><i>Padova, 19 gennaio 2022<\/i> &#8211; Con \u201cSiblings\u201d, il termine inglese che sta a indicare \u201csister\u201d e \u201cbrother\u201d (sorella\/fratello), sono identificati le sorelle e i fratelli di persone con disabilit\u00e0. Membri della famiglia che spesso diventano invisibili, perch\u00e9 al centro vengono poste le esigenze della persona con disabilit\u00e0 senza tenere conto di un punto fondamentale. La disabilit\u00e0 \u00e8 una condizione che interessa l\u2019intero nucleo familiare, nel quale fratelli e sorelle imparano a condividere l\u2019affetto dei genitori e a vivere esperienze diverse da quelle dei coetanei.<\/p>\n<p><!--more--><\/p>\n<p style=\"text-align: justify;\">Il Gruppo Psicologi <a href=\"https:\/\/www.uildm.org\" rel=\"noopener\" target=\"_blank\">UILDM<\/a>, con l\u2019obiettivo di essere sempre pi\u00f9 al servizio delle famiglie, ha organizzato per <strong>sabato 22 gennaio dalle 9 alle 13<\/strong> il webinar \u201cSupportare i siblings, fratelli e sorelle di persone con disabilit\u00e0\u201d (<a href=\"https:\/\/fs.hubspotusercontent00.net\/hubfs\/4358056\/SIBLINGS_WEBINAR_UILDM_22.1.jpg\" rel=\"noopener\" target=\"_blank\" style=\"text-decoration: none; font-weight: bold; font-style: italic;\">scarica il programma qui<\/a>).<\/p>\n<p style=\"text-align: justify;\">Da un lato vuole quindi fornire un quadro generale della condizione dei fratelli e sorelle con disabilit\u00e0, delle esperienze pi\u00f9 tipiche e delle sfide che i siblings si trovano ad affrontare nella loro vita. Dall&#8217;altro offrire una lettura psicologica di tipo preventivo delle dinamiche sottostanti la relazione fraterna quando \u00e8 presente una disabilit\u00e0 ed i modelli di intervento e di supporto.<\/p>\n<p style=\"text-align: justify;\">Dalle 9 alle 11 si svolger\u00e0 la prima parte dedicata agli psicologi sulla pratica clinica, a cura di <strong>Andrea Dondi<\/strong>, psicologo e psicoterapeuta, autore della guida \u201c<em><span style=\"font-weight: bold;\">Siblings. Crescere fratelli e sorelle di bambini con disabilit\u00e0<\/span><\/em>\u201d.<\/p>\n<p style=\"text-align: justify;\">Dalle 11 alle 13 verr\u00e0 dato spazio ai soci UILDM, alle famiglie, ai caregiver, con domande e riflessioni sul tema.<\/p>\n<p style=\"text-align: justify; font-weight: bold;\">Per partecipare <a href=\"https:\/\/bit.ly\/WebinarUILDMSiblings\" rel=\"noopener\" target=\"_blank\" style=\"font-style: normal;\">clicca qui<\/a>&nbsp;<span style=\"font-weight: normal; font-style: italic; font-size: 12px;\">(ID riunione: 969 2669 0351 &#8211; Passcode: 531467)<\/span><\/p>\n<p style=\"text-align: justify; font-weight: bold;\"><span style=\"font-weight: normal; font-style: italic;\"><img decoding=\"async\" src=\"https:\/\/www.centrocliniconemo.it\/wp-content\/uploads\/2023\/07\/siblings_uildm_orizzontale.png\" alt=\"siblings_uildm_orizzontale\" width=\"1170\" loading=\"lazy\" style=\"width: 1170px;\"><\/span><\/p>\n","protected":false},"excerpt":{"rendered":"<p>Padova, 19 gennaio 2022 &#8211; Con \u201cSiblings\u201d, il termine inglese che sta a indicare \u201csister\u201d e \u201cbrother\u201d (sorella\/fratello), sono identificati le sorelle e i fratelli di persone con disabilit\u00e0. Membri della famiglia che spesso diventano invisibili, perch\u00e9 al centro vengono poste le esigenze della persona con disabilit\u00e0 senza tenere conto di un punto fondamentale. La disabilit\u00e0 \u00e8 una condizione che interessa l\u2019intero nucleo familiare, nel quale fratelli e sorelle imparano a condividere l\u2019affetto dei genitori e a vivere esperienze diverse da quelle dei coetanei.<\/p>\n","protected":false},"author":2,"featured_media":11109,"comment_status":"closed","ping_status":"closed","sticky":false,"template":"","format":"standard","meta":{"pgc_sgb_lightbox_settings":"","footnotes":""},"categories":[17],"tags":[],"class_list":["post-13122","post","type-post","status-publish","format-standard","has-post-thumbnail","hentry","category-iniziative-ed-eventi"],"yoast_head":"<!-- This site is optimized with the Yoast SEO plugin v27.4 - https:\/\/yoast.com\/product\/yoast-seo-wordpress\/ -->\n<title>Uildm: Supportare I Siblings, Fratelli E Sorelle Di Persone Con Disabilit\u00e0 - Centro Clinico NeMO<\/title>\n<meta name=\"robots\" content=\"index, follow, max-snippet:-1, max-image-preview:large, max-video-preview:-1\" \/>\n<link rel=\"canonical\" href=\"https:\/\/www.centrocliniconemo.it\/en\/blog\/uildm-siblings-fratelli-sorelle-disabilita-webinar\/\" \/>\n<meta property=\"og:locale\" content=\"en_US\" \/>\n<meta property=\"og:type\" content=\"article\" \/>\n<meta property=\"og:title\" content=\"Uildm: Supportare I Siblings, Fratelli E Sorelle Di Persone Con Disabilit\u00e0 - Centro Clinico NeMO\" \/>\n<meta property=\"og:description\" content=\"Padova, 19 gennaio 2022 - Con \u201cSiblings\u201d, il termine inglese che sta a indicare \u201csister\u201d e \u201cbrother\u201d (sorella\/fratello), sono identificati le sorelle e i fratelli di persone con disabilit\u00e0. Membri della famiglia che spesso diventano invisibili, perch\u00e9 al centro vengono poste le esigenze della persona con disabilit\u00e0 senza tenere conto di un punto fondamentale. La disabilit\u00e0 \u00e8 una condizione che interessa l\u2019intero nucleo familiare, nel quale fratelli e sorelle imparano a condividere l\u2019affetto dei genitori e a vivere esperienze diverse da quelle dei coetanei.\" \/>\n<meta property=\"og:url\" content=\"https:\/\/www.centrocliniconemo.it\/en\/blog\/uildm-siblings-fratelli-sorelle-disabilita-webinar\/\" \/>\n<meta property=\"og:site_name\" content=\"Centro Clinico NeMO\" \/>\n<meta property=\"article:publisher\" content=\"https:\/\/www.facebook.com\/CentroNEMOItalia\" \/>\n<meta property=\"article:published_time\" content=\"2022-01-19T09:33:40+00:00\" \/>\n<meta property=\"article:modified_time\" content=\"2023-07-19T11:33:04+00:00\" \/>\n<meta property=\"og:image\" content=\"https:\/\/www.centrocliniconemo.it\/wp-content\/uploads\/2023\/07\/uildm-siblings-gennaio-2022-nemo-1024x576.png\" \/>\n\t<meta property=\"og:image:width\" content=\"1024\" \/>\n\t<meta property=\"og:image:height\" content=\"576\" \/>\n\t<meta property=\"og:image:type\" content=\"image\/png\" \/>\n<meta name=\"author\" content=\"Luca Biondi\" \/>\n<meta name=\"twitter:card\" content=\"summary_large_image\" \/>\n<meta name=\"twitter:creator\" content=\"@CentroNemo\" \/>\n<meta name=\"twitter:site\" content=\"@CentroNemo\" \/>\n<meta name=\"twitter:label1\" content=\"Written by\" \/>\n\t<meta name=\"twitter:data1\" content=\"Luca Biondi\" \/>\n\t<meta name=\"twitter:label2\" content=\"Est. reading time\" \/>\n\t<meta name=\"twitter:data2\" content=\"1 minute\" \/>\n<script type=\"application\/ld+json\" class=\"yoast-schema-graph\">{\"@context\":\"https:\\\/\\\/schema.org\",\"@graph\":[{\"@type\":\"Article\",\"@id\":\"https:\\\/\\\/www.centrocliniconemo.it\\\/en\\\/blog\\\/uildm-siblings-fratelli-sorelle-disabilita-webinar\\\/#article\",\"isPartOf\":{\"@id\":\"https:\\\/\\\/www.centrocliniconemo.it\\\/en\\\/blog\\\/uildm-siblings-fratelli-sorelle-disabilita-webinar\\\/\"},\"author\":{\"name\":\"Luca Biondi\",\"@id\":\"https:\\\/\\\/www.centrocliniconemo.it\\\/en\\\/#\\\/schema\\\/person\\\/9331a87c0a8ee435c61f5dd498531434\"},\"headline\":\"Uildm: Supportare I Siblings, Fratelli E Sorelle Di Persone Con Disabilit\u00e0\",\"datePublished\":\"2022-01-19T09:33:40+00:00\",\"dateModified\":\"2023-07-19T11:33:04+00:00\",\"mainEntityOfPage\":{\"@id\":\"https:\\\/\\\/www.centrocliniconemo.it\\\/en\\\/blog\\\/uildm-siblings-fratelli-sorelle-disabilita-webinar\\\/\"},\"wordCount\":293,\"publisher\":{\"@id\":\"https:\\\/\\\/www.centrocliniconemo.it\\\/en\\\/#organization\"},\"image\":{\"@id\":\"https:\\\/\\\/www.centrocliniconemo.it\\\/en\\\/blog\\\/uildm-siblings-fratelli-sorelle-disabilita-webinar\\\/#primaryimage\"},\"thumbnailUrl\":\"https:\\\/\\\/www.centrocliniconemo.it\\\/wp-content\\\/uploads\\\/2023\\\/07\\\/uildm-siblings-gennaio-2022-nemo.png\",\"articleSection\":[\"Iniziative ed eventi\"],\"inLanguage\":\"en-US\"},{\"@type\":\"WebPage\",\"@id\":\"https:\\\/\\\/www.centrocliniconemo.it\\\/en\\\/blog\\\/uildm-siblings-fratelli-sorelle-disabilita-webinar\\\/\",\"url\":\"https:\\\/\\\/www.centrocliniconemo.it\\\/en\\\/blog\\\/uildm-siblings-fratelli-sorelle-disabilita-webinar\\\/\",\"name\":\"Uildm: Supportare I Siblings, Fratelli E Sorelle Di Persone Con Disabilit\u00e0 - Centro Clinico NeMO\",\"isPartOf\":{\"@id\":\"https:\\\/\\\/www.centrocliniconemo.it\\\/en\\\/#website\"},\"primaryImageOfPage\":{\"@id\":\"https:\\\/\\\/www.centrocliniconemo.it\\\/en\\\/blog\\\/uildm-siblings-fratelli-sorelle-disabilita-webinar\\\/#primaryimage\"},\"image\":{\"@id\":\"https:\\\/\\\/www.centrocliniconemo.it\\\/en\\\/blog\\\/uildm-siblings-fratelli-sorelle-disabilita-webinar\\\/#primaryimage\"},\"thumbnailUrl\":\"https:\\\/\\\/www.centrocliniconemo.it\\\/wp-content\\\/uploads\\\/2023\\\/07\\\/uildm-siblings-gennaio-2022-nemo.png\",\"datePublished\":\"2022-01-19T09:33:40+00:00\",\"dateModified\":\"2023-07-19T11:33:04+00:00\",\"breadcrumb\":{\"@id\":\"https:\\\/\\\/www.centrocliniconemo.it\\\/en\\\/blog\\\/uildm-siblings-fratelli-sorelle-disabilita-webinar\\\/#breadcrumb\"},\"inLanguage\":\"en-US\",\"potentialAction\":[{\"@type\":\"ReadAction\",\"target\":[\"https:\\\/\\\/www.centrocliniconemo.it\\\/en\\\/blog\\\/uildm-siblings-fratelli-sorelle-disabilita-webinar\\\/\"]}]},{\"@type\":\"ImageObject\",\"inLanguage\":\"en-US\",\"@id\":\"https:\\\/\\\/www.centrocliniconemo.it\\\/en\\\/blog\\\/uildm-siblings-fratelli-sorelle-disabilita-webinar\\\/#primaryimage\",\"url\":\"https:\\\/\\\/www.centrocliniconemo.it\\\/wp-content\\\/uploads\\\/2023\\\/07\\\/uildm-siblings-gennaio-2022-nemo.png\",\"contentUrl\":\"https:\\\/\\\/www.centrocliniconemo.it\\\/wp-content\\\/uploads\\\/2023\\\/07\\\/uildm-siblings-gennaio-2022-nemo.png\",\"width\":1920,\"height\":1080},{\"@type\":\"BreadcrumbList\",\"@id\":\"https:\\\/\\\/www.centrocliniconemo.it\\\/en\\\/blog\\\/uildm-siblings-fratelli-sorelle-disabilita-webinar\\\/#breadcrumb\",\"itemListElement\":[{\"@type\":\"ListItem\",\"position\":1,\"name\":\"Home\",\"item\":\"https:\\\/\\\/www.centrocliniconemo.it\\\/en\\\/\"},{\"@type\":\"ListItem\",\"position\":2,\"name\":\"Uildm: Supportare I Siblings, Fratelli E Sorelle Di Persone Con Disabilit\u00e0\"}]},{\"@type\":\"WebSite\",\"@id\":\"https:\\\/\\\/www.centrocliniconemo.it\\\/en\\\/#website\",\"url\":\"https:\\\/\\\/www.centrocliniconemo.it\\\/en\\\/\",\"name\":\"Centro Clinico NeMO\",\"description\":\"Il paziente al centro\",\"publisher\":{\"@id\":\"https:\\\/\\\/www.centrocliniconemo.it\\\/en\\\/#organization\"},\"potentialAction\":[{\"@type\":\"SearchAction\",\"target\":{\"@type\":\"EntryPoint\",\"urlTemplate\":\"https:\\\/\\\/www.centrocliniconemo.it\\\/en\\\/?s={search_term_string}\"},\"query-input\":{\"@type\":\"PropertyValueSpecification\",\"valueRequired\":true,\"valueName\":\"search_term_string\"}}],\"inLanguage\":\"en-US\"},{\"@type\":\"Organization\",\"@id\":\"https:\\\/\\\/www.centrocliniconemo.it\\\/en\\\/#organization\",\"name\":\"Centro Clinico NeMO - Fondazione Serena Onlus\",\"url\":\"https:\\\/\\\/www.centrocliniconemo.it\\\/en\\\/\",\"logo\":{\"@type\":\"ImageObject\",\"inLanguage\":\"en-US\",\"@id\":\"https:\\\/\\\/www.centrocliniconemo.it\\\/en\\\/#\\\/schema\\\/logo\\\/image\\\/\",\"url\":\"https:\\\/\\\/www.centrocliniconemo.it\\\/wp-content\\\/uploads\\\/2023\\\/03\\\/logo-nemo.svg\",\"contentUrl\":\"https:\\\/\\\/www.centrocliniconemo.it\\\/wp-content\\\/uploads\\\/2023\\\/03\\\/logo-nemo.svg\",\"width\":272,\"height\":109.142,\"caption\":\"Centro Clinico NeMO - Fondazione Serena Onlus\"},\"image\":{\"@id\":\"https:\\\/\\\/www.centrocliniconemo.it\\\/en\\\/#\\\/schema\\\/logo\\\/image\\\/\"},\"sameAs\":[\"https:\\\/\\\/www.facebook.com\\\/CentroNEMOItalia\",\"https:\\\/\\\/x.com\\\/CentroNemo\",\"https:\\\/\\\/www.linkedin.com\\\/company\\\/centrocliniconemo\\\/\",\"https:\\\/\\\/www.instagram.com\\\/centrocliniconemo\\\/\"]},{\"@type\":\"Person\",\"@id\":\"https:\\\/\\\/www.centrocliniconemo.it\\\/en\\\/#\\\/schema\\\/person\\\/9331a87c0a8ee435c61f5dd498531434\",\"name\":\"Luca Biondi\",\"image\":{\"@type\":\"ImageObject\",\"inLanguage\":\"en-US\",\"@id\":\"https:\\\/\\\/secure.gravatar.com\\\/avatar\\\/0488b88829885ebcc9896de947265b69d2979e6dc4666b1e2c3d4fbf8dc73d77?s=96&d=mm&r=g\",\"url\":\"https:\\\/\\\/secure.gravatar.com\\\/avatar\\\/0488b88829885ebcc9896de947265b69d2979e6dc4666b1e2c3d4fbf8dc73d77?s=96&d=mm&r=g\",\"contentUrl\":\"https:\\\/\\\/secure.gravatar.com\\\/avatar\\\/0488b88829885ebcc9896de947265b69d2979e6dc4666b1e2c3d4fbf8dc73d77?s=96&d=mm&r=g\",\"caption\":\"Luca Biondi\"}}]}<\/script>\n<!-- \/ Yoast SEO plugin. -->","yoast_head_json":{"title":"Uildm: Supportare I Siblings, Fratelli E Sorelle Di Persone Con Disabilit\u00e0 - Centro Clinico NeMO","robots":{"index":"index","follow":"follow","max-snippet":"max-snippet:-1","max-image-preview":"max-image-preview:large","max-video-preview":"max-video-preview:-1"},"canonical":"https:\/\/www.centrocliniconemo.it\/en\/blog\/uildm-siblings-fratelli-sorelle-disabilita-webinar\/","og_locale":"en_US","og_type":"article","og_title":"Uildm: Supportare I Siblings, Fratelli E Sorelle Di Persone Con Disabilit\u00e0 - Centro Clinico NeMO","og_description":"Padova, 19 gennaio 2022 - Con \u201cSiblings\u201d, il termine inglese che sta a indicare \u201csister\u201d e \u201cbrother\u201d (sorella\/fratello), sono identificati le sorelle e i fratelli di persone con disabilit\u00e0. Membri della famiglia che spesso diventano invisibili, perch\u00e9 al centro vengono poste le esigenze della persona con disabilit\u00e0 senza tenere conto di un punto fondamentale. La disabilit\u00e0 \u00e8 una condizione che interessa l\u2019intero nucleo familiare, nel quale fratelli e sorelle imparano a condividere l\u2019affetto dei genitori e a vivere esperienze diverse da quelle dei coetanei.","og_url":"https:\/\/www.centrocliniconemo.it\/en\/blog\/uildm-siblings-fratelli-sorelle-disabilita-webinar\/","og_site_name":"Centro Clinico NeMO","article_publisher":"https:\/\/www.facebook.com\/CentroNEMOItalia","article_published_time":"2022-01-19T09:33:40+00:00","article_modified_time":"2023-07-19T11:33:04+00:00","og_image":[{"width":1024,"height":576,"url":"https:\/\/www.centrocliniconemo.it\/wp-content\/uploads\/2023\/07\/uildm-siblings-gennaio-2022-nemo-1024x576.png","type":"image\/png"}],"author":"Luca Biondi","twitter_card":"summary_large_image","twitter_creator":"@CentroNemo","twitter_site":"@CentroNemo","twitter_misc":{"Written by":"Luca Biondi","Est. reading time":"1 minute"},"schema":{"@context":"https:\/\/schema.org","@graph":[{"@type":"Article","@id":"https:\/\/www.centrocliniconemo.it\/en\/blog\/uildm-siblings-fratelli-sorelle-disabilita-webinar\/#article","isPartOf":{"@id":"https:\/\/www.centrocliniconemo.it\/en\/blog\/uildm-siblings-fratelli-sorelle-disabilita-webinar\/"},"author":{"name":"Luca Biondi","@id":"https:\/\/www.centrocliniconemo.it\/en\/#\/schema\/person\/9331a87c0a8ee435c61f5dd498531434"},"headline":"Uildm: Supportare I Siblings, Fratelli E Sorelle Di Persone Con Disabilit\u00e0","datePublished":"2022-01-19T09:33:40+00:00","dateModified":"2023-07-19T11:33:04+00:00","mainEntityOfPage":{"@id":"https:\/\/www.centrocliniconemo.it\/en\/blog\/uildm-siblings-fratelli-sorelle-disabilita-webinar\/"},"wordCount":293,"publisher":{"@id":"https:\/\/www.centrocliniconemo.it\/en\/#organization"},"image":{"@id":"https:\/\/www.centrocliniconemo.it\/en\/blog\/uildm-siblings-fratelli-sorelle-disabilita-webinar\/#primaryimage"},"thumbnailUrl":"https:\/\/www.centrocliniconemo.it\/wp-content\/uploads\/2023\/07\/uildm-siblings-gennaio-2022-nemo.png","articleSection":["Iniziative ed eventi"],"inLanguage":"en-US"},{"@type":"WebPage","@id":"https:\/\/www.centrocliniconemo.it\/en\/blog\/uildm-siblings-fratelli-sorelle-disabilita-webinar\/","url":"https:\/\/www.centrocliniconemo.it\/en\/blog\/uildm-siblings-fratelli-sorelle-disabilita-webinar\/","name":"Uildm: Supportare I Siblings, Fratelli E Sorelle Di Persone Con Disabilit\u00e0 - Centro Clinico NeMO","isPartOf":{"@id":"https:\/\/www.centrocliniconemo.it\/en\/#website"},"primaryImageOfPage":{"@id":"https:\/\/www.centrocliniconemo.it\/en\/blog\/uildm-siblings-fratelli-sorelle-disabilita-webinar\/#primaryimage"},"image":{"@id":"https:\/\/www.centrocliniconemo.it\/en\/blog\/uildm-siblings-fratelli-sorelle-disabilita-webinar\/#primaryimage"},"thumbnailUrl":"https:\/\/www.centrocliniconemo.it\/wp-content\/uploads\/2023\/07\/uildm-siblings-gennaio-2022-nemo.png","datePublished":"2022-01-19T09:33:40+00:00","dateModified":"2023-07-19T11:33:04+00:00","breadcrumb":{"@id":"https:\/\/www.centrocliniconemo.it\/en\/blog\/uildm-siblings-fratelli-sorelle-disabilita-webinar\/#breadcrumb"},"inLanguage":"en-US","potentialAction":[{"@type":"ReadAction","target":["https:\/\/www.centrocliniconemo.it\/en\/blog\/uildm-siblings-fratelli-sorelle-disabilita-webinar\/"]}]},{"@type":"ImageObject","inLanguage":"en-US","@id":"https:\/\/www.centrocliniconemo.it\/en\/blog\/uildm-siblings-fratelli-sorelle-disabilita-webinar\/#primaryimage","url":"https:\/\/www.centrocliniconemo.it\/wp-content\/uploads\/2023\/07\/uildm-siblings-gennaio-2022-nemo.png","contentUrl":"https:\/\/www.centrocliniconemo.it\/wp-content\/uploads\/2023\/07\/uildm-siblings-gennaio-2022-nemo.png","width":1920,"height":1080},{"@type":"BreadcrumbList","@id":"https:\/\/www.centrocliniconemo.it\/en\/blog\/uildm-siblings-fratelli-sorelle-disabilita-webinar\/#breadcrumb","itemListElement":[{"@type":"ListItem","position":1,"name":"Home","item":"https:\/\/www.centrocliniconemo.it\/en\/"},{"@type":"ListItem","position":2,"name":"Uildm: Supportare I Siblings, Fratelli E Sorelle Di Persone Con Disabilit\u00e0"}]},{"@type":"WebSite","@id":"https:\/\/www.centrocliniconemo.it\/en\/#website","url":"https:\/\/www.centrocliniconemo.it\/en\/","name":"Centro Clinico NeMO","description":"Il paziente al centro","publisher":{"@id":"https:\/\/www.centrocliniconemo.it\/en\/#organization"},"potentialAction":[{"@type":"SearchAction","target":{"@type":"EntryPoint","urlTemplate":"https:\/\/www.centrocliniconemo.it\/en\/?s={search_term_string}"},"query-input":{"@type":"PropertyValueSpecification","valueRequired":true,"valueName":"search_term_string"}}],"inLanguage":"en-US"},{"@type":"Organization","@id":"https:\/\/www.centrocliniconemo.it\/en\/#organization","name":"Centro Clinico NeMO - Fondazione Serena Onlus","url":"https:\/\/www.centrocliniconemo.it\/en\/","logo":{"@type":"ImageObject","inLanguage":"en-US","@id":"https:\/\/www.centrocliniconemo.it\/en\/#\/schema\/logo\/image\/","url":"https:\/\/www.centrocliniconemo.it\/wp-content\/uploads\/2023\/03\/logo-nemo.svg","contentUrl":"https:\/\/www.centrocliniconemo.it\/wp-content\/uploads\/2023\/03\/logo-nemo.svg","width":272,"height":109.142,"caption":"Centro Clinico NeMO - Fondazione Serena Onlus"},"image":{"@id":"https:\/\/www.centrocliniconemo.it\/en\/#\/schema\/logo\/image\/"},"sameAs":["https:\/\/www.facebook.com\/CentroNEMOItalia","https:\/\/x.com\/CentroNemo","https:\/\/www.linkedin.com\/company\/centrocliniconemo\/","https:\/\/www.instagram.com\/centrocliniconemo\/"]},{"@type":"Person","@id":"https:\/\/www.centrocliniconemo.it\/en\/#\/schema\/person\/9331a87c0a8ee435c61f5dd498531434","name":"Luca Biondi","image":{"@type":"ImageObject","inLanguage":"en-US","@id":"https:\/\/secure.gravatar.com\/avatar\/0488b88829885ebcc9896de947265b69d2979e6dc4666b1e2c3d4fbf8dc73d77?s=96&d=mm&r=g","url":"https:\/\/secure.gravatar.com\/avatar\/0488b88829885ebcc9896de947265b69d2979e6dc4666b1e2c3d4fbf8dc73d77?s=96&d=mm&r=g","contentUrl":"https:\/\/secure.gravatar.com\/avatar\/0488b88829885ebcc9896de947265b69d2979e6dc4666b1e2c3d4fbf8dc73d77?s=96&d=mm&r=g","caption":"Luca Biondi"}}]}},"_links":{"self":[{"href":"https:\/\/www.centrocliniconemo.it\/en\/wp-json\/wp\/v2\/posts\/13122","targetHints":{"allow":["GET"]}}],"collection":[{"href":"https:\/\/www.centrocliniconemo.it\/en\/wp-json\/wp\/v2\/posts"}],"about":[{"href":"https:\/\/www.centrocliniconemo.it\/en\/wp-json\/wp\/v2\/types\/post"}],"author":[{"embeddable":true,"href":"https:\/\/www.centrocliniconemo.it\/en\/wp-json\/wp\/v2\/users\/2"}],"replies":[{"embeddable":true,"href":"https:\/\/www.centrocliniconemo.it\/en\/wp-json\/wp\/v2\/comments?post=13122"}],"version-history":[{"count":0,"href":"https:\/\/www.centrocliniconemo.it\/en\/wp-json\/wp\/v2\/posts\/13122\/revisions"}],"wp:featuredmedia":[{"embeddable":true,"href":"https:\/\/www.centrocliniconemo.it\/en\/wp-json\/wp\/v2\/media\/11109"}],"wp:attachment":[{"href":"https:\/\/www.centrocliniconemo.it\/en\/wp-json\/wp\/v2\/media?parent=13122"}],"wp:term":[{"taxonomy":"category","embeddable":true,"href":"https:\/\/www.centrocliniconemo.it\/en\/wp-json\/wp\/v2\/categories?post=13122"},{"taxonomy":"post_tag","embeddable":true,"href":"https:\/\/www.centrocliniconemo.it\/en\/wp-json\/wp\/v2\/tags?post=13122"}],"curies":[{"name":"wp","href":"https:\/\/api.w.org\/{rel}","templated":true}]}}