{"id":13098,"date":"2022-05-03T07:05:40","date_gmt":"2022-05-03T07:05:40","guid":{"rendered":"https:\/\/www.centrocliniconemo.it\/blog\/caso-mai"},"modified":"2023-07-19T11:32:59","modified_gmt":"2023-07-19T11:32:59","slug":"caso-mai","status":"publish","type":"post","link":"https:\/\/www.centrocliniconemo.it\/en\/blog\/caso-mai\/","title":{"rendered":"Caso, Mai \u2013 L\u2019Imprevedibile Virt\u00f9 Della Dignit\u00e0"},"content":{"rendered":"<h4 style=\"text-align: justify;\"><em>In scena a Roma in anteprima nazionale dal 24 al 29 maggio.<\/em><\/h4>\n<p style=\"text-align: justify;\"><em>Roma, 2 maggio 2022 \u2013 <\/em>Cosa farei se mi ammalassi fino a perdere l\u2019uso del mio corpo? La risposta diventa uno spettacolo teatrale che cerca di trovare risposte a domande che toccano il significato stesso della nostra esistenza. In anteprima nazionale, il <a href=\"https:\/\/www.cometaoff.it\" rel=\"noopener\" target=\"_blank\">Teatro CometaOff <\/a>di Roma, ospita \u201c<a href=\"https:\/\/fb.me\/e\/4Cq0GCN6O\" rel=\"noopener\" target=\"_blank\">Caso, mai \u2013 l\u2019imprevedibile virt\u00f9 della dignit\u00e0<\/a>\u201d, <strong>in scena dal 24 al 29 maggio.<\/strong><\/p>\n<p><!--more--><\/p>\n<p style=\"text-align: justify;\">Qual \u00e8 il significato della nostra vita? Lunga o corta, felice o infelice e, comunque, nel bene e nel male, questi sono solo alcuni degli interrogativi che affiorano nella mente di Massimiliano, Flaminia, Giuseppe, Paola, il dr. Giomberti e Suor Lucia. Sono loro i <strong>protagonisti di vite completamente diverse e dove tutto scorre amabilmente, finch\u00e9 la SLA si insinua nella loro quotidianit\u00e0<\/strong>. <strong>Un cast di eccezione per una commedia fresca, leggera e profonda<\/strong>che tenta di indagare sul senso stesso delle nostre esistenze, sulle scelte di vita e sulla speranza. <strong>Con la co-regia di Licia Amendola<\/strong>, lo spettacolo si divide in tre atti che si susseguono senza interruzioni e caratterizzato da un ritmo alternato: veloce e incalzante nella prima parte, pi\u00f9 profondo e dai toni pi\u00f9 seri nella seconda. Musiche Originali di Giacomo Vezzani.&nbsp;<\/p>\n<p style=\"text-align: justify;\">\u201c<em>Spero di aver creato una forma di intrattenimento gradita<\/em>. \u2013 <strong>dichiara il giovane autore e attore romano Simone Guarany<\/strong> \u2013 <em>E spero di riuscire a far ridere e piangere, a mettere paura e a far riflettere, a sensibilizzare i nostri spettatori circa la drammatica condizione che alcune malattie possono portare noi esseri umani ad essere meno leggeri quando si parla di etica, soprattutto in campo medico. Questo \u00e8 il mio compito, il mio lavoro<\/em>.\u201d<\/p>\n<p style=\"text-align: justify;\"><strong>Lo spettacolo, attraverso la SLA, parla di tutte le temibili malattie, spesso poco dibattute, che affliggono migliaia di famiglie, costrette a fare i conti con una dimensione umana segnata da un grande arresto e dove il corpo diventa carceriere di s\u00e9 stesso<\/strong>. Nessuna posizione sul tema del fine vita, affrontato senza esprimere giudizi o opinioni. \u00c8 uno squarcio sulle vite di sei personaggi, il cui unico obiettivo \u00e8 quello di aprire a domande, dando la possibilit\u00e0 allo spettatore di potersi mettere nei panni di uno o dell\u2019altro personaggio, di identificarsi in uno o nell\u2019altro carattere, di simpatizzare per una o per l\u2019altra reazione. \u201cCosa farei io se mi ritrovassi in una situazione simile?\u201d \u00e8 una domanda che nella vita spesso viene da porci e alla quale difficilmente si riesce a dare una risposta certa, soprattutto in circostanze cos\u00ec delicate.<\/p>\n<p style=\"text-align: justify;\"><strong>Con il patrocinio di <a href=\"https:\/\/www.aisla.it\" rel=\"noopener\" target=\"_blank\">AISLA<\/a>, Centri Clinici NeMO, <a href=\"https:\/\/www.nazionaleitalianapoeti.it\" rel=\"noopener\" target=\"_blank\">Nazionale poeti<\/a>, <a href=\"https:\/\/calabriamovie.it\" rel=\"noopener\" target=\"_blank\">Calabria Movie<\/a><\/strong> e di <a href=\"https:\/\/www.comune.roma.it\/web\/it\/welcome.page\" rel=\"noopener\" target=\"_blank\"><strong>Roma Capitale<\/strong><\/a>, il progetto teatrale rimanda inequivocabilmente alla bellezza unica e talvolta trascurata della vita. Non vi \u00e8 dunque modo di rispondere alla domanda, ma il messaggio \u00e8 racchiuso nell\u2019essenza della speranza che ne \u00e8 simbolo e costanza.<\/p>\n<p style=\"text-align: justify;\">I biglietti sono disponibili direttamente al Teatro Cometa Off, via Luca della Robbia, 47 angolo Piazza Testaccio.&nbsp; Il costo \u00e8 di: \u20ac15,00, oltre la tessera associativa di \u20ac2,50 del Teatro. Per informazioni e prenotazioni, telefonare al numero 06 57284637, oppure scrivere a <a href=\"mailto:cometa.off@cometa.org\">cometa.off@cometa.org<\/a><\/p>\n<p style=\"text-align: justify; line-height: 1.15;\"><em>Cast<\/em><\/p>\n<p style=\"text-align: justify; line-height: 1.15;\"><em>\u201c<span style=\"font-weight: bold;\">CASO, MAI \u2013 L\u2019imprevedibile virt\u00f9 della dignit\u00e0<\/span>\u201d &nbsp;<\/em><em>di Simone Guarany<\/em><\/p>\n<p style=\"text-align: justify; line-height: 1.15;\"><em>Regia: Simone Guarany e Licia Amendola<\/em><\/p>\n<p style=\"text-align: justify; line-height: 1.15;\"><em>Aiuto Regia: Giulia Bornacin<\/em><\/p>\n<p style=\"text-align: justify; line-height: 1.15;\"><em>Scenografia e fotografia: Fabrizio Piergiovanni<\/em><\/p>\n<p style=\"text-align: justify; line-height: 1.15;\"><em>Costumi: G.d.F. Studio<\/em><\/p>\n<p style=\"text-align: justify; line-height: 1.15;\"><em>Produzione: Calabria Movie<\/em><\/p>\n<p style=\"text-align: justify; line-height: 1.15;\"><em>Musiche originali: Giacomo Vezzani<\/em><\/p>\n<p style=\"text-align: justify; line-height: 1.15;\"><em><img decoding=\"async\" src=\"https:\/\/www.centrocliniconemo.it\/wp-content\/uploads\/2023\/07\/CASOMai_Locandina-Attori.jpg\" alt=\"CASOMai_Locandina-Attori\" width=\"679\" loading=\"lazy\" style=\"width: 679px; margin-left: auto; margin-right: auto; display: block;\"><\/em><\/p>\n","protected":false},"excerpt":{"rendered":"<p>Cosa farei se mi ammalassi fino a perdere l\u2019uso del mio corpo? La risposta diventa uno spettacolo teatrale che cerca di trovare risposte a domande che toccano il significato stesso della nostra esistenza. In anteprima nazionale, il Teatro CometaOff di Roma, ospita \u201cCaso, mai \u2013 l\u2019imprevedibile virt\u00f9 della dignit\u00e0\u201d, in scena dal 24 al 29 maggio.<\/p>\n","protected":false},"author":2,"featured_media":11048,"comment_status":"closed","ping_status":"closed","sticky":false,"template":"","format":"standard","meta":{"pgc_sgb_lightbox_settings":"","footnotes":""},"categories":[17],"tags":[],"class_list":["post-13098","post","type-post","status-publish","format-standard","has-post-thumbnail","hentry","category-iniziative-ed-eventi"],"yoast_head":"<!-- This site is optimized with the Yoast SEO plugin v27.4 - https:\/\/yoast.com\/product\/yoast-seo-wordpress\/ -->\n<title>Caso, Mai \u2013 L\u2019Imprevedibile Virt\u00f9 Della Dignit\u00e0 - Centro Clinico NeMO<\/title>\n<meta name=\"robots\" content=\"index, follow, max-snippet:-1, max-image-preview:large, max-video-preview:-1\" \/>\n<link rel=\"canonical\" href=\"https:\/\/www.centrocliniconemo.it\/en\/blog\/caso-mai\/\" \/>\n<meta property=\"og:locale\" content=\"en_US\" \/>\n<meta property=\"og:type\" content=\"article\" \/>\n<meta property=\"og:title\" content=\"Caso, Mai \u2013 L\u2019Imprevedibile Virt\u00f9 Della Dignit\u00e0 - Centro Clinico NeMO\" \/>\n<meta property=\"og:description\" content=\"Cosa farei se mi ammalassi fino a perdere l\u2019uso del mio corpo? La risposta diventa uno spettacolo teatrale che cerca di trovare risposte a domande che toccano il significato stesso della nostra esistenza. In anteprima nazionale, il Teatro CometaOff di Roma, ospita \u201cCaso, mai \u2013 l\u2019imprevedibile virt\u00f9 della dignit\u00e0\u201d, in scena dal 24 al 29 maggio.\" \/>\n<meta property=\"og:url\" content=\"https:\/\/www.centrocliniconemo.it\/en\/blog\/caso-mai\/\" \/>\n<meta property=\"og:site_name\" content=\"Centro Clinico NeMO\" \/>\n<meta property=\"article:publisher\" content=\"https:\/\/www.facebook.com\/CentroNEMOItalia\" \/>\n<meta property=\"article:published_time\" content=\"2022-05-03T07:05:40+00:00\" \/>\n<meta property=\"article:modified_time\" content=\"2023-07-19T11:32:59+00:00\" \/>\n<meta property=\"og:image\" content=\"https:\/\/www.centrocliniconemo.it\/wp-content\/uploads\/2023\/07\/279701158_8112625195429462_3078878362445055384_n.jpg\" \/>\n\t<meta property=\"og:image:width\" content=\"1920\" \/>\n\t<meta property=\"og:image:height\" content=\"1080\" \/>\n\t<meta property=\"og:image:type\" content=\"image\/jpeg\" \/>\n<meta name=\"author\" content=\"Luca Biondi\" \/>\n<meta name=\"twitter:card\" content=\"summary_large_image\" \/>\n<meta name=\"twitter:creator\" content=\"@CentroNemo\" \/>\n<meta name=\"twitter:site\" content=\"@CentroNemo\" \/>\n<meta name=\"twitter:label1\" content=\"Written by\" \/>\n\t<meta name=\"twitter:data1\" content=\"Luca Biondi\" \/>\n\t<meta name=\"twitter:label2\" content=\"Est. reading time\" \/>\n\t<meta name=\"twitter:data2\" content=\"3 minutes\" \/>\n<script type=\"application\/ld+json\" class=\"yoast-schema-graph\">{\"@context\":\"https:\\\/\\\/schema.org\",\"@graph\":[{\"@type\":\"Article\",\"@id\":\"https:\\\/\\\/www.centrocliniconemo.it\\\/en\\\/blog\\\/caso-mai\\\/#article\",\"isPartOf\":{\"@id\":\"https:\\\/\\\/www.centrocliniconemo.it\\\/en\\\/blog\\\/caso-mai\\\/\"},\"author\":{\"name\":\"Luca Biondi\",\"@id\":\"https:\\\/\\\/www.centrocliniconemo.it\\\/en\\\/#\\\/schema\\\/person\\\/9331a87c0a8ee435c61f5dd498531434\"},\"headline\":\"Caso, Mai \u2013 L\u2019Imprevedibile Virt\u00f9 Della Dignit\u00e0\",\"datePublished\":\"2022-05-03T07:05:40+00:00\",\"dateModified\":\"2023-07-19T11:32:59+00:00\",\"mainEntityOfPage\":{\"@id\":\"https:\\\/\\\/www.centrocliniconemo.it\\\/en\\\/blog\\\/caso-mai\\\/\"},\"wordCount\":547,\"publisher\":{\"@id\":\"https:\\\/\\\/www.centrocliniconemo.it\\\/en\\\/#organization\"},\"image\":{\"@id\":\"https:\\\/\\\/www.centrocliniconemo.it\\\/en\\\/blog\\\/caso-mai\\\/#primaryimage\"},\"thumbnailUrl\":\"https:\\\/\\\/www.centrocliniconemo.it\\\/wp-content\\\/uploads\\\/2023\\\/07\\\/279701158_8112625195429462_3078878362445055384_n.jpg\",\"articleSection\":[\"Iniziative ed eventi\"],\"inLanguage\":\"en-US\"},{\"@type\":\"WebPage\",\"@id\":\"https:\\\/\\\/www.centrocliniconemo.it\\\/en\\\/blog\\\/caso-mai\\\/\",\"url\":\"https:\\\/\\\/www.centrocliniconemo.it\\\/en\\\/blog\\\/caso-mai\\\/\",\"name\":\"Caso, Mai \u2013 L\u2019Imprevedibile Virt\u00f9 Della Dignit\u00e0 - Centro Clinico NeMO\",\"isPartOf\":{\"@id\":\"https:\\\/\\\/www.centrocliniconemo.it\\\/en\\\/#website\"},\"primaryImageOfPage\":{\"@id\":\"https:\\\/\\\/www.centrocliniconemo.it\\\/en\\\/blog\\\/caso-mai\\\/#primaryimage\"},\"image\":{\"@id\":\"https:\\\/\\\/www.centrocliniconemo.it\\\/en\\\/blog\\\/caso-mai\\\/#primaryimage\"},\"thumbnailUrl\":\"https:\\\/\\\/www.centrocliniconemo.it\\\/wp-content\\\/uploads\\\/2023\\\/07\\\/279701158_8112625195429462_3078878362445055384_n.jpg\",\"datePublished\":\"2022-05-03T07:05:40+00:00\",\"dateModified\":\"2023-07-19T11:32:59+00:00\",\"breadcrumb\":{\"@id\":\"https:\\\/\\\/www.centrocliniconemo.it\\\/en\\\/blog\\\/caso-mai\\\/#breadcrumb\"},\"inLanguage\":\"en-US\",\"potentialAction\":[{\"@type\":\"ReadAction\",\"target\":[\"https:\\\/\\\/www.centrocliniconemo.it\\\/en\\\/blog\\\/caso-mai\\\/\"]}]},{\"@type\":\"ImageObject\",\"inLanguage\":\"en-US\",\"@id\":\"https:\\\/\\\/www.centrocliniconemo.it\\\/en\\\/blog\\\/caso-mai\\\/#primaryimage\",\"url\":\"https:\\\/\\\/www.centrocliniconemo.it\\\/wp-content\\\/uploads\\\/2023\\\/07\\\/279701158_8112625195429462_3078878362445055384_n.jpg\",\"contentUrl\":\"https:\\\/\\\/www.centrocliniconemo.it\\\/wp-content\\\/uploads\\\/2023\\\/07\\\/279701158_8112625195429462_3078878362445055384_n.jpg\",\"width\":1920,\"height\":1080},{\"@type\":\"BreadcrumbList\",\"@id\":\"https:\\\/\\\/www.centrocliniconemo.it\\\/en\\\/blog\\\/caso-mai\\\/#breadcrumb\",\"itemListElement\":[{\"@type\":\"ListItem\",\"position\":1,\"name\":\"Home\",\"item\":\"https:\\\/\\\/www.centrocliniconemo.it\\\/en\\\/\"},{\"@type\":\"ListItem\",\"position\":2,\"name\":\"Caso, Mai \u2013 L\u2019Imprevedibile Virt\u00f9 Della Dignit\u00e0\"}]},{\"@type\":\"WebSite\",\"@id\":\"https:\\\/\\\/www.centrocliniconemo.it\\\/en\\\/#website\",\"url\":\"https:\\\/\\\/www.centrocliniconemo.it\\\/en\\\/\",\"name\":\"Centro Clinico NeMO\",\"description\":\"Il paziente al centro\",\"publisher\":{\"@id\":\"https:\\\/\\\/www.centrocliniconemo.it\\\/en\\\/#organization\"},\"potentialAction\":[{\"@type\":\"SearchAction\",\"target\":{\"@type\":\"EntryPoint\",\"urlTemplate\":\"https:\\\/\\\/www.centrocliniconemo.it\\\/en\\\/?s={search_term_string}\"},\"query-input\":{\"@type\":\"PropertyValueSpecification\",\"valueRequired\":true,\"valueName\":\"search_term_string\"}}],\"inLanguage\":\"en-US\"},{\"@type\":\"Organization\",\"@id\":\"https:\\\/\\\/www.centrocliniconemo.it\\\/en\\\/#organization\",\"name\":\"Centro Clinico NeMO - Fondazione Serena Onlus\",\"url\":\"https:\\\/\\\/www.centrocliniconemo.it\\\/en\\\/\",\"logo\":{\"@type\":\"ImageObject\",\"inLanguage\":\"en-US\",\"@id\":\"https:\\\/\\\/www.centrocliniconemo.it\\\/en\\\/#\\\/schema\\\/logo\\\/image\\\/\",\"url\":\"https:\\\/\\\/www.centrocliniconemo.it\\\/wp-content\\\/uploads\\\/2023\\\/03\\\/logo-nemo.svg\",\"contentUrl\":\"https:\\\/\\\/www.centrocliniconemo.it\\\/wp-content\\\/uploads\\\/2023\\\/03\\\/logo-nemo.svg\",\"width\":272,\"height\":109.142,\"caption\":\"Centro Clinico NeMO - Fondazione Serena Onlus\"},\"image\":{\"@id\":\"https:\\\/\\\/www.centrocliniconemo.it\\\/en\\\/#\\\/schema\\\/logo\\\/image\\\/\"},\"sameAs\":[\"https:\\\/\\\/www.facebook.com\\\/CentroNEMOItalia\",\"https:\\\/\\\/x.com\\\/CentroNemo\",\"https:\\\/\\\/www.linkedin.com\\\/company\\\/centrocliniconemo\\\/\",\"https:\\\/\\\/www.instagram.com\\\/centrocliniconemo\\\/\"]},{\"@type\":\"Person\",\"@id\":\"https:\\\/\\\/www.centrocliniconemo.it\\\/en\\\/#\\\/schema\\\/person\\\/9331a87c0a8ee435c61f5dd498531434\",\"name\":\"Luca Biondi\",\"image\":{\"@type\":\"ImageObject\",\"inLanguage\":\"en-US\",\"@id\":\"https:\\\/\\\/secure.gravatar.com\\\/avatar\\\/0488b88829885ebcc9896de947265b69d2979e6dc4666b1e2c3d4fbf8dc73d77?s=96&d=mm&r=g\",\"url\":\"https:\\\/\\\/secure.gravatar.com\\\/avatar\\\/0488b88829885ebcc9896de947265b69d2979e6dc4666b1e2c3d4fbf8dc73d77?s=96&d=mm&r=g\",\"contentUrl\":\"https:\\\/\\\/secure.gravatar.com\\\/avatar\\\/0488b88829885ebcc9896de947265b69d2979e6dc4666b1e2c3d4fbf8dc73d77?s=96&d=mm&r=g\",\"caption\":\"Luca Biondi\"}}]}<\/script>\n<!-- \/ Yoast SEO plugin. -->","yoast_head_json":{"title":"Caso, Mai \u2013 L\u2019Imprevedibile Virt\u00f9 Della Dignit\u00e0 - Centro Clinico NeMO","robots":{"index":"index","follow":"follow","max-snippet":"max-snippet:-1","max-image-preview":"max-image-preview:large","max-video-preview":"max-video-preview:-1"},"canonical":"https:\/\/www.centrocliniconemo.it\/en\/blog\/caso-mai\/","og_locale":"en_US","og_type":"article","og_title":"Caso, Mai \u2013 L\u2019Imprevedibile Virt\u00f9 Della Dignit\u00e0 - Centro Clinico NeMO","og_description":"Cosa farei se mi ammalassi fino a perdere l\u2019uso del mio corpo? La risposta diventa uno spettacolo teatrale che cerca di trovare risposte a domande che toccano il significato stesso della nostra esistenza. In anteprima nazionale, il Teatro CometaOff di Roma, ospita \u201cCaso, mai \u2013 l\u2019imprevedibile virt\u00f9 della dignit\u00e0\u201d, in scena dal 24 al 29 maggio.","og_url":"https:\/\/www.centrocliniconemo.it\/en\/blog\/caso-mai\/","og_site_name":"Centro Clinico NeMO","article_publisher":"https:\/\/www.facebook.com\/CentroNEMOItalia","article_published_time":"2022-05-03T07:05:40+00:00","article_modified_time":"2023-07-19T11:32:59+00:00","og_image":[{"width":1920,"height":1080,"url":"https:\/\/www.centrocliniconemo.it\/wp-content\/uploads\/2023\/07\/279701158_8112625195429462_3078878362445055384_n.jpg","type":"image\/jpeg"}],"author":"Luca Biondi","twitter_card":"summary_large_image","twitter_creator":"@CentroNemo","twitter_site":"@CentroNemo","twitter_misc":{"Written by":"Luca Biondi","Est. reading time":"3 minutes"},"schema":{"@context":"https:\/\/schema.org","@graph":[{"@type":"Article","@id":"https:\/\/www.centrocliniconemo.it\/en\/blog\/caso-mai\/#article","isPartOf":{"@id":"https:\/\/www.centrocliniconemo.it\/en\/blog\/caso-mai\/"},"author":{"name":"Luca Biondi","@id":"https:\/\/www.centrocliniconemo.it\/en\/#\/schema\/person\/9331a87c0a8ee435c61f5dd498531434"},"headline":"Caso, Mai \u2013 L\u2019Imprevedibile Virt\u00f9 Della Dignit\u00e0","datePublished":"2022-05-03T07:05:40+00:00","dateModified":"2023-07-19T11:32:59+00:00","mainEntityOfPage":{"@id":"https:\/\/www.centrocliniconemo.it\/en\/blog\/caso-mai\/"},"wordCount":547,"publisher":{"@id":"https:\/\/www.centrocliniconemo.it\/en\/#organization"},"image":{"@id":"https:\/\/www.centrocliniconemo.it\/en\/blog\/caso-mai\/#primaryimage"},"thumbnailUrl":"https:\/\/www.centrocliniconemo.it\/wp-content\/uploads\/2023\/07\/279701158_8112625195429462_3078878362445055384_n.jpg","articleSection":["Iniziative ed eventi"],"inLanguage":"en-US"},{"@type":"WebPage","@id":"https:\/\/www.centrocliniconemo.it\/en\/blog\/caso-mai\/","url":"https:\/\/www.centrocliniconemo.it\/en\/blog\/caso-mai\/","name":"Caso, Mai \u2013 L\u2019Imprevedibile Virt\u00f9 Della Dignit\u00e0 - Centro Clinico NeMO","isPartOf":{"@id":"https:\/\/www.centrocliniconemo.it\/en\/#website"},"primaryImageOfPage":{"@id":"https:\/\/www.centrocliniconemo.it\/en\/blog\/caso-mai\/#primaryimage"},"image":{"@id":"https:\/\/www.centrocliniconemo.it\/en\/blog\/caso-mai\/#primaryimage"},"thumbnailUrl":"https:\/\/www.centrocliniconemo.it\/wp-content\/uploads\/2023\/07\/279701158_8112625195429462_3078878362445055384_n.jpg","datePublished":"2022-05-03T07:05:40+00:00","dateModified":"2023-07-19T11:32:59+00:00","breadcrumb":{"@id":"https:\/\/www.centrocliniconemo.it\/en\/blog\/caso-mai\/#breadcrumb"},"inLanguage":"en-US","potentialAction":[{"@type":"ReadAction","target":["https:\/\/www.centrocliniconemo.it\/en\/blog\/caso-mai\/"]}]},{"@type":"ImageObject","inLanguage":"en-US","@id":"https:\/\/www.centrocliniconemo.it\/en\/blog\/caso-mai\/#primaryimage","url":"https:\/\/www.centrocliniconemo.it\/wp-content\/uploads\/2023\/07\/279701158_8112625195429462_3078878362445055384_n.jpg","contentUrl":"https:\/\/www.centrocliniconemo.it\/wp-content\/uploads\/2023\/07\/279701158_8112625195429462_3078878362445055384_n.jpg","width":1920,"height":1080},{"@type":"BreadcrumbList","@id":"https:\/\/www.centrocliniconemo.it\/en\/blog\/caso-mai\/#breadcrumb","itemListElement":[{"@type":"ListItem","position":1,"name":"Home","item":"https:\/\/www.centrocliniconemo.it\/en\/"},{"@type":"ListItem","position":2,"name":"Caso, Mai \u2013 L\u2019Imprevedibile Virt\u00f9 Della Dignit\u00e0"}]},{"@type":"WebSite","@id":"https:\/\/www.centrocliniconemo.it\/en\/#website","url":"https:\/\/www.centrocliniconemo.it\/en\/","name":"Centro Clinico NeMO","description":"Il paziente al centro","publisher":{"@id":"https:\/\/www.centrocliniconemo.it\/en\/#organization"},"potentialAction":[{"@type":"SearchAction","target":{"@type":"EntryPoint","urlTemplate":"https:\/\/www.centrocliniconemo.it\/en\/?s={search_term_string}"},"query-input":{"@type":"PropertyValueSpecification","valueRequired":true,"valueName":"search_term_string"}}],"inLanguage":"en-US"},{"@type":"Organization","@id":"https:\/\/www.centrocliniconemo.it\/en\/#organization","name":"Centro Clinico NeMO - Fondazione Serena Onlus","url":"https:\/\/www.centrocliniconemo.it\/en\/","logo":{"@type":"ImageObject","inLanguage":"en-US","@id":"https:\/\/www.centrocliniconemo.it\/en\/#\/schema\/logo\/image\/","url":"https:\/\/www.centrocliniconemo.it\/wp-content\/uploads\/2023\/03\/logo-nemo.svg","contentUrl":"https:\/\/www.centrocliniconemo.it\/wp-content\/uploads\/2023\/03\/logo-nemo.svg","width":272,"height":109.142,"caption":"Centro Clinico NeMO - Fondazione Serena Onlus"},"image":{"@id":"https:\/\/www.centrocliniconemo.it\/en\/#\/schema\/logo\/image\/"},"sameAs":["https:\/\/www.facebook.com\/CentroNEMOItalia","https:\/\/x.com\/CentroNemo","https:\/\/www.linkedin.com\/company\/centrocliniconemo\/","https:\/\/www.instagram.com\/centrocliniconemo\/"]},{"@type":"Person","@id":"https:\/\/www.centrocliniconemo.it\/en\/#\/schema\/person\/9331a87c0a8ee435c61f5dd498531434","name":"Luca Biondi","image":{"@type":"ImageObject","inLanguage":"en-US","@id":"https:\/\/secure.gravatar.com\/avatar\/0488b88829885ebcc9896de947265b69d2979e6dc4666b1e2c3d4fbf8dc73d77?s=96&d=mm&r=g","url":"https:\/\/secure.gravatar.com\/avatar\/0488b88829885ebcc9896de947265b69d2979e6dc4666b1e2c3d4fbf8dc73d77?s=96&d=mm&r=g","contentUrl":"https:\/\/secure.gravatar.com\/avatar\/0488b88829885ebcc9896de947265b69d2979e6dc4666b1e2c3d4fbf8dc73d77?s=96&d=mm&r=g","caption":"Luca Biondi"}}]}},"_links":{"self":[{"href":"https:\/\/www.centrocliniconemo.it\/en\/wp-json\/wp\/v2\/posts\/13098","targetHints":{"allow":["GET"]}}],"collection":[{"href":"https:\/\/www.centrocliniconemo.it\/en\/wp-json\/wp\/v2\/posts"}],"about":[{"href":"https:\/\/www.centrocliniconemo.it\/en\/wp-json\/wp\/v2\/types\/post"}],"author":[{"embeddable":true,"href":"https:\/\/www.centrocliniconemo.it\/en\/wp-json\/wp\/v2\/users\/2"}],"replies":[{"embeddable":true,"href":"https:\/\/www.centrocliniconemo.it\/en\/wp-json\/wp\/v2\/comments?post=13098"}],"version-history":[{"count":0,"href":"https:\/\/www.centrocliniconemo.it\/en\/wp-json\/wp\/v2\/posts\/13098\/revisions"}],"wp:featuredmedia":[{"embeddable":true,"href":"https:\/\/www.centrocliniconemo.it\/en\/wp-json\/wp\/v2\/media\/11048"}],"wp:attachment":[{"href":"https:\/\/www.centrocliniconemo.it\/en\/wp-json\/wp\/v2\/media?parent=13098"}],"wp:term":[{"taxonomy":"category","embeddable":true,"href":"https:\/\/www.centrocliniconemo.it\/en\/wp-json\/wp\/v2\/categories?post=13098"},{"taxonomy":"post_tag","embeddable":true,"href":"https:\/\/www.centrocliniconemo.it\/en\/wp-json\/wp\/v2\/tags?post=13098"}],"curies":[{"name":"wp","href":"https:\/\/api.w.org\/{rel}","templated":true}]}}