{"id":13094,"date":"2022-05-17T13:03:08","date_gmt":"2022-05-17T13:03:08","guid":{"rendered":"https:\/\/www.centrocliniconemo.it\/blog\/la-poesia-del-dono"},"modified":"2022-05-17T13:03:08","modified_gmt":"2022-05-17T13:03:08","slug":"la-poesia-del-dono","status":"publish","type":"post","link":"https:\/\/www.centrocliniconemo.it\/en\/blog\/la-poesia-del-dono\/","title":{"rendered":"La Poesia Del Dono"},"content":{"rendered":"<h3 style=\"text-align: justify;\"><i>Al NeMO Trento diventa poesia la cerimonia di consegna di un sollevatore per la gestione dei pazienti.<span>&nbsp;<\/span><\/i><\/h3>\n<p style=\"text-align: justify;\">\u00c8 la gioia del donare quella che si \u00e8 respirata al <a href=\"https:\/\/centrocliniconemo.it\/sedi\/trento\/\" rel=\"noopener\" target=\"_blank\">Centro Clinico NeMO Trento<\/a> in questi giorni. Ed \u00e8 il racconto di un\u2019amicizia che, quando incontra una malattia come la SLA, diventa opportunit\u00e0 per porsi al servizio degli altri. Perch\u00e9 il desiderio di bene diventa la risposta al dolore, mettendo a disposizione di una comunit\u00e0 talento, creativit\u00e0 e passione.<span>&nbsp;<\/span><\/p>\n<p><!--more--><\/p>\n<p style=\"text-align: justify;\">Ed \u00e8 cos\u00ec che l\u2019arte del Comm. Gennaro Riccio, per tutti \u201cil maresciallo poeta\u201d, si fa servizio non solo per l\u2019amico, che sta affrontando la sfida con la <a href=\"https:\/\/centrocliniconemo.it\/patologie\/sclerosi-laterale-amiotrofica-sla\/\" rel=\"noopener\" target=\"_blank\">Sclerosi Laterale Amiotrofica<\/a>, ma per tutti i pazienti del <a href=\"https:\/\/centrocliniconemo.it\/sedi\/trento\/\" rel=\"noopener\" target=\"_blank\">Centro NeMO Trento<\/a>.<span>&nbsp;<\/span><\/p>\n<p style=\"text-align: justify;\">Gi\u00e0 luogotenente dell\u2019Arma dei Carabinieri dal 1972, il Comm. Riccio si \u00e8 occupato per 20 anni del Nucleo investigativo di Trento, prima come addetto e poi come comandante; ha ricoperto il ruolo di Comando della stazione della citt\u00e0, fino ad essere responsabile del nucleo <a href=\"https:\/\/www.bancaditalia.it\/chi-siamo\/organizzazione\/filiali\/trento\/index.html\" rel=\"noopener\" target=\"_blank\">Carabinieri della Banca d\u2019Italia di Trento<\/a>. Il suo servizio nell\u2019arma si \u00e8 unito alla sua passione per la poesia e la scrittura, che mette da sempre a disposizione della comunit\u00e0.<span>&nbsp;<\/span><\/p>\n<p style=\"text-align: justify;\"><span><\/span>Grazie ai proventi del suo ultimo libro <i>Il canto del Riccio Pungente\u2026 ma straordinariamente elegante<\/i>, il \u201cmaresciallo poeta\u201d, infatti, ha scelto di donare a NeMO un nuovo sollevatore verticalizzante; ausilio preziosissimo per consentire la mobilitazione in sicurezza di ogni paziente in degenza.<\/p>\n<p style=\"text-align: justify;\">Un dono che rende concreto l\u2019impegno solidale di una vita spesa per il bene del territorio trentino. Socio delle sezione di Trento dell\u2019<a href=\"http:\/\/www.unci-cavalieriitalia.org\/wordpress\/\" rel=\"noopener\" target=\"_blank\">UNCI &#8211; Unione Nazionale Cavalieri d\u2019Italia<\/a>, il Comm. Riccio ha consegnato il dono con una cerimonia ufficiale al Centro NeMO, alla presenza del Cav. Pierlorenzo Stella, vicepresidente nazionale; del Cav. <a href=\"https:\/\/www.linkedin.com\/in\/rino-angheben-ba345a83\/\" rel=\"noopener\" target=\"_blank\">Rino Angheben<\/a>, segretario provinciale, del Cav. Vincenzo Fiumara, responsabile delegazione Valsugana e Primiero, del Cav. Pisano Davide, presidente nazionale del collegio dei proibiviri, di Elisa Stella, responsabile donne della sezione <a href=\"http:\/\/www.unci-cavalieriitalia.org\/wordpress\/sezione-di-bolzano\/\" rel=\"noopener\" target=\"_blank\">UNCI di Bolzano<\/a>, insieme a loro Alessandra Coser, delegata di <a href=\"https:\/\/www.aisla.it\/dove-siamo\/trentino-alto-adige\/\" rel=\"noopener\" target=\"_blank\">AISLA, sede Trentino-Alto Adige<\/a>.<span>&nbsp;<\/span><\/p>\n<p style=\"text-align: justify;\"><span>\u201c<i>Di fronte al bene che ogni giorno ci viene dimostrato dalla comunit\u00e0, non possiamo che esserne grati<\/i> &#8211; sono le parole del Dott. Riccardo Zuccarino, Direttore Clinico del Centro NeMO Trento &#8211; <i>Grazie al cuore grande del Comm. Riccio, abbiamo in reparto un sollevatore che ci permette di agire sulla valorizzazione dell\u2019autonomia residua, effettuando i trasferimenti dei pazienti nell\u2019assistenza quotidiana, in modo agevole, confortevole e in sicurezza\u201d<\/i><\/span><\/p>\n<p style=\"text-align: justify;\"><span>Gesti di bene che si rinnovano e che acquistano significato perch\u00e9 parte di una storia di valore che accomuna. La presenza ufficiale di UNCI, da anni ambasciatori di AISLA, ha contribuito anche all\u2019avvio del Centro Clinico NeMO Trento, nel rendere casa gli spazi che ogni giorno sono dediti alla cura e all\u2019assistenza dei pazienti e delle loro famiglie.<\/span><\/p>\n<p style=\"text-align: justify;\">E allora i gesti scanditi dal cerimoniale ufficiale di consegna del dono diventano simboli di quel bene scambiato. Le strette di mano; i sorrisi dietro le mascherine; gli occhi commossi del Comm. Riccio quando dedica una sua poesia al Centro NeMO, cantata sulle note della celebre canzone di \u201co surdato \u2018nnamorato\u201d; gli sguardi orgogliosi dei famigliari; il silenzio rispettoso e grato del &nbsp; &nbsp; &nbsp; &nbsp; &nbsp; &nbsp; &nbsp; dr. Zuccarino, direttore <a href=\"https:\/\/centrocliniconemo.it\/sedi\/trento\/\" rel=\"noopener\" target=\"_blank\">Clinico di NeMO Trento<\/a>, insieme ai suoi operatori; gli applausi che vorrebbero abbracciare e ridurre le distanze. Gesti che raccontano la gioia di essere nella stessa storia, nella quale ciascuno \u00e8 chiamato a fare la sua parte.<span>&nbsp;<\/span><\/p>\n<p style=\"text-align: justify;\">Grazie di cuore al \u201cmaresciallo poeta\u201d che, con la leggerezza della sua anima da artista, ci ha ricordato la poesia del donare, ciascuno nella modalit\u00e0 che \u00e8 chiamato a fare.<\/p>\n","protected":false},"excerpt":{"rendered":"<p>\u00c8 la gioia del donare quella che si \u00e8 respirata al Centro Clinico NeMO Trento in questi giorni. Ed \u00e8 il racconto di un\u2019amicizia che, quando incontra una malattia come la SLA, diventa opportunit\u00e0 per porsi al servizio degli altri. Perch\u00e9 il desiderio di bene diventa la risposta al dolore, mettendo a disposizione di una comunit\u00e0 talento, creativit\u00e0 e passione.<\/p>\n","protected":false},"author":2,"featured_media":11036,"comment_status":"closed","ping_status":"closed","sticky":false,"template":"","format":"standard","meta":{"pgc_sgb_lightbox_settings":"","footnotes":""},"categories":[17,1],"tags":[],"class_list":["post-13094","post","type-post","status-publish","format-standard","has-post-thumbnail","hentry","category-iniziative-ed-eventi","category-storie-di-nemo"],"yoast_head":"<!-- This site is optimized with the Yoast SEO plugin v27.4 - https:\/\/yoast.com\/product\/yoast-seo-wordpress\/ -->\n<title>La Poesia Del Dono - Centro Clinico NeMO<\/title>\n<meta name=\"robots\" content=\"index, follow, max-snippet:-1, max-image-preview:large, max-video-preview:-1\" \/>\n<link rel=\"canonical\" href=\"https:\/\/www.centrocliniconemo.it\/en\/blog\/la-poesia-del-dono\/\" \/>\n<meta property=\"og:locale\" content=\"en_US\" \/>\n<meta property=\"og:type\" content=\"article\" \/>\n<meta property=\"og:title\" content=\"La Poesia Del Dono - Centro Clinico NeMO\" \/>\n<meta property=\"og:description\" content=\"\u00c8 la gioia del donare quella che si \u00e8 respirata al Centro Clinico NeMO Trento in questi giorni. Ed \u00e8 il racconto di un\u2019amicizia che, quando incontra una malattia come la SLA, diventa opportunit\u00e0 per porsi al servizio degli altri. Perch\u00e9 il desiderio di bene diventa la risposta al dolore, mettendo a disposizione di una comunit\u00e0 talento, creativit\u00e0 e passione.\" \/>\n<meta property=\"og:url\" content=\"https:\/\/www.centrocliniconemo.it\/en\/blog\/la-poesia-del-dono\/\" \/>\n<meta property=\"og:site_name\" content=\"Centro Clinico NeMO\" \/>\n<meta property=\"article:publisher\" content=\"https:\/\/www.facebook.com\/CentroNEMOItalia\" \/>\n<meta property=\"article:published_time\" content=\"2022-05-17T13:03:08+00:00\" \/>\n<meta property=\"og:image\" content=\"https:\/\/www.centrocliniconemo.it\/wp-content\/uploads\/2023\/07\/IMG_7422-scaled-1.jpeg\" \/>\n\t<meta property=\"og:image:width\" content=\"2560\" \/>\n\t<meta property=\"og:image:height\" content=\"1920\" \/>\n\t<meta property=\"og:image:type\" content=\"image\/jpeg\" \/>\n<meta name=\"author\" content=\"Luca Biondi\" \/>\n<meta name=\"twitter:card\" content=\"summary_large_image\" \/>\n<meta name=\"twitter:creator\" content=\"@CentroNemo\" \/>\n<meta name=\"twitter:site\" content=\"@CentroNemo\" \/>\n<meta name=\"twitter:label1\" content=\"Written by\" \/>\n\t<meta name=\"twitter:data1\" content=\"Luca Biondi\" \/>\n\t<meta name=\"twitter:label2\" content=\"Est. reading time\" \/>\n\t<meta name=\"twitter:data2\" content=\"3 minutes\" \/>\n<script type=\"application\/ld+json\" class=\"yoast-schema-graph\">{\"@context\":\"https:\\\/\\\/schema.org\",\"@graph\":[{\"@type\":\"Article\",\"@id\":\"https:\\\/\\\/www.centrocliniconemo.it\\\/en\\\/blog\\\/la-poesia-del-dono\\\/#article\",\"isPartOf\":{\"@id\":\"https:\\\/\\\/www.centrocliniconemo.it\\\/en\\\/blog\\\/la-poesia-del-dono\\\/\"},\"author\":{\"name\":\"Luca Biondi\",\"@id\":\"https:\\\/\\\/www.centrocliniconemo.it\\\/en\\\/#\\\/schema\\\/person\\\/9331a87c0a8ee435c61f5dd498531434\"},\"headline\":\"La Poesia Del Dono\",\"datePublished\":\"2022-05-17T13:03:08+00:00\",\"mainEntityOfPage\":{\"@id\":\"https:\\\/\\\/www.centrocliniconemo.it\\\/en\\\/blog\\\/la-poesia-del-dono\\\/\"},\"wordCount\":606,\"publisher\":{\"@id\":\"https:\\\/\\\/www.centrocliniconemo.it\\\/en\\\/#organization\"},\"image\":{\"@id\":\"https:\\\/\\\/www.centrocliniconemo.it\\\/en\\\/blog\\\/la-poesia-del-dono\\\/#primaryimage\"},\"thumbnailUrl\":\"https:\\\/\\\/www.centrocliniconemo.it\\\/wp-content\\\/uploads\\\/2023\\\/07\\\/IMG_7422-scaled-1.jpeg\",\"articleSection\":[\"Iniziative ed eventi\",\"Storie di NeMO\"],\"inLanguage\":\"en-US\"},{\"@type\":\"WebPage\",\"@id\":\"https:\\\/\\\/www.centrocliniconemo.it\\\/en\\\/blog\\\/la-poesia-del-dono\\\/\",\"url\":\"https:\\\/\\\/www.centrocliniconemo.it\\\/en\\\/blog\\\/la-poesia-del-dono\\\/\",\"name\":\"La Poesia Del Dono - Centro Clinico NeMO\",\"isPartOf\":{\"@id\":\"https:\\\/\\\/www.centrocliniconemo.it\\\/en\\\/#website\"},\"primaryImageOfPage\":{\"@id\":\"https:\\\/\\\/www.centrocliniconemo.it\\\/en\\\/blog\\\/la-poesia-del-dono\\\/#primaryimage\"},\"image\":{\"@id\":\"https:\\\/\\\/www.centrocliniconemo.it\\\/en\\\/blog\\\/la-poesia-del-dono\\\/#primaryimage\"},\"thumbnailUrl\":\"https:\\\/\\\/www.centrocliniconemo.it\\\/wp-content\\\/uploads\\\/2023\\\/07\\\/IMG_7422-scaled-1.jpeg\",\"datePublished\":\"2022-05-17T13:03:08+00:00\",\"breadcrumb\":{\"@id\":\"https:\\\/\\\/www.centrocliniconemo.it\\\/en\\\/blog\\\/la-poesia-del-dono\\\/#breadcrumb\"},\"inLanguage\":\"en-US\",\"potentialAction\":[{\"@type\":\"ReadAction\",\"target\":[\"https:\\\/\\\/www.centrocliniconemo.it\\\/en\\\/blog\\\/la-poesia-del-dono\\\/\"]}]},{\"@type\":\"ImageObject\",\"inLanguage\":\"en-US\",\"@id\":\"https:\\\/\\\/www.centrocliniconemo.it\\\/en\\\/blog\\\/la-poesia-del-dono\\\/#primaryimage\",\"url\":\"https:\\\/\\\/www.centrocliniconemo.it\\\/wp-content\\\/uploads\\\/2023\\\/07\\\/IMG_7422-scaled-1.jpeg\",\"contentUrl\":\"https:\\\/\\\/www.centrocliniconemo.it\\\/wp-content\\\/uploads\\\/2023\\\/07\\\/IMG_7422-scaled-1.jpeg\",\"width\":2560,\"height\":1920},{\"@type\":\"BreadcrumbList\",\"@id\":\"https:\\\/\\\/www.centrocliniconemo.it\\\/en\\\/blog\\\/la-poesia-del-dono\\\/#breadcrumb\",\"itemListElement\":[{\"@type\":\"ListItem\",\"position\":1,\"name\":\"Home\",\"item\":\"https:\\\/\\\/www.centrocliniconemo.it\\\/en\\\/\"},{\"@type\":\"ListItem\",\"position\":2,\"name\":\"La Poesia Del Dono\"}]},{\"@type\":\"WebSite\",\"@id\":\"https:\\\/\\\/www.centrocliniconemo.it\\\/en\\\/#website\",\"url\":\"https:\\\/\\\/www.centrocliniconemo.it\\\/en\\\/\",\"name\":\"Centro Clinico NeMO\",\"description\":\"Il paziente al centro\",\"publisher\":{\"@id\":\"https:\\\/\\\/www.centrocliniconemo.it\\\/en\\\/#organization\"},\"potentialAction\":[{\"@type\":\"SearchAction\",\"target\":{\"@type\":\"EntryPoint\",\"urlTemplate\":\"https:\\\/\\\/www.centrocliniconemo.it\\\/en\\\/?s={search_term_string}\"},\"query-input\":{\"@type\":\"PropertyValueSpecification\",\"valueRequired\":true,\"valueName\":\"search_term_string\"}}],\"inLanguage\":\"en-US\"},{\"@type\":\"Organization\",\"@id\":\"https:\\\/\\\/www.centrocliniconemo.it\\\/en\\\/#organization\",\"name\":\"Centro Clinico NeMO - Fondazione Serena Onlus\",\"url\":\"https:\\\/\\\/www.centrocliniconemo.it\\\/en\\\/\",\"logo\":{\"@type\":\"ImageObject\",\"inLanguage\":\"en-US\",\"@id\":\"https:\\\/\\\/www.centrocliniconemo.it\\\/en\\\/#\\\/schema\\\/logo\\\/image\\\/\",\"url\":\"https:\\\/\\\/www.centrocliniconemo.it\\\/wp-content\\\/uploads\\\/2023\\\/03\\\/logo-nemo.svg\",\"contentUrl\":\"https:\\\/\\\/www.centrocliniconemo.it\\\/wp-content\\\/uploads\\\/2023\\\/03\\\/logo-nemo.svg\",\"width\":272,\"height\":109.142,\"caption\":\"Centro Clinico NeMO - Fondazione Serena Onlus\"},\"image\":{\"@id\":\"https:\\\/\\\/www.centrocliniconemo.it\\\/en\\\/#\\\/schema\\\/logo\\\/image\\\/\"},\"sameAs\":[\"https:\\\/\\\/www.facebook.com\\\/CentroNEMOItalia\",\"https:\\\/\\\/x.com\\\/CentroNemo\",\"https:\\\/\\\/www.linkedin.com\\\/company\\\/centrocliniconemo\\\/\",\"https:\\\/\\\/www.instagram.com\\\/centrocliniconemo\\\/\"]},{\"@type\":\"Person\",\"@id\":\"https:\\\/\\\/www.centrocliniconemo.it\\\/en\\\/#\\\/schema\\\/person\\\/9331a87c0a8ee435c61f5dd498531434\",\"name\":\"Luca Biondi\",\"image\":{\"@type\":\"ImageObject\",\"inLanguage\":\"en-US\",\"@id\":\"https:\\\/\\\/secure.gravatar.com\\\/avatar\\\/0488b88829885ebcc9896de947265b69d2979e6dc4666b1e2c3d4fbf8dc73d77?s=96&d=mm&r=g\",\"url\":\"https:\\\/\\\/secure.gravatar.com\\\/avatar\\\/0488b88829885ebcc9896de947265b69d2979e6dc4666b1e2c3d4fbf8dc73d77?s=96&d=mm&r=g\",\"contentUrl\":\"https:\\\/\\\/secure.gravatar.com\\\/avatar\\\/0488b88829885ebcc9896de947265b69d2979e6dc4666b1e2c3d4fbf8dc73d77?s=96&d=mm&r=g\",\"caption\":\"Luca Biondi\"}}]}<\/script>\n<!-- \/ Yoast SEO plugin. -->","yoast_head_json":{"title":"La Poesia Del Dono - Centro Clinico NeMO","robots":{"index":"index","follow":"follow","max-snippet":"max-snippet:-1","max-image-preview":"max-image-preview:large","max-video-preview":"max-video-preview:-1"},"canonical":"https:\/\/www.centrocliniconemo.it\/en\/blog\/la-poesia-del-dono\/","og_locale":"en_US","og_type":"article","og_title":"La Poesia Del Dono - Centro Clinico NeMO","og_description":"\u00c8 la gioia del donare quella che si \u00e8 respirata al Centro Clinico NeMO Trento in questi giorni. Ed \u00e8 il racconto di un\u2019amicizia che, quando incontra una malattia come la SLA, diventa opportunit\u00e0 per porsi al servizio degli altri. Perch\u00e9 il desiderio di bene diventa la risposta al dolore, mettendo a disposizione di una comunit\u00e0 talento, creativit\u00e0 e passione.","og_url":"https:\/\/www.centrocliniconemo.it\/en\/blog\/la-poesia-del-dono\/","og_site_name":"Centro Clinico NeMO","article_publisher":"https:\/\/www.facebook.com\/CentroNEMOItalia","article_published_time":"2022-05-17T13:03:08+00:00","og_image":[{"width":2560,"height":1920,"url":"https:\/\/www.centrocliniconemo.it\/wp-content\/uploads\/2023\/07\/IMG_7422-scaled-1.jpeg","type":"image\/jpeg"}],"author":"Luca Biondi","twitter_card":"summary_large_image","twitter_creator":"@CentroNemo","twitter_site":"@CentroNemo","twitter_misc":{"Written by":"Luca Biondi","Est. reading time":"3 minutes"},"schema":{"@context":"https:\/\/schema.org","@graph":[{"@type":"Article","@id":"https:\/\/www.centrocliniconemo.it\/en\/blog\/la-poesia-del-dono\/#article","isPartOf":{"@id":"https:\/\/www.centrocliniconemo.it\/en\/blog\/la-poesia-del-dono\/"},"author":{"name":"Luca Biondi","@id":"https:\/\/www.centrocliniconemo.it\/en\/#\/schema\/person\/9331a87c0a8ee435c61f5dd498531434"},"headline":"La Poesia Del Dono","datePublished":"2022-05-17T13:03:08+00:00","mainEntityOfPage":{"@id":"https:\/\/www.centrocliniconemo.it\/en\/blog\/la-poesia-del-dono\/"},"wordCount":606,"publisher":{"@id":"https:\/\/www.centrocliniconemo.it\/en\/#organization"},"image":{"@id":"https:\/\/www.centrocliniconemo.it\/en\/blog\/la-poesia-del-dono\/#primaryimage"},"thumbnailUrl":"https:\/\/www.centrocliniconemo.it\/wp-content\/uploads\/2023\/07\/IMG_7422-scaled-1.jpeg","articleSection":["Iniziative ed eventi","Storie di NeMO"],"inLanguage":"en-US"},{"@type":"WebPage","@id":"https:\/\/www.centrocliniconemo.it\/en\/blog\/la-poesia-del-dono\/","url":"https:\/\/www.centrocliniconemo.it\/en\/blog\/la-poesia-del-dono\/","name":"La Poesia Del Dono - Centro Clinico NeMO","isPartOf":{"@id":"https:\/\/www.centrocliniconemo.it\/en\/#website"},"primaryImageOfPage":{"@id":"https:\/\/www.centrocliniconemo.it\/en\/blog\/la-poesia-del-dono\/#primaryimage"},"image":{"@id":"https:\/\/www.centrocliniconemo.it\/en\/blog\/la-poesia-del-dono\/#primaryimage"},"thumbnailUrl":"https:\/\/www.centrocliniconemo.it\/wp-content\/uploads\/2023\/07\/IMG_7422-scaled-1.jpeg","datePublished":"2022-05-17T13:03:08+00:00","breadcrumb":{"@id":"https:\/\/www.centrocliniconemo.it\/en\/blog\/la-poesia-del-dono\/#breadcrumb"},"inLanguage":"en-US","potentialAction":[{"@type":"ReadAction","target":["https:\/\/www.centrocliniconemo.it\/en\/blog\/la-poesia-del-dono\/"]}]},{"@type":"ImageObject","inLanguage":"en-US","@id":"https:\/\/www.centrocliniconemo.it\/en\/blog\/la-poesia-del-dono\/#primaryimage","url":"https:\/\/www.centrocliniconemo.it\/wp-content\/uploads\/2023\/07\/IMG_7422-scaled-1.jpeg","contentUrl":"https:\/\/www.centrocliniconemo.it\/wp-content\/uploads\/2023\/07\/IMG_7422-scaled-1.jpeg","width":2560,"height":1920},{"@type":"BreadcrumbList","@id":"https:\/\/www.centrocliniconemo.it\/en\/blog\/la-poesia-del-dono\/#breadcrumb","itemListElement":[{"@type":"ListItem","position":1,"name":"Home","item":"https:\/\/www.centrocliniconemo.it\/en\/"},{"@type":"ListItem","position":2,"name":"La Poesia Del Dono"}]},{"@type":"WebSite","@id":"https:\/\/www.centrocliniconemo.it\/en\/#website","url":"https:\/\/www.centrocliniconemo.it\/en\/","name":"Centro Clinico NeMO","description":"Il paziente al centro","publisher":{"@id":"https:\/\/www.centrocliniconemo.it\/en\/#organization"},"potentialAction":[{"@type":"SearchAction","target":{"@type":"EntryPoint","urlTemplate":"https:\/\/www.centrocliniconemo.it\/en\/?s={search_term_string}"},"query-input":{"@type":"PropertyValueSpecification","valueRequired":true,"valueName":"search_term_string"}}],"inLanguage":"en-US"},{"@type":"Organization","@id":"https:\/\/www.centrocliniconemo.it\/en\/#organization","name":"Centro Clinico NeMO - Fondazione Serena Onlus","url":"https:\/\/www.centrocliniconemo.it\/en\/","logo":{"@type":"ImageObject","inLanguage":"en-US","@id":"https:\/\/www.centrocliniconemo.it\/en\/#\/schema\/logo\/image\/","url":"https:\/\/www.centrocliniconemo.it\/wp-content\/uploads\/2023\/03\/logo-nemo.svg","contentUrl":"https:\/\/www.centrocliniconemo.it\/wp-content\/uploads\/2023\/03\/logo-nemo.svg","width":272,"height":109.142,"caption":"Centro Clinico NeMO - Fondazione Serena Onlus"},"image":{"@id":"https:\/\/www.centrocliniconemo.it\/en\/#\/schema\/logo\/image\/"},"sameAs":["https:\/\/www.facebook.com\/CentroNEMOItalia","https:\/\/x.com\/CentroNemo","https:\/\/www.linkedin.com\/company\/centrocliniconemo\/","https:\/\/www.instagram.com\/centrocliniconemo\/"]},{"@type":"Person","@id":"https:\/\/www.centrocliniconemo.it\/en\/#\/schema\/person\/9331a87c0a8ee435c61f5dd498531434","name":"Luca Biondi","image":{"@type":"ImageObject","inLanguage":"en-US","@id":"https:\/\/secure.gravatar.com\/avatar\/0488b88829885ebcc9896de947265b69d2979e6dc4666b1e2c3d4fbf8dc73d77?s=96&d=mm&r=g","url":"https:\/\/secure.gravatar.com\/avatar\/0488b88829885ebcc9896de947265b69d2979e6dc4666b1e2c3d4fbf8dc73d77?s=96&d=mm&r=g","contentUrl":"https:\/\/secure.gravatar.com\/avatar\/0488b88829885ebcc9896de947265b69d2979e6dc4666b1e2c3d4fbf8dc73d77?s=96&d=mm&r=g","caption":"Luca Biondi"}}]}},"_links":{"self":[{"href":"https:\/\/www.centrocliniconemo.it\/en\/wp-json\/wp\/v2\/posts\/13094","targetHints":{"allow":["GET"]}}],"collection":[{"href":"https:\/\/www.centrocliniconemo.it\/en\/wp-json\/wp\/v2\/posts"}],"about":[{"href":"https:\/\/www.centrocliniconemo.it\/en\/wp-json\/wp\/v2\/types\/post"}],"author":[{"embeddable":true,"href":"https:\/\/www.centrocliniconemo.it\/en\/wp-json\/wp\/v2\/users\/2"}],"replies":[{"embeddable":true,"href":"https:\/\/www.centrocliniconemo.it\/en\/wp-json\/wp\/v2\/comments?post=13094"}],"version-history":[{"count":0,"href":"https:\/\/www.centrocliniconemo.it\/en\/wp-json\/wp\/v2\/posts\/13094\/revisions"}],"wp:featuredmedia":[{"embeddable":true,"href":"https:\/\/www.centrocliniconemo.it\/en\/wp-json\/wp\/v2\/media\/11036"}],"wp:attachment":[{"href":"https:\/\/www.centrocliniconemo.it\/en\/wp-json\/wp\/v2\/media?parent=13094"}],"wp:term":[{"taxonomy":"category","embeddable":true,"href":"https:\/\/www.centrocliniconemo.it\/en\/wp-json\/wp\/v2\/categories?post=13094"},{"taxonomy":"post_tag","embeddable":true,"href":"https:\/\/www.centrocliniconemo.it\/en\/wp-json\/wp\/v2\/tags?post=13094"}],"curies":[{"name":"wp","href":"https:\/\/api.w.org\/{rel}","templated":true}]}}